{"id":192149,"date":"2026-04-21T15:46:06","date_gmt":"2026-04-21T18:46:06","guid":{"rendered":"https:\/\/gysfm.com.ar\/inicio\/jorge-macri-activo-un-protocolo-ante-las-amenazas-de-tiroteos-escolares\/"},"modified":"2026-04-21T15:46:06","modified_gmt":"2026-04-21T18:46:06","slug":"jorge-macri-activo-un-protocolo-ante-las-amenazas-de-tiroteos-escolares","status":"publish","type":"post","link":"https:\/\/gysfm.com.ar\/inicio\/jorge-macri-activo-un-protocolo-ante-las-amenazas-de-tiroteos-escolares\/","title":{"rendered":"Jorge Macri activ\u00f3 un protocolo ante las amenazas de tiroteos escolares"},"content":{"rendered":"<p><\/p>\n<div id=\"article-content\">\n<p>Ante el aumento de las <a target=\"_blank\" href=\"https:\/\/www.perfil.com\/noticias\/sociedad\/amenazas-o-retos-virales-preocupacion-por-la-ola-de-amenazas-de-tiroteos.phtml\">amenazas por <strong>tiroteos escolares<\/strong><\/a> en diferentes puntos del pa\u00eds, el Gobierno de la Ciudad de Buenos Aires activ\u00f3 un <strong>protocolo <\/strong>para abordar dichos episodios junto a medidas de control y supervisi\u00f3n en las instituciones educativas.<\/p>\n<p>\u00ab<strong>No vamos a naturalizar que las amenazas de violencia alteren la vida y el ritmo escolar. <\/strong>Generar una situaci\u00f3n de miedo o p\u00e1nico es una conducta que tiene consecuencias. <strong>No se trata de una broma pesada, es un delito<\/strong>\u00ab, sostuvo en conferencia de prensa el jefe de Gobierno, <strong>Jorge Macri<\/strong>.<\/p>\n<p class=\"destacadoNota\"><a target=\"_blank\" href=\"https:\/\/www.perfil.com\/noticias\/sociedad\/amenazas-o-retos-virales-preocupacion-por-la-ola-de-amenazas-de-tiroteos.phtml\">Amenazas o retos virales: preocupaci\u00f3n por la ola de amenazas de tiroteos<\/a><\/p>\n<div class=\"subscription\">\n<p>\n        Esto no les gusta a los autoritarios\n    <\/p>\n<div class=\"subscription__container\">\n<div class=\"subscription__text-wrapper\">\n<p>\n                El ejercicio del periodismo profesional y cr\u00edtico es un pilar fundamental de la democracia. Por eso molesta a quienes creen ser los due\u00f1os de la verdad.\n            <\/p>\n<\/p><\/div><\/div>\n<\/div>\n<p>El funcionario porte\u00f1o se\u00f1al\u00f3 que actualmente hay <strong>tres hechos bajo investigaci\u00f3n<\/strong> de la Justicia, dado que derivaron en operativos policiales, por lo que en la Ciudad se defini\u00f3 la activaci\u00f3n de un <strong>Protocolo del Ministerio de Educaci\u00f3n<\/strong> pensado para este tipo de hechos.<\/p>\n<p><a target=\"_blank\" href=\"https:\/\/www.perfil.com\/noticias\/sociedad\/jorge-macri-firmo-un-decreto-los-portenos-tendran-prioridad-en-todos-los-servicios-frente-a-bonaerenses-y-extranjeros.phtml\">Macri<\/a> explic\u00f3 que, ante las alertas, se definieron las \u00ab<strong>l\u00edneas de acci\u00f3n<\/strong> con el Ministerio P\u00fablico Fiscal y el Ministerio P\u00fablico Tutelar, la Polic\u00eda de la Ciudad y el Consejo de Derechos de Ni\u00f1as, Ni\u00f1os y Adolescentes\u00bb y desde la cartera de Educaci\u00f3n porte\u00f1a se activ\u00f3 el <strong>\u00abProtocolo de Actuaci\u00f3n para la protecci\u00f3n y el resguardo ante situaciones de vulneraci\u00f3n de derechos de ni\u00f1as, ni\u00f1os y adolescentes\u00bb<\/strong>, vigente desde el a\u00f1o pasado.<\/p>\n<p>El jefe de Gobierno porte\u00f1o indic\u00f3 que se realizaron las <strong>denuncias<\/strong> correspondientes y busc\u00f3 llevarle tranquilidad a las familias y a la comunidad educativa frente a la oleada de <a target=\"_blank\" href=\"https:\/\/www.perfil.com\/noticias\/cordoba\/juan-pablo-quinteros-las-amenazas-de-tiroteos-no-son-travesuras-son-delitos.phtml\">amenazas de tiroteos escolares<\/a> tanto en escuelas porte\u00f1as como del resto del pa\u00eds.<\/p>\n<p style=\"text-align:center\"><picture><source media=\"(max-width: 440px)\" srcset=\"https:\/\/fotos.perfil.com\/\/2026\/04\/21\/440\/0\/jorge-macri-en-conferencia-de-prensa-2224594.jpg?webp\"\/><source media=\"(max-width: 1019px)\" srcset=\"https:\/\/fotos.perfil.com\/\/2026\/04\/21\/712\/0\/jorge-macri-en-conferencia-de-prensa-2224594.jpg?webp\"\/><img decoding=\"async\" style=\"max-width: 100%; width: 100%;\" alt=\"Jorge Macri en conferencia de prensa\" src=\"https:\/\/fotos.perfil.com\/\/2026\/04\/21\/900\/0\/jorge-macri-en-conferencia-de-prensa-2224594.jpg?webp\" loading=\"lazy\"\/><\/picture><\/p>\n<p>El protocolo activado por la Ciudad establece c\u00f3mo se debe actuar frente a una amenaza y tiene como objetivo principal <strong>resguardar la integridad f\u00edsica y psicosocial de la comunidad educativa<\/strong>, garantizar el cumplimiento de la ley y promover intervenciones institucionales basadas en criterios de protecci\u00f3n y cuidado colectivo.<\/p>\n<p>\u00ab<strong>En tres hechos concretos las amenazas derivaron en operativos policiales<\/strong>, incluso uno fuera de la Ciudad. En todos los casos la Justicia sigue investigando los hechos y la responsabilidad de los alumnos y los padres. Nosotros <strong>intensificamos las medidas de supervisi\u00f3n<\/strong> en todas las escuelas y reforzamos el cuidado de la convivencia\u00bb, sostuvo.<\/p>\n<p>En sus declaraciones, el jefe de Gobierno porte\u00f1o a\u00f1adi\u00f3: \u00abMuchas de estas situaciones nacen en las redes sociales como un espacio de reproducci\u00f3n y difusi\u00f3n. Tendencias virales que convierten la violencia en contenido. <strong>Hay algo que es irremplazable: la conversaci\u00f3n en casa<\/strong>\u00ab.<\/p>\n<p class=\"destacadoNota\"><a target=\"_blank\" href=\"https:\/\/www.perfil.com\/noticias\/policia\/ola-de-amenazas-de-tiroteos-en-escuelas-de-todo-el-pais-investigan-un-posible-reto-viral.phtml\">Ola de amenazas de tiroteos en escuelas de todo el pa\u00eds: investigan un posible reto viral<\/a><\/p>\n<p>Profundizando en la importancia del di\u00e1logo en las familias, ampli\u00f3: \u00ab<strong>Necesitamos volver a hablar, a preguntar, a escuchar y a involucrarnos en lo que a los chicos les est\u00e1 pasando.<\/strong> Tenemos que comprender tambi\u00e9n que el l\u00edmite y el orden no es algo que nos quite libertad, al contrario, nos la devuelve\u00bb.<\/p>\n<p><a target=\"_blank\" href=\"https:\/\/www.perfil.com\/noticias\/economia\/la-ciudad-elimina-los-planes-sociales-y-lanza-un-programa-de-empleo-con-capacitacion-obligatoria-a40.phtml\">Macri<\/a> se\u00f1al\u00f3 que la generaci\u00f3n actual \u00abest\u00e1 expuesta a est\u00edmulos, pantallas, presi\u00f3n por mostrarse y a la l\u00f3gica de la validaci\u00f3n inmediata de las redes\u00bb y advirti\u00f3 que \u00abtodo eso genera inseguridad personal, ansiedad, angustia y una desconexi\u00f3n\u00bb. \u00abEl cuidado de la salud mental y socioemocional es parte de nuestra agenda educativa, y contamos con protocolos espec\u00edficos\u00bb, remarc\u00f3.<\/p>\n<p>\u00ab<strong>La respuesta tiene que ser, al mismo tiempo, seguridad y formaci\u00f3n. Protocolo y acompa\u00f1amiento.<\/strong> Consecuencia y reparaci\u00f3n. Seguridad, porque cada amenaza es un delito y se investiga. Formaci\u00f3n, porque detr\u00e1s de cada chico que escribe &#8216;ma\u00f1ana tiroteo&#8217; hay alguien que no dimensiona lo que hizo. Reparaci\u00f3n, porque las sanciones tienen que tener sentido educativo\u00bb, agreg\u00f3 la ministra de Educaci\u00f3n porte\u00f1a, <strong>Mercedes Miguel<\/strong>.<\/p>\n<p style=\"text-align:center\"><picture><source media=\"(max-width: 440px)\" srcset=\"https:\/\/fotos.perfil.com\/\/2026\/04\/21\/440\/0\/jorge-macri-en-conferencia-de-prensa-2224593.jpg?webp\"\/><source media=\"(max-width: 1019px)\" srcset=\"https:\/\/fotos.perfil.com\/\/2026\/04\/21\/712\/0\/jorge-macri-en-conferencia-de-prensa-2224593.jpg?webp\"\/><img decoding=\"async\" style=\"max-width: 100%; width: 100%;\" alt=\"Jorge Macri en conferencia de prensa\" src=\"https:\/\/fotos.perfil.com\/\/2026\/04\/21\/900\/0\/jorge-macri-en-conferencia-de-prensa-2224593.jpg?webp\" loading=\"lazy\"\/><\/picture><\/p>\n<p>El fiscal general de la Ciudad, <strong>Mart\u00edn L\u00f3pez Zavaleta<\/strong>, tambi\u00e9n estuvo presente en la conferencia de prensa y detall\u00f3: \u00ab<strong>Se ha implementado un esquema de coordinaci\u00f3n inmediata<\/strong> con el Cuerpo de Investigaciones Judiciales, el \u00e1rea de acceso a la Justicia y de Pol\u00edtica Criminal junto con las fiscal\u00edas intervinientes\u00bb.<\/p>\n<p>\u00abLa identificaci\u00f3n y eventual responsabilizaci\u00f3n de los autores de estos hechos <strong>permite avanzar en cada caso concreto y cumple una funci\u00f3n preventiva<\/strong> porque desalienta la reiteraci\u00f3n de estas conductas\u00bb, explic\u00f3.<\/p>\n<p>Para cerrar, el jefe de Gobierno porte\u00f1o expres\u00f3: \u00ab<strong>A toda la comunidad educativa, sepan que estamos para acompa\u00f1arlos. <\/strong>Sabemos que hay angustia en las familias y queremos llevar tranquilidad. Los tres poderes del Estado tenemos el compromiso de cuidar y defender lo m\u00e1s valioso que tiene esta Ciudad: la vida, la seguridad, la integridad y la educaci\u00f3n de nuestros ni\u00f1os, ni\u00f1as y adolescentes\u00bb.<\/p>\n<p>AS.\/fl<\/p>\n<\/p><\/div>\n<p><script>\n                !function(f,b,e,v,n,t,s)\n                {if(f.fbq)return;n=f.fbq=function(){n.callMethod?\n                    n.callMethod.apply(n,arguments):n.queue.push(arguments)};\n                    if(!f._fbq)f._fbq=n;n.push=n;n.loaded=!0;n.version='2.0';\n                    n.queue=[];t=b.createElement(e);t.async=!0;\n                    t.src=v;s=b.getElementsByTagName(e)[0];\n                    s.parentNode.insertBefore(t,s)}(window, document,'script',\n                    'https:\/\/connect.facebook.net\/en_US\/fbevents.js');\n                window.paywallConfig.facebook_pixel=\"1000228364089342\"\n            <\/script><\/p>\n","protected":false},"excerpt":{"rendered":"<p>Ante el aumento de las amenazas por tiroteos escolares en diferentes puntos del pa\u00eds, el Gobierno de la Ciudad de Buenos Aires activ\u00f3 un protocolo para abordar dichos episodios junto a medidas de control y supervisi\u00f3n en las instituciones educativas. \u00abNo vamos a naturalizar que las amenazas de violencia alteren la vida y el ritmo [&hellip;]<\/p>\n","protected":false},"author":2,"featured_media":192150,"comment_status":"closed","ping_status":"closed","sticky":false,"template":"","format":"standard","meta":{"footnotes":""},"categories":[25],"tags":[],"class_list":["post-192149","post","type-post","status-publish","format-standard","has-post-thumbnail","hentry","category-nacionales"],"yoast_head":"<!-- This site is optimized with the Yoast SEO plugin v24.4 - https:\/\/yoast.com\/wordpress\/plugins\/seo\/ -->\n<title>Jorge Macri activ\u00f3 un protocolo ante las amenazas de tiroteos escolares - GYS NOTICIAS |<\/title>\n<meta name=\"robots\" content=\"index, follow, max-snippet:-1, max-image-preview:large, max-video-preview:-1\" \/>\n<link rel=\"canonical\" href=\"https:\/\/gysfm.com.ar\/inicio\/jorge-macri-activo-un-protocolo-ante-las-amenazas-de-tiroteos-escolares\/\" \/>\n<meta property=\"og:locale\" content=\"es_ES\" \/>\n<meta property=\"og:type\" content=\"article\" \/>\n<meta property=\"og:title\" content=\"Jorge Macri activ\u00f3 un protocolo ante las amenazas de tiroteos escolares - GYS NOTICIAS |\" \/>\n<meta property=\"og:description\" content=\"Ante el aumento de las amenazas por tiroteos escolares en diferentes puntos del pa\u00eds, el Gobierno de la Ciudad de Buenos Aires activ\u00f3 un protocolo para abordar dichos episodios junto a medidas de control y supervisi\u00f3n en las instituciones educativas. \u00abNo vamos a naturalizar que las amenazas de violencia alteren la vida y el ritmo [&hellip;]\" \/>\n<meta property=\"og:url\" content=\"https:\/\/gysfm.com.ar\/inicio\/jorge-macri-activo-un-protocolo-ante-las-amenazas-de-tiroteos-escolares\/\" \/>\n<meta property=\"og:site_name\" content=\"GYS NOTICIAS |\" \/>\n<meta property=\"article:published_time\" content=\"2026-04-21T18:46:06+00:00\" \/>\n<meta property=\"og:image\" content=\"https:\/\/fotos.perfil.com\/\/2026\/04\/21\/900\/0\/jorge-macri-en-conferencia-de-prensa-2224594.jpg?webp\" \/>\n<meta name=\"author\" content=\"Prensa G&amp;S FM\" \/>\n<meta name=\"twitter:card\" content=\"summary_large_image\" \/>\n<meta name=\"twitter:label1\" content=\"Escrito por\" \/>\n\t<meta name=\"twitter:data1\" content=\"Prensa G&amp;S FM\" \/>\n\t<meta name=\"twitter:label2\" content=\"Tiempo de lectura\" \/>\n\t<meta name=\"twitter:data2\" content=\"4 minutos\" \/>\n<script type=\"application\/ld+json\" class=\"yoast-schema-graph\">{\"@context\":\"https:\/\/schema.org\",\"@graph\":[{\"@type\":\"Article\",\"@id\":\"https:\/\/gysfm.com.ar\/inicio\/jorge-macri-activo-un-protocolo-ante-las-amenazas-de-tiroteos-escolares\/#article\",\"isPartOf\":{\"@id\":\"https:\/\/gysfm.com.ar\/inicio\/jorge-macri-activo-un-protocolo-ante-las-amenazas-de-tiroteos-escolares\/\"},\"author\":{\"name\":\"Prensa G&amp;S FM\",\"@id\":\"https:\/\/gysfm.com.ar\/inicio\/#\/schema\/person\/3abba7593ef2ad19e1be221d54383dc5\"},\"headline\":\"Jorge Macri activ\u00f3 un protocolo ante las amenazas de tiroteos escolares\",\"datePublished\":\"2026-04-21T18:46:06+00:00\",\"mainEntityOfPage\":{\"@id\":\"https:\/\/gysfm.com.ar\/inicio\/jorge-macri-activo-un-protocolo-ante-las-amenazas-de-tiroteos-escolares\/\"},\"wordCount\":854,\"publisher\":{\"@id\":\"https:\/\/gysfm.com.ar\/inicio\/#organization\"},\"image\":{\"@id\":\"https:\/\/gysfm.com.ar\/inicio\/jorge-macri-activo-un-protocolo-ante-las-amenazas-de-tiroteos-escolares\/#primaryimage\"},\"thumbnailUrl\":\"https:\/\/gysfm.com.ar\/inicio\/wp-content\/uploads\/2026\/04\/jorge-macri-en-conferencia-de-prensa-2224595.jpg\",\"articleSection\":[\"NACIONALES\"],\"inLanguage\":\"es\"},{\"@type\":\"WebPage\",\"@id\":\"https:\/\/gysfm.com.ar\/inicio\/jorge-macri-activo-un-protocolo-ante-las-amenazas-de-tiroteos-escolares\/\",\"url\":\"https:\/\/gysfm.com.ar\/inicio\/jorge-macri-activo-un-protocolo-ante-las-amenazas-de-tiroteos-escolares\/\",\"name\":\"Jorge Macri activ\u00f3 un protocolo ante las amenazas de tiroteos escolares - GYS NOTICIAS |\",\"isPartOf\":{\"@id\":\"https:\/\/gysfm.com.ar\/inicio\/#website\"},\"primaryImageOfPage\":{\"@id\":\"https:\/\/gysfm.com.ar\/inicio\/jorge-macri-activo-un-protocolo-ante-las-amenazas-de-tiroteos-escolares\/#primaryimage\"},\"image\":{\"@id\":\"https:\/\/gysfm.com.ar\/inicio\/jorge-macri-activo-un-protocolo-ante-las-amenazas-de-tiroteos-escolares\/#primaryimage\"},\"thumbnailUrl\":\"https:\/\/gysfm.com.ar\/inicio\/wp-content\/uploads\/2026\/04\/jorge-macri-en-conferencia-de-prensa-2224595.jpg\",\"datePublished\":\"2026-04-21T18:46:06+00:00\",\"breadcrumb\":{\"@id\":\"https:\/\/gysfm.com.ar\/inicio\/jorge-macri-activo-un-protocolo-ante-las-amenazas-de-tiroteos-escolares\/#breadcrumb\"},\"inLanguage\":\"es\",\"potentialAction\":[{\"@type\":\"ReadAction\",\"target\":[\"https:\/\/gysfm.com.ar\/inicio\/jorge-macri-activo-un-protocolo-ante-las-amenazas-de-tiroteos-escolares\/\"]}]},{\"@type\":\"ImageObject\",\"inLanguage\":\"es\",\"@id\":\"https:\/\/gysfm.com.ar\/inicio\/jorge-macri-activo-un-protocolo-ante-las-amenazas-de-tiroteos-escolares\/#primaryimage\",\"url\":\"https:\/\/gysfm.com.ar\/inicio\/wp-content\/uploads\/2026\/04\/jorge-macri-en-conferencia-de-prensa-2224595.jpg\",\"contentUrl\":\"https:\/\/gysfm.com.ar\/inicio\/wp-content\/uploads\/2026\/04\/jorge-macri-en-conferencia-de-prensa-2224595.jpg\",\"width\":1140,\"height\":641},{\"@type\":\"BreadcrumbList\",\"@id\":\"https:\/\/gysfm.com.ar\/inicio\/jorge-macri-activo-un-protocolo-ante-las-amenazas-de-tiroteos-escolares\/#breadcrumb\",\"itemListElement\":[{\"@type\":\"ListItem\",\"position\":1,\"name\":\"Portada\",\"item\":\"https:\/\/gysfm.com.ar\/inicio\/\"},{\"@type\":\"ListItem\",\"position\":2,\"name\":\"Jorge Macri activ\u00f3 un protocolo ante las amenazas de tiroteos escolares\"}]},{\"@type\":\"WebSite\",\"@id\":\"https:\/\/gysfm.com.ar\/inicio\/#website\",\"url\":\"https:\/\/gysfm.com.ar\/inicio\/\",\"name\":\"GYS NOTICIAS |\",\"description\":\"DIARIO - RADIO ONLINE SAN JUAN ARGENTINA\",\"publisher\":{\"@id\":\"https:\/\/gysfm.com.ar\/inicio\/#organization\"},\"potentialAction\":[{\"@type\":\"SearchAction\",\"target\":{\"@type\":\"EntryPoint\",\"urlTemplate\":\"https:\/\/gysfm.com.ar\/inicio\/?s={search_term_string}\"},\"query-input\":{\"@type\":\"PropertyValueSpecification\",\"valueRequired\":true,\"valueName\":\"search_term_string\"}}],\"inLanguage\":\"es\"},{\"@type\":\"Organization\",\"@id\":\"https:\/\/gysfm.com.ar\/inicio\/#organization\",\"name\":\"GYS NOTICIAS |\",\"url\":\"https:\/\/gysfm.com.ar\/inicio\/\",\"logo\":{\"@type\":\"ImageObject\",\"inLanguage\":\"es\",\"@id\":\"https:\/\/gysfm.com.ar\/inicio\/#\/schema\/logo\/image\/\",\"url\":\"https:\/\/gysfm.com.ar\/inicio\/wp-content\/uploads\/2023\/07\/LOGOGYS-OK.png\",\"contentUrl\":\"https:\/\/gysfm.com.ar\/inicio\/wp-content\/uploads\/2023\/07\/LOGOGYS-OK.png\",\"width\":1170,\"height\":872,\"caption\":\"GYS NOTICIAS |\"},\"image\":{\"@id\":\"https:\/\/gysfm.com.ar\/inicio\/#\/schema\/logo\/image\/\"}},{\"@type\":\"Person\",\"@id\":\"https:\/\/gysfm.com.ar\/inicio\/#\/schema\/person\/3abba7593ef2ad19e1be221d54383dc5\",\"name\":\"Prensa G&amp;S FM\",\"image\":{\"@type\":\"ImageObject\",\"inLanguage\":\"es\",\"@id\":\"https:\/\/gysfm.com.ar\/inicio\/#\/schema\/person\/image\/\",\"url\":\"https:\/\/secure.gravatar.com\/avatar\/096ec78df02049ab018702bb4ccedf659377fa92a26540b5247612077a0dbd29?s=96&d=mm&r=g\",\"contentUrl\":\"https:\/\/secure.gravatar.com\/avatar\/096ec78df02049ab018702bb4ccedf659377fa92a26540b5247612077a0dbd29?s=96&d=mm&r=g\",\"caption\":\"Prensa G&amp;S FM\"},\"sameAs\":[\"https:\/\/gysfm.com.ar\/\"],\"url\":\"https:\/\/gysfm.com.ar\/inicio\/author\/lucasm\/\"}]}<\/script>\n<!-- \/ Yoast SEO plugin. -->","yoast_head_json":{"title":"Jorge Macri activ\u00f3 un protocolo ante las amenazas de tiroteos escolares - GYS NOTICIAS |","robots":{"index":"index","follow":"follow","max-snippet":"max-snippet:-1","max-image-preview":"max-image-preview:large","max-video-preview":"max-video-preview:-1"},"canonical":"https:\/\/gysfm.com.ar\/inicio\/jorge-macri-activo-un-protocolo-ante-las-amenazas-de-tiroteos-escolares\/","og_locale":"es_ES","og_type":"article","og_title":"Jorge Macri activ\u00f3 un protocolo ante las amenazas de tiroteos escolares - GYS NOTICIAS |","og_description":"Ante el aumento de las amenazas por tiroteos escolares en diferentes puntos del pa\u00eds, el Gobierno de la Ciudad de Buenos Aires activ\u00f3 un protocolo para abordar dichos episodios junto a medidas de control y supervisi\u00f3n en las instituciones educativas. \u00abNo vamos a naturalizar que las amenazas de violencia alteren la vida y el ritmo [&hellip;]","og_url":"https:\/\/gysfm.com.ar\/inicio\/jorge-macri-activo-un-protocolo-ante-las-amenazas-de-tiroteos-escolares\/","og_site_name":"GYS NOTICIAS |","article_published_time":"2026-04-21T18:46:06+00:00","og_image":[{"url":"https:\/\/fotos.perfil.com\/\/2026\/04\/21\/900\/0\/jorge-macri-en-conferencia-de-prensa-2224594.jpg?webp","type":"","width":"","height":""}],"author":"Prensa G&amp;S FM","twitter_card":"summary_large_image","twitter_misc":{"Escrito por":"Prensa G&amp;S FM","Tiempo de lectura":"4 minutos"},"schema":{"@context":"https:\/\/schema.org","@graph":[{"@type":"Article","@id":"https:\/\/gysfm.com.ar\/inicio\/jorge-macri-activo-un-protocolo-ante-las-amenazas-de-tiroteos-escolares\/#article","isPartOf":{"@id":"https:\/\/gysfm.com.ar\/inicio\/jorge-macri-activo-un-protocolo-ante-las-amenazas-de-tiroteos-escolares\/"},"author":{"name":"Prensa G&amp;S FM","@id":"https:\/\/gysfm.com.ar\/inicio\/#\/schema\/person\/3abba7593ef2ad19e1be221d54383dc5"},"headline":"Jorge Macri activ\u00f3 un protocolo ante las amenazas de tiroteos escolares","datePublished":"2026-04-21T18:46:06+00:00","mainEntityOfPage":{"@id":"https:\/\/gysfm.com.ar\/inicio\/jorge-macri-activo-un-protocolo-ante-las-amenazas-de-tiroteos-escolares\/"},"wordCount":854,"publisher":{"@id":"https:\/\/gysfm.com.ar\/inicio\/#organization"},"image":{"@id":"https:\/\/gysfm.com.ar\/inicio\/jorge-macri-activo-un-protocolo-ante-las-amenazas-de-tiroteos-escolares\/#primaryimage"},"thumbnailUrl":"https:\/\/gysfm.com.ar\/inicio\/wp-content\/uploads\/2026\/04\/jorge-macri-en-conferencia-de-prensa-2224595.jpg","articleSection":["NACIONALES"],"inLanguage":"es"},{"@type":"WebPage","@id":"https:\/\/gysfm.com.ar\/inicio\/jorge-macri-activo-un-protocolo-ante-las-amenazas-de-tiroteos-escolares\/","url":"https:\/\/gysfm.com.ar\/inicio\/jorge-macri-activo-un-protocolo-ante-las-amenazas-de-tiroteos-escolares\/","name":"Jorge Macri activ\u00f3 un protocolo ante las amenazas de tiroteos escolares - GYS NOTICIAS |","isPartOf":{"@id":"https:\/\/gysfm.com.ar\/inicio\/#website"},"primaryImageOfPage":{"@id":"https:\/\/gysfm.com.ar\/inicio\/jorge-macri-activo-un-protocolo-ante-las-amenazas-de-tiroteos-escolares\/#primaryimage"},"image":{"@id":"https:\/\/gysfm.com.ar\/inicio\/jorge-macri-activo-un-protocolo-ante-las-amenazas-de-tiroteos-escolares\/#primaryimage"},"thumbnailUrl":"https:\/\/gysfm.com.ar\/inicio\/wp-content\/uploads\/2026\/04\/jorge-macri-en-conferencia-de-prensa-2224595.jpg","datePublished":"2026-04-21T18:46:06+00:00","breadcrumb":{"@id":"https:\/\/gysfm.com.ar\/inicio\/jorge-macri-activo-un-protocolo-ante-las-amenazas-de-tiroteos-escolares\/#breadcrumb"},"inLanguage":"es","potentialAction":[{"@type":"ReadAction","target":["https:\/\/gysfm.com.ar\/inicio\/jorge-macri-activo-un-protocolo-ante-las-amenazas-de-tiroteos-escolares\/"]}]},{"@type":"ImageObject","inLanguage":"es","@id":"https:\/\/gysfm.com.ar\/inicio\/jorge-macri-activo-un-protocolo-ante-las-amenazas-de-tiroteos-escolares\/#primaryimage","url":"https:\/\/gysfm.com.ar\/inicio\/wp-content\/uploads\/2026\/04\/jorge-macri-en-conferencia-de-prensa-2224595.jpg","contentUrl":"https:\/\/gysfm.com.ar\/inicio\/wp-content\/uploads\/2026\/04\/jorge-macri-en-conferencia-de-prensa-2224595.jpg","width":1140,"height":641},{"@type":"BreadcrumbList","@id":"https:\/\/gysfm.com.ar\/inicio\/jorge-macri-activo-un-protocolo-ante-las-amenazas-de-tiroteos-escolares\/#breadcrumb","itemListElement":[{"@type":"ListItem","position":1,"name":"Portada","item":"https:\/\/gysfm.com.ar\/inicio\/"},{"@type":"ListItem","position":2,"name":"Jorge Macri activ\u00f3 un protocolo ante las amenazas de tiroteos escolares"}]},{"@type":"WebSite","@id":"https:\/\/gysfm.com.ar\/inicio\/#website","url":"https:\/\/gysfm.com.ar\/inicio\/","name":"GYS NOTICIAS |","description":"DIARIO - RADIO ONLINE SAN JUAN ARGENTINA","publisher":{"@id":"https:\/\/gysfm.com.ar\/inicio\/#organization"},"potentialAction":[{"@type":"SearchAction","target":{"@type":"EntryPoint","urlTemplate":"https:\/\/gysfm.com.ar\/inicio\/?s={search_term_string}"},"query-input":{"@type":"PropertyValueSpecification","valueRequired":true,"valueName":"search_term_string"}}],"inLanguage":"es"},{"@type":"Organization","@id":"https:\/\/gysfm.com.ar\/inicio\/#organization","name":"GYS NOTICIAS |","url":"https:\/\/gysfm.com.ar\/inicio\/","logo":{"@type":"ImageObject","inLanguage":"es","@id":"https:\/\/gysfm.com.ar\/inicio\/#\/schema\/logo\/image\/","url":"https:\/\/gysfm.com.ar\/inicio\/wp-content\/uploads\/2023\/07\/LOGOGYS-OK.png","contentUrl":"https:\/\/gysfm.com.ar\/inicio\/wp-content\/uploads\/2023\/07\/LOGOGYS-OK.png","width":1170,"height":872,"caption":"GYS NOTICIAS |"},"image":{"@id":"https:\/\/gysfm.com.ar\/inicio\/#\/schema\/logo\/image\/"}},{"@type":"Person","@id":"https:\/\/gysfm.com.ar\/inicio\/#\/schema\/person\/3abba7593ef2ad19e1be221d54383dc5","name":"Prensa G&amp;S FM","image":{"@type":"ImageObject","inLanguage":"es","@id":"https:\/\/gysfm.com.ar\/inicio\/#\/schema\/person\/image\/","url":"https:\/\/secure.gravatar.com\/avatar\/096ec78df02049ab018702bb4ccedf659377fa92a26540b5247612077a0dbd29?s=96&d=mm&r=g","contentUrl":"https:\/\/secure.gravatar.com\/avatar\/096ec78df02049ab018702bb4ccedf659377fa92a26540b5247612077a0dbd29?s=96&d=mm&r=g","caption":"Prensa G&amp;S FM"},"sameAs":["https:\/\/gysfm.com.ar\/"],"url":"https:\/\/gysfm.com.ar\/inicio\/author\/lucasm\/"}]}},"_links":{"self":[{"href":"https:\/\/gysfm.com.ar\/inicio\/wp-json\/wp\/v2\/posts\/192149","targetHints":{"allow":["GET"]}}],"collection":[{"href":"https:\/\/gysfm.com.ar\/inicio\/wp-json\/wp\/v2\/posts"}],"about":[{"href":"https:\/\/gysfm.com.ar\/inicio\/wp-json\/wp\/v2\/types\/post"}],"author":[{"embeddable":true,"href":"https:\/\/gysfm.com.ar\/inicio\/wp-json\/wp\/v2\/users\/2"}],"replies":[{"embeddable":true,"href":"https:\/\/gysfm.com.ar\/inicio\/wp-json\/wp\/v2\/comments?post=192149"}],"version-history":[{"count":0,"href":"https:\/\/gysfm.com.ar\/inicio\/wp-json\/wp\/v2\/posts\/192149\/revisions"}],"wp:featuredmedia":[{"embeddable":true,"href":"https:\/\/gysfm.com.ar\/inicio\/wp-json\/wp\/v2\/media\/192150"}],"wp:attachment":[{"href":"https:\/\/gysfm.com.ar\/inicio\/wp-json\/wp\/v2\/media?parent=192149"}],"wp:term":[{"taxonomy":"category","embeddable":true,"href":"https:\/\/gysfm.com.ar\/inicio\/wp-json\/wp\/v2\/categories?post=192149"},{"taxonomy":"post_tag","embeddable":true,"href":"https:\/\/gysfm.com.ar\/inicio\/wp-json\/wp\/v2\/tags?post=192149"}],"curies":[{"name":"wp","href":"https:\/\/api.w.org\/{rel}","templated":true}]}}