{"id":192144,"date":"2026-04-21T15:22:18","date_gmt":"2026-04-21T18:22:18","guid":{"rendered":"https:\/\/gysfm.com.ar\/inicio\/conviene-invertir-en-plazo-fijo-uva-el-dato-de-inflacion-que-reavivo-el-interes-por-la-cobertura\/"},"modified":"2026-04-21T15:22:18","modified_gmt":"2026-04-21T18:22:18","slug":"conviene-invertir-en-plazo-fijo-uva-el-dato-de-inflacion-que-reavivo-el-interes-por-la-cobertura","status":"publish","type":"post","link":"https:\/\/gysfm.com.ar\/inicio\/conviene-invertir-en-plazo-fijo-uva-el-dato-de-inflacion-que-reavivo-el-interes-por-la-cobertura\/","title":{"rendered":"\u00bfConviene invertir en plazo fijo UVA? El dato de inflaci\u00f3n que reaviv\u00f3 el inter\u00e9s por la cobertura"},"content":{"rendered":"<p> <br \/>\n<\/p>\n<div id=\"\">\n<p data-start=\"439\" data-end=\"774\">La<strong> aceleraci\u00f3n de la inflaci\u00f3n al 3,4% en marzo<\/strong>, el registro m\u00e1s alto de los \u00faltimos doce meses, volvi\u00f3 a poner en el centro de la escena a los instrumentos que buscan preservar el poder adquisitivo del ahorro. En ese contexto, el plazo fijo UVA comenz\u00f3 a recuperar protagonismo luego de un 2025 marcado por la ca\u00edda en su utilizaci\u00f3n.<\/p>\n<\/div>\n<div id=\"\">\n<p data-start=\"776\" data-end=\"1123\">Durante buena parte del a\u00f1o pasado, los dep\u00f3sitos ajustados por inflaci\u00f3n perdieron terreno frente a alternativas m\u00e1s l\u00edquidas o colocaciones a tasa fija. Sin embargo, el <strong>nuevo repunte inflacionario modific\u00f3 el escenario<\/strong> y reabri\u00f3 una pregunta cl\u00e1sica entre los ahorristas: \u00bfconviene volver al plazo fijo UVA?<\/p>\n<\/div>\n<div id=\"\">\n<h2>Por qu\u00e9 vuelve a mirarse el plazo fijo UVA<\/h2>\n<p data-start=\"1173\" data-end=\"1441\">La principal ventaja del plazo fijo UVA es que el capital invertido se actualiza por inflaci\u00f3n a trav\u00e9s de la Unidad de Valor Adquisitivo (UVA), que sigue la evoluci\u00f3n del Coeficiente de Estabilizaci\u00f3n de Referencia (CER), vinculado al \u00cdndice de Precios al Consumidor.<\/p>\n<\/div>\n<div id=\"\">\n<p data-start=\"1443\" data-end=\"1618\">En t\u00e9rminos pr\u00e1cticos, <strong>esto implica que el dinero depositado mantiene su valor real frente a la suba de precios <\/strong>y, adem\u00e1s, suele sumar una tasa adicional pactada por el banco.<\/p>\n<\/div>\n<div id=\"\">\n<p data-start=\"1620\" data-end=\"1921\">Con una inflaci\u00f3n mensual que volvi\u00f3 a ubicarse por encima de la tasa que pagan muchos plazos fijos tradicionales, el instrumento <strong>ajustable vuelve a presentarse como una de las opciones m\u00e1s eficientes<\/strong> para quienes priorizan cobertura antes que liquidez inmediata.<\/p>\n<\/div>\n<div id=\"\">\n<p data-start=\"1945\" data-end=\"2176\">El a\u00f1o pasado el comportamiento fue distinto. Con una desaceleraci\u00f3n inflacionaria m\u00e1s marcada durante varios meses, las <strong>colocaciones a tasa fija lograron rendimientos competitivos<\/strong> sin exigir inmovilizar fondos por largos per\u00edodos. Eso llev\u00f3 a una fuerte retracci\u00f3n del stock de dep\u00f3sitos UVA. Seg\u00fan datos relevados en valores constantes, el monto promedio mensual pas\u00f3 de $840.500 millones al cierre de 2024 a $698.400 millones en diciembre de 2025.<\/p>\n<p data-start=\"2436\" data-end=\"2668\">En paralelo, los <strong>plazos fijos tradicionales crecieron 10,3% real<\/strong> y los dep\u00f3sitos a la vista remunerados avanzaron 15,5%, reflejando que el mercado privilegi\u00f3 liquidez y disponibilidad inmediata. Los primeros datos de este a\u00f1o muestran un cambio de tendencia. E<strong>n febrero de 2026, el sistema financiero registr\u00f3 $375 mil millones en plazos fijos ajustables por UVA<\/strong>, lo que represent\u00f3 una suba real mensual del 18,7% frente a enero.<\/p>\n<p data-start=\"2944\" data-end=\"3139\">Aunque todav\u00eda se observa una ca\u00edda interanual real del 51,6%, el dato marc\u00f3 una interrupci\u00f3n en la tendencia descendente que hab\u00eda predominado durante 2025. Dentro de ese total, los <strong>plazos fijos UVA tradicionales sumaron $154 mil millones,<\/strong> mientras que los precancelables alcanzaron $221 mil millones.<\/p>\n<p data-start=\"3287\" data-end=\"3522\">La mayor participaci\u00f3n de esta segunda variante muestra que muchos ahorristas buscan cobertura inflacionaria, pero sin resignar completamente la posibilidad de retirar fondos antes del vencimiento.<\/p>\n<figure id=\"8206663-Libre-629568725_wrap\" class=\"embed_cont type_imagen\" contenteditable=\"false\">\n<p>plazo fijo <span onclick=\"parent.parent.TinyMCETdcuerpo.preview_embed('8206663-Libre-629568725')\" class=\"embed_colapse less\" id=\"8206663-Libre-629568725_colapse\"\/>  <span onclick=\"parent.parent.TinyMCETdcuerpo.delete_embed('8206663-Libre-629568725')\" class=\"embed_delete less\" id=\"8206663-Libre-629568725_delete\"\/><\/p>\n<div id=\"8206663-Libre-629568725_content\" class=\"embed_content\"><img decoding=\"async\" src=\"https:\/\/media.ambito.com\/p\/14a14c704c24fd1b1b8bc444fcf5b7cf\/adjuntos\/239\/imagenes\/043\/275\/0043275875\/730x0\/smart\/plazo-fijo.webp\" alt=\"Muchos ahorristas buscan cobertura inflacionaria, pese a resignar tiempo sin disponibilidad\" title=\"Muchos ahorristas buscan cobertura inflacionaria, pese a resignar tiempo sin disponibilidad\" width=\"730\" height=\"410\" id=\"8206663-Libre-629568725_embed\" crossorigin=\"anonymous\" fetchpriority=\"high\" decode=\"async\"\/><\/div><figcaption class=\"embed_wrapper-cont\">\n<div id=\"8206663-Libre-629568725_epigrafe\" class=\"embed_epigrafe\">\n<p>Muchos ahorristas buscan cobertura inflacionaria, pese a resignar tiempo sin disponibilidad<\/p>\n<\/div>\n<\/figcaption><\/figure>\n<h2>La apuesta del Banco Naci\u00f3n<\/h2>\n<p data-start=\"3557\" data-end=\"3706\">En este escenario, Banco Naci\u00f3n lanz\u00f3 una nueva modalidad de plazo fijo UVA orientada a captar dep\u00f3sitos del sector privado. La propuesta permite cobrar intereses mensuales con una tasa anual del 4,5%, mientras que el capital ajustado se paga al vencimiento. A diferencia del esquema tradicional, donde tanto capital como intereses se acreditan al final del plazo, esta opci\u00f3n genera una renta peri\u00f3dica cada 30 d\u00edas.<\/p>\n<p data-start=\"4003\" data-end=\"4132\"><strong>El plazo m\u00ednimo es de 90 d\u00edas y el m\u00e1ximo de 1.095 d\u00edas, con un monto inicial desde $1.500.<\/strong><\/p>\n<h2>\u00bfConviene hoy un plazo fijo UVA?<\/h2>\n<p data-start=\"4154\" data-end=\"4199\">La respuesta depende del perfil del inversor. Para quienes necesitan liquidez inmediata o apuestan a una baja r\u00e1pida de la inflaci\u00f3n, un plazo fijo tradicional puede seguir siendo \u00fatil por simplicidad y disponibilidad. Sin embargo, si la expectativa a corto y mediano plazo es una inflaci\u00f3n persistente, puede ser una buena alternativa para preservar el valor de los pesos.<\/p>\n<p data-start=\"4572\" data-end=\"4716\">Con marzo en 3,4% y se\u00f1ales de persistencia inflacionaria, la <strong>tasa fija tradicional corre riesgo de volver a quedar rezagada en t\u00e9rminos reales.<\/strong><\/p>\n<p data-start=\"4743\" data-end=\"4971\">El principal factor a seguir ser\u00e1 la trayectoria inflacionaria de abril y mayo. Si el \u00edndice se sostiene en niveles cercanos al 3% mensual o superiores, es probable que contin\u00fae la migraci\u00f3n parcial hacia instrumentos indexados. En cambio, si el proceso de desinflaci\u00f3n retoma velocidad, la tasa fija podr\u00eda recuperar atractivo.<\/p>\n<\/div>\n<p><script>\n!function(f,b,e,v,n,t,s)\n{if(f.fbq)return;n=f.fbq=function(){n.callMethod?\nn.callMethod.apply(n,arguments):n.queue.push(arguments)};\nif(!f._fbq)f._fbq=n;n.push=n;n.loaded=!0;n.version='2.0';\nn.queue=[];t=b.createElement(e);t.async=!0;\nt.src=v;s=b.getElementsByTagName(e)[0];\ns.parentNode.insertBefore(t,s)}(window,document,'script',\n'https:\/\/connect.facebook.net\/en_US\/fbevents.js');\nfbq('init', '2047048335588113');\nfbq('track', 'PageView');\n<\/script><br \/>\n<br \/><\/p>\n","protected":false},"excerpt":{"rendered":"<p>La aceleraci\u00f3n de la inflaci\u00f3n al 3,4% en marzo, el registro m\u00e1s alto de los \u00faltimos doce meses, volvi\u00f3 a poner en el centro de la escena a los instrumentos que buscan preservar el poder adquisitivo del ahorro. En ese contexto, el plazo fijo UVA comenz\u00f3 a recuperar protagonismo luego de un 2025 marcado por [&hellip;]<\/p>\n","protected":false},"author":1,"featured_media":156036,"comment_status":"closed","ping_status":"closed","sticky":false,"template":"","format":"standard","meta":{"footnotes":""},"categories":[28],"tags":[],"class_list":["post-192144","post","type-post","status-publish","format-standard","has-post-thumbnail","hentry","category-economia"],"yoast_head":"<!-- This site is optimized with the Yoast SEO plugin v24.4 - https:\/\/yoast.com\/wordpress\/plugins\/seo\/ -->\n<title>\u00bfConviene invertir en plazo fijo UVA? El dato de inflaci\u00f3n que reaviv\u00f3 el inter\u00e9s por la cobertura - GYS NOTICIAS |<\/title>\n<meta name=\"robots\" content=\"index, follow, max-snippet:-1, max-image-preview:large, max-video-preview:-1\" \/>\n<link rel=\"canonical\" href=\"https:\/\/gysfm.com.ar\/inicio\/conviene-invertir-en-plazo-fijo-uva-el-dato-de-inflacion-que-reavivo-el-interes-por-la-cobertura\/\" \/>\n<meta property=\"og:locale\" content=\"es_ES\" \/>\n<meta property=\"og:type\" content=\"article\" \/>\n<meta property=\"og:title\" content=\"\u00bfConviene invertir en plazo fijo UVA? El dato de inflaci\u00f3n que reaviv\u00f3 el inter\u00e9s por la cobertura - GYS NOTICIAS |\" \/>\n<meta property=\"og:description\" content=\"La aceleraci\u00f3n de la inflaci\u00f3n al 3,4% en marzo, el registro m\u00e1s alto de los \u00faltimos doce meses, volvi\u00f3 a poner en el centro de la escena a los instrumentos que buscan preservar el poder adquisitivo del ahorro. En ese contexto, el plazo fijo UVA comenz\u00f3 a recuperar protagonismo luego de un 2025 marcado por [&hellip;]\" \/>\n<meta property=\"og:url\" content=\"https:\/\/gysfm.com.ar\/inicio\/conviene-invertir-en-plazo-fijo-uva-el-dato-de-inflacion-que-reavivo-el-interes-por-la-cobertura\/\" \/>\n<meta property=\"og:site_name\" content=\"GYS NOTICIAS |\" \/>\n<meta property=\"article:published_time\" content=\"2026-04-21T18:22:18+00:00\" \/>\n<meta property=\"og:image\" content=\"https:\/\/media.ambito.com\/p\/14a14c704c24fd1b1b8bc444fcf5b7cf\/adjuntos\/239\/imagenes\/043\/275\/0043275875\/730x0\/smart\/plazo-fijo.webp\" \/>\n<meta name=\"author\" content=\"admin\" \/>\n<meta name=\"twitter:card\" content=\"summary_large_image\" \/>\n<meta name=\"twitter:label1\" content=\"Escrito por\" \/>\n\t<meta name=\"twitter:data1\" content=\"admin\" \/>\n\t<meta name=\"twitter:label2\" content=\"Tiempo de lectura\" \/>\n\t<meta name=\"twitter:data2\" content=\"4 minutos\" \/>\n<script type=\"application\/ld+json\" class=\"yoast-schema-graph\">{\"@context\":\"https:\/\/schema.org\",\"@graph\":[{\"@type\":\"Article\",\"@id\":\"https:\/\/gysfm.com.ar\/inicio\/conviene-invertir-en-plazo-fijo-uva-el-dato-de-inflacion-que-reavivo-el-interes-por-la-cobertura\/#article\",\"isPartOf\":{\"@id\":\"https:\/\/gysfm.com.ar\/inicio\/conviene-invertir-en-plazo-fijo-uva-el-dato-de-inflacion-que-reavivo-el-interes-por-la-cobertura\/\"},\"author\":{\"name\":\"admin\",\"@id\":\"https:\/\/gysfm.com.ar\/inicio\/#\/schema\/person\/5bedd7ecd35cc35548d89effafa23696\"},\"headline\":\"\u00bfConviene invertir en plazo fijo UVA? El dato de inflaci\u00f3n que reaviv\u00f3 el inter\u00e9s por la cobertura\",\"datePublished\":\"2026-04-21T18:22:18+00:00\",\"mainEntityOfPage\":{\"@id\":\"https:\/\/gysfm.com.ar\/inicio\/conviene-invertir-en-plazo-fijo-uva-el-dato-de-inflacion-que-reavivo-el-interes-por-la-cobertura\/\"},\"wordCount\":727,\"publisher\":{\"@id\":\"https:\/\/gysfm.com.ar\/inicio\/#organization\"},\"image\":{\"@id\":\"https:\/\/gysfm.com.ar\/inicio\/conviene-invertir-en-plazo-fijo-uva-el-dato-de-inflacion-que-reavivo-el-interes-por-la-cobertura\/#primaryimage\"},\"thumbnailUrl\":\"https:\/\/gysfm.com.ar\/inicio\/wp-content\/uploads\/2025\/10\/plazo-fijo-inversiones.jpg\",\"articleSection\":[\"ECONOMIA\"],\"inLanguage\":\"es\"},{\"@type\":\"WebPage\",\"@id\":\"https:\/\/gysfm.com.ar\/inicio\/conviene-invertir-en-plazo-fijo-uva-el-dato-de-inflacion-que-reavivo-el-interes-por-la-cobertura\/\",\"url\":\"https:\/\/gysfm.com.ar\/inicio\/conviene-invertir-en-plazo-fijo-uva-el-dato-de-inflacion-que-reavivo-el-interes-por-la-cobertura\/\",\"name\":\"\u00bfConviene invertir en plazo fijo UVA? El dato de inflaci\u00f3n que reaviv\u00f3 el inter\u00e9s por la cobertura - GYS NOTICIAS |\",\"isPartOf\":{\"@id\":\"https:\/\/gysfm.com.ar\/inicio\/#website\"},\"primaryImageOfPage\":{\"@id\":\"https:\/\/gysfm.com.ar\/inicio\/conviene-invertir-en-plazo-fijo-uva-el-dato-de-inflacion-que-reavivo-el-interes-por-la-cobertura\/#primaryimage\"},\"image\":{\"@id\":\"https:\/\/gysfm.com.ar\/inicio\/conviene-invertir-en-plazo-fijo-uva-el-dato-de-inflacion-que-reavivo-el-interes-por-la-cobertura\/#primaryimage\"},\"thumbnailUrl\":\"https:\/\/gysfm.com.ar\/inicio\/wp-content\/uploads\/2025\/10\/plazo-fijo-inversiones.jpg\",\"datePublished\":\"2026-04-21T18:22:18+00:00\",\"breadcrumb\":{\"@id\":\"https:\/\/gysfm.com.ar\/inicio\/conviene-invertir-en-plazo-fijo-uva-el-dato-de-inflacion-que-reavivo-el-interes-por-la-cobertura\/#breadcrumb\"},\"inLanguage\":\"es\",\"potentialAction\":[{\"@type\":\"ReadAction\",\"target\":[\"https:\/\/gysfm.com.ar\/inicio\/conviene-invertir-en-plazo-fijo-uva-el-dato-de-inflacion-que-reavivo-el-interes-por-la-cobertura\/\"]}]},{\"@type\":\"ImageObject\",\"inLanguage\":\"es\",\"@id\":\"https:\/\/gysfm.com.ar\/inicio\/conviene-invertir-en-plazo-fijo-uva-el-dato-de-inflacion-que-reavivo-el-interes-por-la-cobertura\/#primaryimage\",\"url\":\"https:\/\/gysfm.com.ar\/inicio\/wp-content\/uploads\/2025\/10\/plazo-fijo-inversiones.jpg\",\"contentUrl\":\"https:\/\/gysfm.com.ar\/inicio\/wp-content\/uploads\/2025\/10\/plazo-fijo-inversiones.jpg\",\"width\":1200,\"height\":675},{\"@type\":\"BreadcrumbList\",\"@id\":\"https:\/\/gysfm.com.ar\/inicio\/conviene-invertir-en-plazo-fijo-uva-el-dato-de-inflacion-que-reavivo-el-interes-por-la-cobertura\/#breadcrumb\",\"itemListElement\":[{\"@type\":\"ListItem\",\"position\":1,\"name\":\"Portada\",\"item\":\"https:\/\/gysfm.com.ar\/inicio\/\"},{\"@type\":\"ListItem\",\"position\":2,\"name\":\"\u00bfConviene invertir en plazo fijo UVA? El dato de inflaci\u00f3n que reaviv\u00f3 el inter\u00e9s por la cobertura\"}]},{\"@type\":\"WebSite\",\"@id\":\"https:\/\/gysfm.com.ar\/inicio\/#website\",\"url\":\"https:\/\/gysfm.com.ar\/inicio\/\",\"name\":\"GYS NOTICIAS |\",\"description\":\"DIARIO - RADIO ONLINE SAN JUAN ARGENTINA\",\"publisher\":{\"@id\":\"https:\/\/gysfm.com.ar\/inicio\/#organization\"},\"potentialAction\":[{\"@type\":\"SearchAction\",\"target\":{\"@type\":\"EntryPoint\",\"urlTemplate\":\"https:\/\/gysfm.com.ar\/inicio\/?s={search_term_string}\"},\"query-input\":{\"@type\":\"PropertyValueSpecification\",\"valueRequired\":true,\"valueName\":\"search_term_string\"}}],\"inLanguage\":\"es\"},{\"@type\":\"Organization\",\"@id\":\"https:\/\/gysfm.com.ar\/inicio\/#organization\",\"name\":\"GYS NOTICIAS |\",\"url\":\"https:\/\/gysfm.com.ar\/inicio\/\",\"logo\":{\"@type\":\"ImageObject\",\"inLanguage\":\"es\",\"@id\":\"https:\/\/gysfm.com.ar\/inicio\/#\/schema\/logo\/image\/\",\"url\":\"https:\/\/gysfm.com.ar\/inicio\/wp-content\/uploads\/2023\/07\/LOGOGYS-OK.png\",\"contentUrl\":\"https:\/\/gysfm.com.ar\/inicio\/wp-content\/uploads\/2023\/07\/LOGOGYS-OK.png\",\"width\":1170,\"height\":872,\"caption\":\"GYS NOTICIAS |\"},\"image\":{\"@id\":\"https:\/\/gysfm.com.ar\/inicio\/#\/schema\/logo\/image\/\"}},{\"@type\":\"Person\",\"@id\":\"https:\/\/gysfm.com.ar\/inicio\/#\/schema\/person\/5bedd7ecd35cc35548d89effafa23696\",\"name\":\"admin\",\"image\":{\"@type\":\"ImageObject\",\"inLanguage\":\"es\",\"@id\":\"https:\/\/gysfm.com.ar\/inicio\/#\/schema\/person\/image\/\",\"url\":\"https:\/\/secure.gravatar.com\/avatar\/c331d312b5243fb64d5ba28108a447b27c925295129a363082c9ea52c28d32c2?s=96&d=mm&r=g\",\"contentUrl\":\"https:\/\/secure.gravatar.com\/avatar\/c331d312b5243fb64d5ba28108a447b27c925295129a363082c9ea52c28d32c2?s=96&d=mm&r=g\",\"caption\":\"admin\"},\"sameAs\":[\"https:\/\/gysfm.com.ar\/inicio\"],\"url\":\"https:\/\/gysfm.com.ar\/inicio\/author\/admin\/\"}]}<\/script>\n<!-- \/ Yoast SEO plugin. -->","yoast_head_json":{"title":"\u00bfConviene invertir en plazo fijo UVA? El dato de inflaci\u00f3n que reaviv\u00f3 el inter\u00e9s por la cobertura - GYS NOTICIAS |","robots":{"index":"index","follow":"follow","max-snippet":"max-snippet:-1","max-image-preview":"max-image-preview:large","max-video-preview":"max-video-preview:-1"},"canonical":"https:\/\/gysfm.com.ar\/inicio\/conviene-invertir-en-plazo-fijo-uva-el-dato-de-inflacion-que-reavivo-el-interes-por-la-cobertura\/","og_locale":"es_ES","og_type":"article","og_title":"\u00bfConviene invertir en plazo fijo UVA? El dato de inflaci\u00f3n que reaviv\u00f3 el inter\u00e9s por la cobertura - GYS NOTICIAS |","og_description":"La aceleraci\u00f3n de la inflaci\u00f3n al 3,4% en marzo, el registro m\u00e1s alto de los \u00faltimos doce meses, volvi\u00f3 a poner en el centro de la escena a los instrumentos que buscan preservar el poder adquisitivo del ahorro. En ese contexto, el plazo fijo UVA comenz\u00f3 a recuperar protagonismo luego de un 2025 marcado por [&hellip;]","og_url":"https:\/\/gysfm.com.ar\/inicio\/conviene-invertir-en-plazo-fijo-uva-el-dato-de-inflacion-que-reavivo-el-interes-por-la-cobertura\/","og_site_name":"GYS NOTICIAS |","article_published_time":"2026-04-21T18:22:18+00:00","og_image":[{"url":"https:\/\/media.ambito.com\/p\/14a14c704c24fd1b1b8bc444fcf5b7cf\/adjuntos\/239\/imagenes\/043\/275\/0043275875\/730x0\/smart\/plazo-fijo.webp","type":"","width":"","height":""}],"author":"admin","twitter_card":"summary_large_image","twitter_misc":{"Escrito por":"admin","Tiempo de lectura":"4 minutos"},"schema":{"@context":"https:\/\/schema.org","@graph":[{"@type":"Article","@id":"https:\/\/gysfm.com.ar\/inicio\/conviene-invertir-en-plazo-fijo-uva-el-dato-de-inflacion-que-reavivo-el-interes-por-la-cobertura\/#article","isPartOf":{"@id":"https:\/\/gysfm.com.ar\/inicio\/conviene-invertir-en-plazo-fijo-uva-el-dato-de-inflacion-que-reavivo-el-interes-por-la-cobertura\/"},"author":{"name":"admin","@id":"https:\/\/gysfm.com.ar\/inicio\/#\/schema\/person\/5bedd7ecd35cc35548d89effafa23696"},"headline":"\u00bfConviene invertir en plazo fijo UVA? El dato de inflaci\u00f3n que reaviv\u00f3 el inter\u00e9s por la cobertura","datePublished":"2026-04-21T18:22:18+00:00","mainEntityOfPage":{"@id":"https:\/\/gysfm.com.ar\/inicio\/conviene-invertir-en-plazo-fijo-uva-el-dato-de-inflacion-que-reavivo-el-interes-por-la-cobertura\/"},"wordCount":727,"publisher":{"@id":"https:\/\/gysfm.com.ar\/inicio\/#organization"},"image":{"@id":"https:\/\/gysfm.com.ar\/inicio\/conviene-invertir-en-plazo-fijo-uva-el-dato-de-inflacion-que-reavivo-el-interes-por-la-cobertura\/#primaryimage"},"thumbnailUrl":"https:\/\/gysfm.com.ar\/inicio\/wp-content\/uploads\/2025\/10\/plazo-fijo-inversiones.jpg","articleSection":["ECONOMIA"],"inLanguage":"es"},{"@type":"WebPage","@id":"https:\/\/gysfm.com.ar\/inicio\/conviene-invertir-en-plazo-fijo-uva-el-dato-de-inflacion-que-reavivo-el-interes-por-la-cobertura\/","url":"https:\/\/gysfm.com.ar\/inicio\/conviene-invertir-en-plazo-fijo-uva-el-dato-de-inflacion-que-reavivo-el-interes-por-la-cobertura\/","name":"\u00bfConviene invertir en plazo fijo UVA? El dato de inflaci\u00f3n que reaviv\u00f3 el inter\u00e9s por la cobertura - GYS NOTICIAS |","isPartOf":{"@id":"https:\/\/gysfm.com.ar\/inicio\/#website"},"primaryImageOfPage":{"@id":"https:\/\/gysfm.com.ar\/inicio\/conviene-invertir-en-plazo-fijo-uva-el-dato-de-inflacion-que-reavivo-el-interes-por-la-cobertura\/#primaryimage"},"image":{"@id":"https:\/\/gysfm.com.ar\/inicio\/conviene-invertir-en-plazo-fijo-uva-el-dato-de-inflacion-que-reavivo-el-interes-por-la-cobertura\/#primaryimage"},"thumbnailUrl":"https:\/\/gysfm.com.ar\/inicio\/wp-content\/uploads\/2025\/10\/plazo-fijo-inversiones.jpg","datePublished":"2026-04-21T18:22:18+00:00","breadcrumb":{"@id":"https:\/\/gysfm.com.ar\/inicio\/conviene-invertir-en-plazo-fijo-uva-el-dato-de-inflacion-que-reavivo-el-interes-por-la-cobertura\/#breadcrumb"},"inLanguage":"es","potentialAction":[{"@type":"ReadAction","target":["https:\/\/gysfm.com.ar\/inicio\/conviene-invertir-en-plazo-fijo-uva-el-dato-de-inflacion-que-reavivo-el-interes-por-la-cobertura\/"]}]},{"@type":"ImageObject","inLanguage":"es","@id":"https:\/\/gysfm.com.ar\/inicio\/conviene-invertir-en-plazo-fijo-uva-el-dato-de-inflacion-que-reavivo-el-interes-por-la-cobertura\/#primaryimage","url":"https:\/\/gysfm.com.ar\/inicio\/wp-content\/uploads\/2025\/10\/plazo-fijo-inversiones.jpg","contentUrl":"https:\/\/gysfm.com.ar\/inicio\/wp-content\/uploads\/2025\/10\/plazo-fijo-inversiones.jpg","width":1200,"height":675},{"@type":"BreadcrumbList","@id":"https:\/\/gysfm.com.ar\/inicio\/conviene-invertir-en-plazo-fijo-uva-el-dato-de-inflacion-que-reavivo-el-interes-por-la-cobertura\/#breadcrumb","itemListElement":[{"@type":"ListItem","position":1,"name":"Portada","item":"https:\/\/gysfm.com.ar\/inicio\/"},{"@type":"ListItem","position":2,"name":"\u00bfConviene invertir en plazo fijo UVA? El dato de inflaci\u00f3n que reaviv\u00f3 el inter\u00e9s por la cobertura"}]},{"@type":"WebSite","@id":"https:\/\/gysfm.com.ar\/inicio\/#website","url":"https:\/\/gysfm.com.ar\/inicio\/","name":"GYS NOTICIAS |","description":"DIARIO - RADIO ONLINE SAN JUAN ARGENTINA","publisher":{"@id":"https:\/\/gysfm.com.ar\/inicio\/#organization"},"potentialAction":[{"@type":"SearchAction","target":{"@type":"EntryPoint","urlTemplate":"https:\/\/gysfm.com.ar\/inicio\/?s={search_term_string}"},"query-input":{"@type":"PropertyValueSpecification","valueRequired":true,"valueName":"search_term_string"}}],"inLanguage":"es"},{"@type":"Organization","@id":"https:\/\/gysfm.com.ar\/inicio\/#organization","name":"GYS NOTICIAS |","url":"https:\/\/gysfm.com.ar\/inicio\/","logo":{"@type":"ImageObject","inLanguage":"es","@id":"https:\/\/gysfm.com.ar\/inicio\/#\/schema\/logo\/image\/","url":"https:\/\/gysfm.com.ar\/inicio\/wp-content\/uploads\/2023\/07\/LOGOGYS-OK.png","contentUrl":"https:\/\/gysfm.com.ar\/inicio\/wp-content\/uploads\/2023\/07\/LOGOGYS-OK.png","width":1170,"height":872,"caption":"GYS NOTICIAS |"},"image":{"@id":"https:\/\/gysfm.com.ar\/inicio\/#\/schema\/logo\/image\/"}},{"@type":"Person","@id":"https:\/\/gysfm.com.ar\/inicio\/#\/schema\/person\/5bedd7ecd35cc35548d89effafa23696","name":"admin","image":{"@type":"ImageObject","inLanguage":"es","@id":"https:\/\/gysfm.com.ar\/inicio\/#\/schema\/person\/image\/","url":"https:\/\/secure.gravatar.com\/avatar\/c331d312b5243fb64d5ba28108a447b27c925295129a363082c9ea52c28d32c2?s=96&d=mm&r=g","contentUrl":"https:\/\/secure.gravatar.com\/avatar\/c331d312b5243fb64d5ba28108a447b27c925295129a363082c9ea52c28d32c2?s=96&d=mm&r=g","caption":"admin"},"sameAs":["https:\/\/gysfm.com.ar\/inicio"],"url":"https:\/\/gysfm.com.ar\/inicio\/author\/admin\/"}]}},"_links":{"self":[{"href":"https:\/\/gysfm.com.ar\/inicio\/wp-json\/wp\/v2\/posts\/192144","targetHints":{"allow":["GET"]}}],"collection":[{"href":"https:\/\/gysfm.com.ar\/inicio\/wp-json\/wp\/v2\/posts"}],"about":[{"href":"https:\/\/gysfm.com.ar\/inicio\/wp-json\/wp\/v2\/types\/post"}],"author":[{"embeddable":true,"href":"https:\/\/gysfm.com.ar\/inicio\/wp-json\/wp\/v2\/users\/1"}],"replies":[{"embeddable":true,"href":"https:\/\/gysfm.com.ar\/inicio\/wp-json\/wp\/v2\/comments?post=192144"}],"version-history":[{"count":0,"href":"https:\/\/gysfm.com.ar\/inicio\/wp-json\/wp\/v2\/posts\/192144\/revisions"}],"wp:featuredmedia":[{"embeddable":true,"href":"https:\/\/gysfm.com.ar\/inicio\/wp-json\/wp\/v2\/media\/156036"}],"wp:attachment":[{"href":"https:\/\/gysfm.com.ar\/inicio\/wp-json\/wp\/v2\/media?parent=192144"}],"wp:term":[{"taxonomy":"category","embeddable":true,"href":"https:\/\/gysfm.com.ar\/inicio\/wp-json\/wp\/v2\/categories?post=192144"},{"taxonomy":"post_tag","embeddable":true,"href":"https:\/\/gysfm.com.ar\/inicio\/wp-json\/wp\/v2\/tags?post=192144"}],"curies":[{"name":"wp","href":"https:\/\/api.w.org\/{rel}","templated":true}]}}