{"id":192142,"date":"2026-04-21T15:15:04","date_gmt":"2026-04-21T18:15:04","guid":{"rendered":"https:\/\/gysfm.com.ar\/inicio\/a-los-80-anos-murio-luis-puenzo-director-de-la-historia-oficial\/"},"modified":"2026-04-21T15:15:04","modified_gmt":"2026-04-21T18:15:04","slug":"a-los-80-anos-murio-luis-puenzo-director-de-la-historia-oficial","status":"publish","type":"post","link":"https:\/\/gysfm.com.ar\/inicio\/a-los-80-anos-murio-luis-puenzo-director-de-la-historia-oficial\/","title":{"rendered":"A los 80 a\u00f1os, Muri\u00f3 Luis Puenzo, director de La historia oficial"},"content":{"rendered":"<p><\/p>\n<div id=\"article-content\">\n<p>El cine argentino sufri\u00f3 uno de los golpes m\u00e1s duros de su historia reciente. <strong>Luis Puenzo<\/strong>, el legendario director que gan\u00f3 el primer <strong>Premio Oscar<\/strong> para el pa\u00eds con<a target=\"_blank\" href=\"https:\/\/www.perfil.com\/noticias\/espectaculos\/la-historia-oficial-la-tuvimos-que-rodar-en-secreto-20160319-0106.phtml\"> <strong>\u00abLa historia oficial\u00bb<\/strong><\/a>, muri\u00f3 este martes a los 80 a\u00f1os en Buenos Aires. La confirmaci\u00f3n oficial sacudi\u00f3 al mundo del espect\u00e1culo y despidi\u00f3 a un realizador que llev\u00f3 la memoria nacional a la cima de Hollywood.<\/p>\n<p>Puenzo inici\u00f3 su destacada carrera profesional en el competitivo mundo de la publicidad durante la convulsionada d\u00e9cada de 1960. Tras fundar su propia productora y dar sus primeros pasos en la pantalla grande en 1973, alcanz\u00f3 la <strong>gloria absoluta a nivel mundial<\/strong> en 1985. Junto a la guionista <strong>A\u00edda Bortnik<\/strong>, escribi\u00f3 una trama valiente y cruda que expuso la apropiaci\u00f3n sistem\u00e1tica de menores durante la \u00faltima dictadura.<\/p>\n<p style=\"text-align:center\"><picture><source media=\"(max-width: 440px)\" srcset=\"https:\/\/fotos.perfil.com\/\/2026\/04\/21\/440\/0\/luis-puenzo-21042026-2224763.jpg?webp\"\/><source media=\"(max-width: 1019px)\" srcset=\"https:\/\/fotos.perfil.com\/\/2026\/04\/21\/712\/0\/luis-puenzo-21042026-2224763.jpg?webp\"\/><img decoding=\"async\" style=\"max-width: 100%; width: 100%;\" alt=\"Luis Puenzo 21042026\" src=\"https:\/\/fotos.perfil.com\/\/2026\/04\/21\/900\/0\/luis-puenzo-21042026-2224763.jpg?webp\" loading=\"lazy\"\/><\/picture><\/p>\n<div class=\"subscription\">\n<p>\n        Esto no les gusta a los autoritarios\n    <\/p>\n<div class=\"subscription__container\">\n<div class=\"subscription__text-wrapper\">\n<p>\n                El ejercicio del periodismo profesional y cr\u00edtico es un pilar fundamental de la democracia. Por eso molesta a quienes creen ser los due\u00f1os de la verdad.\n            <\/p>\n<\/p><\/div><\/div>\n<\/div>\n<p>El 24 de marzo de 1986 coron\u00f3 <a target=\"_blank\" href=\"https:\/\/www.perfil.com\/noticias\/sociedad\/murio-luis-brandoni-la-despedida-de-famosos-artistas-y-politicos-en-redes-sociales.phtml\">su inmenso trabajo <\/a>al levantar la ansiada estatuilla de la Academia en la gala principal de <strong>Hollywood<\/strong>. Al recibir el m\u00e1ximo galard\u00f3n, record\u00f3 ante el mundo entero que exactamente diez a\u00f1os antes la Argentina <strong><a target=\"_blank\" href=\"https:\/\/www.perfil.com\/noticias\/opinion\/dictadura-1976-1983-la-negacion-de-la-constitucion-por-raul-gustavo-ferreyra.phtml\">sufr\u00eda el \u00faltimo golpe militar<\/a>. <\/strong>Esas emotivas palabras expresadas desde el escenario sellaron para siempre el valor hist\u00f3rico, pol\u00edtico y humano de su gran obra maestra.<\/p>\n<p>Su enorme talento detr\u00e1s de c\u00e1mara le abri\u00f3 r\u00e1pidamente las puertas de la industria internacional para comandar producciones de alt\u00edsimo presupuesto. Adapt\u00f3 la novela <strong>\u00abGringo viejo\u00bb<\/strong> dirigiendo a estrellas consagradas como<strong> Jane Fonda <\/strong>y<strong> Gregory Peck<\/strong>, y luego llev\u00f3 al cine<strong> \u00abLa peste\u00bb <\/strong>junto a William Hurt. De esta forma, consolid\u00f3 una s\u00f3lida carrera art\u00edstica que trascendi\u00f3 ampliamente las fronteras de nuestro pa\u00eds.<\/p>\n<p>M\u00e1s all\u00e1 de los sets de filmaci\u00f3n, Puenzo mantuvo una activa participaci\u00f3n pol\u00edtica y ayud\u00f3 a redactar la vital <strong>Ley de Cine<\/strong> en el a\u00f1o 1994. Sin embargo, su posterior paso por la presidencia del <strong><a target=\"_blank\" href=\"https:\/\/www.perfil.com\/noticias\/espectaculos\/actores-y-directores-rechazaron-la-reforma-laboral-y-el-desfinanciamiento-del-incaa.phtml\">INCAA<\/a> <\/strong>entre 2019 y 2022 culmin\u00f3 de manera muy conflictiva y repentina. La Casa Rosada lo apart\u00f3 finalmente de su cargo tras fuertes protestas de trabajadores y actores por la falta de pol\u00edticas de fomento.<\/p>\n<p class=\"destacadoNota\"><a target=\"_blank\" href=\"https:\/\/www.perfil.com\/noticias\/protagonistas\/murio-luis-brandoni-actor-emblema-del-cine-television-y-teatro-argentinos.phtml\">Muri\u00f3 Luis Brandoni, actor emblema del cine, televisi\u00f3n y teatro argentinos<\/a><\/p>\n<h2><strong>Un s\u00edmbolo de la memoria<\/strong><\/h2>\n<p>La asociaci\u00f3n Argentores despidi\u00f3 con profundo pesar al destacado director, productor y socio fundamental para el crecimiento de la instituci\u00f3n. En su texto oficial, las autoridades enviaron sus m\u00e1s sinceras condolencias a todos sus familiares, amigos y colegas del medio. Su sorpresiva partida deja un <a target=\"_blank\" href=\"https:\/\/www.perfil.com\/noticias\/espectaculos\/reforma-laboral-postergan-hasta-2028-la-eliminacion-del-fondo-del-incaa-y-el-sector-audiovisual-sigue-en-alerta-a41.phtml\">vac\u00edo art\u00edstico <\/a>imposible de llenar en la cultura audiovisual de nuestra \u00e9poca.<\/p>\n<p>\u00abLa historia oficial\u00bb logr\u00f3 convertirse en un s\u00edmbolo universal e indiscutido de la inclaudicable lucha por los derechos humanos. El largometraje, protagonizado magistralmente por <strong>Norma Aleandro y H\u00e9ctor Alterio,<\/strong> rompi\u00f3 el silencio de una sociedad muy lastimada. Adem\u00e1s del hist\u00f3rico y recordado Oscar, la pel\u00edcula conquist\u00f3 a los jurados en <strong>Cannes <\/strong>y gan\u00f3 un preciado<strong> Globo de Oro <\/strong>a nivel internacional.<\/p>\n<p>El realizador demostr\u00f3 con creces que el cine argentino pod\u00eda competir en las grandes ligas sin perder su propia identidad. Su obra abri\u00f3 el camino definitivo para todas las futuras generaciones de directores que so\u00f1aban con poder triunfar en el exterior. Luis Puenzo se despidi\u00f3, pero su enorme legado visual, est\u00e9tico y comprometido quedar\u00e1 grabado en las pantallas.<\/p>\n<p>TC<\/p>\n<\/p><\/div>\n<p><script>\n                !function(f,b,e,v,n,t,s)\n                {if(f.fbq)return;n=f.fbq=function(){n.callMethod?\n                    n.callMethod.apply(n,arguments):n.queue.push(arguments)};\n                    if(!f._fbq)f._fbq=n;n.push=n;n.loaded=!0;n.version='2.0';\n                    n.queue=[];t=b.createElement(e);t.async=!0;\n                    t.src=v;s=b.getElementsByTagName(e)[0];\n                    s.parentNode.insertBefore(t,s)}(window, document,'script',\n                    'https:\/\/connect.facebook.net\/en_US\/fbevents.js');\n                window.paywallConfig.facebook_pixel=\"1000228364089342\"\n            <\/script><\/p>\n","protected":false},"excerpt":{"rendered":"<p>El cine argentino sufri\u00f3 uno de los golpes m\u00e1s duros de su historia reciente. Luis Puenzo, el legendario director que gan\u00f3 el primer Premio Oscar para el pa\u00eds con \u00abLa historia oficial\u00bb, muri\u00f3 este martes a los 80 a\u00f1os en Buenos Aires. La confirmaci\u00f3n oficial sacudi\u00f3 al mundo del espect\u00e1culo y despidi\u00f3 a un realizador [&hellip;]<\/p>\n","protected":false},"author":2,"featured_media":192143,"comment_status":"closed","ping_status":"closed","sticky":false,"template":"","format":"standard","meta":{"footnotes":""},"categories":[25],"tags":[],"class_list":["post-192142","post","type-post","status-publish","format-standard","has-post-thumbnail","hentry","category-nacionales"],"yoast_head":"<!-- This site is optimized with the Yoast SEO plugin v24.4 - https:\/\/yoast.com\/wordpress\/plugins\/seo\/ -->\n<title>A los 80 a\u00f1os, Muri\u00f3 Luis Puenzo, director de La historia oficial - GYS NOTICIAS |<\/title>\n<meta name=\"robots\" content=\"index, follow, max-snippet:-1, max-image-preview:large, max-video-preview:-1\" \/>\n<link rel=\"canonical\" href=\"https:\/\/gysfm.com.ar\/inicio\/a-los-80-anos-murio-luis-puenzo-director-de-la-historia-oficial\/\" \/>\n<meta property=\"og:locale\" content=\"es_ES\" \/>\n<meta property=\"og:type\" content=\"article\" \/>\n<meta property=\"og:title\" content=\"A los 80 a\u00f1os, Muri\u00f3 Luis Puenzo, director de La historia oficial - GYS NOTICIAS |\" \/>\n<meta property=\"og:description\" content=\"El cine argentino sufri\u00f3 uno de los golpes m\u00e1s duros de su historia reciente. Luis Puenzo, el legendario director que gan\u00f3 el primer Premio Oscar para el pa\u00eds con \u00abLa historia oficial\u00bb, muri\u00f3 este martes a los 80 a\u00f1os en Buenos Aires. La confirmaci\u00f3n oficial sacudi\u00f3 al mundo del espect\u00e1culo y despidi\u00f3 a un realizador [&hellip;]\" \/>\n<meta property=\"og:url\" content=\"https:\/\/gysfm.com.ar\/inicio\/a-los-80-anos-murio-luis-puenzo-director-de-la-historia-oficial\/\" \/>\n<meta property=\"og:site_name\" content=\"GYS NOTICIAS |\" \/>\n<meta property=\"article:published_time\" content=\"2026-04-21T18:15:04+00:00\" \/>\n<meta property=\"og:image\" content=\"https:\/\/fotos.perfil.com\/\/2026\/04\/21\/900\/0\/luis-puenzo-21042026-2224763.jpg?webp\" \/>\n<meta name=\"author\" content=\"Prensa G&amp;S FM\" \/>\n<meta name=\"twitter:card\" content=\"summary_large_image\" \/>\n<meta name=\"twitter:label1\" content=\"Escrito por\" \/>\n\t<meta name=\"twitter:data1\" content=\"Prensa G&amp;S FM\" \/>\n\t<meta name=\"twitter:label2\" content=\"Tiempo de lectura\" \/>\n\t<meta name=\"twitter:data2\" content=\"3 minutos\" \/>\n<script type=\"application\/ld+json\" class=\"yoast-schema-graph\">{\"@context\":\"https:\/\/schema.org\",\"@graph\":[{\"@type\":\"Article\",\"@id\":\"https:\/\/gysfm.com.ar\/inicio\/a-los-80-anos-murio-luis-puenzo-director-de-la-historia-oficial\/#article\",\"isPartOf\":{\"@id\":\"https:\/\/gysfm.com.ar\/inicio\/a-los-80-anos-murio-luis-puenzo-director-de-la-historia-oficial\/\"},\"author\":{\"name\":\"Prensa G&amp;S FM\",\"@id\":\"https:\/\/gysfm.com.ar\/inicio\/#\/schema\/person\/3abba7593ef2ad19e1be221d54383dc5\"},\"headline\":\"A los 80 a\u00f1os, Muri\u00f3 Luis Puenzo, director de La historia oficial\",\"datePublished\":\"2026-04-21T18:15:04+00:00\",\"mainEntityOfPage\":{\"@id\":\"https:\/\/gysfm.com.ar\/inicio\/a-los-80-anos-murio-luis-puenzo-director-de-la-historia-oficial\/\"},\"wordCount\":606,\"publisher\":{\"@id\":\"https:\/\/gysfm.com.ar\/inicio\/#organization\"},\"image\":{\"@id\":\"https:\/\/gysfm.com.ar\/inicio\/a-los-80-anos-murio-luis-puenzo-director-de-la-historia-oficial\/#primaryimage\"},\"thumbnailUrl\":\"https:\/\/gysfm.com.ar\/inicio\/wp-content\/uploads\/2026\/04\/luis-puenzo-2224712.jpg\",\"articleSection\":[\"NACIONALES\"],\"inLanguage\":\"es\"},{\"@type\":\"WebPage\",\"@id\":\"https:\/\/gysfm.com.ar\/inicio\/a-los-80-anos-murio-luis-puenzo-director-de-la-historia-oficial\/\",\"url\":\"https:\/\/gysfm.com.ar\/inicio\/a-los-80-anos-murio-luis-puenzo-director-de-la-historia-oficial\/\",\"name\":\"A los 80 a\u00f1os, Muri\u00f3 Luis Puenzo, director de La historia oficial - GYS NOTICIAS |\",\"isPartOf\":{\"@id\":\"https:\/\/gysfm.com.ar\/inicio\/#website\"},\"primaryImageOfPage\":{\"@id\":\"https:\/\/gysfm.com.ar\/inicio\/a-los-80-anos-murio-luis-puenzo-director-de-la-historia-oficial\/#primaryimage\"},\"image\":{\"@id\":\"https:\/\/gysfm.com.ar\/inicio\/a-los-80-anos-murio-luis-puenzo-director-de-la-historia-oficial\/#primaryimage\"},\"thumbnailUrl\":\"https:\/\/gysfm.com.ar\/inicio\/wp-content\/uploads\/2026\/04\/luis-puenzo-2224712.jpg\",\"datePublished\":\"2026-04-21T18:15:04+00:00\",\"breadcrumb\":{\"@id\":\"https:\/\/gysfm.com.ar\/inicio\/a-los-80-anos-murio-luis-puenzo-director-de-la-historia-oficial\/#breadcrumb\"},\"inLanguage\":\"es\",\"potentialAction\":[{\"@type\":\"ReadAction\",\"target\":[\"https:\/\/gysfm.com.ar\/inicio\/a-los-80-anos-murio-luis-puenzo-director-de-la-historia-oficial\/\"]}]},{\"@type\":\"ImageObject\",\"inLanguage\":\"es\",\"@id\":\"https:\/\/gysfm.com.ar\/inicio\/a-los-80-anos-murio-luis-puenzo-director-de-la-historia-oficial\/#primaryimage\",\"url\":\"https:\/\/gysfm.com.ar\/inicio\/wp-content\/uploads\/2026\/04\/luis-puenzo-2224712.jpg\",\"contentUrl\":\"https:\/\/gysfm.com.ar\/inicio\/wp-content\/uploads\/2026\/04\/luis-puenzo-2224712.jpg\",\"width\":1140,\"height\":641},{\"@type\":\"BreadcrumbList\",\"@id\":\"https:\/\/gysfm.com.ar\/inicio\/a-los-80-anos-murio-luis-puenzo-director-de-la-historia-oficial\/#breadcrumb\",\"itemListElement\":[{\"@type\":\"ListItem\",\"position\":1,\"name\":\"Portada\",\"item\":\"https:\/\/gysfm.com.ar\/inicio\/\"},{\"@type\":\"ListItem\",\"position\":2,\"name\":\"A los 80 a\u00f1os, Muri\u00f3 Luis Puenzo, director de La historia oficial\"}]},{\"@type\":\"WebSite\",\"@id\":\"https:\/\/gysfm.com.ar\/inicio\/#website\",\"url\":\"https:\/\/gysfm.com.ar\/inicio\/\",\"name\":\"GYS NOTICIAS |\",\"description\":\"DIARIO - RADIO ONLINE SAN JUAN ARGENTINA\",\"publisher\":{\"@id\":\"https:\/\/gysfm.com.ar\/inicio\/#organization\"},\"potentialAction\":[{\"@type\":\"SearchAction\",\"target\":{\"@type\":\"EntryPoint\",\"urlTemplate\":\"https:\/\/gysfm.com.ar\/inicio\/?s={search_term_string}\"},\"query-input\":{\"@type\":\"PropertyValueSpecification\",\"valueRequired\":true,\"valueName\":\"search_term_string\"}}],\"inLanguage\":\"es\"},{\"@type\":\"Organization\",\"@id\":\"https:\/\/gysfm.com.ar\/inicio\/#organization\",\"name\":\"GYS NOTICIAS |\",\"url\":\"https:\/\/gysfm.com.ar\/inicio\/\",\"logo\":{\"@type\":\"ImageObject\",\"inLanguage\":\"es\",\"@id\":\"https:\/\/gysfm.com.ar\/inicio\/#\/schema\/logo\/image\/\",\"url\":\"https:\/\/gysfm.com.ar\/inicio\/wp-content\/uploads\/2023\/07\/LOGOGYS-OK.png\",\"contentUrl\":\"https:\/\/gysfm.com.ar\/inicio\/wp-content\/uploads\/2023\/07\/LOGOGYS-OK.png\",\"width\":1170,\"height\":872,\"caption\":\"GYS NOTICIAS |\"},\"image\":{\"@id\":\"https:\/\/gysfm.com.ar\/inicio\/#\/schema\/logo\/image\/\"}},{\"@type\":\"Person\",\"@id\":\"https:\/\/gysfm.com.ar\/inicio\/#\/schema\/person\/3abba7593ef2ad19e1be221d54383dc5\",\"name\":\"Prensa G&amp;S FM\",\"image\":{\"@type\":\"ImageObject\",\"inLanguage\":\"es\",\"@id\":\"https:\/\/gysfm.com.ar\/inicio\/#\/schema\/person\/image\/\",\"url\":\"https:\/\/secure.gravatar.com\/avatar\/096ec78df02049ab018702bb4ccedf659377fa92a26540b5247612077a0dbd29?s=96&d=mm&r=g\",\"contentUrl\":\"https:\/\/secure.gravatar.com\/avatar\/096ec78df02049ab018702bb4ccedf659377fa92a26540b5247612077a0dbd29?s=96&d=mm&r=g\",\"caption\":\"Prensa G&amp;S FM\"},\"sameAs\":[\"https:\/\/gysfm.com.ar\/\"],\"url\":\"https:\/\/gysfm.com.ar\/inicio\/author\/lucasm\/\"}]}<\/script>\n<!-- \/ Yoast SEO plugin. -->","yoast_head_json":{"title":"A los 80 a\u00f1os, Muri\u00f3 Luis Puenzo, director de La historia oficial - GYS NOTICIAS |","robots":{"index":"index","follow":"follow","max-snippet":"max-snippet:-1","max-image-preview":"max-image-preview:large","max-video-preview":"max-video-preview:-1"},"canonical":"https:\/\/gysfm.com.ar\/inicio\/a-los-80-anos-murio-luis-puenzo-director-de-la-historia-oficial\/","og_locale":"es_ES","og_type":"article","og_title":"A los 80 a\u00f1os, Muri\u00f3 Luis Puenzo, director de La historia oficial - GYS NOTICIAS |","og_description":"El cine argentino sufri\u00f3 uno de los golpes m\u00e1s duros de su historia reciente. Luis Puenzo, el legendario director que gan\u00f3 el primer Premio Oscar para el pa\u00eds con \u00abLa historia oficial\u00bb, muri\u00f3 este martes a los 80 a\u00f1os en Buenos Aires. La confirmaci\u00f3n oficial sacudi\u00f3 al mundo del espect\u00e1culo y despidi\u00f3 a un realizador [&hellip;]","og_url":"https:\/\/gysfm.com.ar\/inicio\/a-los-80-anos-murio-luis-puenzo-director-de-la-historia-oficial\/","og_site_name":"GYS NOTICIAS |","article_published_time":"2026-04-21T18:15:04+00:00","og_image":[{"url":"https:\/\/fotos.perfil.com\/\/2026\/04\/21\/900\/0\/luis-puenzo-21042026-2224763.jpg?webp","type":"","width":"","height":""}],"author":"Prensa G&amp;S FM","twitter_card":"summary_large_image","twitter_misc":{"Escrito por":"Prensa G&amp;S FM","Tiempo de lectura":"3 minutos"},"schema":{"@context":"https:\/\/schema.org","@graph":[{"@type":"Article","@id":"https:\/\/gysfm.com.ar\/inicio\/a-los-80-anos-murio-luis-puenzo-director-de-la-historia-oficial\/#article","isPartOf":{"@id":"https:\/\/gysfm.com.ar\/inicio\/a-los-80-anos-murio-luis-puenzo-director-de-la-historia-oficial\/"},"author":{"name":"Prensa G&amp;S FM","@id":"https:\/\/gysfm.com.ar\/inicio\/#\/schema\/person\/3abba7593ef2ad19e1be221d54383dc5"},"headline":"A los 80 a\u00f1os, Muri\u00f3 Luis Puenzo, director de La historia oficial","datePublished":"2026-04-21T18:15:04+00:00","mainEntityOfPage":{"@id":"https:\/\/gysfm.com.ar\/inicio\/a-los-80-anos-murio-luis-puenzo-director-de-la-historia-oficial\/"},"wordCount":606,"publisher":{"@id":"https:\/\/gysfm.com.ar\/inicio\/#organization"},"image":{"@id":"https:\/\/gysfm.com.ar\/inicio\/a-los-80-anos-murio-luis-puenzo-director-de-la-historia-oficial\/#primaryimage"},"thumbnailUrl":"https:\/\/gysfm.com.ar\/inicio\/wp-content\/uploads\/2026\/04\/luis-puenzo-2224712.jpg","articleSection":["NACIONALES"],"inLanguage":"es"},{"@type":"WebPage","@id":"https:\/\/gysfm.com.ar\/inicio\/a-los-80-anos-murio-luis-puenzo-director-de-la-historia-oficial\/","url":"https:\/\/gysfm.com.ar\/inicio\/a-los-80-anos-murio-luis-puenzo-director-de-la-historia-oficial\/","name":"A los 80 a\u00f1os, Muri\u00f3 Luis Puenzo, director de La historia oficial - GYS NOTICIAS |","isPartOf":{"@id":"https:\/\/gysfm.com.ar\/inicio\/#website"},"primaryImageOfPage":{"@id":"https:\/\/gysfm.com.ar\/inicio\/a-los-80-anos-murio-luis-puenzo-director-de-la-historia-oficial\/#primaryimage"},"image":{"@id":"https:\/\/gysfm.com.ar\/inicio\/a-los-80-anos-murio-luis-puenzo-director-de-la-historia-oficial\/#primaryimage"},"thumbnailUrl":"https:\/\/gysfm.com.ar\/inicio\/wp-content\/uploads\/2026\/04\/luis-puenzo-2224712.jpg","datePublished":"2026-04-21T18:15:04+00:00","breadcrumb":{"@id":"https:\/\/gysfm.com.ar\/inicio\/a-los-80-anos-murio-luis-puenzo-director-de-la-historia-oficial\/#breadcrumb"},"inLanguage":"es","potentialAction":[{"@type":"ReadAction","target":["https:\/\/gysfm.com.ar\/inicio\/a-los-80-anos-murio-luis-puenzo-director-de-la-historia-oficial\/"]}]},{"@type":"ImageObject","inLanguage":"es","@id":"https:\/\/gysfm.com.ar\/inicio\/a-los-80-anos-murio-luis-puenzo-director-de-la-historia-oficial\/#primaryimage","url":"https:\/\/gysfm.com.ar\/inicio\/wp-content\/uploads\/2026\/04\/luis-puenzo-2224712.jpg","contentUrl":"https:\/\/gysfm.com.ar\/inicio\/wp-content\/uploads\/2026\/04\/luis-puenzo-2224712.jpg","width":1140,"height":641},{"@type":"BreadcrumbList","@id":"https:\/\/gysfm.com.ar\/inicio\/a-los-80-anos-murio-luis-puenzo-director-de-la-historia-oficial\/#breadcrumb","itemListElement":[{"@type":"ListItem","position":1,"name":"Portada","item":"https:\/\/gysfm.com.ar\/inicio\/"},{"@type":"ListItem","position":2,"name":"A los 80 a\u00f1os, Muri\u00f3 Luis Puenzo, director de La historia oficial"}]},{"@type":"WebSite","@id":"https:\/\/gysfm.com.ar\/inicio\/#website","url":"https:\/\/gysfm.com.ar\/inicio\/","name":"GYS NOTICIAS |","description":"DIARIO - RADIO ONLINE SAN JUAN ARGENTINA","publisher":{"@id":"https:\/\/gysfm.com.ar\/inicio\/#organization"},"potentialAction":[{"@type":"SearchAction","target":{"@type":"EntryPoint","urlTemplate":"https:\/\/gysfm.com.ar\/inicio\/?s={search_term_string}"},"query-input":{"@type":"PropertyValueSpecification","valueRequired":true,"valueName":"search_term_string"}}],"inLanguage":"es"},{"@type":"Organization","@id":"https:\/\/gysfm.com.ar\/inicio\/#organization","name":"GYS NOTICIAS |","url":"https:\/\/gysfm.com.ar\/inicio\/","logo":{"@type":"ImageObject","inLanguage":"es","@id":"https:\/\/gysfm.com.ar\/inicio\/#\/schema\/logo\/image\/","url":"https:\/\/gysfm.com.ar\/inicio\/wp-content\/uploads\/2023\/07\/LOGOGYS-OK.png","contentUrl":"https:\/\/gysfm.com.ar\/inicio\/wp-content\/uploads\/2023\/07\/LOGOGYS-OK.png","width":1170,"height":872,"caption":"GYS NOTICIAS |"},"image":{"@id":"https:\/\/gysfm.com.ar\/inicio\/#\/schema\/logo\/image\/"}},{"@type":"Person","@id":"https:\/\/gysfm.com.ar\/inicio\/#\/schema\/person\/3abba7593ef2ad19e1be221d54383dc5","name":"Prensa G&amp;S FM","image":{"@type":"ImageObject","inLanguage":"es","@id":"https:\/\/gysfm.com.ar\/inicio\/#\/schema\/person\/image\/","url":"https:\/\/secure.gravatar.com\/avatar\/096ec78df02049ab018702bb4ccedf659377fa92a26540b5247612077a0dbd29?s=96&d=mm&r=g","contentUrl":"https:\/\/secure.gravatar.com\/avatar\/096ec78df02049ab018702bb4ccedf659377fa92a26540b5247612077a0dbd29?s=96&d=mm&r=g","caption":"Prensa G&amp;S FM"},"sameAs":["https:\/\/gysfm.com.ar\/"],"url":"https:\/\/gysfm.com.ar\/inicio\/author\/lucasm\/"}]}},"_links":{"self":[{"href":"https:\/\/gysfm.com.ar\/inicio\/wp-json\/wp\/v2\/posts\/192142","targetHints":{"allow":["GET"]}}],"collection":[{"href":"https:\/\/gysfm.com.ar\/inicio\/wp-json\/wp\/v2\/posts"}],"about":[{"href":"https:\/\/gysfm.com.ar\/inicio\/wp-json\/wp\/v2\/types\/post"}],"author":[{"embeddable":true,"href":"https:\/\/gysfm.com.ar\/inicio\/wp-json\/wp\/v2\/users\/2"}],"replies":[{"embeddable":true,"href":"https:\/\/gysfm.com.ar\/inicio\/wp-json\/wp\/v2\/comments?post=192142"}],"version-history":[{"count":0,"href":"https:\/\/gysfm.com.ar\/inicio\/wp-json\/wp\/v2\/posts\/192142\/revisions"}],"wp:featuredmedia":[{"embeddable":true,"href":"https:\/\/gysfm.com.ar\/inicio\/wp-json\/wp\/v2\/media\/192143"}],"wp:attachment":[{"href":"https:\/\/gysfm.com.ar\/inicio\/wp-json\/wp\/v2\/media?parent=192142"}],"wp:term":[{"taxonomy":"category","embeddable":true,"href":"https:\/\/gysfm.com.ar\/inicio\/wp-json\/wp\/v2\/categories?post=192142"},{"taxonomy":"post_tag","embeddable":true,"href":"https:\/\/gysfm.com.ar\/inicio\/wp-json\/wp\/v2\/tags?post=192142"}],"curies":[{"name":"wp","href":"https:\/\/api.w.org\/{rel}","templated":true}]}}