{"id":192139,"date":"2026-04-21T14:26:40","date_gmt":"2026-04-21T17:26:40","guid":{"rendered":"https:\/\/gysfm.com.ar\/inicio\/tim-cook-deja-de-ser-el-ceo-de-apple-y-anuncian-a-ternus-como-su-sucesor\/"},"modified":"2026-04-21T14:26:41","modified_gmt":"2026-04-21T17:26:41","slug":"tim-cook-deja-de-ser-el-ceo-de-apple-y-anuncian-a-ternus-como-su-sucesor","status":"publish","type":"post","link":"https:\/\/gysfm.com.ar\/inicio\/tim-cook-deja-de-ser-el-ceo-de-apple-y-anuncian-a-ternus-como-su-sucesor\/","title":{"rendered":"Tim Cook deja de ser el CEO de Apple y anuncian a Ternus como su sucesor"},"content":{"rendered":"<p><\/p>\n<div>\n<p class=\"com-paragraph  --capital --s\">Apple anunci\u00f3 un cambio hist\u00f3rico en su c\u00fapula: <strong>Tim Cook dejar\u00e1 su cargo al frente de la compa\u00f1\u00eda y ser\u00e1 reemplazado por John Ternus, <\/strong>que asumir\u00e1 como nuevo CEO a partir del 1 de septiembre de 2026.<\/p>\n<p class=\"com-paragraph   --s\">En Apple destacaron que Cook continuar\u00e1 liderando la compa\u00f1\u00eda en los pr\u00f3ximos meses para garantizar una transici\u00f3n ordenada, trabajando de forma estrecha con Ternus antes de asumir su nuevo rol. \u201cDesde la presidencia ejecutiva, <strong>mantendr\u00e1 un papel estrat\u00e9gico, <\/strong>especialmente en la relaci\u00f3n con gobiernos y actores globales\u201d, indicaron.<\/p>\n<p class=\"com-paragraph   --s\">El relevo<strong> marca el cierre de una etapa iniciada en 2011,<\/strong> cuando Cook tom\u00f3 las riendas de Apple<strong> tras la salida de Steve Jobs. <\/strong>Durante su gesti\u00f3n, la empresa no solo consolid\u00f3 su posici\u00f3n como una de las m\u00e1s poderosas del mundo, sino que ampli\u00f3 su ecosistema de productos y servicios y profundiz\u00f3 su expansi\u00f3n internacional.<\/p>\n<p class=\"com-paragraph   --s\"><strong>Ternus, actual vicepresidente <\/strong><em><strong>senior <\/strong><\/em><strong>de Ingenier\u00eda de Hardware, cuenta con m\u00e1s de 25 a\u00f1os dentro de Apple. <\/strong>Su trayectoria est\u00e1 marcada por su participaci\u00f3n en el desarrollo de algunos de los dispositivos m\u00e1s relevantes de la compa\u00f1\u00eda, como el iPhone y el iPad, lo que lo posiciona como una figura clave en la intersecci\u00f3n entre ingenier\u00eda y dise\u00f1o.<\/p>\n<p class=\"com-paragraph   --s\">En el anuncio oficial,<strong> Cook destac\u00f3 la visi\u00f3n y el liderazgo de su sucesor, <\/strong>as\u00ed como su profundo conocimiento t\u00e9cnico. \u201cJohn Ternus tiene la mente de un ingeniero, el alma de un innovador y el coraz\u00f3n para liderar con integridad y honor. Es un visionario cuyas contribuciones a Apple durante 25 a\u00f1os ya son demasiado numerosas para contarlas y, sin duda, <strong>es la persona indicada para llevar a Apple hacia el futuro.<\/strong> No podr\u00eda estar m\u00e1s confiado en sus capacidades y en su car\u00e1cter, y espero trabajar estrechamente con \u00e9l durante esta transici\u00f3n y en mi nuevo rol como presidente ejecutivo\u201d, se\u00f1al\u00f3 Cook en el comunicado oficial.<\/p>\n<p class=\"com-paragraph   --s\">Ternus, por su parte, afirm\u00f3 que asume el desaf\u00edo con \u201coptimismo\u201d y con el compromiso de sostener los valores que han definido a Apple durante d\u00e9cadas. \u201cEstoy lleno de optimismo sobre lo que podemos lograr en los pr\u00f3ximos a\u00f1os y me alegra saber que las personas m\u00e1s talentosas del mundo est\u00e1n aqu\u00ed en Apple, decididas a ser parte de algo m\u00e1s grande que cualquiera de nosotros. Asumo este rol con humildad y prometo liderar con los valores y la visi\u00f3n que han definido a este lugar especial durante medio siglo\u201d, precis\u00f3 el nuevo CEO.<\/p>\n<p class=\"com-paragraph   --s\">Ternus cuenta con la ventaja de la edad. A los 50 a\u00f1os, <strong>es el miembro m\u00e1s joven del equipo ejecutivo de la empresa, lo que garantiza potencial para un mandato de largo plazo.<\/strong><\/p>\n<p class=\"com-paragraph   --s\">Adem\u00e1s, su nombramiento implica el regreso al poder de alguien con v\u00ednculo directo con el desarrollo de <em>hardware<\/em>, <strong>un \u00e1rea en la que Cook ha sido criticado por supuestamente no generar revoluciones con la misma intensidad que Jobs<\/strong>. <\/p>\n<div class=\"content-media\">\n<section role=\"button\" class=\"mod-media   \">\n<figure role=\"button\" tabindex=\"0\" class=\"mod-figure \"><figcaption class=\"mod-figcaption\"><span class=\"com-text --caption --twoxs\">John Ternus cuenta con una trayectoria de 25 a\u00f1os en Apple<\/span><\/figcaption><\/figure>\n<\/section>\n<\/div>\n<h3 class=\"com-title --font-primary --l --font-extra\">Renovaci\u00f3n y cambio<\/h3>\n<p class=\"com-paragraph   --s\">La salida de Cook representa el fin de una era en Apple. Durante su gesti\u00f3n, la compa\u00f1\u00eda fundada por Steve Jobs se convirti\u00f3 en la primera de la historia en alcanzar valoraciones de <strong>1, 2 y 3 billones de d\u00f3lares en la Bolsa.<\/strong><\/p>\n<div class=\"content-media\">\n<section role=\"button\" class=\"mod-media   \">\n<figure role=\"button\" tabindex=\"0\" class=\"mod-figure \"><figcaption class=\"mod-figcaption\"><span class=\"com-text --caption --twoxs\">Durante la gesti\u00f3n de Tim Cook, Apple se convirti\u00f3 en la primera de la historia en alcanzar valoraciones de\u00a01, 2 y 3 billones de d\u00f3lares en la bolsa<\/span><span class=\"com-text --credit --twoxs\">NIC COURY &#8211; AFP<\/span><\/figcaption><\/figure>\n<\/section>\n<\/div>\n<p class=\"com-paragraph   --s\">Transform\u00f3 a Apple en un gigante de servicios \u2014como Apple Music, Apple TV y Apple Pay\u2014 que garantizan un <strong>margen promedio de beneficio del 75%. <\/strong>La divisi\u00f3n de servicios creci\u00f3 de<strong> US$20.000 millones a US$100.000 millones de d\u00f3lares<\/strong> bajo su gesti\u00f3n. Adem\u00e1s, decidi\u00f3 que Apple desarrollara sus propios chips, reduciendo la dependencia de socios y aumentando la eficiencia y el rendimiento de sus dispositivos.<\/p>\n<p class=\"com-paragraph   --s\">En 2025 surgieron desaf\u00edos adicionales: tuvo que navegar decisiones pol\u00edticas de Donald Trump que amenazaron las cadenas de suministro y los precios mediante pol\u00edticas arancelarias. Adem\u00e1s, el presidente estadounidense exigi\u00f3 lealtad de las grandes tecnol\u00f3gicas en forma de promesas de inversi\u00f3n y acceso a tecnolog\u00eda.<\/p>\n<section class=\"container-center-100 mb-40 border border-bottom border-thin border-neutral-light-700\">\n<hr\/>\n<\/section>\n<\/div>\n<p><script id=\"facebookpixel\" defer=\"\" type=\"text\/javascript\">\n        !function(f,b,e,v,n,t,s)\n        {if(f.fbq)return;n=f.fbq=function(){n.callMethod?\n        n.callMethod.apply(n,arguments):n.queue.push(arguments)};\n        if(!f._fbq)f._fbq=n;n.push=n;n.loaded=!0;n.version='2.0';\n        n.queue=[];t=b.createElement(e);t.async=!0;\n        t.src=v;s=b.getElementsByTagName(e)[0];\n        s.parentNode.insertBefore(t,s)}(window, document,'script',\n        'https:\/\/connect.facebook.net\/en_US\/fbevents.js');\n        fbq('init', '492459597522335');\n        fbq('track', 'PageView');\n    <\/script><\/p>\n","protected":false},"excerpt":{"rendered":"<p>Apple anunci\u00f3 un cambio hist\u00f3rico en su c\u00fapula: Tim Cook dejar\u00e1 su cargo al frente de la compa\u00f1\u00eda y ser\u00e1 reemplazado por John Ternus, que asumir\u00e1 como nuevo CEO a partir del 1 de septiembre de 2026. En Apple destacaron que Cook continuar\u00e1 liderando la compa\u00f1\u00eda en los pr\u00f3ximos meses para garantizar una transici\u00f3n ordenada, [&hellip;]<\/p>\n","protected":false},"author":1,"featured_media":192140,"comment_status":"closed","ping_status":"closed","sticky":false,"template":"","format":"standard","meta":{"footnotes":""},"categories":[28],"tags":[],"class_list":["post-192139","post","type-post","status-publish","format-standard","has-post-thumbnail","hentry","category-economia"],"yoast_head":"<!-- This site is optimized with the Yoast SEO plugin v24.4 - https:\/\/yoast.com\/wordpress\/plugins\/seo\/ -->\n<title>Tim Cook deja de ser el CEO de Apple y anuncian a Ternus como su sucesor - GYS NOTICIAS |<\/title>\n<meta name=\"robots\" content=\"index, follow, max-snippet:-1, max-image-preview:large, max-video-preview:-1\" \/>\n<link rel=\"canonical\" href=\"https:\/\/gysfm.com.ar\/inicio\/tim-cook-deja-de-ser-el-ceo-de-apple-y-anuncian-a-ternus-como-su-sucesor\/\" \/>\n<meta property=\"og:locale\" content=\"es_ES\" \/>\n<meta property=\"og:type\" content=\"article\" \/>\n<meta property=\"og:title\" content=\"Tim Cook deja de ser el CEO de Apple y anuncian a Ternus como su sucesor - GYS NOTICIAS |\" \/>\n<meta property=\"og:description\" content=\"Apple anunci\u00f3 un cambio hist\u00f3rico en su c\u00fapula: Tim Cook dejar\u00e1 su cargo al frente de la compa\u00f1\u00eda y ser\u00e1 reemplazado por John Ternus, que asumir\u00e1 como nuevo CEO a partir del 1 de septiembre de 2026. En Apple destacaron que Cook continuar\u00e1 liderando la compa\u00f1\u00eda en los pr\u00f3ximos meses para garantizar una transici\u00f3n ordenada, [&hellip;]\" \/>\n<meta property=\"og:url\" content=\"https:\/\/gysfm.com.ar\/inicio\/tim-cook-deja-de-ser-el-ceo-de-apple-y-anuncian-a-ternus-como-su-sucesor\/\" \/>\n<meta property=\"og:site_name\" content=\"GYS NOTICIAS |\" \/>\n<meta property=\"article:published_time\" content=\"2026-04-21T17:26:40+00:00\" \/>\n<meta property=\"article:modified_time\" content=\"2026-04-21T17:26:41+00:00\" \/>\n<meta property=\"og:image\" content=\"https:\/\/gysfm.com.ar\/inicio\/wp-content\/uploads\/2026\/04\/john-ternus-izquierda-reemplazara-a-tim-cook-en-4BK3AYHYTZH6ZEU6B26KFB7SIQ.jpg\" \/>\n\t<meta property=\"og:image:width\" content=\"1200\" \/>\n\t<meta property=\"og:image:height\" content=\"800\" \/>\n\t<meta property=\"og:image:type\" content=\"image\/jpeg\" \/>\n<meta name=\"author\" content=\"admin\" \/>\n<meta name=\"twitter:card\" content=\"summary_large_image\" \/>\n<meta name=\"twitter:label1\" content=\"Escrito por\" \/>\n\t<meta name=\"twitter:data1\" content=\"admin\" \/>\n\t<meta name=\"twitter:label2\" content=\"Tiempo de lectura\" \/>\n\t<meta name=\"twitter:data2\" content=\"4 minutos\" \/>\n<script type=\"application\/ld+json\" class=\"yoast-schema-graph\">{\"@context\":\"https:\/\/schema.org\",\"@graph\":[{\"@type\":\"Article\",\"@id\":\"https:\/\/gysfm.com.ar\/inicio\/tim-cook-deja-de-ser-el-ceo-de-apple-y-anuncian-a-ternus-como-su-sucesor\/#article\",\"isPartOf\":{\"@id\":\"https:\/\/gysfm.com.ar\/inicio\/tim-cook-deja-de-ser-el-ceo-de-apple-y-anuncian-a-ternus-como-su-sucesor\/\"},\"author\":{\"name\":\"admin\",\"@id\":\"https:\/\/gysfm.com.ar\/inicio\/#\/schema\/person\/5bedd7ecd35cc35548d89effafa23696\"},\"headline\":\"Tim Cook deja de ser el CEO de Apple y anuncian a Ternus como su sucesor\",\"datePublished\":\"2026-04-21T17:26:40+00:00\",\"dateModified\":\"2026-04-21T17:26:41+00:00\",\"mainEntityOfPage\":{\"@id\":\"https:\/\/gysfm.com.ar\/inicio\/tim-cook-deja-de-ser-el-ceo-de-apple-y-anuncian-a-ternus-como-su-sucesor\/\"},\"wordCount\":731,\"publisher\":{\"@id\":\"https:\/\/gysfm.com.ar\/inicio\/#organization\"},\"image\":{\"@id\":\"https:\/\/gysfm.com.ar\/inicio\/tim-cook-deja-de-ser-el-ceo-de-apple-y-anuncian-a-ternus-como-su-sucesor\/#primaryimage\"},\"thumbnailUrl\":\"https:\/\/gysfm.com.ar\/inicio\/wp-content\/uploads\/2026\/04\/john-ternus-izquierda-reemplazara-a-tim-cook-en-4BK3AYHYTZH6ZEU6B26KFB7SIQ.jpg\",\"articleSection\":[\"ECONOMIA\"],\"inLanguage\":\"es\"},{\"@type\":\"WebPage\",\"@id\":\"https:\/\/gysfm.com.ar\/inicio\/tim-cook-deja-de-ser-el-ceo-de-apple-y-anuncian-a-ternus-como-su-sucesor\/\",\"url\":\"https:\/\/gysfm.com.ar\/inicio\/tim-cook-deja-de-ser-el-ceo-de-apple-y-anuncian-a-ternus-como-su-sucesor\/\",\"name\":\"Tim Cook deja de ser el CEO de Apple y anuncian a Ternus como su sucesor - GYS NOTICIAS |\",\"isPartOf\":{\"@id\":\"https:\/\/gysfm.com.ar\/inicio\/#website\"},\"primaryImageOfPage\":{\"@id\":\"https:\/\/gysfm.com.ar\/inicio\/tim-cook-deja-de-ser-el-ceo-de-apple-y-anuncian-a-ternus-como-su-sucesor\/#primaryimage\"},\"image\":{\"@id\":\"https:\/\/gysfm.com.ar\/inicio\/tim-cook-deja-de-ser-el-ceo-de-apple-y-anuncian-a-ternus-como-su-sucesor\/#primaryimage\"},\"thumbnailUrl\":\"https:\/\/gysfm.com.ar\/inicio\/wp-content\/uploads\/2026\/04\/john-ternus-izquierda-reemplazara-a-tim-cook-en-4BK3AYHYTZH6ZEU6B26KFB7SIQ.jpg\",\"datePublished\":\"2026-04-21T17:26:40+00:00\",\"dateModified\":\"2026-04-21T17:26:41+00:00\",\"breadcrumb\":{\"@id\":\"https:\/\/gysfm.com.ar\/inicio\/tim-cook-deja-de-ser-el-ceo-de-apple-y-anuncian-a-ternus-como-su-sucesor\/#breadcrumb\"},\"inLanguage\":\"es\",\"potentialAction\":[{\"@type\":\"ReadAction\",\"target\":[\"https:\/\/gysfm.com.ar\/inicio\/tim-cook-deja-de-ser-el-ceo-de-apple-y-anuncian-a-ternus-como-su-sucesor\/\"]}]},{\"@type\":\"ImageObject\",\"inLanguage\":\"es\",\"@id\":\"https:\/\/gysfm.com.ar\/inicio\/tim-cook-deja-de-ser-el-ceo-de-apple-y-anuncian-a-ternus-como-su-sucesor\/#primaryimage\",\"url\":\"https:\/\/gysfm.com.ar\/inicio\/wp-content\/uploads\/2026\/04\/john-ternus-izquierda-reemplazara-a-tim-cook-en-4BK3AYHYTZH6ZEU6B26KFB7SIQ.jpg\",\"contentUrl\":\"https:\/\/gysfm.com.ar\/inicio\/wp-content\/uploads\/2026\/04\/john-ternus-izquierda-reemplazara-a-tim-cook-en-4BK3AYHYTZH6ZEU6B26KFB7SIQ.jpg\",\"width\":1200,\"height\":800},{\"@type\":\"BreadcrumbList\",\"@id\":\"https:\/\/gysfm.com.ar\/inicio\/tim-cook-deja-de-ser-el-ceo-de-apple-y-anuncian-a-ternus-como-su-sucesor\/#breadcrumb\",\"itemListElement\":[{\"@type\":\"ListItem\",\"position\":1,\"name\":\"Portada\",\"item\":\"https:\/\/gysfm.com.ar\/inicio\/\"},{\"@type\":\"ListItem\",\"position\":2,\"name\":\"Tim Cook deja de ser el CEO de Apple y anuncian a Ternus como su sucesor\"}]},{\"@type\":\"WebSite\",\"@id\":\"https:\/\/gysfm.com.ar\/inicio\/#website\",\"url\":\"https:\/\/gysfm.com.ar\/inicio\/\",\"name\":\"GYS NOTICIAS |\",\"description\":\"DIARIO - RADIO ONLINE SAN JUAN ARGENTINA\",\"publisher\":{\"@id\":\"https:\/\/gysfm.com.ar\/inicio\/#organization\"},\"potentialAction\":[{\"@type\":\"SearchAction\",\"target\":{\"@type\":\"EntryPoint\",\"urlTemplate\":\"https:\/\/gysfm.com.ar\/inicio\/?s={search_term_string}\"},\"query-input\":{\"@type\":\"PropertyValueSpecification\",\"valueRequired\":true,\"valueName\":\"search_term_string\"}}],\"inLanguage\":\"es\"},{\"@type\":\"Organization\",\"@id\":\"https:\/\/gysfm.com.ar\/inicio\/#organization\",\"name\":\"GYS NOTICIAS |\",\"url\":\"https:\/\/gysfm.com.ar\/inicio\/\",\"logo\":{\"@type\":\"ImageObject\",\"inLanguage\":\"es\",\"@id\":\"https:\/\/gysfm.com.ar\/inicio\/#\/schema\/logo\/image\/\",\"url\":\"https:\/\/gysfm.com.ar\/inicio\/wp-content\/uploads\/2023\/07\/LOGOGYS-OK.png\",\"contentUrl\":\"https:\/\/gysfm.com.ar\/inicio\/wp-content\/uploads\/2023\/07\/LOGOGYS-OK.png\",\"width\":1170,\"height\":872,\"caption\":\"GYS NOTICIAS |\"},\"image\":{\"@id\":\"https:\/\/gysfm.com.ar\/inicio\/#\/schema\/logo\/image\/\"}},{\"@type\":\"Person\",\"@id\":\"https:\/\/gysfm.com.ar\/inicio\/#\/schema\/person\/5bedd7ecd35cc35548d89effafa23696\",\"name\":\"admin\",\"image\":{\"@type\":\"ImageObject\",\"inLanguage\":\"es\",\"@id\":\"https:\/\/gysfm.com.ar\/inicio\/#\/schema\/person\/image\/\",\"url\":\"https:\/\/secure.gravatar.com\/avatar\/c331d312b5243fb64d5ba28108a447b27c925295129a363082c9ea52c28d32c2?s=96&d=mm&r=g\",\"contentUrl\":\"https:\/\/secure.gravatar.com\/avatar\/c331d312b5243fb64d5ba28108a447b27c925295129a363082c9ea52c28d32c2?s=96&d=mm&r=g\",\"caption\":\"admin\"},\"sameAs\":[\"https:\/\/gysfm.com.ar\/inicio\"],\"url\":\"https:\/\/gysfm.com.ar\/inicio\/author\/admin\/\"}]}<\/script>\n<!-- \/ Yoast SEO plugin. -->","yoast_head_json":{"title":"Tim Cook deja de ser el CEO de Apple y anuncian a Ternus como su sucesor - GYS NOTICIAS |","robots":{"index":"index","follow":"follow","max-snippet":"max-snippet:-1","max-image-preview":"max-image-preview:large","max-video-preview":"max-video-preview:-1"},"canonical":"https:\/\/gysfm.com.ar\/inicio\/tim-cook-deja-de-ser-el-ceo-de-apple-y-anuncian-a-ternus-como-su-sucesor\/","og_locale":"es_ES","og_type":"article","og_title":"Tim Cook deja de ser el CEO de Apple y anuncian a Ternus como su sucesor - GYS NOTICIAS |","og_description":"Apple anunci\u00f3 un cambio hist\u00f3rico en su c\u00fapula: Tim Cook dejar\u00e1 su cargo al frente de la compa\u00f1\u00eda y ser\u00e1 reemplazado por John Ternus, que asumir\u00e1 como nuevo CEO a partir del 1 de septiembre de 2026. En Apple destacaron que Cook continuar\u00e1 liderando la compa\u00f1\u00eda en los pr\u00f3ximos meses para garantizar una transici\u00f3n ordenada, [&hellip;]","og_url":"https:\/\/gysfm.com.ar\/inicio\/tim-cook-deja-de-ser-el-ceo-de-apple-y-anuncian-a-ternus-como-su-sucesor\/","og_site_name":"GYS NOTICIAS |","article_published_time":"2026-04-21T17:26:40+00:00","article_modified_time":"2026-04-21T17:26:41+00:00","og_image":[{"width":1200,"height":800,"url":"https:\/\/gysfm.com.ar\/inicio\/wp-content\/uploads\/2026\/04\/john-ternus-izquierda-reemplazara-a-tim-cook-en-4BK3AYHYTZH6ZEU6B26KFB7SIQ.jpg","type":"image\/jpeg"}],"author":"admin","twitter_card":"summary_large_image","twitter_misc":{"Escrito por":"admin","Tiempo de lectura":"4 minutos"},"schema":{"@context":"https:\/\/schema.org","@graph":[{"@type":"Article","@id":"https:\/\/gysfm.com.ar\/inicio\/tim-cook-deja-de-ser-el-ceo-de-apple-y-anuncian-a-ternus-como-su-sucesor\/#article","isPartOf":{"@id":"https:\/\/gysfm.com.ar\/inicio\/tim-cook-deja-de-ser-el-ceo-de-apple-y-anuncian-a-ternus-como-su-sucesor\/"},"author":{"name":"admin","@id":"https:\/\/gysfm.com.ar\/inicio\/#\/schema\/person\/5bedd7ecd35cc35548d89effafa23696"},"headline":"Tim Cook deja de ser el CEO de Apple y anuncian a Ternus como su sucesor","datePublished":"2026-04-21T17:26:40+00:00","dateModified":"2026-04-21T17:26:41+00:00","mainEntityOfPage":{"@id":"https:\/\/gysfm.com.ar\/inicio\/tim-cook-deja-de-ser-el-ceo-de-apple-y-anuncian-a-ternus-como-su-sucesor\/"},"wordCount":731,"publisher":{"@id":"https:\/\/gysfm.com.ar\/inicio\/#organization"},"image":{"@id":"https:\/\/gysfm.com.ar\/inicio\/tim-cook-deja-de-ser-el-ceo-de-apple-y-anuncian-a-ternus-como-su-sucesor\/#primaryimage"},"thumbnailUrl":"https:\/\/gysfm.com.ar\/inicio\/wp-content\/uploads\/2026\/04\/john-ternus-izquierda-reemplazara-a-tim-cook-en-4BK3AYHYTZH6ZEU6B26KFB7SIQ.jpg","articleSection":["ECONOMIA"],"inLanguage":"es"},{"@type":"WebPage","@id":"https:\/\/gysfm.com.ar\/inicio\/tim-cook-deja-de-ser-el-ceo-de-apple-y-anuncian-a-ternus-como-su-sucesor\/","url":"https:\/\/gysfm.com.ar\/inicio\/tim-cook-deja-de-ser-el-ceo-de-apple-y-anuncian-a-ternus-como-su-sucesor\/","name":"Tim Cook deja de ser el CEO de Apple y anuncian a Ternus como su sucesor - GYS NOTICIAS |","isPartOf":{"@id":"https:\/\/gysfm.com.ar\/inicio\/#website"},"primaryImageOfPage":{"@id":"https:\/\/gysfm.com.ar\/inicio\/tim-cook-deja-de-ser-el-ceo-de-apple-y-anuncian-a-ternus-como-su-sucesor\/#primaryimage"},"image":{"@id":"https:\/\/gysfm.com.ar\/inicio\/tim-cook-deja-de-ser-el-ceo-de-apple-y-anuncian-a-ternus-como-su-sucesor\/#primaryimage"},"thumbnailUrl":"https:\/\/gysfm.com.ar\/inicio\/wp-content\/uploads\/2026\/04\/john-ternus-izquierda-reemplazara-a-tim-cook-en-4BK3AYHYTZH6ZEU6B26KFB7SIQ.jpg","datePublished":"2026-04-21T17:26:40+00:00","dateModified":"2026-04-21T17:26:41+00:00","breadcrumb":{"@id":"https:\/\/gysfm.com.ar\/inicio\/tim-cook-deja-de-ser-el-ceo-de-apple-y-anuncian-a-ternus-como-su-sucesor\/#breadcrumb"},"inLanguage":"es","potentialAction":[{"@type":"ReadAction","target":["https:\/\/gysfm.com.ar\/inicio\/tim-cook-deja-de-ser-el-ceo-de-apple-y-anuncian-a-ternus-como-su-sucesor\/"]}]},{"@type":"ImageObject","inLanguage":"es","@id":"https:\/\/gysfm.com.ar\/inicio\/tim-cook-deja-de-ser-el-ceo-de-apple-y-anuncian-a-ternus-como-su-sucesor\/#primaryimage","url":"https:\/\/gysfm.com.ar\/inicio\/wp-content\/uploads\/2026\/04\/john-ternus-izquierda-reemplazara-a-tim-cook-en-4BK3AYHYTZH6ZEU6B26KFB7SIQ.jpg","contentUrl":"https:\/\/gysfm.com.ar\/inicio\/wp-content\/uploads\/2026\/04\/john-ternus-izquierda-reemplazara-a-tim-cook-en-4BK3AYHYTZH6ZEU6B26KFB7SIQ.jpg","width":1200,"height":800},{"@type":"BreadcrumbList","@id":"https:\/\/gysfm.com.ar\/inicio\/tim-cook-deja-de-ser-el-ceo-de-apple-y-anuncian-a-ternus-como-su-sucesor\/#breadcrumb","itemListElement":[{"@type":"ListItem","position":1,"name":"Portada","item":"https:\/\/gysfm.com.ar\/inicio\/"},{"@type":"ListItem","position":2,"name":"Tim Cook deja de ser el CEO de Apple y anuncian a Ternus como su sucesor"}]},{"@type":"WebSite","@id":"https:\/\/gysfm.com.ar\/inicio\/#website","url":"https:\/\/gysfm.com.ar\/inicio\/","name":"GYS NOTICIAS |","description":"DIARIO - RADIO ONLINE SAN JUAN ARGENTINA","publisher":{"@id":"https:\/\/gysfm.com.ar\/inicio\/#organization"},"potentialAction":[{"@type":"SearchAction","target":{"@type":"EntryPoint","urlTemplate":"https:\/\/gysfm.com.ar\/inicio\/?s={search_term_string}"},"query-input":{"@type":"PropertyValueSpecification","valueRequired":true,"valueName":"search_term_string"}}],"inLanguage":"es"},{"@type":"Organization","@id":"https:\/\/gysfm.com.ar\/inicio\/#organization","name":"GYS NOTICIAS |","url":"https:\/\/gysfm.com.ar\/inicio\/","logo":{"@type":"ImageObject","inLanguage":"es","@id":"https:\/\/gysfm.com.ar\/inicio\/#\/schema\/logo\/image\/","url":"https:\/\/gysfm.com.ar\/inicio\/wp-content\/uploads\/2023\/07\/LOGOGYS-OK.png","contentUrl":"https:\/\/gysfm.com.ar\/inicio\/wp-content\/uploads\/2023\/07\/LOGOGYS-OK.png","width":1170,"height":872,"caption":"GYS NOTICIAS |"},"image":{"@id":"https:\/\/gysfm.com.ar\/inicio\/#\/schema\/logo\/image\/"}},{"@type":"Person","@id":"https:\/\/gysfm.com.ar\/inicio\/#\/schema\/person\/5bedd7ecd35cc35548d89effafa23696","name":"admin","image":{"@type":"ImageObject","inLanguage":"es","@id":"https:\/\/gysfm.com.ar\/inicio\/#\/schema\/person\/image\/","url":"https:\/\/secure.gravatar.com\/avatar\/c331d312b5243fb64d5ba28108a447b27c925295129a363082c9ea52c28d32c2?s=96&d=mm&r=g","contentUrl":"https:\/\/secure.gravatar.com\/avatar\/c331d312b5243fb64d5ba28108a447b27c925295129a363082c9ea52c28d32c2?s=96&d=mm&r=g","caption":"admin"},"sameAs":["https:\/\/gysfm.com.ar\/inicio"],"url":"https:\/\/gysfm.com.ar\/inicio\/author\/admin\/"}]}},"_links":{"self":[{"href":"https:\/\/gysfm.com.ar\/inicio\/wp-json\/wp\/v2\/posts\/192139","targetHints":{"allow":["GET"]}}],"collection":[{"href":"https:\/\/gysfm.com.ar\/inicio\/wp-json\/wp\/v2\/posts"}],"about":[{"href":"https:\/\/gysfm.com.ar\/inicio\/wp-json\/wp\/v2\/types\/post"}],"author":[{"embeddable":true,"href":"https:\/\/gysfm.com.ar\/inicio\/wp-json\/wp\/v2\/users\/1"}],"replies":[{"embeddable":true,"href":"https:\/\/gysfm.com.ar\/inicio\/wp-json\/wp\/v2\/comments?post=192139"}],"version-history":[{"count":1,"href":"https:\/\/gysfm.com.ar\/inicio\/wp-json\/wp\/v2\/posts\/192139\/revisions"}],"predecessor-version":[{"id":192141,"href":"https:\/\/gysfm.com.ar\/inicio\/wp-json\/wp\/v2\/posts\/192139\/revisions\/192141"}],"wp:featuredmedia":[{"embeddable":true,"href":"https:\/\/gysfm.com.ar\/inicio\/wp-json\/wp\/v2\/media\/192140"}],"wp:attachment":[{"href":"https:\/\/gysfm.com.ar\/inicio\/wp-json\/wp\/v2\/media?parent=192139"}],"wp:term":[{"taxonomy":"category","embeddable":true,"href":"https:\/\/gysfm.com.ar\/inicio\/wp-json\/wp\/v2\/categories?post=192139"},{"taxonomy":"post_tag","embeddable":true,"href":"https:\/\/gysfm.com.ar\/inicio\/wp-json\/wp\/v2\/tags?post=192139"}],"curies":[{"name":"wp","href":"https:\/\/api.w.org\/{rel}","templated":true}]}}