{"id":192136,"date":"2026-04-21T14:25:33","date_gmt":"2026-04-21T17:25:33","guid":{"rendered":"https:\/\/gysfm.com.ar\/inicio\/alarma-en-las-secundarias-de-uruguay-por-un-peligroso-desafio-viral-que-llega-desde-la-argentina\/"},"modified":"2026-04-21T14:25:34","modified_gmt":"2026-04-21T17:25:34","slug":"alarma-en-las-secundarias-de-uruguay-por-un-peligroso-desafio-viral-que-llega-desde-la-argentina","status":"publish","type":"post","link":"https:\/\/gysfm.com.ar\/inicio\/alarma-en-las-secundarias-de-uruguay-por-un-peligroso-desafio-viral-que-llega-desde-la-argentina\/","title":{"rendered":"Alarma en las secundarias de Uruguay por un peligroso \u201cdesaf\u00edo\u201d viral que llega desde la Argentina"},"content":{"rendered":"<p> <br \/>\n<\/p>\n<div>\n<p class=\"com-paragraph  --capital --s\">MONTEVIDEO.- Decenas de amenazas de tiroteos en colegios de <a href=\"https:\/\/www.lanacion.com.ar\/el-mundo\/el-presidente-de-uruguay-reglamento-la-ley-de-eutanasia-aprobada-en-2025-la-dignidad-humana-esta-en-nid15042026\/\" target=\"_self\" title=\"https:\/\/www.lanacion.com.ar\/el-mundo\/el-presidente-de-uruguay-reglamento-la-ley-de-eutanasia-aprobada-en-2025-la-dignidad-humana-esta-en-nid15042026\/\" class=\"com-link break-word\" data-mrf-recirculation=\"n_link_parrafo\">Uruguay<\/a> tienen en alerta a las familias de los estudiantes y a las autoridades, que han resuelto emitir advertencias sobre los riesgos a los que se exponen los responsables de los <strong>mensajes que se han escrito en las paredes de los centros educativos<\/strong>.<\/p>\n<p class=\"com-paragraph   --s\">En varios liceos han aparecido pintadas en los \u00faltimos d\u00edas con <strong>amenazas de que habr\u00eda un tiroteo determinado d\u00eda<\/strong> <strong>y que lo recomendable ser\u00eda no asistir esa fecha<\/strong>. Solo hasta el fin de semana se hab\u00edan registrado unos 30 casos, pero durante los d\u00edas siguientes aparecieron m\u00e1s advertencias pintadas en las paredes.<\/p>\n<div class=\"content-media\">\n<section role=\"button\" class=\"mod-media   \">\n<figure role=\"button\" tabindex=\"0\" class=\"mod-figure \"><figcaption class=\"mod-figcaption\"><span class=\"com-text --caption --twoxs\">Uno de los carteles improvisados, en hojas escolares, que invitan al \u00abmejor evento del a\u00f1o\u00bb<\/span><\/figcaption><\/figure>\n<\/section>\n<\/div>\n<p class=\"com-paragraph   --s\">No obstante, las fuentes afirmaron que \u201chay muchas situaciones donde no se han identificado responsables\u201d, pese a que \u201clas autoridades de la ense\u00f1anza y la <strong>Polic\u00eda Comunitaria<\/strong> est\u00e1n trabajando en estos casos\u00bb. \u201cEn todas las situaciones se le ha dado intervenci\u00f3n a los <strong>Juzgados de Familia Especializada<\/strong> (en muchos casos han sido menores de 13 a\u00f1os) y notificaci\u00f3n a <strong>INAU<\/strong>\u201c, apuntaron.<\/p>\n<p class=\"com-paragraph   --s\">Las situaciones se registraron en centros educativos de varios departamentos. Este lunes la direcci\u00f3n del Instituto Alfredo V\u00e1squez Acevedo (<strong>IAVA<\/strong>) solicit\u00f3 a los estudiantes que se retiraran y dieron aviso a la Polic\u00eda ante una nueva amenaza de tiroteo prevista para el mi\u00e9rcoles.<\/p>\n<p class=\"com-paragraph   --s\">Tambi\u00e9n se registraron casos en el interior. Por ejemplo, la Jefatura de Polic\u00eda de Treinta y Tres inform\u00f3 que este lunes recibi\u00f3 denuncias sobre <strong>inscripciones con amenazas<\/strong> en varios centros educativos. <\/p>\n<p class=\"com-paragraph   --s\">En ese caso la Polic\u00eda no concurri\u00f3 solo a liceos sino a <strong>escuelas t\u00e9cnicas<\/strong>, donde se constat\u00f3 la presencia de los mensajes. En uno de los casos <strong>un adolescente fue identificado como responsable y fue emplazado por la Fiscal\u00eda<\/strong> para presentarse junto a un mayor este martes a declarar.<\/p>\n<div class=\"content-media\">\n<section role=\"button\" class=\"mod-media   \">\n<figure role=\"button\" tabindex=\"0\" class=\"mod-figure \"><figcaption class=\"mod-figcaption\"><span class=\"com-text --caption --twoxs\">Anuncios de tiroteos escolares en las puertas de los ba\u00f1os de un colegio de Mar del Plata<\/span><\/figcaption><\/figure>\n<\/section>\n<\/div>\n<p class=\"com-paragraph   --s\"><strong>Daysi Iglesias<\/strong>, consejera del <strong>Consejo Directivo Central<\/strong> (<strong>Codicen<\/strong>) de la <strong>Administraci\u00f3n Nacional de Educaci\u00f3n P\u00fablica<\/strong> (<strong>ANEP<\/strong>), dijo a <em>El Pa\u00eds<\/em> que en estos casos \u201cse realiza una denuncia penal y se flexibiliza la asistencia de los alumnos\u201d, lo que motiva la <strong>suspensi\u00f3n de algunos ex\u00e1menes<\/strong>.<\/p>\n<p class=\"com-paragraph   --s\"><strong>Pablo Caggiani<\/strong>, presidente del Codicen de la ANEP fue consultado el pasado viernes y respondi\u00f3 que se tratar\u00eda de \u201c<strong>bromas de mal gusto<\/strong>\u201d, pero \u201cno se pueden minimizar\u201d. \u201cCada centro que recibe este tipo de situaciones formula la denuncia y <strong>se refuerza la presencia policial<\/strong>; se mantiene el centro abierto\u201d, detall\u00f3, aunque especific\u00f3 que, a pesar de que se registra asistencia, \u201csi alguien falta porque se siente inseguro o una situaci\u00f3n similar, no se va a considerar a los efectos administrativos\u201d.<\/p>\n<p class=\"com-paragraph   --s\">Consultado por el origen de estas amenazas, el presidente del Codicen dijo que \u201c<strong>est\u00e1 en redes sociales<\/strong>, que viene de Argentina\u201d.<\/p>\n<div class=\"content-media\">\n<section role=\"button\" class=\"mod-media   \">\n<figure role=\"button\" tabindex=\"0\" class=\"mod-figure \"><figcaption class=\"mod-figcaption\"><span class=\"com-text --caption --twoxs\">\u00abMa\u00f1ana, tiroteo\u00bb, anticipa el mensaje<\/span><\/figcaption><\/figure>\n<\/section>\n<\/div>\n<p class=\"com-paragraph   --s\">Ante las reiteradas amenazas, el Ministerio del Interior lanz\u00f3 una campa\u00f1a bajo el lema \u00ab<strong>Las amenazas no son una broma<\/strong>\u201c. All\u00ed record\u00f3 que \u201cestos delitos tienen consecuencias graves, incluyendo <strong>pena de prisi\u00f3n<\/strong>, sanciones econ\u00f3micas y el bloqueo de llamadas a las l\u00edneas de emergencia\u00bb.<\/p>\n<p class=\"com-paragraph   --s\">\u00ab<strong>No compartas, no viralices, ni amplifiques estos mensajes<\/strong>, pues esto tambi\u00e9n es parte del problema\u00bb, indic\u00f3 la cartera, que se\u00f1al\u00f3 que estas amenazas con contenido aparentemente falso moviliza recursos del Estado y genera perjuicios econ\u00f3micos, adem\u00e1s de que altera la vida cotidiana.<\/p>\n<div class=\"content-media\">\n<section role=\"button\" class=\"mod-media   \">\n<figure role=\"button\" tabindex=\"0\" class=\"mod-figure \"><figcaption class=\"mod-figcaption\"><span class=\"com-text --caption --twoxs\">Imagen de uno de los mensajes<\/span><\/figcaption><\/figure>\n<\/section>\n<\/div>\n<p class=\"com-paragraph   --s\">ANEP, por su parte, emiti\u00f3 un comunicado \u201cante la presencia de mensajes intimidatorios o amenazantes en diferentes centros educativos\u201d en el que expres\u00f3 \u201cpreocupaci\u00f3n\u201d e inform\u00f3 los <strong>protocolos a seguir<\/strong>.<\/p>\n<p class=\"com-paragraph   --s\">\u201cLos centros deben seguir siendo lugares seguros para ni\u00f1os, ni\u00f1as, adolescentes, as\u00ed como tambi\u00e9n, para los y las integrantes de la comunidad educativa\u201d, reza el escrito, que afirma que las instituciones \u201cse mantienen abiertas y en normal funcionamiento\u201d.<\/p>\n<p class=\"com-paragraph   --s\">En caso de encontrar una amenaza, la ANEP recomienda \u201cdar aviso a las autoridades del centro educativo\u201d y \u201ccolaborar con las indicaciones\u201d que se den desde all\u00ed. Esta instituci\u00f3n tambi\u00e9n recomienda \u201cno viralizar ni estimular la repetici\u00f3n de este tipo de mensajes\u201d.<\/p>\n<p class=\"com-paragraph   --s\">En un pedido a las familias, ANEP llam\u00f3 a la \u201creflexi\u00f3n y concientizaci\u00f3n sobre el <strong>uso cr\u00edtico y responsable de las redes sociales<\/strong>\u201c. Y a los estudiantes les pidi\u00f3 \u201creflexionar con sus pares y sus referentes adultos frente a estas situaciones para que los centros educativos sigan siendo un lugar de encuentro, de disfrute y de aprendizajes significativos\u201d.<\/p>\n<section class=\"container-center-100 mb-40 border border-bottom border-thin border-neutral-light-700\">\n<hr\/>\n<\/section>\n<\/div>\n<p><script id=\"facebookpixel\" defer=\"\" type=\"text\/javascript\">\n        !function(f,b,e,v,n,t,s)\n        {if(f.fbq)return;n=f.fbq=function(){n.callMethod?\n        n.callMethod.apply(n,arguments):n.queue.push(arguments)};\n        if(!f._fbq)f._fbq=n;n.push=n;n.loaded=!0;n.version='2.0';\n        n.queue=[];t=b.createElement(e);t.async=!0;\n        t.src=v;s=b.getElementsByTagName(e)[0];\n        s.parentNode.insertBefore(t,s)}(window, document,'script',\n        'https:\/\/connect.facebook.net\/en_US\/fbevents.js');\n        fbq('init', '492459597522335');\n        fbq('track', 'PageView');\n    <\/script><br \/>\n<br \/><\/p>\n","protected":false},"excerpt":{"rendered":"<p>MONTEVIDEO.- Decenas de amenazas de tiroteos en colegios de Uruguay tienen en alerta a las familias de los estudiantes y a las autoridades, que han resuelto emitir advertencias sobre los riesgos a los que se exponen los responsables de los mensajes que se han escrito en las paredes de los centros educativos. En varios liceos [&hellip;]<\/p>\n","protected":false},"author":2,"featured_media":192137,"comment_status":"closed","ping_status":"closed","sticky":false,"template":"","format":"standard","meta":{"footnotes":""},"categories":[26],"tags":[],"class_list":["post-192136","post","type-post","status-publish","format-standard","has-post-thumbnail","hentry","category-internacionales"],"yoast_head":"<!-- This site is optimized with the Yoast SEO plugin v24.4 - https:\/\/yoast.com\/wordpress\/plugins\/seo\/ -->\n<title>Alarma en las secundarias de Uruguay por un peligroso \u201cdesaf\u00edo\u201d viral que llega desde la Argentina - GYS NOTICIAS |<\/title>\n<meta name=\"robots\" content=\"index, follow, max-snippet:-1, max-image-preview:large, max-video-preview:-1\" \/>\n<link rel=\"canonical\" href=\"https:\/\/gysfm.com.ar\/inicio\/alarma-en-las-secundarias-de-uruguay-por-un-peligroso-desafio-viral-que-llega-desde-la-argentina\/\" \/>\n<meta property=\"og:locale\" content=\"es_ES\" \/>\n<meta property=\"og:type\" content=\"article\" \/>\n<meta property=\"og:title\" content=\"Alarma en las secundarias de Uruguay por un peligroso \u201cdesaf\u00edo\u201d viral que llega desde la Argentina - GYS NOTICIAS |\" \/>\n<meta property=\"og:description\" content=\"MONTEVIDEO.- Decenas de amenazas de tiroteos en colegios de Uruguay tienen en alerta a las familias de los estudiantes y a las autoridades, que han resuelto emitir advertencias sobre los riesgos a los que se exponen los responsables de los mensajes que se han escrito en las paredes de los centros educativos. En varios liceos [&hellip;]\" \/>\n<meta property=\"og:url\" content=\"https:\/\/gysfm.com.ar\/inicio\/alarma-en-las-secundarias-de-uruguay-por-un-peligroso-desafio-viral-que-llega-desde-la-argentina\/\" \/>\n<meta property=\"og:site_name\" content=\"GYS NOTICIAS |\" \/>\n<meta property=\"article:published_time\" content=\"2026-04-21T17:25:33+00:00\" \/>\n<meta property=\"article:modified_time\" content=\"2026-04-21T17:25:34+00:00\" \/>\n<meta property=\"og:image\" content=\"https:\/\/gysfm.com.ar\/inicio\/wp-content\/uploads\/2026\/04\/manana-van-a-morir-todos-reza-una-de-las-UW57UDFHPVEQ3HA73QZQNWQIYE.png\" \/>\n\t<meta property=\"og:image:width\" content=\"1200\" \/>\n\t<meta property=\"og:image:height\" content=\"800\" \/>\n\t<meta property=\"og:image:type\" content=\"image\/png\" \/>\n<meta name=\"author\" content=\"Prensa G&amp;S FM\" \/>\n<meta name=\"twitter:card\" content=\"summary_large_image\" \/>\n<meta name=\"twitter:label1\" content=\"Escrito por\" \/>\n\t<meta name=\"twitter:data1\" content=\"Prensa G&amp;S FM\" \/>\n\t<meta name=\"twitter:label2\" content=\"Tiempo de lectura\" \/>\n\t<meta name=\"twitter:data2\" content=\"4 minutos\" \/>\n<script type=\"application\/ld+json\" class=\"yoast-schema-graph\">{\"@context\":\"https:\/\/schema.org\",\"@graph\":[{\"@type\":\"Article\",\"@id\":\"https:\/\/gysfm.com.ar\/inicio\/alarma-en-las-secundarias-de-uruguay-por-un-peligroso-desafio-viral-que-llega-desde-la-argentina\/#article\",\"isPartOf\":{\"@id\":\"https:\/\/gysfm.com.ar\/inicio\/alarma-en-las-secundarias-de-uruguay-por-un-peligroso-desafio-viral-que-llega-desde-la-argentina\/\"},\"author\":{\"name\":\"Prensa G&amp;S FM\",\"@id\":\"https:\/\/gysfm.com.ar\/inicio\/#\/schema\/person\/3abba7593ef2ad19e1be221d54383dc5\"},\"headline\":\"Alarma en las secundarias de Uruguay por un peligroso \u201cdesaf\u00edo\u201d viral que llega desde la Argentina\",\"datePublished\":\"2026-04-21T17:25:33+00:00\",\"dateModified\":\"2026-04-21T17:25:34+00:00\",\"mainEntityOfPage\":{\"@id\":\"https:\/\/gysfm.com.ar\/inicio\/alarma-en-las-secundarias-de-uruguay-por-un-peligroso-desafio-viral-que-llega-desde-la-argentina\/\"},\"wordCount\":801,\"publisher\":{\"@id\":\"https:\/\/gysfm.com.ar\/inicio\/#organization\"},\"image\":{\"@id\":\"https:\/\/gysfm.com.ar\/inicio\/alarma-en-las-secundarias-de-uruguay-por-un-peligroso-desafio-viral-que-llega-desde-la-argentina\/#primaryimage\"},\"thumbnailUrl\":\"https:\/\/gysfm.com.ar\/inicio\/wp-content\/uploads\/2026\/04\/manana-van-a-morir-todos-reza-una-de-las-UW57UDFHPVEQ3HA73QZQNWQIYE.png\",\"articleSection\":[\"INTERNACIONALES\"],\"inLanguage\":\"es\"},{\"@type\":\"WebPage\",\"@id\":\"https:\/\/gysfm.com.ar\/inicio\/alarma-en-las-secundarias-de-uruguay-por-un-peligroso-desafio-viral-que-llega-desde-la-argentina\/\",\"url\":\"https:\/\/gysfm.com.ar\/inicio\/alarma-en-las-secundarias-de-uruguay-por-un-peligroso-desafio-viral-que-llega-desde-la-argentina\/\",\"name\":\"Alarma en las secundarias de Uruguay por un peligroso \u201cdesaf\u00edo\u201d viral que llega desde la Argentina - GYS NOTICIAS |\",\"isPartOf\":{\"@id\":\"https:\/\/gysfm.com.ar\/inicio\/#website\"},\"primaryImageOfPage\":{\"@id\":\"https:\/\/gysfm.com.ar\/inicio\/alarma-en-las-secundarias-de-uruguay-por-un-peligroso-desafio-viral-que-llega-desde-la-argentina\/#primaryimage\"},\"image\":{\"@id\":\"https:\/\/gysfm.com.ar\/inicio\/alarma-en-las-secundarias-de-uruguay-por-un-peligroso-desafio-viral-que-llega-desde-la-argentina\/#primaryimage\"},\"thumbnailUrl\":\"https:\/\/gysfm.com.ar\/inicio\/wp-content\/uploads\/2026\/04\/manana-van-a-morir-todos-reza-una-de-las-UW57UDFHPVEQ3HA73QZQNWQIYE.png\",\"datePublished\":\"2026-04-21T17:25:33+00:00\",\"dateModified\":\"2026-04-21T17:25:34+00:00\",\"breadcrumb\":{\"@id\":\"https:\/\/gysfm.com.ar\/inicio\/alarma-en-las-secundarias-de-uruguay-por-un-peligroso-desafio-viral-que-llega-desde-la-argentina\/#breadcrumb\"},\"inLanguage\":\"es\",\"potentialAction\":[{\"@type\":\"ReadAction\",\"target\":[\"https:\/\/gysfm.com.ar\/inicio\/alarma-en-las-secundarias-de-uruguay-por-un-peligroso-desafio-viral-que-llega-desde-la-argentina\/\"]}]},{\"@type\":\"ImageObject\",\"inLanguage\":\"es\",\"@id\":\"https:\/\/gysfm.com.ar\/inicio\/alarma-en-las-secundarias-de-uruguay-por-un-peligroso-desafio-viral-que-llega-desde-la-argentina\/#primaryimage\",\"url\":\"https:\/\/gysfm.com.ar\/inicio\/wp-content\/uploads\/2026\/04\/manana-van-a-morir-todos-reza-una-de-las-UW57UDFHPVEQ3HA73QZQNWQIYE.png\",\"contentUrl\":\"https:\/\/gysfm.com.ar\/inicio\/wp-content\/uploads\/2026\/04\/manana-van-a-morir-todos-reza-una-de-las-UW57UDFHPVEQ3HA73QZQNWQIYE.png\",\"width\":1200,\"height\":800},{\"@type\":\"BreadcrumbList\",\"@id\":\"https:\/\/gysfm.com.ar\/inicio\/alarma-en-las-secundarias-de-uruguay-por-un-peligroso-desafio-viral-que-llega-desde-la-argentina\/#breadcrumb\",\"itemListElement\":[{\"@type\":\"ListItem\",\"position\":1,\"name\":\"Portada\",\"item\":\"https:\/\/gysfm.com.ar\/inicio\/\"},{\"@type\":\"ListItem\",\"position\":2,\"name\":\"Alarma en las secundarias de Uruguay por un peligroso \u201cdesaf\u00edo\u201d viral que llega desde la Argentina\"}]},{\"@type\":\"WebSite\",\"@id\":\"https:\/\/gysfm.com.ar\/inicio\/#website\",\"url\":\"https:\/\/gysfm.com.ar\/inicio\/\",\"name\":\"GYS NOTICIAS |\",\"description\":\"DIARIO - RADIO ONLINE SAN JUAN ARGENTINA\",\"publisher\":{\"@id\":\"https:\/\/gysfm.com.ar\/inicio\/#organization\"},\"potentialAction\":[{\"@type\":\"SearchAction\",\"target\":{\"@type\":\"EntryPoint\",\"urlTemplate\":\"https:\/\/gysfm.com.ar\/inicio\/?s={search_term_string}\"},\"query-input\":{\"@type\":\"PropertyValueSpecification\",\"valueRequired\":true,\"valueName\":\"search_term_string\"}}],\"inLanguage\":\"es\"},{\"@type\":\"Organization\",\"@id\":\"https:\/\/gysfm.com.ar\/inicio\/#organization\",\"name\":\"GYS NOTICIAS |\",\"url\":\"https:\/\/gysfm.com.ar\/inicio\/\",\"logo\":{\"@type\":\"ImageObject\",\"inLanguage\":\"es\",\"@id\":\"https:\/\/gysfm.com.ar\/inicio\/#\/schema\/logo\/image\/\",\"url\":\"https:\/\/gysfm.com.ar\/inicio\/wp-content\/uploads\/2023\/07\/LOGOGYS-OK.png\",\"contentUrl\":\"https:\/\/gysfm.com.ar\/inicio\/wp-content\/uploads\/2023\/07\/LOGOGYS-OK.png\",\"width\":1170,\"height\":872,\"caption\":\"GYS NOTICIAS |\"},\"image\":{\"@id\":\"https:\/\/gysfm.com.ar\/inicio\/#\/schema\/logo\/image\/\"}},{\"@type\":\"Person\",\"@id\":\"https:\/\/gysfm.com.ar\/inicio\/#\/schema\/person\/3abba7593ef2ad19e1be221d54383dc5\",\"name\":\"Prensa G&amp;S FM\",\"image\":{\"@type\":\"ImageObject\",\"inLanguage\":\"es\",\"@id\":\"https:\/\/gysfm.com.ar\/inicio\/#\/schema\/person\/image\/\",\"url\":\"https:\/\/secure.gravatar.com\/avatar\/096ec78df02049ab018702bb4ccedf659377fa92a26540b5247612077a0dbd29?s=96&d=mm&r=g\",\"contentUrl\":\"https:\/\/secure.gravatar.com\/avatar\/096ec78df02049ab018702bb4ccedf659377fa92a26540b5247612077a0dbd29?s=96&d=mm&r=g\",\"caption\":\"Prensa G&amp;S FM\"},\"sameAs\":[\"https:\/\/gysfm.com.ar\/\"],\"url\":\"https:\/\/gysfm.com.ar\/inicio\/author\/lucasm\/\"}]}<\/script>\n<!-- \/ Yoast SEO plugin. -->","yoast_head_json":{"title":"Alarma en las secundarias de Uruguay por un peligroso \u201cdesaf\u00edo\u201d viral que llega desde la Argentina - GYS NOTICIAS |","robots":{"index":"index","follow":"follow","max-snippet":"max-snippet:-1","max-image-preview":"max-image-preview:large","max-video-preview":"max-video-preview:-1"},"canonical":"https:\/\/gysfm.com.ar\/inicio\/alarma-en-las-secundarias-de-uruguay-por-un-peligroso-desafio-viral-que-llega-desde-la-argentina\/","og_locale":"es_ES","og_type":"article","og_title":"Alarma en las secundarias de Uruguay por un peligroso \u201cdesaf\u00edo\u201d viral que llega desde la Argentina - GYS NOTICIAS |","og_description":"MONTEVIDEO.- Decenas de amenazas de tiroteos en colegios de Uruguay tienen en alerta a las familias de los estudiantes y a las autoridades, que han resuelto emitir advertencias sobre los riesgos a los que se exponen los responsables de los mensajes que se han escrito en las paredes de los centros educativos. En varios liceos [&hellip;]","og_url":"https:\/\/gysfm.com.ar\/inicio\/alarma-en-las-secundarias-de-uruguay-por-un-peligroso-desafio-viral-que-llega-desde-la-argentina\/","og_site_name":"GYS NOTICIAS |","article_published_time":"2026-04-21T17:25:33+00:00","article_modified_time":"2026-04-21T17:25:34+00:00","og_image":[{"width":1200,"height":800,"url":"https:\/\/gysfm.com.ar\/inicio\/wp-content\/uploads\/2026\/04\/manana-van-a-morir-todos-reza-una-de-las-UW57UDFHPVEQ3HA73QZQNWQIYE.png","type":"image\/png"}],"author":"Prensa G&amp;S FM","twitter_card":"summary_large_image","twitter_misc":{"Escrito por":"Prensa G&amp;S FM","Tiempo de lectura":"4 minutos"},"schema":{"@context":"https:\/\/schema.org","@graph":[{"@type":"Article","@id":"https:\/\/gysfm.com.ar\/inicio\/alarma-en-las-secundarias-de-uruguay-por-un-peligroso-desafio-viral-que-llega-desde-la-argentina\/#article","isPartOf":{"@id":"https:\/\/gysfm.com.ar\/inicio\/alarma-en-las-secundarias-de-uruguay-por-un-peligroso-desafio-viral-que-llega-desde-la-argentina\/"},"author":{"name":"Prensa G&amp;S FM","@id":"https:\/\/gysfm.com.ar\/inicio\/#\/schema\/person\/3abba7593ef2ad19e1be221d54383dc5"},"headline":"Alarma en las secundarias de Uruguay por un peligroso \u201cdesaf\u00edo\u201d viral que llega desde la Argentina","datePublished":"2026-04-21T17:25:33+00:00","dateModified":"2026-04-21T17:25:34+00:00","mainEntityOfPage":{"@id":"https:\/\/gysfm.com.ar\/inicio\/alarma-en-las-secundarias-de-uruguay-por-un-peligroso-desafio-viral-que-llega-desde-la-argentina\/"},"wordCount":801,"publisher":{"@id":"https:\/\/gysfm.com.ar\/inicio\/#organization"},"image":{"@id":"https:\/\/gysfm.com.ar\/inicio\/alarma-en-las-secundarias-de-uruguay-por-un-peligroso-desafio-viral-que-llega-desde-la-argentina\/#primaryimage"},"thumbnailUrl":"https:\/\/gysfm.com.ar\/inicio\/wp-content\/uploads\/2026\/04\/manana-van-a-morir-todos-reza-una-de-las-UW57UDFHPVEQ3HA73QZQNWQIYE.png","articleSection":["INTERNACIONALES"],"inLanguage":"es"},{"@type":"WebPage","@id":"https:\/\/gysfm.com.ar\/inicio\/alarma-en-las-secundarias-de-uruguay-por-un-peligroso-desafio-viral-que-llega-desde-la-argentina\/","url":"https:\/\/gysfm.com.ar\/inicio\/alarma-en-las-secundarias-de-uruguay-por-un-peligroso-desafio-viral-que-llega-desde-la-argentina\/","name":"Alarma en las secundarias de Uruguay por un peligroso \u201cdesaf\u00edo\u201d viral que llega desde la Argentina - GYS NOTICIAS |","isPartOf":{"@id":"https:\/\/gysfm.com.ar\/inicio\/#website"},"primaryImageOfPage":{"@id":"https:\/\/gysfm.com.ar\/inicio\/alarma-en-las-secundarias-de-uruguay-por-un-peligroso-desafio-viral-que-llega-desde-la-argentina\/#primaryimage"},"image":{"@id":"https:\/\/gysfm.com.ar\/inicio\/alarma-en-las-secundarias-de-uruguay-por-un-peligroso-desafio-viral-que-llega-desde-la-argentina\/#primaryimage"},"thumbnailUrl":"https:\/\/gysfm.com.ar\/inicio\/wp-content\/uploads\/2026\/04\/manana-van-a-morir-todos-reza-una-de-las-UW57UDFHPVEQ3HA73QZQNWQIYE.png","datePublished":"2026-04-21T17:25:33+00:00","dateModified":"2026-04-21T17:25:34+00:00","breadcrumb":{"@id":"https:\/\/gysfm.com.ar\/inicio\/alarma-en-las-secundarias-de-uruguay-por-un-peligroso-desafio-viral-que-llega-desde-la-argentina\/#breadcrumb"},"inLanguage":"es","potentialAction":[{"@type":"ReadAction","target":["https:\/\/gysfm.com.ar\/inicio\/alarma-en-las-secundarias-de-uruguay-por-un-peligroso-desafio-viral-que-llega-desde-la-argentina\/"]}]},{"@type":"ImageObject","inLanguage":"es","@id":"https:\/\/gysfm.com.ar\/inicio\/alarma-en-las-secundarias-de-uruguay-por-un-peligroso-desafio-viral-que-llega-desde-la-argentina\/#primaryimage","url":"https:\/\/gysfm.com.ar\/inicio\/wp-content\/uploads\/2026\/04\/manana-van-a-morir-todos-reza-una-de-las-UW57UDFHPVEQ3HA73QZQNWQIYE.png","contentUrl":"https:\/\/gysfm.com.ar\/inicio\/wp-content\/uploads\/2026\/04\/manana-van-a-morir-todos-reza-una-de-las-UW57UDFHPVEQ3HA73QZQNWQIYE.png","width":1200,"height":800},{"@type":"BreadcrumbList","@id":"https:\/\/gysfm.com.ar\/inicio\/alarma-en-las-secundarias-de-uruguay-por-un-peligroso-desafio-viral-que-llega-desde-la-argentina\/#breadcrumb","itemListElement":[{"@type":"ListItem","position":1,"name":"Portada","item":"https:\/\/gysfm.com.ar\/inicio\/"},{"@type":"ListItem","position":2,"name":"Alarma en las secundarias de Uruguay por un peligroso \u201cdesaf\u00edo\u201d viral que llega desde la Argentina"}]},{"@type":"WebSite","@id":"https:\/\/gysfm.com.ar\/inicio\/#website","url":"https:\/\/gysfm.com.ar\/inicio\/","name":"GYS NOTICIAS |","description":"DIARIO - RADIO ONLINE SAN JUAN ARGENTINA","publisher":{"@id":"https:\/\/gysfm.com.ar\/inicio\/#organization"},"potentialAction":[{"@type":"SearchAction","target":{"@type":"EntryPoint","urlTemplate":"https:\/\/gysfm.com.ar\/inicio\/?s={search_term_string}"},"query-input":{"@type":"PropertyValueSpecification","valueRequired":true,"valueName":"search_term_string"}}],"inLanguage":"es"},{"@type":"Organization","@id":"https:\/\/gysfm.com.ar\/inicio\/#organization","name":"GYS NOTICIAS |","url":"https:\/\/gysfm.com.ar\/inicio\/","logo":{"@type":"ImageObject","inLanguage":"es","@id":"https:\/\/gysfm.com.ar\/inicio\/#\/schema\/logo\/image\/","url":"https:\/\/gysfm.com.ar\/inicio\/wp-content\/uploads\/2023\/07\/LOGOGYS-OK.png","contentUrl":"https:\/\/gysfm.com.ar\/inicio\/wp-content\/uploads\/2023\/07\/LOGOGYS-OK.png","width":1170,"height":872,"caption":"GYS NOTICIAS |"},"image":{"@id":"https:\/\/gysfm.com.ar\/inicio\/#\/schema\/logo\/image\/"}},{"@type":"Person","@id":"https:\/\/gysfm.com.ar\/inicio\/#\/schema\/person\/3abba7593ef2ad19e1be221d54383dc5","name":"Prensa G&amp;S FM","image":{"@type":"ImageObject","inLanguage":"es","@id":"https:\/\/gysfm.com.ar\/inicio\/#\/schema\/person\/image\/","url":"https:\/\/secure.gravatar.com\/avatar\/096ec78df02049ab018702bb4ccedf659377fa92a26540b5247612077a0dbd29?s=96&d=mm&r=g","contentUrl":"https:\/\/secure.gravatar.com\/avatar\/096ec78df02049ab018702bb4ccedf659377fa92a26540b5247612077a0dbd29?s=96&d=mm&r=g","caption":"Prensa G&amp;S FM"},"sameAs":["https:\/\/gysfm.com.ar\/"],"url":"https:\/\/gysfm.com.ar\/inicio\/author\/lucasm\/"}]}},"_links":{"self":[{"href":"https:\/\/gysfm.com.ar\/inicio\/wp-json\/wp\/v2\/posts\/192136","targetHints":{"allow":["GET"]}}],"collection":[{"href":"https:\/\/gysfm.com.ar\/inicio\/wp-json\/wp\/v2\/posts"}],"about":[{"href":"https:\/\/gysfm.com.ar\/inicio\/wp-json\/wp\/v2\/types\/post"}],"author":[{"embeddable":true,"href":"https:\/\/gysfm.com.ar\/inicio\/wp-json\/wp\/v2\/users\/2"}],"replies":[{"embeddable":true,"href":"https:\/\/gysfm.com.ar\/inicio\/wp-json\/wp\/v2\/comments?post=192136"}],"version-history":[{"count":1,"href":"https:\/\/gysfm.com.ar\/inicio\/wp-json\/wp\/v2\/posts\/192136\/revisions"}],"predecessor-version":[{"id":192138,"href":"https:\/\/gysfm.com.ar\/inicio\/wp-json\/wp\/v2\/posts\/192136\/revisions\/192138"}],"wp:featuredmedia":[{"embeddable":true,"href":"https:\/\/gysfm.com.ar\/inicio\/wp-json\/wp\/v2\/media\/192137"}],"wp:attachment":[{"href":"https:\/\/gysfm.com.ar\/inicio\/wp-json\/wp\/v2\/media?parent=192136"}],"wp:term":[{"taxonomy":"category","embeddable":true,"href":"https:\/\/gysfm.com.ar\/inicio\/wp-json\/wp\/v2\/categories?post=192136"},{"taxonomy":"post_tag","embeddable":true,"href":"https:\/\/gysfm.com.ar\/inicio\/wp-json\/wp\/v2\/tags?post=192136"}],"curies":[{"name":"wp","href":"https:\/\/api.w.org\/{rel}","templated":true}]}}