{"id":192118,"date":"2026-04-21T13:11:05","date_gmt":"2026-04-21T16:11:05","guid":{"rendered":"https:\/\/gysfm.com.ar\/inicio\/subte-en-buenos-aires-la-extension-de-la-linea-h-clave-para-la-integracion-metropolitana\/"},"modified":"2026-04-21T13:11:05","modified_gmt":"2026-04-21T16:11:05","slug":"subte-en-buenos-aires-la-extension-de-la-linea-h-clave-para-la-integracion-metropolitana","status":"publish","type":"post","link":"https:\/\/gysfm.com.ar\/inicio\/subte-en-buenos-aires-la-extension-de-la-linea-h-clave-para-la-integracion-metropolitana\/","title":{"rendered":"Subte en Buenos Aires: la extensi\u00f3n de la l\u00ednea H, clave para la integraci\u00f3n metropolitana"},"content":{"rendered":"<p><\/p>\n<div id=\"article-content\">\n<p>El debate sobre la <strong>expansi\u00f3n del subte <\/strong>en la Ciudad de Buenos Aires vuelve a tomar protagonismo, con <a target=\"_blank\" href=\"https:\/\/www.perfil.com\/noticias\/canal-e\/comunicacion-politica-en-la-era-de-la-inteligencia-artificial-que-cambio.phtml\">proyectos<\/a> que podr\u00edan transformar la <a target=\"_blank\" href=\"https:\/\/www.perfil.com\/noticias\/canal-e\/roberto-cachanosky-hoy-el-banco-central-es-como-una-especie-de-secretaria-del-ministerio-de-economia.phtml\">movilidad urbana<\/a>. En este contexto, <strong>Andr\u00e9s Borthagaray <\/strong>plante\u00f3 que existen oportunidades concretas para potenciar la red actual: \u201c<strong>El subte es un tema crucial de la ciudad y hay como frutas maduras, temas que si realmente se los concreta ponen en valor esfuerzos acumulados durante muchos a\u00f1os<\/strong>\u201d.<\/p>\n<p>El especialista destac\u00f3 particularmente el rol de la l\u00ednea H, una de las m\u00e1s estrat\u00e9gicas pero subutilizadas: \u201c<strong>Es la que hace muchas combinaciones, pero es la que tiene menos pasajeros y son b\u00e1sicamente pasajeros de combinaci\u00f3n<\/strong>\u201d. Seg\u00fan explic\u00f3, extender su recorrido hasta S\u00e1enz permitir\u00eda reposicionarla dentro del sistema y aprovechar mejor la infraestructura existente.<\/p>\n<h2><strong>La l\u00ednea H y el desaf\u00edo de conectar con la provincia<\/strong><\/h2>\n<p>Para <strong>Borthagaray<\/strong>, la clave est\u00e1 en pensar el subte como una red metropolitana y no solo urbana: \u201c<strong>Si en vez de terminar donde termina hoy en la estaci\u00f3n Hospitales, terminara en la estaci\u00f3n S\u00e1enz, estar\u00eda entre las 10 primeras y permitir\u00eda proyectarse a Lan\u00fas y convertirse en un verdadero eje de integraci\u00f3n metropolitana<\/strong>\u201d.<\/p>\n<p>En esa l\u00ednea, subray\u00f3 la necesidad de articular el subte con otros medios de transporte: \u201c<strong>Un primer paso es que se articule con un tren como el Belgrano Sur. Ya llegar a la estaci\u00f3n ser\u00eda un factor important\u00edsimo de integraci\u00f3n metropolitana<\/strong>\u201d. A futuro, incluso plante\u00f3 la posibilidad de cruzar el Riachuelo y expandir el servicio hacia el conurbano bonaerense.<\/p>\n<p>El urbanista tambi\u00e9n puso en perspectiva la cercan\u00eda geogr\u00e1fica del sur respecto al centro porte\u00f1o: \u201c<strong>El Riachuelo est\u00e1 a 3 kil\u00f3metros y medio de la Plaza de Mayo. Proyectarnos hacia ese lado va a mejorar much\u00edsimo la conectividad<\/strong>\u201d. Esta expansi\u00f3n, seg\u00fan explic\u00f3, favorecer\u00eda tanto a trabajadores como a estudiantes y contribuir\u00eda a una mayor vitalidad urbana.<\/p>\n<p><iframe id=\"vrudo\" class=\"vrudo\" src=\"https:\/\/rudo.video\/vod\/yiMvGZVIiSY?volume=0\" width=\"100%\" height=\"100%\" allowscriptaccess=\"always\" allowfullscreen=\"true\" webkitallowfullscreen=\"true\" frameborder=\"0\" scrolling=\"no\" allow=\"autoplay; fullscreen\" loading=\"lazy\" title=\"Contenido embebido\"><\/iframe><\/p>\n<h2><strong>Tarifas, financiamiento y prioridades pol\u00edticas<\/strong><\/h2>\n<p>M\u00e1s all\u00e1 de la infraestructura, <strong>Borthagaray<\/strong> se\u00f1al\u00f3 que el sistema enfrenta problemas de uso vinculados a la pol\u00edtica tarifaria: \u201c<strong>El subte ha llegado a tener un mill\u00f3n doscientos mil pasajeros diarios y hoy tiene un poquito m\u00e1s de ochocientos mil<\/strong>\u201d. En su visi\u00f3n, esto responde no solo a cambios de h\u00e1bitos tras la pandemia, sino tambi\u00e9n a una falta de integraci\u00f3n tarifaria.<\/p>\n<p>\u201c<strong>Hay una pol\u00edtica tarifaria que no est\u00e1 favoreciendo el uso del subte<\/strong>\u201d, afirm\u00f3, al tiempo que remarc\u00f3 la importancia de mejorar la combinaci\u00f3n con colectivos y otros sistemas de transporte para recuperar pasajeros.<\/p>\n<p>En cuanto al financiamiento, el especialista fue cr\u00edtico sobre las prioridades actuales: \u201c<strong>El flujo de recursos que entra por los peajes de autopista tendr\u00eda mucho m\u00e1s sentido si fuera prioritariamente a expandir la red del subte que hacer m\u00e1s autopistas<\/strong>\u201d. Tambi\u00e9n mencion\u00f3 la posibilidad de acceder a cr\u00e9ditos internacionales, aunque advirti\u00f3 que se trata de procesos largos.<\/p>\n<p>En s\u00edntesis, <strong>Borthagaray<\/strong> dej\u00f3 en claro que el futuro del subte depende tanto de decisiones t\u00e9cnicas como pol\u00edticas: \u201c<strong>Es deseable que llegue a la provincia, es una infraestructura metropolitana<\/strong>\u201d, concluy\u00f3, marcando el rumbo hacia una ciudad m\u00e1s conectada.<\/p>\n<\/p><\/div>\n<p><script>\n                !function(f,b,e,v,n,t,s)\n                {if(f.fbq)return;n=f.fbq=function(){n.callMethod?\n                    n.callMethod.apply(n,arguments):n.queue.push(arguments)};\n                    if(!f._fbq)f._fbq=n;n.push=n;n.loaded=!0;n.version='2.0';\n                    n.queue=[];t=b.createElement(e);t.async=!0;\n                    t.src=v;s=b.getElementsByTagName(e)[0];\n                    s.parentNode.insertBefore(t,s)}(window, document,'script',\n                    'https:\/\/connect.facebook.net\/en_US\/fbevents.js');\n                window.paywallConfig.facebook_pixel=\"1000228364089342\"\n            <\/script><\/p>\n","protected":false},"excerpt":{"rendered":"<p>El debate sobre la expansi\u00f3n del subte en la Ciudad de Buenos Aires vuelve a tomar protagonismo, con proyectos que podr\u00edan transformar la movilidad urbana. En este contexto, Andr\u00e9s Borthagaray plante\u00f3 que existen oportunidades concretas para potenciar la red actual: \u201cEl subte es un tema crucial de la ciudad y hay como frutas maduras, temas [&hellip;]<\/p>\n","protected":false},"author":2,"featured_media":192119,"comment_status":"closed","ping_status":"closed","sticky":false,"template":"","format":"standard","meta":{"footnotes":""},"categories":[25],"tags":[],"class_list":["post-192118","post","type-post","status-publish","format-standard","has-post-thumbnail","hentry","category-nacionales"],"yoast_head":"<!-- This site is optimized with the Yoast SEO plugin v24.4 - https:\/\/yoast.com\/wordpress\/plugins\/seo\/ -->\n<title>Subte en Buenos Aires: la extensi\u00f3n de la l\u00ednea H, clave para la integraci\u00f3n metropolitana - GYS NOTICIAS |<\/title>\n<meta name=\"robots\" content=\"index, follow, max-snippet:-1, max-image-preview:large, max-video-preview:-1\" \/>\n<link rel=\"canonical\" href=\"https:\/\/gysfm.com.ar\/inicio\/subte-en-buenos-aires-la-extension-de-la-linea-h-clave-para-la-integracion-metropolitana\/\" \/>\n<meta property=\"og:locale\" content=\"es_ES\" \/>\n<meta property=\"og:type\" content=\"article\" \/>\n<meta property=\"og:title\" content=\"Subte en Buenos Aires: la extensi\u00f3n de la l\u00ednea H, clave para la integraci\u00f3n metropolitana - GYS NOTICIAS |\" \/>\n<meta property=\"og:description\" content=\"El debate sobre la expansi\u00f3n del subte en la Ciudad de Buenos Aires vuelve a tomar protagonismo, con proyectos que podr\u00edan transformar la movilidad urbana. En este contexto, Andr\u00e9s Borthagaray plante\u00f3 que existen oportunidades concretas para potenciar la red actual: \u201cEl subte es un tema crucial de la ciudad y hay como frutas maduras, temas [&hellip;]\" \/>\n<meta property=\"og:url\" content=\"https:\/\/gysfm.com.ar\/inicio\/subte-en-buenos-aires-la-extension-de-la-linea-h-clave-para-la-integracion-metropolitana\/\" \/>\n<meta property=\"og:site_name\" content=\"GYS NOTICIAS |\" \/>\n<meta property=\"article:published_time\" content=\"2026-04-21T16:11:05+00:00\" \/>\n<meta name=\"author\" content=\"Prensa G&amp;S FM\" \/>\n<meta name=\"twitter:card\" content=\"summary_large_image\" \/>\n<meta name=\"twitter:label1\" content=\"Escrito por\" \/>\n\t<meta name=\"twitter:data1\" content=\"Prensa G&amp;S FM\" \/>\n\t<meta name=\"twitter:label2\" content=\"Tiempo de lectura\" \/>\n\t<meta name=\"twitter:data2\" content=\"3 minutos\" \/>\n<script type=\"application\/ld+json\" class=\"yoast-schema-graph\">{\"@context\":\"https:\/\/schema.org\",\"@graph\":[{\"@type\":\"Article\",\"@id\":\"https:\/\/gysfm.com.ar\/inicio\/subte-en-buenos-aires-la-extension-de-la-linea-h-clave-para-la-integracion-metropolitana\/#article\",\"isPartOf\":{\"@id\":\"https:\/\/gysfm.com.ar\/inicio\/subte-en-buenos-aires-la-extension-de-la-linea-h-clave-para-la-integracion-metropolitana\/\"},\"author\":{\"name\":\"Prensa G&amp;S FM\",\"@id\":\"https:\/\/gysfm.com.ar\/inicio\/#\/schema\/person\/3abba7593ef2ad19e1be221d54383dc5\"},\"headline\":\"Subte en Buenos Aires: la extensi\u00f3n de la l\u00ednea H, clave para la integraci\u00f3n metropolitana\",\"datePublished\":\"2026-04-21T16:11:05+00:00\",\"mainEntityOfPage\":{\"@id\":\"https:\/\/gysfm.com.ar\/inicio\/subte-en-buenos-aires-la-extension-de-la-linea-h-clave-para-la-integracion-metropolitana\/\"},\"wordCount\":571,\"publisher\":{\"@id\":\"https:\/\/gysfm.com.ar\/inicio\/#organization\"},\"image\":{\"@id\":\"https:\/\/gysfm.com.ar\/inicio\/subte-en-buenos-aires-la-extension-de-la-linea-h-clave-para-la-integracion-metropolitana\/#primaryimage\"},\"thumbnailUrl\":\"https:\/\/gysfm.com.ar\/inicio\/wp-content\/uploads\/2026\/04\/subte-2224348.jpg\",\"articleSection\":[\"NACIONALES\"],\"inLanguage\":\"es\"},{\"@type\":\"WebPage\",\"@id\":\"https:\/\/gysfm.com.ar\/inicio\/subte-en-buenos-aires-la-extension-de-la-linea-h-clave-para-la-integracion-metropolitana\/\",\"url\":\"https:\/\/gysfm.com.ar\/inicio\/subte-en-buenos-aires-la-extension-de-la-linea-h-clave-para-la-integracion-metropolitana\/\",\"name\":\"Subte en Buenos Aires: la extensi\u00f3n de la l\u00ednea H, clave para la integraci\u00f3n metropolitana - GYS NOTICIAS |\",\"isPartOf\":{\"@id\":\"https:\/\/gysfm.com.ar\/inicio\/#website\"},\"primaryImageOfPage\":{\"@id\":\"https:\/\/gysfm.com.ar\/inicio\/subte-en-buenos-aires-la-extension-de-la-linea-h-clave-para-la-integracion-metropolitana\/#primaryimage\"},\"image\":{\"@id\":\"https:\/\/gysfm.com.ar\/inicio\/subte-en-buenos-aires-la-extension-de-la-linea-h-clave-para-la-integracion-metropolitana\/#primaryimage\"},\"thumbnailUrl\":\"https:\/\/gysfm.com.ar\/inicio\/wp-content\/uploads\/2026\/04\/subte-2224348.jpg\",\"datePublished\":\"2026-04-21T16:11:05+00:00\",\"breadcrumb\":{\"@id\":\"https:\/\/gysfm.com.ar\/inicio\/subte-en-buenos-aires-la-extension-de-la-linea-h-clave-para-la-integracion-metropolitana\/#breadcrumb\"},\"inLanguage\":\"es\",\"potentialAction\":[{\"@type\":\"ReadAction\",\"target\":[\"https:\/\/gysfm.com.ar\/inicio\/subte-en-buenos-aires-la-extension-de-la-linea-h-clave-para-la-integracion-metropolitana\/\"]}]},{\"@type\":\"ImageObject\",\"inLanguage\":\"es\",\"@id\":\"https:\/\/gysfm.com.ar\/inicio\/subte-en-buenos-aires-la-extension-de-la-linea-h-clave-para-la-integracion-metropolitana\/#primaryimage\",\"url\":\"https:\/\/gysfm.com.ar\/inicio\/wp-content\/uploads\/2026\/04\/subte-2224348.jpg\",\"contentUrl\":\"https:\/\/gysfm.com.ar\/inicio\/wp-content\/uploads\/2026\/04\/subte-2224348.jpg\",\"width\":1140,\"height\":641},{\"@type\":\"BreadcrumbList\",\"@id\":\"https:\/\/gysfm.com.ar\/inicio\/subte-en-buenos-aires-la-extension-de-la-linea-h-clave-para-la-integracion-metropolitana\/#breadcrumb\",\"itemListElement\":[{\"@type\":\"ListItem\",\"position\":1,\"name\":\"Portada\",\"item\":\"https:\/\/gysfm.com.ar\/inicio\/\"},{\"@type\":\"ListItem\",\"position\":2,\"name\":\"Subte en Buenos Aires: la extensi\u00f3n de la l\u00ednea H, clave para la integraci\u00f3n metropolitana\"}]},{\"@type\":\"WebSite\",\"@id\":\"https:\/\/gysfm.com.ar\/inicio\/#website\",\"url\":\"https:\/\/gysfm.com.ar\/inicio\/\",\"name\":\"GYS NOTICIAS |\",\"description\":\"DIARIO - RADIO ONLINE SAN JUAN ARGENTINA\",\"publisher\":{\"@id\":\"https:\/\/gysfm.com.ar\/inicio\/#organization\"},\"potentialAction\":[{\"@type\":\"SearchAction\",\"target\":{\"@type\":\"EntryPoint\",\"urlTemplate\":\"https:\/\/gysfm.com.ar\/inicio\/?s={search_term_string}\"},\"query-input\":{\"@type\":\"PropertyValueSpecification\",\"valueRequired\":true,\"valueName\":\"search_term_string\"}}],\"inLanguage\":\"es\"},{\"@type\":\"Organization\",\"@id\":\"https:\/\/gysfm.com.ar\/inicio\/#organization\",\"name\":\"GYS NOTICIAS |\",\"url\":\"https:\/\/gysfm.com.ar\/inicio\/\",\"logo\":{\"@type\":\"ImageObject\",\"inLanguage\":\"es\",\"@id\":\"https:\/\/gysfm.com.ar\/inicio\/#\/schema\/logo\/image\/\",\"url\":\"https:\/\/gysfm.com.ar\/inicio\/wp-content\/uploads\/2023\/07\/LOGOGYS-OK.png\",\"contentUrl\":\"https:\/\/gysfm.com.ar\/inicio\/wp-content\/uploads\/2023\/07\/LOGOGYS-OK.png\",\"width\":1170,\"height\":872,\"caption\":\"GYS NOTICIAS |\"},\"image\":{\"@id\":\"https:\/\/gysfm.com.ar\/inicio\/#\/schema\/logo\/image\/\"}},{\"@type\":\"Person\",\"@id\":\"https:\/\/gysfm.com.ar\/inicio\/#\/schema\/person\/3abba7593ef2ad19e1be221d54383dc5\",\"name\":\"Prensa G&amp;S FM\",\"image\":{\"@type\":\"ImageObject\",\"inLanguage\":\"es\",\"@id\":\"https:\/\/gysfm.com.ar\/inicio\/#\/schema\/person\/image\/\",\"url\":\"https:\/\/secure.gravatar.com\/avatar\/096ec78df02049ab018702bb4ccedf659377fa92a26540b5247612077a0dbd29?s=96&d=mm&r=g\",\"contentUrl\":\"https:\/\/secure.gravatar.com\/avatar\/096ec78df02049ab018702bb4ccedf659377fa92a26540b5247612077a0dbd29?s=96&d=mm&r=g\",\"caption\":\"Prensa G&amp;S FM\"},\"sameAs\":[\"https:\/\/gysfm.com.ar\/\"],\"url\":\"https:\/\/gysfm.com.ar\/inicio\/author\/lucasm\/\"}]}<\/script>\n<!-- \/ Yoast SEO plugin. -->","yoast_head_json":{"title":"Subte en Buenos Aires: la extensi\u00f3n de la l\u00ednea H, clave para la integraci\u00f3n metropolitana - GYS NOTICIAS |","robots":{"index":"index","follow":"follow","max-snippet":"max-snippet:-1","max-image-preview":"max-image-preview:large","max-video-preview":"max-video-preview:-1"},"canonical":"https:\/\/gysfm.com.ar\/inicio\/subte-en-buenos-aires-la-extension-de-la-linea-h-clave-para-la-integracion-metropolitana\/","og_locale":"es_ES","og_type":"article","og_title":"Subte en Buenos Aires: la extensi\u00f3n de la l\u00ednea H, clave para la integraci\u00f3n metropolitana - GYS NOTICIAS |","og_description":"El debate sobre la expansi\u00f3n del subte en la Ciudad de Buenos Aires vuelve a tomar protagonismo, con proyectos que podr\u00edan transformar la movilidad urbana. En este contexto, Andr\u00e9s Borthagaray plante\u00f3 que existen oportunidades concretas para potenciar la red actual: \u201cEl subte es un tema crucial de la ciudad y hay como frutas maduras, temas [&hellip;]","og_url":"https:\/\/gysfm.com.ar\/inicio\/subte-en-buenos-aires-la-extension-de-la-linea-h-clave-para-la-integracion-metropolitana\/","og_site_name":"GYS NOTICIAS |","article_published_time":"2026-04-21T16:11:05+00:00","author":"Prensa G&amp;S FM","twitter_card":"summary_large_image","twitter_misc":{"Escrito por":"Prensa G&amp;S FM","Tiempo de lectura":"3 minutos"},"schema":{"@context":"https:\/\/schema.org","@graph":[{"@type":"Article","@id":"https:\/\/gysfm.com.ar\/inicio\/subte-en-buenos-aires-la-extension-de-la-linea-h-clave-para-la-integracion-metropolitana\/#article","isPartOf":{"@id":"https:\/\/gysfm.com.ar\/inicio\/subte-en-buenos-aires-la-extension-de-la-linea-h-clave-para-la-integracion-metropolitana\/"},"author":{"name":"Prensa G&amp;S FM","@id":"https:\/\/gysfm.com.ar\/inicio\/#\/schema\/person\/3abba7593ef2ad19e1be221d54383dc5"},"headline":"Subte en Buenos Aires: la extensi\u00f3n de la l\u00ednea H, clave para la integraci\u00f3n metropolitana","datePublished":"2026-04-21T16:11:05+00:00","mainEntityOfPage":{"@id":"https:\/\/gysfm.com.ar\/inicio\/subte-en-buenos-aires-la-extension-de-la-linea-h-clave-para-la-integracion-metropolitana\/"},"wordCount":571,"publisher":{"@id":"https:\/\/gysfm.com.ar\/inicio\/#organization"},"image":{"@id":"https:\/\/gysfm.com.ar\/inicio\/subte-en-buenos-aires-la-extension-de-la-linea-h-clave-para-la-integracion-metropolitana\/#primaryimage"},"thumbnailUrl":"https:\/\/gysfm.com.ar\/inicio\/wp-content\/uploads\/2026\/04\/subte-2224348.jpg","articleSection":["NACIONALES"],"inLanguage":"es"},{"@type":"WebPage","@id":"https:\/\/gysfm.com.ar\/inicio\/subte-en-buenos-aires-la-extension-de-la-linea-h-clave-para-la-integracion-metropolitana\/","url":"https:\/\/gysfm.com.ar\/inicio\/subte-en-buenos-aires-la-extension-de-la-linea-h-clave-para-la-integracion-metropolitana\/","name":"Subte en Buenos Aires: la extensi\u00f3n de la l\u00ednea H, clave para la integraci\u00f3n metropolitana - GYS NOTICIAS |","isPartOf":{"@id":"https:\/\/gysfm.com.ar\/inicio\/#website"},"primaryImageOfPage":{"@id":"https:\/\/gysfm.com.ar\/inicio\/subte-en-buenos-aires-la-extension-de-la-linea-h-clave-para-la-integracion-metropolitana\/#primaryimage"},"image":{"@id":"https:\/\/gysfm.com.ar\/inicio\/subte-en-buenos-aires-la-extension-de-la-linea-h-clave-para-la-integracion-metropolitana\/#primaryimage"},"thumbnailUrl":"https:\/\/gysfm.com.ar\/inicio\/wp-content\/uploads\/2026\/04\/subte-2224348.jpg","datePublished":"2026-04-21T16:11:05+00:00","breadcrumb":{"@id":"https:\/\/gysfm.com.ar\/inicio\/subte-en-buenos-aires-la-extension-de-la-linea-h-clave-para-la-integracion-metropolitana\/#breadcrumb"},"inLanguage":"es","potentialAction":[{"@type":"ReadAction","target":["https:\/\/gysfm.com.ar\/inicio\/subte-en-buenos-aires-la-extension-de-la-linea-h-clave-para-la-integracion-metropolitana\/"]}]},{"@type":"ImageObject","inLanguage":"es","@id":"https:\/\/gysfm.com.ar\/inicio\/subte-en-buenos-aires-la-extension-de-la-linea-h-clave-para-la-integracion-metropolitana\/#primaryimage","url":"https:\/\/gysfm.com.ar\/inicio\/wp-content\/uploads\/2026\/04\/subte-2224348.jpg","contentUrl":"https:\/\/gysfm.com.ar\/inicio\/wp-content\/uploads\/2026\/04\/subte-2224348.jpg","width":1140,"height":641},{"@type":"BreadcrumbList","@id":"https:\/\/gysfm.com.ar\/inicio\/subte-en-buenos-aires-la-extension-de-la-linea-h-clave-para-la-integracion-metropolitana\/#breadcrumb","itemListElement":[{"@type":"ListItem","position":1,"name":"Portada","item":"https:\/\/gysfm.com.ar\/inicio\/"},{"@type":"ListItem","position":2,"name":"Subte en Buenos Aires: la extensi\u00f3n de la l\u00ednea H, clave para la integraci\u00f3n metropolitana"}]},{"@type":"WebSite","@id":"https:\/\/gysfm.com.ar\/inicio\/#website","url":"https:\/\/gysfm.com.ar\/inicio\/","name":"GYS NOTICIAS |","description":"DIARIO - RADIO ONLINE SAN JUAN ARGENTINA","publisher":{"@id":"https:\/\/gysfm.com.ar\/inicio\/#organization"},"potentialAction":[{"@type":"SearchAction","target":{"@type":"EntryPoint","urlTemplate":"https:\/\/gysfm.com.ar\/inicio\/?s={search_term_string}"},"query-input":{"@type":"PropertyValueSpecification","valueRequired":true,"valueName":"search_term_string"}}],"inLanguage":"es"},{"@type":"Organization","@id":"https:\/\/gysfm.com.ar\/inicio\/#organization","name":"GYS NOTICIAS |","url":"https:\/\/gysfm.com.ar\/inicio\/","logo":{"@type":"ImageObject","inLanguage":"es","@id":"https:\/\/gysfm.com.ar\/inicio\/#\/schema\/logo\/image\/","url":"https:\/\/gysfm.com.ar\/inicio\/wp-content\/uploads\/2023\/07\/LOGOGYS-OK.png","contentUrl":"https:\/\/gysfm.com.ar\/inicio\/wp-content\/uploads\/2023\/07\/LOGOGYS-OK.png","width":1170,"height":872,"caption":"GYS NOTICIAS |"},"image":{"@id":"https:\/\/gysfm.com.ar\/inicio\/#\/schema\/logo\/image\/"}},{"@type":"Person","@id":"https:\/\/gysfm.com.ar\/inicio\/#\/schema\/person\/3abba7593ef2ad19e1be221d54383dc5","name":"Prensa G&amp;S FM","image":{"@type":"ImageObject","inLanguage":"es","@id":"https:\/\/gysfm.com.ar\/inicio\/#\/schema\/person\/image\/","url":"https:\/\/secure.gravatar.com\/avatar\/096ec78df02049ab018702bb4ccedf659377fa92a26540b5247612077a0dbd29?s=96&d=mm&r=g","contentUrl":"https:\/\/secure.gravatar.com\/avatar\/096ec78df02049ab018702bb4ccedf659377fa92a26540b5247612077a0dbd29?s=96&d=mm&r=g","caption":"Prensa G&amp;S FM"},"sameAs":["https:\/\/gysfm.com.ar\/"],"url":"https:\/\/gysfm.com.ar\/inicio\/author\/lucasm\/"}]}},"_links":{"self":[{"href":"https:\/\/gysfm.com.ar\/inicio\/wp-json\/wp\/v2\/posts\/192118","targetHints":{"allow":["GET"]}}],"collection":[{"href":"https:\/\/gysfm.com.ar\/inicio\/wp-json\/wp\/v2\/posts"}],"about":[{"href":"https:\/\/gysfm.com.ar\/inicio\/wp-json\/wp\/v2\/types\/post"}],"author":[{"embeddable":true,"href":"https:\/\/gysfm.com.ar\/inicio\/wp-json\/wp\/v2\/users\/2"}],"replies":[{"embeddable":true,"href":"https:\/\/gysfm.com.ar\/inicio\/wp-json\/wp\/v2\/comments?post=192118"}],"version-history":[{"count":0,"href":"https:\/\/gysfm.com.ar\/inicio\/wp-json\/wp\/v2\/posts\/192118\/revisions"}],"wp:featuredmedia":[{"embeddable":true,"href":"https:\/\/gysfm.com.ar\/inicio\/wp-json\/wp\/v2\/media\/192119"}],"wp:attachment":[{"href":"https:\/\/gysfm.com.ar\/inicio\/wp-json\/wp\/v2\/media?parent=192118"}],"wp:term":[{"taxonomy":"category","embeddable":true,"href":"https:\/\/gysfm.com.ar\/inicio\/wp-json\/wp\/v2\/categories?post=192118"},{"taxonomy":"post_tag","embeddable":true,"href":"https:\/\/gysfm.com.ar\/inicio\/wp-json\/wp\/v2\/tags?post=192118"}],"curies":[{"name":"wp","href":"https:\/\/api.w.org\/{rel}","templated":true}]}}