{"id":192114,"date":"2026-04-21T12:09:05","date_gmt":"2026-04-21T15:09:05","guid":{"rendered":"https:\/\/gysfm.com.ar\/inicio\/pami-paso-a-paso-como-tramitar-la-credencial\/"},"modified":"2026-04-21T12:09:05","modified_gmt":"2026-04-21T15:09:05","slug":"pami-paso-a-paso-como-tramitar-la-credencial","status":"publish","type":"post","link":"https:\/\/gysfm.com.ar\/inicio\/pami-paso-a-paso-como-tramitar-la-credencial\/","title":{"rendered":"Pami: paso a paso c\u00f3mo tramitar la credencial"},"content":{"rendered":"<p><\/p>\n<div id=\"article-content\">\n<p>La<a target=\"_blank\" href=\"https:\/\/www.perfil.com\/noticias\/reperfilar\/sigue-la-polemica-por-el-fentanilo-contaminado-que-se-sabe.phtml\"><strong> credencial de PAMI es un documento clave para que jubilados y pensionados<\/strong><\/a> accedan a prestaciones m\u00e9dicas, medicamentos con descuento y distintos servicios sociales en todo el pa\u00eds. En los \u00faltimos a\u00f1os, el organismo simplific\u00f3 el proceso para obtenerla, permitiendo gestionarla tanto de forma presencial como digital.<\/p>\n<p>A continuaci\u00f3n, el paso a paso para tramitarla sin complicaciones:<\/p>\n<p>1. Verificar la afiliaci\u00f3n<br \/>Antes de iniciar el tr\u00e1mite, es fundamental confirmar que la persona est\u00e9 afiliada a PAMI. Esto suele ocurrir autom\u00e1ticamente al jubilarse o recibir una pensi\u00f3n, aunque tambi\u00e9n puede gestionarse en una agencia del organismo o a trav\u00e9s de su sitio web.<\/p>\n<div class=\"subscription\">\n<p>\n        Esto no les gusta a los autoritarios\n    <\/p>\n<div class=\"subscription__container\">\n<div class=\"subscription__text-wrapper\">\n<p>\n                El ejercicio del periodismo profesional y cr\u00edtico es un pilar fundamental de la democracia. Por eso molesta a quienes creen ser los due\u00f1os de la verdad.\n            <\/p>\n<\/p><\/div><\/div>\n<\/div>\n<p>2. Reunir la documentaci\u00f3n<br \/>Para obtener la credencial, se necesita el Documento Nacional de Identidad (DNI). En algunos casos, pueden solicitar documentaci\u00f3n adicional si hay inconsistencias en los datos.<\/p>\n<p>3. Elegir la modalidad de tr\u00e1mite<br \/>El afiliado puede optar por dos v\u00edas:<\/p>\n<p>* Online: ingresando a la p\u00e1gina oficial de PAMI o a la app, donde se puede descargar la credencial provisoria o digital.<br \/>* Presencial: acerc\u00e1ndose a una agencia de PAMI con turno previo.<\/p>\n<p><iframe id=\"vrudo\" class=\"vrudo\" src=\"https:\/\/rudo.video\/vod\/yiMpJrsUWNW?volume=0\" width=\"100%\" height=\"100%\" allowscriptaccess=\"always\" allowfullscreen=\"true\" webkitallowfullscreen=\"true\" frameborder=\"0\" scrolling=\"no\" allow=\"autoplay; fullscreen\" loading=\"lazy\" title=\"Contenido embebido\"><\/iframe><\/p>\n<p>4. Descargar o retirar la credencial<br \/>Una vez validada la informaci\u00f3n:<\/p>\n<p>* La credencial digital puede descargarse e incluso utilizarse directamente desde el celular.<br \/>* Tambi\u00e9n se puede solicitar la versi\u00f3n pl\u00e1stica, que se env\u00eda al domicilio o se retira en la sede correspondiente.<\/p>\n<p>5. Activaci\u00f3n y uso<br \/>La credencial no requiere activaci\u00f3n adicional. Desde el momento en que se obtiene, el afiliado puede utilizarla en farmacias, cl\u00ednicas y centros de salud adheridos.<\/p>\n<p>Opciones digitales en crecimiento<br \/>Desde PAMI destacan que cada vez m\u00e1s afiliados utilizan la credencial digital, que tiene la misma validez que la f\u00edsica y evita extrav\u00edos. Adem\u00e1s, permite consultar recetas electr\u00f3nicas y turnos m\u00e9dicos desde el celular.<\/p>\n<p>Un tr\u00e1mite cada vez m\u00e1s \u00e1gil<br \/>El organismo asegura que la digitalizaci\u00f3n permiti\u00f3 reducir tiempos y evitar traslados innecesarios, especialmente para adultos mayores. Sin embargo, mantienen la atenci\u00f3n presencial para quienes prefieren el m\u00e9todo tradicional.<\/p>\n<p>Contar con la credencial actualizada es fundamental para garantizar el acceso pleno a la cobertura m\u00e9dica y a los beneficios que brinda PAMI en todo el pa\u00eds.<\/p>\n<\/p><\/div>\n<p><script>\n                !function(f,b,e,v,n,t,s)\n                {if(f.fbq)return;n=f.fbq=function(){n.callMethod?\n                    n.callMethod.apply(n,arguments):n.queue.push(arguments)};\n                    if(!f._fbq)f._fbq=n;n.push=n;n.loaded=!0;n.version='2.0';\n                    n.queue=[];t=b.createElement(e);t.async=!0;\n                    t.src=v;s=b.getElementsByTagName(e)[0];\n                    s.parentNode.insertBefore(t,s)}(window, document,'script',\n                    'https:\/\/connect.facebook.net\/en_US\/fbevents.js');\n                window.paywallConfig.facebook_pixel=\"1000228364089342\"\n            <\/script><\/p>\n","protected":false},"excerpt":{"rendered":"<p>La credencial de PAMI es un documento clave para que jubilados y pensionados accedan a prestaciones m\u00e9dicas, medicamentos con descuento y distintos servicios sociales en todo el pa\u00eds. En los \u00faltimos a\u00f1os, el organismo simplific\u00f3 el proceso para obtenerla, permitiendo gestionarla tanto de forma presencial como digital. A continuaci\u00f3n, el paso a paso para tramitarla [&hellip;]<\/p>\n","protected":false},"author":2,"featured_media":192115,"comment_status":"closed","ping_status":"closed","sticky":false,"template":"","format":"standard","meta":{"footnotes":""},"categories":[25],"tags":[],"class_list":["post-192114","post","type-post","status-publish","format-standard","has-post-thumbnail","hentry","category-nacionales"],"yoast_head":"<!-- This site is optimized with the Yoast SEO plugin v24.4 - https:\/\/yoast.com\/wordpress\/plugins\/seo\/ -->\n<title>Pami: paso a paso c\u00f3mo tramitar la credencial - GYS NOTICIAS |<\/title>\n<meta name=\"robots\" content=\"index, follow, max-snippet:-1, max-image-preview:large, max-video-preview:-1\" \/>\n<link rel=\"canonical\" href=\"https:\/\/gysfm.com.ar\/inicio\/pami-paso-a-paso-como-tramitar-la-credencial\/\" \/>\n<meta property=\"og:locale\" content=\"es_ES\" \/>\n<meta property=\"og:type\" content=\"article\" \/>\n<meta property=\"og:title\" content=\"Pami: paso a paso c\u00f3mo tramitar la credencial - GYS NOTICIAS |\" \/>\n<meta property=\"og:description\" content=\"La credencial de PAMI es un documento clave para que jubilados y pensionados accedan a prestaciones m\u00e9dicas, medicamentos con descuento y distintos servicios sociales en todo el pa\u00eds. En los \u00faltimos a\u00f1os, el organismo simplific\u00f3 el proceso para obtenerla, permitiendo gestionarla tanto de forma presencial como digital. A continuaci\u00f3n, el paso a paso para tramitarla [&hellip;]\" \/>\n<meta property=\"og:url\" content=\"https:\/\/gysfm.com.ar\/inicio\/pami-paso-a-paso-como-tramitar-la-credencial\/\" \/>\n<meta property=\"og:site_name\" content=\"GYS NOTICIAS |\" \/>\n<meta property=\"article:published_time\" content=\"2026-04-21T15:09:05+00:00\" \/>\n<meta name=\"author\" content=\"Prensa G&amp;S FM\" \/>\n<meta name=\"twitter:card\" content=\"summary_large_image\" \/>\n<meta name=\"twitter:label1\" content=\"Escrito por\" \/>\n\t<meta name=\"twitter:data1\" content=\"Prensa G&amp;S FM\" \/>\n\t<meta name=\"twitter:label2\" content=\"Tiempo de lectura\" \/>\n\t<meta name=\"twitter:data2\" content=\"2 minutos\" \/>\n<script type=\"application\/ld+json\" class=\"yoast-schema-graph\">{\"@context\":\"https:\/\/schema.org\",\"@graph\":[{\"@type\":\"Article\",\"@id\":\"https:\/\/gysfm.com.ar\/inicio\/pami-paso-a-paso-como-tramitar-la-credencial\/#article\",\"isPartOf\":{\"@id\":\"https:\/\/gysfm.com.ar\/inicio\/pami-paso-a-paso-como-tramitar-la-credencial\/\"},\"author\":{\"name\":\"Prensa G&amp;S FM\",\"@id\":\"https:\/\/gysfm.com.ar\/inicio\/#\/schema\/person\/3abba7593ef2ad19e1be221d54383dc5\"},\"headline\":\"Pami: paso a paso c\u00f3mo tramitar la credencial\",\"datePublished\":\"2026-04-21T15:09:05+00:00\",\"mainEntityOfPage\":{\"@id\":\"https:\/\/gysfm.com.ar\/inicio\/pami-paso-a-paso-como-tramitar-la-credencial\/\"},\"wordCount\":415,\"publisher\":{\"@id\":\"https:\/\/gysfm.com.ar\/inicio\/#organization\"},\"image\":{\"@id\":\"https:\/\/gysfm.com.ar\/inicio\/pami-paso-a-paso-como-tramitar-la-credencial\/#primaryimage\"},\"thumbnailUrl\":\"https:\/\/gysfm.com.ar\/inicio\/wp-content\/uploads\/2026\/04\/pami-chaco-2221239.jpg\",\"articleSection\":[\"NACIONALES\"],\"inLanguage\":\"es\"},{\"@type\":\"WebPage\",\"@id\":\"https:\/\/gysfm.com.ar\/inicio\/pami-paso-a-paso-como-tramitar-la-credencial\/\",\"url\":\"https:\/\/gysfm.com.ar\/inicio\/pami-paso-a-paso-como-tramitar-la-credencial\/\",\"name\":\"Pami: paso a paso c\u00f3mo tramitar la credencial - GYS NOTICIAS |\",\"isPartOf\":{\"@id\":\"https:\/\/gysfm.com.ar\/inicio\/#website\"},\"primaryImageOfPage\":{\"@id\":\"https:\/\/gysfm.com.ar\/inicio\/pami-paso-a-paso-como-tramitar-la-credencial\/#primaryimage\"},\"image\":{\"@id\":\"https:\/\/gysfm.com.ar\/inicio\/pami-paso-a-paso-como-tramitar-la-credencial\/#primaryimage\"},\"thumbnailUrl\":\"https:\/\/gysfm.com.ar\/inicio\/wp-content\/uploads\/2026\/04\/pami-chaco-2221239.jpg\",\"datePublished\":\"2026-04-21T15:09:05+00:00\",\"breadcrumb\":{\"@id\":\"https:\/\/gysfm.com.ar\/inicio\/pami-paso-a-paso-como-tramitar-la-credencial\/#breadcrumb\"},\"inLanguage\":\"es\",\"potentialAction\":[{\"@type\":\"ReadAction\",\"target\":[\"https:\/\/gysfm.com.ar\/inicio\/pami-paso-a-paso-como-tramitar-la-credencial\/\"]}]},{\"@type\":\"ImageObject\",\"inLanguage\":\"es\",\"@id\":\"https:\/\/gysfm.com.ar\/inicio\/pami-paso-a-paso-como-tramitar-la-credencial\/#primaryimage\",\"url\":\"https:\/\/gysfm.com.ar\/inicio\/wp-content\/uploads\/2026\/04\/pami-chaco-2221239.jpg\",\"contentUrl\":\"https:\/\/gysfm.com.ar\/inicio\/wp-content\/uploads\/2026\/04\/pami-chaco-2221239.jpg\",\"width\":1140,\"height\":641},{\"@type\":\"BreadcrumbList\",\"@id\":\"https:\/\/gysfm.com.ar\/inicio\/pami-paso-a-paso-como-tramitar-la-credencial\/#breadcrumb\",\"itemListElement\":[{\"@type\":\"ListItem\",\"position\":1,\"name\":\"Portada\",\"item\":\"https:\/\/gysfm.com.ar\/inicio\/\"},{\"@type\":\"ListItem\",\"position\":2,\"name\":\"Pami: paso a paso c\u00f3mo tramitar la credencial\"}]},{\"@type\":\"WebSite\",\"@id\":\"https:\/\/gysfm.com.ar\/inicio\/#website\",\"url\":\"https:\/\/gysfm.com.ar\/inicio\/\",\"name\":\"GYS NOTICIAS |\",\"description\":\"DIARIO - RADIO ONLINE SAN JUAN ARGENTINA\",\"publisher\":{\"@id\":\"https:\/\/gysfm.com.ar\/inicio\/#organization\"},\"potentialAction\":[{\"@type\":\"SearchAction\",\"target\":{\"@type\":\"EntryPoint\",\"urlTemplate\":\"https:\/\/gysfm.com.ar\/inicio\/?s={search_term_string}\"},\"query-input\":{\"@type\":\"PropertyValueSpecification\",\"valueRequired\":true,\"valueName\":\"search_term_string\"}}],\"inLanguage\":\"es\"},{\"@type\":\"Organization\",\"@id\":\"https:\/\/gysfm.com.ar\/inicio\/#organization\",\"name\":\"GYS NOTICIAS |\",\"url\":\"https:\/\/gysfm.com.ar\/inicio\/\",\"logo\":{\"@type\":\"ImageObject\",\"inLanguage\":\"es\",\"@id\":\"https:\/\/gysfm.com.ar\/inicio\/#\/schema\/logo\/image\/\",\"url\":\"https:\/\/gysfm.com.ar\/inicio\/wp-content\/uploads\/2023\/07\/LOGOGYS-OK.png\",\"contentUrl\":\"https:\/\/gysfm.com.ar\/inicio\/wp-content\/uploads\/2023\/07\/LOGOGYS-OK.png\",\"width\":1170,\"height\":872,\"caption\":\"GYS NOTICIAS |\"},\"image\":{\"@id\":\"https:\/\/gysfm.com.ar\/inicio\/#\/schema\/logo\/image\/\"}},{\"@type\":\"Person\",\"@id\":\"https:\/\/gysfm.com.ar\/inicio\/#\/schema\/person\/3abba7593ef2ad19e1be221d54383dc5\",\"name\":\"Prensa G&amp;S FM\",\"image\":{\"@type\":\"ImageObject\",\"inLanguage\":\"es\",\"@id\":\"https:\/\/gysfm.com.ar\/inicio\/#\/schema\/person\/image\/\",\"url\":\"https:\/\/secure.gravatar.com\/avatar\/096ec78df02049ab018702bb4ccedf659377fa92a26540b5247612077a0dbd29?s=96&d=mm&r=g\",\"contentUrl\":\"https:\/\/secure.gravatar.com\/avatar\/096ec78df02049ab018702bb4ccedf659377fa92a26540b5247612077a0dbd29?s=96&d=mm&r=g\",\"caption\":\"Prensa G&amp;S FM\"},\"sameAs\":[\"https:\/\/gysfm.com.ar\/\"],\"url\":\"https:\/\/gysfm.com.ar\/inicio\/author\/lucasm\/\"}]}<\/script>\n<!-- \/ Yoast SEO plugin. -->","yoast_head_json":{"title":"Pami: paso a paso c\u00f3mo tramitar la credencial - GYS NOTICIAS |","robots":{"index":"index","follow":"follow","max-snippet":"max-snippet:-1","max-image-preview":"max-image-preview:large","max-video-preview":"max-video-preview:-1"},"canonical":"https:\/\/gysfm.com.ar\/inicio\/pami-paso-a-paso-como-tramitar-la-credencial\/","og_locale":"es_ES","og_type":"article","og_title":"Pami: paso a paso c\u00f3mo tramitar la credencial - GYS NOTICIAS |","og_description":"La credencial de PAMI es un documento clave para que jubilados y pensionados accedan a prestaciones m\u00e9dicas, medicamentos con descuento y distintos servicios sociales en todo el pa\u00eds. En los \u00faltimos a\u00f1os, el organismo simplific\u00f3 el proceso para obtenerla, permitiendo gestionarla tanto de forma presencial como digital. A continuaci\u00f3n, el paso a paso para tramitarla [&hellip;]","og_url":"https:\/\/gysfm.com.ar\/inicio\/pami-paso-a-paso-como-tramitar-la-credencial\/","og_site_name":"GYS NOTICIAS |","article_published_time":"2026-04-21T15:09:05+00:00","author":"Prensa G&amp;S FM","twitter_card":"summary_large_image","twitter_misc":{"Escrito por":"Prensa G&amp;S FM","Tiempo de lectura":"2 minutos"},"schema":{"@context":"https:\/\/schema.org","@graph":[{"@type":"Article","@id":"https:\/\/gysfm.com.ar\/inicio\/pami-paso-a-paso-como-tramitar-la-credencial\/#article","isPartOf":{"@id":"https:\/\/gysfm.com.ar\/inicio\/pami-paso-a-paso-como-tramitar-la-credencial\/"},"author":{"name":"Prensa G&amp;S FM","@id":"https:\/\/gysfm.com.ar\/inicio\/#\/schema\/person\/3abba7593ef2ad19e1be221d54383dc5"},"headline":"Pami: paso a paso c\u00f3mo tramitar la credencial","datePublished":"2026-04-21T15:09:05+00:00","mainEntityOfPage":{"@id":"https:\/\/gysfm.com.ar\/inicio\/pami-paso-a-paso-como-tramitar-la-credencial\/"},"wordCount":415,"publisher":{"@id":"https:\/\/gysfm.com.ar\/inicio\/#organization"},"image":{"@id":"https:\/\/gysfm.com.ar\/inicio\/pami-paso-a-paso-como-tramitar-la-credencial\/#primaryimage"},"thumbnailUrl":"https:\/\/gysfm.com.ar\/inicio\/wp-content\/uploads\/2026\/04\/pami-chaco-2221239.jpg","articleSection":["NACIONALES"],"inLanguage":"es"},{"@type":"WebPage","@id":"https:\/\/gysfm.com.ar\/inicio\/pami-paso-a-paso-como-tramitar-la-credencial\/","url":"https:\/\/gysfm.com.ar\/inicio\/pami-paso-a-paso-como-tramitar-la-credencial\/","name":"Pami: paso a paso c\u00f3mo tramitar la credencial - GYS NOTICIAS |","isPartOf":{"@id":"https:\/\/gysfm.com.ar\/inicio\/#website"},"primaryImageOfPage":{"@id":"https:\/\/gysfm.com.ar\/inicio\/pami-paso-a-paso-como-tramitar-la-credencial\/#primaryimage"},"image":{"@id":"https:\/\/gysfm.com.ar\/inicio\/pami-paso-a-paso-como-tramitar-la-credencial\/#primaryimage"},"thumbnailUrl":"https:\/\/gysfm.com.ar\/inicio\/wp-content\/uploads\/2026\/04\/pami-chaco-2221239.jpg","datePublished":"2026-04-21T15:09:05+00:00","breadcrumb":{"@id":"https:\/\/gysfm.com.ar\/inicio\/pami-paso-a-paso-como-tramitar-la-credencial\/#breadcrumb"},"inLanguage":"es","potentialAction":[{"@type":"ReadAction","target":["https:\/\/gysfm.com.ar\/inicio\/pami-paso-a-paso-como-tramitar-la-credencial\/"]}]},{"@type":"ImageObject","inLanguage":"es","@id":"https:\/\/gysfm.com.ar\/inicio\/pami-paso-a-paso-como-tramitar-la-credencial\/#primaryimage","url":"https:\/\/gysfm.com.ar\/inicio\/wp-content\/uploads\/2026\/04\/pami-chaco-2221239.jpg","contentUrl":"https:\/\/gysfm.com.ar\/inicio\/wp-content\/uploads\/2026\/04\/pami-chaco-2221239.jpg","width":1140,"height":641},{"@type":"BreadcrumbList","@id":"https:\/\/gysfm.com.ar\/inicio\/pami-paso-a-paso-como-tramitar-la-credencial\/#breadcrumb","itemListElement":[{"@type":"ListItem","position":1,"name":"Portada","item":"https:\/\/gysfm.com.ar\/inicio\/"},{"@type":"ListItem","position":2,"name":"Pami: paso a paso c\u00f3mo tramitar la credencial"}]},{"@type":"WebSite","@id":"https:\/\/gysfm.com.ar\/inicio\/#website","url":"https:\/\/gysfm.com.ar\/inicio\/","name":"GYS NOTICIAS |","description":"DIARIO - RADIO ONLINE SAN JUAN ARGENTINA","publisher":{"@id":"https:\/\/gysfm.com.ar\/inicio\/#organization"},"potentialAction":[{"@type":"SearchAction","target":{"@type":"EntryPoint","urlTemplate":"https:\/\/gysfm.com.ar\/inicio\/?s={search_term_string}"},"query-input":{"@type":"PropertyValueSpecification","valueRequired":true,"valueName":"search_term_string"}}],"inLanguage":"es"},{"@type":"Organization","@id":"https:\/\/gysfm.com.ar\/inicio\/#organization","name":"GYS NOTICIAS |","url":"https:\/\/gysfm.com.ar\/inicio\/","logo":{"@type":"ImageObject","inLanguage":"es","@id":"https:\/\/gysfm.com.ar\/inicio\/#\/schema\/logo\/image\/","url":"https:\/\/gysfm.com.ar\/inicio\/wp-content\/uploads\/2023\/07\/LOGOGYS-OK.png","contentUrl":"https:\/\/gysfm.com.ar\/inicio\/wp-content\/uploads\/2023\/07\/LOGOGYS-OK.png","width":1170,"height":872,"caption":"GYS NOTICIAS |"},"image":{"@id":"https:\/\/gysfm.com.ar\/inicio\/#\/schema\/logo\/image\/"}},{"@type":"Person","@id":"https:\/\/gysfm.com.ar\/inicio\/#\/schema\/person\/3abba7593ef2ad19e1be221d54383dc5","name":"Prensa G&amp;S FM","image":{"@type":"ImageObject","inLanguage":"es","@id":"https:\/\/gysfm.com.ar\/inicio\/#\/schema\/person\/image\/","url":"https:\/\/secure.gravatar.com\/avatar\/096ec78df02049ab018702bb4ccedf659377fa92a26540b5247612077a0dbd29?s=96&d=mm&r=g","contentUrl":"https:\/\/secure.gravatar.com\/avatar\/096ec78df02049ab018702bb4ccedf659377fa92a26540b5247612077a0dbd29?s=96&d=mm&r=g","caption":"Prensa G&amp;S FM"},"sameAs":["https:\/\/gysfm.com.ar\/"],"url":"https:\/\/gysfm.com.ar\/inicio\/author\/lucasm\/"}]}},"_links":{"self":[{"href":"https:\/\/gysfm.com.ar\/inicio\/wp-json\/wp\/v2\/posts\/192114","targetHints":{"allow":["GET"]}}],"collection":[{"href":"https:\/\/gysfm.com.ar\/inicio\/wp-json\/wp\/v2\/posts"}],"about":[{"href":"https:\/\/gysfm.com.ar\/inicio\/wp-json\/wp\/v2\/types\/post"}],"author":[{"embeddable":true,"href":"https:\/\/gysfm.com.ar\/inicio\/wp-json\/wp\/v2\/users\/2"}],"replies":[{"embeddable":true,"href":"https:\/\/gysfm.com.ar\/inicio\/wp-json\/wp\/v2\/comments?post=192114"}],"version-history":[{"count":0,"href":"https:\/\/gysfm.com.ar\/inicio\/wp-json\/wp\/v2\/posts\/192114\/revisions"}],"wp:featuredmedia":[{"embeddable":true,"href":"https:\/\/gysfm.com.ar\/inicio\/wp-json\/wp\/v2\/media\/192115"}],"wp:attachment":[{"href":"https:\/\/gysfm.com.ar\/inicio\/wp-json\/wp\/v2\/media?parent=192114"}],"wp:term":[{"taxonomy":"category","embeddable":true,"href":"https:\/\/gysfm.com.ar\/inicio\/wp-json\/wp\/v2\/categories?post=192114"},{"taxonomy":"post_tag","embeddable":true,"href":"https:\/\/gysfm.com.ar\/inicio\/wp-json\/wp\/v2\/tags?post=192114"}],"curies":[{"name":"wp","href":"https:\/\/api.w.org\/{rel}","templated":true}]}}