{"id":192112,"date":"2026-04-21T11:38:05","date_gmt":"2026-04-21T14:38:05","guid":{"rendered":"https:\/\/gysfm.com.ar\/inicio\/militares-de-ee-uu-entrenaran-en-la-argentina\/"},"modified":"2026-04-21T11:38:05","modified_gmt":"2026-04-21T14:38:05","slug":"militares-de-ee-uu-entrenaran-en-la-argentina","status":"publish","type":"post","link":"https:\/\/gysfm.com.ar\/inicio\/militares-de-ee-uu-entrenaran-en-la-argentina\/","title":{"rendered":"Militares de EE.UU. entrenar\u00e1n en la Argentina"},"content":{"rendered":"<p><\/p>\n<div id=\"article-content\">\n<p>La<a target=\"_blank\" href=\"https:\/\/www.perfil.com\/noticias\/reperfilar\/running-en-argentina-1-de-cada-3-participantes-es-menor-de-30-anos.phtml\"> <\/a><strong><a target=\"_blank\" href=\"https:\/\/www.perfil.com\/noticias\/reperfilar\/running-en-argentina-1-de-cada-3-participantes-es-menor-de-30-anos.phtml\">realizaci\u00f3n de ejercicios conjuntos entre fuerzas armadas de Estados Unidos y Argentina<\/a> <\/strong>volvi\u00f3 a ubicarse en el centro de la agenda de defensa, en el marco de una<strong> creciente cooperaci\u00f3n bilateral.<\/strong> Seg\u00fan confirmaron fuentes oficiales, las maniobras se llevar\u00e1n a cabo en <strong>territorio argentino durante los pr\u00f3ximos meses e incluir\u00e1n actividades de entrenamiento, intercambio t\u00e9cnico y simulaciones operativas.<\/strong><\/p>\n<p>El despliegue contar\u00e1 con la <strong>participaci\u00f3n de efectivos de las Fuerzas Armadas de la Naci\u00f3n Argentina<\/strong> junto a unidades del Comando Sur de Estados Unidos, organismo responsable de las operaciones militares estadounidenses en Am\u00e9rica Latina. Desde ambos pa\u00edses se\u00f1alaron que el objetivo principal es fortalecer la interoperabilidad, es decir, la capacidad de actuar de manera coordinada ante distintos escenarios.<\/p>\n<p><iframe id=\"vrudo\" class=\"vrudo\" src=\"https:\/\/rudo.video\/vod\/yiMtZwmDurk?volume=0\" width=\"100%\" height=\"100%\" allowscriptaccess=\"always\" allowfullscreen=\"true\" webkitallowfullscreen=\"true\" frameborder=\"0\" scrolling=\"no\" allow=\"autoplay; fullscreen\" loading=\"lazy\" title=\"Contenido embebido\"><\/iframe><\/p>\n<p>Entre las actividades previstas figuran ejercicios de respuesta ante<strong> emergencias, asistencia humanitaria y pr\u00e1cticas vinculadas a cat\u00e1strofes naturales<\/strong>, un eje que cobr\u00f3 relevancia en la regi\u00f3n en los \u00faltimos a\u00f1os. Tambi\u00e9n se incluir\u00e1n entrenamientos log\u00edsticos y de comunicaciones, considerados claves para operaciones conjuntas.<\/p>\n<div class=\"subscription\">\n<p>\n        Esto no les gusta a los autoritarios\n    <\/p>\n<div class=\"subscription__container\">\n<div class=\"subscription__text-wrapper\">\n<p>\n                El ejercicio del periodismo profesional y cr\u00edtico es un pilar fundamental de la democracia. Por eso molesta a quienes creen ser los due\u00f1os de la verdad.\n            <\/p>\n<\/p><\/div><\/div>\n<\/div>\n<p>Desde el Ministerio de Defensa argentino remarcaron que este tipo de iniciativas forman parte de acuerdos de cooperaci\u00f3n vigentes y que no implican la instalaci\u00f3n de bases extranjeras ni presencia permanente de tropas. \u201cSon ejercicios acotados en el tiempo, con fines espec\u00edficos de capacitaci\u00f3n\u201d, indicaron voceros oficiales.<\/p>\n<p>Por su parte, <strong>especialistas en defensa destacan que estos entrenamientos permiten actualizar protocolos y compartir experiencias en \u00e1reas como ciberdefensa, rescate y asistencia en crisis.<\/strong> Sin embargo, tambi\u00e9n suelen generar debate pol\u00edtico en torno al grado de alineamiento internacional del pa\u00eds y el rol de las fuerzas armadas en el escenario global.<\/p>\n<p>En los pr\u00f3ximos d\u00edas se espera que se <strong>definan los lugares exactos donde se desarrollar\u00e1n las maniobras y la cantidad de efectivos involucrados, as\u00ed como el cronograma detallado de actividades.<\/strong> Mientras tanto, el anuncio ya abri\u00f3 discusiones en distintos sectores sobre el alcance y las implicancias de esta cooperaci\u00f3n militar.<\/p>\n<\/p><\/div>\n<p><script>\n                !function(f,b,e,v,n,t,s)\n                {if(f.fbq)return;n=f.fbq=function(){n.callMethod?\n                    n.callMethod.apply(n,arguments):n.queue.push(arguments)};\n                    if(!f._fbq)f._fbq=n;n.push=n;n.loaded=!0;n.version='2.0';\n                    n.queue=[];t=b.createElement(e);t.async=!0;\n                    t.src=v;s=b.getElementsByTagName(e)[0];\n                    s.parentNode.insertBefore(t,s)}(window, document,'script',\n                    'https:\/\/connect.facebook.net\/en_US\/fbevents.js');\n                window.paywallConfig.facebook_pixel=\"1000228364089342\"\n            <\/script><\/p>\n","protected":false},"excerpt":{"rendered":"<p>La realizaci\u00f3n de ejercicios conjuntos entre fuerzas armadas de Estados Unidos y Argentina volvi\u00f3 a ubicarse en el centro de la agenda de defensa, en el marco de una creciente cooperaci\u00f3n bilateral. Seg\u00fan confirmaron fuentes oficiales, las maniobras se llevar\u00e1n a cabo en territorio argentino durante los pr\u00f3ximos meses e incluir\u00e1n actividades de entrenamiento, intercambio [&hellip;]<\/p>\n","protected":false},"author":2,"featured_media":192113,"comment_status":"closed","ping_status":"closed","sticky":false,"template":"","format":"standard","meta":{"footnotes":""},"categories":[25],"tags":[],"class_list":["post-192112","post","type-post","status-publish","format-standard","has-post-thumbnail","hentry","category-nacionales"],"yoast_head":"<!-- This site is optimized with the Yoast SEO plugin v24.4 - https:\/\/yoast.com\/wordpress\/plugins\/seo\/ -->\n<title>Militares de EE.UU. entrenar\u00e1n en la Argentina - GYS NOTICIAS |<\/title>\n<meta name=\"robots\" content=\"index, follow, max-snippet:-1, max-image-preview:large, max-video-preview:-1\" \/>\n<link rel=\"canonical\" href=\"https:\/\/gysfm.com.ar\/inicio\/militares-de-ee-uu-entrenaran-en-la-argentina\/\" \/>\n<meta property=\"og:locale\" content=\"es_ES\" \/>\n<meta property=\"og:type\" content=\"article\" \/>\n<meta property=\"og:title\" content=\"Militares de EE.UU. entrenar\u00e1n en la Argentina - GYS NOTICIAS |\" \/>\n<meta property=\"og:description\" content=\"La realizaci\u00f3n de ejercicios conjuntos entre fuerzas armadas de Estados Unidos y Argentina volvi\u00f3 a ubicarse en el centro de la agenda de defensa, en el marco de una creciente cooperaci\u00f3n bilateral. Seg\u00fan confirmaron fuentes oficiales, las maniobras se llevar\u00e1n a cabo en territorio argentino durante los pr\u00f3ximos meses e incluir\u00e1n actividades de entrenamiento, intercambio [&hellip;]\" \/>\n<meta property=\"og:url\" content=\"https:\/\/gysfm.com.ar\/inicio\/militares-de-ee-uu-entrenaran-en-la-argentina\/\" \/>\n<meta property=\"og:site_name\" content=\"GYS NOTICIAS |\" \/>\n<meta property=\"article:published_time\" content=\"2026-04-21T14:38:05+00:00\" \/>\n<meta name=\"author\" content=\"Prensa G&amp;S FM\" \/>\n<meta name=\"twitter:card\" content=\"summary_large_image\" \/>\n<meta name=\"twitter:label1\" content=\"Escrito por\" \/>\n\t<meta name=\"twitter:data1\" content=\"Prensa G&amp;S FM\" \/>\n\t<meta name=\"twitter:label2\" content=\"Tiempo de lectura\" \/>\n\t<meta name=\"twitter:data2\" content=\"2 minutos\" \/>\n<script type=\"application\/ld+json\" class=\"yoast-schema-graph\">{\"@context\":\"https:\/\/schema.org\",\"@graph\":[{\"@type\":\"Article\",\"@id\":\"https:\/\/gysfm.com.ar\/inicio\/militares-de-ee-uu-entrenaran-en-la-argentina\/#article\",\"isPartOf\":{\"@id\":\"https:\/\/gysfm.com.ar\/inicio\/militares-de-ee-uu-entrenaran-en-la-argentina\/\"},\"author\":{\"name\":\"Prensa G&amp;S FM\",\"@id\":\"https:\/\/gysfm.com.ar\/inicio\/#\/schema\/person\/3abba7593ef2ad19e1be221d54383dc5\"},\"headline\":\"Militares de EE.UU. entrenar\u00e1n en la Argentina\",\"datePublished\":\"2026-04-21T14:38:05+00:00\",\"mainEntityOfPage\":{\"@id\":\"https:\/\/gysfm.com.ar\/inicio\/militares-de-ee-uu-entrenaran-en-la-argentina\/\"},\"wordCount\":384,\"publisher\":{\"@id\":\"https:\/\/gysfm.com.ar\/inicio\/#organization\"},\"image\":{\"@id\":\"https:\/\/gysfm.com.ar\/inicio\/militares-de-ee-uu-entrenaran-en-la-argentina\/#primaryimage\"},\"thumbnailUrl\":\"https:\/\/gysfm.com.ar\/inicio\/wp-content\/uploads\/2026\/04\/militares-de-eeuu-entrenaran-en-la-argentina-2224235.jpg\",\"articleSection\":[\"NACIONALES\"],\"inLanguage\":\"es\"},{\"@type\":\"WebPage\",\"@id\":\"https:\/\/gysfm.com.ar\/inicio\/militares-de-ee-uu-entrenaran-en-la-argentina\/\",\"url\":\"https:\/\/gysfm.com.ar\/inicio\/militares-de-ee-uu-entrenaran-en-la-argentina\/\",\"name\":\"Militares de EE.UU. entrenar\u00e1n en la Argentina - GYS NOTICIAS |\",\"isPartOf\":{\"@id\":\"https:\/\/gysfm.com.ar\/inicio\/#website\"},\"primaryImageOfPage\":{\"@id\":\"https:\/\/gysfm.com.ar\/inicio\/militares-de-ee-uu-entrenaran-en-la-argentina\/#primaryimage\"},\"image\":{\"@id\":\"https:\/\/gysfm.com.ar\/inicio\/militares-de-ee-uu-entrenaran-en-la-argentina\/#primaryimage\"},\"thumbnailUrl\":\"https:\/\/gysfm.com.ar\/inicio\/wp-content\/uploads\/2026\/04\/militares-de-eeuu-entrenaran-en-la-argentina-2224235.jpg\",\"datePublished\":\"2026-04-21T14:38:05+00:00\",\"breadcrumb\":{\"@id\":\"https:\/\/gysfm.com.ar\/inicio\/militares-de-ee-uu-entrenaran-en-la-argentina\/#breadcrumb\"},\"inLanguage\":\"es\",\"potentialAction\":[{\"@type\":\"ReadAction\",\"target\":[\"https:\/\/gysfm.com.ar\/inicio\/militares-de-ee-uu-entrenaran-en-la-argentina\/\"]}]},{\"@type\":\"ImageObject\",\"inLanguage\":\"es\",\"@id\":\"https:\/\/gysfm.com.ar\/inicio\/militares-de-ee-uu-entrenaran-en-la-argentina\/#primaryimage\",\"url\":\"https:\/\/gysfm.com.ar\/inicio\/wp-content\/uploads\/2026\/04\/militares-de-eeuu-entrenaran-en-la-argentina-2224235.jpg\",\"contentUrl\":\"https:\/\/gysfm.com.ar\/inicio\/wp-content\/uploads\/2026\/04\/militares-de-eeuu-entrenaran-en-la-argentina-2224235.jpg\",\"width\":1140,\"height\":641},{\"@type\":\"BreadcrumbList\",\"@id\":\"https:\/\/gysfm.com.ar\/inicio\/militares-de-ee-uu-entrenaran-en-la-argentina\/#breadcrumb\",\"itemListElement\":[{\"@type\":\"ListItem\",\"position\":1,\"name\":\"Portada\",\"item\":\"https:\/\/gysfm.com.ar\/inicio\/\"},{\"@type\":\"ListItem\",\"position\":2,\"name\":\"Militares de EE.UU. entrenar\u00e1n en la Argentina\"}]},{\"@type\":\"WebSite\",\"@id\":\"https:\/\/gysfm.com.ar\/inicio\/#website\",\"url\":\"https:\/\/gysfm.com.ar\/inicio\/\",\"name\":\"GYS NOTICIAS |\",\"description\":\"DIARIO - RADIO ONLINE SAN JUAN ARGENTINA\",\"publisher\":{\"@id\":\"https:\/\/gysfm.com.ar\/inicio\/#organization\"},\"potentialAction\":[{\"@type\":\"SearchAction\",\"target\":{\"@type\":\"EntryPoint\",\"urlTemplate\":\"https:\/\/gysfm.com.ar\/inicio\/?s={search_term_string}\"},\"query-input\":{\"@type\":\"PropertyValueSpecification\",\"valueRequired\":true,\"valueName\":\"search_term_string\"}}],\"inLanguage\":\"es\"},{\"@type\":\"Organization\",\"@id\":\"https:\/\/gysfm.com.ar\/inicio\/#organization\",\"name\":\"GYS NOTICIAS |\",\"url\":\"https:\/\/gysfm.com.ar\/inicio\/\",\"logo\":{\"@type\":\"ImageObject\",\"inLanguage\":\"es\",\"@id\":\"https:\/\/gysfm.com.ar\/inicio\/#\/schema\/logo\/image\/\",\"url\":\"https:\/\/gysfm.com.ar\/inicio\/wp-content\/uploads\/2023\/07\/LOGOGYS-OK.png\",\"contentUrl\":\"https:\/\/gysfm.com.ar\/inicio\/wp-content\/uploads\/2023\/07\/LOGOGYS-OK.png\",\"width\":1170,\"height\":872,\"caption\":\"GYS NOTICIAS |\"},\"image\":{\"@id\":\"https:\/\/gysfm.com.ar\/inicio\/#\/schema\/logo\/image\/\"}},{\"@type\":\"Person\",\"@id\":\"https:\/\/gysfm.com.ar\/inicio\/#\/schema\/person\/3abba7593ef2ad19e1be221d54383dc5\",\"name\":\"Prensa G&amp;S FM\",\"image\":{\"@type\":\"ImageObject\",\"inLanguage\":\"es\",\"@id\":\"https:\/\/gysfm.com.ar\/inicio\/#\/schema\/person\/image\/\",\"url\":\"https:\/\/secure.gravatar.com\/avatar\/096ec78df02049ab018702bb4ccedf659377fa92a26540b5247612077a0dbd29?s=96&d=mm&r=g\",\"contentUrl\":\"https:\/\/secure.gravatar.com\/avatar\/096ec78df02049ab018702bb4ccedf659377fa92a26540b5247612077a0dbd29?s=96&d=mm&r=g\",\"caption\":\"Prensa G&amp;S FM\"},\"sameAs\":[\"https:\/\/gysfm.com.ar\/\"],\"url\":\"https:\/\/gysfm.com.ar\/inicio\/author\/lucasm\/\"}]}<\/script>\n<!-- \/ Yoast SEO plugin. -->","yoast_head_json":{"title":"Militares de EE.UU. entrenar\u00e1n en la Argentina - GYS NOTICIAS |","robots":{"index":"index","follow":"follow","max-snippet":"max-snippet:-1","max-image-preview":"max-image-preview:large","max-video-preview":"max-video-preview:-1"},"canonical":"https:\/\/gysfm.com.ar\/inicio\/militares-de-ee-uu-entrenaran-en-la-argentina\/","og_locale":"es_ES","og_type":"article","og_title":"Militares de EE.UU. entrenar\u00e1n en la Argentina - GYS NOTICIAS |","og_description":"La realizaci\u00f3n de ejercicios conjuntos entre fuerzas armadas de Estados Unidos y Argentina volvi\u00f3 a ubicarse en el centro de la agenda de defensa, en el marco de una creciente cooperaci\u00f3n bilateral. Seg\u00fan confirmaron fuentes oficiales, las maniobras se llevar\u00e1n a cabo en territorio argentino durante los pr\u00f3ximos meses e incluir\u00e1n actividades de entrenamiento, intercambio [&hellip;]","og_url":"https:\/\/gysfm.com.ar\/inicio\/militares-de-ee-uu-entrenaran-en-la-argentina\/","og_site_name":"GYS NOTICIAS |","article_published_time":"2026-04-21T14:38:05+00:00","author":"Prensa G&amp;S FM","twitter_card":"summary_large_image","twitter_misc":{"Escrito por":"Prensa G&amp;S FM","Tiempo de lectura":"2 minutos"},"schema":{"@context":"https:\/\/schema.org","@graph":[{"@type":"Article","@id":"https:\/\/gysfm.com.ar\/inicio\/militares-de-ee-uu-entrenaran-en-la-argentina\/#article","isPartOf":{"@id":"https:\/\/gysfm.com.ar\/inicio\/militares-de-ee-uu-entrenaran-en-la-argentina\/"},"author":{"name":"Prensa G&amp;S FM","@id":"https:\/\/gysfm.com.ar\/inicio\/#\/schema\/person\/3abba7593ef2ad19e1be221d54383dc5"},"headline":"Militares de EE.UU. entrenar\u00e1n en la Argentina","datePublished":"2026-04-21T14:38:05+00:00","mainEntityOfPage":{"@id":"https:\/\/gysfm.com.ar\/inicio\/militares-de-ee-uu-entrenaran-en-la-argentina\/"},"wordCount":384,"publisher":{"@id":"https:\/\/gysfm.com.ar\/inicio\/#organization"},"image":{"@id":"https:\/\/gysfm.com.ar\/inicio\/militares-de-ee-uu-entrenaran-en-la-argentina\/#primaryimage"},"thumbnailUrl":"https:\/\/gysfm.com.ar\/inicio\/wp-content\/uploads\/2026\/04\/militares-de-eeuu-entrenaran-en-la-argentina-2224235.jpg","articleSection":["NACIONALES"],"inLanguage":"es"},{"@type":"WebPage","@id":"https:\/\/gysfm.com.ar\/inicio\/militares-de-ee-uu-entrenaran-en-la-argentina\/","url":"https:\/\/gysfm.com.ar\/inicio\/militares-de-ee-uu-entrenaran-en-la-argentina\/","name":"Militares de EE.UU. entrenar\u00e1n en la Argentina - GYS NOTICIAS |","isPartOf":{"@id":"https:\/\/gysfm.com.ar\/inicio\/#website"},"primaryImageOfPage":{"@id":"https:\/\/gysfm.com.ar\/inicio\/militares-de-ee-uu-entrenaran-en-la-argentina\/#primaryimage"},"image":{"@id":"https:\/\/gysfm.com.ar\/inicio\/militares-de-ee-uu-entrenaran-en-la-argentina\/#primaryimage"},"thumbnailUrl":"https:\/\/gysfm.com.ar\/inicio\/wp-content\/uploads\/2026\/04\/militares-de-eeuu-entrenaran-en-la-argentina-2224235.jpg","datePublished":"2026-04-21T14:38:05+00:00","breadcrumb":{"@id":"https:\/\/gysfm.com.ar\/inicio\/militares-de-ee-uu-entrenaran-en-la-argentina\/#breadcrumb"},"inLanguage":"es","potentialAction":[{"@type":"ReadAction","target":["https:\/\/gysfm.com.ar\/inicio\/militares-de-ee-uu-entrenaran-en-la-argentina\/"]}]},{"@type":"ImageObject","inLanguage":"es","@id":"https:\/\/gysfm.com.ar\/inicio\/militares-de-ee-uu-entrenaran-en-la-argentina\/#primaryimage","url":"https:\/\/gysfm.com.ar\/inicio\/wp-content\/uploads\/2026\/04\/militares-de-eeuu-entrenaran-en-la-argentina-2224235.jpg","contentUrl":"https:\/\/gysfm.com.ar\/inicio\/wp-content\/uploads\/2026\/04\/militares-de-eeuu-entrenaran-en-la-argentina-2224235.jpg","width":1140,"height":641},{"@type":"BreadcrumbList","@id":"https:\/\/gysfm.com.ar\/inicio\/militares-de-ee-uu-entrenaran-en-la-argentina\/#breadcrumb","itemListElement":[{"@type":"ListItem","position":1,"name":"Portada","item":"https:\/\/gysfm.com.ar\/inicio\/"},{"@type":"ListItem","position":2,"name":"Militares de EE.UU. entrenar\u00e1n en la Argentina"}]},{"@type":"WebSite","@id":"https:\/\/gysfm.com.ar\/inicio\/#website","url":"https:\/\/gysfm.com.ar\/inicio\/","name":"GYS NOTICIAS |","description":"DIARIO - RADIO ONLINE SAN JUAN ARGENTINA","publisher":{"@id":"https:\/\/gysfm.com.ar\/inicio\/#organization"},"potentialAction":[{"@type":"SearchAction","target":{"@type":"EntryPoint","urlTemplate":"https:\/\/gysfm.com.ar\/inicio\/?s={search_term_string}"},"query-input":{"@type":"PropertyValueSpecification","valueRequired":true,"valueName":"search_term_string"}}],"inLanguage":"es"},{"@type":"Organization","@id":"https:\/\/gysfm.com.ar\/inicio\/#organization","name":"GYS NOTICIAS |","url":"https:\/\/gysfm.com.ar\/inicio\/","logo":{"@type":"ImageObject","inLanguage":"es","@id":"https:\/\/gysfm.com.ar\/inicio\/#\/schema\/logo\/image\/","url":"https:\/\/gysfm.com.ar\/inicio\/wp-content\/uploads\/2023\/07\/LOGOGYS-OK.png","contentUrl":"https:\/\/gysfm.com.ar\/inicio\/wp-content\/uploads\/2023\/07\/LOGOGYS-OK.png","width":1170,"height":872,"caption":"GYS NOTICIAS |"},"image":{"@id":"https:\/\/gysfm.com.ar\/inicio\/#\/schema\/logo\/image\/"}},{"@type":"Person","@id":"https:\/\/gysfm.com.ar\/inicio\/#\/schema\/person\/3abba7593ef2ad19e1be221d54383dc5","name":"Prensa G&amp;S FM","image":{"@type":"ImageObject","inLanguage":"es","@id":"https:\/\/gysfm.com.ar\/inicio\/#\/schema\/person\/image\/","url":"https:\/\/secure.gravatar.com\/avatar\/096ec78df02049ab018702bb4ccedf659377fa92a26540b5247612077a0dbd29?s=96&d=mm&r=g","contentUrl":"https:\/\/secure.gravatar.com\/avatar\/096ec78df02049ab018702bb4ccedf659377fa92a26540b5247612077a0dbd29?s=96&d=mm&r=g","caption":"Prensa G&amp;S FM"},"sameAs":["https:\/\/gysfm.com.ar\/"],"url":"https:\/\/gysfm.com.ar\/inicio\/author\/lucasm\/"}]}},"_links":{"self":[{"href":"https:\/\/gysfm.com.ar\/inicio\/wp-json\/wp\/v2\/posts\/192112","targetHints":{"allow":["GET"]}}],"collection":[{"href":"https:\/\/gysfm.com.ar\/inicio\/wp-json\/wp\/v2\/posts"}],"about":[{"href":"https:\/\/gysfm.com.ar\/inicio\/wp-json\/wp\/v2\/types\/post"}],"author":[{"embeddable":true,"href":"https:\/\/gysfm.com.ar\/inicio\/wp-json\/wp\/v2\/users\/2"}],"replies":[{"embeddable":true,"href":"https:\/\/gysfm.com.ar\/inicio\/wp-json\/wp\/v2\/comments?post=192112"}],"version-history":[{"count":0,"href":"https:\/\/gysfm.com.ar\/inicio\/wp-json\/wp\/v2\/posts\/192112\/revisions"}],"wp:featuredmedia":[{"embeddable":true,"href":"https:\/\/gysfm.com.ar\/inicio\/wp-json\/wp\/v2\/media\/192113"}],"wp:attachment":[{"href":"https:\/\/gysfm.com.ar\/inicio\/wp-json\/wp\/v2\/media?parent=192112"}],"wp:term":[{"taxonomy":"category","embeddable":true,"href":"https:\/\/gysfm.com.ar\/inicio\/wp-json\/wp\/v2\/categories?post=192112"},{"taxonomy":"post_tag","embeddable":true,"href":"https:\/\/gysfm.com.ar\/inicio\/wp-json\/wp\/v2\/tags?post=192112"}],"curies":[{"name":"wp","href":"https:\/\/api.w.org\/{rel}","templated":true}]}}