{"id":192109,"date":"2026-04-21T11:19:34","date_gmt":"2026-04-21T14:19:34","guid":{"rendered":"https:\/\/gysfm.com.ar\/inicio\/alerta-de-tsunami-en-japon-tras-un-terremoto-de-magnitud-75\/"},"modified":"2026-04-21T11:19:35","modified_gmt":"2026-04-21T14:19:35","slug":"alerta-de-tsunami-en-japon-tras-un-terremoto-de-magnitud-75","status":"publish","type":"post","link":"https:\/\/gysfm.com.ar\/inicio\/alerta-de-tsunami-en-japon-tras-un-terremoto-de-magnitud-75\/","title":{"rendered":"Alerta de tsunami en Jap\u00f3n tras un terremoto de magnitud 7,5"},"content":{"rendered":"<p> <br \/>\n<\/p>\n<div>\n<p class=\"com-paragraph  --capital --s\">TOKIO.- Un <strong>potente terremoto sacudi\u00f3 la costa norte de Jap\u00f3n<\/strong> y la Agencia Meteorol\u00f3gica local emiti\u00f3 una <strong>alerta de tsunami<\/strong> en la regi\u00f3n. La agencia inform\u00f3 que <strong>el sismo, con una magnitud preliminar de 7,5, se produjo frente a la costa de Sanriku<\/strong>, en el norte de ese pa\u00eds, alrededor de las 16.53 (hora local) <strong>a una profundidad de unos 10 kil\u00f3metros bajo la superficie del mar<\/strong>.<\/p>\n<p class=\"com-paragraph   --s\">La Agencia Meteorol\u00f3gica de Jap\u00f3n (JMA, por sus siglas en ingl\u00e9s) indic\u00f3 en un comunicado que \u201cla probabilidad de que ocurra otro gran terremoto es relativamente m\u00e1s alta que en tiempos normales\u201d.<\/p>\n<p class=\"com-paragraph   --s\"><strong>\u201cEvac\u00faen de inmediato las regiones costeras y las zonas cercanas a r\u00edos hacia un lugar m\u00e1s seguro, como terrenos elevados o un edificio de evacuaci\u00f3n\u201d<\/strong>, alert\u00f3 la JMA. <strong>\u201cNo abandonen las zonas seguras hasta que se levante la advertencia\u201d<\/strong>, a\u00f1adi\u00f3.<\/p>\n<div class=\"content-media\">\n<section role=\"button\" class=\"mod-media   \">\n<figure role=\"button\" tabindex=\"0\" class=\"mod-figure \"><figcaption class=\"mod-figcaption\"><span class=\"com-text --caption --twoxs\">Las \u00e1reas costeras de Jap\u00f3n alcanzadas por la alerta por tsunami<\/span><span class=\"com-text --credit --twoxs\">Captura NHK<\/span><\/figcaption><\/figure>\n<\/section>\n<\/div>\n<p class=\"com-paragraph   --s\">La agencia inform\u00f3 que se hab\u00eda detectado un tsunami de unos 80 cent\u00edmetros en el puerto de Kuji, en la prefectura de Iwate, y que se registr\u00f3 otro m\u00e1s peque\u00f1o de 40 cent\u00edmetros en otro puerto de la prefectura.<\/p>\n<p class=\"com-paragraph   --s\"><strong>El temblor fue lo suficientemente fuerte como para sacudir grandes edificios incluso en Tokio, situado a cientos de kil\u00f3metros de distancia<\/strong>. El gobierno asegur\u00f3 haber activado un equipo de gesti\u00f3n de crisis.<\/p>\n<p class=\"com-paragraph   --s\">La cadena NHK mostr\u00f3 barcos saliendo del puerto de Hachinohe, en Hokkaido, en previsi\u00f3n de las olas, mientras en la pantalla aparec\u00eda intermitentemente la alerta: \u201c\u00a1Tsunami! \u00a1Evac\u00faen!\u201d. Los servicios de tren bala en Aomori, en el extremo norte de la isla principal japonesa de Honshu, fueron suspendidos debido al terremoto, inform\u00f3 la agencia de noticias Kyodo.<\/p>\n<div class=\"content-media cursor-pointer container-center-100\">\n<section class=\"media-container relative ratio-16-9 mod-media pb-32\">\n<figure class=\"mod-video\">\n<div class=\"video-player bg-black ratio-16-9\" data-has-jwplayer=\"true\" data-video-id-jw=\"nYL08neM\" data-config=\"{&quot;title&quot;:&quot;X2Twitter.com 4vWKmuym1jQ6eMuq 1180p&quot;,&quot;mediaId&quot;:&quot;nYL08neM&quot;,&quot;playerId&quot;:&quot;ih0086X3&quot;,&quot;playlist&quot;:[{&quot;mediaid&quot;:&quot;nYL08neM&quot;,&quot;sources&quot;:[{&quot;file&quot;:&quot;https:\/\/cdn.jwplayer.com\/manifests\/nYL08neM.m3u8&quot;,&quot;type&quot;:&quot;application\/vnd.apple.mpegurl&quot;},{&quot;bitrate&quot;:220942,&quot;file&quot;:&quot;https:\/\/cdn.jwplayer.com\/videos\/nYL08neM-kTExGaWf.mp4&quot;,&quot;filesize&quot;:414268,&quot;framerate&quot;:60,&quot;height&quot;:186,&quot;label&quot;:&quot;180p&quot;,&quot;type&quot;:&quot;video\/mp4&quot;,&quot;width&quot;:320},{&quot;bitrate&quot;:343086,&quot;file&quot;:&quot;https:\/\/cdn.jwplayer.com\/videos\/nYL08neM-K8B0kybS.mp4&quot;,&quot;filesize&quot;:643288,&quot;framerate&quot;:60,&quot;height&quot;:278,&quot;label&quot;:&quot;270p&quot;,&quot;type&quot;:&quot;video\/mp4&quot;,&quot;width&quot;:480},{&quot;bitrate&quot;:1064991,&quot;file&quot;:&quot;https:\/\/cdn.jwplayer.com\/videos\/nYL08neM-46NIuRKO.mp4&quot;,&quot;filesize&quot;:1996859,&quot;framerate&quot;:60,&quot;height&quot;:742,&quot;label&quot;:&quot;720p&quot;,&quot;type&quot;:&quot;video\/mp4&quot;,&quot;width&quot;:1280},{&quot;bitrate&quot;:114157,&quot;file&quot;:&quot;https:\/\/cdn.jwplayer.com\/videos\/nYL08neM-hz5z2Tv4.m4a&quot;,&quot;filesize&quot;:214046,&quot;label&quot;:&quot;AAC Audio&quot;,&quot;type&quot;:&quot;audio\/mp4&quot;},{&quot;bitrate&quot;:1952584,&quot;file&quot;:&quot;https:\/\/cdn.jwplayer.com\/videos\/nYL08neM-SomplJdm.mp4&quot;,&quot;filesize&quot;:3661095,&quot;framerate&quot;:60,&quot;height&quot;:1114,&quot;label&quot;:&quot;1080p&quot;,&quot;type&quot;:&quot;video\/mp4&quot;,&quot;width&quot;:1920},{&quot;bitrate&quot;:435372,&quot;file&quot;:&quot;https:\/\/cdn.jwplayer.com\/videos\/nYL08neM-FnZGUVnC.mp4&quot;,&quot;filesize&quot;:816324,&quot;framerate&quot;:60,&quot;height&quot;:372,&quot;label&quot;:&quot;360p&quot;,&quot;type&quot;:&quot;video\/mp4&quot;,&quot;width&quot;:640},{&quot;bitrate&quot;:710295,&quot;file&quot;:&quot;https:\/\/cdn.jwplayer.com\/videos\/nYL08neM-0G6Pwvlw.mp4&quot;,&quot;filesize&quot;:1331804,&quot;framerate&quot;:60,&quot;height&quot;:556,&quot;label&quot;:&quot;540p&quot;,&quot;type&quot;:&quot;video\/mp4&quot;,&quot;width&quot;:960}]}],&quot;hasAutoplay&quot;:false,&quot;autostart&quot;:true,&quot;tagsUrl&quot;:&quot;https:\/\/pubads.g.doubleclick.net\/gampad\/ads?slotname=\/133919216\/la_nacion_video\/nota\/preroll&amp;sz=640x480|400x300&amp;ciu_szs=300x250&amp;unviewed_position_start=1&amp;output=vast&amp;impl=s&amp;env=vp&amp;gdfp_req=1&amp;ad_rule=0&amp;vad_type=linear&amp;vpos=preroll&amp;cust_params=tags_nuevos%3Dte_japon%2Cte_terremoto%2Cca_el_mundo%2C%2C6N54G3LFIZHCFBQ6RA7K74VZRQ&amp;pod=3&amp;ppos=1&amp;lip=true&amp;min_ad_duration=0&amp;max_ad_duration=30000&amp;vrid=6256&amp;url=https%3A%2F%2Fwww.lanacion.com.ar%2Fel-mundo%2Falerta-de-tsunami-en-japon-tras-un-terremoto-de-magnitud-75-nid20042026%2F%3Fvariant%3DA&amp;description_url=https%3A%2F%2Fwww.lanacion.com.ar%2Fel-mundo%2Falerta-de-tsunami-en-japon-tras-un-terremoto-de-magnitud-75-nid20042026%2F%3Fvariant%3DA&amp;video_doc_id=short_onecue&amp;cmsid=496&amp;kfa=0&amp;tfcd=0&amp;correlator=1776780480343&quot;,&quot;arcSite&quot;:&quot;la-nacion-ar&quot;,&quot;duration&quot;:&quot;15000&quot;}\">\n<div id=\"facade-nYL08neM\" class=\"content-facade-jw relative bg-black ratio-16-9\"><picture><source media=\"(max-width: 767px)\" srcset=\"https:\/\/resizer.glanacion.com\/resizer\/v2\/https%3A%2F%2Fcdn.jwplayer.com%2Fv2%2Fmedia%2FnYL08neM%2Fposter.jpg%3Fwidth%3D720?auth=fcb423dba99aa4e176d466fdbc7674444cce30590ae9f259b73a80c0ea4185cb&amp;width=480&amp;quality=70&amp;smart=false\"\/><\/picture><\/div>\n<\/div><figcaption class=\"border border-1 border-bottom border-light-300 relative px-16 py-8 min-h-36 w-100_md px-0_l mb-8 bg-white\"><span class=\"text ln-text text-16 block\">X2Twitter.com 4vWKmuym1jQ6eMuq 1180p<\/span><\/figcaption><\/figure>\n<\/section>\n<\/div>\n<p class=\"com-paragraph   --s\"><strong>La agencia<\/strong> <strong>indic\u00f3 que un tsunami de hasta tres metros podr\u00eda golpear la zona en breve.<\/strong> Adem\u00e1s de la alerta de tsunami en Iwate y Aomori, al norte, y en el sureste de Hokkaido, la agencia tambi\u00e9n emiti\u00f3 un aviso similar, aunque podr\u00eda ser m\u00e1s leve, para las costas de Miyagi y Fukushima, al sur del epicentro.<strong> Otro potente sismo de magnitud 7,5 en diciembre dej\u00f3 decenas de heridos.<\/strong><\/p>\n<p class=\"com-paragraph   --s\">Pasaron <strong>15 a\u00f1os desde que un terremoto de magnitud 9 y un tsunami el 11 de marzo de 2011 devastaron partes del norte de Jap\u00f3n, causaron m\u00e1s de 22.000 muertes<\/strong> y obligaron a casi medio mill\u00f3n de personas a huir de sus hogares, la mayor\u00eda de ellas debido a los da\u00f1os del tsunami.<\/p>\n<div class=\"content-media\">\n<section role=\"button\" class=\"mod-media   \">\n<figure role=\"button\" tabindex=\"0\" class=\"mod-figure \"><figcaption class=\"mod-figcaption\"><span class=\"com-text --caption --twoxs\">El tsunami de 2011 caus\u00f3 fallas en la planta nuclear de Fukushima.<\/span><span class=\"com-text --credit --twoxs\">Getty Images<\/span><\/figcaption><\/figure>\n<\/section>\n<\/div>\n<p class=\"com-paragraph   --s\"><strong>Unas 160.000 personas huyeron de sus hogares en Fukushima debido a la radiaci\u00f3n emitida por la central nuclear Fukushima Daiichi<\/strong>, golpeada por el tsunami. Unas 26.000 de ellas no regresaron porque se reasentaron en otros lugares; sus ciudades natales siguen siendo zonas restringidas o tienen preocupaciones persistentes sobre la radiaci\u00f3n.<\/p>\n<p class=\"com-paragraph   --s\"><strong>Jap\u00f3n es uno de los pa\u00edses s\u00edsmicamente m\u00e1s activos del mundo<\/strong>, ya que se encuentra sobre cuatro grandes placas tect\u00f3nicas en el borde occidental del <strong>\u201cAnillo de Fuego\u201d del Pac\u00edfico<\/strong>. El archipi\u00e9lago, poblado por unos 125 millones de habitantes, <strong>suele registrar alrededor de 1500 sacudidas cada a\u00f1o y concentra aproximadamente el 18% de los terremotos del planeta<\/strong>. La gran mayor\u00eda son leves, aunque los da\u00f1os que causan var\u00edan seg\u00fan su ubicaci\u00f3n y la profundidad a la que se producen bajo la superficie terrestre.<\/p>\n<p class=\"com-paragraph   --s\">Actualmente, <strong>no hay centrales nucleares en funcionamiento en las regiones de Hokkaido y Tohoku<\/strong>, pero Hokkaido Electric Power Co. y Tohoku Electric Power Co. tienen all\u00ed varias plantas nucleares fuera de servicio. Tohoku Electric inform\u00f3 que estaba verificando el impacto del terremoto ocurrido en las \u00faltimas horas y del tsunami en su central nuclear de Onagawa.<\/p>\n<p class=\"com-paragraph   --s\"><em>Con informaci\u00f3n de las agencias AFP, AP y Reuters<\/em><\/p>\n<section class=\"container-center-100 mb-40 border border-bottom border-thin border-neutral-light-700\">\n<hr\/>\n<\/section>\n<\/div>\n<p><script async src=\"\/\/platform.twitter.com\/widgets.js\" charset=\"utf-8\"><\/script><script id=\"facebookpixel\" defer=\"\" type=\"text\/javascript\">\n        !function(f,b,e,v,n,t,s)\n        {if(f.fbq)return;n=f.fbq=function(){n.callMethod?\n        n.callMethod.apply(n,arguments):n.queue.push(arguments)};\n        if(!f._fbq)f._fbq=n;n.push=n;n.loaded=!0;n.version='2.0';\n        n.queue=[];t=b.createElement(e);t.async=!0;\n        t.src=v;s=b.getElementsByTagName(e)[0];\n        s.parentNode.insertBefore(t,s)}(window, document,'script',\n        'https:\/\/connect.facebook.net\/en_US\/fbevents.js');\n        fbq('init', '492459597522335');\n        fbq('track', 'PageView');\n    <\/script><br \/>\n<br \/><\/p>\n","protected":false},"excerpt":{"rendered":"<p>TOKIO.- Un potente terremoto sacudi\u00f3 la costa norte de Jap\u00f3n y la Agencia Meteorol\u00f3gica local emiti\u00f3 una alerta de tsunami en la regi\u00f3n. La agencia inform\u00f3 que el sismo, con una magnitud preliminar de 7,5, se produjo frente a la costa de Sanriku, en el norte de ese pa\u00eds, alrededor de las 16.53 (hora local) [&hellip;]<\/p>\n","protected":false},"author":2,"featured_media":192110,"comment_status":"closed","ping_status":"closed","sticky":false,"template":"","format":"standard","meta":{"footnotes":""},"categories":[26],"tags":[],"class_list":["post-192109","post","type-post","status-publish","format-standard","has-post-thumbnail","hentry","category-internacionales"],"yoast_head":"<!-- This site is optimized with the Yoast SEO plugin v24.4 - https:\/\/yoast.com\/wordpress\/plugins\/seo\/ -->\n<title>Alerta de tsunami en Jap\u00f3n tras un terremoto de magnitud 7,5 - GYS NOTICIAS |<\/title>\n<meta name=\"robots\" content=\"index, follow, max-snippet:-1, max-image-preview:large, max-video-preview:-1\" \/>\n<link rel=\"canonical\" href=\"https:\/\/gysfm.com.ar\/inicio\/alerta-de-tsunami-en-japon-tras-un-terremoto-de-magnitud-75\/\" \/>\n<meta property=\"og:locale\" content=\"es_ES\" \/>\n<meta property=\"og:type\" content=\"article\" \/>\n<meta property=\"og:title\" content=\"Alerta de tsunami en Jap\u00f3n tras un terremoto de magnitud 7,5 - GYS NOTICIAS |\" \/>\n<meta property=\"og:description\" content=\"TOKIO.- Un potente terremoto sacudi\u00f3 la costa norte de Jap\u00f3n y la Agencia Meteorol\u00f3gica local emiti\u00f3 una alerta de tsunami en la regi\u00f3n. La agencia inform\u00f3 que el sismo, con una magnitud preliminar de 7,5, se produjo frente a la costa de Sanriku, en el norte de ese pa\u00eds, alrededor de las 16.53 (hora local) [&hellip;]\" \/>\n<meta property=\"og:url\" content=\"https:\/\/gysfm.com.ar\/inicio\/alerta-de-tsunami-en-japon-tras-un-terremoto-de-magnitud-75\/\" \/>\n<meta property=\"og:site_name\" content=\"GYS NOTICIAS |\" \/>\n<meta property=\"article:published_time\" content=\"2026-04-21T14:19:34+00:00\" \/>\n<meta property=\"article:modified_time\" content=\"2026-04-21T14:19:35+00:00\" \/>\n<meta property=\"og:image\" content=\"https:\/\/gysfm.com.ar\/inicio\/wp-content\/uploads\/2026\/04\/japon-emitio-una-alerta-de-tsunami-para-iwate-y-5PKM7Z2PRNGRLIHV2WAMEHZN74.png\" \/>\n\t<meta property=\"og:image:width\" content=\"1200\" \/>\n\t<meta property=\"og:image:height\" content=\"800\" \/>\n\t<meta property=\"og:image:type\" content=\"image\/png\" \/>\n<meta name=\"author\" content=\"Prensa G&amp;S FM\" \/>\n<meta name=\"twitter:card\" content=\"summary_large_image\" \/>\n<meta name=\"twitter:label1\" content=\"Escrito por\" \/>\n\t<meta name=\"twitter:data1\" content=\"Prensa G&amp;S FM\" \/>\n\t<meta name=\"twitter:label2\" content=\"Tiempo de lectura\" \/>\n\t<meta name=\"twitter:data2\" content=\"3 minutos\" \/>\n<script type=\"application\/ld+json\" class=\"yoast-schema-graph\">{\"@context\":\"https:\/\/schema.org\",\"@graph\":[{\"@type\":\"Article\",\"@id\":\"https:\/\/gysfm.com.ar\/inicio\/alerta-de-tsunami-en-japon-tras-un-terremoto-de-magnitud-75\/#article\",\"isPartOf\":{\"@id\":\"https:\/\/gysfm.com.ar\/inicio\/alerta-de-tsunami-en-japon-tras-un-terremoto-de-magnitud-75\/\"},\"author\":{\"name\":\"Prensa G&amp;S FM\",\"@id\":\"https:\/\/gysfm.com.ar\/inicio\/#\/schema\/person\/3abba7593ef2ad19e1be221d54383dc5\"},\"headline\":\"Alerta de tsunami en Jap\u00f3n tras un terremoto de magnitud 7,5\",\"datePublished\":\"2026-04-21T14:19:34+00:00\",\"dateModified\":\"2026-04-21T14:19:35+00:00\",\"mainEntityOfPage\":{\"@id\":\"https:\/\/gysfm.com.ar\/inicio\/alerta-de-tsunami-en-japon-tras-un-terremoto-de-magnitud-75\/\"},\"wordCount\":669,\"publisher\":{\"@id\":\"https:\/\/gysfm.com.ar\/inicio\/#organization\"},\"image\":{\"@id\":\"https:\/\/gysfm.com.ar\/inicio\/alerta-de-tsunami-en-japon-tras-un-terremoto-de-magnitud-75\/#primaryimage\"},\"thumbnailUrl\":\"https:\/\/gysfm.com.ar\/inicio\/wp-content\/uploads\/2026\/04\/japon-emitio-una-alerta-de-tsunami-para-iwate-y-5PKM7Z2PRNGRLIHV2WAMEHZN74.png\",\"articleSection\":[\"INTERNACIONALES\"],\"inLanguage\":\"es\"},{\"@type\":\"WebPage\",\"@id\":\"https:\/\/gysfm.com.ar\/inicio\/alerta-de-tsunami-en-japon-tras-un-terremoto-de-magnitud-75\/\",\"url\":\"https:\/\/gysfm.com.ar\/inicio\/alerta-de-tsunami-en-japon-tras-un-terremoto-de-magnitud-75\/\",\"name\":\"Alerta de tsunami en Jap\u00f3n tras un terremoto de magnitud 7,5 - GYS NOTICIAS |\",\"isPartOf\":{\"@id\":\"https:\/\/gysfm.com.ar\/inicio\/#website\"},\"primaryImageOfPage\":{\"@id\":\"https:\/\/gysfm.com.ar\/inicio\/alerta-de-tsunami-en-japon-tras-un-terremoto-de-magnitud-75\/#primaryimage\"},\"image\":{\"@id\":\"https:\/\/gysfm.com.ar\/inicio\/alerta-de-tsunami-en-japon-tras-un-terremoto-de-magnitud-75\/#primaryimage\"},\"thumbnailUrl\":\"https:\/\/gysfm.com.ar\/inicio\/wp-content\/uploads\/2026\/04\/japon-emitio-una-alerta-de-tsunami-para-iwate-y-5PKM7Z2PRNGRLIHV2WAMEHZN74.png\",\"datePublished\":\"2026-04-21T14:19:34+00:00\",\"dateModified\":\"2026-04-21T14:19:35+00:00\",\"breadcrumb\":{\"@id\":\"https:\/\/gysfm.com.ar\/inicio\/alerta-de-tsunami-en-japon-tras-un-terremoto-de-magnitud-75\/#breadcrumb\"},\"inLanguage\":\"es\",\"potentialAction\":[{\"@type\":\"ReadAction\",\"target\":[\"https:\/\/gysfm.com.ar\/inicio\/alerta-de-tsunami-en-japon-tras-un-terremoto-de-magnitud-75\/\"]}]},{\"@type\":\"ImageObject\",\"inLanguage\":\"es\",\"@id\":\"https:\/\/gysfm.com.ar\/inicio\/alerta-de-tsunami-en-japon-tras-un-terremoto-de-magnitud-75\/#primaryimage\",\"url\":\"https:\/\/gysfm.com.ar\/inicio\/wp-content\/uploads\/2026\/04\/japon-emitio-una-alerta-de-tsunami-para-iwate-y-5PKM7Z2PRNGRLIHV2WAMEHZN74.png\",\"contentUrl\":\"https:\/\/gysfm.com.ar\/inicio\/wp-content\/uploads\/2026\/04\/japon-emitio-una-alerta-de-tsunami-para-iwate-y-5PKM7Z2PRNGRLIHV2WAMEHZN74.png\",\"width\":1200,\"height\":800},{\"@type\":\"BreadcrumbList\",\"@id\":\"https:\/\/gysfm.com.ar\/inicio\/alerta-de-tsunami-en-japon-tras-un-terremoto-de-magnitud-75\/#breadcrumb\",\"itemListElement\":[{\"@type\":\"ListItem\",\"position\":1,\"name\":\"Portada\",\"item\":\"https:\/\/gysfm.com.ar\/inicio\/\"},{\"@type\":\"ListItem\",\"position\":2,\"name\":\"Alerta de tsunami en Jap\u00f3n tras un terremoto de magnitud 7,5\"}]},{\"@type\":\"WebSite\",\"@id\":\"https:\/\/gysfm.com.ar\/inicio\/#website\",\"url\":\"https:\/\/gysfm.com.ar\/inicio\/\",\"name\":\"GYS NOTICIAS |\",\"description\":\"DIARIO - RADIO ONLINE SAN JUAN ARGENTINA\",\"publisher\":{\"@id\":\"https:\/\/gysfm.com.ar\/inicio\/#organization\"},\"potentialAction\":[{\"@type\":\"SearchAction\",\"target\":{\"@type\":\"EntryPoint\",\"urlTemplate\":\"https:\/\/gysfm.com.ar\/inicio\/?s={search_term_string}\"},\"query-input\":{\"@type\":\"PropertyValueSpecification\",\"valueRequired\":true,\"valueName\":\"search_term_string\"}}],\"inLanguage\":\"es\"},{\"@type\":\"Organization\",\"@id\":\"https:\/\/gysfm.com.ar\/inicio\/#organization\",\"name\":\"GYS NOTICIAS |\",\"url\":\"https:\/\/gysfm.com.ar\/inicio\/\",\"logo\":{\"@type\":\"ImageObject\",\"inLanguage\":\"es\",\"@id\":\"https:\/\/gysfm.com.ar\/inicio\/#\/schema\/logo\/image\/\",\"url\":\"https:\/\/gysfm.com.ar\/inicio\/wp-content\/uploads\/2023\/07\/LOGOGYS-OK.png\",\"contentUrl\":\"https:\/\/gysfm.com.ar\/inicio\/wp-content\/uploads\/2023\/07\/LOGOGYS-OK.png\",\"width\":1170,\"height\":872,\"caption\":\"GYS NOTICIAS |\"},\"image\":{\"@id\":\"https:\/\/gysfm.com.ar\/inicio\/#\/schema\/logo\/image\/\"}},{\"@type\":\"Person\",\"@id\":\"https:\/\/gysfm.com.ar\/inicio\/#\/schema\/person\/3abba7593ef2ad19e1be221d54383dc5\",\"name\":\"Prensa G&amp;S FM\",\"image\":{\"@type\":\"ImageObject\",\"inLanguage\":\"es\",\"@id\":\"https:\/\/gysfm.com.ar\/inicio\/#\/schema\/person\/image\/\",\"url\":\"https:\/\/secure.gravatar.com\/avatar\/096ec78df02049ab018702bb4ccedf659377fa92a26540b5247612077a0dbd29?s=96&d=mm&r=g\",\"contentUrl\":\"https:\/\/secure.gravatar.com\/avatar\/096ec78df02049ab018702bb4ccedf659377fa92a26540b5247612077a0dbd29?s=96&d=mm&r=g\",\"caption\":\"Prensa G&amp;S FM\"},\"sameAs\":[\"https:\/\/gysfm.com.ar\/\"],\"url\":\"https:\/\/gysfm.com.ar\/inicio\/author\/lucasm\/\"}]}<\/script>\n<!-- \/ Yoast SEO plugin. -->","yoast_head_json":{"title":"Alerta de tsunami en Jap\u00f3n tras un terremoto de magnitud 7,5 - GYS NOTICIAS |","robots":{"index":"index","follow":"follow","max-snippet":"max-snippet:-1","max-image-preview":"max-image-preview:large","max-video-preview":"max-video-preview:-1"},"canonical":"https:\/\/gysfm.com.ar\/inicio\/alerta-de-tsunami-en-japon-tras-un-terremoto-de-magnitud-75\/","og_locale":"es_ES","og_type":"article","og_title":"Alerta de tsunami en Jap\u00f3n tras un terremoto de magnitud 7,5 - GYS NOTICIAS |","og_description":"TOKIO.- Un potente terremoto sacudi\u00f3 la costa norte de Jap\u00f3n y la Agencia Meteorol\u00f3gica local emiti\u00f3 una alerta de tsunami en la regi\u00f3n. La agencia inform\u00f3 que el sismo, con una magnitud preliminar de 7,5, se produjo frente a la costa de Sanriku, en el norte de ese pa\u00eds, alrededor de las 16.53 (hora local) [&hellip;]","og_url":"https:\/\/gysfm.com.ar\/inicio\/alerta-de-tsunami-en-japon-tras-un-terremoto-de-magnitud-75\/","og_site_name":"GYS NOTICIAS |","article_published_time":"2026-04-21T14:19:34+00:00","article_modified_time":"2026-04-21T14:19:35+00:00","og_image":[{"width":1200,"height":800,"url":"https:\/\/gysfm.com.ar\/inicio\/wp-content\/uploads\/2026\/04\/japon-emitio-una-alerta-de-tsunami-para-iwate-y-5PKM7Z2PRNGRLIHV2WAMEHZN74.png","type":"image\/png"}],"author":"Prensa G&amp;S FM","twitter_card":"summary_large_image","twitter_misc":{"Escrito por":"Prensa G&amp;S FM","Tiempo de lectura":"3 minutos"},"schema":{"@context":"https:\/\/schema.org","@graph":[{"@type":"Article","@id":"https:\/\/gysfm.com.ar\/inicio\/alerta-de-tsunami-en-japon-tras-un-terremoto-de-magnitud-75\/#article","isPartOf":{"@id":"https:\/\/gysfm.com.ar\/inicio\/alerta-de-tsunami-en-japon-tras-un-terremoto-de-magnitud-75\/"},"author":{"name":"Prensa G&amp;S FM","@id":"https:\/\/gysfm.com.ar\/inicio\/#\/schema\/person\/3abba7593ef2ad19e1be221d54383dc5"},"headline":"Alerta de tsunami en Jap\u00f3n tras un terremoto de magnitud 7,5","datePublished":"2026-04-21T14:19:34+00:00","dateModified":"2026-04-21T14:19:35+00:00","mainEntityOfPage":{"@id":"https:\/\/gysfm.com.ar\/inicio\/alerta-de-tsunami-en-japon-tras-un-terremoto-de-magnitud-75\/"},"wordCount":669,"publisher":{"@id":"https:\/\/gysfm.com.ar\/inicio\/#organization"},"image":{"@id":"https:\/\/gysfm.com.ar\/inicio\/alerta-de-tsunami-en-japon-tras-un-terremoto-de-magnitud-75\/#primaryimage"},"thumbnailUrl":"https:\/\/gysfm.com.ar\/inicio\/wp-content\/uploads\/2026\/04\/japon-emitio-una-alerta-de-tsunami-para-iwate-y-5PKM7Z2PRNGRLIHV2WAMEHZN74.png","articleSection":["INTERNACIONALES"],"inLanguage":"es"},{"@type":"WebPage","@id":"https:\/\/gysfm.com.ar\/inicio\/alerta-de-tsunami-en-japon-tras-un-terremoto-de-magnitud-75\/","url":"https:\/\/gysfm.com.ar\/inicio\/alerta-de-tsunami-en-japon-tras-un-terremoto-de-magnitud-75\/","name":"Alerta de tsunami en Jap\u00f3n tras un terremoto de magnitud 7,5 - GYS NOTICIAS |","isPartOf":{"@id":"https:\/\/gysfm.com.ar\/inicio\/#website"},"primaryImageOfPage":{"@id":"https:\/\/gysfm.com.ar\/inicio\/alerta-de-tsunami-en-japon-tras-un-terremoto-de-magnitud-75\/#primaryimage"},"image":{"@id":"https:\/\/gysfm.com.ar\/inicio\/alerta-de-tsunami-en-japon-tras-un-terremoto-de-magnitud-75\/#primaryimage"},"thumbnailUrl":"https:\/\/gysfm.com.ar\/inicio\/wp-content\/uploads\/2026\/04\/japon-emitio-una-alerta-de-tsunami-para-iwate-y-5PKM7Z2PRNGRLIHV2WAMEHZN74.png","datePublished":"2026-04-21T14:19:34+00:00","dateModified":"2026-04-21T14:19:35+00:00","breadcrumb":{"@id":"https:\/\/gysfm.com.ar\/inicio\/alerta-de-tsunami-en-japon-tras-un-terremoto-de-magnitud-75\/#breadcrumb"},"inLanguage":"es","potentialAction":[{"@type":"ReadAction","target":["https:\/\/gysfm.com.ar\/inicio\/alerta-de-tsunami-en-japon-tras-un-terremoto-de-magnitud-75\/"]}]},{"@type":"ImageObject","inLanguage":"es","@id":"https:\/\/gysfm.com.ar\/inicio\/alerta-de-tsunami-en-japon-tras-un-terremoto-de-magnitud-75\/#primaryimage","url":"https:\/\/gysfm.com.ar\/inicio\/wp-content\/uploads\/2026\/04\/japon-emitio-una-alerta-de-tsunami-para-iwate-y-5PKM7Z2PRNGRLIHV2WAMEHZN74.png","contentUrl":"https:\/\/gysfm.com.ar\/inicio\/wp-content\/uploads\/2026\/04\/japon-emitio-una-alerta-de-tsunami-para-iwate-y-5PKM7Z2PRNGRLIHV2WAMEHZN74.png","width":1200,"height":800},{"@type":"BreadcrumbList","@id":"https:\/\/gysfm.com.ar\/inicio\/alerta-de-tsunami-en-japon-tras-un-terremoto-de-magnitud-75\/#breadcrumb","itemListElement":[{"@type":"ListItem","position":1,"name":"Portada","item":"https:\/\/gysfm.com.ar\/inicio\/"},{"@type":"ListItem","position":2,"name":"Alerta de tsunami en Jap\u00f3n tras un terremoto de magnitud 7,5"}]},{"@type":"WebSite","@id":"https:\/\/gysfm.com.ar\/inicio\/#website","url":"https:\/\/gysfm.com.ar\/inicio\/","name":"GYS NOTICIAS |","description":"DIARIO - RADIO ONLINE SAN JUAN ARGENTINA","publisher":{"@id":"https:\/\/gysfm.com.ar\/inicio\/#organization"},"potentialAction":[{"@type":"SearchAction","target":{"@type":"EntryPoint","urlTemplate":"https:\/\/gysfm.com.ar\/inicio\/?s={search_term_string}"},"query-input":{"@type":"PropertyValueSpecification","valueRequired":true,"valueName":"search_term_string"}}],"inLanguage":"es"},{"@type":"Organization","@id":"https:\/\/gysfm.com.ar\/inicio\/#organization","name":"GYS NOTICIAS |","url":"https:\/\/gysfm.com.ar\/inicio\/","logo":{"@type":"ImageObject","inLanguage":"es","@id":"https:\/\/gysfm.com.ar\/inicio\/#\/schema\/logo\/image\/","url":"https:\/\/gysfm.com.ar\/inicio\/wp-content\/uploads\/2023\/07\/LOGOGYS-OK.png","contentUrl":"https:\/\/gysfm.com.ar\/inicio\/wp-content\/uploads\/2023\/07\/LOGOGYS-OK.png","width":1170,"height":872,"caption":"GYS NOTICIAS |"},"image":{"@id":"https:\/\/gysfm.com.ar\/inicio\/#\/schema\/logo\/image\/"}},{"@type":"Person","@id":"https:\/\/gysfm.com.ar\/inicio\/#\/schema\/person\/3abba7593ef2ad19e1be221d54383dc5","name":"Prensa G&amp;S FM","image":{"@type":"ImageObject","inLanguage":"es","@id":"https:\/\/gysfm.com.ar\/inicio\/#\/schema\/person\/image\/","url":"https:\/\/secure.gravatar.com\/avatar\/096ec78df02049ab018702bb4ccedf659377fa92a26540b5247612077a0dbd29?s=96&d=mm&r=g","contentUrl":"https:\/\/secure.gravatar.com\/avatar\/096ec78df02049ab018702bb4ccedf659377fa92a26540b5247612077a0dbd29?s=96&d=mm&r=g","caption":"Prensa G&amp;S FM"},"sameAs":["https:\/\/gysfm.com.ar\/"],"url":"https:\/\/gysfm.com.ar\/inicio\/author\/lucasm\/"}]}},"_links":{"self":[{"href":"https:\/\/gysfm.com.ar\/inicio\/wp-json\/wp\/v2\/posts\/192109","targetHints":{"allow":["GET"]}}],"collection":[{"href":"https:\/\/gysfm.com.ar\/inicio\/wp-json\/wp\/v2\/posts"}],"about":[{"href":"https:\/\/gysfm.com.ar\/inicio\/wp-json\/wp\/v2\/types\/post"}],"author":[{"embeddable":true,"href":"https:\/\/gysfm.com.ar\/inicio\/wp-json\/wp\/v2\/users\/2"}],"replies":[{"embeddable":true,"href":"https:\/\/gysfm.com.ar\/inicio\/wp-json\/wp\/v2\/comments?post=192109"}],"version-history":[{"count":1,"href":"https:\/\/gysfm.com.ar\/inicio\/wp-json\/wp\/v2\/posts\/192109\/revisions"}],"predecessor-version":[{"id":192111,"href":"https:\/\/gysfm.com.ar\/inicio\/wp-json\/wp\/v2\/posts\/192109\/revisions\/192111"}],"wp:featuredmedia":[{"embeddable":true,"href":"https:\/\/gysfm.com.ar\/inicio\/wp-json\/wp\/v2\/media\/192110"}],"wp:attachment":[{"href":"https:\/\/gysfm.com.ar\/inicio\/wp-json\/wp\/v2\/media?parent=192109"}],"wp:term":[{"taxonomy":"category","embeddable":true,"href":"https:\/\/gysfm.com.ar\/inicio\/wp-json\/wp\/v2\/categories?post=192109"},{"taxonomy":"post_tag","embeddable":true,"href":"https:\/\/gysfm.com.ar\/inicio\/wp-json\/wp\/v2\/tags?post=192109"}],"curies":[{"name":"wp","href":"https:\/\/api.w.org\/{rel}","templated":true}]}}