{"id":192097,"date":"2026-04-21T10:05:25","date_gmt":"2026-04-21T13:05:25","guid":{"rendered":"https:\/\/gysfm.com.ar\/inicio\/la-inmobiliaria-dijo-que-el-departamento-de-adorni-de-la-calle-miro-se-pudo-haber-vendido-a-345-000-dolares\/"},"modified":"2026-04-21T10:05:25","modified_gmt":"2026-04-21T13:05:25","slug":"la-inmobiliaria-dijo-que-el-departamento-de-adorni-de-la-calle-miro-se-pudo-haber-vendido-a-345-000-dolares","status":"publish","type":"post","link":"https:\/\/gysfm.com.ar\/inicio\/la-inmobiliaria-dijo-que-el-departamento-de-adorni-de-la-calle-miro-se-pudo-haber-vendido-a-345-000-dolares\/","title":{"rendered":"La inmobiliaria dijo que el departamento de Adorni de la calle Mir\u00f3 se pudo haber vendido a 345.000 d\u00f3lares"},"content":{"rendered":"<p><\/p>\n<div id=\"article-content\">\n<p>La semana judicial en la causa que investiga por presunto enriquecimiento il\u00edcito al jefe de Gabinete <a target=\"_blank\" href=\"https:\/\/www.perfil.com\/noticias\/columnistas\/adorni-es-pobre-por-jorge-fontevecchia.phtml\"><strong>Manuel Adorni<\/strong><\/a> comenz\u00f3 este lunes con la declaraci\u00f3n, ante el fiscal <strong>Gerardo Pollicita,<\/strong> de los due\u00f1os de <strong>Rucci Propiedades,<\/strong> la inmobiliaria que tuvo en venta el departamento de la calle Mir\u00f3 en el que vive el jefe de Gabinete.<\/p>\n<p>Se trata de <strong>Natalia Rucci<\/strong> y su marido <strong>Marcelo Trimarchi,<\/strong> quienes confirmaron que quien coordin\u00f3 la operaci\u00f3n fue <strong>Pablo Mart\u00edn Feijoo,<\/strong> quien est\u00e1 citado para este mi\u00e9rcoles a declarar. Los testigos dijeron que el inmueble fue refaccionado a nuevo y se podr\u00eda haber vendido en 345.000 d\u00f3lares, seg\u00fan Infobae.<\/p>\n<div class=\"subscription\">\n<p>\n        Esto no les gusta a los autoritarios\n    <\/p>\n<div class=\"subscription__container\">\n<div class=\"subscription__text-wrapper\">\n<p>\n                El ejercicio del periodismo profesional y cr\u00edtico es un pilar fundamental de la democracia. Por eso molesta a quienes creen ser los due\u00f1os de la verdad.\n            <\/p>\n<\/p><\/div><\/div>\n<\/div>\n<p class=\"destacadoNota\"><a target=\"_blank\" href=\"https:\/\/www.perfil.com\/noticias\/politica\/manuel-adorni-puso-en-venta-su-departamento-en-la-plata-y-pide-us95000-en-medio-de-la-causa-por-su-patrimonio.phtml\">Manuel Adorni puso en venta su departamento en La Plata y pide US$95.000 en medio de la causa por su patrimonio<\/a>  <\/p>\n<p>Sin embargo, Adorni pag\u00f3 en noviembre pasado 230.000 d\u00f3lares. Se lo compr\u00f3 a <strong>Claudia Sbabo<\/strong> y <strong>Beatriz Viegas,<\/strong> las madres de <strong>Leandro Miano <\/strong>y<strong> Pablo Mart\u00edn Feijoo.<\/strong> Ante la escribana <strong>Adriana Nechevenko,<\/strong> se pact\u00f3 que pague 30.000 en efectivo y el resto se lo financiaron a un a\u00f1o.<\/p>\n<p>En una entrevista, la martillera Rucci confirm\u00f3 que, cuando sali\u00f3 a la venta, la propiedad se public\u00f3 por un valor de 340.000 d\u00f3lares. Tras una serie de rebajas, Claudia Sbabo y Beatriz Viegas, lo compraron en mayo pasado a 200.000 d\u00f3lares al ex futbolista <strong>Hugo Morales. <\/strong>La se\u00f1a para esa operaci\u00f3n la aport\u00f3 Feijoo, hijo de Viegas.<\/p>\n<p class=\"destacadoNota\"><a target=\"_blank\" href=\"https:\/\/www.perfil.com\/noticias\/columnistas\/adorni-es-pobre-por-jorge-fontevecchia.phtml\">Adorni es pobre<\/a><\/p>\n<p>Feijoo estuvo el d\u00eda de la escritura junto a su madre, Beatriz Viegas, y Claudia Sbabo, madre de su socio, Leandro Miano. Ambos forman parte de la <strong>empresa desarrolladora TJS Group<\/strong> y de la <strong>constructora Avda SRL.<\/strong><\/p>\n<p>El departamento se escritur\u00f3 en partes iguales a nombre de esas dos mujeres, <strong>jubiladas que cobran la m\u00ednima. <\/strong>Ante el fiscal dijeron que utilizaron ahorros para la compra del inmueble.<\/p>\n<p class=\"destacadoNota\"><a target=\"_blank\" href=\"https:\/\/www.perfil.com\/noticias\/politica\/semana-intensa-para-adorni-la-justicia-indaga-sobre-la-compra-de-propiedades-y-reformas-de-lujo.phtml\">Semana dif\u00edcil para Manuel Adorni: la Justicia indaga sobre la compra de propiedades y reformas de lujo<\/a><\/p>\n<p>La Justicia accedi\u00f3 a un chat en el que el hijo de una de las jubiladas que le vendieron a Adorni (con las que a\u00fan tiene una deuda) avisaba que ya ten\u00eda un comprador. <\/p>\n<p>El fiscal busca establecer si la compra del departamento de la calle Mir\u00f3 y el resto de los gastos de Adorni (compra de propiedades, viajes en avi\u00f3n y el alojamiento en el hotel Llao Llao) son <strong>compatibles con sus ingresos y su patrimonio declarado.<\/strong><\/p>\n<p class=\"destacadoNota\"><a target=\"_blank\" href=\"https:\/\/www.perfil.com\/noticias\/politica\/adorni-el-del-country-caballito-aruba-y-punta-del-este-tambien-hizo-nieve-llevo-la-familia-al-llao-llao.phtml\">Adorni, adem\u00e1s del country, Caballito, Aruba y Punta del Este, tambi\u00e9n hizo nieve: llev\u00f3 la familia al Llao Llao<\/a><\/p>\n<p>Para esta semana tambi\u00e9n est\u00e1 previsto que declare ante Pollicita <strong>Mat\u00edas Tabar,<\/strong> de la empresa Grupo AA, quien tuvo a cargo las <strong>obras de remodelaci\u00f3n<\/strong> en otra propiedad comprada por Adorni en el lote 380 del country Indio Cu\u00e1, que figura a nombre de su esposa, Bettina Angeletti.<\/p>\n<p>LT<\/p>\n<\/p><\/div>\n<p><script>\n                !function(f,b,e,v,n,t,s)\n                {if(f.fbq)return;n=f.fbq=function(){n.callMethod?\n                    n.callMethod.apply(n,arguments):n.queue.push(arguments)};\n                    if(!f._fbq)f._fbq=n;n.push=n;n.loaded=!0;n.version='2.0';\n                    n.queue=[];t=b.createElement(e);t.async=!0;\n                    t.src=v;s=b.getElementsByTagName(e)[0];\n                    s.parentNode.insertBefore(t,s)}(window, document,'script',\n                    'https:\/\/connect.facebook.net\/en_US\/fbevents.js');\n                window.paywallConfig.facebook_pixel=\"1000228364089342\"\n            <\/script><\/p>\n","protected":false},"excerpt":{"rendered":"<p>La semana judicial en la causa que investiga por presunto enriquecimiento il\u00edcito al jefe de Gabinete Manuel Adorni comenz\u00f3 este lunes con la declaraci\u00f3n, ante el fiscal Gerardo Pollicita, de los due\u00f1os de Rucci Propiedades, la inmobiliaria que tuvo en venta el departamento de la calle Mir\u00f3 en el que vive el jefe de Gabinete. [&hellip;]<\/p>\n","protected":false},"author":2,"featured_media":190922,"comment_status":"closed","ping_status":"closed","sticky":false,"template":"","format":"standard","meta":{"footnotes":""},"categories":[25],"tags":[],"class_list":["post-192097","post","type-post","status-publish","format-standard","has-post-thumbnail","hentry","category-nacionales"],"yoast_head":"<!-- This site is optimized with the Yoast SEO plugin v24.4 - https:\/\/yoast.com\/wordpress\/plugins\/seo\/ -->\n<title>La inmobiliaria dijo que el departamento de Adorni de la calle Mir\u00f3 se pudo haber vendido a 345.000 d\u00f3lares - GYS NOTICIAS |<\/title>\n<meta name=\"robots\" content=\"index, follow, max-snippet:-1, max-image-preview:large, max-video-preview:-1\" \/>\n<link rel=\"canonical\" href=\"https:\/\/gysfm.com.ar\/inicio\/la-inmobiliaria-dijo-que-el-departamento-de-adorni-de-la-calle-miro-se-pudo-haber-vendido-a-345-000-dolares\/\" \/>\n<meta property=\"og:locale\" content=\"es_ES\" \/>\n<meta property=\"og:type\" content=\"article\" \/>\n<meta property=\"og:title\" content=\"La inmobiliaria dijo que el departamento de Adorni de la calle Mir\u00f3 se pudo haber vendido a 345.000 d\u00f3lares - GYS NOTICIAS |\" \/>\n<meta property=\"og:description\" content=\"La semana judicial en la causa que investiga por presunto enriquecimiento il\u00edcito al jefe de Gabinete Manuel Adorni comenz\u00f3 este lunes con la declaraci\u00f3n, ante el fiscal Gerardo Pollicita, de los due\u00f1os de Rucci Propiedades, la inmobiliaria que tuvo en venta el departamento de la calle Mir\u00f3 en el que vive el jefe de Gabinete. [&hellip;]\" \/>\n<meta property=\"og:url\" content=\"https:\/\/gysfm.com.ar\/inicio\/la-inmobiliaria-dijo-que-el-departamento-de-adorni-de-la-calle-miro-se-pudo-haber-vendido-a-345-000-dolares\/\" \/>\n<meta property=\"og:site_name\" content=\"GYS NOTICIAS |\" \/>\n<meta property=\"article:published_time\" content=\"2026-04-21T13:05:25+00:00\" \/>\n<meta name=\"author\" content=\"Prensa G&amp;S FM\" \/>\n<meta name=\"twitter:card\" content=\"summary_large_image\" \/>\n<meta name=\"twitter:label1\" content=\"Escrito por\" \/>\n\t<meta name=\"twitter:data1\" content=\"Prensa G&amp;S FM\" \/>\n\t<meta name=\"twitter:label2\" content=\"Tiempo de lectura\" \/>\n\t<meta name=\"twitter:data2\" content=\"3 minutos\" \/>\n<script type=\"application\/ld+json\" class=\"yoast-schema-graph\">{\"@context\":\"https:\/\/schema.org\",\"@graph\":[{\"@type\":\"Article\",\"@id\":\"https:\/\/gysfm.com.ar\/inicio\/la-inmobiliaria-dijo-que-el-departamento-de-adorni-de-la-calle-miro-se-pudo-haber-vendido-a-345-000-dolares\/#article\",\"isPartOf\":{\"@id\":\"https:\/\/gysfm.com.ar\/inicio\/la-inmobiliaria-dijo-que-el-departamento-de-adorni-de-la-calle-miro-se-pudo-haber-vendido-a-345-000-dolares\/\"},\"author\":{\"name\":\"Prensa G&amp;S FM\",\"@id\":\"https:\/\/gysfm.com.ar\/inicio\/#\/schema\/person\/3abba7593ef2ad19e1be221d54383dc5\"},\"headline\":\"La inmobiliaria dijo que el departamento de Adorni de la calle Mir\u00f3 se pudo haber vendido a 345.000 d\u00f3lares\",\"datePublished\":\"2026-04-21T13:05:25+00:00\",\"mainEntityOfPage\":{\"@id\":\"https:\/\/gysfm.com.ar\/inicio\/la-inmobiliaria-dijo-que-el-departamento-de-adorni-de-la-calle-miro-se-pudo-haber-vendido-a-345-000-dolares\/\"},\"wordCount\":538,\"publisher\":{\"@id\":\"https:\/\/gysfm.com.ar\/inicio\/#organization\"},\"image\":{\"@id\":\"https:\/\/gysfm.com.ar\/inicio\/la-inmobiliaria-dijo-que-el-departamento-de-adorni-de-la-calle-miro-se-pudo-haber-vendido-a-345-000-dolares\/#primaryimage\"},\"thumbnailUrl\":\"https:\/\/gysfm.com.ar\/inicio\/wp-content\/uploads\/2026\/04\/manuel-adorni-2219345.jpg\",\"articleSection\":[\"NACIONALES\"],\"inLanguage\":\"es\"},{\"@type\":\"WebPage\",\"@id\":\"https:\/\/gysfm.com.ar\/inicio\/la-inmobiliaria-dijo-que-el-departamento-de-adorni-de-la-calle-miro-se-pudo-haber-vendido-a-345-000-dolares\/\",\"url\":\"https:\/\/gysfm.com.ar\/inicio\/la-inmobiliaria-dijo-que-el-departamento-de-adorni-de-la-calle-miro-se-pudo-haber-vendido-a-345-000-dolares\/\",\"name\":\"La inmobiliaria dijo que el departamento de Adorni de la calle Mir\u00f3 se pudo haber vendido a 345.000 d\u00f3lares - GYS NOTICIAS |\",\"isPartOf\":{\"@id\":\"https:\/\/gysfm.com.ar\/inicio\/#website\"},\"primaryImageOfPage\":{\"@id\":\"https:\/\/gysfm.com.ar\/inicio\/la-inmobiliaria-dijo-que-el-departamento-de-adorni-de-la-calle-miro-se-pudo-haber-vendido-a-345-000-dolares\/#primaryimage\"},\"image\":{\"@id\":\"https:\/\/gysfm.com.ar\/inicio\/la-inmobiliaria-dijo-que-el-departamento-de-adorni-de-la-calle-miro-se-pudo-haber-vendido-a-345-000-dolares\/#primaryimage\"},\"thumbnailUrl\":\"https:\/\/gysfm.com.ar\/inicio\/wp-content\/uploads\/2026\/04\/manuel-adorni-2219345.jpg\",\"datePublished\":\"2026-04-21T13:05:25+00:00\",\"breadcrumb\":{\"@id\":\"https:\/\/gysfm.com.ar\/inicio\/la-inmobiliaria-dijo-que-el-departamento-de-adorni-de-la-calle-miro-se-pudo-haber-vendido-a-345-000-dolares\/#breadcrumb\"},\"inLanguage\":\"es\",\"potentialAction\":[{\"@type\":\"ReadAction\",\"target\":[\"https:\/\/gysfm.com.ar\/inicio\/la-inmobiliaria-dijo-que-el-departamento-de-adorni-de-la-calle-miro-se-pudo-haber-vendido-a-345-000-dolares\/\"]}]},{\"@type\":\"ImageObject\",\"inLanguage\":\"es\",\"@id\":\"https:\/\/gysfm.com.ar\/inicio\/la-inmobiliaria-dijo-que-el-departamento-de-adorni-de-la-calle-miro-se-pudo-haber-vendido-a-345-000-dolares\/#primaryimage\",\"url\":\"https:\/\/gysfm.com.ar\/inicio\/wp-content\/uploads\/2026\/04\/manuel-adorni-2219345.jpg\",\"contentUrl\":\"https:\/\/gysfm.com.ar\/inicio\/wp-content\/uploads\/2026\/04\/manuel-adorni-2219345.jpg\",\"width\":1140,\"height\":641},{\"@type\":\"BreadcrumbList\",\"@id\":\"https:\/\/gysfm.com.ar\/inicio\/la-inmobiliaria-dijo-que-el-departamento-de-adorni-de-la-calle-miro-se-pudo-haber-vendido-a-345-000-dolares\/#breadcrumb\",\"itemListElement\":[{\"@type\":\"ListItem\",\"position\":1,\"name\":\"Portada\",\"item\":\"https:\/\/gysfm.com.ar\/inicio\/\"},{\"@type\":\"ListItem\",\"position\":2,\"name\":\"La inmobiliaria dijo que el departamento de Adorni de la calle Mir\u00f3 se pudo haber vendido a 345.000 d\u00f3lares\"}]},{\"@type\":\"WebSite\",\"@id\":\"https:\/\/gysfm.com.ar\/inicio\/#website\",\"url\":\"https:\/\/gysfm.com.ar\/inicio\/\",\"name\":\"GYS NOTICIAS |\",\"description\":\"DIARIO - RADIO ONLINE SAN JUAN ARGENTINA\",\"publisher\":{\"@id\":\"https:\/\/gysfm.com.ar\/inicio\/#organization\"},\"potentialAction\":[{\"@type\":\"SearchAction\",\"target\":{\"@type\":\"EntryPoint\",\"urlTemplate\":\"https:\/\/gysfm.com.ar\/inicio\/?s={search_term_string}\"},\"query-input\":{\"@type\":\"PropertyValueSpecification\",\"valueRequired\":true,\"valueName\":\"search_term_string\"}}],\"inLanguage\":\"es\"},{\"@type\":\"Organization\",\"@id\":\"https:\/\/gysfm.com.ar\/inicio\/#organization\",\"name\":\"GYS NOTICIAS |\",\"url\":\"https:\/\/gysfm.com.ar\/inicio\/\",\"logo\":{\"@type\":\"ImageObject\",\"inLanguage\":\"es\",\"@id\":\"https:\/\/gysfm.com.ar\/inicio\/#\/schema\/logo\/image\/\",\"url\":\"https:\/\/gysfm.com.ar\/inicio\/wp-content\/uploads\/2023\/07\/LOGOGYS-OK.png\",\"contentUrl\":\"https:\/\/gysfm.com.ar\/inicio\/wp-content\/uploads\/2023\/07\/LOGOGYS-OK.png\",\"width\":1170,\"height\":872,\"caption\":\"GYS NOTICIAS |\"},\"image\":{\"@id\":\"https:\/\/gysfm.com.ar\/inicio\/#\/schema\/logo\/image\/\"}},{\"@type\":\"Person\",\"@id\":\"https:\/\/gysfm.com.ar\/inicio\/#\/schema\/person\/3abba7593ef2ad19e1be221d54383dc5\",\"name\":\"Prensa G&amp;S FM\",\"image\":{\"@type\":\"ImageObject\",\"inLanguage\":\"es\",\"@id\":\"https:\/\/gysfm.com.ar\/inicio\/#\/schema\/person\/image\/\",\"url\":\"https:\/\/secure.gravatar.com\/avatar\/096ec78df02049ab018702bb4ccedf659377fa92a26540b5247612077a0dbd29?s=96&d=mm&r=g\",\"contentUrl\":\"https:\/\/secure.gravatar.com\/avatar\/096ec78df02049ab018702bb4ccedf659377fa92a26540b5247612077a0dbd29?s=96&d=mm&r=g\",\"caption\":\"Prensa G&amp;S FM\"},\"sameAs\":[\"https:\/\/gysfm.com.ar\/\"],\"url\":\"https:\/\/gysfm.com.ar\/inicio\/author\/lucasm\/\"}]}<\/script>\n<!-- \/ Yoast SEO plugin. -->","yoast_head_json":{"title":"La inmobiliaria dijo que el departamento de Adorni de la calle Mir\u00f3 se pudo haber vendido a 345.000 d\u00f3lares - GYS NOTICIAS |","robots":{"index":"index","follow":"follow","max-snippet":"max-snippet:-1","max-image-preview":"max-image-preview:large","max-video-preview":"max-video-preview:-1"},"canonical":"https:\/\/gysfm.com.ar\/inicio\/la-inmobiliaria-dijo-que-el-departamento-de-adorni-de-la-calle-miro-se-pudo-haber-vendido-a-345-000-dolares\/","og_locale":"es_ES","og_type":"article","og_title":"La inmobiliaria dijo que el departamento de Adorni de la calle Mir\u00f3 se pudo haber vendido a 345.000 d\u00f3lares - GYS NOTICIAS |","og_description":"La semana judicial en la causa que investiga por presunto enriquecimiento il\u00edcito al jefe de Gabinete Manuel Adorni comenz\u00f3 este lunes con la declaraci\u00f3n, ante el fiscal Gerardo Pollicita, de los due\u00f1os de Rucci Propiedades, la inmobiliaria que tuvo en venta el departamento de la calle Mir\u00f3 en el que vive el jefe de Gabinete. [&hellip;]","og_url":"https:\/\/gysfm.com.ar\/inicio\/la-inmobiliaria-dijo-que-el-departamento-de-adorni-de-la-calle-miro-se-pudo-haber-vendido-a-345-000-dolares\/","og_site_name":"GYS NOTICIAS |","article_published_time":"2026-04-21T13:05:25+00:00","author":"Prensa G&amp;S FM","twitter_card":"summary_large_image","twitter_misc":{"Escrito por":"Prensa G&amp;S FM","Tiempo de lectura":"3 minutos"},"schema":{"@context":"https:\/\/schema.org","@graph":[{"@type":"Article","@id":"https:\/\/gysfm.com.ar\/inicio\/la-inmobiliaria-dijo-que-el-departamento-de-adorni-de-la-calle-miro-se-pudo-haber-vendido-a-345-000-dolares\/#article","isPartOf":{"@id":"https:\/\/gysfm.com.ar\/inicio\/la-inmobiliaria-dijo-que-el-departamento-de-adorni-de-la-calle-miro-se-pudo-haber-vendido-a-345-000-dolares\/"},"author":{"name":"Prensa G&amp;S FM","@id":"https:\/\/gysfm.com.ar\/inicio\/#\/schema\/person\/3abba7593ef2ad19e1be221d54383dc5"},"headline":"La inmobiliaria dijo que el departamento de Adorni de la calle Mir\u00f3 se pudo haber vendido a 345.000 d\u00f3lares","datePublished":"2026-04-21T13:05:25+00:00","mainEntityOfPage":{"@id":"https:\/\/gysfm.com.ar\/inicio\/la-inmobiliaria-dijo-que-el-departamento-de-adorni-de-la-calle-miro-se-pudo-haber-vendido-a-345-000-dolares\/"},"wordCount":538,"publisher":{"@id":"https:\/\/gysfm.com.ar\/inicio\/#organization"},"image":{"@id":"https:\/\/gysfm.com.ar\/inicio\/la-inmobiliaria-dijo-que-el-departamento-de-adorni-de-la-calle-miro-se-pudo-haber-vendido-a-345-000-dolares\/#primaryimage"},"thumbnailUrl":"https:\/\/gysfm.com.ar\/inicio\/wp-content\/uploads\/2026\/04\/manuel-adorni-2219345.jpg","articleSection":["NACIONALES"],"inLanguage":"es"},{"@type":"WebPage","@id":"https:\/\/gysfm.com.ar\/inicio\/la-inmobiliaria-dijo-que-el-departamento-de-adorni-de-la-calle-miro-se-pudo-haber-vendido-a-345-000-dolares\/","url":"https:\/\/gysfm.com.ar\/inicio\/la-inmobiliaria-dijo-que-el-departamento-de-adorni-de-la-calle-miro-se-pudo-haber-vendido-a-345-000-dolares\/","name":"La inmobiliaria dijo que el departamento de Adorni de la calle Mir\u00f3 se pudo haber vendido a 345.000 d\u00f3lares - GYS NOTICIAS |","isPartOf":{"@id":"https:\/\/gysfm.com.ar\/inicio\/#website"},"primaryImageOfPage":{"@id":"https:\/\/gysfm.com.ar\/inicio\/la-inmobiliaria-dijo-que-el-departamento-de-adorni-de-la-calle-miro-se-pudo-haber-vendido-a-345-000-dolares\/#primaryimage"},"image":{"@id":"https:\/\/gysfm.com.ar\/inicio\/la-inmobiliaria-dijo-que-el-departamento-de-adorni-de-la-calle-miro-se-pudo-haber-vendido-a-345-000-dolares\/#primaryimage"},"thumbnailUrl":"https:\/\/gysfm.com.ar\/inicio\/wp-content\/uploads\/2026\/04\/manuel-adorni-2219345.jpg","datePublished":"2026-04-21T13:05:25+00:00","breadcrumb":{"@id":"https:\/\/gysfm.com.ar\/inicio\/la-inmobiliaria-dijo-que-el-departamento-de-adorni-de-la-calle-miro-se-pudo-haber-vendido-a-345-000-dolares\/#breadcrumb"},"inLanguage":"es","potentialAction":[{"@type":"ReadAction","target":["https:\/\/gysfm.com.ar\/inicio\/la-inmobiliaria-dijo-que-el-departamento-de-adorni-de-la-calle-miro-se-pudo-haber-vendido-a-345-000-dolares\/"]}]},{"@type":"ImageObject","inLanguage":"es","@id":"https:\/\/gysfm.com.ar\/inicio\/la-inmobiliaria-dijo-que-el-departamento-de-adorni-de-la-calle-miro-se-pudo-haber-vendido-a-345-000-dolares\/#primaryimage","url":"https:\/\/gysfm.com.ar\/inicio\/wp-content\/uploads\/2026\/04\/manuel-adorni-2219345.jpg","contentUrl":"https:\/\/gysfm.com.ar\/inicio\/wp-content\/uploads\/2026\/04\/manuel-adorni-2219345.jpg","width":1140,"height":641},{"@type":"BreadcrumbList","@id":"https:\/\/gysfm.com.ar\/inicio\/la-inmobiliaria-dijo-que-el-departamento-de-adorni-de-la-calle-miro-se-pudo-haber-vendido-a-345-000-dolares\/#breadcrumb","itemListElement":[{"@type":"ListItem","position":1,"name":"Portada","item":"https:\/\/gysfm.com.ar\/inicio\/"},{"@type":"ListItem","position":2,"name":"La inmobiliaria dijo que el departamento de Adorni de la calle Mir\u00f3 se pudo haber vendido a 345.000 d\u00f3lares"}]},{"@type":"WebSite","@id":"https:\/\/gysfm.com.ar\/inicio\/#website","url":"https:\/\/gysfm.com.ar\/inicio\/","name":"GYS NOTICIAS |","description":"DIARIO - RADIO ONLINE SAN JUAN ARGENTINA","publisher":{"@id":"https:\/\/gysfm.com.ar\/inicio\/#organization"},"potentialAction":[{"@type":"SearchAction","target":{"@type":"EntryPoint","urlTemplate":"https:\/\/gysfm.com.ar\/inicio\/?s={search_term_string}"},"query-input":{"@type":"PropertyValueSpecification","valueRequired":true,"valueName":"search_term_string"}}],"inLanguage":"es"},{"@type":"Organization","@id":"https:\/\/gysfm.com.ar\/inicio\/#organization","name":"GYS NOTICIAS |","url":"https:\/\/gysfm.com.ar\/inicio\/","logo":{"@type":"ImageObject","inLanguage":"es","@id":"https:\/\/gysfm.com.ar\/inicio\/#\/schema\/logo\/image\/","url":"https:\/\/gysfm.com.ar\/inicio\/wp-content\/uploads\/2023\/07\/LOGOGYS-OK.png","contentUrl":"https:\/\/gysfm.com.ar\/inicio\/wp-content\/uploads\/2023\/07\/LOGOGYS-OK.png","width":1170,"height":872,"caption":"GYS NOTICIAS |"},"image":{"@id":"https:\/\/gysfm.com.ar\/inicio\/#\/schema\/logo\/image\/"}},{"@type":"Person","@id":"https:\/\/gysfm.com.ar\/inicio\/#\/schema\/person\/3abba7593ef2ad19e1be221d54383dc5","name":"Prensa G&amp;S FM","image":{"@type":"ImageObject","inLanguage":"es","@id":"https:\/\/gysfm.com.ar\/inicio\/#\/schema\/person\/image\/","url":"https:\/\/secure.gravatar.com\/avatar\/096ec78df02049ab018702bb4ccedf659377fa92a26540b5247612077a0dbd29?s=96&d=mm&r=g","contentUrl":"https:\/\/secure.gravatar.com\/avatar\/096ec78df02049ab018702bb4ccedf659377fa92a26540b5247612077a0dbd29?s=96&d=mm&r=g","caption":"Prensa G&amp;S FM"},"sameAs":["https:\/\/gysfm.com.ar\/"],"url":"https:\/\/gysfm.com.ar\/inicio\/author\/lucasm\/"}]}},"_links":{"self":[{"href":"https:\/\/gysfm.com.ar\/inicio\/wp-json\/wp\/v2\/posts\/192097","targetHints":{"allow":["GET"]}}],"collection":[{"href":"https:\/\/gysfm.com.ar\/inicio\/wp-json\/wp\/v2\/posts"}],"about":[{"href":"https:\/\/gysfm.com.ar\/inicio\/wp-json\/wp\/v2\/types\/post"}],"author":[{"embeddable":true,"href":"https:\/\/gysfm.com.ar\/inicio\/wp-json\/wp\/v2\/users\/2"}],"replies":[{"embeddable":true,"href":"https:\/\/gysfm.com.ar\/inicio\/wp-json\/wp\/v2\/comments?post=192097"}],"version-history":[{"count":0,"href":"https:\/\/gysfm.com.ar\/inicio\/wp-json\/wp\/v2\/posts\/192097\/revisions"}],"wp:featuredmedia":[{"embeddable":true,"href":"https:\/\/gysfm.com.ar\/inicio\/wp-json\/wp\/v2\/media\/190922"}],"wp:attachment":[{"href":"https:\/\/gysfm.com.ar\/inicio\/wp-json\/wp\/v2\/media?parent=192097"}],"wp:term":[{"taxonomy":"category","embeddable":true,"href":"https:\/\/gysfm.com.ar\/inicio\/wp-json\/wp\/v2\/categories?post=192097"},{"taxonomy":"post_tag","embeddable":true,"href":"https:\/\/gysfm.com.ar\/inicio\/wp-json\/wp\/v2\/tags?post=192097"}],"curies":[{"name":"wp","href":"https:\/\/api.w.org\/{rel}","templated":true}]}}