{"id":192092,"date":"2026-04-21T09:16:31","date_gmt":"2026-04-21T12:16:31","guid":{"rendered":"https:\/\/gysfm.com.ar\/inicio\/cerca-de-200-turistas-quedaron-atrapados-en-la-cima-de-un-morro-en-rio-durante-un-operativo-en-una-favela\/"},"modified":"2026-04-21T09:16:33","modified_gmt":"2026-04-21T12:16:33","slug":"cerca-de-200-turistas-quedaron-atrapados-en-la-cima-de-un-morro-en-rio-durante-un-operativo-en-una-favela","status":"publish","type":"post","link":"https:\/\/gysfm.com.ar\/inicio\/cerca-de-200-turistas-quedaron-atrapados-en-la-cima-de-un-morro-en-rio-durante-un-operativo-en-una-favela\/","title":{"rendered":"Cerca de 200 turistas quedaron atrapados en la cima de un morro en R\u00edo durante un operativo en una favela"},"content":{"rendered":"<p> <br \/>\n<\/p>\n<div>\n<p class=\"com-paragraph  --capital --s\">R\u00cdO DE JANEIRO.\u2013 El amanecer promet\u00eda una postal: la ciudad desplegada desde lo alto, el mar todav\u00eda en penumbra, la luz filtr\u00e1ndose entre los morros. Pero en cuesti\u00f3n de minutos, el paisaje cambi\u00f3 de registro. Disparos, gritos y \u00f3rdenes apuradas. <strong>Cerca de 200 turistas quedaron atrapados este lunes en lo alto del Morro Dois Irm\u00e3os, en la favela de Vidigal<\/strong>, en medio de un operativo policial contra el narcotr\u00e1fico.<\/p>\n<p class=\"com-paragraph   --s\">La intervenci\u00f3n, que involucr\u00f3 a fuerzas especiales de la Polic\u00eda Civil, deriv\u00f3 en <strong>intensos tiroteos con <\/strong><a href=\"https:\/\/www.lanacion.com.ar\/el-mundo\/que-es-el-comando-vermelho-nid28102025\/\" target=\"_self\" title=\"https:\/\/www.lanacion.com.ar\/el-mundo\/que-es-el-comando-vermelho-nid28102025\/\" class=\"com-link break-word\" data-mrf-recirculation=\"n_link_parrafo\"><strong>presuntos integrantes del Comando Vermelho<\/strong><\/a>, una de las organizaciones criminales m\u00e1s poderosas de Brasil. Abajo, en la comunidad, la escena era de enfrentamiento abierto. Arriba, en la cima del cerro, el desconcierto.<\/p>\n<div class=\"content-media cursor-pointer container-center-100\">\n<section class=\"media-container relative ratio-16-9 mod-media pb-32\">\n<figure class=\"mod-video\">\n<div class=\"video-player bg-black ratio-16-9\" data-has-jwplayer=\"true\" data-video-id-jw=\"Q57qQm6T\" data-config=\"{&quot;title&quot;:&quot;Operativo en una favela de R\u00edo&quot;,&quot;mediaId&quot;:&quot;Q57qQm6T&quot;,&quot;playerId&quot;:&quot;ih0086X3&quot;,&quot;playlist&quot;:[{&quot;mediaid&quot;:&quot;Q57qQm6T&quot;,&quot;sources&quot;:[{&quot;file&quot;:&quot;https:\/\/cdn.jwplayer.com\/manifests\/Q57qQm6T.m3u8&quot;,&quot;type&quot;:&quot;application\/vnd.apple.mpegurl&quot;},{&quot;bitrate&quot;:467375,&quot;file&quot;:&quot;https:\/\/cdn.jwplayer.com\/videos\/Q57qQm6T-kTExGaWf.mp4&quot;,&quot;filesize&quot;:3154786,&quot;framerate&quot;:30,&quot;height&quot;:180,&quot;label&quot;:&quot;180p&quot;,&quot;type&quot;:&quot;video\/mp4&quot;,&quot;width&quot;:320},{&quot;bitrate&quot;:619047,&quot;file&quot;:&quot;https:\/\/cdn.jwplayer.com\/videos\/Q57qQm6T-K8B0kybS.mp4&quot;,&quot;filesize&quot;:4178573,&quot;framerate&quot;:30,&quot;height&quot;:270,&quot;label&quot;:&quot;270p&quot;,&quot;type&quot;:&quot;video\/mp4&quot;,&quot;width&quot;:480},{&quot;bitrate&quot;:1460279,&quot;file&quot;:&quot;https:\/\/cdn.jwplayer.com\/videos\/Q57qQm6T-46NIuRKO.mp4&quot;,&quot;filesize&quot;:9856885,&quot;framerate&quot;:30,&quot;height&quot;:720,&quot;label&quot;:&quot;720p&quot;,&quot;type&quot;:&quot;video\/mp4&quot;,&quot;width&quot;:1280},{&quot;bitrate&quot;:115104,&quot;file&quot;:&quot;https:\/\/cdn.jwplayer.com\/videos\/Q57qQm6T-hz5z2Tv4.m4a&quot;,&quot;filesize&quot;:776954,&quot;label&quot;:&quot;AAC Audio&quot;,&quot;type&quot;:&quot;audio\/mp4&quot;},{&quot;bitrate&quot;:641498,&quot;file&quot;:&quot;https:\/\/cdn.jwplayer.com\/videos\/Q57qQm6T-FnZGUVnC.mp4&quot;,&quot;filesize&quot;:4330113,&quot;framerate&quot;:30,&quot;height&quot;:360,&quot;label&quot;:&quot;360p&quot;,&quot;type&quot;:&quot;video\/mp4&quot;,&quot;width&quot;:640},{&quot;bitrate&quot;:1033058,&quot;file&quot;:&quot;https:\/\/cdn.jwplayer.com\/videos\/Q57qQm6T-0G6Pwvlw.mp4&quot;,&quot;filesize&quot;:6973147,&quot;framerate&quot;:30,&quot;height&quot;:540,&quot;label&quot;:&quot;540p&quot;,&quot;type&quot;:&quot;video\/mp4&quot;,&quot;width&quot;:960}]}],&quot;hasAutoplay&quot;:false,&quot;autostart&quot;:true,&quot;tagsUrl&quot;:&quot;https:\/\/pubads.g.doubleclick.net\/gampad\/ads?slotname=\/133919216\/la_nacion_video\/nota\/preroll&amp;sz=640x480|400x300&amp;ciu_szs=300x250&amp;unviewed_position_start=1&amp;output=vast&amp;impl=s&amp;env=vp&amp;gdfp_req=1&amp;ad_rule=0&amp;vad_type=linear&amp;vpos=preroll&amp;cust_params=tags_nuevos%3Dte_brasil%2Cte_rio_de_janeiro%2Cte_narcotrafico%2Cca_el_mundo%2C%2CSS2PLPSJBFGG5PHNVEQWRAXELQ&amp;pod=3&amp;ppos=1&amp;lip=true&amp;min_ad_duration=0&amp;max_ad_duration=30000&amp;vrid=6256&amp;url=https%3A%2F%2Fwww.lanacion.com.ar%2Fel-mundo%2Fcerca-de-200-turistas-quedaron-atrapados-en-la-cima-de-un-morro-en-rio-durante-un-operativo-en-una-nid20042026%2F%3Fvariant%3DA&amp;description_url=https%3A%2F%2Fwww.lanacion.com.ar%2Fel-mundo%2Fcerca-de-200-turistas-quedaron-atrapados-en-la-cima-de-un-morro-en-rio-durante-un-operativo-en-una-nid20042026%2F%3Fvariant%3DA&amp;video_doc_id=short_onecue&amp;cmsid=496&amp;kfa=0&amp;tfcd=0&amp;correlator=1776772935276&quot;,&quot;arcSite&quot;:&quot;la-nacion-ar&quot;,&quot;duration&quot;:&quot;54000&quot;}\">\n<div id=\"facade-Q57qQm6T\" class=\"content-facade-jw relative bg-black ratio-16-9\"><picture><source media=\"(max-width: 767px)\" srcset=\"https:\/\/resizer.glanacion.com\/resizer\/v2\/https%3A%2F%2Fcdn.jwplayer.com%2Fv2%2Fmedia%2FQ57qQm6T%2Fposter.jpg%3Fwidth%3D720?auth=048e149a5bc25b83f3ac806fdb051e63bde7f1b55cbad388e5b8d6f51f16e4f8&amp;width=480&amp;quality=70&amp;smart=false\"\/><\/picture><\/div>\n<\/div><figcaption class=\"border border-1 border-bottom border-light-300 relative px-16 py-8 min-h-36 w-100_md px-0_l mb-8 bg-white\"><span class=\"text ln-text text-16 block\">Operativo en una favela de R\u00edo<\/span><\/figcaption><\/figure>\n<\/section>\n<\/div>\n<p class=\"com-paragraph   --s\">Las im\u00e1genes transmitidas por TV Globo mostraban a <strong>grupos de turistas \u2014muchos de ellos extranjeros\u2014 detenidos en la parte m\u00e1s alta del morro<\/strong>, sin poder descender mientras continuaban los disparos. Algunos se agachaban, otros buscaban resguardo en el suelo, siguiendo las indicaciones de los gu\u00edas. <\/p>\n<p class=\"com-paragraph   --s\">El operativo hab\u00eda comenzado temprano, <strong>poco antes de las 6.30<\/strong>, con un despliegue que incluy\u00f3 el <strong>corte de la Avenida Niemeyer<\/strong>, una arteria clave que conecta los barrios de Leblon y S\u00e3o Conrado. La v\u00eda fue bloqueada en ambos sentidos mientras se desarrollaba la acci\u00f3n policial. <\/p>\n<p><iframe src=\"https:\/\/www.google.com\/maps\/embed?pb=!1m18!1m12!1m3!1d17432.217540851005!2d-43.41002193508473!3d-22.95136840847612!2m3!1f0!2f0!3f0!3m2!1i1024!2i768!4f13.1!3m3!1m2!1s0x9bd94edeaa5379%3A0xb4b4e424c26b646d!2sMorro%20Dois%20Irm%C3%A3os!5e1!3m2!1ses!2sar!4v1776693356312!5m2!1ses!2sar\" width=\"600\" height=\"450\" style=\"border:0;\" allowfullscreen=\"\" loading=\"lazy\" referrerpolicy=\"no-referrer-when-downgrade\"><\/iframe><\/p>\n<p class=\"com-paragraph   --s\">En paralelo, los propios delincuentes levantaron <strong>barricadas improvisadas con un colectivo atravesado y contenedores<\/strong>, en un intento por obstaculizar el avance de las fuerzas de seguridad y aislar la zona.<\/p>\n<p class=\"com-paragraph   --s\">En la cima del Dois Irm\u00e3os, el tiempo se volvi\u00f3 incierto. La turista portuguesa Matilda Oliveira relat\u00f3 que, de repente, <strong>comenzaron a escuchar disparos y los gu\u00edas les pidieron que se sentaran<\/strong>. \u201cSiempre es algo que asusta, pero estaba controlado dentro de lo posible\u201d, dijo. M\u00e1s tarde, al descender, pasaron junto a agentes policiales. \u201cTodo estaba bajo control\u201d, agreg\u00f3.<\/p>\n<p class=\"com-paragraph   --s\">Su hermana, Rita, cont\u00f3 que el grupo se inquiet\u00f3 al enterarse de que se trataba de una operaci\u00f3n contra el narcotr\u00e1fico, aunque con el correr de los minutos la situaci\u00f3n se fue calmando.<\/p>\n<p class=\"com-paragraph   --s\">Otra visitante, la brasile\u00f1a Stephanie Andrade, describi\u00f3 la escena como \u201c<strong>muy aterradora<\/strong>\u201d. \u201cNos agarr\u00f3 de sorpresa justo cuando \u00edbamos a bajar. Empezamos a escuchar muchos tiros. Incluso pas\u00f3 un helic\u00f3ptero cerca. No ten\u00e9s noci\u00f3n de lo que est\u00e1 pasando abajo\u201d, relat\u00f3. <\/p>\n<p class=\"com-paragraph   --s\">Reci\u00e9n alrededor de las 7.20, cuando el tiroteo comenz\u00f3 a ceder, <strong>los turistas pudieron iniciar el descenso por la trilha<\/strong>. Lo hicieron en grupos, guiados y bajo supervisi\u00f3n, hasta llegar a una zona segura.<\/p>\n<p class=\"com-paragraph   --s\">Seg\u00fan la Polic\u00eda Civil, <strong>no hubo heridos entre los visitantes y la operaci\u00f3n concluy\u00f3 con dos detenidos<\/strong>. El objetivo era capturar a un grupo de fugitivos que se hab\u00edan escapado de una c\u00e1rcel del estado de Bah\u00eda a fines de 2024, en una acci\u00f3n coordinada entre distintas jurisdicciones.<\/p>\n<p class=\"com-paragraph   --s\">Las autoridades defendieron el operativo y aseguraron que <strong>se bas\u00f3 en informaci\u00f3n de inteligencia<\/strong>. \u201cNo escogemos el enfrentamiento\u201d, se\u00f1alaron en un comunicado. \u201cQuienes imponen el riesgo son criminales armados, que atacan a agentes del Estado y exponen deliberadamente a la poblaci\u00f3n y a los visitantes\u201d.<\/p>\n<p class=\"com-paragraph   --s\"><strong>Con informaci\u00f3n de <\/strong><em><strong>O Globo<\/strong><\/em><\/p>\n<section class=\"container-center-100 mb-40 border border-bottom border-thin border-neutral-light-700\">\n<hr\/>\n<\/section>\n<\/div>\n<p><script id=\"facebookpixel\" defer=\"\" type=\"text\/javascript\">\n        !function(f,b,e,v,n,t,s)\n        {if(f.fbq)return;n=f.fbq=function(){n.callMethod?\n        n.callMethod.apply(n,arguments):n.queue.push(arguments)};\n        if(!f._fbq)f._fbq=n;n.push=n;n.loaded=!0;n.version='2.0';\n        n.queue=[];t=b.createElement(e);t.async=!0;\n        t.src=v;s=b.getElementsByTagName(e)[0];\n        s.parentNode.insertBefore(t,s)}(window, document,'script',\n        'https:\/\/connect.facebook.net\/en_US\/fbevents.js');\n        fbq('init', '492459597522335');\n        fbq('track', 'PageView');\n    <\/script><br \/>\n<br \/><\/p>\n","protected":false},"excerpt":{"rendered":"<p>R\u00cdO DE JANEIRO.\u2013 El amanecer promet\u00eda una postal: la ciudad desplegada desde lo alto, el mar todav\u00eda en penumbra, la luz filtr\u00e1ndose entre los morros. Pero en cuesti\u00f3n de minutos, el paisaje cambi\u00f3 de registro. Disparos, gritos y \u00f3rdenes apuradas. Cerca de 200 turistas quedaron atrapados este lunes en lo alto del Morro Dois Irm\u00e3os, [&hellip;]<\/p>\n","protected":false},"author":2,"featured_media":192093,"comment_status":"closed","ping_status":"closed","sticky":false,"template":"","format":"standard","meta":{"footnotes":""},"categories":[26],"tags":[],"class_list":["post-192092","post","type-post","status-publish","format-standard","has-post-thumbnail","hentry","category-internacionales"],"yoast_head":"<!-- This site is optimized with the Yoast SEO plugin v24.4 - https:\/\/yoast.com\/wordpress\/plugins\/seo\/ -->\n<title>Cerca de 200 turistas quedaron atrapados en la cima de un morro en R\u00edo durante un operativo en una favela - GYS NOTICIAS |<\/title>\n<meta name=\"robots\" content=\"index, follow, max-snippet:-1, max-image-preview:large, max-video-preview:-1\" \/>\n<link rel=\"canonical\" href=\"https:\/\/gysfm.com.ar\/inicio\/cerca-de-200-turistas-quedaron-atrapados-en-la-cima-de-un-morro-en-rio-durante-un-operativo-en-una-favela\/\" \/>\n<meta property=\"og:locale\" content=\"es_ES\" \/>\n<meta property=\"og:type\" content=\"article\" \/>\n<meta property=\"og:title\" content=\"Cerca de 200 turistas quedaron atrapados en la cima de un morro en R\u00edo durante un operativo en una favela - GYS NOTICIAS |\" \/>\n<meta property=\"og:description\" content=\"R\u00cdO DE JANEIRO.\u2013 El amanecer promet\u00eda una postal: la ciudad desplegada desde lo alto, el mar todav\u00eda en penumbra, la luz filtr\u00e1ndose entre los morros. Pero en cuesti\u00f3n de minutos, el paisaje cambi\u00f3 de registro. Disparos, gritos y \u00f3rdenes apuradas. Cerca de 200 turistas quedaron atrapados este lunes en lo alto del Morro Dois Irm\u00e3os, [&hellip;]\" \/>\n<meta property=\"og:url\" content=\"https:\/\/gysfm.com.ar\/inicio\/cerca-de-200-turistas-quedaron-atrapados-en-la-cima-de-un-morro-en-rio-durante-un-operativo-en-una-favela\/\" \/>\n<meta property=\"og:site_name\" content=\"GYS NOTICIAS |\" \/>\n<meta property=\"article:published_time\" content=\"2026-04-21T12:16:31+00:00\" \/>\n<meta property=\"article:modified_time\" content=\"2026-04-21T12:16:33+00:00\" \/>\n<meta property=\"og:image\" content=\"https:\/\/gysfm.com.ar\/inicio\/wp-content\/uploads\/2026\/04\/una-favela-en-rio-de-B2PH7HKSMBDJHDF7VVCFH5PR2M.JPG\" \/>\n\t<meta property=\"og:image:width\" content=\"1200\" \/>\n\t<meta property=\"og:image:height\" content=\"800\" \/>\n\t<meta property=\"og:image:type\" content=\"image\/jpeg\" \/>\n<meta name=\"author\" content=\"Prensa G&amp;S FM\" \/>\n<meta name=\"twitter:card\" content=\"summary_large_image\" \/>\n<meta name=\"twitter:label1\" content=\"Escrito por\" \/>\n\t<meta name=\"twitter:data1\" content=\"Prensa G&amp;S FM\" \/>\n\t<meta name=\"twitter:label2\" content=\"Tiempo de lectura\" \/>\n\t<meta name=\"twitter:data2\" content=\"3 minutos\" \/>\n<script type=\"application\/ld+json\" class=\"yoast-schema-graph\">{\"@context\":\"https:\/\/schema.org\",\"@graph\":[{\"@type\":\"Article\",\"@id\":\"https:\/\/gysfm.com.ar\/inicio\/cerca-de-200-turistas-quedaron-atrapados-en-la-cima-de-un-morro-en-rio-durante-un-operativo-en-una-favela\/#article\",\"isPartOf\":{\"@id\":\"https:\/\/gysfm.com.ar\/inicio\/cerca-de-200-turistas-quedaron-atrapados-en-la-cima-de-un-morro-en-rio-durante-un-operativo-en-una-favela\/\"},\"author\":{\"name\":\"Prensa G&amp;S FM\",\"@id\":\"https:\/\/gysfm.com.ar\/inicio\/#\/schema\/person\/3abba7593ef2ad19e1be221d54383dc5\"},\"headline\":\"Cerca de 200 turistas quedaron atrapados en la cima de un morro en R\u00edo durante un operativo en una favela\",\"datePublished\":\"2026-04-21T12:16:31+00:00\",\"dateModified\":\"2026-04-21T12:16:33+00:00\",\"mainEntityOfPage\":{\"@id\":\"https:\/\/gysfm.com.ar\/inicio\/cerca-de-200-turistas-quedaron-atrapados-en-la-cima-de-un-morro-en-rio-durante-un-operativo-en-una-favela\/\"},\"wordCount\":568,\"publisher\":{\"@id\":\"https:\/\/gysfm.com.ar\/inicio\/#organization\"},\"image\":{\"@id\":\"https:\/\/gysfm.com.ar\/inicio\/cerca-de-200-turistas-quedaron-atrapados-en-la-cima-de-un-morro-en-rio-durante-un-operativo-en-una-favela\/#primaryimage\"},\"thumbnailUrl\":\"https:\/\/gysfm.com.ar\/inicio\/wp-content\/uploads\/2026\/04\/una-favela-en-rio-de-B2PH7HKSMBDJHDF7VVCFH5PR2M.JPG\",\"articleSection\":[\"INTERNACIONALES\"],\"inLanguage\":\"es\"},{\"@type\":\"WebPage\",\"@id\":\"https:\/\/gysfm.com.ar\/inicio\/cerca-de-200-turistas-quedaron-atrapados-en-la-cima-de-un-morro-en-rio-durante-un-operativo-en-una-favela\/\",\"url\":\"https:\/\/gysfm.com.ar\/inicio\/cerca-de-200-turistas-quedaron-atrapados-en-la-cima-de-un-morro-en-rio-durante-un-operativo-en-una-favela\/\",\"name\":\"Cerca de 200 turistas quedaron atrapados en la cima de un morro en R\u00edo durante un operativo en una favela - GYS NOTICIAS |\",\"isPartOf\":{\"@id\":\"https:\/\/gysfm.com.ar\/inicio\/#website\"},\"primaryImageOfPage\":{\"@id\":\"https:\/\/gysfm.com.ar\/inicio\/cerca-de-200-turistas-quedaron-atrapados-en-la-cima-de-un-morro-en-rio-durante-un-operativo-en-una-favela\/#primaryimage\"},\"image\":{\"@id\":\"https:\/\/gysfm.com.ar\/inicio\/cerca-de-200-turistas-quedaron-atrapados-en-la-cima-de-un-morro-en-rio-durante-un-operativo-en-una-favela\/#primaryimage\"},\"thumbnailUrl\":\"https:\/\/gysfm.com.ar\/inicio\/wp-content\/uploads\/2026\/04\/una-favela-en-rio-de-B2PH7HKSMBDJHDF7VVCFH5PR2M.JPG\",\"datePublished\":\"2026-04-21T12:16:31+00:00\",\"dateModified\":\"2026-04-21T12:16:33+00:00\",\"breadcrumb\":{\"@id\":\"https:\/\/gysfm.com.ar\/inicio\/cerca-de-200-turistas-quedaron-atrapados-en-la-cima-de-un-morro-en-rio-durante-un-operativo-en-una-favela\/#breadcrumb\"},\"inLanguage\":\"es\",\"potentialAction\":[{\"@type\":\"ReadAction\",\"target\":[\"https:\/\/gysfm.com.ar\/inicio\/cerca-de-200-turistas-quedaron-atrapados-en-la-cima-de-un-morro-en-rio-durante-un-operativo-en-una-favela\/\"]}]},{\"@type\":\"ImageObject\",\"inLanguage\":\"es\",\"@id\":\"https:\/\/gysfm.com.ar\/inicio\/cerca-de-200-turistas-quedaron-atrapados-en-la-cima-de-un-morro-en-rio-durante-un-operativo-en-una-favela\/#primaryimage\",\"url\":\"https:\/\/gysfm.com.ar\/inicio\/wp-content\/uploads\/2026\/04\/una-favela-en-rio-de-B2PH7HKSMBDJHDF7VVCFH5PR2M.JPG\",\"contentUrl\":\"https:\/\/gysfm.com.ar\/inicio\/wp-content\/uploads\/2026\/04\/una-favela-en-rio-de-B2PH7HKSMBDJHDF7VVCFH5PR2M.JPG\",\"width\":1200,\"height\":800},{\"@type\":\"BreadcrumbList\",\"@id\":\"https:\/\/gysfm.com.ar\/inicio\/cerca-de-200-turistas-quedaron-atrapados-en-la-cima-de-un-morro-en-rio-durante-un-operativo-en-una-favela\/#breadcrumb\",\"itemListElement\":[{\"@type\":\"ListItem\",\"position\":1,\"name\":\"Portada\",\"item\":\"https:\/\/gysfm.com.ar\/inicio\/\"},{\"@type\":\"ListItem\",\"position\":2,\"name\":\"Cerca de 200 turistas quedaron atrapados en la cima de un morro en R\u00edo durante un operativo en una favela\"}]},{\"@type\":\"WebSite\",\"@id\":\"https:\/\/gysfm.com.ar\/inicio\/#website\",\"url\":\"https:\/\/gysfm.com.ar\/inicio\/\",\"name\":\"GYS NOTICIAS |\",\"description\":\"DIARIO - RADIO ONLINE SAN JUAN ARGENTINA\",\"publisher\":{\"@id\":\"https:\/\/gysfm.com.ar\/inicio\/#organization\"},\"potentialAction\":[{\"@type\":\"SearchAction\",\"target\":{\"@type\":\"EntryPoint\",\"urlTemplate\":\"https:\/\/gysfm.com.ar\/inicio\/?s={search_term_string}\"},\"query-input\":{\"@type\":\"PropertyValueSpecification\",\"valueRequired\":true,\"valueName\":\"search_term_string\"}}],\"inLanguage\":\"es\"},{\"@type\":\"Organization\",\"@id\":\"https:\/\/gysfm.com.ar\/inicio\/#organization\",\"name\":\"GYS NOTICIAS |\",\"url\":\"https:\/\/gysfm.com.ar\/inicio\/\",\"logo\":{\"@type\":\"ImageObject\",\"inLanguage\":\"es\",\"@id\":\"https:\/\/gysfm.com.ar\/inicio\/#\/schema\/logo\/image\/\",\"url\":\"https:\/\/gysfm.com.ar\/inicio\/wp-content\/uploads\/2023\/07\/LOGOGYS-OK.png\",\"contentUrl\":\"https:\/\/gysfm.com.ar\/inicio\/wp-content\/uploads\/2023\/07\/LOGOGYS-OK.png\",\"width\":1170,\"height\":872,\"caption\":\"GYS NOTICIAS |\"},\"image\":{\"@id\":\"https:\/\/gysfm.com.ar\/inicio\/#\/schema\/logo\/image\/\"}},{\"@type\":\"Person\",\"@id\":\"https:\/\/gysfm.com.ar\/inicio\/#\/schema\/person\/3abba7593ef2ad19e1be221d54383dc5\",\"name\":\"Prensa G&amp;S FM\",\"image\":{\"@type\":\"ImageObject\",\"inLanguage\":\"es\",\"@id\":\"https:\/\/gysfm.com.ar\/inicio\/#\/schema\/person\/image\/\",\"url\":\"https:\/\/secure.gravatar.com\/avatar\/096ec78df02049ab018702bb4ccedf659377fa92a26540b5247612077a0dbd29?s=96&d=mm&r=g\",\"contentUrl\":\"https:\/\/secure.gravatar.com\/avatar\/096ec78df02049ab018702bb4ccedf659377fa92a26540b5247612077a0dbd29?s=96&d=mm&r=g\",\"caption\":\"Prensa G&amp;S FM\"},\"sameAs\":[\"https:\/\/gysfm.com.ar\/\"],\"url\":\"https:\/\/gysfm.com.ar\/inicio\/author\/lucasm\/\"}]}<\/script>\n<!-- \/ Yoast SEO plugin. -->","yoast_head_json":{"title":"Cerca de 200 turistas quedaron atrapados en la cima de un morro en R\u00edo durante un operativo en una favela - GYS NOTICIAS |","robots":{"index":"index","follow":"follow","max-snippet":"max-snippet:-1","max-image-preview":"max-image-preview:large","max-video-preview":"max-video-preview:-1"},"canonical":"https:\/\/gysfm.com.ar\/inicio\/cerca-de-200-turistas-quedaron-atrapados-en-la-cima-de-un-morro-en-rio-durante-un-operativo-en-una-favela\/","og_locale":"es_ES","og_type":"article","og_title":"Cerca de 200 turistas quedaron atrapados en la cima de un morro en R\u00edo durante un operativo en una favela - GYS NOTICIAS |","og_description":"R\u00cdO DE JANEIRO.\u2013 El amanecer promet\u00eda una postal: la ciudad desplegada desde lo alto, el mar todav\u00eda en penumbra, la luz filtr\u00e1ndose entre los morros. Pero en cuesti\u00f3n de minutos, el paisaje cambi\u00f3 de registro. Disparos, gritos y \u00f3rdenes apuradas. Cerca de 200 turistas quedaron atrapados este lunes en lo alto del Morro Dois Irm\u00e3os, [&hellip;]","og_url":"https:\/\/gysfm.com.ar\/inicio\/cerca-de-200-turistas-quedaron-atrapados-en-la-cima-de-un-morro-en-rio-durante-un-operativo-en-una-favela\/","og_site_name":"GYS NOTICIAS |","article_published_time":"2026-04-21T12:16:31+00:00","article_modified_time":"2026-04-21T12:16:33+00:00","og_image":[{"width":1200,"height":800,"url":"https:\/\/gysfm.com.ar\/inicio\/wp-content\/uploads\/2026\/04\/una-favela-en-rio-de-B2PH7HKSMBDJHDF7VVCFH5PR2M.JPG","type":"image\/jpeg"}],"author":"Prensa G&amp;S FM","twitter_card":"summary_large_image","twitter_misc":{"Escrito por":"Prensa G&amp;S FM","Tiempo de lectura":"3 minutos"},"schema":{"@context":"https:\/\/schema.org","@graph":[{"@type":"Article","@id":"https:\/\/gysfm.com.ar\/inicio\/cerca-de-200-turistas-quedaron-atrapados-en-la-cima-de-un-morro-en-rio-durante-un-operativo-en-una-favela\/#article","isPartOf":{"@id":"https:\/\/gysfm.com.ar\/inicio\/cerca-de-200-turistas-quedaron-atrapados-en-la-cima-de-un-morro-en-rio-durante-un-operativo-en-una-favela\/"},"author":{"name":"Prensa G&amp;S FM","@id":"https:\/\/gysfm.com.ar\/inicio\/#\/schema\/person\/3abba7593ef2ad19e1be221d54383dc5"},"headline":"Cerca de 200 turistas quedaron atrapados en la cima de un morro en R\u00edo durante un operativo en una favela","datePublished":"2026-04-21T12:16:31+00:00","dateModified":"2026-04-21T12:16:33+00:00","mainEntityOfPage":{"@id":"https:\/\/gysfm.com.ar\/inicio\/cerca-de-200-turistas-quedaron-atrapados-en-la-cima-de-un-morro-en-rio-durante-un-operativo-en-una-favela\/"},"wordCount":568,"publisher":{"@id":"https:\/\/gysfm.com.ar\/inicio\/#organization"},"image":{"@id":"https:\/\/gysfm.com.ar\/inicio\/cerca-de-200-turistas-quedaron-atrapados-en-la-cima-de-un-morro-en-rio-durante-un-operativo-en-una-favela\/#primaryimage"},"thumbnailUrl":"https:\/\/gysfm.com.ar\/inicio\/wp-content\/uploads\/2026\/04\/una-favela-en-rio-de-B2PH7HKSMBDJHDF7VVCFH5PR2M.JPG","articleSection":["INTERNACIONALES"],"inLanguage":"es"},{"@type":"WebPage","@id":"https:\/\/gysfm.com.ar\/inicio\/cerca-de-200-turistas-quedaron-atrapados-en-la-cima-de-un-morro-en-rio-durante-un-operativo-en-una-favela\/","url":"https:\/\/gysfm.com.ar\/inicio\/cerca-de-200-turistas-quedaron-atrapados-en-la-cima-de-un-morro-en-rio-durante-un-operativo-en-una-favela\/","name":"Cerca de 200 turistas quedaron atrapados en la cima de un morro en R\u00edo durante un operativo en una favela - GYS NOTICIAS |","isPartOf":{"@id":"https:\/\/gysfm.com.ar\/inicio\/#website"},"primaryImageOfPage":{"@id":"https:\/\/gysfm.com.ar\/inicio\/cerca-de-200-turistas-quedaron-atrapados-en-la-cima-de-un-morro-en-rio-durante-un-operativo-en-una-favela\/#primaryimage"},"image":{"@id":"https:\/\/gysfm.com.ar\/inicio\/cerca-de-200-turistas-quedaron-atrapados-en-la-cima-de-un-morro-en-rio-durante-un-operativo-en-una-favela\/#primaryimage"},"thumbnailUrl":"https:\/\/gysfm.com.ar\/inicio\/wp-content\/uploads\/2026\/04\/una-favela-en-rio-de-B2PH7HKSMBDJHDF7VVCFH5PR2M.JPG","datePublished":"2026-04-21T12:16:31+00:00","dateModified":"2026-04-21T12:16:33+00:00","breadcrumb":{"@id":"https:\/\/gysfm.com.ar\/inicio\/cerca-de-200-turistas-quedaron-atrapados-en-la-cima-de-un-morro-en-rio-durante-un-operativo-en-una-favela\/#breadcrumb"},"inLanguage":"es","potentialAction":[{"@type":"ReadAction","target":["https:\/\/gysfm.com.ar\/inicio\/cerca-de-200-turistas-quedaron-atrapados-en-la-cima-de-un-morro-en-rio-durante-un-operativo-en-una-favela\/"]}]},{"@type":"ImageObject","inLanguage":"es","@id":"https:\/\/gysfm.com.ar\/inicio\/cerca-de-200-turistas-quedaron-atrapados-en-la-cima-de-un-morro-en-rio-durante-un-operativo-en-una-favela\/#primaryimage","url":"https:\/\/gysfm.com.ar\/inicio\/wp-content\/uploads\/2026\/04\/una-favela-en-rio-de-B2PH7HKSMBDJHDF7VVCFH5PR2M.JPG","contentUrl":"https:\/\/gysfm.com.ar\/inicio\/wp-content\/uploads\/2026\/04\/una-favela-en-rio-de-B2PH7HKSMBDJHDF7VVCFH5PR2M.JPG","width":1200,"height":800},{"@type":"BreadcrumbList","@id":"https:\/\/gysfm.com.ar\/inicio\/cerca-de-200-turistas-quedaron-atrapados-en-la-cima-de-un-morro-en-rio-durante-un-operativo-en-una-favela\/#breadcrumb","itemListElement":[{"@type":"ListItem","position":1,"name":"Portada","item":"https:\/\/gysfm.com.ar\/inicio\/"},{"@type":"ListItem","position":2,"name":"Cerca de 200 turistas quedaron atrapados en la cima de un morro en R\u00edo durante un operativo en una favela"}]},{"@type":"WebSite","@id":"https:\/\/gysfm.com.ar\/inicio\/#website","url":"https:\/\/gysfm.com.ar\/inicio\/","name":"GYS NOTICIAS |","description":"DIARIO - RADIO ONLINE SAN JUAN ARGENTINA","publisher":{"@id":"https:\/\/gysfm.com.ar\/inicio\/#organization"},"potentialAction":[{"@type":"SearchAction","target":{"@type":"EntryPoint","urlTemplate":"https:\/\/gysfm.com.ar\/inicio\/?s={search_term_string}"},"query-input":{"@type":"PropertyValueSpecification","valueRequired":true,"valueName":"search_term_string"}}],"inLanguage":"es"},{"@type":"Organization","@id":"https:\/\/gysfm.com.ar\/inicio\/#organization","name":"GYS NOTICIAS |","url":"https:\/\/gysfm.com.ar\/inicio\/","logo":{"@type":"ImageObject","inLanguage":"es","@id":"https:\/\/gysfm.com.ar\/inicio\/#\/schema\/logo\/image\/","url":"https:\/\/gysfm.com.ar\/inicio\/wp-content\/uploads\/2023\/07\/LOGOGYS-OK.png","contentUrl":"https:\/\/gysfm.com.ar\/inicio\/wp-content\/uploads\/2023\/07\/LOGOGYS-OK.png","width":1170,"height":872,"caption":"GYS NOTICIAS |"},"image":{"@id":"https:\/\/gysfm.com.ar\/inicio\/#\/schema\/logo\/image\/"}},{"@type":"Person","@id":"https:\/\/gysfm.com.ar\/inicio\/#\/schema\/person\/3abba7593ef2ad19e1be221d54383dc5","name":"Prensa G&amp;S FM","image":{"@type":"ImageObject","inLanguage":"es","@id":"https:\/\/gysfm.com.ar\/inicio\/#\/schema\/person\/image\/","url":"https:\/\/secure.gravatar.com\/avatar\/096ec78df02049ab018702bb4ccedf659377fa92a26540b5247612077a0dbd29?s=96&d=mm&r=g","contentUrl":"https:\/\/secure.gravatar.com\/avatar\/096ec78df02049ab018702bb4ccedf659377fa92a26540b5247612077a0dbd29?s=96&d=mm&r=g","caption":"Prensa G&amp;S FM"},"sameAs":["https:\/\/gysfm.com.ar\/"],"url":"https:\/\/gysfm.com.ar\/inicio\/author\/lucasm\/"}]}},"_links":{"self":[{"href":"https:\/\/gysfm.com.ar\/inicio\/wp-json\/wp\/v2\/posts\/192092","targetHints":{"allow":["GET"]}}],"collection":[{"href":"https:\/\/gysfm.com.ar\/inicio\/wp-json\/wp\/v2\/posts"}],"about":[{"href":"https:\/\/gysfm.com.ar\/inicio\/wp-json\/wp\/v2\/types\/post"}],"author":[{"embeddable":true,"href":"https:\/\/gysfm.com.ar\/inicio\/wp-json\/wp\/v2\/users\/2"}],"replies":[{"embeddable":true,"href":"https:\/\/gysfm.com.ar\/inicio\/wp-json\/wp\/v2\/comments?post=192092"}],"version-history":[{"count":1,"href":"https:\/\/gysfm.com.ar\/inicio\/wp-json\/wp\/v2\/posts\/192092\/revisions"}],"predecessor-version":[{"id":192094,"href":"https:\/\/gysfm.com.ar\/inicio\/wp-json\/wp\/v2\/posts\/192092\/revisions\/192094"}],"wp:featuredmedia":[{"embeddable":true,"href":"https:\/\/gysfm.com.ar\/inicio\/wp-json\/wp\/v2\/media\/192093"}],"wp:attachment":[{"href":"https:\/\/gysfm.com.ar\/inicio\/wp-json\/wp\/v2\/media?parent=192092"}],"wp:term":[{"taxonomy":"category","embeddable":true,"href":"https:\/\/gysfm.com.ar\/inicio\/wp-json\/wp\/v2\/categories?post=192092"},{"taxonomy":"post_tag","embeddable":true,"href":"https:\/\/gysfm.com.ar\/inicio\/wp-json\/wp\/v2\/tags?post=192092"}],"curies":[{"name":"wp","href":"https:\/\/api.w.org\/{rel}","templated":true}]}}