{"id":192069,"date":"2026-04-21T06:59:06","date_gmt":"2026-04-21T09:59:06","guid":{"rendered":"https:\/\/gysfm.com.ar\/inicio\/china-cuestiono-a-peter-lamelas-por-su-advertencia-a-argentina-y-exhibio-su-canal-con-trump\/"},"modified":"2026-04-21T06:59:06","modified_gmt":"2026-04-21T09:59:06","slug":"china-cuestiono-a-peter-lamelas-por-su-advertencia-a-argentina-y-exhibio-su-canal-con-trump","status":"publish","type":"post","link":"https:\/\/gysfm.com.ar\/inicio\/china-cuestiono-a-peter-lamelas-por-su-advertencia-a-argentina-y-exhibio-su-canal-con-trump\/","title":{"rendered":"China cuestion\u00f3 a Peter Lamelas por su \u00abadvertencia\u00bb a Argentina y exhibi\u00f3 su canal con Trump"},"content":{"rendered":"<p><\/p>\n<div id=\"article-content\">\n<p>La embajada de China en Argentina cuestion\u00f3 al embajador estadounidense, <a target=\"_blank\" href=\"https:\/\/www.perfil.com\/noticias\/economia\/amcham-summit-2026-lamelas-destaco-a-argentina-como-destino-de-inversion-y-respaldo-el-rumbo-de-milei-a40.phtml\"><strong>Peter Lamelas,<\/strong><\/a> luego de que volviera a sugerir que el pa\u00eds deber\u00eda<strong> \u00abpreocuparse\u00bb<\/strong> por ciertos aspectos de su relaci\u00f3n con el gigante asi\u00e1tico, como la cooperaci\u00f3n en infraestructura cr\u00edtica, entre otras \u00e1reas consideradas una l\u00ednea roja para Washington en plena competencia global con el gigante asi\u00e1tico.<\/p>\n<p>\u00abSus comentarios<strong> ignoran la realidad <\/strong>y est\u00e1n plagados de <strong>prejuicios ideol\u00f3gicos <\/strong>que ponen al descubierto<strong> <\/strong>la<strong> mentalidad de suma cero de la Guerra Fr\u00eda\u00bb<\/strong>, sostuvo la representaci\u00f3n diplom\u00e1tica de Xi Jinping en un comunicado en el que tambi\u00e9n destaca, curiosamente, la sinton\u00eda con el presidente estadounidense Donald Trump.<\/p>\n<p>Los dichos del enviado de <strong>Trump<\/strong> para cristalizar la buena relaci\u00f3n con <strong>Javier<\/strong> <strong>Milei<\/strong> ocurrieron en el marco de su gira por el noroeste argentino. <strong>Salta<\/strong> fue uno de los destinos elegidos por Lamelas para cumplir con la promesa que hab\u00eda realizado durante su <a target=\"_blank\" href=\"https:\/\/www.perfil.com\/noticias\/internacional\/peter-lamelas-sobre-malvinas-estados-unidos-no-reconoce-la-soberania-de-argentina-ni-del-reino-unido.phtml\">presentaci\u00f3n ante el Senado<\/a> estadounidense en julio de 2025: tratar directamente con los jefes provinciales argentinos para \u00abvigilar\u00bb los acuerdos subnacionales con \u00abpotencias adversarias\u00bb a los intereses estadounidenses, \u2014con \u00e9nfasis en China. Una expresi\u00f3n que provoc\u00f3 indignaci\u00f3n en el arco pol\u00edtico local y la delegaci\u00f3n china.<\/p>\n<div class=\"subscription\">\n<p>\n        Esto no les gusta a los autoritarios\n    <\/p>\n<div class=\"subscription__container\">\n<div class=\"subscription__text-wrapper\">\n<p>\n                El ejercicio del periodismo profesional y cr\u00edtico es un pilar fundamental de la democracia. Por eso molesta a quienes creen ser los due\u00f1os de la verdad.\n            <\/p>\n<\/p><\/div><\/div>\n<\/div>\n<p class=\"destacadoNota\"><a target=\"_blank\" href=\"https:\/\/www.perfil.com\/noticias\/politica\/en-israel-milei-dijo-que-con-determinadas-culturas-no-se-puede-convivir.phtml\">En Israel, Milei atac\u00f3 al periodismo y dijo que con \u201cdeterminadas culturas\u201d no se puede \u201cconvivir\u201d<\/a><\/p>\n<p>En oportunidad, Ocurri\u00f3 luego que reiterara que <strong>Argentina deber\u00eda \u00abpreocuparse\u00bb por sus v\u00ednculos con su segundo socio comercial<\/strong> en lo relacionado a \u00ab<strong>seguridad, comunicaciones e infraestructura clave<\/strong>\u00ab, seg\u00fan los lineamientos de la doctrina de seguridad nacional del gobierno de Estados Unidos.<\/p>\n<p>\u00abEs un sistema controlado por un gobierno comunista, que usa ese control para manejar la informaci\u00f3n y a la gente. Estados Unidos estaba durmiendo y se despert\u00f3 ahora: por Milei, por el presidente Trump, por Marco Rubio. Estamos prestando atenci\u00f3n a Latinoam\u00e9rica. Los chinos son competencia y tienen otros intereses, otros valores. Tenemos que estar preocupados por eso\u00bb, dijo Peter Lamelas en una entrevista con el diario El Tribuno.<\/p>\n<p>Como es habitual, el gobierno chino no perdi\u00f3 de vista la ret\u00f3rica anti-china que reiter\u00f3 el empresario farmac\u00e9utico de origen cubano, uno de los principales aportantes a la campa\u00f1a electoral de Trump a nivel individual, quien hab\u00eda afirmado a mediados de 2025 que Beijing ten\u00eda una \u00abinfluencia maligna\u00bb en la regi\u00f3n.<\/p>\n<div style=\"text-align:center\">\n<figure class=\"image\" style=\"display:inline-block\"><picture><source media=\"(max-width: 440px)\" srcset=\"https:\/\/fotos.perfil.com\/\/2026\/04\/20\/440\/0\/comunicado-de-la-embajada-de-china-20042026-2223922.jpg?webp\"\/><source media=\"(max-width: 1019px)\" srcset=\"https:\/\/fotos.perfil.com\/\/2026\/04\/20\/712\/0\/comunicado-de-la-embajada-de-china-20042026-2223922.jpg?webp\"\/><img decoding=\"async\" style=\"max-width: 100%; width: 100%;\" alt=\"Comunicado de la Embajada de China 20042026\" src=\"https:\/\/fotos.perfil.com\/\/2026\/04\/20\/900\/0\/comunicado-de-la-embajada-de-china-20042026-2223922.jpg?webp\" loading=\"lazy\"\/><\/picture><figcaption>La <strong>Embajada de China<\/strong> en Argentina public\u00f3 un comunicado en rechazo a los dichos del embajador estadounidense <strong>Peter<\/strong> <strong>Lamelas<\/strong>.<\/figcaption><\/figure>\n<\/p><\/div>\n<h2><strong>China le respondi\u00f3 al embajador de EE.UU. en Argentina<\/strong><\/h2>\n<p>En tanto, gobierno de <strong>Xi<\/strong> <strong>Jinping<\/strong> volvi\u00f3 a cuestionar a Lamelas, a quien tild\u00f3 de promover una l\u00f3gica de \u00absuma cero\u00bb en la regi\u00f3n al estilo la competencia bipolar entre el liberalismo y el comunismo durante la Guerra Fr\u00eda, en una clara referencia a la renovada \u00abDoctrina Donroe\u00bb, en relaci\u00f3n al corolario Trump a la Doctrina Monroe del siglo pasado que rechazaba la presencia de otras potencias en Am\u00e9rica Latina.<\/p>\n<p>En esa l\u00ednea, China marc\u00f3 una<strong> \u00abdoble vara hip\u00f3crita\u00bb<\/strong> reflejada por los dichos de Lamelas en Salta, una provincia donde abundan recursos clave en la competencia global (<strong>litio, cobre y tierras raras)<\/strong>, donde se reuni\u00f3 con empresarios locales y el arco pol\u00edtico local, incluido el <strong>gobernador<\/strong> <strong>Gustavo S\u00e1enz, <\/strong>al ritmo de la canci\u00f3n popularizada por Frank Sinatra, \u00ab<strong>New York, New York\u00bb<\/strong>. <\/p>\n<p><iframe id=\"vrudo\" class=\"vrudo\" src=\"https:\/\/rudo.video\/vod\/bWoP6J?volume=0\" width=\"100%\" height=\"100%\" allowscriptaccess=\"always\" allowfullscreen=\"true\" webkitallowfullscreen=\"true\" frameborder=\"0\" scrolling=\"no\" allow=\"autoplay; fullscreen\" loading=\"lazy\" title=\"Contenido embebido\"><\/iframe><\/p>\n<p>Seg\u00fan el comunicado del gobierno de Xi, el presidente de Estados Unidos dej\u00f3 claro que \u00absu relaci\u00f3n con China es la m\u00e1s importante del mundo\u00bb, con la presencia de 73.000 empresas estadounidenses radicadas en China, y que est\u00e1 dispuesto a profundizar esa relaci\u00f3n.  Mientras que, en paralelo, \u00abalgunos sectores estadounidenses\u00bb \u2014entre ellos el actual embajador en Argentina\u2014 aplican una l\u00f3gica confrontativa del siglo pasado que \u00abincita a la confrontaci\u00f3n entre bloques y a la divisi\u00f3n en esferas de influencia\u00bb.<\/p>\n<p>\u00ab<strong>Estados Unidos no puede aplicar su pol\u00edtica de \u00abAm\u00e9rica Primero\u00bb y disfrutar de los beneficios de la cooperaci\u00f3n con China y, al mismo tiempo, aplicar una doble vara hip\u00f3crita y criticar a otros pa\u00edses que buscan hacer lo mismo, es decir, cooperar con China\u00bb, <\/strong>reza el comunicado.<\/p>\n<h2>El contexto: pulseada global y la cumbre Trump-Xi<\/h2>\n<p>La respuesta china se inscribe en una din\u00e1mica m\u00e1s amplia de tensi\u00f3n internacional, atravesada por la guerra de EE.UU. e Israel contra Ir\u00e1n, el impacto del cierre del estrecho de Ormuz y la disputa por el control de rutas estrat\u00e9gicas. En ese contexto, Beijing evit\u00f3 involucrarse directamente en el conflicto pero<strong> respald\u00f3 a Ir\u00e1n<\/strong> en el Consejo de Seguridad de la ONU, cuando vet\u00f3 \u2014junto con Mosc\u00fa\u2014 una iniciativa impulsada por pa\u00edses del Golfo aliados de Washington, en medio de la crisis energ\u00e9tica global.<\/p>\n<p class=\"destacadoNota\"><a target=\"_blank\" href=\"https:\/\/www.perfil.com\/noticias\/internacional\/tras-amenazar-con-eliminar-la-civilizacion-irani-este-domingo-trump-volvio-a-enojarse-se-termino-la-amabilidad.phtml\">Tras amenazar con \u00abeliminar la civilizaci\u00f3n iran\u00ed\u00bb, este domingo Trump volvi\u00f3 a enojarse: \u00abSe termin\u00f3 la amabilidad\u00bb<\/a><\/p>\n<p>En medio de la presi\u00f3n por los coletazos de la guerra en Medio Oriente, Trump se acerc\u00f3 a Xi y prepar\u00f3 una nueva instancia de di\u00e1logo directo en su pr\u00f3xima reuni\u00f3n que podr\u00eda tener un car\u00e1cter \u00abespecial y, posiblemente, hist\u00f3rico\u00bb, seg\u00fan manifest\u00f3 en su red Truth Social. El encuentro, <strong>previsto para el 14 y 15 de mayo, ser\u00e1 en Beijing,<\/strong> lo que representa todo un gesto para la diplomacia china.<\/p>\n<p>Seg\u00fan expres\u00f3 el propio Trump, el l\u00edder chino se mostr\u00f3 \u00abmuy contento\u201d con la reapertura del estrecho de Ormuz\u00bb, un corredor clave para el comercio energ\u00e9tico global, y para la supervivencia de las monarqu\u00edas del Golfo. El encuentro, que hab\u00eda sido postergado tras el inicio de la ofensiva conjunta de Estados Unidos e Israel contra Ir\u00e1n el 28 de febrero, aparece ahora como un canal central en medio de la competencia estrat\u00e9gica entre ambas potencias y de un escenario internacional que deja entrever cada vez m\u00e1s su nivel de fragmentaci\u00f3n y creciente multipolaridad.<\/p>\n<div style=\"text-align:center\">\n<figure class=\"image\" style=\"display:inline-block\"><picture><source media=\"(max-width: 440px)\" srcset=\"https:\/\/fotos.perfil.com\/\/2025\/10\/23\/440\/0\/donald-trump-y-xi-jinping-2124460.jpg?webp\"\/><source media=\"(max-width: 1019px)\" srcset=\"https:\/\/fotos.perfil.com\/\/2025\/10\/23\/712\/0\/donald-trump-y-xi-jinping-2124460.jpg?webp\"\/><img decoding=\"async\" style=\"max-width: 100%; width: 100%;\" alt=\"Donald Trump y Xi Jinping\" src=\"https:\/\/fotos.perfil.com\/\/2025\/10\/23\/900\/0\/donald-trump-y-xi-jinping-2124460.jpg?webp\" loading=\"lazy\"\/><\/picture><figcaption><strong>Xi Jinping y Donald Trump<\/strong>. Los mandatarios chino y estadounidense se reunir\u00e1n en Beijing a mediados de mayo.<\/figcaption><\/figure>\n<\/p><\/div>\n<h2>El comunicado de la embajada de China<\/h2>\n<p>El escenario internacional, en tanto, no escap\u00f3 a la respuesta que dio la embajada de China en Argentina a los dichos del representante estadounidense en Argentina, un socio clave para su Iniciativa de la Franja y la Ruta.   \u00ab<strong>El v\u00ednculo entre China y Am\u00e9rica Latina y el Caribe es una cooperaci\u00f3n Sur-Sur, que est\u00e1 basada en el apoyo mutuo sin c\u00e1lculos geopol\u00edticos\u00bb, sostiene el comunicado<\/strong>.<\/p>\n<p>\u00abEn sus relaciones con Argentina y otros pa\u00edses de Am\u00e9rica Latina y el Caribe, China siempre ha defendido los principios de igualdad y beneficio mutuo, y nunca ha buscado esferas de influencia ni actuado contra terceros. Esta cooperaci\u00f3n provoca una sustancial mejora en los intereses fundamentales de todas las partes, tanto en el corto, como en el mediano y largo plazo\u00bb.<\/p>\n<p>\u00abAconsejamos a las personas interesadas que reconozcan la corriente principal del mundo actual en lugar de<strong> esforzarse por exagerar lo que llaman la \u00abamenaza china\u00bb<\/strong>, <strong>ser\u00eda mejor que hicieran algo concreto por el desarrollo de Argentina <\/strong>y los pa\u00edses de Am\u00e9rica Latina y el Caribe\u00bb, concluye el comunicado.<\/p>\n<p class=\"destacadoNota\"><a target=\"_blank\" href=\"https:\/\/www.perfil.com\/noticias\/economia\/amcham-summit-2026-lamelas-destaco-a-argentina-como-destino-de-inversion-y-respaldo-el-rumbo-de-milei-a40.phtml\">Lamelas destac\u00f3 a Argentina como destino de inversi\u00f3n y respald\u00f3 el rumbo de Milei<\/a><\/p>\n<h2>Entre Buenos Aires y el norte argentino: la gira de Peter Lamelas <\/h2>\n<p>Como parte de su estrategia de presencia territorial, Peter Lamelas mantuvo reuniones con gobernadores, funcionarios de seguridad, empresarios y representantes del <strong>sector minero<\/strong>, \u00abuna de las industrias m\u00e1s din\u00e1micas de la regi\u00f3n y un \u00e1rea de <strong>creciente inter\u00e9s estrat\u00e9gico<\/strong> tanto para Argentina como para los Estados Unidos\u00bb.<\/p>\n<p>La gira del diplom\u00e1tico, que incluy\u00f3 su participaci\u00f3n en el evento Freedom 250 Roadshow en Salta y Jujuy, se inscribe en una l\u00ednea de acci\u00f3n que ya hab\u00eda explicitado en el plano econ\u00f3mico. D\u00edas antes, durante su exposici\u00f3n en el evento anual de <strong>AmCham<\/strong> Argentina el pasado 14 de abril, el embajador expres\u00f3 un fuerte respaldo al gobierno de Javier Milei y llam\u00f3 a las empresas estadounidenses a invertir en el pa\u00eds: \u00abEl momento de actuar es ahora y ahora la decisi\u00f3n es de ustedes. Inviertan en Argentina ahora\u00bb.<\/p>\n<p>En ese marco, resalt\u00f3 que su designaci\u00f3n respondi\u00f3 a una \u00abmisi\u00f3n muy clara\u00bb: \u00abTrabajar con el gobierno del presidente Milei y con el sector privado para asegurar que Argentina vuelva a crecer con m\u00e1s libertad econ\u00f3mica, m\u00e1s estabilidad y con los Estados Unidos como su socio preferido\u00bb. Tambi\u00e9n subray\u00f3 que el pa\u00eds atraviesa \u00abel momento m\u00e1s din\u00e1mico de la relaci\u00f3n\u00bb bilateral, impulsado por un alineamiento entre Donald Trump y Milei basado en \u00ablibertad econ\u00f3mica, menos regulaciones y un sector privado fuerte\u00bb.<\/p>\n<p>CD\/fl<\/p>\n<\/p><\/div>\n<p><script>\n                !function(f,b,e,v,n,t,s)\n                {if(f.fbq)return;n=f.fbq=function(){n.callMethod?\n                    n.callMethod.apply(n,arguments):n.queue.push(arguments)};\n                    if(!f._fbq)f._fbq=n;n.push=n;n.loaded=!0;n.version='2.0';\n                    n.queue=[];t=b.createElement(e);t.async=!0;\n                    t.src=v;s=b.getElementsByTagName(e)[0];\n                    s.parentNode.insertBefore(t,s)}(window, document,'script',\n                    'https:\/\/connect.facebook.net\/en_US\/fbevents.js');\n                window.paywallConfig.facebook_pixel=\"1000228364089342\"\n            <\/script><\/p>\n","protected":false},"excerpt":{"rendered":"<p>La embajada de China en Argentina cuestion\u00f3 al embajador estadounidense, Peter Lamelas, luego de que volviera a sugerir que el pa\u00eds deber\u00eda \u00abpreocuparse\u00bb por ciertos aspectos de su relaci\u00f3n con el gigante asi\u00e1tico, como la cooperaci\u00f3n en infraestructura cr\u00edtica, entre otras \u00e1reas consideradas una l\u00ednea roja para Washington en plena competencia global con el gigante [&hellip;]<\/p>\n","protected":false},"author":2,"featured_media":192070,"comment_status":"closed","ping_status":"closed","sticky":false,"template":"","format":"standard","meta":{"footnotes":""},"categories":[25],"tags":[],"class_list":["post-192069","post","type-post","status-publish","format-standard","has-post-thumbnail","hentry","category-nacionales"],"yoast_head":"<!-- This site is optimized with the Yoast SEO plugin v24.4 - https:\/\/yoast.com\/wordpress\/plugins\/seo\/ -->\n<title>China cuestion\u00f3 a Peter Lamelas por su &quot;advertencia&quot; a Argentina y exhibi\u00f3 su canal con Trump - GYS NOTICIAS |<\/title>\n<meta name=\"robots\" content=\"index, follow, max-snippet:-1, max-image-preview:large, max-video-preview:-1\" \/>\n<link rel=\"canonical\" href=\"https:\/\/gysfm.com.ar\/inicio\/china-cuestiono-a-peter-lamelas-por-su-advertencia-a-argentina-y-exhibio-su-canal-con-trump\/\" \/>\n<meta property=\"og:locale\" content=\"es_ES\" \/>\n<meta property=\"og:type\" content=\"article\" \/>\n<meta property=\"og:title\" content=\"China cuestion\u00f3 a Peter Lamelas por su &quot;advertencia&quot; a Argentina y exhibi\u00f3 su canal con Trump - GYS NOTICIAS |\" \/>\n<meta property=\"og:description\" content=\"La embajada de China en Argentina cuestion\u00f3 al embajador estadounidense, Peter Lamelas, luego de que volviera a sugerir que el pa\u00eds deber\u00eda \u00abpreocuparse\u00bb por ciertos aspectos de su relaci\u00f3n con el gigante asi\u00e1tico, como la cooperaci\u00f3n en infraestructura cr\u00edtica, entre otras \u00e1reas consideradas una l\u00ednea roja para Washington en plena competencia global con el gigante [&hellip;]\" \/>\n<meta property=\"og:url\" content=\"https:\/\/gysfm.com.ar\/inicio\/china-cuestiono-a-peter-lamelas-por-su-advertencia-a-argentina-y-exhibio-su-canal-con-trump\/\" \/>\n<meta property=\"og:site_name\" content=\"GYS NOTICIAS |\" \/>\n<meta property=\"article:published_time\" content=\"2026-04-21T09:59:06+00:00\" \/>\n<meta property=\"og:image\" content=\"https:\/\/fotos.perfil.com\/\/2026\/04\/20\/900\/0\/comunicado-de-la-embajada-de-china-20042026-2223922.jpg?webp\" \/>\n<meta name=\"author\" content=\"Prensa G&amp;S FM\" \/>\n<meta name=\"twitter:card\" content=\"summary_large_image\" \/>\n<meta name=\"twitter:label1\" content=\"Escrito por\" \/>\n\t<meta name=\"twitter:data1\" content=\"Prensa G&amp;S FM\" \/>\n\t<meta name=\"twitter:label2\" content=\"Tiempo de lectura\" \/>\n\t<meta name=\"twitter:data2\" content=\"8 minutos\" \/>\n<script type=\"application\/ld+json\" class=\"yoast-schema-graph\">{\"@context\":\"https:\/\/schema.org\",\"@graph\":[{\"@type\":\"Article\",\"@id\":\"https:\/\/gysfm.com.ar\/inicio\/china-cuestiono-a-peter-lamelas-por-su-advertencia-a-argentina-y-exhibio-su-canal-con-trump\/#article\",\"isPartOf\":{\"@id\":\"https:\/\/gysfm.com.ar\/inicio\/china-cuestiono-a-peter-lamelas-por-su-advertencia-a-argentina-y-exhibio-su-canal-con-trump\/\"},\"author\":{\"name\":\"Prensa G&amp;S FM\",\"@id\":\"https:\/\/gysfm.com.ar\/inicio\/#\/schema\/person\/3abba7593ef2ad19e1be221d54383dc5\"},\"headline\":\"China cuestion\u00f3 a Peter Lamelas por su \u00abadvertencia\u00bb a Argentina y exhibi\u00f3 su canal con Trump\",\"datePublished\":\"2026-04-21T09:59:06+00:00\",\"mainEntityOfPage\":{\"@id\":\"https:\/\/gysfm.com.ar\/inicio\/china-cuestiono-a-peter-lamelas-por-su-advertencia-a-argentina-y-exhibio-su-canal-con-trump\/\"},\"wordCount\":1538,\"publisher\":{\"@id\":\"https:\/\/gysfm.com.ar\/inicio\/#organization\"},\"image\":{\"@id\":\"https:\/\/gysfm.com.ar\/inicio\/china-cuestiono-a-peter-lamelas-por-su-advertencia-a-argentina-y-exhibio-su-canal-con-trump\/#primaryimage\"},\"thumbnailUrl\":\"https:\/\/gysfm.com.ar\/inicio\/wp-content\/uploads\/2026\/04\/peter-lamelas-con-el-gobernador-de-salta-gustavo-saenz-20042026-2223921.jpg\",\"articleSection\":[\"NACIONALES\"],\"inLanguage\":\"es\"},{\"@type\":\"WebPage\",\"@id\":\"https:\/\/gysfm.com.ar\/inicio\/china-cuestiono-a-peter-lamelas-por-su-advertencia-a-argentina-y-exhibio-su-canal-con-trump\/\",\"url\":\"https:\/\/gysfm.com.ar\/inicio\/china-cuestiono-a-peter-lamelas-por-su-advertencia-a-argentina-y-exhibio-su-canal-con-trump\/\",\"name\":\"China cuestion\u00f3 a Peter Lamelas por su \\\"advertencia\\\" a Argentina y exhibi\u00f3 su canal con Trump - GYS NOTICIAS |\",\"isPartOf\":{\"@id\":\"https:\/\/gysfm.com.ar\/inicio\/#website\"},\"primaryImageOfPage\":{\"@id\":\"https:\/\/gysfm.com.ar\/inicio\/china-cuestiono-a-peter-lamelas-por-su-advertencia-a-argentina-y-exhibio-su-canal-con-trump\/#primaryimage\"},\"image\":{\"@id\":\"https:\/\/gysfm.com.ar\/inicio\/china-cuestiono-a-peter-lamelas-por-su-advertencia-a-argentina-y-exhibio-su-canal-con-trump\/#primaryimage\"},\"thumbnailUrl\":\"https:\/\/gysfm.com.ar\/inicio\/wp-content\/uploads\/2026\/04\/peter-lamelas-con-el-gobernador-de-salta-gustavo-saenz-20042026-2223921.jpg\",\"datePublished\":\"2026-04-21T09:59:06+00:00\",\"breadcrumb\":{\"@id\":\"https:\/\/gysfm.com.ar\/inicio\/china-cuestiono-a-peter-lamelas-por-su-advertencia-a-argentina-y-exhibio-su-canal-con-trump\/#breadcrumb\"},\"inLanguage\":\"es\",\"potentialAction\":[{\"@type\":\"ReadAction\",\"target\":[\"https:\/\/gysfm.com.ar\/inicio\/china-cuestiono-a-peter-lamelas-por-su-advertencia-a-argentina-y-exhibio-su-canal-con-trump\/\"]}]},{\"@type\":\"ImageObject\",\"inLanguage\":\"es\",\"@id\":\"https:\/\/gysfm.com.ar\/inicio\/china-cuestiono-a-peter-lamelas-por-su-advertencia-a-argentina-y-exhibio-su-canal-con-trump\/#primaryimage\",\"url\":\"https:\/\/gysfm.com.ar\/inicio\/wp-content\/uploads\/2026\/04\/peter-lamelas-con-el-gobernador-de-salta-gustavo-saenz-20042026-2223921.jpg\",\"contentUrl\":\"https:\/\/gysfm.com.ar\/inicio\/wp-content\/uploads\/2026\/04\/peter-lamelas-con-el-gobernador-de-salta-gustavo-saenz-20042026-2223921.jpg\",\"width\":1140,\"height\":641},{\"@type\":\"BreadcrumbList\",\"@id\":\"https:\/\/gysfm.com.ar\/inicio\/china-cuestiono-a-peter-lamelas-por-su-advertencia-a-argentina-y-exhibio-su-canal-con-trump\/#breadcrumb\",\"itemListElement\":[{\"@type\":\"ListItem\",\"position\":1,\"name\":\"Portada\",\"item\":\"https:\/\/gysfm.com.ar\/inicio\/\"},{\"@type\":\"ListItem\",\"position\":2,\"name\":\"China cuestion\u00f3 a Peter Lamelas por su \u00abadvertencia\u00bb a Argentina y exhibi\u00f3 su canal con Trump\"}]},{\"@type\":\"WebSite\",\"@id\":\"https:\/\/gysfm.com.ar\/inicio\/#website\",\"url\":\"https:\/\/gysfm.com.ar\/inicio\/\",\"name\":\"GYS NOTICIAS |\",\"description\":\"DIARIO - RADIO ONLINE SAN JUAN ARGENTINA\",\"publisher\":{\"@id\":\"https:\/\/gysfm.com.ar\/inicio\/#organization\"},\"potentialAction\":[{\"@type\":\"SearchAction\",\"target\":{\"@type\":\"EntryPoint\",\"urlTemplate\":\"https:\/\/gysfm.com.ar\/inicio\/?s={search_term_string}\"},\"query-input\":{\"@type\":\"PropertyValueSpecification\",\"valueRequired\":true,\"valueName\":\"search_term_string\"}}],\"inLanguage\":\"es\"},{\"@type\":\"Organization\",\"@id\":\"https:\/\/gysfm.com.ar\/inicio\/#organization\",\"name\":\"GYS NOTICIAS |\",\"url\":\"https:\/\/gysfm.com.ar\/inicio\/\",\"logo\":{\"@type\":\"ImageObject\",\"inLanguage\":\"es\",\"@id\":\"https:\/\/gysfm.com.ar\/inicio\/#\/schema\/logo\/image\/\",\"url\":\"https:\/\/gysfm.com.ar\/inicio\/wp-content\/uploads\/2023\/07\/LOGOGYS-OK.png\",\"contentUrl\":\"https:\/\/gysfm.com.ar\/inicio\/wp-content\/uploads\/2023\/07\/LOGOGYS-OK.png\",\"width\":1170,\"height\":872,\"caption\":\"GYS NOTICIAS |\"},\"image\":{\"@id\":\"https:\/\/gysfm.com.ar\/inicio\/#\/schema\/logo\/image\/\"}},{\"@type\":\"Person\",\"@id\":\"https:\/\/gysfm.com.ar\/inicio\/#\/schema\/person\/3abba7593ef2ad19e1be221d54383dc5\",\"name\":\"Prensa G&amp;S FM\",\"image\":{\"@type\":\"ImageObject\",\"inLanguage\":\"es\",\"@id\":\"https:\/\/gysfm.com.ar\/inicio\/#\/schema\/person\/image\/\",\"url\":\"https:\/\/secure.gravatar.com\/avatar\/096ec78df02049ab018702bb4ccedf659377fa92a26540b5247612077a0dbd29?s=96&d=mm&r=g\",\"contentUrl\":\"https:\/\/secure.gravatar.com\/avatar\/096ec78df02049ab018702bb4ccedf659377fa92a26540b5247612077a0dbd29?s=96&d=mm&r=g\",\"caption\":\"Prensa G&amp;S FM\"},\"sameAs\":[\"https:\/\/gysfm.com.ar\/\"],\"url\":\"https:\/\/gysfm.com.ar\/inicio\/author\/lucasm\/\"}]}<\/script>\n<!-- \/ Yoast SEO plugin. -->","yoast_head_json":{"title":"China cuestion\u00f3 a Peter Lamelas por su \"advertencia\" a Argentina y exhibi\u00f3 su canal con Trump - GYS NOTICIAS |","robots":{"index":"index","follow":"follow","max-snippet":"max-snippet:-1","max-image-preview":"max-image-preview:large","max-video-preview":"max-video-preview:-1"},"canonical":"https:\/\/gysfm.com.ar\/inicio\/china-cuestiono-a-peter-lamelas-por-su-advertencia-a-argentina-y-exhibio-su-canal-con-trump\/","og_locale":"es_ES","og_type":"article","og_title":"China cuestion\u00f3 a Peter Lamelas por su \"advertencia\" a Argentina y exhibi\u00f3 su canal con Trump - GYS NOTICIAS |","og_description":"La embajada de China en Argentina cuestion\u00f3 al embajador estadounidense, Peter Lamelas, luego de que volviera a sugerir que el pa\u00eds deber\u00eda \u00abpreocuparse\u00bb por ciertos aspectos de su relaci\u00f3n con el gigante asi\u00e1tico, como la cooperaci\u00f3n en infraestructura cr\u00edtica, entre otras \u00e1reas consideradas una l\u00ednea roja para Washington en plena competencia global con el gigante [&hellip;]","og_url":"https:\/\/gysfm.com.ar\/inicio\/china-cuestiono-a-peter-lamelas-por-su-advertencia-a-argentina-y-exhibio-su-canal-con-trump\/","og_site_name":"GYS NOTICIAS |","article_published_time":"2026-04-21T09:59:06+00:00","og_image":[{"url":"https:\/\/fotos.perfil.com\/\/2026\/04\/20\/900\/0\/comunicado-de-la-embajada-de-china-20042026-2223922.jpg?webp","type":"","width":"","height":""}],"author":"Prensa G&amp;S FM","twitter_card":"summary_large_image","twitter_misc":{"Escrito por":"Prensa G&amp;S FM","Tiempo de lectura":"8 minutos"},"schema":{"@context":"https:\/\/schema.org","@graph":[{"@type":"Article","@id":"https:\/\/gysfm.com.ar\/inicio\/china-cuestiono-a-peter-lamelas-por-su-advertencia-a-argentina-y-exhibio-su-canal-con-trump\/#article","isPartOf":{"@id":"https:\/\/gysfm.com.ar\/inicio\/china-cuestiono-a-peter-lamelas-por-su-advertencia-a-argentina-y-exhibio-su-canal-con-trump\/"},"author":{"name":"Prensa G&amp;S FM","@id":"https:\/\/gysfm.com.ar\/inicio\/#\/schema\/person\/3abba7593ef2ad19e1be221d54383dc5"},"headline":"China cuestion\u00f3 a Peter Lamelas por su \u00abadvertencia\u00bb a Argentina y exhibi\u00f3 su canal con Trump","datePublished":"2026-04-21T09:59:06+00:00","mainEntityOfPage":{"@id":"https:\/\/gysfm.com.ar\/inicio\/china-cuestiono-a-peter-lamelas-por-su-advertencia-a-argentina-y-exhibio-su-canal-con-trump\/"},"wordCount":1538,"publisher":{"@id":"https:\/\/gysfm.com.ar\/inicio\/#organization"},"image":{"@id":"https:\/\/gysfm.com.ar\/inicio\/china-cuestiono-a-peter-lamelas-por-su-advertencia-a-argentina-y-exhibio-su-canal-con-trump\/#primaryimage"},"thumbnailUrl":"https:\/\/gysfm.com.ar\/inicio\/wp-content\/uploads\/2026\/04\/peter-lamelas-con-el-gobernador-de-salta-gustavo-saenz-20042026-2223921.jpg","articleSection":["NACIONALES"],"inLanguage":"es"},{"@type":"WebPage","@id":"https:\/\/gysfm.com.ar\/inicio\/china-cuestiono-a-peter-lamelas-por-su-advertencia-a-argentina-y-exhibio-su-canal-con-trump\/","url":"https:\/\/gysfm.com.ar\/inicio\/china-cuestiono-a-peter-lamelas-por-su-advertencia-a-argentina-y-exhibio-su-canal-con-trump\/","name":"China cuestion\u00f3 a Peter Lamelas por su \"advertencia\" a Argentina y exhibi\u00f3 su canal con Trump - GYS NOTICIAS |","isPartOf":{"@id":"https:\/\/gysfm.com.ar\/inicio\/#website"},"primaryImageOfPage":{"@id":"https:\/\/gysfm.com.ar\/inicio\/china-cuestiono-a-peter-lamelas-por-su-advertencia-a-argentina-y-exhibio-su-canal-con-trump\/#primaryimage"},"image":{"@id":"https:\/\/gysfm.com.ar\/inicio\/china-cuestiono-a-peter-lamelas-por-su-advertencia-a-argentina-y-exhibio-su-canal-con-trump\/#primaryimage"},"thumbnailUrl":"https:\/\/gysfm.com.ar\/inicio\/wp-content\/uploads\/2026\/04\/peter-lamelas-con-el-gobernador-de-salta-gustavo-saenz-20042026-2223921.jpg","datePublished":"2026-04-21T09:59:06+00:00","breadcrumb":{"@id":"https:\/\/gysfm.com.ar\/inicio\/china-cuestiono-a-peter-lamelas-por-su-advertencia-a-argentina-y-exhibio-su-canal-con-trump\/#breadcrumb"},"inLanguage":"es","potentialAction":[{"@type":"ReadAction","target":["https:\/\/gysfm.com.ar\/inicio\/china-cuestiono-a-peter-lamelas-por-su-advertencia-a-argentina-y-exhibio-su-canal-con-trump\/"]}]},{"@type":"ImageObject","inLanguage":"es","@id":"https:\/\/gysfm.com.ar\/inicio\/china-cuestiono-a-peter-lamelas-por-su-advertencia-a-argentina-y-exhibio-su-canal-con-trump\/#primaryimage","url":"https:\/\/gysfm.com.ar\/inicio\/wp-content\/uploads\/2026\/04\/peter-lamelas-con-el-gobernador-de-salta-gustavo-saenz-20042026-2223921.jpg","contentUrl":"https:\/\/gysfm.com.ar\/inicio\/wp-content\/uploads\/2026\/04\/peter-lamelas-con-el-gobernador-de-salta-gustavo-saenz-20042026-2223921.jpg","width":1140,"height":641},{"@type":"BreadcrumbList","@id":"https:\/\/gysfm.com.ar\/inicio\/china-cuestiono-a-peter-lamelas-por-su-advertencia-a-argentina-y-exhibio-su-canal-con-trump\/#breadcrumb","itemListElement":[{"@type":"ListItem","position":1,"name":"Portada","item":"https:\/\/gysfm.com.ar\/inicio\/"},{"@type":"ListItem","position":2,"name":"China cuestion\u00f3 a Peter Lamelas por su \u00abadvertencia\u00bb a Argentina y exhibi\u00f3 su canal con Trump"}]},{"@type":"WebSite","@id":"https:\/\/gysfm.com.ar\/inicio\/#website","url":"https:\/\/gysfm.com.ar\/inicio\/","name":"GYS NOTICIAS |","description":"DIARIO - RADIO ONLINE SAN JUAN ARGENTINA","publisher":{"@id":"https:\/\/gysfm.com.ar\/inicio\/#organization"},"potentialAction":[{"@type":"SearchAction","target":{"@type":"EntryPoint","urlTemplate":"https:\/\/gysfm.com.ar\/inicio\/?s={search_term_string}"},"query-input":{"@type":"PropertyValueSpecification","valueRequired":true,"valueName":"search_term_string"}}],"inLanguage":"es"},{"@type":"Organization","@id":"https:\/\/gysfm.com.ar\/inicio\/#organization","name":"GYS NOTICIAS |","url":"https:\/\/gysfm.com.ar\/inicio\/","logo":{"@type":"ImageObject","inLanguage":"es","@id":"https:\/\/gysfm.com.ar\/inicio\/#\/schema\/logo\/image\/","url":"https:\/\/gysfm.com.ar\/inicio\/wp-content\/uploads\/2023\/07\/LOGOGYS-OK.png","contentUrl":"https:\/\/gysfm.com.ar\/inicio\/wp-content\/uploads\/2023\/07\/LOGOGYS-OK.png","width":1170,"height":872,"caption":"GYS NOTICIAS |"},"image":{"@id":"https:\/\/gysfm.com.ar\/inicio\/#\/schema\/logo\/image\/"}},{"@type":"Person","@id":"https:\/\/gysfm.com.ar\/inicio\/#\/schema\/person\/3abba7593ef2ad19e1be221d54383dc5","name":"Prensa G&amp;S FM","image":{"@type":"ImageObject","inLanguage":"es","@id":"https:\/\/gysfm.com.ar\/inicio\/#\/schema\/person\/image\/","url":"https:\/\/secure.gravatar.com\/avatar\/096ec78df02049ab018702bb4ccedf659377fa92a26540b5247612077a0dbd29?s=96&d=mm&r=g","contentUrl":"https:\/\/secure.gravatar.com\/avatar\/096ec78df02049ab018702bb4ccedf659377fa92a26540b5247612077a0dbd29?s=96&d=mm&r=g","caption":"Prensa G&amp;S FM"},"sameAs":["https:\/\/gysfm.com.ar\/"],"url":"https:\/\/gysfm.com.ar\/inicio\/author\/lucasm\/"}]}},"_links":{"self":[{"href":"https:\/\/gysfm.com.ar\/inicio\/wp-json\/wp\/v2\/posts\/192069","targetHints":{"allow":["GET"]}}],"collection":[{"href":"https:\/\/gysfm.com.ar\/inicio\/wp-json\/wp\/v2\/posts"}],"about":[{"href":"https:\/\/gysfm.com.ar\/inicio\/wp-json\/wp\/v2\/types\/post"}],"author":[{"embeddable":true,"href":"https:\/\/gysfm.com.ar\/inicio\/wp-json\/wp\/v2\/users\/2"}],"replies":[{"embeddable":true,"href":"https:\/\/gysfm.com.ar\/inicio\/wp-json\/wp\/v2\/comments?post=192069"}],"version-history":[{"count":0,"href":"https:\/\/gysfm.com.ar\/inicio\/wp-json\/wp\/v2\/posts\/192069\/revisions"}],"wp:featuredmedia":[{"embeddable":true,"href":"https:\/\/gysfm.com.ar\/inicio\/wp-json\/wp\/v2\/media\/192070"}],"wp:attachment":[{"href":"https:\/\/gysfm.com.ar\/inicio\/wp-json\/wp\/v2\/media?parent=192069"}],"wp:term":[{"taxonomy":"category","embeddable":true,"href":"https:\/\/gysfm.com.ar\/inicio\/wp-json\/wp\/v2\/categories?post=192069"},{"taxonomy":"post_tag","embeddable":true,"href":"https:\/\/gysfm.com.ar\/inicio\/wp-json\/wp\/v2\/tags?post=192069"}],"curies":[{"name":"wp","href":"https:\/\/api.w.org\/{rel}","templated":true}]}}