{"id":192067,"date":"2026-04-21T06:28:06","date_gmt":"2026-04-21T09:28:06","guid":{"rendered":"https:\/\/gysfm.com.ar\/inicio\/la-inflacion-bajara-en-abril-pero-seguiria-cerca-del-3-por-combustibles\/"},"modified":"2026-04-21T06:28:06","modified_gmt":"2026-04-21T09:28:06","slug":"la-inflacion-bajara-en-abril-pero-seguiria-cerca-del-3-por-combustibles","status":"publish","type":"post","link":"https:\/\/gysfm.com.ar\/inicio\/la-inflacion-bajara-en-abril-pero-seguiria-cerca-del-3-por-combustibles\/","title":{"rendered":"La inflaci\u00f3n bajar\u00e1 en abril, pero seguir\u00eda cerca del 3% por combustibles"},"content":{"rendered":"<p><\/p>\n<div id=\"article-content\">\n<p>La<a target=\"_blank\" href=\"https:\/\/www.google.com\/url?sa=t&amp;rct=j&amp;q=&amp;esrc=s&amp;source=web&amp;cd=&amp;cad=rja&amp;uact=8&amp;ved=2ahUKEwi99t6I1vyTAxU9pJUCHdtFMtQQvOMEKAB6BAgXEAE&amp;url=https%3A%2F%2Fwww.perfil.com%2Fnoticias%2Fopinion%2Fpor-que-no-baja-la-inflacion-en-argentina-por-mariano-fernandez.phtml&amp;usg=AOvVaw3ceybNcnlt67_99exXwFf9&amp;opi=89978449\"> inflaci\u00f3n de abril <\/a>aparece como un <strong>mes bisagra para el Gobierno. <\/strong>Despu\u00e9s de un marzo que volvi\u00f3 a sorprender al alza, con un <a target=\"_blank\" href=\"https:\/\/www.google.com\/url?sa=t&amp;rct=j&amp;q=&amp;esrc=s&amp;source=web&amp;cd=&amp;cad=rja&amp;uact=8&amp;ved=2ahUKEwiQ8ZrZ1vyTAxVVGbkGHRN1ARsQFnoECBMQAQ&amp;url=https%3A%2F%2Fwww.perfil.com%2Fnoticias%2Feconomia%2Fla-inflacion-de-marzo-marco-3.phtml&amp;usg=AOvVaw1ZlTpTYejszPzhUT-mmOu2&amp;opi=89978449\">IPC nacional de 3,4%, <\/a>el <strong>mercado empieza a detectar una moderaci\u00f3n,<\/strong> aunqu<strong>e todav\u00eda lejos de una baja contundente<\/strong>. El punto central es que el \u00edndice podr\u00eda desacelerarse respecto del mes pasad<strong>o, pero seguir\u00eda movi\u00e9ndose en niveles elevados<\/strong> y muy por encima de los pisos que hab\u00eda logrado mostrar la <a target=\"_blank\" href=\"https:\/\/www.google.com\/url?sa=t&amp;rct=j&amp;q=&amp;esrc=s&amp;source=web&amp;cd=&amp;cad=rja&amp;uact=8&amp;ved=2ahUKEwjm_aft1vyTAxXMBLkGHX4EABwQFnoECBoQAQ&amp;url=https%3A%2F%2Fwww.perfil.com%2Fnoticias%2Fcanal-e%2Fpara-una-economista-esta-desinflacion-durante-la-primera-etapa-del-gobierno-de-milei-se-sustento-en-un-atraso-del-tipo-de-cambio.phtml&amp;usg=AOvVaw31GJkOCz_d9ZLMGLjZ5vSv&amp;opi=89978449\">desinflaci\u00f3n <\/a>en 2025.<\/p>\n<p>Uno de los informes que pone el foco en ese giro es el de <em>Fundaci\u00f3n Capital.<\/em> En su s\u00edntesis econ\u00f3mica semanal del 20 de abril, la consultora estim\u00f3 que e<strong>l IPC de abril rondar\u00e1 el 2,7% mensual<\/strong>, con una<strong> inflaci\u00f3n n\u00facleo en torno al<\/strong> <strong>2,6%<\/strong>, lo que<strong> implicar\u00eda bajar un escal\u00f3n frente al dato de marzo.<\/strong> Seg\u00fan su an\u00e1lisis<strong>, abril podr\u00eda ser el mes en el que se frene la aceleraci\u00f3n, aunque la inercia sigue siendo alta<\/strong> y el proceso de desinflaci\u00f3n todav\u00eda luce fr\u00e1gil.<\/p>\n<p class=\"destacadoNota\"><a target=\"_blank\" href=\"https:\/\/www.perfil.com\/noticias\/economia\/encuesta-60-cree-que-javier-milei-no-controla-inflacion-respaldo-entre-votantes-cayo-21-puntos-a40.phtml\">Encuesta: el 60% cree que Javier Milei no controla la inflaci\u00f3n y el respaldo entre sus votantes cay\u00f3 21 puntos<\/a><\/p>\n<p>La lectura de <em>Invecq <\/em>va en la misma direcci\u00f3n. En su informe \u201cNueva aceleraci\u00f3n inflacionaria\u201d, publicado el 17 de abril, la consultora sostuvo qu<strong>e en abril \u201cse cortar\u00eda la racha de aceleraci\u00f3n inflacionaria\u201d<\/strong> observada desde mayo y que la inflaci\u00f3n retomar\u00eda una trayectoria descendente.<\/p>\n<p>Sin embargo, <strong>aclar\u00f3 que la inflaci\u00f3n subyacente ya corre a una \u201cvelocidad crucero\u201d de 2,5%, <\/strong>por encima de los m\u00ednimos del a\u00f1o pasado, y que lo m\u00e1s probable es que <strong>2026 cierre con una inflaci\u00f3n similar a la de 2025<\/strong>, en la zona del 30%.<\/p>\n<h2><strong>Menos presi\u00f3n de la carne, pero una n\u00facleo todav\u00eda alta<\/strong><\/h2>\n<p>Parte de la moderaci\u00f3n esperada para abril se explicar\u00eda por una <a target=\"_blank\" href=\"https:\/\/www.google.com\/url?sa=t&amp;rct=j&amp;q=&amp;esrc=s&amp;source=web&amp;cd=&amp;cad=rja&amp;uact=8&amp;ved=2ahUKEwiXv6OV1_yTAxVUlJUCHcKQFaYQFnoECCAQAQ&amp;url=https%3A%2F%2Fwww.perfil.com%2Fnoticias%2Fcanal-e%2Fcarne-e-inflacion-el-sector-ganadero-descarta-subas-sostenidas-y-anticipa-cambios-en-el-consumo.phtml&amp;usg=AOvVaw0xuG1WGcMmzel8ICgxAdVp&amp;opi=89978449\">menor incidencia de la carne,<\/a> uno de los factores que m\u00e1s empuj\u00f3 al IPC en marzo. Fundaci\u00f3n Capital sostiene que e<strong>l fuerte aumento del precio de la hacienda entre noviembre de 2025 y marzo de 2026 ya habr\u00eda tenido un traslado casi completo a los precios al consumido<\/strong>r. Incluso remarca que los valores del novillito se estabilizaron hacia mediados de marzo y mostraron una leve baja en abril.<\/p>\n<p style=\"text-align:center\"><picture><source media=\"(max-width: 440px)\" srcset=\"https:\/\/fotos.perfil.com\/\/2026\/04\/20\/440\/0\/proyecciones-de-la-inflacion-en-abril-2026-2223942.jpeg?webp\"\/><source media=\"(max-width: 1019px)\" srcset=\"https:\/\/fotos.perfil.com\/\/2026\/04\/20\/712\/0\/proyecciones-de-la-inflacion-en-abril-2026-2223942.jpeg?webp\"\/><img decoding=\"async\" style=\"max-width: 100%; width: 100%;\" alt=\"Proyecciones de la inflaci\u00f3n n\u00facleo sin carne en abril 2026. \" src=\"https:\/\/fotos.perfil.com\/\/2026\/04\/20\/900\/0\/proyecciones-de-la-inflacion-en-abril-2026-2223942.jpeg\" loading=\"lazy\"\/><\/picture><\/p>\n<p>Ese dato permite entender mejor qu\u00e9 puede pasar este mes. En marzo, la inflaci\u00f3n n\u00facleo fue de <strong>3,2%<\/strong>, pero, descontando el efecto puntual de la carne, habr\u00eda sido de <strong>2,5%<\/strong>. Es decir, aun sin ese componente, la inflaci\u00f3n de fondo sigui\u00f3 corriendo en niveles elevados. En el mismo sentido, Invecq advirti\u00f3 que la suba de marzo no fue solo producto de shocks puntuales: la n\u00facleo viene escalando y ya muestra una din\u00e1mica m\u00e1s persistente.<\/p>\n<h2><strong>El gran piso de abril lo ponen combustibles y regulados<\/strong><\/h2>\n<p>De todos modos, si bien los alimentos dar\u00edan algo de alivio a los precios, <strong>el mayor problema para abril volver\u00eda a estar del lado de los precios regulados<\/strong>. Fundaci\u00f3n Capital advierte que el<strong> aumento de combustibles aplicado en marzo dej\u00f3 un fuerte arrastre estad\u00edstico<\/strong>, aun con el <a target=\"_blank\" href=\"https:\/\/www.google.com\/url?sa=t&amp;rct=j&amp;q=&amp;esrc=s&amp;source=web&amp;cd=&amp;cad=rja&amp;uact=8&amp;ved=2ahUKEwit9f671_yTAxXipJUCHSofGkMQFnoECB0QAQ&amp;url=https%3A%2F%2Fwww.perfil.com%2Fnoticias%2Fopinion%2Fypf-congela-precios-en-chile-aun-tienen-mucho-que-aprender.phtml&amp;usg=AOvVaw2jVUU20r1tYIOYjHeI7Dxt&amp;opi=89978449\">congelamiento posterior por 45 d\u00edas.<\/a> Seg\u00fan sus c\u00e1lculos, <strong>solo ese factor le pone un piso de 0,6 puntos al IPC del cuarto mes.<\/strong> A eso se suman los ajustes en colectivos del AMBA y otras correcciones en servicios, por lo que los regulados mostrar\u00edan una suba de alrededor de <strong>4% mensual<\/strong> y aportar\u00edan <strong>0,8 puntos<\/strong> al nivel general.<\/p>\n<p class=\"destacadoNota\"><a target=\"_blank\" href=\"https:\/\/www.perfil.com\/noticias\/economia\/los-salarios-perdieron-contra-la-inflacion-por-cuarto-mes-consecutivo.phtml\">Los salarios perdieron contra la inflaci\u00f3n por cuarto mes consecutivo<\/a><\/p>\n<p>La consultora recuerda adem\u00e1s que <strong>en marzo los regulados ya hab\u00edan aumentado 5,1% mensual<\/strong> y explicaron un tercio de la inflaci\u00f3n del mes. All\u00ed pesaron especialmente las subas en transporte, combustibles y tarifas de gas y electricidad. En otras palabras, abril no arranca limpio: arrastra parte del shock que ya se hab\u00eda visto el mes pasado.<\/p>\n<p>A esa mirada se sum\u00f3 <em>Cohen Aliados Financieros<\/em>, que tambi\u00e9n consider\u00f3 que<strong> marzo dej\u00f3 una se\u00f1al preocupante para la din\u00e1mica de precios<\/strong>.<\/p>\n<p>La firma destac\u00f3 que el IPC acumul\u00f3 <strong>9,4% en el primer trimestre<\/strong>, pr\u00e1cticamente todo lo que el Presupuesto 2026 preve\u00eda para el a\u00f1o, y se\u00f1al\u00f3 que<strong> para abril espera una moderaci\u00f3n, aunque con un piso de 2,5% mensual.<\/strong> Seg\u00fan su visi\u00f3n<strong>, aun con una desaceleraci\u00f3n frente a marzo, la inflaci\u00f3n seguir\u00eda golpeando el poder de compra de los salarios<\/strong>, limitar\u00eda el consumo y volver\u00eda m\u00e1s negativas las tasas de inter\u00e9s en t\u00e9rminos reales.<\/p>\n<h2><strong>Abril puede bajar, pero no cambia el r\u00e9gimen<\/strong><\/h2>\n<p>M\u00e1s all\u00e1 del n\u00famero puntual,<strong> el dato de abril ser\u00e1 clave para medir si la econom\u00eda logra retomar el sendero de desinflaci\u00f3n<\/strong> o si simplemente entra en una etapa de inflaci\u00f3n algo menos alta.<\/p>\n<p>Fundaci\u00f3n Capital considera que<strong> perforar nuevamente el 3% ser\u00eda una \u201cmuy buena noticia\u201d para las expectativas y para la inercia,<\/strong> pero advierte que <strong>el proceso seguir\u00e1 siendo complejo por la combinaci\u00f3n de inercia inflacionaria, precios regulados pendientes y un frente internacional m\u00e1s adverso.<\/strong><\/p>\n<p>Ese frente externo tambi\u00e9n mete ruido. La consultora remarca que <strong>el conflicto en Medio Oriente ya tuvo impacto sobre la inflaci\u00f3n global y encareci\u00f3 insumos relevantes para Argentina<\/strong>, como fertilizantes y acero. En ese contexto, el escenario base que proyectan plantea una inflaci\u00f3n de alrededor de <strong>32% en 2026<\/strong>, con <strong>precios regulados corriendo por encima del promedio,<\/strong> cerca de <strong>39% interanual<\/strong>, y un cierre de a\u00f1o similar al de 2025.<\/p>\n<p>En tanto, desde <em>Inveq<\/em> consideraron que \u00abl<strong>a aceleraci\u00f3n de los \u00faltimos meses no es alarmante, pero tampoco debe minimizarse<\/strong>. Aunque en gran parte refleja shocks puntuales -tarifas, carnes y combustibles-, la n\u00facleo, incluso depurada del efecto carne, tambi\u00e9n muestra una tendencia creciente desde los m\u00ednimos de 2025. El mes pasado se se\u00f1alaba que el principal reto del Gobierno era evitar efectos de segunda vuelta v\u00eda paritarias y contratos. Hoy ese desaf\u00edo luce m\u00e1s arduo: la erosi\u00f3n del poder adquisitivo se profundiza, lo que presionar\u00e1 las negociaciones salariales al alza\u00bb, se\u00f1alaron.<\/p>\n<p>Con todo, al referirse a lo que viene proyectaron<strong>: \u00abhacia adelante la inflaci\u00f3n deber\u00eda retomar su senda descendente<\/strong>. Una demanda interna todav\u00eda d\u00e9bil y una pol\u00edtica monetaria contractiva presionar\u00e1n a la baja (de hecho, el IPC <em>Invecq<\/em> ya registra una desaceleraci\u00f3n en las primeras semanas de abril). <strong>De esta manera, 2026 cerrar\u00eda con una inflaci\u00f3n similar a la de 2025, en la zona del 30%\u00bb, indicaron<\/strong>.<\/p>\n<p>Con estas proyecciones, abril podr\u00eda traer una noticia relativamente mejor que marzo en cuanto al dato final del IPC, pero no un cambio de r\u00e9gimen.<\/p>\n<p>lr\/ff<\/p>\n<\/p><\/div>\n<p><script>\n                !function(f,b,e,v,n,t,s)\n                {if(f.fbq)return;n=f.fbq=function(){n.callMethod?\n                    n.callMethod.apply(n,arguments):n.queue.push(arguments)};\n                    if(!f._fbq)f._fbq=n;n.push=n;n.loaded=!0;n.version='2.0';\n                    n.queue=[];t=b.createElement(e);t.async=!0;\n                    t.src=v;s=b.getElementsByTagName(e)[0];\n                    s.parentNode.insertBefore(t,s)}(window, document,'script',\n                    'https:\/\/connect.facebook.net\/en_US\/fbevents.js');\n                window.paywallConfig.facebook_pixel=\"1000228364089342\"\n            <\/script><\/p>\n","protected":false},"excerpt":{"rendered":"<p>La inflaci\u00f3n de abril aparece como un mes bisagra para el Gobierno. Despu\u00e9s de un marzo que volvi\u00f3 a sorprender al alza, con un IPC nacional de 3,4%, el mercado empieza a detectar una moderaci\u00f3n, aunque todav\u00eda lejos de una baja contundente. El punto central es que el \u00edndice podr\u00eda desacelerarse respecto del mes pasado, [&hellip;]<\/p>\n","protected":false},"author":2,"featured_media":192068,"comment_status":"closed","ping_status":"closed","sticky":false,"template":"","format":"standard","meta":{"footnotes":""},"categories":[25],"tags":[],"class_list":["post-192067","post","type-post","status-publish","format-standard","has-post-thumbnail","hentry","category-nacionales"],"yoast_head":"<!-- This site is optimized with the Yoast SEO plugin v24.4 - https:\/\/yoast.com\/wordpress\/plugins\/seo\/ -->\n<title>La inflaci\u00f3n bajar\u00e1 en abril, pero seguir\u00eda cerca del 3% por combustibles - GYS NOTICIAS |<\/title>\n<meta name=\"robots\" content=\"index, follow, max-snippet:-1, max-image-preview:large, max-video-preview:-1\" \/>\n<link rel=\"canonical\" href=\"https:\/\/gysfm.com.ar\/inicio\/la-inflacion-bajara-en-abril-pero-seguiria-cerca-del-3-por-combustibles\/\" \/>\n<meta property=\"og:locale\" content=\"es_ES\" \/>\n<meta property=\"og:type\" content=\"article\" \/>\n<meta property=\"og:title\" content=\"La inflaci\u00f3n bajar\u00e1 en abril, pero seguir\u00eda cerca del 3% por combustibles - GYS NOTICIAS |\" \/>\n<meta property=\"og:description\" content=\"La inflaci\u00f3n de abril aparece como un mes bisagra para el Gobierno. Despu\u00e9s de un marzo que volvi\u00f3 a sorprender al alza, con un IPC nacional de 3,4%, el mercado empieza a detectar una moderaci\u00f3n, aunque todav\u00eda lejos de una baja contundente. El punto central es que el \u00edndice podr\u00eda desacelerarse respecto del mes pasado, [&hellip;]\" \/>\n<meta property=\"og:url\" content=\"https:\/\/gysfm.com.ar\/inicio\/la-inflacion-bajara-en-abril-pero-seguiria-cerca-del-3-por-combustibles\/\" \/>\n<meta property=\"og:site_name\" content=\"GYS NOTICIAS |\" \/>\n<meta property=\"article:published_time\" content=\"2026-04-21T09:28:06+00:00\" \/>\n<meta property=\"og:image\" content=\"https:\/\/fotos.perfil.com\/\/2026\/04\/20\/900\/0\/proyecciones-de-la-inflacion-en-abril-2026-2223942.jpeg\" \/>\n<meta name=\"author\" content=\"Prensa G&amp;S FM\" \/>\n<meta name=\"twitter:card\" content=\"summary_large_image\" \/>\n<meta name=\"twitter:label1\" content=\"Escrito por\" \/>\n\t<meta name=\"twitter:data1\" content=\"Prensa G&amp;S FM\" \/>\n\t<meta name=\"twitter:label2\" content=\"Tiempo de lectura\" \/>\n\t<meta name=\"twitter:data2\" content=\"6 minutos\" \/>\n<script type=\"application\/ld+json\" class=\"yoast-schema-graph\">{\"@context\":\"https:\/\/schema.org\",\"@graph\":[{\"@type\":\"Article\",\"@id\":\"https:\/\/gysfm.com.ar\/inicio\/la-inflacion-bajara-en-abril-pero-seguiria-cerca-del-3-por-combustibles\/#article\",\"isPartOf\":{\"@id\":\"https:\/\/gysfm.com.ar\/inicio\/la-inflacion-bajara-en-abril-pero-seguiria-cerca-del-3-por-combustibles\/\"},\"author\":{\"name\":\"Prensa G&amp;S FM\",\"@id\":\"https:\/\/gysfm.com.ar\/inicio\/#\/schema\/person\/3abba7593ef2ad19e1be221d54383dc5\"},\"headline\":\"La inflaci\u00f3n bajar\u00e1 en abril, pero seguir\u00eda cerca del 3% por combustibles\",\"datePublished\":\"2026-04-21T09:28:06+00:00\",\"mainEntityOfPage\":{\"@id\":\"https:\/\/gysfm.com.ar\/inicio\/la-inflacion-bajara-en-abril-pero-seguiria-cerca-del-3-por-combustibles\/\"},\"wordCount\":1144,\"publisher\":{\"@id\":\"https:\/\/gysfm.com.ar\/inicio\/#organization\"},\"image\":{\"@id\":\"https:\/\/gysfm.com.ar\/inicio\/la-inflacion-bajara-en-abril-pero-seguiria-cerca-del-3-por-combustibles\/#primaryimage\"},\"thumbnailUrl\":\"https:\/\/gysfm.com.ar\/inicio\/wp-content\/uploads\/2026\/04\/surtidor-2140019.jpg\",\"articleSection\":[\"NACIONALES\"],\"inLanguage\":\"es\"},{\"@type\":\"WebPage\",\"@id\":\"https:\/\/gysfm.com.ar\/inicio\/la-inflacion-bajara-en-abril-pero-seguiria-cerca-del-3-por-combustibles\/\",\"url\":\"https:\/\/gysfm.com.ar\/inicio\/la-inflacion-bajara-en-abril-pero-seguiria-cerca-del-3-por-combustibles\/\",\"name\":\"La inflaci\u00f3n bajar\u00e1 en abril, pero seguir\u00eda cerca del 3% por combustibles - GYS NOTICIAS |\",\"isPartOf\":{\"@id\":\"https:\/\/gysfm.com.ar\/inicio\/#website\"},\"primaryImageOfPage\":{\"@id\":\"https:\/\/gysfm.com.ar\/inicio\/la-inflacion-bajara-en-abril-pero-seguiria-cerca-del-3-por-combustibles\/#primaryimage\"},\"image\":{\"@id\":\"https:\/\/gysfm.com.ar\/inicio\/la-inflacion-bajara-en-abril-pero-seguiria-cerca-del-3-por-combustibles\/#primaryimage\"},\"thumbnailUrl\":\"https:\/\/gysfm.com.ar\/inicio\/wp-content\/uploads\/2026\/04\/surtidor-2140019.jpg\",\"datePublished\":\"2026-04-21T09:28:06+00:00\",\"breadcrumb\":{\"@id\":\"https:\/\/gysfm.com.ar\/inicio\/la-inflacion-bajara-en-abril-pero-seguiria-cerca-del-3-por-combustibles\/#breadcrumb\"},\"inLanguage\":\"es\",\"potentialAction\":[{\"@type\":\"ReadAction\",\"target\":[\"https:\/\/gysfm.com.ar\/inicio\/la-inflacion-bajara-en-abril-pero-seguiria-cerca-del-3-por-combustibles\/\"]}]},{\"@type\":\"ImageObject\",\"inLanguage\":\"es\",\"@id\":\"https:\/\/gysfm.com.ar\/inicio\/la-inflacion-bajara-en-abril-pero-seguiria-cerca-del-3-por-combustibles\/#primaryimage\",\"url\":\"https:\/\/gysfm.com.ar\/inicio\/wp-content\/uploads\/2026\/04\/surtidor-2140019.jpg\",\"contentUrl\":\"https:\/\/gysfm.com.ar\/inicio\/wp-content\/uploads\/2026\/04\/surtidor-2140019.jpg\",\"width\":1140,\"height\":641},{\"@type\":\"BreadcrumbList\",\"@id\":\"https:\/\/gysfm.com.ar\/inicio\/la-inflacion-bajara-en-abril-pero-seguiria-cerca-del-3-por-combustibles\/#breadcrumb\",\"itemListElement\":[{\"@type\":\"ListItem\",\"position\":1,\"name\":\"Portada\",\"item\":\"https:\/\/gysfm.com.ar\/inicio\/\"},{\"@type\":\"ListItem\",\"position\":2,\"name\":\"La inflaci\u00f3n bajar\u00e1 en abril, pero seguir\u00eda cerca del 3% por combustibles\"}]},{\"@type\":\"WebSite\",\"@id\":\"https:\/\/gysfm.com.ar\/inicio\/#website\",\"url\":\"https:\/\/gysfm.com.ar\/inicio\/\",\"name\":\"GYS NOTICIAS |\",\"description\":\"DIARIO - RADIO ONLINE SAN JUAN ARGENTINA\",\"publisher\":{\"@id\":\"https:\/\/gysfm.com.ar\/inicio\/#organization\"},\"potentialAction\":[{\"@type\":\"SearchAction\",\"target\":{\"@type\":\"EntryPoint\",\"urlTemplate\":\"https:\/\/gysfm.com.ar\/inicio\/?s={search_term_string}\"},\"query-input\":{\"@type\":\"PropertyValueSpecification\",\"valueRequired\":true,\"valueName\":\"search_term_string\"}}],\"inLanguage\":\"es\"},{\"@type\":\"Organization\",\"@id\":\"https:\/\/gysfm.com.ar\/inicio\/#organization\",\"name\":\"GYS NOTICIAS |\",\"url\":\"https:\/\/gysfm.com.ar\/inicio\/\",\"logo\":{\"@type\":\"ImageObject\",\"inLanguage\":\"es\",\"@id\":\"https:\/\/gysfm.com.ar\/inicio\/#\/schema\/logo\/image\/\",\"url\":\"https:\/\/gysfm.com.ar\/inicio\/wp-content\/uploads\/2023\/07\/LOGOGYS-OK.png\",\"contentUrl\":\"https:\/\/gysfm.com.ar\/inicio\/wp-content\/uploads\/2023\/07\/LOGOGYS-OK.png\",\"width\":1170,\"height\":872,\"caption\":\"GYS NOTICIAS |\"},\"image\":{\"@id\":\"https:\/\/gysfm.com.ar\/inicio\/#\/schema\/logo\/image\/\"}},{\"@type\":\"Person\",\"@id\":\"https:\/\/gysfm.com.ar\/inicio\/#\/schema\/person\/3abba7593ef2ad19e1be221d54383dc5\",\"name\":\"Prensa G&amp;S FM\",\"image\":{\"@type\":\"ImageObject\",\"inLanguage\":\"es\",\"@id\":\"https:\/\/gysfm.com.ar\/inicio\/#\/schema\/person\/image\/\",\"url\":\"https:\/\/secure.gravatar.com\/avatar\/096ec78df02049ab018702bb4ccedf659377fa92a26540b5247612077a0dbd29?s=96&d=mm&r=g\",\"contentUrl\":\"https:\/\/secure.gravatar.com\/avatar\/096ec78df02049ab018702bb4ccedf659377fa92a26540b5247612077a0dbd29?s=96&d=mm&r=g\",\"caption\":\"Prensa G&amp;S FM\"},\"sameAs\":[\"https:\/\/gysfm.com.ar\/\"],\"url\":\"https:\/\/gysfm.com.ar\/inicio\/author\/lucasm\/\"}]}<\/script>\n<!-- \/ Yoast SEO plugin. -->","yoast_head_json":{"title":"La inflaci\u00f3n bajar\u00e1 en abril, pero seguir\u00eda cerca del 3% por combustibles - GYS NOTICIAS |","robots":{"index":"index","follow":"follow","max-snippet":"max-snippet:-1","max-image-preview":"max-image-preview:large","max-video-preview":"max-video-preview:-1"},"canonical":"https:\/\/gysfm.com.ar\/inicio\/la-inflacion-bajara-en-abril-pero-seguiria-cerca-del-3-por-combustibles\/","og_locale":"es_ES","og_type":"article","og_title":"La inflaci\u00f3n bajar\u00e1 en abril, pero seguir\u00eda cerca del 3% por combustibles - GYS NOTICIAS |","og_description":"La inflaci\u00f3n de abril aparece como un mes bisagra para el Gobierno. Despu\u00e9s de un marzo que volvi\u00f3 a sorprender al alza, con un IPC nacional de 3,4%, el mercado empieza a detectar una moderaci\u00f3n, aunque todav\u00eda lejos de una baja contundente. El punto central es que el \u00edndice podr\u00eda desacelerarse respecto del mes pasado, [&hellip;]","og_url":"https:\/\/gysfm.com.ar\/inicio\/la-inflacion-bajara-en-abril-pero-seguiria-cerca-del-3-por-combustibles\/","og_site_name":"GYS NOTICIAS |","article_published_time":"2026-04-21T09:28:06+00:00","og_image":[{"url":"https:\/\/fotos.perfil.com\/\/2026\/04\/20\/900\/0\/proyecciones-de-la-inflacion-en-abril-2026-2223942.jpeg","type":"","width":"","height":""}],"author":"Prensa G&amp;S FM","twitter_card":"summary_large_image","twitter_misc":{"Escrito por":"Prensa G&amp;S FM","Tiempo de lectura":"6 minutos"},"schema":{"@context":"https:\/\/schema.org","@graph":[{"@type":"Article","@id":"https:\/\/gysfm.com.ar\/inicio\/la-inflacion-bajara-en-abril-pero-seguiria-cerca-del-3-por-combustibles\/#article","isPartOf":{"@id":"https:\/\/gysfm.com.ar\/inicio\/la-inflacion-bajara-en-abril-pero-seguiria-cerca-del-3-por-combustibles\/"},"author":{"name":"Prensa G&amp;S FM","@id":"https:\/\/gysfm.com.ar\/inicio\/#\/schema\/person\/3abba7593ef2ad19e1be221d54383dc5"},"headline":"La inflaci\u00f3n bajar\u00e1 en abril, pero seguir\u00eda cerca del 3% por combustibles","datePublished":"2026-04-21T09:28:06+00:00","mainEntityOfPage":{"@id":"https:\/\/gysfm.com.ar\/inicio\/la-inflacion-bajara-en-abril-pero-seguiria-cerca-del-3-por-combustibles\/"},"wordCount":1144,"publisher":{"@id":"https:\/\/gysfm.com.ar\/inicio\/#organization"},"image":{"@id":"https:\/\/gysfm.com.ar\/inicio\/la-inflacion-bajara-en-abril-pero-seguiria-cerca-del-3-por-combustibles\/#primaryimage"},"thumbnailUrl":"https:\/\/gysfm.com.ar\/inicio\/wp-content\/uploads\/2026\/04\/surtidor-2140019.jpg","articleSection":["NACIONALES"],"inLanguage":"es"},{"@type":"WebPage","@id":"https:\/\/gysfm.com.ar\/inicio\/la-inflacion-bajara-en-abril-pero-seguiria-cerca-del-3-por-combustibles\/","url":"https:\/\/gysfm.com.ar\/inicio\/la-inflacion-bajara-en-abril-pero-seguiria-cerca-del-3-por-combustibles\/","name":"La inflaci\u00f3n bajar\u00e1 en abril, pero seguir\u00eda cerca del 3% por combustibles - GYS NOTICIAS |","isPartOf":{"@id":"https:\/\/gysfm.com.ar\/inicio\/#website"},"primaryImageOfPage":{"@id":"https:\/\/gysfm.com.ar\/inicio\/la-inflacion-bajara-en-abril-pero-seguiria-cerca-del-3-por-combustibles\/#primaryimage"},"image":{"@id":"https:\/\/gysfm.com.ar\/inicio\/la-inflacion-bajara-en-abril-pero-seguiria-cerca-del-3-por-combustibles\/#primaryimage"},"thumbnailUrl":"https:\/\/gysfm.com.ar\/inicio\/wp-content\/uploads\/2026\/04\/surtidor-2140019.jpg","datePublished":"2026-04-21T09:28:06+00:00","breadcrumb":{"@id":"https:\/\/gysfm.com.ar\/inicio\/la-inflacion-bajara-en-abril-pero-seguiria-cerca-del-3-por-combustibles\/#breadcrumb"},"inLanguage":"es","potentialAction":[{"@type":"ReadAction","target":["https:\/\/gysfm.com.ar\/inicio\/la-inflacion-bajara-en-abril-pero-seguiria-cerca-del-3-por-combustibles\/"]}]},{"@type":"ImageObject","inLanguage":"es","@id":"https:\/\/gysfm.com.ar\/inicio\/la-inflacion-bajara-en-abril-pero-seguiria-cerca-del-3-por-combustibles\/#primaryimage","url":"https:\/\/gysfm.com.ar\/inicio\/wp-content\/uploads\/2026\/04\/surtidor-2140019.jpg","contentUrl":"https:\/\/gysfm.com.ar\/inicio\/wp-content\/uploads\/2026\/04\/surtidor-2140019.jpg","width":1140,"height":641},{"@type":"BreadcrumbList","@id":"https:\/\/gysfm.com.ar\/inicio\/la-inflacion-bajara-en-abril-pero-seguiria-cerca-del-3-por-combustibles\/#breadcrumb","itemListElement":[{"@type":"ListItem","position":1,"name":"Portada","item":"https:\/\/gysfm.com.ar\/inicio\/"},{"@type":"ListItem","position":2,"name":"La inflaci\u00f3n bajar\u00e1 en abril, pero seguir\u00eda cerca del 3% por combustibles"}]},{"@type":"WebSite","@id":"https:\/\/gysfm.com.ar\/inicio\/#website","url":"https:\/\/gysfm.com.ar\/inicio\/","name":"GYS NOTICIAS |","description":"DIARIO - RADIO ONLINE SAN JUAN ARGENTINA","publisher":{"@id":"https:\/\/gysfm.com.ar\/inicio\/#organization"},"potentialAction":[{"@type":"SearchAction","target":{"@type":"EntryPoint","urlTemplate":"https:\/\/gysfm.com.ar\/inicio\/?s={search_term_string}"},"query-input":{"@type":"PropertyValueSpecification","valueRequired":true,"valueName":"search_term_string"}}],"inLanguage":"es"},{"@type":"Organization","@id":"https:\/\/gysfm.com.ar\/inicio\/#organization","name":"GYS NOTICIAS |","url":"https:\/\/gysfm.com.ar\/inicio\/","logo":{"@type":"ImageObject","inLanguage":"es","@id":"https:\/\/gysfm.com.ar\/inicio\/#\/schema\/logo\/image\/","url":"https:\/\/gysfm.com.ar\/inicio\/wp-content\/uploads\/2023\/07\/LOGOGYS-OK.png","contentUrl":"https:\/\/gysfm.com.ar\/inicio\/wp-content\/uploads\/2023\/07\/LOGOGYS-OK.png","width":1170,"height":872,"caption":"GYS NOTICIAS |"},"image":{"@id":"https:\/\/gysfm.com.ar\/inicio\/#\/schema\/logo\/image\/"}},{"@type":"Person","@id":"https:\/\/gysfm.com.ar\/inicio\/#\/schema\/person\/3abba7593ef2ad19e1be221d54383dc5","name":"Prensa G&amp;S FM","image":{"@type":"ImageObject","inLanguage":"es","@id":"https:\/\/gysfm.com.ar\/inicio\/#\/schema\/person\/image\/","url":"https:\/\/secure.gravatar.com\/avatar\/096ec78df02049ab018702bb4ccedf659377fa92a26540b5247612077a0dbd29?s=96&d=mm&r=g","contentUrl":"https:\/\/secure.gravatar.com\/avatar\/096ec78df02049ab018702bb4ccedf659377fa92a26540b5247612077a0dbd29?s=96&d=mm&r=g","caption":"Prensa G&amp;S FM"},"sameAs":["https:\/\/gysfm.com.ar\/"],"url":"https:\/\/gysfm.com.ar\/inicio\/author\/lucasm\/"}]}},"_links":{"self":[{"href":"https:\/\/gysfm.com.ar\/inicio\/wp-json\/wp\/v2\/posts\/192067","targetHints":{"allow":["GET"]}}],"collection":[{"href":"https:\/\/gysfm.com.ar\/inicio\/wp-json\/wp\/v2\/posts"}],"about":[{"href":"https:\/\/gysfm.com.ar\/inicio\/wp-json\/wp\/v2\/types\/post"}],"author":[{"embeddable":true,"href":"https:\/\/gysfm.com.ar\/inicio\/wp-json\/wp\/v2\/users\/2"}],"replies":[{"embeddable":true,"href":"https:\/\/gysfm.com.ar\/inicio\/wp-json\/wp\/v2\/comments?post=192067"}],"version-history":[{"count":0,"href":"https:\/\/gysfm.com.ar\/inicio\/wp-json\/wp\/v2\/posts\/192067\/revisions"}],"wp:featuredmedia":[{"embeddable":true,"href":"https:\/\/gysfm.com.ar\/inicio\/wp-json\/wp\/v2\/media\/192068"}],"wp:attachment":[{"href":"https:\/\/gysfm.com.ar\/inicio\/wp-json\/wp\/v2\/media?parent=192067"}],"wp:term":[{"taxonomy":"category","embeddable":true,"href":"https:\/\/gysfm.com.ar\/inicio\/wp-json\/wp\/v2\/categories?post=192067"},{"taxonomy":"post_tag","embeddable":true,"href":"https:\/\/gysfm.com.ar\/inicio\/wp-json\/wp\/v2\/tags?post=192067"}],"curies":[{"name":"wp","href":"https:\/\/api.w.org\/{rel}","templated":true}]}}