{"id":192062,"date":"2026-04-21T05:57:08","date_gmt":"2026-04-21T08:57:08","guid":{"rendered":"https:\/\/gysfm.com.ar\/inicio\/para-el-new-york-times-milei-quiere-reprogramar-la-mente-de-los-argentinos\/"},"modified":"2026-04-21T05:57:08","modified_gmt":"2026-04-21T08:57:08","slug":"para-el-new-york-times-milei-quiere-reprogramar-la-mente-de-los-argentinos","status":"publish","type":"post","link":"https:\/\/gysfm.com.ar\/inicio\/para-el-new-york-times-milei-quiere-reprogramar-la-mente-de-los-argentinos\/","title":{"rendered":"Para el New York Times, Milei quiere \u00abreprogramar la mente de los argentinos\u00bb"},"content":{"rendered":"<p><\/p>\n<div id=\"article-content\">\n<p>El peri\u00f3dico estadounidense <strong><em>The New York Times<\/em><\/strong> public\u00f3 este lunes un extenso reporte sobre la gesti\u00f3n de <strong><a target=\"_blank\" href=\"https:\/\/www.perfil.com\/noticias\/politica\/en-israel-milei-dijo-que-con-determinadas-culturas-no-se-puede-convivir.phtml\">Javier Milei<\/a> <\/strong>en Argentina donde sostiene que el mandatario usa su presidencia para<strong> librar una guerra ideol\u00f3gica<\/strong>. Seg\u00fan el texto, firmado por la corresponsal en Buenos Aires Emma Bubola, el objetivo central del presidente es <strong>desmantelar conceptos como la justicia social y la igualdad econ\u00f3mica<\/strong> para reemplazarlos por el <strong>individualismo<\/strong>.<\/p>\n<p>El art\u00edculo describe el<strong> ascenso de Milei <\/strong>desde su etapa como economista medi\u00e1tico hasta la llegada a la<strong> Casa Rosada<\/strong>. Destaca que el presidente utiliza sus<strong> redes sociales<\/strong> para difundir la imagen de un<strong> <a target=\"_blank\" href=\"https:\/\/www.perfil.com\/noticias\/politica\/milei-lanzo-sus-redes-oficiales-en-ingles-con-un-superheroe-animado-pero-la-cuenta-fue-suspendida-a-las-pocas-horas.phtml\">superh\u00e9roe<\/a> generado por inteligencia artificial<\/strong>. Este personaje refuerza el mensaje de la <a target=\"_blank\" href=\"https:\/\/www.perfil.com\/noticias\/elobservador\/batalla-cultural-en-las-universidades.phtml\"><strong>\u00abbatalla cultural\u00bb<\/strong><\/a> ante sus seguidores digitales, y ahora tambi\u00e9n se dirige especialmente al p\u00fablico angl\u00f3fono a trav\u00e9s de la cuenta <strong>\u00abMilei in English\u00bb<\/strong>, en la plataforma X.<\/p>\n<div style=\"text-align:center\">\n<figure class=\"image\" style=\"display:inline-block\"><picture><source media=\"(max-width: 440px)\" srcset=\"https:\/\/fotos.perfil.com\/2026\/01\/12\/trim\/987\/555\/440\/0\/milei-animado-20260112-2168553.jpg?webp\"\/><source media=\"(max-width: 1019px)\" srcset=\"https:\/\/fotos.perfil.com\/2026\/01\/12\/trim\/987\/555\/712\/0\/milei-animado-20260112-2168553.jpg?webp\"\/><img decoding=\"async\" style=\"max-width: 100%; width: 100%;\" alt=\"Una representaci\u00f3n de Milei como superh\u00e9roe, hecha con inteligencia artificial\" height=\"555\" src=\"https:\/\/fotos.perfil.com\/2026\/01\/12\/trim\/987\/555\/900\/0\/milei-animado-20260112-2168553.jpg?webp\" width=\"987\" loading=\"lazy\"\/><\/picture><figcaption>Una imagen hecha con inteligencia artificial del \u00abGeneral Ancap\u00bb, el superh\u00e9roe anarco-capitalista con el que Milei se identifica simb\u00f3licamente.<\/figcaption><\/figure>\n<\/p><\/div>\n<p>El medio estadounidense cita las declaraciones del presidente en <strong><a target=\"_blank\" href=\"https:\/\/www.perfil.com\/noticias\/politica\/la-derecha-fest-y-los-organizadores-que-disputan-el-control-de-una-marca-clave-del-oficialismo.phtml\">La Derecha Fest<\/a>: \u201cEstamos en guerra\u201d<\/strong>. Sostiene que Milei define esta etapa como una \u00ablucha por la supervivencia de la libertad\u00bb, y destaca que el mandatario busca convertir a la Argentina en un <strong>modelo para el mundo basado en el libre mercado<\/strong>.<\/p>\n<div class=\"subscription\">\n<p>\n        Esto no les gusta a los autoritarios\n    <\/p>\n<div class=\"subscription__container\">\n<div class=\"subscription__text-wrapper\">\n<p>\n                El ejercicio del periodismo profesional y cr\u00edtico es un pilar fundamental de la democracia. Por eso molesta a quienes creen ser los due\u00f1os de la verdad.\n            <\/p>\n<\/p><\/div><\/div>\n<\/div>\n<p>La publicaci\u00f3n analiza el <strong>choque <\/strong>entre las propuestas libertarias y la <strong>tradici\u00f3n de salud y educaci\u00f3n gratuita en el pa\u00eds<\/strong>. El texto resalta que Argentina posee uno de los sistemas de <strong>bienestar <\/strong>m\u00e1s amplios del mundo. El art\u00edculo cita voces cr\u00edticas que sostienen que las medidas oficiales<strong> erosionan el tejido social <\/strong>que uni\u00f3 a la naci\u00f3n durante d\u00e9cadas.<\/p>\n<p class=\"destacadoNota\"><a target=\"_blank\" href=\"https:\/\/www.perfil.com\/noticias\/politica\/javier-milei-sorprendio-al-cantar-libre-en-los-ensayos-del-dia-de-la-independencia-de-israel.phtml\">Javier Milei sorprendi\u00f3 al cantar \u201cLibre\u201d en los ensayos del D\u00eda de la Independencia de Israel<\/a><\/p>\n<p>Entre las voces citadas se encuentra la del diputado de Fuerza Patria y ex precandidato a presidente <strong>Juan Grabois<\/strong>. \u00abMilei est\u00e1 tratando de<strong> romper nuestro ADN<\/strong> y de destruir la identidad comunitaria de nuestro pueblo\u00bb, asegura. En contraposici\u00f3n, se cita tambi\u00e9n a partidarios de Milei que sostienen que el Gobierno implanta una <strong>cultura del emprendedurismo<\/strong>, y consideran que el Estado asistencialista <strong>debilit\u00f3 el car\u00e1cter<\/strong> de los ciudadanos.<\/p>\n<p>El reportaje menciona el evento<strong> La Derecha Fest <\/strong>como un s\u00edmbolo de este cambio. All\u00ed, los asistentes consumieron literatura econ\u00f3mica de <strong>Friedrich Hayek <\/strong>mientras esperaban al presidente. Los referentes del espacio <strong>celebraron el desfinanciamiento<\/strong> de \u00e1reas como el periodismo y la industria del cine.<\/p>\n<h2>La lucha de Milei contra las universidades p\u00fablicas, en la mira del New York Times<\/h2>\n<p>\u201cLa batalla cultural es una <strong>lucha por nuestras almas<\/strong>\u201d, afirma Milei en un pasaje citado por el diario neoyorquino. El art\u00edculo se\u00f1ala que el presidente califica a las universidades p\u00fablicas como <strong>\u00abmotores de adoctrinamiento<\/strong>\u00ab. Tambi\u00e9n destaca que describe al sector p\u00fablico en su totalidad como una <strong>\u00aborganizaci\u00f3n criminal y violenta\u00bb<\/strong>.<\/p>\n<div style=\"text-align:center\">\n<figure class=\"image\" style=\"display:inline-block\"><picture><source media=\"(max-width: 440px)\" srcset=\"https:\/\/fotos.perfil.com\/\/\/2026\/01\/28\/440\/0\/el-presidente-javier-milei-participo-de-la-derecha-fest-en-mar-del-plata-28012026-2176818.jpg?webp\"\/><source media=\"(max-width: 1019px)\" srcset=\"https:\/\/fotos.perfil.com\/\/\/2026\/01\/28\/712\/0\/el-presidente-javier-milei-participo-de-la-derecha-fest-en-mar-del-plata-28012026-2176818.jpg?webp\"\/><img decoding=\"async\" style=\"max-width: 100%; width: 100%;\" alt=\"Javier Milei en La Derecha Fest\" height=\"720\" src=\"https:\/\/fotos.perfil.com\/\/\/2026\/01\/28\/900\/0\/el-presidente-javier-milei-participo-de-la-derecha-fest-en-mar-del-plata-28012026-2176818.jpg?webp\" width=\"1300\" loading=\"lazy\"\/><\/picture><figcaption>El presidente en La Derecha Fest.<\/figcaption><\/figure>\n<\/p><\/div>\n<p>El art\u00edculo explica que en t\u00e9rminos culturales, <strong>el movimiento libertario elige como enemigo el legado del peronismo<\/strong>, que ubic\u00f3 al <strong>Estado <\/strong>en el centro de la vida nacional. <em>The New York Times<\/em> explica que la figura de <strong>Eva Per\u00f3n <\/strong>forj\u00f3 un v\u00ednculo emocional con la clase trabajadora mediante los derechos sociales. Sin embargo, el reporte culpa a las<strong> crisis financieras c\u00edclicas<\/strong> de agotar la fe de la poblaci\u00f3n en ese modelo.<\/p>\n<p>La nota cita tambi\u00e9n a <strong>Agust\u00edn Laje<\/strong>, uno de los ide\u00f3logos libertarios m\u00e1s cercanos a Milei, quien asegura que el 80% de sus seguidores tiene <strong>menos de 30 a\u00f1os<\/strong>. Seg\u00fan \u00e9l, la \u00fanica forma de vencer en la batalla cultural es a trav\u00e9s del dominio de las <strong>redes sociales<\/strong>. El art\u00edculo destaca que el Gobierno <strong>elev\u00f3 a activistas digitales a cargos p\u00fablicos<\/strong> para <strong>confrontar <\/strong>con la oposici\u00f3n de manera permanente.<\/p>\n<h2>La econom\u00eda condiciona la transformaci\u00f3n cultural<\/h2>\n<p>La nota cita tambi\u00e9n al soci\u00f3logo <strong>Pablo Sem\u00e1n<\/strong>, quien explica que Milei canaliz\u00f3 un cambio de mentalidad que ya ven\u00eda sucediendo en la sociedad antes de su llegada a la esfera p\u00fablica. Tras a\u00f1os de <strong>inflaci\u00f3n <\/strong>y <strong>estancamiento<\/strong>, muchos argentinos internalizaron la idea de que deben <strong>valerse por s\u00ed mismos<\/strong>. Seg\u00fan Sem\u00e1n, el contrato social se rompi\u00f3 antes de la llegada del actual gobierno.<\/p>\n<p>La popularidad de las propuestas de recorte -simbolizadas en la figura de la <strong>motosierra<\/strong>&#8211; depende, en gran medida, de la percepci\u00f3n de alivio econ\u00f3mico. Si bien la inflaci\u00f3n baj\u00f3 respecto a per\u00edodos anteriores, el reporte advierte sobre el <strong>cierre de 24.000 empresas<\/strong>. La nota reporta que algunos analistas <strong>dudan de que el apoyo ideol\u00f3gico se mantenga<\/strong> si el consumo no se recupera.<\/p>\n<div style=\"text-align:center\">\n<figure class=\"image\" style=\"display:inline-block\"><picture><source media=\"(max-width: 440px)\" srcset=\"https:\/\/fotos.perfil.com\/\/\/2025\/04\/01\/440\/0\/karina-milei-manuel-adorni-pilar-ramirez-y-otros-referentes-libertarios-con-la-motosierra-1995812.jpg?webp\"\/><source media=\"(max-width: 1019px)\" srcset=\"https:\/\/fotos.perfil.com\/\/\/2025\/04\/01\/712\/0\/karina-milei-manuel-adorni-pilar-ramirez-y-otros-referentes-libertarios-con-la-motosierra-1995812.jpg?webp\"\/><img decoding=\"async\" style=\"max-width: 100%; width: 100%;\" alt=\"El equipo de gobierno con la simb\u00f3lica motosierra\" height=\"730\" src=\"https:\/\/fotos.perfil.com\/\/\/2025\/04\/01\/900\/0\/karina-milei-manuel-adorni-pilar-ramirez-y-otros-referentes-libertarios-con-la-motosierra-1995812.jpg?webp\" width=\"1300\" loading=\"lazy\"\/><\/picture><figcaption>Karina Milei, Manuel Adorni y otros integrantes del gobierno con la motosierra, s\u00edmbolo del recorte del gasto p\u00fablico.<\/figcaption><\/figure>\n<\/p><\/div>\n<p>En el cierre del art\u00edculo, se advierte que el \u00e9xito a largo plazo de Milei <strong>depende de la prosperidad econ\u00f3mica prometida<\/strong>. Los propios referentes del espacio reconocen que el modelo cultural requiere <strong>resultados materiales<\/strong>.  La cita que cierra el art\u00edculo es del propio <strong>Agust\u00edn Laje<\/strong>: \u201cNo hay forma de que la gente compre un modelo cultural si tiene los <strong>bolsillos vac\u00edos<\/strong>\u201d.<\/p>\n<p>MB\/ff<\/p>\n<\/p><\/div>\n<p><script>\n                !function(f,b,e,v,n,t,s)\n                {if(f.fbq)return;n=f.fbq=function(){n.callMethod?\n                    n.callMethod.apply(n,arguments):n.queue.push(arguments)};\n                    if(!f._fbq)f._fbq=n;n.push=n;n.loaded=!0;n.version='2.0';\n                    n.queue=[];t=b.createElement(e);t.async=!0;\n                    t.src=v;s=b.getElementsByTagName(e)[0];\n                    s.parentNode.insertBefore(t,s)}(window, document,'script',\n                    'https:\/\/connect.facebook.net\/en_US\/fbevents.js');\n                window.paywallConfig.facebook_pixel=\"1000228364089342\"\n            <\/script><\/p>\n","protected":false},"excerpt":{"rendered":"<p>El peri\u00f3dico estadounidense The New York Times public\u00f3 este lunes un extenso reporte sobre la gesti\u00f3n de Javier Milei en Argentina donde sostiene que el mandatario usa su presidencia para librar una guerra ideol\u00f3gica. Seg\u00fan el texto, firmado por la corresponsal en Buenos Aires Emma Bubola, el objetivo central del presidente es desmantelar conceptos como [&hellip;]<\/p>\n","protected":false},"author":2,"featured_media":173700,"comment_status":"closed","ping_status":"closed","sticky":false,"template":"","format":"standard","meta":{"footnotes":""},"categories":[25],"tags":[],"class_list":["post-192062","post","type-post","status-publish","format-standard","has-post-thumbnail","hentry","category-nacionales"],"yoast_head":"<!-- This site is optimized with the Yoast SEO plugin v24.4 - https:\/\/yoast.com\/wordpress\/plugins\/seo\/ -->\n<title>Para el New York Times, Milei quiere &quot;reprogramar la mente de los argentinos&quot; - GYS NOTICIAS |<\/title>\n<meta name=\"robots\" content=\"index, follow, max-snippet:-1, max-image-preview:large, max-video-preview:-1\" \/>\n<link rel=\"canonical\" href=\"https:\/\/gysfm.com.ar\/inicio\/para-el-new-york-times-milei-quiere-reprogramar-la-mente-de-los-argentinos\/\" \/>\n<meta property=\"og:locale\" content=\"es_ES\" \/>\n<meta property=\"og:type\" content=\"article\" \/>\n<meta property=\"og:title\" content=\"Para el New York Times, Milei quiere &quot;reprogramar la mente de los argentinos&quot; - GYS NOTICIAS |\" \/>\n<meta property=\"og:description\" content=\"El peri\u00f3dico estadounidense The New York Times public\u00f3 este lunes un extenso reporte sobre la gesti\u00f3n de Javier Milei en Argentina donde sostiene que el mandatario usa su presidencia para librar una guerra ideol\u00f3gica. Seg\u00fan el texto, firmado por la corresponsal en Buenos Aires Emma Bubola, el objetivo central del presidente es desmantelar conceptos como [&hellip;]\" \/>\n<meta property=\"og:url\" content=\"https:\/\/gysfm.com.ar\/inicio\/para-el-new-york-times-milei-quiere-reprogramar-la-mente-de-los-argentinos\/\" \/>\n<meta property=\"og:site_name\" content=\"GYS NOTICIAS |\" \/>\n<meta property=\"article:published_time\" content=\"2026-04-21T08:57:08+00:00\" \/>\n<meta property=\"og:image\" content=\"https:\/\/fotos.perfil.com\/2026\/01\/12\/trim\/987\/555\/900\/0\/milei-animado-20260112-2168553.jpg?webp\" \/>\n<meta name=\"author\" content=\"Prensa G&amp;S FM\" \/>\n<meta name=\"twitter:card\" content=\"summary_large_image\" \/>\n<meta name=\"twitter:label1\" content=\"Escrito por\" \/>\n\t<meta name=\"twitter:data1\" content=\"Prensa G&amp;S FM\" \/>\n\t<meta name=\"twitter:label2\" content=\"Tiempo de lectura\" \/>\n\t<meta name=\"twitter:data2\" content=\"5 minutos\" \/>\n<script type=\"application\/ld+json\" class=\"yoast-schema-graph\">{\"@context\":\"https:\/\/schema.org\",\"@graph\":[{\"@type\":\"Article\",\"@id\":\"https:\/\/gysfm.com.ar\/inicio\/para-el-new-york-times-milei-quiere-reprogramar-la-mente-de-los-argentinos\/#article\",\"isPartOf\":{\"@id\":\"https:\/\/gysfm.com.ar\/inicio\/para-el-new-york-times-milei-quiere-reprogramar-la-mente-de-los-argentinos\/\"},\"author\":{\"name\":\"Prensa G&amp;S FM\",\"@id\":\"https:\/\/gysfm.com.ar\/inicio\/#\/schema\/person\/3abba7593ef2ad19e1be221d54383dc5\"},\"headline\":\"Para el New York Times, Milei quiere \u00abreprogramar la mente de los argentinos\u00bb\",\"datePublished\":\"2026-04-21T08:57:08+00:00\",\"mainEntityOfPage\":{\"@id\":\"https:\/\/gysfm.com.ar\/inicio\/para-el-new-york-times-milei-quiere-reprogramar-la-mente-de-los-argentinos\/\"},\"wordCount\":940,\"publisher\":{\"@id\":\"https:\/\/gysfm.com.ar\/inicio\/#organization\"},\"image\":{\"@id\":\"https:\/\/gysfm.com.ar\/inicio\/para-el-new-york-times-milei-quiere-reprogramar-la-mente-de-los-argentinos\/#primaryimage\"},\"thumbnailUrl\":\"https:\/\/gysfm.com.ar\/inicio\/wp-content\/uploads\/2026\/01\/040126mileimotosierrapresidenciag-2164186.jpg\",\"articleSection\":[\"NACIONALES\"],\"inLanguage\":\"es\"},{\"@type\":\"WebPage\",\"@id\":\"https:\/\/gysfm.com.ar\/inicio\/para-el-new-york-times-milei-quiere-reprogramar-la-mente-de-los-argentinos\/\",\"url\":\"https:\/\/gysfm.com.ar\/inicio\/para-el-new-york-times-milei-quiere-reprogramar-la-mente-de-los-argentinos\/\",\"name\":\"Para el New York Times, Milei quiere \\\"reprogramar la mente de los argentinos\\\" - GYS NOTICIAS |\",\"isPartOf\":{\"@id\":\"https:\/\/gysfm.com.ar\/inicio\/#website\"},\"primaryImageOfPage\":{\"@id\":\"https:\/\/gysfm.com.ar\/inicio\/para-el-new-york-times-milei-quiere-reprogramar-la-mente-de-los-argentinos\/#primaryimage\"},\"image\":{\"@id\":\"https:\/\/gysfm.com.ar\/inicio\/para-el-new-york-times-milei-quiere-reprogramar-la-mente-de-los-argentinos\/#primaryimage\"},\"thumbnailUrl\":\"https:\/\/gysfm.com.ar\/inicio\/wp-content\/uploads\/2026\/01\/040126mileimotosierrapresidenciag-2164186.jpg\",\"datePublished\":\"2026-04-21T08:57:08+00:00\",\"breadcrumb\":{\"@id\":\"https:\/\/gysfm.com.ar\/inicio\/para-el-new-york-times-milei-quiere-reprogramar-la-mente-de-los-argentinos\/#breadcrumb\"},\"inLanguage\":\"es\",\"potentialAction\":[{\"@type\":\"ReadAction\",\"target\":[\"https:\/\/gysfm.com.ar\/inicio\/para-el-new-york-times-milei-quiere-reprogramar-la-mente-de-los-argentinos\/\"]}]},{\"@type\":\"ImageObject\",\"inLanguage\":\"es\",\"@id\":\"https:\/\/gysfm.com.ar\/inicio\/para-el-new-york-times-milei-quiere-reprogramar-la-mente-de-los-argentinos\/#primaryimage\",\"url\":\"https:\/\/gysfm.com.ar\/inicio\/wp-content\/uploads\/2026\/01\/040126mileimotosierrapresidenciag-2164186.jpg\",\"contentUrl\":\"https:\/\/gysfm.com.ar\/inicio\/wp-content\/uploads\/2026\/01\/040126mileimotosierrapresidenciag-2164186.jpg\",\"width\":1140,\"height\":641},{\"@type\":\"BreadcrumbList\",\"@id\":\"https:\/\/gysfm.com.ar\/inicio\/para-el-new-york-times-milei-quiere-reprogramar-la-mente-de-los-argentinos\/#breadcrumb\",\"itemListElement\":[{\"@type\":\"ListItem\",\"position\":1,\"name\":\"Portada\",\"item\":\"https:\/\/gysfm.com.ar\/inicio\/\"},{\"@type\":\"ListItem\",\"position\":2,\"name\":\"Para el New York Times, Milei quiere \u00abreprogramar la mente de los argentinos\u00bb\"}]},{\"@type\":\"WebSite\",\"@id\":\"https:\/\/gysfm.com.ar\/inicio\/#website\",\"url\":\"https:\/\/gysfm.com.ar\/inicio\/\",\"name\":\"GYS NOTICIAS |\",\"description\":\"DIARIO - RADIO ONLINE SAN JUAN ARGENTINA\",\"publisher\":{\"@id\":\"https:\/\/gysfm.com.ar\/inicio\/#organization\"},\"potentialAction\":[{\"@type\":\"SearchAction\",\"target\":{\"@type\":\"EntryPoint\",\"urlTemplate\":\"https:\/\/gysfm.com.ar\/inicio\/?s={search_term_string}\"},\"query-input\":{\"@type\":\"PropertyValueSpecification\",\"valueRequired\":true,\"valueName\":\"search_term_string\"}}],\"inLanguage\":\"es\"},{\"@type\":\"Organization\",\"@id\":\"https:\/\/gysfm.com.ar\/inicio\/#organization\",\"name\":\"GYS NOTICIAS |\",\"url\":\"https:\/\/gysfm.com.ar\/inicio\/\",\"logo\":{\"@type\":\"ImageObject\",\"inLanguage\":\"es\",\"@id\":\"https:\/\/gysfm.com.ar\/inicio\/#\/schema\/logo\/image\/\",\"url\":\"https:\/\/gysfm.com.ar\/inicio\/wp-content\/uploads\/2023\/07\/LOGOGYS-OK.png\",\"contentUrl\":\"https:\/\/gysfm.com.ar\/inicio\/wp-content\/uploads\/2023\/07\/LOGOGYS-OK.png\",\"width\":1170,\"height\":872,\"caption\":\"GYS NOTICIAS |\"},\"image\":{\"@id\":\"https:\/\/gysfm.com.ar\/inicio\/#\/schema\/logo\/image\/\"}},{\"@type\":\"Person\",\"@id\":\"https:\/\/gysfm.com.ar\/inicio\/#\/schema\/person\/3abba7593ef2ad19e1be221d54383dc5\",\"name\":\"Prensa G&amp;S FM\",\"image\":{\"@type\":\"ImageObject\",\"inLanguage\":\"es\",\"@id\":\"https:\/\/gysfm.com.ar\/inicio\/#\/schema\/person\/image\/\",\"url\":\"https:\/\/secure.gravatar.com\/avatar\/096ec78df02049ab018702bb4ccedf659377fa92a26540b5247612077a0dbd29?s=96&d=mm&r=g\",\"contentUrl\":\"https:\/\/secure.gravatar.com\/avatar\/096ec78df02049ab018702bb4ccedf659377fa92a26540b5247612077a0dbd29?s=96&d=mm&r=g\",\"caption\":\"Prensa G&amp;S FM\"},\"sameAs\":[\"https:\/\/gysfm.com.ar\/\"],\"url\":\"https:\/\/gysfm.com.ar\/inicio\/author\/lucasm\/\"}]}<\/script>\n<!-- \/ Yoast SEO plugin. -->","yoast_head_json":{"title":"Para el New York Times, Milei quiere \"reprogramar la mente de los argentinos\" - GYS NOTICIAS |","robots":{"index":"index","follow":"follow","max-snippet":"max-snippet:-1","max-image-preview":"max-image-preview:large","max-video-preview":"max-video-preview:-1"},"canonical":"https:\/\/gysfm.com.ar\/inicio\/para-el-new-york-times-milei-quiere-reprogramar-la-mente-de-los-argentinos\/","og_locale":"es_ES","og_type":"article","og_title":"Para el New York Times, Milei quiere \"reprogramar la mente de los argentinos\" - GYS NOTICIAS |","og_description":"El peri\u00f3dico estadounidense The New York Times public\u00f3 este lunes un extenso reporte sobre la gesti\u00f3n de Javier Milei en Argentina donde sostiene que el mandatario usa su presidencia para librar una guerra ideol\u00f3gica. Seg\u00fan el texto, firmado por la corresponsal en Buenos Aires Emma Bubola, el objetivo central del presidente es desmantelar conceptos como [&hellip;]","og_url":"https:\/\/gysfm.com.ar\/inicio\/para-el-new-york-times-milei-quiere-reprogramar-la-mente-de-los-argentinos\/","og_site_name":"GYS NOTICIAS |","article_published_time":"2026-04-21T08:57:08+00:00","og_image":[{"url":"https:\/\/fotos.perfil.com\/2026\/01\/12\/trim\/987\/555\/900\/0\/milei-animado-20260112-2168553.jpg?webp","type":"","width":"","height":""}],"author":"Prensa G&amp;S FM","twitter_card":"summary_large_image","twitter_misc":{"Escrito por":"Prensa G&amp;S FM","Tiempo de lectura":"5 minutos"},"schema":{"@context":"https:\/\/schema.org","@graph":[{"@type":"Article","@id":"https:\/\/gysfm.com.ar\/inicio\/para-el-new-york-times-milei-quiere-reprogramar-la-mente-de-los-argentinos\/#article","isPartOf":{"@id":"https:\/\/gysfm.com.ar\/inicio\/para-el-new-york-times-milei-quiere-reprogramar-la-mente-de-los-argentinos\/"},"author":{"name":"Prensa G&amp;S FM","@id":"https:\/\/gysfm.com.ar\/inicio\/#\/schema\/person\/3abba7593ef2ad19e1be221d54383dc5"},"headline":"Para el New York Times, Milei quiere \u00abreprogramar la mente de los argentinos\u00bb","datePublished":"2026-04-21T08:57:08+00:00","mainEntityOfPage":{"@id":"https:\/\/gysfm.com.ar\/inicio\/para-el-new-york-times-milei-quiere-reprogramar-la-mente-de-los-argentinos\/"},"wordCount":940,"publisher":{"@id":"https:\/\/gysfm.com.ar\/inicio\/#organization"},"image":{"@id":"https:\/\/gysfm.com.ar\/inicio\/para-el-new-york-times-milei-quiere-reprogramar-la-mente-de-los-argentinos\/#primaryimage"},"thumbnailUrl":"https:\/\/gysfm.com.ar\/inicio\/wp-content\/uploads\/2026\/01\/040126mileimotosierrapresidenciag-2164186.jpg","articleSection":["NACIONALES"],"inLanguage":"es"},{"@type":"WebPage","@id":"https:\/\/gysfm.com.ar\/inicio\/para-el-new-york-times-milei-quiere-reprogramar-la-mente-de-los-argentinos\/","url":"https:\/\/gysfm.com.ar\/inicio\/para-el-new-york-times-milei-quiere-reprogramar-la-mente-de-los-argentinos\/","name":"Para el New York Times, Milei quiere \"reprogramar la mente de los argentinos\" - GYS NOTICIAS |","isPartOf":{"@id":"https:\/\/gysfm.com.ar\/inicio\/#website"},"primaryImageOfPage":{"@id":"https:\/\/gysfm.com.ar\/inicio\/para-el-new-york-times-milei-quiere-reprogramar-la-mente-de-los-argentinos\/#primaryimage"},"image":{"@id":"https:\/\/gysfm.com.ar\/inicio\/para-el-new-york-times-milei-quiere-reprogramar-la-mente-de-los-argentinos\/#primaryimage"},"thumbnailUrl":"https:\/\/gysfm.com.ar\/inicio\/wp-content\/uploads\/2026\/01\/040126mileimotosierrapresidenciag-2164186.jpg","datePublished":"2026-04-21T08:57:08+00:00","breadcrumb":{"@id":"https:\/\/gysfm.com.ar\/inicio\/para-el-new-york-times-milei-quiere-reprogramar-la-mente-de-los-argentinos\/#breadcrumb"},"inLanguage":"es","potentialAction":[{"@type":"ReadAction","target":["https:\/\/gysfm.com.ar\/inicio\/para-el-new-york-times-milei-quiere-reprogramar-la-mente-de-los-argentinos\/"]}]},{"@type":"ImageObject","inLanguage":"es","@id":"https:\/\/gysfm.com.ar\/inicio\/para-el-new-york-times-milei-quiere-reprogramar-la-mente-de-los-argentinos\/#primaryimage","url":"https:\/\/gysfm.com.ar\/inicio\/wp-content\/uploads\/2026\/01\/040126mileimotosierrapresidenciag-2164186.jpg","contentUrl":"https:\/\/gysfm.com.ar\/inicio\/wp-content\/uploads\/2026\/01\/040126mileimotosierrapresidenciag-2164186.jpg","width":1140,"height":641},{"@type":"BreadcrumbList","@id":"https:\/\/gysfm.com.ar\/inicio\/para-el-new-york-times-milei-quiere-reprogramar-la-mente-de-los-argentinos\/#breadcrumb","itemListElement":[{"@type":"ListItem","position":1,"name":"Portada","item":"https:\/\/gysfm.com.ar\/inicio\/"},{"@type":"ListItem","position":2,"name":"Para el New York Times, Milei quiere \u00abreprogramar la mente de los argentinos\u00bb"}]},{"@type":"WebSite","@id":"https:\/\/gysfm.com.ar\/inicio\/#website","url":"https:\/\/gysfm.com.ar\/inicio\/","name":"GYS NOTICIAS |","description":"DIARIO - RADIO ONLINE SAN JUAN ARGENTINA","publisher":{"@id":"https:\/\/gysfm.com.ar\/inicio\/#organization"},"potentialAction":[{"@type":"SearchAction","target":{"@type":"EntryPoint","urlTemplate":"https:\/\/gysfm.com.ar\/inicio\/?s={search_term_string}"},"query-input":{"@type":"PropertyValueSpecification","valueRequired":true,"valueName":"search_term_string"}}],"inLanguage":"es"},{"@type":"Organization","@id":"https:\/\/gysfm.com.ar\/inicio\/#organization","name":"GYS NOTICIAS |","url":"https:\/\/gysfm.com.ar\/inicio\/","logo":{"@type":"ImageObject","inLanguage":"es","@id":"https:\/\/gysfm.com.ar\/inicio\/#\/schema\/logo\/image\/","url":"https:\/\/gysfm.com.ar\/inicio\/wp-content\/uploads\/2023\/07\/LOGOGYS-OK.png","contentUrl":"https:\/\/gysfm.com.ar\/inicio\/wp-content\/uploads\/2023\/07\/LOGOGYS-OK.png","width":1170,"height":872,"caption":"GYS NOTICIAS |"},"image":{"@id":"https:\/\/gysfm.com.ar\/inicio\/#\/schema\/logo\/image\/"}},{"@type":"Person","@id":"https:\/\/gysfm.com.ar\/inicio\/#\/schema\/person\/3abba7593ef2ad19e1be221d54383dc5","name":"Prensa G&amp;S FM","image":{"@type":"ImageObject","inLanguage":"es","@id":"https:\/\/gysfm.com.ar\/inicio\/#\/schema\/person\/image\/","url":"https:\/\/secure.gravatar.com\/avatar\/096ec78df02049ab018702bb4ccedf659377fa92a26540b5247612077a0dbd29?s=96&d=mm&r=g","contentUrl":"https:\/\/secure.gravatar.com\/avatar\/096ec78df02049ab018702bb4ccedf659377fa92a26540b5247612077a0dbd29?s=96&d=mm&r=g","caption":"Prensa G&amp;S FM"},"sameAs":["https:\/\/gysfm.com.ar\/"],"url":"https:\/\/gysfm.com.ar\/inicio\/author\/lucasm\/"}]}},"_links":{"self":[{"href":"https:\/\/gysfm.com.ar\/inicio\/wp-json\/wp\/v2\/posts\/192062","targetHints":{"allow":["GET"]}}],"collection":[{"href":"https:\/\/gysfm.com.ar\/inicio\/wp-json\/wp\/v2\/posts"}],"about":[{"href":"https:\/\/gysfm.com.ar\/inicio\/wp-json\/wp\/v2\/types\/post"}],"author":[{"embeddable":true,"href":"https:\/\/gysfm.com.ar\/inicio\/wp-json\/wp\/v2\/users\/2"}],"replies":[{"embeddable":true,"href":"https:\/\/gysfm.com.ar\/inicio\/wp-json\/wp\/v2\/comments?post=192062"}],"version-history":[{"count":0,"href":"https:\/\/gysfm.com.ar\/inicio\/wp-json\/wp\/v2\/posts\/192062\/revisions"}],"wp:featuredmedia":[{"embeddable":true,"href":"https:\/\/gysfm.com.ar\/inicio\/wp-json\/wp\/v2\/media\/173700"}],"wp:attachment":[{"href":"https:\/\/gysfm.com.ar\/inicio\/wp-json\/wp\/v2\/media?parent=192062"}],"wp:term":[{"taxonomy":"category","embeddable":true,"href":"https:\/\/gysfm.com.ar\/inicio\/wp-json\/wp\/v2\/categories?post=192062"},{"taxonomy":"post_tag","embeddable":true,"href":"https:\/\/gysfm.com.ar\/inicio\/wp-json\/wp\/v2\/tags?post=192062"}],"curies":[{"name":"wp","href":"https:\/\/api.w.org\/{rel}","templated":true}]}}