{"id":192060,"date":"2026-04-21T05:26:06","date_gmt":"2026-04-21T08:26:06","guid":{"rendered":"https:\/\/gysfm.com.ar\/inicio\/en-qr-lola-bertht-exploto-contra-el-gobierno-por-la-ley-de-discapacidad-nos-aplastan-todos-los-derechos\/"},"modified":"2026-04-21T05:26:06","modified_gmt":"2026-04-21T08:26:06","slug":"en-qr-lola-bertht-exploto-contra-el-gobierno-por-la-ley-de-discapacidad-nos-aplastan-todos-los-derechos","status":"publish","type":"post","link":"https:\/\/gysfm.com.ar\/inicio\/en-qr-lola-bertht-exploto-contra-el-gobierno-por-la-ley-de-discapacidad-nos-aplastan-todos-los-derechos\/","title":{"rendered":"En \u201cQR!\u201d, Lola Bertht explot\u00f3 contra el Gobierno por la Ley de Discapacidad: \u201cNos aplastan todos los derechos\u201d"},"content":{"rendered":"<p><\/p>\n<div id=\"article-content\">\n<p>La discusi\u00f3n por el <a target=\"_blank\" href=\"https:\/\/www.perfil.com\/noticias\/cordoba\/nuevo-proyecto-de-ley-de-discapacidad-que-cambia-que-elimina-y-por-que-las-organizaciones-lo-rechazan.phtml\"><strong>nuevo proyecto de Ley de Discapacidad<\/strong><\/a> lleg\u00f3 a <strong>\u201cQR!\u201d<\/strong>, el programa que conduce <strong>Pablo Caruso<\/strong> por <strong>Canal E<\/strong>, donde la actriz <strong>Lola Bertht<\/strong>, madre de un ni\u00f1o con espectro autista, expres\u00f3 su fuerte rechazo al proyecto impulsado por el Gobierno y advirti\u00f3 sobre las consecuencias que podr\u00eda tener para miles de familias.<\/p>\n<p>\u201c<strong>Nos aplastan todos los derechos de las personas con discapacidad, nos anulan<\/strong>\u201d, afirm\u00f3 durante la entrevista, visiblemente conmovida.<\/p>\n<p style=\"text-align:center\"><picture><source media=\"(max-width: 440px)\" srcset=\"https:\/\/fotos.perfil.com\/\/2026\/04\/13\/440\/0\/congreso-de-la-nacion-2219724.jpg?webp\"\/><source media=\"(max-width: 1019px)\" srcset=\"https:\/\/fotos.perfil.com\/\/2026\/04\/13\/712\/0\/congreso-de-la-nacion-2219724.jpg?webp\"\/><img decoding=\"async\" style=\"max-width: 100%; width: 100%;\" alt=\"Congreso de la Naci\u00f3n\" src=\"https:\/\/fotos.perfil.com\/\/2026\/04\/13\/900\/0\/congreso-de-la-nacion-2219724.jpg?webp\" loading=\"lazy\"\/><\/picture><\/p>\n<p>Seg\u00fan explic\u00f3, el malestar creci\u00f3 despu\u00e9s de que las familias conocieran el proyecto firmado por funcionarios del Ejecutivo, que ingres\u00f3 al Senado y que, seg\u00fan denunci\u00f3, ya desde su t\u00edtulo genera indignaci\u00f3n. \u201c<strong>Es horroroso desde el t\u00edtulo, porque lleva la palabra fraude. <\/strong>Nos trata a nosotros, en mi caso como familiar de una persona con discapacidad, como si fu\u00e9ramos parte de un fraude\u201d, sostuvo.<\/p>\n<p class=\"destacadoNota\"><a target=\"_blank\" href=\"https:\/\/www.perfil.com\/noticias\/politica\/la-aplanadora-de-bullrich-el-blindaje-del-gobierno-para-aprobar-sus-tres-reformas-mas-controvertidas.phtml\">La aplanadora de Bullrich: el blindaje del Gobierno para aprobar sus tres reformas m\u00e1s controvertidas<\/a><\/p>\n<h2>Qu\u00e9 cuestionan las familias sobre la Ley de Discapacidad<\/h2>\n<p>Bertht remarc\u00f3 que uno de los puntos m\u00e1s graves del proyecto es la <strong>posible eliminaci\u00f3n del nomenclador<\/strong>, una herramienta clave para garantizar las prestaciones.<\/p>\n<p>\u201cEl nomenclador es la columna vertebral de todas las prestaciones, donde el Estado tiene que regular. Si lo eliminan, yo como madre tengo que negociar con la obra social o la prepaga como si fuera un negocio\u201d, explic\u00f3. Y agreg\u00f3: \u201c<strong>Van a dejar libres a las obras sociales y a las prepagas para pagar lo que quieran<\/strong>, si quieren y cuando quieran\u201d.<\/p>\n<p>Para la actriz, esto significar\u00eda un retroceso enorme en derechos conquistados durante a\u00f1os. \u201c<strong>Le romp\u00e9s absolutamente todos sus derechos. Le romp\u00e9s su dignidad<\/strong> de estar en esta vida\u201d, dijo al hablar de su hijo, aunque aclar\u00f3 que su reclamo representa a todas las personas con discapacidad.<\/p>\n<p class=\"destacadoNota\"><a target=\"_blank\" href=\"https:\/\/www.perfil.com\/noticias\/politica\/gobierno-senado-reformas-ley-discapacidad-salud-mental.phtml\">El Gobierno envi\u00f3 al Senado reformas a las leyes de Discapacidad y Salud Mental<\/a><\/p>\n<p>Durante la charla, Caruso le pregunt\u00f3 tambi\u00e9n por la actitud del presidente <strong>Javier Milei <\/strong>y por el contraste entre su viaje a Israel y la situaci\u00f3n que atraviesan las familias. Bertht fue contundente: \u201c<strong>Tiene una crueldad y un odio <\/strong>que ya no cabe ning\u00fan an\u00e1lisis. Est\u00e1 todo muy expl\u00edcito\u201d. Y agreg\u00f3: \u201c<strong>Quieren lograr que las personas con discapacidad se queden en su casa<\/strong>, como en la \u00e9poca prehist\u00f3rica\u201d.<\/p>\n<p>La actriz se\u00f1al\u00f3 que, pese al cansancio y al desgaste, las familias seguir\u00e1n movilizadas. \u201cUno puede estar cansado y enojado, pero nunca va a dejar de luchar, y menos por mi hijo\u201d, expres\u00f3.<\/p>\n<h2>La convocatoria frente al Ministerio de Salud<\/h2>\n<p>En el cierre de la entrevista, Bertht confirm\u00f3 una nueva movilizaci\u00f3n para reclamar contra el proyecto y exigir respuestas. \u201c<strong>Este mi\u00e9rcoles a las 11 vamos al Ministerio de Salud<\/strong>\u201d, anunci\u00f3.<\/p>\n<p>Adem\u00e1s, hizo un pedido directo al Congreso para frenar la iniciativa. \u201cLe pido por favor al Congreso de la Naci\u00f3n que ni siquiera lo acepten, <strong>que ni siquiera se sienten a discutirlo. <\/strong>Si cambian una coma, a nosotros se nos cae toda la pir\u00e1mide\u201d, advirti\u00f3.<\/p>\n<p>Para la actriz, el debate no pasa solamente por el presupuesto. \u201c<strong>No se discute plata, se discute un modelo de pa\u00eds<\/strong>. Se discute si las personas con discapacidad tienen derechos o no\u201d, cerr\u00f3.<\/p>\n<p><em>LB\/ML<\/em><\/p>\n<\/p><\/div>\n<p><script>\n                !function(f,b,e,v,n,t,s)\n                {if(f.fbq)return;n=f.fbq=function(){n.callMethod?\n                    n.callMethod.apply(n,arguments):n.queue.push(arguments)};\n                    if(!f._fbq)f._fbq=n;n.push=n;n.loaded=!0;n.version='2.0';\n                    n.queue=[];t=b.createElement(e);t.async=!0;\n                    t.src=v;s=b.getElementsByTagName(e)[0];\n                    s.parentNode.insertBefore(t,s)}(window, document,'script',\n                    'https:\/\/connect.facebook.net\/en_US\/fbevents.js');\n                window.paywallConfig.facebook_pixel=\"1000228364089342\"\n            <\/script><\/p>\n","protected":false},"excerpt":{"rendered":"<p>La discusi\u00f3n por el nuevo proyecto de Ley de Discapacidad lleg\u00f3 a \u201cQR!\u201d, el programa que conduce Pablo Caruso por Canal E, donde la actriz Lola Bertht, madre de un ni\u00f1o con espectro autista, expres\u00f3 su fuerte rechazo al proyecto impulsado por el Gobierno y advirti\u00f3 sobre las consecuencias que podr\u00eda tener para miles de [&hellip;]<\/p>\n","protected":false},"author":2,"featured_media":192061,"comment_status":"closed","ping_status":"closed","sticky":false,"template":"","format":"standard","meta":{"footnotes":""},"categories":[25],"tags":[],"class_list":["post-192060","post","type-post","status-publish","format-standard","has-post-thumbnail","hentry","category-nacionales"],"yoast_head":"<!-- This site is optimized with the Yoast SEO plugin v24.4 - https:\/\/yoast.com\/wordpress\/plugins\/seo\/ -->\n<title>En \u201cQR!\u201d, Lola Bertht explot\u00f3 contra el Gobierno por la Ley de Discapacidad: \u201cNos aplastan todos los derechos\u201d - GYS NOTICIAS |<\/title>\n<meta name=\"robots\" content=\"index, follow, max-snippet:-1, max-image-preview:large, max-video-preview:-1\" \/>\n<link rel=\"canonical\" href=\"https:\/\/gysfm.com.ar\/inicio\/en-qr-lola-bertht-exploto-contra-el-gobierno-por-la-ley-de-discapacidad-nos-aplastan-todos-los-derechos\/\" \/>\n<meta property=\"og:locale\" content=\"es_ES\" \/>\n<meta property=\"og:type\" content=\"article\" \/>\n<meta property=\"og:title\" content=\"En \u201cQR!\u201d, Lola Bertht explot\u00f3 contra el Gobierno por la Ley de Discapacidad: \u201cNos aplastan todos los derechos\u201d - GYS NOTICIAS |\" \/>\n<meta property=\"og:description\" content=\"La discusi\u00f3n por el nuevo proyecto de Ley de Discapacidad lleg\u00f3 a \u201cQR!\u201d, el programa que conduce Pablo Caruso por Canal E, donde la actriz Lola Bertht, madre de un ni\u00f1o con espectro autista, expres\u00f3 su fuerte rechazo al proyecto impulsado por el Gobierno y advirti\u00f3 sobre las consecuencias que podr\u00eda tener para miles de [&hellip;]\" \/>\n<meta property=\"og:url\" content=\"https:\/\/gysfm.com.ar\/inicio\/en-qr-lola-bertht-exploto-contra-el-gobierno-por-la-ley-de-discapacidad-nos-aplastan-todos-los-derechos\/\" \/>\n<meta property=\"og:site_name\" content=\"GYS NOTICIAS |\" \/>\n<meta property=\"article:published_time\" content=\"2026-04-21T08:26:06+00:00\" \/>\n<meta property=\"og:image\" content=\"https:\/\/fotos.perfil.com\/\/2026\/04\/13\/900\/0\/congreso-de-la-nacion-2219724.jpg?webp\" \/>\n<meta name=\"author\" content=\"Prensa G&amp;S FM\" \/>\n<meta name=\"twitter:card\" content=\"summary_large_image\" \/>\n<meta name=\"twitter:label1\" content=\"Escrito por\" \/>\n\t<meta name=\"twitter:data1\" content=\"Prensa G&amp;S FM\" \/>\n\t<meta name=\"twitter:label2\" content=\"Tiempo de lectura\" \/>\n\t<meta name=\"twitter:data2\" content=\"3 minutos\" \/>\n<script type=\"application\/ld+json\" class=\"yoast-schema-graph\">{\"@context\":\"https:\/\/schema.org\",\"@graph\":[{\"@type\":\"Article\",\"@id\":\"https:\/\/gysfm.com.ar\/inicio\/en-qr-lola-bertht-exploto-contra-el-gobierno-por-la-ley-de-discapacidad-nos-aplastan-todos-los-derechos\/#article\",\"isPartOf\":{\"@id\":\"https:\/\/gysfm.com.ar\/inicio\/en-qr-lola-bertht-exploto-contra-el-gobierno-por-la-ley-de-discapacidad-nos-aplastan-todos-los-derechos\/\"},\"author\":{\"name\":\"Prensa G&amp;S FM\",\"@id\":\"https:\/\/gysfm.com.ar\/inicio\/#\/schema\/person\/3abba7593ef2ad19e1be221d54383dc5\"},\"headline\":\"En \u201cQR!\u201d, Lola Bertht explot\u00f3 contra el Gobierno por la Ley de Discapacidad: \u201cNos aplastan todos los derechos\u201d\",\"datePublished\":\"2026-04-21T08:26:06+00:00\",\"mainEntityOfPage\":{\"@id\":\"https:\/\/gysfm.com.ar\/inicio\/en-qr-lola-bertht-exploto-contra-el-gobierno-por-la-ley-de-discapacidad-nos-aplastan-todos-los-derechos\/\"},\"wordCount\":574,\"publisher\":{\"@id\":\"https:\/\/gysfm.com.ar\/inicio\/#organization\"},\"image\":{\"@id\":\"https:\/\/gysfm.com.ar\/inicio\/en-qr-lola-bertht-exploto-contra-el-gobierno-por-la-ley-de-discapacidad-nos-aplastan-todos-los-derechos\/#primaryimage\"},\"thumbnailUrl\":\"https:\/\/gysfm.com.ar\/inicio\/wp-content\/uploads\/2026\/04\/proyecto-discapacidad-2224372.jpg\",\"articleSection\":[\"NACIONALES\"],\"inLanguage\":\"es\"},{\"@type\":\"WebPage\",\"@id\":\"https:\/\/gysfm.com.ar\/inicio\/en-qr-lola-bertht-exploto-contra-el-gobierno-por-la-ley-de-discapacidad-nos-aplastan-todos-los-derechos\/\",\"url\":\"https:\/\/gysfm.com.ar\/inicio\/en-qr-lola-bertht-exploto-contra-el-gobierno-por-la-ley-de-discapacidad-nos-aplastan-todos-los-derechos\/\",\"name\":\"En \u201cQR!\u201d, Lola Bertht explot\u00f3 contra el Gobierno por la Ley de Discapacidad: \u201cNos aplastan todos los derechos\u201d - GYS NOTICIAS |\",\"isPartOf\":{\"@id\":\"https:\/\/gysfm.com.ar\/inicio\/#website\"},\"primaryImageOfPage\":{\"@id\":\"https:\/\/gysfm.com.ar\/inicio\/en-qr-lola-bertht-exploto-contra-el-gobierno-por-la-ley-de-discapacidad-nos-aplastan-todos-los-derechos\/#primaryimage\"},\"image\":{\"@id\":\"https:\/\/gysfm.com.ar\/inicio\/en-qr-lola-bertht-exploto-contra-el-gobierno-por-la-ley-de-discapacidad-nos-aplastan-todos-los-derechos\/#primaryimage\"},\"thumbnailUrl\":\"https:\/\/gysfm.com.ar\/inicio\/wp-content\/uploads\/2026\/04\/proyecto-discapacidad-2224372.jpg\",\"datePublished\":\"2026-04-21T08:26:06+00:00\",\"breadcrumb\":{\"@id\":\"https:\/\/gysfm.com.ar\/inicio\/en-qr-lola-bertht-exploto-contra-el-gobierno-por-la-ley-de-discapacidad-nos-aplastan-todos-los-derechos\/#breadcrumb\"},\"inLanguage\":\"es\",\"potentialAction\":[{\"@type\":\"ReadAction\",\"target\":[\"https:\/\/gysfm.com.ar\/inicio\/en-qr-lola-bertht-exploto-contra-el-gobierno-por-la-ley-de-discapacidad-nos-aplastan-todos-los-derechos\/\"]}]},{\"@type\":\"ImageObject\",\"inLanguage\":\"es\",\"@id\":\"https:\/\/gysfm.com.ar\/inicio\/en-qr-lola-bertht-exploto-contra-el-gobierno-por-la-ley-de-discapacidad-nos-aplastan-todos-los-derechos\/#primaryimage\",\"url\":\"https:\/\/gysfm.com.ar\/inicio\/wp-content\/uploads\/2026\/04\/proyecto-discapacidad-2224372.jpg\",\"contentUrl\":\"https:\/\/gysfm.com.ar\/inicio\/wp-content\/uploads\/2026\/04\/proyecto-discapacidad-2224372.jpg\",\"width\":1140,\"height\":641},{\"@type\":\"BreadcrumbList\",\"@id\":\"https:\/\/gysfm.com.ar\/inicio\/en-qr-lola-bertht-exploto-contra-el-gobierno-por-la-ley-de-discapacidad-nos-aplastan-todos-los-derechos\/#breadcrumb\",\"itemListElement\":[{\"@type\":\"ListItem\",\"position\":1,\"name\":\"Portada\",\"item\":\"https:\/\/gysfm.com.ar\/inicio\/\"},{\"@type\":\"ListItem\",\"position\":2,\"name\":\"En \u201cQR!\u201d, Lola Bertht explot\u00f3 contra el Gobierno por la Ley de Discapacidad: \u201cNos aplastan todos los derechos\u201d\"}]},{\"@type\":\"WebSite\",\"@id\":\"https:\/\/gysfm.com.ar\/inicio\/#website\",\"url\":\"https:\/\/gysfm.com.ar\/inicio\/\",\"name\":\"GYS NOTICIAS |\",\"description\":\"DIARIO - RADIO ONLINE SAN JUAN ARGENTINA\",\"publisher\":{\"@id\":\"https:\/\/gysfm.com.ar\/inicio\/#organization\"},\"potentialAction\":[{\"@type\":\"SearchAction\",\"target\":{\"@type\":\"EntryPoint\",\"urlTemplate\":\"https:\/\/gysfm.com.ar\/inicio\/?s={search_term_string}\"},\"query-input\":{\"@type\":\"PropertyValueSpecification\",\"valueRequired\":true,\"valueName\":\"search_term_string\"}}],\"inLanguage\":\"es\"},{\"@type\":\"Organization\",\"@id\":\"https:\/\/gysfm.com.ar\/inicio\/#organization\",\"name\":\"GYS NOTICIAS |\",\"url\":\"https:\/\/gysfm.com.ar\/inicio\/\",\"logo\":{\"@type\":\"ImageObject\",\"inLanguage\":\"es\",\"@id\":\"https:\/\/gysfm.com.ar\/inicio\/#\/schema\/logo\/image\/\",\"url\":\"https:\/\/gysfm.com.ar\/inicio\/wp-content\/uploads\/2023\/07\/LOGOGYS-OK.png\",\"contentUrl\":\"https:\/\/gysfm.com.ar\/inicio\/wp-content\/uploads\/2023\/07\/LOGOGYS-OK.png\",\"width\":1170,\"height\":872,\"caption\":\"GYS NOTICIAS |\"},\"image\":{\"@id\":\"https:\/\/gysfm.com.ar\/inicio\/#\/schema\/logo\/image\/\"}},{\"@type\":\"Person\",\"@id\":\"https:\/\/gysfm.com.ar\/inicio\/#\/schema\/person\/3abba7593ef2ad19e1be221d54383dc5\",\"name\":\"Prensa G&amp;S FM\",\"image\":{\"@type\":\"ImageObject\",\"inLanguage\":\"es\",\"@id\":\"https:\/\/gysfm.com.ar\/inicio\/#\/schema\/person\/image\/\",\"url\":\"https:\/\/secure.gravatar.com\/avatar\/096ec78df02049ab018702bb4ccedf659377fa92a26540b5247612077a0dbd29?s=96&d=mm&r=g\",\"contentUrl\":\"https:\/\/secure.gravatar.com\/avatar\/096ec78df02049ab018702bb4ccedf659377fa92a26540b5247612077a0dbd29?s=96&d=mm&r=g\",\"caption\":\"Prensa G&amp;S FM\"},\"sameAs\":[\"https:\/\/gysfm.com.ar\/\"],\"url\":\"https:\/\/gysfm.com.ar\/inicio\/author\/lucasm\/\"}]}<\/script>\n<!-- \/ Yoast SEO plugin. -->","yoast_head_json":{"title":"En \u201cQR!\u201d, Lola Bertht explot\u00f3 contra el Gobierno por la Ley de Discapacidad: \u201cNos aplastan todos los derechos\u201d - GYS NOTICIAS |","robots":{"index":"index","follow":"follow","max-snippet":"max-snippet:-1","max-image-preview":"max-image-preview:large","max-video-preview":"max-video-preview:-1"},"canonical":"https:\/\/gysfm.com.ar\/inicio\/en-qr-lola-bertht-exploto-contra-el-gobierno-por-la-ley-de-discapacidad-nos-aplastan-todos-los-derechos\/","og_locale":"es_ES","og_type":"article","og_title":"En \u201cQR!\u201d, Lola Bertht explot\u00f3 contra el Gobierno por la Ley de Discapacidad: \u201cNos aplastan todos los derechos\u201d - GYS NOTICIAS |","og_description":"La discusi\u00f3n por el nuevo proyecto de Ley de Discapacidad lleg\u00f3 a \u201cQR!\u201d, el programa que conduce Pablo Caruso por Canal E, donde la actriz Lola Bertht, madre de un ni\u00f1o con espectro autista, expres\u00f3 su fuerte rechazo al proyecto impulsado por el Gobierno y advirti\u00f3 sobre las consecuencias que podr\u00eda tener para miles de [&hellip;]","og_url":"https:\/\/gysfm.com.ar\/inicio\/en-qr-lola-bertht-exploto-contra-el-gobierno-por-la-ley-de-discapacidad-nos-aplastan-todos-los-derechos\/","og_site_name":"GYS NOTICIAS |","article_published_time":"2026-04-21T08:26:06+00:00","og_image":[{"url":"https:\/\/fotos.perfil.com\/\/2026\/04\/13\/900\/0\/congreso-de-la-nacion-2219724.jpg?webp","type":"","width":"","height":""}],"author":"Prensa G&amp;S FM","twitter_card":"summary_large_image","twitter_misc":{"Escrito por":"Prensa G&amp;S FM","Tiempo de lectura":"3 minutos"},"schema":{"@context":"https:\/\/schema.org","@graph":[{"@type":"Article","@id":"https:\/\/gysfm.com.ar\/inicio\/en-qr-lola-bertht-exploto-contra-el-gobierno-por-la-ley-de-discapacidad-nos-aplastan-todos-los-derechos\/#article","isPartOf":{"@id":"https:\/\/gysfm.com.ar\/inicio\/en-qr-lola-bertht-exploto-contra-el-gobierno-por-la-ley-de-discapacidad-nos-aplastan-todos-los-derechos\/"},"author":{"name":"Prensa G&amp;S FM","@id":"https:\/\/gysfm.com.ar\/inicio\/#\/schema\/person\/3abba7593ef2ad19e1be221d54383dc5"},"headline":"En \u201cQR!\u201d, Lola Bertht explot\u00f3 contra el Gobierno por la Ley de Discapacidad: \u201cNos aplastan todos los derechos\u201d","datePublished":"2026-04-21T08:26:06+00:00","mainEntityOfPage":{"@id":"https:\/\/gysfm.com.ar\/inicio\/en-qr-lola-bertht-exploto-contra-el-gobierno-por-la-ley-de-discapacidad-nos-aplastan-todos-los-derechos\/"},"wordCount":574,"publisher":{"@id":"https:\/\/gysfm.com.ar\/inicio\/#organization"},"image":{"@id":"https:\/\/gysfm.com.ar\/inicio\/en-qr-lola-bertht-exploto-contra-el-gobierno-por-la-ley-de-discapacidad-nos-aplastan-todos-los-derechos\/#primaryimage"},"thumbnailUrl":"https:\/\/gysfm.com.ar\/inicio\/wp-content\/uploads\/2026\/04\/proyecto-discapacidad-2224372.jpg","articleSection":["NACIONALES"],"inLanguage":"es"},{"@type":"WebPage","@id":"https:\/\/gysfm.com.ar\/inicio\/en-qr-lola-bertht-exploto-contra-el-gobierno-por-la-ley-de-discapacidad-nos-aplastan-todos-los-derechos\/","url":"https:\/\/gysfm.com.ar\/inicio\/en-qr-lola-bertht-exploto-contra-el-gobierno-por-la-ley-de-discapacidad-nos-aplastan-todos-los-derechos\/","name":"En \u201cQR!\u201d, Lola Bertht explot\u00f3 contra el Gobierno por la Ley de Discapacidad: \u201cNos aplastan todos los derechos\u201d - GYS NOTICIAS |","isPartOf":{"@id":"https:\/\/gysfm.com.ar\/inicio\/#website"},"primaryImageOfPage":{"@id":"https:\/\/gysfm.com.ar\/inicio\/en-qr-lola-bertht-exploto-contra-el-gobierno-por-la-ley-de-discapacidad-nos-aplastan-todos-los-derechos\/#primaryimage"},"image":{"@id":"https:\/\/gysfm.com.ar\/inicio\/en-qr-lola-bertht-exploto-contra-el-gobierno-por-la-ley-de-discapacidad-nos-aplastan-todos-los-derechos\/#primaryimage"},"thumbnailUrl":"https:\/\/gysfm.com.ar\/inicio\/wp-content\/uploads\/2026\/04\/proyecto-discapacidad-2224372.jpg","datePublished":"2026-04-21T08:26:06+00:00","breadcrumb":{"@id":"https:\/\/gysfm.com.ar\/inicio\/en-qr-lola-bertht-exploto-contra-el-gobierno-por-la-ley-de-discapacidad-nos-aplastan-todos-los-derechos\/#breadcrumb"},"inLanguage":"es","potentialAction":[{"@type":"ReadAction","target":["https:\/\/gysfm.com.ar\/inicio\/en-qr-lola-bertht-exploto-contra-el-gobierno-por-la-ley-de-discapacidad-nos-aplastan-todos-los-derechos\/"]}]},{"@type":"ImageObject","inLanguage":"es","@id":"https:\/\/gysfm.com.ar\/inicio\/en-qr-lola-bertht-exploto-contra-el-gobierno-por-la-ley-de-discapacidad-nos-aplastan-todos-los-derechos\/#primaryimage","url":"https:\/\/gysfm.com.ar\/inicio\/wp-content\/uploads\/2026\/04\/proyecto-discapacidad-2224372.jpg","contentUrl":"https:\/\/gysfm.com.ar\/inicio\/wp-content\/uploads\/2026\/04\/proyecto-discapacidad-2224372.jpg","width":1140,"height":641},{"@type":"BreadcrumbList","@id":"https:\/\/gysfm.com.ar\/inicio\/en-qr-lola-bertht-exploto-contra-el-gobierno-por-la-ley-de-discapacidad-nos-aplastan-todos-los-derechos\/#breadcrumb","itemListElement":[{"@type":"ListItem","position":1,"name":"Portada","item":"https:\/\/gysfm.com.ar\/inicio\/"},{"@type":"ListItem","position":2,"name":"En \u201cQR!\u201d, Lola Bertht explot\u00f3 contra el Gobierno por la Ley de Discapacidad: \u201cNos aplastan todos los derechos\u201d"}]},{"@type":"WebSite","@id":"https:\/\/gysfm.com.ar\/inicio\/#website","url":"https:\/\/gysfm.com.ar\/inicio\/","name":"GYS NOTICIAS |","description":"DIARIO - RADIO ONLINE SAN JUAN ARGENTINA","publisher":{"@id":"https:\/\/gysfm.com.ar\/inicio\/#organization"},"potentialAction":[{"@type":"SearchAction","target":{"@type":"EntryPoint","urlTemplate":"https:\/\/gysfm.com.ar\/inicio\/?s={search_term_string}"},"query-input":{"@type":"PropertyValueSpecification","valueRequired":true,"valueName":"search_term_string"}}],"inLanguage":"es"},{"@type":"Organization","@id":"https:\/\/gysfm.com.ar\/inicio\/#organization","name":"GYS NOTICIAS |","url":"https:\/\/gysfm.com.ar\/inicio\/","logo":{"@type":"ImageObject","inLanguage":"es","@id":"https:\/\/gysfm.com.ar\/inicio\/#\/schema\/logo\/image\/","url":"https:\/\/gysfm.com.ar\/inicio\/wp-content\/uploads\/2023\/07\/LOGOGYS-OK.png","contentUrl":"https:\/\/gysfm.com.ar\/inicio\/wp-content\/uploads\/2023\/07\/LOGOGYS-OK.png","width":1170,"height":872,"caption":"GYS NOTICIAS |"},"image":{"@id":"https:\/\/gysfm.com.ar\/inicio\/#\/schema\/logo\/image\/"}},{"@type":"Person","@id":"https:\/\/gysfm.com.ar\/inicio\/#\/schema\/person\/3abba7593ef2ad19e1be221d54383dc5","name":"Prensa G&amp;S FM","image":{"@type":"ImageObject","inLanguage":"es","@id":"https:\/\/gysfm.com.ar\/inicio\/#\/schema\/person\/image\/","url":"https:\/\/secure.gravatar.com\/avatar\/096ec78df02049ab018702bb4ccedf659377fa92a26540b5247612077a0dbd29?s=96&d=mm&r=g","contentUrl":"https:\/\/secure.gravatar.com\/avatar\/096ec78df02049ab018702bb4ccedf659377fa92a26540b5247612077a0dbd29?s=96&d=mm&r=g","caption":"Prensa G&amp;S FM"},"sameAs":["https:\/\/gysfm.com.ar\/"],"url":"https:\/\/gysfm.com.ar\/inicio\/author\/lucasm\/"}]}},"_links":{"self":[{"href":"https:\/\/gysfm.com.ar\/inicio\/wp-json\/wp\/v2\/posts\/192060","targetHints":{"allow":["GET"]}}],"collection":[{"href":"https:\/\/gysfm.com.ar\/inicio\/wp-json\/wp\/v2\/posts"}],"about":[{"href":"https:\/\/gysfm.com.ar\/inicio\/wp-json\/wp\/v2\/types\/post"}],"author":[{"embeddable":true,"href":"https:\/\/gysfm.com.ar\/inicio\/wp-json\/wp\/v2\/users\/2"}],"replies":[{"embeddable":true,"href":"https:\/\/gysfm.com.ar\/inicio\/wp-json\/wp\/v2\/comments?post=192060"}],"version-history":[{"count":0,"href":"https:\/\/gysfm.com.ar\/inicio\/wp-json\/wp\/v2\/posts\/192060\/revisions"}],"wp:featuredmedia":[{"embeddable":true,"href":"https:\/\/gysfm.com.ar\/inicio\/wp-json\/wp\/v2\/media\/192061"}],"wp:attachment":[{"href":"https:\/\/gysfm.com.ar\/inicio\/wp-json\/wp\/v2\/media?parent=192060"}],"wp:term":[{"taxonomy":"category","embeddable":true,"href":"https:\/\/gysfm.com.ar\/inicio\/wp-json\/wp\/v2\/categories?post=192060"},{"taxonomy":"post_tag","embeddable":true,"href":"https:\/\/gysfm.com.ar\/inicio\/wp-json\/wp\/v2\/tags?post=192060"}],"curies":[{"name":"wp","href":"https:\/\/api.w.org\/{rel}","templated":true}]}}