{"id":192057,"date":"2026-04-21T05:13:07","date_gmt":"2026-04-21T08:13:07","guid":{"rendered":"https:\/\/gysfm.com.ar\/inicio\/tragedia-en-luisiana-que-se-sabe-de-la-matanza-de-ocho-ninos\/"},"modified":"2026-04-21T05:13:08","modified_gmt":"2026-04-21T08:13:08","slug":"tragedia-en-luisiana-que-se-sabe-de-la-matanza-de-ocho-ninos","status":"publish","type":"post","link":"https:\/\/gysfm.com.ar\/inicio\/tragedia-en-luisiana-que-se-sabe-de-la-matanza-de-ocho-ninos\/","title":{"rendered":"Tragedia en Luisiana: qu\u00e9 se sabe de la matanza de ocho ni\u00f1os"},"content":{"rendered":"<p> <br \/>\n<\/p>\n<div>\n<p class=\"com-paragraph  --capital --s\">LUISIANA, Estados Unidos.\u2013 Un hombre <strong>mat\u00f3 a tiros a ocho chicos, <\/strong>siete de ellos sus propios hijos, y luego <strong>fue abatido por la polic\u00eda en el estado sure\u00f1o de <\/strong><a href=\"https:\/\/www.lanacion.com.ar\/estados-unidos\/un-hombre-mata-a-siete-hijos-y-otro-menor-y-hiere-a-dos-personas-en-una-disputa-domestica-en-nid19042026\/\" target=\"_self\" title=\"https:\/\/www.lanacion.com.ar\/estados-unidos\/un-hombre-mata-a-siete-hijos-y-otro-menor-y-hiere-a-dos-personas-en-una-disputa-domestica-en-nid19042026\/\" class=\"com-link break-word\" data-mrf-recirculation=\"n_link_parrafo\"><strong>Luisiana, Estados Unidos<\/strong><\/a>, el fin de semana, en un episodio de violencia dom\u00e9stica que afect\u00f3 a tres viviendas, informaron las autoridades.<\/p>\n<p class=\"com-paragraph   --s\">El suceso, que tuvo lugar poco despu\u00e9s de las <strong>6 hora local del domingo <\/strong>(8 en la Argentina) en la ciudad de <strong>Shreveport<\/strong>, <strong>fue el <\/strong><a href=\"https:\/\/www.lanacion.com.ar\/el-mundo\/estados-unidos-un-tiroteo-en-una-pista-de-hockey-de-rhode-island-dejo-al-menos-dos-muertos-y-tres-nid16022026\/\" target=\"_self\" title=\"https:\/\/www.lanacion.com.ar\/el-mundo\/estados-unidos-un-tiroteo-en-una-pista-de-hockey-de-rhode-island-dejo-al-menos-dos-muertos-y-tres-nid16022026\/\" class=\"com-link break-word\" data-mrf-recirculation=\"n_link_parrafo\"><strong>tiroteo masivo<\/strong><\/a><strong> m\u00e1s mort\u00edfero en el pa\u00eds en m\u00e1s de dos a\u00f1os<\/strong>, seg\u00fan datos de la ONG Gun Violence Archive.<\/p>\n<div class=\"content-media\">\n<section role=\"button\" class=\"mod-media   \">\n<figure role=\"button\" tabindex=\"0\" class=\"mod-figure \"><figcaption class=\"mod-figcaption\"><span class=\"com-text --caption --twoxs\">Una persona se acerca a un memorial improvisado frente a la casa donde varios chicos fueron asesinados en Luisiana, Estados Unidos, el 20 de abril de 2026<\/span><span class=\"com-text --credit --twoxs\">Gerald Herbert &#8211; AP<\/span><\/figcaption><\/figure>\n<\/section>\n<\/div>\n<p class=\"com-paragraph   --s\"><strong>Tres chicos y cinco chicas de entre tres y 11 a\u00f1os fueron abatidos<\/strong>, inform\u00f3 la oficina del forense de <strong>Caddo Parish<\/strong>. Siete de los menores eran hermanos, y uno era un primo. <strong>Un noveno chico que result\u00f3 herido logr\u00f3 escapar y su vida no corre peligro<\/strong>, seg\u00fan las autoridades.<\/p>\n<p class=\"com-paragraph   --s\"><strong>Dos mujeres tambi\u00e9n resultaron heridas de gravedad <\/strong>por los disparos, <strong>incluida la madre <\/strong>de algunos de los chicos asesinados.<\/p>\n<p class=\"com-paragraph   --s\">La polic\u00eda identific\u00f3 al tirador como <strong>Shamar Elkins, de 31 a\u00f1os<\/strong>, quien huy\u00f3 del sitio de los tiroteos en un veh\u00edculo robado y fue perseguido por la polic\u00eda, que luego lo mat\u00f3 a tiros. Seg\u00fan dijeron familiares en entrevistas a medios norteamericanos, <strong>Elkins ten\u00eda problemas de salud mental y hab\u00eda expresado recientemente ideas suicidas<\/strong>.<\/p>\n<p class=\"com-paragraph   --s\"><strong>Crystal Brown<\/strong>, prima de una de las mujeres heridas, dijo adem\u00e1s que <strong>Elkins y su esposa, Shaneiqua Pugh, estaban en medio de una separaci\u00f3n <\/strong>y deb\u00edan comparecer ante el tribunal el lunes. Seg\u00fan Brown, <strong>la pareja hab\u00eda estado discutiendo sobre la separaci\u00f3n antes del tiroteo<\/strong>.<\/p>\n<p class=\"com-paragraph   --s\"><strong>\u201c\u00c9l asesin\u00f3 a sus hijos\u201d<\/strong>, coment\u00f3 Brown. <strong>\u201cLe dispar\u00f3 a su esposa\u201d<\/strong>, agreg\u00f3.<\/p>\n<p class=\"com-paragraph   --s\"><strong>Elkins tuvo cuatro hijos con su esposa y tres hijos con otra mujer que viv\u00eda cerca y que tambi\u00e9n fue baleada<\/strong>, seg\u00fan Brown. Todos los chicos estaban juntos en una vivienda, indic\u00f3.<\/p>\n<p class=\"com-paragraph   --s\">Se cree que Elkins <strong>primero le dispar\u00f3 a su esposa <\/strong>y luego fue a una segunda residencia, <strong>donde asesin\u00f3 a los chicos<\/strong>.<\/p>\n<div class=\"content-media\">\n<section role=\"button\" class=\"mod-media   \">\n<figure role=\"button\" tabindex=\"0\" class=\"mod-figure \"><figcaption class=\"mod-figcaption\"><span class=\"com-text --caption --twoxs\">Se ve a una mujer frente a la casa donde ocurri\u00f3 un tiroteo masivo en Shreveport, Luisiana, Estados Unidos, el 19 de abril de 2026<\/span><span class=\"com-text --credit --twoxs\">GIANRIGO MARLETTA &#8211; AFP<\/span><\/figcaption><\/figure>\n<\/section>\n<\/div>\n<p class=\"com-paragraph   --s\">Tras los tiroteos, las autoridades indicaron que <strong>Elkins rob\u00f3 un veh\u00edculo por la fuerza y fue perseguido por la polic\u00eda<\/strong>.<\/p>\n<p class=\"com-paragraph   --s\">\u201cAl final de esa persecuci\u00f3n, el sospechoso sali\u00f3 del veh\u00edculo con un arma de fuego y, en \u00faltima instancia, <strong>nuestros agentes se vieron obligados a neutralizar al sospechoso<\/strong>\u201c, declar\u00f3 a los periodistas <strong>Chris Bordelon<\/strong>, el portavoz de la polic\u00eda local.<\/p>\n<div class=\"content-media\">\n<section role=\"button\" class=\"mod-media   \">\n<figure role=\"button\" tabindex=\"0\" class=\"mod-figure \"><figcaption class=\"mod-figcaption\"><span class=\"com-text --caption --twoxs\">Una puerta que parece estar manchada de sangre permanece cerrada en la escena de un tiroteo masivo, el 19 de abril de 2026, en Luisiana, Estados Unidos<\/span><span class=\"com-text --credit --twoxs\">Gerald Herbert &#8211; AP<\/span><\/figcaption><\/figure>\n<\/section>\n<\/div>\n<p class=\"com-paragraph   --s\">El alcalde de Shreveport, <strong>Tom Arceneaux<\/strong>, describi\u00f3 los hechos en una conferencia de prensa como <strong>\u201cquiz\u00e1s la situaci\u00f3n m\u00e1s tr\u00e1gicamente grave que hemos tenido\u201d<\/strong>.<\/p>\n<p class=\"com-paragraph   --s\">El domingo por la tarde, amigos y familiares de Elkins dijeron estar intentando asimilar el devastador impacto de los asesinatos. <strong>La polic\u00eda no ha ofrecido un posible motivo y la investigaci\u00f3n contin\u00faa<\/strong>.<\/p>\n<p class=\"com-paragraph   --s\">En entrevistas con <em>The New York Times<\/em>, familiares describieron a Elkins como una persona que recientemente <strong>atravesaba problemas de salud mental y que estaba estresado por la crisis conyugal <\/strong>que atravesaba con su esposa.<\/p>\n<p class=\"com-paragraph   --s\">A principios de mes, el Domingo de Pascua, el tirador llam\u00f3 a su madre, <strong>Mahelia Elkins<\/strong>, y a su padrastro, <strong>Marcus Jackson<\/strong>. Elkins y Jackson dijeron en entrevistas que <strong>su hijo sonaba desanimado<\/strong>. Afirmaron que pod\u00edan escuchar a sus hijos jugando de fondo durante la llamada.<\/p>\n<div class=\"content-media\">\n<section role=\"button\" class=\"mod-media   \">\n<figure role=\"button\" tabindex=\"0\" class=\"mod-figure \"><figcaption class=\"mod-figcaption\"><span class=\"com-text --caption --twoxs\">Varias personas se consuelan mutuamente frente a la escena de un tiroteo masivo, el 19 de abril de 2026, en Luisiana, Estados Unidos<\/span><span class=\"com-text --credit --twoxs\">Gerald Herbert &#8211; AP<\/span><\/figcaption><\/figure>\n<\/section>\n<\/div>\n<p class=\"com-paragraph   --s\"><strong>Elkins les dijo entre l\u00e1grimas que quer\u00eda quitarse la vida<\/strong>. Le cont\u00f3 a Marcus Jackson que su esposa quer\u00eda divorciarse y que \u00e9l <strong>se estaba ahogando en \u201cpensamientos oscuros\u201d<\/strong>.<\/p>\n<p class=\"com-paragraph   --s\"><strong>\u201cLe dije: \u2018Pod\u00e9s superalo. No importa por lo que est\u00e9s pasando, pod\u00e9s superarlo\u2019\u201d<\/strong>, cont\u00f3 Jackson. \u201cLuego recuerdo que me dijo: \u2018Algunas personas no vuelven de sus demonios\u2019\u201d, agreg\u00f3.<\/p>\n<p class=\"com-paragraph   --s\">La madre de Elkins dijo que <strong>no sab\u00eda exactamente qu\u00e9 problemas ten\u00eda su hijo con su esposa<\/strong>. Los registros muestran que se casaron en 2024. Agreg\u00f3 que <strong>su hijo trabajaba en UPS y hab\u00eda servido en el Ej\u00e9rcito<\/strong>.<\/p>\n<div class=\"content-media\">\n<section role=\"button\" class=\"mod-media   \">\n<figure role=\"button\" tabindex=\"0\" class=\"mod-figure \"><figcaption class=\"mod-figcaption\"><span class=\"com-text --caption --twoxs\">Syrnerica Pugh recibe consuelo mientras guarda luto por la muerte de sus sobrinas y sobrinos, el 19 de abril de 2026 en Luisiana, Estados Unidos<\/span><span class=\"com-text --credit --twoxs\">BRANDON BELL &#8211; GETTY IMAGES NORTH AMERICA<\/span><\/figcaption><\/figure>\n<\/section>\n<\/div>\n<p class=\"com-paragraph   --s\">El Ej\u00e9rcito norteamericano indic\u00f3 en un comunicado el domingo que <strong>Elkins sirvi\u00f3 en la Guardia Nacional del Ej\u00e9rcito de Luisiana <\/strong>entre agosto de 2013 y agosto de 2020 como especialista en sistemas de apoyo de se\u00f1ales y especialista en apoyo de fuego. <strong>No tuvo despliegues y dej\u00f3 la fuerza con el rango de soldado raso<\/strong>.<\/p>\n<p class=\"com-paragraph   --s\"><strong>Mahelia Elkins dijo que no era muy unida con su hijo<\/strong>. Lo tuvo cuando era adolescente y atravesaba una adicci\u00f3n al crack, por <strong>lo que lo dej\u00f3 al cuidado de una amiga de la familia, Betty Walker<\/strong>. M\u00e1s de una d\u00e9cada despu\u00e9s retom\u00f3 el v\u00ednculo con \u00e9l.<\/p>\n<div class=\"content-media\">\n<section role=\"button\" class=\"mod-media   \">\n<figure role=\"button\" tabindex=\"0\" class=\"mod-figure \"><figcaption class=\"mod-figcaption\"><span class=\"com-text --caption --twoxs\">La polic\u00eda trabaja en el exterior de la escena de un tiroteo masivo, el 19 de abril de 2026, en Luisiana, Estados Unidos<\/span><span class=\"com-text --credit --twoxs\">Gerald Herbert &#8211; AP<\/span><\/figcaption><\/figure>\n<\/section>\n<\/div>\n<p class=\"com-paragraph   --s\">Walker, quien habl\u00f3 con las autoridades el domingo pero no presenci\u00f3 los tiroteos, dijo en una entrevista que <strong>Elkins le dispar\u00f3 a su esposa varias veces, incluidos tiros en la cabeza y el abdomen<\/strong>. Agreg\u00f3 que vio por \u00faltima vez a Elkins el fin de semana anterior, cuando su familia fue a cenar a su casa, y que <strong>no not\u00f3 nada fuera de lo normal<\/strong>.<\/p>\n<p class=\"com-paragraph   --s\"><strong>\u201cMe estaba levantando esta ma\u00f1ana para hacerme un caf\u00e9 y recib\u00ed la llamada\u201d<\/strong>, dijo. \u201cMis beb\u00e9s\u2026 mis beb\u00e9s se han ido\u201d, lament\u00f3 Walker.<\/p>\n<div class=\"content-media\">\n<section role=\"button\" class=\"mod-media   \">\n<figure role=\"button\" tabindex=\"0\" class=\"mod-figure \"><figcaption class=\"mod-figcaption\"><span class=\"com-text --caption --twoxs\">Varias personas dejan flores en la puerta, en el exterior de la escena de un tiroteo masivo, el 19 de abril de 2026, en Luisiana, Estados Unidos<\/span><span class=\"com-text --credit --twoxs\">Gerald Herbert &#8211; AP<\/span><\/figcaption><\/figure>\n<\/section>\n<\/div>\n<p class=\"com-paragraph   --s\">Los registros muestran que Elkins ten\u00eda <strong>al menos dos condenas previas<\/strong>, incluyendo <strong>por conducir en estado de ebriedad en 2016 y por uso ilegal de armas en 2019<\/strong>.<\/p>\n<p class=\"com-paragraph   --s\">En una descripci\u00f3n policial del incidente de marzo de 2019, un oficial escribi\u00f3 que <strong>Elkins sac\u00f3 una pistola de 9 mil\u00edmetros de su cintura y dispar\u00f3 cinco veces contra un veh\u00edculo<\/strong> despu\u00e9s de que el conductor del auto le apuntara con una pistola plateada. Una de las balas disparadas por Elkins <strong>fue encontrada cerca de una escuela<\/strong>.<\/p>\n<p class=\"com-paragraph   --s\"><strong>Willie Vasher<\/strong>, quien trabaj\u00f3 con Elkins en UPS, dijo en una entrevista que <strong>sus hijos eran amigos de los hijos de la familia Elkins<\/strong> cuando viv\u00edan en Shreveport en 2024. Dijo que <strong>Elkins parec\u00eda un padre dedicado com\u00fan y corriente<\/strong>.<\/p>\n<div class=\"content-media\">\n<section role=\"button\" class=\"mod-media   \">\n<figure role=\"button\" tabindex=\"0\" class=\"mod-figure \"><figcaption class=\"mod-figcaption\"><span class=\"com-text --caption --twoxs\">Varias personas asisten a una vigilia a la luz de las velas, el 19 de abril de 2026, en Luisiana, Estados Unidos<\/span><span class=\"com-text --credit --twoxs\">BRANDON BELL &#8211; GETTY IMAGES NORTH AMERICA<\/span><\/figcaption><\/figure>\n<\/section>\n<\/div>\n<p class=\"com-paragraph   --s\">En las \u00faltimas semanas, <strong>la madre y el padrastro de Elkins hab\u00edan sentido inquietud por su hijo<\/strong>. Este mes, el tirador comparti\u00f3 en Facebook una oraci\u00f3n que empezaba: <strong>\u201cDios querido, hoy te pido que me ayudes a cuidar mi mente y mis emociones\u201d<\/strong>.<\/p>\n<p class=\"com-paragraph   --s\">Les envi\u00f3 una foto de su familia. <strong>Su madre le escribi\u00f3 el martes pasado para preguntarle c\u00f3mo estaban<\/strong>, y \u00e9l respondi\u00f3: \u201ctodos est\u00e1n bien\u201d.<\/p>\n<p class=\"com-paragraph   --s\">El jueves, la madre de Elkins envi\u00f3 un mensaje de texto: <strong>\u201c<\/strong>Los quiero. <strong>Denle un beso a mi nieto y a mis nietas de parte de la abuela<\/strong>. Muchas gracias\u201d. <strong>\u00c9l nunca respondi\u00f3<\/strong>.<\/p>\n<p class=\"com-paragraph   --s\">La oficina del forense dijo que las madres identificaron a los chicos que murieron como: <strong>Jayla Elkins <\/strong>(3 a\u00f1os), <strong>Shayla Elkins <\/strong>(5 a\u00f1os), <strong>Kayla Pugh <\/strong>(6 a\u00f1os), <strong>Layla Pugh <\/strong>(7 a\u00f1os), <strong>Markaydon Pugh <\/strong>(10 a\u00f1os), <strong>Sariahh Snow <\/strong>(11 a\u00f1os), <strong>Khedarrion Snow <\/strong>(6 a\u00f1os) y <strong>Braylon Snow <\/strong>(5 a\u00f1os).<\/p>\n<p class=\"com-paragraph   --s\">La polic\u00eda dijo que una de las mujeres heridas, que recibi\u00f3 un disparo en la parte inferior de la cara, <strong>dio la voz de alarma a un vecino, quien realiz\u00f3 la llamada de emergencia al 911<\/strong>.<\/p>\n<p class=\"com-paragraph   --s\">El gobernador del estado, <strong>Jeff Landry<\/strong>, declar\u00f3 sentirse <strong>\u201ccon el coraz\u00f3n destrozado\u201d<\/strong>.<\/p>\n<div class=\"content-media\">\n<section role=\"button\" class=\"mod-media   \">\n<figure role=\"button\" tabindex=\"0\" class=\"mod-figure \"><figcaption class=\"mod-figcaption\"><span class=\"com-text --caption --twoxs\">La familia Johnson asiste a una vigilia a la luz de las velas, el 19 de abril de 2026 en Luisiana, Estados Unidos<\/span><span class=\"com-text --credit --twoxs\">BRANDON BELL &#8211; GETTY IMAGES NORTH AMERICA<\/span><\/figcaption><\/figure>\n<\/section>\n<\/div>\n<p class=\"com-paragraph   --s\"><strong>Mike Johnson<\/strong>, presidente de la C\u00e1mara de Representantes de Estados Unidos, nacido en Shreveport y representante por el estado, <strong>la calific\u00f3 en X como una \u201ctragedia sin sentido\u201d<\/strong>.<\/p>\n<p class=\"com-paragraph   --s\">Con m\u00e1s armas de fuego en circulaci\u00f3n que habitantes, Estados Unidos registra <strong>la tasa de mortalidad por arma de fuego m\u00e1s elevada de todos los pa\u00edses desarrollados<\/strong>.<\/p>\n<p class=\"com-paragraph   --s\">En 2025, <strong>casi 15.000 personas<\/strong>, sin contar los suicidios, <strong>fueron asesinadas con armas de fuego<\/strong>, seg\u00fan Gun Violence Archive.<\/p>\n<p class=\"com-paragraph   --s\"><strong>Agencias AP y AFP y diario <\/strong><em><strong>The New York Times<\/strong><\/em><\/p>\n<section class=\"container-center-100 mb-40 border border-bottom border-thin border-neutral-light-700\">\n<hr\/>\n<\/section>\n<\/div>\n<p><script id=\"facebookpixel\" defer=\"\" type=\"text\/javascript\">\n        !function(f,b,e,v,n,t,s)\n        {if(f.fbq)return;n=f.fbq=function(){n.callMethod?\n        n.callMethod.apply(n,arguments):n.queue.push(arguments)};\n        if(!f._fbq)f._fbq=n;n.push=n;n.loaded=!0;n.version='2.0';\n        n.queue=[];t=b.createElement(e);t.async=!0;\n        t.src=v;s=b.getElementsByTagName(e)[0];\n        s.parentNode.insertBefore(t,s)}(window, document,'script',\n        'https:\/\/connect.facebook.net\/en_US\/fbevents.js');\n        fbq('init', '492459597522335');\n        fbq('track', 'PageView');\n    <\/script><br \/>\n<br \/><\/p>\n","protected":false},"excerpt":{"rendered":"<p>LUISIANA, Estados Unidos.\u2013 Un hombre mat\u00f3 a tiros a ocho chicos, siete de ellos sus propios hijos, y luego fue abatido por la polic\u00eda en el estado sure\u00f1o de Luisiana, Estados Unidos, el fin de semana, en un episodio de violencia dom\u00e9stica que afect\u00f3 a tres viviendas, informaron las autoridades. El suceso, que tuvo lugar [&hellip;]<\/p>\n","protected":false},"author":2,"featured_media":192058,"comment_status":"closed","ping_status":"closed","sticky":false,"template":"","format":"standard","meta":{"footnotes":""},"categories":[26],"tags":[],"class_list":["post-192057","post","type-post","status-publish","format-standard","has-post-thumbnail","hentry","category-internacionales"],"yoast_head":"<!-- This site is optimized with the Yoast SEO plugin v24.4 - https:\/\/yoast.com\/wordpress\/plugins\/seo\/ -->\n<title>Tragedia en Luisiana: qu\u00e9 se sabe de la matanza de ocho ni\u00f1os - GYS NOTICIAS |<\/title>\n<meta name=\"robots\" content=\"index, follow, max-snippet:-1, max-image-preview:large, max-video-preview:-1\" \/>\n<link rel=\"canonical\" href=\"https:\/\/gysfm.com.ar\/inicio\/tragedia-en-luisiana-que-se-sabe-de-la-matanza-de-ocho-ninos\/\" \/>\n<meta property=\"og:locale\" content=\"es_ES\" \/>\n<meta property=\"og:type\" content=\"article\" \/>\n<meta property=\"og:title\" content=\"Tragedia en Luisiana: qu\u00e9 se sabe de la matanza de ocho ni\u00f1os - GYS NOTICIAS |\" \/>\n<meta property=\"og:description\" content=\"LUISIANA, Estados Unidos.\u2013 Un hombre mat\u00f3 a tiros a ocho chicos, siete de ellos sus propios hijos, y luego fue abatido por la polic\u00eda en el estado sure\u00f1o de Luisiana, Estados Unidos, el fin de semana, en un episodio de violencia dom\u00e9stica que afect\u00f3 a tres viviendas, informaron las autoridades. El suceso, que tuvo lugar [&hellip;]\" \/>\n<meta property=\"og:url\" content=\"https:\/\/gysfm.com.ar\/inicio\/tragedia-en-luisiana-que-se-sabe-de-la-matanza-de-ocho-ninos\/\" \/>\n<meta property=\"og:site_name\" content=\"GYS NOTICIAS |\" \/>\n<meta property=\"article:published_time\" content=\"2026-04-21T08:13:07+00:00\" \/>\n<meta property=\"article:modified_time\" content=\"2026-04-21T08:13:08+00:00\" \/>\n<meta property=\"og:image\" content=\"https:\/\/gysfm.com.ar\/inicio\/wp-content\/uploads\/2026\/04\/shamar-elkins-fuente-HDZ3LKDPAVFMTDKDD4TTOMAXYU.jpg\" \/>\n\t<meta property=\"og:image:width\" content=\"1200\" \/>\n\t<meta property=\"og:image:height\" content=\"800\" \/>\n\t<meta property=\"og:image:type\" content=\"image\/jpeg\" \/>\n<meta name=\"author\" content=\"Prensa G&amp;S FM\" \/>\n<meta name=\"twitter:card\" content=\"summary_large_image\" \/>\n<meta name=\"twitter:label1\" content=\"Escrito por\" \/>\n\t<meta name=\"twitter:data1\" content=\"Prensa G&amp;S FM\" \/>\n\t<meta name=\"twitter:label2\" content=\"Tiempo de lectura\" \/>\n\t<meta name=\"twitter:data2\" content=\"8 minutos\" \/>\n<script type=\"application\/ld+json\" class=\"yoast-schema-graph\">{\"@context\":\"https:\/\/schema.org\",\"@graph\":[{\"@type\":\"Article\",\"@id\":\"https:\/\/gysfm.com.ar\/inicio\/tragedia-en-luisiana-que-se-sabe-de-la-matanza-de-ocho-ninos\/#article\",\"isPartOf\":{\"@id\":\"https:\/\/gysfm.com.ar\/inicio\/tragedia-en-luisiana-que-se-sabe-de-la-matanza-de-ocho-ninos\/\"},\"author\":{\"name\":\"Prensa G&amp;S FM\",\"@id\":\"https:\/\/gysfm.com.ar\/inicio\/#\/schema\/person\/3abba7593ef2ad19e1be221d54383dc5\"},\"headline\":\"Tragedia en Luisiana: qu\u00e9 se sabe de la matanza de ocho ni\u00f1os\",\"datePublished\":\"2026-04-21T08:13:07+00:00\",\"dateModified\":\"2026-04-21T08:13:08+00:00\",\"mainEntityOfPage\":{\"@id\":\"https:\/\/gysfm.com.ar\/inicio\/tragedia-en-luisiana-que-se-sabe-de-la-matanza-de-ocho-ninos\/\"},\"wordCount\":1548,\"publisher\":{\"@id\":\"https:\/\/gysfm.com.ar\/inicio\/#organization\"},\"image\":{\"@id\":\"https:\/\/gysfm.com.ar\/inicio\/tragedia-en-luisiana-que-se-sabe-de-la-matanza-de-ocho-ninos\/#primaryimage\"},\"thumbnailUrl\":\"https:\/\/gysfm.com.ar\/inicio\/wp-content\/uploads\/2026\/04\/shamar-elkins-fuente-HDZ3LKDPAVFMTDKDD4TTOMAXYU.jpg\",\"articleSection\":[\"INTERNACIONALES\"],\"inLanguage\":\"es\"},{\"@type\":\"WebPage\",\"@id\":\"https:\/\/gysfm.com.ar\/inicio\/tragedia-en-luisiana-que-se-sabe-de-la-matanza-de-ocho-ninos\/\",\"url\":\"https:\/\/gysfm.com.ar\/inicio\/tragedia-en-luisiana-que-se-sabe-de-la-matanza-de-ocho-ninos\/\",\"name\":\"Tragedia en Luisiana: qu\u00e9 se sabe de la matanza de ocho ni\u00f1os - GYS NOTICIAS |\",\"isPartOf\":{\"@id\":\"https:\/\/gysfm.com.ar\/inicio\/#website\"},\"primaryImageOfPage\":{\"@id\":\"https:\/\/gysfm.com.ar\/inicio\/tragedia-en-luisiana-que-se-sabe-de-la-matanza-de-ocho-ninos\/#primaryimage\"},\"image\":{\"@id\":\"https:\/\/gysfm.com.ar\/inicio\/tragedia-en-luisiana-que-se-sabe-de-la-matanza-de-ocho-ninos\/#primaryimage\"},\"thumbnailUrl\":\"https:\/\/gysfm.com.ar\/inicio\/wp-content\/uploads\/2026\/04\/shamar-elkins-fuente-HDZ3LKDPAVFMTDKDD4TTOMAXYU.jpg\",\"datePublished\":\"2026-04-21T08:13:07+00:00\",\"dateModified\":\"2026-04-21T08:13:08+00:00\",\"breadcrumb\":{\"@id\":\"https:\/\/gysfm.com.ar\/inicio\/tragedia-en-luisiana-que-se-sabe-de-la-matanza-de-ocho-ninos\/#breadcrumb\"},\"inLanguage\":\"es\",\"potentialAction\":[{\"@type\":\"ReadAction\",\"target\":[\"https:\/\/gysfm.com.ar\/inicio\/tragedia-en-luisiana-que-se-sabe-de-la-matanza-de-ocho-ninos\/\"]}]},{\"@type\":\"ImageObject\",\"inLanguage\":\"es\",\"@id\":\"https:\/\/gysfm.com.ar\/inicio\/tragedia-en-luisiana-que-se-sabe-de-la-matanza-de-ocho-ninos\/#primaryimage\",\"url\":\"https:\/\/gysfm.com.ar\/inicio\/wp-content\/uploads\/2026\/04\/shamar-elkins-fuente-HDZ3LKDPAVFMTDKDD4TTOMAXYU.jpg\",\"contentUrl\":\"https:\/\/gysfm.com.ar\/inicio\/wp-content\/uploads\/2026\/04\/shamar-elkins-fuente-HDZ3LKDPAVFMTDKDD4TTOMAXYU.jpg\",\"width\":1200,\"height\":800},{\"@type\":\"BreadcrumbList\",\"@id\":\"https:\/\/gysfm.com.ar\/inicio\/tragedia-en-luisiana-que-se-sabe-de-la-matanza-de-ocho-ninos\/#breadcrumb\",\"itemListElement\":[{\"@type\":\"ListItem\",\"position\":1,\"name\":\"Portada\",\"item\":\"https:\/\/gysfm.com.ar\/inicio\/\"},{\"@type\":\"ListItem\",\"position\":2,\"name\":\"Tragedia en Luisiana: qu\u00e9 se sabe de la matanza de ocho ni\u00f1os\"}]},{\"@type\":\"WebSite\",\"@id\":\"https:\/\/gysfm.com.ar\/inicio\/#website\",\"url\":\"https:\/\/gysfm.com.ar\/inicio\/\",\"name\":\"GYS NOTICIAS |\",\"description\":\"DIARIO - RADIO ONLINE SAN JUAN ARGENTINA\",\"publisher\":{\"@id\":\"https:\/\/gysfm.com.ar\/inicio\/#organization\"},\"potentialAction\":[{\"@type\":\"SearchAction\",\"target\":{\"@type\":\"EntryPoint\",\"urlTemplate\":\"https:\/\/gysfm.com.ar\/inicio\/?s={search_term_string}\"},\"query-input\":{\"@type\":\"PropertyValueSpecification\",\"valueRequired\":true,\"valueName\":\"search_term_string\"}}],\"inLanguage\":\"es\"},{\"@type\":\"Organization\",\"@id\":\"https:\/\/gysfm.com.ar\/inicio\/#organization\",\"name\":\"GYS NOTICIAS |\",\"url\":\"https:\/\/gysfm.com.ar\/inicio\/\",\"logo\":{\"@type\":\"ImageObject\",\"inLanguage\":\"es\",\"@id\":\"https:\/\/gysfm.com.ar\/inicio\/#\/schema\/logo\/image\/\",\"url\":\"https:\/\/gysfm.com.ar\/inicio\/wp-content\/uploads\/2023\/07\/LOGOGYS-OK.png\",\"contentUrl\":\"https:\/\/gysfm.com.ar\/inicio\/wp-content\/uploads\/2023\/07\/LOGOGYS-OK.png\",\"width\":1170,\"height\":872,\"caption\":\"GYS NOTICIAS |\"},\"image\":{\"@id\":\"https:\/\/gysfm.com.ar\/inicio\/#\/schema\/logo\/image\/\"}},{\"@type\":\"Person\",\"@id\":\"https:\/\/gysfm.com.ar\/inicio\/#\/schema\/person\/3abba7593ef2ad19e1be221d54383dc5\",\"name\":\"Prensa G&amp;S FM\",\"image\":{\"@type\":\"ImageObject\",\"inLanguage\":\"es\",\"@id\":\"https:\/\/gysfm.com.ar\/inicio\/#\/schema\/person\/image\/\",\"url\":\"https:\/\/secure.gravatar.com\/avatar\/096ec78df02049ab018702bb4ccedf659377fa92a26540b5247612077a0dbd29?s=96&d=mm&r=g\",\"contentUrl\":\"https:\/\/secure.gravatar.com\/avatar\/096ec78df02049ab018702bb4ccedf659377fa92a26540b5247612077a0dbd29?s=96&d=mm&r=g\",\"caption\":\"Prensa G&amp;S FM\"},\"sameAs\":[\"https:\/\/gysfm.com.ar\/\"],\"url\":\"https:\/\/gysfm.com.ar\/inicio\/author\/lucasm\/\"}]}<\/script>\n<!-- \/ Yoast SEO plugin. -->","yoast_head_json":{"title":"Tragedia en Luisiana: qu\u00e9 se sabe de la matanza de ocho ni\u00f1os - GYS NOTICIAS |","robots":{"index":"index","follow":"follow","max-snippet":"max-snippet:-1","max-image-preview":"max-image-preview:large","max-video-preview":"max-video-preview:-1"},"canonical":"https:\/\/gysfm.com.ar\/inicio\/tragedia-en-luisiana-que-se-sabe-de-la-matanza-de-ocho-ninos\/","og_locale":"es_ES","og_type":"article","og_title":"Tragedia en Luisiana: qu\u00e9 se sabe de la matanza de ocho ni\u00f1os - GYS NOTICIAS |","og_description":"LUISIANA, Estados Unidos.\u2013 Un hombre mat\u00f3 a tiros a ocho chicos, siete de ellos sus propios hijos, y luego fue abatido por la polic\u00eda en el estado sure\u00f1o de Luisiana, Estados Unidos, el fin de semana, en un episodio de violencia dom\u00e9stica que afect\u00f3 a tres viviendas, informaron las autoridades. El suceso, que tuvo lugar [&hellip;]","og_url":"https:\/\/gysfm.com.ar\/inicio\/tragedia-en-luisiana-que-se-sabe-de-la-matanza-de-ocho-ninos\/","og_site_name":"GYS NOTICIAS |","article_published_time":"2026-04-21T08:13:07+00:00","article_modified_time":"2026-04-21T08:13:08+00:00","og_image":[{"width":1200,"height":800,"url":"https:\/\/gysfm.com.ar\/inicio\/wp-content\/uploads\/2026\/04\/shamar-elkins-fuente-HDZ3LKDPAVFMTDKDD4TTOMAXYU.jpg","type":"image\/jpeg"}],"author":"Prensa G&amp;S FM","twitter_card":"summary_large_image","twitter_misc":{"Escrito por":"Prensa G&amp;S FM","Tiempo de lectura":"8 minutos"},"schema":{"@context":"https:\/\/schema.org","@graph":[{"@type":"Article","@id":"https:\/\/gysfm.com.ar\/inicio\/tragedia-en-luisiana-que-se-sabe-de-la-matanza-de-ocho-ninos\/#article","isPartOf":{"@id":"https:\/\/gysfm.com.ar\/inicio\/tragedia-en-luisiana-que-se-sabe-de-la-matanza-de-ocho-ninos\/"},"author":{"name":"Prensa G&amp;S FM","@id":"https:\/\/gysfm.com.ar\/inicio\/#\/schema\/person\/3abba7593ef2ad19e1be221d54383dc5"},"headline":"Tragedia en Luisiana: qu\u00e9 se sabe de la matanza de ocho ni\u00f1os","datePublished":"2026-04-21T08:13:07+00:00","dateModified":"2026-04-21T08:13:08+00:00","mainEntityOfPage":{"@id":"https:\/\/gysfm.com.ar\/inicio\/tragedia-en-luisiana-que-se-sabe-de-la-matanza-de-ocho-ninos\/"},"wordCount":1548,"publisher":{"@id":"https:\/\/gysfm.com.ar\/inicio\/#organization"},"image":{"@id":"https:\/\/gysfm.com.ar\/inicio\/tragedia-en-luisiana-que-se-sabe-de-la-matanza-de-ocho-ninos\/#primaryimage"},"thumbnailUrl":"https:\/\/gysfm.com.ar\/inicio\/wp-content\/uploads\/2026\/04\/shamar-elkins-fuente-HDZ3LKDPAVFMTDKDD4TTOMAXYU.jpg","articleSection":["INTERNACIONALES"],"inLanguage":"es"},{"@type":"WebPage","@id":"https:\/\/gysfm.com.ar\/inicio\/tragedia-en-luisiana-que-se-sabe-de-la-matanza-de-ocho-ninos\/","url":"https:\/\/gysfm.com.ar\/inicio\/tragedia-en-luisiana-que-se-sabe-de-la-matanza-de-ocho-ninos\/","name":"Tragedia en Luisiana: qu\u00e9 se sabe de la matanza de ocho ni\u00f1os - GYS NOTICIAS |","isPartOf":{"@id":"https:\/\/gysfm.com.ar\/inicio\/#website"},"primaryImageOfPage":{"@id":"https:\/\/gysfm.com.ar\/inicio\/tragedia-en-luisiana-que-se-sabe-de-la-matanza-de-ocho-ninos\/#primaryimage"},"image":{"@id":"https:\/\/gysfm.com.ar\/inicio\/tragedia-en-luisiana-que-se-sabe-de-la-matanza-de-ocho-ninos\/#primaryimage"},"thumbnailUrl":"https:\/\/gysfm.com.ar\/inicio\/wp-content\/uploads\/2026\/04\/shamar-elkins-fuente-HDZ3LKDPAVFMTDKDD4TTOMAXYU.jpg","datePublished":"2026-04-21T08:13:07+00:00","dateModified":"2026-04-21T08:13:08+00:00","breadcrumb":{"@id":"https:\/\/gysfm.com.ar\/inicio\/tragedia-en-luisiana-que-se-sabe-de-la-matanza-de-ocho-ninos\/#breadcrumb"},"inLanguage":"es","potentialAction":[{"@type":"ReadAction","target":["https:\/\/gysfm.com.ar\/inicio\/tragedia-en-luisiana-que-se-sabe-de-la-matanza-de-ocho-ninos\/"]}]},{"@type":"ImageObject","inLanguage":"es","@id":"https:\/\/gysfm.com.ar\/inicio\/tragedia-en-luisiana-que-se-sabe-de-la-matanza-de-ocho-ninos\/#primaryimage","url":"https:\/\/gysfm.com.ar\/inicio\/wp-content\/uploads\/2026\/04\/shamar-elkins-fuente-HDZ3LKDPAVFMTDKDD4TTOMAXYU.jpg","contentUrl":"https:\/\/gysfm.com.ar\/inicio\/wp-content\/uploads\/2026\/04\/shamar-elkins-fuente-HDZ3LKDPAVFMTDKDD4TTOMAXYU.jpg","width":1200,"height":800},{"@type":"BreadcrumbList","@id":"https:\/\/gysfm.com.ar\/inicio\/tragedia-en-luisiana-que-se-sabe-de-la-matanza-de-ocho-ninos\/#breadcrumb","itemListElement":[{"@type":"ListItem","position":1,"name":"Portada","item":"https:\/\/gysfm.com.ar\/inicio\/"},{"@type":"ListItem","position":2,"name":"Tragedia en Luisiana: qu\u00e9 se sabe de la matanza de ocho ni\u00f1os"}]},{"@type":"WebSite","@id":"https:\/\/gysfm.com.ar\/inicio\/#website","url":"https:\/\/gysfm.com.ar\/inicio\/","name":"GYS NOTICIAS |","description":"DIARIO - RADIO ONLINE SAN JUAN ARGENTINA","publisher":{"@id":"https:\/\/gysfm.com.ar\/inicio\/#organization"},"potentialAction":[{"@type":"SearchAction","target":{"@type":"EntryPoint","urlTemplate":"https:\/\/gysfm.com.ar\/inicio\/?s={search_term_string}"},"query-input":{"@type":"PropertyValueSpecification","valueRequired":true,"valueName":"search_term_string"}}],"inLanguage":"es"},{"@type":"Organization","@id":"https:\/\/gysfm.com.ar\/inicio\/#organization","name":"GYS NOTICIAS |","url":"https:\/\/gysfm.com.ar\/inicio\/","logo":{"@type":"ImageObject","inLanguage":"es","@id":"https:\/\/gysfm.com.ar\/inicio\/#\/schema\/logo\/image\/","url":"https:\/\/gysfm.com.ar\/inicio\/wp-content\/uploads\/2023\/07\/LOGOGYS-OK.png","contentUrl":"https:\/\/gysfm.com.ar\/inicio\/wp-content\/uploads\/2023\/07\/LOGOGYS-OK.png","width":1170,"height":872,"caption":"GYS NOTICIAS |"},"image":{"@id":"https:\/\/gysfm.com.ar\/inicio\/#\/schema\/logo\/image\/"}},{"@type":"Person","@id":"https:\/\/gysfm.com.ar\/inicio\/#\/schema\/person\/3abba7593ef2ad19e1be221d54383dc5","name":"Prensa G&amp;S FM","image":{"@type":"ImageObject","inLanguage":"es","@id":"https:\/\/gysfm.com.ar\/inicio\/#\/schema\/person\/image\/","url":"https:\/\/secure.gravatar.com\/avatar\/096ec78df02049ab018702bb4ccedf659377fa92a26540b5247612077a0dbd29?s=96&d=mm&r=g","contentUrl":"https:\/\/secure.gravatar.com\/avatar\/096ec78df02049ab018702bb4ccedf659377fa92a26540b5247612077a0dbd29?s=96&d=mm&r=g","caption":"Prensa G&amp;S FM"},"sameAs":["https:\/\/gysfm.com.ar\/"],"url":"https:\/\/gysfm.com.ar\/inicio\/author\/lucasm\/"}]}},"_links":{"self":[{"href":"https:\/\/gysfm.com.ar\/inicio\/wp-json\/wp\/v2\/posts\/192057","targetHints":{"allow":["GET"]}}],"collection":[{"href":"https:\/\/gysfm.com.ar\/inicio\/wp-json\/wp\/v2\/posts"}],"about":[{"href":"https:\/\/gysfm.com.ar\/inicio\/wp-json\/wp\/v2\/types\/post"}],"author":[{"embeddable":true,"href":"https:\/\/gysfm.com.ar\/inicio\/wp-json\/wp\/v2\/users\/2"}],"replies":[{"embeddable":true,"href":"https:\/\/gysfm.com.ar\/inicio\/wp-json\/wp\/v2\/comments?post=192057"}],"version-history":[{"count":1,"href":"https:\/\/gysfm.com.ar\/inicio\/wp-json\/wp\/v2\/posts\/192057\/revisions"}],"predecessor-version":[{"id":192059,"href":"https:\/\/gysfm.com.ar\/inicio\/wp-json\/wp\/v2\/posts\/192057\/revisions\/192059"}],"wp:featuredmedia":[{"embeddable":true,"href":"https:\/\/gysfm.com.ar\/inicio\/wp-json\/wp\/v2\/media\/192058"}],"wp:attachment":[{"href":"https:\/\/gysfm.com.ar\/inicio\/wp-json\/wp\/v2\/media?parent=192057"}],"wp:term":[{"taxonomy":"category","embeddable":true,"href":"https:\/\/gysfm.com.ar\/inicio\/wp-json\/wp\/v2\/categories?post=192057"},{"taxonomy":"post_tag","embeddable":true,"href":"https:\/\/gysfm.com.ar\/inicio\/wp-json\/wp\/v2\/tags?post=192057"}],"curies":[{"name":"wp","href":"https:\/\/api.w.org\/{rel}","templated":true}]}}