{"id":192056,"date":"2026-04-21T04:55:10","date_gmt":"2026-04-21T07:55:10","guid":{"rendered":"https:\/\/gysfm.com.ar\/inicio\/milei-envio-al-senado-un-acuerdo-final-con-fondos-buitre-para-cerrar-el-default-y-presiona-por-una-aprobacion-expres\/"},"modified":"2026-04-21T04:55:10","modified_gmt":"2026-04-21T07:55:10","slug":"milei-envio-al-senado-un-acuerdo-final-con-fondos-buitre-para-cerrar-el-default-y-presiona-por-una-aprobacion-expres","status":"publish","type":"post","link":"https:\/\/gysfm.com.ar\/inicio\/milei-envio-al-senado-un-acuerdo-final-con-fondos-buitre-para-cerrar-el-default-y-presiona-por-una-aprobacion-expres\/","title":{"rendered":"Milei envi\u00f3 al Senado un acuerdo final con fondos buitre para cerrar el default y presiona por una aprobaci\u00f3n expr\u00e9s"},"content":{"rendered":"<p><\/p>\n<div id=\"article-content\">\n<p>El Gobierno de <strong>Javier Milei <\/strong>dio un paso concreto para cerrar uno de los \u00faltimos cap\u00edtulos abiertos del <strong>default de 2001<\/strong>: envi\u00f3 al <a target=\"_blank\" href=\"https:\/\/www.perfil.com\/noticias\/politica\/senado-el-pliego-de-mahiques-avanzo-en-medio-de-chispazos-por-lago-escondido-y-la-integracion-de-la-comision.phtml\"><strong>Senado<\/strong><\/a> de la Naci\u00f3n el proyecto de ley para aprobar el acuerdo con fondos buitre que continuaban litigando contra la Argentina en tribunales de Estados Unidos. La iniciativa fija pagos por <strong>USD 171 millones<\/strong> y abre una cuenta regresiva pol\u00edtica en el Congreso, con un plazo l\u00edmite que el propio Ejecutivo defini\u00f3 como cr\u00edtico.<\/p>\n<p>Seg\u00fan el texto oficial al que accedi\u00f3 <em><strong>PERFIL<\/strong><\/em> el acuerdo contempla <strong>desembolsos por USD 67 millones para Bainbridge y USD 104 millones para el grupo encabezado por Attestor<\/strong>. El Gobierno sostiene que logr\u00f3 una <strong>quita superior al 30%<\/strong> sobre los montos originales en disputa.<\/p>\n<p>La urgencia es expl\u00edcita: el convenio establece como <strong>fecha l\u00edmite el 30 de abril<\/strong>. Si el Congreso no lo aprueba antes de ese plazo, las transacciones se caen autom\u00e1ticamente y la Argentina deber\u00eda retomar los litigios \u201cbajo condiciones financieras significativamente m\u00e1s gravosas\u201d, seg\u00fan advierte el proyecto firmado por el jefe de Gabinete, <strong>Manuel Adorni<\/strong>, y el ministro de Justicia, <strong>Juan Bautista Mahiques<\/strong>.<\/p>\n<div class=\"subscription\">\n<p>\n        Esto no les gusta a los autoritarios\n    <\/p>\n<div class=\"subscription__container\">\n<div class=\"subscription__text-wrapper\">\n<p>\n                El ejercicio del periodismo profesional y cr\u00edtico es un pilar fundamental de la democracia. Por eso molesta a quienes creen ser los due\u00f1os de la verdad.\n            <\/p>\n<\/p><\/div><\/div>\n<\/div>\n<p>El entendimiento fue alcanzado en marzo y formalizado ante la jueza <strong>Loretta Preska<\/strong>, quien concentra los juicios contra la Argentina en ese distrito. Se trata de dos grupos de acreedores que nunca ingresaron a los canjes de deuda posteriores al default y que contaban con sentencias firmes a su favor.<\/p>\n<p class=\"destacadoNota\"><a target=\"_blank\" href=\"https:\/\/www.perfil.com\/noticias\/columnistas\/la-justicia-britanica-descarta-a-londres-y-reabre-el-misterio-donde-esta-el-oro-del-banco-central-por-carlos-burgueno.phtml\">La Justicia brit\u00e1nica descarta a Londres y reabre el misterio: d\u00f3nde est\u00e1 el oro del Banco Central<\/a><\/p>\n<p>En los \u00faltimos a\u00f1os, esos fondos avanzaron con medidas de presi\u00f3n judicial, incluidos pedidos de embargo sobre activos argentinos en el exterior. De hecho, <strong>en 2025 lograron capturar USD 310 millones depositados en la Reserva Federal de Nueva York <\/strong>como garant\u00eda de los antiguos bonos Brady, un antecedente que empuj\u00f3 al Gobierno a cerrar la negociaci\u00f3n.<\/p>\n<p>El acuerdo ahora en discusi\u00f3n prev\u00e9 un mecanismo de \u201centrega contra pago\u201d:<strong> la Argentina cancela la deuda y recibe los t\u00edtulos en litigio<\/strong>. Adem\u00e1s, establece que los costos legales correr\u00e1n por cuenta de los acreedores.<\/p>\n<p>Desde el Ejecutivo remarcan que la aprobaci\u00f3n parlamentaria no solo permitir\u00e1 saldar la deuda, sino tambi\u00e9n desactivar los procesos de \u201cdiscovery\u201d, a trav\u00e9s de los cuales los fondos ven\u00edan solicitando informaci\u00f3n sobre activos del pa\u00eds, incluyendo cuentas bancarias, privatizaciones y participaciones en empresas.<\/p>\n<h2>La presi\u00f3n sobre el Congreso<\/h2>\n<p>El env\u00edo del proyecto activa una <strong>negociaci\u00f3n contrarreloj en el Congreso<\/strong>, donde el oficialismo necesita garantizar los votos para evitar que el acuerdo se caiga. Fuentes parlamentarias confiaron a <em><strong>PERFIL<\/strong><\/em> en que habr\u00e1 una reacci\u00f3n favorable de parte de los legisladores, aunque la agenda est\u00e1 muy apretada: esta semana no habr\u00e1 sesi\u00f3n porque hay un grupo de legisladores que viajaron a Washington invitados por AmCham, mientras que el mi\u00e9rcoles ya hay una sesi\u00f3n de alto voltaje en Diputados donde Adorni tendr\u00e1 que responder, mientras est\u00e1 acorralado por frentes judiciales, unas 4800 preguntas de la c\u00e1mara baja.<\/p>\n<p class=\"destacadoNota\"><a target=\"_blank\" href=\"https:\/\/www.perfil.com\/noticias\/politica\/la-oposicion-afila-el-29-de-abril-para-acorralar-a-adorni-en-diputados-mientras-milei-lo-blinda-y-los-aliados-desconfian.phtml\">La oposici\u00f3n afila el 29 de abril para acorralar a Adorni en Diputados mientras Milei lo blinda y los aliados desconf\u00edan<\/a><\/p>\n<p>El trasfondo no es solo financiero. <strong>Sebasti\u00e1n Maril<\/strong>, consultor especializado en litigios de deuda, advirti\u00f3 en sus redes sociales que la definici\u00f3n ser\u00e1 \u201cuna primera prueba de cu\u00e1nto capital pol\u00edtico est\u00e1 dispuesto a invertir el Poder Ejecutivo en un tema que, si bien es financieramente acotado, tiene un peso reputacional significativo\u201d.<\/p>\n<p>El impacto fiscal, seg\u00fan esa misma evaluaci\u00f3n, es marginal en relaci\u00f3n con el volumen total de deuda, pero <strong>el riesgo de reabrir el frente judicial podr\u00eda implicar costos mayores<\/strong> en el mediano plazo.<\/p>\n<h2>Del kirchnerismo a Macri y Milei: una deuda que atraviesa gobiernos<\/h2>\n<p>El litigio que ahora busca cerrarse es un remanente de los procesos iniciados tras el default de 2001. En 2016, durante la gesti\u00f3n de <a target=\"_blank\" href=\"https:\/\/www.perfil.com\/noticias\/politica\/macri-respaldo-el-rumbo-de-milei-pero-aseguro-que-el-pro-va-a-volver-a-ser-protagonista-en-2027.phtml\"><strong>Mauricio Macri<\/strong>,<\/a> la Argentina acord\u00f3 el pago de unos <strong>USD 9.300 millones a la mayor\u00eda de los holdouts<\/strong>, lo que permiti\u00f3 salir del default t\u00e9cnico y regresar a los mercados internacionales.<\/p>\n<p>Ese proceso implic\u00f3 la <strong>emisi\u00f3n de deuda por unos USD 16.500 millones y la derogaci\u00f3n de las leyes que imped\u00edan mejorar las condiciones de los canjes anteriores<\/strong>. Sin embargo, un grupo minoritario de acreedores decidi\u00f3 continuar litigando en busca de mejores condiciones.<\/p>\n<p>A pesar de que m\u00e1s del 95% de los bonistas acept\u00f3 las reestructuraciones de 2005, 2010 y 2020, esos casos quedaron abiertos en la Justicia estadounidense y siguieron generando riesgos de embargo sobre activos argentinos.<\/p>\n<p>JD\/EM<\/p>\n<\/p><\/div>\n<p><script>\n                !function(f,b,e,v,n,t,s)\n                {if(f.fbq)return;n=f.fbq=function(){n.callMethod?\n                    n.callMethod.apply(n,arguments):n.queue.push(arguments)};\n                    if(!f._fbq)f._fbq=n;n.push=n;n.loaded=!0;n.version='2.0';\n                    n.queue=[];t=b.createElement(e);t.async=!0;\n                    t.src=v;s=b.getElementsByTagName(e)[0];\n                    s.parentNode.insertBefore(t,s)}(window, document,'script',\n                    'https:\/\/connect.facebook.net\/en_US\/fbevents.js');\n                window.paywallConfig.facebook_pixel=\"1000228364089342\"\n            <\/script><\/p>\n","protected":false},"excerpt":{"rendered":"<p>El Gobierno de Javier Milei dio un paso concreto para cerrar uno de los \u00faltimos cap\u00edtulos abiertos del default de 2001: envi\u00f3 al Senado de la Naci\u00f3n el proyecto de ley para aprobar el acuerdo con fondos buitre que continuaban litigando contra la Argentina en tribunales de Estados Unidos. La iniciativa fija pagos por USD [&hellip;]<\/p>\n","protected":false},"author":2,"featured_media":96068,"comment_status":"closed","ping_status":"closed","sticky":false,"template":"","format":"standard","meta":{"footnotes":""},"categories":[25],"tags":[],"class_list":["post-192056","post","type-post","status-publish","format-standard","has-post-thumbnail","hentry","category-nacionales"],"yoast_head":"<!-- This site is optimized with the Yoast SEO plugin v24.4 - https:\/\/yoast.com\/wordpress\/plugins\/seo\/ -->\n<title>Milei envi\u00f3 al Senado un acuerdo final con fondos buitre para cerrar el default y presiona por una aprobaci\u00f3n expr\u00e9s - GYS NOTICIAS |<\/title>\n<meta name=\"robots\" content=\"index, follow, max-snippet:-1, max-image-preview:large, max-video-preview:-1\" \/>\n<link rel=\"canonical\" href=\"https:\/\/gysfm.com.ar\/inicio\/milei-envio-al-senado-un-acuerdo-final-con-fondos-buitre-para-cerrar-el-default-y-presiona-por-una-aprobacion-expres\/\" \/>\n<meta property=\"og:locale\" content=\"es_ES\" \/>\n<meta property=\"og:type\" content=\"article\" \/>\n<meta property=\"og:title\" content=\"Milei envi\u00f3 al Senado un acuerdo final con fondos buitre para cerrar el default y presiona por una aprobaci\u00f3n expr\u00e9s - GYS NOTICIAS |\" \/>\n<meta property=\"og:description\" content=\"El Gobierno de Javier Milei dio un paso concreto para cerrar uno de los \u00faltimos cap\u00edtulos abiertos del default de 2001: envi\u00f3 al Senado de la Naci\u00f3n el proyecto de ley para aprobar el acuerdo con fondos buitre que continuaban litigando contra la Argentina en tribunales de Estados Unidos. La iniciativa fija pagos por USD [&hellip;]\" \/>\n<meta property=\"og:url\" content=\"https:\/\/gysfm.com.ar\/inicio\/milei-envio-al-senado-un-acuerdo-final-con-fondos-buitre-para-cerrar-el-default-y-presiona-por-una-aprobacion-expres\/\" \/>\n<meta property=\"og:site_name\" content=\"GYS NOTICIAS |\" \/>\n<meta property=\"article:published_time\" content=\"2026-04-21T07:55:10+00:00\" \/>\n<meta name=\"author\" content=\"Prensa G&amp;S FM\" \/>\n<meta name=\"twitter:card\" content=\"summary_large_image\" \/>\n<meta name=\"twitter:label1\" content=\"Escrito por\" \/>\n\t<meta name=\"twitter:data1\" content=\"Prensa G&amp;S FM\" \/>\n\t<meta name=\"twitter:label2\" content=\"Tiempo de lectura\" \/>\n\t<meta name=\"twitter:data2\" content=\"4 minutos\" \/>\n<script type=\"application\/ld+json\" class=\"yoast-schema-graph\">{\"@context\":\"https:\/\/schema.org\",\"@graph\":[{\"@type\":\"Article\",\"@id\":\"https:\/\/gysfm.com.ar\/inicio\/milei-envio-al-senado-un-acuerdo-final-con-fondos-buitre-para-cerrar-el-default-y-presiona-por-una-aprobacion-expres\/#article\",\"isPartOf\":{\"@id\":\"https:\/\/gysfm.com.ar\/inicio\/milei-envio-al-senado-un-acuerdo-final-con-fondos-buitre-para-cerrar-el-default-y-presiona-por-una-aprobacion-expres\/\"},\"author\":{\"name\":\"Prensa G&amp;S FM\",\"@id\":\"https:\/\/gysfm.com.ar\/inicio\/#\/schema\/person\/3abba7593ef2ad19e1be221d54383dc5\"},\"headline\":\"Milei envi\u00f3 al Senado un acuerdo final con fondos buitre para cerrar el default y presiona por una aprobaci\u00f3n expr\u00e9s\",\"datePublished\":\"2026-04-21T07:55:10+00:00\",\"mainEntityOfPage\":{\"@id\":\"https:\/\/gysfm.com.ar\/inicio\/milei-envio-al-senado-un-acuerdo-final-con-fondos-buitre-para-cerrar-el-default-y-presiona-por-una-aprobacion-expres\/\"},\"wordCount\":827,\"publisher\":{\"@id\":\"https:\/\/gysfm.com.ar\/inicio\/#organization\"},\"image\":{\"@id\":\"https:\/\/gysfm.com.ar\/inicio\/milei-envio-al-senado-un-acuerdo-final-con-fondos-buitre-para-cerrar-el-default-y-presiona-por-una-aprobacion-expres\/#primaryimage\"},\"thumbnailUrl\":\"https:\/\/gysfm.com.ar\/inicio\/wp-content\/uploads\/2025\/03\/asamblea-legislativa-2025-1976999.jpg\",\"articleSection\":[\"NACIONALES\"],\"inLanguage\":\"es\"},{\"@type\":\"WebPage\",\"@id\":\"https:\/\/gysfm.com.ar\/inicio\/milei-envio-al-senado-un-acuerdo-final-con-fondos-buitre-para-cerrar-el-default-y-presiona-por-una-aprobacion-expres\/\",\"url\":\"https:\/\/gysfm.com.ar\/inicio\/milei-envio-al-senado-un-acuerdo-final-con-fondos-buitre-para-cerrar-el-default-y-presiona-por-una-aprobacion-expres\/\",\"name\":\"Milei envi\u00f3 al Senado un acuerdo final con fondos buitre para cerrar el default y presiona por una aprobaci\u00f3n expr\u00e9s - GYS NOTICIAS |\",\"isPartOf\":{\"@id\":\"https:\/\/gysfm.com.ar\/inicio\/#website\"},\"primaryImageOfPage\":{\"@id\":\"https:\/\/gysfm.com.ar\/inicio\/milei-envio-al-senado-un-acuerdo-final-con-fondos-buitre-para-cerrar-el-default-y-presiona-por-una-aprobacion-expres\/#primaryimage\"},\"image\":{\"@id\":\"https:\/\/gysfm.com.ar\/inicio\/milei-envio-al-senado-un-acuerdo-final-con-fondos-buitre-para-cerrar-el-default-y-presiona-por-una-aprobacion-expres\/#primaryimage\"},\"thumbnailUrl\":\"https:\/\/gysfm.com.ar\/inicio\/wp-content\/uploads\/2025\/03\/asamblea-legislativa-2025-1976999.jpg\",\"datePublished\":\"2026-04-21T07:55:10+00:00\",\"breadcrumb\":{\"@id\":\"https:\/\/gysfm.com.ar\/inicio\/milei-envio-al-senado-un-acuerdo-final-con-fondos-buitre-para-cerrar-el-default-y-presiona-por-una-aprobacion-expres\/#breadcrumb\"},\"inLanguage\":\"es\",\"potentialAction\":[{\"@type\":\"ReadAction\",\"target\":[\"https:\/\/gysfm.com.ar\/inicio\/milei-envio-al-senado-un-acuerdo-final-con-fondos-buitre-para-cerrar-el-default-y-presiona-por-una-aprobacion-expres\/\"]}]},{\"@type\":\"ImageObject\",\"inLanguage\":\"es\",\"@id\":\"https:\/\/gysfm.com.ar\/inicio\/milei-envio-al-senado-un-acuerdo-final-con-fondos-buitre-para-cerrar-el-default-y-presiona-por-una-aprobacion-expres\/#primaryimage\",\"url\":\"https:\/\/gysfm.com.ar\/inicio\/wp-content\/uploads\/2025\/03\/asamblea-legislativa-2025-1976999.jpg\",\"contentUrl\":\"https:\/\/gysfm.com.ar\/inicio\/wp-content\/uploads\/2025\/03\/asamblea-legislativa-2025-1976999.jpg\",\"width\":1140,\"height\":641},{\"@type\":\"BreadcrumbList\",\"@id\":\"https:\/\/gysfm.com.ar\/inicio\/milei-envio-al-senado-un-acuerdo-final-con-fondos-buitre-para-cerrar-el-default-y-presiona-por-una-aprobacion-expres\/#breadcrumb\",\"itemListElement\":[{\"@type\":\"ListItem\",\"position\":1,\"name\":\"Portada\",\"item\":\"https:\/\/gysfm.com.ar\/inicio\/\"},{\"@type\":\"ListItem\",\"position\":2,\"name\":\"Milei envi\u00f3 al Senado un acuerdo final con fondos buitre para cerrar el default y presiona por una aprobaci\u00f3n expr\u00e9s\"}]},{\"@type\":\"WebSite\",\"@id\":\"https:\/\/gysfm.com.ar\/inicio\/#website\",\"url\":\"https:\/\/gysfm.com.ar\/inicio\/\",\"name\":\"GYS NOTICIAS |\",\"description\":\"DIARIO - RADIO ONLINE SAN JUAN ARGENTINA\",\"publisher\":{\"@id\":\"https:\/\/gysfm.com.ar\/inicio\/#organization\"},\"potentialAction\":[{\"@type\":\"SearchAction\",\"target\":{\"@type\":\"EntryPoint\",\"urlTemplate\":\"https:\/\/gysfm.com.ar\/inicio\/?s={search_term_string}\"},\"query-input\":{\"@type\":\"PropertyValueSpecification\",\"valueRequired\":true,\"valueName\":\"search_term_string\"}}],\"inLanguage\":\"es\"},{\"@type\":\"Organization\",\"@id\":\"https:\/\/gysfm.com.ar\/inicio\/#organization\",\"name\":\"GYS NOTICIAS |\",\"url\":\"https:\/\/gysfm.com.ar\/inicio\/\",\"logo\":{\"@type\":\"ImageObject\",\"inLanguage\":\"es\",\"@id\":\"https:\/\/gysfm.com.ar\/inicio\/#\/schema\/logo\/image\/\",\"url\":\"https:\/\/gysfm.com.ar\/inicio\/wp-content\/uploads\/2023\/07\/LOGOGYS-OK.png\",\"contentUrl\":\"https:\/\/gysfm.com.ar\/inicio\/wp-content\/uploads\/2023\/07\/LOGOGYS-OK.png\",\"width\":1170,\"height\":872,\"caption\":\"GYS NOTICIAS |\"},\"image\":{\"@id\":\"https:\/\/gysfm.com.ar\/inicio\/#\/schema\/logo\/image\/\"}},{\"@type\":\"Person\",\"@id\":\"https:\/\/gysfm.com.ar\/inicio\/#\/schema\/person\/3abba7593ef2ad19e1be221d54383dc5\",\"name\":\"Prensa G&amp;S FM\",\"image\":{\"@type\":\"ImageObject\",\"inLanguage\":\"es\",\"@id\":\"https:\/\/gysfm.com.ar\/inicio\/#\/schema\/person\/image\/\",\"url\":\"https:\/\/secure.gravatar.com\/avatar\/096ec78df02049ab018702bb4ccedf659377fa92a26540b5247612077a0dbd29?s=96&d=mm&r=g\",\"contentUrl\":\"https:\/\/secure.gravatar.com\/avatar\/096ec78df02049ab018702bb4ccedf659377fa92a26540b5247612077a0dbd29?s=96&d=mm&r=g\",\"caption\":\"Prensa G&amp;S FM\"},\"sameAs\":[\"https:\/\/gysfm.com.ar\/\"],\"url\":\"https:\/\/gysfm.com.ar\/inicio\/author\/lucasm\/\"}]}<\/script>\n<!-- \/ Yoast SEO plugin. -->","yoast_head_json":{"title":"Milei envi\u00f3 al Senado un acuerdo final con fondos buitre para cerrar el default y presiona por una aprobaci\u00f3n expr\u00e9s - GYS NOTICIAS |","robots":{"index":"index","follow":"follow","max-snippet":"max-snippet:-1","max-image-preview":"max-image-preview:large","max-video-preview":"max-video-preview:-1"},"canonical":"https:\/\/gysfm.com.ar\/inicio\/milei-envio-al-senado-un-acuerdo-final-con-fondos-buitre-para-cerrar-el-default-y-presiona-por-una-aprobacion-expres\/","og_locale":"es_ES","og_type":"article","og_title":"Milei envi\u00f3 al Senado un acuerdo final con fondos buitre para cerrar el default y presiona por una aprobaci\u00f3n expr\u00e9s - GYS NOTICIAS |","og_description":"El Gobierno de Javier Milei dio un paso concreto para cerrar uno de los \u00faltimos cap\u00edtulos abiertos del default de 2001: envi\u00f3 al Senado de la Naci\u00f3n el proyecto de ley para aprobar el acuerdo con fondos buitre que continuaban litigando contra la Argentina en tribunales de Estados Unidos. La iniciativa fija pagos por USD [&hellip;]","og_url":"https:\/\/gysfm.com.ar\/inicio\/milei-envio-al-senado-un-acuerdo-final-con-fondos-buitre-para-cerrar-el-default-y-presiona-por-una-aprobacion-expres\/","og_site_name":"GYS NOTICIAS |","article_published_time":"2026-04-21T07:55:10+00:00","author":"Prensa G&amp;S FM","twitter_card":"summary_large_image","twitter_misc":{"Escrito por":"Prensa G&amp;S FM","Tiempo de lectura":"4 minutos"},"schema":{"@context":"https:\/\/schema.org","@graph":[{"@type":"Article","@id":"https:\/\/gysfm.com.ar\/inicio\/milei-envio-al-senado-un-acuerdo-final-con-fondos-buitre-para-cerrar-el-default-y-presiona-por-una-aprobacion-expres\/#article","isPartOf":{"@id":"https:\/\/gysfm.com.ar\/inicio\/milei-envio-al-senado-un-acuerdo-final-con-fondos-buitre-para-cerrar-el-default-y-presiona-por-una-aprobacion-expres\/"},"author":{"name":"Prensa G&amp;S FM","@id":"https:\/\/gysfm.com.ar\/inicio\/#\/schema\/person\/3abba7593ef2ad19e1be221d54383dc5"},"headline":"Milei envi\u00f3 al Senado un acuerdo final con fondos buitre para cerrar el default y presiona por una aprobaci\u00f3n expr\u00e9s","datePublished":"2026-04-21T07:55:10+00:00","mainEntityOfPage":{"@id":"https:\/\/gysfm.com.ar\/inicio\/milei-envio-al-senado-un-acuerdo-final-con-fondos-buitre-para-cerrar-el-default-y-presiona-por-una-aprobacion-expres\/"},"wordCount":827,"publisher":{"@id":"https:\/\/gysfm.com.ar\/inicio\/#organization"},"image":{"@id":"https:\/\/gysfm.com.ar\/inicio\/milei-envio-al-senado-un-acuerdo-final-con-fondos-buitre-para-cerrar-el-default-y-presiona-por-una-aprobacion-expres\/#primaryimage"},"thumbnailUrl":"https:\/\/gysfm.com.ar\/inicio\/wp-content\/uploads\/2025\/03\/asamblea-legislativa-2025-1976999.jpg","articleSection":["NACIONALES"],"inLanguage":"es"},{"@type":"WebPage","@id":"https:\/\/gysfm.com.ar\/inicio\/milei-envio-al-senado-un-acuerdo-final-con-fondos-buitre-para-cerrar-el-default-y-presiona-por-una-aprobacion-expres\/","url":"https:\/\/gysfm.com.ar\/inicio\/milei-envio-al-senado-un-acuerdo-final-con-fondos-buitre-para-cerrar-el-default-y-presiona-por-una-aprobacion-expres\/","name":"Milei envi\u00f3 al Senado un acuerdo final con fondos buitre para cerrar el default y presiona por una aprobaci\u00f3n expr\u00e9s - GYS NOTICIAS |","isPartOf":{"@id":"https:\/\/gysfm.com.ar\/inicio\/#website"},"primaryImageOfPage":{"@id":"https:\/\/gysfm.com.ar\/inicio\/milei-envio-al-senado-un-acuerdo-final-con-fondos-buitre-para-cerrar-el-default-y-presiona-por-una-aprobacion-expres\/#primaryimage"},"image":{"@id":"https:\/\/gysfm.com.ar\/inicio\/milei-envio-al-senado-un-acuerdo-final-con-fondos-buitre-para-cerrar-el-default-y-presiona-por-una-aprobacion-expres\/#primaryimage"},"thumbnailUrl":"https:\/\/gysfm.com.ar\/inicio\/wp-content\/uploads\/2025\/03\/asamblea-legislativa-2025-1976999.jpg","datePublished":"2026-04-21T07:55:10+00:00","breadcrumb":{"@id":"https:\/\/gysfm.com.ar\/inicio\/milei-envio-al-senado-un-acuerdo-final-con-fondos-buitre-para-cerrar-el-default-y-presiona-por-una-aprobacion-expres\/#breadcrumb"},"inLanguage":"es","potentialAction":[{"@type":"ReadAction","target":["https:\/\/gysfm.com.ar\/inicio\/milei-envio-al-senado-un-acuerdo-final-con-fondos-buitre-para-cerrar-el-default-y-presiona-por-una-aprobacion-expres\/"]}]},{"@type":"ImageObject","inLanguage":"es","@id":"https:\/\/gysfm.com.ar\/inicio\/milei-envio-al-senado-un-acuerdo-final-con-fondos-buitre-para-cerrar-el-default-y-presiona-por-una-aprobacion-expres\/#primaryimage","url":"https:\/\/gysfm.com.ar\/inicio\/wp-content\/uploads\/2025\/03\/asamblea-legislativa-2025-1976999.jpg","contentUrl":"https:\/\/gysfm.com.ar\/inicio\/wp-content\/uploads\/2025\/03\/asamblea-legislativa-2025-1976999.jpg","width":1140,"height":641},{"@type":"BreadcrumbList","@id":"https:\/\/gysfm.com.ar\/inicio\/milei-envio-al-senado-un-acuerdo-final-con-fondos-buitre-para-cerrar-el-default-y-presiona-por-una-aprobacion-expres\/#breadcrumb","itemListElement":[{"@type":"ListItem","position":1,"name":"Portada","item":"https:\/\/gysfm.com.ar\/inicio\/"},{"@type":"ListItem","position":2,"name":"Milei envi\u00f3 al Senado un acuerdo final con fondos buitre para cerrar el default y presiona por una aprobaci\u00f3n expr\u00e9s"}]},{"@type":"WebSite","@id":"https:\/\/gysfm.com.ar\/inicio\/#website","url":"https:\/\/gysfm.com.ar\/inicio\/","name":"GYS NOTICIAS |","description":"DIARIO - RADIO ONLINE SAN JUAN ARGENTINA","publisher":{"@id":"https:\/\/gysfm.com.ar\/inicio\/#organization"},"potentialAction":[{"@type":"SearchAction","target":{"@type":"EntryPoint","urlTemplate":"https:\/\/gysfm.com.ar\/inicio\/?s={search_term_string}"},"query-input":{"@type":"PropertyValueSpecification","valueRequired":true,"valueName":"search_term_string"}}],"inLanguage":"es"},{"@type":"Organization","@id":"https:\/\/gysfm.com.ar\/inicio\/#organization","name":"GYS NOTICIAS |","url":"https:\/\/gysfm.com.ar\/inicio\/","logo":{"@type":"ImageObject","inLanguage":"es","@id":"https:\/\/gysfm.com.ar\/inicio\/#\/schema\/logo\/image\/","url":"https:\/\/gysfm.com.ar\/inicio\/wp-content\/uploads\/2023\/07\/LOGOGYS-OK.png","contentUrl":"https:\/\/gysfm.com.ar\/inicio\/wp-content\/uploads\/2023\/07\/LOGOGYS-OK.png","width":1170,"height":872,"caption":"GYS NOTICIAS |"},"image":{"@id":"https:\/\/gysfm.com.ar\/inicio\/#\/schema\/logo\/image\/"}},{"@type":"Person","@id":"https:\/\/gysfm.com.ar\/inicio\/#\/schema\/person\/3abba7593ef2ad19e1be221d54383dc5","name":"Prensa G&amp;S FM","image":{"@type":"ImageObject","inLanguage":"es","@id":"https:\/\/gysfm.com.ar\/inicio\/#\/schema\/person\/image\/","url":"https:\/\/secure.gravatar.com\/avatar\/096ec78df02049ab018702bb4ccedf659377fa92a26540b5247612077a0dbd29?s=96&d=mm&r=g","contentUrl":"https:\/\/secure.gravatar.com\/avatar\/096ec78df02049ab018702bb4ccedf659377fa92a26540b5247612077a0dbd29?s=96&d=mm&r=g","caption":"Prensa G&amp;S FM"},"sameAs":["https:\/\/gysfm.com.ar\/"],"url":"https:\/\/gysfm.com.ar\/inicio\/author\/lucasm\/"}]}},"_links":{"self":[{"href":"https:\/\/gysfm.com.ar\/inicio\/wp-json\/wp\/v2\/posts\/192056","targetHints":{"allow":["GET"]}}],"collection":[{"href":"https:\/\/gysfm.com.ar\/inicio\/wp-json\/wp\/v2\/posts"}],"about":[{"href":"https:\/\/gysfm.com.ar\/inicio\/wp-json\/wp\/v2\/types\/post"}],"author":[{"embeddable":true,"href":"https:\/\/gysfm.com.ar\/inicio\/wp-json\/wp\/v2\/users\/2"}],"replies":[{"embeddable":true,"href":"https:\/\/gysfm.com.ar\/inicio\/wp-json\/wp\/v2\/comments?post=192056"}],"version-history":[{"count":0,"href":"https:\/\/gysfm.com.ar\/inicio\/wp-json\/wp\/v2\/posts\/192056\/revisions"}],"wp:featuredmedia":[{"embeddable":true,"href":"https:\/\/gysfm.com.ar\/inicio\/wp-json\/wp\/v2\/media\/96068"}],"wp:attachment":[{"href":"https:\/\/gysfm.com.ar\/inicio\/wp-json\/wp\/v2\/media?parent=192056"}],"wp:term":[{"taxonomy":"category","embeddable":true,"href":"https:\/\/gysfm.com.ar\/inicio\/wp-json\/wp\/v2\/categories?post=192056"},{"taxonomy":"post_tag","embeddable":true,"href":"https:\/\/gysfm.com.ar\/inicio\/wp-json\/wp\/v2\/tags?post=192056"}],"curies":[{"name":"wp","href":"https:\/\/api.w.org\/{rel}","templated":true}]}}