{"id":192054,"date":"2026-04-21T04:24:24","date_gmt":"2026-04-21T07:24:24","guid":{"rendered":"https:\/\/gysfm.com.ar\/inicio\/la-dirigencia-politica-y-empresarial-se-reunio-en-la-cena-anual-de-cippec-bajo-la-consigna-crecer-o-crecer\/"},"modified":"2026-04-21T04:24:24","modified_gmt":"2026-04-21T07:24:24","slug":"la-dirigencia-politica-y-empresarial-se-reunio-en-la-cena-anual-de-cippec-bajo-la-consigna-crecer-o-crecer","status":"publish","type":"post","link":"https:\/\/gysfm.com.ar\/inicio\/la-dirigencia-politica-y-empresarial-se-reunio-en-la-cena-anual-de-cippec-bajo-la-consigna-crecer-o-crecer\/","title":{"rendered":"La dirigencia pol\u00edtica y empresarial se reuni\u00f3 en la cena anual de CIPPEC bajo la consigna \u201cCrecer o crecer\u201d"},"content":{"rendered":"<p><\/p>\n<div id=\"article-content\">\n<p>El Centro de Implementaci\u00f3n de Pol\u00edticas P\u00fablicas para la Equidad y el Crecimiento (<strong>CIPPEC<\/strong>) realiz\u00f3 este 20 de abril su <strong>tradicional cena anual <\/strong>en el <a target=\"_blank\" href=\"https:\/\/www.perfil.com\/noticias\/empresas-y-protagonistas\/llega-la-13-edicion-de-expo-efi.phtml\">Centro de Convenciones de Buenos Aires<\/a>, donde m\u00e1s de mil referentes de la pol\u00edtica, el empresariado y la diplomacia se congregaron bajo el lema \u00abCrecer o crecer\u00bb, con eje en la construcci\u00f3n de acuerdos para el desarrollo econ\u00f3mico. <\/p>\n<p>El evento, que coincidi\u00f3 con el 26\u00b0 aniversario de la instituci\u00f3n, marc\u00f3 el debut de <strong>Luciano Laspina<\/strong> como director ejecutivo, quien junto al presidente del Consejo de Administraci\u00f3n, <strong>Jos\u00e9 Orlando<\/strong>, inst\u00f3 a construir una hoja de ruta compartida para los pr\u00f3ximos diez a\u00f1os.<\/p>\n<div style=\"text-align:center\">\n<figure class=\"image\" style=\"display:inline-block\"><picture><source media=\"(max-width: 440px)\" srcset=\"https:\/\/fotos.perfil.com\/\/2026\/04\/21\/440\/0\/cena-de-cipec-20260420-2224465.jpg?webp\"\/><source media=\"(max-width: 1019px)\" srcset=\"https:\/\/fotos.perfil.com\/\/2026\/04\/21\/712\/0\/cena-de-cipec-20260420-2224465.jpg?webp\"\/><img decoding=\"async\" style=\"max-width: 100%; width: 100%;\" alt=\"Cena de CIPEC 20260420\" src=\"https:\/\/fotos.perfil.com\/\/2026\/04\/21\/900\/0\/cena-de-cipec-20260420-2224465.jpg?webp\" loading=\"lazy\"\/><\/picture><figcaption>Fabi\u00e1n Perechodnik<\/figcaption><\/figure>\n<\/p><\/div>\n<div style=\"text-align:center\">\n<figure class=\"image\" style=\"display:inline-block\"><picture><source media=\"(max-width: 440px)\" srcset=\"https:\/\/fotos.perfil.com\/\/2026\/04\/21\/440\/0\/cena-de-cipec-20260420-2224461.jpg?webp\"\/><source media=\"(max-width: 1019px)\" srcset=\"https:\/\/fotos.perfil.com\/\/2026\/04\/21\/712\/0\/cena-de-cipec-20260420-2224461.jpg?webp\"\/><img decoding=\"async\" style=\"max-width: 100%; width: 100%;\" alt=\"Cena de CIPEC 20260420\" src=\"https:\/\/fotos.perfil.com\/\/2026\/04\/21\/900\/0\/cena-de-cipec-20260420-2224461.jpg?webp\" loading=\"lazy\"\/><\/picture><figcaption>Emilio Monz\u00f3 y Mart\u00edn Tetaz<\/figcaption><\/figure>\n<\/p><\/div>\n<p>Bajo una lluvia persistente que marc\u00f3 el ingreso de los invitados, la velada reuni\u00f3 a una amplia delegaci\u00f3n del Gobierno nacional. Entre los presentes se destacaron las ministras <strong>Sandra Pettovello<\/strong> (Capital Humano) y <strong>Alejandra Monteoliva<\/strong> (Seguridad), el ministro de Desregulaci\u00f3n y Transformaci\u00f3n del Estado, <strong>Federico Sturzenegger<\/strong>, y el presidente del Banco Central, <strong>Santiago Bausili<\/strong>.<\/p>\n<div class=\"subscription\">\n<p>\n        Esto no les gusta a los autoritarios\n    <\/p>\n<div class=\"subscription__container\">\n<div class=\"subscription__text-wrapper\">\n<p>\n                El ejercicio del periodismo profesional y cr\u00edtico es un pilar fundamental de la democracia. Por eso molesta a quienes creen ser los due\u00f1os de la verdad.\n            <\/p>\n<\/p><\/div><\/div>\n<\/div>\n<p>Tambi\u00e9n asistieron figuras parlamentarias como los senadores <strong>Patricia Bullrich, Luis Petri,<\/strong> y el diputado <strong>Cristian Ritondo<\/strong>, adem\u00e1s de los gobernadores <strong>Rogelio Frigerio<\/strong> (Entre R\u00edos) e<strong> Ignacio Torres <\/strong>(Chubut) y la excanciller <strong>Diana Mondino. <\/strong><\/p>\n<p class=\"destacadoNota\"><a target=\"_blank\" href=\"https:\/\/www.perfil.com\/noticias\/cordoba\/tragedia-en-el-rally-denuncian-negligencia-en-los-controles-y-fallas-en-la-organizacion.phtml\">Tragedia en el rally: denuncian negligencia en los controles y fallas en la organizaci\u00f3n<\/a><\/p>\n<p>Durante la velada, las autoridades de CIPPEC plantearon la necesidad de construir acuerdos pol\u00edticos de largo plazo y consolidar una agenda basada en evidencia. El director ejecutivo, Luciano Laspina, se\u00f1al\u00f3 que el pa\u00eds enfrenta el desaf\u00edo de avanzar en reformas estructurales y sostuvo: \u201c<strong>Crecer o crecer es lo que necesitamos los argentinos despu\u00e9s de una d\u00e9cada de estancamiento<\/strong>\u201d.<\/p>\n<div style=\"text-align:center\">\n<figure class=\"image\" style=\"display:inline-block\"><picture><source media=\"(max-width: 440px)\" srcset=\"https:\/\/fotos.perfil.com\/\/2026\/04\/21\/440\/0\/cena-de-cipec-20260420-2224460.jpg?webp\"\/><source media=\"(max-width: 1019px)\" srcset=\"https:\/\/fotos.perfil.com\/\/2026\/04\/21\/712\/0\/cena-de-cipec-20260420-2224460.jpg?webp\"\/><img decoding=\"async\" style=\"max-width: 100%; width: 100%;\" alt=\"Cena de CIPEC 20260420\" src=\"https:\/\/fotos.perfil.com\/\/2026\/04\/21\/900\/0\/cena-de-cipec-20260420-2224460.jpg?webp\" loading=\"lazy\"\/><\/picture><figcaption>Ricardo Gil Lavedra<\/figcaption><\/figure>\n<\/p><\/div>\n<p style=\"text-align:center\"><picture><source media=\"(max-width: 440px)\" srcset=\"https:\/\/fotos.perfil.com\/\/2026\/04\/21\/440\/0\/cena-de-cipec-20260420-2224464.jpg?webp\"\/><source media=\"(max-width: 1019px)\" srcset=\"https:\/\/fotos.perfil.com\/\/2026\/04\/21\/712\/0\/cena-de-cipec-20260420-2224464.jpg?webp\"\/><img decoding=\"async\" style=\"max-width: 100%; width: 100%;\" alt=\"Cena de CIPEC 20260420\" src=\"https:\/\/fotos.perfil.com\/\/2026\/04\/21\/900\/0\/cena-de-cipec-20260420-2224464.jpg?webp\" loading=\"lazy\"\/><\/picture><\/p>\n<p>En esa l\u00ednea, plante\u00f3 la importancia de una articulaci\u00f3n entre el Estado \u2014en sus distintos niveles\u2014 y el sector privado, con el objetivo de impulsar una transici\u00f3n hacia una econom\u00eda orientada al desarrollo sostenido. Tambi\u00e9n remarc\u00f3 que existen<strong> reformas pendientes<\/strong>, como las vinculadas al <strong>sistema previsional, impositivo y fiscal<\/strong>, consideradas centrales para la competitividad y la estabilidad de largo plazo.<\/p>\n<p class=\"destacadoNota\"><a target=\"_blank\" href=\"https:\/\/www.perfil.com\/noticias\/internacional\/ignora-la-realidad-china-cuestiono-a-peter-lamelas-por-su-advertencia-a-argentina-y-exhibio-su-canal-con-trump-a39.phtml\">\u00abIgnora la realidad\u00bb: China cuestion\u00f3 a Peter Lamelas por su \u00abadvertencia\u00bb a Argentina y exhibi\u00f3 su canal con Trump<\/a><\/p>\n<p>Por su parte, el presidente del Consejo de Administraci\u00f3n de CIPPEC, Jos\u00e9 Orlando, enfatiz\u00f3 que la Argentina se encuentra en la<strong> \u00abantesala de una gran oportunidad\u00bb<\/strong> gracias a sus recursos naturales y una sociedad dispuesta al cambio, aunque aclar\u00f3 que la riqueza solo se concreta mediante pol\u00edticas que incentiven la creatividad y la iniciativa econ\u00f3mica.<\/p>\n<p>El llamado central de la organizaci\u00f3n fue la b\u00fasqueda de un<strong> \u00abacuerdo pol\u00edtico b\u00e1sico y duradero\u00bb <\/strong>que trascienda las ideolog\u00edas y garantice reglas claras, como el equilibrio fiscal y el respeto a los contratos.<\/p>\n<p>La convocatoria tambi\u00e9n tuvo un marcado car\u00e1cter internacional. Asistieron los embajadores <strong>Wei Wang<\/strong> (China), <strong>Peter Lamelas<\/strong> (Estados Unidos), <strong>Julio Glinternick Bitelli<\/strong> (Brasil) y <strong>Dieter Laml\u00e9<\/strong> (Alemania), adem\u00e1s de representantes de organismos multilaterales como <strong>Viviana Alva Hart<\/strong> (BID), <strong>Susana Edjang<\/strong> (CAF) y <strong>Rafael Ram\u00edrez<\/strong> (UNICEF).<\/p>\n<p>Desde el arco opositor y sindical, se sumaron los diputados nacionales de Uni\u00f3n por la Patria, <strong>Germ\u00e1n Mart\u00ednez<\/strong> y <strong>Victoria Tolosa Paz<\/strong>, junto a los secretarios generales <strong>Cristian Jer\u00f3nimo<\/strong> (CGT) y <strong>Gerardo Mart\u00ednez<\/strong> (UOCRA).<\/p>\n<p class=\"destacadoNota\"><a target=\"_blank\" href=\"https:\/\/www.perfil.com\/noticias\/protagonistas\/el-world-press-photo-2026-premio-una-iconica-foto-argentina.phtml\">El World Press Photo 2026 premi\u00f3 una ic\u00f3nica foto argentina<\/a><\/p>\n<div style=\"text-align:center\">\n<figure class=\"image\" style=\"display:inline-block\"><picture><source media=\"(max-width: 440px)\" srcset=\"https:\/\/fotos.perfil.com\/\/2026\/04\/21\/440\/0\/cena-de-cipec-20260420-2224458.jpg?webp\"\/><source media=\"(max-width: 1019px)\" srcset=\"https:\/\/fotos.perfil.com\/\/2026\/04\/21\/712\/0\/cena-de-cipec-20260420-2224458.jpg?webp\"\/><img decoding=\"async\" style=\"max-width: 100%; width: 100%;\" alt=\"Cena de CIPEC 20260420\" src=\"https:\/\/fotos.perfil.com\/\/2026\/04\/21\/900\/0\/cena-de-cipec-20260420-2224458.jpg?webp\" loading=\"lazy\"\/><\/picture><figcaption>Diana Mondino<\/figcaption><\/figure>\n<\/p><\/div>\n<div style=\"text-align:center\">\n<figure class=\"image\" style=\"display:inline-block\"><picture><source media=\"(max-width: 440px)\" srcset=\"https:\/\/fotos.perfil.com\/\/2026\/04\/21\/440\/0\/cena-de-cipec-20260420-2224476.jpg?webp\"\/><source media=\"(max-width: 1019px)\" srcset=\"https:\/\/fotos.perfil.com\/\/2026\/04\/21\/712\/0\/cena-de-cipec-20260420-2224476.jpg?webp\"\/><img decoding=\"async\" style=\"max-width: 100%; width: 100%;\" alt=\"Cena de CIPEC 20260420\" src=\"https:\/\/fotos.perfil.com\/\/2026\/04\/21\/900\/0\/cena-de-cipec-20260420-2224476.jpg?webp\" loading=\"lazy\"\/><\/picture><figcaption>Germ\u00e1n Mart\u00ednez<\/figcaption><\/figure>\n<\/p><\/div>\n<h2> <\/h2>\n<h2>Ritondo pidi\u00f3 \u00abaflojar un poco\u00bb ante la pol\u00e9mica por Adorni<\/h2>\n<p>En la antesala del evento, el diputado nacional y jefe del bloque del PRO, <strong>Cristian Ritondo<\/strong>, destac\u00f3 la figura de <strong>Luciano Laspina<\/strong> como el nuevo conductor de CIPPEC, calific\u00e1ndolo como una persona con \u00abconocimiento y una mirada distinta\u00bb para integrar los temas de la agenda social.<\/p>\n<div style=\"text-align:center\">\n<figure class=\"image\" style=\"display:inline-block\"><picture><source media=\"(max-width: 440px)\" srcset=\"https:\/\/fotos.perfil.com\/\/2026\/04\/21\/440\/0\/cena-de-cipec-20260420-2224456.jpg?webp\"\/><source media=\"(max-width: 1019px)\" srcset=\"https:\/\/fotos.perfil.com\/\/2026\/04\/21\/712\/0\/cena-de-cipec-20260420-2224456.jpg?webp\"\/><img decoding=\"async\" style=\"max-width: 100%; width: 100%;\" alt=\"Cena de CIPEC 20260420\" src=\"https:\/\/fotos.perfil.com\/\/2026\/04\/21\/900\/0\/cena-de-cipec-20260420-2224456.jpg?webp\" loading=\"lazy\"\/><\/picture><figcaption>Cristian Ritondo<\/figcaption><\/figure>\n<\/p><\/div>\n<p>Consultado sobre la situaci\u00f3n judicial del jefe de Gabinete, Manuel Adorni, el legislador sostuvo: \u201cEl Gobierno, principalmente el presidente Javier Milei, es quien pone y saca a los funcionarios. Ah\u00ed tiene que estar la preocupaci\u00f3n; no en nuestro caso, que somos aliados. <strong>Quiero que Manuel Adorni responda preguntas <\/strong>que tienen que ver con el funcionamiento del Gobierno, pero<strong> no me voy a montar en ning\u00fan show<\/strong>, por lo que est\u00e1n diciendo de un lado y del otro. Est\u00e1n hace tres meses con esto, me parecen que<strong> tienen que aflojar un poco<\/strong>\u00ab.<\/p>\n<p><em>GD\/ML<\/em><\/p>\n<\/p><\/div>\n<p><script>\n                !function(f,b,e,v,n,t,s)\n                {if(f.fbq)return;n=f.fbq=function(){n.callMethod?\n                    n.callMethod.apply(n,arguments):n.queue.push(arguments)};\n                    if(!f._fbq)f._fbq=n;n.push=n;n.loaded=!0;n.version='2.0';\n                    n.queue=[];t=b.createElement(e);t.async=!0;\n                    t.src=v;s=b.getElementsByTagName(e)[0];\n                    s.parentNode.insertBefore(t,s)}(window, document,'script',\n                    'https:\/\/connect.facebook.net\/en_US\/fbevents.js');\n                window.paywallConfig.facebook_pixel=\"1000228364089342\"\n            <\/script><\/p>\n","protected":false},"excerpt":{"rendered":"<p>El Centro de Implementaci\u00f3n de Pol\u00edticas P\u00fablicas para la Equidad y el Crecimiento (CIPPEC) realiz\u00f3 este 20 de abril su tradicional cena anual en el Centro de Convenciones de Buenos Aires, donde m\u00e1s de mil referentes de la pol\u00edtica, el empresariado y la diplomacia se congregaron bajo el lema \u00abCrecer o crecer\u00bb, con eje en [&hellip;]<\/p>\n","protected":false},"author":2,"featured_media":192055,"comment_status":"closed","ping_status":"closed","sticky":false,"template":"","format":"standard","meta":{"footnotes":""},"categories":[25],"tags":[],"class_list":["post-192054","post","type-post","status-publish","format-standard","has-post-thumbnail","hentry","category-nacionales"],"yoast_head":"<!-- This site is optimized with the Yoast SEO plugin v24.4 - https:\/\/yoast.com\/wordpress\/plugins\/seo\/ -->\n<title>La dirigencia pol\u00edtica y empresarial se reuni\u00f3 en la cena anual de CIPPEC bajo la consigna \u201cCrecer o crecer\u201d - GYS NOTICIAS |<\/title>\n<meta name=\"robots\" content=\"index, follow, max-snippet:-1, max-image-preview:large, max-video-preview:-1\" \/>\n<link rel=\"canonical\" href=\"https:\/\/gysfm.com.ar\/inicio\/la-dirigencia-politica-y-empresarial-se-reunio-en-la-cena-anual-de-cippec-bajo-la-consigna-crecer-o-crecer\/\" \/>\n<meta property=\"og:locale\" content=\"es_ES\" \/>\n<meta property=\"og:type\" content=\"article\" \/>\n<meta property=\"og:title\" content=\"La dirigencia pol\u00edtica y empresarial se reuni\u00f3 en la cena anual de CIPPEC bajo la consigna \u201cCrecer o crecer\u201d - GYS NOTICIAS |\" \/>\n<meta property=\"og:description\" content=\"El Centro de Implementaci\u00f3n de Pol\u00edticas P\u00fablicas para la Equidad y el Crecimiento (CIPPEC) realiz\u00f3 este 20 de abril su tradicional cena anual en el Centro de Convenciones de Buenos Aires, donde m\u00e1s de mil referentes de la pol\u00edtica, el empresariado y la diplomacia se congregaron bajo el lema \u00abCrecer o crecer\u00bb, con eje en [&hellip;]\" \/>\n<meta property=\"og:url\" content=\"https:\/\/gysfm.com.ar\/inicio\/la-dirigencia-politica-y-empresarial-se-reunio-en-la-cena-anual-de-cippec-bajo-la-consigna-crecer-o-crecer\/\" \/>\n<meta property=\"og:site_name\" content=\"GYS NOTICIAS |\" \/>\n<meta property=\"article:published_time\" content=\"2026-04-21T07:24:24+00:00\" \/>\n<meta property=\"og:image\" content=\"https:\/\/fotos.perfil.com\/\/2026\/04\/21\/900\/0\/cena-de-cipec-20260420-2224465.jpg?webp\" \/>\n<meta name=\"author\" content=\"Prensa G&amp;S FM\" \/>\n<meta name=\"twitter:card\" content=\"summary_large_image\" \/>\n<meta name=\"twitter:label1\" content=\"Escrito por\" \/>\n\t<meta name=\"twitter:data1\" content=\"Prensa G&amp;S FM\" \/>\n\t<meta name=\"twitter:label2\" content=\"Tiempo de lectura\" \/>\n\t<meta name=\"twitter:data2\" content=\"4 minutos\" \/>\n<script type=\"application\/ld+json\" class=\"yoast-schema-graph\">{\"@context\":\"https:\/\/schema.org\",\"@graph\":[{\"@type\":\"Article\",\"@id\":\"https:\/\/gysfm.com.ar\/inicio\/la-dirigencia-politica-y-empresarial-se-reunio-en-la-cena-anual-de-cippec-bajo-la-consigna-crecer-o-crecer\/#article\",\"isPartOf\":{\"@id\":\"https:\/\/gysfm.com.ar\/inicio\/la-dirigencia-politica-y-empresarial-se-reunio-en-la-cena-anual-de-cippec-bajo-la-consigna-crecer-o-crecer\/\"},\"author\":{\"name\":\"Prensa G&amp;S FM\",\"@id\":\"https:\/\/gysfm.com.ar\/inicio\/#\/schema\/person\/3abba7593ef2ad19e1be221d54383dc5\"},\"headline\":\"La dirigencia pol\u00edtica y empresarial se reuni\u00f3 en la cena anual de CIPPEC bajo la consigna \u201cCrecer o crecer\u201d\",\"datePublished\":\"2026-04-21T07:24:24+00:00\",\"mainEntityOfPage\":{\"@id\":\"https:\/\/gysfm.com.ar\/inicio\/la-dirigencia-politica-y-empresarial-se-reunio-en-la-cena-anual-de-cippec-bajo-la-consigna-crecer-o-crecer\/\"},\"wordCount\":796,\"publisher\":{\"@id\":\"https:\/\/gysfm.com.ar\/inicio\/#organization\"},\"image\":{\"@id\":\"https:\/\/gysfm.com.ar\/inicio\/la-dirigencia-politica-y-empresarial-se-reunio-en-la-cena-anual-de-cippec-bajo-la-consigna-crecer-o-crecer\/#primaryimage\"},\"thumbnailUrl\":\"https:\/\/gysfm.com.ar\/inicio\/wp-content\/uploads\/2026\/04\/cena-anual-de-cippec-20260420-2224497.jpg\",\"articleSection\":[\"NACIONALES\"],\"inLanguage\":\"es\"},{\"@type\":\"WebPage\",\"@id\":\"https:\/\/gysfm.com.ar\/inicio\/la-dirigencia-politica-y-empresarial-se-reunio-en-la-cena-anual-de-cippec-bajo-la-consigna-crecer-o-crecer\/\",\"url\":\"https:\/\/gysfm.com.ar\/inicio\/la-dirigencia-politica-y-empresarial-se-reunio-en-la-cena-anual-de-cippec-bajo-la-consigna-crecer-o-crecer\/\",\"name\":\"La dirigencia pol\u00edtica y empresarial se reuni\u00f3 en la cena anual de CIPPEC bajo la consigna \u201cCrecer o crecer\u201d - GYS NOTICIAS |\",\"isPartOf\":{\"@id\":\"https:\/\/gysfm.com.ar\/inicio\/#website\"},\"primaryImageOfPage\":{\"@id\":\"https:\/\/gysfm.com.ar\/inicio\/la-dirigencia-politica-y-empresarial-se-reunio-en-la-cena-anual-de-cippec-bajo-la-consigna-crecer-o-crecer\/#primaryimage\"},\"image\":{\"@id\":\"https:\/\/gysfm.com.ar\/inicio\/la-dirigencia-politica-y-empresarial-se-reunio-en-la-cena-anual-de-cippec-bajo-la-consigna-crecer-o-crecer\/#primaryimage\"},\"thumbnailUrl\":\"https:\/\/gysfm.com.ar\/inicio\/wp-content\/uploads\/2026\/04\/cena-anual-de-cippec-20260420-2224497.jpg\",\"datePublished\":\"2026-04-21T07:24:24+00:00\",\"breadcrumb\":{\"@id\":\"https:\/\/gysfm.com.ar\/inicio\/la-dirigencia-politica-y-empresarial-se-reunio-en-la-cena-anual-de-cippec-bajo-la-consigna-crecer-o-crecer\/#breadcrumb\"},\"inLanguage\":\"es\",\"potentialAction\":[{\"@type\":\"ReadAction\",\"target\":[\"https:\/\/gysfm.com.ar\/inicio\/la-dirigencia-politica-y-empresarial-se-reunio-en-la-cena-anual-de-cippec-bajo-la-consigna-crecer-o-crecer\/\"]}]},{\"@type\":\"ImageObject\",\"inLanguage\":\"es\",\"@id\":\"https:\/\/gysfm.com.ar\/inicio\/la-dirigencia-politica-y-empresarial-se-reunio-en-la-cena-anual-de-cippec-bajo-la-consigna-crecer-o-crecer\/#primaryimage\",\"url\":\"https:\/\/gysfm.com.ar\/inicio\/wp-content\/uploads\/2026\/04\/cena-anual-de-cippec-20260420-2224497.jpg\",\"contentUrl\":\"https:\/\/gysfm.com.ar\/inicio\/wp-content\/uploads\/2026\/04\/cena-anual-de-cippec-20260420-2224497.jpg\",\"width\":1140,\"height\":641},{\"@type\":\"BreadcrumbList\",\"@id\":\"https:\/\/gysfm.com.ar\/inicio\/la-dirigencia-politica-y-empresarial-se-reunio-en-la-cena-anual-de-cippec-bajo-la-consigna-crecer-o-crecer\/#breadcrumb\",\"itemListElement\":[{\"@type\":\"ListItem\",\"position\":1,\"name\":\"Portada\",\"item\":\"https:\/\/gysfm.com.ar\/inicio\/\"},{\"@type\":\"ListItem\",\"position\":2,\"name\":\"La dirigencia pol\u00edtica y empresarial se reuni\u00f3 en la cena anual de CIPPEC bajo la consigna \u201cCrecer o crecer\u201d\"}]},{\"@type\":\"WebSite\",\"@id\":\"https:\/\/gysfm.com.ar\/inicio\/#website\",\"url\":\"https:\/\/gysfm.com.ar\/inicio\/\",\"name\":\"GYS NOTICIAS |\",\"description\":\"DIARIO - RADIO ONLINE SAN JUAN ARGENTINA\",\"publisher\":{\"@id\":\"https:\/\/gysfm.com.ar\/inicio\/#organization\"},\"potentialAction\":[{\"@type\":\"SearchAction\",\"target\":{\"@type\":\"EntryPoint\",\"urlTemplate\":\"https:\/\/gysfm.com.ar\/inicio\/?s={search_term_string}\"},\"query-input\":{\"@type\":\"PropertyValueSpecification\",\"valueRequired\":true,\"valueName\":\"search_term_string\"}}],\"inLanguage\":\"es\"},{\"@type\":\"Organization\",\"@id\":\"https:\/\/gysfm.com.ar\/inicio\/#organization\",\"name\":\"GYS NOTICIAS |\",\"url\":\"https:\/\/gysfm.com.ar\/inicio\/\",\"logo\":{\"@type\":\"ImageObject\",\"inLanguage\":\"es\",\"@id\":\"https:\/\/gysfm.com.ar\/inicio\/#\/schema\/logo\/image\/\",\"url\":\"https:\/\/gysfm.com.ar\/inicio\/wp-content\/uploads\/2023\/07\/LOGOGYS-OK.png\",\"contentUrl\":\"https:\/\/gysfm.com.ar\/inicio\/wp-content\/uploads\/2023\/07\/LOGOGYS-OK.png\",\"width\":1170,\"height\":872,\"caption\":\"GYS NOTICIAS |\"},\"image\":{\"@id\":\"https:\/\/gysfm.com.ar\/inicio\/#\/schema\/logo\/image\/\"}},{\"@type\":\"Person\",\"@id\":\"https:\/\/gysfm.com.ar\/inicio\/#\/schema\/person\/3abba7593ef2ad19e1be221d54383dc5\",\"name\":\"Prensa G&amp;S FM\",\"image\":{\"@type\":\"ImageObject\",\"inLanguage\":\"es\",\"@id\":\"https:\/\/gysfm.com.ar\/inicio\/#\/schema\/person\/image\/\",\"url\":\"https:\/\/secure.gravatar.com\/avatar\/096ec78df02049ab018702bb4ccedf659377fa92a26540b5247612077a0dbd29?s=96&d=mm&r=g\",\"contentUrl\":\"https:\/\/secure.gravatar.com\/avatar\/096ec78df02049ab018702bb4ccedf659377fa92a26540b5247612077a0dbd29?s=96&d=mm&r=g\",\"caption\":\"Prensa G&amp;S FM\"},\"sameAs\":[\"https:\/\/gysfm.com.ar\/\"],\"url\":\"https:\/\/gysfm.com.ar\/inicio\/author\/lucasm\/\"}]}<\/script>\n<!-- \/ Yoast SEO plugin. -->","yoast_head_json":{"title":"La dirigencia pol\u00edtica y empresarial se reuni\u00f3 en la cena anual de CIPPEC bajo la consigna \u201cCrecer o crecer\u201d - GYS NOTICIAS |","robots":{"index":"index","follow":"follow","max-snippet":"max-snippet:-1","max-image-preview":"max-image-preview:large","max-video-preview":"max-video-preview:-1"},"canonical":"https:\/\/gysfm.com.ar\/inicio\/la-dirigencia-politica-y-empresarial-se-reunio-en-la-cena-anual-de-cippec-bajo-la-consigna-crecer-o-crecer\/","og_locale":"es_ES","og_type":"article","og_title":"La dirigencia pol\u00edtica y empresarial se reuni\u00f3 en la cena anual de CIPPEC bajo la consigna \u201cCrecer o crecer\u201d - GYS NOTICIAS |","og_description":"El Centro de Implementaci\u00f3n de Pol\u00edticas P\u00fablicas para la Equidad y el Crecimiento (CIPPEC) realiz\u00f3 este 20 de abril su tradicional cena anual en el Centro de Convenciones de Buenos Aires, donde m\u00e1s de mil referentes de la pol\u00edtica, el empresariado y la diplomacia se congregaron bajo el lema \u00abCrecer o crecer\u00bb, con eje en [&hellip;]","og_url":"https:\/\/gysfm.com.ar\/inicio\/la-dirigencia-politica-y-empresarial-se-reunio-en-la-cena-anual-de-cippec-bajo-la-consigna-crecer-o-crecer\/","og_site_name":"GYS NOTICIAS |","article_published_time":"2026-04-21T07:24:24+00:00","og_image":[{"url":"https:\/\/fotos.perfil.com\/\/2026\/04\/21\/900\/0\/cena-de-cipec-20260420-2224465.jpg?webp","type":"","width":"","height":""}],"author":"Prensa G&amp;S FM","twitter_card":"summary_large_image","twitter_misc":{"Escrito por":"Prensa G&amp;S FM","Tiempo de lectura":"4 minutos"},"schema":{"@context":"https:\/\/schema.org","@graph":[{"@type":"Article","@id":"https:\/\/gysfm.com.ar\/inicio\/la-dirigencia-politica-y-empresarial-se-reunio-en-la-cena-anual-de-cippec-bajo-la-consigna-crecer-o-crecer\/#article","isPartOf":{"@id":"https:\/\/gysfm.com.ar\/inicio\/la-dirigencia-politica-y-empresarial-se-reunio-en-la-cena-anual-de-cippec-bajo-la-consigna-crecer-o-crecer\/"},"author":{"name":"Prensa G&amp;S FM","@id":"https:\/\/gysfm.com.ar\/inicio\/#\/schema\/person\/3abba7593ef2ad19e1be221d54383dc5"},"headline":"La dirigencia pol\u00edtica y empresarial se reuni\u00f3 en la cena anual de CIPPEC bajo la consigna \u201cCrecer o crecer\u201d","datePublished":"2026-04-21T07:24:24+00:00","mainEntityOfPage":{"@id":"https:\/\/gysfm.com.ar\/inicio\/la-dirigencia-politica-y-empresarial-se-reunio-en-la-cena-anual-de-cippec-bajo-la-consigna-crecer-o-crecer\/"},"wordCount":796,"publisher":{"@id":"https:\/\/gysfm.com.ar\/inicio\/#organization"},"image":{"@id":"https:\/\/gysfm.com.ar\/inicio\/la-dirigencia-politica-y-empresarial-se-reunio-en-la-cena-anual-de-cippec-bajo-la-consigna-crecer-o-crecer\/#primaryimage"},"thumbnailUrl":"https:\/\/gysfm.com.ar\/inicio\/wp-content\/uploads\/2026\/04\/cena-anual-de-cippec-20260420-2224497.jpg","articleSection":["NACIONALES"],"inLanguage":"es"},{"@type":"WebPage","@id":"https:\/\/gysfm.com.ar\/inicio\/la-dirigencia-politica-y-empresarial-se-reunio-en-la-cena-anual-de-cippec-bajo-la-consigna-crecer-o-crecer\/","url":"https:\/\/gysfm.com.ar\/inicio\/la-dirigencia-politica-y-empresarial-se-reunio-en-la-cena-anual-de-cippec-bajo-la-consigna-crecer-o-crecer\/","name":"La dirigencia pol\u00edtica y empresarial se reuni\u00f3 en la cena anual de CIPPEC bajo la consigna \u201cCrecer o crecer\u201d - GYS NOTICIAS |","isPartOf":{"@id":"https:\/\/gysfm.com.ar\/inicio\/#website"},"primaryImageOfPage":{"@id":"https:\/\/gysfm.com.ar\/inicio\/la-dirigencia-politica-y-empresarial-se-reunio-en-la-cena-anual-de-cippec-bajo-la-consigna-crecer-o-crecer\/#primaryimage"},"image":{"@id":"https:\/\/gysfm.com.ar\/inicio\/la-dirigencia-politica-y-empresarial-se-reunio-en-la-cena-anual-de-cippec-bajo-la-consigna-crecer-o-crecer\/#primaryimage"},"thumbnailUrl":"https:\/\/gysfm.com.ar\/inicio\/wp-content\/uploads\/2026\/04\/cena-anual-de-cippec-20260420-2224497.jpg","datePublished":"2026-04-21T07:24:24+00:00","breadcrumb":{"@id":"https:\/\/gysfm.com.ar\/inicio\/la-dirigencia-politica-y-empresarial-se-reunio-en-la-cena-anual-de-cippec-bajo-la-consigna-crecer-o-crecer\/#breadcrumb"},"inLanguage":"es","potentialAction":[{"@type":"ReadAction","target":["https:\/\/gysfm.com.ar\/inicio\/la-dirigencia-politica-y-empresarial-se-reunio-en-la-cena-anual-de-cippec-bajo-la-consigna-crecer-o-crecer\/"]}]},{"@type":"ImageObject","inLanguage":"es","@id":"https:\/\/gysfm.com.ar\/inicio\/la-dirigencia-politica-y-empresarial-se-reunio-en-la-cena-anual-de-cippec-bajo-la-consigna-crecer-o-crecer\/#primaryimage","url":"https:\/\/gysfm.com.ar\/inicio\/wp-content\/uploads\/2026\/04\/cena-anual-de-cippec-20260420-2224497.jpg","contentUrl":"https:\/\/gysfm.com.ar\/inicio\/wp-content\/uploads\/2026\/04\/cena-anual-de-cippec-20260420-2224497.jpg","width":1140,"height":641},{"@type":"BreadcrumbList","@id":"https:\/\/gysfm.com.ar\/inicio\/la-dirigencia-politica-y-empresarial-se-reunio-en-la-cena-anual-de-cippec-bajo-la-consigna-crecer-o-crecer\/#breadcrumb","itemListElement":[{"@type":"ListItem","position":1,"name":"Portada","item":"https:\/\/gysfm.com.ar\/inicio\/"},{"@type":"ListItem","position":2,"name":"La dirigencia pol\u00edtica y empresarial se reuni\u00f3 en la cena anual de CIPPEC bajo la consigna \u201cCrecer o crecer\u201d"}]},{"@type":"WebSite","@id":"https:\/\/gysfm.com.ar\/inicio\/#website","url":"https:\/\/gysfm.com.ar\/inicio\/","name":"GYS NOTICIAS |","description":"DIARIO - RADIO ONLINE SAN JUAN ARGENTINA","publisher":{"@id":"https:\/\/gysfm.com.ar\/inicio\/#organization"},"potentialAction":[{"@type":"SearchAction","target":{"@type":"EntryPoint","urlTemplate":"https:\/\/gysfm.com.ar\/inicio\/?s={search_term_string}"},"query-input":{"@type":"PropertyValueSpecification","valueRequired":true,"valueName":"search_term_string"}}],"inLanguage":"es"},{"@type":"Organization","@id":"https:\/\/gysfm.com.ar\/inicio\/#organization","name":"GYS NOTICIAS |","url":"https:\/\/gysfm.com.ar\/inicio\/","logo":{"@type":"ImageObject","inLanguage":"es","@id":"https:\/\/gysfm.com.ar\/inicio\/#\/schema\/logo\/image\/","url":"https:\/\/gysfm.com.ar\/inicio\/wp-content\/uploads\/2023\/07\/LOGOGYS-OK.png","contentUrl":"https:\/\/gysfm.com.ar\/inicio\/wp-content\/uploads\/2023\/07\/LOGOGYS-OK.png","width":1170,"height":872,"caption":"GYS NOTICIAS |"},"image":{"@id":"https:\/\/gysfm.com.ar\/inicio\/#\/schema\/logo\/image\/"}},{"@type":"Person","@id":"https:\/\/gysfm.com.ar\/inicio\/#\/schema\/person\/3abba7593ef2ad19e1be221d54383dc5","name":"Prensa G&amp;S FM","image":{"@type":"ImageObject","inLanguage":"es","@id":"https:\/\/gysfm.com.ar\/inicio\/#\/schema\/person\/image\/","url":"https:\/\/secure.gravatar.com\/avatar\/096ec78df02049ab018702bb4ccedf659377fa92a26540b5247612077a0dbd29?s=96&d=mm&r=g","contentUrl":"https:\/\/secure.gravatar.com\/avatar\/096ec78df02049ab018702bb4ccedf659377fa92a26540b5247612077a0dbd29?s=96&d=mm&r=g","caption":"Prensa G&amp;S FM"},"sameAs":["https:\/\/gysfm.com.ar\/"],"url":"https:\/\/gysfm.com.ar\/inicio\/author\/lucasm\/"}]}},"_links":{"self":[{"href":"https:\/\/gysfm.com.ar\/inicio\/wp-json\/wp\/v2\/posts\/192054","targetHints":{"allow":["GET"]}}],"collection":[{"href":"https:\/\/gysfm.com.ar\/inicio\/wp-json\/wp\/v2\/posts"}],"about":[{"href":"https:\/\/gysfm.com.ar\/inicio\/wp-json\/wp\/v2\/types\/post"}],"author":[{"embeddable":true,"href":"https:\/\/gysfm.com.ar\/inicio\/wp-json\/wp\/v2\/users\/2"}],"replies":[{"embeddable":true,"href":"https:\/\/gysfm.com.ar\/inicio\/wp-json\/wp\/v2\/comments?post=192054"}],"version-history":[{"count":0,"href":"https:\/\/gysfm.com.ar\/inicio\/wp-json\/wp\/v2\/posts\/192054\/revisions"}],"wp:featuredmedia":[{"embeddable":true,"href":"https:\/\/gysfm.com.ar\/inicio\/wp-json\/wp\/v2\/media\/192055"}],"wp:attachment":[{"href":"https:\/\/gysfm.com.ar\/inicio\/wp-json\/wp\/v2\/media?parent=192054"}],"wp:term":[{"taxonomy":"category","embeddable":true,"href":"https:\/\/gysfm.com.ar\/inicio\/wp-json\/wp\/v2\/categories?post=192054"},{"taxonomy":"post_tag","embeddable":true,"href":"https:\/\/gysfm.com.ar\/inicio\/wp-json\/wp\/v2\/tags?post=192054"}],"curies":[{"name":"wp","href":"https:\/\/api.w.org\/{rel}","templated":true}]}}