{"id":192049,"date":"2026-04-21T03:21:06","date_gmt":"2026-04-21T06:21:06","guid":{"rendered":"https:\/\/gysfm.com.ar\/inicio\/crisis-en-restaurantes-como-se-reinventa-el-sector-gastronomico\/"},"modified":"2026-04-21T03:21:06","modified_gmt":"2026-04-21T06:21:06","slug":"crisis-en-restaurantes-como-se-reinventa-el-sector-gastronomico","status":"publish","type":"post","link":"https:\/\/gysfm.com.ar\/inicio\/crisis-en-restaurantes-como-se-reinventa-el-sector-gastronomico\/","title":{"rendered":"Crisis en restaurantes: c\u00f3mo se reinventa el sector gastron\u00f3mico"},"content":{"rendered":"<p><\/p>\n<div id=\"article-content\">\n<p>El <a target=\"_blank\" href=\"https:\/\/www.perfil.com\/noticias\/canal-e\/industria-cervecera-en-alerta-la-gastronomia-esta-en-un-momento-dificil.phtml\"><strong>sector gastron\u00f3mico<\/strong><\/a> atraviesa un momento cr\u00edtico en la <strong>Argentina<\/strong>, marcado por la <a target=\"_blank\" href=\"https:\/\/www.perfil.com\/noticias\/canal-e\/senales-de-recuperacion-del-consumo-que-revela-una-consultora-internacional-sobre-el-repunte-en-argentina.phtml\"><strong>ca\u00edda del consumo<\/strong><\/a> y la necesidad de reconvertir los<strong> modelos de negocio<\/strong>. En di\u00e1logo con Canal E, el empresario gastron\u00f3mico y titular de Siete R\u00edos, <strong>Cristopher Cernetti<\/strong>, describi\u00f3 el complejo escenario que enfrentan los <strong>restaurantes <\/strong>y las estrategias que adoptan para sostener la actividad.<\/p>\n<p>En un contexto donde los ingresos de los consumidores se ajustan, el rubro deja de ser prioritario. La respuesta del sector, seg\u00fan explic\u00f3, pasa por adaptarse r\u00e1pidamente a las nuevas condiciones del mercado.<\/p>\n<h2><strong>Ca\u00edda del consumo y cambio en los h\u00e1bitos<\/strong><\/h2>\n<p>Cernetti fue contundente al describir la situaci\u00f3n actual. <strong>\u00abLa verdad es que el consumo ha bajado much\u00edsimo, y nosotros no somos la prioridad de la gente\u00bb<\/strong>, afirm\u00f3.<\/p>\n<p><iframe id=\"vrudo\" class=\"vrudo\" src=\"https:\/\/rudo.video\/vod\/yiMw72NAmOe?volume=0\" width=\"100%\" height=\"100%\" allowscriptaccess=\"always\" allowfullscreen=\"true\" webkitallowfullscreen=\"true\" frameborder=\"0\" scrolling=\"no\" allow=\"autoplay; fullscreen\" loading=\"lazy\" title=\"Contenido embebido\"><\/iframe><\/p>\n<p>En ese sentido, explic\u00f3 que los clientes optan por reducir gastos vinculados al ocio y la gastronom\u00eda. <strong>\u00abLa gente elige gastar un poco menos\u00bb<\/strong>, se\u00f1al\u00f3, lo que impacta directamente en la actividad de los restaurantes.<\/p>\n<h2><strong>Estrategias para sostener el negocio<\/strong><\/h2>\n<p>Frente a este escenario, los establecimientos buscan alternativas para sostener la demanda. Entre las principales herramientas aparecen los <strong>men\u00faes ejecutivos<\/strong>, los <strong>platos del d\u00eda<\/strong> y la organizaci\u00f3n de <strong>eventos<\/strong>.<\/p>\n<p>El empresario explic\u00f3 que esta diversificaci\u00f3n resulta clave para mantener el flujo de clientes. <strong>\u00abVenimos trabajando con men\u00fa ejecutivo, platos del d\u00eda y distintos tipos de eventos, logramos que funcione un poco mejor\u00bb<\/strong>, detall\u00f3.<\/p>\n<h2><strong>El auge de las viandas y productos accesibles<\/strong><\/h2>\n<p>Una de las tendencias m\u00e1s marcadas es el crecimiento del sistema de viandas, orientado a ofrecer opciones m\u00e1s econ\u00f3micas. <strong>\u00abHoy se est\u00e1 encarando mucho lo que es un sistema de viandas para las empresas\u00bb<\/strong>, indic\u00f3.<\/p>\n<p>En ese sentido, precis\u00f3 que los precios se adaptan a la demanda actual. <strong>\u00abTenemos viandas que valen de 8 mil a 12 mil pesos, y hoy el cliente elige m\u00e1s eso\u00bb<\/strong>, explic\u00f3, evidenciando un cambio en el consumo hacia alternativas m\u00e1s accesibles.<\/p>\n<h2><strong>Menores m\u00e1rgenes y ajuste de costos<\/strong><\/h2>\n<p>Otro de los puntos cr\u00edticos es la rentabilidad del sector. Seg\u00fan Cernetti, los m\u00e1rgenes actuales est\u00e1n lejos de los niveles de a\u00f1os anteriores. <strong>\u00abLos m\u00e1rgenes de ganancias son mucho menores a lo que eran hace 4 o 5 a\u00f1os\u00bb<\/strong>, advirti\u00f3.<\/p>\n<p>Ante este panorama, los empresarios optan por priorizar la continuidad del negocio. <strong>\u00abTen\u00e9s que tratar de ganar un poco menos para trabajar\u00bb<\/strong>, resumi\u00f3.<\/p>\n<h2><strong>Adaptaci\u00f3n constante en un mercado saturado<\/strong><\/h2>\n<p>En cuanto a oportunidades, el empresario consider\u00f3 que el mercado gastron\u00f3mico en Buenos Aires se encuentra altamente desarrollado. <strong>\u00abCreo que ac\u00e1 en Buenos Aires est\u00e1 todo\u00bb<\/strong>, sostuvo.<\/p>\n<p>Sin embargo, destac\u00f3 la importancia de innovar dentro del propio negocio. En su caso, incorpor\u00f3 nuevas propuestas para atraer clientes. <strong>\u00abHacemos una propuesta de bar de vino dentro del restaurante, como para generar algo m\u00e1s\u00bb<\/strong>, explic\u00f3.<\/p>\n<p>El testimonio de Cernetti refleja un sector en plena transformaci\u00f3n, donde la capacidad de adaptaci\u00f3n y la creatividad resultan determinantes para sobrevivir en un contexto econ\u00f3mico adverso.<\/p>\n<\/p><\/div>\n<p><script>\n                !function(f,b,e,v,n,t,s)\n                {if(f.fbq)return;n=f.fbq=function(){n.callMethod?\n                    n.callMethod.apply(n,arguments):n.queue.push(arguments)};\n                    if(!f._fbq)f._fbq=n;n.push=n;n.loaded=!0;n.version='2.0';\n                    n.queue=[];t=b.createElement(e);t.async=!0;\n                    t.src=v;s=b.getElementsByTagName(e)[0];\n                    s.parentNode.insertBefore(t,s)}(window, document,'script',\n                    'https:\/\/connect.facebook.net\/en_US\/fbevents.js');\n                window.paywallConfig.facebook_pixel=\"1000228364089342\"\n            <\/script><\/p>\n","protected":false},"excerpt":{"rendered":"<p>El sector gastron\u00f3mico atraviesa un momento cr\u00edtico en la Argentina, marcado por la ca\u00edda del consumo y la necesidad de reconvertir los modelos de negocio. En di\u00e1logo con Canal E, el empresario gastron\u00f3mico y titular de Siete R\u00edos, Cristopher Cernetti, describi\u00f3 el complejo escenario que enfrentan los restaurantes y las estrategias que adoptan para sostener [&hellip;]<\/p>\n","protected":false},"author":2,"featured_media":192050,"comment_status":"closed","ping_status":"closed","sticky":false,"template":"","format":"standard","meta":{"footnotes":""},"categories":[25],"tags":[],"class_list":["post-192049","post","type-post","status-publish","format-standard","has-post-thumbnail","hentry","category-nacionales"],"yoast_head":"<!-- This site is optimized with the Yoast SEO plugin v24.4 - https:\/\/yoast.com\/wordpress\/plugins\/seo\/ -->\n<title>Crisis en restaurantes: c\u00f3mo se reinventa el sector gastron\u00f3mico - GYS NOTICIAS |<\/title>\n<meta name=\"robots\" content=\"index, follow, max-snippet:-1, max-image-preview:large, max-video-preview:-1\" \/>\n<link rel=\"canonical\" href=\"https:\/\/gysfm.com.ar\/inicio\/crisis-en-restaurantes-como-se-reinventa-el-sector-gastronomico\/\" \/>\n<meta property=\"og:locale\" content=\"es_ES\" \/>\n<meta property=\"og:type\" content=\"article\" \/>\n<meta property=\"og:title\" content=\"Crisis en restaurantes: c\u00f3mo se reinventa el sector gastron\u00f3mico - GYS NOTICIAS |\" \/>\n<meta property=\"og:description\" content=\"El sector gastron\u00f3mico atraviesa un momento cr\u00edtico en la Argentina, marcado por la ca\u00edda del consumo y la necesidad de reconvertir los modelos de negocio. En di\u00e1logo con Canal E, el empresario gastron\u00f3mico y titular de Siete R\u00edos, Cristopher Cernetti, describi\u00f3 el complejo escenario que enfrentan los restaurantes y las estrategias que adoptan para sostener [&hellip;]\" \/>\n<meta property=\"og:url\" content=\"https:\/\/gysfm.com.ar\/inicio\/crisis-en-restaurantes-como-se-reinventa-el-sector-gastronomico\/\" \/>\n<meta property=\"og:site_name\" content=\"GYS NOTICIAS |\" \/>\n<meta property=\"article:published_time\" content=\"2026-04-21T06:21:06+00:00\" \/>\n<meta name=\"author\" content=\"Prensa G&amp;S FM\" \/>\n<meta name=\"twitter:card\" content=\"summary_large_image\" \/>\n<meta name=\"twitter:label1\" content=\"Escrito por\" \/>\n\t<meta name=\"twitter:data1\" content=\"Prensa G&amp;S FM\" \/>\n\t<meta name=\"twitter:label2\" content=\"Tiempo de lectura\" \/>\n\t<meta name=\"twitter:data2\" content=\"3 minutos\" \/>\n<script type=\"application\/ld+json\" class=\"yoast-schema-graph\">{\"@context\":\"https:\/\/schema.org\",\"@graph\":[{\"@type\":\"Article\",\"@id\":\"https:\/\/gysfm.com.ar\/inicio\/crisis-en-restaurantes-como-se-reinventa-el-sector-gastronomico\/#article\",\"isPartOf\":{\"@id\":\"https:\/\/gysfm.com.ar\/inicio\/crisis-en-restaurantes-como-se-reinventa-el-sector-gastronomico\/\"},\"author\":{\"name\":\"Prensa G&amp;S FM\",\"@id\":\"https:\/\/gysfm.com.ar\/inicio\/#\/schema\/person\/3abba7593ef2ad19e1be221d54383dc5\"},\"headline\":\"Crisis en restaurantes: c\u00f3mo se reinventa el sector gastron\u00f3mico\",\"datePublished\":\"2026-04-21T06:21:06+00:00\",\"mainEntityOfPage\":{\"@id\":\"https:\/\/gysfm.com.ar\/inicio\/crisis-en-restaurantes-como-se-reinventa-el-sector-gastronomico\/\"},\"wordCount\":524,\"publisher\":{\"@id\":\"https:\/\/gysfm.com.ar\/inicio\/#organization\"},\"image\":{\"@id\":\"https:\/\/gysfm.com.ar\/inicio\/crisis-en-restaurantes-como-se-reinventa-el-sector-gastronomico\/#primaryimage\"},\"thumbnailUrl\":\"https:\/\/gysfm.com.ar\/inicio\/wp-content\/uploads\/2026\/04\/gastronomicos-2133477.jpg\",\"articleSection\":[\"NACIONALES\"],\"inLanguage\":\"es\"},{\"@type\":\"WebPage\",\"@id\":\"https:\/\/gysfm.com.ar\/inicio\/crisis-en-restaurantes-como-se-reinventa-el-sector-gastronomico\/\",\"url\":\"https:\/\/gysfm.com.ar\/inicio\/crisis-en-restaurantes-como-se-reinventa-el-sector-gastronomico\/\",\"name\":\"Crisis en restaurantes: c\u00f3mo se reinventa el sector gastron\u00f3mico - GYS NOTICIAS |\",\"isPartOf\":{\"@id\":\"https:\/\/gysfm.com.ar\/inicio\/#website\"},\"primaryImageOfPage\":{\"@id\":\"https:\/\/gysfm.com.ar\/inicio\/crisis-en-restaurantes-como-se-reinventa-el-sector-gastronomico\/#primaryimage\"},\"image\":{\"@id\":\"https:\/\/gysfm.com.ar\/inicio\/crisis-en-restaurantes-como-se-reinventa-el-sector-gastronomico\/#primaryimage\"},\"thumbnailUrl\":\"https:\/\/gysfm.com.ar\/inicio\/wp-content\/uploads\/2026\/04\/gastronomicos-2133477.jpg\",\"datePublished\":\"2026-04-21T06:21:06+00:00\",\"breadcrumb\":{\"@id\":\"https:\/\/gysfm.com.ar\/inicio\/crisis-en-restaurantes-como-se-reinventa-el-sector-gastronomico\/#breadcrumb\"},\"inLanguage\":\"es\",\"potentialAction\":[{\"@type\":\"ReadAction\",\"target\":[\"https:\/\/gysfm.com.ar\/inicio\/crisis-en-restaurantes-como-se-reinventa-el-sector-gastronomico\/\"]}]},{\"@type\":\"ImageObject\",\"inLanguage\":\"es\",\"@id\":\"https:\/\/gysfm.com.ar\/inicio\/crisis-en-restaurantes-como-se-reinventa-el-sector-gastronomico\/#primaryimage\",\"url\":\"https:\/\/gysfm.com.ar\/inicio\/wp-content\/uploads\/2026\/04\/gastronomicos-2133477.jpg\",\"contentUrl\":\"https:\/\/gysfm.com.ar\/inicio\/wp-content\/uploads\/2026\/04\/gastronomicos-2133477.jpg\",\"width\":1140,\"height\":641},{\"@type\":\"BreadcrumbList\",\"@id\":\"https:\/\/gysfm.com.ar\/inicio\/crisis-en-restaurantes-como-se-reinventa-el-sector-gastronomico\/#breadcrumb\",\"itemListElement\":[{\"@type\":\"ListItem\",\"position\":1,\"name\":\"Portada\",\"item\":\"https:\/\/gysfm.com.ar\/inicio\/\"},{\"@type\":\"ListItem\",\"position\":2,\"name\":\"Crisis en restaurantes: c\u00f3mo se reinventa el sector gastron\u00f3mico\"}]},{\"@type\":\"WebSite\",\"@id\":\"https:\/\/gysfm.com.ar\/inicio\/#website\",\"url\":\"https:\/\/gysfm.com.ar\/inicio\/\",\"name\":\"GYS NOTICIAS |\",\"description\":\"DIARIO - RADIO ONLINE SAN JUAN ARGENTINA\",\"publisher\":{\"@id\":\"https:\/\/gysfm.com.ar\/inicio\/#organization\"},\"potentialAction\":[{\"@type\":\"SearchAction\",\"target\":{\"@type\":\"EntryPoint\",\"urlTemplate\":\"https:\/\/gysfm.com.ar\/inicio\/?s={search_term_string}\"},\"query-input\":{\"@type\":\"PropertyValueSpecification\",\"valueRequired\":true,\"valueName\":\"search_term_string\"}}],\"inLanguage\":\"es\"},{\"@type\":\"Organization\",\"@id\":\"https:\/\/gysfm.com.ar\/inicio\/#organization\",\"name\":\"GYS NOTICIAS |\",\"url\":\"https:\/\/gysfm.com.ar\/inicio\/\",\"logo\":{\"@type\":\"ImageObject\",\"inLanguage\":\"es\",\"@id\":\"https:\/\/gysfm.com.ar\/inicio\/#\/schema\/logo\/image\/\",\"url\":\"https:\/\/gysfm.com.ar\/inicio\/wp-content\/uploads\/2023\/07\/LOGOGYS-OK.png\",\"contentUrl\":\"https:\/\/gysfm.com.ar\/inicio\/wp-content\/uploads\/2023\/07\/LOGOGYS-OK.png\",\"width\":1170,\"height\":872,\"caption\":\"GYS NOTICIAS |\"},\"image\":{\"@id\":\"https:\/\/gysfm.com.ar\/inicio\/#\/schema\/logo\/image\/\"}},{\"@type\":\"Person\",\"@id\":\"https:\/\/gysfm.com.ar\/inicio\/#\/schema\/person\/3abba7593ef2ad19e1be221d54383dc5\",\"name\":\"Prensa G&amp;S FM\",\"image\":{\"@type\":\"ImageObject\",\"inLanguage\":\"es\",\"@id\":\"https:\/\/gysfm.com.ar\/inicio\/#\/schema\/person\/image\/\",\"url\":\"https:\/\/secure.gravatar.com\/avatar\/096ec78df02049ab018702bb4ccedf659377fa92a26540b5247612077a0dbd29?s=96&d=mm&r=g\",\"contentUrl\":\"https:\/\/secure.gravatar.com\/avatar\/096ec78df02049ab018702bb4ccedf659377fa92a26540b5247612077a0dbd29?s=96&d=mm&r=g\",\"caption\":\"Prensa G&amp;S FM\"},\"sameAs\":[\"https:\/\/gysfm.com.ar\/\"],\"url\":\"https:\/\/gysfm.com.ar\/inicio\/author\/lucasm\/\"}]}<\/script>\n<!-- \/ Yoast SEO plugin. -->","yoast_head_json":{"title":"Crisis en restaurantes: c\u00f3mo se reinventa el sector gastron\u00f3mico - GYS NOTICIAS |","robots":{"index":"index","follow":"follow","max-snippet":"max-snippet:-1","max-image-preview":"max-image-preview:large","max-video-preview":"max-video-preview:-1"},"canonical":"https:\/\/gysfm.com.ar\/inicio\/crisis-en-restaurantes-como-se-reinventa-el-sector-gastronomico\/","og_locale":"es_ES","og_type":"article","og_title":"Crisis en restaurantes: c\u00f3mo se reinventa el sector gastron\u00f3mico - GYS NOTICIAS |","og_description":"El sector gastron\u00f3mico atraviesa un momento cr\u00edtico en la Argentina, marcado por la ca\u00edda del consumo y la necesidad de reconvertir los modelos de negocio. En di\u00e1logo con Canal E, el empresario gastron\u00f3mico y titular de Siete R\u00edos, Cristopher Cernetti, describi\u00f3 el complejo escenario que enfrentan los restaurantes y las estrategias que adoptan para sostener [&hellip;]","og_url":"https:\/\/gysfm.com.ar\/inicio\/crisis-en-restaurantes-como-se-reinventa-el-sector-gastronomico\/","og_site_name":"GYS NOTICIAS |","article_published_time":"2026-04-21T06:21:06+00:00","author":"Prensa G&amp;S FM","twitter_card":"summary_large_image","twitter_misc":{"Escrito por":"Prensa G&amp;S FM","Tiempo de lectura":"3 minutos"},"schema":{"@context":"https:\/\/schema.org","@graph":[{"@type":"Article","@id":"https:\/\/gysfm.com.ar\/inicio\/crisis-en-restaurantes-como-se-reinventa-el-sector-gastronomico\/#article","isPartOf":{"@id":"https:\/\/gysfm.com.ar\/inicio\/crisis-en-restaurantes-como-se-reinventa-el-sector-gastronomico\/"},"author":{"name":"Prensa G&amp;S FM","@id":"https:\/\/gysfm.com.ar\/inicio\/#\/schema\/person\/3abba7593ef2ad19e1be221d54383dc5"},"headline":"Crisis en restaurantes: c\u00f3mo se reinventa el sector gastron\u00f3mico","datePublished":"2026-04-21T06:21:06+00:00","mainEntityOfPage":{"@id":"https:\/\/gysfm.com.ar\/inicio\/crisis-en-restaurantes-como-se-reinventa-el-sector-gastronomico\/"},"wordCount":524,"publisher":{"@id":"https:\/\/gysfm.com.ar\/inicio\/#organization"},"image":{"@id":"https:\/\/gysfm.com.ar\/inicio\/crisis-en-restaurantes-como-se-reinventa-el-sector-gastronomico\/#primaryimage"},"thumbnailUrl":"https:\/\/gysfm.com.ar\/inicio\/wp-content\/uploads\/2026\/04\/gastronomicos-2133477.jpg","articleSection":["NACIONALES"],"inLanguage":"es"},{"@type":"WebPage","@id":"https:\/\/gysfm.com.ar\/inicio\/crisis-en-restaurantes-como-se-reinventa-el-sector-gastronomico\/","url":"https:\/\/gysfm.com.ar\/inicio\/crisis-en-restaurantes-como-se-reinventa-el-sector-gastronomico\/","name":"Crisis en restaurantes: c\u00f3mo se reinventa el sector gastron\u00f3mico - GYS NOTICIAS |","isPartOf":{"@id":"https:\/\/gysfm.com.ar\/inicio\/#website"},"primaryImageOfPage":{"@id":"https:\/\/gysfm.com.ar\/inicio\/crisis-en-restaurantes-como-se-reinventa-el-sector-gastronomico\/#primaryimage"},"image":{"@id":"https:\/\/gysfm.com.ar\/inicio\/crisis-en-restaurantes-como-se-reinventa-el-sector-gastronomico\/#primaryimage"},"thumbnailUrl":"https:\/\/gysfm.com.ar\/inicio\/wp-content\/uploads\/2026\/04\/gastronomicos-2133477.jpg","datePublished":"2026-04-21T06:21:06+00:00","breadcrumb":{"@id":"https:\/\/gysfm.com.ar\/inicio\/crisis-en-restaurantes-como-se-reinventa-el-sector-gastronomico\/#breadcrumb"},"inLanguage":"es","potentialAction":[{"@type":"ReadAction","target":["https:\/\/gysfm.com.ar\/inicio\/crisis-en-restaurantes-como-se-reinventa-el-sector-gastronomico\/"]}]},{"@type":"ImageObject","inLanguage":"es","@id":"https:\/\/gysfm.com.ar\/inicio\/crisis-en-restaurantes-como-se-reinventa-el-sector-gastronomico\/#primaryimage","url":"https:\/\/gysfm.com.ar\/inicio\/wp-content\/uploads\/2026\/04\/gastronomicos-2133477.jpg","contentUrl":"https:\/\/gysfm.com.ar\/inicio\/wp-content\/uploads\/2026\/04\/gastronomicos-2133477.jpg","width":1140,"height":641},{"@type":"BreadcrumbList","@id":"https:\/\/gysfm.com.ar\/inicio\/crisis-en-restaurantes-como-se-reinventa-el-sector-gastronomico\/#breadcrumb","itemListElement":[{"@type":"ListItem","position":1,"name":"Portada","item":"https:\/\/gysfm.com.ar\/inicio\/"},{"@type":"ListItem","position":2,"name":"Crisis en restaurantes: c\u00f3mo se reinventa el sector gastron\u00f3mico"}]},{"@type":"WebSite","@id":"https:\/\/gysfm.com.ar\/inicio\/#website","url":"https:\/\/gysfm.com.ar\/inicio\/","name":"GYS NOTICIAS |","description":"DIARIO - RADIO ONLINE SAN JUAN ARGENTINA","publisher":{"@id":"https:\/\/gysfm.com.ar\/inicio\/#organization"},"potentialAction":[{"@type":"SearchAction","target":{"@type":"EntryPoint","urlTemplate":"https:\/\/gysfm.com.ar\/inicio\/?s={search_term_string}"},"query-input":{"@type":"PropertyValueSpecification","valueRequired":true,"valueName":"search_term_string"}}],"inLanguage":"es"},{"@type":"Organization","@id":"https:\/\/gysfm.com.ar\/inicio\/#organization","name":"GYS NOTICIAS |","url":"https:\/\/gysfm.com.ar\/inicio\/","logo":{"@type":"ImageObject","inLanguage":"es","@id":"https:\/\/gysfm.com.ar\/inicio\/#\/schema\/logo\/image\/","url":"https:\/\/gysfm.com.ar\/inicio\/wp-content\/uploads\/2023\/07\/LOGOGYS-OK.png","contentUrl":"https:\/\/gysfm.com.ar\/inicio\/wp-content\/uploads\/2023\/07\/LOGOGYS-OK.png","width":1170,"height":872,"caption":"GYS NOTICIAS |"},"image":{"@id":"https:\/\/gysfm.com.ar\/inicio\/#\/schema\/logo\/image\/"}},{"@type":"Person","@id":"https:\/\/gysfm.com.ar\/inicio\/#\/schema\/person\/3abba7593ef2ad19e1be221d54383dc5","name":"Prensa G&amp;S FM","image":{"@type":"ImageObject","inLanguage":"es","@id":"https:\/\/gysfm.com.ar\/inicio\/#\/schema\/person\/image\/","url":"https:\/\/secure.gravatar.com\/avatar\/096ec78df02049ab018702bb4ccedf659377fa92a26540b5247612077a0dbd29?s=96&d=mm&r=g","contentUrl":"https:\/\/secure.gravatar.com\/avatar\/096ec78df02049ab018702bb4ccedf659377fa92a26540b5247612077a0dbd29?s=96&d=mm&r=g","caption":"Prensa G&amp;S FM"},"sameAs":["https:\/\/gysfm.com.ar\/"],"url":"https:\/\/gysfm.com.ar\/inicio\/author\/lucasm\/"}]}},"_links":{"self":[{"href":"https:\/\/gysfm.com.ar\/inicio\/wp-json\/wp\/v2\/posts\/192049","targetHints":{"allow":["GET"]}}],"collection":[{"href":"https:\/\/gysfm.com.ar\/inicio\/wp-json\/wp\/v2\/posts"}],"about":[{"href":"https:\/\/gysfm.com.ar\/inicio\/wp-json\/wp\/v2\/types\/post"}],"author":[{"embeddable":true,"href":"https:\/\/gysfm.com.ar\/inicio\/wp-json\/wp\/v2\/users\/2"}],"replies":[{"embeddable":true,"href":"https:\/\/gysfm.com.ar\/inicio\/wp-json\/wp\/v2\/comments?post=192049"}],"version-history":[{"count":0,"href":"https:\/\/gysfm.com.ar\/inicio\/wp-json\/wp\/v2\/posts\/192049\/revisions"}],"wp:featuredmedia":[{"embeddable":true,"href":"https:\/\/gysfm.com.ar\/inicio\/wp-json\/wp\/v2\/media\/192050"}],"wp:attachment":[{"href":"https:\/\/gysfm.com.ar\/inicio\/wp-json\/wp\/v2\/media?parent=192049"}],"wp:term":[{"taxonomy":"category","embeddable":true,"href":"https:\/\/gysfm.com.ar\/inicio\/wp-json\/wp\/v2\/categories?post=192049"},{"taxonomy":"post_tag","embeddable":true,"href":"https:\/\/gysfm.com.ar\/inicio\/wp-json\/wp\/v2\/tags?post=192049"}],"curies":[{"name":"wp","href":"https:\/\/api.w.org\/{rel}","templated":true}]}}