{"id":192043,"date":"2026-04-21T02:19:05","date_gmt":"2026-04-21T05:19:05","guid":{"rendered":"https:\/\/gysfm.com.ar\/inicio\/el-dolar-blue-cerro-sin-cambios-este-lunes-20-de-abril-y-el-banco-central-compro-dolares\/"},"modified":"2026-04-21T02:19:05","modified_gmt":"2026-04-21T05:19:05","slug":"el-dolar-blue-cerro-sin-cambios-este-lunes-20-de-abril-y-el-banco-central-compro-dolares","status":"publish","type":"post","link":"https:\/\/gysfm.com.ar\/inicio\/el-dolar-blue-cerro-sin-cambios-este-lunes-20-de-abril-y-el-banco-central-compro-dolares\/","title":{"rendered":"El d\u00f3lar blue cerr\u00f3 sin cambios este lunes 20 de abril y el Banco Central compr\u00f3 d\u00f3lares"},"content":{"rendered":"<p><\/p>\n<div id=\"article-content\">\n<p>El <a target=\"_blank\" href=\"https:\/\/www.perfil.com\/noticias\/canal-e\/el-dolar-blue-cerro-en-baja-este-viernes-17-de-abril-y-el-banco-central-compro-dolares.phtml\"><strong>d\u00f3lar blue<\/strong><\/a> cerr\u00f3 sin cambios este <strong>lunes 20 de abril de 2026<\/strong>, en una jornada en la que el mercado tambi\u00e9n sigui\u00f3 de cerca el resultado de la intervenci\u00f3n oficial. En paralelo, el <strong>Banco Central<\/strong> volvi\u00f3 a comprar divisas en el mercado cambiario.<\/p>\n<p>Adem\u00e1s, las <a target=\"_blank\" href=\"https:\/\/www.perfil.com\/noticias\/canal-e\/mariano-gorodisch-las-reservas-netas-son-negativas.phtml\"><strong>reservas internacionales<\/strong><\/a> mostraron una baja respecto de la rueda anterior. De esta manera, la autoridad monetaria cerr\u00f3 el d\u00eda con un stock inferior al informado el viernes 17 de abril.<\/p>\n<h2><strong>D\u00f3lar blue<\/strong><\/h2>\n<p>El <strong>d\u00f3lar blue<\/strong> cerr\u00f3 sin cambios este <strong>lunes 20 de abril<\/strong>. La divisa paralela no registr\u00f3 variaciones respecto al cierre de la jornada anterior.<\/p>\n<p>As\u00ed las cosas, el <strong>d\u00f3lar blue<\/strong> en la punta vendedora cerr\u00f3 a <strong>$1410<\/strong> y se compr\u00f3 a <strong>$1390<\/strong>.<\/p>\n<h2><strong>D\u00f3lar MEP<\/strong><\/h2>\n<p>Por su parte, el <strong>d\u00f3lar MEP<\/strong> se vendi\u00f3 a <strong>$1415,60<\/strong>.<\/p>\n<h2><strong>D\u00f3lar Contado con Liquidaci\u00f3n<\/strong><\/h2>\n<p>Mientras que el <strong>d\u00f3lar Contado con Liquidaci\u00f3n<\/strong> se comercializ\u00f3 a <strong>$1466,70<\/strong>.<\/p>\n<h2><strong>D\u00f3lar Cripto<\/strong><\/h2>\n<p>Por su parte, en el mundo de las <strong>criptomonedas<\/strong> el d\u00f3lar se intercambi\u00f3 a <strong>$1461,80<\/strong> en promedio.<\/p>\n<h2><strong>D\u00f3lar Qatar, Tarjeta y Ahorro<\/strong><\/h2>\n<p>La unificaci\u00f3n de los tipos de cambio cotiz\u00f3 a <strong>$1820<\/strong>.<\/p>\n<h2><strong>D\u00f3lar Oficial<\/strong><\/h2>\n<p>El <strong>d\u00f3lar minorista<\/strong> qued\u00f3 en <strong>$1397,09<\/strong> seg\u00fan el promedio vendedor informado por el Banco Central. En tanto, el <strong>d\u00f3lar oficial<\/strong> se ubic\u00f3 en <strong>$1400<\/strong> para la venta.<\/p>\n<p>El <strong>d\u00f3lar mayorista<\/strong> se ubic\u00f3 en <strong>$1377,00<\/strong> por unidad.<\/p>\n<h2><strong>Balance del Banco Central<\/strong><\/h2>\n<p>El <strong>Banco Central compr\u00f3 131 millones de d\u00f3lares<\/strong> en el mercado cambiario. En tanto, las <strong>reservas internacionales bajaron 44 millones de d\u00f3lares<\/strong> y cerraron en <strong>45.747 millones de d\u00f3lares<\/strong>.<\/p>\n<\/p><\/div>\n<p><script>\n                !function(f,b,e,v,n,t,s)\n                {if(f.fbq)return;n=f.fbq=function(){n.callMethod?\n                    n.callMethod.apply(n,arguments):n.queue.push(arguments)};\n                    if(!f._fbq)f._fbq=n;n.push=n;n.loaded=!0;n.version='2.0';\n                    n.queue=[];t=b.createElement(e);t.async=!0;\n                    t.src=v;s=b.getElementsByTagName(e)[0];\n                    s.parentNode.insertBefore(t,s)}(window, document,'script',\n                    'https:\/\/connect.facebook.net\/en_US\/fbevents.js');\n                window.paywallConfig.facebook_pixel=\"1000228364089342\"\n            <\/script><\/p>\n","protected":false},"excerpt":{"rendered":"<p>El d\u00f3lar blue cerr\u00f3 sin cambios este lunes 20 de abril de 2026, en una jornada en la que el mercado tambi\u00e9n sigui\u00f3 de cerca el resultado de la intervenci\u00f3n oficial. En paralelo, el Banco Central volvi\u00f3 a comprar divisas en el mercado cambiario. Adem\u00e1s, las reservas internacionales mostraron una baja respecto de la rueda [&hellip;]<\/p>\n","protected":false},"author":2,"featured_media":151787,"comment_status":"closed","ping_status":"closed","sticky":false,"template":"","format":"standard","meta":{"footnotes":""},"categories":[25],"tags":[],"class_list":["post-192043","post","type-post","status-publish","format-standard","has-post-thumbnail","hentry","category-nacionales"],"yoast_head":"<!-- This site is optimized with the Yoast SEO plugin v24.4 - https:\/\/yoast.com\/wordpress\/plugins\/seo\/ -->\n<title>El d\u00f3lar blue cerr\u00f3 sin cambios este lunes 20 de abril y el Banco Central compr\u00f3 d\u00f3lares - GYS NOTICIAS |<\/title>\n<meta name=\"robots\" content=\"index, follow, max-snippet:-1, max-image-preview:large, max-video-preview:-1\" \/>\n<link rel=\"canonical\" href=\"https:\/\/gysfm.com.ar\/inicio\/el-dolar-blue-cerro-sin-cambios-este-lunes-20-de-abril-y-el-banco-central-compro-dolares\/\" \/>\n<meta property=\"og:locale\" content=\"es_ES\" \/>\n<meta property=\"og:type\" content=\"article\" \/>\n<meta property=\"og:title\" content=\"El d\u00f3lar blue cerr\u00f3 sin cambios este lunes 20 de abril y el Banco Central compr\u00f3 d\u00f3lares - GYS NOTICIAS |\" \/>\n<meta property=\"og:description\" content=\"El d\u00f3lar blue cerr\u00f3 sin cambios este lunes 20 de abril de 2026, en una jornada en la que el mercado tambi\u00e9n sigui\u00f3 de cerca el resultado de la intervenci\u00f3n oficial. En paralelo, el Banco Central volvi\u00f3 a comprar divisas en el mercado cambiario. Adem\u00e1s, las reservas internacionales mostraron una baja respecto de la rueda [&hellip;]\" \/>\n<meta property=\"og:url\" content=\"https:\/\/gysfm.com.ar\/inicio\/el-dolar-blue-cerro-sin-cambios-este-lunes-20-de-abril-y-el-banco-central-compro-dolares\/\" \/>\n<meta property=\"og:site_name\" content=\"GYS NOTICIAS |\" \/>\n<meta property=\"article:published_time\" content=\"2026-04-21T05:19:05+00:00\" \/>\n<meta name=\"author\" content=\"Prensa G&amp;S FM\" \/>\n<meta name=\"twitter:card\" content=\"summary_large_image\" \/>\n<meta name=\"twitter:label1\" content=\"Escrito por\" \/>\n\t<meta name=\"twitter:data1\" content=\"Prensa G&amp;S FM\" \/>\n\t<meta name=\"twitter:label2\" content=\"Tiempo de lectura\" \/>\n\t<meta name=\"twitter:data2\" content=\"1 minuto\" \/>\n<script type=\"application\/ld+json\" class=\"yoast-schema-graph\">{\"@context\":\"https:\/\/schema.org\",\"@graph\":[{\"@type\":\"Article\",\"@id\":\"https:\/\/gysfm.com.ar\/inicio\/el-dolar-blue-cerro-sin-cambios-este-lunes-20-de-abril-y-el-banco-central-compro-dolares\/#article\",\"isPartOf\":{\"@id\":\"https:\/\/gysfm.com.ar\/inicio\/el-dolar-blue-cerro-sin-cambios-este-lunes-20-de-abril-y-el-banco-central-compro-dolares\/\"},\"author\":{\"name\":\"Prensa G&amp;S FM\",\"@id\":\"https:\/\/gysfm.com.ar\/inicio\/#\/schema\/person\/3abba7593ef2ad19e1be221d54383dc5\"},\"headline\":\"El d\u00f3lar blue cerr\u00f3 sin cambios este lunes 20 de abril y el Banco Central compr\u00f3 d\u00f3lares\",\"datePublished\":\"2026-04-21T05:19:05+00:00\",\"mainEntityOfPage\":{\"@id\":\"https:\/\/gysfm.com.ar\/inicio\/el-dolar-blue-cerro-sin-cambios-este-lunes-20-de-abril-y-el-banco-central-compro-dolares\/\"},\"wordCount\":280,\"publisher\":{\"@id\":\"https:\/\/gysfm.com.ar\/inicio\/#organization\"},\"image\":{\"@id\":\"https:\/\/gysfm.com.ar\/inicio\/el-dolar-blue-cerro-sin-cambios-este-lunes-20-de-abril-y-el-banco-central-compro-dolares\/#primaryimage\"},\"thumbnailUrl\":\"https:\/\/gysfm.com.ar\/inicio\/wp-content\/uploads\/2025\/09\/dolar-blue-2099756.jpg\",\"articleSection\":[\"NACIONALES\"],\"inLanguage\":\"es\"},{\"@type\":\"WebPage\",\"@id\":\"https:\/\/gysfm.com.ar\/inicio\/el-dolar-blue-cerro-sin-cambios-este-lunes-20-de-abril-y-el-banco-central-compro-dolares\/\",\"url\":\"https:\/\/gysfm.com.ar\/inicio\/el-dolar-blue-cerro-sin-cambios-este-lunes-20-de-abril-y-el-banco-central-compro-dolares\/\",\"name\":\"El d\u00f3lar blue cerr\u00f3 sin cambios este lunes 20 de abril y el Banco Central compr\u00f3 d\u00f3lares - GYS NOTICIAS |\",\"isPartOf\":{\"@id\":\"https:\/\/gysfm.com.ar\/inicio\/#website\"},\"primaryImageOfPage\":{\"@id\":\"https:\/\/gysfm.com.ar\/inicio\/el-dolar-blue-cerro-sin-cambios-este-lunes-20-de-abril-y-el-banco-central-compro-dolares\/#primaryimage\"},\"image\":{\"@id\":\"https:\/\/gysfm.com.ar\/inicio\/el-dolar-blue-cerro-sin-cambios-este-lunes-20-de-abril-y-el-banco-central-compro-dolares\/#primaryimage\"},\"thumbnailUrl\":\"https:\/\/gysfm.com.ar\/inicio\/wp-content\/uploads\/2025\/09\/dolar-blue-2099756.jpg\",\"datePublished\":\"2026-04-21T05:19:05+00:00\",\"breadcrumb\":{\"@id\":\"https:\/\/gysfm.com.ar\/inicio\/el-dolar-blue-cerro-sin-cambios-este-lunes-20-de-abril-y-el-banco-central-compro-dolares\/#breadcrumb\"},\"inLanguage\":\"es\",\"potentialAction\":[{\"@type\":\"ReadAction\",\"target\":[\"https:\/\/gysfm.com.ar\/inicio\/el-dolar-blue-cerro-sin-cambios-este-lunes-20-de-abril-y-el-banco-central-compro-dolares\/\"]}]},{\"@type\":\"ImageObject\",\"inLanguage\":\"es\",\"@id\":\"https:\/\/gysfm.com.ar\/inicio\/el-dolar-blue-cerro-sin-cambios-este-lunes-20-de-abril-y-el-banco-central-compro-dolares\/#primaryimage\",\"url\":\"https:\/\/gysfm.com.ar\/inicio\/wp-content\/uploads\/2025\/09\/dolar-blue-2099756.jpg\",\"contentUrl\":\"https:\/\/gysfm.com.ar\/inicio\/wp-content\/uploads\/2025\/09\/dolar-blue-2099756.jpg\",\"width\":1140,\"height\":641},{\"@type\":\"BreadcrumbList\",\"@id\":\"https:\/\/gysfm.com.ar\/inicio\/el-dolar-blue-cerro-sin-cambios-este-lunes-20-de-abril-y-el-banco-central-compro-dolares\/#breadcrumb\",\"itemListElement\":[{\"@type\":\"ListItem\",\"position\":1,\"name\":\"Portada\",\"item\":\"https:\/\/gysfm.com.ar\/inicio\/\"},{\"@type\":\"ListItem\",\"position\":2,\"name\":\"El d\u00f3lar blue cerr\u00f3 sin cambios este lunes 20 de abril y el Banco Central compr\u00f3 d\u00f3lares\"}]},{\"@type\":\"WebSite\",\"@id\":\"https:\/\/gysfm.com.ar\/inicio\/#website\",\"url\":\"https:\/\/gysfm.com.ar\/inicio\/\",\"name\":\"GYS NOTICIAS |\",\"description\":\"DIARIO - RADIO ONLINE SAN JUAN ARGENTINA\",\"publisher\":{\"@id\":\"https:\/\/gysfm.com.ar\/inicio\/#organization\"},\"potentialAction\":[{\"@type\":\"SearchAction\",\"target\":{\"@type\":\"EntryPoint\",\"urlTemplate\":\"https:\/\/gysfm.com.ar\/inicio\/?s={search_term_string}\"},\"query-input\":{\"@type\":\"PropertyValueSpecification\",\"valueRequired\":true,\"valueName\":\"search_term_string\"}}],\"inLanguage\":\"es\"},{\"@type\":\"Organization\",\"@id\":\"https:\/\/gysfm.com.ar\/inicio\/#organization\",\"name\":\"GYS NOTICIAS |\",\"url\":\"https:\/\/gysfm.com.ar\/inicio\/\",\"logo\":{\"@type\":\"ImageObject\",\"inLanguage\":\"es\",\"@id\":\"https:\/\/gysfm.com.ar\/inicio\/#\/schema\/logo\/image\/\",\"url\":\"https:\/\/gysfm.com.ar\/inicio\/wp-content\/uploads\/2023\/07\/LOGOGYS-OK.png\",\"contentUrl\":\"https:\/\/gysfm.com.ar\/inicio\/wp-content\/uploads\/2023\/07\/LOGOGYS-OK.png\",\"width\":1170,\"height\":872,\"caption\":\"GYS NOTICIAS |\"},\"image\":{\"@id\":\"https:\/\/gysfm.com.ar\/inicio\/#\/schema\/logo\/image\/\"}},{\"@type\":\"Person\",\"@id\":\"https:\/\/gysfm.com.ar\/inicio\/#\/schema\/person\/3abba7593ef2ad19e1be221d54383dc5\",\"name\":\"Prensa G&amp;S FM\",\"image\":{\"@type\":\"ImageObject\",\"inLanguage\":\"es\",\"@id\":\"https:\/\/gysfm.com.ar\/inicio\/#\/schema\/person\/image\/\",\"url\":\"https:\/\/secure.gravatar.com\/avatar\/096ec78df02049ab018702bb4ccedf659377fa92a26540b5247612077a0dbd29?s=96&d=mm&r=g\",\"contentUrl\":\"https:\/\/secure.gravatar.com\/avatar\/096ec78df02049ab018702bb4ccedf659377fa92a26540b5247612077a0dbd29?s=96&d=mm&r=g\",\"caption\":\"Prensa G&amp;S FM\"},\"sameAs\":[\"https:\/\/gysfm.com.ar\/\"],\"url\":\"https:\/\/gysfm.com.ar\/inicio\/author\/lucasm\/\"}]}<\/script>\n<!-- \/ Yoast SEO plugin. -->","yoast_head_json":{"title":"El d\u00f3lar blue cerr\u00f3 sin cambios este lunes 20 de abril y el Banco Central compr\u00f3 d\u00f3lares - GYS NOTICIAS |","robots":{"index":"index","follow":"follow","max-snippet":"max-snippet:-1","max-image-preview":"max-image-preview:large","max-video-preview":"max-video-preview:-1"},"canonical":"https:\/\/gysfm.com.ar\/inicio\/el-dolar-blue-cerro-sin-cambios-este-lunes-20-de-abril-y-el-banco-central-compro-dolares\/","og_locale":"es_ES","og_type":"article","og_title":"El d\u00f3lar blue cerr\u00f3 sin cambios este lunes 20 de abril y el Banco Central compr\u00f3 d\u00f3lares - GYS NOTICIAS |","og_description":"El d\u00f3lar blue cerr\u00f3 sin cambios este lunes 20 de abril de 2026, en una jornada en la que el mercado tambi\u00e9n sigui\u00f3 de cerca el resultado de la intervenci\u00f3n oficial. En paralelo, el Banco Central volvi\u00f3 a comprar divisas en el mercado cambiario. Adem\u00e1s, las reservas internacionales mostraron una baja respecto de la rueda [&hellip;]","og_url":"https:\/\/gysfm.com.ar\/inicio\/el-dolar-blue-cerro-sin-cambios-este-lunes-20-de-abril-y-el-banco-central-compro-dolares\/","og_site_name":"GYS NOTICIAS |","article_published_time":"2026-04-21T05:19:05+00:00","author":"Prensa G&amp;S FM","twitter_card":"summary_large_image","twitter_misc":{"Escrito por":"Prensa G&amp;S FM","Tiempo de lectura":"1 minuto"},"schema":{"@context":"https:\/\/schema.org","@graph":[{"@type":"Article","@id":"https:\/\/gysfm.com.ar\/inicio\/el-dolar-blue-cerro-sin-cambios-este-lunes-20-de-abril-y-el-banco-central-compro-dolares\/#article","isPartOf":{"@id":"https:\/\/gysfm.com.ar\/inicio\/el-dolar-blue-cerro-sin-cambios-este-lunes-20-de-abril-y-el-banco-central-compro-dolares\/"},"author":{"name":"Prensa G&amp;S FM","@id":"https:\/\/gysfm.com.ar\/inicio\/#\/schema\/person\/3abba7593ef2ad19e1be221d54383dc5"},"headline":"El d\u00f3lar blue cerr\u00f3 sin cambios este lunes 20 de abril y el Banco Central compr\u00f3 d\u00f3lares","datePublished":"2026-04-21T05:19:05+00:00","mainEntityOfPage":{"@id":"https:\/\/gysfm.com.ar\/inicio\/el-dolar-blue-cerro-sin-cambios-este-lunes-20-de-abril-y-el-banco-central-compro-dolares\/"},"wordCount":280,"publisher":{"@id":"https:\/\/gysfm.com.ar\/inicio\/#organization"},"image":{"@id":"https:\/\/gysfm.com.ar\/inicio\/el-dolar-blue-cerro-sin-cambios-este-lunes-20-de-abril-y-el-banco-central-compro-dolares\/#primaryimage"},"thumbnailUrl":"https:\/\/gysfm.com.ar\/inicio\/wp-content\/uploads\/2025\/09\/dolar-blue-2099756.jpg","articleSection":["NACIONALES"],"inLanguage":"es"},{"@type":"WebPage","@id":"https:\/\/gysfm.com.ar\/inicio\/el-dolar-blue-cerro-sin-cambios-este-lunes-20-de-abril-y-el-banco-central-compro-dolares\/","url":"https:\/\/gysfm.com.ar\/inicio\/el-dolar-blue-cerro-sin-cambios-este-lunes-20-de-abril-y-el-banco-central-compro-dolares\/","name":"El d\u00f3lar blue cerr\u00f3 sin cambios este lunes 20 de abril y el Banco Central compr\u00f3 d\u00f3lares - GYS NOTICIAS |","isPartOf":{"@id":"https:\/\/gysfm.com.ar\/inicio\/#website"},"primaryImageOfPage":{"@id":"https:\/\/gysfm.com.ar\/inicio\/el-dolar-blue-cerro-sin-cambios-este-lunes-20-de-abril-y-el-banco-central-compro-dolares\/#primaryimage"},"image":{"@id":"https:\/\/gysfm.com.ar\/inicio\/el-dolar-blue-cerro-sin-cambios-este-lunes-20-de-abril-y-el-banco-central-compro-dolares\/#primaryimage"},"thumbnailUrl":"https:\/\/gysfm.com.ar\/inicio\/wp-content\/uploads\/2025\/09\/dolar-blue-2099756.jpg","datePublished":"2026-04-21T05:19:05+00:00","breadcrumb":{"@id":"https:\/\/gysfm.com.ar\/inicio\/el-dolar-blue-cerro-sin-cambios-este-lunes-20-de-abril-y-el-banco-central-compro-dolares\/#breadcrumb"},"inLanguage":"es","potentialAction":[{"@type":"ReadAction","target":["https:\/\/gysfm.com.ar\/inicio\/el-dolar-blue-cerro-sin-cambios-este-lunes-20-de-abril-y-el-banco-central-compro-dolares\/"]}]},{"@type":"ImageObject","inLanguage":"es","@id":"https:\/\/gysfm.com.ar\/inicio\/el-dolar-blue-cerro-sin-cambios-este-lunes-20-de-abril-y-el-banco-central-compro-dolares\/#primaryimage","url":"https:\/\/gysfm.com.ar\/inicio\/wp-content\/uploads\/2025\/09\/dolar-blue-2099756.jpg","contentUrl":"https:\/\/gysfm.com.ar\/inicio\/wp-content\/uploads\/2025\/09\/dolar-blue-2099756.jpg","width":1140,"height":641},{"@type":"BreadcrumbList","@id":"https:\/\/gysfm.com.ar\/inicio\/el-dolar-blue-cerro-sin-cambios-este-lunes-20-de-abril-y-el-banco-central-compro-dolares\/#breadcrumb","itemListElement":[{"@type":"ListItem","position":1,"name":"Portada","item":"https:\/\/gysfm.com.ar\/inicio\/"},{"@type":"ListItem","position":2,"name":"El d\u00f3lar blue cerr\u00f3 sin cambios este lunes 20 de abril y el Banco Central compr\u00f3 d\u00f3lares"}]},{"@type":"WebSite","@id":"https:\/\/gysfm.com.ar\/inicio\/#website","url":"https:\/\/gysfm.com.ar\/inicio\/","name":"GYS NOTICIAS |","description":"DIARIO - RADIO ONLINE SAN JUAN ARGENTINA","publisher":{"@id":"https:\/\/gysfm.com.ar\/inicio\/#organization"},"potentialAction":[{"@type":"SearchAction","target":{"@type":"EntryPoint","urlTemplate":"https:\/\/gysfm.com.ar\/inicio\/?s={search_term_string}"},"query-input":{"@type":"PropertyValueSpecification","valueRequired":true,"valueName":"search_term_string"}}],"inLanguage":"es"},{"@type":"Organization","@id":"https:\/\/gysfm.com.ar\/inicio\/#organization","name":"GYS NOTICIAS |","url":"https:\/\/gysfm.com.ar\/inicio\/","logo":{"@type":"ImageObject","inLanguage":"es","@id":"https:\/\/gysfm.com.ar\/inicio\/#\/schema\/logo\/image\/","url":"https:\/\/gysfm.com.ar\/inicio\/wp-content\/uploads\/2023\/07\/LOGOGYS-OK.png","contentUrl":"https:\/\/gysfm.com.ar\/inicio\/wp-content\/uploads\/2023\/07\/LOGOGYS-OK.png","width":1170,"height":872,"caption":"GYS NOTICIAS |"},"image":{"@id":"https:\/\/gysfm.com.ar\/inicio\/#\/schema\/logo\/image\/"}},{"@type":"Person","@id":"https:\/\/gysfm.com.ar\/inicio\/#\/schema\/person\/3abba7593ef2ad19e1be221d54383dc5","name":"Prensa G&amp;S FM","image":{"@type":"ImageObject","inLanguage":"es","@id":"https:\/\/gysfm.com.ar\/inicio\/#\/schema\/person\/image\/","url":"https:\/\/secure.gravatar.com\/avatar\/096ec78df02049ab018702bb4ccedf659377fa92a26540b5247612077a0dbd29?s=96&d=mm&r=g","contentUrl":"https:\/\/secure.gravatar.com\/avatar\/096ec78df02049ab018702bb4ccedf659377fa92a26540b5247612077a0dbd29?s=96&d=mm&r=g","caption":"Prensa G&amp;S FM"},"sameAs":["https:\/\/gysfm.com.ar\/"],"url":"https:\/\/gysfm.com.ar\/inicio\/author\/lucasm\/"}]}},"_links":{"self":[{"href":"https:\/\/gysfm.com.ar\/inicio\/wp-json\/wp\/v2\/posts\/192043","targetHints":{"allow":["GET"]}}],"collection":[{"href":"https:\/\/gysfm.com.ar\/inicio\/wp-json\/wp\/v2\/posts"}],"about":[{"href":"https:\/\/gysfm.com.ar\/inicio\/wp-json\/wp\/v2\/types\/post"}],"author":[{"embeddable":true,"href":"https:\/\/gysfm.com.ar\/inicio\/wp-json\/wp\/v2\/users\/2"}],"replies":[{"embeddable":true,"href":"https:\/\/gysfm.com.ar\/inicio\/wp-json\/wp\/v2\/comments?post=192043"}],"version-history":[{"count":0,"href":"https:\/\/gysfm.com.ar\/inicio\/wp-json\/wp\/v2\/posts\/192043\/revisions"}],"wp:featuredmedia":[{"embeddable":true,"href":"https:\/\/gysfm.com.ar\/inicio\/wp-json\/wp\/v2\/media\/151787"}],"wp:attachment":[{"href":"https:\/\/gysfm.com.ar\/inicio\/wp-json\/wp\/v2\/media?parent=192043"}],"wp:term":[{"taxonomy":"category","embeddable":true,"href":"https:\/\/gysfm.com.ar\/inicio\/wp-json\/wp\/v2\/categories?post=192043"},{"taxonomy":"post_tag","embeddable":true,"href":"https:\/\/gysfm.com.ar\/inicio\/wp-json\/wp\/v2\/tags?post=192043"}],"curies":[{"name":"wp","href":"https:\/\/api.w.org\/{rel}","templated":true}]}}