{"id":191692,"date":"2026-04-19T04:49:06","date_gmt":"2026-04-19T07:49:06","guid":{"rendered":"https:\/\/gysfm.com.ar\/inicio\/para-tibios-lo-voto-a-macri-el-crudo-descargo-de-militantes-libertarios-que-rompe-con-la-conduccion-de-karina\/"},"modified":"2026-04-19T04:49:06","modified_gmt":"2026-04-19T07:49:06","slug":"para-tibios-lo-voto-a-macri-el-crudo-descargo-de-militantes-libertarios-que-rompe-con-la-conduccion-de-karina","status":"publish","type":"post","link":"https:\/\/gysfm.com.ar\/inicio\/para-tibios-lo-voto-a-macri-el-crudo-descargo-de-militantes-libertarios-que-rompe-con-la-conduccion-de-karina\/","title":{"rendered":"\u00abPara tibios, lo voto a Macri\u00bb: el crudo descargo de militantes libertarios que rompe con la conducci\u00f3n de Karina"},"content":{"rendered":"<p><\/p>\n<div id=\"article-content\">\n<p>El clima de insurgencia digital dentro de <a target=\"_blank\" href=\"https:\/\/www.perfil.com\/noticias\/politica\/la-interna-libertaria-arde-en-territorio-bonaerense-otra-vez-los-militantes-de-caputo-enojados-con-pareja.phtml\"><strong>La Libertad Avanza <\/strong><\/a>alcanz\u00f3 su punto de <strong>m\u00e1xima tensi\u00f3n<\/strong> con las declaraciones de <a target=\"_blank\" href=\"https:\/\/www.perfil.com\/noticias\/politica\/interna-libertaria-marcela-pagano-denuncio-ante-el-colegio-publico-a-alejandro-sarubbi-benitez-abogado-de-gordo-dan-y-manuel-adorni.phtml\"><strong>Alejandro Sarubbi<\/strong><\/a> en el canal de streaming <strong>Carajo<\/strong>. El abogado lanz\u00f3 una cr\u00edtica feroz contra la dirigencia del partido, a la que calific\u00f3 de <strong>\u00abtibia y cagona\u00bb<\/strong> en un 90%. Para Sarubbi, el espacio se volvi\u00f3<strong> una copia de la gesti\u00f3n de Mauricio Macri,<\/strong> perdiendo la esencia disruptiva que lo llev\u00f3 al poder. <\/p>\n<p>El blanco principal de los dardos fue <strong>Karina Milei<\/strong>, a quien Sarubbi se\u00f1al\u00f3 como la <strong>responsable absoluta del caos interno<\/strong> por su rol de armadora nacional. \u00abKarina<strong> trajo a Pareja.<\/strong> H\u00e1ganse cargo\u00bb, dispar\u00f3 el streamer, rechazando la obediencia debida hacia el armador bonaerense respaldado por la hermana del Presidente. El planteo fue claro: la militancia no est\u00e1 dispuesta a bancar a \u00ab<a target=\"_blank\" href=\"https:\/\/www.perfil.com\/noticias\/modo-fontevecchia\/sergio-berni-si-villarruel-es-nacionalista-tiene-que-renunciar.phtml\"><strong>oportunistas<\/strong><\/a>\u00bb solo por una orden de arriba. <\/p>\n<p><iframe id=\"vrudo\" class=\"vrudo\" src=\"https:\/\/rudo.video\/vod\/bWnPtW?volume=0\" width=\"100%\" height=\"100%\" allowscriptaccess=\"always\" allowfullscreen=\"true\" webkitallowfullscreen=\"true\" frameborder=\"0\" scrolling=\"no\" allow=\"autoplay; fullscreen\" loading=\"lazy\" title=\"Contenido embebido\"><\/iframe><\/p>\n<p>Sarubbi denunci\u00f3 un <strong>\u00abtemor reverencial\u00bb <\/strong>dentro del oficialismo, sugiriendo que muchos callan por miedo a perder sus empleos o beneficios econ\u00f3micos en el Estado. El comunicador asegur\u00f3 que se <strong>termin\u00f3 el tiempo de ocultar las diferencias<\/strong> para no da\u00f1ar el proyecto de pa\u00eds frente a lo que considera una traici\u00f3n. <strong>\u00abNadie en la puta vida nos va a obligar a bancar a Pareja\u00bb<\/strong>, sentenci\u00f3, dejando en claro que la lealtad tiene un l\u00edmite.<\/p>\n<div class=\"subscription\">\n<p>\n        Esto no les gusta a los autoritarios\n    <\/p>\n<div class=\"subscription__container\">\n<div class=\"subscription__text-wrapper\">\n<p>\n                El ejercicio del periodismo profesional y cr\u00edtico es un pilar fundamental de la democracia. Por eso molesta a quienes creen ser los due\u00f1os de la verdad.\n            <\/p>\n<\/p><\/div><\/div>\n<\/div>\n<p>La comparaci\u00f3n con el macrismo fue uno de los puntos m\u00e1s hirientes del descargo, sugiriendo que el oficialismo <strong>perdi\u00f3 su audacia y se llen\u00f3 de \u00abobsecuentes\u00bb.<\/strong> Sarubbi record\u00f3 que la militancia banc\u00f3 situaciones dif\u00edciles, como el caso de <strong>Marcela Pagano<\/strong>, pero que ahora se niegan a seguir siendo condescendientes. <strong>\u00abEste quilombo lo hicieron ustedes\u00bb, <\/strong>remat\u00f3.<\/p>\n<div style=\"text-align:center\">\n<figure class=\"image\" style=\"display:inline-block\"><picture><source media=\"(max-width: 440px)\" srcset=\"https:\/\/fotos.perfil.com\/\/2026\/04\/05\/440\/0\/karina-milei-2215032.png?webp\"\/><source media=\"(max-width: 1019px)\" srcset=\"https:\/\/fotos.perfil.com\/\/2026\/04\/05\/712\/0\/karina-milei-2215032.png?webp\"\/><img decoding=\"async\" style=\"max-width: 100%; width: 100%;\" alt=\"Karina Milei\" src=\"https:\/\/fotos.perfil.com\/\/2026\/04\/05\/900\/0\/karina-milei-2215032.png\" loading=\"lazy\"\/><\/picture><figcaption>Para Sarubbi, Karina \u00abes responsable\u00bb de la debacle en La Libertad Avanza<\/figcaption><\/figure>\n<\/p><\/div>\n<p>La rebeli\u00f3n en Carajo se sum\u00f3 a una ola de descontento que <strong>ya no se puede ocultar bajo la alfombra<\/strong> de la pauta digital o el sentido de pertenencia. Para el sector identificado con <strong>Santiago Caputo<\/strong>, el avance de la facci\u00f3n de Karina Milei representa una amenaza a la \u201cpureza\u201d del movimiento original. La interna dej\u00f3 de ser una disputa de pasillo para convertirse en un <strong>espect\u00e1culo p\u00fablico<\/strong> que debilita la imagen del Gobierno. <\/p>\n<p class=\"destacadoNota\"><a target=\"_blank\" href=\"https:\/\/www.perfil.com\/noticias\/politica\/marcela-pagano-contra-karina-milei.phtml\">\u00abCagaron a todos\u00bb: Marcela Pagano apunt\u00f3 ahora contra el c\u00edrculo \u00edntimo de Karina Milei<\/a><\/p>\n<h2><strong>El choque de los streamers y la militancia<\/strong><\/h2>\n<p>La disputa escal\u00f3 tras la<strong> citaci\u00f3n a indagatoria de once twitteros<\/strong> por supuestas amenazas a <strong>Sebasti\u00e1n Pareja<\/strong>, lo que desat\u00f3 una guerra abierta en las redes sociales. El \u00abGordo Dan\u00bb, referente de Santiago Caputo,<a target=\"_blank\" href=\"https:\/\/www.perfil.com\/noticias\/politica\/cruce-entre-lemoine-y-gordo-dan-expone-la-interna-libertaria-tras-la-citacion-a-twitteros.phtml\"> se cruz\u00f3 con la diputada <strong>Lilia Lemoine<\/strong><\/a>, quien exigi\u00f3 que los cr\u00edticos de Pareja dejaran de seguir a Milei. El influencer le record\u00f3 a la legisladora que <strong>no tiene potestad para expulsar a nadie<\/strong> y cuestion\u00f3 su lealtad real hacia el proyecto libertario.<\/p>\n<p>Lemoine defendi\u00f3 a Pareja con la misma vehemencia con la que respald\u00f3 a figuras como <strong>Manuel Adorni<\/strong> o <strong>Sandra Pettovello<\/strong>, acusando a otros de ser <strong>funcionales a los enemigos. <\/strong>Sin embargo, la reacci\u00f3n de los \u00abfieles digitales\u00bb de Caputo fue un\u00e1nime en el rechazo a lo que consideran un \u201cdisciplinamiento autoritario\u201d. <strong>Agust\u00edn Romo<\/strong>, jefe de bloque en la provincia, tuvo que intervenir para pedir que <strong>nadie abandone el barco <\/strong>en un intento por contener la sangr\u00eda.<\/p>\n<p>El conflicto en territorio bonaerense dej\u00f3 al descubierto que la estructura de La Libertad Avanza <strong>est\u00e1 dividida en dos bandos<\/strong> que ya no ocultan sus diferencias. Por un lado, la \u00abmesa pol\u00edtica\u00bb de Karina Milei que busca institucionalizar el partido; por el otro, la tropa tuitera que se siente estafada por la llegada de la casta. <\/p>\n<div style=\"text-align:center\">\n<figure class=\"image\" style=\"display:inline-block\"><picture><source media=\"(max-width: 440px)\" srcset=\"https:\/\/fotos.perfil.com\/\/2026\/04\/17\/440\/0\/posteo-marcela-pagano-17042026-2222803.jpg?webp\"\/><source media=\"(max-width: 1019px)\" srcset=\"https:\/\/fotos.perfil.com\/\/2026\/04\/17\/712\/0\/posteo-marcela-pagano-17042026-2222803.jpg?webp\"\/><img decoding=\"async\" style=\"max-width: 100%; width: 100%;\" alt=\"Posteo Marcela Pagano 17042026\" src=\"https:\/\/fotos.perfil.com\/\/2026\/04\/17\/900\/0\/posteo-marcela-pagano-17042026-2222803.jpg?webp\" loading=\"lazy\"\/><\/picture><figcaption>El reciente descargo de Marcela Pagano en X<\/figcaption><\/figure>\n<\/p><\/div>\n<h2><strong>El antecedente Pagano y la grieta irreparable<\/strong><\/h2>\n<p>La ruptura de <strong>Marcela Pagano <\/strong>con el bloque oficialista funcion\u00f3 como el catalizador de este malestar generalizado entre los militantes de buena fe. La periodista denunci\u00f3 que el Gobierno fue tomado por <strong>\u00abchorros y obsecuentes\u00bb <\/strong>que envidian los privilegios de la casta y solo buscan la alfombra roja. Su l\u00ednea, marcada por un <strong>duro tweet contra el entorno presidencial<\/strong>, ratific\u00f3 que el c\u00edrculo \u00edntimo de<a target=\"_blank\" href=\"https:\/\/www.perfil.com\/noticias\/politica\/karina-milei-blinda-a-manuel-adorni-en-vaca-muerta-mientras-la-justicia-perita-los-telefonos-de-sus-vendedoras.phtml\"> <strong>\u00abLa Jefa\u00bb<\/strong><\/a> barri\u00f3 con los cuadros m\u00e1s leales al movimiento original.<\/p>\n<p>En su carta abierta a Milei, que fue escrita en agosto de 2025, Pagano ya advert\u00eda que el Presidente<strong> estaba siendo manipulado por oportunistas<\/strong> que festejaban el hambre de los jubilados con memes de Twitter. Denunci\u00f3 que el desprecio hacia quienes trajeron votos sin pedir cargos fue la constante de una conducci\u00f3n que <strong>prioriz\u00f3 la obediencia sobre el pensamiento.<\/strong> La legisladora se\u00f1al\u00f3 que los \u00ableones genuinos\u00bb fueron expulsados para dejar lugar a \u201cuna corte de adulones\u201d que s\u00f3lo susurran lo que el poder quiere escuchar.<\/p>\n<p>El alejamiento de figuras que estuvieron desde el minuto cero, sumado al enojo de los streamers m\u00e1s influyentes, plantea un escenario de debilidad para el oficialismo. La acusaci\u00f3n de que el Gobierno <strong>se convirti\u00f3 en aquello que jur\u00f3 combatir r<\/strong>esuena con fuerza entre los j\u00f3venes militantes que hoy se sienten traicionados. <\/p>\n<p><em>TC\/DCQ<\/em><\/p>\n<\/p><\/div>\n<p><script>\n                !function(f,b,e,v,n,t,s)\n                {if(f.fbq)return;n=f.fbq=function(){n.callMethod?\n                    n.callMethod.apply(n,arguments):n.queue.push(arguments)};\n                    if(!f._fbq)f._fbq=n;n.push=n;n.loaded=!0;n.version='2.0';\n                    n.queue=[];t=b.createElement(e);t.async=!0;\n                    t.src=v;s=b.getElementsByTagName(e)[0];\n                    s.parentNode.insertBefore(t,s)}(window, document,'script',\n                    'https:\/\/connect.facebook.net\/en_US\/fbevents.js');\n                window.paywallConfig.facebook_pixel=\"1000228364089342\"\n            <\/script><\/p>\n","protected":false},"excerpt":{"rendered":"<p>El clima de insurgencia digital dentro de La Libertad Avanza alcanz\u00f3 su punto de m\u00e1xima tensi\u00f3n con las declaraciones de Alejandro Sarubbi en el canal de streaming Carajo. El abogado lanz\u00f3 una cr\u00edtica feroz contra la dirigencia del partido, a la que calific\u00f3 de \u00abtibia y cagona\u00bb en un 90%. Para Sarubbi, el espacio se [&hellip;]<\/p>\n","protected":false},"author":2,"featured_media":191693,"comment_status":"closed","ping_status":"closed","sticky":false,"template":"","format":"standard","meta":{"footnotes":""},"categories":[25],"tags":[],"class_list":["post-191692","post","type-post","status-publish","format-standard","has-post-thumbnail","hentry","category-nacionales"],"yoast_head":"<!-- This site is optimized with the Yoast SEO plugin v24.4 - https:\/\/yoast.com\/wordpress\/plugins\/seo\/ -->\n<title>&quot;Para tibios, lo voto a Macri&quot;: el crudo descargo de militantes libertarios que rompe con la conducci\u00f3n de Karina - GYS NOTICIAS |<\/title>\n<meta name=\"robots\" content=\"index, follow, max-snippet:-1, max-image-preview:large, max-video-preview:-1\" \/>\n<link rel=\"canonical\" href=\"https:\/\/gysfm.com.ar\/inicio\/para-tibios-lo-voto-a-macri-el-crudo-descargo-de-militantes-libertarios-que-rompe-con-la-conduccion-de-karina\/\" \/>\n<meta property=\"og:locale\" content=\"es_ES\" \/>\n<meta property=\"og:type\" content=\"article\" \/>\n<meta property=\"og:title\" content=\"&quot;Para tibios, lo voto a Macri&quot;: el crudo descargo de militantes libertarios que rompe con la conducci\u00f3n de Karina - GYS NOTICIAS |\" \/>\n<meta property=\"og:description\" content=\"El clima de insurgencia digital dentro de La Libertad Avanza alcanz\u00f3 su punto de m\u00e1xima tensi\u00f3n con las declaraciones de Alejandro Sarubbi en el canal de streaming Carajo. El abogado lanz\u00f3 una cr\u00edtica feroz contra la dirigencia del partido, a la que calific\u00f3 de \u00abtibia y cagona\u00bb en un 90%. Para Sarubbi, el espacio se [&hellip;]\" \/>\n<meta property=\"og:url\" content=\"https:\/\/gysfm.com.ar\/inicio\/para-tibios-lo-voto-a-macri-el-crudo-descargo-de-militantes-libertarios-que-rompe-con-la-conduccion-de-karina\/\" \/>\n<meta property=\"og:site_name\" content=\"GYS NOTICIAS |\" \/>\n<meta property=\"article:published_time\" content=\"2026-04-19T07:49:06+00:00\" \/>\n<meta property=\"og:image\" content=\"https:\/\/fotos.perfil.com\/\/2026\/04\/05\/900\/0\/karina-milei-2215032.png\" \/>\n<meta name=\"author\" content=\"Prensa G&amp;S FM\" \/>\n<meta name=\"twitter:card\" content=\"summary_large_image\" \/>\n<meta name=\"twitter:label1\" content=\"Escrito por\" \/>\n\t<meta name=\"twitter:data1\" content=\"Prensa G&amp;S FM\" \/>\n\t<meta name=\"twitter:label2\" content=\"Tiempo de lectura\" \/>\n\t<meta name=\"twitter:data2\" content=\"4 minutos\" \/>\n<script type=\"application\/ld+json\" class=\"yoast-schema-graph\">{\"@context\":\"https:\/\/schema.org\",\"@graph\":[{\"@type\":\"Article\",\"@id\":\"https:\/\/gysfm.com.ar\/inicio\/para-tibios-lo-voto-a-macri-el-crudo-descargo-de-militantes-libertarios-que-rompe-con-la-conduccion-de-karina\/#article\",\"isPartOf\":{\"@id\":\"https:\/\/gysfm.com.ar\/inicio\/para-tibios-lo-voto-a-macri-el-crudo-descargo-de-militantes-libertarios-que-rompe-con-la-conduccion-de-karina\/\"},\"author\":{\"name\":\"Prensa G&amp;S FM\",\"@id\":\"https:\/\/gysfm.com.ar\/inicio\/#\/schema\/person\/3abba7593ef2ad19e1be221d54383dc5\"},\"headline\":\"\u00abPara tibios, lo voto a Macri\u00bb: el crudo descargo de militantes libertarios que rompe con la conducci\u00f3n de Karina\",\"datePublished\":\"2026-04-19T07:49:06+00:00\",\"mainEntityOfPage\":{\"@id\":\"https:\/\/gysfm.com.ar\/inicio\/para-tibios-lo-voto-a-macri-el-crudo-descargo-de-militantes-libertarios-que-rompe-con-la-conduccion-de-karina\/\"},\"wordCount\":905,\"publisher\":{\"@id\":\"https:\/\/gysfm.com.ar\/inicio\/#organization\"},\"image\":{\"@id\":\"https:\/\/gysfm.com.ar\/inicio\/para-tibios-lo-voto-a-macri-el-crudo-descargo-de-militantes-libertarios-que-rompe-con-la-conduccion-de-karina\/#primaryimage\"},\"thumbnailUrl\":\"https:\/\/gysfm.com.ar\/inicio\/wp-content\/uploads\/2026\/04\/alejandro-sarubbi-2222854.jpg\",\"articleSection\":[\"NACIONALES\"],\"inLanguage\":\"es\"},{\"@type\":\"WebPage\",\"@id\":\"https:\/\/gysfm.com.ar\/inicio\/para-tibios-lo-voto-a-macri-el-crudo-descargo-de-militantes-libertarios-que-rompe-con-la-conduccion-de-karina\/\",\"url\":\"https:\/\/gysfm.com.ar\/inicio\/para-tibios-lo-voto-a-macri-el-crudo-descargo-de-militantes-libertarios-que-rompe-con-la-conduccion-de-karina\/\",\"name\":\"\\\"Para tibios, lo voto a Macri\\\": el crudo descargo de militantes libertarios que rompe con la conducci\u00f3n de Karina - GYS NOTICIAS |\",\"isPartOf\":{\"@id\":\"https:\/\/gysfm.com.ar\/inicio\/#website\"},\"primaryImageOfPage\":{\"@id\":\"https:\/\/gysfm.com.ar\/inicio\/para-tibios-lo-voto-a-macri-el-crudo-descargo-de-militantes-libertarios-que-rompe-con-la-conduccion-de-karina\/#primaryimage\"},\"image\":{\"@id\":\"https:\/\/gysfm.com.ar\/inicio\/para-tibios-lo-voto-a-macri-el-crudo-descargo-de-militantes-libertarios-que-rompe-con-la-conduccion-de-karina\/#primaryimage\"},\"thumbnailUrl\":\"https:\/\/gysfm.com.ar\/inicio\/wp-content\/uploads\/2026\/04\/alejandro-sarubbi-2222854.jpg\",\"datePublished\":\"2026-04-19T07:49:06+00:00\",\"breadcrumb\":{\"@id\":\"https:\/\/gysfm.com.ar\/inicio\/para-tibios-lo-voto-a-macri-el-crudo-descargo-de-militantes-libertarios-que-rompe-con-la-conduccion-de-karina\/#breadcrumb\"},\"inLanguage\":\"es\",\"potentialAction\":[{\"@type\":\"ReadAction\",\"target\":[\"https:\/\/gysfm.com.ar\/inicio\/para-tibios-lo-voto-a-macri-el-crudo-descargo-de-militantes-libertarios-que-rompe-con-la-conduccion-de-karina\/\"]}]},{\"@type\":\"ImageObject\",\"inLanguage\":\"es\",\"@id\":\"https:\/\/gysfm.com.ar\/inicio\/para-tibios-lo-voto-a-macri-el-crudo-descargo-de-militantes-libertarios-que-rompe-con-la-conduccion-de-karina\/#primaryimage\",\"url\":\"https:\/\/gysfm.com.ar\/inicio\/wp-content\/uploads\/2026\/04\/alejandro-sarubbi-2222854.jpg\",\"contentUrl\":\"https:\/\/gysfm.com.ar\/inicio\/wp-content\/uploads\/2026\/04\/alejandro-sarubbi-2222854.jpg\",\"width\":1140,\"height\":641},{\"@type\":\"BreadcrumbList\",\"@id\":\"https:\/\/gysfm.com.ar\/inicio\/para-tibios-lo-voto-a-macri-el-crudo-descargo-de-militantes-libertarios-que-rompe-con-la-conduccion-de-karina\/#breadcrumb\",\"itemListElement\":[{\"@type\":\"ListItem\",\"position\":1,\"name\":\"Portada\",\"item\":\"https:\/\/gysfm.com.ar\/inicio\/\"},{\"@type\":\"ListItem\",\"position\":2,\"name\":\"\u00abPara tibios, lo voto a Macri\u00bb: el crudo descargo de militantes libertarios que rompe con la conducci\u00f3n de Karina\"}]},{\"@type\":\"WebSite\",\"@id\":\"https:\/\/gysfm.com.ar\/inicio\/#website\",\"url\":\"https:\/\/gysfm.com.ar\/inicio\/\",\"name\":\"GYS NOTICIAS |\",\"description\":\"DIARIO - RADIO ONLINE SAN JUAN ARGENTINA\",\"publisher\":{\"@id\":\"https:\/\/gysfm.com.ar\/inicio\/#organization\"},\"potentialAction\":[{\"@type\":\"SearchAction\",\"target\":{\"@type\":\"EntryPoint\",\"urlTemplate\":\"https:\/\/gysfm.com.ar\/inicio\/?s={search_term_string}\"},\"query-input\":{\"@type\":\"PropertyValueSpecification\",\"valueRequired\":true,\"valueName\":\"search_term_string\"}}],\"inLanguage\":\"es\"},{\"@type\":\"Organization\",\"@id\":\"https:\/\/gysfm.com.ar\/inicio\/#organization\",\"name\":\"GYS NOTICIAS |\",\"url\":\"https:\/\/gysfm.com.ar\/inicio\/\",\"logo\":{\"@type\":\"ImageObject\",\"inLanguage\":\"es\",\"@id\":\"https:\/\/gysfm.com.ar\/inicio\/#\/schema\/logo\/image\/\",\"url\":\"https:\/\/gysfm.com.ar\/inicio\/wp-content\/uploads\/2023\/07\/LOGOGYS-OK.png\",\"contentUrl\":\"https:\/\/gysfm.com.ar\/inicio\/wp-content\/uploads\/2023\/07\/LOGOGYS-OK.png\",\"width\":1170,\"height\":872,\"caption\":\"GYS NOTICIAS |\"},\"image\":{\"@id\":\"https:\/\/gysfm.com.ar\/inicio\/#\/schema\/logo\/image\/\"}},{\"@type\":\"Person\",\"@id\":\"https:\/\/gysfm.com.ar\/inicio\/#\/schema\/person\/3abba7593ef2ad19e1be221d54383dc5\",\"name\":\"Prensa G&amp;S FM\",\"image\":{\"@type\":\"ImageObject\",\"inLanguage\":\"es\",\"@id\":\"https:\/\/gysfm.com.ar\/inicio\/#\/schema\/person\/image\/\",\"url\":\"https:\/\/secure.gravatar.com\/avatar\/096ec78df02049ab018702bb4ccedf659377fa92a26540b5247612077a0dbd29?s=96&d=mm&r=g\",\"contentUrl\":\"https:\/\/secure.gravatar.com\/avatar\/096ec78df02049ab018702bb4ccedf659377fa92a26540b5247612077a0dbd29?s=96&d=mm&r=g\",\"caption\":\"Prensa G&amp;S FM\"},\"sameAs\":[\"https:\/\/gysfm.com.ar\/\"],\"url\":\"https:\/\/gysfm.com.ar\/inicio\/author\/lucasm\/\"}]}<\/script>\n<!-- \/ Yoast SEO plugin. -->","yoast_head_json":{"title":"\"Para tibios, lo voto a Macri\": el crudo descargo de militantes libertarios que rompe con la conducci\u00f3n de Karina - GYS NOTICIAS |","robots":{"index":"index","follow":"follow","max-snippet":"max-snippet:-1","max-image-preview":"max-image-preview:large","max-video-preview":"max-video-preview:-1"},"canonical":"https:\/\/gysfm.com.ar\/inicio\/para-tibios-lo-voto-a-macri-el-crudo-descargo-de-militantes-libertarios-que-rompe-con-la-conduccion-de-karina\/","og_locale":"es_ES","og_type":"article","og_title":"\"Para tibios, lo voto a Macri\": el crudo descargo de militantes libertarios que rompe con la conducci\u00f3n de Karina - GYS NOTICIAS |","og_description":"El clima de insurgencia digital dentro de La Libertad Avanza alcanz\u00f3 su punto de m\u00e1xima tensi\u00f3n con las declaraciones de Alejandro Sarubbi en el canal de streaming Carajo. El abogado lanz\u00f3 una cr\u00edtica feroz contra la dirigencia del partido, a la que calific\u00f3 de \u00abtibia y cagona\u00bb en un 90%. Para Sarubbi, el espacio se [&hellip;]","og_url":"https:\/\/gysfm.com.ar\/inicio\/para-tibios-lo-voto-a-macri-el-crudo-descargo-de-militantes-libertarios-que-rompe-con-la-conduccion-de-karina\/","og_site_name":"GYS NOTICIAS |","article_published_time":"2026-04-19T07:49:06+00:00","og_image":[{"url":"https:\/\/fotos.perfil.com\/\/2026\/04\/05\/900\/0\/karina-milei-2215032.png","type":"","width":"","height":""}],"author":"Prensa G&amp;S FM","twitter_card":"summary_large_image","twitter_misc":{"Escrito por":"Prensa G&amp;S FM","Tiempo de lectura":"4 minutos"},"schema":{"@context":"https:\/\/schema.org","@graph":[{"@type":"Article","@id":"https:\/\/gysfm.com.ar\/inicio\/para-tibios-lo-voto-a-macri-el-crudo-descargo-de-militantes-libertarios-que-rompe-con-la-conduccion-de-karina\/#article","isPartOf":{"@id":"https:\/\/gysfm.com.ar\/inicio\/para-tibios-lo-voto-a-macri-el-crudo-descargo-de-militantes-libertarios-que-rompe-con-la-conduccion-de-karina\/"},"author":{"name":"Prensa G&amp;S FM","@id":"https:\/\/gysfm.com.ar\/inicio\/#\/schema\/person\/3abba7593ef2ad19e1be221d54383dc5"},"headline":"\u00abPara tibios, lo voto a Macri\u00bb: el crudo descargo de militantes libertarios que rompe con la conducci\u00f3n de Karina","datePublished":"2026-04-19T07:49:06+00:00","mainEntityOfPage":{"@id":"https:\/\/gysfm.com.ar\/inicio\/para-tibios-lo-voto-a-macri-el-crudo-descargo-de-militantes-libertarios-que-rompe-con-la-conduccion-de-karina\/"},"wordCount":905,"publisher":{"@id":"https:\/\/gysfm.com.ar\/inicio\/#organization"},"image":{"@id":"https:\/\/gysfm.com.ar\/inicio\/para-tibios-lo-voto-a-macri-el-crudo-descargo-de-militantes-libertarios-que-rompe-con-la-conduccion-de-karina\/#primaryimage"},"thumbnailUrl":"https:\/\/gysfm.com.ar\/inicio\/wp-content\/uploads\/2026\/04\/alejandro-sarubbi-2222854.jpg","articleSection":["NACIONALES"],"inLanguage":"es"},{"@type":"WebPage","@id":"https:\/\/gysfm.com.ar\/inicio\/para-tibios-lo-voto-a-macri-el-crudo-descargo-de-militantes-libertarios-que-rompe-con-la-conduccion-de-karina\/","url":"https:\/\/gysfm.com.ar\/inicio\/para-tibios-lo-voto-a-macri-el-crudo-descargo-de-militantes-libertarios-que-rompe-con-la-conduccion-de-karina\/","name":"\"Para tibios, lo voto a Macri\": el crudo descargo de militantes libertarios que rompe con la conducci\u00f3n de Karina - GYS NOTICIAS |","isPartOf":{"@id":"https:\/\/gysfm.com.ar\/inicio\/#website"},"primaryImageOfPage":{"@id":"https:\/\/gysfm.com.ar\/inicio\/para-tibios-lo-voto-a-macri-el-crudo-descargo-de-militantes-libertarios-que-rompe-con-la-conduccion-de-karina\/#primaryimage"},"image":{"@id":"https:\/\/gysfm.com.ar\/inicio\/para-tibios-lo-voto-a-macri-el-crudo-descargo-de-militantes-libertarios-que-rompe-con-la-conduccion-de-karina\/#primaryimage"},"thumbnailUrl":"https:\/\/gysfm.com.ar\/inicio\/wp-content\/uploads\/2026\/04\/alejandro-sarubbi-2222854.jpg","datePublished":"2026-04-19T07:49:06+00:00","breadcrumb":{"@id":"https:\/\/gysfm.com.ar\/inicio\/para-tibios-lo-voto-a-macri-el-crudo-descargo-de-militantes-libertarios-que-rompe-con-la-conduccion-de-karina\/#breadcrumb"},"inLanguage":"es","potentialAction":[{"@type":"ReadAction","target":["https:\/\/gysfm.com.ar\/inicio\/para-tibios-lo-voto-a-macri-el-crudo-descargo-de-militantes-libertarios-que-rompe-con-la-conduccion-de-karina\/"]}]},{"@type":"ImageObject","inLanguage":"es","@id":"https:\/\/gysfm.com.ar\/inicio\/para-tibios-lo-voto-a-macri-el-crudo-descargo-de-militantes-libertarios-que-rompe-con-la-conduccion-de-karina\/#primaryimage","url":"https:\/\/gysfm.com.ar\/inicio\/wp-content\/uploads\/2026\/04\/alejandro-sarubbi-2222854.jpg","contentUrl":"https:\/\/gysfm.com.ar\/inicio\/wp-content\/uploads\/2026\/04\/alejandro-sarubbi-2222854.jpg","width":1140,"height":641},{"@type":"BreadcrumbList","@id":"https:\/\/gysfm.com.ar\/inicio\/para-tibios-lo-voto-a-macri-el-crudo-descargo-de-militantes-libertarios-que-rompe-con-la-conduccion-de-karina\/#breadcrumb","itemListElement":[{"@type":"ListItem","position":1,"name":"Portada","item":"https:\/\/gysfm.com.ar\/inicio\/"},{"@type":"ListItem","position":2,"name":"\u00abPara tibios, lo voto a Macri\u00bb: el crudo descargo de militantes libertarios que rompe con la conducci\u00f3n de Karina"}]},{"@type":"WebSite","@id":"https:\/\/gysfm.com.ar\/inicio\/#website","url":"https:\/\/gysfm.com.ar\/inicio\/","name":"GYS NOTICIAS |","description":"DIARIO - RADIO ONLINE SAN JUAN ARGENTINA","publisher":{"@id":"https:\/\/gysfm.com.ar\/inicio\/#organization"},"potentialAction":[{"@type":"SearchAction","target":{"@type":"EntryPoint","urlTemplate":"https:\/\/gysfm.com.ar\/inicio\/?s={search_term_string}"},"query-input":{"@type":"PropertyValueSpecification","valueRequired":true,"valueName":"search_term_string"}}],"inLanguage":"es"},{"@type":"Organization","@id":"https:\/\/gysfm.com.ar\/inicio\/#organization","name":"GYS NOTICIAS |","url":"https:\/\/gysfm.com.ar\/inicio\/","logo":{"@type":"ImageObject","inLanguage":"es","@id":"https:\/\/gysfm.com.ar\/inicio\/#\/schema\/logo\/image\/","url":"https:\/\/gysfm.com.ar\/inicio\/wp-content\/uploads\/2023\/07\/LOGOGYS-OK.png","contentUrl":"https:\/\/gysfm.com.ar\/inicio\/wp-content\/uploads\/2023\/07\/LOGOGYS-OK.png","width":1170,"height":872,"caption":"GYS NOTICIAS |"},"image":{"@id":"https:\/\/gysfm.com.ar\/inicio\/#\/schema\/logo\/image\/"}},{"@type":"Person","@id":"https:\/\/gysfm.com.ar\/inicio\/#\/schema\/person\/3abba7593ef2ad19e1be221d54383dc5","name":"Prensa G&amp;S FM","image":{"@type":"ImageObject","inLanguage":"es","@id":"https:\/\/gysfm.com.ar\/inicio\/#\/schema\/person\/image\/","url":"https:\/\/secure.gravatar.com\/avatar\/096ec78df02049ab018702bb4ccedf659377fa92a26540b5247612077a0dbd29?s=96&d=mm&r=g","contentUrl":"https:\/\/secure.gravatar.com\/avatar\/096ec78df02049ab018702bb4ccedf659377fa92a26540b5247612077a0dbd29?s=96&d=mm&r=g","caption":"Prensa G&amp;S FM"},"sameAs":["https:\/\/gysfm.com.ar\/"],"url":"https:\/\/gysfm.com.ar\/inicio\/author\/lucasm\/"}]}},"_links":{"self":[{"href":"https:\/\/gysfm.com.ar\/inicio\/wp-json\/wp\/v2\/posts\/191692","targetHints":{"allow":["GET"]}}],"collection":[{"href":"https:\/\/gysfm.com.ar\/inicio\/wp-json\/wp\/v2\/posts"}],"about":[{"href":"https:\/\/gysfm.com.ar\/inicio\/wp-json\/wp\/v2\/types\/post"}],"author":[{"embeddable":true,"href":"https:\/\/gysfm.com.ar\/inicio\/wp-json\/wp\/v2\/users\/2"}],"replies":[{"embeddable":true,"href":"https:\/\/gysfm.com.ar\/inicio\/wp-json\/wp\/v2\/comments?post=191692"}],"version-history":[{"count":0,"href":"https:\/\/gysfm.com.ar\/inicio\/wp-json\/wp\/v2\/posts\/191692\/revisions"}],"wp:featuredmedia":[{"embeddable":true,"href":"https:\/\/gysfm.com.ar\/inicio\/wp-json\/wp\/v2\/media\/191693"}],"wp:attachment":[{"href":"https:\/\/gysfm.com.ar\/inicio\/wp-json\/wp\/v2\/media?parent=191692"}],"wp:term":[{"taxonomy":"category","embeddable":true,"href":"https:\/\/gysfm.com.ar\/inicio\/wp-json\/wp\/v2\/categories?post=191692"},{"taxonomy":"post_tag","embeddable":true,"href":"https:\/\/gysfm.com.ar\/inicio\/wp-json\/wp\/v2\/tags?post=191692"}],"curies":[{"name":"wp","href":"https:\/\/api.w.org\/{rel}","templated":true}]}}