{"id":191687,"date":"2026-04-19T04:18:24","date_gmt":"2026-04-19T07:18:24","guid":{"rendered":"https:\/\/gysfm.com.ar\/inicio\/lilia-lemoine-y-gordo-dan-a-los-canonazos-por-sebastian-pareja\/"},"modified":"2026-04-19T04:18:24","modified_gmt":"2026-04-19T07:18:24","slug":"lilia-lemoine-y-gordo-dan-a-los-canonazos-por-sebastian-pareja","status":"publish","type":"post","link":"https:\/\/gysfm.com.ar\/inicio\/lilia-lemoine-y-gordo-dan-a-los-canonazos-por-sebastian-pareja\/","title":{"rendered":"Lilia Lemoine y Gordo Dan, a los ca\u00f1onazos por Sebasti\u00e1n Pareja"},"content":{"rendered":"<p><\/p>\n<div id=\"article-content\">\n<p>La interna dentro de <strong>La Libertad Avanza<\/strong> <strong>explot\u00f3<\/strong> tras la <strong>citaci\u00f3n a indagatoria de once tuiteros<\/strong> por supuestas <strong>amenazas a <\/strong><a target=\"_blank\" href=\"https:\/\/www.perfil.com\/noticias\/politica\/la-interna-libertaria-arde-en-territorio-bonaerense-otra-vez-los-militantes-de-caputo-enojados-con-pareja.phtml\">Sebasti\u00e1n Pareja<\/a>, armador bonaerense respaldado por <strong>Karina Milei<\/strong>. La denuncia, sumada a otros movimientos en el oficialismo, provoc\u00f3 un fuerte cruce tuitero entre el \u201cGordo Dan\u201d y <strong>Lilia Lemoine<\/strong>, quien sugiri\u00f3 que los militantes que no apoyen a Pareja deber\u00edan \u201cdejar de seguir\u201d al presidente.<\/p>\n<p><strong>Daniel Parisini<\/strong>, que se identifica con <strong>Santiago Caputo<\/strong>, sali\u00f3 al choque con Lemoine argumentando que ella no tiene \u201cpotestad para echar a nadie\u201d del partido. Esto sucedi\u00f3 luego de que ella hiciera referencia a que @Witchreinaa, tambi\u00e9n identificada con el espacio de Caputo, deber\u00eda dejar de seguir a Milei por no haber \u201cbancado\u201d a Pareja.<\/p>\n<p style=\"text-align:center\"><picture><source media=\"(max-width: 440px)\" srcset=\"https:\/\/fotos.perfil.com\/\/2026\/04\/17\/440\/0\/posteo-lilia-lemoine-17042026-2222689.jpg?webp\"\/><source media=\"(max-width: 1019px)\" srcset=\"https:\/\/fotos.perfil.com\/\/2026\/04\/17\/712\/0\/posteo-lilia-lemoine-17042026-2222689.jpg?webp\"\/><img decoding=\"async\" style=\"max-width: 100%; width: 100%;\" alt=\"Posteo Lilia Lemoine 17042026\" src=\"https:\/\/fotos.perfil.com\/\/2026\/04\/17\/900\/0\/posteo-lilia-lemoine-17042026-2222689.jpg?webp\" loading=\"lazy\"\/><\/picture><\/p>\n<div class=\"subscription\">\n<p>\n        Esto no les gusta a los autoritarios\n    <\/p>\n<div class=\"subscription__container\">\n<div class=\"subscription__text-wrapper\">\n<p>\n                El ejercicio del periodismo profesional y cr\u00edtico es un pilar fundamental de la democracia. Por eso molesta a quienes creen ser los due\u00f1os de la verdad.\n            <\/p>\n<\/p><\/div><\/div>\n<\/div>\n<p>Entonces, la legisladora volvi\u00f3 a responder, criticando a Parisini. \u201cBancaste a [Victoria] Villarruel y a [Marcela] Pagano, Dan. En la vida real, vos dejabas caer al gobierno. Perd\u00f3n. Me cans\u00e9\u201d, escribi\u00f3.<\/p>\n<p class=\"destacadoNota\"><a target=\"_blank\" href=\"https:\/\/www.perfil.com\/noticias\/politica\/la-interna-libertaria-arde-en-territorio-bonaerense-otra-vez-los-militantes-de-caputo-enojados-con-pareja.phtml\">La interna libertaria arde en territorio bonaerense: otra vez, los militantes de Caputo enojados con Pareja<\/a><\/p>\n<p>El Gordo Dan contraatac\u00f3: \u201cNo solo banqu\u00e9 a Villarruel y a Pagano, banqu\u00e9 a toda <strong>La Libertad Avanza<\/strong> cuando hab\u00eda que bancar, y dej\u00e9 de bancar cuando pas\u00f3 lo que pas\u00f3\u201d, expres\u00f3.<\/p>\n<p>En clave tuitera, Parisini agreg\u00f3: \u201cVos no ten\u00e9s la potestad de echar a nadie ni de hacer que nadie deje de seguir a Milei. No ten\u00e9s jurisdicci\u00f3n ac\u00e1 para hacer eso. Esto no es el Congreso. No pasar\u00e1s\u201d.<\/p>\n<p style=\"text-align:center\"><picture><source media=\"(max-width: 440px)\" srcset=\"https:\/\/fotos.perfil.com\/\/2026\/04\/17\/440\/0\/posteo-lilia-lemoine-17042026-2222690.jpg?webp\"\/><source media=\"(max-width: 1019px)\" srcset=\"https:\/\/fotos.perfil.com\/\/2026\/04\/17\/712\/0\/posteo-lilia-lemoine-17042026-2222690.jpg?webp\"\/><img decoding=\"async\" style=\"max-width: 100%; width: 100%;\" alt=\"Posteo Lilia Lemoine 17042026\" src=\"https:\/\/fotos.perfil.com\/\/2026\/04\/17\/900\/0\/posteo-lilia-lemoine-17042026-2222690.jpg?webp\" loading=\"lazy\"\/><\/picture><\/p>\n<p>\u201cDan&#8230; vos tampoco. Y entendiste lo que quise decir&#8230; \u00bfno creo que seas tan boludo como Mengolini? \u00bfO s\u00ed? Capaz que compartir espacio con Rebord te nubl\u00f3 las ideas\u201d, contraatac\u00f3 la titular de la <strong>Comisi\u00f3n de Juicio Pol\u00edtico<\/strong>.<\/p>\n<p>Esa chicana hizo referencia a que el tuitero tiene su programa en el streaming <strong>Carajo<\/strong>, que comparte due\u00f1o con <strong>Blender<\/strong>, un espacio que apunta al nicho kirchnerista o progresista.<\/p>\n<p>Ante esa cr\u00edtica, Dan remat\u00f3: \u201cLilia, para tratar de boludo a alguien m\u00ednimamente te pido no tener tan solo dos puntos m\u00e1s de IQ que Fijap. Te mando un abrazo\u201d, en referencia al youtuber libertario <strong>Franco Iv\u00e1n Jerem\u00edas Antunes Puchol<\/strong>, cercano a <a target=\"_blank\" href=\"https:\/\/noticias.perfil.com\/noticias\/tapas\/karina-milei-el-origen-de-todos-los-pecados.phtml?_ga=2.133353672.753725433.1776178857-633804203.1767405400&amp;_gl=1*1vbjcmf*_ga*NjMzODA0MjAzLjE3Njc0MDU0MDA.*_ga_ZVLDWW22SP*czE3NzY0NDA4OTMkbzIzNyRnMSR0MTc3NjQ0NTM3MiRqNTkkbDAkaDA.\">Karina Milei<\/a>.<\/p>\n<p style=\"text-align:center\"><picture><source media=\"(max-width: 440px)\" srcset=\"https:\/\/fotos.perfil.com\/\/2026\/04\/17\/440\/0\/posteo-lilia-lemoine-17042026-2222691.jpg?webp\"\/><source media=\"(max-width: 1019px)\" srcset=\"https:\/\/fotos.perfil.com\/\/2026\/04\/17\/712\/0\/posteo-lilia-lemoine-17042026-2222691.jpg?webp\"\/><img decoding=\"async\" style=\"max-width: 100%; width: 100%;\" alt=\"Posteo Lilia Lemoine 17042026\" src=\"https:\/\/fotos.perfil.com\/\/2026\/04\/17\/900\/0\/posteo-lilia-lemoine-17042026-2222691.jpg?webp\" loading=\"lazy\"\/><\/picture><\/p>\n<p>A\u00fan enojada, Lemoine cerr\u00f3 la discusi\u00f3n con un \u201cYa est\u00e1, renunci\u00e1 a la banca. Ganaste Dan\u201d.<\/p>\n<p>Antes de eso, la diputada le explic\u00f3 a otro usuario: \u201cbanco a Milei y por eso banco a Pareja [\u2026] no lo vi traicionar a Javier\u201d. No conforme con eso agreg\u00f3: \u201cComo s\u00ed vi a otros que por soberbia o inmadurez fueron funcionales a sus enemigos\u201d.<\/p>\n<p class=\"destacadoNota\"><a target=\"_blank\" href=\"https:\/\/www.perfil.com\/noticias\/politica\/con-el-respaldo-de-los-milei-adorni-acorrolado-por-las-denuncias-encabeza-la-reunion-de-la-mesa-politica.phtml\">Respaldado por los Milei y acorralado por las denuncias, Adorni encabeza la reuni\u00f3n de la Mesa Pol\u00edtica<\/a><\/p>\n<p>Adem\u00e1s, Lemoine no perdi\u00f3 oportunidad para expresarse sobre el <a target=\"_blank\" href=\"https:\/\/www.perfil.com\/noticias\/politica\/antes-de-ser-funcionario-manuel-adorni-recibio-plata-de-marcelo-grandio-durante-un-ano.phtml\">esc\u00e1ndalo de Adorni <\/a>y dijo: \u201cYo defiendo a Pareja igual que a Adorni, Sandra o a Santi Caputo. O al mism\u00edsimo Dan&#8230;\u201d.<\/p>\n<p style=\"text-align:center\"><picture><source media=\"(max-width: 440px)\" srcset=\"https:\/\/fotos.perfil.com\/\/2026\/04\/17\/440\/0\/posteo-lilia-lemoine-1704202-2222696.jpg?webp\"\/><source media=\"(max-width: 1019px)\" srcset=\"https:\/\/fotos.perfil.com\/\/2026\/04\/17\/712\/0\/posteo-lilia-lemoine-1704202-2222696.jpg?webp\"\/><img decoding=\"async\" style=\"max-width: 100%; width: 100%;\" alt=\" Posteo Lilia Lemoine 1704202\" src=\"https:\/\/fotos.perfil.com\/\/2026\/04\/17\/900\/0\/posteo-lilia-lemoine-1704202-2222696.jpg?webp\" loading=\"lazy\"\/><\/picture><\/p>\n<p>Sin embargo, la disputa no qued\u00f3 entre ellos dos: el debate incluy\u00f3 tambi\u00e9n a los <strong>fieles digitales de Caputo<\/strong>.<\/p>\n<p>No obstante, <strong>Romo<\/strong>, jefe de bloque de diputados de LLA en Buenos Aires y mano derecha de Caputo, sali\u00f3 hoy a respaldar la posici\u00f3n de Parisini. \u201cPor favor, ninguno deje de seguir a Milei. Tenemos la chance hist\u00f3rica de cambiar este pa\u00eds. No la dejemos pasar\u201d, expres\u00f3 Romo.<\/p>\n<p style=\"text-align:center\"><picture><source media=\"(max-width: 440px)\" srcset=\"https:\/\/fotos.perfil.com\/\/2026\/04\/17\/440\/0\/posteo-agustin-romo-17042026-2222693.jpg?webp\"\/><source media=\"(max-width: 1019px)\" srcset=\"https:\/\/fotos.perfil.com\/\/2026\/04\/17\/712\/0\/posteo-agustin-romo-17042026-2222693.jpg?webp\"\/><img decoding=\"async\" style=\"max-width: 100%; width: 100%;\" alt=\"Posteo Agust\u00edn Romo 17042026\" src=\"https:\/\/fotos.perfil.com\/\/2026\/04\/17\/900\/0\/posteo-agustin-romo-17042026-2222693.jpg?webp\" loading=\"lazy\"\/><\/picture><\/p>\n<p>A Romo y \u201cGordo Dan\u201d se sumaron <strong>Lucas \u201cSagaz\u201d Luna<\/strong>, exdirector titular de <strong>Intercargo<\/strong> y referente de LLA en Tres de Febrero, y <strong>Mariano P\u00e9rez<\/strong>, due\u00f1o del canal de streaming <strong>Break Point<\/strong>.<\/p>\n<p>RG\/ff<\/p>\n<\/p><\/div>\n<p><script>\n                !function(f,b,e,v,n,t,s)\n                {if(f.fbq)return;n=f.fbq=function(){n.callMethod?\n                    n.callMethod.apply(n,arguments):n.queue.push(arguments)};\n                    if(!f._fbq)f._fbq=n;n.push=n;n.loaded=!0;n.version='2.0';\n                    n.queue=[];t=b.createElement(e);t.async=!0;\n                    t.src=v;s=b.getElementsByTagName(e)[0];\n                    s.parentNode.insertBefore(t,s)}(window, document,'script',\n                    'https:\/\/connect.facebook.net\/en_US\/fbevents.js');\n                window.paywallConfig.facebook_pixel=\"1000228364089342\"\n            <\/script><\/p>\n","protected":false},"excerpt":{"rendered":"<p>La interna dentro de La Libertad Avanza explot\u00f3 tras la citaci\u00f3n a indagatoria de once tuiteros por supuestas amenazas a Sebasti\u00e1n Pareja, armador bonaerense respaldado por Karina Milei. La denuncia, sumada a otros movimientos en el oficialismo, provoc\u00f3 un fuerte cruce tuitero entre el \u201cGordo Dan\u201d y Lilia Lemoine, quien sugiri\u00f3 que los militantes que [&hellip;]<\/p>\n","protected":false},"author":2,"featured_media":191688,"comment_status":"closed","ping_status":"closed","sticky":false,"template":"","format":"standard","meta":{"footnotes":""},"categories":[25],"tags":[],"class_list":["post-191687","post","type-post","status-publish","format-standard","has-post-thumbnail","hentry","category-nacionales"],"yoast_head":"<!-- This site is optimized with the Yoast SEO plugin v24.4 - https:\/\/yoast.com\/wordpress\/plugins\/seo\/ -->\n<title>Lilia Lemoine y Gordo Dan, a los ca\u00f1onazos por Sebasti\u00e1n Pareja - GYS NOTICIAS |<\/title>\n<meta name=\"robots\" content=\"index, follow, max-snippet:-1, max-image-preview:large, max-video-preview:-1\" \/>\n<link rel=\"canonical\" href=\"https:\/\/gysfm.com.ar\/inicio\/lilia-lemoine-y-gordo-dan-a-los-canonazos-por-sebastian-pareja\/\" \/>\n<meta property=\"og:locale\" content=\"es_ES\" \/>\n<meta property=\"og:type\" content=\"article\" \/>\n<meta property=\"og:title\" content=\"Lilia Lemoine y Gordo Dan, a los ca\u00f1onazos por Sebasti\u00e1n Pareja - GYS NOTICIAS |\" \/>\n<meta property=\"og:description\" content=\"La interna dentro de La Libertad Avanza explot\u00f3 tras la citaci\u00f3n a indagatoria de once tuiteros por supuestas amenazas a Sebasti\u00e1n Pareja, armador bonaerense respaldado por Karina Milei. La denuncia, sumada a otros movimientos en el oficialismo, provoc\u00f3 un fuerte cruce tuitero entre el \u201cGordo Dan\u201d y Lilia Lemoine, quien sugiri\u00f3 que los militantes que [&hellip;]\" \/>\n<meta property=\"og:url\" content=\"https:\/\/gysfm.com.ar\/inicio\/lilia-lemoine-y-gordo-dan-a-los-canonazos-por-sebastian-pareja\/\" \/>\n<meta property=\"og:site_name\" content=\"GYS NOTICIAS |\" \/>\n<meta property=\"article:published_time\" content=\"2026-04-19T07:18:24+00:00\" \/>\n<meta property=\"og:image\" content=\"https:\/\/fotos.perfil.com\/\/2026\/04\/17\/900\/0\/posteo-lilia-lemoine-17042026-2222689.jpg?webp\" \/>\n<meta name=\"author\" content=\"Prensa G&amp;S FM\" \/>\n<meta name=\"twitter:card\" content=\"summary_large_image\" \/>\n<meta name=\"twitter:label1\" content=\"Escrito por\" \/>\n\t<meta name=\"twitter:data1\" content=\"Prensa G&amp;S FM\" \/>\n\t<meta name=\"twitter:label2\" content=\"Tiempo de lectura\" \/>\n\t<meta name=\"twitter:data2\" content=\"3 minutos\" \/>\n<script type=\"application\/ld+json\" class=\"yoast-schema-graph\">{\"@context\":\"https:\/\/schema.org\",\"@graph\":[{\"@type\":\"Article\",\"@id\":\"https:\/\/gysfm.com.ar\/inicio\/lilia-lemoine-y-gordo-dan-a-los-canonazos-por-sebastian-pareja\/#article\",\"isPartOf\":{\"@id\":\"https:\/\/gysfm.com.ar\/inicio\/lilia-lemoine-y-gordo-dan-a-los-canonazos-por-sebastian-pareja\/\"},\"author\":{\"name\":\"Prensa G&amp;S FM\",\"@id\":\"https:\/\/gysfm.com.ar\/inicio\/#\/schema\/person\/3abba7593ef2ad19e1be221d54383dc5\"},\"headline\":\"Lilia Lemoine y Gordo Dan, a los ca\u00f1onazos por Sebasti\u00e1n Pareja\",\"datePublished\":\"2026-04-19T07:18:24+00:00\",\"mainEntityOfPage\":{\"@id\":\"https:\/\/gysfm.com.ar\/inicio\/lilia-lemoine-y-gordo-dan-a-los-canonazos-por-sebastian-pareja\/\"},\"wordCount\":638,\"publisher\":{\"@id\":\"https:\/\/gysfm.com.ar\/inicio\/#organization\"},\"image\":{\"@id\":\"https:\/\/gysfm.com.ar\/inicio\/lilia-lemoine-y-gordo-dan-a-los-canonazos-por-sebastian-pareja\/#primaryimage\"},\"thumbnailUrl\":\"https:\/\/gysfm.com.ar\/inicio\/wp-content\/uploads\/2026\/04\/lilia-lemoine-2222714.jpg\",\"articleSection\":[\"NACIONALES\"],\"inLanguage\":\"es\"},{\"@type\":\"WebPage\",\"@id\":\"https:\/\/gysfm.com.ar\/inicio\/lilia-lemoine-y-gordo-dan-a-los-canonazos-por-sebastian-pareja\/\",\"url\":\"https:\/\/gysfm.com.ar\/inicio\/lilia-lemoine-y-gordo-dan-a-los-canonazos-por-sebastian-pareja\/\",\"name\":\"Lilia Lemoine y Gordo Dan, a los ca\u00f1onazos por Sebasti\u00e1n Pareja - GYS NOTICIAS |\",\"isPartOf\":{\"@id\":\"https:\/\/gysfm.com.ar\/inicio\/#website\"},\"primaryImageOfPage\":{\"@id\":\"https:\/\/gysfm.com.ar\/inicio\/lilia-lemoine-y-gordo-dan-a-los-canonazos-por-sebastian-pareja\/#primaryimage\"},\"image\":{\"@id\":\"https:\/\/gysfm.com.ar\/inicio\/lilia-lemoine-y-gordo-dan-a-los-canonazos-por-sebastian-pareja\/#primaryimage\"},\"thumbnailUrl\":\"https:\/\/gysfm.com.ar\/inicio\/wp-content\/uploads\/2026\/04\/lilia-lemoine-2222714.jpg\",\"datePublished\":\"2026-04-19T07:18:24+00:00\",\"breadcrumb\":{\"@id\":\"https:\/\/gysfm.com.ar\/inicio\/lilia-lemoine-y-gordo-dan-a-los-canonazos-por-sebastian-pareja\/#breadcrumb\"},\"inLanguage\":\"es\",\"potentialAction\":[{\"@type\":\"ReadAction\",\"target\":[\"https:\/\/gysfm.com.ar\/inicio\/lilia-lemoine-y-gordo-dan-a-los-canonazos-por-sebastian-pareja\/\"]}]},{\"@type\":\"ImageObject\",\"inLanguage\":\"es\",\"@id\":\"https:\/\/gysfm.com.ar\/inicio\/lilia-lemoine-y-gordo-dan-a-los-canonazos-por-sebastian-pareja\/#primaryimage\",\"url\":\"https:\/\/gysfm.com.ar\/inicio\/wp-content\/uploads\/2026\/04\/lilia-lemoine-2222714.jpg\",\"contentUrl\":\"https:\/\/gysfm.com.ar\/inicio\/wp-content\/uploads\/2026\/04\/lilia-lemoine-2222714.jpg\",\"width\":1140,\"height\":641},{\"@type\":\"BreadcrumbList\",\"@id\":\"https:\/\/gysfm.com.ar\/inicio\/lilia-lemoine-y-gordo-dan-a-los-canonazos-por-sebastian-pareja\/#breadcrumb\",\"itemListElement\":[{\"@type\":\"ListItem\",\"position\":1,\"name\":\"Portada\",\"item\":\"https:\/\/gysfm.com.ar\/inicio\/\"},{\"@type\":\"ListItem\",\"position\":2,\"name\":\"Lilia Lemoine y Gordo Dan, a los ca\u00f1onazos por Sebasti\u00e1n Pareja\"}]},{\"@type\":\"WebSite\",\"@id\":\"https:\/\/gysfm.com.ar\/inicio\/#website\",\"url\":\"https:\/\/gysfm.com.ar\/inicio\/\",\"name\":\"GYS NOTICIAS |\",\"description\":\"DIARIO - RADIO ONLINE SAN JUAN ARGENTINA\",\"publisher\":{\"@id\":\"https:\/\/gysfm.com.ar\/inicio\/#organization\"},\"potentialAction\":[{\"@type\":\"SearchAction\",\"target\":{\"@type\":\"EntryPoint\",\"urlTemplate\":\"https:\/\/gysfm.com.ar\/inicio\/?s={search_term_string}\"},\"query-input\":{\"@type\":\"PropertyValueSpecification\",\"valueRequired\":true,\"valueName\":\"search_term_string\"}}],\"inLanguage\":\"es\"},{\"@type\":\"Organization\",\"@id\":\"https:\/\/gysfm.com.ar\/inicio\/#organization\",\"name\":\"GYS NOTICIAS |\",\"url\":\"https:\/\/gysfm.com.ar\/inicio\/\",\"logo\":{\"@type\":\"ImageObject\",\"inLanguage\":\"es\",\"@id\":\"https:\/\/gysfm.com.ar\/inicio\/#\/schema\/logo\/image\/\",\"url\":\"https:\/\/gysfm.com.ar\/inicio\/wp-content\/uploads\/2023\/07\/LOGOGYS-OK.png\",\"contentUrl\":\"https:\/\/gysfm.com.ar\/inicio\/wp-content\/uploads\/2023\/07\/LOGOGYS-OK.png\",\"width\":1170,\"height\":872,\"caption\":\"GYS NOTICIAS |\"},\"image\":{\"@id\":\"https:\/\/gysfm.com.ar\/inicio\/#\/schema\/logo\/image\/\"}},{\"@type\":\"Person\",\"@id\":\"https:\/\/gysfm.com.ar\/inicio\/#\/schema\/person\/3abba7593ef2ad19e1be221d54383dc5\",\"name\":\"Prensa G&amp;S FM\",\"image\":{\"@type\":\"ImageObject\",\"inLanguage\":\"es\",\"@id\":\"https:\/\/gysfm.com.ar\/inicio\/#\/schema\/person\/image\/\",\"url\":\"https:\/\/secure.gravatar.com\/avatar\/096ec78df02049ab018702bb4ccedf659377fa92a26540b5247612077a0dbd29?s=96&d=mm&r=g\",\"contentUrl\":\"https:\/\/secure.gravatar.com\/avatar\/096ec78df02049ab018702bb4ccedf659377fa92a26540b5247612077a0dbd29?s=96&d=mm&r=g\",\"caption\":\"Prensa G&amp;S FM\"},\"sameAs\":[\"https:\/\/gysfm.com.ar\/\"],\"url\":\"https:\/\/gysfm.com.ar\/inicio\/author\/lucasm\/\"}]}<\/script>\n<!-- \/ Yoast SEO plugin. -->","yoast_head_json":{"title":"Lilia Lemoine y Gordo Dan, a los ca\u00f1onazos por Sebasti\u00e1n Pareja - GYS NOTICIAS |","robots":{"index":"index","follow":"follow","max-snippet":"max-snippet:-1","max-image-preview":"max-image-preview:large","max-video-preview":"max-video-preview:-1"},"canonical":"https:\/\/gysfm.com.ar\/inicio\/lilia-lemoine-y-gordo-dan-a-los-canonazos-por-sebastian-pareja\/","og_locale":"es_ES","og_type":"article","og_title":"Lilia Lemoine y Gordo Dan, a los ca\u00f1onazos por Sebasti\u00e1n Pareja - GYS NOTICIAS |","og_description":"La interna dentro de La Libertad Avanza explot\u00f3 tras la citaci\u00f3n a indagatoria de once tuiteros por supuestas amenazas a Sebasti\u00e1n Pareja, armador bonaerense respaldado por Karina Milei. La denuncia, sumada a otros movimientos en el oficialismo, provoc\u00f3 un fuerte cruce tuitero entre el \u201cGordo Dan\u201d y Lilia Lemoine, quien sugiri\u00f3 que los militantes que [&hellip;]","og_url":"https:\/\/gysfm.com.ar\/inicio\/lilia-lemoine-y-gordo-dan-a-los-canonazos-por-sebastian-pareja\/","og_site_name":"GYS NOTICIAS |","article_published_time":"2026-04-19T07:18:24+00:00","og_image":[{"url":"https:\/\/fotos.perfil.com\/\/2026\/04\/17\/900\/0\/posteo-lilia-lemoine-17042026-2222689.jpg?webp","type":"","width":"","height":""}],"author":"Prensa G&amp;S FM","twitter_card":"summary_large_image","twitter_misc":{"Escrito por":"Prensa G&amp;S FM","Tiempo de lectura":"3 minutos"},"schema":{"@context":"https:\/\/schema.org","@graph":[{"@type":"Article","@id":"https:\/\/gysfm.com.ar\/inicio\/lilia-lemoine-y-gordo-dan-a-los-canonazos-por-sebastian-pareja\/#article","isPartOf":{"@id":"https:\/\/gysfm.com.ar\/inicio\/lilia-lemoine-y-gordo-dan-a-los-canonazos-por-sebastian-pareja\/"},"author":{"name":"Prensa G&amp;S FM","@id":"https:\/\/gysfm.com.ar\/inicio\/#\/schema\/person\/3abba7593ef2ad19e1be221d54383dc5"},"headline":"Lilia Lemoine y Gordo Dan, a los ca\u00f1onazos por Sebasti\u00e1n Pareja","datePublished":"2026-04-19T07:18:24+00:00","mainEntityOfPage":{"@id":"https:\/\/gysfm.com.ar\/inicio\/lilia-lemoine-y-gordo-dan-a-los-canonazos-por-sebastian-pareja\/"},"wordCount":638,"publisher":{"@id":"https:\/\/gysfm.com.ar\/inicio\/#organization"},"image":{"@id":"https:\/\/gysfm.com.ar\/inicio\/lilia-lemoine-y-gordo-dan-a-los-canonazos-por-sebastian-pareja\/#primaryimage"},"thumbnailUrl":"https:\/\/gysfm.com.ar\/inicio\/wp-content\/uploads\/2026\/04\/lilia-lemoine-2222714.jpg","articleSection":["NACIONALES"],"inLanguage":"es"},{"@type":"WebPage","@id":"https:\/\/gysfm.com.ar\/inicio\/lilia-lemoine-y-gordo-dan-a-los-canonazos-por-sebastian-pareja\/","url":"https:\/\/gysfm.com.ar\/inicio\/lilia-lemoine-y-gordo-dan-a-los-canonazos-por-sebastian-pareja\/","name":"Lilia Lemoine y Gordo Dan, a los ca\u00f1onazos por Sebasti\u00e1n Pareja - GYS NOTICIAS |","isPartOf":{"@id":"https:\/\/gysfm.com.ar\/inicio\/#website"},"primaryImageOfPage":{"@id":"https:\/\/gysfm.com.ar\/inicio\/lilia-lemoine-y-gordo-dan-a-los-canonazos-por-sebastian-pareja\/#primaryimage"},"image":{"@id":"https:\/\/gysfm.com.ar\/inicio\/lilia-lemoine-y-gordo-dan-a-los-canonazos-por-sebastian-pareja\/#primaryimage"},"thumbnailUrl":"https:\/\/gysfm.com.ar\/inicio\/wp-content\/uploads\/2026\/04\/lilia-lemoine-2222714.jpg","datePublished":"2026-04-19T07:18:24+00:00","breadcrumb":{"@id":"https:\/\/gysfm.com.ar\/inicio\/lilia-lemoine-y-gordo-dan-a-los-canonazos-por-sebastian-pareja\/#breadcrumb"},"inLanguage":"es","potentialAction":[{"@type":"ReadAction","target":["https:\/\/gysfm.com.ar\/inicio\/lilia-lemoine-y-gordo-dan-a-los-canonazos-por-sebastian-pareja\/"]}]},{"@type":"ImageObject","inLanguage":"es","@id":"https:\/\/gysfm.com.ar\/inicio\/lilia-lemoine-y-gordo-dan-a-los-canonazos-por-sebastian-pareja\/#primaryimage","url":"https:\/\/gysfm.com.ar\/inicio\/wp-content\/uploads\/2026\/04\/lilia-lemoine-2222714.jpg","contentUrl":"https:\/\/gysfm.com.ar\/inicio\/wp-content\/uploads\/2026\/04\/lilia-lemoine-2222714.jpg","width":1140,"height":641},{"@type":"BreadcrumbList","@id":"https:\/\/gysfm.com.ar\/inicio\/lilia-lemoine-y-gordo-dan-a-los-canonazos-por-sebastian-pareja\/#breadcrumb","itemListElement":[{"@type":"ListItem","position":1,"name":"Portada","item":"https:\/\/gysfm.com.ar\/inicio\/"},{"@type":"ListItem","position":2,"name":"Lilia Lemoine y Gordo Dan, a los ca\u00f1onazos por Sebasti\u00e1n Pareja"}]},{"@type":"WebSite","@id":"https:\/\/gysfm.com.ar\/inicio\/#website","url":"https:\/\/gysfm.com.ar\/inicio\/","name":"GYS NOTICIAS |","description":"DIARIO - RADIO ONLINE SAN JUAN ARGENTINA","publisher":{"@id":"https:\/\/gysfm.com.ar\/inicio\/#organization"},"potentialAction":[{"@type":"SearchAction","target":{"@type":"EntryPoint","urlTemplate":"https:\/\/gysfm.com.ar\/inicio\/?s={search_term_string}"},"query-input":{"@type":"PropertyValueSpecification","valueRequired":true,"valueName":"search_term_string"}}],"inLanguage":"es"},{"@type":"Organization","@id":"https:\/\/gysfm.com.ar\/inicio\/#organization","name":"GYS NOTICIAS |","url":"https:\/\/gysfm.com.ar\/inicio\/","logo":{"@type":"ImageObject","inLanguage":"es","@id":"https:\/\/gysfm.com.ar\/inicio\/#\/schema\/logo\/image\/","url":"https:\/\/gysfm.com.ar\/inicio\/wp-content\/uploads\/2023\/07\/LOGOGYS-OK.png","contentUrl":"https:\/\/gysfm.com.ar\/inicio\/wp-content\/uploads\/2023\/07\/LOGOGYS-OK.png","width":1170,"height":872,"caption":"GYS NOTICIAS |"},"image":{"@id":"https:\/\/gysfm.com.ar\/inicio\/#\/schema\/logo\/image\/"}},{"@type":"Person","@id":"https:\/\/gysfm.com.ar\/inicio\/#\/schema\/person\/3abba7593ef2ad19e1be221d54383dc5","name":"Prensa G&amp;S FM","image":{"@type":"ImageObject","inLanguage":"es","@id":"https:\/\/gysfm.com.ar\/inicio\/#\/schema\/person\/image\/","url":"https:\/\/secure.gravatar.com\/avatar\/096ec78df02049ab018702bb4ccedf659377fa92a26540b5247612077a0dbd29?s=96&d=mm&r=g","contentUrl":"https:\/\/secure.gravatar.com\/avatar\/096ec78df02049ab018702bb4ccedf659377fa92a26540b5247612077a0dbd29?s=96&d=mm&r=g","caption":"Prensa G&amp;S FM"},"sameAs":["https:\/\/gysfm.com.ar\/"],"url":"https:\/\/gysfm.com.ar\/inicio\/author\/lucasm\/"}]}},"_links":{"self":[{"href":"https:\/\/gysfm.com.ar\/inicio\/wp-json\/wp\/v2\/posts\/191687","targetHints":{"allow":["GET"]}}],"collection":[{"href":"https:\/\/gysfm.com.ar\/inicio\/wp-json\/wp\/v2\/posts"}],"about":[{"href":"https:\/\/gysfm.com.ar\/inicio\/wp-json\/wp\/v2\/types\/post"}],"author":[{"embeddable":true,"href":"https:\/\/gysfm.com.ar\/inicio\/wp-json\/wp\/v2\/users\/2"}],"replies":[{"embeddable":true,"href":"https:\/\/gysfm.com.ar\/inicio\/wp-json\/wp\/v2\/comments?post=191687"}],"version-history":[{"count":0,"href":"https:\/\/gysfm.com.ar\/inicio\/wp-json\/wp\/v2\/posts\/191687\/revisions"}],"wp:featuredmedia":[{"embeddable":true,"href":"https:\/\/gysfm.com.ar\/inicio\/wp-json\/wp\/v2\/media\/191688"}],"wp:attachment":[{"href":"https:\/\/gysfm.com.ar\/inicio\/wp-json\/wp\/v2\/media?parent=191687"}],"wp:term":[{"taxonomy":"category","embeddable":true,"href":"https:\/\/gysfm.com.ar\/inicio\/wp-json\/wp\/v2\/categories?post=191687"},{"taxonomy":"post_tag","embeddable":true,"href":"https:\/\/gysfm.com.ar\/inicio\/wp-json\/wp\/v2\/tags?post=191687"}],"curies":[{"name":"wp","href":"https:\/\/api.w.org\/{rel}","templated":true}]}}