{"id":191682,"date":"2026-04-19T03:46:10","date_gmt":"2026-04-19T06:46:10","guid":{"rendered":"https:\/\/gysfm.com.ar\/inicio\/nanoenzimas-y-origen-de-la-vida-la-nueva-hipotesis\/"},"modified":"2026-04-19T03:46:10","modified_gmt":"2026-04-19T06:46:10","slug":"nanoenzimas-y-origen-de-la-vida-la-nueva-hipotesis","status":"publish","type":"post","link":"https:\/\/gysfm.com.ar\/inicio\/nanoenzimas-y-origen-de-la-vida-la-nueva-hipotesis\/","title":{"rendered":"Nanoenzimas y origen de la vida: la nueva hip\u00f3tesis"},"content":{"rendered":"<p><\/p>\n<div id=\"article-content\">\n<p>El origen de la <a target=\"_blank\" href=\"https:\/\/www.perfil.com\/noticias\/ciencia\/hasta-que-el-adn-dijo-basta-el-experimento-que-encontro-el-limite-de-la-clonacion.phtml\">vida<\/a> sigue siendo uno de los puntos m\u00e1s oscuros de la <a target=\"_blank\" href=\"https:\/\/www.perfil.com\/noticias\/ciencia\/cientificos-hallan-en-rio-negro-a-un-dinosaurio-diminuto-y-reescriben-una-parte-perdida-de-la-evolucion.phtml\">ciencia<\/a>. Hay buenas hip\u00f3tesis sobre piezas sueltas del proceso, pero todav\u00eda cuesta ordenar la secuencia completa: c\u00f3mo un planeta cargado de gases, agua, minerales y compuestos simples termin\u00f3 produciendo mol\u00e9culas capaces de organizarse, replicarse y evolucionar.<\/p>\n<p>En ese terreno se mete una propuesta nueva publicada en <em>Research<\/em> y difundida por <em>Robotitus<\/em>. La llamada <strong>hip\u00f3tesis de las <a target=\"_blank\" href=\"https:\/\/www.perfil.com\/noticias\/ciencia\/crean-una-vacuna-nasal-que-promete-frenar-virus-bacterias-y-hasta-alergias.phtml\">nanoenzimas<\/a><\/strong> sugiere que ciertas nanopart\u00edculas minerales presentes en la Tierra primitiva pudieron haber cumplido un papel decisivo en las primeras etapas de esa transici\u00f3n. El foco est\u00e1 puesto en los <strong>nanozymes<\/strong>, part\u00edculas diminutas que, sin ser sistemas vivos, pueden acelerar reacciones qu\u00edmicas de una manera comparable a la de algunas enzimas.<\/p>\n<h2><strong>Un planeta lleno de superficies activas<\/strong><\/h2>\n<p>La idea parte de un problema viejo. Para que aparecieran los primeros biopol\u00edmeros no alcanzaba con tener materia prima disponible. Hac\u00eda falta tambi\u00e9n un entorno capaz de reunir mol\u00e9culas, mantenerlas cerca, favorecer reacciones \u00fatiles y evitar que todo se dispersara enseguida. <strong>Ah\u00ed es donde entran estas nanoenzimas minerales.<\/strong><\/p>\n<div class=\"subscription\">\n<p>\n        Esto no les gusta a los autoritarios\n    <\/p>\n<div class=\"subscription__container\">\n<div class=\"subscription__text-wrapper\">\n<p>\n                El ejercicio del periodismo profesional y cr\u00edtico es un pilar fundamental de la democracia. Por eso molesta a quienes creen ser los due\u00f1os de la verdad.\n            <\/p>\n<\/p><\/div><\/div>\n<\/div>\n<p class=\"destacadoNota\"><a target=\"_blank\" href=\"https:\/\/www.perfil.com\/noticias\/ciencia\/descubren-en-la-luna-un-crater-gigante-recien-formado.phtml\">Descubren en la Luna un cr\u00e1ter gigante reci\u00e9n formado<\/a><\/p>\n<p>Seg\u00fan el trabajo, esas part\u00edculas pudieron actuar como centros de reacci\u00f3n en la Tierra temprana. Habr\u00edan concentrado compuestos, canalizado energ\u00eda y dado cierta estabilidad a procesos qu\u00edmicos muy fr\u00e1giles. En algunos casos tambi\u00e9n pudieron ofrecer protecci\u00f3n frente a la radiaci\u00f3n ultravioleta, un factor que en aquel planeta joven ten\u00eda un peso mucho mayor que hoy.<\/p>\n<p><strong>La hip\u00f3tesis imagina un paisaje bastante menos pasivo que el de una \u201csopa primordial\u201d uniforme<\/strong>. Volcanismo, sistemas geot\u00e9rmicos, ciclos de humedad y sequedad, cambios bruscos de temperatura y minerales activos formando superficies \u00fatiles. La qu\u00edmica prebi\u00f3tica habr\u00eda ocurrido en medio de ese movimiento.<\/p>\n<h2><strong>La pista de las nanoenzimas<\/strong><\/h2>\n<p>El trabajo liderado por <strong>Yongdong Jin<\/strong>, de la <strong>Universidad de Shenzhen<\/strong>, propone mirar esas nanopart\u00edculas como una pieza que ayuda a ordenar otras teor\u00edas previas. No desplaza del mapa al mundo de ARN, al de l\u00edpidos, al metabolismo primero ni a otras propuestas conocidas. Intenta darles un soporte f\u00edsico y qu\u00edmico m\u00e1s amplio.<\/p>\n<p class=\"destacadoNota\"><a target=\"_blank\" href=\"https:\/\/www.perfil.com\/noticias\/ciencia\/el-mit-creo-una-maquina-que-convierte-fotos-en-olores.phtml\">El MIT cre\u00f3 una m\u00e1quina que convierte fotos en olores<\/a><\/p>\n<p>Ese punto vuelve a la hip\u00f3tesis atractiva. En vez de apostar todo a una mol\u00e9cula \u00fanica o a una reacci\u00f3n extraordinaria, sugiere un escenario donde muchas rutas qu\u00edmicas pudieron avanzar al mismo tiempo, con ayuda de part\u00edculas minerales que ya ten\u00edan actividad catal\u00edtica. <strong>La Tierra, bajo esa mirada, no ser\u00eda apenas el lugar donde ocurri\u00f3 el origen de la vida, sino un sistema que colabor\u00f3 activamente para que ocurriera.<\/strong><\/p>\n<p>El art\u00edculo tambi\u00e9n subraya que esos nanozymes no pertenecen solo al pasado remoto. Siguen presentes hoy en oc\u00e9anos, suelos, atm\u00f3sfera y aguas dulces, donde intervienen en distintos ciclos biogeoqu\u00edmicos. Adem\u00e1s, su formaci\u00f3n natural parece m\u00e1s plausible de lo que se pensaba: pueden surgir durante la meteorizaci\u00f3n de minerales o bajo la acci\u00f3n de la radiaci\u00f3n ultravioleta.<\/p>\n<h2><strong>Una hip\u00f3tesis amplia, no un cierre definitivo<\/strong><\/h2>\n<p>Entre los aspectos m\u00e1s llamativos del trabajo aparece incluso la posibilidad de un \u201cmundo de oro\u201d, con nanopart\u00edculas de ese metal actuando como nanoenzimas especialmente eficaces en ciertos contextos. Es un punto todav\u00eda especulativo, pero marca la amplitud del enfoque: <strong>el inter\u00e9s no est\u00e1 en una \u00fanica sustancia milagrosa, sino en una red mineral capaz de sostener qu\u00edmica compleja durante mucho tiempo.<\/strong><\/p>\n<p class=\"destacadoNota\"><a target=\"_blank\" href=\"https:\/\/www.perfil.com\/noticias\/ciencia\/la-busqueda-de-vida-fuera-de-la-tierra-choca-con-un-limite-muy-humano.phtml\">La b\u00fasqueda de vida fuera de la Tierra choca con un l\u00edmite muy humano<\/a><\/p>\n<p>La propuesta no resuelve el enigma del origen de la vida. Tampoco pretende hacerlo. Su fuerza est\u00e1 en otro lado: desplaza la atenci\u00f3n hacia el entorno y recuerda que la biolog\u00eda no tuvo por qu\u00e9 empezar de golpe, en una reacci\u00f3n aislada, sino en un planeta donde muchas superficies, ciclos y materiales trabajaban a favor de la complejidad.<\/p>\n<p><em>Esa escena no entrega una respuesta final. S\u00ed ofrece una imagen m\u00e1s concreta del problema. Antes de las c\u00e9lulas, antes del ADN, antes incluso de cualquier metabolismo reconocible, pudo haber habido minerales diminutos haciendo una parte importante del trabajo.<\/em><\/p>\n<p><em>DCQ<\/em><\/p>\n<\/p><\/div>\n<p><script>\n                !function(f,b,e,v,n,t,s)\n                {if(f.fbq)return;n=f.fbq=function(){n.callMethod?\n                    n.callMethod.apply(n,arguments):n.queue.push(arguments)};\n                    if(!f._fbq)f._fbq=n;n.push=n;n.loaded=!0;n.version='2.0';\n                    n.queue=[];t=b.createElement(e);t.async=!0;\n                    t.src=v;s=b.getElementsByTagName(e)[0];\n                    s.parentNode.insertBefore(t,s)}(window, document,'script',\n                    'https:\/\/connect.facebook.net\/en_US\/fbevents.js');\n                window.paywallConfig.facebook_pixel=\"1000228364089342\"\n            <\/script><\/p>\n","protected":false},"excerpt":{"rendered":"<p>El origen de la vida sigue siendo uno de los puntos m\u00e1s oscuros de la ciencia. Hay buenas hip\u00f3tesis sobre piezas sueltas del proceso, pero todav\u00eda cuesta ordenar la secuencia completa: c\u00f3mo un planeta cargado de gases, agua, minerales y compuestos simples termin\u00f3 produciendo mol\u00e9culas capaces de organizarse, replicarse y evolucionar. En ese terreno se [&hellip;]<\/p>\n","protected":false},"author":2,"featured_media":191683,"comment_status":"closed","ping_status":"closed","sticky":false,"template":"","format":"standard","meta":{"footnotes":""},"categories":[25],"tags":[],"class_list":["post-191682","post","type-post","status-publish","format-standard","has-post-thumbnail","hentry","category-nacionales"],"yoast_head":"<!-- This site is optimized with the Yoast SEO plugin v24.4 - https:\/\/yoast.com\/wordpress\/plugins\/seo\/ -->\n<title>Nanoenzimas y origen de la vida: la nueva hip\u00f3tesis - GYS NOTICIAS |<\/title>\n<meta name=\"robots\" content=\"index, follow, max-snippet:-1, max-image-preview:large, max-video-preview:-1\" \/>\n<link rel=\"canonical\" href=\"https:\/\/gysfm.com.ar\/inicio\/nanoenzimas-y-origen-de-la-vida-la-nueva-hipotesis\/\" \/>\n<meta property=\"og:locale\" content=\"es_ES\" \/>\n<meta property=\"og:type\" content=\"article\" \/>\n<meta property=\"og:title\" content=\"Nanoenzimas y origen de la vida: la nueva hip\u00f3tesis - GYS NOTICIAS |\" \/>\n<meta property=\"og:description\" content=\"El origen de la vida sigue siendo uno de los puntos m\u00e1s oscuros de la ciencia. Hay buenas hip\u00f3tesis sobre piezas sueltas del proceso, pero todav\u00eda cuesta ordenar la secuencia completa: c\u00f3mo un planeta cargado de gases, agua, minerales y compuestos simples termin\u00f3 produciendo mol\u00e9culas capaces de organizarse, replicarse y evolucionar. En ese terreno se [&hellip;]\" \/>\n<meta property=\"og:url\" content=\"https:\/\/gysfm.com.ar\/inicio\/nanoenzimas-y-origen-de-la-vida-la-nueva-hipotesis\/\" \/>\n<meta property=\"og:site_name\" content=\"GYS NOTICIAS |\" \/>\n<meta property=\"article:published_time\" content=\"2026-04-19T06:46:10+00:00\" \/>\n<meta name=\"author\" content=\"Prensa G&amp;S FM\" \/>\n<meta name=\"twitter:card\" content=\"summary_large_image\" \/>\n<meta name=\"twitter:label1\" content=\"Escrito por\" \/>\n\t<meta name=\"twitter:data1\" content=\"Prensa G&amp;S FM\" \/>\n\t<meta name=\"twitter:label2\" content=\"Tiempo de lectura\" \/>\n\t<meta name=\"twitter:data2\" content=\"4 minutos\" \/>\n<script type=\"application\/ld+json\" class=\"yoast-schema-graph\">{\"@context\":\"https:\/\/schema.org\",\"@graph\":[{\"@type\":\"Article\",\"@id\":\"https:\/\/gysfm.com.ar\/inicio\/nanoenzimas-y-origen-de-la-vida-la-nueva-hipotesis\/#article\",\"isPartOf\":{\"@id\":\"https:\/\/gysfm.com.ar\/inicio\/nanoenzimas-y-origen-de-la-vida-la-nueva-hipotesis\/\"},\"author\":{\"name\":\"Prensa G&amp;S FM\",\"@id\":\"https:\/\/gysfm.com.ar\/inicio\/#\/schema\/person\/3abba7593ef2ad19e1be221d54383dc5\"},\"headline\":\"Nanoenzimas y origen de la vida: la nueva hip\u00f3tesis\",\"datePublished\":\"2026-04-19T06:46:10+00:00\",\"mainEntityOfPage\":{\"@id\":\"https:\/\/gysfm.com.ar\/inicio\/nanoenzimas-y-origen-de-la-vida-la-nueva-hipotesis\/\"},\"wordCount\":773,\"publisher\":{\"@id\":\"https:\/\/gysfm.com.ar\/inicio\/#organization\"},\"image\":{\"@id\":\"https:\/\/gysfm.com.ar\/inicio\/nanoenzimas-y-origen-de-la-vida-la-nueva-hipotesis\/#primaryimage\"},\"thumbnailUrl\":\"https:\/\/gysfm.com.ar\/inicio\/wp-content\/uploads\/2026\/04\/enzimas-2223306.png\",\"articleSection\":[\"NACIONALES\"],\"inLanguage\":\"es\"},{\"@type\":\"WebPage\",\"@id\":\"https:\/\/gysfm.com.ar\/inicio\/nanoenzimas-y-origen-de-la-vida-la-nueva-hipotesis\/\",\"url\":\"https:\/\/gysfm.com.ar\/inicio\/nanoenzimas-y-origen-de-la-vida-la-nueva-hipotesis\/\",\"name\":\"Nanoenzimas y origen de la vida: la nueva hip\u00f3tesis - GYS NOTICIAS |\",\"isPartOf\":{\"@id\":\"https:\/\/gysfm.com.ar\/inicio\/#website\"},\"primaryImageOfPage\":{\"@id\":\"https:\/\/gysfm.com.ar\/inicio\/nanoenzimas-y-origen-de-la-vida-la-nueva-hipotesis\/#primaryimage\"},\"image\":{\"@id\":\"https:\/\/gysfm.com.ar\/inicio\/nanoenzimas-y-origen-de-la-vida-la-nueva-hipotesis\/#primaryimage\"},\"thumbnailUrl\":\"https:\/\/gysfm.com.ar\/inicio\/wp-content\/uploads\/2026\/04\/enzimas-2223306.png\",\"datePublished\":\"2026-04-19T06:46:10+00:00\",\"breadcrumb\":{\"@id\":\"https:\/\/gysfm.com.ar\/inicio\/nanoenzimas-y-origen-de-la-vida-la-nueva-hipotesis\/#breadcrumb\"},\"inLanguage\":\"es\",\"potentialAction\":[{\"@type\":\"ReadAction\",\"target\":[\"https:\/\/gysfm.com.ar\/inicio\/nanoenzimas-y-origen-de-la-vida-la-nueva-hipotesis\/\"]}]},{\"@type\":\"ImageObject\",\"inLanguage\":\"es\",\"@id\":\"https:\/\/gysfm.com.ar\/inicio\/nanoenzimas-y-origen-de-la-vida-la-nueva-hipotesis\/#primaryimage\",\"url\":\"https:\/\/gysfm.com.ar\/inicio\/wp-content\/uploads\/2026\/04\/enzimas-2223306.png\",\"contentUrl\":\"https:\/\/gysfm.com.ar\/inicio\/wp-content\/uploads\/2026\/04\/enzimas-2223306.png\",\"width\":1140,\"height\":641},{\"@type\":\"BreadcrumbList\",\"@id\":\"https:\/\/gysfm.com.ar\/inicio\/nanoenzimas-y-origen-de-la-vida-la-nueva-hipotesis\/#breadcrumb\",\"itemListElement\":[{\"@type\":\"ListItem\",\"position\":1,\"name\":\"Portada\",\"item\":\"https:\/\/gysfm.com.ar\/inicio\/\"},{\"@type\":\"ListItem\",\"position\":2,\"name\":\"Nanoenzimas y origen de la vida: la nueva hip\u00f3tesis\"}]},{\"@type\":\"WebSite\",\"@id\":\"https:\/\/gysfm.com.ar\/inicio\/#website\",\"url\":\"https:\/\/gysfm.com.ar\/inicio\/\",\"name\":\"GYS NOTICIAS |\",\"description\":\"DIARIO - RADIO ONLINE SAN JUAN ARGENTINA\",\"publisher\":{\"@id\":\"https:\/\/gysfm.com.ar\/inicio\/#organization\"},\"potentialAction\":[{\"@type\":\"SearchAction\",\"target\":{\"@type\":\"EntryPoint\",\"urlTemplate\":\"https:\/\/gysfm.com.ar\/inicio\/?s={search_term_string}\"},\"query-input\":{\"@type\":\"PropertyValueSpecification\",\"valueRequired\":true,\"valueName\":\"search_term_string\"}}],\"inLanguage\":\"es\"},{\"@type\":\"Organization\",\"@id\":\"https:\/\/gysfm.com.ar\/inicio\/#organization\",\"name\":\"GYS NOTICIAS |\",\"url\":\"https:\/\/gysfm.com.ar\/inicio\/\",\"logo\":{\"@type\":\"ImageObject\",\"inLanguage\":\"es\",\"@id\":\"https:\/\/gysfm.com.ar\/inicio\/#\/schema\/logo\/image\/\",\"url\":\"https:\/\/gysfm.com.ar\/inicio\/wp-content\/uploads\/2023\/07\/LOGOGYS-OK.png\",\"contentUrl\":\"https:\/\/gysfm.com.ar\/inicio\/wp-content\/uploads\/2023\/07\/LOGOGYS-OK.png\",\"width\":1170,\"height\":872,\"caption\":\"GYS NOTICIAS |\"},\"image\":{\"@id\":\"https:\/\/gysfm.com.ar\/inicio\/#\/schema\/logo\/image\/\"}},{\"@type\":\"Person\",\"@id\":\"https:\/\/gysfm.com.ar\/inicio\/#\/schema\/person\/3abba7593ef2ad19e1be221d54383dc5\",\"name\":\"Prensa G&amp;S FM\",\"image\":{\"@type\":\"ImageObject\",\"inLanguage\":\"es\",\"@id\":\"https:\/\/gysfm.com.ar\/inicio\/#\/schema\/person\/image\/\",\"url\":\"https:\/\/secure.gravatar.com\/avatar\/096ec78df02049ab018702bb4ccedf659377fa92a26540b5247612077a0dbd29?s=96&d=mm&r=g\",\"contentUrl\":\"https:\/\/secure.gravatar.com\/avatar\/096ec78df02049ab018702bb4ccedf659377fa92a26540b5247612077a0dbd29?s=96&d=mm&r=g\",\"caption\":\"Prensa G&amp;S FM\"},\"sameAs\":[\"https:\/\/gysfm.com.ar\/\"],\"url\":\"https:\/\/gysfm.com.ar\/inicio\/author\/lucasm\/\"}]}<\/script>\n<!-- \/ Yoast SEO plugin. -->","yoast_head_json":{"title":"Nanoenzimas y origen de la vida: la nueva hip\u00f3tesis - GYS NOTICIAS |","robots":{"index":"index","follow":"follow","max-snippet":"max-snippet:-1","max-image-preview":"max-image-preview:large","max-video-preview":"max-video-preview:-1"},"canonical":"https:\/\/gysfm.com.ar\/inicio\/nanoenzimas-y-origen-de-la-vida-la-nueva-hipotesis\/","og_locale":"es_ES","og_type":"article","og_title":"Nanoenzimas y origen de la vida: la nueva hip\u00f3tesis - GYS NOTICIAS |","og_description":"El origen de la vida sigue siendo uno de los puntos m\u00e1s oscuros de la ciencia. Hay buenas hip\u00f3tesis sobre piezas sueltas del proceso, pero todav\u00eda cuesta ordenar la secuencia completa: c\u00f3mo un planeta cargado de gases, agua, minerales y compuestos simples termin\u00f3 produciendo mol\u00e9culas capaces de organizarse, replicarse y evolucionar. En ese terreno se [&hellip;]","og_url":"https:\/\/gysfm.com.ar\/inicio\/nanoenzimas-y-origen-de-la-vida-la-nueva-hipotesis\/","og_site_name":"GYS NOTICIAS |","article_published_time":"2026-04-19T06:46:10+00:00","author":"Prensa G&amp;S FM","twitter_card":"summary_large_image","twitter_misc":{"Escrito por":"Prensa G&amp;S FM","Tiempo de lectura":"4 minutos"},"schema":{"@context":"https:\/\/schema.org","@graph":[{"@type":"Article","@id":"https:\/\/gysfm.com.ar\/inicio\/nanoenzimas-y-origen-de-la-vida-la-nueva-hipotesis\/#article","isPartOf":{"@id":"https:\/\/gysfm.com.ar\/inicio\/nanoenzimas-y-origen-de-la-vida-la-nueva-hipotesis\/"},"author":{"name":"Prensa G&amp;S FM","@id":"https:\/\/gysfm.com.ar\/inicio\/#\/schema\/person\/3abba7593ef2ad19e1be221d54383dc5"},"headline":"Nanoenzimas y origen de la vida: la nueva hip\u00f3tesis","datePublished":"2026-04-19T06:46:10+00:00","mainEntityOfPage":{"@id":"https:\/\/gysfm.com.ar\/inicio\/nanoenzimas-y-origen-de-la-vida-la-nueva-hipotesis\/"},"wordCount":773,"publisher":{"@id":"https:\/\/gysfm.com.ar\/inicio\/#organization"},"image":{"@id":"https:\/\/gysfm.com.ar\/inicio\/nanoenzimas-y-origen-de-la-vida-la-nueva-hipotesis\/#primaryimage"},"thumbnailUrl":"https:\/\/gysfm.com.ar\/inicio\/wp-content\/uploads\/2026\/04\/enzimas-2223306.png","articleSection":["NACIONALES"],"inLanguage":"es"},{"@type":"WebPage","@id":"https:\/\/gysfm.com.ar\/inicio\/nanoenzimas-y-origen-de-la-vida-la-nueva-hipotesis\/","url":"https:\/\/gysfm.com.ar\/inicio\/nanoenzimas-y-origen-de-la-vida-la-nueva-hipotesis\/","name":"Nanoenzimas y origen de la vida: la nueva hip\u00f3tesis - GYS NOTICIAS |","isPartOf":{"@id":"https:\/\/gysfm.com.ar\/inicio\/#website"},"primaryImageOfPage":{"@id":"https:\/\/gysfm.com.ar\/inicio\/nanoenzimas-y-origen-de-la-vida-la-nueva-hipotesis\/#primaryimage"},"image":{"@id":"https:\/\/gysfm.com.ar\/inicio\/nanoenzimas-y-origen-de-la-vida-la-nueva-hipotesis\/#primaryimage"},"thumbnailUrl":"https:\/\/gysfm.com.ar\/inicio\/wp-content\/uploads\/2026\/04\/enzimas-2223306.png","datePublished":"2026-04-19T06:46:10+00:00","breadcrumb":{"@id":"https:\/\/gysfm.com.ar\/inicio\/nanoenzimas-y-origen-de-la-vida-la-nueva-hipotesis\/#breadcrumb"},"inLanguage":"es","potentialAction":[{"@type":"ReadAction","target":["https:\/\/gysfm.com.ar\/inicio\/nanoenzimas-y-origen-de-la-vida-la-nueva-hipotesis\/"]}]},{"@type":"ImageObject","inLanguage":"es","@id":"https:\/\/gysfm.com.ar\/inicio\/nanoenzimas-y-origen-de-la-vida-la-nueva-hipotesis\/#primaryimage","url":"https:\/\/gysfm.com.ar\/inicio\/wp-content\/uploads\/2026\/04\/enzimas-2223306.png","contentUrl":"https:\/\/gysfm.com.ar\/inicio\/wp-content\/uploads\/2026\/04\/enzimas-2223306.png","width":1140,"height":641},{"@type":"BreadcrumbList","@id":"https:\/\/gysfm.com.ar\/inicio\/nanoenzimas-y-origen-de-la-vida-la-nueva-hipotesis\/#breadcrumb","itemListElement":[{"@type":"ListItem","position":1,"name":"Portada","item":"https:\/\/gysfm.com.ar\/inicio\/"},{"@type":"ListItem","position":2,"name":"Nanoenzimas y origen de la vida: la nueva hip\u00f3tesis"}]},{"@type":"WebSite","@id":"https:\/\/gysfm.com.ar\/inicio\/#website","url":"https:\/\/gysfm.com.ar\/inicio\/","name":"GYS NOTICIAS |","description":"DIARIO - RADIO ONLINE SAN JUAN ARGENTINA","publisher":{"@id":"https:\/\/gysfm.com.ar\/inicio\/#organization"},"potentialAction":[{"@type":"SearchAction","target":{"@type":"EntryPoint","urlTemplate":"https:\/\/gysfm.com.ar\/inicio\/?s={search_term_string}"},"query-input":{"@type":"PropertyValueSpecification","valueRequired":true,"valueName":"search_term_string"}}],"inLanguage":"es"},{"@type":"Organization","@id":"https:\/\/gysfm.com.ar\/inicio\/#organization","name":"GYS NOTICIAS |","url":"https:\/\/gysfm.com.ar\/inicio\/","logo":{"@type":"ImageObject","inLanguage":"es","@id":"https:\/\/gysfm.com.ar\/inicio\/#\/schema\/logo\/image\/","url":"https:\/\/gysfm.com.ar\/inicio\/wp-content\/uploads\/2023\/07\/LOGOGYS-OK.png","contentUrl":"https:\/\/gysfm.com.ar\/inicio\/wp-content\/uploads\/2023\/07\/LOGOGYS-OK.png","width":1170,"height":872,"caption":"GYS NOTICIAS |"},"image":{"@id":"https:\/\/gysfm.com.ar\/inicio\/#\/schema\/logo\/image\/"}},{"@type":"Person","@id":"https:\/\/gysfm.com.ar\/inicio\/#\/schema\/person\/3abba7593ef2ad19e1be221d54383dc5","name":"Prensa G&amp;S FM","image":{"@type":"ImageObject","inLanguage":"es","@id":"https:\/\/gysfm.com.ar\/inicio\/#\/schema\/person\/image\/","url":"https:\/\/secure.gravatar.com\/avatar\/096ec78df02049ab018702bb4ccedf659377fa92a26540b5247612077a0dbd29?s=96&d=mm&r=g","contentUrl":"https:\/\/secure.gravatar.com\/avatar\/096ec78df02049ab018702bb4ccedf659377fa92a26540b5247612077a0dbd29?s=96&d=mm&r=g","caption":"Prensa G&amp;S FM"},"sameAs":["https:\/\/gysfm.com.ar\/"],"url":"https:\/\/gysfm.com.ar\/inicio\/author\/lucasm\/"}]}},"_links":{"self":[{"href":"https:\/\/gysfm.com.ar\/inicio\/wp-json\/wp\/v2\/posts\/191682","targetHints":{"allow":["GET"]}}],"collection":[{"href":"https:\/\/gysfm.com.ar\/inicio\/wp-json\/wp\/v2\/posts"}],"about":[{"href":"https:\/\/gysfm.com.ar\/inicio\/wp-json\/wp\/v2\/types\/post"}],"author":[{"embeddable":true,"href":"https:\/\/gysfm.com.ar\/inicio\/wp-json\/wp\/v2\/users\/2"}],"replies":[{"embeddable":true,"href":"https:\/\/gysfm.com.ar\/inicio\/wp-json\/wp\/v2\/comments?post=191682"}],"version-history":[{"count":0,"href":"https:\/\/gysfm.com.ar\/inicio\/wp-json\/wp\/v2\/posts\/191682\/revisions"}],"wp:featuredmedia":[{"embeddable":true,"href":"https:\/\/gysfm.com.ar\/inicio\/wp-json\/wp\/v2\/media\/191683"}],"wp:attachment":[{"href":"https:\/\/gysfm.com.ar\/inicio\/wp-json\/wp\/v2\/media?parent=191682"}],"wp:term":[{"taxonomy":"category","embeddable":true,"href":"https:\/\/gysfm.com.ar\/inicio\/wp-json\/wp\/v2\/categories?post=191682"},{"taxonomy":"post_tag","embeddable":true,"href":"https:\/\/gysfm.com.ar\/inicio\/wp-json\/wp\/v2\/tags?post=191682"}],"curies":[{"name":"wp","href":"https:\/\/api.w.org\/{rel}","templated":true}]}}