{"id":191268,"date":"2026-04-17T01:12:07","date_gmt":"2026-04-17T04:12:07","guid":{"rendered":"https:\/\/gysfm.com.ar\/inicio\/juan-negri-en-este-momento-tenemos-a-estados-unidos-bloqueando-el-estrecho-de-ormuz\/"},"modified":"2026-04-17T01:12:07","modified_gmt":"2026-04-17T04:12:07","slug":"juan-negri-en-este-momento-tenemos-a-estados-unidos-bloqueando-el-estrecho-de-ormuz","status":"publish","type":"post","link":"https:\/\/gysfm.com.ar\/inicio\/juan-negri-en-este-momento-tenemos-a-estados-unidos-bloqueando-el-estrecho-de-ormuz\/","title":{"rendered":"Juan Negri: \u201cEn este momento tenemos a Estados Unidos bloqueando el Estrecho de Ormuz\u201d"},"content":{"rendered":"<p><\/p>\n<div id=\"article-content\">\n<p>El analista internacional, <strong>Juan Negri<\/strong>, dialog\u00f3 con Canal E e hizo hincapi\u00e9 en que el conflicto en <a target=\"_blank\" href=\"https:\/\/perfil.com\/noticias\/internacional\/guerra-en-medio-oriente-hoy-en-vivo-iran-ataco-israel-y-estados-del-golfo.phtml\">Medio Oriente<\/a> vuelve a escalar con el foco puesto en el estrat\u00e9gico Estrecho de Ormuz, clave para el comercio mundial de petr\u00f3leo.<\/p>\n<p>Juan Negri explic\u00f3 que la situaci\u00f3n actual responde a una estrategia deliberada de Estados Unidos: \u201cEn este momento tenemos a Estados Unidos <strong>bloqueando el Estrecho de Ormuz<\/strong>\u201d.<\/p>\n<h2><strong>Qu\u00e9 busca Estados Unidos con el cierre del Estrecho de Ormuz<\/strong><\/h2>\n<p>El objetivo no ser\u00eda una escalada b\u00e9lica directa, sino forzar condiciones de negociaci\u00f3n: \u201cLa estrategia estadounidense <strong>es llevar el conflicto a un terreno en el que se siente c\u00f3modo<\/strong>, que es forzar a Ir\u00e1n o a renunciar, a resignarse, a rendirse de alguna manera, <strong>forzar un acuerdo o tener que atacar militarmente<\/strong>\u201d.<\/p>\n<p><iframe id=\"vrudo\" class=\"vrudo\" src=\"https:\/\/rudo.video\/vod\/yiK6WSVGIvW?volume=0\" width=\"100%\" height=\"100%\" allowscriptaccess=\"always\" allowfullscreen=\"true\" webkitallowfullscreen=\"true\" frameborder=\"0\" scrolling=\"no\" allow=\"autoplay; fullscreen\" loading=\"lazy\" title=\"Contenido embebido\"><\/iframe><\/p>\n<p>Sin embargo, Negri descart\u00f3 un enfrentamiento directo: \u201cEsta \u00faltima opci\u00f3n, por supuesto, <strong>no va a ocurrir<\/strong>\u201d. Y agreg\u00f3: \u201cIr\u00e1n <strong>no tiene la capacidad de enfrentar directamente<\/strong> a Estados Unidos mano a mano\u201d.<\/p>\n<h2><strong>La presi\u00f3n diplom\u00e1tica como forma de negociaci\u00f3n<\/strong><\/h2>\n<p>En ese marco, defini\u00f3 el escenario actual como una instancia de presi\u00f3n diplom\u00e1tica: \u201cLo que estamos viendo, aunque no parezca, <strong>es una negociaci\u00f3n<\/strong>, una negociaci\u00f3n t\u00edpica de los tiempos que corren, <strong>una especie de negociaci\u00f3n coaccionada<\/strong>\u201d.<\/p>\n<p>Seg\u00fan el entrevistado, Estados Unidos busca llegar fortalecido a una eventual mesa de di\u00e1logo: \u201cEstados Unidos est\u00e1 tratando de que Ir\u00e1n <strong>llegue a la mesa de negociaci\u00f3n debilitada<\/strong>\u201d. Entre los puntos de conflicto, destac\u00f3 el programa nuclear iran\u00ed: \u201cIr\u00e1n tendr\u00eda que seguir con ese proyecto, <strong>y para Estados Unidos es una l\u00ednea roja<\/strong>\u201d.<\/p>\n<p>Tambi\u00e9n mencion\u00f3 otras exigencias clave: \u201cIr\u00e1n exig\u00eda reparaciones por la invasi\u00f3n, cosa que obviamente <strong>Estados Unidos no est\u00e1 dispuesto a hacer<\/strong>\u201d. Y sum\u00f3 un aspecto sensible para Israel: \u201cEl continuar financiando estos grupos como Hamas o Hezbollah, que representan una amenaza existencial para Israel\u201d.<\/p>\n<\/p><\/div>\n<p><script>\n                !function(f,b,e,v,n,t,s)\n                {if(f.fbq)return;n=f.fbq=function(){n.callMethod?\n                    n.callMethod.apply(n,arguments):n.queue.push(arguments)};\n                    if(!f._fbq)f._fbq=n;n.push=n;n.loaded=!0;n.version='2.0';\n                    n.queue=[];t=b.createElement(e);t.async=!0;\n                    t.src=v;s=b.getElementsByTagName(e)[0];\n                    s.parentNode.insertBefore(t,s)}(window, document,'script',\n                    'https:\/\/connect.facebook.net\/en_US\/fbevents.js');\n                window.paywallConfig.facebook_pixel=\"1000228364089342\"\n            <\/script><\/p>\n","protected":false},"excerpt":{"rendered":"<p>El analista internacional, Juan Negri, dialog\u00f3 con Canal E e hizo hincapi\u00e9 en que el conflicto en Medio Oriente vuelve a escalar con el foco puesto en el estrat\u00e9gico Estrecho de Ormuz, clave para el comercio mundial de petr\u00f3leo. Juan Negri explic\u00f3 que la situaci\u00f3n actual responde a una estrategia deliberada de Estados Unidos: \u201cEn [&hellip;]<\/p>\n","protected":false},"author":2,"featured_media":191269,"comment_status":"closed","ping_status":"closed","sticky":false,"template":"","format":"standard","meta":{"footnotes":""},"categories":[25],"tags":[],"class_list":["post-191268","post","type-post","status-publish","format-standard","has-post-thumbnail","hentry","category-nacionales"],"yoast_head":"<!-- This site is optimized with the Yoast SEO plugin v24.4 - https:\/\/yoast.com\/wordpress\/plugins\/seo\/ -->\n<title>Juan Negri: \u201cEn este momento tenemos a Estados Unidos bloqueando el Estrecho de Ormuz\u201d - GYS NOTICIAS |<\/title>\n<meta name=\"robots\" content=\"index, follow, max-snippet:-1, max-image-preview:large, max-video-preview:-1\" \/>\n<link rel=\"canonical\" href=\"https:\/\/gysfm.com.ar\/inicio\/juan-negri-en-este-momento-tenemos-a-estados-unidos-bloqueando-el-estrecho-de-ormuz\/\" \/>\n<meta property=\"og:locale\" content=\"es_ES\" \/>\n<meta property=\"og:type\" content=\"article\" \/>\n<meta property=\"og:title\" content=\"Juan Negri: \u201cEn este momento tenemos a Estados Unidos bloqueando el Estrecho de Ormuz\u201d - GYS NOTICIAS |\" \/>\n<meta property=\"og:description\" content=\"El analista internacional, Juan Negri, dialog\u00f3 con Canal E e hizo hincapi\u00e9 en que el conflicto en Medio Oriente vuelve a escalar con el foco puesto en el estrat\u00e9gico Estrecho de Ormuz, clave para el comercio mundial de petr\u00f3leo. Juan Negri explic\u00f3 que la situaci\u00f3n actual responde a una estrategia deliberada de Estados Unidos: \u201cEn [&hellip;]\" \/>\n<meta property=\"og:url\" content=\"https:\/\/gysfm.com.ar\/inicio\/juan-negri-en-este-momento-tenemos-a-estados-unidos-bloqueando-el-estrecho-de-ormuz\/\" \/>\n<meta property=\"og:site_name\" content=\"GYS NOTICIAS |\" \/>\n<meta property=\"article:published_time\" content=\"2026-04-17T04:12:07+00:00\" \/>\n<meta name=\"author\" content=\"Prensa G&amp;S FM\" \/>\n<meta name=\"twitter:card\" content=\"summary_large_image\" \/>\n<meta name=\"twitter:label1\" content=\"Escrito por\" \/>\n\t<meta name=\"twitter:data1\" content=\"Prensa G&amp;S FM\" \/>\n\t<meta name=\"twitter:label2\" content=\"Tiempo de lectura\" \/>\n\t<meta name=\"twitter:data2\" content=\"2 minutos\" \/>\n<script type=\"application\/ld+json\" class=\"yoast-schema-graph\">{\"@context\":\"https:\/\/schema.org\",\"@graph\":[{\"@type\":\"Article\",\"@id\":\"https:\/\/gysfm.com.ar\/inicio\/juan-negri-en-este-momento-tenemos-a-estados-unidos-bloqueando-el-estrecho-de-ormuz\/#article\",\"isPartOf\":{\"@id\":\"https:\/\/gysfm.com.ar\/inicio\/juan-negri-en-este-momento-tenemos-a-estados-unidos-bloqueando-el-estrecho-de-ormuz\/\"},\"author\":{\"name\":\"Prensa G&amp;S FM\",\"@id\":\"https:\/\/gysfm.com.ar\/inicio\/#\/schema\/person\/3abba7593ef2ad19e1be221d54383dc5\"},\"headline\":\"Juan Negri: \u201cEn este momento tenemos a Estados Unidos bloqueando el Estrecho de Ormuz\u201d\",\"datePublished\":\"2026-04-17T04:12:07+00:00\",\"mainEntityOfPage\":{\"@id\":\"https:\/\/gysfm.com.ar\/inicio\/juan-negri-en-este-momento-tenemos-a-estados-unidos-bloqueando-el-estrecho-de-ormuz\/\"},\"wordCount\":345,\"publisher\":{\"@id\":\"https:\/\/gysfm.com.ar\/inicio\/#organization\"},\"image\":{\"@id\":\"https:\/\/gysfm.com.ar\/inicio\/juan-negri-en-este-momento-tenemos-a-estados-unidos-bloqueando-el-estrecho-de-ormuz\/#primaryimage\"},\"thumbnailUrl\":\"https:\/\/gysfm.com.ar\/inicio\/wp-content\/uploads\/2026\/04\/negri-2221819.jpg\",\"articleSection\":[\"NACIONALES\"],\"inLanguage\":\"es\"},{\"@type\":\"WebPage\",\"@id\":\"https:\/\/gysfm.com.ar\/inicio\/juan-negri-en-este-momento-tenemos-a-estados-unidos-bloqueando-el-estrecho-de-ormuz\/\",\"url\":\"https:\/\/gysfm.com.ar\/inicio\/juan-negri-en-este-momento-tenemos-a-estados-unidos-bloqueando-el-estrecho-de-ormuz\/\",\"name\":\"Juan Negri: \u201cEn este momento tenemos a Estados Unidos bloqueando el Estrecho de Ormuz\u201d - GYS NOTICIAS |\",\"isPartOf\":{\"@id\":\"https:\/\/gysfm.com.ar\/inicio\/#website\"},\"primaryImageOfPage\":{\"@id\":\"https:\/\/gysfm.com.ar\/inicio\/juan-negri-en-este-momento-tenemos-a-estados-unidos-bloqueando-el-estrecho-de-ormuz\/#primaryimage\"},\"image\":{\"@id\":\"https:\/\/gysfm.com.ar\/inicio\/juan-negri-en-este-momento-tenemos-a-estados-unidos-bloqueando-el-estrecho-de-ormuz\/#primaryimage\"},\"thumbnailUrl\":\"https:\/\/gysfm.com.ar\/inicio\/wp-content\/uploads\/2026\/04\/negri-2221819.jpg\",\"datePublished\":\"2026-04-17T04:12:07+00:00\",\"breadcrumb\":{\"@id\":\"https:\/\/gysfm.com.ar\/inicio\/juan-negri-en-este-momento-tenemos-a-estados-unidos-bloqueando-el-estrecho-de-ormuz\/#breadcrumb\"},\"inLanguage\":\"es\",\"potentialAction\":[{\"@type\":\"ReadAction\",\"target\":[\"https:\/\/gysfm.com.ar\/inicio\/juan-negri-en-este-momento-tenemos-a-estados-unidos-bloqueando-el-estrecho-de-ormuz\/\"]}]},{\"@type\":\"ImageObject\",\"inLanguage\":\"es\",\"@id\":\"https:\/\/gysfm.com.ar\/inicio\/juan-negri-en-este-momento-tenemos-a-estados-unidos-bloqueando-el-estrecho-de-ormuz\/#primaryimage\",\"url\":\"https:\/\/gysfm.com.ar\/inicio\/wp-content\/uploads\/2026\/04\/negri-2221819.jpg\",\"contentUrl\":\"https:\/\/gysfm.com.ar\/inicio\/wp-content\/uploads\/2026\/04\/negri-2221819.jpg\",\"width\":1140,\"height\":641},{\"@type\":\"BreadcrumbList\",\"@id\":\"https:\/\/gysfm.com.ar\/inicio\/juan-negri-en-este-momento-tenemos-a-estados-unidos-bloqueando-el-estrecho-de-ormuz\/#breadcrumb\",\"itemListElement\":[{\"@type\":\"ListItem\",\"position\":1,\"name\":\"Portada\",\"item\":\"https:\/\/gysfm.com.ar\/inicio\/\"},{\"@type\":\"ListItem\",\"position\":2,\"name\":\"Juan Negri: \u201cEn este momento tenemos a Estados Unidos bloqueando el Estrecho de Ormuz\u201d\"}]},{\"@type\":\"WebSite\",\"@id\":\"https:\/\/gysfm.com.ar\/inicio\/#website\",\"url\":\"https:\/\/gysfm.com.ar\/inicio\/\",\"name\":\"GYS NOTICIAS |\",\"description\":\"DIARIO - RADIO ONLINE SAN JUAN ARGENTINA\",\"publisher\":{\"@id\":\"https:\/\/gysfm.com.ar\/inicio\/#organization\"},\"potentialAction\":[{\"@type\":\"SearchAction\",\"target\":{\"@type\":\"EntryPoint\",\"urlTemplate\":\"https:\/\/gysfm.com.ar\/inicio\/?s={search_term_string}\"},\"query-input\":{\"@type\":\"PropertyValueSpecification\",\"valueRequired\":true,\"valueName\":\"search_term_string\"}}],\"inLanguage\":\"es\"},{\"@type\":\"Organization\",\"@id\":\"https:\/\/gysfm.com.ar\/inicio\/#organization\",\"name\":\"GYS NOTICIAS |\",\"url\":\"https:\/\/gysfm.com.ar\/inicio\/\",\"logo\":{\"@type\":\"ImageObject\",\"inLanguage\":\"es\",\"@id\":\"https:\/\/gysfm.com.ar\/inicio\/#\/schema\/logo\/image\/\",\"url\":\"https:\/\/gysfm.com.ar\/inicio\/wp-content\/uploads\/2023\/07\/LOGOGYS-OK.png\",\"contentUrl\":\"https:\/\/gysfm.com.ar\/inicio\/wp-content\/uploads\/2023\/07\/LOGOGYS-OK.png\",\"width\":1170,\"height\":872,\"caption\":\"GYS NOTICIAS |\"},\"image\":{\"@id\":\"https:\/\/gysfm.com.ar\/inicio\/#\/schema\/logo\/image\/\"}},{\"@type\":\"Person\",\"@id\":\"https:\/\/gysfm.com.ar\/inicio\/#\/schema\/person\/3abba7593ef2ad19e1be221d54383dc5\",\"name\":\"Prensa G&amp;S FM\",\"image\":{\"@type\":\"ImageObject\",\"inLanguage\":\"es\",\"@id\":\"https:\/\/gysfm.com.ar\/inicio\/#\/schema\/person\/image\/\",\"url\":\"https:\/\/secure.gravatar.com\/avatar\/096ec78df02049ab018702bb4ccedf659377fa92a26540b5247612077a0dbd29?s=96&d=mm&r=g\",\"contentUrl\":\"https:\/\/secure.gravatar.com\/avatar\/096ec78df02049ab018702bb4ccedf659377fa92a26540b5247612077a0dbd29?s=96&d=mm&r=g\",\"caption\":\"Prensa G&amp;S FM\"},\"sameAs\":[\"https:\/\/gysfm.com.ar\/\"],\"url\":\"https:\/\/gysfm.com.ar\/inicio\/author\/lucasm\/\"}]}<\/script>\n<!-- \/ Yoast SEO plugin. -->","yoast_head_json":{"title":"Juan Negri: \u201cEn este momento tenemos a Estados Unidos bloqueando el Estrecho de Ormuz\u201d - GYS NOTICIAS |","robots":{"index":"index","follow":"follow","max-snippet":"max-snippet:-1","max-image-preview":"max-image-preview:large","max-video-preview":"max-video-preview:-1"},"canonical":"https:\/\/gysfm.com.ar\/inicio\/juan-negri-en-este-momento-tenemos-a-estados-unidos-bloqueando-el-estrecho-de-ormuz\/","og_locale":"es_ES","og_type":"article","og_title":"Juan Negri: \u201cEn este momento tenemos a Estados Unidos bloqueando el Estrecho de Ormuz\u201d - GYS NOTICIAS |","og_description":"El analista internacional, Juan Negri, dialog\u00f3 con Canal E e hizo hincapi\u00e9 en que el conflicto en Medio Oriente vuelve a escalar con el foco puesto en el estrat\u00e9gico Estrecho de Ormuz, clave para el comercio mundial de petr\u00f3leo. Juan Negri explic\u00f3 que la situaci\u00f3n actual responde a una estrategia deliberada de Estados Unidos: \u201cEn [&hellip;]","og_url":"https:\/\/gysfm.com.ar\/inicio\/juan-negri-en-este-momento-tenemos-a-estados-unidos-bloqueando-el-estrecho-de-ormuz\/","og_site_name":"GYS NOTICIAS |","article_published_time":"2026-04-17T04:12:07+00:00","author":"Prensa G&amp;S FM","twitter_card":"summary_large_image","twitter_misc":{"Escrito por":"Prensa G&amp;S FM","Tiempo de lectura":"2 minutos"},"schema":{"@context":"https:\/\/schema.org","@graph":[{"@type":"Article","@id":"https:\/\/gysfm.com.ar\/inicio\/juan-negri-en-este-momento-tenemos-a-estados-unidos-bloqueando-el-estrecho-de-ormuz\/#article","isPartOf":{"@id":"https:\/\/gysfm.com.ar\/inicio\/juan-negri-en-este-momento-tenemos-a-estados-unidos-bloqueando-el-estrecho-de-ormuz\/"},"author":{"name":"Prensa G&amp;S FM","@id":"https:\/\/gysfm.com.ar\/inicio\/#\/schema\/person\/3abba7593ef2ad19e1be221d54383dc5"},"headline":"Juan Negri: \u201cEn este momento tenemos a Estados Unidos bloqueando el Estrecho de Ormuz\u201d","datePublished":"2026-04-17T04:12:07+00:00","mainEntityOfPage":{"@id":"https:\/\/gysfm.com.ar\/inicio\/juan-negri-en-este-momento-tenemos-a-estados-unidos-bloqueando-el-estrecho-de-ormuz\/"},"wordCount":345,"publisher":{"@id":"https:\/\/gysfm.com.ar\/inicio\/#organization"},"image":{"@id":"https:\/\/gysfm.com.ar\/inicio\/juan-negri-en-este-momento-tenemos-a-estados-unidos-bloqueando-el-estrecho-de-ormuz\/#primaryimage"},"thumbnailUrl":"https:\/\/gysfm.com.ar\/inicio\/wp-content\/uploads\/2026\/04\/negri-2221819.jpg","articleSection":["NACIONALES"],"inLanguage":"es"},{"@type":"WebPage","@id":"https:\/\/gysfm.com.ar\/inicio\/juan-negri-en-este-momento-tenemos-a-estados-unidos-bloqueando-el-estrecho-de-ormuz\/","url":"https:\/\/gysfm.com.ar\/inicio\/juan-negri-en-este-momento-tenemos-a-estados-unidos-bloqueando-el-estrecho-de-ormuz\/","name":"Juan Negri: \u201cEn este momento tenemos a Estados Unidos bloqueando el Estrecho de Ormuz\u201d - GYS NOTICIAS |","isPartOf":{"@id":"https:\/\/gysfm.com.ar\/inicio\/#website"},"primaryImageOfPage":{"@id":"https:\/\/gysfm.com.ar\/inicio\/juan-negri-en-este-momento-tenemos-a-estados-unidos-bloqueando-el-estrecho-de-ormuz\/#primaryimage"},"image":{"@id":"https:\/\/gysfm.com.ar\/inicio\/juan-negri-en-este-momento-tenemos-a-estados-unidos-bloqueando-el-estrecho-de-ormuz\/#primaryimage"},"thumbnailUrl":"https:\/\/gysfm.com.ar\/inicio\/wp-content\/uploads\/2026\/04\/negri-2221819.jpg","datePublished":"2026-04-17T04:12:07+00:00","breadcrumb":{"@id":"https:\/\/gysfm.com.ar\/inicio\/juan-negri-en-este-momento-tenemos-a-estados-unidos-bloqueando-el-estrecho-de-ormuz\/#breadcrumb"},"inLanguage":"es","potentialAction":[{"@type":"ReadAction","target":["https:\/\/gysfm.com.ar\/inicio\/juan-negri-en-este-momento-tenemos-a-estados-unidos-bloqueando-el-estrecho-de-ormuz\/"]}]},{"@type":"ImageObject","inLanguage":"es","@id":"https:\/\/gysfm.com.ar\/inicio\/juan-negri-en-este-momento-tenemos-a-estados-unidos-bloqueando-el-estrecho-de-ormuz\/#primaryimage","url":"https:\/\/gysfm.com.ar\/inicio\/wp-content\/uploads\/2026\/04\/negri-2221819.jpg","contentUrl":"https:\/\/gysfm.com.ar\/inicio\/wp-content\/uploads\/2026\/04\/negri-2221819.jpg","width":1140,"height":641},{"@type":"BreadcrumbList","@id":"https:\/\/gysfm.com.ar\/inicio\/juan-negri-en-este-momento-tenemos-a-estados-unidos-bloqueando-el-estrecho-de-ormuz\/#breadcrumb","itemListElement":[{"@type":"ListItem","position":1,"name":"Portada","item":"https:\/\/gysfm.com.ar\/inicio\/"},{"@type":"ListItem","position":2,"name":"Juan Negri: \u201cEn este momento tenemos a Estados Unidos bloqueando el Estrecho de Ormuz\u201d"}]},{"@type":"WebSite","@id":"https:\/\/gysfm.com.ar\/inicio\/#website","url":"https:\/\/gysfm.com.ar\/inicio\/","name":"GYS NOTICIAS |","description":"DIARIO - RADIO ONLINE SAN JUAN ARGENTINA","publisher":{"@id":"https:\/\/gysfm.com.ar\/inicio\/#organization"},"potentialAction":[{"@type":"SearchAction","target":{"@type":"EntryPoint","urlTemplate":"https:\/\/gysfm.com.ar\/inicio\/?s={search_term_string}"},"query-input":{"@type":"PropertyValueSpecification","valueRequired":true,"valueName":"search_term_string"}}],"inLanguage":"es"},{"@type":"Organization","@id":"https:\/\/gysfm.com.ar\/inicio\/#organization","name":"GYS NOTICIAS |","url":"https:\/\/gysfm.com.ar\/inicio\/","logo":{"@type":"ImageObject","inLanguage":"es","@id":"https:\/\/gysfm.com.ar\/inicio\/#\/schema\/logo\/image\/","url":"https:\/\/gysfm.com.ar\/inicio\/wp-content\/uploads\/2023\/07\/LOGOGYS-OK.png","contentUrl":"https:\/\/gysfm.com.ar\/inicio\/wp-content\/uploads\/2023\/07\/LOGOGYS-OK.png","width":1170,"height":872,"caption":"GYS NOTICIAS |"},"image":{"@id":"https:\/\/gysfm.com.ar\/inicio\/#\/schema\/logo\/image\/"}},{"@type":"Person","@id":"https:\/\/gysfm.com.ar\/inicio\/#\/schema\/person\/3abba7593ef2ad19e1be221d54383dc5","name":"Prensa G&amp;S FM","image":{"@type":"ImageObject","inLanguage":"es","@id":"https:\/\/gysfm.com.ar\/inicio\/#\/schema\/person\/image\/","url":"https:\/\/secure.gravatar.com\/avatar\/096ec78df02049ab018702bb4ccedf659377fa92a26540b5247612077a0dbd29?s=96&d=mm&r=g","contentUrl":"https:\/\/secure.gravatar.com\/avatar\/096ec78df02049ab018702bb4ccedf659377fa92a26540b5247612077a0dbd29?s=96&d=mm&r=g","caption":"Prensa G&amp;S FM"},"sameAs":["https:\/\/gysfm.com.ar\/"],"url":"https:\/\/gysfm.com.ar\/inicio\/author\/lucasm\/"}]}},"_links":{"self":[{"href":"https:\/\/gysfm.com.ar\/inicio\/wp-json\/wp\/v2\/posts\/191268","targetHints":{"allow":["GET"]}}],"collection":[{"href":"https:\/\/gysfm.com.ar\/inicio\/wp-json\/wp\/v2\/posts"}],"about":[{"href":"https:\/\/gysfm.com.ar\/inicio\/wp-json\/wp\/v2\/types\/post"}],"author":[{"embeddable":true,"href":"https:\/\/gysfm.com.ar\/inicio\/wp-json\/wp\/v2\/users\/2"}],"replies":[{"embeddable":true,"href":"https:\/\/gysfm.com.ar\/inicio\/wp-json\/wp\/v2\/comments?post=191268"}],"version-history":[{"count":0,"href":"https:\/\/gysfm.com.ar\/inicio\/wp-json\/wp\/v2\/posts\/191268\/revisions"}],"wp:featuredmedia":[{"embeddable":true,"href":"https:\/\/gysfm.com.ar\/inicio\/wp-json\/wp\/v2\/media\/191269"}],"wp:attachment":[{"href":"https:\/\/gysfm.com.ar\/inicio\/wp-json\/wp\/v2\/media?parent=191268"}],"wp:term":[{"taxonomy":"category","embeddable":true,"href":"https:\/\/gysfm.com.ar\/inicio\/wp-json\/wp\/v2\/categories?post=191268"},{"taxonomy":"post_tag","embeddable":true,"href":"https:\/\/gysfm.com.ar\/inicio\/wp-json\/wp\/v2\/tags?post=191268"}],"curies":[{"name":"wp","href":"https:\/\/api.w.org\/{rel}","templated":true}]}}