{"id":142925,"date":"2025-08-10T10:53:12","date_gmt":"2025-08-10T13:53:12","guid":{"rendered":"https:\/\/gysfm.com.ar\/inicio\/preocupa-el-elevado-deficit-de-vitamina-d-entre-las-personas-de-la-tercera-edad\/"},"modified":"2025-08-10T10:53:12","modified_gmt":"2025-08-10T13:53:12","slug":"preocupa-el-elevado-deficit-de-vitamina-d-entre-las-personas-de-la-tercera-edad","status":"publish","type":"post","link":"https:\/\/gysfm.com.ar\/inicio\/preocupa-el-elevado-deficit-de-vitamina-d-entre-las-personas-de-la-tercera-edad\/","title":{"rendered":"Preocupa el elevado d\u00e9ficit de vitamina D entre las personas de la tercera edad"},"content":{"rendered":"<p><\/p>\n<div id=\"article-content\">\n<p>No es un secreto m\u00e9dico el hecho de que la baja concentraci\u00f3n de vitamina D en sangre puede generar variados problemas de salud, <strong>especialmente entre las personas de la tercera edad<\/strong>, grupo etario que es el que tiene, por ejemplo, las mayores probabilidades de sufrir osteoporosis y eventuales fracturas de huesos.<\/p>\n<p>Lo que s\u00ed es <strong>complejo <\/strong>para la medicina actual es <strong>establecer <\/strong>cu\u00e1ntas personas est\u00e1n afectadas por la <strong>falta <\/strong>de esta vitamina. Por ejemplo, seg\u00fan un <a target=\"_blank\" href=\"https:\/\/www.argentina.gob.ar\/sites\/default\/files\/2023\/04\/informe_de_ets_completo_n36_conetec-vitamina_d_principal.pdf\">documento<\/a> publicado en 2023 por expertos integrantes de la Comisi\u00f3n de Evaluaci\u00f3n de Tecnolog\u00edas Sanitarias (<strong>Conetec<\/strong>) del Ministerio de Salud, \u201clas estimaciones sobre porcentajes de gente con deficiencia de vitamina D var\u00edan considerablemente: algunos estudios dicen que solo el 3% de la poblaci\u00f3n tiene niveles bajos, mientras que otros sugieren que <strong>hasta la mitad de las personas<\/strong> podr\u00edan tener una concentraci\u00f3n <strong>deficiente<\/strong>\u201d.<\/p>\n<p class=\"destacadoNota\"><strong><a target=\"_blank\" href=\"https:\/\/www.perfil.com\/noticias\/sociedad\/sin-nutrientes-los-chicos-consumen-menos-vitamina-d-y-calcio.phtml\">Sin nutrientes: los chicos consumen menos vitamina D y calcio<\/a><\/strong><\/p>\n<div class=\"subscription\">\n<p>\n        Esto no les gusta a los autoritarios\n    <\/p>\n<div class=\"subscription__container\">\n<div class=\"subscription__text-wrapper\">\n<p>\n                El ejercicio del periodismo profesional y cr\u00edtico es un pilar fundamental de la democracia. Por eso molesta a quienes creen ser los due\u00f1os de la verdad.\n            <\/p>\n<\/p><\/div><\/div>\n<\/div>\n<h2> <\/h2>\n<p>S\u00ed hay acuerdo en que es un problema de salud global. Eso surge de datos concretos: en Inglaterra las prescripciones de vitamina D se <strong>incrementaron <\/strong>14 veces en los \u00faltimos tres lustros. En Brasil, donde la red de Laboratorios Farmac\u00e9uticos report\u00f3 una <strong>duplicaci\u00f3n <\/strong>en la venta de unidades de vitamina D entre 2019 y 2021.<\/p>\n<p>La m\u00e1s afectada por esta problem\u00e1tica es la tercera edad. Un estudio de la <strong>Asociaci\u00f3n Argentina de Osteolog\u00eda<\/strong> (Aaomm) mostr\u00f3 que \u2014considerando a pacientes ambulatorios mayores de 65 a\u00f1os que no recib\u00edan suplementos\u2014 hab\u00eda deficiencias notables de vitamina D: en el 52%, 64% y 87% de la gente, dividiendo por poblaciones del norte, del centro y de la Patagonia.<\/p>\n<p>\u201cEsta vitamina juega un <strong>papel en la buena salud. <\/strong>Es considerada una hormona esencial para que nuestro metabolismo mantenga un balance adecuado de minerales claves como el calcio y el f\u00f3sforo en el cuerpo\u201d, le explic\u00f3 a <strong>PERFIL <\/strong>la doctora Mirena Buttazzoni, m\u00e9dica del Hospital Italiano de Buenos Aires.<\/p>\n<p style=\"text-align:center\"><picture><source media=\"(max-width: 440px)\" srcset=\"https:\/\/fotos.perfil.com\/\/2025\/08\/09\/440\/0\/vitaminadproblemas-2077434.jpg?webp\"\/><source media=\"(max-width: 1019px)\" srcset=\"https:\/\/fotos.perfil.com\/\/2025\/08\/09\/712\/0\/vitaminadproblemas-2077434.jpg?webp\"\/><img decoding=\"async\" style=\"max-width: 100%; width: 100%;\" alt=\"Vitamina_D_Problemas\" height=\"495\" src=\"https:\/\/fotos.perfil.com\/\/2025\/08\/09\/900\/0\/vitaminadproblemas-2077434.jpg?webp\" width=\"721\" loading=\"lazy\"\/><\/picture><\/p>\n<p><strong><em>La Doctora Mirena Buttazzoni, m\u00e9dica del Hospital Italiano de Buenos Aires y miembro de la SAEM.<\/em><\/strong><\/p>\n<p>Seg\u00fan ella, que tambi\u00e9n integra la Sociedad Argentina de Endocrinolog\u00eda y Metabolismo (<a target=\"_blank\" href=\"https:\/\/saem.org.ar\/\">SAEM<\/a>), esto significa que \u201cla concentraci\u00f3n correcta es clave para la <strong>buena salud \u00f3sea<\/strong>\u201d. \u00bfPor qu\u00e9? Si no se mantiene en niveles m\u00ednimos saludables, aparecen complicaciones de salud, que en el comienzo pueden ser asintom\u00e1ticas. Solo a veces hay algunas pistas. Por ejemplo, en algunas personas les genera dolores \u00f3seos y debilidad muscular. Y esto abre un mayor riesgo de ca\u00eddas entre los adultos mayores.<\/p>\n<h2><strong>El remodelado de los huesos<\/strong><\/h2>\n<p>Se sabe tambi\u00e9n que la deficiencia de \u201cD\u201d hace aumentar la concentraci\u00f3n de otra hormona (la parathormona) y esto <strong>acelera <\/strong>el \u201cremodelado\u201d natural que atraviesan nuestros huesos a lo largo de la vida. As\u00ed aparecen, con los a\u00f1os, problemas graves como la osteoporosis, enfermedad que genera fracturas por fragilidad \u00f3sea. Tambi\u00e9n puede causar <strong>osteomalacia<\/strong>, caracterizada por el d\u00e9ficit de minerales. Y en los chicos, si esta deficiencia es realmente prolongada, puede provocar huesos \u201cfr\u00e1giles\u201d o <strong>raquitismo<\/strong>.<\/p>\n<p class=\"destacadoNota\"><strong><a target=\"_blank\" href=\"https:\/\/marieclaire.perfil.com\/noticias\/belleza\/vitamina-d-como-obtenerla-de-manera-natural-para-mejorar-nuestro-organismo.phtml\">Vitamina D: c\u00f3mo obtenerla de manera natural para mejorar nuestro organismo<\/a><\/strong><\/p>\n<p>Adem\u00e1s, cada vez m\u00e1s estudios est\u00e1n encontrando una asociaci\u00f3n entre bajos niveles de esta hormona en sangre y cierta <strong>correlaci\u00f3n con algunas enfermedades autoinmunes<\/strong>, problemas neurol\u00f3gicos y musculares. Por el contrario, tambi\u00e9n est\u00e1 comprobado que tener un nivel adecuado de vitamina D contribuye a <strong>disminuir los procesos infecciosos.<\/strong><\/p>\n<h2><strong>Adultos en riesgo<\/strong><\/h2>\n<p>\u00bfQui\u00e9nes son las <strong>personas en alto riesgo<\/strong>? \u201cLos adultos mayores, sin duda, aunque hay <strong>otros <\/strong>grupos a cuidar: personas con obesidad y algunos que se hicieron una cirug\u00eda bari\u00e1trica. O aquellos que toman ciertos medicamentos en forma regular y que \u2014se sabe\u2014 interfieren con la s\u00edntesis natural de vitamina D, como pasa con corticoides y antiepil\u00e9pticos. Tambi\u00e9n deber\u00edan consultar este tema con su m\u00e9dico aquellos que padecen ciertos trastornos digestivos, como los cel\u00edacos\u201d, advierte Buttazzoni.<\/p>\n<p>Incluso puede ser un problema en personas sanas, pero que \u2014por <strong>trabajo<\/strong>\u2014 no se exponen al sol, como quienes tienen <strong>turnos nocturnos,<\/strong> ya que los rayos solares sobre la piel son esenciales para su s\u00edntesis natural en el metabolismo\u201d, ejemplific\u00f3 la integrante de Saem.<\/p>\n<p style=\"text-align:center\"><picture><source media=\"(max-width: 440px)\" srcset=\"https:\/\/fotos.perfil.com\/\/2025\/08\/09\/440\/0\/vitaminadproblemas-2077435.jpg?webp\"\/><source media=\"(max-width: 1019px)\" srcset=\"https:\/\/fotos.perfil.com\/\/2025\/08\/09\/712\/0\/vitaminadproblemas-2077435.jpg?webp\"\/><img decoding=\"async\" style=\"max-width: 100%; width: 100%;\" alt=\"Vitamina_D_Problemas\" src=\"https:\/\/fotos.perfil.com\/\/2025\/08\/09\/900\/0\/vitaminadproblemas-2077435.jpg?webp\" loading=\"lazy\"\/><\/picture><\/p>\n<p><em><strong>La densitometr\u00eda sirve para conocer la salud de los huesos.<\/strong><\/em><\/p>\n<p>Lo bueno -y noble- de este nutriente es que, ingerido en dosis normales \u2014como es la toma de los populares suplementos de venta libre que incluyan vitamina D\u2014 no suele aportar dosis excesivas y, por lo tanto, <strong>es dif\u00edcil que genere un problema de salud por \u201cexceso\u201d<\/strong>, salvo por un error del paciente al tomarla.<\/p>\n<h2><strong>Estudios de laboratorio \u00bfs\u00ed o no?<\/strong><\/h2>\n<p>Un \u00faltimo detalle controvertido sobre este tema es el de a qui\u00e9nes deber\u00edan los m\u00e9dicos indicarles un estudio de laboratorio sobre su concentraci\u00f3n de vitamina D. \u201cSi bien es algo simple, el consenso profesional indica que no se debe recomendar en forma habitual a las personas sanas durante el chequeo anual. No es algo que, a nivel salud p\u00fablica, est\u00e9 recomendado en un formato masivo. M\u00e1s bien es un test que se indica para aquellos que integran alg\u00fan grupo de riesgo.<\/p>\n<p>El informe antes mencionado de la Conetec lo resume as\u00ed: \u201cse puede concluir que para las personas sanas sin factores de riesgo, hacerse pruebas de vitamina D o tomar suplementos de forma rutinaria no es necesario. (En estos) llevar adelante un rastreo rutinario podr\u00eda resultar en una alta tasa de sobrediagn\u00f3stico y sobretratamiento, con consecuencias riesgosas para la poblaci\u00f3n y negativas para el sistema de salud\u201d.<\/p>\n<h2><strong>La prevenci\u00f3n se hace muchos a\u00f1os antes<\/strong><\/h2>\n<p>Seg\u00fan Butazzoni \u201cir\u00f3nicamente, <strong>casi podr\u00edamos decir que la osteoporosis es una enfermedad \u2018infantil&#8217;<\/strong>, ya que, aunque se manifiesta en las \u00faltimas d\u00e9cadas de la vida, los huesos se forman y alcanzan su m\u00e1ximo pico \u00f3seo al final de la adolescencia\u201d. En ese momento tambi\u00e9n es clave mantener niveles adecuados de vitamina D, de forma de poder llegar a la tercera edad con huesos saludables y abundantes reservas de este tejido, para poder retrasar al m\u00e1ximo el deterioro natural que los a\u00f1os le aportan a la salud de nuestro esqueleto\u201d.<\/p>\n<p><strong>\u00bfC\u00f3mo se logra hacer esta prevenci\u00f3n? <\/strong>B\u00e1sicamente de dos formas, exponiendo la piel al sol, en forma cuidada pero regular (por ejemplo, tomar sol durante 30 minutos, tres o cuatro veces a la semana, pero por fuera de los horarios \u201cpico\u201d, en brazos y piernas y no en la cara).<\/p>\n<p style=\"text-align:center\"><picture><source media=\"(max-width: 440px)\" srcset=\"https:\/\/fotos.perfil.com\/\/2025\/08\/09\/440\/0\/vitaminadproblemas-2077437.jpg?webp\"\/><source media=\"(max-width: 1019px)\" srcset=\"https:\/\/fotos.perfil.com\/\/2025\/08\/09\/712\/0\/vitaminadproblemas-2077437.jpg?webp\"\/><img decoding=\"async\" style=\"max-width: 100%; width: 100%;\" alt=\"Vitamina_D_Problemas\" src=\"https:\/\/fotos.perfil.com\/\/2025\/08\/09\/900\/0\/vitaminadproblemas-2077437.jpg?webp\" loading=\"lazy\"\/><\/picture><\/p>\n<p><em><strong>La dieta saludable incluye abundantes pescados y l\u00e1cteos.<\/strong><\/em><\/p>\n<p>O eligiendo protectores que filtren los rayos UV da\u00f1inos, pero <strong>permitan el paso de los saludables<\/strong>. Y tambi\u00e9n con una dieta adecuada. \u201cB\u00e1sicamente variada, con <strong>mucho pescado y l\u00e1cteos<\/strong>. Y, de ser necesario, eligiendo <strong>alimentos fortificados en vitamina D<\/strong>, como muchos l\u00e1cteos, que \u2014de paso\u2014 aportan calcio; algo especialmente complejo en tiempos de auge de tendencias veganas.<\/p>\n<p>Si es necesario, y en poblaciones de riesgo \u2014como adultos mayores o en habitantes de latitudes sure\u00f1as donde la exposici\u00f3n al sol es m\u00ednima\u2014, los endocrin\u00f3logos pueden recomendarle un <strong>dosaje <\/strong>en sangre de vitamina D (un test simple de laboratorio) y, analizando los resultados, <strong>recetar <\/strong>una eventual toma peri\u00f3dica de esta hormona,<strong> ya sea en forma de gotas o comprimidos.<\/strong><\/p>\n<\/p><\/div>\n<p><script>\n                !function(f,b,e,v,n,t,s)\n                {if(f.fbq)return;n=f.fbq=function(){n.callMethod?\n                    n.callMethod.apply(n,arguments):n.queue.push(arguments)};\n                    if(!f._fbq)f._fbq=n;n.push=n;n.loaded=!0;n.version='2.0';\n                    n.queue=[];t=b.createElement(e);t.async=!0;\n                    t.src=v;s=b.getElementsByTagName(e)[0];\n                    s.parentNode.insertBefore(t,s)}(window, document,'script',\n                    'https:\/\/connect.facebook.net\/en_US\/fbevents.js');\n                window.paywallConfig.facebook_pixel=\"1000228364089342\"\n            <\/script><\/p>\n","protected":false},"excerpt":{"rendered":"<p>No es un secreto m\u00e9dico el hecho de que la baja concentraci\u00f3n de vitamina D en sangre puede generar variados problemas de salud, especialmente entre las personas de la tercera edad, grupo etario que es el que tiene, por ejemplo, las mayores probabilidades de sufrir osteoporosis y eventuales fracturas de huesos. Lo que s\u00ed es [&hellip;]<\/p>\n","protected":false},"author":2,"featured_media":142926,"comment_status":"closed","ping_status":"closed","sticky":false,"template":"","format":"standard","meta":{"footnotes":""},"categories":[25],"tags":[],"class_list":["post-142925","post","type-post","status-publish","format-standard","has-post-thumbnail","hentry","category-nacionales"],"yoast_head":"<!-- This site is optimized with the Yoast SEO plugin v24.4 - https:\/\/yoast.com\/wordpress\/plugins\/seo\/ -->\n<title>Preocupa el elevado d\u00e9ficit de vitamina D entre las personas de la tercera edad - GYS NOTICIAS |<\/title>\n<meta name=\"robots\" content=\"index, follow, max-snippet:-1, max-image-preview:large, max-video-preview:-1\" \/>\n<link rel=\"canonical\" href=\"https:\/\/gysfm.com.ar\/inicio\/preocupa-el-elevado-deficit-de-vitamina-d-entre-las-personas-de-la-tercera-edad\/\" \/>\n<meta property=\"og:locale\" content=\"es_ES\" \/>\n<meta property=\"og:type\" content=\"article\" \/>\n<meta property=\"og:title\" content=\"Preocupa el elevado d\u00e9ficit de vitamina D entre las personas de la tercera edad - GYS NOTICIAS |\" \/>\n<meta property=\"og:description\" content=\"No es un secreto m\u00e9dico el hecho de que la baja concentraci\u00f3n de vitamina D en sangre puede generar variados problemas de salud, especialmente entre las personas de la tercera edad, grupo etario que es el que tiene, por ejemplo, las mayores probabilidades de sufrir osteoporosis y eventuales fracturas de huesos. Lo que s\u00ed es [&hellip;]\" \/>\n<meta property=\"og:url\" content=\"https:\/\/gysfm.com.ar\/inicio\/preocupa-el-elevado-deficit-de-vitamina-d-entre-las-personas-de-la-tercera-edad\/\" \/>\n<meta property=\"og:site_name\" content=\"GYS NOTICIAS |\" \/>\n<meta property=\"article:published_time\" content=\"2025-08-10T13:53:12+00:00\" \/>\n<meta property=\"og:image\" content=\"https:\/\/fotos.perfil.com\/\/2025\/08\/09\/900\/0\/vitaminadproblemas-2077434.jpg?webp\" \/>\n<meta name=\"author\" content=\"Prensa G&amp;S FM\" \/>\n<meta name=\"twitter:card\" content=\"summary_large_image\" \/>\n<meta name=\"twitter:label1\" content=\"Escrito por\" \/>\n\t<meta name=\"twitter:data1\" content=\"Prensa G&amp;S FM\" \/>\n\t<meta name=\"twitter:label2\" content=\"Tiempo de lectura\" \/>\n\t<meta name=\"twitter:data2\" content=\"6 minutos\" \/>\n<script type=\"application\/ld+json\" class=\"yoast-schema-graph\">{\"@context\":\"https:\/\/schema.org\",\"@graph\":[{\"@type\":\"Article\",\"@id\":\"https:\/\/gysfm.com.ar\/inicio\/preocupa-el-elevado-deficit-de-vitamina-d-entre-las-personas-de-la-tercera-edad\/#article\",\"isPartOf\":{\"@id\":\"https:\/\/gysfm.com.ar\/inicio\/preocupa-el-elevado-deficit-de-vitamina-d-entre-las-personas-de-la-tercera-edad\/\"},\"author\":{\"name\":\"Prensa G&amp;S FM\",\"@id\":\"https:\/\/gysfm.com.ar\/inicio\/#\/schema\/person\/3abba7593ef2ad19e1be221d54383dc5\"},\"headline\":\"Preocupa el elevado d\u00e9ficit de vitamina D entre las personas de la tercera edad\",\"datePublished\":\"2025-08-10T13:53:12+00:00\",\"mainEntityOfPage\":{\"@id\":\"https:\/\/gysfm.com.ar\/inicio\/preocupa-el-elevado-deficit-de-vitamina-d-entre-las-personas-de-la-tercera-edad\/\"},\"wordCount\":1286,\"publisher\":{\"@id\":\"https:\/\/gysfm.com.ar\/inicio\/#organization\"},\"image\":{\"@id\":\"https:\/\/gysfm.com.ar\/inicio\/preocupa-el-elevado-deficit-de-vitamina-d-entre-las-personas-de-la-tercera-edad\/#primaryimage\"},\"thumbnailUrl\":\"https:\/\/gysfm.com.ar\/inicio\/wp-content\/uploads\/2025\/08\/vitaminadproblemas-2077436.jpg\",\"articleSection\":[\"NACIONALES\"],\"inLanguage\":\"es\"},{\"@type\":\"WebPage\",\"@id\":\"https:\/\/gysfm.com.ar\/inicio\/preocupa-el-elevado-deficit-de-vitamina-d-entre-las-personas-de-la-tercera-edad\/\",\"url\":\"https:\/\/gysfm.com.ar\/inicio\/preocupa-el-elevado-deficit-de-vitamina-d-entre-las-personas-de-la-tercera-edad\/\",\"name\":\"Preocupa el elevado d\u00e9ficit de vitamina D entre las personas de la tercera edad - GYS NOTICIAS |\",\"isPartOf\":{\"@id\":\"https:\/\/gysfm.com.ar\/inicio\/#website\"},\"primaryImageOfPage\":{\"@id\":\"https:\/\/gysfm.com.ar\/inicio\/preocupa-el-elevado-deficit-de-vitamina-d-entre-las-personas-de-la-tercera-edad\/#primaryimage\"},\"image\":{\"@id\":\"https:\/\/gysfm.com.ar\/inicio\/preocupa-el-elevado-deficit-de-vitamina-d-entre-las-personas-de-la-tercera-edad\/#primaryimage\"},\"thumbnailUrl\":\"https:\/\/gysfm.com.ar\/inicio\/wp-content\/uploads\/2025\/08\/vitaminadproblemas-2077436.jpg\",\"datePublished\":\"2025-08-10T13:53:12+00:00\",\"breadcrumb\":{\"@id\":\"https:\/\/gysfm.com.ar\/inicio\/preocupa-el-elevado-deficit-de-vitamina-d-entre-las-personas-de-la-tercera-edad\/#breadcrumb\"},\"inLanguage\":\"es\",\"potentialAction\":[{\"@type\":\"ReadAction\",\"target\":[\"https:\/\/gysfm.com.ar\/inicio\/preocupa-el-elevado-deficit-de-vitamina-d-entre-las-personas-de-la-tercera-edad\/\"]}]},{\"@type\":\"ImageObject\",\"inLanguage\":\"es\",\"@id\":\"https:\/\/gysfm.com.ar\/inicio\/preocupa-el-elevado-deficit-de-vitamina-d-entre-las-personas-de-la-tercera-edad\/#primaryimage\",\"url\":\"https:\/\/gysfm.com.ar\/inicio\/wp-content\/uploads\/2025\/08\/vitaminadproblemas-2077436.jpg\",\"contentUrl\":\"https:\/\/gysfm.com.ar\/inicio\/wp-content\/uploads\/2025\/08\/vitaminadproblemas-2077436.jpg\",\"width\":1140,\"height\":641},{\"@type\":\"BreadcrumbList\",\"@id\":\"https:\/\/gysfm.com.ar\/inicio\/preocupa-el-elevado-deficit-de-vitamina-d-entre-las-personas-de-la-tercera-edad\/#breadcrumb\",\"itemListElement\":[{\"@type\":\"ListItem\",\"position\":1,\"name\":\"Portada\",\"item\":\"https:\/\/gysfm.com.ar\/inicio\/\"},{\"@type\":\"ListItem\",\"position\":2,\"name\":\"Preocupa el elevado d\u00e9ficit de vitamina D entre las personas de la tercera edad\"}]},{\"@type\":\"WebSite\",\"@id\":\"https:\/\/gysfm.com.ar\/inicio\/#website\",\"url\":\"https:\/\/gysfm.com.ar\/inicio\/\",\"name\":\"GYS NOTICIAS |\",\"description\":\"DIARIO - RADIO ONLINE SAN JUAN ARGENTINA\",\"publisher\":{\"@id\":\"https:\/\/gysfm.com.ar\/inicio\/#organization\"},\"potentialAction\":[{\"@type\":\"SearchAction\",\"target\":{\"@type\":\"EntryPoint\",\"urlTemplate\":\"https:\/\/gysfm.com.ar\/inicio\/?s={search_term_string}\"},\"query-input\":{\"@type\":\"PropertyValueSpecification\",\"valueRequired\":true,\"valueName\":\"search_term_string\"}}],\"inLanguage\":\"es\"},{\"@type\":\"Organization\",\"@id\":\"https:\/\/gysfm.com.ar\/inicio\/#organization\",\"name\":\"GYS NOTICIAS |\",\"url\":\"https:\/\/gysfm.com.ar\/inicio\/\",\"logo\":{\"@type\":\"ImageObject\",\"inLanguage\":\"es\",\"@id\":\"https:\/\/gysfm.com.ar\/inicio\/#\/schema\/logo\/image\/\",\"url\":\"https:\/\/gysfm.com.ar\/inicio\/wp-content\/uploads\/2023\/07\/LOGOGYS-OK.png\",\"contentUrl\":\"https:\/\/gysfm.com.ar\/inicio\/wp-content\/uploads\/2023\/07\/LOGOGYS-OK.png\",\"width\":1170,\"height\":872,\"caption\":\"GYS NOTICIAS |\"},\"image\":{\"@id\":\"https:\/\/gysfm.com.ar\/inicio\/#\/schema\/logo\/image\/\"}},{\"@type\":\"Person\",\"@id\":\"https:\/\/gysfm.com.ar\/inicio\/#\/schema\/person\/3abba7593ef2ad19e1be221d54383dc5\",\"name\":\"Prensa G&amp;S FM\",\"image\":{\"@type\":\"ImageObject\",\"inLanguage\":\"es\",\"@id\":\"https:\/\/gysfm.com.ar\/inicio\/#\/schema\/person\/image\/\",\"url\":\"https:\/\/secure.gravatar.com\/avatar\/096ec78df02049ab018702bb4ccedf659377fa92a26540b5247612077a0dbd29?s=96&d=mm&r=g\",\"contentUrl\":\"https:\/\/secure.gravatar.com\/avatar\/096ec78df02049ab018702bb4ccedf659377fa92a26540b5247612077a0dbd29?s=96&d=mm&r=g\",\"caption\":\"Prensa G&amp;S FM\"},\"sameAs\":[\"https:\/\/gysfm.com.ar\/\"],\"url\":\"https:\/\/gysfm.com.ar\/inicio\/author\/lucasm\/\"}]}<\/script>\n<!-- \/ Yoast SEO plugin. -->","yoast_head_json":{"title":"Preocupa el elevado d\u00e9ficit de vitamina D entre las personas de la tercera edad - GYS NOTICIAS |","robots":{"index":"index","follow":"follow","max-snippet":"max-snippet:-1","max-image-preview":"max-image-preview:large","max-video-preview":"max-video-preview:-1"},"canonical":"https:\/\/gysfm.com.ar\/inicio\/preocupa-el-elevado-deficit-de-vitamina-d-entre-las-personas-de-la-tercera-edad\/","og_locale":"es_ES","og_type":"article","og_title":"Preocupa el elevado d\u00e9ficit de vitamina D entre las personas de la tercera edad - GYS NOTICIAS |","og_description":"No es un secreto m\u00e9dico el hecho de que la baja concentraci\u00f3n de vitamina D en sangre puede generar variados problemas de salud, especialmente entre las personas de la tercera edad, grupo etario que es el que tiene, por ejemplo, las mayores probabilidades de sufrir osteoporosis y eventuales fracturas de huesos. Lo que s\u00ed es [&hellip;]","og_url":"https:\/\/gysfm.com.ar\/inicio\/preocupa-el-elevado-deficit-de-vitamina-d-entre-las-personas-de-la-tercera-edad\/","og_site_name":"GYS NOTICIAS |","article_published_time":"2025-08-10T13:53:12+00:00","og_image":[{"url":"https:\/\/fotos.perfil.com\/\/2025\/08\/09\/900\/0\/vitaminadproblemas-2077434.jpg?webp","type":"","width":"","height":""}],"author":"Prensa G&amp;S FM","twitter_card":"summary_large_image","twitter_misc":{"Escrito por":"Prensa G&amp;S FM","Tiempo de lectura":"6 minutos"},"schema":{"@context":"https:\/\/schema.org","@graph":[{"@type":"Article","@id":"https:\/\/gysfm.com.ar\/inicio\/preocupa-el-elevado-deficit-de-vitamina-d-entre-las-personas-de-la-tercera-edad\/#article","isPartOf":{"@id":"https:\/\/gysfm.com.ar\/inicio\/preocupa-el-elevado-deficit-de-vitamina-d-entre-las-personas-de-la-tercera-edad\/"},"author":{"name":"Prensa G&amp;S FM","@id":"https:\/\/gysfm.com.ar\/inicio\/#\/schema\/person\/3abba7593ef2ad19e1be221d54383dc5"},"headline":"Preocupa el elevado d\u00e9ficit de vitamina D entre las personas de la tercera edad","datePublished":"2025-08-10T13:53:12+00:00","mainEntityOfPage":{"@id":"https:\/\/gysfm.com.ar\/inicio\/preocupa-el-elevado-deficit-de-vitamina-d-entre-las-personas-de-la-tercera-edad\/"},"wordCount":1286,"publisher":{"@id":"https:\/\/gysfm.com.ar\/inicio\/#organization"},"image":{"@id":"https:\/\/gysfm.com.ar\/inicio\/preocupa-el-elevado-deficit-de-vitamina-d-entre-las-personas-de-la-tercera-edad\/#primaryimage"},"thumbnailUrl":"https:\/\/gysfm.com.ar\/inicio\/wp-content\/uploads\/2025\/08\/vitaminadproblemas-2077436.jpg","articleSection":["NACIONALES"],"inLanguage":"es"},{"@type":"WebPage","@id":"https:\/\/gysfm.com.ar\/inicio\/preocupa-el-elevado-deficit-de-vitamina-d-entre-las-personas-de-la-tercera-edad\/","url":"https:\/\/gysfm.com.ar\/inicio\/preocupa-el-elevado-deficit-de-vitamina-d-entre-las-personas-de-la-tercera-edad\/","name":"Preocupa el elevado d\u00e9ficit de vitamina D entre las personas de la tercera edad - GYS NOTICIAS |","isPartOf":{"@id":"https:\/\/gysfm.com.ar\/inicio\/#website"},"primaryImageOfPage":{"@id":"https:\/\/gysfm.com.ar\/inicio\/preocupa-el-elevado-deficit-de-vitamina-d-entre-las-personas-de-la-tercera-edad\/#primaryimage"},"image":{"@id":"https:\/\/gysfm.com.ar\/inicio\/preocupa-el-elevado-deficit-de-vitamina-d-entre-las-personas-de-la-tercera-edad\/#primaryimage"},"thumbnailUrl":"https:\/\/gysfm.com.ar\/inicio\/wp-content\/uploads\/2025\/08\/vitaminadproblemas-2077436.jpg","datePublished":"2025-08-10T13:53:12+00:00","breadcrumb":{"@id":"https:\/\/gysfm.com.ar\/inicio\/preocupa-el-elevado-deficit-de-vitamina-d-entre-las-personas-de-la-tercera-edad\/#breadcrumb"},"inLanguage":"es","potentialAction":[{"@type":"ReadAction","target":["https:\/\/gysfm.com.ar\/inicio\/preocupa-el-elevado-deficit-de-vitamina-d-entre-las-personas-de-la-tercera-edad\/"]}]},{"@type":"ImageObject","inLanguage":"es","@id":"https:\/\/gysfm.com.ar\/inicio\/preocupa-el-elevado-deficit-de-vitamina-d-entre-las-personas-de-la-tercera-edad\/#primaryimage","url":"https:\/\/gysfm.com.ar\/inicio\/wp-content\/uploads\/2025\/08\/vitaminadproblemas-2077436.jpg","contentUrl":"https:\/\/gysfm.com.ar\/inicio\/wp-content\/uploads\/2025\/08\/vitaminadproblemas-2077436.jpg","width":1140,"height":641},{"@type":"BreadcrumbList","@id":"https:\/\/gysfm.com.ar\/inicio\/preocupa-el-elevado-deficit-de-vitamina-d-entre-las-personas-de-la-tercera-edad\/#breadcrumb","itemListElement":[{"@type":"ListItem","position":1,"name":"Portada","item":"https:\/\/gysfm.com.ar\/inicio\/"},{"@type":"ListItem","position":2,"name":"Preocupa el elevado d\u00e9ficit de vitamina D entre las personas de la tercera edad"}]},{"@type":"WebSite","@id":"https:\/\/gysfm.com.ar\/inicio\/#website","url":"https:\/\/gysfm.com.ar\/inicio\/","name":"GYS NOTICIAS |","description":"DIARIO - RADIO ONLINE SAN JUAN ARGENTINA","publisher":{"@id":"https:\/\/gysfm.com.ar\/inicio\/#organization"},"potentialAction":[{"@type":"SearchAction","target":{"@type":"EntryPoint","urlTemplate":"https:\/\/gysfm.com.ar\/inicio\/?s={search_term_string}"},"query-input":{"@type":"PropertyValueSpecification","valueRequired":true,"valueName":"search_term_string"}}],"inLanguage":"es"},{"@type":"Organization","@id":"https:\/\/gysfm.com.ar\/inicio\/#organization","name":"GYS NOTICIAS |","url":"https:\/\/gysfm.com.ar\/inicio\/","logo":{"@type":"ImageObject","inLanguage":"es","@id":"https:\/\/gysfm.com.ar\/inicio\/#\/schema\/logo\/image\/","url":"https:\/\/gysfm.com.ar\/inicio\/wp-content\/uploads\/2023\/07\/LOGOGYS-OK.png","contentUrl":"https:\/\/gysfm.com.ar\/inicio\/wp-content\/uploads\/2023\/07\/LOGOGYS-OK.png","width":1170,"height":872,"caption":"GYS NOTICIAS |"},"image":{"@id":"https:\/\/gysfm.com.ar\/inicio\/#\/schema\/logo\/image\/"}},{"@type":"Person","@id":"https:\/\/gysfm.com.ar\/inicio\/#\/schema\/person\/3abba7593ef2ad19e1be221d54383dc5","name":"Prensa G&amp;S FM","image":{"@type":"ImageObject","inLanguage":"es","@id":"https:\/\/gysfm.com.ar\/inicio\/#\/schema\/person\/image\/","url":"https:\/\/secure.gravatar.com\/avatar\/096ec78df02049ab018702bb4ccedf659377fa92a26540b5247612077a0dbd29?s=96&d=mm&r=g","contentUrl":"https:\/\/secure.gravatar.com\/avatar\/096ec78df02049ab018702bb4ccedf659377fa92a26540b5247612077a0dbd29?s=96&d=mm&r=g","caption":"Prensa G&amp;S FM"},"sameAs":["https:\/\/gysfm.com.ar\/"],"url":"https:\/\/gysfm.com.ar\/inicio\/author\/lucasm\/"}]}},"_links":{"self":[{"href":"https:\/\/gysfm.com.ar\/inicio\/wp-json\/wp\/v2\/posts\/142925","targetHints":{"allow":["GET"]}}],"collection":[{"href":"https:\/\/gysfm.com.ar\/inicio\/wp-json\/wp\/v2\/posts"}],"about":[{"href":"https:\/\/gysfm.com.ar\/inicio\/wp-json\/wp\/v2\/types\/post"}],"author":[{"embeddable":true,"href":"https:\/\/gysfm.com.ar\/inicio\/wp-json\/wp\/v2\/users\/2"}],"replies":[{"embeddable":true,"href":"https:\/\/gysfm.com.ar\/inicio\/wp-json\/wp\/v2\/comments?post=142925"}],"version-history":[{"count":0,"href":"https:\/\/gysfm.com.ar\/inicio\/wp-json\/wp\/v2\/posts\/142925\/revisions"}],"wp:featuredmedia":[{"embeddable":true,"href":"https:\/\/gysfm.com.ar\/inicio\/wp-json\/wp\/v2\/media\/142926"}],"wp:attachment":[{"href":"https:\/\/gysfm.com.ar\/inicio\/wp-json\/wp\/v2\/media?parent=142925"}],"wp:term":[{"taxonomy":"category","embeddable":true,"href":"https:\/\/gysfm.com.ar\/inicio\/wp-json\/wp\/v2\/categories?post=142925"},{"taxonomy":"post_tag","embeddable":true,"href":"https:\/\/gysfm.com.ar\/inicio\/wp-json\/wp\/v2\/tags?post=142925"}],"curies":[{"name":"wp","href":"https:\/\/api.w.org\/{rel}","templated":true}]}}