{"id":142919,"date":"2025-08-10T10:27:11","date_gmt":"2025-08-10T13:27:11","guid":{"rendered":"https:\/\/gysfm.com.ar\/inicio\/el-pueblo-que-quedo-congelado-en-el-tiempo-tras-el-asedio-de-la-guerra-civil\/"},"modified":"2025-08-10T10:27:12","modified_gmt":"2025-08-10T13:27:12","slug":"el-pueblo-que-quedo-congelado-en-el-tiempo-tras-el-asedio-de-la-guerra-civil","status":"publish","type":"post","link":"https:\/\/gysfm.com.ar\/inicio\/el-pueblo-que-quedo-congelado-en-el-tiempo-tras-el-asedio-de-la-guerra-civil\/","title":{"rendered":"El pueblo que qued\u00f3 congelado en el tiempo tras el asedio de la Guerra Civil"},"content":{"rendered":"<p> <br \/>\n<\/p>\n<div>\n<p class=\"com-paragraph   --s\"><strong>\u201cPueblo Viejo de Belchite, ya no te rondan zagales, ya no se oir\u00e1n las jotas que cantaban nuestros padres\u201d<\/strong>. Natalio Baquero naci\u00f3 en <strong>Belchite<\/strong> cuando la artiller\u00eda arrasaba este pueblo aragon\u00e9s en plena guerra civil espa\u00f1ola. Su madre tuvo que refugiarse para dar a luz en una cueva, la del t\u00edo Joaqu\u00edn, porque su casa hab\u00eda sido destruida por las bombas.<\/p>\n<p class=\"com-paragraph   --s\">A\u00f1os despu\u00e9s, un d\u00eda que Natalio descansaba a la sombra de las ruinas de la iglesia de San Mart\u00edn de Tours, despu\u00e9s de recoger albahaca y otras hierbas para pon\u00e9rselas al santo, el joven se vio invadido por la nostalgia de una \u00e9poca que nunca lleg\u00f3 a conocer y de un pueblo que la guerra le arrebat\u00f3 apenas nacer.<\/p>\n<p class=\"com-paragraph   --s\">All\u00ed mismo, con un trozo de yeso y electrizado por la inspiraci\u00f3n, escribi\u00f3 en las puertas de lo que quedaba del templo la famosa coplilla que recoge la memoria de Belchite, unos sencillos versos que encapsulan el horror de una guerra. Belchite fue escenario de <strong>uno de los asedios m\u00e1s sangrientos de la guerra civil espa\u00f1ola<\/strong>, que devast\u00f3 el pa\u00eds entre 1936 y 1939. Unas <strong>5000 personas murieron en apenas dos semanas<\/strong> cuando las tropas leales al gobierno de la Rep\u00fablica rodearon este pueblo aragon\u00e9s y se desat\u00f3 una violenta batalla que asol\u00f3 la localidad.<\/p>\n<p class=\"com-paragraph   --s\">Como una <strong>Pompeya ib\u00e9rica<\/strong>, sus ruinas permanecieron congeladas en ese momento tr\u00e1gico de la historia de Espa\u00f1a por deseo del dictador <strong>Francisco Franco<\/strong>, que quiso que quedaran como s\u00edmbolo de la brutalidad de la guerra. Muchos de los casi 4000 vecinos que ten\u00eda Belchite, un pueblo pr\u00f3spero y con una vibrante vida local antes de la guerra, huyeron a otras localidades.<\/p>\n<p class=\"com-paragraph   --s\">Los vecinos que a\u00fan malviv\u00edan entre los cascotes fueron<strong> trasladados a un nuevo Belchite que Franco orden\u00f3 construir junto al devastado<\/strong>, y que se levant\u00f3 con mano de obra de presos republicanos y brigadistas que fueron alojados en un campo de concentraci\u00f3n que llamaron \u201cla peque\u00f1a Rusia\u201d. Los \u00faltimos vecinos abandonaron el Pueblo Viejo en 1964.<\/p>\n<p class=\"com-paragraph   --s\">Hoy, despojadas del barniz propagand\u00edstico que el \u201cgeneral\u00edsimo\u201d quiso dar a Belchite \u201ccomo basti\u00f3n que aguant\u00f3 la furia rojocomunista\u201d, las ruinas del Pueblo Viejo se convirtieron en un lugar de memoria \u201cque representa lo que fue una guerra civil, una guerra entre hermanos, entre padres e hijos\u201d, explica a <em>BBC Mundo<\/em> <strong>Carmelo P\u00e9rez, alcalde de Belchite<\/strong>.<\/p>\n<p class=\"com-paragraph   --s\">Miles de curiosos visitan cada a\u00f1o sus restos &#8211; en 2024 fueron <strong>38.000<\/strong>-, que se convirtieron tambi\u00e9n en escenario de pel\u00edculas como \u201cEl laberinto del Fauno\u201d, de Guillermo del Toro, \u201cLas aventuras del bar\u00f3n Munchausen\u201d, de Terry Gillian o el taquillazo de Marvel \u201cSpider Man: lejos de casa\u201d. <strong>Pero su deterioro es constante<\/strong>.<\/p>\n<div class=\"content-media\">\n<section role=\"button\" class=\"mod-media   \">\n<figure role=\"button\" class=\"mod-figure \"><figcaption class=\"mod-figcaption\"><span class=\"com-text --caption --twoxs\">La coplilla de Natalio Baquero recibe a los visitantes de Belchite.<\/span><span class=\"com-text --credit --twoxs\">CESAR MANSO\/AFP via Getty Images<\/span><\/figcaption><\/figure>\n<\/section>\n<\/div>\n<p class=\"com-paragraph   --s\">Apenas <strong>queda el 15% de su trazado original <\/strong>y, aunque fue declarado Bien de Inter\u00e9s Cultural en 2002, las inclemencias meteorol\u00f3gicas y el paso del tiempo hacen mella en los esqueletos de lo que fue una rica arquitectura barroca y mud\u00e9jar. Entre ellos est\u00e1n las ruinas de la imponente iglesia de San Mart\u00edn de Tours, del siglo XIV, o la Torre del Reloj, bellas muestras del arte mud\u00e9jar, t\u00edpico de esta regi\u00f3n y que fusiona elementos cristianos con t\u00e9cnicas del arte isl\u00e1mico.<\/p>\n<p class=\"com-paragraph   --s\">La calle Mayor, por la que ya no rondan los zagales que recordaba Natalio Baquero, fallecido en 2021, lleva a los visitantes desde el Arco de la Villa al de la Capilla de San Roque, ambos barrocos. Algunos puntos fueron restaurados.<strong> La mayor\u00eda aguarda, impotente, la degradaci\u00f3n del tiempo<\/strong>.<\/p>\n<p class=\"com-paragraph   --s\">El Pueblo Viejo de Belchite fue incluido este a\u00f1o en la<strong> lista de monumentos en peligro del <\/strong><em><strong>World Monuments Fund<\/strong><\/em> (WMF), una organizaci\u00f3n con sede en Nueva York que ayuda a captar fondos para preservar patrimonio hist\u00f3rico y cultural en peligro. En la misma lista fueron incluidos, por ejemplo, el trazado hist\u00f3rico de la ciudad de Gaza o la Casa del Maestro de Kyiv.<\/p>\n<p class=\"com-paragraph   --s\">La <strong>guerra civil espa\u00f1ola estall\u00f3 el 17 de julio de 1936<\/strong>, cuando un grupo de militares se sublev\u00f3 en la guarnici\u00f3n militar de la ciudad de Melilla contra el gobierno de la Segunda Rep\u00fablica, y el levantamiento se extendi\u00f3 al d\u00eda siguiente a otros cuarteles en la pen\u00ednsula. Este golpe de Estado fallido deriv\u00f3 en una <strong>guerra abierta<\/strong>.<\/p>\n<div class=\"content-media\">\n<section role=\"button\" class=\"mod-media   \">\n<figure role=\"button\" class=\"mod-figure \"><figcaption class=\"mod-figcaption\"><span class=\"com-text --caption --twoxs\">Franco cont\u00f3 con el apoyo de la Alemania nazi.<\/span><span class=\"com-text --credit --twoxs\">Getty Images<\/span><\/figcaption><\/figure>\n<\/section>\n<\/div>\n<p class=\"com-paragraph   --s\"><strong>Apoyados por la Alemania nazi y por la Italia fascista<\/strong>, los militares sublevados libraron una guerra contra las tropas leales al gobierno del Frente Popular, una coalici\u00f3n de izquierdas que hab\u00eda sido elegida democr\u00e1ticamente y que tuvieron durante la contienda un apoyo limitado de la Uni\u00f3n Sovi\u00e9tica y de las brigadas internacionales.<\/p>\n<p class=\"com-paragraph   --s\">El conflicto<strong> se extendi\u00f3 durante tres a\u00f1os<\/strong> hasta finalizar en 1939 con la victoria del general Francisco Franco, que impuso una dictadura hasta su muerte, de la que en noviembre se cumplen 50 a\u00f1os. Se calcula que la contienda y la represi\u00f3n en ambos bandos dejaron <strong>m\u00e1s de 500.000 muertos<\/strong>.<\/p>\n<p class=\"com-paragraph   --s\">La guerra fue extremadamente sangrienta y dej\u00f3 profundas divisiones en la sociedad espa\u00f1ola que vio c\u00f3mo, de un d\u00eda para otro, desacuerdos pol\u00edticos o viejas rencillas entre vecinos se convert\u00edan en trincheras. Pueblos y ciudades iban cambiando de bando seg\u00fan avanzaran unas tropas u otras, multiplic\u00e1ndose las venganzas cada vez que una nueva autoridad tomaba las riendas.<\/p>\n<p class=\"com-paragraph   --s\">Belchite, que cambi\u00f3 tres veces de manos durante la guerra, qued\u00f3 en la memoria por la cruenta batalla que el pueblo vivi\u00f3 en el verano de 1937. \u201cFueron<strong> 14 d\u00edas de asedio<\/strong> que, a finales de agosto, con los calores del verano y esta tierra tan \u00e1rida, uno puede imaginarse el sufrimiento que padeci\u00f3 la poblaci\u00f3n, sobre todo la civil. Porque en Belchite, como en toda Espa\u00f1a, quienes sufrieron m\u00e1s la guerra fueron los civiles\u201d, cuenta su alcalde.<\/p>\n<p class=\"com-paragraph   --s\">Aquel verano el ej\u00e9rcito republicano lanz\u00f3 una operaci\u00f3n para <strong>tomar Zaragoza<\/strong>, que estaba en manos del bando sublevado -tambi\u00e9n conocido como nacional-, y desviar as\u00ed la presi\u00f3n del frente norte, donde las tropas de Franco avanzaban. <strong>Clave para alcanzar Zaragoza era Belchite<\/strong>, que se encuentra a unos 40 kil\u00f3metros al sur de la capital aragonesa. El frente se hab\u00eda estabilizado cerca del pueblo.<\/p>\n<p class=\"com-paragraph   --s\">Carmelo P\u00e9rez recuerda las historias que contaba su abuela de c\u00f3mo, en la nochevieja de 1936, las 12 campanadas que dieron paso al nuevo a\u00f1o fueron 12 ca\u00f1onazos de las tropas republicanas que estaban situadas en el Moj\u00f3n del Lobo, una colina a las afueras del pueblo.<\/p>\n<p class=\"com-paragraph   --s\">Las tropas leales al gobierno democr\u00e1tico se fueron acercando y, del 24 de agosto al 6 de septiembre, se desat\u00f3 sobre el pueblo <strong>uno de los combates m\u00e1s intensos de la guerra<\/strong>. La cifra de fallecidos de aquellos aciagos d\u00edas no est\u00e1 clara, y los historiadores la sit\u00faan <strong>entre 4000 y 5000 contando militares y civiles<\/strong>. \u201cNadie sabe la cifra exacta\u201d, reconoce P\u00e9rez, que tambi\u00e9n preside la Fundaci\u00f3n Pueblo Viejo de Belchite, dedicada a la conservaci\u00f3n y promoci\u00f3n tur\u00edstica de las ruinas. \u201cFueron d\u00edas convulsos, no se hac\u00edan recuentos\u201d, se\u00f1ala.<\/p>\n<p class=\"com-paragraph   --s\">El trujal del pueblo, un antiguo molino de aceite, se utiliz\u00f3 como <strong>fosa com\u00fan improvisada durante los combates<\/strong>, llegando a albergar decenas de cuerpos de un bando y otro, que fueron cubiertos con cal viva para evitar la propagaci\u00f3n de enfermedades.<\/p>\n<p class=\"com-paragraph   --s\">Cuando las tropas republicanas tomaron finalmente el pueblo, \u201cen la plaza Nueva, donde est\u00e1 la cruz, quemaron tambi\u00e9n un mont\u00f3n de cuerpos, por lo que es muy dif\u00edcil conocer la cifra exacta de fallecidos\u201d, se\u00f1ala Carmelo P\u00e9rez. En el cementerio, algunas l\u00e1pidas dejan constancia de la represi\u00f3n que sigui\u00f3 la toma del pueblo. \u201cAsesinada por los rojos\u201d, dice una l\u00e1pida fechada en 1937. \u201cAsesinado por los enemigos de Dios y de Espa\u00f1a\u201d, se lee en otra.<\/p>\n<p class=\"com-paragraph   --s\">Uno de los primeros periodistas internacionales que visitaron las ruinas a\u00fan humeantes de Belchite fue el novelista y reportero <strong>Ernest Hemingway<\/strong>.<\/p>\n<div class=\"content-media\">\n<section role=\"button\" class=\"mod-media   \">\n<figure role=\"button\" class=\"mod-figure \"><figcaption class=\"mod-figcaption\"><span class=\"com-text --caption --twoxs\">Heminway en Belchite.<\/span><span class=\"com-text --credit --twoxs\">Colecci\u00f3n Hulton-Deutsch\/Corbis via Getty Images<\/span><\/figcaption><\/figure>\n<\/section>\n<\/div>\n<p class=\"com-paragraph   --s\">El autor de \u201cPor quien doblan las campanas\u201d, libro basado en su experiencia en la guerra civil espa\u00f1ola, relat\u00f3 en sus cr\u00f3nicas c\u00f3mo los soldados republicanos \u201clucharon de casa en casa, de habitaci\u00f3n en habitaci\u00f3n, rompiendo paredes con piquetas, abri\u00e9ndose paso a bombazos mientras intercambiaban disparos con los fascistas en retirada desde esquinas, ventanas, tejados y agujeros en las paredes\u201d.<\/p>\n<p class=\"com-paragraph   --s\">Todo fue en vano. Aunque el ej\u00e9rcito republicano logr\u00f3 tomar Belchite, <strong>sus tropas no consiguieron avanzar hacia Zaragoza ni lograr sus objetivos estrat\u00e9gicos<\/strong>. Acabada la guerra, Franco decidi\u00f3 que las ruinas se mantuvieran como <strong>s\u00edmbolo de la barbarie<\/strong>. El trujal, donde yac\u00edan v\u00edctimas de distintos bandos y nacionalidades, qued\u00f3 convertido en un monumento a la memoria de los ca\u00eddos en el bando nacional.<\/p>\n<p class=\"com-paragraph   --s\">Pero el horror de Belchite no se circunscribi\u00f3 a aquellas dos semanas de verano. La muerte rond\u00f3 el pueblo desde los primeros d\u00edas de la guerra.<\/p>\n<div class=\"content-media\">\n<section role=\"button\" class=\"mod-media   \">\n<figure role=\"button\" class=\"mod-figure \"><figcaption class=\"mod-figcaption\"><span class=\"com-text --caption --twoxs\">La calle Mayor de Belchite.<\/span><span class=\"com-text --credit --twoxs\">GERARD JULIEN\/AFP via Getty Images<\/span><\/figcaption><\/figure>\n<\/section>\n<\/div>\n<p class=\"com-paragraph   --s\">La sublevaci\u00f3n militar triunf\u00f3 en la comarca de Belchite donde, desde el 18 de julio de 1936, militares y guardias civiles leales al \u201cAlzamiento Nacional\u201d, como los rebeldes denominaron al golpe de Estado, fueron pueblo por pueblo <strong>arrestando a los alcaldes<\/strong>, <strong>concejales y simpatizantes del Frente Popular<\/strong>.<\/p>\n<p class=\"com-paragraph   --s\">A los uniformados se unieron las milicias de la Falange Espa\u00f1ola, el movimiento pol\u00edtico de ideolog\u00eda fascista fundado por Jos\u00e9 Antonio Primo de Rivera en 1933, que posteriormente dio una arquitectura ideol\u00f3gica a la dictadura franquista.<\/p>\n<p class=\"com-paragraph   --s\">Entre los detenidos estuvo Mariano Castillo, el alcalde socialista de Belchite, arrestado junto con otros vecinos a los pocos d\u00edas del alzamiento militar. <strong>Castillo se suicid\u00f3 en prisi\u00f3n el 31 de julio<\/strong>, pero muchos de los otros detenidos acabaron fusilados en fosas comunes. Las ruinas del Pueblo Viejo de Belchite quedaron como <strong>muestra del terror de la guerra<\/strong>.<\/p>\n<p class=\"com-paragraph   --s\">\u201cPero hubo una parte de la historia, la de la represi\u00f3n que hubo desde el momento del alzamiento, que fue silenciada durante mucho tiempo, y de la que apenas hab\u00eda constancia\u201d, explica a <em>BBC Mundo<\/em> Gonzalo Garc\u00eda, fundador de la empresa de arqueolog\u00eda y tecnolog\u00eda Arquesia, que trabaj\u00f3 en las excavaciones de las fosas comunes que se descubrieron en el cementerio del pueblo.<\/p>\n<div class=\"content-media\">\n<section role=\"button\" class=\"mod-media   \">\n<figure role=\"button\" class=\"mod-figure \"><figcaption class=\"mod-figcaption\"><span class=\"com-text --caption --twoxs\">Hasta el momento se recuperaron m\u00e1s de 100 cuerpos de las fosas comunes de Belchite.<\/span><span class=\"com-text --credit --twoxs\">Juan Carlos Lucas\/NurPhoto via Getty Images<\/span><\/figcaption><\/figure>\n<\/section>\n<\/div>\n<p class=\"com-paragraph   --s\">El silencio impuesto por cuatro d\u00e9cadas de dictadura <strong>no logr\u00f3, sin embargo, acallar la memoria<\/strong>. \u201cHab\u00eda algunas fuentes orales que dec\u00edan que hab\u00edan escuchado algo de sus abuelos, y a\u00fan hab\u00eda alguna persona mayor que iba a la zona de la fosa com\u00fan a dejar alguna flor\u201d, se\u00f1ala el arque\u00f3logo.<\/p>\n<p class=\"com-paragraph   --s\">Con estos indicios y alg\u00fan estudio hist\u00f3rico previo, un equipo de arque\u00f3logos, organizado en torno a la Asociaci\u00f3n para la recuperaci\u00f3n de la memoria democr\u00e1tica Mariano Castillo, inici\u00f3 una <strong>serie de sondeos en las zonas del cementerio donde se sospechaba que pod\u00eda haber restos<\/strong>. Lo que encontraron fue \u201cun escenario dantesco\u201d, recuerda Garc\u00eda, quien codirigi\u00f3 la excavaci\u00f3n.<\/p>\n<div class=\"content-media\">\n<section role=\"button\" class=\"mod-media   \">\n<figure role=\"button\" class=\"mod-figure \"><figcaption class=\"mod-figcaption\"><span class=\"com-text --caption --twoxs\">Los cuerpos de las fosas comunes de Belchite hab\u00edan sido arrojados a las fosas con desprecio, asegura el arque\u00f3logo Gonzalo Garc\u00eda.<\/span><span class=\"com-text --credit --twoxs\">Jorge Sanz\/SOPA Images\/LightRocket via Getty Images<\/span><\/figcaption><\/figure>\n<\/section>\n<\/div>\n<p class=\"com-paragraph   --s\">\u201cHab\u00eda cuerpos atados de pies y manos, arrojados con todo el desprecio a la fosa, con una falta de respeto absoluta, ya no solo en la vida sino tambi\u00e9n en la muerte\u201d, describe el arque\u00f3logo.<\/p>\n<p class=\"com-paragraph   --s\">Solo en la campa\u00f1a de 2021-2022, <strong>los arque\u00f3logos encontraron 95 cuerpos<\/strong>, sobre todo hombres, \u201cpero tambi\u00e9n muchas mujeres\u201d, e incluso algunos menores. La mayor\u00eda ten\u00eda <strong>orificios de bala<\/strong>, muchos de ellos tiros de gracia en la zona occipital del cr\u00e1neo, donde \u201cla \u00fanica manera de llegar ah\u00ed con una bala es poni\u00e9ndole una pistola a uno directamente en ese sitio, una crueldad\u201d.<\/p>\n<p class=\"com-paragraph   --s\">El reto ahora es <strong>encontrar a posibles familiares para que puedan dar una sepultura digna a los represaliados<\/strong>. \u201cHay una historia que sigue estando bajo nuestra tierra, bajo nuestras piedras o enterrada en cunetas\u201d, se\u00f1ala el arque\u00f3logo, \u201cy mediante criterio cient\u00edfico arqueol\u00f3gico tratamos de devolver la voz a aquella gente que de manera tan injusta fue asesinada\u201d.<\/p>\n<p class=\"com-paragraph   --s\"><em>Por Paula Rosas<\/em><\/p>\n<section class=\"container-center-100 mb-40 border border-bottom border-thin border-neutral-light-700\">\n<hr\/>\n<\/section>\n<\/div>\n\n","protected":false},"excerpt":{"rendered":"<p>\u201cPueblo Viejo de Belchite, ya no te rondan zagales, ya no se oir\u00e1n las jotas que cantaban nuestros padres\u201d. Natalio Baquero naci\u00f3 en Belchite cuando la artiller\u00eda arrasaba este pueblo aragon\u00e9s en plena guerra civil espa\u00f1ola. Su madre tuvo que refugiarse para dar a luz en una cueva, la del t\u00edo Joaqu\u00edn, porque su casa [&hellip;]<\/p>\n","protected":false},"author":2,"featured_media":142920,"comment_status":"closed","ping_status":"closed","sticky":false,"template":"","format":"standard","meta":{"footnotes":""},"categories":[26],"tags":[],"class_list":["post-142919","post","type-post","status-publish","format-standard","has-post-thumbnail","hentry","category-internacionales"],"yoast_head":"<!-- This site is optimized with the Yoast SEO plugin v24.4 - https:\/\/yoast.com\/wordpress\/plugins\/seo\/ -->\n<title>El pueblo que qued\u00f3 congelado en el tiempo tras el asedio de la Guerra Civil - GYS NOTICIAS |<\/title>\n<meta name=\"robots\" content=\"index, follow, max-snippet:-1, max-image-preview:large, max-video-preview:-1\" \/>\n<link rel=\"canonical\" href=\"https:\/\/gysfm.com.ar\/inicio\/el-pueblo-que-quedo-congelado-en-el-tiempo-tras-el-asedio-de-la-guerra-civil\/\" \/>\n<meta property=\"og:locale\" content=\"es_ES\" \/>\n<meta property=\"og:type\" content=\"article\" \/>\n<meta property=\"og:title\" content=\"El pueblo que qued\u00f3 congelado en el tiempo tras el asedio de la Guerra Civil - GYS NOTICIAS |\" \/>\n<meta property=\"og:description\" content=\"\u201cPueblo Viejo de Belchite, ya no te rondan zagales, ya no se oir\u00e1n las jotas que cantaban nuestros padres\u201d. Natalio Baquero naci\u00f3 en Belchite cuando la artiller\u00eda arrasaba este pueblo aragon\u00e9s en plena guerra civil espa\u00f1ola. Su madre tuvo que refugiarse para dar a luz en una cueva, la del t\u00edo Joaqu\u00edn, porque su casa [&hellip;]\" \/>\n<meta property=\"og:url\" content=\"https:\/\/gysfm.com.ar\/inicio\/el-pueblo-que-quedo-congelado-en-el-tiempo-tras-el-asedio-de-la-guerra-civil\/\" \/>\n<meta property=\"og:site_name\" content=\"GYS NOTICIAS |\" \/>\n<meta property=\"article:published_time\" content=\"2025-08-10T13:27:11+00:00\" \/>\n<meta property=\"article:modified_time\" content=\"2025-08-10T13:27:12+00:00\" \/>\n<meta property=\"og:image\" content=\"https:\/\/gysfm.com.ar\/inicio\/wp-content\/uploads\/2025\/08\/belchite-quedo-congelado-en-el-M3LCEBKHBVFCLOXFJ45N2GAZSA.jpg\" \/>\n\t<meta property=\"og:image:width\" content=\"1200\" \/>\n\t<meta property=\"og:image:height\" content=\"798\" \/>\n\t<meta property=\"og:image:type\" content=\"image\/jpeg\" \/>\n<meta name=\"author\" content=\"Prensa G&amp;S FM\" \/>\n<meta name=\"twitter:card\" content=\"summary_large_image\" \/>\n<meta name=\"twitter:label1\" content=\"Escrito por\" \/>\n\t<meta name=\"twitter:data1\" content=\"Prensa G&amp;S FM\" \/>\n\t<meta name=\"twitter:label2\" content=\"Tiempo de lectura\" \/>\n\t<meta name=\"twitter:data2\" content=\"11 minutos\" \/>\n<script type=\"application\/ld+json\" class=\"yoast-schema-graph\">{\"@context\":\"https:\/\/schema.org\",\"@graph\":[{\"@type\":\"Article\",\"@id\":\"https:\/\/gysfm.com.ar\/inicio\/el-pueblo-que-quedo-congelado-en-el-tiempo-tras-el-asedio-de-la-guerra-civil\/#article\",\"isPartOf\":{\"@id\":\"https:\/\/gysfm.com.ar\/inicio\/el-pueblo-que-quedo-congelado-en-el-tiempo-tras-el-asedio-de-la-guerra-civil\/\"},\"author\":{\"name\":\"Prensa G&amp;S FM\",\"@id\":\"https:\/\/gysfm.com.ar\/inicio\/#\/schema\/person\/3abba7593ef2ad19e1be221d54383dc5\"},\"headline\":\"El pueblo que qued\u00f3 congelado en el tiempo tras el asedio de la Guerra Civil\",\"datePublished\":\"2025-08-10T13:27:11+00:00\",\"dateModified\":\"2025-08-10T13:27:12+00:00\",\"mainEntityOfPage\":{\"@id\":\"https:\/\/gysfm.com.ar\/inicio\/el-pueblo-que-quedo-congelado-en-el-tiempo-tras-el-asedio-de-la-guerra-civil\/\"},\"wordCount\":2147,\"publisher\":{\"@id\":\"https:\/\/gysfm.com.ar\/inicio\/#organization\"},\"image\":{\"@id\":\"https:\/\/gysfm.com.ar\/inicio\/el-pueblo-que-quedo-congelado-en-el-tiempo-tras-el-asedio-de-la-guerra-civil\/#primaryimage\"},\"thumbnailUrl\":\"https:\/\/gysfm.com.ar\/inicio\/wp-content\/uploads\/2025\/08\/belchite-quedo-congelado-en-el-M3LCEBKHBVFCLOXFJ45N2GAZSA.jpg\",\"articleSection\":[\"INTERNACIONALES\"],\"inLanguage\":\"es\"},{\"@type\":\"WebPage\",\"@id\":\"https:\/\/gysfm.com.ar\/inicio\/el-pueblo-que-quedo-congelado-en-el-tiempo-tras-el-asedio-de-la-guerra-civil\/\",\"url\":\"https:\/\/gysfm.com.ar\/inicio\/el-pueblo-que-quedo-congelado-en-el-tiempo-tras-el-asedio-de-la-guerra-civil\/\",\"name\":\"El pueblo que qued\u00f3 congelado en el tiempo tras el asedio de la Guerra Civil - GYS NOTICIAS |\",\"isPartOf\":{\"@id\":\"https:\/\/gysfm.com.ar\/inicio\/#website\"},\"primaryImageOfPage\":{\"@id\":\"https:\/\/gysfm.com.ar\/inicio\/el-pueblo-que-quedo-congelado-en-el-tiempo-tras-el-asedio-de-la-guerra-civil\/#primaryimage\"},\"image\":{\"@id\":\"https:\/\/gysfm.com.ar\/inicio\/el-pueblo-que-quedo-congelado-en-el-tiempo-tras-el-asedio-de-la-guerra-civil\/#primaryimage\"},\"thumbnailUrl\":\"https:\/\/gysfm.com.ar\/inicio\/wp-content\/uploads\/2025\/08\/belchite-quedo-congelado-en-el-M3LCEBKHBVFCLOXFJ45N2GAZSA.jpg\",\"datePublished\":\"2025-08-10T13:27:11+00:00\",\"dateModified\":\"2025-08-10T13:27:12+00:00\",\"breadcrumb\":{\"@id\":\"https:\/\/gysfm.com.ar\/inicio\/el-pueblo-que-quedo-congelado-en-el-tiempo-tras-el-asedio-de-la-guerra-civil\/#breadcrumb\"},\"inLanguage\":\"es\",\"potentialAction\":[{\"@type\":\"ReadAction\",\"target\":[\"https:\/\/gysfm.com.ar\/inicio\/el-pueblo-que-quedo-congelado-en-el-tiempo-tras-el-asedio-de-la-guerra-civil\/\"]}]},{\"@type\":\"ImageObject\",\"inLanguage\":\"es\",\"@id\":\"https:\/\/gysfm.com.ar\/inicio\/el-pueblo-que-quedo-congelado-en-el-tiempo-tras-el-asedio-de-la-guerra-civil\/#primaryimage\",\"url\":\"https:\/\/gysfm.com.ar\/inicio\/wp-content\/uploads\/2025\/08\/belchite-quedo-congelado-en-el-M3LCEBKHBVFCLOXFJ45N2GAZSA.jpg\",\"contentUrl\":\"https:\/\/gysfm.com.ar\/inicio\/wp-content\/uploads\/2025\/08\/belchite-quedo-congelado-en-el-M3LCEBKHBVFCLOXFJ45N2GAZSA.jpg\",\"width\":1200,\"height\":798},{\"@type\":\"BreadcrumbList\",\"@id\":\"https:\/\/gysfm.com.ar\/inicio\/el-pueblo-que-quedo-congelado-en-el-tiempo-tras-el-asedio-de-la-guerra-civil\/#breadcrumb\",\"itemListElement\":[{\"@type\":\"ListItem\",\"position\":1,\"name\":\"Portada\",\"item\":\"https:\/\/gysfm.com.ar\/inicio\/\"},{\"@type\":\"ListItem\",\"position\":2,\"name\":\"El pueblo que qued\u00f3 congelado en el tiempo tras el asedio de la Guerra Civil\"}]},{\"@type\":\"WebSite\",\"@id\":\"https:\/\/gysfm.com.ar\/inicio\/#website\",\"url\":\"https:\/\/gysfm.com.ar\/inicio\/\",\"name\":\"GYS NOTICIAS |\",\"description\":\"DIARIO - RADIO ONLINE SAN JUAN ARGENTINA\",\"publisher\":{\"@id\":\"https:\/\/gysfm.com.ar\/inicio\/#organization\"},\"potentialAction\":[{\"@type\":\"SearchAction\",\"target\":{\"@type\":\"EntryPoint\",\"urlTemplate\":\"https:\/\/gysfm.com.ar\/inicio\/?s={search_term_string}\"},\"query-input\":{\"@type\":\"PropertyValueSpecification\",\"valueRequired\":true,\"valueName\":\"search_term_string\"}}],\"inLanguage\":\"es\"},{\"@type\":\"Organization\",\"@id\":\"https:\/\/gysfm.com.ar\/inicio\/#organization\",\"name\":\"GYS NOTICIAS |\",\"url\":\"https:\/\/gysfm.com.ar\/inicio\/\",\"logo\":{\"@type\":\"ImageObject\",\"inLanguage\":\"es\",\"@id\":\"https:\/\/gysfm.com.ar\/inicio\/#\/schema\/logo\/image\/\",\"url\":\"https:\/\/gysfm.com.ar\/inicio\/wp-content\/uploads\/2023\/07\/LOGOGYS-OK.png\",\"contentUrl\":\"https:\/\/gysfm.com.ar\/inicio\/wp-content\/uploads\/2023\/07\/LOGOGYS-OK.png\",\"width\":1170,\"height\":872,\"caption\":\"GYS NOTICIAS |\"},\"image\":{\"@id\":\"https:\/\/gysfm.com.ar\/inicio\/#\/schema\/logo\/image\/\"}},{\"@type\":\"Person\",\"@id\":\"https:\/\/gysfm.com.ar\/inicio\/#\/schema\/person\/3abba7593ef2ad19e1be221d54383dc5\",\"name\":\"Prensa G&amp;S FM\",\"image\":{\"@type\":\"ImageObject\",\"inLanguage\":\"es\",\"@id\":\"https:\/\/gysfm.com.ar\/inicio\/#\/schema\/person\/image\/\",\"url\":\"https:\/\/secure.gravatar.com\/avatar\/096ec78df02049ab018702bb4ccedf659377fa92a26540b5247612077a0dbd29?s=96&d=mm&r=g\",\"contentUrl\":\"https:\/\/secure.gravatar.com\/avatar\/096ec78df02049ab018702bb4ccedf659377fa92a26540b5247612077a0dbd29?s=96&d=mm&r=g\",\"caption\":\"Prensa G&amp;S FM\"},\"sameAs\":[\"https:\/\/gysfm.com.ar\/\"],\"url\":\"https:\/\/gysfm.com.ar\/inicio\/author\/lucasm\/\"}]}<\/script>\n<!-- \/ Yoast SEO plugin. -->","yoast_head_json":{"title":"El pueblo que qued\u00f3 congelado en el tiempo tras el asedio de la Guerra Civil - GYS NOTICIAS |","robots":{"index":"index","follow":"follow","max-snippet":"max-snippet:-1","max-image-preview":"max-image-preview:large","max-video-preview":"max-video-preview:-1"},"canonical":"https:\/\/gysfm.com.ar\/inicio\/el-pueblo-que-quedo-congelado-en-el-tiempo-tras-el-asedio-de-la-guerra-civil\/","og_locale":"es_ES","og_type":"article","og_title":"El pueblo que qued\u00f3 congelado en el tiempo tras el asedio de la Guerra Civil - GYS NOTICIAS |","og_description":"\u201cPueblo Viejo de Belchite, ya no te rondan zagales, ya no se oir\u00e1n las jotas que cantaban nuestros padres\u201d. Natalio Baquero naci\u00f3 en Belchite cuando la artiller\u00eda arrasaba este pueblo aragon\u00e9s en plena guerra civil espa\u00f1ola. Su madre tuvo que refugiarse para dar a luz en una cueva, la del t\u00edo Joaqu\u00edn, porque su casa [&hellip;]","og_url":"https:\/\/gysfm.com.ar\/inicio\/el-pueblo-que-quedo-congelado-en-el-tiempo-tras-el-asedio-de-la-guerra-civil\/","og_site_name":"GYS NOTICIAS |","article_published_time":"2025-08-10T13:27:11+00:00","article_modified_time":"2025-08-10T13:27:12+00:00","og_image":[{"width":1200,"height":798,"url":"https:\/\/gysfm.com.ar\/inicio\/wp-content\/uploads\/2025\/08\/belchite-quedo-congelado-en-el-M3LCEBKHBVFCLOXFJ45N2GAZSA.jpg","type":"image\/jpeg"}],"author":"Prensa G&amp;S FM","twitter_card":"summary_large_image","twitter_misc":{"Escrito por":"Prensa G&amp;S FM","Tiempo de lectura":"11 minutos"},"schema":{"@context":"https:\/\/schema.org","@graph":[{"@type":"Article","@id":"https:\/\/gysfm.com.ar\/inicio\/el-pueblo-que-quedo-congelado-en-el-tiempo-tras-el-asedio-de-la-guerra-civil\/#article","isPartOf":{"@id":"https:\/\/gysfm.com.ar\/inicio\/el-pueblo-que-quedo-congelado-en-el-tiempo-tras-el-asedio-de-la-guerra-civil\/"},"author":{"name":"Prensa G&amp;S FM","@id":"https:\/\/gysfm.com.ar\/inicio\/#\/schema\/person\/3abba7593ef2ad19e1be221d54383dc5"},"headline":"El pueblo que qued\u00f3 congelado en el tiempo tras el asedio de la Guerra Civil","datePublished":"2025-08-10T13:27:11+00:00","dateModified":"2025-08-10T13:27:12+00:00","mainEntityOfPage":{"@id":"https:\/\/gysfm.com.ar\/inicio\/el-pueblo-que-quedo-congelado-en-el-tiempo-tras-el-asedio-de-la-guerra-civil\/"},"wordCount":2147,"publisher":{"@id":"https:\/\/gysfm.com.ar\/inicio\/#organization"},"image":{"@id":"https:\/\/gysfm.com.ar\/inicio\/el-pueblo-que-quedo-congelado-en-el-tiempo-tras-el-asedio-de-la-guerra-civil\/#primaryimage"},"thumbnailUrl":"https:\/\/gysfm.com.ar\/inicio\/wp-content\/uploads\/2025\/08\/belchite-quedo-congelado-en-el-M3LCEBKHBVFCLOXFJ45N2GAZSA.jpg","articleSection":["INTERNACIONALES"],"inLanguage":"es"},{"@type":"WebPage","@id":"https:\/\/gysfm.com.ar\/inicio\/el-pueblo-que-quedo-congelado-en-el-tiempo-tras-el-asedio-de-la-guerra-civil\/","url":"https:\/\/gysfm.com.ar\/inicio\/el-pueblo-que-quedo-congelado-en-el-tiempo-tras-el-asedio-de-la-guerra-civil\/","name":"El pueblo que qued\u00f3 congelado en el tiempo tras el asedio de la Guerra Civil - GYS NOTICIAS |","isPartOf":{"@id":"https:\/\/gysfm.com.ar\/inicio\/#website"},"primaryImageOfPage":{"@id":"https:\/\/gysfm.com.ar\/inicio\/el-pueblo-que-quedo-congelado-en-el-tiempo-tras-el-asedio-de-la-guerra-civil\/#primaryimage"},"image":{"@id":"https:\/\/gysfm.com.ar\/inicio\/el-pueblo-que-quedo-congelado-en-el-tiempo-tras-el-asedio-de-la-guerra-civil\/#primaryimage"},"thumbnailUrl":"https:\/\/gysfm.com.ar\/inicio\/wp-content\/uploads\/2025\/08\/belchite-quedo-congelado-en-el-M3LCEBKHBVFCLOXFJ45N2GAZSA.jpg","datePublished":"2025-08-10T13:27:11+00:00","dateModified":"2025-08-10T13:27:12+00:00","breadcrumb":{"@id":"https:\/\/gysfm.com.ar\/inicio\/el-pueblo-que-quedo-congelado-en-el-tiempo-tras-el-asedio-de-la-guerra-civil\/#breadcrumb"},"inLanguage":"es","potentialAction":[{"@type":"ReadAction","target":["https:\/\/gysfm.com.ar\/inicio\/el-pueblo-que-quedo-congelado-en-el-tiempo-tras-el-asedio-de-la-guerra-civil\/"]}]},{"@type":"ImageObject","inLanguage":"es","@id":"https:\/\/gysfm.com.ar\/inicio\/el-pueblo-que-quedo-congelado-en-el-tiempo-tras-el-asedio-de-la-guerra-civil\/#primaryimage","url":"https:\/\/gysfm.com.ar\/inicio\/wp-content\/uploads\/2025\/08\/belchite-quedo-congelado-en-el-M3LCEBKHBVFCLOXFJ45N2GAZSA.jpg","contentUrl":"https:\/\/gysfm.com.ar\/inicio\/wp-content\/uploads\/2025\/08\/belchite-quedo-congelado-en-el-M3LCEBKHBVFCLOXFJ45N2GAZSA.jpg","width":1200,"height":798},{"@type":"BreadcrumbList","@id":"https:\/\/gysfm.com.ar\/inicio\/el-pueblo-que-quedo-congelado-en-el-tiempo-tras-el-asedio-de-la-guerra-civil\/#breadcrumb","itemListElement":[{"@type":"ListItem","position":1,"name":"Portada","item":"https:\/\/gysfm.com.ar\/inicio\/"},{"@type":"ListItem","position":2,"name":"El pueblo que qued\u00f3 congelado en el tiempo tras el asedio de la Guerra Civil"}]},{"@type":"WebSite","@id":"https:\/\/gysfm.com.ar\/inicio\/#website","url":"https:\/\/gysfm.com.ar\/inicio\/","name":"GYS NOTICIAS |","description":"DIARIO - RADIO ONLINE SAN JUAN ARGENTINA","publisher":{"@id":"https:\/\/gysfm.com.ar\/inicio\/#organization"},"potentialAction":[{"@type":"SearchAction","target":{"@type":"EntryPoint","urlTemplate":"https:\/\/gysfm.com.ar\/inicio\/?s={search_term_string}"},"query-input":{"@type":"PropertyValueSpecification","valueRequired":true,"valueName":"search_term_string"}}],"inLanguage":"es"},{"@type":"Organization","@id":"https:\/\/gysfm.com.ar\/inicio\/#organization","name":"GYS NOTICIAS |","url":"https:\/\/gysfm.com.ar\/inicio\/","logo":{"@type":"ImageObject","inLanguage":"es","@id":"https:\/\/gysfm.com.ar\/inicio\/#\/schema\/logo\/image\/","url":"https:\/\/gysfm.com.ar\/inicio\/wp-content\/uploads\/2023\/07\/LOGOGYS-OK.png","contentUrl":"https:\/\/gysfm.com.ar\/inicio\/wp-content\/uploads\/2023\/07\/LOGOGYS-OK.png","width":1170,"height":872,"caption":"GYS NOTICIAS |"},"image":{"@id":"https:\/\/gysfm.com.ar\/inicio\/#\/schema\/logo\/image\/"}},{"@type":"Person","@id":"https:\/\/gysfm.com.ar\/inicio\/#\/schema\/person\/3abba7593ef2ad19e1be221d54383dc5","name":"Prensa G&amp;S FM","image":{"@type":"ImageObject","inLanguage":"es","@id":"https:\/\/gysfm.com.ar\/inicio\/#\/schema\/person\/image\/","url":"https:\/\/secure.gravatar.com\/avatar\/096ec78df02049ab018702bb4ccedf659377fa92a26540b5247612077a0dbd29?s=96&d=mm&r=g","contentUrl":"https:\/\/secure.gravatar.com\/avatar\/096ec78df02049ab018702bb4ccedf659377fa92a26540b5247612077a0dbd29?s=96&d=mm&r=g","caption":"Prensa G&amp;S FM"},"sameAs":["https:\/\/gysfm.com.ar\/"],"url":"https:\/\/gysfm.com.ar\/inicio\/author\/lucasm\/"}]}},"_links":{"self":[{"href":"https:\/\/gysfm.com.ar\/inicio\/wp-json\/wp\/v2\/posts\/142919","targetHints":{"allow":["GET"]}}],"collection":[{"href":"https:\/\/gysfm.com.ar\/inicio\/wp-json\/wp\/v2\/posts"}],"about":[{"href":"https:\/\/gysfm.com.ar\/inicio\/wp-json\/wp\/v2\/types\/post"}],"author":[{"embeddable":true,"href":"https:\/\/gysfm.com.ar\/inicio\/wp-json\/wp\/v2\/users\/2"}],"replies":[{"embeddable":true,"href":"https:\/\/gysfm.com.ar\/inicio\/wp-json\/wp\/v2\/comments?post=142919"}],"version-history":[{"count":1,"href":"https:\/\/gysfm.com.ar\/inicio\/wp-json\/wp\/v2\/posts\/142919\/revisions"}],"predecessor-version":[{"id":142921,"href":"https:\/\/gysfm.com.ar\/inicio\/wp-json\/wp\/v2\/posts\/142919\/revisions\/142921"}],"wp:featuredmedia":[{"embeddable":true,"href":"https:\/\/gysfm.com.ar\/inicio\/wp-json\/wp\/v2\/media\/142920"}],"wp:attachment":[{"href":"https:\/\/gysfm.com.ar\/inicio\/wp-json\/wp\/v2\/media?parent=142919"}],"wp:term":[{"taxonomy":"category","embeddable":true,"href":"https:\/\/gysfm.com.ar\/inicio\/wp-json\/wp\/v2\/categories?post=142919"},{"taxonomy":"post_tag","embeddable":true,"href":"https:\/\/gysfm.com.ar\/inicio\/wp-json\/wp\/v2\/tags?post=142919"}],"curies":[{"name":"wp","href":"https:\/\/api.w.org\/{rel}","templated":true}]}}