{"id":142917,"date":"2025-08-10T10:20:38","date_gmt":"2025-08-10T13:20:38","guid":{"rendered":"https:\/\/gysfm.com.ar\/inicio\/a-partir-de-que-milei-prometio-no-insultar-mas\/"},"modified":"2025-08-10T10:20:38","modified_gmt":"2025-08-10T13:20:38","slug":"a-partir-de-que-milei-prometio-no-insultar-mas","status":"publish","type":"post","link":"https:\/\/gysfm.com.ar\/inicio\/a-partir-de-que-milei-prometio-no-insultar-mas\/","title":{"rendered":"A partir de que Milei prometi\u00f3 no insultar m\u00e1s"},"content":{"rendered":"<p><\/p>\n<div id=\"article-content\">\n<p>Reflexiono sobre mi profesi\u00f3n. Sobre la relaci\u00f3n del periodismo con lo que pasa. Y sobre la relaci\u00f3n de lo que pasa con el periodismo. Los lectores de PERFIL conocen que la existencia de un presidente como Milei me interpela: \u00bfcu\u00e1nto tuvieron que ver los medios con que haya un presidente como Milei? \u00bfCu\u00e1nto tiene que ver Milei con que haya medios como los que hay?  <\/p>\n<p>Responsables de medios muy importantes que, habiendo sido insultados por Milei, sostuvieron y sostienen a periodistas que defienden a Milei acr\u00edticamente siendo pr\u00e1cticamente sus voceros, en 2010 estuvieron dispuestos a un periodismo m\u00e1s combativo por ofensas menores del programa 6, 7, 8 y otros integrantes del kirchnerismo.<\/p>\n<p>Me argumentan que volver\u00edan a votar por Milei como lo hicieron en el balotaje porque lo otro era una \u201cmafia organizada\u201d, que con las SIRA (permisos de importaci\u00f3n cuando era dif\u00edcil conseguirlos) Massa tendr\u00eda mil millones de d\u00f3lares escondidos, que el kirchnerismo es un r\u00e9gimen corrupto y el peronismo es responsable de la decadencia de Argentina.<\/p>\n<div class=\"subscription\">\n<p>\n        Esto no les gusta a los autoritarios\n    <\/p>\n<div class=\"subscription__container\">\n<div class=\"subscription__text-wrapper\">\n<p>\n                El ejercicio del periodismo profesional y cr\u00edtico es un pilar fundamental de la democracia. Por eso molesta a quienes creen ser los due\u00f1os de la verdad.\n            <\/p>\n<\/p><\/div><\/div>\n<\/div>\n<p>Coincido en pensar que N\u00e9stor Kirchner usufructuaba sus distintos cargos pol\u00edticos para tambi\u00e9n enriquecerse personalmente: era corrupto. Y adem\u00e1s bruto: L\u00e1zaro B\u00e1ez o L\u00f3pez con sus bolsos, adem\u00e1s de corrupci\u00f3n, demostraron un entorno incompetente incluso para el delito. Dudo respecto de que Cristina Kirchner, ella personalmente, tambi\u00e9n lo sea, aunque m\u00ednimamente le cabe la responsabilidad pol\u00edtica de encubrir a su esposo. Los defectos que le percibo a Cristina son m\u00e1s parecidos a parte de los de Milei: la intolerancia, el anticonsensualismo, la violencia verbal de menor intensidad, pero igualmente despectiva, y el dogmatismo.<\/p>\n<p class=\"destacadoNota\">\u00bfEs el antiperonismo lo que disculpa a Milei? \u00bfSea peronismo de izquierda, de centro o de derecha?<\/p>\n<p>Pero hoy el kirchnerismo es un l\u00e1nguido fantasma de aquel \u201cvamos por todo\u201d que nunca se materializ\u00f3 en acci\u00f3n: ya en 2015 su candidato fue Daniel Scioli, entreg\u00f3 el mando con una diferencia en el balotaje de menos de dos puntos; no pudo jubilar al juez Carlos Fayt de la Corte Suprema; los medios que lo enfrentamos padecimos, pero le ganamos todos los juicios; tampoco clausur\u00f3 ning\u00fan medio contrario a sus intereses, ni siquiera pudo retirarle la licencia a Fibertel, del Grupo Clar\u00edn, cuando quiso hacerlo. Ya en 2019 era un espectro que tuvo que colocar al frente de la f\u00f3rmula a Alberto Fern\u00e1ndez, un cr\u00edtico de la propia Cristina cuyo eslogan era \u201cvolver mejores\u201d, reconociendo que hab\u00edan sido peores de lo esperado, y en 2023 con Sergio Massa encabezando la candidatura presidencial, de progresismo kirchnerista \u2013como sostiene Grabois\u2013 ya no quedaba casi nada.<\/p>\n<p>\u00bfEs entonces el antiperonismo lo que disculpa a Milei? \u00bfSea peronismo de izquierda, de centro o de derecha? Cuando se argumenta que el peronismo es responsable de la decadencia de los \u00faltimos cincuenta u ochenta a\u00f1os, se omite que en cualquiera de esos dos per\u00edodos hubo tantos gobiernos peronistas como no peronistas: en los ochenta a\u00f1os desde 1945 hubo justo la mitad: cuarenta a\u00f1os de peronismo, y en los \u00faltimos cincuenta a\u00f1os, cuando Argentina aceler\u00f3 su decadencia, desde 1973 hubo treinta a\u00f1os de peronismo, pero no se podr\u00eda decir que fueran treinta a\u00f1os de pol\u00edticas econ\u00f3micas distribucionistas (peronistas) porque los diez a\u00f1os de Menem fueron lo opuesto. S\u00ed se podr\u00eda decir que mientras hubo democracia el peronismo fue el partido con m\u00e1s gobernadores, con mayor\u00eda en el Senado y con el apoyo de los sindicatos. Pero se podr\u00eda contraargumentar que el peronismo tuvo y tiene menor representaci\u00f3n en el Poder Judicial y en los medios de comunicaci\u00f3n, por lo que lo que hubo verdaderamente estos \u00faltimos ochenta o cincuenta a\u00f1os fue ese empate hegem\u00f3nico que siempre se le cita de Portantiero: un poder verdaderamente compartido.<\/p>\n<p>Y cuando se calculan mil millones de d\u00f3lares que tendr\u00eda guardados Massa de las coimas por las SIRA, me recuerda al Producto Bruto entero que se habr\u00eda robado el matrimonio Kirchner, por el que hasta se hicieron pozos con excavadoras en Santa Cruz suponiendo lugares donde estar\u00edan enterrados. Pero aun aceptando que la matriz del peronismo sea m\u00e1s corrupta: \u00bfno hubo sospechas de corrupci\u00f3n en los gobiernos del PRO en la ciudad de Buenos Aires que Jorge As\u00eds ir\u00f3nicamente califica como \u201cmaxikiosco\u201d? Y al rev\u00e9s, cuando se les pregunta por la corrupci\u00f3n de Kicillof todos reconocen que es honesto. Entonces: \u00bfes la corrupci\u00f3n condici\u00f3n \u00fanica del peronismo o de diferentes grados de parte de los actores pol\u00edticos de ambos sectores? M\u00e1s a\u00fan, conocen los comentarios sobre que Milei no critica seriamente nunca a Massa porque parte de la campa\u00f1a de La Libertad Avanza se habr\u00eda hecho con financiamiento del peronismo (para debilitar al PRO, que hab\u00eda ganado las elecciones de 2021) y Massa tendr\u00eda filmada a la hermana de Milei o de funcionarios cercanos del gobierno de Milei retirando ese dinero. Vale preguntarse, si fuera cierto que Massa se guard\u00f3 mil millones de d\u00f3lares por otorgar permisos de exportaci\u00f3n, \u00bfpor qu\u00e9 el gobierno de Milei contando con el aparato probatorio del Estado no lo denuncia, como hizo Macri en 2015 con el kirchnerismo?<\/p>\n<p>Y llego a la conclusi\u00f3n de que el antiperonismo puede tener algunos componentes racionales pero no todos se explican en evidencia. Un prominente peronista republicano me dijo: \u201cSi Espinoza, el intendente de La Matanza (como ejemplo del arquetipo de lo m\u00e1s despreciado por el antiperonismo), fuera electo presidente, e inaugurando la Exposici\u00f3n Rural en lugar de anunciar que baja del 33% al 26% las retenciones de la soja, como hizo Milei, anunciara que las eliminaba, llev\u00e1ndolas a cero, igual lo chiflar\u00edan\u201d. <\/p>\n<p>Se me argumenta tambi\u00e9n que los medios hoy no tienen la importancia y el poder de hace 15 a\u00f1os, cuando enfrentaban institucionalmente al gobierno de Cristina Kirchner, que tanto las audiencias est\u00e1n empoderadas por la enorme oferta de alternativas que hay, como tambi\u00e9n algunos periodistas, que se convirtieron en estrellas aut\u00f3nomas y receptores exclusivos de las entrevistas con fuentes oficiales y, entonces, los medios tiene que \u201cnegociar con la realidad\u201d para no insignificarse.<\/p>\n<p>Que hay alrededor de seis periodistas audiovisuales de los medios profesionales (varios streamings de pol\u00edtica son directamente aparatos de propaganda) con acceso a entrevistas con el Presidente y los ministros de Econom\u00eda y Seguridad, que se cotizan cada a\u00f1o en el mercado de pases como las estrellas m\u00e1s destacadas de los equipos de f\u00fatbol y que los medios ya no los conducen. Que los aceptan o aceptan perder rating. Incluso tienen que aceptar que esos periodistas defiendan el \u201cderecho\u201d del Presidente de insultar a sus colegas del mismo medio.<\/p>\n<p>Algo contin\u00faa interpel\u00e1ndome porque, siguiendo este \u00faltimo argumento, si ma\u00f1ana volviese un gobierno de corte kirchnerista que atacase a los principales medios y el clima de \u00e9poca de las audiencias prefiriera periodismo militante como el de 6, 7, 8, me cuesta creer que esos grandes medios profesionales contrataran a un equivalente de V\u00edctor Hugo o la principal figura de C5N para no perder audiencia. Creo que falta agregar tambi\u00e9n, sin que sea el elemento excluyente, que creen que la pol\u00edtica econ\u00f3mica de Milei resulta correcta y prefieren soportar los insultos de quien implementa una econom\u00eda que comparten, a quien los trate con educaci\u00f3n o hasta les haga reverencias pero implemente una econom\u00eda que juzguen equivocada. <\/p>\n<p>En s\u00edntesis, Milei puede seguir insultando tranquilo a esos periodistas, que sus medios no saldr\u00e1n a defenderlos en bloque e institucionalmente, como se hizo con el kirhcnerismo. Quiz\u00e1s ahora que el Presidente anunci\u00f3 que dejar\u00e1 de insultar, todas estas l\u00edneas se tornen en abstractas y sirvan solo para la arqueolog\u00eda del periodismo argentino, pero igual vale la pena pensar qu\u00e9 nos pas\u00f3 a nosotros para que pasara esto con nosotros.<\/p>\n<\/p><\/div>\n<p><script>\n                !function(f,b,e,v,n,t,s)\n                {if(f.fbq)return;n=f.fbq=function(){n.callMethod?\n                    n.callMethod.apply(n,arguments):n.queue.push(arguments)};\n                    if(!f._fbq)f._fbq=n;n.push=n;n.loaded=!0;n.version='2.0';\n                    n.queue=[];t=b.createElement(e);t.async=!0;\n                    t.src=v;s=b.getElementsByTagName(e)[0];\n                    s.parentNode.insertBefore(t,s)}(window, document,'script',\n                    'https:\/\/connect.facebook.net\/en_US\/fbevents.js');\n                window.paywallConfig.facebook_pixel=\"1000228364089342\"\n            <\/script><\/p>\n","protected":false},"excerpt":{"rendered":"<p>Reflexiono sobre mi profesi\u00f3n. Sobre la relaci\u00f3n del periodismo con lo que pasa. Y sobre la relaci\u00f3n de lo que pasa con el periodismo. Los lectores de PERFIL conocen que la existencia de un presidente como Milei me interpela: \u00bfcu\u00e1nto tuvieron que ver los medios con que haya un presidente como Milei? \u00bfCu\u00e1nto tiene que [&hellip;]<\/p>\n","protected":false},"author":2,"featured_media":142918,"comment_status":"closed","ping_status":"closed","sticky":false,"template":"","format":"standard","meta":{"footnotes":""},"categories":[25],"tags":[],"class_list":["post-142917","post","type-post","status-publish","format-standard","has-post-thumbnail","hentry","category-nacionales"],"yoast_head":"<!-- This site is optimized with the Yoast SEO plugin v24.4 - https:\/\/yoast.com\/wordpress\/plugins\/seo\/ -->\n<title>A partir de que Milei prometi\u00f3 no insultar m\u00e1s - GYS NOTICIAS |<\/title>\n<meta name=\"robots\" content=\"index, follow, max-snippet:-1, max-image-preview:large, max-video-preview:-1\" \/>\n<link rel=\"canonical\" href=\"https:\/\/gysfm.com.ar\/inicio\/a-partir-de-que-milei-prometio-no-insultar-mas\/\" \/>\n<meta property=\"og:locale\" content=\"es_ES\" \/>\n<meta property=\"og:type\" content=\"article\" \/>\n<meta property=\"og:title\" content=\"A partir de que Milei prometi\u00f3 no insultar m\u00e1s - GYS NOTICIAS |\" \/>\n<meta property=\"og:description\" content=\"Reflexiono sobre mi profesi\u00f3n. Sobre la relaci\u00f3n del periodismo con lo que pasa. Y sobre la relaci\u00f3n de lo que pasa con el periodismo. Los lectores de PERFIL conocen que la existencia de un presidente como Milei me interpela: \u00bfcu\u00e1nto tuvieron que ver los medios con que haya un presidente como Milei? \u00bfCu\u00e1nto tiene que [&hellip;]\" \/>\n<meta property=\"og:url\" content=\"https:\/\/gysfm.com.ar\/inicio\/a-partir-de-que-milei-prometio-no-insultar-mas\/\" \/>\n<meta property=\"og:site_name\" content=\"GYS NOTICIAS |\" \/>\n<meta property=\"article:published_time\" content=\"2025-08-10T13:20:38+00:00\" \/>\n<meta name=\"author\" content=\"Prensa G&amp;S FM\" \/>\n<meta name=\"twitter:card\" content=\"summary_large_image\" \/>\n<meta name=\"twitter:label1\" content=\"Escrito por\" \/>\n\t<meta name=\"twitter:data1\" content=\"Prensa G&amp;S FM\" \/>\n\t<meta name=\"twitter:label2\" content=\"Tiempo de lectura\" \/>\n\t<meta name=\"twitter:data2\" content=\"7 minutos\" \/>\n<script type=\"application\/ld+json\" class=\"yoast-schema-graph\">{\"@context\":\"https:\/\/schema.org\",\"@graph\":[{\"@type\":\"Article\",\"@id\":\"https:\/\/gysfm.com.ar\/inicio\/a-partir-de-que-milei-prometio-no-insultar-mas\/#article\",\"isPartOf\":{\"@id\":\"https:\/\/gysfm.com.ar\/inicio\/a-partir-de-que-milei-prometio-no-insultar-mas\/\"},\"author\":{\"name\":\"Prensa G&amp;S FM\",\"@id\":\"https:\/\/gysfm.com.ar\/inicio\/#\/schema\/person\/3abba7593ef2ad19e1be221d54383dc5\"},\"headline\":\"A partir de que Milei prometi\u00f3 no insultar m\u00e1s\",\"datePublished\":\"2025-08-10T13:20:38+00:00\",\"mainEntityOfPage\":{\"@id\":\"https:\/\/gysfm.com.ar\/inicio\/a-partir-de-que-milei-prometio-no-insultar-mas\/\"},\"wordCount\":1392,\"publisher\":{\"@id\":\"https:\/\/gysfm.com.ar\/inicio\/#organization\"},\"image\":{\"@id\":\"https:\/\/gysfm.com.ar\/inicio\/a-partir-de-que-milei-prometio-no-insultar-mas\/#primaryimage\"},\"thumbnailUrl\":\"https:\/\/gysfm.com.ar\/inicio\/wp-content\/uploads\/2025\/08\/09082025mileitemesg-2077241.jpg\",\"articleSection\":[\"NACIONALES\"],\"inLanguage\":\"es\"},{\"@type\":\"WebPage\",\"@id\":\"https:\/\/gysfm.com.ar\/inicio\/a-partir-de-que-milei-prometio-no-insultar-mas\/\",\"url\":\"https:\/\/gysfm.com.ar\/inicio\/a-partir-de-que-milei-prometio-no-insultar-mas\/\",\"name\":\"A partir de que Milei prometi\u00f3 no insultar m\u00e1s - GYS NOTICIAS |\",\"isPartOf\":{\"@id\":\"https:\/\/gysfm.com.ar\/inicio\/#website\"},\"primaryImageOfPage\":{\"@id\":\"https:\/\/gysfm.com.ar\/inicio\/a-partir-de-que-milei-prometio-no-insultar-mas\/#primaryimage\"},\"image\":{\"@id\":\"https:\/\/gysfm.com.ar\/inicio\/a-partir-de-que-milei-prometio-no-insultar-mas\/#primaryimage\"},\"thumbnailUrl\":\"https:\/\/gysfm.com.ar\/inicio\/wp-content\/uploads\/2025\/08\/09082025mileitemesg-2077241.jpg\",\"datePublished\":\"2025-08-10T13:20:38+00:00\",\"breadcrumb\":{\"@id\":\"https:\/\/gysfm.com.ar\/inicio\/a-partir-de-que-milei-prometio-no-insultar-mas\/#breadcrumb\"},\"inLanguage\":\"es\",\"potentialAction\":[{\"@type\":\"ReadAction\",\"target\":[\"https:\/\/gysfm.com.ar\/inicio\/a-partir-de-que-milei-prometio-no-insultar-mas\/\"]}]},{\"@type\":\"ImageObject\",\"inLanguage\":\"es\",\"@id\":\"https:\/\/gysfm.com.ar\/inicio\/a-partir-de-que-milei-prometio-no-insultar-mas\/#primaryimage\",\"url\":\"https:\/\/gysfm.com.ar\/inicio\/wp-content\/uploads\/2025\/08\/09082025mileitemesg-2077241.jpg\",\"contentUrl\":\"https:\/\/gysfm.com.ar\/inicio\/wp-content\/uploads\/2025\/08\/09082025mileitemesg-2077241.jpg\",\"width\":1140,\"height\":641},{\"@type\":\"BreadcrumbList\",\"@id\":\"https:\/\/gysfm.com.ar\/inicio\/a-partir-de-que-milei-prometio-no-insultar-mas\/#breadcrumb\",\"itemListElement\":[{\"@type\":\"ListItem\",\"position\":1,\"name\":\"Portada\",\"item\":\"https:\/\/gysfm.com.ar\/inicio\/\"},{\"@type\":\"ListItem\",\"position\":2,\"name\":\"A partir de que Milei prometi\u00f3 no insultar m\u00e1s\"}]},{\"@type\":\"WebSite\",\"@id\":\"https:\/\/gysfm.com.ar\/inicio\/#website\",\"url\":\"https:\/\/gysfm.com.ar\/inicio\/\",\"name\":\"GYS NOTICIAS |\",\"description\":\"DIARIO - RADIO ONLINE SAN JUAN ARGENTINA\",\"publisher\":{\"@id\":\"https:\/\/gysfm.com.ar\/inicio\/#organization\"},\"potentialAction\":[{\"@type\":\"SearchAction\",\"target\":{\"@type\":\"EntryPoint\",\"urlTemplate\":\"https:\/\/gysfm.com.ar\/inicio\/?s={search_term_string}\"},\"query-input\":{\"@type\":\"PropertyValueSpecification\",\"valueRequired\":true,\"valueName\":\"search_term_string\"}}],\"inLanguage\":\"es\"},{\"@type\":\"Organization\",\"@id\":\"https:\/\/gysfm.com.ar\/inicio\/#organization\",\"name\":\"GYS NOTICIAS |\",\"url\":\"https:\/\/gysfm.com.ar\/inicio\/\",\"logo\":{\"@type\":\"ImageObject\",\"inLanguage\":\"es\",\"@id\":\"https:\/\/gysfm.com.ar\/inicio\/#\/schema\/logo\/image\/\",\"url\":\"https:\/\/gysfm.com.ar\/inicio\/wp-content\/uploads\/2023\/07\/LOGOGYS-OK.png\",\"contentUrl\":\"https:\/\/gysfm.com.ar\/inicio\/wp-content\/uploads\/2023\/07\/LOGOGYS-OK.png\",\"width\":1170,\"height\":872,\"caption\":\"GYS NOTICIAS |\"},\"image\":{\"@id\":\"https:\/\/gysfm.com.ar\/inicio\/#\/schema\/logo\/image\/\"}},{\"@type\":\"Person\",\"@id\":\"https:\/\/gysfm.com.ar\/inicio\/#\/schema\/person\/3abba7593ef2ad19e1be221d54383dc5\",\"name\":\"Prensa G&amp;S FM\",\"image\":{\"@type\":\"ImageObject\",\"inLanguage\":\"es\",\"@id\":\"https:\/\/gysfm.com.ar\/inicio\/#\/schema\/person\/image\/\",\"url\":\"https:\/\/secure.gravatar.com\/avatar\/096ec78df02049ab018702bb4ccedf659377fa92a26540b5247612077a0dbd29?s=96&d=mm&r=g\",\"contentUrl\":\"https:\/\/secure.gravatar.com\/avatar\/096ec78df02049ab018702bb4ccedf659377fa92a26540b5247612077a0dbd29?s=96&d=mm&r=g\",\"caption\":\"Prensa G&amp;S FM\"},\"sameAs\":[\"https:\/\/gysfm.com.ar\/\"],\"url\":\"https:\/\/gysfm.com.ar\/inicio\/author\/lucasm\/\"}]}<\/script>\n<!-- \/ Yoast SEO plugin. -->","yoast_head_json":{"title":"A partir de que Milei prometi\u00f3 no insultar m\u00e1s - GYS NOTICIAS |","robots":{"index":"index","follow":"follow","max-snippet":"max-snippet:-1","max-image-preview":"max-image-preview:large","max-video-preview":"max-video-preview:-1"},"canonical":"https:\/\/gysfm.com.ar\/inicio\/a-partir-de-que-milei-prometio-no-insultar-mas\/","og_locale":"es_ES","og_type":"article","og_title":"A partir de que Milei prometi\u00f3 no insultar m\u00e1s - GYS NOTICIAS |","og_description":"Reflexiono sobre mi profesi\u00f3n. Sobre la relaci\u00f3n del periodismo con lo que pasa. Y sobre la relaci\u00f3n de lo que pasa con el periodismo. Los lectores de PERFIL conocen que la existencia de un presidente como Milei me interpela: \u00bfcu\u00e1nto tuvieron que ver los medios con que haya un presidente como Milei? \u00bfCu\u00e1nto tiene que [&hellip;]","og_url":"https:\/\/gysfm.com.ar\/inicio\/a-partir-de-que-milei-prometio-no-insultar-mas\/","og_site_name":"GYS NOTICIAS |","article_published_time":"2025-08-10T13:20:38+00:00","author":"Prensa G&amp;S FM","twitter_card":"summary_large_image","twitter_misc":{"Escrito por":"Prensa G&amp;S FM","Tiempo de lectura":"7 minutos"},"schema":{"@context":"https:\/\/schema.org","@graph":[{"@type":"Article","@id":"https:\/\/gysfm.com.ar\/inicio\/a-partir-de-que-milei-prometio-no-insultar-mas\/#article","isPartOf":{"@id":"https:\/\/gysfm.com.ar\/inicio\/a-partir-de-que-milei-prometio-no-insultar-mas\/"},"author":{"name":"Prensa G&amp;S FM","@id":"https:\/\/gysfm.com.ar\/inicio\/#\/schema\/person\/3abba7593ef2ad19e1be221d54383dc5"},"headline":"A partir de que Milei prometi\u00f3 no insultar m\u00e1s","datePublished":"2025-08-10T13:20:38+00:00","mainEntityOfPage":{"@id":"https:\/\/gysfm.com.ar\/inicio\/a-partir-de-que-milei-prometio-no-insultar-mas\/"},"wordCount":1392,"publisher":{"@id":"https:\/\/gysfm.com.ar\/inicio\/#organization"},"image":{"@id":"https:\/\/gysfm.com.ar\/inicio\/a-partir-de-que-milei-prometio-no-insultar-mas\/#primaryimage"},"thumbnailUrl":"https:\/\/gysfm.com.ar\/inicio\/wp-content\/uploads\/2025\/08\/09082025mileitemesg-2077241.jpg","articleSection":["NACIONALES"],"inLanguage":"es"},{"@type":"WebPage","@id":"https:\/\/gysfm.com.ar\/inicio\/a-partir-de-que-milei-prometio-no-insultar-mas\/","url":"https:\/\/gysfm.com.ar\/inicio\/a-partir-de-que-milei-prometio-no-insultar-mas\/","name":"A partir de que Milei prometi\u00f3 no insultar m\u00e1s - GYS NOTICIAS |","isPartOf":{"@id":"https:\/\/gysfm.com.ar\/inicio\/#website"},"primaryImageOfPage":{"@id":"https:\/\/gysfm.com.ar\/inicio\/a-partir-de-que-milei-prometio-no-insultar-mas\/#primaryimage"},"image":{"@id":"https:\/\/gysfm.com.ar\/inicio\/a-partir-de-que-milei-prometio-no-insultar-mas\/#primaryimage"},"thumbnailUrl":"https:\/\/gysfm.com.ar\/inicio\/wp-content\/uploads\/2025\/08\/09082025mileitemesg-2077241.jpg","datePublished":"2025-08-10T13:20:38+00:00","breadcrumb":{"@id":"https:\/\/gysfm.com.ar\/inicio\/a-partir-de-que-milei-prometio-no-insultar-mas\/#breadcrumb"},"inLanguage":"es","potentialAction":[{"@type":"ReadAction","target":["https:\/\/gysfm.com.ar\/inicio\/a-partir-de-que-milei-prometio-no-insultar-mas\/"]}]},{"@type":"ImageObject","inLanguage":"es","@id":"https:\/\/gysfm.com.ar\/inicio\/a-partir-de-que-milei-prometio-no-insultar-mas\/#primaryimage","url":"https:\/\/gysfm.com.ar\/inicio\/wp-content\/uploads\/2025\/08\/09082025mileitemesg-2077241.jpg","contentUrl":"https:\/\/gysfm.com.ar\/inicio\/wp-content\/uploads\/2025\/08\/09082025mileitemesg-2077241.jpg","width":1140,"height":641},{"@type":"BreadcrumbList","@id":"https:\/\/gysfm.com.ar\/inicio\/a-partir-de-que-milei-prometio-no-insultar-mas\/#breadcrumb","itemListElement":[{"@type":"ListItem","position":1,"name":"Portada","item":"https:\/\/gysfm.com.ar\/inicio\/"},{"@type":"ListItem","position":2,"name":"A partir de que Milei prometi\u00f3 no insultar m\u00e1s"}]},{"@type":"WebSite","@id":"https:\/\/gysfm.com.ar\/inicio\/#website","url":"https:\/\/gysfm.com.ar\/inicio\/","name":"GYS NOTICIAS |","description":"DIARIO - RADIO ONLINE SAN JUAN ARGENTINA","publisher":{"@id":"https:\/\/gysfm.com.ar\/inicio\/#organization"},"potentialAction":[{"@type":"SearchAction","target":{"@type":"EntryPoint","urlTemplate":"https:\/\/gysfm.com.ar\/inicio\/?s={search_term_string}"},"query-input":{"@type":"PropertyValueSpecification","valueRequired":true,"valueName":"search_term_string"}}],"inLanguage":"es"},{"@type":"Organization","@id":"https:\/\/gysfm.com.ar\/inicio\/#organization","name":"GYS NOTICIAS |","url":"https:\/\/gysfm.com.ar\/inicio\/","logo":{"@type":"ImageObject","inLanguage":"es","@id":"https:\/\/gysfm.com.ar\/inicio\/#\/schema\/logo\/image\/","url":"https:\/\/gysfm.com.ar\/inicio\/wp-content\/uploads\/2023\/07\/LOGOGYS-OK.png","contentUrl":"https:\/\/gysfm.com.ar\/inicio\/wp-content\/uploads\/2023\/07\/LOGOGYS-OK.png","width":1170,"height":872,"caption":"GYS NOTICIAS |"},"image":{"@id":"https:\/\/gysfm.com.ar\/inicio\/#\/schema\/logo\/image\/"}},{"@type":"Person","@id":"https:\/\/gysfm.com.ar\/inicio\/#\/schema\/person\/3abba7593ef2ad19e1be221d54383dc5","name":"Prensa G&amp;S FM","image":{"@type":"ImageObject","inLanguage":"es","@id":"https:\/\/gysfm.com.ar\/inicio\/#\/schema\/person\/image\/","url":"https:\/\/secure.gravatar.com\/avatar\/096ec78df02049ab018702bb4ccedf659377fa92a26540b5247612077a0dbd29?s=96&d=mm&r=g","contentUrl":"https:\/\/secure.gravatar.com\/avatar\/096ec78df02049ab018702bb4ccedf659377fa92a26540b5247612077a0dbd29?s=96&d=mm&r=g","caption":"Prensa G&amp;S FM"},"sameAs":["https:\/\/gysfm.com.ar\/"],"url":"https:\/\/gysfm.com.ar\/inicio\/author\/lucasm\/"}]}},"_links":{"self":[{"href":"https:\/\/gysfm.com.ar\/inicio\/wp-json\/wp\/v2\/posts\/142917","targetHints":{"allow":["GET"]}}],"collection":[{"href":"https:\/\/gysfm.com.ar\/inicio\/wp-json\/wp\/v2\/posts"}],"about":[{"href":"https:\/\/gysfm.com.ar\/inicio\/wp-json\/wp\/v2\/types\/post"}],"author":[{"embeddable":true,"href":"https:\/\/gysfm.com.ar\/inicio\/wp-json\/wp\/v2\/users\/2"}],"replies":[{"embeddable":true,"href":"https:\/\/gysfm.com.ar\/inicio\/wp-json\/wp\/v2\/comments?post=142917"}],"version-history":[{"count":0,"href":"https:\/\/gysfm.com.ar\/inicio\/wp-json\/wp\/v2\/posts\/142917\/revisions"}],"wp:featuredmedia":[{"embeddable":true,"href":"https:\/\/gysfm.com.ar\/inicio\/wp-json\/wp\/v2\/media\/142918"}],"wp:attachment":[{"href":"https:\/\/gysfm.com.ar\/inicio\/wp-json\/wp\/v2\/media?parent=142917"}],"wp:term":[{"taxonomy":"category","embeddable":true,"href":"https:\/\/gysfm.com.ar\/inicio\/wp-json\/wp\/v2\/categories?post=142917"},{"taxonomy":"post_tag","embeddable":true,"href":"https:\/\/gysfm.com.ar\/inicio\/wp-json\/wp\/v2\/tags?post=142917"}],"curies":[{"name":"wp","href":"https:\/\/api.w.org\/{rel}","templated":true}]}}