{"id":142911,"date":"2025-08-10T09:18:34","date_gmt":"2025-08-10T12:18:34","guid":{"rendered":"https:\/\/gysfm.com.ar\/inicio\/fuerza-patria-la-pelea-por-quien-llega-al-congreso\/"},"modified":"2025-08-10T09:18:34","modified_gmt":"2025-08-10T12:18:34","slug":"fuerza-patria-la-pelea-por-quien-llega-al-congreso","status":"publish","type":"post","link":"https:\/\/gysfm.com.ar\/inicio\/fuerza-patria-la-pelea-por-quien-llega-al-congreso\/","title":{"rendered":"Fuerza Patria: la pelea por qui\u00e9n llega al Congreso"},"content":{"rendered":"<p><\/p>\n<div id=\"article-content\">\n<p>La posibilidad de que M\u00e1ximo Kirchner encabece la lista de diputados nacionales no estaba ni siquiera en los planes del propio diputado. Todo cambi\u00f3 en horas, cuando Patria Grande de Juan Grabois estir\u00f3 la negociaci\u00f3n al no inscribir su marca en la alianza Fuerza Patria. El resto del espacio qued\u00f3 desconcertado: hasta hoy no hubo una sola reuni\u00f3n para discutir los postulantes de la lista azul para el Congreso. <\/p>\n<p>El kirchnerismo respondi\u00f3 as\u00ed a un desaf\u00edo de Grabois. M\u00e1s all\u00e1 de las declaraciones contra Sergio Massa, el dirigente est\u00e1 disputando poder territorial con La C\u00e1mpora y se anima a decir que le corresponden m\u00e1s lugares que a la agrupaci\u00f3n K porque en los barrios su sector es m\u00e1s fuerte. Patria Grande se diferencia al mostrarse en la calle mientras mira a La C\u00e1mpora como \u201cuna estructura de cargos\u201d. Militancia Vs. burocracia.<\/p>\n<p>Cristina intent\u00f3 ordenar a Grabois. Habl\u00f3 diez d\u00edas atr\u00e1s para insistir con la unidad, con que baje un cambio y su espacio sea parte de la alianza Fuerza Patria. \u201cLa responsable de esto es ella, da aire y despu\u00e9s  no ordena\u201d, dice un dirigente de peso en el peronismo bonaerense sobre Cristina Kirchner. Le dio aire a un dirigente que dice que su \u00fanico jefe pol\u00edtico fue el papa Francisco. <\/p>\n<div class=\"subscription\">\n<p>\n        Esto no les gusta a los autoritarios\n    <\/p>\n<div class=\"subscription__container\">\n<div class=\"subscription__text-wrapper\">\n<p>\n                El ejercicio del periodismo profesional y cr\u00edtico es un pilar fundamental de la democracia. Por eso molesta a quienes creen ser los due\u00f1os de la verdad.\n            <\/p>\n<\/p><\/div><\/div>\n<\/div>\n<p>Y agrega m\u00e1s. Cuenta que  en reuniones Grabois dice que CFK est\u00e1 cooptada por Mayra Mendoza y Facundo Tignanelli, algo que no le permite tener una mirada m\u00e1s realista de lo que pasa en la Provincia. <\/p>\n<p>La figura de M\u00e1ximo Kirchner fue lanzada a trav\u00e9s de las redes sociales por intendentes que responden a su sector. Inmediatamente, puertas adentro, desde el Instituto Patria defendieron una posible postulaci\u00f3n asegurando que la boleta \u00fanica papel desaf\u00eda al espacio a presentar una imagen conocida ya que lo primero que ver\u00e1 el votante es la foto de los candidatos. Adem\u00e1s, sostienen que el candidato debe ser un dirigente que tenga capacidad de dar la pelea medi\u00e1tica y lo que diga encuentre resonancia. \u00bfY la imagen negativa? Quienes frecuentan al diputado detallan que \u00e9sta no es una elecci\u00f3n con balotaje en la que hay que ampliar el voto y que quien gane ser\u00e1 quien consiga sostener la mayor cantidad de votante duro. Sin embargo, desde otros campamentos creen que su nombre fue lanzado s\u00f3lo para entrar en la semana de negociaciones. <\/p>\n<p>Sobre Grabois, hay intendentes que no quieren saber nada con que su figura encabece una lista. \u201cImaginate que lo tengan que ir a militar en Escobar o San Vicente\u201d, grafica un jefe comunal. Para muchos de ellos, deber\u00eda ir por afuera. <\/p>\n<p>No es lo que piensa Sergio Massa a pesar de los dardos que recibe. Cree que ahora hay que cerrar el acuerdo e ir todos juntos. Pero a una semana del cierre de listas, esto no entr\u00f3 en discusi\u00f3n. <\/p>\n<p>Hasta ahora, la mesa de negociaci\u00f3n por los 35 diputados nacionales que se tendr\u00e1n que inscribir el 16 de agosto a la medianoche, no funcion\u00f3. No hubo un s\u00f3lo encuentro entre los principales dirigentes y los nombres que circulan es a trav\u00e9s de los medios. Apenas en algunos intercambios de chats de whatsapp aparecen t\u00edmidamente algunos nombres. <\/p>\n<p>Hay quienes eval\u00faan que en la lista finalmente no queden ni M\u00e1ximo ni Massa ni Grabois y, en cambio, finalmente quede una boleta de intendentes como las primeras figuras. Federico Ach\u00e1val (Pilar) y Mariel Fern\u00e1ndez (Moreno) son dos de los que se mencionan. S\u00f3lo queda una semana.<\/p>\n<\/p><\/div>\n<p><script>\n                !function(f,b,e,v,n,t,s)\n                {if(f.fbq)return;n=f.fbq=function(){n.callMethod?\n                    n.callMethod.apply(n,arguments):n.queue.push(arguments)};\n                    if(!f._fbq)f._fbq=n;n.push=n;n.loaded=!0;n.version='2.0';\n                    n.queue=[];t=b.createElement(e);t.async=!0;\n                    t.src=v;s=b.getElementsByTagName(e)[0];\n                    s.parentNode.insertBefore(t,s)}(window, document,'script',\n                    'https:\/\/connect.facebook.net\/en_US\/fbevents.js');\n                window.paywallConfig.facebook_pixel=\"1000228364089342\"\n            <\/script><\/p>\n","protected":false},"excerpt":{"rendered":"<p>La posibilidad de que M\u00e1ximo Kirchner encabece la lista de diputados nacionales no estaba ni siquiera en los planes del propio diputado. Todo cambi\u00f3 en horas, cuando Patria Grande de Juan Grabois estir\u00f3 la negociaci\u00f3n al no inscribir su marca en la alianza Fuerza Patria. El resto del espacio qued\u00f3 desconcertado: hasta hoy no hubo [&hellip;]<\/p>\n","protected":false},"author":2,"featured_media":142912,"comment_status":"closed","ping_status":"closed","sticky":false,"template":"","format":"standard","meta":{"footnotes":""},"categories":[25],"tags":[],"class_list":["post-142911","post","type-post","status-publish","format-standard","has-post-thumbnail","hentry","category-nacionales"],"yoast_head":"<!-- This site is optimized with the Yoast SEO plugin v24.4 - https:\/\/yoast.com\/wordpress\/plugins\/seo\/ -->\n<title>Fuerza Patria: la pelea por qui\u00e9n llega al Congreso - GYS NOTICIAS |<\/title>\n<meta name=\"robots\" content=\"index, follow, max-snippet:-1, max-image-preview:large, max-video-preview:-1\" \/>\n<link rel=\"canonical\" href=\"https:\/\/gysfm.com.ar\/inicio\/fuerza-patria-la-pelea-por-quien-llega-al-congreso\/\" \/>\n<meta property=\"og:locale\" content=\"es_ES\" \/>\n<meta property=\"og:type\" content=\"article\" \/>\n<meta property=\"og:title\" content=\"Fuerza Patria: la pelea por qui\u00e9n llega al Congreso - GYS NOTICIAS |\" \/>\n<meta property=\"og:description\" content=\"La posibilidad de que M\u00e1ximo Kirchner encabece la lista de diputados nacionales no estaba ni siquiera en los planes del propio diputado. Todo cambi\u00f3 en horas, cuando Patria Grande de Juan Grabois estir\u00f3 la negociaci\u00f3n al no inscribir su marca en la alianza Fuerza Patria. El resto del espacio qued\u00f3 desconcertado: hasta hoy no hubo [&hellip;]\" \/>\n<meta property=\"og:url\" content=\"https:\/\/gysfm.com.ar\/inicio\/fuerza-patria-la-pelea-por-quien-llega-al-congreso\/\" \/>\n<meta property=\"og:site_name\" content=\"GYS NOTICIAS |\" \/>\n<meta property=\"article:published_time\" content=\"2025-08-10T12:18:34+00:00\" \/>\n<meta name=\"author\" content=\"Prensa G&amp;S FM\" \/>\n<meta name=\"twitter:card\" content=\"summary_large_image\" \/>\n<meta name=\"twitter:label1\" content=\"Escrito por\" \/>\n\t<meta name=\"twitter:data1\" content=\"Prensa G&amp;S FM\" \/>\n\t<meta name=\"twitter:label2\" content=\"Tiempo de lectura\" \/>\n\t<meta name=\"twitter:data2\" content=\"3 minutos\" \/>\n<script type=\"application\/ld+json\" class=\"yoast-schema-graph\">{\"@context\":\"https:\/\/schema.org\",\"@graph\":[{\"@type\":\"Article\",\"@id\":\"https:\/\/gysfm.com.ar\/inicio\/fuerza-patria-la-pelea-por-quien-llega-al-congreso\/#article\",\"isPartOf\":{\"@id\":\"https:\/\/gysfm.com.ar\/inicio\/fuerza-patria-la-pelea-por-quien-llega-al-congreso\/\"},\"author\":{\"name\":\"Prensa G&amp;S FM\",\"@id\":\"https:\/\/gysfm.com.ar\/inicio\/#\/schema\/person\/3abba7593ef2ad19e1be221d54383dc5\"},\"headline\":\"Fuerza Patria: la pelea por qui\u00e9n llega al Congreso\",\"datePublished\":\"2025-08-10T12:18:34+00:00\",\"mainEntityOfPage\":{\"@id\":\"https:\/\/gysfm.com.ar\/inicio\/fuerza-patria-la-pelea-por-quien-llega-al-congreso\/\"},\"wordCount\":650,\"publisher\":{\"@id\":\"https:\/\/gysfm.com.ar\/inicio\/#organization\"},\"image\":{\"@id\":\"https:\/\/gysfm.com.ar\/inicio\/fuerza-patria-la-pelea-por-quien-llega-al-congreso\/#primaryimage\"},\"thumbnailUrl\":\"https:\/\/gysfm.com.ar\/inicio\/wp-content\/uploads\/2025\/08\/100825maximokirchnergraboisigg-2077575.jpg\",\"articleSection\":[\"NACIONALES\"],\"inLanguage\":\"es\"},{\"@type\":\"WebPage\",\"@id\":\"https:\/\/gysfm.com.ar\/inicio\/fuerza-patria-la-pelea-por-quien-llega-al-congreso\/\",\"url\":\"https:\/\/gysfm.com.ar\/inicio\/fuerza-patria-la-pelea-por-quien-llega-al-congreso\/\",\"name\":\"Fuerza Patria: la pelea por qui\u00e9n llega al Congreso - GYS NOTICIAS |\",\"isPartOf\":{\"@id\":\"https:\/\/gysfm.com.ar\/inicio\/#website\"},\"primaryImageOfPage\":{\"@id\":\"https:\/\/gysfm.com.ar\/inicio\/fuerza-patria-la-pelea-por-quien-llega-al-congreso\/#primaryimage\"},\"image\":{\"@id\":\"https:\/\/gysfm.com.ar\/inicio\/fuerza-patria-la-pelea-por-quien-llega-al-congreso\/#primaryimage\"},\"thumbnailUrl\":\"https:\/\/gysfm.com.ar\/inicio\/wp-content\/uploads\/2025\/08\/100825maximokirchnergraboisigg-2077575.jpg\",\"datePublished\":\"2025-08-10T12:18:34+00:00\",\"breadcrumb\":{\"@id\":\"https:\/\/gysfm.com.ar\/inicio\/fuerza-patria-la-pelea-por-quien-llega-al-congreso\/#breadcrumb\"},\"inLanguage\":\"es\",\"potentialAction\":[{\"@type\":\"ReadAction\",\"target\":[\"https:\/\/gysfm.com.ar\/inicio\/fuerza-patria-la-pelea-por-quien-llega-al-congreso\/\"]}]},{\"@type\":\"ImageObject\",\"inLanguage\":\"es\",\"@id\":\"https:\/\/gysfm.com.ar\/inicio\/fuerza-patria-la-pelea-por-quien-llega-al-congreso\/#primaryimage\",\"url\":\"https:\/\/gysfm.com.ar\/inicio\/wp-content\/uploads\/2025\/08\/100825maximokirchnergraboisigg-2077575.jpg\",\"contentUrl\":\"https:\/\/gysfm.com.ar\/inicio\/wp-content\/uploads\/2025\/08\/100825maximokirchnergraboisigg-2077575.jpg\",\"width\":1140,\"height\":641},{\"@type\":\"BreadcrumbList\",\"@id\":\"https:\/\/gysfm.com.ar\/inicio\/fuerza-patria-la-pelea-por-quien-llega-al-congreso\/#breadcrumb\",\"itemListElement\":[{\"@type\":\"ListItem\",\"position\":1,\"name\":\"Portada\",\"item\":\"https:\/\/gysfm.com.ar\/inicio\/\"},{\"@type\":\"ListItem\",\"position\":2,\"name\":\"Fuerza Patria: la pelea por qui\u00e9n llega al Congreso\"}]},{\"@type\":\"WebSite\",\"@id\":\"https:\/\/gysfm.com.ar\/inicio\/#website\",\"url\":\"https:\/\/gysfm.com.ar\/inicio\/\",\"name\":\"GYS NOTICIAS |\",\"description\":\"DIARIO - RADIO ONLINE SAN JUAN ARGENTINA\",\"publisher\":{\"@id\":\"https:\/\/gysfm.com.ar\/inicio\/#organization\"},\"potentialAction\":[{\"@type\":\"SearchAction\",\"target\":{\"@type\":\"EntryPoint\",\"urlTemplate\":\"https:\/\/gysfm.com.ar\/inicio\/?s={search_term_string}\"},\"query-input\":{\"@type\":\"PropertyValueSpecification\",\"valueRequired\":true,\"valueName\":\"search_term_string\"}}],\"inLanguage\":\"es\"},{\"@type\":\"Organization\",\"@id\":\"https:\/\/gysfm.com.ar\/inicio\/#organization\",\"name\":\"GYS NOTICIAS |\",\"url\":\"https:\/\/gysfm.com.ar\/inicio\/\",\"logo\":{\"@type\":\"ImageObject\",\"inLanguage\":\"es\",\"@id\":\"https:\/\/gysfm.com.ar\/inicio\/#\/schema\/logo\/image\/\",\"url\":\"https:\/\/gysfm.com.ar\/inicio\/wp-content\/uploads\/2023\/07\/LOGOGYS-OK.png\",\"contentUrl\":\"https:\/\/gysfm.com.ar\/inicio\/wp-content\/uploads\/2023\/07\/LOGOGYS-OK.png\",\"width\":1170,\"height\":872,\"caption\":\"GYS NOTICIAS |\"},\"image\":{\"@id\":\"https:\/\/gysfm.com.ar\/inicio\/#\/schema\/logo\/image\/\"}},{\"@type\":\"Person\",\"@id\":\"https:\/\/gysfm.com.ar\/inicio\/#\/schema\/person\/3abba7593ef2ad19e1be221d54383dc5\",\"name\":\"Prensa G&amp;S FM\",\"image\":{\"@type\":\"ImageObject\",\"inLanguage\":\"es\",\"@id\":\"https:\/\/gysfm.com.ar\/inicio\/#\/schema\/person\/image\/\",\"url\":\"https:\/\/secure.gravatar.com\/avatar\/096ec78df02049ab018702bb4ccedf659377fa92a26540b5247612077a0dbd29?s=96&d=mm&r=g\",\"contentUrl\":\"https:\/\/secure.gravatar.com\/avatar\/096ec78df02049ab018702bb4ccedf659377fa92a26540b5247612077a0dbd29?s=96&d=mm&r=g\",\"caption\":\"Prensa G&amp;S FM\"},\"sameAs\":[\"https:\/\/gysfm.com.ar\/\"],\"url\":\"https:\/\/gysfm.com.ar\/inicio\/author\/lucasm\/\"}]}<\/script>\n<!-- \/ Yoast SEO plugin. -->","yoast_head_json":{"title":"Fuerza Patria: la pelea por qui\u00e9n llega al Congreso - GYS NOTICIAS |","robots":{"index":"index","follow":"follow","max-snippet":"max-snippet:-1","max-image-preview":"max-image-preview:large","max-video-preview":"max-video-preview:-1"},"canonical":"https:\/\/gysfm.com.ar\/inicio\/fuerza-patria-la-pelea-por-quien-llega-al-congreso\/","og_locale":"es_ES","og_type":"article","og_title":"Fuerza Patria: la pelea por qui\u00e9n llega al Congreso - GYS NOTICIAS |","og_description":"La posibilidad de que M\u00e1ximo Kirchner encabece la lista de diputados nacionales no estaba ni siquiera en los planes del propio diputado. Todo cambi\u00f3 en horas, cuando Patria Grande de Juan Grabois estir\u00f3 la negociaci\u00f3n al no inscribir su marca en la alianza Fuerza Patria. El resto del espacio qued\u00f3 desconcertado: hasta hoy no hubo [&hellip;]","og_url":"https:\/\/gysfm.com.ar\/inicio\/fuerza-patria-la-pelea-por-quien-llega-al-congreso\/","og_site_name":"GYS NOTICIAS |","article_published_time":"2025-08-10T12:18:34+00:00","author":"Prensa G&amp;S FM","twitter_card":"summary_large_image","twitter_misc":{"Escrito por":"Prensa G&amp;S FM","Tiempo de lectura":"3 minutos"},"schema":{"@context":"https:\/\/schema.org","@graph":[{"@type":"Article","@id":"https:\/\/gysfm.com.ar\/inicio\/fuerza-patria-la-pelea-por-quien-llega-al-congreso\/#article","isPartOf":{"@id":"https:\/\/gysfm.com.ar\/inicio\/fuerza-patria-la-pelea-por-quien-llega-al-congreso\/"},"author":{"name":"Prensa G&amp;S FM","@id":"https:\/\/gysfm.com.ar\/inicio\/#\/schema\/person\/3abba7593ef2ad19e1be221d54383dc5"},"headline":"Fuerza Patria: la pelea por qui\u00e9n llega al Congreso","datePublished":"2025-08-10T12:18:34+00:00","mainEntityOfPage":{"@id":"https:\/\/gysfm.com.ar\/inicio\/fuerza-patria-la-pelea-por-quien-llega-al-congreso\/"},"wordCount":650,"publisher":{"@id":"https:\/\/gysfm.com.ar\/inicio\/#organization"},"image":{"@id":"https:\/\/gysfm.com.ar\/inicio\/fuerza-patria-la-pelea-por-quien-llega-al-congreso\/#primaryimage"},"thumbnailUrl":"https:\/\/gysfm.com.ar\/inicio\/wp-content\/uploads\/2025\/08\/100825maximokirchnergraboisigg-2077575.jpg","articleSection":["NACIONALES"],"inLanguage":"es"},{"@type":"WebPage","@id":"https:\/\/gysfm.com.ar\/inicio\/fuerza-patria-la-pelea-por-quien-llega-al-congreso\/","url":"https:\/\/gysfm.com.ar\/inicio\/fuerza-patria-la-pelea-por-quien-llega-al-congreso\/","name":"Fuerza Patria: la pelea por qui\u00e9n llega al Congreso - GYS NOTICIAS |","isPartOf":{"@id":"https:\/\/gysfm.com.ar\/inicio\/#website"},"primaryImageOfPage":{"@id":"https:\/\/gysfm.com.ar\/inicio\/fuerza-patria-la-pelea-por-quien-llega-al-congreso\/#primaryimage"},"image":{"@id":"https:\/\/gysfm.com.ar\/inicio\/fuerza-patria-la-pelea-por-quien-llega-al-congreso\/#primaryimage"},"thumbnailUrl":"https:\/\/gysfm.com.ar\/inicio\/wp-content\/uploads\/2025\/08\/100825maximokirchnergraboisigg-2077575.jpg","datePublished":"2025-08-10T12:18:34+00:00","breadcrumb":{"@id":"https:\/\/gysfm.com.ar\/inicio\/fuerza-patria-la-pelea-por-quien-llega-al-congreso\/#breadcrumb"},"inLanguage":"es","potentialAction":[{"@type":"ReadAction","target":["https:\/\/gysfm.com.ar\/inicio\/fuerza-patria-la-pelea-por-quien-llega-al-congreso\/"]}]},{"@type":"ImageObject","inLanguage":"es","@id":"https:\/\/gysfm.com.ar\/inicio\/fuerza-patria-la-pelea-por-quien-llega-al-congreso\/#primaryimage","url":"https:\/\/gysfm.com.ar\/inicio\/wp-content\/uploads\/2025\/08\/100825maximokirchnergraboisigg-2077575.jpg","contentUrl":"https:\/\/gysfm.com.ar\/inicio\/wp-content\/uploads\/2025\/08\/100825maximokirchnergraboisigg-2077575.jpg","width":1140,"height":641},{"@type":"BreadcrumbList","@id":"https:\/\/gysfm.com.ar\/inicio\/fuerza-patria-la-pelea-por-quien-llega-al-congreso\/#breadcrumb","itemListElement":[{"@type":"ListItem","position":1,"name":"Portada","item":"https:\/\/gysfm.com.ar\/inicio\/"},{"@type":"ListItem","position":2,"name":"Fuerza Patria: la pelea por qui\u00e9n llega al Congreso"}]},{"@type":"WebSite","@id":"https:\/\/gysfm.com.ar\/inicio\/#website","url":"https:\/\/gysfm.com.ar\/inicio\/","name":"GYS NOTICIAS |","description":"DIARIO - RADIO ONLINE SAN JUAN ARGENTINA","publisher":{"@id":"https:\/\/gysfm.com.ar\/inicio\/#organization"},"potentialAction":[{"@type":"SearchAction","target":{"@type":"EntryPoint","urlTemplate":"https:\/\/gysfm.com.ar\/inicio\/?s={search_term_string}"},"query-input":{"@type":"PropertyValueSpecification","valueRequired":true,"valueName":"search_term_string"}}],"inLanguage":"es"},{"@type":"Organization","@id":"https:\/\/gysfm.com.ar\/inicio\/#organization","name":"GYS NOTICIAS |","url":"https:\/\/gysfm.com.ar\/inicio\/","logo":{"@type":"ImageObject","inLanguage":"es","@id":"https:\/\/gysfm.com.ar\/inicio\/#\/schema\/logo\/image\/","url":"https:\/\/gysfm.com.ar\/inicio\/wp-content\/uploads\/2023\/07\/LOGOGYS-OK.png","contentUrl":"https:\/\/gysfm.com.ar\/inicio\/wp-content\/uploads\/2023\/07\/LOGOGYS-OK.png","width":1170,"height":872,"caption":"GYS NOTICIAS |"},"image":{"@id":"https:\/\/gysfm.com.ar\/inicio\/#\/schema\/logo\/image\/"}},{"@type":"Person","@id":"https:\/\/gysfm.com.ar\/inicio\/#\/schema\/person\/3abba7593ef2ad19e1be221d54383dc5","name":"Prensa G&amp;S FM","image":{"@type":"ImageObject","inLanguage":"es","@id":"https:\/\/gysfm.com.ar\/inicio\/#\/schema\/person\/image\/","url":"https:\/\/secure.gravatar.com\/avatar\/096ec78df02049ab018702bb4ccedf659377fa92a26540b5247612077a0dbd29?s=96&d=mm&r=g","contentUrl":"https:\/\/secure.gravatar.com\/avatar\/096ec78df02049ab018702bb4ccedf659377fa92a26540b5247612077a0dbd29?s=96&d=mm&r=g","caption":"Prensa G&amp;S FM"},"sameAs":["https:\/\/gysfm.com.ar\/"],"url":"https:\/\/gysfm.com.ar\/inicio\/author\/lucasm\/"}]}},"_links":{"self":[{"href":"https:\/\/gysfm.com.ar\/inicio\/wp-json\/wp\/v2\/posts\/142911","targetHints":{"allow":["GET"]}}],"collection":[{"href":"https:\/\/gysfm.com.ar\/inicio\/wp-json\/wp\/v2\/posts"}],"about":[{"href":"https:\/\/gysfm.com.ar\/inicio\/wp-json\/wp\/v2\/types\/post"}],"author":[{"embeddable":true,"href":"https:\/\/gysfm.com.ar\/inicio\/wp-json\/wp\/v2\/users\/2"}],"replies":[{"embeddable":true,"href":"https:\/\/gysfm.com.ar\/inicio\/wp-json\/wp\/v2\/comments?post=142911"}],"version-history":[{"count":0,"href":"https:\/\/gysfm.com.ar\/inicio\/wp-json\/wp\/v2\/posts\/142911\/revisions"}],"wp:featuredmedia":[{"embeddable":true,"href":"https:\/\/gysfm.com.ar\/inicio\/wp-json\/wp\/v2\/media\/142912"}],"wp:attachment":[{"href":"https:\/\/gysfm.com.ar\/inicio\/wp-json\/wp\/v2\/media?parent=142911"}],"wp:term":[{"taxonomy":"category","embeddable":true,"href":"https:\/\/gysfm.com.ar\/inicio\/wp-json\/wp\/v2\/categories?post=142911"},{"taxonomy":"post_tag","embeddable":true,"href":"https:\/\/gysfm.com.ar\/inicio\/wp-json\/wp\/v2\/tags?post=142911"}],"curies":[{"name":"wp","href":"https:\/\/api.w.org\/{rel}","templated":true}]}}