{"id":142908,"date":"2025-08-10T08:25:24","date_gmt":"2025-08-10T11:25:24","guid":{"rendered":"https:\/\/gysfm.com.ar\/inicio\/las-normas-que-se-usaban-para-perseguir-a-los-pobres-y-a-los-discapacitados\/"},"modified":"2025-08-10T08:25:25","modified_gmt":"2025-08-10T11:25:25","slug":"las-normas-que-se-usaban-para-perseguir-a-los-pobres-y-a-los-discapacitados","status":"publish","type":"post","link":"https:\/\/gysfm.com.ar\/inicio\/las-normas-que-se-usaban-para-perseguir-a-los-pobres-y-a-los-discapacitados\/","title":{"rendered":"Las normas que se usaban para perseguir a los pobres y a los discapacitados"},"content":{"rendered":"<p> <br \/>\n<\/p>\n<div>\n<p class=\"com-paragraph   --s\"><strong>\u201cEs mejor ser bello que bueno\u201d.<\/strong><\/p>\n<p class=\"com-paragraph   --s\">Cuando el poeta y escritor irland\u00e9s Oscar Wilde (1854-1900) pronunci\u00f3 esta frase parece que lo hizo pensando en los Estados Unidos de su \u00e9poca.<\/p>\n<p class=\"com-paragraph   --s\">Durante la segunda mitad del siglo XIX, varias ciudades y por lo menos un estado del pa\u00eds norteamericano dictaron una serie de normas jur\u00eddicas que convirtieron en delito no reunir ciertas caracter\u00edsticas f\u00edsicas o presentar otras que atentaban contra la est\u00e9tica imperante en ese momento.<\/p>\n<p class=\"com-paragraph   --s\">Con el paso del tiempo, a estas controvertidas regulaciones, los cuales inclu\u00edan multas y penas de prisi\u00f3n, se les ha conocido como \u201cUgly laws\u201d (leyes feas, en espa\u00f1ol).<\/p>\n<div class=\"content-media\">\n<section role=\"button\" class=\"mod-media   \">\n<figure role=\"button\" class=\"mod-figure \"><figcaption class=\"mod-figcaption\"><span class=\"com-text --caption --twoxs\">El objetivo era de las llamadas \u00ableyes feas\u00bb era mantener a los indigentes y pobres alejados de las ciudades en pleno crecimiento.<\/span><span class=\"com-text --credit --twoxs\">Getty Images<\/span><\/figcaption><\/figure>\n<\/section>\n<\/div>\n<p class=\"com-paragraph   --s\">\u201cLas llamadas \u2018leyes feas\u2019 fueron una serie de ordenanzas municipales que prohib\u00edan a personas con determinadas caracter\u00edsticas f\u00edsicas estar en lugares p\u00fablicos\u201d, explic\u00f3 a BBC Mundo Susan Schweik, decana de Artes y Humanidades de la Universidad de Berkeley (EE.UU.).<\/p>\n<p class=\"com-paragraph   --s\">La primera de estas normativas fue aprobada en la ciudad de San Francisco en 1867, agreg\u00f3 la catedr\u00e1tica estadounidense, quien realiz\u00f3 un exhaustivo estudio de estas regulaciones para su libro <em>The Ugly Laws: Disability in Public <\/em>(\u201cLas leyes feas: La discapacidad en p\u00fablico\u201d, en espa\u00f1ol).<\/p>\n<p class=\"com-paragraph   --s\">La ordenanza de la entonces incipiente localidad californiana penalizaba a toda \u201cpersona enferma, mutilada o deformada de cualquier manera hasta el punto de convertirse en un objeto desagradable o repugnante\u201d que fuera vista en las calles, las plazas, los parques y otros lugares p\u00fablicos.<\/p>\n<p class=\"com-paragraph   --s\">Con el paso de los a\u00f1os, ciudades como Reno (Nevada), Portland (Oreg\u00f3n), Lincoln (Nebraska), Columbus (Ohio), Chicago (Illinois), Nueva Orleans (Luisiana) o el estado de Pensilvania copiaron el esp\u00edritu y letra del texto dictado en San Francisco.<\/p>\n<p class=\"com-paragraph   --s\">En el caso de Chicago, una de las \u00faltimas urbes en aprobar una normativa de esta naturaleza en 1916, el argumento esgrimido por las autoridades locales fue \u201celiminar\u201d toda la \u201cfealdad de las calles\u201d, report\u00f3 el diario local <em>Tribune<\/em>.<\/p>\n<p class=\"com-paragraph   --s\">\u201cDa la impresi\u00f3n que la \u2018fealdad\u2019 en cuesti\u00f3n se refer\u00eda objetos inanimados, como pilas de ladrillos, pero las obstrucciones que buscaban erradicar eran humanas\u201d, agreg\u00f3 Schweik.<\/p>\n<div class=\"content-media\">\n<section role=\"button\" class=\"mod-media   \">\n<figure role=\"button\" class=\"mod-figure \"><figcaption class=\"mod-figcaption\"><span class=\"com-text --caption --twoxs\">La Guerra Civil dej\u00f3 miles de personas heridas y mutiladas, aunque varias de las \u00ableyes feas\u00bb los exclu\u00edan a estos veteranos de sus disposiciones.<\/span><span class=\"com-text --credit --twoxs\">James Gardner\/Buyenlarge\/Getty Images<\/span><\/figcaption><\/figure>\n<\/section>\n<\/div>\n<p class=\"com-paragraph   --s\">En su momento, hubo quienes justificaron las medidas como una forma para controlar las enfermedades y proteger la salud p\u00fablica.<\/p>\n<p class=\"com-paragraph   --s\">\u201cLa tesis de la \u2018influencia materna\u2019 suger\u00eda que si una mujer embarazada ve\u00eda a alguien enfermo, mutilado o deforme se impresionar\u00eda de tal manera que su beb\u00e9 podr\u00eda nacer enfermo\u201d, explic\u00f3 la experta.<\/p>\n<p class=\"com-paragraph   --s\">La prueba de esta creencia est\u00e1 en el texto publicado en 1906 por el religioso estadounidense Charles Henderson.<\/p>\n<p class=\"com-paragraph   --s\">\u201cEl epil\u00e9ptico es objeto de terror, y nadie que haya presenciado a una persona convulsionando puede escapar del recuerdo inquietante del espect\u00e1culo y liberar por completo su mente del terror o la repugnancia\u201d, escribi\u00f3 al respaldar medidas para aislar a los \u201cindeseables\u201d.<\/p>\n<div class=\"content-media\">\n<section role=\"button\" class=\"mod-media   \">\n<figure role=\"button\" class=\"mod-figure \"><figcaption class=\"mod-figcaption\"><span class=\"com-text --caption --twoxs\">Las normas no solo prohibieron la mendicidad, sino que tambi\u00e9n imped\u00edan a los discapacitados dedicarse a las artes callejeras o a la venta ambulante.<\/span><span class=\"com-text --credit --twoxs\">Getty Images<\/span><\/figcaption><\/figure>\n<\/section>\n<\/div>\n<p class=\"com-paragraph   --s\">Para Schweik, el hecho de que estas ordenanzas comenzaran a aprobarse dos a\u00f1os despu\u00e9s de que terminara la Guerra Civil (1861-1865), la cual dej\u00f3 miles de lesionados y mutilados por todo el pa\u00eds, no fue algo casual.<\/p>\n<p class=\"com-paragraph   --s\">\u201cSan Francisco era una ciudad en pleno shock urbano, que estaba recuper\u00e1ndose del auge y la ca\u00edda de la fiebre del oro, y experiment\u00f3 una gran migraci\u00f3n multinacional, sobre todo china. Las calles estaban llenas de personas en apuros\u201d, afirm\u00f3 la experta.<\/p>\n<p class=\"com-paragraph   --s\">\u201cComo la ciudad estaba lejos de los campos de batalla no se vio abrumada por la cantidad de heridos y lesionados que se produjeron en otros sitios. Y, por eso, en San Francisco se pod\u00eda sospechar que muchos de los lesionados que hab\u00eda en sus calles eran unos impostores que prefer\u00edan mendigar a trabajar\u201d, agreg\u00f3.<\/p>\n<p class=\"com-paragraph   --s\">Un elemento llamativo es que muchas de estas \u201cleyes feas\u201d fueron respaldadas por organizaciones de caridad.<\/p>\n<p class=\"com-paragraph   --s\">\u201cEstas normas se usaron para recluir en instituciones a personas consideradas repugnantes\u201d, afirm\u00f3 a BBC Mundo Raquel Mangual, investigadora del Instituto sobre Discapacidades de la Universidad de Temple (EE.UU.).<\/p>\n<p class=\"com-paragraph   --s\">Las distintas normas establec\u00edan sanciones como multas y el encarcelamiento para los \u201cenfermos, mutilados o deformes\u201d que se expusieran al p\u00fablico.<\/p>\n<p class=\"com-paragraph   --s\">\u201cLa consecuencia fue que las personas a las que se les aplicaron estas \u2018leyes\u2019 fueron obligadas a ingresar a asilos o casas de beneficencia. Y esto era una sentencia no oficial de cadena perpetua\u201d, asegur\u00f3 Schweik.<\/p>\n<div class=\"content-media\">\n<section role=\"button\" class=\"mod-media   \">\n<figure role=\"button\" class=\"mod-figure \"><figcaption class=\"mod-figcaption\"><span class=\"com-text --caption --twoxs\">Expertos aseguran que las \u00ableyes feas\u00bb no estaban dirigidas en contra de personas como Roosevelt, a quien la polio dej\u00f3 paralizado de la cintura para abajo, sino que fue un da\u00f1o colateral.<\/span><span class=\"com-text --credit --twoxs\">Getty Images<\/span><\/figcaption><\/figure>\n<\/section>\n<\/div>\n<p class=\"com-paragraph   --s\">Aunque las \u201cleyes feas\u201d parec\u00edan destinadas a perseguir a ciertos grupos por su est\u00e9tica, o falta de ella, los expertos consultados indicaron que, en realidad, su objetivo era otro.<\/p>\n<p class=\"com-paragraph   --s\">\u201cEstas normas ten\u00edan muy poco que ver con el atractivo f\u00edsico y se usaron para sacar de las calles a personas con alguna minusval\u00eda, que no ten\u00edan hogar o a quienes padec\u00edan enfermedades como la epilepsia\u201d, explic\u00f3 Mangual.<\/p>\n<p class=\"com-paragraph   --s\">En t\u00e9rminos similares se pronunci\u00f3 el especialista en discapacidades intelectuales y del desarrollo, Guy Caruso.<\/p>\n<p class=\"com-paragraph   --s\">\u201cLas personas sin techo, los discapacitados o mutilados en la mayor\u00eda de los casos eran pobres, quienes ten\u00edan que mendigar para sobrevivir y la gente sent\u00eda repulsi\u00f3n al verlos en las calles\u201d, dijo el tambi\u00e9n profesor de la Universidad de Temple.<\/p>\n<p class=\"com-paragraph   --s\">Pero las ordenanzas no solo buscaron ocultar a las personas consideradas como \u201cdesagradables o repugnantes\u201d, al prohibirles estar en calles, plazas o parques, sino que les complicaron su subsistencia al vetarles dedicarse a la mendicidad.<\/p>\n<p class=\"com-paragraph   --s\">La norma de Chicago, por ejemplo, preve\u00eda multas de un US$ 1 (m\u00e1s de US$ 20 hoy) por cada infracci\u00f3n a la \u201cpersona enferma, mutilada o deformada\u201d que se expusiera en lugares p\u00fablicos.<\/p>\n<div class=\"content-media\">\n<section role=\"button\" class=\"mod-media   \">\n<figure role=\"button\" class=\"mod-figure \"><figcaption class=\"mod-figcaption\"><span class=\"com-text --caption --twoxs\">En el siglo XIX hab\u00eda la creencia de que las personas deformadas pod\u00edan afectar la salud p\u00fablica.<\/span><span class=\"com-text --credit --twoxs\">Getty Images<\/span><\/figcaption><\/figure>\n<\/section>\n<\/div>\n<p class=\"com-paragraph   --s\">Los limosneros no fueron \u00fanicos afectados, sino tambi\u00e9n aquellos que se dedicaban a la venta ambulante o a las artes callejeras.<\/p>\n<p class=\"com-paragraph   --s\">En su libro, Schweik cita un caso registrado en Cleveland en 1910. A un hombre que ten\u00eda las manos y los pies lesionados, y que se dedicaba a la venta de diarios en las v\u00edas p\u00fablicas, las autoridades le prohibieron seguir con su actividad, por considerar que no era trabajo para un \u201clisiado\u201d.<\/p>\n<p class=\"com-paragraph   --s\">A\u00f1os despu\u00e9s, en Portland unos polic\u00edas le dijeron a una mujer, conocida como \u201cMadre Hastings\u201d, quien tambi\u00e9n vend\u00eda peri\u00f3dicos en las calles, que ella era \u201cun espect\u00e1culo demasiado terrible para que los ni\u00f1os la vieran\u201d y le dieron dos opciones: Irse a una granja o a otra ciudad.<\/p>\n<p class=\"com-paragraph   --s\">La mujer se fue a Los \u00c1ngeles y se cas\u00f3 con otro lisiado, seg\u00fan la informaci\u00f3n que encontr\u00f3 la investigadora.<\/p>\n<div class=\"content-media\">\n<section role=\"button\" class=\"mod-media   \">\n<figure role=\"button\" class=\"mod-figure \"><figcaption class=\"mod-figcaption\"><span class=\"com-text --caption --twoxs\">Los mendigos o discapacitados que violaban las prohibiciones de exponerse en lugares p\u00fablicos se enfrentaban a multas o eran internados en hospicios, no siempre en buenas condiciones.<\/span><span class=\"com-text --credit --twoxs\">Jerry Cooke\/Corbis\/Getty Images<\/span><\/figcaption><\/figure>\n<\/section>\n<\/div>\n<p class=\"com-paragraph   --s\">Aunque se desconoce el n\u00famero de personas a las que se les aplicaron las normas, pues ni las polic\u00edas ni los tribunales llevaron un registro, los expertos consultados aseveraron que su impacto trascendi\u00f3 a sus v\u00edctimas.<\/p>\n<p class=\"com-paragraph   --s\">\u201cEstas leyes formaban parte de un conjunto que se entrelaz\u00f3 con un grupo de leyes surgidas a finales del siglo XIX, las cuales buscan controlar qu\u00e9 tipo de personas se deseaba permitir en los espacios p\u00fablicos\u201d, asever\u00f3 Schweik.<\/p>\n<p class=\"com-paragraph   --s\">La experta afirm\u00f3 que las ordenanzas terminaron conect\u00e1ndose con las leyes de segregaci\u00f3n racial aprobadas en el sur de EE.UU.<\/p>\n<p class=\"com-paragraph   --s\">Mangual, por su parte, dijo que los instrumentos tambi\u00e9n abrieron las puertas a la legislaci\u00f3n eugen\u00e9sica aprobada por algunos estados del pa\u00eds a finales del siglo XIX.<\/p>\n<p class=\"com-paragraph   --s\">\u201cEstas leyes facilitaron la aprobaci\u00f3n de otras que autorizaron la esterilizaci\u00f3n de quienes ten\u00edan una discapacidad o enfermedades mentales, para as\u00ed erradicar a estos grupos\u201d, agreg\u00f3.<\/p>\n<p class=\"com-paragraph   --s\">Schweik admiti\u00f3 que las \u201cleyes feas\u201d sirvieron para discriminar a las personas discapacitadas, pero aclar\u00f3 que este no era su objetivo principal.<\/p>\n<p class=\"com-paragraph   --s\">\u201cYo suelo decir que (el expresidente) Franklin Delano Roosevelt (1882-1945) no era el blanco de estas normas. El objetivo primario era la gente pobre\u201d, insisti\u00f3.<\/p>\n<p class=\"com-paragraph   --s\">En 1921, a los 39 a\u00f1os, Roosevelt sufri\u00f3 de poliomielitis, una enfermedad que le paraliz\u00f3 de la cintura para abajo y lo oblig\u00f3 a utilizar silla de ruedas durante el resto de su vida. Sin embargo, su condici\u00f3n fue ocultada y, para ciertos actos p\u00fablicos, el mandatario empleaba muletas y otros dispositivos para mantenerse en pie.<\/p>\n<div class=\"content-media\">\n<section role=\"button\" class=\"mod-media   \">\n<figure role=\"button\" class=\"mod-figure \"><figcaption class=\"mod-figcaption\"><span class=\"com-text --caption --twoxs\">A partir de la d\u00e9cada de 1970, el movimiento a favor de los derechos de las personas discapacitadas presion\u00f3 para derogar las \u00ableyes feas\u00bb.<\/span><span class=\"com-text --credit --twoxs\">Getty Images<\/span><\/figcaption><\/figure>\n<\/section>\n<\/div>\n<p class=\"com-paragraph   --s\">Con el arribo del siglo XX, la aplicaci\u00f3n de las \u201cleyes feas\u201d se hizo bastante inusual. No obstante, no fueron derogadas hasta la d\u00e9cada de 1970, gracias a las presiones del movimiento a favor de los derechos de las personas con discapacidad.<\/p>\n<p class=\"com-paragraph   --s\">\u201cEn 1970, en la ciudad de Omaha (Nebraska), un polic\u00eda quer\u00eda arrestar a una persona sin hogar, pero no ten\u00eda motivos, porque el hombre no mendigaba, no estaba borracho ni alteraba el orden p\u00fablico. Sin embargo, el agente encontr\u00f3 la ordenanza sobre personas feas y quiso aplic\u00e1rsela\u201d, narr\u00f3 Schweik.<\/p>\n<p class=\"com-paragraph   --s\">\u201cUn juez rechaz\u00f3 la pretensi\u00f3n del polic\u00eda, diciendo: \u2018\u00bfDebo permitir el arresto de los hijos de mi vecino si son feos?\u2019. Un diario local public\u00f3 la historia, y grupos de activistas comenzaron a organizarse para demandar la derogaci\u00f3n de la norma\u201d, prosigui\u00f3.<\/p>\n<p class=\"com-paragraph   --s\">\u201cPor cierto, el titular utilizado por el peri\u00f3dico: \u2018La ley de mendicidad solo castiga a los feos\u2019 es la raz\u00f3n por la que hoy conocemos a estos instrumentos como \u2018leyes feas\u2019. Esto, a pesar de que la palabra fea no figura en ninguno de ellos\u201d, remat\u00f3.<\/p>\n<p class=\"com-paragraph   --s\">Y aunque no todas las ciudades derogaron sus ordenanzas, la aprobaci\u00f3n, en 1990, de la Ley de Estadounidenses con Discapacidad (ADA, por sus siglas en ingl\u00e9s) por parte del Congreso de EE.UU. las dej\u00f3 sin efecto en la pr\u00e1ctica. Este texto proh\u00edbe cualquier tipo de discriminaci\u00f3n hacia las personas con alguna condici\u00f3n f\u00edsica o intelectual.<\/p>\n<div class=\"content-media\">\n<section role=\"button\" class=\"mod-media   \">\n<figure role=\"button\" class=\"mod-figure \"><figcaption class=\"mod-figcaption\"><span class=\"com-text --caption --twoxs\">El actual presidente de EE.UU., Donald Trump, en 1990 hizo campa\u00f1a para sacar a los mendigos e indigentes de la acaudalada Quinta Avenida de Nueva York.<\/span><span class=\"com-text --credit --twoxs\">Getty Images<\/span><\/figcaption><\/figure>\n<\/section>\n<\/div>\n<p class=\"com-paragraph   --s\">Pese a la anulaci\u00f3n oficial de las normas los expertos aseguran que sus secuelas no han sido superadas.<\/p>\n<p class=\"com-paragraph   --s\">\u201cEl esp\u00edritu de estas leyes sigue arraigado en el subconsciente de las personas e instituciones y eso se ve en la forma en la que todav\u00eda hoy se trata a las personas con discapacidad, pues se les sigue viendo como si fueran ni\u00f1os\u201d, afirm\u00f3 Mangual.<\/p>\n<p class=\"com-paragraph   --s\">Schweik tambi\u00e9n asegur\u00f3 que \u201cla cultura de las \u2018leyes feas\u2019 contin\u00faa muy vigente\u201d y asegur\u00f3 que el actual presidente de EE.UU., Donald Trump, es uno de quienes ha contribuido a ello.<\/p>\n<p class=\"com-paragraph   --s\">\u201cTrump forj\u00f3 su carrera pol\u00edtica a principios del 1990 con una campa\u00f1a en contra de los indigentes y personas con discapacidad que estaban en la acaudalada Quinta Avenida de Nueva York, algo que a \u00e9l le molestaba, porque \u2018degradaba\u2019 la zona alrededor de la Torre Trump\u201d, record\u00f3.<\/p>\n<p class=\"com-paragraph   --s\">\u201cHoy, en lugar de ordenanzas, las ciudades aplican formas m\u00e1s sutiles para alejar a personas que otros consideran antiest\u00e9ticas, como la instalaci\u00f3n de bancos y otro mobiliario urbano en plazas y estaciones de metro o tren que impide a los mendigos permanecer largo tiempo o dormir en esos sitios\u201d, dijo.<\/p>\n<div class=\"content-media\">\n<section role=\"button\" class=\"mod-media   \">\n<figure role=\"button\" class=\"mod-figure \"><figcaption class=\"mod-figcaption\"><span class=\"com-text --caption --twoxs\">Muchas ciudades hoy vienen aplicando medidas m\u00e1s sutiles para intentar impedirle a los indigentes o discapacitados estar en determinadas zonas p\u00fablicas.<\/span><span class=\"com-text --credit --twoxs\">Getty Images<\/span><\/figcaption><\/figure>\n<\/section>\n<\/div>\n<section class=\"container-center-100 mb-40 border border-bottom border-thin border-neutral-light-700\">\n<hr\/>\n<\/section>\n<\/div>\n\n","protected":false},"excerpt":{"rendered":"<p>\u201cEs mejor ser bello que bueno\u201d. Cuando el poeta y escritor irland\u00e9s Oscar Wilde (1854-1900) pronunci\u00f3 esta frase parece que lo hizo pensando en los Estados Unidos de su \u00e9poca. Durante la segunda mitad del siglo XIX, varias ciudades y por lo menos un estado del pa\u00eds norteamericano dictaron una serie de normas jur\u00eddicas que [&hellip;]<\/p>\n","protected":false},"author":2,"featured_media":142909,"comment_status":"closed","ping_status":"closed","sticky":false,"template":"","format":"standard","meta":{"footnotes":""},"categories":[26],"tags":[],"class_list":["post-142908","post","type-post","status-publish","format-standard","has-post-thumbnail","hentry","category-internacionales"],"yoast_head":"<!-- This site is optimized with the Yoast SEO plugin v24.4 - https:\/\/yoast.com\/wordpress\/plugins\/seo\/ -->\n<title>Las normas que se usaban para perseguir a los pobres y a los discapacitados - GYS NOTICIAS |<\/title>\n<meta name=\"robots\" content=\"index, follow, max-snippet:-1, max-image-preview:large, max-video-preview:-1\" \/>\n<link rel=\"canonical\" href=\"https:\/\/gysfm.com.ar\/inicio\/las-normas-que-se-usaban-para-perseguir-a-los-pobres-y-a-los-discapacitados\/\" \/>\n<meta property=\"og:locale\" content=\"es_ES\" \/>\n<meta property=\"og:type\" content=\"article\" \/>\n<meta property=\"og:title\" content=\"Las normas que se usaban para perseguir a los pobres y a los discapacitados - GYS NOTICIAS |\" \/>\n<meta property=\"og:description\" content=\"\u201cEs mejor ser bello que bueno\u201d. Cuando el poeta y escritor irland\u00e9s Oscar Wilde (1854-1900) pronunci\u00f3 esta frase parece que lo hizo pensando en los Estados Unidos de su \u00e9poca. Durante la segunda mitad del siglo XIX, varias ciudades y por lo menos un estado del pa\u00eds norteamericano dictaron una serie de normas jur\u00eddicas que [&hellip;]\" \/>\n<meta property=\"og:url\" content=\"https:\/\/gysfm.com.ar\/inicio\/las-normas-que-se-usaban-para-perseguir-a-los-pobres-y-a-los-discapacitados\/\" \/>\n<meta property=\"og:site_name\" content=\"GYS NOTICIAS |\" \/>\n<meta property=\"article:published_time\" content=\"2025-08-10T11:25:24+00:00\" \/>\n<meta property=\"article:modified_time\" content=\"2025-08-10T11:25:25+00:00\" \/>\n<meta property=\"og:image\" content=\"https:\/\/gysfm.com.ar\/inicio\/wp-content\/uploads\/2025\/08\/solo-dos-anos-despues-del-fin-de-la-guerra-civil-SR7N7EMQXRDJPDGVIKVKGYGKK4.webp.jpeg\" \/>\n\t<meta property=\"og:image:width\" content=\"1200\" \/>\n\t<meta property=\"og:image:height\" content=\"675\" \/>\n\t<meta property=\"og:image:type\" content=\"image\/jpeg\" \/>\n<meta name=\"author\" content=\"Prensa G&amp;S FM\" \/>\n<meta name=\"twitter:card\" content=\"summary_large_image\" \/>\n<meta name=\"twitter:label1\" content=\"Escrito por\" \/>\n\t<meta name=\"twitter:data1\" content=\"Prensa G&amp;S FM\" \/>\n\t<meta name=\"twitter:label2\" content=\"Tiempo de lectura\" \/>\n\t<meta name=\"twitter:data2\" content=\"10 minutos\" \/>\n<script type=\"application\/ld+json\" class=\"yoast-schema-graph\">{\"@context\":\"https:\/\/schema.org\",\"@graph\":[{\"@type\":\"Article\",\"@id\":\"https:\/\/gysfm.com.ar\/inicio\/las-normas-que-se-usaban-para-perseguir-a-los-pobres-y-a-los-discapacitados\/#article\",\"isPartOf\":{\"@id\":\"https:\/\/gysfm.com.ar\/inicio\/las-normas-que-se-usaban-para-perseguir-a-los-pobres-y-a-los-discapacitados\/\"},\"author\":{\"name\":\"Prensa G&amp;S FM\",\"@id\":\"https:\/\/gysfm.com.ar\/inicio\/#\/schema\/person\/3abba7593ef2ad19e1be221d54383dc5\"},\"headline\":\"Las normas que se usaban para perseguir a los pobres y a los discapacitados\",\"datePublished\":\"2025-08-10T11:25:24+00:00\",\"dateModified\":\"2025-08-10T11:25:25+00:00\",\"mainEntityOfPage\":{\"@id\":\"https:\/\/gysfm.com.ar\/inicio\/las-normas-que-se-usaban-para-perseguir-a-los-pobres-y-a-los-discapacitados\/\"},\"wordCount\":2069,\"publisher\":{\"@id\":\"https:\/\/gysfm.com.ar\/inicio\/#organization\"},\"image\":{\"@id\":\"https:\/\/gysfm.com.ar\/inicio\/las-normas-que-se-usaban-para-perseguir-a-los-pobres-y-a-los-discapacitados\/#primaryimage\"},\"thumbnailUrl\":\"https:\/\/gysfm.com.ar\/inicio\/wp-content\/uploads\/2025\/08\/solo-dos-anos-despues-del-fin-de-la-guerra-civil-SR7N7EMQXRDJPDGVIKVKGYGKK4.webp.jpeg\",\"articleSection\":[\"INTERNACIONALES\"],\"inLanguage\":\"es\"},{\"@type\":\"WebPage\",\"@id\":\"https:\/\/gysfm.com.ar\/inicio\/las-normas-que-se-usaban-para-perseguir-a-los-pobres-y-a-los-discapacitados\/\",\"url\":\"https:\/\/gysfm.com.ar\/inicio\/las-normas-que-se-usaban-para-perseguir-a-los-pobres-y-a-los-discapacitados\/\",\"name\":\"Las normas que se usaban para perseguir a los pobres y a los discapacitados - GYS NOTICIAS |\",\"isPartOf\":{\"@id\":\"https:\/\/gysfm.com.ar\/inicio\/#website\"},\"primaryImageOfPage\":{\"@id\":\"https:\/\/gysfm.com.ar\/inicio\/las-normas-que-se-usaban-para-perseguir-a-los-pobres-y-a-los-discapacitados\/#primaryimage\"},\"image\":{\"@id\":\"https:\/\/gysfm.com.ar\/inicio\/las-normas-que-se-usaban-para-perseguir-a-los-pobres-y-a-los-discapacitados\/#primaryimage\"},\"thumbnailUrl\":\"https:\/\/gysfm.com.ar\/inicio\/wp-content\/uploads\/2025\/08\/solo-dos-anos-despues-del-fin-de-la-guerra-civil-SR7N7EMQXRDJPDGVIKVKGYGKK4.webp.jpeg\",\"datePublished\":\"2025-08-10T11:25:24+00:00\",\"dateModified\":\"2025-08-10T11:25:25+00:00\",\"breadcrumb\":{\"@id\":\"https:\/\/gysfm.com.ar\/inicio\/las-normas-que-se-usaban-para-perseguir-a-los-pobres-y-a-los-discapacitados\/#breadcrumb\"},\"inLanguage\":\"es\",\"potentialAction\":[{\"@type\":\"ReadAction\",\"target\":[\"https:\/\/gysfm.com.ar\/inicio\/las-normas-que-se-usaban-para-perseguir-a-los-pobres-y-a-los-discapacitados\/\"]}]},{\"@type\":\"ImageObject\",\"inLanguage\":\"es\",\"@id\":\"https:\/\/gysfm.com.ar\/inicio\/las-normas-que-se-usaban-para-perseguir-a-los-pobres-y-a-los-discapacitados\/#primaryimage\",\"url\":\"https:\/\/gysfm.com.ar\/inicio\/wp-content\/uploads\/2025\/08\/solo-dos-anos-despues-del-fin-de-la-guerra-civil-SR7N7EMQXRDJPDGVIKVKGYGKK4.webp.jpeg\",\"contentUrl\":\"https:\/\/gysfm.com.ar\/inicio\/wp-content\/uploads\/2025\/08\/solo-dos-anos-despues-del-fin-de-la-guerra-civil-SR7N7EMQXRDJPDGVIKVKGYGKK4.webp.jpeg\",\"width\":1200,\"height\":675},{\"@type\":\"BreadcrumbList\",\"@id\":\"https:\/\/gysfm.com.ar\/inicio\/las-normas-que-se-usaban-para-perseguir-a-los-pobres-y-a-los-discapacitados\/#breadcrumb\",\"itemListElement\":[{\"@type\":\"ListItem\",\"position\":1,\"name\":\"Portada\",\"item\":\"https:\/\/gysfm.com.ar\/inicio\/\"},{\"@type\":\"ListItem\",\"position\":2,\"name\":\"Las normas que se usaban para perseguir a los pobres y a los discapacitados\"}]},{\"@type\":\"WebSite\",\"@id\":\"https:\/\/gysfm.com.ar\/inicio\/#website\",\"url\":\"https:\/\/gysfm.com.ar\/inicio\/\",\"name\":\"GYS NOTICIAS |\",\"description\":\"DIARIO - RADIO ONLINE SAN JUAN ARGENTINA\",\"publisher\":{\"@id\":\"https:\/\/gysfm.com.ar\/inicio\/#organization\"},\"potentialAction\":[{\"@type\":\"SearchAction\",\"target\":{\"@type\":\"EntryPoint\",\"urlTemplate\":\"https:\/\/gysfm.com.ar\/inicio\/?s={search_term_string}\"},\"query-input\":{\"@type\":\"PropertyValueSpecification\",\"valueRequired\":true,\"valueName\":\"search_term_string\"}}],\"inLanguage\":\"es\"},{\"@type\":\"Organization\",\"@id\":\"https:\/\/gysfm.com.ar\/inicio\/#organization\",\"name\":\"GYS NOTICIAS |\",\"url\":\"https:\/\/gysfm.com.ar\/inicio\/\",\"logo\":{\"@type\":\"ImageObject\",\"inLanguage\":\"es\",\"@id\":\"https:\/\/gysfm.com.ar\/inicio\/#\/schema\/logo\/image\/\",\"url\":\"https:\/\/gysfm.com.ar\/inicio\/wp-content\/uploads\/2023\/07\/LOGOGYS-OK.png\",\"contentUrl\":\"https:\/\/gysfm.com.ar\/inicio\/wp-content\/uploads\/2023\/07\/LOGOGYS-OK.png\",\"width\":1170,\"height\":872,\"caption\":\"GYS NOTICIAS |\"},\"image\":{\"@id\":\"https:\/\/gysfm.com.ar\/inicio\/#\/schema\/logo\/image\/\"}},{\"@type\":\"Person\",\"@id\":\"https:\/\/gysfm.com.ar\/inicio\/#\/schema\/person\/3abba7593ef2ad19e1be221d54383dc5\",\"name\":\"Prensa G&amp;S FM\",\"image\":{\"@type\":\"ImageObject\",\"inLanguage\":\"es\",\"@id\":\"https:\/\/gysfm.com.ar\/inicio\/#\/schema\/person\/image\/\",\"url\":\"https:\/\/secure.gravatar.com\/avatar\/096ec78df02049ab018702bb4ccedf659377fa92a26540b5247612077a0dbd29?s=96&d=mm&r=g\",\"contentUrl\":\"https:\/\/secure.gravatar.com\/avatar\/096ec78df02049ab018702bb4ccedf659377fa92a26540b5247612077a0dbd29?s=96&d=mm&r=g\",\"caption\":\"Prensa G&amp;S FM\"},\"sameAs\":[\"https:\/\/gysfm.com.ar\/\"],\"url\":\"https:\/\/gysfm.com.ar\/inicio\/author\/lucasm\/\"}]}<\/script>\n<!-- \/ Yoast SEO plugin. -->","yoast_head_json":{"title":"Las normas que se usaban para perseguir a los pobres y a los discapacitados - GYS NOTICIAS |","robots":{"index":"index","follow":"follow","max-snippet":"max-snippet:-1","max-image-preview":"max-image-preview:large","max-video-preview":"max-video-preview:-1"},"canonical":"https:\/\/gysfm.com.ar\/inicio\/las-normas-que-se-usaban-para-perseguir-a-los-pobres-y-a-los-discapacitados\/","og_locale":"es_ES","og_type":"article","og_title":"Las normas que se usaban para perseguir a los pobres y a los discapacitados - GYS NOTICIAS |","og_description":"\u201cEs mejor ser bello que bueno\u201d. Cuando el poeta y escritor irland\u00e9s Oscar Wilde (1854-1900) pronunci\u00f3 esta frase parece que lo hizo pensando en los Estados Unidos de su \u00e9poca. Durante la segunda mitad del siglo XIX, varias ciudades y por lo menos un estado del pa\u00eds norteamericano dictaron una serie de normas jur\u00eddicas que [&hellip;]","og_url":"https:\/\/gysfm.com.ar\/inicio\/las-normas-que-se-usaban-para-perseguir-a-los-pobres-y-a-los-discapacitados\/","og_site_name":"GYS NOTICIAS |","article_published_time":"2025-08-10T11:25:24+00:00","article_modified_time":"2025-08-10T11:25:25+00:00","og_image":[{"width":1200,"height":675,"url":"https:\/\/gysfm.com.ar\/inicio\/wp-content\/uploads\/2025\/08\/solo-dos-anos-despues-del-fin-de-la-guerra-civil-SR7N7EMQXRDJPDGVIKVKGYGKK4.webp.jpeg","type":"image\/jpeg"}],"author":"Prensa G&amp;S FM","twitter_card":"summary_large_image","twitter_misc":{"Escrito por":"Prensa G&amp;S FM","Tiempo de lectura":"10 minutos"},"schema":{"@context":"https:\/\/schema.org","@graph":[{"@type":"Article","@id":"https:\/\/gysfm.com.ar\/inicio\/las-normas-que-se-usaban-para-perseguir-a-los-pobres-y-a-los-discapacitados\/#article","isPartOf":{"@id":"https:\/\/gysfm.com.ar\/inicio\/las-normas-que-se-usaban-para-perseguir-a-los-pobres-y-a-los-discapacitados\/"},"author":{"name":"Prensa G&amp;S FM","@id":"https:\/\/gysfm.com.ar\/inicio\/#\/schema\/person\/3abba7593ef2ad19e1be221d54383dc5"},"headline":"Las normas que se usaban para perseguir a los pobres y a los discapacitados","datePublished":"2025-08-10T11:25:24+00:00","dateModified":"2025-08-10T11:25:25+00:00","mainEntityOfPage":{"@id":"https:\/\/gysfm.com.ar\/inicio\/las-normas-que-se-usaban-para-perseguir-a-los-pobres-y-a-los-discapacitados\/"},"wordCount":2069,"publisher":{"@id":"https:\/\/gysfm.com.ar\/inicio\/#organization"},"image":{"@id":"https:\/\/gysfm.com.ar\/inicio\/las-normas-que-se-usaban-para-perseguir-a-los-pobres-y-a-los-discapacitados\/#primaryimage"},"thumbnailUrl":"https:\/\/gysfm.com.ar\/inicio\/wp-content\/uploads\/2025\/08\/solo-dos-anos-despues-del-fin-de-la-guerra-civil-SR7N7EMQXRDJPDGVIKVKGYGKK4.webp.jpeg","articleSection":["INTERNACIONALES"],"inLanguage":"es"},{"@type":"WebPage","@id":"https:\/\/gysfm.com.ar\/inicio\/las-normas-que-se-usaban-para-perseguir-a-los-pobres-y-a-los-discapacitados\/","url":"https:\/\/gysfm.com.ar\/inicio\/las-normas-que-se-usaban-para-perseguir-a-los-pobres-y-a-los-discapacitados\/","name":"Las normas que se usaban para perseguir a los pobres y a los discapacitados - GYS NOTICIAS |","isPartOf":{"@id":"https:\/\/gysfm.com.ar\/inicio\/#website"},"primaryImageOfPage":{"@id":"https:\/\/gysfm.com.ar\/inicio\/las-normas-que-se-usaban-para-perseguir-a-los-pobres-y-a-los-discapacitados\/#primaryimage"},"image":{"@id":"https:\/\/gysfm.com.ar\/inicio\/las-normas-que-se-usaban-para-perseguir-a-los-pobres-y-a-los-discapacitados\/#primaryimage"},"thumbnailUrl":"https:\/\/gysfm.com.ar\/inicio\/wp-content\/uploads\/2025\/08\/solo-dos-anos-despues-del-fin-de-la-guerra-civil-SR7N7EMQXRDJPDGVIKVKGYGKK4.webp.jpeg","datePublished":"2025-08-10T11:25:24+00:00","dateModified":"2025-08-10T11:25:25+00:00","breadcrumb":{"@id":"https:\/\/gysfm.com.ar\/inicio\/las-normas-que-se-usaban-para-perseguir-a-los-pobres-y-a-los-discapacitados\/#breadcrumb"},"inLanguage":"es","potentialAction":[{"@type":"ReadAction","target":["https:\/\/gysfm.com.ar\/inicio\/las-normas-que-se-usaban-para-perseguir-a-los-pobres-y-a-los-discapacitados\/"]}]},{"@type":"ImageObject","inLanguage":"es","@id":"https:\/\/gysfm.com.ar\/inicio\/las-normas-que-se-usaban-para-perseguir-a-los-pobres-y-a-los-discapacitados\/#primaryimage","url":"https:\/\/gysfm.com.ar\/inicio\/wp-content\/uploads\/2025\/08\/solo-dos-anos-despues-del-fin-de-la-guerra-civil-SR7N7EMQXRDJPDGVIKVKGYGKK4.webp.jpeg","contentUrl":"https:\/\/gysfm.com.ar\/inicio\/wp-content\/uploads\/2025\/08\/solo-dos-anos-despues-del-fin-de-la-guerra-civil-SR7N7EMQXRDJPDGVIKVKGYGKK4.webp.jpeg","width":1200,"height":675},{"@type":"BreadcrumbList","@id":"https:\/\/gysfm.com.ar\/inicio\/las-normas-que-se-usaban-para-perseguir-a-los-pobres-y-a-los-discapacitados\/#breadcrumb","itemListElement":[{"@type":"ListItem","position":1,"name":"Portada","item":"https:\/\/gysfm.com.ar\/inicio\/"},{"@type":"ListItem","position":2,"name":"Las normas que se usaban para perseguir a los pobres y a los discapacitados"}]},{"@type":"WebSite","@id":"https:\/\/gysfm.com.ar\/inicio\/#website","url":"https:\/\/gysfm.com.ar\/inicio\/","name":"GYS NOTICIAS |","description":"DIARIO - RADIO ONLINE SAN JUAN ARGENTINA","publisher":{"@id":"https:\/\/gysfm.com.ar\/inicio\/#organization"},"potentialAction":[{"@type":"SearchAction","target":{"@type":"EntryPoint","urlTemplate":"https:\/\/gysfm.com.ar\/inicio\/?s={search_term_string}"},"query-input":{"@type":"PropertyValueSpecification","valueRequired":true,"valueName":"search_term_string"}}],"inLanguage":"es"},{"@type":"Organization","@id":"https:\/\/gysfm.com.ar\/inicio\/#organization","name":"GYS NOTICIAS |","url":"https:\/\/gysfm.com.ar\/inicio\/","logo":{"@type":"ImageObject","inLanguage":"es","@id":"https:\/\/gysfm.com.ar\/inicio\/#\/schema\/logo\/image\/","url":"https:\/\/gysfm.com.ar\/inicio\/wp-content\/uploads\/2023\/07\/LOGOGYS-OK.png","contentUrl":"https:\/\/gysfm.com.ar\/inicio\/wp-content\/uploads\/2023\/07\/LOGOGYS-OK.png","width":1170,"height":872,"caption":"GYS NOTICIAS |"},"image":{"@id":"https:\/\/gysfm.com.ar\/inicio\/#\/schema\/logo\/image\/"}},{"@type":"Person","@id":"https:\/\/gysfm.com.ar\/inicio\/#\/schema\/person\/3abba7593ef2ad19e1be221d54383dc5","name":"Prensa G&amp;S FM","image":{"@type":"ImageObject","inLanguage":"es","@id":"https:\/\/gysfm.com.ar\/inicio\/#\/schema\/person\/image\/","url":"https:\/\/secure.gravatar.com\/avatar\/096ec78df02049ab018702bb4ccedf659377fa92a26540b5247612077a0dbd29?s=96&d=mm&r=g","contentUrl":"https:\/\/secure.gravatar.com\/avatar\/096ec78df02049ab018702bb4ccedf659377fa92a26540b5247612077a0dbd29?s=96&d=mm&r=g","caption":"Prensa G&amp;S FM"},"sameAs":["https:\/\/gysfm.com.ar\/"],"url":"https:\/\/gysfm.com.ar\/inicio\/author\/lucasm\/"}]}},"_links":{"self":[{"href":"https:\/\/gysfm.com.ar\/inicio\/wp-json\/wp\/v2\/posts\/142908","targetHints":{"allow":["GET"]}}],"collection":[{"href":"https:\/\/gysfm.com.ar\/inicio\/wp-json\/wp\/v2\/posts"}],"about":[{"href":"https:\/\/gysfm.com.ar\/inicio\/wp-json\/wp\/v2\/types\/post"}],"author":[{"embeddable":true,"href":"https:\/\/gysfm.com.ar\/inicio\/wp-json\/wp\/v2\/users\/2"}],"replies":[{"embeddable":true,"href":"https:\/\/gysfm.com.ar\/inicio\/wp-json\/wp\/v2\/comments?post=142908"}],"version-history":[{"count":1,"href":"https:\/\/gysfm.com.ar\/inicio\/wp-json\/wp\/v2\/posts\/142908\/revisions"}],"predecessor-version":[{"id":142910,"href":"https:\/\/gysfm.com.ar\/inicio\/wp-json\/wp\/v2\/posts\/142908\/revisions\/142910"}],"wp:featuredmedia":[{"embeddable":true,"href":"https:\/\/gysfm.com.ar\/inicio\/wp-json\/wp\/v2\/media\/142909"}],"wp:attachment":[{"href":"https:\/\/gysfm.com.ar\/inicio\/wp-json\/wp\/v2\/media?parent=142908"}],"wp:term":[{"taxonomy":"category","embeddable":true,"href":"https:\/\/gysfm.com.ar\/inicio\/wp-json\/wp\/v2\/categories?post=142908"},{"taxonomy":"post_tag","embeddable":true,"href":"https:\/\/gysfm.com.ar\/inicio\/wp-json\/wp\/v2\/tags?post=142908"}],"curies":[{"name":"wp","href":"https:\/\/api.w.org\/{rel}","templated":true}]}}