{"id":142906,"date":"2025-08-10T08:16:34","date_gmt":"2025-08-10T11:16:34","guid":{"rendered":"https:\/\/gysfm.com.ar\/inicio\/maria-becerra-dara-un-show-360-en-river\/"},"modified":"2025-08-10T08:16:34","modified_gmt":"2025-08-10T11:16:34","slug":"maria-becerra-dara-un-show-360-en-river","status":"publish","type":"post","link":"https:\/\/gysfm.com.ar\/inicio\/maria-becerra-dara-un-show-360-en-river\/","title":{"rendered":"Mar\u00eda Becerra dar\u00e1 un show 360\u00b0 en River"},"content":{"rendered":"<p><\/p>\n<div id=\"article-content\">\n<p><strong><a target=\"_blank\" href=\"https:\/\/exitoina.perfil.com\/noticias\/escandalo\/maria-becerra-abrio-su-corazon-y-hablo-sobre-la-perdida-de-su-embarazo-queriamos-que-salga-bien.phtml\">Mar\u00eda Becerra<\/a> realizar\u00e1 un nuevo recital en <a target=\"_blank\" href=\"https:\/\/exitoina.perfil.com\/noticias\/musica\/maria-becerra-sorprendio-al-anunciar-un-nuevo-show-en-river-como-sera-y-cuando-saldran-las-entradas.phtml\">River Plate<\/a><\/strong>, pero esta vez lo har\u00e1 con un show 360\u00b0 que significar\u00e1 el primero en la historia del estadio.\u00a0<\/p>\n<p>El espect\u00e1culo tendr\u00e1 lugar en el recinto de N\u00fa\u00f1ez <strong>el 12 de diciembre <\/strong>y se espera que la artista presente su nuevo \u00e1lbum, del cual hasta el momento solo dio a conocer \u00abRamen para dos\u00bb.<\/p>\n<div style=\"text-align:center\">\n<figure class=\"image\" style=\"display:inline-block\"><img decoding=\"async\" style=\"max-width: 100%; width: 100%;\" alt=\"Mar\u00eda Becerra\" src=\"https:\/\/fotos.perfil.com\/\/2025\/08\/06\/900\/0\/maria-becerra-2075082.jpg\" loading=\"lazy\"\/>&#13;<figcaption>Mar\u00eda Becerra en River<\/figcaption>&#13;<br \/>\n<\/figure>\n<\/div>\n<h2>\u00bfCu\u00e1nto est\u00e1n las entradas para Mar\u00eda Becerra en River?<\/h2>\n<p>La venta de entradas se realizar\u00e1 en la p\u00e1gina oficial de<strong> All Access,<\/strong> comenzar\u00e1 el lunes 11 de agosto a las 13 horas en una preventa exclusiva con BBVA y seguir\u00e1 el martes 12 de agosto, tambi\u00e9n a las 13 horas, con la venta general.\u00a0<\/p>\n<p>Esta ser\u00e1 la lista de precios dependiendo de cada sector, sin contar los cargos por servicio:<\/p>\n<ul>&#13;<\/p>\n<li><strong>Platea Sivori \/ Centenario alta: <\/strong>$55.000<\/li>\n<p>&#13;<\/p>\n<li><strong>Platea San Mart\u00edn \/ Belgrano Alta lateral: <\/strong>$60.000<\/li>\n<p>&#13;<\/p>\n<li><strong>Campo general (con acceso a Sivori y Centenario inferior y baja):<\/strong> $65.000<\/li>\n<p>&#13;<\/p>\n<li><strong>Platea San Mart\u00edn \/ Belgrano Alta central: <\/strong>$75.000<\/li>\n<p>&#13;<\/p>\n<li><strong>Platea San Mart\u00edn \/ Belgrano Media lateral: <\/strong>$80.000<\/li>\n<p>&#13;<\/p>\n<li><strong>Platea San Mart\u00edn \/ Belgrano Baja lateral: <\/strong>$90.000<\/li>\n<p>&#13;<\/p>\n<li><strong>Platea Sivori \/ Centenario Media (numerada):<\/strong> $90.000<\/li>\n<p>&#13;<\/p>\n<li><strong>Platea San Mart\u00edn \/ Belgrano Media central: <\/strong>$95.000<\/li>\n<p>&#13;<\/p>\n<li><strong>Platea San Mart\u00edn \/ Belgrano\u00a0Inferior lateral: <\/strong>$105.000<\/li>\n<p>&#13;<\/p>\n<li><strong>Platea San Mart\u00edn \/ Belgrano \u00a0Baja central:<\/strong> $115.000<\/li>\n<p>&#13;<\/p>\n<li><strong>Platea San Mart\u00edn \/ Belgrano Inferior Central: <\/strong>$125.000<\/li>\n<p>&#13;<\/p>\n<li><strong>Pits:<\/strong> $300.000<\/li>\n<p>&#13;\n<\/ul>\n<div style=\"text-align:center\">\n<figure class=\"image\" style=\"display:inline-block\"><img decoding=\"async\" style=\"max-width: 100%; width: 100%;\" alt=\"Los precios de las entradas de Mar\u00eda Becerra\" src=\"https:\/\/fotos.perfil.com\/\/2025\/08\/09\/900\/0\/los-precios-de-las-entradas-de-maria-becerra-2077413.jpg\" loading=\"lazy\"\/>&#13;<figcaption>Los precios de las entradas de Mar\u00eda Becerra<\/figcaption>&#13;<br \/>\n<\/figure>\n<\/div>\n<h2>\u00bfQu\u00e9 es un concierto 360\u00b0?<\/h2>\n<p>Un concierto 360 es un nuevo estilo de show en donde\u00a0<strong>el escenario se ubica en el centro del recinto<\/strong>, para que sea totalmente rodeado por el p\u00fablico. Esto permite que los presentes tengan una vista panor\u00e1mica del espect\u00e1culo.\u00a0<\/p>\n<\/p><\/div>\n<p><script>\n\t(function(d, s, id) {\n\t\tvar js, fjs = d.getElementsByTagName(s)[0];\n\t\tif (d.getElementById(id)) return;\n\t\tjs = d.createElement(s);\n\t\tjs.id = id;\n\t\tjs.src=\"https:\/\/connect.facebook.net\/es_LA\/sdk.js#xfbml=1&version=v3.1\";\n\t\tfjs.parentNode.insertBefore(js, fjs);\n\t}(document, 'script', 'facebook-jssdk'));\n<\/script><\/p>\n","protected":false},"excerpt":{"rendered":"<p>Mar\u00eda Becerra realizar\u00e1 un nuevo recital en River Plate, pero esta vez lo har\u00e1 con un show 360\u00b0 que significar\u00e1 el primero en la historia del estadio.\u00a0 El espect\u00e1culo tendr\u00e1 lugar en el recinto de N\u00fa\u00f1ez el 12 de diciembre y se espera que la artista presente su nuevo \u00e1lbum, del cual hasta el momento [&hellip;]<\/p>\n","protected":false},"author":2,"featured_media":142907,"comment_status":"closed","ping_status":"closed","sticky":false,"template":"","format":"standard","meta":{"footnotes":""},"categories":[25],"tags":[],"class_list":["post-142906","post","type-post","status-publish","format-standard","has-post-thumbnail","hentry","category-nacionales"],"yoast_head":"<!-- This site is optimized with the Yoast SEO plugin v24.4 - https:\/\/yoast.com\/wordpress\/plugins\/seo\/ -->\n<title>Mar\u00eda Becerra dar\u00e1 un show 360\u00b0 en River - GYS NOTICIAS |<\/title>\n<meta name=\"robots\" content=\"index, follow, max-snippet:-1, max-image-preview:large, max-video-preview:-1\" \/>\n<link rel=\"canonical\" href=\"https:\/\/gysfm.com.ar\/inicio\/maria-becerra-dara-un-show-360-en-river\/\" \/>\n<meta property=\"og:locale\" content=\"es_ES\" \/>\n<meta property=\"og:type\" content=\"article\" \/>\n<meta property=\"og:title\" content=\"Mar\u00eda Becerra dar\u00e1 un show 360\u00b0 en River - GYS NOTICIAS |\" \/>\n<meta property=\"og:description\" content=\"Mar\u00eda Becerra realizar\u00e1 un nuevo recital en River Plate, pero esta vez lo har\u00e1 con un show 360\u00b0 que significar\u00e1 el primero en la historia del estadio.\u00a0 El espect\u00e1culo tendr\u00e1 lugar en el recinto de N\u00fa\u00f1ez el 12 de diciembre y se espera que la artista presente su nuevo \u00e1lbum, del cual hasta el momento [&hellip;]\" \/>\n<meta property=\"og:url\" content=\"https:\/\/gysfm.com.ar\/inicio\/maria-becerra-dara-un-show-360-en-river\/\" \/>\n<meta property=\"og:site_name\" content=\"GYS NOTICIAS |\" \/>\n<meta property=\"article:published_time\" content=\"2025-08-10T11:16:34+00:00\" \/>\n<meta property=\"og:image\" content=\"https:\/\/fotos.perfil.com\/\/2025\/08\/06\/900\/0\/maria-becerra-2075082.jpg\" \/>\n<meta name=\"author\" content=\"Prensa G&amp;S FM\" \/>\n<meta name=\"twitter:card\" content=\"summary_large_image\" \/>\n<meta name=\"twitter:label1\" content=\"Escrito por\" \/>\n\t<meta name=\"twitter:data1\" content=\"Prensa G&amp;S FM\" \/>\n\t<meta name=\"twitter:label2\" content=\"Tiempo de lectura\" \/>\n\t<meta name=\"twitter:data2\" content=\"1 minuto\" \/>\n<script type=\"application\/ld+json\" class=\"yoast-schema-graph\">{\"@context\":\"https:\/\/schema.org\",\"@graph\":[{\"@type\":\"Article\",\"@id\":\"https:\/\/gysfm.com.ar\/inicio\/maria-becerra-dara-un-show-360-en-river\/#article\",\"isPartOf\":{\"@id\":\"https:\/\/gysfm.com.ar\/inicio\/maria-becerra-dara-un-show-360-en-river\/\"},\"author\":{\"name\":\"Prensa G&amp;S FM\",\"@id\":\"https:\/\/gysfm.com.ar\/inicio\/#\/schema\/person\/3abba7593ef2ad19e1be221d54383dc5\"},\"headline\":\"Mar\u00eda Becerra dar\u00e1 un show 360\u00b0 en River\",\"datePublished\":\"2025-08-10T11:16:34+00:00\",\"mainEntityOfPage\":{\"@id\":\"https:\/\/gysfm.com.ar\/inicio\/maria-becerra-dara-un-show-360-en-river\/\"},\"wordCount\":278,\"publisher\":{\"@id\":\"https:\/\/gysfm.com.ar\/inicio\/#organization\"},\"image\":{\"@id\":\"https:\/\/gysfm.com.ar\/inicio\/maria-becerra-dara-un-show-360-en-river\/#primaryimage\"},\"thumbnailUrl\":\"https:\/\/gysfm.com.ar\/inicio\/wp-content\/uploads\/2025\/08\/maria-becerra-2077439.jpg\",\"articleSection\":[\"NACIONALES\"],\"inLanguage\":\"es\"},{\"@type\":\"WebPage\",\"@id\":\"https:\/\/gysfm.com.ar\/inicio\/maria-becerra-dara-un-show-360-en-river\/\",\"url\":\"https:\/\/gysfm.com.ar\/inicio\/maria-becerra-dara-un-show-360-en-river\/\",\"name\":\"Mar\u00eda Becerra dar\u00e1 un show 360\u00b0 en River - GYS NOTICIAS |\",\"isPartOf\":{\"@id\":\"https:\/\/gysfm.com.ar\/inicio\/#website\"},\"primaryImageOfPage\":{\"@id\":\"https:\/\/gysfm.com.ar\/inicio\/maria-becerra-dara-un-show-360-en-river\/#primaryimage\"},\"image\":{\"@id\":\"https:\/\/gysfm.com.ar\/inicio\/maria-becerra-dara-un-show-360-en-river\/#primaryimage\"},\"thumbnailUrl\":\"https:\/\/gysfm.com.ar\/inicio\/wp-content\/uploads\/2025\/08\/maria-becerra-2077439.jpg\",\"datePublished\":\"2025-08-10T11:16:34+00:00\",\"breadcrumb\":{\"@id\":\"https:\/\/gysfm.com.ar\/inicio\/maria-becerra-dara-un-show-360-en-river\/#breadcrumb\"},\"inLanguage\":\"es\",\"potentialAction\":[{\"@type\":\"ReadAction\",\"target\":[\"https:\/\/gysfm.com.ar\/inicio\/maria-becerra-dara-un-show-360-en-river\/\"]}]},{\"@type\":\"ImageObject\",\"inLanguage\":\"es\",\"@id\":\"https:\/\/gysfm.com.ar\/inicio\/maria-becerra-dara-un-show-360-en-river\/#primaryimage\",\"url\":\"https:\/\/gysfm.com.ar\/inicio\/wp-content\/uploads\/2025\/08\/maria-becerra-2077439.jpg\",\"contentUrl\":\"https:\/\/gysfm.com.ar\/inicio\/wp-content\/uploads\/2025\/08\/maria-becerra-2077439.jpg\",\"width\":1140,\"height\":641},{\"@type\":\"BreadcrumbList\",\"@id\":\"https:\/\/gysfm.com.ar\/inicio\/maria-becerra-dara-un-show-360-en-river\/#breadcrumb\",\"itemListElement\":[{\"@type\":\"ListItem\",\"position\":1,\"name\":\"Portada\",\"item\":\"https:\/\/gysfm.com.ar\/inicio\/\"},{\"@type\":\"ListItem\",\"position\":2,\"name\":\"Mar\u00eda Becerra dar\u00e1 un show 360\u00b0 en River\"}]},{\"@type\":\"WebSite\",\"@id\":\"https:\/\/gysfm.com.ar\/inicio\/#website\",\"url\":\"https:\/\/gysfm.com.ar\/inicio\/\",\"name\":\"GYS NOTICIAS |\",\"description\":\"DIARIO - RADIO ONLINE SAN JUAN ARGENTINA\",\"publisher\":{\"@id\":\"https:\/\/gysfm.com.ar\/inicio\/#organization\"},\"potentialAction\":[{\"@type\":\"SearchAction\",\"target\":{\"@type\":\"EntryPoint\",\"urlTemplate\":\"https:\/\/gysfm.com.ar\/inicio\/?s={search_term_string}\"},\"query-input\":{\"@type\":\"PropertyValueSpecification\",\"valueRequired\":true,\"valueName\":\"search_term_string\"}}],\"inLanguage\":\"es\"},{\"@type\":\"Organization\",\"@id\":\"https:\/\/gysfm.com.ar\/inicio\/#organization\",\"name\":\"GYS NOTICIAS |\",\"url\":\"https:\/\/gysfm.com.ar\/inicio\/\",\"logo\":{\"@type\":\"ImageObject\",\"inLanguage\":\"es\",\"@id\":\"https:\/\/gysfm.com.ar\/inicio\/#\/schema\/logo\/image\/\",\"url\":\"https:\/\/gysfm.com.ar\/inicio\/wp-content\/uploads\/2023\/07\/LOGOGYS-OK.png\",\"contentUrl\":\"https:\/\/gysfm.com.ar\/inicio\/wp-content\/uploads\/2023\/07\/LOGOGYS-OK.png\",\"width\":1170,\"height\":872,\"caption\":\"GYS NOTICIAS |\"},\"image\":{\"@id\":\"https:\/\/gysfm.com.ar\/inicio\/#\/schema\/logo\/image\/\"}},{\"@type\":\"Person\",\"@id\":\"https:\/\/gysfm.com.ar\/inicio\/#\/schema\/person\/3abba7593ef2ad19e1be221d54383dc5\",\"name\":\"Prensa G&amp;S FM\",\"image\":{\"@type\":\"ImageObject\",\"inLanguage\":\"es\",\"@id\":\"https:\/\/gysfm.com.ar\/inicio\/#\/schema\/person\/image\/\",\"url\":\"https:\/\/secure.gravatar.com\/avatar\/096ec78df02049ab018702bb4ccedf659377fa92a26540b5247612077a0dbd29?s=96&d=mm&r=g\",\"contentUrl\":\"https:\/\/secure.gravatar.com\/avatar\/096ec78df02049ab018702bb4ccedf659377fa92a26540b5247612077a0dbd29?s=96&d=mm&r=g\",\"caption\":\"Prensa G&amp;S FM\"},\"sameAs\":[\"https:\/\/gysfm.com.ar\/\"],\"url\":\"https:\/\/gysfm.com.ar\/inicio\/author\/lucasm\/\"}]}<\/script>\n<!-- \/ Yoast SEO plugin. -->","yoast_head_json":{"title":"Mar\u00eda Becerra dar\u00e1 un show 360\u00b0 en River - GYS NOTICIAS |","robots":{"index":"index","follow":"follow","max-snippet":"max-snippet:-1","max-image-preview":"max-image-preview:large","max-video-preview":"max-video-preview:-1"},"canonical":"https:\/\/gysfm.com.ar\/inicio\/maria-becerra-dara-un-show-360-en-river\/","og_locale":"es_ES","og_type":"article","og_title":"Mar\u00eda Becerra dar\u00e1 un show 360\u00b0 en River - GYS NOTICIAS |","og_description":"Mar\u00eda Becerra realizar\u00e1 un nuevo recital en River Plate, pero esta vez lo har\u00e1 con un show 360\u00b0 que significar\u00e1 el primero en la historia del estadio.\u00a0 El espect\u00e1culo tendr\u00e1 lugar en el recinto de N\u00fa\u00f1ez el 12 de diciembre y se espera que la artista presente su nuevo \u00e1lbum, del cual hasta el momento [&hellip;]","og_url":"https:\/\/gysfm.com.ar\/inicio\/maria-becerra-dara-un-show-360-en-river\/","og_site_name":"GYS NOTICIAS |","article_published_time":"2025-08-10T11:16:34+00:00","og_image":[{"url":"https:\/\/fotos.perfil.com\/\/2025\/08\/06\/900\/0\/maria-becerra-2075082.jpg","type":"","width":"","height":""}],"author":"Prensa G&amp;S FM","twitter_card":"summary_large_image","twitter_misc":{"Escrito por":"Prensa G&amp;S FM","Tiempo de lectura":"1 minuto"},"schema":{"@context":"https:\/\/schema.org","@graph":[{"@type":"Article","@id":"https:\/\/gysfm.com.ar\/inicio\/maria-becerra-dara-un-show-360-en-river\/#article","isPartOf":{"@id":"https:\/\/gysfm.com.ar\/inicio\/maria-becerra-dara-un-show-360-en-river\/"},"author":{"name":"Prensa G&amp;S FM","@id":"https:\/\/gysfm.com.ar\/inicio\/#\/schema\/person\/3abba7593ef2ad19e1be221d54383dc5"},"headline":"Mar\u00eda Becerra dar\u00e1 un show 360\u00b0 en River","datePublished":"2025-08-10T11:16:34+00:00","mainEntityOfPage":{"@id":"https:\/\/gysfm.com.ar\/inicio\/maria-becerra-dara-un-show-360-en-river\/"},"wordCount":278,"publisher":{"@id":"https:\/\/gysfm.com.ar\/inicio\/#organization"},"image":{"@id":"https:\/\/gysfm.com.ar\/inicio\/maria-becerra-dara-un-show-360-en-river\/#primaryimage"},"thumbnailUrl":"https:\/\/gysfm.com.ar\/inicio\/wp-content\/uploads\/2025\/08\/maria-becerra-2077439.jpg","articleSection":["NACIONALES"],"inLanguage":"es"},{"@type":"WebPage","@id":"https:\/\/gysfm.com.ar\/inicio\/maria-becerra-dara-un-show-360-en-river\/","url":"https:\/\/gysfm.com.ar\/inicio\/maria-becerra-dara-un-show-360-en-river\/","name":"Mar\u00eda Becerra dar\u00e1 un show 360\u00b0 en River - GYS NOTICIAS |","isPartOf":{"@id":"https:\/\/gysfm.com.ar\/inicio\/#website"},"primaryImageOfPage":{"@id":"https:\/\/gysfm.com.ar\/inicio\/maria-becerra-dara-un-show-360-en-river\/#primaryimage"},"image":{"@id":"https:\/\/gysfm.com.ar\/inicio\/maria-becerra-dara-un-show-360-en-river\/#primaryimage"},"thumbnailUrl":"https:\/\/gysfm.com.ar\/inicio\/wp-content\/uploads\/2025\/08\/maria-becerra-2077439.jpg","datePublished":"2025-08-10T11:16:34+00:00","breadcrumb":{"@id":"https:\/\/gysfm.com.ar\/inicio\/maria-becerra-dara-un-show-360-en-river\/#breadcrumb"},"inLanguage":"es","potentialAction":[{"@type":"ReadAction","target":["https:\/\/gysfm.com.ar\/inicio\/maria-becerra-dara-un-show-360-en-river\/"]}]},{"@type":"ImageObject","inLanguage":"es","@id":"https:\/\/gysfm.com.ar\/inicio\/maria-becerra-dara-un-show-360-en-river\/#primaryimage","url":"https:\/\/gysfm.com.ar\/inicio\/wp-content\/uploads\/2025\/08\/maria-becerra-2077439.jpg","contentUrl":"https:\/\/gysfm.com.ar\/inicio\/wp-content\/uploads\/2025\/08\/maria-becerra-2077439.jpg","width":1140,"height":641},{"@type":"BreadcrumbList","@id":"https:\/\/gysfm.com.ar\/inicio\/maria-becerra-dara-un-show-360-en-river\/#breadcrumb","itemListElement":[{"@type":"ListItem","position":1,"name":"Portada","item":"https:\/\/gysfm.com.ar\/inicio\/"},{"@type":"ListItem","position":2,"name":"Mar\u00eda Becerra dar\u00e1 un show 360\u00b0 en River"}]},{"@type":"WebSite","@id":"https:\/\/gysfm.com.ar\/inicio\/#website","url":"https:\/\/gysfm.com.ar\/inicio\/","name":"GYS NOTICIAS |","description":"DIARIO - RADIO ONLINE SAN JUAN ARGENTINA","publisher":{"@id":"https:\/\/gysfm.com.ar\/inicio\/#organization"},"potentialAction":[{"@type":"SearchAction","target":{"@type":"EntryPoint","urlTemplate":"https:\/\/gysfm.com.ar\/inicio\/?s={search_term_string}"},"query-input":{"@type":"PropertyValueSpecification","valueRequired":true,"valueName":"search_term_string"}}],"inLanguage":"es"},{"@type":"Organization","@id":"https:\/\/gysfm.com.ar\/inicio\/#organization","name":"GYS NOTICIAS |","url":"https:\/\/gysfm.com.ar\/inicio\/","logo":{"@type":"ImageObject","inLanguage":"es","@id":"https:\/\/gysfm.com.ar\/inicio\/#\/schema\/logo\/image\/","url":"https:\/\/gysfm.com.ar\/inicio\/wp-content\/uploads\/2023\/07\/LOGOGYS-OK.png","contentUrl":"https:\/\/gysfm.com.ar\/inicio\/wp-content\/uploads\/2023\/07\/LOGOGYS-OK.png","width":1170,"height":872,"caption":"GYS NOTICIAS |"},"image":{"@id":"https:\/\/gysfm.com.ar\/inicio\/#\/schema\/logo\/image\/"}},{"@type":"Person","@id":"https:\/\/gysfm.com.ar\/inicio\/#\/schema\/person\/3abba7593ef2ad19e1be221d54383dc5","name":"Prensa G&amp;S FM","image":{"@type":"ImageObject","inLanguage":"es","@id":"https:\/\/gysfm.com.ar\/inicio\/#\/schema\/person\/image\/","url":"https:\/\/secure.gravatar.com\/avatar\/096ec78df02049ab018702bb4ccedf659377fa92a26540b5247612077a0dbd29?s=96&d=mm&r=g","contentUrl":"https:\/\/secure.gravatar.com\/avatar\/096ec78df02049ab018702bb4ccedf659377fa92a26540b5247612077a0dbd29?s=96&d=mm&r=g","caption":"Prensa G&amp;S FM"},"sameAs":["https:\/\/gysfm.com.ar\/"],"url":"https:\/\/gysfm.com.ar\/inicio\/author\/lucasm\/"}]}},"_links":{"self":[{"href":"https:\/\/gysfm.com.ar\/inicio\/wp-json\/wp\/v2\/posts\/142906","targetHints":{"allow":["GET"]}}],"collection":[{"href":"https:\/\/gysfm.com.ar\/inicio\/wp-json\/wp\/v2\/posts"}],"about":[{"href":"https:\/\/gysfm.com.ar\/inicio\/wp-json\/wp\/v2\/types\/post"}],"author":[{"embeddable":true,"href":"https:\/\/gysfm.com.ar\/inicio\/wp-json\/wp\/v2\/users\/2"}],"replies":[{"embeddable":true,"href":"https:\/\/gysfm.com.ar\/inicio\/wp-json\/wp\/v2\/comments?post=142906"}],"version-history":[{"count":0,"href":"https:\/\/gysfm.com.ar\/inicio\/wp-json\/wp\/v2\/posts\/142906\/revisions"}],"wp:featuredmedia":[{"embeddable":true,"href":"https:\/\/gysfm.com.ar\/inicio\/wp-json\/wp\/v2\/media\/142907"}],"wp:attachment":[{"href":"https:\/\/gysfm.com.ar\/inicio\/wp-json\/wp\/v2\/media?parent=142906"}],"wp:term":[{"taxonomy":"category","embeddable":true,"href":"https:\/\/gysfm.com.ar\/inicio\/wp-json\/wp\/v2\/categories?post=142906"},{"taxonomy":"post_tag","embeddable":true,"href":"https:\/\/gysfm.com.ar\/inicio\/wp-json\/wp\/v2\/tags?post=142906"}],"curies":[{"name":"wp","href":"https:\/\/api.w.org\/{rel}","templated":true}]}}