{"id":142902,"date":"2025-08-10T07:45:11","date_gmt":"2025-08-10T10:45:11","guid":{"rendered":"https:\/\/gysfm.com.ar\/inicio\/el-tierno-reencuentro-de-benjamin-vicuna-con-sus-hijos-amancio-y-magnolia\/"},"modified":"2025-08-10T07:45:11","modified_gmt":"2025-08-10T10:45:11","slug":"el-tierno-reencuentro-de-benjamin-vicuna-con-sus-hijos-amancio-y-magnolia","status":"publish","type":"post","link":"https:\/\/gysfm.com.ar\/inicio\/el-tierno-reencuentro-de-benjamin-vicuna-con-sus-hijos-amancio-y-magnolia\/","title":{"rendered":"El tierno reencuentro de Benjam\u00edn Vicu\u00f1a con sus hijos Amancio y Magnolia"},"content":{"rendered":"<p><\/p>\n<div id=\"article-content\">\n<p><strong><a target=\"_blank\" href=\"https:\/\/exitoina.perfil.com\/noticias\/destacada\/benjamin-vicuna-expreso-dolor-tras-muerte-mila-yankelevich-nieta-cris-morena-preguntas-jamas-tendran-respuesta.phtml\">Benjam\u00edn Vicu\u00f1a<\/a> protagoniz\u00f3 un emotivo momento cuando se reencontr\u00f3 con sus hijos Amancio y Magnolia<\/strong>, quienes regresaron al pa\u00eds tras su viaje a Turqu\u00eda junto a <a target=\"_blank\" href=\"https:\/\/exitoina.perfil.com\/noticias\/destacada\/la-china-suarez-mauro-icardi-hicieron-anuncio-importante-redes-es-oficial.phtml\">La China Su\u00e1rez y Mauro Icardi<\/a>.\u00a0<\/p>\n<p>El viernes 8 de agosto por la noche, <strong>el actor chileno aguard\u00f3 junto a su hijo Benicio en el aeropuerto<\/strong> donde vio llegar a sus peque\u00f1os acompa\u00f1ados por su <a target=\"_blank\" href=\"https:\/\/exitoina.perfil.com\/noticias\/destacada\/nicolas-cabre-como-sera-futuro-hija-rufina-turquia-tarea-darle-alas-para-vuele.phtml\">hermana Rufina<\/a>, que regres\u00f3 para ver a su pap\u00e1 Nicol\u00e1s Cabr\u00e9. Adem\u00e1s, estaban junto a su abuela materna Marcela Riveiro y su pareja, adem\u00e1s de la ni\u00f1era.\u00a0<\/p>\n<p>Mientras abrazaba a su peque\u00f1o,<strong> Benjam\u00edn vio a sus hijos correr hac\u00eda el y unirse a su abrazo<\/strong>. Luego, se retir\u00f3 del lugar con Magnolia en sus brazos despu\u00e9s de haber saludado a quienes los acompa\u00f1aron durante el largo viaje.<\/p>\n<p><iframe id=\"vrudo\" class=\"vrudo\" src=\"https:\/\/rudo.video\/vod\/bUKQZR?volume=0\" width=\"100%\" height=\"100%\" allowscriptaccess=\"always\" allowfullscreen=\"true\" webkitallowfullscreen=\"true\" frameborder=\"0\" scrolling=\"no\" allow=\"autoplay; fullscreen\" loading=\"lazy\"><\/iframe><\/p>\n<p><em>Video: Far\u00e1ndula Show<\/em><\/p>\n<h2>\u00bfPor qu\u00e9 Rufina regres\u00f3 de Turqu\u00eda?<\/h2>\n<p>Seg\u00fan inform\u00f3 Paula Varela en Intrusos (Am\u00e9rica TV), la hija de La China Su\u00e1rez y Nicol\u00e1s Cabr\u00e9 regres\u00f3 a la Argentina porque extra\u00f1aba a su padre y quer\u00eda aprovechar los d\u00edas libres antes de empezar el colegio en Turqu\u00eda.<\/p>\n<p>Luego de que la actriz decidiera mudarse a Estambul junto a Mauro Icardi, quien retom\u00f3 sus actividades en el Galatasaray, el actor fue entrevistado por Tatiana Schapiro en Infobae. En una primera instancia, la periodista le consult\u00f3 sobre su v\u00ednculo con la madre de su hija:\u00a0<strong>\u00ab\u00bfHoy siguen siendo ese equipo?\u00bb<\/strong><\/p>\n<p>Entonces, coment\u00f3:<strong>\u00a0\u00abLa prioridad es Rufina. No hablamos de otra cosa que no sea ella.\u00a0<\/strong>Todo lo que tratamos de hacer y pensamos es por y para ella. Y hoy Rufi ya tiene edad para tener su espacio, voz y voto. Somos dos personas que siempre tuvimos claro que la prioridad es Rufi\u00bb.\u00a0<\/p>\n<p><iframe id=\"vrudo\" class=\"vrudo\" src=\"https:\/\/rudo.video\/vod\/bUIoY3?volume=0\" width=\"100%\" height=\"100%\" allowscriptaccess=\"always\" allowfullscreen=\"true\" webkitallowfullscreen=\"true\" frameborder=\"0\" scrolling=\"no\" allow=\"autoplay; fullscreen\" loading=\"lazy\"><\/iframe><\/p>\n<p>Adem\u00e1s, especific\u00f3 c\u00f3mo es su di\u00e1logo con la joven mientras est\u00e1 fuera de la Argentina:<strong>\u00a0\u00abHablo todos los d\u00edas cuando est\u00e1 en Turqu\u00eda. Hoy es mucho m\u00e1s f\u00e1cil. Obviamente se extra\u00f1a el &#8216;coso&#8217; pero siempre estamos en contacto.<\/strong>\u00a0Nosotros tenemos esta relaci\u00f3n que no var\u00eda. Y esta decisi\u00f3n que es de ella, porque nosotros le ponemos las opciones, y la decisi\u00f3n es libre de toda culpa. Yo le tengo que sacar el peso. Pap\u00e1 est\u00e1 feliz. Yo admiro que tenga las bolas de encarar esta aventura, irse del pa\u00eds, conocer gente nueva.\u00bb\u00a0<\/p>\n<\/p><\/div>\n<p><script>\n\t(function(d, s, id) {\n\t\tvar js, fjs = d.getElementsByTagName(s)[0];\n\t\tif (d.getElementById(id)) return;\n\t\tjs = d.createElement(s);\n\t\tjs.id = id;\n\t\tjs.src=\"https:\/\/connect.facebook.net\/es_LA\/sdk.js#xfbml=1&version=v3.1\";\n\t\tfjs.parentNode.insertBefore(js, fjs);\n\t}(document, 'script', 'facebook-jssdk'));\n<\/script><\/p>\n","protected":false},"excerpt":{"rendered":"<p>Benjam\u00edn Vicu\u00f1a protagoniz\u00f3 un emotivo momento cuando se reencontr\u00f3 con sus hijos Amancio y Magnolia, quienes regresaron al pa\u00eds tras su viaje a Turqu\u00eda junto a La China Su\u00e1rez y Mauro Icardi.\u00a0 El viernes 8 de agosto por la noche, el actor chileno aguard\u00f3 junto a su hijo Benicio en el aeropuerto donde vio llegar [&hellip;]<\/p>\n","protected":false},"author":2,"featured_media":142903,"comment_status":"closed","ping_status":"closed","sticky":false,"template":"","format":"standard","meta":{"footnotes":""},"categories":[25],"tags":[],"class_list":["post-142902","post","type-post","status-publish","format-standard","has-post-thumbnail","hentry","category-nacionales"],"yoast_head":"<!-- This site is optimized with the Yoast SEO plugin v24.4 - https:\/\/yoast.com\/wordpress\/plugins\/seo\/ -->\n<title>El tierno reencuentro de Benjam\u00edn Vicu\u00f1a con sus hijos Amancio y Magnolia - GYS NOTICIAS |<\/title>\n<meta name=\"robots\" content=\"index, follow, max-snippet:-1, max-image-preview:large, max-video-preview:-1\" \/>\n<link rel=\"canonical\" href=\"https:\/\/gysfm.com.ar\/inicio\/el-tierno-reencuentro-de-benjamin-vicuna-con-sus-hijos-amancio-y-magnolia\/\" \/>\n<meta property=\"og:locale\" content=\"es_ES\" \/>\n<meta property=\"og:type\" content=\"article\" \/>\n<meta property=\"og:title\" content=\"El tierno reencuentro de Benjam\u00edn Vicu\u00f1a con sus hijos Amancio y Magnolia - GYS NOTICIAS |\" \/>\n<meta property=\"og:description\" content=\"Benjam\u00edn Vicu\u00f1a protagoniz\u00f3 un emotivo momento cuando se reencontr\u00f3 con sus hijos Amancio y Magnolia, quienes regresaron al pa\u00eds tras su viaje a Turqu\u00eda junto a La China Su\u00e1rez y Mauro Icardi.\u00a0 El viernes 8 de agosto por la noche, el actor chileno aguard\u00f3 junto a su hijo Benicio en el aeropuerto donde vio llegar [&hellip;]\" \/>\n<meta property=\"og:url\" content=\"https:\/\/gysfm.com.ar\/inicio\/el-tierno-reencuentro-de-benjamin-vicuna-con-sus-hijos-amancio-y-magnolia\/\" \/>\n<meta property=\"og:site_name\" content=\"GYS NOTICIAS |\" \/>\n<meta property=\"article:published_time\" content=\"2025-08-10T10:45:11+00:00\" \/>\n<meta name=\"author\" content=\"Prensa G&amp;S FM\" \/>\n<meta name=\"twitter:card\" content=\"summary_large_image\" \/>\n<meta name=\"twitter:label1\" content=\"Escrito por\" \/>\n\t<meta name=\"twitter:data1\" content=\"Prensa G&amp;S FM\" \/>\n\t<meta name=\"twitter:label2\" content=\"Tiempo de lectura\" \/>\n\t<meta name=\"twitter:data2\" content=\"2 minutos\" \/>\n<script type=\"application\/ld+json\" class=\"yoast-schema-graph\">{\"@context\":\"https:\/\/schema.org\",\"@graph\":[{\"@type\":\"Article\",\"@id\":\"https:\/\/gysfm.com.ar\/inicio\/el-tierno-reencuentro-de-benjamin-vicuna-con-sus-hijos-amancio-y-magnolia\/#article\",\"isPartOf\":{\"@id\":\"https:\/\/gysfm.com.ar\/inicio\/el-tierno-reencuentro-de-benjamin-vicuna-con-sus-hijos-amancio-y-magnolia\/\"},\"author\":{\"name\":\"Prensa G&amp;S FM\",\"@id\":\"https:\/\/gysfm.com.ar\/inicio\/#\/schema\/person\/3abba7593ef2ad19e1be221d54383dc5\"},\"headline\":\"El tierno reencuentro de Benjam\u00edn Vicu\u00f1a con sus hijos Amancio y Magnolia\",\"datePublished\":\"2025-08-10T10:45:11+00:00\",\"mainEntityOfPage\":{\"@id\":\"https:\/\/gysfm.com.ar\/inicio\/el-tierno-reencuentro-de-benjamin-vicuna-con-sus-hijos-amancio-y-magnolia\/\"},\"wordCount\":425,\"publisher\":{\"@id\":\"https:\/\/gysfm.com.ar\/inicio\/#organization\"},\"image\":{\"@id\":\"https:\/\/gysfm.com.ar\/inicio\/el-tierno-reencuentro-de-benjamin-vicuna-con-sus-hijos-amancio-y-magnolia\/#primaryimage\"},\"thumbnailUrl\":\"https:\/\/gysfm.com.ar\/inicio\/wp-content\/uploads\/2025\/08\/benjamin-vicuna-amancio-y-magnolia-2077446.jpg\",\"articleSection\":[\"NACIONALES\"],\"inLanguage\":\"es\"},{\"@type\":\"WebPage\",\"@id\":\"https:\/\/gysfm.com.ar\/inicio\/el-tierno-reencuentro-de-benjamin-vicuna-con-sus-hijos-amancio-y-magnolia\/\",\"url\":\"https:\/\/gysfm.com.ar\/inicio\/el-tierno-reencuentro-de-benjamin-vicuna-con-sus-hijos-amancio-y-magnolia\/\",\"name\":\"El tierno reencuentro de Benjam\u00edn Vicu\u00f1a con sus hijos Amancio y Magnolia - GYS NOTICIAS |\",\"isPartOf\":{\"@id\":\"https:\/\/gysfm.com.ar\/inicio\/#website\"},\"primaryImageOfPage\":{\"@id\":\"https:\/\/gysfm.com.ar\/inicio\/el-tierno-reencuentro-de-benjamin-vicuna-con-sus-hijos-amancio-y-magnolia\/#primaryimage\"},\"image\":{\"@id\":\"https:\/\/gysfm.com.ar\/inicio\/el-tierno-reencuentro-de-benjamin-vicuna-con-sus-hijos-amancio-y-magnolia\/#primaryimage\"},\"thumbnailUrl\":\"https:\/\/gysfm.com.ar\/inicio\/wp-content\/uploads\/2025\/08\/benjamin-vicuna-amancio-y-magnolia-2077446.jpg\",\"datePublished\":\"2025-08-10T10:45:11+00:00\",\"breadcrumb\":{\"@id\":\"https:\/\/gysfm.com.ar\/inicio\/el-tierno-reencuentro-de-benjamin-vicuna-con-sus-hijos-amancio-y-magnolia\/#breadcrumb\"},\"inLanguage\":\"es\",\"potentialAction\":[{\"@type\":\"ReadAction\",\"target\":[\"https:\/\/gysfm.com.ar\/inicio\/el-tierno-reencuentro-de-benjamin-vicuna-con-sus-hijos-amancio-y-magnolia\/\"]}]},{\"@type\":\"ImageObject\",\"inLanguage\":\"es\",\"@id\":\"https:\/\/gysfm.com.ar\/inicio\/el-tierno-reencuentro-de-benjamin-vicuna-con-sus-hijos-amancio-y-magnolia\/#primaryimage\",\"url\":\"https:\/\/gysfm.com.ar\/inicio\/wp-content\/uploads\/2025\/08\/benjamin-vicuna-amancio-y-magnolia-2077446.jpg\",\"contentUrl\":\"https:\/\/gysfm.com.ar\/inicio\/wp-content\/uploads\/2025\/08\/benjamin-vicuna-amancio-y-magnolia-2077446.jpg\",\"width\":1140,\"height\":641},{\"@type\":\"BreadcrumbList\",\"@id\":\"https:\/\/gysfm.com.ar\/inicio\/el-tierno-reencuentro-de-benjamin-vicuna-con-sus-hijos-amancio-y-magnolia\/#breadcrumb\",\"itemListElement\":[{\"@type\":\"ListItem\",\"position\":1,\"name\":\"Portada\",\"item\":\"https:\/\/gysfm.com.ar\/inicio\/\"},{\"@type\":\"ListItem\",\"position\":2,\"name\":\"El tierno reencuentro de Benjam\u00edn Vicu\u00f1a con sus hijos Amancio y Magnolia\"}]},{\"@type\":\"WebSite\",\"@id\":\"https:\/\/gysfm.com.ar\/inicio\/#website\",\"url\":\"https:\/\/gysfm.com.ar\/inicio\/\",\"name\":\"GYS NOTICIAS |\",\"description\":\"DIARIO - RADIO ONLINE SAN JUAN ARGENTINA\",\"publisher\":{\"@id\":\"https:\/\/gysfm.com.ar\/inicio\/#organization\"},\"potentialAction\":[{\"@type\":\"SearchAction\",\"target\":{\"@type\":\"EntryPoint\",\"urlTemplate\":\"https:\/\/gysfm.com.ar\/inicio\/?s={search_term_string}\"},\"query-input\":{\"@type\":\"PropertyValueSpecification\",\"valueRequired\":true,\"valueName\":\"search_term_string\"}}],\"inLanguage\":\"es\"},{\"@type\":\"Organization\",\"@id\":\"https:\/\/gysfm.com.ar\/inicio\/#organization\",\"name\":\"GYS NOTICIAS |\",\"url\":\"https:\/\/gysfm.com.ar\/inicio\/\",\"logo\":{\"@type\":\"ImageObject\",\"inLanguage\":\"es\",\"@id\":\"https:\/\/gysfm.com.ar\/inicio\/#\/schema\/logo\/image\/\",\"url\":\"https:\/\/gysfm.com.ar\/inicio\/wp-content\/uploads\/2023\/07\/LOGOGYS-OK.png\",\"contentUrl\":\"https:\/\/gysfm.com.ar\/inicio\/wp-content\/uploads\/2023\/07\/LOGOGYS-OK.png\",\"width\":1170,\"height\":872,\"caption\":\"GYS NOTICIAS |\"},\"image\":{\"@id\":\"https:\/\/gysfm.com.ar\/inicio\/#\/schema\/logo\/image\/\"}},{\"@type\":\"Person\",\"@id\":\"https:\/\/gysfm.com.ar\/inicio\/#\/schema\/person\/3abba7593ef2ad19e1be221d54383dc5\",\"name\":\"Prensa G&amp;S FM\",\"image\":{\"@type\":\"ImageObject\",\"inLanguage\":\"es\",\"@id\":\"https:\/\/gysfm.com.ar\/inicio\/#\/schema\/person\/image\/\",\"url\":\"https:\/\/secure.gravatar.com\/avatar\/096ec78df02049ab018702bb4ccedf659377fa92a26540b5247612077a0dbd29?s=96&d=mm&r=g\",\"contentUrl\":\"https:\/\/secure.gravatar.com\/avatar\/096ec78df02049ab018702bb4ccedf659377fa92a26540b5247612077a0dbd29?s=96&d=mm&r=g\",\"caption\":\"Prensa G&amp;S FM\"},\"sameAs\":[\"https:\/\/gysfm.com.ar\/\"],\"url\":\"https:\/\/gysfm.com.ar\/inicio\/author\/lucasm\/\"}]}<\/script>\n<!-- \/ Yoast SEO plugin. -->","yoast_head_json":{"title":"El tierno reencuentro de Benjam\u00edn Vicu\u00f1a con sus hijos Amancio y Magnolia - GYS NOTICIAS |","robots":{"index":"index","follow":"follow","max-snippet":"max-snippet:-1","max-image-preview":"max-image-preview:large","max-video-preview":"max-video-preview:-1"},"canonical":"https:\/\/gysfm.com.ar\/inicio\/el-tierno-reencuentro-de-benjamin-vicuna-con-sus-hijos-amancio-y-magnolia\/","og_locale":"es_ES","og_type":"article","og_title":"El tierno reencuentro de Benjam\u00edn Vicu\u00f1a con sus hijos Amancio y Magnolia - GYS NOTICIAS |","og_description":"Benjam\u00edn Vicu\u00f1a protagoniz\u00f3 un emotivo momento cuando se reencontr\u00f3 con sus hijos Amancio y Magnolia, quienes regresaron al pa\u00eds tras su viaje a Turqu\u00eda junto a La China Su\u00e1rez y Mauro Icardi.\u00a0 El viernes 8 de agosto por la noche, el actor chileno aguard\u00f3 junto a su hijo Benicio en el aeropuerto donde vio llegar [&hellip;]","og_url":"https:\/\/gysfm.com.ar\/inicio\/el-tierno-reencuentro-de-benjamin-vicuna-con-sus-hijos-amancio-y-magnolia\/","og_site_name":"GYS NOTICIAS |","article_published_time":"2025-08-10T10:45:11+00:00","author":"Prensa G&amp;S FM","twitter_card":"summary_large_image","twitter_misc":{"Escrito por":"Prensa G&amp;S FM","Tiempo de lectura":"2 minutos"},"schema":{"@context":"https:\/\/schema.org","@graph":[{"@type":"Article","@id":"https:\/\/gysfm.com.ar\/inicio\/el-tierno-reencuentro-de-benjamin-vicuna-con-sus-hijos-amancio-y-magnolia\/#article","isPartOf":{"@id":"https:\/\/gysfm.com.ar\/inicio\/el-tierno-reencuentro-de-benjamin-vicuna-con-sus-hijos-amancio-y-magnolia\/"},"author":{"name":"Prensa G&amp;S FM","@id":"https:\/\/gysfm.com.ar\/inicio\/#\/schema\/person\/3abba7593ef2ad19e1be221d54383dc5"},"headline":"El tierno reencuentro de Benjam\u00edn Vicu\u00f1a con sus hijos Amancio y Magnolia","datePublished":"2025-08-10T10:45:11+00:00","mainEntityOfPage":{"@id":"https:\/\/gysfm.com.ar\/inicio\/el-tierno-reencuentro-de-benjamin-vicuna-con-sus-hijos-amancio-y-magnolia\/"},"wordCount":425,"publisher":{"@id":"https:\/\/gysfm.com.ar\/inicio\/#organization"},"image":{"@id":"https:\/\/gysfm.com.ar\/inicio\/el-tierno-reencuentro-de-benjamin-vicuna-con-sus-hijos-amancio-y-magnolia\/#primaryimage"},"thumbnailUrl":"https:\/\/gysfm.com.ar\/inicio\/wp-content\/uploads\/2025\/08\/benjamin-vicuna-amancio-y-magnolia-2077446.jpg","articleSection":["NACIONALES"],"inLanguage":"es"},{"@type":"WebPage","@id":"https:\/\/gysfm.com.ar\/inicio\/el-tierno-reencuentro-de-benjamin-vicuna-con-sus-hijos-amancio-y-magnolia\/","url":"https:\/\/gysfm.com.ar\/inicio\/el-tierno-reencuentro-de-benjamin-vicuna-con-sus-hijos-amancio-y-magnolia\/","name":"El tierno reencuentro de Benjam\u00edn Vicu\u00f1a con sus hijos Amancio y Magnolia - GYS NOTICIAS |","isPartOf":{"@id":"https:\/\/gysfm.com.ar\/inicio\/#website"},"primaryImageOfPage":{"@id":"https:\/\/gysfm.com.ar\/inicio\/el-tierno-reencuentro-de-benjamin-vicuna-con-sus-hijos-amancio-y-magnolia\/#primaryimage"},"image":{"@id":"https:\/\/gysfm.com.ar\/inicio\/el-tierno-reencuentro-de-benjamin-vicuna-con-sus-hijos-amancio-y-magnolia\/#primaryimage"},"thumbnailUrl":"https:\/\/gysfm.com.ar\/inicio\/wp-content\/uploads\/2025\/08\/benjamin-vicuna-amancio-y-magnolia-2077446.jpg","datePublished":"2025-08-10T10:45:11+00:00","breadcrumb":{"@id":"https:\/\/gysfm.com.ar\/inicio\/el-tierno-reencuentro-de-benjamin-vicuna-con-sus-hijos-amancio-y-magnolia\/#breadcrumb"},"inLanguage":"es","potentialAction":[{"@type":"ReadAction","target":["https:\/\/gysfm.com.ar\/inicio\/el-tierno-reencuentro-de-benjamin-vicuna-con-sus-hijos-amancio-y-magnolia\/"]}]},{"@type":"ImageObject","inLanguage":"es","@id":"https:\/\/gysfm.com.ar\/inicio\/el-tierno-reencuentro-de-benjamin-vicuna-con-sus-hijos-amancio-y-magnolia\/#primaryimage","url":"https:\/\/gysfm.com.ar\/inicio\/wp-content\/uploads\/2025\/08\/benjamin-vicuna-amancio-y-magnolia-2077446.jpg","contentUrl":"https:\/\/gysfm.com.ar\/inicio\/wp-content\/uploads\/2025\/08\/benjamin-vicuna-amancio-y-magnolia-2077446.jpg","width":1140,"height":641},{"@type":"BreadcrumbList","@id":"https:\/\/gysfm.com.ar\/inicio\/el-tierno-reencuentro-de-benjamin-vicuna-con-sus-hijos-amancio-y-magnolia\/#breadcrumb","itemListElement":[{"@type":"ListItem","position":1,"name":"Portada","item":"https:\/\/gysfm.com.ar\/inicio\/"},{"@type":"ListItem","position":2,"name":"El tierno reencuentro de Benjam\u00edn Vicu\u00f1a con sus hijos Amancio y Magnolia"}]},{"@type":"WebSite","@id":"https:\/\/gysfm.com.ar\/inicio\/#website","url":"https:\/\/gysfm.com.ar\/inicio\/","name":"GYS NOTICIAS |","description":"DIARIO - RADIO ONLINE SAN JUAN ARGENTINA","publisher":{"@id":"https:\/\/gysfm.com.ar\/inicio\/#organization"},"potentialAction":[{"@type":"SearchAction","target":{"@type":"EntryPoint","urlTemplate":"https:\/\/gysfm.com.ar\/inicio\/?s={search_term_string}"},"query-input":{"@type":"PropertyValueSpecification","valueRequired":true,"valueName":"search_term_string"}}],"inLanguage":"es"},{"@type":"Organization","@id":"https:\/\/gysfm.com.ar\/inicio\/#organization","name":"GYS NOTICIAS |","url":"https:\/\/gysfm.com.ar\/inicio\/","logo":{"@type":"ImageObject","inLanguage":"es","@id":"https:\/\/gysfm.com.ar\/inicio\/#\/schema\/logo\/image\/","url":"https:\/\/gysfm.com.ar\/inicio\/wp-content\/uploads\/2023\/07\/LOGOGYS-OK.png","contentUrl":"https:\/\/gysfm.com.ar\/inicio\/wp-content\/uploads\/2023\/07\/LOGOGYS-OK.png","width":1170,"height":872,"caption":"GYS NOTICIAS |"},"image":{"@id":"https:\/\/gysfm.com.ar\/inicio\/#\/schema\/logo\/image\/"}},{"@type":"Person","@id":"https:\/\/gysfm.com.ar\/inicio\/#\/schema\/person\/3abba7593ef2ad19e1be221d54383dc5","name":"Prensa G&amp;S FM","image":{"@type":"ImageObject","inLanguage":"es","@id":"https:\/\/gysfm.com.ar\/inicio\/#\/schema\/person\/image\/","url":"https:\/\/secure.gravatar.com\/avatar\/096ec78df02049ab018702bb4ccedf659377fa92a26540b5247612077a0dbd29?s=96&d=mm&r=g","contentUrl":"https:\/\/secure.gravatar.com\/avatar\/096ec78df02049ab018702bb4ccedf659377fa92a26540b5247612077a0dbd29?s=96&d=mm&r=g","caption":"Prensa G&amp;S FM"},"sameAs":["https:\/\/gysfm.com.ar\/"],"url":"https:\/\/gysfm.com.ar\/inicio\/author\/lucasm\/"}]}},"_links":{"self":[{"href":"https:\/\/gysfm.com.ar\/inicio\/wp-json\/wp\/v2\/posts\/142902","targetHints":{"allow":["GET"]}}],"collection":[{"href":"https:\/\/gysfm.com.ar\/inicio\/wp-json\/wp\/v2\/posts"}],"about":[{"href":"https:\/\/gysfm.com.ar\/inicio\/wp-json\/wp\/v2\/types\/post"}],"author":[{"embeddable":true,"href":"https:\/\/gysfm.com.ar\/inicio\/wp-json\/wp\/v2\/users\/2"}],"replies":[{"embeddable":true,"href":"https:\/\/gysfm.com.ar\/inicio\/wp-json\/wp\/v2\/comments?post=142902"}],"version-history":[{"count":0,"href":"https:\/\/gysfm.com.ar\/inicio\/wp-json\/wp\/v2\/posts\/142902\/revisions"}],"wp:featuredmedia":[{"embeddable":true,"href":"https:\/\/gysfm.com.ar\/inicio\/wp-json\/wp\/v2\/media\/142903"}],"wp:attachment":[{"href":"https:\/\/gysfm.com.ar\/inicio\/wp-json\/wp\/v2\/media?parent=142902"}],"wp:term":[{"taxonomy":"category","embeddable":true,"href":"https:\/\/gysfm.com.ar\/inicio\/wp-json\/wp\/v2\/categories?post=142902"},{"taxonomy":"post_tag","embeddable":true,"href":"https:\/\/gysfm.com.ar\/inicio\/wp-json\/wp\/v2\/tags?post=142902"}],"curies":[{"name":"wp","href":"https:\/\/api.w.org\/{rel}","templated":true}]}}