{"id":142899,"date":"2025-08-10T07:24:21","date_gmt":"2025-08-10T10:24:21","guid":{"rendered":"https:\/\/gysfm.com.ar\/inicio\/las-lecciones-de-la-ultima-retirada-de-gaza-y-la-tormenta-que-desato\/"},"modified":"2025-08-10T07:24:22","modified_gmt":"2025-08-10T10:24:22","slug":"las-lecciones-de-la-ultima-retirada-de-gaza-y-la-tormenta-que-desato","status":"publish","type":"post","link":"https:\/\/gysfm.com.ar\/inicio\/las-lecciones-de-la-ultima-retirada-de-gaza-y-la-tormenta-que-desato\/","title":{"rendered":"Las lecciones de la \u00faltima retirada de Gaza y la tormenta que desat\u00f3"},"content":{"rendered":"<p> <br \/>\n<\/p>\n<div>\n<p class=\"com-paragraph  --capital --s\">Mucho antes de que <strong>Donald Trump<\/strong> expresara su sue\u00f1o de convertir la Franja de Gaza en <a href=\"https:\/\/www.lanacion.com.ar\/estados-unidos\/trump-dice-estar-dispuesto-a-comprar-gaza-para-desarrollarlo-como-la-riviera-de-medio-oriente-nid10022025\/\" target=\"_self\" title=\"https:\/\/www.lanacion.com.ar\/estados-unidos\/trump-dice-estar-dispuesto-a-comprar-gaza-para-desarrollarlo-como-la-riviera-de-medio-oriente-nid10022025\/\" class=\"com-link break-word\" data-mrf-recirculation=\"n_link_parrafo\">\u201cla Riviera de Medio Oriente\u201d<\/a>, pasando de la devastaci\u00f3n y la pobreza al lujo y la opulencia, hubo quienes tuvieron una visi\u00f3n por el estilo. <strong>Solo que la comparaci\u00f3n era con Hong Kong<\/strong>.<\/p>\n<p class=\"com-paragraph   --s\">\u00bfPor qu\u00e9 Hong Kong? Quiz\u00e1s por el tama\u00f1o. Nada m\u00e1s pod\u00eda emparentar a la Franja de Gaza con el enclave financiero chino. <strong>El s\u00edmil reflejaba el optimismo reinante en 2005 sobre el futuro de Gaza cuando Israel, que la ocupaba militarmente desde 1967, decidi\u00f3 la retirada<\/strong>. Se dec\u00eda que Gaza ser\u00eda \u201cel Hong Kong de Medio Oriente\u201d. Otros quiz\u00e1s se ahorraban la met\u00e1fora, pero no el entusiasmo. <\/p>\n<p class=\"com-paragraph   --s\">\u201cEl fin del control y la responsabilidad de Israel sobre la Franja de Gaza permite a los palestinos, si as\u00ed lo desean, desarrollar su econom\u00eda y construir una sociedad que busque la paz, <strong>que sea desarrollada, libre, respetuosa de la ley y transparente,<\/strong> y que se adhiera a los principios democr\u00e1ticos\u201d, dijo el entonces primer ministro israel\u00ed, <strong>Ariel Sharon<\/strong>, en la Asamblea General de la ONU, semanas despu\u00e9s de la retirada.<\/p>\n<div class=\"content-media\">\n<section role=\"button\" class=\"mod-media   \">\n<figure role=\"button\" class=\"mod-figure \"><figcaption class=\"mod-figcaption\"><span class=\"com-text --caption --twoxs\">El ex primer ministro israel\u00ed Ariel Sharon, durante una conferencia en 2005<\/span><span class=\"com-text --credit --twoxs\">AP<\/span><\/figcaption><\/figure>\n<\/section>\n<\/div>\n<p class=\"com-paragraph   --s\">Por estos d\u00edas se cumplen veinte a\u00f1os de ese hito hist\u00f3rico, cuando Israel abandon\u00f3 el territorio gazat\u00ed, entre los meses de agosto y septiembre de 2005. La fecha simb\u00f3lica coincide con la intenci\u00f3n bastante expl\u00edcita del actual primer ministro, <strong>Benjamin Netanyahu<\/strong>, de dominar cada metro cuadrado restante del enclave palestino, y m\u00e1s adelante entreg\u00e1rselo a una fuerza de pa\u00edses \u00e1rabes. <strong>Otra conquista.<\/strong> Como si no hubiera corrido el reloj, una vuelta atr\u00e1s a una estrategia que parec\u00eda superada.<\/p>\n<p class=\"com-paragraph   --s\">\u00bfC\u00f3mo fue esa primera conquista israel\u00ed, y por qu\u00e9 el gobierno de Ariel Sharon orden\u00f3 a\u00f1os m\u00e1s tarde la llamada \u201cdesconexi\u00f3n\u201d o retirada? Cada detalle aporta pistas para entender qu\u00e9 podr\u00eda esperarse en esta nueva fase del conflicto, en la que Israel <strong>busca completar su ofensiva y ocupar por completo un territorio del que ya controla el 75%<\/strong>.<\/p>\n<p class=\"com-paragraph   --s\">Miles de tropas y colonos se asentaron en Gaza desde 1967, cuando el Ej\u00e9rcito tom\u00f3 posesi\u00f3n tras una de las m\u00faltiples guerras entre \u00e1rabes e israel\u00edes, en el constante vaiv\u00e9n que dejaban las recurrentes disputas.<\/p>\n<div class=\"content-media\">\n<section role=\"button\" class=\"mod-media   \">\n<figure role=\"button\" class=\"mod-figure \"><figcaption class=\"mod-figcaption\"><span class=\"com-text --caption --twoxs\">Imagen hist\u00f3rica de la ciudad de Rafah, bajo control egipcio hasta la guerra de 1967, cuando Israel ocup\u00f3 toda Gaza<\/span><span class=\"com-text --credit --twoxs\">Getty<\/span><\/figcaption><\/figure>\n<\/section>\n<\/div>\n<p class=\"com-paragraph   --s\">Durante varios a\u00f1os, el clima en esa estrecha parte del mundo bajo administraci\u00f3n militar fue de <strong>relativa calma<\/strong>, seg\u00fan explic\u00f3 a LA NACION <strong>Shaul Bartal<\/strong>, investigador del Centro de Estudios Estrat\u00e9gicos Begin-Sadat y del Instituto de Oriente de la Universidad de Lisboa. \u201cHab\u00eda mucho movimiento en las dos direcciones y era bastante pac\u00edfico. Hab\u00eda trabajo en Gaza y los \u00e1rabes que lo quer\u00edan pod\u00edan viajar a las ciudades israel\u00edes y trabajar en Israel\u201d, se\u00f1al\u00f3.<\/p>\n<p class=\"com-paragraph   --s\">Los colonos israel\u00edes, <strong>distribuidos en 21 asentamientos<\/strong>, se llevaban la mejor parte. Despu\u00e9s de todo, segu\u00eda siendo una ocupaci\u00f3n. Seg\u00fan Amnist\u00eda Internacional, por ejemplo, hubo palestinos que debieron abandonar sus tierras, <strong>se destruyeron hogares<\/strong>, y se reprimieron incluso las formas no violentas de disidencia pol\u00edtica.<\/p>\n<p class=\"com-paragraph   --s\">La Segunda Intifada o levantamiento palestino, que estall\u00f3 en el a\u00f1o 2000, hizo cada vez m\u00e1s dif\u00edcil mantener la presencia militar y civil. En ese nuevo contexto, <strong>la sociedad israel\u00ed no estaba de acuerdo con mantener a miles de colonos a cualquier costo<\/strong> y arriesgar la vida de sus soldados. Prevaleci\u00f3 el consenso de que extender la estad\u00eda en Gaza no val\u00eda la pena.<\/p>\n<div class=\"content-media\">\n<section role=\"button\" class=\"mod-media   \">\n<figure role=\"button\" class=\"mod-figure \"><figcaption class=\"mod-figcaption\"><span class=\"com-text --caption --twoxs\">Colonos y activistas intentan impedir que los soldados israel\u00edes desalojen una de las colonias de Gaza, en 2005<\/span><\/figcaption><\/figure>\n<\/section>\n<\/div>\n<p class=\"com-paragraph   --s\">\u201cEn los \u00faltimos a\u00f1os, si quer\u00edas viajar a los asentamientos necesitabas al menos dos jeeps militares que te escoltaran desde el check-point. <strong>Israel ten\u00eda patrullas en todos los caminos. <\/strong>Los terroristas disparaban desde los edificios y tiraban piedras y morteros. A veces hab\u00eda explosivos en el camino. Para los colonos era como vivir en un fuerte\u201d, dijo Bartal al recordar sus visitas a la zona.<\/p>\n<p class=\"com-paragraph   --s\">Israel ya se hab\u00eda retirado parcialmente de Gaza luego de los <strong>Acuerdos de Oslo<\/strong> de 1993. Eran los mismos acuerdos que ilusionaron al mundo con que la vida en com\u00fan entre \u00e1rabes e israel\u00edes era posible, y cuando los l\u00edderes de los dos bandos enemigos, antes irreconciliables, que no se pod\u00edan ver las caras, <strong>se dieron la mano frente a las c\u00e1maras y m\u00e1s adelante fueron recompensados con el Premio Nobel de la Paz<\/strong>.<\/p>\n<p class=\"com-paragraph   --s\">Para 2005, los acuerdos de paz eran papel mojado. <a href=\"https:\/\/www.lanacion.com.ar\/opinion\/el-legado-de-ariel-sharon-nid1657945\/\" target=\"_self\" title=\"https:\/\/www.lanacion.com.ar\/opinion\/el-legado-de-ariel-sharon-nid1657945\/\" class=\"com-link break-word\" data-mrf-recirculation=\"n_link_parrafo\">Nadie se daba la mano con nadie, no hab\u00eda fotos, no hab\u00eda premios<\/a>. Lo que hab\u00eda era una animosidad hacia las fuerzas ocupantes que sellaron la suerte de los colonos, obligados por el mismo Ej\u00e9rcito a dejar sus asentamientos, a veces por la fuerza, pese a protestas de \u00faltima hora.<\/p>\n<div class=\"content-media\">\n<section role=\"button\" class=\"mod-media   \">\n<figure role=\"button\" class=\"mod-figure \"><figcaption class=\"mod-figcaption\"><span class=\"com-text --caption --twoxs\">Colonos israel\u00edes desmantelan sus casas en el  asentamiento de Nissanit, en Gaza<\/span><\/figcaption><\/figure>\n<\/section>\n<\/div>\n<p class=\"com-paragraph   --s\">Hamas no tard\u00f3 en hacerse con el poder.<strong> Inici\u00f3 el lanzamiento de cohetes contra Israel y siguieron varias guerras, la m\u00e1s devastadora de las cuales es la actual.<\/strong> Es un mundo aparte de la Franja de Gaza que Ariel Sharon describ\u00eda en su discurso ante la ONU y de la que muchos imaginaban como la \u201cHong Kong de Medio Oriente\u201d.<\/p>\n<p class=\"com-paragraph   --s\">Lo que sucedi\u00f3 desde entonces hace ver a muchos que la desconexi\u00f3n de Gaza nunca debi\u00f3 pasar. Al menos no en esos t\u00e9rminos. Entre ellos el exjefe del Ej\u00e9rcito y l\u00edder del partido opositor Unidad Nacional, <strong>Benny Gantz<\/strong>, quien tambi\u00e9n integr\u00f3 el gabinete de Netanyahu.<strong> \u201cEl mayor error, en mi opini\u00f3n, fue evacuar los asentamientos norte\u00f1os de Dugit, Nissanit y Elei Sinai. Debimos quedarnos ah\u00ed para controlar el territorio\u201d, <\/strong>dijo en mayo pasado.<\/p>\n<p class=\"com-paragraph   --s\">Como Gantz, quienes a\u00f1oran la tierra perdida lo hacen por <strong>razones de seguridad,<\/strong> m\u00e1s que por cuestiones hist\u00f3ricas o de solidaridad con los viejos colonos expulsados. <strong>Al parecer son minor\u00eda los ultranacionalistas que abogan por la anexi\u00f3n del territorio o la vuelta al pago de los civiles. <\/strong>La salida de 2005 se percibe como una <strong>mala jugada<\/strong> del gobierno por el desastre que signific\u00f3 el ascenso de Gaza.<\/p>\n<div class=\"content-media\">\n<section role=\"button\" class=\"mod-media   \">\n<figure role=\"button\" class=\"mod-figure \"><figcaption class=\"mod-figcaption\"><span class=\"com-text --caption --twoxs\">El dirigente opositor Benny Gantz <\/span><span class=\"com-text --credit --twoxs\">JACK GUEZ  &#8211; AFP <\/span><\/figcaption><\/figure>\n<\/section>\n<\/div>\n<p class=\"com-paragraph   --s\">\u201cEn 1967 Israel se retir\u00f3 de toda la Pen\u00ednsula del Sina\u00ed y deb\u00eda retirarse de Gaza. Claro, deber\u00eda hab\u00e9rsela devuelto a Egipto, pero Egipto no la quiso. \u00bfPor qu\u00e9 no la quiso? Porque era un nido de terroristas. Contra Egipto tambi\u00e9n lo fue. <strong>Entonces Israel ocup\u00f3 Gaza hasta su retirada unilateral de 2005.<\/strong> Sabiendo los hechos, se vio que esa retirada fue un terrible error\u201d, dijo a LA NACION <strong>Ariel Horovitz,<\/strong> fundador y director del Moriah International Center, de Jerusal\u00e9n.<\/p>\n<p class=\"com-paragraph   --s\">Horovitz fue uno de los tantos que celebraron la retirada. Para \u00e9l no hab\u00eda nada que hacer en ese territorio, nada que lo uniera a Israel. \u201cGaza no es un lugar hist\u00f3rico desde el punto de vista b\u00edblico, desde el punto de vista jud\u00edo. No hay nada que nos remita a la historia, digamos, milenaria.<strong> El error fue haber hecho una retirada unilateral. <\/strong>Hab\u00eda que salir de Gaza, s\u00ed, pero con aval internacional\u00bb, con garant\u00edas de no volverse un foco de violencia.<\/p>\n<p class=\"com-paragraph   --s\">\u201cIsrael se retir\u00f3. \u00bfY qu\u00e9 recibimos? <strong>Decenas de miles de misiles. <\/strong>Estoy hablando desde 2005 en adelante. Empezaron ese a\u00f1o, siguieron en 2006, 2007, y as\u00ed hasta el ataque del 7 de octubre de 2023\u201d, subray\u00f3.<\/p>\n<div class=\"content-media\">\n<section role=\"button\" class=\"mod-media   \">\n<figure role=\"button\" class=\"mod-figure \"><figcaption class=\"mod-figcaption\"><span class=\"com-text --caption --twoxs\">Tanques israel\u00edes en tareas de mantenimiento cerca de la frontera con Gaza  <\/span><span class=\"com-text --credit --twoxs\">JACK GUEZ  &#8211; AFP <\/span><\/figcaption><\/figure>\n<\/section>\n<\/div>\n<p class=\"com-paragraph   --s\">Horovitz dijo que <strong>son pocos proporcionalmente en Israel los que quieren que se conquiste la Franja de Gaza<\/strong>. \u201c\u00bfPero qu\u00e9 alternativa hay?\u201d, se pregunta. \u201cHamas est\u00e1 jugando, juega que va a negociar, en realidad no est\u00e1 con la intenci\u00f3n de negociar. <strong>Occidente cree que si Israel se retira de Gaza, termina la guerra y Hamas devuelve a los secuestrados.<\/strong> Pero no es as\u00ed. Hamas es un grupo macabro\u201d.<\/p>\n<p class=\"com-paragraph   --s\">Arie Kacowicz, profesor de Relaciones Internacionales de la Universidad Hebrea de Jerusal\u00e9n, cree en una salida diplom\u00e1tica. \u201cEl Ej\u00e9rcito est\u00e1 totalmente agotado, y<strong> esto va a terminar completamente con la legitimidad internacional de Israel<\/strong>, de lo poco que nos quedaba. Porque, dos a\u00f1os despu\u00e9s de la masacre del 7 de octubre, \u00bfqui\u00e9n nos va a decir que lo que hacemos es porque Hamas representa una amenaza de seguridad?\u201d, dijo Kacowicz a LA NACION.<\/p>\n<p class=\"com-paragraph   --s\">Kacowicz compara lo que le est\u00e1 pasando a Israel y lo que le puede pasar de ahora en m\u00e1s con el estancamiento de Estados Unidos en la guerra de Vietnam, <strong>cuando el formidable Ej\u00e9rcito norteamericano se empantan\u00f3 durante a\u00f1os en una guerra de guerrillas. <\/strong>Ve mucho m\u00e1s factible una salida, por poner solo un ejemplo, al estilo colombiano, el proceso de paz que llev\u00f3 a la desmovilizaci\u00f3n de las FARC.<\/p>\n<p class=\"com-paragraph   --s\">Y se pregunta: \u201cAdem\u00e1s, si Netanyahu dice que le quiere pasar el gobierno de Gaza a <strong>los pa\u00edses \u00e1rabes,<\/strong> \u00bfpor qu\u00e9 vamos a seguir esperando?<strong> <\/strong>\u00bfPor qu\u00e9 no ahora?\u201d.<\/p>\n<section class=\"container-center-100 mb-40 border border-bottom border-thin border-neutral-light-700\">\n<hr\/>\n<\/section>\n<\/div>\n\n","protected":false},"excerpt":{"rendered":"<p>Mucho antes de que Donald Trump expresara su sue\u00f1o de convertir la Franja de Gaza en \u201cla Riviera de Medio Oriente\u201d, pasando de la devastaci\u00f3n y la pobreza al lujo y la opulencia, hubo quienes tuvieron una visi\u00f3n por el estilo. Solo que la comparaci\u00f3n era con Hong Kong. \u00bfPor qu\u00e9 Hong Kong? Quiz\u00e1s por [&hellip;]<\/p>\n","protected":false},"author":2,"featured_media":142900,"comment_status":"closed","ping_status":"closed","sticky":false,"template":"","format":"standard","meta":{"footnotes":""},"categories":[26],"tags":[],"class_list":["post-142899","post","type-post","status-publish","format-standard","has-post-thumbnail","hentry","category-internacionales"],"yoast_head":"<!-- This site is optimized with the Yoast SEO plugin v24.4 - https:\/\/yoast.com\/wordpress\/plugins\/seo\/ -->\n<title>Las lecciones de la \u00faltima retirada de Gaza y la tormenta que desat\u00f3 - GYS NOTICIAS |<\/title>\n<meta name=\"robots\" content=\"index, follow, max-snippet:-1, max-image-preview:large, max-video-preview:-1\" \/>\n<link rel=\"canonical\" href=\"https:\/\/gysfm.com.ar\/inicio\/las-lecciones-de-la-ultima-retirada-de-gaza-y-la-tormenta-que-desato\/\" \/>\n<meta property=\"og:locale\" content=\"es_ES\" \/>\n<meta property=\"og:type\" content=\"article\" \/>\n<meta property=\"og:title\" content=\"Las lecciones de la \u00faltima retirada de Gaza y la tormenta que desat\u00f3 - GYS NOTICIAS |\" \/>\n<meta property=\"og:description\" content=\"Mucho antes de que Donald Trump expresara su sue\u00f1o de convertir la Franja de Gaza en \u201cla Riviera de Medio Oriente\u201d, pasando de la devastaci\u00f3n y la pobreza al lujo y la opulencia, hubo quienes tuvieron una visi\u00f3n por el estilo. Solo que la comparaci\u00f3n era con Hong Kong. \u00bfPor qu\u00e9 Hong Kong? Quiz\u00e1s por [&hellip;]\" \/>\n<meta property=\"og:url\" content=\"https:\/\/gysfm.com.ar\/inicio\/las-lecciones-de-la-ultima-retirada-de-gaza-y-la-tormenta-que-desato\/\" \/>\n<meta property=\"og:site_name\" content=\"GYS NOTICIAS |\" \/>\n<meta property=\"article:published_time\" content=\"2025-08-10T10:24:21+00:00\" \/>\n<meta property=\"article:modified_time\" content=\"2025-08-10T10:24:22+00:00\" \/>\n<meta property=\"og:image\" content=\"https:\/\/gysfm.com.ar\/inicio\/wp-content\/uploads\/2025\/08\/una-columna-de-humo-se-eleva-tras-un-bombardeo-EF4UZGKCING4JA345W4JVBVPCE.JPG\" \/>\n\t<meta property=\"og:image:width\" content=\"1200\" \/>\n\t<meta property=\"og:image:height\" content=\"800\" \/>\n\t<meta property=\"og:image:type\" content=\"image\/jpeg\" \/>\n<meta name=\"author\" content=\"Prensa G&amp;S FM\" \/>\n<meta name=\"twitter:card\" content=\"summary_large_image\" \/>\n<meta name=\"twitter:label1\" content=\"Escrito por\" \/>\n\t<meta name=\"twitter:data1\" content=\"Prensa G&amp;S FM\" \/>\n\t<meta name=\"twitter:label2\" content=\"Tiempo de lectura\" \/>\n\t<meta name=\"twitter:data2\" content=\"8 minutos\" \/>\n<script type=\"application\/ld+json\" class=\"yoast-schema-graph\">{\"@context\":\"https:\/\/schema.org\",\"@graph\":[{\"@type\":\"Article\",\"@id\":\"https:\/\/gysfm.com.ar\/inicio\/las-lecciones-de-la-ultima-retirada-de-gaza-y-la-tormenta-que-desato\/#article\",\"isPartOf\":{\"@id\":\"https:\/\/gysfm.com.ar\/inicio\/las-lecciones-de-la-ultima-retirada-de-gaza-y-la-tormenta-que-desato\/\"},\"author\":{\"name\":\"Prensa G&amp;S FM\",\"@id\":\"https:\/\/gysfm.com.ar\/inicio\/#\/schema\/person\/3abba7593ef2ad19e1be221d54383dc5\"},\"headline\":\"Las lecciones de la \u00faltima retirada de Gaza y la tormenta que desat\u00f3\",\"datePublished\":\"2025-08-10T10:24:21+00:00\",\"dateModified\":\"2025-08-10T10:24:22+00:00\",\"mainEntityOfPage\":{\"@id\":\"https:\/\/gysfm.com.ar\/inicio\/las-lecciones-de-la-ultima-retirada-de-gaza-y-la-tormenta-que-desato\/\"},\"wordCount\":1581,\"publisher\":{\"@id\":\"https:\/\/gysfm.com.ar\/inicio\/#organization\"},\"image\":{\"@id\":\"https:\/\/gysfm.com.ar\/inicio\/las-lecciones-de-la-ultima-retirada-de-gaza-y-la-tormenta-que-desato\/#primaryimage\"},\"thumbnailUrl\":\"https:\/\/gysfm.com.ar\/inicio\/wp-content\/uploads\/2025\/08\/una-columna-de-humo-se-eleva-tras-un-bombardeo-EF4UZGKCING4JA345W4JVBVPCE.JPG\",\"articleSection\":[\"INTERNACIONALES\"],\"inLanguage\":\"es\"},{\"@type\":\"WebPage\",\"@id\":\"https:\/\/gysfm.com.ar\/inicio\/las-lecciones-de-la-ultima-retirada-de-gaza-y-la-tormenta-que-desato\/\",\"url\":\"https:\/\/gysfm.com.ar\/inicio\/las-lecciones-de-la-ultima-retirada-de-gaza-y-la-tormenta-que-desato\/\",\"name\":\"Las lecciones de la \u00faltima retirada de Gaza y la tormenta que desat\u00f3 - GYS NOTICIAS |\",\"isPartOf\":{\"@id\":\"https:\/\/gysfm.com.ar\/inicio\/#website\"},\"primaryImageOfPage\":{\"@id\":\"https:\/\/gysfm.com.ar\/inicio\/las-lecciones-de-la-ultima-retirada-de-gaza-y-la-tormenta-que-desato\/#primaryimage\"},\"image\":{\"@id\":\"https:\/\/gysfm.com.ar\/inicio\/las-lecciones-de-la-ultima-retirada-de-gaza-y-la-tormenta-que-desato\/#primaryimage\"},\"thumbnailUrl\":\"https:\/\/gysfm.com.ar\/inicio\/wp-content\/uploads\/2025\/08\/una-columna-de-humo-se-eleva-tras-un-bombardeo-EF4UZGKCING4JA345W4JVBVPCE.JPG\",\"datePublished\":\"2025-08-10T10:24:21+00:00\",\"dateModified\":\"2025-08-10T10:24:22+00:00\",\"breadcrumb\":{\"@id\":\"https:\/\/gysfm.com.ar\/inicio\/las-lecciones-de-la-ultima-retirada-de-gaza-y-la-tormenta-que-desato\/#breadcrumb\"},\"inLanguage\":\"es\",\"potentialAction\":[{\"@type\":\"ReadAction\",\"target\":[\"https:\/\/gysfm.com.ar\/inicio\/las-lecciones-de-la-ultima-retirada-de-gaza-y-la-tormenta-que-desato\/\"]}]},{\"@type\":\"ImageObject\",\"inLanguage\":\"es\",\"@id\":\"https:\/\/gysfm.com.ar\/inicio\/las-lecciones-de-la-ultima-retirada-de-gaza-y-la-tormenta-que-desato\/#primaryimage\",\"url\":\"https:\/\/gysfm.com.ar\/inicio\/wp-content\/uploads\/2025\/08\/una-columna-de-humo-se-eleva-tras-un-bombardeo-EF4UZGKCING4JA345W4JVBVPCE.JPG\",\"contentUrl\":\"https:\/\/gysfm.com.ar\/inicio\/wp-content\/uploads\/2025\/08\/una-columna-de-humo-se-eleva-tras-un-bombardeo-EF4UZGKCING4JA345W4JVBVPCE.JPG\",\"width\":1200,\"height\":800},{\"@type\":\"BreadcrumbList\",\"@id\":\"https:\/\/gysfm.com.ar\/inicio\/las-lecciones-de-la-ultima-retirada-de-gaza-y-la-tormenta-que-desato\/#breadcrumb\",\"itemListElement\":[{\"@type\":\"ListItem\",\"position\":1,\"name\":\"Portada\",\"item\":\"https:\/\/gysfm.com.ar\/inicio\/\"},{\"@type\":\"ListItem\",\"position\":2,\"name\":\"Las lecciones de la \u00faltima retirada de Gaza y la tormenta que desat\u00f3\"}]},{\"@type\":\"WebSite\",\"@id\":\"https:\/\/gysfm.com.ar\/inicio\/#website\",\"url\":\"https:\/\/gysfm.com.ar\/inicio\/\",\"name\":\"GYS NOTICIAS |\",\"description\":\"DIARIO - RADIO ONLINE SAN JUAN ARGENTINA\",\"publisher\":{\"@id\":\"https:\/\/gysfm.com.ar\/inicio\/#organization\"},\"potentialAction\":[{\"@type\":\"SearchAction\",\"target\":{\"@type\":\"EntryPoint\",\"urlTemplate\":\"https:\/\/gysfm.com.ar\/inicio\/?s={search_term_string}\"},\"query-input\":{\"@type\":\"PropertyValueSpecification\",\"valueRequired\":true,\"valueName\":\"search_term_string\"}}],\"inLanguage\":\"es\"},{\"@type\":\"Organization\",\"@id\":\"https:\/\/gysfm.com.ar\/inicio\/#organization\",\"name\":\"GYS NOTICIAS |\",\"url\":\"https:\/\/gysfm.com.ar\/inicio\/\",\"logo\":{\"@type\":\"ImageObject\",\"inLanguage\":\"es\",\"@id\":\"https:\/\/gysfm.com.ar\/inicio\/#\/schema\/logo\/image\/\",\"url\":\"https:\/\/gysfm.com.ar\/inicio\/wp-content\/uploads\/2023\/07\/LOGOGYS-OK.png\",\"contentUrl\":\"https:\/\/gysfm.com.ar\/inicio\/wp-content\/uploads\/2023\/07\/LOGOGYS-OK.png\",\"width\":1170,\"height\":872,\"caption\":\"GYS NOTICIAS |\"},\"image\":{\"@id\":\"https:\/\/gysfm.com.ar\/inicio\/#\/schema\/logo\/image\/\"}},{\"@type\":\"Person\",\"@id\":\"https:\/\/gysfm.com.ar\/inicio\/#\/schema\/person\/3abba7593ef2ad19e1be221d54383dc5\",\"name\":\"Prensa G&amp;S FM\",\"image\":{\"@type\":\"ImageObject\",\"inLanguage\":\"es\",\"@id\":\"https:\/\/gysfm.com.ar\/inicio\/#\/schema\/person\/image\/\",\"url\":\"https:\/\/secure.gravatar.com\/avatar\/096ec78df02049ab018702bb4ccedf659377fa92a26540b5247612077a0dbd29?s=96&d=mm&r=g\",\"contentUrl\":\"https:\/\/secure.gravatar.com\/avatar\/096ec78df02049ab018702bb4ccedf659377fa92a26540b5247612077a0dbd29?s=96&d=mm&r=g\",\"caption\":\"Prensa G&amp;S FM\"},\"sameAs\":[\"https:\/\/gysfm.com.ar\/\"],\"url\":\"https:\/\/gysfm.com.ar\/inicio\/author\/lucasm\/\"}]}<\/script>\n<!-- \/ Yoast SEO plugin. -->","yoast_head_json":{"title":"Las lecciones de la \u00faltima retirada de Gaza y la tormenta que desat\u00f3 - GYS NOTICIAS |","robots":{"index":"index","follow":"follow","max-snippet":"max-snippet:-1","max-image-preview":"max-image-preview:large","max-video-preview":"max-video-preview:-1"},"canonical":"https:\/\/gysfm.com.ar\/inicio\/las-lecciones-de-la-ultima-retirada-de-gaza-y-la-tormenta-que-desato\/","og_locale":"es_ES","og_type":"article","og_title":"Las lecciones de la \u00faltima retirada de Gaza y la tormenta que desat\u00f3 - GYS NOTICIAS |","og_description":"Mucho antes de que Donald Trump expresara su sue\u00f1o de convertir la Franja de Gaza en \u201cla Riviera de Medio Oriente\u201d, pasando de la devastaci\u00f3n y la pobreza al lujo y la opulencia, hubo quienes tuvieron una visi\u00f3n por el estilo. Solo que la comparaci\u00f3n era con Hong Kong. \u00bfPor qu\u00e9 Hong Kong? Quiz\u00e1s por [&hellip;]","og_url":"https:\/\/gysfm.com.ar\/inicio\/las-lecciones-de-la-ultima-retirada-de-gaza-y-la-tormenta-que-desato\/","og_site_name":"GYS NOTICIAS |","article_published_time":"2025-08-10T10:24:21+00:00","article_modified_time":"2025-08-10T10:24:22+00:00","og_image":[{"width":1200,"height":800,"url":"https:\/\/gysfm.com.ar\/inicio\/wp-content\/uploads\/2025\/08\/una-columna-de-humo-se-eleva-tras-un-bombardeo-EF4UZGKCING4JA345W4JVBVPCE.JPG","type":"image\/jpeg"}],"author":"Prensa G&amp;S FM","twitter_card":"summary_large_image","twitter_misc":{"Escrito por":"Prensa G&amp;S FM","Tiempo de lectura":"8 minutos"},"schema":{"@context":"https:\/\/schema.org","@graph":[{"@type":"Article","@id":"https:\/\/gysfm.com.ar\/inicio\/las-lecciones-de-la-ultima-retirada-de-gaza-y-la-tormenta-que-desato\/#article","isPartOf":{"@id":"https:\/\/gysfm.com.ar\/inicio\/las-lecciones-de-la-ultima-retirada-de-gaza-y-la-tormenta-que-desato\/"},"author":{"name":"Prensa G&amp;S FM","@id":"https:\/\/gysfm.com.ar\/inicio\/#\/schema\/person\/3abba7593ef2ad19e1be221d54383dc5"},"headline":"Las lecciones de la \u00faltima retirada de Gaza y la tormenta que desat\u00f3","datePublished":"2025-08-10T10:24:21+00:00","dateModified":"2025-08-10T10:24:22+00:00","mainEntityOfPage":{"@id":"https:\/\/gysfm.com.ar\/inicio\/las-lecciones-de-la-ultima-retirada-de-gaza-y-la-tormenta-que-desato\/"},"wordCount":1581,"publisher":{"@id":"https:\/\/gysfm.com.ar\/inicio\/#organization"},"image":{"@id":"https:\/\/gysfm.com.ar\/inicio\/las-lecciones-de-la-ultima-retirada-de-gaza-y-la-tormenta-que-desato\/#primaryimage"},"thumbnailUrl":"https:\/\/gysfm.com.ar\/inicio\/wp-content\/uploads\/2025\/08\/una-columna-de-humo-se-eleva-tras-un-bombardeo-EF4UZGKCING4JA345W4JVBVPCE.JPG","articleSection":["INTERNACIONALES"],"inLanguage":"es"},{"@type":"WebPage","@id":"https:\/\/gysfm.com.ar\/inicio\/las-lecciones-de-la-ultima-retirada-de-gaza-y-la-tormenta-que-desato\/","url":"https:\/\/gysfm.com.ar\/inicio\/las-lecciones-de-la-ultima-retirada-de-gaza-y-la-tormenta-que-desato\/","name":"Las lecciones de la \u00faltima retirada de Gaza y la tormenta que desat\u00f3 - GYS NOTICIAS |","isPartOf":{"@id":"https:\/\/gysfm.com.ar\/inicio\/#website"},"primaryImageOfPage":{"@id":"https:\/\/gysfm.com.ar\/inicio\/las-lecciones-de-la-ultima-retirada-de-gaza-y-la-tormenta-que-desato\/#primaryimage"},"image":{"@id":"https:\/\/gysfm.com.ar\/inicio\/las-lecciones-de-la-ultima-retirada-de-gaza-y-la-tormenta-que-desato\/#primaryimage"},"thumbnailUrl":"https:\/\/gysfm.com.ar\/inicio\/wp-content\/uploads\/2025\/08\/una-columna-de-humo-se-eleva-tras-un-bombardeo-EF4UZGKCING4JA345W4JVBVPCE.JPG","datePublished":"2025-08-10T10:24:21+00:00","dateModified":"2025-08-10T10:24:22+00:00","breadcrumb":{"@id":"https:\/\/gysfm.com.ar\/inicio\/las-lecciones-de-la-ultima-retirada-de-gaza-y-la-tormenta-que-desato\/#breadcrumb"},"inLanguage":"es","potentialAction":[{"@type":"ReadAction","target":["https:\/\/gysfm.com.ar\/inicio\/las-lecciones-de-la-ultima-retirada-de-gaza-y-la-tormenta-que-desato\/"]}]},{"@type":"ImageObject","inLanguage":"es","@id":"https:\/\/gysfm.com.ar\/inicio\/las-lecciones-de-la-ultima-retirada-de-gaza-y-la-tormenta-que-desato\/#primaryimage","url":"https:\/\/gysfm.com.ar\/inicio\/wp-content\/uploads\/2025\/08\/una-columna-de-humo-se-eleva-tras-un-bombardeo-EF4UZGKCING4JA345W4JVBVPCE.JPG","contentUrl":"https:\/\/gysfm.com.ar\/inicio\/wp-content\/uploads\/2025\/08\/una-columna-de-humo-se-eleva-tras-un-bombardeo-EF4UZGKCING4JA345W4JVBVPCE.JPG","width":1200,"height":800},{"@type":"BreadcrumbList","@id":"https:\/\/gysfm.com.ar\/inicio\/las-lecciones-de-la-ultima-retirada-de-gaza-y-la-tormenta-que-desato\/#breadcrumb","itemListElement":[{"@type":"ListItem","position":1,"name":"Portada","item":"https:\/\/gysfm.com.ar\/inicio\/"},{"@type":"ListItem","position":2,"name":"Las lecciones de la \u00faltima retirada de Gaza y la tormenta que desat\u00f3"}]},{"@type":"WebSite","@id":"https:\/\/gysfm.com.ar\/inicio\/#website","url":"https:\/\/gysfm.com.ar\/inicio\/","name":"GYS NOTICIAS |","description":"DIARIO - RADIO ONLINE SAN JUAN ARGENTINA","publisher":{"@id":"https:\/\/gysfm.com.ar\/inicio\/#organization"},"potentialAction":[{"@type":"SearchAction","target":{"@type":"EntryPoint","urlTemplate":"https:\/\/gysfm.com.ar\/inicio\/?s={search_term_string}"},"query-input":{"@type":"PropertyValueSpecification","valueRequired":true,"valueName":"search_term_string"}}],"inLanguage":"es"},{"@type":"Organization","@id":"https:\/\/gysfm.com.ar\/inicio\/#organization","name":"GYS NOTICIAS |","url":"https:\/\/gysfm.com.ar\/inicio\/","logo":{"@type":"ImageObject","inLanguage":"es","@id":"https:\/\/gysfm.com.ar\/inicio\/#\/schema\/logo\/image\/","url":"https:\/\/gysfm.com.ar\/inicio\/wp-content\/uploads\/2023\/07\/LOGOGYS-OK.png","contentUrl":"https:\/\/gysfm.com.ar\/inicio\/wp-content\/uploads\/2023\/07\/LOGOGYS-OK.png","width":1170,"height":872,"caption":"GYS NOTICIAS |"},"image":{"@id":"https:\/\/gysfm.com.ar\/inicio\/#\/schema\/logo\/image\/"}},{"@type":"Person","@id":"https:\/\/gysfm.com.ar\/inicio\/#\/schema\/person\/3abba7593ef2ad19e1be221d54383dc5","name":"Prensa G&amp;S FM","image":{"@type":"ImageObject","inLanguage":"es","@id":"https:\/\/gysfm.com.ar\/inicio\/#\/schema\/person\/image\/","url":"https:\/\/secure.gravatar.com\/avatar\/096ec78df02049ab018702bb4ccedf659377fa92a26540b5247612077a0dbd29?s=96&d=mm&r=g","contentUrl":"https:\/\/secure.gravatar.com\/avatar\/096ec78df02049ab018702bb4ccedf659377fa92a26540b5247612077a0dbd29?s=96&d=mm&r=g","caption":"Prensa G&amp;S FM"},"sameAs":["https:\/\/gysfm.com.ar\/"],"url":"https:\/\/gysfm.com.ar\/inicio\/author\/lucasm\/"}]}},"_links":{"self":[{"href":"https:\/\/gysfm.com.ar\/inicio\/wp-json\/wp\/v2\/posts\/142899","targetHints":{"allow":["GET"]}}],"collection":[{"href":"https:\/\/gysfm.com.ar\/inicio\/wp-json\/wp\/v2\/posts"}],"about":[{"href":"https:\/\/gysfm.com.ar\/inicio\/wp-json\/wp\/v2\/types\/post"}],"author":[{"embeddable":true,"href":"https:\/\/gysfm.com.ar\/inicio\/wp-json\/wp\/v2\/users\/2"}],"replies":[{"embeddable":true,"href":"https:\/\/gysfm.com.ar\/inicio\/wp-json\/wp\/v2\/comments?post=142899"}],"version-history":[{"count":1,"href":"https:\/\/gysfm.com.ar\/inicio\/wp-json\/wp\/v2\/posts\/142899\/revisions"}],"predecessor-version":[{"id":142901,"href":"https:\/\/gysfm.com.ar\/inicio\/wp-json\/wp\/v2\/posts\/142899\/revisions\/142901"}],"wp:featuredmedia":[{"embeddable":true,"href":"https:\/\/gysfm.com.ar\/inicio\/wp-json\/wp\/v2\/media\/142900"}],"wp:attachment":[{"href":"https:\/\/gysfm.com.ar\/inicio\/wp-json\/wp\/v2\/media?parent=142899"}],"wp:term":[{"taxonomy":"category","embeddable":true,"href":"https:\/\/gysfm.com.ar\/inicio\/wp-json\/wp\/v2\/categories?post=142899"},{"taxonomy":"post_tag","embeddable":true,"href":"https:\/\/gysfm.com.ar\/inicio\/wp-json\/wp\/v2\/tags?post=142899"}],"curies":[{"name":"wp","href":"https:\/\/api.w.org\/{rel}","templated":true}]}}