{"id":142897,"date":"2025-08-10T07:14:33","date_gmt":"2025-08-10T10:14:33","guid":{"rendered":"https:\/\/gysfm.com.ar\/inicio\/mica-viciconte-se-despidio-de-su-suegro-carlos-cubero-tras-su-fallecimiento\/"},"modified":"2025-08-10T07:14:33","modified_gmt":"2025-08-10T10:14:33","slug":"mica-viciconte-se-despidio-de-su-suegro-carlos-cubero-tras-su-fallecimiento","status":"publish","type":"post","link":"https:\/\/gysfm.com.ar\/inicio\/mica-viciconte-se-despidio-de-su-suegro-carlos-cubero-tras-su-fallecimiento\/","title":{"rendered":"Mica Viciconte se despidi\u00f3 de su suegro Carlos Cubero tras su fallecimiento"},"content":{"rendered":"<p><\/p>\n<div id=\"article-content\">\n<p><strong><a target=\"_blank\" href=\"https:\/\/exitoina.perfil.com\/noticias\/escandalo\/en-medio-del-cruce-entre-nicole-neumann-y-fabian-cubero-nazarena-velez-apunto-contra-mica-viciconte-tiene-ganas-de-pelear.phtml\">Mica Viciconte<\/a> le dedic\u00f3 un sentido mensaje a su suegro <a target=\"_blank\" href=\"https:\/\/exitoina.perfil.com\/noticias\/destacada\/desgarrador-mensaje-fabian-cubero-padre-carlos-tras-fallecimiento-tengo-dolor-enorme.phtml\">Carlos Cubero<\/a><\/strong> tras su fallecimiento el viernes 8 de agosto.\u00a0<\/p>\n<p>Mediante un posteo en su cuenta de Instagram,<strong> la mujer de Fabi\u00e1n Cubero record\u00f3 al padre del exfutbolista <\/strong>con fotos junto a Luca, su hijo.\u00a0<\/p>\n<p>Adem\u00e1s, lo acompa\u00f1\u00f3 con unas palabras muy emotivas:<strong> \u00abGracias por tanto amor, Luca siempre recordar\u00e1 al abuelo presente que fuiste\u00bb.<\/strong> \u00a0<\/p>\n<div style=\"text-align:center\">\n<figure class=\"image\" style=\"display:inline-block\"><img decoding=\"async\" style=\"max-width: 100%; width: 100%;\" alt=\"Mica Cubero se despidi\u00f3 de Carlos Cubero\" src=\"https:\/\/fotos.perfil.com\/\/2025\/08\/09\/900\/0\/mica-cubero-se-despidio-de-carlos-cubero-2077473.jpg\" loading=\"lazy\"\/>&#13;<figcaption>Mica Viciconte se despidi\u00f3 de Carlos Cubero<\/figcaption>&#13;<br \/>\n<\/figure>\n<\/div>\n<p><strong>\u00abEst\u00e1s en nuestro coraz\u00f3n y sabemos que, desde otro lugar, nos seguir\u00e1s acompa\u00f1ando.<\/strong> Te vamos a extra\u00f1ar mucho\u00bb, concluy\u00f3 la medi\u00e1tica.<\/p>\n<h2>\u00bfQu\u00e9 le dijo Fabi\u00e1n Cubero a su padre Carlos?<\/h2>\n<p>Luego de la dolorosa perdida, el exfutbolista comparti\u00f3 un posteo en su cuenta de Instagram donde se lo pod\u00eda ver en\u00a0<strong>distintas fotos junto a \u00e9l, sus hijos Luca, Indiana y Allegra, sus hermanos Soledad y Christian y su madre \u00c1ngela<\/strong>, con quien su padre estuvo casado durante m\u00e1s de 50 a\u00f1os.\u00a0<\/p>\n<p>Adem\u00e1s, lo acompa\u00f1\u00f3 con un sentido mensaje: \u00abTe vamos a extra\u00f1ar mucho Pa, te amo.\u00a0<strong>Hoy tengo un dolor enorme porque se fue una gran persona, un padre ejemplar, una gran amigo, un gran compa\u00f1ero de mam\u00e1 y un excelente abuelo<\/strong>, un padre que supo c\u00f3mo guiarme, aconsejarme, que me ayud\u00f3 a enfrentar nuevos desaf\u00edos, ense\u00f1arme lo importante que es el amor incondicional a la familia, respetar a los dem\u00e1s, ser una persona honesta, cuidar a tus amigos, todo eso y mucho m\u00e1s\u00bb.<\/p>\n<div style=\"text-align:center\">\n<figure class=\"image\" style=\"display:inline-block\"><img decoding=\"async\" style=\"max-width: 100%; width: 100%;\" alt=\"La despedida de Fabi\u00e1n Cubero a su pap\u00e1\" src=\"https:\/\/fotos.perfil.com\/\/2025\/08\/09\/900\/0\/la-despedida-de-fabian-cubero-a-su-papa-2077389.jpg\" loading=\"lazy\"\/>&#13;<figcaption>La despedida de Fabi\u00e1n Cubero a su pap\u00e1<\/figcaption>&#13;<br \/>\n<\/figure>\n<\/div>\n<p>\u00abSeguramente te fuiste en paz, orgulloso de todo lo que lograste en tu vida, vinieron a despedirte amigos de la infancia, del colegio, de f\u00fatbol, del casino, de los taxis, toda tu gran familia.\u00a0<strong>Eso es lo que fuiste, un ser divino querido por todo el mundo<\/strong>\u00ab, manifest\u00f3 en referencia su funeral.<\/p>\n<p>Finalmente, Fabi\u00e1n Cubero concluy\u00f3 su publicaci\u00f3n:\u00a0<strong>\u00abBuen Viaje Pap\u00e1. Te amo y vas a estar siempre en mi coraz\u00f3n\u00bb<\/strong>.\u00a0<\/p>\n<\/p><\/div>\n<p><script>\n\t(function(d, s, id) {\n\t\tvar js, fjs = d.getElementsByTagName(s)[0];\n\t\tif (d.getElementById(id)) return;\n\t\tjs = d.createElement(s);\n\t\tjs.id = id;\n\t\tjs.src=\"https:\/\/connect.facebook.net\/es_LA\/sdk.js#xfbml=1&version=v3.1\";\n\t\tfjs.parentNode.insertBefore(js, fjs);\n\t}(document, 'script', 'facebook-jssdk'));\n<\/script><\/p>\n","protected":false},"excerpt":{"rendered":"<p>Mica Viciconte le dedic\u00f3 un sentido mensaje a su suegro Carlos Cubero tras su fallecimiento el viernes 8 de agosto.\u00a0 Mediante un posteo en su cuenta de Instagram, la mujer de Fabi\u00e1n Cubero record\u00f3 al padre del exfutbolista con fotos junto a Luca, su hijo.\u00a0 Adem\u00e1s, lo acompa\u00f1\u00f3 con unas palabras muy emotivas: \u00abGracias por [&hellip;]<\/p>\n","protected":false},"author":2,"featured_media":142898,"comment_status":"closed","ping_status":"closed","sticky":false,"template":"","format":"standard","meta":{"footnotes":""},"categories":[25],"tags":[],"class_list":["post-142897","post","type-post","status-publish","format-standard","has-post-thumbnail","hentry","category-nacionales"],"yoast_head":"<!-- This site is optimized with the Yoast SEO plugin v24.4 - https:\/\/yoast.com\/wordpress\/plugins\/seo\/ -->\n<title>Mica Viciconte se despidi\u00f3 de su suegro Carlos Cubero tras su fallecimiento - GYS NOTICIAS |<\/title>\n<meta name=\"robots\" content=\"index, follow, max-snippet:-1, max-image-preview:large, max-video-preview:-1\" \/>\n<link rel=\"canonical\" href=\"https:\/\/gysfm.com.ar\/inicio\/mica-viciconte-se-despidio-de-su-suegro-carlos-cubero-tras-su-fallecimiento\/\" \/>\n<meta property=\"og:locale\" content=\"es_ES\" \/>\n<meta property=\"og:type\" content=\"article\" \/>\n<meta property=\"og:title\" content=\"Mica Viciconte se despidi\u00f3 de su suegro Carlos Cubero tras su fallecimiento - GYS NOTICIAS |\" \/>\n<meta property=\"og:description\" content=\"Mica Viciconte le dedic\u00f3 un sentido mensaje a su suegro Carlos Cubero tras su fallecimiento el viernes 8 de agosto.\u00a0 Mediante un posteo en su cuenta de Instagram, la mujer de Fabi\u00e1n Cubero record\u00f3 al padre del exfutbolista con fotos junto a Luca, su hijo.\u00a0 Adem\u00e1s, lo acompa\u00f1\u00f3 con unas palabras muy emotivas: \u00abGracias por [&hellip;]\" \/>\n<meta property=\"og:url\" content=\"https:\/\/gysfm.com.ar\/inicio\/mica-viciconte-se-despidio-de-su-suegro-carlos-cubero-tras-su-fallecimiento\/\" \/>\n<meta property=\"og:site_name\" content=\"GYS NOTICIAS |\" \/>\n<meta property=\"article:published_time\" content=\"2025-08-10T10:14:33+00:00\" \/>\n<meta property=\"og:image\" content=\"https:\/\/fotos.perfil.com\/\/2025\/08\/09\/900\/0\/mica-cubero-se-despidio-de-carlos-cubero-2077473.jpg\" \/>\n<meta name=\"author\" content=\"Prensa G&amp;S FM\" \/>\n<meta name=\"twitter:card\" content=\"summary_large_image\" \/>\n<meta name=\"twitter:label1\" content=\"Escrito por\" \/>\n\t<meta name=\"twitter:data1\" content=\"Prensa G&amp;S FM\" \/>\n\t<meta name=\"twitter:label2\" content=\"Tiempo de lectura\" \/>\n\t<meta name=\"twitter:data2\" content=\"2 minutos\" \/>\n<script type=\"application\/ld+json\" class=\"yoast-schema-graph\">{\"@context\":\"https:\/\/schema.org\",\"@graph\":[{\"@type\":\"Article\",\"@id\":\"https:\/\/gysfm.com.ar\/inicio\/mica-viciconte-se-despidio-de-su-suegro-carlos-cubero-tras-su-fallecimiento\/#article\",\"isPartOf\":{\"@id\":\"https:\/\/gysfm.com.ar\/inicio\/mica-viciconte-se-despidio-de-su-suegro-carlos-cubero-tras-su-fallecimiento\/\"},\"author\":{\"name\":\"Prensa G&amp;S FM\",\"@id\":\"https:\/\/gysfm.com.ar\/inicio\/#\/schema\/person\/3abba7593ef2ad19e1be221d54383dc5\"},\"headline\":\"Mica Viciconte se despidi\u00f3 de su suegro Carlos Cubero tras su fallecimiento\",\"datePublished\":\"2025-08-10T10:14:33+00:00\",\"mainEntityOfPage\":{\"@id\":\"https:\/\/gysfm.com.ar\/inicio\/mica-viciconte-se-despidio-de-su-suegro-carlos-cubero-tras-su-fallecimiento\/\"},\"wordCount\":351,\"publisher\":{\"@id\":\"https:\/\/gysfm.com.ar\/inicio\/#organization\"},\"image\":{\"@id\":\"https:\/\/gysfm.com.ar\/inicio\/mica-viciconte-se-despidio-de-su-suegro-carlos-cubero-tras-su-fallecimiento\/#primaryimage\"},\"thumbnailUrl\":\"https:\/\/gysfm.com.ar\/inicio\/wp-content\/uploads\/2025\/08\/mica-viciconte-carlos-cubero-y-lucas-cubero-2077472.jpg\",\"articleSection\":[\"NACIONALES\"],\"inLanguage\":\"es\"},{\"@type\":\"WebPage\",\"@id\":\"https:\/\/gysfm.com.ar\/inicio\/mica-viciconte-se-despidio-de-su-suegro-carlos-cubero-tras-su-fallecimiento\/\",\"url\":\"https:\/\/gysfm.com.ar\/inicio\/mica-viciconte-se-despidio-de-su-suegro-carlos-cubero-tras-su-fallecimiento\/\",\"name\":\"Mica Viciconte se despidi\u00f3 de su suegro Carlos Cubero tras su fallecimiento - GYS NOTICIAS |\",\"isPartOf\":{\"@id\":\"https:\/\/gysfm.com.ar\/inicio\/#website\"},\"primaryImageOfPage\":{\"@id\":\"https:\/\/gysfm.com.ar\/inicio\/mica-viciconte-se-despidio-de-su-suegro-carlos-cubero-tras-su-fallecimiento\/#primaryimage\"},\"image\":{\"@id\":\"https:\/\/gysfm.com.ar\/inicio\/mica-viciconte-se-despidio-de-su-suegro-carlos-cubero-tras-su-fallecimiento\/#primaryimage\"},\"thumbnailUrl\":\"https:\/\/gysfm.com.ar\/inicio\/wp-content\/uploads\/2025\/08\/mica-viciconte-carlos-cubero-y-lucas-cubero-2077472.jpg\",\"datePublished\":\"2025-08-10T10:14:33+00:00\",\"breadcrumb\":{\"@id\":\"https:\/\/gysfm.com.ar\/inicio\/mica-viciconte-se-despidio-de-su-suegro-carlos-cubero-tras-su-fallecimiento\/#breadcrumb\"},\"inLanguage\":\"es\",\"potentialAction\":[{\"@type\":\"ReadAction\",\"target\":[\"https:\/\/gysfm.com.ar\/inicio\/mica-viciconte-se-despidio-de-su-suegro-carlos-cubero-tras-su-fallecimiento\/\"]}]},{\"@type\":\"ImageObject\",\"inLanguage\":\"es\",\"@id\":\"https:\/\/gysfm.com.ar\/inicio\/mica-viciconte-se-despidio-de-su-suegro-carlos-cubero-tras-su-fallecimiento\/#primaryimage\",\"url\":\"https:\/\/gysfm.com.ar\/inicio\/wp-content\/uploads\/2025\/08\/mica-viciconte-carlos-cubero-y-lucas-cubero-2077472.jpg\",\"contentUrl\":\"https:\/\/gysfm.com.ar\/inicio\/wp-content\/uploads\/2025\/08\/mica-viciconte-carlos-cubero-y-lucas-cubero-2077472.jpg\",\"width\":1140,\"height\":641},{\"@type\":\"BreadcrumbList\",\"@id\":\"https:\/\/gysfm.com.ar\/inicio\/mica-viciconte-se-despidio-de-su-suegro-carlos-cubero-tras-su-fallecimiento\/#breadcrumb\",\"itemListElement\":[{\"@type\":\"ListItem\",\"position\":1,\"name\":\"Portada\",\"item\":\"https:\/\/gysfm.com.ar\/inicio\/\"},{\"@type\":\"ListItem\",\"position\":2,\"name\":\"Mica Viciconte se despidi\u00f3 de su suegro Carlos Cubero tras su fallecimiento\"}]},{\"@type\":\"WebSite\",\"@id\":\"https:\/\/gysfm.com.ar\/inicio\/#website\",\"url\":\"https:\/\/gysfm.com.ar\/inicio\/\",\"name\":\"GYS NOTICIAS |\",\"description\":\"DIARIO - RADIO ONLINE SAN JUAN ARGENTINA\",\"publisher\":{\"@id\":\"https:\/\/gysfm.com.ar\/inicio\/#organization\"},\"potentialAction\":[{\"@type\":\"SearchAction\",\"target\":{\"@type\":\"EntryPoint\",\"urlTemplate\":\"https:\/\/gysfm.com.ar\/inicio\/?s={search_term_string}\"},\"query-input\":{\"@type\":\"PropertyValueSpecification\",\"valueRequired\":true,\"valueName\":\"search_term_string\"}}],\"inLanguage\":\"es\"},{\"@type\":\"Organization\",\"@id\":\"https:\/\/gysfm.com.ar\/inicio\/#organization\",\"name\":\"GYS NOTICIAS |\",\"url\":\"https:\/\/gysfm.com.ar\/inicio\/\",\"logo\":{\"@type\":\"ImageObject\",\"inLanguage\":\"es\",\"@id\":\"https:\/\/gysfm.com.ar\/inicio\/#\/schema\/logo\/image\/\",\"url\":\"https:\/\/gysfm.com.ar\/inicio\/wp-content\/uploads\/2023\/07\/LOGOGYS-OK.png\",\"contentUrl\":\"https:\/\/gysfm.com.ar\/inicio\/wp-content\/uploads\/2023\/07\/LOGOGYS-OK.png\",\"width\":1170,\"height\":872,\"caption\":\"GYS NOTICIAS |\"},\"image\":{\"@id\":\"https:\/\/gysfm.com.ar\/inicio\/#\/schema\/logo\/image\/\"}},{\"@type\":\"Person\",\"@id\":\"https:\/\/gysfm.com.ar\/inicio\/#\/schema\/person\/3abba7593ef2ad19e1be221d54383dc5\",\"name\":\"Prensa G&amp;S FM\",\"image\":{\"@type\":\"ImageObject\",\"inLanguage\":\"es\",\"@id\":\"https:\/\/gysfm.com.ar\/inicio\/#\/schema\/person\/image\/\",\"url\":\"https:\/\/secure.gravatar.com\/avatar\/096ec78df02049ab018702bb4ccedf659377fa92a26540b5247612077a0dbd29?s=96&d=mm&r=g\",\"contentUrl\":\"https:\/\/secure.gravatar.com\/avatar\/096ec78df02049ab018702bb4ccedf659377fa92a26540b5247612077a0dbd29?s=96&d=mm&r=g\",\"caption\":\"Prensa G&amp;S FM\"},\"sameAs\":[\"https:\/\/gysfm.com.ar\/\"],\"url\":\"https:\/\/gysfm.com.ar\/inicio\/author\/lucasm\/\"}]}<\/script>\n<!-- \/ Yoast SEO plugin. -->","yoast_head_json":{"title":"Mica Viciconte se despidi\u00f3 de su suegro Carlos Cubero tras su fallecimiento - GYS NOTICIAS |","robots":{"index":"index","follow":"follow","max-snippet":"max-snippet:-1","max-image-preview":"max-image-preview:large","max-video-preview":"max-video-preview:-1"},"canonical":"https:\/\/gysfm.com.ar\/inicio\/mica-viciconte-se-despidio-de-su-suegro-carlos-cubero-tras-su-fallecimiento\/","og_locale":"es_ES","og_type":"article","og_title":"Mica Viciconte se despidi\u00f3 de su suegro Carlos Cubero tras su fallecimiento - GYS NOTICIAS |","og_description":"Mica Viciconte le dedic\u00f3 un sentido mensaje a su suegro Carlos Cubero tras su fallecimiento el viernes 8 de agosto.\u00a0 Mediante un posteo en su cuenta de Instagram, la mujer de Fabi\u00e1n Cubero record\u00f3 al padre del exfutbolista con fotos junto a Luca, su hijo.\u00a0 Adem\u00e1s, lo acompa\u00f1\u00f3 con unas palabras muy emotivas: \u00abGracias por [&hellip;]","og_url":"https:\/\/gysfm.com.ar\/inicio\/mica-viciconte-se-despidio-de-su-suegro-carlos-cubero-tras-su-fallecimiento\/","og_site_name":"GYS NOTICIAS |","article_published_time":"2025-08-10T10:14:33+00:00","og_image":[{"url":"https:\/\/fotos.perfil.com\/\/2025\/08\/09\/900\/0\/mica-cubero-se-despidio-de-carlos-cubero-2077473.jpg","type":"","width":"","height":""}],"author":"Prensa G&amp;S FM","twitter_card":"summary_large_image","twitter_misc":{"Escrito por":"Prensa G&amp;S FM","Tiempo de lectura":"2 minutos"},"schema":{"@context":"https:\/\/schema.org","@graph":[{"@type":"Article","@id":"https:\/\/gysfm.com.ar\/inicio\/mica-viciconte-se-despidio-de-su-suegro-carlos-cubero-tras-su-fallecimiento\/#article","isPartOf":{"@id":"https:\/\/gysfm.com.ar\/inicio\/mica-viciconte-se-despidio-de-su-suegro-carlos-cubero-tras-su-fallecimiento\/"},"author":{"name":"Prensa G&amp;S FM","@id":"https:\/\/gysfm.com.ar\/inicio\/#\/schema\/person\/3abba7593ef2ad19e1be221d54383dc5"},"headline":"Mica Viciconte se despidi\u00f3 de su suegro Carlos Cubero tras su fallecimiento","datePublished":"2025-08-10T10:14:33+00:00","mainEntityOfPage":{"@id":"https:\/\/gysfm.com.ar\/inicio\/mica-viciconte-se-despidio-de-su-suegro-carlos-cubero-tras-su-fallecimiento\/"},"wordCount":351,"publisher":{"@id":"https:\/\/gysfm.com.ar\/inicio\/#organization"},"image":{"@id":"https:\/\/gysfm.com.ar\/inicio\/mica-viciconte-se-despidio-de-su-suegro-carlos-cubero-tras-su-fallecimiento\/#primaryimage"},"thumbnailUrl":"https:\/\/gysfm.com.ar\/inicio\/wp-content\/uploads\/2025\/08\/mica-viciconte-carlos-cubero-y-lucas-cubero-2077472.jpg","articleSection":["NACIONALES"],"inLanguage":"es"},{"@type":"WebPage","@id":"https:\/\/gysfm.com.ar\/inicio\/mica-viciconte-se-despidio-de-su-suegro-carlos-cubero-tras-su-fallecimiento\/","url":"https:\/\/gysfm.com.ar\/inicio\/mica-viciconte-se-despidio-de-su-suegro-carlos-cubero-tras-su-fallecimiento\/","name":"Mica Viciconte se despidi\u00f3 de su suegro Carlos Cubero tras su fallecimiento - GYS NOTICIAS |","isPartOf":{"@id":"https:\/\/gysfm.com.ar\/inicio\/#website"},"primaryImageOfPage":{"@id":"https:\/\/gysfm.com.ar\/inicio\/mica-viciconte-se-despidio-de-su-suegro-carlos-cubero-tras-su-fallecimiento\/#primaryimage"},"image":{"@id":"https:\/\/gysfm.com.ar\/inicio\/mica-viciconte-se-despidio-de-su-suegro-carlos-cubero-tras-su-fallecimiento\/#primaryimage"},"thumbnailUrl":"https:\/\/gysfm.com.ar\/inicio\/wp-content\/uploads\/2025\/08\/mica-viciconte-carlos-cubero-y-lucas-cubero-2077472.jpg","datePublished":"2025-08-10T10:14:33+00:00","breadcrumb":{"@id":"https:\/\/gysfm.com.ar\/inicio\/mica-viciconte-se-despidio-de-su-suegro-carlos-cubero-tras-su-fallecimiento\/#breadcrumb"},"inLanguage":"es","potentialAction":[{"@type":"ReadAction","target":["https:\/\/gysfm.com.ar\/inicio\/mica-viciconte-se-despidio-de-su-suegro-carlos-cubero-tras-su-fallecimiento\/"]}]},{"@type":"ImageObject","inLanguage":"es","@id":"https:\/\/gysfm.com.ar\/inicio\/mica-viciconte-se-despidio-de-su-suegro-carlos-cubero-tras-su-fallecimiento\/#primaryimage","url":"https:\/\/gysfm.com.ar\/inicio\/wp-content\/uploads\/2025\/08\/mica-viciconte-carlos-cubero-y-lucas-cubero-2077472.jpg","contentUrl":"https:\/\/gysfm.com.ar\/inicio\/wp-content\/uploads\/2025\/08\/mica-viciconte-carlos-cubero-y-lucas-cubero-2077472.jpg","width":1140,"height":641},{"@type":"BreadcrumbList","@id":"https:\/\/gysfm.com.ar\/inicio\/mica-viciconte-se-despidio-de-su-suegro-carlos-cubero-tras-su-fallecimiento\/#breadcrumb","itemListElement":[{"@type":"ListItem","position":1,"name":"Portada","item":"https:\/\/gysfm.com.ar\/inicio\/"},{"@type":"ListItem","position":2,"name":"Mica Viciconte se despidi\u00f3 de su suegro Carlos Cubero tras su fallecimiento"}]},{"@type":"WebSite","@id":"https:\/\/gysfm.com.ar\/inicio\/#website","url":"https:\/\/gysfm.com.ar\/inicio\/","name":"GYS NOTICIAS |","description":"DIARIO - RADIO ONLINE SAN JUAN ARGENTINA","publisher":{"@id":"https:\/\/gysfm.com.ar\/inicio\/#organization"},"potentialAction":[{"@type":"SearchAction","target":{"@type":"EntryPoint","urlTemplate":"https:\/\/gysfm.com.ar\/inicio\/?s={search_term_string}"},"query-input":{"@type":"PropertyValueSpecification","valueRequired":true,"valueName":"search_term_string"}}],"inLanguage":"es"},{"@type":"Organization","@id":"https:\/\/gysfm.com.ar\/inicio\/#organization","name":"GYS NOTICIAS |","url":"https:\/\/gysfm.com.ar\/inicio\/","logo":{"@type":"ImageObject","inLanguage":"es","@id":"https:\/\/gysfm.com.ar\/inicio\/#\/schema\/logo\/image\/","url":"https:\/\/gysfm.com.ar\/inicio\/wp-content\/uploads\/2023\/07\/LOGOGYS-OK.png","contentUrl":"https:\/\/gysfm.com.ar\/inicio\/wp-content\/uploads\/2023\/07\/LOGOGYS-OK.png","width":1170,"height":872,"caption":"GYS NOTICIAS |"},"image":{"@id":"https:\/\/gysfm.com.ar\/inicio\/#\/schema\/logo\/image\/"}},{"@type":"Person","@id":"https:\/\/gysfm.com.ar\/inicio\/#\/schema\/person\/3abba7593ef2ad19e1be221d54383dc5","name":"Prensa G&amp;S FM","image":{"@type":"ImageObject","inLanguage":"es","@id":"https:\/\/gysfm.com.ar\/inicio\/#\/schema\/person\/image\/","url":"https:\/\/secure.gravatar.com\/avatar\/096ec78df02049ab018702bb4ccedf659377fa92a26540b5247612077a0dbd29?s=96&d=mm&r=g","contentUrl":"https:\/\/secure.gravatar.com\/avatar\/096ec78df02049ab018702bb4ccedf659377fa92a26540b5247612077a0dbd29?s=96&d=mm&r=g","caption":"Prensa G&amp;S FM"},"sameAs":["https:\/\/gysfm.com.ar\/"],"url":"https:\/\/gysfm.com.ar\/inicio\/author\/lucasm\/"}]}},"_links":{"self":[{"href":"https:\/\/gysfm.com.ar\/inicio\/wp-json\/wp\/v2\/posts\/142897","targetHints":{"allow":["GET"]}}],"collection":[{"href":"https:\/\/gysfm.com.ar\/inicio\/wp-json\/wp\/v2\/posts"}],"about":[{"href":"https:\/\/gysfm.com.ar\/inicio\/wp-json\/wp\/v2\/types\/post"}],"author":[{"embeddable":true,"href":"https:\/\/gysfm.com.ar\/inicio\/wp-json\/wp\/v2\/users\/2"}],"replies":[{"embeddable":true,"href":"https:\/\/gysfm.com.ar\/inicio\/wp-json\/wp\/v2\/comments?post=142897"}],"version-history":[{"count":0,"href":"https:\/\/gysfm.com.ar\/inicio\/wp-json\/wp\/v2\/posts\/142897\/revisions"}],"wp:featuredmedia":[{"embeddable":true,"href":"https:\/\/gysfm.com.ar\/inicio\/wp-json\/wp\/v2\/media\/142898"}],"wp:attachment":[{"href":"https:\/\/gysfm.com.ar\/inicio\/wp-json\/wp\/v2\/media?parent=142897"}],"wp:term":[{"taxonomy":"category","embeddable":true,"href":"https:\/\/gysfm.com.ar\/inicio\/wp-json\/wp\/v2\/categories?post=142897"},{"taxonomy":"post_tag","embeddable":true,"href":"https:\/\/gysfm.com.ar\/inicio\/wp-json\/wp\/v2\/tags?post=142897"}],"curies":[{"name":"wp","href":"https:\/\/api.w.org\/{rel}","templated":true}]}}