{"id":142891,"date":"2025-08-10T06:12:20","date_gmt":"2025-08-10T09:12:20","guid":{"rendered":"https:\/\/gysfm.com.ar\/inicio\/larry-diamondme-alegra-que-musk-ya-no-este-en-el-gobierno-y-me-gustaria-ver-desmantelado-su-departamento-de-eficiencia-gubernamental\/"},"modified":"2025-08-10T06:12:20","modified_gmt":"2025-08-10T09:12:20","slug":"larry-diamondme-alegra-que-musk-ya-no-este-en-el-gobierno-y-me-gustaria-ver-desmantelado-su-departamento-de-eficiencia-gubernamental","status":"publish","type":"post","link":"https:\/\/gysfm.com.ar\/inicio\/larry-diamondme-alegra-que-musk-ya-no-este-en-el-gobierno-y-me-gustaria-ver-desmantelado-su-departamento-de-eficiencia-gubernamental\/","title":{"rendered":"Larry Diamond:\u201cMe alegra que Musk ya no est\u00e9 en el gobierno y me gustar\u00eda ver desmantelado su Departamento de Eficiencia Gubernamental\u201d"},"content":{"rendered":"<p><\/p>\n<div id=\"article-content\">\n<p><strong>\u2014Usted es uno de los firmantes de una reciente declaraci\u00f3n internacional que advierte sobre el retorno de la amenaza del fascismo a escala global. \u00bfQu\u00e9 elementos concretos lo llevaron a adherir a esa advertencia colectiva, y c\u00f3mo eval\u00faa el papel que deben jugar las sociedades democr\u00e1ticas frente a este resurgimiento autoritario?<\/strong><\/p>\n<p>\u2014Estamos viendo una tendencia creciente hacia un autoritarismo de car\u00e1cter extremo y personalista, con una intensa violaci\u00f3n de las libertades civiles y una exaltaci\u00f3n de la figura del l\u00edder hasta una posici\u00f3n casi sagrada e incuestionable; intolerancia hacia las minor\u00edas, el pluralismo y la disidencia, y una especie de exaltaci\u00f3n de la naci\u00f3n de forma muy etnoc\u00e9ntrica. Tiene muchas caracter\u00edsticas propias del fascismo. Creo que debemos usar la palabra fascismo con mucho cuidado y de manera selectiva. En la mayor\u00eda de los casos, no se trata de un Mussolini, pero ya es lo suficientemente grave y se dirige en una direcci\u00f3n alarmante. Por eso, creo que debemos denunciarlo y movilizar una vigilancia activa frente a este fen\u00f3meno.<\/p>\n<p><iframe id=\"vrudo\" class=\"vrudo\" src=\"https:\/\/rudo.video\/vod\/bUKLcc?volume=0\" width=\"100%\" height=\"100%\" allowscriptaccess=\"always\" allowfullscreen=\"true\" webkitallowfullscreen=\"true\" frameborder=\"0\" scrolling=\"no\" allow=\"autoplay; fullscreen\" loading=\"lazy\" title=\"Contenido embebido\"><\/iframe><\/p>\n<p><strong>\u2014Usted ha sido uno de los analistas m\u00e1s consistentes en advertir sobre el retroceso democr\u00e1tico en el mundo. \u00bfC\u00f3mo describir\u00eda el momento actual en t\u00e9rminos de salud democr\u00e1tica global? \u00bfEstamos ante un punto de inflexi\u00f3n o en una pendiente descendente ya consolidada?<\/strong><\/p>\n<div class=\"subscription\">\n<p>\n        Esto no les gusta a los autoritarios\n    <\/p>\n<div class=\"subscription__container\">\n<div class=\"subscription__text-wrapper\">\n<p>\n                El ejercicio del periodismo profesional y cr\u00edtico es un pilar fundamental de la democracia. Por eso molesta a quienes creen ser los due\u00f1os de la verdad.\n            <\/p>\n<\/p><\/div><\/div>\n<\/div>\n<p>\u2014Esperamos un punto de inflexi\u00f3n hacia una direcci\u00f3n mejor. Lo que estamos viviendo ahora es un per\u00edodo de continua recesi\u00f3n democr\u00e1tica, una erosi\u00f3n incremental y constante de la libertad y la democracia, y un cambio en el panorama mundial, donde Rusia y China se han vuelto m\u00e1s poderosos como Estados autoritarios, mientras que las democracias est\u00e1n divididas y, en cierta medida, carecen de confianza. Mi impresi\u00f3n es que necesitamos aceptar que no volver\u00e1 a haber una \u00e9poca de hegemon\u00eda unipolar o primac\u00eda de una sola democracia liberal, concretamente Estados Unidos. Tendremos que actuar de manera m\u00e1s colectiva. Ser\u00e1 necesario un modelo de defensa y liderazgo compartido. Por eso creo firmemente que la comunidad democr\u00e1tica de Estados en las Am\u00e9ricas, representada al menos potencialmente por la OEA, la Organizaci\u00f3n de los Estados Americanos, es tan importante. Pero estamos en un per\u00edodo peligroso. No hemos dado vuelta la p\u00e1gina hacia un nuevo progreso democr\u00e1tico. La erosi\u00f3n contin\u00faa en varios pa\u00edses, incluyendo algunos en las Am\u00e9ricas. Y siempre que se da una situaci\u00f3n en la que un l\u00edder tan brutal, corrupto y autoritario como Nayib Bukele es visto como un h\u00e9roe en gran parte de Am\u00e9rica Latina, es una se\u00f1al muy preocupante.<\/p>\n<p class=\"destacadoNota\">\u201cEl antiliberalismo es intolerancia hacia la diversidad, el cambio, la inclusi\u00f3n y la igualdad\u201d<\/p>\n<div style=\"text-align:center\">\n<figure class=\"image\" style=\"display:inline-block\"><picture><source media=\"(max-width: 440px)\" srcset=\"https:\/\/fotos.perfil.com\/\/2025\/08\/10\/440\/0\/larry-diamond-en-periodismo-puro-con-jorge-fontevecchia-2077557.jpg?webp\"\/><source media=\"(max-width: 1019px)\" srcset=\"https:\/\/fotos.perfil.com\/\/2025\/08\/10\/712\/0\/larry-diamond-en-periodismo-puro-con-jorge-fontevecchia-2077557.jpg?webp\"\/><img decoding=\"async\" style=\"max-width: 100%; width: 100%;\" alt=\"Larry Diamond, en Periodismo Puro con Jorge Fontevecchia.\" src=\"https:\/\/fotos.perfil.com\/\/2025\/08\/10\/900\/0\/larry-diamond-en-periodismo-puro-con-jorge-fontevecchia-2077557.jpg?webp\" loading=\"lazy\"\/><\/picture><figcaption>AUTORITARISMO Y REGRESION DEMOCR\u00c1TICA. \u201cEl aumento de la desinformaci\u00f3n y la erosi\u00f3n de la verdad son uno de los principales fen\u00f3menos que contribuyen a la desorientaci\u00f3n pol\u00edtica, el cinismo y la disposici\u00f3n a creer en teor\u00edas conspirativas. (FOTO PABLO CUARTEROLO)<\/figcaption><\/figure>\n<\/p><\/div>\n<p><strong>\u2014En su libro \u2018Vientos adversos\u2019, usted escribi\u00f3 sobre el auge de reg\u00edmenes autoritarios y democracias iliberales. A la luz de los \u00faltimos a\u00f1os, \u00bfcree que las advertencias all\u00ed formuladas se han confirmado o incluso superado?<\/strong><\/p>\n<p>\u2014Lamentablemente creo que las advertencias que plante\u00e9 en mi libro Vientos adversos (Ill Winds), que ya tiene unos seis a\u00f1os, ciertamente se han confirmado. \u00bfEst\u00e1n siendo superadas? Creo que los aspectos m\u00e1s graves de esas advertencias est\u00e1n empezando a concretarse. Hoy estamos viviendo una situaci\u00f3n casi orwelliana en Estados Unidos, donde Trump, al no estar conforme con los informes sobre las estad\u00edsticas de empleo, simplemente despide al director de la Oficina de Estad\u00edsticas Laborales. Tal como han se\u00f1alado varios reportes, as\u00ed es como pa\u00edses como Grecia y Argentina cayeron en la hiperinflaci\u00f3n y la locura fiscal: al negarse a escuchar datos econ\u00f3micos objetivos y politizar absolutamente todo. Lo tenemos persiguiendo a sus oponentes. Ahora incluso amenaza con enjuiciar al fiscal independiente que, actuando dentro de la ley y la Constituci\u00f3n, estaba investigando sus delitos previos, incluyendo lo ocurrido el 6 de enero. Y este tipo de mentalidad vengativa, concentraci\u00f3n y abuso de poder se est\u00e1 extendiendo a muchos otros pa\u00edses del mundo. Vemos una guerra contra la prensa y la sociedad civil que contin\u00faa en lo que fue la mayor democracia del mundo, India. Hay caos pol\u00edtico en Per\u00fa. En Colombia, el presidente Petro \u2014exguerrillero\u2014 est\u00e1 abusando del poder, concentr\u00e1ndolo, y hay preocupaci\u00f3n sobre el futuro de elecciones libres y justas all\u00ed. China busca expandir su influencia pol\u00edtica y autoritaria, as\u00ed como su control sobre la informaci\u00f3n, en much\u00edsimos pa\u00edses del mundo. La situaci\u00f3n sigue avanzando, al menos, en una direcci\u00f3n tan preocupante y peligrosa como la que describ\u00ed en 2019.<\/p>\n<p class=\"destacadoNota\">\u201cLa crisis en Estados Unidos se resume hoy en una demanda: accesibilidad econ\u00f3mica\u201d<\/p>\n<p><strong>\u2014En muchos contextos autoritarios contempor\u00e1neos asistimos al resurgimiento de una visi\u00f3n extrema y tradicionalista de la masculinidad, acompa\u00f1ada por intentos de disciplinar el g\u00e9nero, la sexualidad y los roles sociales desde el Estado. \u00bfC\u00f3mo interpreta usted este fen\u00f3meno y qu\u00e9 funci\u00f3n cumple en el proyecto pol\u00edtico de estos movimientos iliberales?<\/strong><\/p>\n<p>\u2014El antiliberalismo es intolerancia hacia la diversidad, intolerancia hacia el cambio, la inclusi\u00f3n y la igualdad. Y si uno observa la historia de reg\u00edmenes profundamente autoritarios e incluso fascistas, la intolerancia hacia las minor\u00edas sexuales y la igualdad de g\u00e9nero ha sido frecuentemente un elemento central. Por supuesto, Hitler envi\u00f3 a personas gays y lesbianas a campos de concentraci\u00f3n. China est\u00e1 promoviendo ahora una forma extrema e hiperactiva de masculinidad. Y los reg\u00edmenes autoritarios o con rasgos fascistas exaltan una idea superficial de fortaleza y dominaci\u00f3n, y recurren f\u00e1cilmente a estereotipos de g\u00e9nero para traducir eso en roles sexistas y de dominio masculino. As\u00ed, las im\u00e1genes de musculatura, de fuerza, de tradicionalismo, de dominaci\u00f3n masculina, de mujeres al servicio de los hombres y del Estado, retornando a roles tradicionales, suelen formar parte del paquete de intolerancia antiliberal hacia el progreso social y la diversidad. Y eso va acompa\u00f1ado tambi\u00e9n de intolerancia hacia minor\u00edas raciales y religiosas, o personas con discapacidades f\u00edsicas. Es una forma de fanatismo que adopta m\u00faltiples formas.<\/p>\n<p class=\"destacadoNota\">\u201cEn reg\u00edmenes autoritarios la intolerancia sexual y de g\u00e9nero suele ser un rasgo central\u201d<\/p>\n<p><strong>\u2014La creciente difusi\u00f3n de noticias falsas, teor\u00edas conspirativas y desinformaci\u00f3n, muchas veces amplificadas por redes sociales y actores pol\u00edticos, parece estar erosionando la confianza ciudadana en los procesos democr\u00e1ticos. \u00bfQu\u00e9 impacto cree usted que tiene este fen\u00f3meno sobre la solidez institucional de las democracias contempor\u00e1neas? \u00bfY qu\u00e9 estrategias podr\u00edan contrarrestarlo sin comprometer la libertad de expresi\u00f3n?<\/strong><\/p>\n<p>\u2014Me alegra que hayas hecho esta pregunta, porque el aumento de la desinformaci\u00f3n y la erosi\u00f3n de la verdad y la confianza son uno de los principales fen\u00f3menos que contribuyen a la desorientaci\u00f3n pol\u00edtica, el cinismo y la disposici\u00f3n a creer en teor\u00edas conspirativas, a apoyar alternativas pol\u00edticas extremas y populistas, y a rechazar todo el sistema pol\u00edtico junto con el conjunto de los partidos establecidos. Y, por supuesto, esta desinformaci\u00f3n no solo es impulsada por diversos emprendedores pol\u00edticos malintencionados, sino tambi\u00e9n por Estados poderosos y actores que buscan desestabilizar la democracia, siendo Rusia un caso emblem\u00e1tico con su guerra asim\u00e9trica, su guerra de informaci\u00f3n contra las democracias. Lamentablemente, las empresas de redes sociales, como Meta, que es propietaria de Facebook, pero tambi\u00e9n otras como Google, entre otras, no han hecho un buen trabajo moderando sus propios contenidos ni han sido suficientemente vigilantes para contener los esfuerzos organizados de desinformaci\u00f3n. El nuevo libro de Sarah Wynn-Williams, quien trabaj\u00f3 en el \u00e1rea de pol\u00edticas p\u00fablicas de Facebook, titulado Careless People (Gente descuidada), lo revela con detalles impactantes. La dirigencia de Facebook, empezando por Mark Zuckerberg y Sheryl Sandberg, no solo ha fallado en ser responsable y vigilante para frenar la desinformaci\u00f3n y contar con personal adecuado que identifique y elimine contenidos organizados y maliciosos, sino que incluso han dado la bienvenida a ese contenido. Porque cuando la gente se indigna, se enfurece y se siente intensamente motivada por contenidos falsos y teor\u00edas conspirativas organizadas, eso atrae a m\u00e1s personas a la plataforma y fija su atenci\u00f3n en ella. Y as\u00ed ganan m\u00e1s dinero: vendiendo m\u00e1s publicidad, recolectando m\u00e1s datos, atrayendo m\u00e1s usuarios y logrando que esos usuarios pasen m\u00e1s tiempo en su plataforma. Es un poco como lo que hizo la industria tabacalera en d\u00e9cadas anteriores: sab\u00edan desde hac\u00eda tiempo que vend\u00edan y publicitaban un producto que causaba c\u00e1ncer, pero ocultaron los datos para ganar m\u00e1s dinero. Algo muy parecido est\u00e1 ocurriendo ahora. En lo personal, s\u00ed, creo que esto es una pendiente resbaladiza y debemos tener cuidado con la regulaci\u00f3n, pero necesitamos m\u00e1s regulaci\u00f3n. Y, en particular, necesitamos m\u00e1s transparencia. Como m\u00ednimo, las empresas de redes sociales deber\u00edan estar obligadas a hacer p\u00fablicos sus algoritmos. Y creo que deber\u00edan ser considerados responsables por publicar conscientemente contenido falso, y por las consecuencias sociales que esto conlleva. Por ejemplo, lo que ocurri\u00f3 en Myanmar, con consecuencias sociales y pol\u00edticas destructivas, incluy\u00f3 incluso un genocidio. <\/p>\n<p class=\"destacadoNota\">\u201cEl carisma debe analizarse junto con el programa pol\u00edtico que lo respalda y el tono de la comunicaci\u00f3n\u201d<\/p>\n<p><strong>\u2014\u00bfHasta qu\u00e9 punto la actual deriva democr\u00e1tica puede explicarse como una reacci\u00f3n frente al fracaso percibido de las democracias para ofrecer bienestar y estabilidad econ\u00f3mica? \u00bfEs una crisis generada por la democracia misma?<\/strong><\/p>\n<p>\u2014Es una respuesta a una inquietud econ\u00f3mica considerable y creciente en t\u00e9rminos de empleo, vivienda, servicios sociales y precios altos. La crisis y la insatisfacci\u00f3n en Estados Unidos hoy se expresan en una sola palabra: accesibilidad econ\u00f3mica (affordability). Cada vez m\u00e1s estadounidenses de las clases media y trabajadora tienen dificultades para comprar una vivienda, incluso para pagar el alquiler, cubrir el costo de los alimentos y otros bienes esenciales, el transporte, etc. Tenemos mucho trabajo por hacer para que los bienes sean m\u00e1s accesibles. Y la respuesta, de manera muy firme y no solo por convicci\u00f3n, sino por l\u00f3gica, no es el control de alquileres, porque eso contrae la oferta y va en contra de las leyes del mercado. Hay que construir m\u00e1s viviendas, hay que ampliar la oferta. Y se necesitan pol\u00edticas econ\u00f3micas coherentes para generar una distribuci\u00f3n m\u00e1s justa del ingreso, con tasas impositivas algo m\u00e1s altas para los sectores m\u00e1s ricos, principalmente sobre los ingresos personales, m\u00e1s que sobre los impuestos corporativos. Yo mantendr\u00eda estos \u00faltimos a una tasa m\u00e1s modesta para estimular la inversi\u00f3n, la formaci\u00f3n de capital y el regreso de industrias al pa\u00eds. Pero en Estados Unidos nos estamos moviendo exactamente en la direcci\u00f3n contraria, con el \u201cgran y hermoso proyecto de ley\u201d de Trump, que est\u00e1 redistribuyendo el ingreso desde las clases bajas y trabajadoras hacia los sectores m\u00e1s ricos del pa\u00eds. Es inevitable que haya una reacci\u00f3n populista frente a eso. Trump y otros populistas de derecha e iliberales han sido brillantes en canalizar la frustraci\u00f3n econ\u00f3mica hacia temas sociales, y hacia la sensaci\u00f3n que tienen muchas personas de clase trabajadora de ser despreciadas por la \u00e9lite intelectual progresista del pa\u00eds. Y creo que eso es un problema real, no inventado. Pero tambi\u00e9n es una distracci\u00f3n respecto de los temas m\u00e1s importantes, que son los de estructura econ\u00f3mica, justicia econ\u00f3mica y productividad, para generar una oferta adecuada de bienes, viviendas, infraestructura y servicios de salud a precios accesibles que respondan a la ansiedad y el sufrimiento de la poblaci\u00f3n. Este es ahora un gran desaf\u00edo para las democracias del mundo: si son capaces de responder a las frustraciones y ansiedades de sectores sociales muy amplios, y si pueden hacerlo enfrentando los relatos falsos y las pol\u00edticas fallidas, como por ejemplo, el aumento de aranceles. Si suben los aranceles en Estados Unidos, \u00bfqu\u00e9 va a pasar? Van a aumentar el precio de los bienes importados b\u00e1sicos que la clase media y trabajadora necesita para alimentar y vestir a sus hijos, amueblar sus casas, comprar autos, y mucho m\u00e1s. As\u00ed que no es solo una distracci\u00f3n, es algo que empeorar\u00e1 la situaci\u00f3n de la gente, aunque puede que pase un tiempo antes de que se den cuenta.<\/p>\n<p style=\"text-align:center\"><picture><source media=\"(max-width: 440px)\" srcset=\"https:\/\/fotos.perfil.com\/\/2025\/08\/10\/440\/0\/larry-diamond-en-periodismo-puro-con-jorge-fontevecchia-2077556.jpg?webp\"\/><source media=\"(max-width: 1019px)\" srcset=\"https:\/\/fotos.perfil.com\/\/2025\/08\/10\/712\/0\/larry-diamond-en-periodismo-puro-con-jorge-fontevecchia-2077556.jpg?webp\"\/><img decoding=\"async\" style=\"max-width: 100%; width: 100%;\" alt=\"Larry Diamond, en Periodismo Puro con Jorge Fontevecchia.\" src=\"https:\/\/fotos.perfil.com\/\/2025\/08\/10\/900\/0\/larry-diamond-en-periodismo-puro-con-jorge-fontevecchia-2077556.jpg?webp\" loading=\"lazy\"\/><\/picture><\/p>\n<p><strong>\u2014\u00bfC\u00f3mo juega en el debilitamiento democr\u00e1tico la necesidad contempor\u00e1nea de liderazgos carism\u00e1ticos que tengan pregnancia en redes sociales?<\/strong><\/p>\n<p>\u2014El carisma tiene un rol en el liderazgo pol\u00edtico democr\u00e1tico. Y hemos tenido varios presidentes de Estados Unidos como Franklin Delano Roosevelt, John F. Kennedy, Ronald Reagan, Barack Obama, que tuvieron \u00e9xito como presidentes porque fueron capaces de inspirar a la gente. La capacidad de inspirar a trav\u00e9s de la habilidad ret\u00f3rica y una personalidad fuerte es una caracter\u00edstica que puede ser distorsionada, deformada y abusada por una personalidad autoritaria, pero tambi\u00e9n puede ser un activo para el liderazgo democr\u00e1tico. No creo que haya nada malo en el carisma en s\u00ed mismo. Tampoco creo que est\u00e9 mal que partidos pol\u00edticos de orientaci\u00f3n democr\u00e1tica busquen l\u00edderes que puedan movilizar e inspirar a las personas y darles esperanza. El problema surge cuando esta cualidad poco com\u00fan del liderazgo pol\u00edtico y la comunicaci\u00f3n pol\u00edtica se vincula con una intenci\u00f3n autoritaria, una ideolog\u00eda iliberal, desinformaci\u00f3n, etnocentrismo, fanatismo y enga\u00f1o. Ah\u00ed es cuando se produce la peligrosa deriva hacia el autoritarismo, incluso con un tinte fascista. Por eso, siempre que veamos carisma, debemos evaluar el programa pol\u00edtico que lo acompa\u00f1a y el tono de la comunicaci\u00f3n: si es honesto, abierto, liberal e inclusivo, o si tiene una naturaleza fascista o peronista, que pide a la gente que renuncie a su pensamiento cr\u00edtico y se someta completamente a la voluntad del l\u00edder. Ah\u00ed es cuando estamos en un camino muy peligroso.<\/p>\n<p class=\"destacadoNota\"> \u201cLa ex presidenta Cristina Fern\u00e1ndez de Kirchner fue muy corrupta y es dif\u00edcil de negar\u201d<\/p>\n<p><strong>\u2014\u00bfC\u00f3mo analiza el hecho de que l\u00edderes autoritarios como Trump logren llegar o volver al poder a trav\u00e9s del voto popular, incluso despu\u00e9s de haber sido desplazados previamente por v\u00edas democr\u00e1ticas?<\/strong><\/p>\n<p>\u2014Es una buena pregunta. No deber\u00edamos sobreinterpretar ni exagerar el significado pol\u00edtico en Estados Unidos de la elecci\u00f3n de Trump. En EE. UU. tenemos elecciones primarias que eligen a los candidatos, y solo una peque\u00f1a minor\u00eda del electorado vota en esas primarias. Trump fue nominado nuevamente por un Partido Republicano que \u00e9l hab\u00eda capturado y remodelado, pero eso represent\u00f3 s\u00f3lo una porci\u00f3n del electorado. Una vez que se lleg\u00f3 a la elecci\u00f3n general, las encuestas mostraban que un dem\u00f3crata podr\u00eda haber vencido a Trump. Pero el problema es que el pa\u00eds estaba muy descontento con Biden y su administraci\u00f3n por varias razones. Primero, la inflaci\u00f3n era demasiado alta, y la administraci\u00f3n Biden fue lenta en responder, en reconocer y admitir el problema de la inflaci\u00f3n y en reducir los precios. Segundo, Biden y su entorno encubrieron lo que era una muy clara y acelerada declinaci\u00f3n en sus capacidades f\u00edsicas y cognitivas, y sobre todo en su habilidad para comunicarse. Eso qued\u00f3 finalmente expuesto en el famoso debate de junio de 2024, que lo oblig\u00f3 a retirarse de la carrera presidencial. Nunca debi\u00f3 haberse postulado para un segundo mandato. Fue un error moral y pol\u00edtico enorme por el que \u00e9l, su familia, el personal de la Casa Blanca y el Partido Dem\u00f3crata cargar\u00e1n con la responsabilidad permanente. Y tercero, para cuando se retir\u00f3, solo quedaba una posibilidad para reemplazarlo: su vicepresidenta, que ten\u00eda algunas buenas cualidades, pero no era la candidata m\u00e1s fuerte para la presidencia. No era la persona que, en mi opini\u00f3n, habr\u00eda sido la nominada si se hubiera hecho una elecci\u00f3n abierta en 2023. Adem\u00e1s, no tuvo tiempo de desarrollar una agenda que realmente pudiera conquistar al pueblo estadounidense. Su campa\u00f1a se basaba demasiado en mantener el statu quo, que hab\u00eda fracasado. En Estados Unidos tenemos dos partidos pol\u00edticos, dos candidatos presidenciales. Uno de ellos iba a ganar. Esta fue una elecci\u00f3n de cambio, y Trump era el candidato del cambio.<\/p>\n<p><strong>\u2014Usted ha escrito sobre la \u2018Teor\u00eda del Ejecutivo Unitario\u2019, impulsada por sectores conservadores en Estados Unidos. \u00bfPodr\u00eda explicarnos c\u00f3mo esta doctrina contribuye a la concentraci\u00f3n de poder presidencial y por qu\u00e9 representa un riesgo para la democracia?<\/strong><\/p>\n<p>\u2014La teor\u00eda del Ejecutivo Unitario es un argumento retorcido e insostenible o una interpretaci\u00f3n de la Constituci\u00f3n, que sostiene que el Poder Ejecutivo es una sola persona, el presidente de los Estados Unidos, y que puede hacer lo que quiera, cuando quiera. Si se observa la historia de la formaci\u00f3n de los Estados Unidos, comenzando con nuestra revoluci\u00f3n en 1776, nuestros fundadores fueron muy expl\u00edcitos al decir que no quer\u00edamos un rey. Por eso las protestas contra los abusos de poder de Trump en los \u00faltimos meses se han llevado adelante bajo el lema \u201cNo a los reyes\u201d, y por eso las principales manifestaciones del 15 de junio en todo Estados Unidos, en las que entre 6 y 8 millones de personas salieron a las calles en unas 2 mil comunidades a lo largo del pa\u00eds, fueron denominadas \u201cNo King\u2019s Day\u201d. Entonces, la teor\u00eda del Ejecutivo Unitario intenta crear un rey y afirmar que puede destituir a cualquier funcionario regulador, dar \u00f3rdenes a cualquier agencia del gabinete, despedir a cualquier agente de supervisi\u00f3n, como los inspectores generales de muchos departamentos, incluso si lo hace con fines autoritarios y corruptos. Nadie podr\u00eda cuestionarlo. Esto no es lo que pretende la Constituci\u00f3n. No es lo que establecen y proh\u00edben una serie de leyes muy espec\u00edficas. Esta teor\u00eda est\u00e1 siendo impugnada en los tribunales, y la Corte Suprema ha sido demasiado indulgente al permitirle salirse con la suya, pero no le va a otorgar un camino libre y sin filtros para implementar esto. Va a encontrar resistencia.<\/p>\n<p><strong>\u2014En los \u00faltimos meses se han producido episodios de violencia e intimidaci\u00f3n pol\u00edtica en Estados Unidos, como el asesinato de una senadora y su esposo, o las presiones sobre legisladores republicanos. \u00bfVe usted un patr\u00f3n creciente de violencia pol\u00edtica en el pa\u00eds? \u00bfQu\u00e9 peligros plantea esto para la democracia estadounidense?<\/strong><\/p>\n<p>\u2014Es un tema que genera una profunda preocupaci\u00f3n tanto en la sociedad estadounidense en general, como entre los analistas y pol\u00edticos que desean defender nuestra democracia. La senadora que fue asesinada, junto a su esposo, era senadora estatal de Minnesota, no senadora nacional de Estados Unidos. Pero la tragedia no se ve disminuida por el hecho de que fuera, entre comillas, \u201csolo\u201d una legisladora estatal. Fue un crimen horrible. Tenemos muchas personas con enfermedades mentales, desequilibradas, nuestra sociedad. Y cuando se combina esto con armas que se adquieren f\u00e1cilmente y que se pueden potenciar en t\u00e9rminos de poder y capacidad de disparo r\u00e1pido, es una combinaci\u00f3n muy, muy, muy peligrosa. Parece que cada semana hay otro episodio de tiroteo masivo en Estados Unidos. Lamentablemente, la Corte Suprema ha interpretado la Segunda Enmienda de la Constituci\u00f3n \u2014el derecho a portar armas\u2014 de una forma que yo, y muchos estadounidenses, consideramos rid\u00edculamente expansiva. La enmienda dice que se puede \u201cportar armas\u201d, pero no dice que se puedan portar armas tan poderosas y de disparo tan r\u00e1pido que, en realidad, son armas de guerra y de destrucci\u00f3n masiva. Y esto no deber\u00eda impedirnos evitar que ese tipo de armas lleguen a manos de personas que han demostrado ser mentalmente inestables o peligrosas. Ese es un aspecto del problema. El segundo aspecto es el nivel extremo de polarizaci\u00f3n pol\u00edtica, veneno y exageraci\u00f3n que hoy impera en las redes sociales, e incluso en otros medios de comunicaci\u00f3n, lo que hace que personas emocionalmente inestables, o que pr\u00e1cticamente no tienen otra vida m\u00e1s all\u00e1 de teor\u00edas conspirativas y redes sociales, lleguen a un estado de excitaci\u00f3n y furia tal que decidan tomar un arma y hacer algo para liberar su venganza, ira o frustraci\u00f3n. No solo tenemos que trabajar sobre el aspecto de la salud mental, y sobre el acceso y la falta de regulaci\u00f3n de las armas en Estados Unidos, sino tambi\u00e9n sobre el clima pol\u00edtico de polarizaci\u00f3n intensa y casi homicida que est\u00e1 generando un tipo de atm\u00f3sfera permisiva o de incitaci\u00f3n para este tipo de actos.<\/p>\n<p><strong>\u2014\u00bfCu\u00e1l es su visi\u00f3n sobre el rol que ha jugado Elon Musk en la esfera p\u00fablica estadounidense, su v\u00ednculo inicial y posterior distanciamiento de Trump, y las controversias que lo rodean, incluyendo las acusaciones sobre su aparici\u00f3n en la lista de Epstein?<\/strong><\/p>\n<p>\u2014Siempre nos encontramos ante una situaci\u00f3n peligrosa cuando la riqueza y el poder se fusionan de una forma demasiado \u00edntima. Elon Musk es el hombre m\u00e1s rico de Estados Unidos y del mundo. Se puede admirar su \u00e9xito empresarial en la industria automotriz con Tesla, o en el desarrollo de la industria espacial con SpaceX, pero la democracia consiste en limitar la concentraci\u00f3n del poder, en establecer separaciones de poderes, pesos y contrapesos, y en asegurar el acceso equitativo al poder. Por eso, es algo peligroso cuando se le otorga a la persona m\u00e1s rica de Estados Unidos o del mundo un poder sin rendici\u00f3n de cuentas para supervisar y depurar agencias gubernamentales. Eso nunca deber\u00eda haber ocurrido. Y traer a esta persona al gobierno sin ninguna consulta al Congreso ni mecanismos de control p\u00fablico fue una cat\u00e1strofe pol\u00edtica anunciada, y se manifiesta, en parte, en la desarticulaci\u00f3n y el da\u00f1o profundo a la funci\u00f3n p\u00fablica y a muchas instituciones del Estado que necesitamos que funcionen correctamente. Se puede argumentar que la Agencia de los Estados Unidos para el Desarrollo Internacional (USAID) estaba mal estructurada, que era ineficiente, que necesitaba una reestructuraci\u00f3n profunda. Incluso muchas personas que creen firmemente en la necesidad de que Estados Unidos lidere la distribuci\u00f3n de ayuda internacional comparten ese diagn\u00f3stico. Pero tomar un mazo y destruirla, y permitir que el hombre m\u00e1s rico del mundo env\u00ede a sus agentes personales a ministerios y archivos del gobierno para capturar y descargar los datos de millones \u2014potencialmente decenas de millones, y en el caso del Departamento del Tesoro, quiz\u00e1s de 100 o 200 millones de estadounidenses\u2014 es una violaci\u00f3n intolerable y escandalosa de la privacidad, del debido proceso, y de muchos otros derechos y l\u00edmites constitucionales. As\u00ed que me alegra que ya no forme parte del gobierno. Me gustar\u00eda ver desmantelado el Departamento de Eficiencia Gubernamental que cre\u00f3. Y en cuanto a la controversia o la batalla de egos entre Trump y Musk, muchas personas sienten que se merecen el uno al otro.<\/p>\n<p><strong>\u2014Usted ha afirmado que lo preocupante de China no es tanto su car\u00e1cter comunista, sino su estructura leninista. \u00bfPodr\u00eda explicar qu\u00e9 implica esta distinci\u00f3n y por qu\u00e9 considera que el modelo leninista representa una amenaza mayor para la democracia global que otras formas de autoritarismo?<\/strong><\/p>\n<p>\u2014Si uno mira a China no ve comunismo. Si bien todav\u00eda existe un Politbur\u00f3, un Comit\u00e9 Central, un Libro Rojo con el pensamiento de Xi Jinping y todos estos gestos hacia el marxismo-leninismo, nadie cree realmente en eso. Es un sistema capitalista de Estado autoritario. Y por eso, el verdadero peligro es el elemento leninista del control pol\u00edtico centralizado. Y, en \u00faltima instancia, en la cima, un solo hombre, que ahora es el l\u00edder absoluto, al que nadie puede desafiar, y que ha seleccionado personalmente a todos los miembros del Politbur\u00f3 y luego del c\u00edrculo m\u00e1s peque\u00f1o y poderoso: el Comit\u00e9 Permanente del Politbur\u00f3. Esta es una estructura cl\u00e1sica leninista. Los esfuerzos de propaganda, el uso del terror, las exigencias de lealtad absoluta, las purgas, todo eso, el Frente Unido y su esfuerzo por difundir propaganda, enga\u00f1ar, cooptar, etc., son todas t\u00e1cticas cl\u00e1sicas del leninismo. Y ahora se suman estas t\u00e1cticas leninistas de dominaci\u00f3n total al crecimiento tecnol\u00f3gico de un Estado de vigilancia extremadamente sofisticado, con c\u00e1maras en cada esquina, intrusi\u00f3n digital en la vida de las personas a trav\u00e9s de sus redes sociales, sus tel\u00e9fonos m\u00f3viles y el sistema de pagos electr\u00f3nicos. Todo eso se combina en un sistema integrado de monitoreo y control mediante inteligencia artificial. A esto se suma la ambici\u00f3n de dominaci\u00f3n externa en Asia Oriental y m\u00e1s all\u00e1, y el neocolonialismo que se desprende de la Iniciativa de la Franja y la Ruta de China y su diplomacia de la deuda, su b\u00fasqueda de un control cada vez mayor sobre la infraestructura y el comercio global. Es una combinaci\u00f3n extremadamente peligrosa. No hay mucho de comunista o marxista en sentido ideol\u00f3gico, pero s\u00ed es profundamente autoritario, al punto de ser casi neo totalitario, y realmente agresivo e imperialista.<\/p>\n<div style=\"text-align:center\">\n<figure class=\"image\" style=\"display:inline-block\"><picture><source media=\"(max-width: 440px)\" srcset=\"https:\/\/fotos.perfil.com\/\/2025\/08\/10\/440\/0\/larry-diamond-en-periodismo-puro-con-jorge-fontevecchia-2077555.jpg?webp\"\/><source media=\"(max-width: 1019px)\" srcset=\"https:\/\/fotos.perfil.com\/\/2025\/08\/10\/712\/0\/larry-diamond-en-periodismo-puro-con-jorge-fontevecchia-2077555.jpg?webp\"\/><img decoding=\"async\" style=\"max-width: 100%; width: 100%;\" alt=\"Larry Diamond, en Periodismo Puro con Jorge Fontevecchia.\" src=\"https:\/\/fotos.perfil.com\/\/2025\/08\/10\/900\/0\/larry-diamond-en-periodismo-puro-con-jorge-fontevecchia-2077555.jpg?webp\" loading=\"lazy\"\/><\/picture><figcaption>ESTADOS UNIDOS, TRUMP Y EL POPULISMO AUTORITARIO. \u201cTrump y otros populistas de derecha canalizan la frustraci\u00f3n econ\u00f3mica hacia temas sociales y el resentimiento de la clase trabajadora hacia la \u00e9lite progresista\u201d. (FOTO PABLO CUARTEROLO)<\/figcaption><\/figure>\n<\/p><\/div>\n<p><strong>\u2014En un contexto global de retroceso democr\u00e1tico y auge de liderazgos autoritarios, \u00bfconsidera usted que la Uni\u00f3n Europea puede desempe\u00f1ar un rol protag\u00f3nico como garante y resguardo de los valores democr\u00e1ticos? \u00bfQu\u00e9 fortalezas institucionales y qu\u00e9 limitaciones enfrenta hoy para asumir ese liderazgo en la defensa de la democracia liberal a nivel internacional?<\/strong><\/p>\n<p>\u2014No solo la Uni\u00f3n Europea puede desempe\u00f1ar un papel m\u00e1s fuerte, sino que realmente debe hacerlo. Estamos ahora en un per\u00edodo en el que ya no podemos depender de Estados Unidos como el l\u00edder del mundo libre. Espero, anhelo y trabajo por un momento en el que Estados Unidos retome su papel hist\u00f3rico de promover, defender y respaldar los valores democr\u00e1ticos, las instituciones y los movimientos en todo el mundo. Pero esto no es algo que a Donald Trump le interese en este momento. Y aun si regres\u00e1ramos a un per\u00edodo \u2014ya sea con un presidente republicano o dem\u00f3crata\u2014 en el que Estados Unidos est\u00e9 alineado con una pol\u00edtica exterior basada en la democracia, la libertad, la buena gobernanza y los derechos humanos, lo cierto es que Estados Unidos ya no tiene el poder relativo que ten\u00eda frente a otros pa\u00edses hace 20 o 30 a\u00f1os para ser la fuerza dominante en este terreno. Y el mundo est\u00e1 cansado no solo de la hegemon\u00eda, sino incluso de cualquier forma de primac\u00eda unilateral. Tiene que ser algo m\u00e1s compartido, m\u00e1s distribuido. Necesitamos que la Uni\u00f3n Europea haga m\u00e1s para apoyar la democracia, incluso a trav\u00e9s de subsidios y asistencia. Que act\u00fae con mayor firmeza en el plano diplom\u00e1tico para defender los principios democr\u00e1ticos y los derechos humanos. Necesitamos que Jap\u00f3n tambi\u00e9n d\u00e9 un paso al frente. Ha sido extremadamente reticente en su pol\u00edtica exterior. Y m\u00e1s en general, creo que necesitamos que lo que alguna vez se llam\u00f3 la comunidad de democracias, que de hecho sigue existiendo como organizaci\u00f3n, con sede en Polonia, se vuelva algo real y activo. Necesitamos una red, una coalici\u00f3n de democracias que diga: miren, no todos vamos a tener la misma pol\u00edtica exterior, tenemos diferencias de intereses, etc., pero hay ciertos principios b\u00e1sicos, ciertos valores fundamentales que vamos a defender en Naciones Unidas, en el Consejo de Derechos Humanos de la ONU y en otros foros, donde nos presentaremos unidos en defensa de los derechos humanos, por la liberaci\u00f3n de presos pol\u00edticos, contra la agresi\u00f3n \u2014como en el caso de Ucrania\u2014 y muchas otras cuestiones. Realmente necesitamos que esto ocurra tambi\u00e9n en Am\u00e9rica. Lo repetir\u00e9: necesitamos que la Organizaci\u00f3n de Estados Americanos tenga un papel mucho m\u00e1s activo y comprometido en este sentido. No solo Estados Unidos, sino todo el conjunto de democracias del continente americano.<\/p>\n<p><strong>\u2014En el caso de Argentina, el presidente Javier Milei ha construido su liderazgo sobre un discurso radicalizado, un estilo confrontativo y una estrategia de deslegitimaci\u00f3n de instituciones y actores tradicionales. \u00bfC\u00f3mo observa usted el experimento argentino actual desde la perspectiva del deterioro democr\u00e1tico? \u00bfLe parece un caso excepcional o parte de una tendencia global?<\/strong><\/p>\n<p>\u2014Quiero ser cuidadoso con mi respuesta, no porque me niegue a darla, sino porque no estoy tan bien informado como me gustar\u00eda. Hab\u00eda una corrupci\u00f3n enorme y una irresponsabilidad fiscal muy seria en la situaci\u00f3n pol\u00edtico-econ\u00f3mica que Milei enfrent\u00f3 al asumir la presidencia. Por lo tanto, una reestructuraci\u00f3n dr\u00e1stica, incluso radical, era necesaria para poner fin a los factores estructurales que alimentaban la inflaci\u00f3n, la hiperinflaci\u00f3n y el patr\u00f3n cr\u00f3nico de corrupci\u00f3n. Tengo cierta simpat\u00eda por los desaf\u00edos que Milei enfrent\u00f3 y por lo que \u00e9l dice que intenta hacer. Pero no tengo simpat\u00eda por la forma profundamente personalista, intolerante, chovinista, sexista y populista en la que est\u00e1 intentando hacerlo, ni por su ret\u00f3rica. Y vuelvo a decir: aunque sea necesario un cambio muy significativo en la pol\u00edtica y en la estructura del Estado, ese cambio no deber\u00eda venir acompa\u00f1ado de una renuncia a la rendici\u00f3n de cuentas, a la transparencia, al debido proceso, a las libertades civiles, y dem\u00e1s garant\u00edas. Eso es lo que me preocupa. Adem\u00e1s, uno puede ir demasiado lejos incluso en una direcci\u00f3n correcta. Y creo que Milei es realmente un libertario extremo que piensa que el mejor Estado es pr\u00e1cticamente la ausencia total del Estado. Y creo que Argentina \u2014y otros Estados modernos\u2014 necesitan un Estado m\u00e1s \u00e1gil, s\u00ed, pero tambi\u00e9n un Estado que sea capaz de hacer las cosas, un Estado liviano pero con un servicio civil profesional y meritocr\u00e1tico. Y uno puede ir demasiado lejos al despreciar y desmantelar eso.<\/p>\n<p><strong>\u2014En su audiencia ante el Congreso de EE.UU., Peter Lamelas, candidato de Trump para la embajada en Argentina, expres\u00f3 un fuerte respaldo al gobierno de Milei, pidi\u00f3 justicia contra Cristina Fern\u00e1ndez de Kirchner y se comprometi\u00f3 a contrarrestar la influencia china en las provincias argentinas. \u00bfC\u00f3mo interpreta usted estas declaraciones en el marco de la agenda internacional del trumpismo y su proyecci\u00f3n sobre Am\u00e9rica Latina? \u00bfQu\u00e9 implicancias democr\u00e1ticas puede tener esta diplomacia ideol\u00f3gica?<\/strong><\/p>\n<p>\u2014Siempre debemos ser cuidadosos al intervenir en disputas pol\u00edticas partidarias dentro de un pa\u00eds cuando tenemos un nuevo embajador o un embajador en funciones. Lo que s\u00ed puedo decir enf\u00e1ticamente es que es justo y apropiado que Estados Unidos \u2014y un embajador estadounidense\u2014 aliente a Argentina a hacer m\u00e1s para contrarrestar el poder autoritario maligno y agudo de China, y sus esfuerzos por penetrar en el sistema pol\u00edtico y econ\u00f3mico argentino. Esta es una preocupaci\u00f3n de principios que podemos compartir y sobre la que podemos cooperar. En lo personal, creo que la ex presidenta Cristina Fern\u00e1ndez de Kirchner fue muy corrupta. Creo que eso es dif\u00edcil de negar. Pero no creo que sea una buena idea que Estados Unidos se involucre en una guerra partidaria entre el partido peronista y el partido actual, entre la ex presidenta y el presidente actual. Defendamos los principios de rendici\u00f3n de cuentas, justicia, transparencia y democracia, y luego permitamos que cada pa\u00eds en el que estamos diplom\u00e1ticamente representados trace su propio camino hacia esos principios.<\/p>\n<p class=\"destacadoNota\">\u201cLa situaci\u00f3n se vuelve peligrosa cuando la riqueza y el poder se entrelazan demasiado\u201d<\/p>\n<p><strong>\u2014En ciertos sectores de la pol\u00edtica estadounidense parece resurgir una mirada hacia Am\u00e9rica Latina como su \u201cpatio trasero\u201d, con actitudes intervencionistas o paternalistas que remiten a \u00e9pocas pasadas. \u00bfPercibe usted un regreso de esta l\u00f3gica imperial en la pol\u00edtica exterior de Estados Unidos? \u00bfQu\u00e9 consecuencias puede tener para las democracias latinoamericanas este tipo de enfoque?<\/strong><\/p>\n<p>\u2014No creo que Trump tenga suficiente ambici\u00f3n como para querer involucrarse diplom\u00e1ticamente \u2014o de cualquier otra manera\u2014 en el mundo, como para devolver a Estados Unidos a los peores d\u00edas de injerencia en la pol\u00edtica democr\u00e1tica de Am\u00e9rica Latina. No existe la capacidad ni la estrategia para eso en una \u00e9poca en la que estamos reduciendo tanto el Departamento de Estado como nuestra representaci\u00f3n e involucramiento internacional. Pero algunos de los ejemplos que mencionas ya son bastante graves. Y no hace falta simpatizar con el presidente Lula ni ser ciego a las considerables patolog\u00edas de la pol\u00edtica brasile\u00f1a actual para preocuparse por este tipo de intervenci\u00f3n por parte del presidente Trump. En mi opini\u00f3n, Bolsonaro merece ser procesado. No puedo juzgar cu\u00e1l ser\u00eda el resultado, pero ciertamente hay muchas pruebas preliminares de su complicidad en un intento por revertir una elecci\u00f3n libre y justa en Brasil, casi exactamente del mismo modo en que Trump intent\u00f3 hacerlo en Estados Unidos. Y Trump tambi\u00e9n deber\u00eda haber sido procesado por su implicaci\u00f3n en los hechos del 6 de enero y su intento de anular las elecciones. Pero, lamentablemente, se nos acab\u00f3 el tiempo. As\u00ed que Estados Unidos no tiene ning\u00fan derecho a intervenir de esta manera ni a castigar a una democracia brasile\u00f1a que necesitamos como un ancla importante y como un l\u00edder par en el esfuerzo por restaurar, defender, revitalizar y mejorar las democracias en toda Am\u00e9rica. Por eso, me opongo completamente a lo que est\u00e1 haciendo Trump al castigar a la democracia brasile\u00f1a. Y no hace falta ser un defensor o partidario del presidente Lula para decir que esto es profundamente incorrecto y desacertado.<\/p>\n<p><em><strong>Producci\u00f3n: Sol Bacigalupo.<\/strong><\/em><\/p>\n<\/p><\/div>\n<p><script>\n                !function(f,b,e,v,n,t,s)\n                {if(f.fbq)return;n=f.fbq=function(){n.callMethod?\n                    n.callMethod.apply(n,arguments):n.queue.push(arguments)};\n                    if(!f._fbq)f._fbq=n;n.push=n;n.loaded=!0;n.version='2.0';\n                    n.queue=[];t=b.createElement(e);t.async=!0;\n                    t.src=v;s=b.getElementsByTagName(e)[0];\n                    s.parentNode.insertBefore(t,s)}(window, document,'script',\n                    'https:\/\/connect.facebook.net\/en_US\/fbevents.js');\n                window.paywallConfig.facebook_pixel=\"1000228364089342\"\n            <\/script><\/p>\n","protected":false},"excerpt":{"rendered":"<p>\u2014Usted es uno de los firmantes de una reciente declaraci\u00f3n internacional que advierte sobre el retorno de la amenaza del fascismo a escala global. \u00bfQu\u00e9 elementos concretos lo llevaron a adherir a esa advertencia colectiva, y c\u00f3mo eval\u00faa el papel que deben jugar las sociedades democr\u00e1ticas frente a este resurgimiento autoritario? \u2014Estamos viendo una tendencia [&hellip;]<\/p>\n","protected":false},"author":2,"featured_media":142892,"comment_status":"closed","ping_status":"closed","sticky":false,"template":"","format":"standard","meta":{"footnotes":""},"categories":[25],"tags":[],"class_list":["post-142891","post","type-post","status-publish","format-standard","has-post-thumbnail","hentry","category-nacionales"],"yoast_head":"<!-- This site is optimized with the Yoast SEO plugin v24.4 - https:\/\/yoast.com\/wordpress\/plugins\/seo\/ -->\n<title>Larry Diamond:\u201cMe alegra que Musk ya no est\u00e9 en el gobierno y me gustar\u00eda ver desmantelado su Departamento de Eficiencia Gubernamental\u201d - GYS NOTICIAS |<\/title>\n<meta name=\"robots\" content=\"index, follow, max-snippet:-1, max-image-preview:large, max-video-preview:-1\" \/>\n<link rel=\"canonical\" href=\"https:\/\/gysfm.com.ar\/inicio\/larry-diamondme-alegra-que-musk-ya-no-este-en-el-gobierno-y-me-gustaria-ver-desmantelado-su-departamento-de-eficiencia-gubernamental\/\" \/>\n<meta property=\"og:locale\" content=\"es_ES\" \/>\n<meta property=\"og:type\" content=\"article\" \/>\n<meta property=\"og:title\" content=\"Larry Diamond:\u201cMe alegra que Musk ya no est\u00e9 en el gobierno y me gustar\u00eda ver desmantelado su Departamento de Eficiencia Gubernamental\u201d - GYS NOTICIAS |\" \/>\n<meta property=\"og:description\" content=\"\u2014Usted es uno de los firmantes de una reciente declaraci\u00f3n internacional que advierte sobre el retorno de la amenaza del fascismo a escala global. \u00bfQu\u00e9 elementos concretos lo llevaron a adherir a esa advertencia colectiva, y c\u00f3mo eval\u00faa el papel que deben jugar las sociedades democr\u00e1ticas frente a este resurgimiento autoritario? \u2014Estamos viendo una tendencia [&hellip;]\" \/>\n<meta property=\"og:url\" content=\"https:\/\/gysfm.com.ar\/inicio\/larry-diamondme-alegra-que-musk-ya-no-este-en-el-gobierno-y-me-gustaria-ver-desmantelado-su-departamento-de-eficiencia-gubernamental\/\" \/>\n<meta property=\"og:site_name\" content=\"GYS NOTICIAS |\" \/>\n<meta property=\"article:published_time\" content=\"2025-08-10T09:12:20+00:00\" \/>\n<meta property=\"og:image\" content=\"https:\/\/fotos.perfil.com\/\/2025\/08\/10\/900\/0\/larry-diamond-en-periodismo-puro-con-jorge-fontevecchia-2077557.jpg?webp\" \/>\n<meta name=\"author\" content=\"Prensa G&amp;S FM\" \/>\n<meta name=\"twitter:card\" content=\"summary_large_image\" \/>\n<meta name=\"twitter:label1\" content=\"Escrito por\" \/>\n\t<meta name=\"twitter:data1\" content=\"Prensa G&amp;S FM\" \/>\n\t<meta name=\"twitter:label2\" content=\"Tiempo de lectura\" \/>\n\t<meta name=\"twitter:data2\" content=\"29 minutos\" \/>\n<script type=\"application\/ld+json\" class=\"yoast-schema-graph\">{\"@context\":\"https:\/\/schema.org\",\"@graph\":[{\"@type\":\"Article\",\"@id\":\"https:\/\/gysfm.com.ar\/inicio\/larry-diamondme-alegra-que-musk-ya-no-este-en-el-gobierno-y-me-gustaria-ver-desmantelado-su-departamento-de-eficiencia-gubernamental\/#article\",\"isPartOf\":{\"@id\":\"https:\/\/gysfm.com.ar\/inicio\/larry-diamondme-alegra-que-musk-ya-no-este-en-el-gobierno-y-me-gustaria-ver-desmantelado-su-departamento-de-eficiencia-gubernamental\/\"},\"author\":{\"name\":\"Prensa G&amp;S FM\",\"@id\":\"https:\/\/gysfm.com.ar\/inicio\/#\/schema\/person\/3abba7593ef2ad19e1be221d54383dc5\"},\"headline\":\"Larry Diamond:\u201cMe alegra que Musk ya no est\u00e9 en el gobierno y me gustar\u00eda ver desmantelado su Departamento de Eficiencia Gubernamental\u201d\",\"datePublished\":\"2025-08-10T09:12:20+00:00\",\"mainEntityOfPage\":{\"@id\":\"https:\/\/gysfm.com.ar\/inicio\/larry-diamondme-alegra-que-musk-ya-no-este-en-el-gobierno-y-me-gustaria-ver-desmantelado-su-departamento-de-eficiencia-gubernamental\/\"},\"wordCount\":5891,\"publisher\":{\"@id\":\"https:\/\/gysfm.com.ar\/inicio\/#organization\"},\"image\":{\"@id\":\"https:\/\/gysfm.com.ar\/inicio\/larry-diamondme-alegra-que-musk-ya-no-este-en-el-gobierno-y-me-gustaria-ver-desmantelado-su-departamento-de-eficiencia-gubernamental\/#primaryimage\"},\"thumbnailUrl\":\"https:\/\/gysfm.com.ar\/inicio\/wp-content\/uploads\/2025\/08\/larry-diamond-en-periodismo-puro-con-jorge-fontevecchia-2077553.jpg\",\"articleSection\":[\"NACIONALES\"],\"inLanguage\":\"es\"},{\"@type\":\"WebPage\",\"@id\":\"https:\/\/gysfm.com.ar\/inicio\/larry-diamondme-alegra-que-musk-ya-no-este-en-el-gobierno-y-me-gustaria-ver-desmantelado-su-departamento-de-eficiencia-gubernamental\/\",\"url\":\"https:\/\/gysfm.com.ar\/inicio\/larry-diamondme-alegra-que-musk-ya-no-este-en-el-gobierno-y-me-gustaria-ver-desmantelado-su-departamento-de-eficiencia-gubernamental\/\",\"name\":\"Larry Diamond:\u201cMe alegra que Musk ya no est\u00e9 en el gobierno y me gustar\u00eda ver desmantelado su Departamento de Eficiencia Gubernamental\u201d - GYS NOTICIAS |\",\"isPartOf\":{\"@id\":\"https:\/\/gysfm.com.ar\/inicio\/#website\"},\"primaryImageOfPage\":{\"@id\":\"https:\/\/gysfm.com.ar\/inicio\/larry-diamondme-alegra-que-musk-ya-no-este-en-el-gobierno-y-me-gustaria-ver-desmantelado-su-departamento-de-eficiencia-gubernamental\/#primaryimage\"},\"image\":{\"@id\":\"https:\/\/gysfm.com.ar\/inicio\/larry-diamondme-alegra-que-musk-ya-no-este-en-el-gobierno-y-me-gustaria-ver-desmantelado-su-departamento-de-eficiencia-gubernamental\/#primaryimage\"},\"thumbnailUrl\":\"https:\/\/gysfm.com.ar\/inicio\/wp-content\/uploads\/2025\/08\/larry-diamond-en-periodismo-puro-con-jorge-fontevecchia-2077553.jpg\",\"datePublished\":\"2025-08-10T09:12:20+00:00\",\"breadcrumb\":{\"@id\":\"https:\/\/gysfm.com.ar\/inicio\/larry-diamondme-alegra-que-musk-ya-no-este-en-el-gobierno-y-me-gustaria-ver-desmantelado-su-departamento-de-eficiencia-gubernamental\/#breadcrumb\"},\"inLanguage\":\"es\",\"potentialAction\":[{\"@type\":\"ReadAction\",\"target\":[\"https:\/\/gysfm.com.ar\/inicio\/larry-diamondme-alegra-que-musk-ya-no-este-en-el-gobierno-y-me-gustaria-ver-desmantelado-su-departamento-de-eficiencia-gubernamental\/\"]}]},{\"@type\":\"ImageObject\",\"inLanguage\":\"es\",\"@id\":\"https:\/\/gysfm.com.ar\/inicio\/larry-diamondme-alegra-que-musk-ya-no-este-en-el-gobierno-y-me-gustaria-ver-desmantelado-su-departamento-de-eficiencia-gubernamental\/#primaryimage\",\"url\":\"https:\/\/gysfm.com.ar\/inicio\/wp-content\/uploads\/2025\/08\/larry-diamond-en-periodismo-puro-con-jorge-fontevecchia-2077553.jpg\",\"contentUrl\":\"https:\/\/gysfm.com.ar\/inicio\/wp-content\/uploads\/2025\/08\/larry-diamond-en-periodismo-puro-con-jorge-fontevecchia-2077553.jpg\",\"width\":1140,\"height\":641},{\"@type\":\"BreadcrumbList\",\"@id\":\"https:\/\/gysfm.com.ar\/inicio\/larry-diamondme-alegra-que-musk-ya-no-este-en-el-gobierno-y-me-gustaria-ver-desmantelado-su-departamento-de-eficiencia-gubernamental\/#breadcrumb\",\"itemListElement\":[{\"@type\":\"ListItem\",\"position\":1,\"name\":\"Portada\",\"item\":\"https:\/\/gysfm.com.ar\/inicio\/\"},{\"@type\":\"ListItem\",\"position\":2,\"name\":\"Larry Diamond:\u201cMe alegra que Musk ya no est\u00e9 en el gobierno y me gustar\u00eda ver desmantelado su Departamento de Eficiencia Gubernamental\u201d\"}]},{\"@type\":\"WebSite\",\"@id\":\"https:\/\/gysfm.com.ar\/inicio\/#website\",\"url\":\"https:\/\/gysfm.com.ar\/inicio\/\",\"name\":\"GYS NOTICIAS |\",\"description\":\"DIARIO - RADIO ONLINE SAN JUAN ARGENTINA\",\"publisher\":{\"@id\":\"https:\/\/gysfm.com.ar\/inicio\/#organization\"},\"potentialAction\":[{\"@type\":\"SearchAction\",\"target\":{\"@type\":\"EntryPoint\",\"urlTemplate\":\"https:\/\/gysfm.com.ar\/inicio\/?s={search_term_string}\"},\"query-input\":{\"@type\":\"PropertyValueSpecification\",\"valueRequired\":true,\"valueName\":\"search_term_string\"}}],\"inLanguage\":\"es\"},{\"@type\":\"Organization\",\"@id\":\"https:\/\/gysfm.com.ar\/inicio\/#organization\",\"name\":\"GYS NOTICIAS |\",\"url\":\"https:\/\/gysfm.com.ar\/inicio\/\",\"logo\":{\"@type\":\"ImageObject\",\"inLanguage\":\"es\",\"@id\":\"https:\/\/gysfm.com.ar\/inicio\/#\/schema\/logo\/image\/\",\"url\":\"https:\/\/gysfm.com.ar\/inicio\/wp-content\/uploads\/2023\/07\/LOGOGYS-OK.png\",\"contentUrl\":\"https:\/\/gysfm.com.ar\/inicio\/wp-content\/uploads\/2023\/07\/LOGOGYS-OK.png\",\"width\":1170,\"height\":872,\"caption\":\"GYS NOTICIAS |\"},\"image\":{\"@id\":\"https:\/\/gysfm.com.ar\/inicio\/#\/schema\/logo\/image\/\"}},{\"@type\":\"Person\",\"@id\":\"https:\/\/gysfm.com.ar\/inicio\/#\/schema\/person\/3abba7593ef2ad19e1be221d54383dc5\",\"name\":\"Prensa G&amp;S FM\",\"image\":{\"@type\":\"ImageObject\",\"inLanguage\":\"es\",\"@id\":\"https:\/\/gysfm.com.ar\/inicio\/#\/schema\/person\/image\/\",\"url\":\"https:\/\/secure.gravatar.com\/avatar\/096ec78df02049ab018702bb4ccedf659377fa92a26540b5247612077a0dbd29?s=96&d=mm&r=g\",\"contentUrl\":\"https:\/\/secure.gravatar.com\/avatar\/096ec78df02049ab018702bb4ccedf659377fa92a26540b5247612077a0dbd29?s=96&d=mm&r=g\",\"caption\":\"Prensa G&amp;S FM\"},\"sameAs\":[\"https:\/\/gysfm.com.ar\/\"],\"url\":\"https:\/\/gysfm.com.ar\/inicio\/author\/lucasm\/\"}]}<\/script>\n<!-- \/ Yoast SEO plugin. -->","yoast_head_json":{"title":"Larry Diamond:\u201cMe alegra que Musk ya no est\u00e9 en el gobierno y me gustar\u00eda ver desmantelado su Departamento de Eficiencia Gubernamental\u201d - GYS NOTICIAS |","robots":{"index":"index","follow":"follow","max-snippet":"max-snippet:-1","max-image-preview":"max-image-preview:large","max-video-preview":"max-video-preview:-1"},"canonical":"https:\/\/gysfm.com.ar\/inicio\/larry-diamondme-alegra-que-musk-ya-no-este-en-el-gobierno-y-me-gustaria-ver-desmantelado-su-departamento-de-eficiencia-gubernamental\/","og_locale":"es_ES","og_type":"article","og_title":"Larry Diamond:\u201cMe alegra que Musk ya no est\u00e9 en el gobierno y me gustar\u00eda ver desmantelado su Departamento de Eficiencia Gubernamental\u201d - GYS NOTICIAS |","og_description":"\u2014Usted es uno de los firmantes de una reciente declaraci\u00f3n internacional que advierte sobre el retorno de la amenaza del fascismo a escala global. \u00bfQu\u00e9 elementos concretos lo llevaron a adherir a esa advertencia colectiva, y c\u00f3mo eval\u00faa el papel que deben jugar las sociedades democr\u00e1ticas frente a este resurgimiento autoritario? \u2014Estamos viendo una tendencia [&hellip;]","og_url":"https:\/\/gysfm.com.ar\/inicio\/larry-diamondme-alegra-que-musk-ya-no-este-en-el-gobierno-y-me-gustaria-ver-desmantelado-su-departamento-de-eficiencia-gubernamental\/","og_site_name":"GYS NOTICIAS |","article_published_time":"2025-08-10T09:12:20+00:00","og_image":[{"url":"https:\/\/fotos.perfil.com\/\/2025\/08\/10\/900\/0\/larry-diamond-en-periodismo-puro-con-jorge-fontevecchia-2077557.jpg?webp","type":"","width":"","height":""}],"author":"Prensa G&amp;S FM","twitter_card":"summary_large_image","twitter_misc":{"Escrito por":"Prensa G&amp;S FM","Tiempo de lectura":"29 minutos"},"schema":{"@context":"https:\/\/schema.org","@graph":[{"@type":"Article","@id":"https:\/\/gysfm.com.ar\/inicio\/larry-diamondme-alegra-que-musk-ya-no-este-en-el-gobierno-y-me-gustaria-ver-desmantelado-su-departamento-de-eficiencia-gubernamental\/#article","isPartOf":{"@id":"https:\/\/gysfm.com.ar\/inicio\/larry-diamondme-alegra-que-musk-ya-no-este-en-el-gobierno-y-me-gustaria-ver-desmantelado-su-departamento-de-eficiencia-gubernamental\/"},"author":{"name":"Prensa G&amp;S FM","@id":"https:\/\/gysfm.com.ar\/inicio\/#\/schema\/person\/3abba7593ef2ad19e1be221d54383dc5"},"headline":"Larry Diamond:\u201cMe alegra que Musk ya no est\u00e9 en el gobierno y me gustar\u00eda ver desmantelado su Departamento de Eficiencia Gubernamental\u201d","datePublished":"2025-08-10T09:12:20+00:00","mainEntityOfPage":{"@id":"https:\/\/gysfm.com.ar\/inicio\/larry-diamondme-alegra-que-musk-ya-no-este-en-el-gobierno-y-me-gustaria-ver-desmantelado-su-departamento-de-eficiencia-gubernamental\/"},"wordCount":5891,"publisher":{"@id":"https:\/\/gysfm.com.ar\/inicio\/#organization"},"image":{"@id":"https:\/\/gysfm.com.ar\/inicio\/larry-diamondme-alegra-que-musk-ya-no-este-en-el-gobierno-y-me-gustaria-ver-desmantelado-su-departamento-de-eficiencia-gubernamental\/#primaryimage"},"thumbnailUrl":"https:\/\/gysfm.com.ar\/inicio\/wp-content\/uploads\/2025\/08\/larry-diamond-en-periodismo-puro-con-jorge-fontevecchia-2077553.jpg","articleSection":["NACIONALES"],"inLanguage":"es"},{"@type":"WebPage","@id":"https:\/\/gysfm.com.ar\/inicio\/larry-diamondme-alegra-que-musk-ya-no-este-en-el-gobierno-y-me-gustaria-ver-desmantelado-su-departamento-de-eficiencia-gubernamental\/","url":"https:\/\/gysfm.com.ar\/inicio\/larry-diamondme-alegra-que-musk-ya-no-este-en-el-gobierno-y-me-gustaria-ver-desmantelado-su-departamento-de-eficiencia-gubernamental\/","name":"Larry Diamond:\u201cMe alegra que Musk ya no est\u00e9 en el gobierno y me gustar\u00eda ver desmantelado su Departamento de Eficiencia Gubernamental\u201d - GYS NOTICIAS |","isPartOf":{"@id":"https:\/\/gysfm.com.ar\/inicio\/#website"},"primaryImageOfPage":{"@id":"https:\/\/gysfm.com.ar\/inicio\/larry-diamondme-alegra-que-musk-ya-no-este-en-el-gobierno-y-me-gustaria-ver-desmantelado-su-departamento-de-eficiencia-gubernamental\/#primaryimage"},"image":{"@id":"https:\/\/gysfm.com.ar\/inicio\/larry-diamondme-alegra-que-musk-ya-no-este-en-el-gobierno-y-me-gustaria-ver-desmantelado-su-departamento-de-eficiencia-gubernamental\/#primaryimage"},"thumbnailUrl":"https:\/\/gysfm.com.ar\/inicio\/wp-content\/uploads\/2025\/08\/larry-diamond-en-periodismo-puro-con-jorge-fontevecchia-2077553.jpg","datePublished":"2025-08-10T09:12:20+00:00","breadcrumb":{"@id":"https:\/\/gysfm.com.ar\/inicio\/larry-diamondme-alegra-que-musk-ya-no-este-en-el-gobierno-y-me-gustaria-ver-desmantelado-su-departamento-de-eficiencia-gubernamental\/#breadcrumb"},"inLanguage":"es","potentialAction":[{"@type":"ReadAction","target":["https:\/\/gysfm.com.ar\/inicio\/larry-diamondme-alegra-que-musk-ya-no-este-en-el-gobierno-y-me-gustaria-ver-desmantelado-su-departamento-de-eficiencia-gubernamental\/"]}]},{"@type":"ImageObject","inLanguage":"es","@id":"https:\/\/gysfm.com.ar\/inicio\/larry-diamondme-alegra-que-musk-ya-no-este-en-el-gobierno-y-me-gustaria-ver-desmantelado-su-departamento-de-eficiencia-gubernamental\/#primaryimage","url":"https:\/\/gysfm.com.ar\/inicio\/wp-content\/uploads\/2025\/08\/larry-diamond-en-periodismo-puro-con-jorge-fontevecchia-2077553.jpg","contentUrl":"https:\/\/gysfm.com.ar\/inicio\/wp-content\/uploads\/2025\/08\/larry-diamond-en-periodismo-puro-con-jorge-fontevecchia-2077553.jpg","width":1140,"height":641},{"@type":"BreadcrumbList","@id":"https:\/\/gysfm.com.ar\/inicio\/larry-diamondme-alegra-que-musk-ya-no-este-en-el-gobierno-y-me-gustaria-ver-desmantelado-su-departamento-de-eficiencia-gubernamental\/#breadcrumb","itemListElement":[{"@type":"ListItem","position":1,"name":"Portada","item":"https:\/\/gysfm.com.ar\/inicio\/"},{"@type":"ListItem","position":2,"name":"Larry Diamond:\u201cMe alegra que Musk ya no est\u00e9 en el gobierno y me gustar\u00eda ver desmantelado su Departamento de Eficiencia Gubernamental\u201d"}]},{"@type":"WebSite","@id":"https:\/\/gysfm.com.ar\/inicio\/#website","url":"https:\/\/gysfm.com.ar\/inicio\/","name":"GYS NOTICIAS |","description":"DIARIO - RADIO ONLINE SAN JUAN ARGENTINA","publisher":{"@id":"https:\/\/gysfm.com.ar\/inicio\/#organization"},"potentialAction":[{"@type":"SearchAction","target":{"@type":"EntryPoint","urlTemplate":"https:\/\/gysfm.com.ar\/inicio\/?s={search_term_string}"},"query-input":{"@type":"PropertyValueSpecification","valueRequired":true,"valueName":"search_term_string"}}],"inLanguage":"es"},{"@type":"Organization","@id":"https:\/\/gysfm.com.ar\/inicio\/#organization","name":"GYS NOTICIAS |","url":"https:\/\/gysfm.com.ar\/inicio\/","logo":{"@type":"ImageObject","inLanguage":"es","@id":"https:\/\/gysfm.com.ar\/inicio\/#\/schema\/logo\/image\/","url":"https:\/\/gysfm.com.ar\/inicio\/wp-content\/uploads\/2023\/07\/LOGOGYS-OK.png","contentUrl":"https:\/\/gysfm.com.ar\/inicio\/wp-content\/uploads\/2023\/07\/LOGOGYS-OK.png","width":1170,"height":872,"caption":"GYS NOTICIAS |"},"image":{"@id":"https:\/\/gysfm.com.ar\/inicio\/#\/schema\/logo\/image\/"}},{"@type":"Person","@id":"https:\/\/gysfm.com.ar\/inicio\/#\/schema\/person\/3abba7593ef2ad19e1be221d54383dc5","name":"Prensa G&amp;S FM","image":{"@type":"ImageObject","inLanguage":"es","@id":"https:\/\/gysfm.com.ar\/inicio\/#\/schema\/person\/image\/","url":"https:\/\/secure.gravatar.com\/avatar\/096ec78df02049ab018702bb4ccedf659377fa92a26540b5247612077a0dbd29?s=96&d=mm&r=g","contentUrl":"https:\/\/secure.gravatar.com\/avatar\/096ec78df02049ab018702bb4ccedf659377fa92a26540b5247612077a0dbd29?s=96&d=mm&r=g","caption":"Prensa G&amp;S FM"},"sameAs":["https:\/\/gysfm.com.ar\/"],"url":"https:\/\/gysfm.com.ar\/inicio\/author\/lucasm\/"}]}},"_links":{"self":[{"href":"https:\/\/gysfm.com.ar\/inicio\/wp-json\/wp\/v2\/posts\/142891","targetHints":{"allow":["GET"]}}],"collection":[{"href":"https:\/\/gysfm.com.ar\/inicio\/wp-json\/wp\/v2\/posts"}],"about":[{"href":"https:\/\/gysfm.com.ar\/inicio\/wp-json\/wp\/v2\/types\/post"}],"author":[{"embeddable":true,"href":"https:\/\/gysfm.com.ar\/inicio\/wp-json\/wp\/v2\/users\/2"}],"replies":[{"embeddable":true,"href":"https:\/\/gysfm.com.ar\/inicio\/wp-json\/wp\/v2\/comments?post=142891"}],"version-history":[{"count":0,"href":"https:\/\/gysfm.com.ar\/inicio\/wp-json\/wp\/v2\/posts\/142891\/revisions"}],"wp:featuredmedia":[{"embeddable":true,"href":"https:\/\/gysfm.com.ar\/inicio\/wp-json\/wp\/v2\/media\/142892"}],"wp:attachment":[{"href":"https:\/\/gysfm.com.ar\/inicio\/wp-json\/wp\/v2\/media?parent=142891"}],"wp:term":[{"taxonomy":"category","embeddable":true,"href":"https:\/\/gysfm.com.ar\/inicio\/wp-json\/wp\/v2\/categories?post=142891"},{"taxonomy":"post_tag","embeddable":true,"href":"https:\/\/gysfm.com.ar\/inicio\/wp-json\/wp\/v2\/tags?post=142891"}],"curies":[{"name":"wp","href":"https:\/\/api.w.org\/{rel}","templated":true}]}}