{"id":142889,"date":"2025-08-10T05:40:27","date_gmt":"2025-08-10T08:40:27","guid":{"rendered":"https:\/\/gysfm.com.ar\/inicio\/zelenski-rechaza-entregar-territorio-ucraniano-y-se-planta-para-que-kiev-participe-en-las-negociaciones\/"},"modified":"2025-08-10T05:40:27","modified_gmt":"2025-08-10T08:40:27","slug":"zelenski-rechaza-entregar-territorio-ucraniano-y-se-planta-para-que-kiev-participe-en-las-negociaciones","status":"publish","type":"post","link":"https:\/\/gysfm.com.ar\/inicio\/zelenski-rechaza-entregar-territorio-ucraniano-y-se-planta-para-que-kiev-participe-en-las-negociaciones\/","title":{"rendered":"Zelenski rechaza entregar territorio ucraniano y se planta para que Kiev participe en las negociaciones"},"content":{"rendered":"<p><\/p>\n<div id=\"article-content\">\n<p>El presidente de Ucrania, <a target=\"_blank\" href=\"https:\/\/www.perfil.com\/noticias\/internacional\/zelenski-dice-que-iniciaron-conversaciones-sobre-una-proxima-cumbre-con-putin.phtml\"><strong>Volodimir Zelenski<\/strong><\/a>, rechaz\u00f3 el s\u00e1bado la idea de que su pa\u00eds ceda territorio y reclam\u00f3 la presencia de su pa\u00eds en las negociaciones para poner fin a la guerra.<\/p>\n<p>Lo dijo despu\u00e9s de que el presidente de Estados Unidos, <a target=\"_blank\" href=\"https:\/\/www.perfil.com\/noticias\/internacional\/tibio-acuerdo-de-zelenski-para-que-eeuu-refuerce-las-defensas.phtml\"><strong>Donald Trump<\/strong><\/a>, sugiera como una posibilidad que un acuerdo de paz podr\u00eda contemplar \u00abalg\u00fan intercambio de territorios\u00bb.<\/p>\n<p>Zelenski dijo que Ucrania \u00abno dar\u00e1 a Rusia ning\u00fan premio por lo que ha hecho\u00bb y que los ucranianos \u00abno entregar\u00e1n su tierra al ocupante\u201d.<\/p>\n<div class=\"subscription\">\n<p>\n        Esto no les gusta a los autoritarios\n    <\/p>\n<div class=\"subscription__container\">\n<div class=\"subscription__text-wrapper\">\n<p>\n                El ejercicio del periodismo profesional y cr\u00edtico es un pilar fundamental de la democracia. Por eso molesta a quienes creen ser los due\u00f1os de la verdad.\n            <\/p>\n<\/p><\/div><\/div>\n<\/div>\n<p>Trump adelant\u00f3 el viernes que se reunir\u00eda con el presidente <a target=\"_blank\" href=\"https:\/\/www.perfil.com\/noticias\/internacional\/vladimir-putin-hablo-con-xi-jinping-y-otro-aliado-clave-de-brics-previo-a-su-reunion-con-donald-trump.phtml\"><strong>Vladimir Putin<\/strong><\/a> incluso si el l\u00edder ruso no involucraba a Zelenski. El encuentro est\u00e1 previsto para el pr\u00f3ximo viernes en Alaska y abre una esperanza para la culminaci\u00f3n de un conflicto que ya lleva m\u00e1s de tres a\u00f1os.<\/p>\n<p class=\"destacadoNota\"><a target=\"_blank\" href=\"https:\/\/www.perfil.com\/noticias\/internacional\/donald-trump-abre-la-puerta-a-una-reunion-con-putin-y-zelenski-para-negociar-el-fin-de-la-guerra.phtml\">Donald Trump abre la puerta a una reuni\u00f3n con Vladimir Putin y Volodomir Zelenski para negociar el fin de la guerra<\/a><\/p>\n<p>Pero Zelenski insiste con participar. \u201cCualquier soluci\u00f3n sin Ucrania, es al mismo tiempo una soluci\u00f3n contra la paz. No aportar\u00e1 nada. Son soluciones muertas, nunca funcionar\u00e1n\u201d, sostuvo.<\/p>\n<p>En un comunicado publicado en Telegram, Zelenski asegur\u00f3 que la integridad territorial de Ucrania, consagrada en su Constituci\u00f3n, <strong>debe ser innegociable<\/strong> y enfatiz\u00f3 que una paz duradera debe incluir la voz de Ucrania.<\/p>\n<p>En paralelo, el mandatario ucraniano mantuvo conversaciones con varios l\u00edderes internacionales, entre ellos el presidente franc\u00e9s <strong>Emmanuel Macron<\/strong>, quien afirm\u00f3 que \u00abel futuro de Ucrania no puede decidirse sin los ucranianos\u00bb. Tambi\u00e9n habl\u00f3 con el presidente del Gobierno espa\u00f1ol,<strong> Pedro S\u00e1nchez<\/strong>, quien le expres\u00f3 su \u00abpleno apoyo\u00bb y abog\u00f3 por \u00abuna paz justa y duradera que respete la independencia y la soberan\u00eda de Ucrania\u00bb.<\/p>\n<div style=\"text-align:center\">\n<figure class=\"image\" style=\"display:inline-block\"><picture><source media=\"(max-width: 440px)\" srcset=\"https:\/\/fotos.perfil.com\/\/2025\/08\/06\/440\/0\/donald-trump-esta-abierto-a-reunirse-con-vladimir-putin-y-volodimir-zelenski-20250806-2075826.jpg?webp\"\/><source media=\"(max-width: 1019px)\" srcset=\"https:\/\/fotos.perfil.com\/\/2025\/08\/06\/712\/0\/donald-trump-esta-abierto-a-reunirse-con-vladimir-putin-y-volodimir-zelenski-20250806-2075826.jpg?webp\"\/><img decoding=\"async\" style=\"max-width: 100%; width: 100%;\" alt=\"Donald Trump est\u00e1 abierto a reunirse con Vladimir Putin y Volodimir Zelenski 20250806\" src=\"https:\/\/fotos.perfil.com\/\/2025\/08\/06\/900\/0\/donald-trump-esta-abierto-a-reunirse-con-vladimir-putin-y-volodimir-zelenski-20250806-2075826.jpg?webp\" loading=\"lazy\"\/><\/picture><figcaption><em>Vladimir Putin, Donald Tump y Volodimir Zelenski.<\/em><\/figcaption><\/figure>\n<\/p><\/div>\n<h2>C\u00f3mo ser\u00e1 la reuni\u00f3n de Putin y Trump en Alaska<\/h2>\n<p>La reuni\u00f3n entre Putin y Trump se llevar\u00e1 a cabo el pr\u00f3ximo 15 de agosto en Alaska, un territorio que hist\u00f3ricamente fue <strong><a target=\"_blank\" href=\"https:\/\/www.perfil.com\/noticias\/internacional\/rusia-respondio-al-ultimatum-de-trump-para-ponerle-fin-a-la-guerra-con-ucrania-que-dijo.phtml\">vendido por Rusia a Estados Unidos<\/a> <\/strong>en 1867. Este encuentro marcar\u00e1 la primera cumbre entre ambos presidentes en ejercicio desde la reuni\u00f3n de<strong> Joe Biden<\/strong> con Putin en Ginebra en 2021.<\/p>\n<p>Trump anunci\u00f3 que la cumbre buscar\u00e1 \u00abalg\u00fan intercambio de territorios <strong>para el beneficio de ambos<\/strong>\u00ab, refiri\u00e9ndose a Rusia y Ucrania, aunque no ofreci\u00f3 detalles adicionales sobre c\u00f3mo se concretar\u00eda ese posible acuerdo. La propuesta gener\u00f3 rechazo inmediato en Kiev, que exige participar en cualquier negociaci\u00f3n que involucre su territorio.<\/p>\n<p>Putin y Trump se reunieron por \u00faltima vez en 2019 durante una <strong>cumbre del G20 en Jap\u00f3n<\/strong>, aunque mantuvieron contacto telef\u00f3nico en varias ocasiones desde entonces. En esta oportunidad, la reuni\u00f3n se realizar\u00e1 en la ciudad de <strong>Juneau<\/strong>, un lugar <strong>\u00abmuy lejos de esta guerra\u00bb<\/strong>, seg\u00fan Zelenski, quien enfatiz\u00f3 en sus cr\u00edticas sobre que las discusiones se realicen sin la participaci\u00f3n directa de Ucrania.<\/p>\n<p class=\"destacadoNota\"><a target=\"_blank\" href=\"https:\/\/www.perfil.com\/noticias\/elobservador\/zelenski-en-la-mira-que-esta-pasando-en-la-politica-interna-de-kiev.phtml\">Zelenski en la mira: \u00bfqu\u00e9 est\u00e1 pasando en la pol\u00edtica interna de Kiev?<\/a><\/p>\n<p>El contexto del encuentro se da en medio de un conflicto que ya<strong> supera los tres a\u00f1os <\/strong>y que caus\u00f3 decenas de miles de muertes, millones de desplazados y grandes da\u00f1os materiales. A pesar de m\u00faltiples llamados internacionales para un alto el fuego, Mosc\u00fa mantiene su postura y contin\u00faa avanzando en el este de Ucrania.<\/p>\n<p>Para lograr un alto al fuego, los objetivos de Rusia incluyen la anexi\u00f3n de cuatro regiones parcialmente ocupadas (Donetsk, Lugansk, Zaporiyia y Jers\u00f3n) adem\u00e1s de <a target=\"_blank\" href=\"https:\/\/www.perfil.com\/noticias\/canal-e\/ruskolekier-putin-se-trago-a-ucrania-porque-cree-que-nunca-debio-separarse-de-rusia.phtml\"><strong>Crimea<\/strong><\/a>, anexionada en 2014, y que renuncie a los suministros de armas occidentales y a cualquier adhesi\u00f3n a la <strong>OTAN<\/strong>.<\/p>\n<p>Por su parte, Ucrania asegura que estas exigencias son inaceptables, a la vez que exige la retirada de las tropas rusas de su territorio y garant\u00edas de seguridad occidentales. Esto incluir\u00eda <strong>m\u00e1s suministros de armas<\/strong> y el despliegue de un contingente europeo, a lo que Rusia se opone.<\/p>\n<p>LT<\/p>\n<\/p><\/div>\n<p><script>\n                !function(f,b,e,v,n,t,s)\n                {if(f.fbq)return;n=f.fbq=function(){n.callMethod?\n                    n.callMethod.apply(n,arguments):n.queue.push(arguments)};\n                    if(!f._fbq)f._fbq=n;n.push=n;n.loaded=!0;n.version='2.0';\n                    n.queue=[];t=b.createElement(e);t.async=!0;\n                    t.src=v;s=b.getElementsByTagName(e)[0];\n                    s.parentNode.insertBefore(t,s)}(window, document,'script',\n                    'https:\/\/connect.facebook.net\/en_US\/fbevents.js');\n                window.paywallConfig.facebook_pixel=\"1000228364089342\"\n            <\/script><\/p>\n","protected":false},"excerpt":{"rendered":"<p>El presidente de Ucrania, Volodimir Zelenski, rechaz\u00f3 el s\u00e1bado la idea de que su pa\u00eds ceda territorio y reclam\u00f3 la presencia de su pa\u00eds en las negociaciones para poner fin a la guerra. Lo dijo despu\u00e9s de que el presidente de Estados Unidos, Donald Trump, sugiera como una posibilidad que un acuerdo de paz podr\u00eda [&hellip;]<\/p>\n","protected":false},"author":2,"featured_media":142890,"comment_status":"closed","ping_status":"closed","sticky":false,"template":"","format":"standard","meta":{"footnotes":""},"categories":[25],"tags":[],"class_list":["post-142889","post","type-post","status-publish","format-standard","has-post-thumbnail","hentry","category-nacionales"],"yoast_head":"<!-- This site is optimized with the Yoast SEO plugin v24.4 - https:\/\/yoast.com\/wordpress\/plugins\/seo\/ -->\n<title>Zelenski rechaza entregar territorio ucraniano y se planta para que Kiev participe en las negociaciones - GYS NOTICIAS |<\/title>\n<meta name=\"robots\" content=\"index, follow, max-snippet:-1, max-image-preview:large, max-video-preview:-1\" \/>\n<link rel=\"canonical\" href=\"https:\/\/gysfm.com.ar\/inicio\/zelenski-rechaza-entregar-territorio-ucraniano-y-se-planta-para-que-kiev-participe-en-las-negociaciones\/\" \/>\n<meta property=\"og:locale\" content=\"es_ES\" \/>\n<meta property=\"og:type\" content=\"article\" \/>\n<meta property=\"og:title\" content=\"Zelenski rechaza entregar territorio ucraniano y se planta para que Kiev participe en las negociaciones - GYS NOTICIAS |\" \/>\n<meta property=\"og:description\" content=\"El presidente de Ucrania, Volodimir Zelenski, rechaz\u00f3 el s\u00e1bado la idea de que su pa\u00eds ceda territorio y reclam\u00f3 la presencia de su pa\u00eds en las negociaciones para poner fin a la guerra. Lo dijo despu\u00e9s de que el presidente de Estados Unidos, Donald Trump, sugiera como una posibilidad que un acuerdo de paz podr\u00eda [&hellip;]\" \/>\n<meta property=\"og:url\" content=\"https:\/\/gysfm.com.ar\/inicio\/zelenski-rechaza-entregar-territorio-ucraniano-y-se-planta-para-que-kiev-participe-en-las-negociaciones\/\" \/>\n<meta property=\"og:site_name\" content=\"GYS NOTICIAS |\" \/>\n<meta property=\"article:published_time\" content=\"2025-08-10T08:40:27+00:00\" \/>\n<meta property=\"og:image\" content=\"https:\/\/fotos.perfil.com\/\/2025\/08\/06\/900\/0\/donald-trump-esta-abierto-a-reunirse-con-vladimir-putin-y-volodimir-zelenski-20250806-2075826.jpg?webp\" \/>\n<meta name=\"author\" content=\"Prensa G&amp;S FM\" \/>\n<meta name=\"twitter:card\" content=\"summary_large_image\" \/>\n<meta name=\"twitter:label1\" content=\"Escrito por\" \/>\n\t<meta name=\"twitter:data1\" content=\"Prensa G&amp;S FM\" \/>\n\t<meta name=\"twitter:label2\" content=\"Tiempo de lectura\" \/>\n\t<meta name=\"twitter:data2\" content=\"4 minutos\" \/>\n<script type=\"application\/ld+json\" class=\"yoast-schema-graph\">{\"@context\":\"https:\/\/schema.org\",\"@graph\":[{\"@type\":\"Article\",\"@id\":\"https:\/\/gysfm.com.ar\/inicio\/zelenski-rechaza-entregar-territorio-ucraniano-y-se-planta-para-que-kiev-participe-en-las-negociaciones\/#article\",\"isPartOf\":{\"@id\":\"https:\/\/gysfm.com.ar\/inicio\/zelenski-rechaza-entregar-territorio-ucraniano-y-se-planta-para-que-kiev-participe-en-las-negociaciones\/\"},\"author\":{\"name\":\"Prensa G&amp;S FM\",\"@id\":\"https:\/\/gysfm.com.ar\/inicio\/#\/schema\/person\/3abba7593ef2ad19e1be221d54383dc5\"},\"headline\":\"Zelenski rechaza entregar territorio ucraniano y se planta para que Kiev participe en las negociaciones\",\"datePublished\":\"2025-08-10T08:40:27+00:00\",\"mainEntityOfPage\":{\"@id\":\"https:\/\/gysfm.com.ar\/inicio\/zelenski-rechaza-entregar-territorio-ucraniano-y-se-planta-para-que-kiev-participe-en-las-negociaciones\/\"},\"wordCount\":722,\"publisher\":{\"@id\":\"https:\/\/gysfm.com.ar\/inicio\/#organization\"},\"image\":{\"@id\":\"https:\/\/gysfm.com.ar\/inicio\/zelenski-rechaza-entregar-territorio-ucraniano-y-se-planta-para-que-kiev-participe-en-las-negociaciones\/#primaryimage\"},\"thumbnailUrl\":\"https:\/\/gysfm.com.ar\/inicio\/wp-content\/uploads\/2025\/08\/volodimir-zelenski-2076067.jpg\",\"articleSection\":[\"NACIONALES\"],\"inLanguage\":\"es\"},{\"@type\":\"WebPage\",\"@id\":\"https:\/\/gysfm.com.ar\/inicio\/zelenski-rechaza-entregar-territorio-ucraniano-y-se-planta-para-que-kiev-participe-en-las-negociaciones\/\",\"url\":\"https:\/\/gysfm.com.ar\/inicio\/zelenski-rechaza-entregar-territorio-ucraniano-y-se-planta-para-que-kiev-participe-en-las-negociaciones\/\",\"name\":\"Zelenski rechaza entregar territorio ucraniano y se planta para que Kiev participe en las negociaciones - GYS NOTICIAS |\",\"isPartOf\":{\"@id\":\"https:\/\/gysfm.com.ar\/inicio\/#website\"},\"primaryImageOfPage\":{\"@id\":\"https:\/\/gysfm.com.ar\/inicio\/zelenski-rechaza-entregar-territorio-ucraniano-y-se-planta-para-que-kiev-participe-en-las-negociaciones\/#primaryimage\"},\"image\":{\"@id\":\"https:\/\/gysfm.com.ar\/inicio\/zelenski-rechaza-entregar-territorio-ucraniano-y-se-planta-para-que-kiev-participe-en-las-negociaciones\/#primaryimage\"},\"thumbnailUrl\":\"https:\/\/gysfm.com.ar\/inicio\/wp-content\/uploads\/2025\/08\/volodimir-zelenski-2076067.jpg\",\"datePublished\":\"2025-08-10T08:40:27+00:00\",\"breadcrumb\":{\"@id\":\"https:\/\/gysfm.com.ar\/inicio\/zelenski-rechaza-entregar-territorio-ucraniano-y-se-planta-para-que-kiev-participe-en-las-negociaciones\/#breadcrumb\"},\"inLanguage\":\"es\",\"potentialAction\":[{\"@type\":\"ReadAction\",\"target\":[\"https:\/\/gysfm.com.ar\/inicio\/zelenski-rechaza-entregar-territorio-ucraniano-y-se-planta-para-que-kiev-participe-en-las-negociaciones\/\"]}]},{\"@type\":\"ImageObject\",\"inLanguage\":\"es\",\"@id\":\"https:\/\/gysfm.com.ar\/inicio\/zelenski-rechaza-entregar-territorio-ucraniano-y-se-planta-para-que-kiev-participe-en-las-negociaciones\/#primaryimage\",\"url\":\"https:\/\/gysfm.com.ar\/inicio\/wp-content\/uploads\/2025\/08\/volodimir-zelenski-2076067.jpg\",\"contentUrl\":\"https:\/\/gysfm.com.ar\/inicio\/wp-content\/uploads\/2025\/08\/volodimir-zelenski-2076067.jpg\",\"width\":1140,\"height\":641},{\"@type\":\"BreadcrumbList\",\"@id\":\"https:\/\/gysfm.com.ar\/inicio\/zelenski-rechaza-entregar-territorio-ucraniano-y-se-planta-para-que-kiev-participe-en-las-negociaciones\/#breadcrumb\",\"itemListElement\":[{\"@type\":\"ListItem\",\"position\":1,\"name\":\"Portada\",\"item\":\"https:\/\/gysfm.com.ar\/inicio\/\"},{\"@type\":\"ListItem\",\"position\":2,\"name\":\"Zelenski rechaza entregar territorio ucraniano y se planta para que Kiev participe en las negociaciones\"}]},{\"@type\":\"WebSite\",\"@id\":\"https:\/\/gysfm.com.ar\/inicio\/#website\",\"url\":\"https:\/\/gysfm.com.ar\/inicio\/\",\"name\":\"GYS NOTICIAS |\",\"description\":\"DIARIO - RADIO ONLINE SAN JUAN ARGENTINA\",\"publisher\":{\"@id\":\"https:\/\/gysfm.com.ar\/inicio\/#organization\"},\"potentialAction\":[{\"@type\":\"SearchAction\",\"target\":{\"@type\":\"EntryPoint\",\"urlTemplate\":\"https:\/\/gysfm.com.ar\/inicio\/?s={search_term_string}\"},\"query-input\":{\"@type\":\"PropertyValueSpecification\",\"valueRequired\":true,\"valueName\":\"search_term_string\"}}],\"inLanguage\":\"es\"},{\"@type\":\"Organization\",\"@id\":\"https:\/\/gysfm.com.ar\/inicio\/#organization\",\"name\":\"GYS NOTICIAS |\",\"url\":\"https:\/\/gysfm.com.ar\/inicio\/\",\"logo\":{\"@type\":\"ImageObject\",\"inLanguage\":\"es\",\"@id\":\"https:\/\/gysfm.com.ar\/inicio\/#\/schema\/logo\/image\/\",\"url\":\"https:\/\/gysfm.com.ar\/inicio\/wp-content\/uploads\/2023\/07\/LOGOGYS-OK.png\",\"contentUrl\":\"https:\/\/gysfm.com.ar\/inicio\/wp-content\/uploads\/2023\/07\/LOGOGYS-OK.png\",\"width\":1170,\"height\":872,\"caption\":\"GYS NOTICIAS |\"},\"image\":{\"@id\":\"https:\/\/gysfm.com.ar\/inicio\/#\/schema\/logo\/image\/\"}},{\"@type\":\"Person\",\"@id\":\"https:\/\/gysfm.com.ar\/inicio\/#\/schema\/person\/3abba7593ef2ad19e1be221d54383dc5\",\"name\":\"Prensa G&amp;S FM\",\"image\":{\"@type\":\"ImageObject\",\"inLanguage\":\"es\",\"@id\":\"https:\/\/gysfm.com.ar\/inicio\/#\/schema\/person\/image\/\",\"url\":\"https:\/\/secure.gravatar.com\/avatar\/096ec78df02049ab018702bb4ccedf659377fa92a26540b5247612077a0dbd29?s=96&d=mm&r=g\",\"contentUrl\":\"https:\/\/secure.gravatar.com\/avatar\/096ec78df02049ab018702bb4ccedf659377fa92a26540b5247612077a0dbd29?s=96&d=mm&r=g\",\"caption\":\"Prensa G&amp;S FM\"},\"sameAs\":[\"https:\/\/gysfm.com.ar\/\"],\"url\":\"https:\/\/gysfm.com.ar\/inicio\/author\/lucasm\/\"}]}<\/script>\n<!-- \/ Yoast SEO plugin. -->","yoast_head_json":{"title":"Zelenski rechaza entregar territorio ucraniano y se planta para que Kiev participe en las negociaciones - GYS NOTICIAS |","robots":{"index":"index","follow":"follow","max-snippet":"max-snippet:-1","max-image-preview":"max-image-preview:large","max-video-preview":"max-video-preview:-1"},"canonical":"https:\/\/gysfm.com.ar\/inicio\/zelenski-rechaza-entregar-territorio-ucraniano-y-se-planta-para-que-kiev-participe-en-las-negociaciones\/","og_locale":"es_ES","og_type":"article","og_title":"Zelenski rechaza entregar territorio ucraniano y se planta para que Kiev participe en las negociaciones - GYS NOTICIAS |","og_description":"El presidente de Ucrania, Volodimir Zelenski, rechaz\u00f3 el s\u00e1bado la idea de que su pa\u00eds ceda territorio y reclam\u00f3 la presencia de su pa\u00eds en las negociaciones para poner fin a la guerra. Lo dijo despu\u00e9s de que el presidente de Estados Unidos, Donald Trump, sugiera como una posibilidad que un acuerdo de paz podr\u00eda [&hellip;]","og_url":"https:\/\/gysfm.com.ar\/inicio\/zelenski-rechaza-entregar-territorio-ucraniano-y-se-planta-para-que-kiev-participe-en-las-negociaciones\/","og_site_name":"GYS NOTICIAS |","article_published_time":"2025-08-10T08:40:27+00:00","og_image":[{"url":"https:\/\/fotos.perfil.com\/\/2025\/08\/06\/900\/0\/donald-trump-esta-abierto-a-reunirse-con-vladimir-putin-y-volodimir-zelenski-20250806-2075826.jpg?webp","type":"","width":"","height":""}],"author":"Prensa G&amp;S FM","twitter_card":"summary_large_image","twitter_misc":{"Escrito por":"Prensa G&amp;S FM","Tiempo de lectura":"4 minutos"},"schema":{"@context":"https:\/\/schema.org","@graph":[{"@type":"Article","@id":"https:\/\/gysfm.com.ar\/inicio\/zelenski-rechaza-entregar-territorio-ucraniano-y-se-planta-para-que-kiev-participe-en-las-negociaciones\/#article","isPartOf":{"@id":"https:\/\/gysfm.com.ar\/inicio\/zelenski-rechaza-entregar-territorio-ucraniano-y-se-planta-para-que-kiev-participe-en-las-negociaciones\/"},"author":{"name":"Prensa G&amp;S FM","@id":"https:\/\/gysfm.com.ar\/inicio\/#\/schema\/person\/3abba7593ef2ad19e1be221d54383dc5"},"headline":"Zelenski rechaza entregar territorio ucraniano y se planta para que Kiev participe en las negociaciones","datePublished":"2025-08-10T08:40:27+00:00","mainEntityOfPage":{"@id":"https:\/\/gysfm.com.ar\/inicio\/zelenski-rechaza-entregar-territorio-ucraniano-y-se-planta-para-que-kiev-participe-en-las-negociaciones\/"},"wordCount":722,"publisher":{"@id":"https:\/\/gysfm.com.ar\/inicio\/#organization"},"image":{"@id":"https:\/\/gysfm.com.ar\/inicio\/zelenski-rechaza-entregar-territorio-ucraniano-y-se-planta-para-que-kiev-participe-en-las-negociaciones\/#primaryimage"},"thumbnailUrl":"https:\/\/gysfm.com.ar\/inicio\/wp-content\/uploads\/2025\/08\/volodimir-zelenski-2076067.jpg","articleSection":["NACIONALES"],"inLanguage":"es"},{"@type":"WebPage","@id":"https:\/\/gysfm.com.ar\/inicio\/zelenski-rechaza-entregar-territorio-ucraniano-y-se-planta-para-que-kiev-participe-en-las-negociaciones\/","url":"https:\/\/gysfm.com.ar\/inicio\/zelenski-rechaza-entregar-territorio-ucraniano-y-se-planta-para-que-kiev-participe-en-las-negociaciones\/","name":"Zelenski rechaza entregar territorio ucraniano y se planta para que Kiev participe en las negociaciones - GYS NOTICIAS |","isPartOf":{"@id":"https:\/\/gysfm.com.ar\/inicio\/#website"},"primaryImageOfPage":{"@id":"https:\/\/gysfm.com.ar\/inicio\/zelenski-rechaza-entregar-territorio-ucraniano-y-se-planta-para-que-kiev-participe-en-las-negociaciones\/#primaryimage"},"image":{"@id":"https:\/\/gysfm.com.ar\/inicio\/zelenski-rechaza-entregar-territorio-ucraniano-y-se-planta-para-que-kiev-participe-en-las-negociaciones\/#primaryimage"},"thumbnailUrl":"https:\/\/gysfm.com.ar\/inicio\/wp-content\/uploads\/2025\/08\/volodimir-zelenski-2076067.jpg","datePublished":"2025-08-10T08:40:27+00:00","breadcrumb":{"@id":"https:\/\/gysfm.com.ar\/inicio\/zelenski-rechaza-entregar-territorio-ucraniano-y-se-planta-para-que-kiev-participe-en-las-negociaciones\/#breadcrumb"},"inLanguage":"es","potentialAction":[{"@type":"ReadAction","target":["https:\/\/gysfm.com.ar\/inicio\/zelenski-rechaza-entregar-territorio-ucraniano-y-se-planta-para-que-kiev-participe-en-las-negociaciones\/"]}]},{"@type":"ImageObject","inLanguage":"es","@id":"https:\/\/gysfm.com.ar\/inicio\/zelenski-rechaza-entregar-territorio-ucraniano-y-se-planta-para-que-kiev-participe-en-las-negociaciones\/#primaryimage","url":"https:\/\/gysfm.com.ar\/inicio\/wp-content\/uploads\/2025\/08\/volodimir-zelenski-2076067.jpg","contentUrl":"https:\/\/gysfm.com.ar\/inicio\/wp-content\/uploads\/2025\/08\/volodimir-zelenski-2076067.jpg","width":1140,"height":641},{"@type":"BreadcrumbList","@id":"https:\/\/gysfm.com.ar\/inicio\/zelenski-rechaza-entregar-territorio-ucraniano-y-se-planta-para-que-kiev-participe-en-las-negociaciones\/#breadcrumb","itemListElement":[{"@type":"ListItem","position":1,"name":"Portada","item":"https:\/\/gysfm.com.ar\/inicio\/"},{"@type":"ListItem","position":2,"name":"Zelenski rechaza entregar territorio ucraniano y se planta para que Kiev participe en las negociaciones"}]},{"@type":"WebSite","@id":"https:\/\/gysfm.com.ar\/inicio\/#website","url":"https:\/\/gysfm.com.ar\/inicio\/","name":"GYS NOTICIAS |","description":"DIARIO - RADIO ONLINE SAN JUAN ARGENTINA","publisher":{"@id":"https:\/\/gysfm.com.ar\/inicio\/#organization"},"potentialAction":[{"@type":"SearchAction","target":{"@type":"EntryPoint","urlTemplate":"https:\/\/gysfm.com.ar\/inicio\/?s={search_term_string}"},"query-input":{"@type":"PropertyValueSpecification","valueRequired":true,"valueName":"search_term_string"}}],"inLanguage":"es"},{"@type":"Organization","@id":"https:\/\/gysfm.com.ar\/inicio\/#organization","name":"GYS NOTICIAS |","url":"https:\/\/gysfm.com.ar\/inicio\/","logo":{"@type":"ImageObject","inLanguage":"es","@id":"https:\/\/gysfm.com.ar\/inicio\/#\/schema\/logo\/image\/","url":"https:\/\/gysfm.com.ar\/inicio\/wp-content\/uploads\/2023\/07\/LOGOGYS-OK.png","contentUrl":"https:\/\/gysfm.com.ar\/inicio\/wp-content\/uploads\/2023\/07\/LOGOGYS-OK.png","width":1170,"height":872,"caption":"GYS NOTICIAS |"},"image":{"@id":"https:\/\/gysfm.com.ar\/inicio\/#\/schema\/logo\/image\/"}},{"@type":"Person","@id":"https:\/\/gysfm.com.ar\/inicio\/#\/schema\/person\/3abba7593ef2ad19e1be221d54383dc5","name":"Prensa G&amp;S FM","image":{"@type":"ImageObject","inLanguage":"es","@id":"https:\/\/gysfm.com.ar\/inicio\/#\/schema\/person\/image\/","url":"https:\/\/secure.gravatar.com\/avatar\/096ec78df02049ab018702bb4ccedf659377fa92a26540b5247612077a0dbd29?s=96&d=mm&r=g","contentUrl":"https:\/\/secure.gravatar.com\/avatar\/096ec78df02049ab018702bb4ccedf659377fa92a26540b5247612077a0dbd29?s=96&d=mm&r=g","caption":"Prensa G&amp;S FM"},"sameAs":["https:\/\/gysfm.com.ar\/"],"url":"https:\/\/gysfm.com.ar\/inicio\/author\/lucasm\/"}]}},"_links":{"self":[{"href":"https:\/\/gysfm.com.ar\/inicio\/wp-json\/wp\/v2\/posts\/142889","targetHints":{"allow":["GET"]}}],"collection":[{"href":"https:\/\/gysfm.com.ar\/inicio\/wp-json\/wp\/v2\/posts"}],"about":[{"href":"https:\/\/gysfm.com.ar\/inicio\/wp-json\/wp\/v2\/types\/post"}],"author":[{"embeddable":true,"href":"https:\/\/gysfm.com.ar\/inicio\/wp-json\/wp\/v2\/users\/2"}],"replies":[{"embeddable":true,"href":"https:\/\/gysfm.com.ar\/inicio\/wp-json\/wp\/v2\/comments?post=142889"}],"version-history":[{"count":0,"href":"https:\/\/gysfm.com.ar\/inicio\/wp-json\/wp\/v2\/posts\/142889\/revisions"}],"wp:featuredmedia":[{"embeddable":true,"href":"https:\/\/gysfm.com.ar\/inicio\/wp-json\/wp\/v2\/media\/142890"}],"wp:attachment":[{"href":"https:\/\/gysfm.com.ar\/inicio\/wp-json\/wp\/v2\/media?parent=142889"}],"wp:term":[{"taxonomy":"category","embeddable":true,"href":"https:\/\/gysfm.com.ar\/inicio\/wp-json\/wp\/v2\/categories?post=142889"},{"taxonomy":"post_tag","embeddable":true,"href":"https:\/\/gysfm.com.ar\/inicio\/wp-json\/wp\/v2\/tags?post=142889"}],"curies":[{"name":"wp","href":"https:\/\/api.w.org\/{rel}","templated":true}]}}