{"id":142886,"date":"2025-08-10T05:21:42","date_gmt":"2025-08-10T08:21:42","guid":{"rendered":"https:\/\/gysfm.com.ar\/inicio\/peru-denuncia-a-colombia-por-el-sobrevuelo-de-un-avion-militar-en-la-isla-santa-rosa\/"},"modified":"2025-08-10T05:21:43","modified_gmt":"2025-08-10T08:21:43","slug":"peru-denuncia-a-colombia-por-el-sobrevuelo-de-un-avion-militar-en-la-isla-santa-rosa","status":"publish","type":"post","link":"https:\/\/gysfm.com.ar\/inicio\/peru-denuncia-a-colombia-por-el-sobrevuelo-de-un-avion-militar-en-la-isla-santa-rosa\/","title":{"rendered":"Per\u00fa denuncia a Colombia por el sobrevuelo de un avi\u00f3n militar en la isla Santa Rosa"},"content":{"rendered":"<p> <br \/>\n<\/p>\n<div>\n<p class=\"com-paragraph  --capital --s\">El <strong>Gobierno de Per\u00fa<\/strong> <strong>denunci\u00f3<\/strong> que una <strong>aeronave militar de Colombia<\/strong> <strong>ingres\u00f3 sin autorizaci\u00f3n a su espacio a\u00e9reo<\/strong> y sobrevol\u00f3 la<strong> isla Santa Rosa<\/strong>, en la regi\u00f3n de Loreto. El incidente motiv\u00f3 que el Consejo de Ministros peruano dispusiera el env\u00edo de una nota de protesta a Bogot\u00e1 y reaviv\u00f3 la tensi\u00f3n con el gobierno de <strong>Gustavo Petro<\/strong>.<\/p>\n<p class=\"com-paragraph   --s\"><strong>La incursi\u00f3n se produjo el jueves 7 de agosto<\/strong> mientras el presidente del Consejo de Ministros de Per\u00fa, <strong>Eduardo Arana<\/strong>, y otros funcionarios coordinaban acciones en el distrito de Santa Rosa, seg\u00fan la informaci\u00f3n consignada por el medio peruano <a href=\"https:\/\/elcomercio.pe\/politica\/gobierno-de-peru-denuncia-violacion-del-espacio-aereo-peruano-de-aeronave-militar-colombiana-los-detalles-y-las-explicaciones-de-colombia-noticia\/\" rel=\"nofollow\" target=\"_blank\" title=\"https:\/\/elcomercio.pe\/politica\/gobierno-de-peru-denuncia-violacion-del-espacio-aereo-peruano-de-aeronave-militar-colombiana-los-detalles-y-las-explicaciones-de-colombia-noticia\/\" class=\"com-link break-word\" data-mrf-recirculation=\"n_link_parrafo\"><em>El Comercio<\/em><\/a>.<\/p>\n<p class=\"com-paragraph   --s\">\u201cQuiero denunciar desde aqu\u00ed la <strong>violaci\u00f3n del espacio a\u00e9reo peruano<\/strong>. Efectivamente, mientras nosotros desempe\u00f1amos nuestra actividad y coordin\u00e1bamos acciones en el distrito de Santa Rosa de Loreto,<strong> pudimos observar como sobrevolaba alrededor de la isla una aeronave que desconoc\u00edamos su origen y su destino\u201d<\/strong>, indic\u00f3 al respecto Arana en conferencia de prensa.<\/p>\n<p><iframe src=\"https:\/\/www.google.com\/maps\/embed?pb=!1m18!1m12!1m3!1d7664956.439926584!2d-73.88687753131951!3d-3.6010981109920923!2m3!1f0!2f0!3f0!3m2!1i1024!2i768!4f13.1!3m3!1m2!1s0x91f2f3e081b5f26f%3A0xe477c72d9d380d87!2sSanta%20Rosa%20de%20Yavar%C3%AD%2016250%2C%20Per%C3%BA!5e1!3m2!1ses!2sar!4v1754800304289!5m2!1ses!2sar\" width=\"600\" height=\"450\" style=\"border:0;\" allowfullscreen=\"\" loading=\"lazy\" referrerpolicy=\"no-referrer-when-downgrade\"><\/iframe><\/p>\n<p class=\"com-paragraph   --s\">Por su parte, el <strong>ministro de Defensa Walter Astudillo<\/strong> precis\u00f3 que la aeronave sobrevol\u00f3 la isla a una altura estimada de entre 200 y 300 metros. Agreg\u00f3 que, tras coordinar con la torre de control del aeropuerto de Leticia, se determin\u00f3 que se trataba de un <strong>avi\u00f3n militar tipo A-29<\/strong>, conocido como Super Tucano.<\/p>\n<p class=\"com-paragraph   --s\">Por su parte, el <strong>vicecanciller peruano, F\u00e9lix Denegri Boza<\/strong>,<strong> <\/strong>asegur\u00f3 que no hay dudas sobre la soberan\u00eda peruana en ese distrito. En ese sentido, record\u00f3 que el <strong>Tratado de L\u00edmites y Navegaci\u00f3n Fluvial de 1922<\/strong> y el <strong>Protocolo de Amistad de 1934 <\/strong>establecen los l\u00edmites entre Per\u00fa y Colombia.<\/p>\n<p class=\"com-paragraph   --s\">Este evento ocurri\u00f3 en el marco de un escenario de tensi\u00f3n que crece entre Per\u00fa y Colombia. Como inform\u00f3 <a href=\"https:\/\/www.lanacion.com.ar\/el-mundo\/petro-sube-la-apuesta-en-su-reclamo-territorial-desconoce-la-soberania-de-peru-en-una-isla-y-amenaza-nid07082025\/\" target=\"_self\" title=\"https:\/\/www.lanacion.com.ar\/el-mundo\/petro-sube-la-apuesta-en-su-reclamo-territorial-desconoce-la-soberania-de-peru-en-una-isla-y-amenaza-nid07082025\/\" class=\"com-link break-word\" data-mrf-recirculation=\"n_link_parrafo\">LA NACION<\/a>, hace algunos d\u00edas, el presidente colombiano, <strong>Gustavo Petro <\/strong>realiz\u00f3 un acto frente a la isla en disputa y <strong>asegur\u00f3 que el gobierno peruano la ocupa de manera ileg\u00edtima<\/strong>. Seg\u00fan el mandatario colombiano, Per\u00fa est\u00e1 <strong>incumpliendo el Protocolo de R\u00edo de 1934<\/strong>. <\/p>\n<div class=\"content-media\">\n<section role=\"button\" class=\"mod-media   \">\n<figure role=\"button\" class=\"mod-figure \"><figcaption class=\"mod-figcaption\"><span class=\"com-text --caption --twoxs\">Walter Astudillo, ministro de Defensa, brind\u00f3 precisiones sobre el vuelo que sobrepas\u00f3 los l\u00edmites del espacio a\u00e9reo.<\/span><span class=\"com-text --credit --twoxs\">PRESIDENCIA DE PER\u00da &#8211; PRESIDENCIA DE PER\u00da<\/span><\/figcaption><\/figure>\n<\/section>\n<\/div>\n<p class=\"com-paragraph   --s\">Frente a esas declaraciones, la Canciller\u00eda peruana present\u00f3 una protesta y <strong>Dina Boluarte<\/strong>, presidenta de Per\u00fa, manifest\u00f3 p\u00fablicamente que <strong>\u201cno hay nada pendiente\u201d <\/strong>que discutir sobre el tema con el pa\u00eds vecino.<\/p>\n<p class=\"com-paragraph   --s\">En ese marco, Arana se refiri\u00f3 a la pr\u00f3xima reuni\u00f3n de la <strong>Comisi\u00f3n Mixta Permanente de Inspecci\u00f3n de la Frontera <\/strong>(Comperif), que tendr\u00e1 lugar el 11 y 12 de septiembre pr\u00f3ximos, y aclar\u00f3 que no tendr\u00e1 como objetivo debatir o modificar l\u00edmites territoriales.<\/p>\n<p class=\"com-paragraph   --s\">Por otra parte, el <strong>respaldo a la postura del Ejecutivo peruano se ampli\u00f3 <\/strong>en los \u00faltimos d\u00edas gracias al <strong>pronunciamientos de gremios empresariales y figuras p\u00fablicas<\/strong>, seg\u00fan inform\u00f3 <em>El Comercio<\/em>.<strong> <\/strong>Uno de esos hitos en ese sentido lo marc\u00f3 la publicaci\u00f3n de un comunicado en apoyo por parte de la <strong>Uni\u00f3n de Gremios Empresariales<\/strong>, de la que forman parte la Sociedad Nacional de Industrias, la C\u00e1mara de Comercio de Lima, la Asociaci\u00f3n de Exportadores, y la C\u00e1mara Nacional de Turismo del Per\u00fa, entre otros.<\/p>\n<section class=\"container-center-100 mb-40 border border-bottom border-thin border-neutral-light-700\">\n<hr\/>\n<\/section>\n<\/div>\n\n","protected":false},"excerpt":{"rendered":"<p>El Gobierno de Per\u00fa denunci\u00f3 que una aeronave militar de Colombia ingres\u00f3 sin autorizaci\u00f3n a su espacio a\u00e9reo y sobrevol\u00f3 la isla Santa Rosa, en la regi\u00f3n de Loreto. El incidente motiv\u00f3 que el Consejo de Ministros peruano dispusiera el env\u00edo de una nota de protesta a Bogot\u00e1 y reaviv\u00f3 la tensi\u00f3n con el gobierno [&hellip;]<\/p>\n","protected":false},"author":2,"featured_media":142887,"comment_status":"closed","ping_status":"closed","sticky":false,"template":"","format":"standard","meta":{"footnotes":""},"categories":[26],"tags":[],"class_list":["post-142886","post","type-post","status-publish","format-standard","has-post-thumbnail","hentry","category-internacionales"],"yoast_head":"<!-- This site is optimized with the Yoast SEO plugin v24.4 - https:\/\/yoast.com\/wordpress\/plugins\/seo\/ -->\n<title>Per\u00fa denuncia a Colombia por el sobrevuelo de un avi\u00f3n militar en la isla Santa Rosa - GYS NOTICIAS |<\/title>\n<meta name=\"robots\" content=\"index, follow, max-snippet:-1, max-image-preview:large, max-video-preview:-1\" \/>\n<link rel=\"canonical\" href=\"https:\/\/gysfm.com.ar\/inicio\/peru-denuncia-a-colombia-por-el-sobrevuelo-de-un-avion-militar-en-la-isla-santa-rosa\/\" \/>\n<meta property=\"og:locale\" content=\"es_ES\" \/>\n<meta property=\"og:type\" content=\"article\" \/>\n<meta property=\"og:title\" content=\"Per\u00fa denuncia a Colombia por el sobrevuelo de un avi\u00f3n militar en la isla Santa Rosa - GYS NOTICIAS |\" \/>\n<meta property=\"og:description\" content=\"El Gobierno de Per\u00fa denunci\u00f3 que una aeronave militar de Colombia ingres\u00f3 sin autorizaci\u00f3n a su espacio a\u00e9reo y sobrevol\u00f3 la isla Santa Rosa, en la regi\u00f3n de Loreto. El incidente motiv\u00f3 que el Consejo de Ministros peruano dispusiera el env\u00edo de una nota de protesta a Bogot\u00e1 y reaviv\u00f3 la tensi\u00f3n con el gobierno [&hellip;]\" \/>\n<meta property=\"og:url\" content=\"https:\/\/gysfm.com.ar\/inicio\/peru-denuncia-a-colombia-por-el-sobrevuelo-de-un-avion-militar-en-la-isla-santa-rosa\/\" \/>\n<meta property=\"og:site_name\" content=\"GYS NOTICIAS |\" \/>\n<meta property=\"article:published_time\" content=\"2025-08-10T08:21:42+00:00\" \/>\n<meta property=\"article:modified_time\" content=\"2025-08-10T08:21:43+00:00\" \/>\n<meta property=\"og:image\" content=\"https:\/\/gysfm.com.ar\/inicio\/wp-content\/uploads\/2025\/08\/gustavo-petro-y-dina-boluarte-presidente-de-SOERPCI7PRBHZHB6XVSQOD6IZE.png\" \/>\n\t<meta property=\"og:image:width\" content=\"1200\" \/>\n\t<meta property=\"og:image:height\" content=\"675\" \/>\n\t<meta property=\"og:image:type\" content=\"image\/png\" \/>\n<meta name=\"author\" content=\"Prensa G&amp;S FM\" \/>\n<meta name=\"twitter:card\" content=\"summary_large_image\" \/>\n<meta name=\"twitter:label1\" content=\"Escrito por\" \/>\n\t<meta name=\"twitter:data1\" content=\"Prensa G&amp;S FM\" \/>\n\t<meta name=\"twitter:label2\" content=\"Tiempo de lectura\" \/>\n\t<meta name=\"twitter:data2\" content=\"3 minutos\" \/>\n<script type=\"application\/ld+json\" class=\"yoast-schema-graph\">{\"@context\":\"https:\/\/schema.org\",\"@graph\":[{\"@type\":\"Article\",\"@id\":\"https:\/\/gysfm.com.ar\/inicio\/peru-denuncia-a-colombia-por-el-sobrevuelo-de-un-avion-militar-en-la-isla-santa-rosa\/#article\",\"isPartOf\":{\"@id\":\"https:\/\/gysfm.com.ar\/inicio\/peru-denuncia-a-colombia-por-el-sobrevuelo-de-un-avion-militar-en-la-isla-santa-rosa\/\"},\"author\":{\"name\":\"Prensa G&amp;S FM\",\"@id\":\"https:\/\/gysfm.com.ar\/inicio\/#\/schema\/person\/3abba7593ef2ad19e1be221d54383dc5\"},\"headline\":\"Per\u00fa denuncia a Colombia por el sobrevuelo de un avi\u00f3n militar en la isla Santa Rosa\",\"datePublished\":\"2025-08-10T08:21:42+00:00\",\"dateModified\":\"2025-08-10T08:21:43+00:00\",\"mainEntityOfPage\":{\"@id\":\"https:\/\/gysfm.com.ar\/inicio\/peru-denuncia-a-colombia-por-el-sobrevuelo-de-un-avion-militar-en-la-isla-santa-rosa\/\"},\"wordCount\":553,\"publisher\":{\"@id\":\"https:\/\/gysfm.com.ar\/inicio\/#organization\"},\"image\":{\"@id\":\"https:\/\/gysfm.com.ar\/inicio\/peru-denuncia-a-colombia-por-el-sobrevuelo-de-un-avion-militar-en-la-isla-santa-rosa\/#primaryimage\"},\"thumbnailUrl\":\"https:\/\/gysfm.com.ar\/inicio\/wp-content\/uploads\/2025\/08\/gustavo-petro-y-dina-boluarte-presidente-de-SOERPCI7PRBHZHB6XVSQOD6IZE.png\",\"articleSection\":[\"INTERNACIONALES\"],\"inLanguage\":\"es\"},{\"@type\":\"WebPage\",\"@id\":\"https:\/\/gysfm.com.ar\/inicio\/peru-denuncia-a-colombia-por-el-sobrevuelo-de-un-avion-militar-en-la-isla-santa-rosa\/\",\"url\":\"https:\/\/gysfm.com.ar\/inicio\/peru-denuncia-a-colombia-por-el-sobrevuelo-de-un-avion-militar-en-la-isla-santa-rosa\/\",\"name\":\"Per\u00fa denuncia a Colombia por el sobrevuelo de un avi\u00f3n militar en la isla Santa Rosa - GYS NOTICIAS |\",\"isPartOf\":{\"@id\":\"https:\/\/gysfm.com.ar\/inicio\/#website\"},\"primaryImageOfPage\":{\"@id\":\"https:\/\/gysfm.com.ar\/inicio\/peru-denuncia-a-colombia-por-el-sobrevuelo-de-un-avion-militar-en-la-isla-santa-rosa\/#primaryimage\"},\"image\":{\"@id\":\"https:\/\/gysfm.com.ar\/inicio\/peru-denuncia-a-colombia-por-el-sobrevuelo-de-un-avion-militar-en-la-isla-santa-rosa\/#primaryimage\"},\"thumbnailUrl\":\"https:\/\/gysfm.com.ar\/inicio\/wp-content\/uploads\/2025\/08\/gustavo-petro-y-dina-boluarte-presidente-de-SOERPCI7PRBHZHB6XVSQOD6IZE.png\",\"datePublished\":\"2025-08-10T08:21:42+00:00\",\"dateModified\":\"2025-08-10T08:21:43+00:00\",\"breadcrumb\":{\"@id\":\"https:\/\/gysfm.com.ar\/inicio\/peru-denuncia-a-colombia-por-el-sobrevuelo-de-un-avion-militar-en-la-isla-santa-rosa\/#breadcrumb\"},\"inLanguage\":\"es\",\"potentialAction\":[{\"@type\":\"ReadAction\",\"target\":[\"https:\/\/gysfm.com.ar\/inicio\/peru-denuncia-a-colombia-por-el-sobrevuelo-de-un-avion-militar-en-la-isla-santa-rosa\/\"]}]},{\"@type\":\"ImageObject\",\"inLanguage\":\"es\",\"@id\":\"https:\/\/gysfm.com.ar\/inicio\/peru-denuncia-a-colombia-por-el-sobrevuelo-de-un-avion-militar-en-la-isla-santa-rosa\/#primaryimage\",\"url\":\"https:\/\/gysfm.com.ar\/inicio\/wp-content\/uploads\/2025\/08\/gustavo-petro-y-dina-boluarte-presidente-de-SOERPCI7PRBHZHB6XVSQOD6IZE.png\",\"contentUrl\":\"https:\/\/gysfm.com.ar\/inicio\/wp-content\/uploads\/2025\/08\/gustavo-petro-y-dina-boluarte-presidente-de-SOERPCI7PRBHZHB6XVSQOD6IZE.png\",\"width\":1200,\"height\":675},{\"@type\":\"BreadcrumbList\",\"@id\":\"https:\/\/gysfm.com.ar\/inicio\/peru-denuncia-a-colombia-por-el-sobrevuelo-de-un-avion-militar-en-la-isla-santa-rosa\/#breadcrumb\",\"itemListElement\":[{\"@type\":\"ListItem\",\"position\":1,\"name\":\"Portada\",\"item\":\"https:\/\/gysfm.com.ar\/inicio\/\"},{\"@type\":\"ListItem\",\"position\":2,\"name\":\"Per\u00fa denuncia a Colombia por el sobrevuelo de un avi\u00f3n militar en la isla Santa Rosa\"}]},{\"@type\":\"WebSite\",\"@id\":\"https:\/\/gysfm.com.ar\/inicio\/#website\",\"url\":\"https:\/\/gysfm.com.ar\/inicio\/\",\"name\":\"GYS NOTICIAS |\",\"description\":\"DIARIO - RADIO ONLINE SAN JUAN ARGENTINA\",\"publisher\":{\"@id\":\"https:\/\/gysfm.com.ar\/inicio\/#organization\"},\"potentialAction\":[{\"@type\":\"SearchAction\",\"target\":{\"@type\":\"EntryPoint\",\"urlTemplate\":\"https:\/\/gysfm.com.ar\/inicio\/?s={search_term_string}\"},\"query-input\":{\"@type\":\"PropertyValueSpecification\",\"valueRequired\":true,\"valueName\":\"search_term_string\"}}],\"inLanguage\":\"es\"},{\"@type\":\"Organization\",\"@id\":\"https:\/\/gysfm.com.ar\/inicio\/#organization\",\"name\":\"GYS NOTICIAS |\",\"url\":\"https:\/\/gysfm.com.ar\/inicio\/\",\"logo\":{\"@type\":\"ImageObject\",\"inLanguage\":\"es\",\"@id\":\"https:\/\/gysfm.com.ar\/inicio\/#\/schema\/logo\/image\/\",\"url\":\"https:\/\/gysfm.com.ar\/inicio\/wp-content\/uploads\/2023\/07\/LOGOGYS-OK.png\",\"contentUrl\":\"https:\/\/gysfm.com.ar\/inicio\/wp-content\/uploads\/2023\/07\/LOGOGYS-OK.png\",\"width\":1170,\"height\":872,\"caption\":\"GYS NOTICIAS |\"},\"image\":{\"@id\":\"https:\/\/gysfm.com.ar\/inicio\/#\/schema\/logo\/image\/\"}},{\"@type\":\"Person\",\"@id\":\"https:\/\/gysfm.com.ar\/inicio\/#\/schema\/person\/3abba7593ef2ad19e1be221d54383dc5\",\"name\":\"Prensa G&amp;S FM\",\"image\":{\"@type\":\"ImageObject\",\"inLanguage\":\"es\",\"@id\":\"https:\/\/gysfm.com.ar\/inicio\/#\/schema\/person\/image\/\",\"url\":\"https:\/\/secure.gravatar.com\/avatar\/096ec78df02049ab018702bb4ccedf659377fa92a26540b5247612077a0dbd29?s=96&d=mm&r=g\",\"contentUrl\":\"https:\/\/secure.gravatar.com\/avatar\/096ec78df02049ab018702bb4ccedf659377fa92a26540b5247612077a0dbd29?s=96&d=mm&r=g\",\"caption\":\"Prensa G&amp;S FM\"},\"sameAs\":[\"https:\/\/gysfm.com.ar\/\"],\"url\":\"https:\/\/gysfm.com.ar\/inicio\/author\/lucasm\/\"}]}<\/script>\n<!-- \/ Yoast SEO plugin. -->","yoast_head_json":{"title":"Per\u00fa denuncia a Colombia por el sobrevuelo de un avi\u00f3n militar en la isla Santa Rosa - GYS NOTICIAS |","robots":{"index":"index","follow":"follow","max-snippet":"max-snippet:-1","max-image-preview":"max-image-preview:large","max-video-preview":"max-video-preview:-1"},"canonical":"https:\/\/gysfm.com.ar\/inicio\/peru-denuncia-a-colombia-por-el-sobrevuelo-de-un-avion-militar-en-la-isla-santa-rosa\/","og_locale":"es_ES","og_type":"article","og_title":"Per\u00fa denuncia a Colombia por el sobrevuelo de un avi\u00f3n militar en la isla Santa Rosa - GYS NOTICIAS |","og_description":"El Gobierno de Per\u00fa denunci\u00f3 que una aeronave militar de Colombia ingres\u00f3 sin autorizaci\u00f3n a su espacio a\u00e9reo y sobrevol\u00f3 la isla Santa Rosa, en la regi\u00f3n de Loreto. El incidente motiv\u00f3 que el Consejo de Ministros peruano dispusiera el env\u00edo de una nota de protesta a Bogot\u00e1 y reaviv\u00f3 la tensi\u00f3n con el gobierno [&hellip;]","og_url":"https:\/\/gysfm.com.ar\/inicio\/peru-denuncia-a-colombia-por-el-sobrevuelo-de-un-avion-militar-en-la-isla-santa-rosa\/","og_site_name":"GYS NOTICIAS |","article_published_time":"2025-08-10T08:21:42+00:00","article_modified_time":"2025-08-10T08:21:43+00:00","og_image":[{"width":1200,"height":675,"url":"https:\/\/gysfm.com.ar\/inicio\/wp-content\/uploads\/2025\/08\/gustavo-petro-y-dina-boluarte-presidente-de-SOERPCI7PRBHZHB6XVSQOD6IZE.png","type":"image\/png"}],"author":"Prensa G&amp;S FM","twitter_card":"summary_large_image","twitter_misc":{"Escrito por":"Prensa G&amp;S FM","Tiempo de lectura":"3 minutos"},"schema":{"@context":"https:\/\/schema.org","@graph":[{"@type":"Article","@id":"https:\/\/gysfm.com.ar\/inicio\/peru-denuncia-a-colombia-por-el-sobrevuelo-de-un-avion-militar-en-la-isla-santa-rosa\/#article","isPartOf":{"@id":"https:\/\/gysfm.com.ar\/inicio\/peru-denuncia-a-colombia-por-el-sobrevuelo-de-un-avion-militar-en-la-isla-santa-rosa\/"},"author":{"name":"Prensa G&amp;S FM","@id":"https:\/\/gysfm.com.ar\/inicio\/#\/schema\/person\/3abba7593ef2ad19e1be221d54383dc5"},"headline":"Per\u00fa denuncia a Colombia por el sobrevuelo de un avi\u00f3n militar en la isla Santa Rosa","datePublished":"2025-08-10T08:21:42+00:00","dateModified":"2025-08-10T08:21:43+00:00","mainEntityOfPage":{"@id":"https:\/\/gysfm.com.ar\/inicio\/peru-denuncia-a-colombia-por-el-sobrevuelo-de-un-avion-militar-en-la-isla-santa-rosa\/"},"wordCount":553,"publisher":{"@id":"https:\/\/gysfm.com.ar\/inicio\/#organization"},"image":{"@id":"https:\/\/gysfm.com.ar\/inicio\/peru-denuncia-a-colombia-por-el-sobrevuelo-de-un-avion-militar-en-la-isla-santa-rosa\/#primaryimage"},"thumbnailUrl":"https:\/\/gysfm.com.ar\/inicio\/wp-content\/uploads\/2025\/08\/gustavo-petro-y-dina-boluarte-presidente-de-SOERPCI7PRBHZHB6XVSQOD6IZE.png","articleSection":["INTERNACIONALES"],"inLanguage":"es"},{"@type":"WebPage","@id":"https:\/\/gysfm.com.ar\/inicio\/peru-denuncia-a-colombia-por-el-sobrevuelo-de-un-avion-militar-en-la-isla-santa-rosa\/","url":"https:\/\/gysfm.com.ar\/inicio\/peru-denuncia-a-colombia-por-el-sobrevuelo-de-un-avion-militar-en-la-isla-santa-rosa\/","name":"Per\u00fa denuncia a Colombia por el sobrevuelo de un avi\u00f3n militar en la isla Santa Rosa - GYS NOTICIAS |","isPartOf":{"@id":"https:\/\/gysfm.com.ar\/inicio\/#website"},"primaryImageOfPage":{"@id":"https:\/\/gysfm.com.ar\/inicio\/peru-denuncia-a-colombia-por-el-sobrevuelo-de-un-avion-militar-en-la-isla-santa-rosa\/#primaryimage"},"image":{"@id":"https:\/\/gysfm.com.ar\/inicio\/peru-denuncia-a-colombia-por-el-sobrevuelo-de-un-avion-militar-en-la-isla-santa-rosa\/#primaryimage"},"thumbnailUrl":"https:\/\/gysfm.com.ar\/inicio\/wp-content\/uploads\/2025\/08\/gustavo-petro-y-dina-boluarte-presidente-de-SOERPCI7PRBHZHB6XVSQOD6IZE.png","datePublished":"2025-08-10T08:21:42+00:00","dateModified":"2025-08-10T08:21:43+00:00","breadcrumb":{"@id":"https:\/\/gysfm.com.ar\/inicio\/peru-denuncia-a-colombia-por-el-sobrevuelo-de-un-avion-militar-en-la-isla-santa-rosa\/#breadcrumb"},"inLanguage":"es","potentialAction":[{"@type":"ReadAction","target":["https:\/\/gysfm.com.ar\/inicio\/peru-denuncia-a-colombia-por-el-sobrevuelo-de-un-avion-militar-en-la-isla-santa-rosa\/"]}]},{"@type":"ImageObject","inLanguage":"es","@id":"https:\/\/gysfm.com.ar\/inicio\/peru-denuncia-a-colombia-por-el-sobrevuelo-de-un-avion-militar-en-la-isla-santa-rosa\/#primaryimage","url":"https:\/\/gysfm.com.ar\/inicio\/wp-content\/uploads\/2025\/08\/gustavo-petro-y-dina-boluarte-presidente-de-SOERPCI7PRBHZHB6XVSQOD6IZE.png","contentUrl":"https:\/\/gysfm.com.ar\/inicio\/wp-content\/uploads\/2025\/08\/gustavo-petro-y-dina-boluarte-presidente-de-SOERPCI7PRBHZHB6XVSQOD6IZE.png","width":1200,"height":675},{"@type":"BreadcrumbList","@id":"https:\/\/gysfm.com.ar\/inicio\/peru-denuncia-a-colombia-por-el-sobrevuelo-de-un-avion-militar-en-la-isla-santa-rosa\/#breadcrumb","itemListElement":[{"@type":"ListItem","position":1,"name":"Portada","item":"https:\/\/gysfm.com.ar\/inicio\/"},{"@type":"ListItem","position":2,"name":"Per\u00fa denuncia a Colombia por el sobrevuelo de un avi\u00f3n militar en la isla Santa Rosa"}]},{"@type":"WebSite","@id":"https:\/\/gysfm.com.ar\/inicio\/#website","url":"https:\/\/gysfm.com.ar\/inicio\/","name":"GYS NOTICIAS |","description":"DIARIO - RADIO ONLINE SAN JUAN ARGENTINA","publisher":{"@id":"https:\/\/gysfm.com.ar\/inicio\/#organization"},"potentialAction":[{"@type":"SearchAction","target":{"@type":"EntryPoint","urlTemplate":"https:\/\/gysfm.com.ar\/inicio\/?s={search_term_string}"},"query-input":{"@type":"PropertyValueSpecification","valueRequired":true,"valueName":"search_term_string"}}],"inLanguage":"es"},{"@type":"Organization","@id":"https:\/\/gysfm.com.ar\/inicio\/#organization","name":"GYS NOTICIAS |","url":"https:\/\/gysfm.com.ar\/inicio\/","logo":{"@type":"ImageObject","inLanguage":"es","@id":"https:\/\/gysfm.com.ar\/inicio\/#\/schema\/logo\/image\/","url":"https:\/\/gysfm.com.ar\/inicio\/wp-content\/uploads\/2023\/07\/LOGOGYS-OK.png","contentUrl":"https:\/\/gysfm.com.ar\/inicio\/wp-content\/uploads\/2023\/07\/LOGOGYS-OK.png","width":1170,"height":872,"caption":"GYS NOTICIAS |"},"image":{"@id":"https:\/\/gysfm.com.ar\/inicio\/#\/schema\/logo\/image\/"}},{"@type":"Person","@id":"https:\/\/gysfm.com.ar\/inicio\/#\/schema\/person\/3abba7593ef2ad19e1be221d54383dc5","name":"Prensa G&amp;S FM","image":{"@type":"ImageObject","inLanguage":"es","@id":"https:\/\/gysfm.com.ar\/inicio\/#\/schema\/person\/image\/","url":"https:\/\/secure.gravatar.com\/avatar\/096ec78df02049ab018702bb4ccedf659377fa92a26540b5247612077a0dbd29?s=96&d=mm&r=g","contentUrl":"https:\/\/secure.gravatar.com\/avatar\/096ec78df02049ab018702bb4ccedf659377fa92a26540b5247612077a0dbd29?s=96&d=mm&r=g","caption":"Prensa G&amp;S FM"},"sameAs":["https:\/\/gysfm.com.ar\/"],"url":"https:\/\/gysfm.com.ar\/inicio\/author\/lucasm\/"}]}},"_links":{"self":[{"href":"https:\/\/gysfm.com.ar\/inicio\/wp-json\/wp\/v2\/posts\/142886","targetHints":{"allow":["GET"]}}],"collection":[{"href":"https:\/\/gysfm.com.ar\/inicio\/wp-json\/wp\/v2\/posts"}],"about":[{"href":"https:\/\/gysfm.com.ar\/inicio\/wp-json\/wp\/v2\/types\/post"}],"author":[{"embeddable":true,"href":"https:\/\/gysfm.com.ar\/inicio\/wp-json\/wp\/v2\/users\/2"}],"replies":[{"embeddable":true,"href":"https:\/\/gysfm.com.ar\/inicio\/wp-json\/wp\/v2\/comments?post=142886"}],"version-history":[{"count":1,"href":"https:\/\/gysfm.com.ar\/inicio\/wp-json\/wp\/v2\/posts\/142886\/revisions"}],"predecessor-version":[{"id":142888,"href":"https:\/\/gysfm.com.ar\/inicio\/wp-json\/wp\/v2\/posts\/142886\/revisions\/142888"}],"wp:featuredmedia":[{"embeddable":true,"href":"https:\/\/gysfm.com.ar\/inicio\/wp-json\/wp\/v2\/media\/142887"}],"wp:attachment":[{"href":"https:\/\/gysfm.com.ar\/inicio\/wp-json\/wp\/v2\/media?parent=142886"}],"wp:term":[{"taxonomy":"category","embeddable":true,"href":"https:\/\/gysfm.com.ar\/inicio\/wp-json\/wp\/v2\/categories?post=142886"},{"taxonomy":"post_tag","embeddable":true,"href":"https:\/\/gysfm.com.ar\/inicio\/wp-json\/wp\/v2\/tags?post=142886"}],"curies":[{"name":"wp","href":"https:\/\/api.w.org\/{rel}","templated":true}]}}