{"id":142884,"date":"2025-08-10T05:08:48","date_gmt":"2025-08-10T08:08:48","guid":{"rendered":"https:\/\/gysfm.com.ar\/inicio\/cfk-disparo-contra-milei-tras-la-cadena-nacional-te-van-a-sacar-con-chaleco-de-fuerza\/"},"modified":"2025-08-10T05:08:48","modified_gmt":"2025-08-10T08:08:48","slug":"cfk-disparo-contra-milei-tras-la-cadena-nacional-te-van-a-sacar-con-chaleco-de-fuerza","status":"publish","type":"post","link":"https:\/\/gysfm.com.ar\/inicio\/cfk-disparo-contra-milei-tras-la-cadena-nacional-te-van-a-sacar-con-chaleco-de-fuerza\/","title":{"rendered":"CFK dispar\u00f3 contra Milei tras la cadena nacional: \u00abTe van a sacar con chaleco de fuerza\u00bb"},"content":{"rendered":"<p><\/p>\n<div id=\"article-content\">\n<p>En medio de las repercusiones por la cadena nacional que brind\u00f3 <a target=\"_blank\" href=\"https:\/\/www.perfil.com\/noticias\/politica\/que-rating-hizo-la-cadena-nacional-de-javier-milei.phtml\"><strong>Javier Milei<\/strong><\/a> este viernes por la noche, <a target=\"_blank\" href=\"https:\/\/www.perfil.com\/noticias\/politica\/cristina-kirchner-busca-que-la-corte-suprema-le-saque-la-tobillera.phtml\"><strong>Cristina Fern\u00e1ndez de Kirchner<\/strong><\/a> lanz\u00f3 una dura respuesta al presidente a trav\u00e9s de sus redes sociales. La exmandataria replic\u00f3 una de las frases m\u00e1s comentadas del jefe de Estado y le advirti\u00f3: \u00abM\u00c1S QUE CON LOS PIES PARA ADELANTE, A VOS TE VAN A SACAR CON UN CHALECO DE FUERZA DE LA ROSADA (sic.)\u00bb.<\/p>\n<p>El mensaje de la exvicepresidenta lleg\u00f3 despu\u00e9s de que Milei advirtiera que\u00bbsi quieren volver atr\u00e1s, me van a tener que sacar <a target=\"_blank\" href=\"https:\/\/www.perfil.com\/noticias\/politica\/mi-tarea-no-es-parecer-bueno-es-hacer-aunque-digan-que-soy-cruel-las-frases-mas-resonantes-de-javier-milei-en-cadena-nacional.phtml\"><strong>con los pies para adelante<\/strong><\/a>\u00bb en defensa de sus pol\u00edticas fiscales y monetarias. En un extenso texto publicado en X (extwitter), CFK revirti\u00f3 la frase y cuestion\u00f3 los datos que el presidente present\u00f3 sobre la evoluci\u00f3n de los salarios y el consumo de alimentos.<\/p>\n<h2>Las cr\u00edticas de Cristina Kirchner a la cadena de Javier Milei<\/h2>\n<p>Este s\u00e1bado al mediod\u00eda, Cristina Kircher se sum\u00f3 a las reacciones opositoras que cuestionaron los dichos de Milei. En su mensaje escribi\u00f3: \u00abTen\u00e9s que estar loco o ser un GRAN MENTIROSO para decirle a los argentinos, por cadena nacional, que los <strong>salarios le ganaron a la inflaci\u00f3n<\/strong> y que ahora comen m\u00e1s que antes. Daaaaale\u2026 \u00bfEn serio\u2026? (sic.)\u00bb.<\/p>\n<div class=\"subscription\">\n<p>\n        Esto no les gusta a los autoritarios\n    <\/p>\n<div class=\"subscription__container\">\n<div class=\"subscription__text-wrapper\">\n<p>\n                El ejercicio del periodismo profesional y cr\u00edtico es un pilar fundamental de la democracia. Por eso molesta a quienes creen ser los due\u00f1os de la verdad.\n            <\/p>\n<\/p><\/div><\/div>\n<\/div>\n<p class=\"destacadoNota\"><a target=\"_blank\" href=\"https:\/\/www.perfil.com\/noticias\/politica\/javier-milei-habla-en-cadena-nacional-sobre-los-vetos-a-las-leyes-del-congreso.phtml\">Javier Milei: \u00abEl Congreso cree que se puede imprimir riqueza, eso lleva al colapso y no voy a permitirlo\u00bb<\/a><\/p>\n<p>En la misma publicaci\u00f3n a\u00f1adi\u00f3 una cr\u00edtica puntual al manejo monetario del Ejecutivo: \u00abP\/D 1: Haceme un favor\u2026Dej\u00e1 de mentir con la cantinela de que en tu gobierno <strong>no hay emisi\u00f3n monetaria<\/strong>\u2026 Ven\u00eds emitiendo a diestra y siniestra para pagar los intereses de la timba financiera, de las operaciones con d\u00f3lar futuro y las tasas de inter\u00e9s bancarias para que los pesos no se vayan al d\u00f3lar\u00bb.<\/p>\n<p>\u00abCon qu\u00e9 pagaron, pagan y van a pagar las tasas de inter\u00e9s que ten\u00e9s por las nubes??? <strong>\u00bfCon chupetines?<\/strong> No\u2026 Con emisi\u00f3n de dinero\u201d, puntualiz\u00f3 la exmandataria con tono ir\u00f3nico. En este sentido, aprovecho para disparar contra el equipo econ\u00f3mico del presidente: \u201c\u00bfQui\u00e9n se lleva esa emisi\u00f3n? <strong>Los mismos de siempre, Milei<\/strong>\u2026 Los que tienen su mejor representante en tu Ministro de Econom\u00eda\u00bb.<\/p>\n<p>Para cerrar esa tanda de reproches, la exvicepresidenta reivindic\u00f3 sus propios discursos institucionales: \u00abP\/D 2: Y adem\u00e1s&#8230; y muy humildemente, Milei\u2026 mis cadenas nacionales nunca fueron para quitar derechos ni arruinarle la vida a nadie\u2026 Siempre fueron para <strong>mejorar la vida de mis compatriotas\u00bb.<\/strong><\/p>\n<p style=\"text-align:center\"><picture><source media=\"(max-width: 440px)\" srcset=\"https:\/\/fotos.perfil.com\/\/2025\/08\/09\/440\/0\/cristina-kirchner-contra-javier-milei-2077387.jpg?webp\"\/><source media=\"(max-width: 1019px)\" srcset=\"https:\/\/fotos.perfil.com\/\/2025\/08\/09\/712\/0\/cristina-kirchner-contra-javier-milei-2077387.jpg?webp\"\/><img decoding=\"async\" style=\"max-width: 100%; width: 100%;\" alt=\"Cristina Kirchner contra Javier Milei\" src=\"https:\/\/fotos.perfil.com\/\/2025\/08\/09\/900\/0\/cristina-kirchner-contra-javier-milei-2077387.jpg?webp\" loading=\"lazy\"\/><\/picture><\/p>\n<h2>Las pol\u00e9micas por la cadena nacional de Javier Milei: \u00abDejen de mentir\u00bb<\/h2>\n<p>Durante la cadena nacional de este viernes 8 de agosto, Milei cuestion\u00f3 las<strong> <a target=\"_blank\" href=\"https:\/\/www.perfil.com\/noticias\/politica\/javier-milei-veto-oficialmente-las-tres-leyes-aprobadas-en-el-congreso-aumentos-moratoria-y-discapacidad.phtml\">recientes votaciones del Congreso<\/a><\/strong> y anticip\u00f3 medidas para<strong> blindar el super\u00e1vit fiscal<\/strong>. Asimismo, dispar\u00f3 contra los legisladores \u00ab<strong>quieren quebrar al Gobierno<\/strong>, llevando de nuevo al pa\u00eds al desastre del que venimos\u00bb y anunci\u00f3 <a target=\"_blank\" href=\"https:\/\/www.perfil.com\/noticias\/politica\/las-medidas-que-anuncio-javier-milei-para-blindar-el-superavit-fiscal.phtml\"><strong>dos medidas concretas<\/strong><\/a> para \u00abproteger las cuentas p\u00fablicas\u00bb y evitar que se reviertan las pol\u00edticas de ajuste.<\/p>\n<p>La primera medida ser\u00e1 prohibir que el Tesoro nacional financie el gasto primario con fondos provenientes del <strong>Banco Central<\/strong>. El mandatario adelant\u00f3 que el lunes firmar\u00e1 una instrucci\u00f3n para formalizar esta restricci\u00f3n, lo que en la pr\u00e1ctica<strong> bloquea la emisi\u00f3n monetaria <\/strong>para cubrir d\u00e9ficits. \u00abEl exceso de dinero en circulaci\u00f3n destruye el valor del dinero que est\u00e1 en el bolsillo de cada uno de los argentinos\u00bb, explic\u00f3, y asegur\u00f3 que eliminar esta herramienta es clave para evitar repetir los <strong>ciclos inflacionarios <\/strong>del pasado.<\/p>\n<p>La segunda medida busca reformar el marco legal con un proyecto de ley para penalizar la aprobaci\u00f3n de <strong>presupuestos nacionales con d\u00e9ficit fiscal en el Congreso<\/strong>. El mandatario advirti\u00f3: \u00abCada peso nuevo que quieran gastar tiene que tener un nombre y un apellido, tienen que decir <strong>de d\u00f3nde sale y a qui\u00e9n se lo sacan<\/strong>\u00ab. El proyecto prev\u00e9 sanciones penales para legisladores y funcionarios que no respeten esta regla de equilibrio fiscal.<\/p>\n<p class=\"destacadoNota\"><a target=\"_blank\" href=\"https:\/\/www.perfil.com\/noticias\/politica\/las-reacciones-de-los-politicos-a-las-medidas-anunciadas-por-javier-milei.phtml\">Reacciones de opositores a las medidas anunciadas por Javier Milei: \u00abMiente\u00bb, \u00abhorrible\u00bb, \u00abmon\u00e1rquico\u00bb<\/a><\/p>\n<p>Sin embargo, las cr\u00edticas opositoras no tardaron en llegar. Este s\u00e1bado, el gobernador bonaerense <a target=\"_blank\" href=\"https:\/\/www.perfil.com\/noticias\/actualidad\/kicillof-sumo-sus-criticas-a-la-cadena-nacional-de-milei-un-delirio-cosmico-tremendamente-border.phtml\"><strong>Axel Kicillof<\/strong><\/a> calific\u00f3 la decisi\u00f3n de <strong>\u00abtremendamente border\u00bb<\/strong>. Adem\u00e1s, asegur\u00f3 que el discurso fue <strong>\u00abun delirio c\u00f3smico\u00bb<\/strong> y \u00abvergonzoso, penoso\u00bb. En su visi\u00f3n, el gobierno \u00abest\u00e1 destruyendo el aparato productivo, la capacidad del Estado, y a nivel internacional con una pol\u00edtica de sumisi\u00f3n\u00bb. <\/p>\n<p>Por su parte, <strong>Margarita Stolbizer<\/strong>, diputada del GEN, asegur\u00f3: \u00abQuiere penalizar,<strong> no respetar el Presupuesto<\/strong>\u2026 Porque el Presidente no quiere tener Presupuesto y se maneja con el de Alberto Fern\u00e1ndez para manejar los recursos a su antojo, darle a los ricos y condenar a los pobres, a los jubilados, a los enfermos. <strong>Miente, miente y algo quedar\u00e1<\/strong>\u00ab. <\/p>\n<p>Su colega, el legislador <strong>Leandro Santoro<\/strong>, tambi\u00e9n fue contundente: \u00abSi vet\u00e1s todo no es responsabilidad fiscal es fanatismo ideol\u00f3gico. \u00bfFinanciar el Garrahan rompe el equilibrio fiscal? <strong>Dejen de mentir<\/strong>. Si quieren una macro ordenada combatan la evasi\u00f3n, que tributen m\u00e1s lo m\u00e1s ricos y dejen de financiar la timba financiera\u00bb.<\/p>\n<p><em>LT<\/em><\/p>\n<\/p><\/div>\n<p><script>\n                !function(f,b,e,v,n,t,s)\n                {if(f.fbq)return;n=f.fbq=function(){n.callMethod?\n                    n.callMethod.apply(n,arguments):n.queue.push(arguments)};\n                    if(!f._fbq)f._fbq=n;n.push=n;n.loaded=!0;n.version='2.0';\n                    n.queue=[];t=b.createElement(e);t.async=!0;\n                    t.src=v;s=b.getElementsByTagName(e)[0];\n                    s.parentNode.insertBefore(t,s)}(window, document,'script',\n                    'https:\/\/connect.facebook.net\/en_US\/fbevents.js');\n                window.paywallConfig.facebook_pixel=\"1000228364089342\"\n            <\/script><\/p>\n","protected":false},"excerpt":{"rendered":"<p>En medio de las repercusiones por la cadena nacional que brind\u00f3 Javier Milei este viernes por la noche, Cristina Fern\u00e1ndez de Kirchner lanz\u00f3 una dura respuesta al presidente a trav\u00e9s de sus redes sociales. La exmandataria replic\u00f3 una de las frases m\u00e1s comentadas del jefe de Estado y le advirti\u00f3: \u00abM\u00c1S QUE CON LOS PIES [&hellip;]<\/p>\n","protected":false},"author":2,"featured_media":142885,"comment_status":"closed","ping_status":"closed","sticky":false,"template":"","format":"standard","meta":{"footnotes":""},"categories":[25],"tags":[],"class_list":["post-142884","post","type-post","status-publish","format-standard","has-post-thumbnail","hentry","category-nacionales"],"yoast_head":"<!-- This site is optimized with the Yoast SEO plugin v24.4 - https:\/\/yoast.com\/wordpress\/plugins\/seo\/ -->\n<title>CFK dispar\u00f3 contra Milei tras la cadena nacional: &quot;Te van a sacar con chaleco de fuerza&quot; - GYS NOTICIAS |<\/title>\n<meta name=\"robots\" content=\"index, follow, max-snippet:-1, max-image-preview:large, max-video-preview:-1\" \/>\n<link rel=\"canonical\" href=\"https:\/\/gysfm.com.ar\/inicio\/cfk-disparo-contra-milei-tras-la-cadena-nacional-te-van-a-sacar-con-chaleco-de-fuerza\/\" \/>\n<meta property=\"og:locale\" content=\"es_ES\" \/>\n<meta property=\"og:type\" content=\"article\" \/>\n<meta property=\"og:title\" content=\"CFK dispar\u00f3 contra Milei tras la cadena nacional: &quot;Te van a sacar con chaleco de fuerza&quot; - GYS NOTICIAS |\" \/>\n<meta property=\"og:description\" content=\"En medio de las repercusiones por la cadena nacional que brind\u00f3 Javier Milei este viernes por la noche, Cristina Fern\u00e1ndez de Kirchner lanz\u00f3 una dura respuesta al presidente a trav\u00e9s de sus redes sociales. La exmandataria replic\u00f3 una de las frases m\u00e1s comentadas del jefe de Estado y le advirti\u00f3: \u00abM\u00c1S QUE CON LOS PIES [&hellip;]\" \/>\n<meta property=\"og:url\" content=\"https:\/\/gysfm.com.ar\/inicio\/cfk-disparo-contra-milei-tras-la-cadena-nacional-te-van-a-sacar-con-chaleco-de-fuerza\/\" \/>\n<meta property=\"og:site_name\" content=\"GYS NOTICIAS |\" \/>\n<meta property=\"article:published_time\" content=\"2025-08-10T08:08:48+00:00\" \/>\n<meta property=\"og:image\" content=\"https:\/\/fotos.perfil.com\/\/2025\/08\/09\/900\/0\/cristina-kirchner-contra-javier-milei-2077387.jpg?webp\" \/>\n<meta name=\"author\" content=\"Prensa G&amp;S FM\" \/>\n<meta name=\"twitter:card\" content=\"summary_large_image\" \/>\n<meta name=\"twitter:label1\" content=\"Escrito por\" \/>\n\t<meta name=\"twitter:data1\" content=\"Prensa G&amp;S FM\" \/>\n\t<meta name=\"twitter:label2\" content=\"Tiempo de lectura\" \/>\n\t<meta name=\"twitter:data2\" content=\"5 minutos\" \/>\n<script type=\"application\/ld+json\" class=\"yoast-schema-graph\">{\"@context\":\"https:\/\/schema.org\",\"@graph\":[{\"@type\":\"Article\",\"@id\":\"https:\/\/gysfm.com.ar\/inicio\/cfk-disparo-contra-milei-tras-la-cadena-nacional-te-van-a-sacar-con-chaleco-de-fuerza\/#article\",\"isPartOf\":{\"@id\":\"https:\/\/gysfm.com.ar\/inicio\/cfk-disparo-contra-milei-tras-la-cadena-nacional-te-van-a-sacar-con-chaleco-de-fuerza\/\"},\"author\":{\"name\":\"Prensa G&amp;S FM\",\"@id\":\"https:\/\/gysfm.com.ar\/inicio\/#\/schema\/person\/3abba7593ef2ad19e1be221d54383dc5\"},\"headline\":\"CFK dispar\u00f3 contra Milei tras la cadena nacional: \u00abTe van a sacar con chaleco de fuerza\u00bb\",\"datePublished\":\"2025-08-10T08:08:48+00:00\",\"mainEntityOfPage\":{\"@id\":\"https:\/\/gysfm.com.ar\/inicio\/cfk-disparo-contra-milei-tras-la-cadena-nacional-te-van-a-sacar-con-chaleco-de-fuerza\/\"},\"wordCount\":921,\"publisher\":{\"@id\":\"https:\/\/gysfm.com.ar\/inicio\/#organization\"},\"image\":{\"@id\":\"https:\/\/gysfm.com.ar\/inicio\/cfk-disparo-contra-milei-tras-la-cadena-nacional-te-van-a-sacar-con-chaleco-de-fuerza\/#primaryimage\"},\"thumbnailUrl\":\"https:\/\/gysfm.com.ar\/inicio\/wp-content\/uploads\/2025\/08\/cristina-fernandez-2054162.jpg\",\"articleSection\":[\"NACIONALES\"],\"inLanguage\":\"es\"},{\"@type\":\"WebPage\",\"@id\":\"https:\/\/gysfm.com.ar\/inicio\/cfk-disparo-contra-milei-tras-la-cadena-nacional-te-van-a-sacar-con-chaleco-de-fuerza\/\",\"url\":\"https:\/\/gysfm.com.ar\/inicio\/cfk-disparo-contra-milei-tras-la-cadena-nacional-te-van-a-sacar-con-chaleco-de-fuerza\/\",\"name\":\"CFK dispar\u00f3 contra Milei tras la cadena nacional: \\\"Te van a sacar con chaleco de fuerza\\\" - GYS NOTICIAS |\",\"isPartOf\":{\"@id\":\"https:\/\/gysfm.com.ar\/inicio\/#website\"},\"primaryImageOfPage\":{\"@id\":\"https:\/\/gysfm.com.ar\/inicio\/cfk-disparo-contra-milei-tras-la-cadena-nacional-te-van-a-sacar-con-chaleco-de-fuerza\/#primaryimage\"},\"image\":{\"@id\":\"https:\/\/gysfm.com.ar\/inicio\/cfk-disparo-contra-milei-tras-la-cadena-nacional-te-van-a-sacar-con-chaleco-de-fuerza\/#primaryimage\"},\"thumbnailUrl\":\"https:\/\/gysfm.com.ar\/inicio\/wp-content\/uploads\/2025\/08\/cristina-fernandez-2054162.jpg\",\"datePublished\":\"2025-08-10T08:08:48+00:00\",\"breadcrumb\":{\"@id\":\"https:\/\/gysfm.com.ar\/inicio\/cfk-disparo-contra-milei-tras-la-cadena-nacional-te-van-a-sacar-con-chaleco-de-fuerza\/#breadcrumb\"},\"inLanguage\":\"es\",\"potentialAction\":[{\"@type\":\"ReadAction\",\"target\":[\"https:\/\/gysfm.com.ar\/inicio\/cfk-disparo-contra-milei-tras-la-cadena-nacional-te-van-a-sacar-con-chaleco-de-fuerza\/\"]}]},{\"@type\":\"ImageObject\",\"inLanguage\":\"es\",\"@id\":\"https:\/\/gysfm.com.ar\/inicio\/cfk-disparo-contra-milei-tras-la-cadena-nacional-te-van-a-sacar-con-chaleco-de-fuerza\/#primaryimage\",\"url\":\"https:\/\/gysfm.com.ar\/inicio\/wp-content\/uploads\/2025\/08\/cristina-fernandez-2054162.jpg\",\"contentUrl\":\"https:\/\/gysfm.com.ar\/inicio\/wp-content\/uploads\/2025\/08\/cristina-fernandez-2054162.jpg\",\"width\":1140,\"height\":641},{\"@type\":\"BreadcrumbList\",\"@id\":\"https:\/\/gysfm.com.ar\/inicio\/cfk-disparo-contra-milei-tras-la-cadena-nacional-te-van-a-sacar-con-chaleco-de-fuerza\/#breadcrumb\",\"itemListElement\":[{\"@type\":\"ListItem\",\"position\":1,\"name\":\"Portada\",\"item\":\"https:\/\/gysfm.com.ar\/inicio\/\"},{\"@type\":\"ListItem\",\"position\":2,\"name\":\"CFK dispar\u00f3 contra Milei tras la cadena nacional: \u00abTe van a sacar con chaleco de fuerza\u00bb\"}]},{\"@type\":\"WebSite\",\"@id\":\"https:\/\/gysfm.com.ar\/inicio\/#website\",\"url\":\"https:\/\/gysfm.com.ar\/inicio\/\",\"name\":\"GYS NOTICIAS |\",\"description\":\"DIARIO - RADIO ONLINE SAN JUAN ARGENTINA\",\"publisher\":{\"@id\":\"https:\/\/gysfm.com.ar\/inicio\/#organization\"},\"potentialAction\":[{\"@type\":\"SearchAction\",\"target\":{\"@type\":\"EntryPoint\",\"urlTemplate\":\"https:\/\/gysfm.com.ar\/inicio\/?s={search_term_string}\"},\"query-input\":{\"@type\":\"PropertyValueSpecification\",\"valueRequired\":true,\"valueName\":\"search_term_string\"}}],\"inLanguage\":\"es\"},{\"@type\":\"Organization\",\"@id\":\"https:\/\/gysfm.com.ar\/inicio\/#organization\",\"name\":\"GYS NOTICIAS |\",\"url\":\"https:\/\/gysfm.com.ar\/inicio\/\",\"logo\":{\"@type\":\"ImageObject\",\"inLanguage\":\"es\",\"@id\":\"https:\/\/gysfm.com.ar\/inicio\/#\/schema\/logo\/image\/\",\"url\":\"https:\/\/gysfm.com.ar\/inicio\/wp-content\/uploads\/2023\/07\/LOGOGYS-OK.png\",\"contentUrl\":\"https:\/\/gysfm.com.ar\/inicio\/wp-content\/uploads\/2023\/07\/LOGOGYS-OK.png\",\"width\":1170,\"height\":872,\"caption\":\"GYS NOTICIAS |\"},\"image\":{\"@id\":\"https:\/\/gysfm.com.ar\/inicio\/#\/schema\/logo\/image\/\"}},{\"@type\":\"Person\",\"@id\":\"https:\/\/gysfm.com.ar\/inicio\/#\/schema\/person\/3abba7593ef2ad19e1be221d54383dc5\",\"name\":\"Prensa G&amp;S FM\",\"image\":{\"@type\":\"ImageObject\",\"inLanguage\":\"es\",\"@id\":\"https:\/\/gysfm.com.ar\/inicio\/#\/schema\/person\/image\/\",\"url\":\"https:\/\/secure.gravatar.com\/avatar\/096ec78df02049ab018702bb4ccedf659377fa92a26540b5247612077a0dbd29?s=96&d=mm&r=g\",\"contentUrl\":\"https:\/\/secure.gravatar.com\/avatar\/096ec78df02049ab018702bb4ccedf659377fa92a26540b5247612077a0dbd29?s=96&d=mm&r=g\",\"caption\":\"Prensa G&amp;S FM\"},\"sameAs\":[\"https:\/\/gysfm.com.ar\/\"],\"url\":\"https:\/\/gysfm.com.ar\/inicio\/author\/lucasm\/\"}]}<\/script>\n<!-- \/ Yoast SEO plugin. -->","yoast_head_json":{"title":"CFK dispar\u00f3 contra Milei tras la cadena nacional: \"Te van a sacar con chaleco de fuerza\" - GYS NOTICIAS |","robots":{"index":"index","follow":"follow","max-snippet":"max-snippet:-1","max-image-preview":"max-image-preview:large","max-video-preview":"max-video-preview:-1"},"canonical":"https:\/\/gysfm.com.ar\/inicio\/cfk-disparo-contra-milei-tras-la-cadena-nacional-te-van-a-sacar-con-chaleco-de-fuerza\/","og_locale":"es_ES","og_type":"article","og_title":"CFK dispar\u00f3 contra Milei tras la cadena nacional: \"Te van a sacar con chaleco de fuerza\" - GYS NOTICIAS |","og_description":"En medio de las repercusiones por la cadena nacional que brind\u00f3 Javier Milei este viernes por la noche, Cristina Fern\u00e1ndez de Kirchner lanz\u00f3 una dura respuesta al presidente a trav\u00e9s de sus redes sociales. La exmandataria replic\u00f3 una de las frases m\u00e1s comentadas del jefe de Estado y le advirti\u00f3: \u00abM\u00c1S QUE CON LOS PIES [&hellip;]","og_url":"https:\/\/gysfm.com.ar\/inicio\/cfk-disparo-contra-milei-tras-la-cadena-nacional-te-van-a-sacar-con-chaleco-de-fuerza\/","og_site_name":"GYS NOTICIAS |","article_published_time":"2025-08-10T08:08:48+00:00","og_image":[{"url":"https:\/\/fotos.perfil.com\/\/2025\/08\/09\/900\/0\/cristina-kirchner-contra-javier-milei-2077387.jpg?webp","type":"","width":"","height":""}],"author":"Prensa G&amp;S FM","twitter_card":"summary_large_image","twitter_misc":{"Escrito por":"Prensa G&amp;S FM","Tiempo de lectura":"5 minutos"},"schema":{"@context":"https:\/\/schema.org","@graph":[{"@type":"Article","@id":"https:\/\/gysfm.com.ar\/inicio\/cfk-disparo-contra-milei-tras-la-cadena-nacional-te-van-a-sacar-con-chaleco-de-fuerza\/#article","isPartOf":{"@id":"https:\/\/gysfm.com.ar\/inicio\/cfk-disparo-contra-milei-tras-la-cadena-nacional-te-van-a-sacar-con-chaleco-de-fuerza\/"},"author":{"name":"Prensa G&amp;S FM","@id":"https:\/\/gysfm.com.ar\/inicio\/#\/schema\/person\/3abba7593ef2ad19e1be221d54383dc5"},"headline":"CFK dispar\u00f3 contra Milei tras la cadena nacional: \u00abTe van a sacar con chaleco de fuerza\u00bb","datePublished":"2025-08-10T08:08:48+00:00","mainEntityOfPage":{"@id":"https:\/\/gysfm.com.ar\/inicio\/cfk-disparo-contra-milei-tras-la-cadena-nacional-te-van-a-sacar-con-chaleco-de-fuerza\/"},"wordCount":921,"publisher":{"@id":"https:\/\/gysfm.com.ar\/inicio\/#organization"},"image":{"@id":"https:\/\/gysfm.com.ar\/inicio\/cfk-disparo-contra-milei-tras-la-cadena-nacional-te-van-a-sacar-con-chaleco-de-fuerza\/#primaryimage"},"thumbnailUrl":"https:\/\/gysfm.com.ar\/inicio\/wp-content\/uploads\/2025\/08\/cristina-fernandez-2054162.jpg","articleSection":["NACIONALES"],"inLanguage":"es"},{"@type":"WebPage","@id":"https:\/\/gysfm.com.ar\/inicio\/cfk-disparo-contra-milei-tras-la-cadena-nacional-te-van-a-sacar-con-chaleco-de-fuerza\/","url":"https:\/\/gysfm.com.ar\/inicio\/cfk-disparo-contra-milei-tras-la-cadena-nacional-te-van-a-sacar-con-chaleco-de-fuerza\/","name":"CFK dispar\u00f3 contra Milei tras la cadena nacional: \"Te van a sacar con chaleco de fuerza\" - GYS NOTICIAS |","isPartOf":{"@id":"https:\/\/gysfm.com.ar\/inicio\/#website"},"primaryImageOfPage":{"@id":"https:\/\/gysfm.com.ar\/inicio\/cfk-disparo-contra-milei-tras-la-cadena-nacional-te-van-a-sacar-con-chaleco-de-fuerza\/#primaryimage"},"image":{"@id":"https:\/\/gysfm.com.ar\/inicio\/cfk-disparo-contra-milei-tras-la-cadena-nacional-te-van-a-sacar-con-chaleco-de-fuerza\/#primaryimage"},"thumbnailUrl":"https:\/\/gysfm.com.ar\/inicio\/wp-content\/uploads\/2025\/08\/cristina-fernandez-2054162.jpg","datePublished":"2025-08-10T08:08:48+00:00","breadcrumb":{"@id":"https:\/\/gysfm.com.ar\/inicio\/cfk-disparo-contra-milei-tras-la-cadena-nacional-te-van-a-sacar-con-chaleco-de-fuerza\/#breadcrumb"},"inLanguage":"es","potentialAction":[{"@type":"ReadAction","target":["https:\/\/gysfm.com.ar\/inicio\/cfk-disparo-contra-milei-tras-la-cadena-nacional-te-van-a-sacar-con-chaleco-de-fuerza\/"]}]},{"@type":"ImageObject","inLanguage":"es","@id":"https:\/\/gysfm.com.ar\/inicio\/cfk-disparo-contra-milei-tras-la-cadena-nacional-te-van-a-sacar-con-chaleco-de-fuerza\/#primaryimage","url":"https:\/\/gysfm.com.ar\/inicio\/wp-content\/uploads\/2025\/08\/cristina-fernandez-2054162.jpg","contentUrl":"https:\/\/gysfm.com.ar\/inicio\/wp-content\/uploads\/2025\/08\/cristina-fernandez-2054162.jpg","width":1140,"height":641},{"@type":"BreadcrumbList","@id":"https:\/\/gysfm.com.ar\/inicio\/cfk-disparo-contra-milei-tras-la-cadena-nacional-te-van-a-sacar-con-chaleco-de-fuerza\/#breadcrumb","itemListElement":[{"@type":"ListItem","position":1,"name":"Portada","item":"https:\/\/gysfm.com.ar\/inicio\/"},{"@type":"ListItem","position":2,"name":"CFK dispar\u00f3 contra Milei tras la cadena nacional: \u00abTe van a sacar con chaleco de fuerza\u00bb"}]},{"@type":"WebSite","@id":"https:\/\/gysfm.com.ar\/inicio\/#website","url":"https:\/\/gysfm.com.ar\/inicio\/","name":"GYS NOTICIAS |","description":"DIARIO - RADIO ONLINE SAN JUAN ARGENTINA","publisher":{"@id":"https:\/\/gysfm.com.ar\/inicio\/#organization"},"potentialAction":[{"@type":"SearchAction","target":{"@type":"EntryPoint","urlTemplate":"https:\/\/gysfm.com.ar\/inicio\/?s={search_term_string}"},"query-input":{"@type":"PropertyValueSpecification","valueRequired":true,"valueName":"search_term_string"}}],"inLanguage":"es"},{"@type":"Organization","@id":"https:\/\/gysfm.com.ar\/inicio\/#organization","name":"GYS NOTICIAS |","url":"https:\/\/gysfm.com.ar\/inicio\/","logo":{"@type":"ImageObject","inLanguage":"es","@id":"https:\/\/gysfm.com.ar\/inicio\/#\/schema\/logo\/image\/","url":"https:\/\/gysfm.com.ar\/inicio\/wp-content\/uploads\/2023\/07\/LOGOGYS-OK.png","contentUrl":"https:\/\/gysfm.com.ar\/inicio\/wp-content\/uploads\/2023\/07\/LOGOGYS-OK.png","width":1170,"height":872,"caption":"GYS NOTICIAS |"},"image":{"@id":"https:\/\/gysfm.com.ar\/inicio\/#\/schema\/logo\/image\/"}},{"@type":"Person","@id":"https:\/\/gysfm.com.ar\/inicio\/#\/schema\/person\/3abba7593ef2ad19e1be221d54383dc5","name":"Prensa G&amp;S FM","image":{"@type":"ImageObject","inLanguage":"es","@id":"https:\/\/gysfm.com.ar\/inicio\/#\/schema\/person\/image\/","url":"https:\/\/secure.gravatar.com\/avatar\/096ec78df02049ab018702bb4ccedf659377fa92a26540b5247612077a0dbd29?s=96&d=mm&r=g","contentUrl":"https:\/\/secure.gravatar.com\/avatar\/096ec78df02049ab018702bb4ccedf659377fa92a26540b5247612077a0dbd29?s=96&d=mm&r=g","caption":"Prensa G&amp;S FM"},"sameAs":["https:\/\/gysfm.com.ar\/"],"url":"https:\/\/gysfm.com.ar\/inicio\/author\/lucasm\/"}]}},"_links":{"self":[{"href":"https:\/\/gysfm.com.ar\/inicio\/wp-json\/wp\/v2\/posts\/142884","targetHints":{"allow":["GET"]}}],"collection":[{"href":"https:\/\/gysfm.com.ar\/inicio\/wp-json\/wp\/v2\/posts"}],"about":[{"href":"https:\/\/gysfm.com.ar\/inicio\/wp-json\/wp\/v2\/types\/post"}],"author":[{"embeddable":true,"href":"https:\/\/gysfm.com.ar\/inicio\/wp-json\/wp\/v2\/users\/2"}],"replies":[{"embeddable":true,"href":"https:\/\/gysfm.com.ar\/inicio\/wp-json\/wp\/v2\/comments?post=142884"}],"version-history":[{"count":0,"href":"https:\/\/gysfm.com.ar\/inicio\/wp-json\/wp\/v2\/posts\/142884\/revisions"}],"wp:featuredmedia":[{"embeddable":true,"href":"https:\/\/gysfm.com.ar\/inicio\/wp-json\/wp\/v2\/media\/142885"}],"wp:attachment":[{"href":"https:\/\/gysfm.com.ar\/inicio\/wp-json\/wp\/v2\/media?parent=142884"}],"wp:term":[{"taxonomy":"category","embeddable":true,"href":"https:\/\/gysfm.com.ar\/inicio\/wp-json\/wp\/v2\/categories?post=142884"},{"taxonomy":"post_tag","embeddable":true,"href":"https:\/\/gysfm.com.ar\/inicio\/wp-json\/wp\/v2\/tags?post=142884"}],"curies":[{"name":"wp","href":"https:\/\/api.w.org\/{rel}","templated":true}]}}