{"id":142875,"date":"2025-08-10T04:05:12","date_gmt":"2025-08-10T07:05:12","guid":{"rendered":"https:\/\/gysfm.com.ar\/inicio\/estaba-muy-solo-en-el-medio-la-critica-de-leandro-paredes-tras-el-empate-1-1-entre-boca-y-racing\/"},"modified":"2025-08-10T04:05:12","modified_gmt":"2025-08-10T07:05:12","slug":"estaba-muy-solo-en-el-medio-la-critica-de-leandro-paredes-tras-el-empate-1-1-entre-boca-y-racing","status":"publish","type":"post","link":"https:\/\/gysfm.com.ar\/inicio\/estaba-muy-solo-en-el-medio-la-critica-de-leandro-paredes-tras-el-empate-1-1-entre-boca-y-racing\/","title":{"rendered":"\u00abEstaba muy solo en el medio\u00bb: La critica de Leandro Paredes tras el empate 1-1 entre Boca y Racing"},"content":{"rendered":"<p><\/p>\n<div>\n<p><a target=\"_blank\" href=\"https:\/\/442.perfil.com\/noticias\/futbol\/boca-vs-racing-por-el-torneo-clausura-2025.phtml\">Tras el empate 1-1 frente a Racing<\/a>, Leandro Paredes habl\u00f3 sobre el rendimiento del equipo y dej\u00f3 en claro que, pese a la mejora en el juego, el resultado no fue el esperado:<strong> \u201cCreo que m\u00e1s all\u00e1 de los primeros minutos del primer tiempo hicimos un buen partido, generando muchas ocasiones y errando mucho. Hay que seguir mejorando, levantar la cabeza, trabajar y pensar en lo que viene\u201d<\/strong>, expres\u00f3 el mediocampista.<\/p>\n<p>Paredes se\u00f1al\u00f3 que la mayor presencia ofensiva les permiti\u00f3 generar m\u00e1s situaciones, aunque reconoci\u00f3 que el inicio del encuentro fue complicado:<strong> \u201cSufrimos un poco el primer tiempo porque estaba muy solo en el medio, pero despu\u00e9s nos acomodamos y pudimos mejorar\u201d.<\/strong><\/p>\n<p class=\"destacadoNota\"><a target=\"_blank\" href=\"https:\/\/442.perfil.com\/noticias\/futbol\/arranca-la-cuarta-fecha-del-torneo-clausura-que-partidos-se-juegan-este-jueves-7-de-agosto.phtml\">Contin\u00faa la cuarta fecha del Torneo Clausura: qu\u00e9 partidos se juegan este s\u00e1bado 9 de agosto<\/a><\/p>\n<p>El jugador remarc\u00f3 la intenci\u00f3n del plantel de cortar la racha sin triunfos: <strong>\u201cQueremos ganar siempre, quer\u00edamos salir de este momento. Hicimos todo para tener la victoria, pero nos vamos con un sabor amargo\u201d.<\/strong><\/p>\n<p><iframe id=\"vrudo\" class=\"vrudo\" src=\"https:\/\/rudo.video\/vod\/bUKRtW?volume=0\" width=\"100%\" height=\"100%\" allowscriptaccess=\"always\" allowfullscreen=\"true\" webkitallowfullscreen=\"true\" frameborder=\"0\" scrolling=\"no\" allow=\"autoplay; fullscreen\" loading=\"lazy\"><\/iframe><\/p>\n<h2><strong>Paredes, la gran figura<\/strong><\/h2>\n<p>El mediocampista campe\u00f3n del mundo<strong> tuvo otro gran partido y lider\u00f3 muchas estad\u00edsticas:\u00a0<\/strong>Recibi\u00f3<strong> tres faltas, tres quites,<\/strong>\u00a0realiz\u00f3 <strong>seis recuperaciones, siete oportunidades <\/strong>creadas y realiz\u00f3 <strong>la asistencia del gol.<\/strong><\/p>\n<p>De todas maneras se mostr\u00f3 critico ante el nivel de Boca y sus palabras criticas seguramente <strong>hagan eco en la semana de boca, nuevamente sin actividad y con la vigencia de la peor racha sin ganar de la historia.<\/strong><\/p>\n<p><strong><em>LT.<\/em><\/strong><\/p>\n<p>\t\t\t\t\t<!-- tags --><\/p><\/div>\n<p><script async defer crossorigin=\"anonymous\" src=\"https:\/\/connect.facebook.net\/es_LA\/sdk.js#xfbml=1&#038;version=v10.0&#038;appId=2243118389309392&#038;autoLogAppEvents=1\" nonce=\"9rD4vd6X\"><\/script><\/p>\n","protected":false},"excerpt":{"rendered":"<p>Tras el empate 1-1 frente a Racing, Leandro Paredes habl\u00f3 sobre el rendimiento del equipo y dej\u00f3 en claro que, pese a la mejora en el juego, el resultado no fue el esperado: \u201cCreo que m\u00e1s all\u00e1 de los primeros minutos del primer tiempo hicimos un buen partido, generando muchas ocasiones y errando mucho. Hay [&hellip;]<\/p>\n","protected":false},"author":2,"featured_media":142876,"comment_status":"closed","ping_status":"closed","sticky":false,"template":"","format":"standard","meta":{"footnotes":""},"categories":[25],"tags":[],"class_list":["post-142875","post","type-post","status-publish","format-standard","has-post-thumbnail","hentry","category-nacionales"],"yoast_head":"<!-- This site is optimized with the Yoast SEO plugin v24.4 - https:\/\/yoast.com\/wordpress\/plugins\/seo\/ -->\n<title>&quot;Estaba muy solo en el medio&quot;: La critica de Leandro Paredes tras el empate 1-1 entre Boca y Racing - GYS NOTICIAS |<\/title>\n<meta name=\"robots\" content=\"index, follow, max-snippet:-1, max-image-preview:large, max-video-preview:-1\" \/>\n<link rel=\"canonical\" href=\"https:\/\/gysfm.com.ar\/inicio\/estaba-muy-solo-en-el-medio-la-critica-de-leandro-paredes-tras-el-empate-1-1-entre-boca-y-racing\/\" \/>\n<meta property=\"og:locale\" content=\"es_ES\" \/>\n<meta property=\"og:type\" content=\"article\" \/>\n<meta property=\"og:title\" content=\"&quot;Estaba muy solo en el medio&quot;: La critica de Leandro Paredes tras el empate 1-1 entre Boca y Racing - GYS NOTICIAS |\" \/>\n<meta property=\"og:description\" content=\"Tras el empate 1-1 frente a Racing, Leandro Paredes habl\u00f3 sobre el rendimiento del equipo y dej\u00f3 en claro que, pese a la mejora en el juego, el resultado no fue el esperado: \u201cCreo que m\u00e1s all\u00e1 de los primeros minutos del primer tiempo hicimos un buen partido, generando muchas ocasiones y errando mucho. Hay [&hellip;]\" \/>\n<meta property=\"og:url\" content=\"https:\/\/gysfm.com.ar\/inicio\/estaba-muy-solo-en-el-medio-la-critica-de-leandro-paredes-tras-el-empate-1-1-entre-boca-y-racing\/\" \/>\n<meta property=\"og:site_name\" content=\"GYS NOTICIAS |\" \/>\n<meta property=\"article:published_time\" content=\"2025-08-10T07:05:12+00:00\" \/>\n<meta name=\"author\" content=\"Prensa G&amp;S FM\" \/>\n<meta name=\"twitter:card\" content=\"summary_large_image\" \/>\n<meta name=\"twitter:label1\" content=\"Escrito por\" \/>\n\t<meta name=\"twitter:data1\" content=\"Prensa G&amp;S FM\" \/>\n\t<meta name=\"twitter:label2\" content=\"Tiempo de lectura\" \/>\n\t<meta name=\"twitter:data2\" content=\"1 minuto\" \/>\n<script type=\"application\/ld+json\" class=\"yoast-schema-graph\">{\"@context\":\"https:\/\/schema.org\",\"@graph\":[{\"@type\":\"Article\",\"@id\":\"https:\/\/gysfm.com.ar\/inicio\/estaba-muy-solo-en-el-medio-la-critica-de-leandro-paredes-tras-el-empate-1-1-entre-boca-y-racing\/#article\",\"isPartOf\":{\"@id\":\"https:\/\/gysfm.com.ar\/inicio\/estaba-muy-solo-en-el-medio-la-critica-de-leandro-paredes-tras-el-empate-1-1-entre-boca-y-racing\/\"},\"author\":{\"name\":\"Prensa G&amp;S FM\",\"@id\":\"https:\/\/gysfm.com.ar\/inicio\/#\/schema\/person\/3abba7593ef2ad19e1be221d54383dc5\"},\"headline\":\"\u00abEstaba muy solo en el medio\u00bb: La critica de Leandro Paredes tras el empate 1-1 entre Boca y Racing\",\"datePublished\":\"2025-08-10T07:05:12+00:00\",\"mainEntityOfPage\":{\"@id\":\"https:\/\/gysfm.com.ar\/inicio\/estaba-muy-solo-en-el-medio-la-critica-de-leandro-paredes-tras-el-empate-1-1-entre-boca-y-racing\/\"},\"wordCount\":264,\"publisher\":{\"@id\":\"https:\/\/gysfm.com.ar\/inicio\/#organization\"},\"image\":{\"@id\":\"https:\/\/gysfm.com.ar\/inicio\/estaba-muy-solo-en-el-medio-la-critica-de-leandro-paredes-tras-el-empate-1-1-entre-boca-y-racing\/#primaryimage\"},\"thumbnailUrl\":\"https:\/\/gysfm.com.ar\/inicio\/wp-content\/uploads\/2025\/08\/paredes-vs-racing-2077460.jpg\",\"articleSection\":[\"NACIONALES\"],\"inLanguage\":\"es\"},{\"@type\":\"WebPage\",\"@id\":\"https:\/\/gysfm.com.ar\/inicio\/estaba-muy-solo-en-el-medio-la-critica-de-leandro-paredes-tras-el-empate-1-1-entre-boca-y-racing\/\",\"url\":\"https:\/\/gysfm.com.ar\/inicio\/estaba-muy-solo-en-el-medio-la-critica-de-leandro-paredes-tras-el-empate-1-1-entre-boca-y-racing\/\",\"name\":\"\\\"Estaba muy solo en el medio\\\": La critica de Leandro Paredes tras el empate 1-1 entre Boca y Racing - GYS NOTICIAS |\",\"isPartOf\":{\"@id\":\"https:\/\/gysfm.com.ar\/inicio\/#website\"},\"primaryImageOfPage\":{\"@id\":\"https:\/\/gysfm.com.ar\/inicio\/estaba-muy-solo-en-el-medio-la-critica-de-leandro-paredes-tras-el-empate-1-1-entre-boca-y-racing\/#primaryimage\"},\"image\":{\"@id\":\"https:\/\/gysfm.com.ar\/inicio\/estaba-muy-solo-en-el-medio-la-critica-de-leandro-paredes-tras-el-empate-1-1-entre-boca-y-racing\/#primaryimage\"},\"thumbnailUrl\":\"https:\/\/gysfm.com.ar\/inicio\/wp-content\/uploads\/2025\/08\/paredes-vs-racing-2077460.jpg\",\"datePublished\":\"2025-08-10T07:05:12+00:00\",\"breadcrumb\":{\"@id\":\"https:\/\/gysfm.com.ar\/inicio\/estaba-muy-solo-en-el-medio-la-critica-de-leandro-paredes-tras-el-empate-1-1-entre-boca-y-racing\/#breadcrumb\"},\"inLanguage\":\"es\",\"potentialAction\":[{\"@type\":\"ReadAction\",\"target\":[\"https:\/\/gysfm.com.ar\/inicio\/estaba-muy-solo-en-el-medio-la-critica-de-leandro-paredes-tras-el-empate-1-1-entre-boca-y-racing\/\"]}]},{\"@type\":\"ImageObject\",\"inLanguage\":\"es\",\"@id\":\"https:\/\/gysfm.com.ar\/inicio\/estaba-muy-solo-en-el-medio-la-critica-de-leandro-paredes-tras-el-empate-1-1-entre-boca-y-racing\/#primaryimage\",\"url\":\"https:\/\/gysfm.com.ar\/inicio\/wp-content\/uploads\/2025\/08\/paredes-vs-racing-2077460.jpg\",\"contentUrl\":\"https:\/\/gysfm.com.ar\/inicio\/wp-content\/uploads\/2025\/08\/paredes-vs-racing-2077460.jpg\",\"width\":1140,\"height\":641},{\"@type\":\"BreadcrumbList\",\"@id\":\"https:\/\/gysfm.com.ar\/inicio\/estaba-muy-solo-en-el-medio-la-critica-de-leandro-paredes-tras-el-empate-1-1-entre-boca-y-racing\/#breadcrumb\",\"itemListElement\":[{\"@type\":\"ListItem\",\"position\":1,\"name\":\"Portada\",\"item\":\"https:\/\/gysfm.com.ar\/inicio\/\"},{\"@type\":\"ListItem\",\"position\":2,\"name\":\"\u00abEstaba muy solo en el medio\u00bb: La critica de Leandro Paredes tras el empate 1-1 entre Boca y Racing\"}]},{\"@type\":\"WebSite\",\"@id\":\"https:\/\/gysfm.com.ar\/inicio\/#website\",\"url\":\"https:\/\/gysfm.com.ar\/inicio\/\",\"name\":\"GYS NOTICIAS |\",\"description\":\"DIARIO - RADIO ONLINE SAN JUAN ARGENTINA\",\"publisher\":{\"@id\":\"https:\/\/gysfm.com.ar\/inicio\/#organization\"},\"potentialAction\":[{\"@type\":\"SearchAction\",\"target\":{\"@type\":\"EntryPoint\",\"urlTemplate\":\"https:\/\/gysfm.com.ar\/inicio\/?s={search_term_string}\"},\"query-input\":{\"@type\":\"PropertyValueSpecification\",\"valueRequired\":true,\"valueName\":\"search_term_string\"}}],\"inLanguage\":\"es\"},{\"@type\":\"Organization\",\"@id\":\"https:\/\/gysfm.com.ar\/inicio\/#organization\",\"name\":\"GYS NOTICIAS |\",\"url\":\"https:\/\/gysfm.com.ar\/inicio\/\",\"logo\":{\"@type\":\"ImageObject\",\"inLanguage\":\"es\",\"@id\":\"https:\/\/gysfm.com.ar\/inicio\/#\/schema\/logo\/image\/\",\"url\":\"https:\/\/gysfm.com.ar\/inicio\/wp-content\/uploads\/2023\/07\/LOGOGYS-OK.png\",\"contentUrl\":\"https:\/\/gysfm.com.ar\/inicio\/wp-content\/uploads\/2023\/07\/LOGOGYS-OK.png\",\"width\":1170,\"height\":872,\"caption\":\"GYS NOTICIAS |\"},\"image\":{\"@id\":\"https:\/\/gysfm.com.ar\/inicio\/#\/schema\/logo\/image\/\"}},{\"@type\":\"Person\",\"@id\":\"https:\/\/gysfm.com.ar\/inicio\/#\/schema\/person\/3abba7593ef2ad19e1be221d54383dc5\",\"name\":\"Prensa G&amp;S FM\",\"image\":{\"@type\":\"ImageObject\",\"inLanguage\":\"es\",\"@id\":\"https:\/\/gysfm.com.ar\/inicio\/#\/schema\/person\/image\/\",\"url\":\"https:\/\/secure.gravatar.com\/avatar\/096ec78df02049ab018702bb4ccedf659377fa92a26540b5247612077a0dbd29?s=96&d=mm&r=g\",\"contentUrl\":\"https:\/\/secure.gravatar.com\/avatar\/096ec78df02049ab018702bb4ccedf659377fa92a26540b5247612077a0dbd29?s=96&d=mm&r=g\",\"caption\":\"Prensa G&amp;S FM\"},\"sameAs\":[\"https:\/\/gysfm.com.ar\/\"],\"url\":\"https:\/\/gysfm.com.ar\/inicio\/author\/lucasm\/\"}]}<\/script>\n<!-- \/ Yoast SEO plugin. -->","yoast_head_json":{"title":"\"Estaba muy solo en el medio\": La critica de Leandro Paredes tras el empate 1-1 entre Boca y Racing - GYS NOTICIAS |","robots":{"index":"index","follow":"follow","max-snippet":"max-snippet:-1","max-image-preview":"max-image-preview:large","max-video-preview":"max-video-preview:-1"},"canonical":"https:\/\/gysfm.com.ar\/inicio\/estaba-muy-solo-en-el-medio-la-critica-de-leandro-paredes-tras-el-empate-1-1-entre-boca-y-racing\/","og_locale":"es_ES","og_type":"article","og_title":"\"Estaba muy solo en el medio\": La critica de Leandro Paredes tras el empate 1-1 entre Boca y Racing - GYS NOTICIAS |","og_description":"Tras el empate 1-1 frente a Racing, Leandro Paredes habl\u00f3 sobre el rendimiento del equipo y dej\u00f3 en claro que, pese a la mejora en el juego, el resultado no fue el esperado: \u201cCreo que m\u00e1s all\u00e1 de los primeros minutos del primer tiempo hicimos un buen partido, generando muchas ocasiones y errando mucho. Hay [&hellip;]","og_url":"https:\/\/gysfm.com.ar\/inicio\/estaba-muy-solo-en-el-medio-la-critica-de-leandro-paredes-tras-el-empate-1-1-entre-boca-y-racing\/","og_site_name":"GYS NOTICIAS |","article_published_time":"2025-08-10T07:05:12+00:00","author":"Prensa G&amp;S FM","twitter_card":"summary_large_image","twitter_misc":{"Escrito por":"Prensa G&amp;S FM","Tiempo de lectura":"1 minuto"},"schema":{"@context":"https:\/\/schema.org","@graph":[{"@type":"Article","@id":"https:\/\/gysfm.com.ar\/inicio\/estaba-muy-solo-en-el-medio-la-critica-de-leandro-paredes-tras-el-empate-1-1-entre-boca-y-racing\/#article","isPartOf":{"@id":"https:\/\/gysfm.com.ar\/inicio\/estaba-muy-solo-en-el-medio-la-critica-de-leandro-paredes-tras-el-empate-1-1-entre-boca-y-racing\/"},"author":{"name":"Prensa G&amp;S FM","@id":"https:\/\/gysfm.com.ar\/inicio\/#\/schema\/person\/3abba7593ef2ad19e1be221d54383dc5"},"headline":"\u00abEstaba muy solo en el medio\u00bb: La critica de Leandro Paredes tras el empate 1-1 entre Boca y Racing","datePublished":"2025-08-10T07:05:12+00:00","mainEntityOfPage":{"@id":"https:\/\/gysfm.com.ar\/inicio\/estaba-muy-solo-en-el-medio-la-critica-de-leandro-paredes-tras-el-empate-1-1-entre-boca-y-racing\/"},"wordCount":264,"publisher":{"@id":"https:\/\/gysfm.com.ar\/inicio\/#organization"},"image":{"@id":"https:\/\/gysfm.com.ar\/inicio\/estaba-muy-solo-en-el-medio-la-critica-de-leandro-paredes-tras-el-empate-1-1-entre-boca-y-racing\/#primaryimage"},"thumbnailUrl":"https:\/\/gysfm.com.ar\/inicio\/wp-content\/uploads\/2025\/08\/paredes-vs-racing-2077460.jpg","articleSection":["NACIONALES"],"inLanguage":"es"},{"@type":"WebPage","@id":"https:\/\/gysfm.com.ar\/inicio\/estaba-muy-solo-en-el-medio-la-critica-de-leandro-paredes-tras-el-empate-1-1-entre-boca-y-racing\/","url":"https:\/\/gysfm.com.ar\/inicio\/estaba-muy-solo-en-el-medio-la-critica-de-leandro-paredes-tras-el-empate-1-1-entre-boca-y-racing\/","name":"\"Estaba muy solo en el medio\": La critica de Leandro Paredes tras el empate 1-1 entre Boca y Racing - GYS NOTICIAS |","isPartOf":{"@id":"https:\/\/gysfm.com.ar\/inicio\/#website"},"primaryImageOfPage":{"@id":"https:\/\/gysfm.com.ar\/inicio\/estaba-muy-solo-en-el-medio-la-critica-de-leandro-paredes-tras-el-empate-1-1-entre-boca-y-racing\/#primaryimage"},"image":{"@id":"https:\/\/gysfm.com.ar\/inicio\/estaba-muy-solo-en-el-medio-la-critica-de-leandro-paredes-tras-el-empate-1-1-entre-boca-y-racing\/#primaryimage"},"thumbnailUrl":"https:\/\/gysfm.com.ar\/inicio\/wp-content\/uploads\/2025\/08\/paredes-vs-racing-2077460.jpg","datePublished":"2025-08-10T07:05:12+00:00","breadcrumb":{"@id":"https:\/\/gysfm.com.ar\/inicio\/estaba-muy-solo-en-el-medio-la-critica-de-leandro-paredes-tras-el-empate-1-1-entre-boca-y-racing\/#breadcrumb"},"inLanguage":"es","potentialAction":[{"@type":"ReadAction","target":["https:\/\/gysfm.com.ar\/inicio\/estaba-muy-solo-en-el-medio-la-critica-de-leandro-paredes-tras-el-empate-1-1-entre-boca-y-racing\/"]}]},{"@type":"ImageObject","inLanguage":"es","@id":"https:\/\/gysfm.com.ar\/inicio\/estaba-muy-solo-en-el-medio-la-critica-de-leandro-paredes-tras-el-empate-1-1-entre-boca-y-racing\/#primaryimage","url":"https:\/\/gysfm.com.ar\/inicio\/wp-content\/uploads\/2025\/08\/paredes-vs-racing-2077460.jpg","contentUrl":"https:\/\/gysfm.com.ar\/inicio\/wp-content\/uploads\/2025\/08\/paredes-vs-racing-2077460.jpg","width":1140,"height":641},{"@type":"BreadcrumbList","@id":"https:\/\/gysfm.com.ar\/inicio\/estaba-muy-solo-en-el-medio-la-critica-de-leandro-paredes-tras-el-empate-1-1-entre-boca-y-racing\/#breadcrumb","itemListElement":[{"@type":"ListItem","position":1,"name":"Portada","item":"https:\/\/gysfm.com.ar\/inicio\/"},{"@type":"ListItem","position":2,"name":"\u00abEstaba muy solo en el medio\u00bb: La critica de Leandro Paredes tras el empate 1-1 entre Boca y Racing"}]},{"@type":"WebSite","@id":"https:\/\/gysfm.com.ar\/inicio\/#website","url":"https:\/\/gysfm.com.ar\/inicio\/","name":"GYS NOTICIAS |","description":"DIARIO - RADIO ONLINE SAN JUAN ARGENTINA","publisher":{"@id":"https:\/\/gysfm.com.ar\/inicio\/#organization"},"potentialAction":[{"@type":"SearchAction","target":{"@type":"EntryPoint","urlTemplate":"https:\/\/gysfm.com.ar\/inicio\/?s={search_term_string}"},"query-input":{"@type":"PropertyValueSpecification","valueRequired":true,"valueName":"search_term_string"}}],"inLanguage":"es"},{"@type":"Organization","@id":"https:\/\/gysfm.com.ar\/inicio\/#organization","name":"GYS NOTICIAS |","url":"https:\/\/gysfm.com.ar\/inicio\/","logo":{"@type":"ImageObject","inLanguage":"es","@id":"https:\/\/gysfm.com.ar\/inicio\/#\/schema\/logo\/image\/","url":"https:\/\/gysfm.com.ar\/inicio\/wp-content\/uploads\/2023\/07\/LOGOGYS-OK.png","contentUrl":"https:\/\/gysfm.com.ar\/inicio\/wp-content\/uploads\/2023\/07\/LOGOGYS-OK.png","width":1170,"height":872,"caption":"GYS NOTICIAS |"},"image":{"@id":"https:\/\/gysfm.com.ar\/inicio\/#\/schema\/logo\/image\/"}},{"@type":"Person","@id":"https:\/\/gysfm.com.ar\/inicio\/#\/schema\/person\/3abba7593ef2ad19e1be221d54383dc5","name":"Prensa G&amp;S FM","image":{"@type":"ImageObject","inLanguage":"es","@id":"https:\/\/gysfm.com.ar\/inicio\/#\/schema\/person\/image\/","url":"https:\/\/secure.gravatar.com\/avatar\/096ec78df02049ab018702bb4ccedf659377fa92a26540b5247612077a0dbd29?s=96&d=mm&r=g","contentUrl":"https:\/\/secure.gravatar.com\/avatar\/096ec78df02049ab018702bb4ccedf659377fa92a26540b5247612077a0dbd29?s=96&d=mm&r=g","caption":"Prensa G&amp;S FM"},"sameAs":["https:\/\/gysfm.com.ar\/"],"url":"https:\/\/gysfm.com.ar\/inicio\/author\/lucasm\/"}]}},"_links":{"self":[{"href":"https:\/\/gysfm.com.ar\/inicio\/wp-json\/wp\/v2\/posts\/142875","targetHints":{"allow":["GET"]}}],"collection":[{"href":"https:\/\/gysfm.com.ar\/inicio\/wp-json\/wp\/v2\/posts"}],"about":[{"href":"https:\/\/gysfm.com.ar\/inicio\/wp-json\/wp\/v2\/types\/post"}],"author":[{"embeddable":true,"href":"https:\/\/gysfm.com.ar\/inicio\/wp-json\/wp\/v2\/users\/2"}],"replies":[{"embeddable":true,"href":"https:\/\/gysfm.com.ar\/inicio\/wp-json\/wp\/v2\/comments?post=142875"}],"version-history":[{"count":0,"href":"https:\/\/gysfm.com.ar\/inicio\/wp-json\/wp\/v2\/posts\/142875\/revisions"}],"wp:featuredmedia":[{"embeddable":true,"href":"https:\/\/gysfm.com.ar\/inicio\/wp-json\/wp\/v2\/media\/142876"}],"wp:attachment":[{"href":"https:\/\/gysfm.com.ar\/inicio\/wp-json\/wp\/v2\/media?parent=142875"}],"wp:term":[{"taxonomy":"category","embeddable":true,"href":"https:\/\/gysfm.com.ar\/inicio\/wp-json\/wp\/v2\/categories?post=142875"},{"taxonomy":"post_tag","embeddable":true,"href":"https:\/\/gysfm.com.ar\/inicio\/wp-json\/wp\/v2\/tags?post=142875"}],"curies":[{"name":"wp","href":"https:\/\/api.w.org\/{rel}","templated":true}]}}