{"id":142873,"date":"2025-08-10T03:34:06","date_gmt":"2025-08-10T06:34:06","guid":{"rendered":"https:\/\/gysfm.com.ar\/inicio\/boca-no-levanta-cabeza-empato-con-racing-y-estiro-la-mala-racha-de-partidos-sin-ganar-en-el-torneo\/"},"modified":"2025-08-10T03:34:06","modified_gmt":"2025-08-10T06:34:06","slug":"boca-no-levanta-cabeza-empato-con-racing-y-estiro-la-mala-racha-de-partidos-sin-ganar-en-el-torneo","status":"publish","type":"post","link":"https:\/\/gysfm.com.ar\/inicio\/boca-no-levanta-cabeza-empato-con-racing-y-estiro-la-mala-racha-de-partidos-sin-ganar-en-el-torneo\/","title":{"rendered":"Boca no levanta cabeza: empat\u00f3 con Racing y estir\u00f3 la mala racha de partidos sin ganar en el torneo"},"content":{"rendered":"<p><\/p>\n<div>\n<p>S\u00faper s\u00e1bado de f\u00fatbol argentino:<strong> <a target=\"_blank\" href=\"https:\/\/442.perfil.com\/noticias\/futbol\/racing-freno-el-pase-y-genero-un-caos-en-boca-marcos-rojo-no-estaria-habilitado-para-el-torneo-clausura.phtml\">Boca <\/a>y <a target=\"_blank\" href=\"https:\/\/442.perfil.com\/noticias\/futbol\/boca-river-independiente-y-racing-preparan-sus-equipos-para-el-sabado-de-clasicos.phtml\">Racing <\/a><\/strong>se vieron las caras\u00a0en un cl\u00e1sico que termin\u00f3 1 a 1 y que se jug\u00f3 en el marco de la\u00a0<strong>cuarta jornada del <a target=\"_blank\" href=\"https:\/\/442.perfil.com\/noticias\/futbol\/arranca-la-cuarta-fecha-del-torneo-clausura-que-partidos-se-juegan-este-jueves-7-de-agosto.phtml\">Torneo Clausura<\/a>.<\/strong><\/p>\n<p>Las incidencias del encuentro comenzaron con una propuesta ofensiva de<strong>l<\/strong><em><strong> Xeneize<\/strong><\/em> que pudo llegar al arco de <strong>Cambeses<\/strong>. Buen arranque del equipo de <strong>Russo.<\/strong><\/p>\n<p class=\"destacadoNota\"><a target=\"_blank\" href=\"https:\/\/442.perfil.com\/noticias\/futbol\/arranca-la-cuarta-fecha-del-torneo-clausura-que-partidos-se-juegan-este-jueves-7-de-agosto.phtml\">Contin\u00faa la cuarta fecha del Torneo Clausura: qu\u00e9 partidos se juegan este s\u00e1bado 9 de agosto<\/a><\/p>\n<p>Sobre el minuto 15, la visita pudo mejorar su rendimiento con un trabajo prolijo de <strong>Duv\u00e1n Vergara.<\/strong> Los de Avellaneda marcan la diferencia en varios espacios del campo para la apertura del marcador.<\/p>\n<p>Posteriormente y en un buen intento, <strong>Cavani <\/strong>pierde el primer gol del local. Por el momento, los visitantes no responden ante un boquense que sabe que debe mejorar su panorama.<\/p>\n<p>Los errores en <strong>Boca<\/strong> efectivamente son aprovechados por los de Avellaneda. <strong>Nardoni y Vergara<\/strong> se asociaron en el campo para buscar el desequilibrio en el arco de <strong>Marches\u00edn.<\/strong><\/p>\n<p>En el minuto 27 sucedi\u00f3 una interesante oportunidad<strong>. Braida <\/strong>tuvo la opci\u00f3n de romper la defensa de <strong>Racing<\/strong>, pero luego los de <strong>Costa<\/strong> pudieron dar el presente con Maravilla Mart\u00ednez y una jugada representativa.<\/p>\n<p>A pocos minutos del final del primer periodo, <strong>Almendra <\/strong>tuvo la oportunidad frente a un buen comportamiento del arquero local, quien asegur\u00f3 el control de la pelota.<\/p>\n<p>El segundo tiempo comenz\u00f3 con una iniciativa constante del equipo de <strong>Russo<\/strong>. Sobre el minuto 62, los de casa llegaron por la izquierda para finalmente generar una oportunidad que no pudo concretar<strong> Cavani.<\/strong><\/p>\n<p>En el 75 llegaron las emociones en La Bombonera. Luego de una transici\u00f3n de pases, <strong>Gabriel Rojas <\/strong>recibi\u00f3 en solitario una pelota con la que pudo vencer el arco de<strong> Marches\u00edn<\/strong> para as\u00ed darle la ventaja al visitante con una estupenda estocada de<strong> Santiago Solari.<\/strong><\/p>\n<p><iframe id=\"vrudo\" class=\"vrudo\" src=\"https:\/\/rudo.video\/vod\/bUKRv2?volume=0\" width=\"100%\" height=\"100%\" allowscriptaccess=\"always\" allowfullscreen=\"true\" webkitallowfullscreen=\"true\" frameborder=\"0\" scrolling=\"no\" allow=\"autoplay; fullscreen\" loading=\"lazy\"><\/iframe><\/p>\n<p>En el 88, <strong>Paredes <\/strong>remat\u00f3 un tiro libre desde la izquierda para encontrar la respuesta en <strong>Gim\u00e9nez,<\/strong> quien emparej\u00f3 el juego.<\/p>\n<p><iframe id=\"vrudo\" class=\"vrudo\" src=\"https:\/\/rudo.video\/vod\/bUKRtW?volume=0\" width=\"100%\" height=\"100%\" allowscriptaccess=\"always\" allowfullscreen=\"true\" webkitallowfullscreen=\"true\" frameborder=\"0\" scrolling=\"no\" allow=\"autoplay; fullscreen\" loading=\"lazy\"><\/iframe><\/p>\n<p>En la siguiente fecha del campeonato, <strong>Racing<\/strong> se medir\u00e1 en su estadio ante <strong>Tigre,<\/strong> mientras que <strong>Boca<\/strong> har\u00e1 los deberes frente a <strong>Independiente Rivadavia <\/strong>de visitante.<\/p>\n<h2>Estad\u00edsticas y Minuto a Minuto<\/h2>\n<p><iframe class=\"df-iframe\" src=\"https:\/\/perfil.datafactory.la\/html\/v3\/minapp\/modules\/futbol\/liveHome\/liveHome.html?channel=deportes.futbol.primeraa.761549&amp;amp&amp;lang=es_LA\" width=\"100%\" height=\"2000\" scrolling=\"auto\" style=\"width: 1px&amp; min-width: 100%&amp; *width: 100%\" loading=\"lazy\"><\/iframe><\/p>\n<p><iframe class=\"df-iframe\" src=\"https:\/\/perfil.datafactory.la\/html\/v3\/minapp\/modules\/futbol\/gamecast\/gamecast.html?channel=deportes.futbol.primeraa.761549&amp;amp&amp;lang=es_LA\" width=\"100%\" height=\"1000\" scrolling=\"auto\" style=\"width: 1px&amp; min-width: 100%&amp; *width: 100%\" loading=\"lazy\"><\/iframe><\/p>\n<p>\u00a0<\/p>\n<p>FMZ<\/p>\n<p>\u00a0<\/p>\n<p>\t\t\t\t\t<!-- tags --><\/p><\/div>\n<p><script async defer crossorigin=\"anonymous\" src=\"https:\/\/connect.facebook.net\/es_LA\/sdk.js#xfbml=1&#038;version=v10.0&#038;appId=2243118389309392&#038;autoLogAppEvents=1\" nonce=\"9rD4vd6X\"><\/script><\/p>\n","protected":false},"excerpt":{"rendered":"<p>S\u00faper s\u00e1bado de f\u00fatbol argentino: Boca y Racing se vieron las caras\u00a0en un cl\u00e1sico que termin\u00f3 1 a 1 y que se jug\u00f3 en el marco de la\u00a0cuarta jornada del Torneo Clausura. Las incidencias del encuentro comenzaron con una propuesta ofensiva del Xeneize que pudo llegar al arco de Cambeses. Buen arranque del equipo de [&hellip;]<\/p>\n","protected":false},"author":2,"featured_media":142874,"comment_status":"closed","ping_status":"closed","sticky":false,"template":"","format":"standard","meta":{"footnotes":""},"categories":[25],"tags":[],"class_list":["post-142873","post","type-post","status-publish","format-standard","has-post-thumbnail","hentry","category-nacionales"],"yoast_head":"<!-- This site is optimized with the Yoast SEO plugin v24.4 - https:\/\/yoast.com\/wordpress\/plugins\/seo\/ -->\n<title>Boca no levanta cabeza: empat\u00f3 con Racing y estir\u00f3 la mala racha de partidos sin ganar en el torneo - GYS NOTICIAS |<\/title>\n<meta name=\"robots\" content=\"index, follow, max-snippet:-1, max-image-preview:large, max-video-preview:-1\" \/>\n<link rel=\"canonical\" href=\"https:\/\/gysfm.com.ar\/inicio\/boca-no-levanta-cabeza-empato-con-racing-y-estiro-la-mala-racha-de-partidos-sin-ganar-en-el-torneo\/\" \/>\n<meta property=\"og:locale\" content=\"es_ES\" \/>\n<meta property=\"og:type\" content=\"article\" \/>\n<meta property=\"og:title\" content=\"Boca no levanta cabeza: empat\u00f3 con Racing y estir\u00f3 la mala racha de partidos sin ganar en el torneo - GYS NOTICIAS |\" \/>\n<meta property=\"og:description\" content=\"S\u00faper s\u00e1bado de f\u00fatbol argentino: Boca y Racing se vieron las caras\u00a0en un cl\u00e1sico que termin\u00f3 1 a 1 y que se jug\u00f3 en el marco de la\u00a0cuarta jornada del Torneo Clausura. Las incidencias del encuentro comenzaron con una propuesta ofensiva del Xeneize que pudo llegar al arco de Cambeses. Buen arranque del equipo de [&hellip;]\" \/>\n<meta property=\"og:url\" content=\"https:\/\/gysfm.com.ar\/inicio\/boca-no-levanta-cabeza-empato-con-racing-y-estiro-la-mala-racha-de-partidos-sin-ganar-en-el-torneo\/\" \/>\n<meta property=\"og:site_name\" content=\"GYS NOTICIAS |\" \/>\n<meta property=\"article:published_time\" content=\"2025-08-10T06:34:06+00:00\" \/>\n<meta name=\"author\" content=\"Prensa G&amp;S FM\" \/>\n<meta name=\"twitter:card\" content=\"summary_large_image\" \/>\n<meta name=\"twitter:label1\" content=\"Escrito por\" \/>\n\t<meta name=\"twitter:data1\" content=\"Prensa G&amp;S FM\" \/>\n\t<meta name=\"twitter:label2\" content=\"Tiempo de lectura\" \/>\n\t<meta name=\"twitter:data2\" content=\"2 minutos\" \/>\n<script type=\"application\/ld+json\" class=\"yoast-schema-graph\">{\"@context\":\"https:\/\/schema.org\",\"@graph\":[{\"@type\":\"Article\",\"@id\":\"https:\/\/gysfm.com.ar\/inicio\/boca-no-levanta-cabeza-empato-con-racing-y-estiro-la-mala-racha-de-partidos-sin-ganar-en-el-torneo\/#article\",\"isPartOf\":{\"@id\":\"https:\/\/gysfm.com.ar\/inicio\/boca-no-levanta-cabeza-empato-con-racing-y-estiro-la-mala-racha-de-partidos-sin-ganar-en-el-torneo\/\"},\"author\":{\"name\":\"Prensa G&amp;S FM\",\"@id\":\"https:\/\/gysfm.com.ar\/inicio\/#\/schema\/person\/3abba7593ef2ad19e1be221d54383dc5\"},\"headline\":\"Boca no levanta cabeza: empat\u00f3 con Racing y estir\u00f3 la mala racha de partidos sin ganar en el torneo\",\"datePublished\":\"2025-08-10T06:34:06+00:00\",\"mainEntityOfPage\":{\"@id\":\"https:\/\/gysfm.com.ar\/inicio\/boca-no-levanta-cabeza-empato-con-racing-y-estiro-la-mala-racha-de-partidos-sin-ganar-en-el-torneo\/\"},\"wordCount\":382,\"publisher\":{\"@id\":\"https:\/\/gysfm.com.ar\/inicio\/#organization\"},\"image\":{\"@id\":\"https:\/\/gysfm.com.ar\/inicio\/boca-no-levanta-cabeza-empato-con-racing-y-estiro-la-mala-racha-de-partidos-sin-ganar-en-el-torneo\/#primaryimage\"},\"thumbnailUrl\":\"https:\/\/gysfm.com.ar\/inicio\/wp-content\/uploads\/2025\/08\/boca-vs-racing-2077501.jpg\",\"articleSection\":[\"NACIONALES\"],\"inLanguage\":\"es\"},{\"@type\":\"WebPage\",\"@id\":\"https:\/\/gysfm.com.ar\/inicio\/boca-no-levanta-cabeza-empato-con-racing-y-estiro-la-mala-racha-de-partidos-sin-ganar-en-el-torneo\/\",\"url\":\"https:\/\/gysfm.com.ar\/inicio\/boca-no-levanta-cabeza-empato-con-racing-y-estiro-la-mala-racha-de-partidos-sin-ganar-en-el-torneo\/\",\"name\":\"Boca no levanta cabeza: empat\u00f3 con Racing y estir\u00f3 la mala racha de partidos sin ganar en el torneo - GYS NOTICIAS |\",\"isPartOf\":{\"@id\":\"https:\/\/gysfm.com.ar\/inicio\/#website\"},\"primaryImageOfPage\":{\"@id\":\"https:\/\/gysfm.com.ar\/inicio\/boca-no-levanta-cabeza-empato-con-racing-y-estiro-la-mala-racha-de-partidos-sin-ganar-en-el-torneo\/#primaryimage\"},\"image\":{\"@id\":\"https:\/\/gysfm.com.ar\/inicio\/boca-no-levanta-cabeza-empato-con-racing-y-estiro-la-mala-racha-de-partidos-sin-ganar-en-el-torneo\/#primaryimage\"},\"thumbnailUrl\":\"https:\/\/gysfm.com.ar\/inicio\/wp-content\/uploads\/2025\/08\/boca-vs-racing-2077501.jpg\",\"datePublished\":\"2025-08-10T06:34:06+00:00\",\"breadcrumb\":{\"@id\":\"https:\/\/gysfm.com.ar\/inicio\/boca-no-levanta-cabeza-empato-con-racing-y-estiro-la-mala-racha-de-partidos-sin-ganar-en-el-torneo\/#breadcrumb\"},\"inLanguage\":\"es\",\"potentialAction\":[{\"@type\":\"ReadAction\",\"target\":[\"https:\/\/gysfm.com.ar\/inicio\/boca-no-levanta-cabeza-empato-con-racing-y-estiro-la-mala-racha-de-partidos-sin-ganar-en-el-torneo\/\"]}]},{\"@type\":\"ImageObject\",\"inLanguage\":\"es\",\"@id\":\"https:\/\/gysfm.com.ar\/inicio\/boca-no-levanta-cabeza-empato-con-racing-y-estiro-la-mala-racha-de-partidos-sin-ganar-en-el-torneo\/#primaryimage\",\"url\":\"https:\/\/gysfm.com.ar\/inicio\/wp-content\/uploads\/2025\/08\/boca-vs-racing-2077501.jpg\",\"contentUrl\":\"https:\/\/gysfm.com.ar\/inicio\/wp-content\/uploads\/2025\/08\/boca-vs-racing-2077501.jpg\",\"width\":1140,\"height\":641},{\"@type\":\"BreadcrumbList\",\"@id\":\"https:\/\/gysfm.com.ar\/inicio\/boca-no-levanta-cabeza-empato-con-racing-y-estiro-la-mala-racha-de-partidos-sin-ganar-en-el-torneo\/#breadcrumb\",\"itemListElement\":[{\"@type\":\"ListItem\",\"position\":1,\"name\":\"Portada\",\"item\":\"https:\/\/gysfm.com.ar\/inicio\/\"},{\"@type\":\"ListItem\",\"position\":2,\"name\":\"Boca no levanta cabeza: empat\u00f3 con Racing y estir\u00f3 la mala racha de partidos sin ganar en el torneo\"}]},{\"@type\":\"WebSite\",\"@id\":\"https:\/\/gysfm.com.ar\/inicio\/#website\",\"url\":\"https:\/\/gysfm.com.ar\/inicio\/\",\"name\":\"GYS NOTICIAS |\",\"description\":\"DIARIO - RADIO ONLINE SAN JUAN ARGENTINA\",\"publisher\":{\"@id\":\"https:\/\/gysfm.com.ar\/inicio\/#organization\"},\"potentialAction\":[{\"@type\":\"SearchAction\",\"target\":{\"@type\":\"EntryPoint\",\"urlTemplate\":\"https:\/\/gysfm.com.ar\/inicio\/?s={search_term_string}\"},\"query-input\":{\"@type\":\"PropertyValueSpecification\",\"valueRequired\":true,\"valueName\":\"search_term_string\"}}],\"inLanguage\":\"es\"},{\"@type\":\"Organization\",\"@id\":\"https:\/\/gysfm.com.ar\/inicio\/#organization\",\"name\":\"GYS NOTICIAS |\",\"url\":\"https:\/\/gysfm.com.ar\/inicio\/\",\"logo\":{\"@type\":\"ImageObject\",\"inLanguage\":\"es\",\"@id\":\"https:\/\/gysfm.com.ar\/inicio\/#\/schema\/logo\/image\/\",\"url\":\"https:\/\/gysfm.com.ar\/inicio\/wp-content\/uploads\/2023\/07\/LOGOGYS-OK.png\",\"contentUrl\":\"https:\/\/gysfm.com.ar\/inicio\/wp-content\/uploads\/2023\/07\/LOGOGYS-OK.png\",\"width\":1170,\"height\":872,\"caption\":\"GYS NOTICIAS |\"},\"image\":{\"@id\":\"https:\/\/gysfm.com.ar\/inicio\/#\/schema\/logo\/image\/\"}},{\"@type\":\"Person\",\"@id\":\"https:\/\/gysfm.com.ar\/inicio\/#\/schema\/person\/3abba7593ef2ad19e1be221d54383dc5\",\"name\":\"Prensa G&amp;S FM\",\"image\":{\"@type\":\"ImageObject\",\"inLanguage\":\"es\",\"@id\":\"https:\/\/gysfm.com.ar\/inicio\/#\/schema\/person\/image\/\",\"url\":\"https:\/\/secure.gravatar.com\/avatar\/096ec78df02049ab018702bb4ccedf659377fa92a26540b5247612077a0dbd29?s=96&d=mm&r=g\",\"contentUrl\":\"https:\/\/secure.gravatar.com\/avatar\/096ec78df02049ab018702bb4ccedf659377fa92a26540b5247612077a0dbd29?s=96&d=mm&r=g\",\"caption\":\"Prensa G&amp;S FM\"},\"sameAs\":[\"https:\/\/gysfm.com.ar\/\"],\"url\":\"https:\/\/gysfm.com.ar\/inicio\/author\/lucasm\/\"}]}<\/script>\n<!-- \/ Yoast SEO plugin. -->","yoast_head_json":{"title":"Boca no levanta cabeza: empat\u00f3 con Racing y estir\u00f3 la mala racha de partidos sin ganar en el torneo - GYS NOTICIAS |","robots":{"index":"index","follow":"follow","max-snippet":"max-snippet:-1","max-image-preview":"max-image-preview:large","max-video-preview":"max-video-preview:-1"},"canonical":"https:\/\/gysfm.com.ar\/inicio\/boca-no-levanta-cabeza-empato-con-racing-y-estiro-la-mala-racha-de-partidos-sin-ganar-en-el-torneo\/","og_locale":"es_ES","og_type":"article","og_title":"Boca no levanta cabeza: empat\u00f3 con Racing y estir\u00f3 la mala racha de partidos sin ganar en el torneo - GYS NOTICIAS |","og_description":"S\u00faper s\u00e1bado de f\u00fatbol argentino: Boca y Racing se vieron las caras\u00a0en un cl\u00e1sico que termin\u00f3 1 a 1 y que se jug\u00f3 en el marco de la\u00a0cuarta jornada del Torneo Clausura. Las incidencias del encuentro comenzaron con una propuesta ofensiva del Xeneize que pudo llegar al arco de Cambeses. Buen arranque del equipo de [&hellip;]","og_url":"https:\/\/gysfm.com.ar\/inicio\/boca-no-levanta-cabeza-empato-con-racing-y-estiro-la-mala-racha-de-partidos-sin-ganar-en-el-torneo\/","og_site_name":"GYS NOTICIAS |","article_published_time":"2025-08-10T06:34:06+00:00","author":"Prensa G&amp;S FM","twitter_card":"summary_large_image","twitter_misc":{"Escrito por":"Prensa G&amp;S FM","Tiempo de lectura":"2 minutos"},"schema":{"@context":"https:\/\/schema.org","@graph":[{"@type":"Article","@id":"https:\/\/gysfm.com.ar\/inicio\/boca-no-levanta-cabeza-empato-con-racing-y-estiro-la-mala-racha-de-partidos-sin-ganar-en-el-torneo\/#article","isPartOf":{"@id":"https:\/\/gysfm.com.ar\/inicio\/boca-no-levanta-cabeza-empato-con-racing-y-estiro-la-mala-racha-de-partidos-sin-ganar-en-el-torneo\/"},"author":{"name":"Prensa G&amp;S FM","@id":"https:\/\/gysfm.com.ar\/inicio\/#\/schema\/person\/3abba7593ef2ad19e1be221d54383dc5"},"headline":"Boca no levanta cabeza: empat\u00f3 con Racing y estir\u00f3 la mala racha de partidos sin ganar en el torneo","datePublished":"2025-08-10T06:34:06+00:00","mainEntityOfPage":{"@id":"https:\/\/gysfm.com.ar\/inicio\/boca-no-levanta-cabeza-empato-con-racing-y-estiro-la-mala-racha-de-partidos-sin-ganar-en-el-torneo\/"},"wordCount":382,"publisher":{"@id":"https:\/\/gysfm.com.ar\/inicio\/#organization"},"image":{"@id":"https:\/\/gysfm.com.ar\/inicio\/boca-no-levanta-cabeza-empato-con-racing-y-estiro-la-mala-racha-de-partidos-sin-ganar-en-el-torneo\/#primaryimage"},"thumbnailUrl":"https:\/\/gysfm.com.ar\/inicio\/wp-content\/uploads\/2025\/08\/boca-vs-racing-2077501.jpg","articleSection":["NACIONALES"],"inLanguage":"es"},{"@type":"WebPage","@id":"https:\/\/gysfm.com.ar\/inicio\/boca-no-levanta-cabeza-empato-con-racing-y-estiro-la-mala-racha-de-partidos-sin-ganar-en-el-torneo\/","url":"https:\/\/gysfm.com.ar\/inicio\/boca-no-levanta-cabeza-empato-con-racing-y-estiro-la-mala-racha-de-partidos-sin-ganar-en-el-torneo\/","name":"Boca no levanta cabeza: empat\u00f3 con Racing y estir\u00f3 la mala racha de partidos sin ganar en el torneo - GYS NOTICIAS |","isPartOf":{"@id":"https:\/\/gysfm.com.ar\/inicio\/#website"},"primaryImageOfPage":{"@id":"https:\/\/gysfm.com.ar\/inicio\/boca-no-levanta-cabeza-empato-con-racing-y-estiro-la-mala-racha-de-partidos-sin-ganar-en-el-torneo\/#primaryimage"},"image":{"@id":"https:\/\/gysfm.com.ar\/inicio\/boca-no-levanta-cabeza-empato-con-racing-y-estiro-la-mala-racha-de-partidos-sin-ganar-en-el-torneo\/#primaryimage"},"thumbnailUrl":"https:\/\/gysfm.com.ar\/inicio\/wp-content\/uploads\/2025\/08\/boca-vs-racing-2077501.jpg","datePublished":"2025-08-10T06:34:06+00:00","breadcrumb":{"@id":"https:\/\/gysfm.com.ar\/inicio\/boca-no-levanta-cabeza-empato-con-racing-y-estiro-la-mala-racha-de-partidos-sin-ganar-en-el-torneo\/#breadcrumb"},"inLanguage":"es","potentialAction":[{"@type":"ReadAction","target":["https:\/\/gysfm.com.ar\/inicio\/boca-no-levanta-cabeza-empato-con-racing-y-estiro-la-mala-racha-de-partidos-sin-ganar-en-el-torneo\/"]}]},{"@type":"ImageObject","inLanguage":"es","@id":"https:\/\/gysfm.com.ar\/inicio\/boca-no-levanta-cabeza-empato-con-racing-y-estiro-la-mala-racha-de-partidos-sin-ganar-en-el-torneo\/#primaryimage","url":"https:\/\/gysfm.com.ar\/inicio\/wp-content\/uploads\/2025\/08\/boca-vs-racing-2077501.jpg","contentUrl":"https:\/\/gysfm.com.ar\/inicio\/wp-content\/uploads\/2025\/08\/boca-vs-racing-2077501.jpg","width":1140,"height":641},{"@type":"BreadcrumbList","@id":"https:\/\/gysfm.com.ar\/inicio\/boca-no-levanta-cabeza-empato-con-racing-y-estiro-la-mala-racha-de-partidos-sin-ganar-en-el-torneo\/#breadcrumb","itemListElement":[{"@type":"ListItem","position":1,"name":"Portada","item":"https:\/\/gysfm.com.ar\/inicio\/"},{"@type":"ListItem","position":2,"name":"Boca no levanta cabeza: empat\u00f3 con Racing y estir\u00f3 la mala racha de partidos sin ganar en el torneo"}]},{"@type":"WebSite","@id":"https:\/\/gysfm.com.ar\/inicio\/#website","url":"https:\/\/gysfm.com.ar\/inicio\/","name":"GYS NOTICIAS |","description":"DIARIO - RADIO ONLINE SAN JUAN ARGENTINA","publisher":{"@id":"https:\/\/gysfm.com.ar\/inicio\/#organization"},"potentialAction":[{"@type":"SearchAction","target":{"@type":"EntryPoint","urlTemplate":"https:\/\/gysfm.com.ar\/inicio\/?s={search_term_string}"},"query-input":{"@type":"PropertyValueSpecification","valueRequired":true,"valueName":"search_term_string"}}],"inLanguage":"es"},{"@type":"Organization","@id":"https:\/\/gysfm.com.ar\/inicio\/#organization","name":"GYS NOTICIAS |","url":"https:\/\/gysfm.com.ar\/inicio\/","logo":{"@type":"ImageObject","inLanguage":"es","@id":"https:\/\/gysfm.com.ar\/inicio\/#\/schema\/logo\/image\/","url":"https:\/\/gysfm.com.ar\/inicio\/wp-content\/uploads\/2023\/07\/LOGOGYS-OK.png","contentUrl":"https:\/\/gysfm.com.ar\/inicio\/wp-content\/uploads\/2023\/07\/LOGOGYS-OK.png","width":1170,"height":872,"caption":"GYS NOTICIAS |"},"image":{"@id":"https:\/\/gysfm.com.ar\/inicio\/#\/schema\/logo\/image\/"}},{"@type":"Person","@id":"https:\/\/gysfm.com.ar\/inicio\/#\/schema\/person\/3abba7593ef2ad19e1be221d54383dc5","name":"Prensa G&amp;S FM","image":{"@type":"ImageObject","inLanguage":"es","@id":"https:\/\/gysfm.com.ar\/inicio\/#\/schema\/person\/image\/","url":"https:\/\/secure.gravatar.com\/avatar\/096ec78df02049ab018702bb4ccedf659377fa92a26540b5247612077a0dbd29?s=96&d=mm&r=g","contentUrl":"https:\/\/secure.gravatar.com\/avatar\/096ec78df02049ab018702bb4ccedf659377fa92a26540b5247612077a0dbd29?s=96&d=mm&r=g","caption":"Prensa G&amp;S FM"},"sameAs":["https:\/\/gysfm.com.ar\/"],"url":"https:\/\/gysfm.com.ar\/inicio\/author\/lucasm\/"}]}},"_links":{"self":[{"href":"https:\/\/gysfm.com.ar\/inicio\/wp-json\/wp\/v2\/posts\/142873","targetHints":{"allow":["GET"]}}],"collection":[{"href":"https:\/\/gysfm.com.ar\/inicio\/wp-json\/wp\/v2\/posts"}],"about":[{"href":"https:\/\/gysfm.com.ar\/inicio\/wp-json\/wp\/v2\/types\/post"}],"author":[{"embeddable":true,"href":"https:\/\/gysfm.com.ar\/inicio\/wp-json\/wp\/v2\/users\/2"}],"replies":[{"embeddable":true,"href":"https:\/\/gysfm.com.ar\/inicio\/wp-json\/wp\/v2\/comments?post=142873"}],"version-history":[{"count":0,"href":"https:\/\/gysfm.com.ar\/inicio\/wp-json\/wp\/v2\/posts\/142873\/revisions"}],"wp:featuredmedia":[{"embeddable":true,"href":"https:\/\/gysfm.com.ar\/inicio\/wp-json\/wp\/v2\/media\/142874"}],"wp:attachment":[{"href":"https:\/\/gysfm.com.ar\/inicio\/wp-json\/wp\/v2\/media?parent=142873"}],"wp:term":[{"taxonomy":"category","embeddable":true,"href":"https:\/\/gysfm.com.ar\/inicio\/wp-json\/wp\/v2\/categories?post=142873"},{"taxonomy":"post_tag","embeddable":true,"href":"https:\/\/gysfm.com.ar\/inicio\/wp-json\/wp\/v2\/tags?post=142873"}],"curies":[{"name":"wp","href":"https:\/\/api.w.org\/{rel}","templated":true}]}}