{"id":142870,"date":"2025-08-10T03:22:07","date_gmt":"2025-08-10T06:22:07","guid":{"rendered":"https:\/\/gysfm.com.ar\/inicio\/el-dato-que-preocupa-a-los-propietarios-y-alegra-a-los-vecinos-de-zona-norte\/"},"modified":"2025-08-10T03:22:07","modified_gmt":"2025-08-10T06:22:07","slug":"el-dato-que-preocupa-a-los-propietarios-y-alegra-a-los-vecinos-de-zona-norte","status":"publish","type":"post","link":"https:\/\/gysfm.com.ar\/inicio\/el-dato-que-preocupa-a-los-propietarios-y-alegra-a-los-vecinos-de-zona-norte\/","title":{"rendered":"El dato que preocupa a los propietarios y alegra a los vecinos de zona norte"},"content":{"rendered":"<p><\/p>\n<div>\n<p class=\"com-paragraph  --capital --s\">El <a href=\"https:\/\/www.lanacion.com.ar\/propiedades\/casas-y-departamentos\/alquilar-un-dos-ambientes-en-los-barrios-mas-buscados-ya-supera-los-700000-por-mes-nid30072025\/\" target=\"_self\" title=\"https:\/\/www.lanacion.com.ar\/propiedades\/casas-y-departamentos\/alquilar-un-dos-ambientes-en-los-barrios-mas-buscados-ya-supera-los-700000-por-mes-nid30072025\/\" class=\"com-link break-word\" data-mrf-recirculation=\"n_link_parrafo\"><strong>precio de los alquileres publicados<\/strong><\/a> en las principales plataformas inmobiliarias contin\u00faan <strong>evidenciando incrementos<\/strong>. Este jueves se conoci\u00f3 el aumento que tuvieron en julio los departamentos ofrecidos en la<a href=\"https:\/\/www.lanacion.com.ar\/propiedades\/el-boom-inmobiliario-que-vive-el-brickell-de-zona-norte-y-el-dato-de-que-se-va-a-construir-en-el-ex-nid04062025\/\" target=\"_self\" title=\"https:\/\/www.lanacion.com.ar\/propiedades\/el-boom-inmobiliario-que-vive-el-brickell-de-zona-norte-y-el-dato-de-que-se-va-a-construir-en-el-ex-nid04062025\/\" class=\"com-link break-word\" data-mrf-recirculation=\"n_link_parrafo\"> zona norte del Gran Buenos Aires<\/a>, que <strong>registr\u00f3 el menor n\u00famero en este mes desde el 2020<\/strong>. <\/p>\n<p class=\"com-paragraph   --s\">De esta manera, <strong>los alquileres <\/strong><a href=\"https:\/\/www.lanacion.com.ar\/propiedades\/casas-y-departamentos\/los-precios-de-las-propiedades-en-venta-aumentan-en-zona-norte-pero-hay-barrios-con-oportunidades-nid07072025\/\" target=\"_self\" title=\"https:\/\/www.lanacion.com.ar\/propiedades\/casas-y-departamentos\/los-precios-de-las-propiedades-en-venta-aumentan-en-zona-norte-pero-hay-barrios-con-oportunidades-nid07072025\/\" class=\"com-link break-word\" data-mrf-recirculation=\"n_link_parrafo\"><strong>publicados en la zona<\/strong><\/a><strong> subieron un 1,7%<\/strong> en el s\u00e9ptimo mes del a\u00f1o, y <strong>acumulan 23,2% en 2025<\/strong>, de acuerdo al \u00faltimo relevamiento realizado por Zonaprop. A pesar de que, seg\u00fan los datos de la plataforma, es el menor registro desde la pandemia, <strong>los aumentos contin\u00faan por encima de la inflaci\u00f3n<\/strong> (del 17% en lo que va del a\u00f1o -de acuerdo a las estimaciones del dato de inflaci\u00f3n de julio, que se conocer\u00e1 el 13 de agosto-). Mientras que, al hacer el c\u00e1lculo de los \u00faltimos 12 meses,<strong> los valores de los alquileres subieron un 50,7%.<\/strong><\/p>\n<p class=\"com-paragraph   --s\">Seg\u00fan la plataforma, a diferencia de CABA, <strong>los departamentos grandes son los de mayor incremento de precio en el a\u00f1o<\/strong>. En n\u00fameros concretos, <strong>un departamento de dos ambientes se alquila por $644.540 mensuales<\/strong>, mientras que uno de<strong> tres ambientes tiene un valor de $888.122<\/strong>.<\/p>\n<p class=\"com-paragraph   --s\">Al hacer la comparaci\u00f3n con los precios de la ciudad de Buenos Aires, un dos ambientes promedio se alquila por $668.538, mientras que uno de tres ambientes lo hace por $896.504 mensuales. <strong>N\u00fameros que evidencian valores similares a los de GBA norte<\/strong>. <\/p>\n<div class=\"content-media\">\n<section role=\"button\" class=\"mod-media   \">\n<figure role=\"button\" class=\"mod-figure \"><figcaption class=\"mod-figcaption\"><span class=\"com-text --caption --twoxs\">En GBA Norte, un departamento de dos ambientes se alquila por $644.540 mensuales<\/span><span class=\"com-text --credit --twoxs\">Image Point Fr &#8211; Shutterstock<\/span><\/figcaption><\/figure>\n<\/section>\n<\/div>\n<h3 class=\"com-title --font-primary --l --font-extra\">Las localidades m\u00e1s caras<\/h3>\n<p class=\"com-paragraph   --s\">En este caso, <strong>Olivos se posiciona primero en el ranking de barrios con la oferta m\u00e1s cara<\/strong>, con un precio de <strong>$791.416 <\/strong>mensuales. <strong>La Lucila ($779.072 mensuales) <\/strong>y <strong>Vicente L\u00f3pez ($761.170 mensuales) <\/strong>completan el podio de los dos ambientes. <\/p>\n<p class=\"com-paragraph   --s\">A estos barrios le siguen: <\/p>\n<h3 class=\"com-title --font-primary --l --font-extra\">\u00bfD\u00f3nde se encuentran por menos precio?<\/h3>\n<p class=\"com-paragraph   --s\">Por el contrario,<strong> Boulogne Sur Mer registra la oferta m\u00e1s econ\u00f3mica<\/strong>, con un<strong> precio medio de $477.838 por mes para un dos ambientes<\/strong>. Le siguen <strong>Villa Lynch ($503.221)<\/strong> y <strong>Jos\u00e9 Le\u00f3n Su\u00e1rez ($515.510)<\/strong>.<\/p>\n<p class=\"com-paragraph   --s\">Pero, hay algunos barrios m\u00e1s que est\u00e1n <strong>por debajo de los $550.000<\/strong>. Estos son:<\/p>\n<div class=\"content-media\">\n<section role=\"button\" class=\"mod-media   \">\n<figure role=\"button\" class=\"mod-figure \"><figcaption class=\"mod-figcaption\"><span class=\"com-text --caption --twoxs\">Evoluci\u00f3n del precio medio de la zona norte del Gran Buenos Aires<\/span><span class=\"com-text --credit --twoxs\">zonaprop<\/span><\/figcaption><\/figure>\n<\/section>\n<\/div>\n<p class=\"com-paragraph   --s\">Ahora, al poner el foco <strong>en los aumentos interanuales<\/strong>, hay barrios que <strong>subieron casi un 100%<\/strong> sus precios. Estos son: <strong>Villa Marteli, con el 96,6%<\/strong>, <strong>Bella Vista con el 88,5%<\/strong> y <strong>Los Polvorines con el 87,5%.<\/strong><\/p>\n<p class=\"com-paragraph   --s\">Mientras que, del otro lado, hay zonas en las que el <strong>incremento estuvo por debajo del 30%<\/strong>. Estas son: <strong>La Lonja, con el 27,8%<\/strong>, <strong>Bulogne Sur Mer, con el 23,9%,<\/strong> y<strong> Rinc\u00f3n de Milberg, con el 19,1%<\/strong>.<\/p>\n<p class=\"com-paragraph   --s\">El <strong>precio del alquiler en GBA oeste-sur sube un 3,1% en julio<\/strong> y <strong>acumula un incremento del 27,6% en 2025. <\/strong>Es la zona con los aumentos m\u00e1s altos, ya que la zona norte aument\u00f3 un 1,7% en el mismo mes y en CABA el incremento fue del 2%. En la comparaci\u00f3n interanual, <strong>el precio del alquiler aument\u00f3 un 66,3%<\/strong>, en <strong>GBA norte fue del 23,2%<\/strong> y en <strong>CABA fue del 39%<\/strong>.<\/p>\n<p class=\"com-paragraph   --s\">A pensar de que se ubica como la zona con el mayor aumento, tanto mensual como interanual, contin\u00faa caracteriz\u00e1ndose por tener los valores m\u00e1s bajos. Un departamento de <strong>dos ambientes en GBA oeste-sur tiene un precio de $521.815<\/strong>, mientras que uno de <strong>tres ambientes se alquila por $701.695<\/strong>.<\/p>\n<h3 class=\"com-title --font-primary --l --font-extra\">Los barrios m\u00e1s caros y m\u00e1s baratos para alquilar<\/h3>\n<p class=\"com-paragraph   --s\"><strong>Santos Lugares se presenta como el barrio m\u00e1s caro para alquilar<\/strong>, con un precio medio de $651.732. Le siguen <strong>S\u00e1enz Pe\u00f1a, <\/strong>con $625.506 en promedio mensuales, e Ituzaing\u00f3, con $600.772.<\/p>\n<p class=\"com-paragraph   --s\">En el otro extremo, <strong>Gonz\u00e1lez Cat\u00e1n registra la oferta m\u00e1s econ\u00f3mica<\/strong>, con un precio medio de $<strong>339.712<\/strong>. <strong>Gregorio de Laferrere ($375.592<\/strong>)<strong> y Luis Guill\u00f3n ($387.085)<\/strong> completan el ranking de departamentos en alquiler m\u00e1s accesibles.<\/p>\n<div class=\"content-media\">\n<section role=\"button\" class=\"mod-media   \">\n<figure role=\"button\" class=\"mod-figure \"><figcaption class=\"mod-figcaption\"><span class=\"com-text --caption --twoxs\">Variaci\u00f3n interanual de precios de alquiler en GBA sur-oeste<\/span><span class=\"com-text --credit --twoxs\">zonaprop<\/span><\/figcaption><\/figure>\n<\/section>\n<\/div>\n<p class=\"com-paragraph   --s\">A la hora de pensar en la rentabilidad que deja un departamento que fue comprado como inversi\u00f3n para luego ponerlo en alquiler, en GBA norte,<strong> la relaci\u00f3n alquiler\/precio contin\u00faa en alza y se ubica en 5,33% anual<\/strong>. Actualmente <strong>se necesitan 18,8 a\u00f1os de alquiler para repagar la inversi\u00f3n inicial<\/strong>, un 28% menos que hace un a\u00f1o.<\/p>\n<p class=\"com-paragraph   --s\">En este sentido,<strong> San Miguel es el barrio que presenta mayor rentabilidad<\/strong>, con un retorno bruto del <strong>8,1%<\/strong>.<strong> Bella Vista y Bel\u00e9n de Escobar completan el podio<\/strong>, con <strong>retornos brutos de 8% y 7,8%<\/strong>, respectivamente. <\/p>\n<p class=\"com-paragraph   --s\">Por el contrario, <strong>La Lucila y Vicente L\u00f3pez son los barrios con menor ventaja rentable<\/strong>, con un retorno del<strong> 4,1% cada uno<\/strong>.<\/p>\n<p class=\"com-paragraph   --s\">La situaci\u00f3n en <strong>GBA oeste-sur es distinta<\/strong>. En este caso, a pesar de que <strong>la relaci\u00f3n alquiler\/precio tambi\u00e9n sube, lo ubicad en un 6,69% anual<\/strong>. Se necesitan <strong>14,9 a\u00f1os de alquiler <\/strong>para repagar la inversi\u00f3n de compra, un <strong>39% menos que hace un a\u00f1o<\/strong>.<\/p>\n<p class=\"com-paragraph   --s\"><strong>El Jag\u00fcel se posiciona como el mejor barrio para los inversores que buscan renta<\/strong>, con un retorno bruto del<strong> 10,4%<\/strong>. Le siguen<strong> Paso del Rey (9,9% de retorno bruto)<\/strong> y<strong> Llavallol (9,5%)<\/strong>. En contrapartida,<strong> los de menor ventaja rentable son Adrogu\u00e9 (5,1%)<\/strong>, <strong>Lomas de Zamora (5,3%)<\/strong> y <strong>Florencio Varela (5,3%)<\/strong>.<\/p>\n<section class=\"container-center-100 mb-40 border border-bottom border-thin border-neutral-light-700\">\n<hr\/>\n<\/section>\n<\/div>\n","protected":false},"excerpt":{"rendered":"<p>El precio de los alquileres publicados en las principales plataformas inmobiliarias contin\u00faan evidenciando incrementos. Este jueves se conoci\u00f3 el aumento que tuvieron en julio los departamentos ofrecidos en la zona norte del Gran Buenos Aires, que registr\u00f3 el menor n\u00famero en este mes desde el 2020. De esta manera, los alquileres publicados en la zona [&hellip;]<\/p>\n","protected":false},"author":1,"featured_media":142871,"comment_status":"closed","ping_status":"closed","sticky":false,"template":"","format":"standard","meta":{"footnotes":""},"categories":[28],"tags":[],"class_list":["post-142870","post","type-post","status-publish","format-standard","has-post-thumbnail","hentry","category-economia"],"yoast_head":"<!-- This site is optimized with the Yoast SEO plugin v24.4 - https:\/\/yoast.com\/wordpress\/plugins\/seo\/ -->\n<title>El dato que preocupa a los propietarios y alegra a los vecinos de zona norte - GYS NOTICIAS |<\/title>\n<meta name=\"robots\" content=\"index, follow, max-snippet:-1, max-image-preview:large, max-video-preview:-1\" \/>\n<link rel=\"canonical\" href=\"https:\/\/gysfm.com.ar\/inicio\/el-dato-que-preocupa-a-los-propietarios-y-alegra-a-los-vecinos-de-zona-norte\/\" \/>\n<meta property=\"og:locale\" content=\"es_ES\" \/>\n<meta property=\"og:type\" content=\"article\" \/>\n<meta property=\"og:title\" content=\"El dato que preocupa a los propietarios y alegra a los vecinos de zona norte - GYS NOTICIAS |\" \/>\n<meta property=\"og:description\" content=\"El precio de los alquileres publicados en las principales plataformas inmobiliarias contin\u00faan evidenciando incrementos. Este jueves se conoci\u00f3 el aumento que tuvieron en julio los departamentos ofrecidos en la zona norte del Gran Buenos Aires, que registr\u00f3 el menor n\u00famero en este mes desde el 2020. De esta manera, los alquileres publicados en la zona [&hellip;]\" \/>\n<meta property=\"og:url\" content=\"https:\/\/gysfm.com.ar\/inicio\/el-dato-que-preocupa-a-los-propietarios-y-alegra-a-los-vecinos-de-zona-norte\/\" \/>\n<meta property=\"og:site_name\" content=\"GYS NOTICIAS |\" \/>\n<meta property=\"article:published_time\" content=\"2025-08-10T06:22:07+00:00\" \/>\n<meta property=\"og:image\" content=\"https:\/\/gysfm.com.ar\/inicio\/wp-content\/uploads\/2025\/08\/en-julio-de-2025-se-evidencio-la-menor-de-los-Y2ZBBVA44RA3NPUCJSVSJSXERU.JPG\" \/>\n\t<meta property=\"og:image:width\" content=\"1200\" \/>\n\t<meta property=\"og:image:height\" content=\"900\" \/>\n\t<meta property=\"og:image:type\" content=\"image\/jpeg\" \/>\n<meta name=\"author\" content=\"admin\" \/>\n<meta name=\"twitter:card\" content=\"summary_large_image\" \/>\n<meta name=\"twitter:label1\" content=\"Escrito por\" \/>\n\t<meta name=\"twitter:data1\" content=\"admin\" \/>\n\t<meta name=\"twitter:label2\" content=\"Tiempo de lectura\" \/>\n\t<meta name=\"twitter:data2\" content=\"4 minutos\" \/>\n<script type=\"application\/ld+json\" class=\"yoast-schema-graph\">{\"@context\":\"https:\/\/schema.org\",\"@graph\":[{\"@type\":\"Article\",\"@id\":\"https:\/\/gysfm.com.ar\/inicio\/el-dato-que-preocupa-a-los-propietarios-y-alegra-a-los-vecinos-de-zona-norte\/#article\",\"isPartOf\":{\"@id\":\"https:\/\/gysfm.com.ar\/inicio\/el-dato-que-preocupa-a-los-propietarios-y-alegra-a-los-vecinos-de-zona-norte\/\"},\"author\":{\"name\":\"admin\",\"@id\":\"https:\/\/gysfm.com.ar\/inicio\/#\/schema\/person\/5bedd7ecd35cc35548d89effafa23696\"},\"headline\":\"El dato que preocupa a los propietarios y alegra a los vecinos de zona norte\",\"datePublished\":\"2025-08-10T06:22:07+00:00\",\"mainEntityOfPage\":{\"@id\":\"https:\/\/gysfm.com.ar\/inicio\/el-dato-que-preocupa-a-los-propietarios-y-alegra-a-los-vecinos-de-zona-norte\/\"},\"wordCount\":863,\"publisher\":{\"@id\":\"https:\/\/gysfm.com.ar\/inicio\/#organization\"},\"image\":{\"@id\":\"https:\/\/gysfm.com.ar\/inicio\/el-dato-que-preocupa-a-los-propietarios-y-alegra-a-los-vecinos-de-zona-norte\/#primaryimage\"},\"thumbnailUrl\":\"https:\/\/gysfm.com.ar\/inicio\/wp-content\/uploads\/2025\/08\/en-julio-de-2025-se-evidencio-la-menor-de-los-Y2ZBBVA44RA3NPUCJSVSJSXERU.JPG\",\"articleSection\":[\"ECONOMIA\"],\"inLanguage\":\"es\"},{\"@type\":\"WebPage\",\"@id\":\"https:\/\/gysfm.com.ar\/inicio\/el-dato-que-preocupa-a-los-propietarios-y-alegra-a-los-vecinos-de-zona-norte\/\",\"url\":\"https:\/\/gysfm.com.ar\/inicio\/el-dato-que-preocupa-a-los-propietarios-y-alegra-a-los-vecinos-de-zona-norte\/\",\"name\":\"El dato que preocupa a los propietarios y alegra a los vecinos de zona norte - GYS NOTICIAS |\",\"isPartOf\":{\"@id\":\"https:\/\/gysfm.com.ar\/inicio\/#website\"},\"primaryImageOfPage\":{\"@id\":\"https:\/\/gysfm.com.ar\/inicio\/el-dato-que-preocupa-a-los-propietarios-y-alegra-a-los-vecinos-de-zona-norte\/#primaryimage\"},\"image\":{\"@id\":\"https:\/\/gysfm.com.ar\/inicio\/el-dato-que-preocupa-a-los-propietarios-y-alegra-a-los-vecinos-de-zona-norte\/#primaryimage\"},\"thumbnailUrl\":\"https:\/\/gysfm.com.ar\/inicio\/wp-content\/uploads\/2025\/08\/en-julio-de-2025-se-evidencio-la-menor-de-los-Y2ZBBVA44RA3NPUCJSVSJSXERU.JPG\",\"datePublished\":\"2025-08-10T06:22:07+00:00\",\"breadcrumb\":{\"@id\":\"https:\/\/gysfm.com.ar\/inicio\/el-dato-que-preocupa-a-los-propietarios-y-alegra-a-los-vecinos-de-zona-norte\/#breadcrumb\"},\"inLanguage\":\"es\",\"potentialAction\":[{\"@type\":\"ReadAction\",\"target\":[\"https:\/\/gysfm.com.ar\/inicio\/el-dato-que-preocupa-a-los-propietarios-y-alegra-a-los-vecinos-de-zona-norte\/\"]}]},{\"@type\":\"ImageObject\",\"inLanguage\":\"es\",\"@id\":\"https:\/\/gysfm.com.ar\/inicio\/el-dato-que-preocupa-a-los-propietarios-y-alegra-a-los-vecinos-de-zona-norte\/#primaryimage\",\"url\":\"https:\/\/gysfm.com.ar\/inicio\/wp-content\/uploads\/2025\/08\/en-julio-de-2025-se-evidencio-la-menor-de-los-Y2ZBBVA44RA3NPUCJSVSJSXERU.JPG\",\"contentUrl\":\"https:\/\/gysfm.com.ar\/inicio\/wp-content\/uploads\/2025\/08\/en-julio-de-2025-se-evidencio-la-menor-de-los-Y2ZBBVA44RA3NPUCJSVSJSXERU.JPG\",\"width\":1200,\"height\":900},{\"@type\":\"BreadcrumbList\",\"@id\":\"https:\/\/gysfm.com.ar\/inicio\/el-dato-que-preocupa-a-los-propietarios-y-alegra-a-los-vecinos-de-zona-norte\/#breadcrumb\",\"itemListElement\":[{\"@type\":\"ListItem\",\"position\":1,\"name\":\"Portada\",\"item\":\"https:\/\/gysfm.com.ar\/inicio\/\"},{\"@type\":\"ListItem\",\"position\":2,\"name\":\"El dato que preocupa a los propietarios y alegra a los vecinos de zona norte\"}]},{\"@type\":\"WebSite\",\"@id\":\"https:\/\/gysfm.com.ar\/inicio\/#website\",\"url\":\"https:\/\/gysfm.com.ar\/inicio\/\",\"name\":\"GYS NOTICIAS |\",\"description\":\"DIARIO - RADIO ONLINE SAN JUAN ARGENTINA\",\"publisher\":{\"@id\":\"https:\/\/gysfm.com.ar\/inicio\/#organization\"},\"potentialAction\":[{\"@type\":\"SearchAction\",\"target\":{\"@type\":\"EntryPoint\",\"urlTemplate\":\"https:\/\/gysfm.com.ar\/inicio\/?s={search_term_string}\"},\"query-input\":{\"@type\":\"PropertyValueSpecification\",\"valueRequired\":true,\"valueName\":\"search_term_string\"}}],\"inLanguage\":\"es\"},{\"@type\":\"Organization\",\"@id\":\"https:\/\/gysfm.com.ar\/inicio\/#organization\",\"name\":\"GYS NOTICIAS |\",\"url\":\"https:\/\/gysfm.com.ar\/inicio\/\",\"logo\":{\"@type\":\"ImageObject\",\"inLanguage\":\"es\",\"@id\":\"https:\/\/gysfm.com.ar\/inicio\/#\/schema\/logo\/image\/\",\"url\":\"https:\/\/gysfm.com.ar\/inicio\/wp-content\/uploads\/2023\/07\/LOGOGYS-OK.png\",\"contentUrl\":\"https:\/\/gysfm.com.ar\/inicio\/wp-content\/uploads\/2023\/07\/LOGOGYS-OK.png\",\"width\":1170,\"height\":872,\"caption\":\"GYS NOTICIAS |\"},\"image\":{\"@id\":\"https:\/\/gysfm.com.ar\/inicio\/#\/schema\/logo\/image\/\"}},{\"@type\":\"Person\",\"@id\":\"https:\/\/gysfm.com.ar\/inicio\/#\/schema\/person\/5bedd7ecd35cc35548d89effafa23696\",\"name\":\"admin\",\"image\":{\"@type\":\"ImageObject\",\"inLanguage\":\"es\",\"@id\":\"https:\/\/gysfm.com.ar\/inicio\/#\/schema\/person\/image\/\",\"url\":\"https:\/\/secure.gravatar.com\/avatar\/c331d312b5243fb64d5ba28108a447b27c925295129a363082c9ea52c28d32c2?s=96&d=mm&r=g\",\"contentUrl\":\"https:\/\/secure.gravatar.com\/avatar\/c331d312b5243fb64d5ba28108a447b27c925295129a363082c9ea52c28d32c2?s=96&d=mm&r=g\",\"caption\":\"admin\"},\"sameAs\":[\"https:\/\/gysfm.com.ar\/inicio\"],\"url\":\"https:\/\/gysfm.com.ar\/inicio\/author\/admin\/\"}]}<\/script>\n<!-- \/ Yoast SEO plugin. -->","yoast_head_json":{"title":"El dato que preocupa a los propietarios y alegra a los vecinos de zona norte - GYS NOTICIAS |","robots":{"index":"index","follow":"follow","max-snippet":"max-snippet:-1","max-image-preview":"max-image-preview:large","max-video-preview":"max-video-preview:-1"},"canonical":"https:\/\/gysfm.com.ar\/inicio\/el-dato-que-preocupa-a-los-propietarios-y-alegra-a-los-vecinos-de-zona-norte\/","og_locale":"es_ES","og_type":"article","og_title":"El dato que preocupa a los propietarios y alegra a los vecinos de zona norte - GYS NOTICIAS |","og_description":"El precio de los alquileres publicados en las principales plataformas inmobiliarias contin\u00faan evidenciando incrementos. Este jueves se conoci\u00f3 el aumento que tuvieron en julio los departamentos ofrecidos en la zona norte del Gran Buenos Aires, que registr\u00f3 el menor n\u00famero en este mes desde el 2020. De esta manera, los alquileres publicados en la zona [&hellip;]","og_url":"https:\/\/gysfm.com.ar\/inicio\/el-dato-que-preocupa-a-los-propietarios-y-alegra-a-los-vecinos-de-zona-norte\/","og_site_name":"GYS NOTICIAS |","article_published_time":"2025-08-10T06:22:07+00:00","og_image":[{"width":1200,"height":900,"url":"https:\/\/gysfm.com.ar\/inicio\/wp-content\/uploads\/2025\/08\/en-julio-de-2025-se-evidencio-la-menor-de-los-Y2ZBBVA44RA3NPUCJSVSJSXERU.JPG","type":"image\/jpeg"}],"author":"admin","twitter_card":"summary_large_image","twitter_misc":{"Escrito por":"admin","Tiempo de lectura":"4 minutos"},"schema":{"@context":"https:\/\/schema.org","@graph":[{"@type":"Article","@id":"https:\/\/gysfm.com.ar\/inicio\/el-dato-que-preocupa-a-los-propietarios-y-alegra-a-los-vecinos-de-zona-norte\/#article","isPartOf":{"@id":"https:\/\/gysfm.com.ar\/inicio\/el-dato-que-preocupa-a-los-propietarios-y-alegra-a-los-vecinos-de-zona-norte\/"},"author":{"name":"admin","@id":"https:\/\/gysfm.com.ar\/inicio\/#\/schema\/person\/5bedd7ecd35cc35548d89effafa23696"},"headline":"El dato que preocupa a los propietarios y alegra a los vecinos de zona norte","datePublished":"2025-08-10T06:22:07+00:00","mainEntityOfPage":{"@id":"https:\/\/gysfm.com.ar\/inicio\/el-dato-que-preocupa-a-los-propietarios-y-alegra-a-los-vecinos-de-zona-norte\/"},"wordCount":863,"publisher":{"@id":"https:\/\/gysfm.com.ar\/inicio\/#organization"},"image":{"@id":"https:\/\/gysfm.com.ar\/inicio\/el-dato-que-preocupa-a-los-propietarios-y-alegra-a-los-vecinos-de-zona-norte\/#primaryimage"},"thumbnailUrl":"https:\/\/gysfm.com.ar\/inicio\/wp-content\/uploads\/2025\/08\/en-julio-de-2025-se-evidencio-la-menor-de-los-Y2ZBBVA44RA3NPUCJSVSJSXERU.JPG","articleSection":["ECONOMIA"],"inLanguage":"es"},{"@type":"WebPage","@id":"https:\/\/gysfm.com.ar\/inicio\/el-dato-que-preocupa-a-los-propietarios-y-alegra-a-los-vecinos-de-zona-norte\/","url":"https:\/\/gysfm.com.ar\/inicio\/el-dato-que-preocupa-a-los-propietarios-y-alegra-a-los-vecinos-de-zona-norte\/","name":"El dato que preocupa a los propietarios y alegra a los vecinos de zona norte - GYS NOTICIAS |","isPartOf":{"@id":"https:\/\/gysfm.com.ar\/inicio\/#website"},"primaryImageOfPage":{"@id":"https:\/\/gysfm.com.ar\/inicio\/el-dato-que-preocupa-a-los-propietarios-y-alegra-a-los-vecinos-de-zona-norte\/#primaryimage"},"image":{"@id":"https:\/\/gysfm.com.ar\/inicio\/el-dato-que-preocupa-a-los-propietarios-y-alegra-a-los-vecinos-de-zona-norte\/#primaryimage"},"thumbnailUrl":"https:\/\/gysfm.com.ar\/inicio\/wp-content\/uploads\/2025\/08\/en-julio-de-2025-se-evidencio-la-menor-de-los-Y2ZBBVA44RA3NPUCJSVSJSXERU.JPG","datePublished":"2025-08-10T06:22:07+00:00","breadcrumb":{"@id":"https:\/\/gysfm.com.ar\/inicio\/el-dato-que-preocupa-a-los-propietarios-y-alegra-a-los-vecinos-de-zona-norte\/#breadcrumb"},"inLanguage":"es","potentialAction":[{"@type":"ReadAction","target":["https:\/\/gysfm.com.ar\/inicio\/el-dato-que-preocupa-a-los-propietarios-y-alegra-a-los-vecinos-de-zona-norte\/"]}]},{"@type":"ImageObject","inLanguage":"es","@id":"https:\/\/gysfm.com.ar\/inicio\/el-dato-que-preocupa-a-los-propietarios-y-alegra-a-los-vecinos-de-zona-norte\/#primaryimage","url":"https:\/\/gysfm.com.ar\/inicio\/wp-content\/uploads\/2025\/08\/en-julio-de-2025-se-evidencio-la-menor-de-los-Y2ZBBVA44RA3NPUCJSVSJSXERU.JPG","contentUrl":"https:\/\/gysfm.com.ar\/inicio\/wp-content\/uploads\/2025\/08\/en-julio-de-2025-se-evidencio-la-menor-de-los-Y2ZBBVA44RA3NPUCJSVSJSXERU.JPG","width":1200,"height":900},{"@type":"BreadcrumbList","@id":"https:\/\/gysfm.com.ar\/inicio\/el-dato-que-preocupa-a-los-propietarios-y-alegra-a-los-vecinos-de-zona-norte\/#breadcrumb","itemListElement":[{"@type":"ListItem","position":1,"name":"Portada","item":"https:\/\/gysfm.com.ar\/inicio\/"},{"@type":"ListItem","position":2,"name":"El dato que preocupa a los propietarios y alegra a los vecinos de zona norte"}]},{"@type":"WebSite","@id":"https:\/\/gysfm.com.ar\/inicio\/#website","url":"https:\/\/gysfm.com.ar\/inicio\/","name":"GYS NOTICIAS |","description":"DIARIO - RADIO ONLINE SAN JUAN ARGENTINA","publisher":{"@id":"https:\/\/gysfm.com.ar\/inicio\/#organization"},"potentialAction":[{"@type":"SearchAction","target":{"@type":"EntryPoint","urlTemplate":"https:\/\/gysfm.com.ar\/inicio\/?s={search_term_string}"},"query-input":{"@type":"PropertyValueSpecification","valueRequired":true,"valueName":"search_term_string"}}],"inLanguage":"es"},{"@type":"Organization","@id":"https:\/\/gysfm.com.ar\/inicio\/#organization","name":"GYS NOTICIAS |","url":"https:\/\/gysfm.com.ar\/inicio\/","logo":{"@type":"ImageObject","inLanguage":"es","@id":"https:\/\/gysfm.com.ar\/inicio\/#\/schema\/logo\/image\/","url":"https:\/\/gysfm.com.ar\/inicio\/wp-content\/uploads\/2023\/07\/LOGOGYS-OK.png","contentUrl":"https:\/\/gysfm.com.ar\/inicio\/wp-content\/uploads\/2023\/07\/LOGOGYS-OK.png","width":1170,"height":872,"caption":"GYS NOTICIAS |"},"image":{"@id":"https:\/\/gysfm.com.ar\/inicio\/#\/schema\/logo\/image\/"}},{"@type":"Person","@id":"https:\/\/gysfm.com.ar\/inicio\/#\/schema\/person\/5bedd7ecd35cc35548d89effafa23696","name":"admin","image":{"@type":"ImageObject","inLanguage":"es","@id":"https:\/\/gysfm.com.ar\/inicio\/#\/schema\/person\/image\/","url":"https:\/\/secure.gravatar.com\/avatar\/c331d312b5243fb64d5ba28108a447b27c925295129a363082c9ea52c28d32c2?s=96&d=mm&r=g","contentUrl":"https:\/\/secure.gravatar.com\/avatar\/c331d312b5243fb64d5ba28108a447b27c925295129a363082c9ea52c28d32c2?s=96&d=mm&r=g","caption":"admin"},"sameAs":["https:\/\/gysfm.com.ar\/inicio"],"url":"https:\/\/gysfm.com.ar\/inicio\/author\/admin\/"}]}},"_links":{"self":[{"href":"https:\/\/gysfm.com.ar\/inicio\/wp-json\/wp\/v2\/posts\/142870","targetHints":{"allow":["GET"]}}],"collection":[{"href":"https:\/\/gysfm.com.ar\/inicio\/wp-json\/wp\/v2\/posts"}],"about":[{"href":"https:\/\/gysfm.com.ar\/inicio\/wp-json\/wp\/v2\/types\/post"}],"author":[{"embeddable":true,"href":"https:\/\/gysfm.com.ar\/inicio\/wp-json\/wp\/v2\/users\/1"}],"replies":[{"embeddable":true,"href":"https:\/\/gysfm.com.ar\/inicio\/wp-json\/wp\/v2\/comments?post=142870"}],"version-history":[{"count":1,"href":"https:\/\/gysfm.com.ar\/inicio\/wp-json\/wp\/v2\/posts\/142870\/revisions"}],"predecessor-version":[{"id":142872,"href":"https:\/\/gysfm.com.ar\/inicio\/wp-json\/wp\/v2\/posts\/142870\/revisions\/142872"}],"wp:featuredmedia":[{"embeddable":true,"href":"https:\/\/gysfm.com.ar\/inicio\/wp-json\/wp\/v2\/media\/142871"}],"wp:attachment":[{"href":"https:\/\/gysfm.com.ar\/inicio\/wp-json\/wp\/v2\/media?parent=142870"}],"wp:term":[{"taxonomy":"category","embeddable":true,"href":"https:\/\/gysfm.com.ar\/inicio\/wp-json\/wp\/v2\/categories?post=142870"},{"taxonomy":"post_tag","embeddable":true,"href":"https:\/\/gysfm.com.ar\/inicio\/wp-json\/wp\/v2\/tags?post=142870"}],"curies":[{"name":"wp","href":"https:\/\/api.w.org\/{rel}","templated":true}]}}