{"id":142867,"date":"2025-08-10T03:19:10","date_gmt":"2025-08-10T06:19:10","guid":{"rendered":"https:\/\/gysfm.com.ar\/inicio\/pueden-y-quieren-putin-y-trump-terminar-la-guerra-de-ucrania\/"},"modified":"2025-08-10T03:19:11","modified_gmt":"2025-08-10T06:19:11","slug":"pueden-y-quieren-putin-y-trump-terminar-la-guerra-de-ucrania","status":"publish","type":"post","link":"https:\/\/gysfm.com.ar\/inicio\/pueden-y-quieren-putin-y-trump-terminar-la-guerra-de-ucrania\/","title":{"rendered":"\u00bfPueden (y quieren) Putin y Trump terminar la guerra de Ucrania?"},"content":{"rendered":"<p> <br \/>\n<\/p>\n<div>\n<p class=\"com-paragraph  --capital --s\">PAR\u00cdS.- Donald Trump confirm\u00f3 esta semana una reuni\u00f3n con Vladimir Putin el 15 de agosto en Alaska, en el marco de su mediaci\u00f3n para poner fin a la guerra en Ucrania. Esta incluir\u00e1, seg\u00fan \u00e9l, <strong>\u201cintercambios de territorios\u201d.<\/strong> Una afirmaci\u00f3n que provoc\u00f3 la respuesta inmediata de <strong>Volodimir Zelensky,<\/strong> que no ha sido invitado a la reuni\u00f3n, afirmando que los ucranianos \u201cno abandonar\u00e1n su tierra a los ocupantes\u201d.<\/p>\n<p class=\"com-paragraph   --s\"><strong>\u00bfQu\u00e9 posibilidades tiene ese encuentro de sentar las bases de una paz entre ambos beligerantes?<\/strong> Nadie, por el momento, parece creer que pueda ser as\u00ed.<\/p>\n<p class=\"com-paragraph   --s\">\u201cNo hubo <strong>ning\u00fan cambio<\/strong> en la posici\u00f3n de Rusia sobre el conflicto con Ucrania, a pesar de la reuni\u00f3n anunciada entre el presidente Vladimir Putin y su hom\u00f3logo estadounidense Donald Trump\u201d, advirti\u00f3 el jueves pasado el asesor presidencial ruso, <strong>Yuri Ushakov,<\/strong> inmediatamente despu\u00e9s de la visita del enviado especial norteamericano, Steve Witkoff.<\/p>\n<div class=\"content-media\">\n<section role=\"button\" class=\"mod-media   \">\n<figure role=\"button\" class=\"mod-figure \"><figcaption class=\"mod-figcaption\"><span class=\"com-text --caption --twoxs\">Soldados ucranianos cargan munici\u00f3n en la regi\u00f3n de Zaporiyia, el 7 de agosto de 2025<\/span><span class=\"com-text --credit --twoxs\">Evgeniy Maloletka &#8211; AP<\/span><\/figcaption><\/figure>\n<\/section>\n<\/div>\n<p class=\"com-paragraph   --s\">Seg\u00fan medios estadounidenses, <strong>Washington y Mosc\u00fa buscar\u00edan concluir un acuerdo de paz que incluir\u00eda la consolidaci\u00f3n de las tomas territoriales rusas desde el inicio de la guerra en 2022.<\/strong> Los responsables estadounidenses y rusos trabajan en ese plan antes del encuentro previsto la pr\u00f3xima semana entre Trump y Putin, declararon fuentes del gobierno a la agencia Bloomberg. Washington tambi\u00e9n se esfuerza por obtener la adhesi\u00f3n de Ucrania y sus aliados europeos, lo cual est\u00e1 lejos de producirse, a\u00f1adieron las mismas fuentes bajo condici\u00f3n de anonimato.<\/p>\n<p class=\"com-paragraph   --s\">Mosc\u00fa exige que Ucrania le ceda las cuatro regiones parcialmente ocupadas: <strong>Donetsk, Lugansk, Zaporiyia y Kherson.<\/strong> Pero esto requerir\u00eda que el presidente ucraniano ordene el retiro de las tropas de ciertas partes de las regiones de Lugansk y Donetsk a\u00fan controladas por Kiev, ofreciendo as\u00ed a Rusia una victoria que su Ej\u00e9rcito no ha podido lograr militarmente desde el inicio de la invasi\u00f3n a gran escala en febrero de 2022.<\/p>\n<h3 class=\"com-title --font-primary --l --font-extra\">Flexibilidad<\/h3>\n<p class=\"com-paragraph   --s\">Ucrania ya ha manifestado su voluntad de ser flexible en la b\u00fasqueda de <strong>una salida a<\/strong> <strong>una guerra que<\/strong> <strong>ha devastado sus ciudades y provocado la muerte de un gran n\u00famero de sus soldados y ciudadanos.<\/strong> Pero aceptar la p\u00e9rdida de aproximadamente una quinta parte del territorio ucraniano ser\u00eda pol\u00edticamente imposible para Zelensky y su gobierno.<\/p>\n<p class=\"com-paragraph   --s\">\u201cCualquier decisi\u00f3n que se tome en contra nuestra, cualquier decisi\u00f3n que se tome sin Ucrania, ser\u00e1 una decisi\u00f3n contra la paz\u201d, advirti\u00f3 el presidente de Ucrania despu\u00e9s de que Donald Trump evocara un <strong>\u201cintercambio de territorios\u201d.<\/strong><\/p>\n<div class=\"content-media\">\n<section role=\"button\" class=\"mod-media   \">\n<figure role=\"button\" class=\"mod-figure \"><figcaption class=\"mod-figcaption\"><span class=\"com-text --caption --twoxs\">Donald Trump y Vladimir Putin se dan la mano al comienzo de una reuni\u00f3n en Helsinki, el 16 de julio de 2018<\/span><span class=\"com-text --credit --twoxs\">Pablo Martinez Monsivais &#8211; AP<\/span><\/figcaption><\/figure>\n<\/section>\n<\/div>\n<p class=\"com-paragraph   --s\">Tyson Barker, exrepresentante especial adjunto del Departamento de Estado norteamericano para la recuperaci\u00f3n econ\u00f3mica de Ucrania, declar\u00f3 que <strong>la propuesta de paz <\/strong>tal como se describe en el art\u00edculo de Bloomberg <strong>ser\u00eda rechazada inmediatamente por los ucranianos.<\/strong><\/p>\n<p class=\"com-paragraph   --s\">\u201cLo mejor que pueden hacer los ucranianos es mantenerse firmes en sus objeciones y condiciones para un acuerdo negociado, al tiempo que manifiestan su gratitud por el apoyo estadounidense\u201d, afirm\u00f3 Barker, actualmente investigador en el Atlantic Council. Seg\u00fan Bloomberg, en el marco del supuesto acuerdo, <strong>Rusia pondr\u00eda fin a su ofensiva en las regiones de Kherson y Zaporiyia,<\/strong> a lo largo de las l\u00edneas de frente actuales.<\/p>\n<p class=\"com-paragraph   --s\">Rusia pretende tambi\u00e9n conservar la pen\u00ednsula de Crimea anexada en 2014, que Kiev renuncie a las entregas de armas occidentales y a toda adhesi\u00f3n a la OTAN. Exigencias inaceptables para Kiev, <strong>que quiere la retirada de las tropas rusas de su territorio y garant\u00edas de seguridad occidentales,<\/strong> incluyendo la continuaci\u00f3n de las entregas de armas y el despliegue de un contingente europeo. Posibilidad, \u00e9sta, rechazada con vehemencia por Rusia.<\/p>\n<p class=\"com-paragraph   --s\">En todo caso, <strong>la cuesti\u00f3n territorial parece en verdad irreconciliable para ambos beligerantes.<\/strong> No solo porque Ucrania no est\u00e1 dispuesta a renunciar a una quinta parte de su espacio nacional sino porque, tras ocuparlas en forma ileg\u00edtima, Vladimir Putin se apresur\u00f3 a inscribir esas cuatro provincias en la Constituci\u00f3n rusa.<\/p>\n<div class=\"content-media\">\n<section role=\"button\" class=\"mod-media   \">\n<figure role=\"button\" class=\"mod-figure \"><figcaption class=\"mod-figcaption\"><span class=\"com-text --caption --twoxs\">Residentes observan un edificio destruido en un ataque a\u00e9reo ruso, en Kramatorsk, Ucrania <\/span><span class=\"com-text --credit --twoxs\">Yevhen Titov &#8211; AP<\/span><\/figcaption><\/figure>\n<\/section>\n<\/div>\n<p class=\"com-paragraph   --s\">Sin embargo, fuentes cercanas al Kremlin, as\u00ed como otros analistas pol\u00edticos, dicen que, para Putin, <strong>excluir a Ucrania de la OTAN, limitar las capacidades militares ucranianas y sentar las bases para un gobierno m\u00e1s favorable a Mosc\u00fa en Kiev<\/strong> son m\u00e1s importantes que los detalles espec\u00edficos sobre los territorios que controlar\u00e1 finalmente Rusia. <\/p>\n<h3 class=\"com-title --font-primary --l --font-extra\">Intercambio territorial<\/h3>\n<p class=\"com-paragraph   --s\">Tatiana Stanovaya, investigadora principal en el Centro Carnegie para Rusia y Eurasia, se\u00f1ala que Mosc\u00fa, desde el principio, no ha demarcado formalmente las fronteras de las cuatro regiones \u201canexadas\u201d. A su juicio, esto muestra que siempre hubo cierta flexibilidad en el tema territorial. <a href=\"https:\/\/www.lanacion.com.ar\/el-mundo\/para-putin-la-reunion-con-trump-es-crucial-para-garantizar-sus-objetivos-en-ucrania-nid07082025\/\" target=\"_self\" title=\"https:\/\/www.lanacion.com.ar\/el-mundo\/para-putin-la-reunion-con-trump-es-crucial-para-garantizar-sus-objetivos-en-ucrania-nid07082025\/\" class=\"com-link break-word\" data-mrf-recirculation=\"n_link_parrafo\">Tampoco descarta la posibilidad de que Mosc\u00fa est\u00e9 abierto a intercambiar ciertos territorios. <\/a><\/p>\n<p class=\"com-paragraph   --s\">\u201cLo m\u00e1s importante para Putin es la OTAN y garant\u00edas inquebrantables <strong>de que Ucrania no estar\u00e1 en la OTAN<\/strong> y que los pa\u00edses de la OTAN no tendr\u00e1n una presencia militar dentro de Ucrania, adem\u00e1s de un conjunto de demandas pol\u00edticas sobre Ucrania misma\u00bb, dice Stanovaya, para quien \u201cotras demandas podr\u00edan estar abiertas a negociaci\u00f3n\u201d. <\/p>\n<div class=\"content-media\">\n<section role=\"button\" class=\"mod-media   \">\n<figure role=\"button\" class=\"mod-figure \"><figcaption class=\"mod-figcaption\"><span class=\"com-text --caption --twoxs\">Volodimir Zelenskyy durante una conferencia de prensa en Viena (Archivo)<\/span><span class=\"com-text --credit --twoxs\">Heinz-Peter Bader &#8211; AP<\/span><\/figcaption><\/figure>\n<\/section>\n<\/div>\n<p class=\"com-paragraph   --s\">A juicio de muchos especialistas, <strong>la \u00fanica soluci\u00f3n posible para los territorios en litigio ser\u00eda un \u201ccongelamiento\u201d de la situaci\u00f3n actual, <\/strong>que permita avanzar hacia una tregua duradera, dejando en suspenso esa cuesti\u00f3n. Agotadas, ambas poblaciones podr\u00edan aceptar ese argumento que, si bien no resuelve nada, permitir\u00eda sanar las heridas provocadas por tres a\u00f1os de una guerra salvaje e inhumana.<\/p>\n<p class=\"com-paragraph   --s\">\u201cTodo lo dem\u00e1s podr\u00eda ser negociado. Pero, \u00bfcon qui\u00e9n? \u00bfentre qui\u00e9n? Trump y Putin no pueden decidir solos los destinos de Ucrania. Esta gesticulaci\u00f3n demuestra una sola cosa: <strong>Donald Trump sigue siendo manipulado por el presidente ruso<\/strong>\u201d, afirma Alexandre Melnik, ex diplom\u00e1tico ruso, profesor del ICN Business School, que desecha la idea de que el enojo manifestado por el ocupante de la Casa Blanca en los \u00faltimos d\u00edas haya sido aut\u00e9ntico.<\/p>\n<p class=\"com-paragraph   --s\">\u201cNi siquiera el ultim\u00e1tum de diez d\u00edas que le fij\u00f3 a Putin fue serio<strong>. Nadie cre\u00eda que fuera a respetarlo.<\/strong> Y as\u00ed fue. <a href=\"https:\/\/www.lanacion.com.ar\/estados-unidos\/emisario-de-trump-viaja-a-rusia-para-negociaciones-sobre-ucrania-nid05082025\/\" target=\"_self\" title=\"https:\/\/www.lanacion.com.ar\/estados-unidos\/emisario-de-trump-viaja-a-rusia-para-negociaciones-sobre-ucrania-nid05082025\/\" class=\"com-link break-word\" data-mrf-recirculation=\"n_link_parrafo\">Witkoff fue a Mosc\u00fa y volvi\u00f3 con la noticia de una reuni\u00f3n bilateral.<\/a> \u00a1Qu\u00e9 casualidad!\u201d, a\u00f1ade.<\/p>\n<p class=\"com-paragraph   --s\">\u201cIncluso los mayores admiradores de Trump no pueden creer que sea tan est\u00fapido. <strong>Putin no quiere la paz, Putin quiere Ucrania.<\/strong> Por eso empez\u00f3 la guerra y elige continuarla todos los d\u00edas. Recompensar a Rusia por su agresi\u00f3n genocida solo promete m\u00e1s (violencia), y a Trump eso le parece bien\u201d, escribi\u00f3 el opositor y ex campe\u00f3n del mundo de ajedrez, Garry Kasparov.<\/p>\n<div class=\"content-media\">\n<section role=\"button\" class=\"mod-media   \">\n<figure role=\"button\" class=\"mod-figure \"><figcaption class=\"mod-figcaption\"><span class=\"com-text --caption --twoxs\">Soldados rusos en el puerto de Sebastopol, en la pen\u00ednsula de Crimea  <\/span><span class=\"com-text --credit --twoxs\">AP <\/span><\/figcaption><\/figure>\n<\/section>\n<\/div>\n<p class=\"com-paragraph   --s\">Entonces, \u00bfpara qu\u00e9 servir\u00e1 esa reuni\u00f3n, de cuyos resultados, europeos y ucranianos temen lo peor?<\/p>\n<p class=\"com-paragraph   --s\">\u201cParafraseando al comentarista pol\u00edtico norteamericano James Carville, \u00a1es la econom\u00eda, est\u00fapido! Rusia est\u00e1 al borde del colapso econ\u00f3mico <strong>y necesita desesperadamente que Estados Unidos la ayude a recuperarse<\/strong>, a recuperar sus fondos congelados en bancos occidentales y a levantar las sanciones comerciales que poco a poco la est\u00e1n asfixiando. Y Vladimir Putin sabe muy bien que Donald Trump solo razona en t\u00e9rminos de \u2018deals\u2019\u201d, afirma el geopolit\u00f3logo Alan Bauer.<\/p>\n<p class=\"com-paragraph   --s\">Prueba l\u00edmpida de los m\u00e9todos utilizados por Vladimir Putin para <strong>\u201cdomesticar\u201d<\/strong> a Trump fueron las declaraciones hechas por uno de sus principales asesores, Kirill Dmitriev, tras la reuni\u00f3n del presidente ruso con Witkoff.<\/p>\n<p class=\"com-paragraph   --s\">\u201cLa reuni\u00f3n entre ambos dirigentes la semana pr\u00f3xima podr\u00eda convertirse en un acontecimiento hist\u00f3rico, gracias al cual la posici\u00f3n de Rusia ser\u00e1 claramente transmitida al presidente Trump. <strong>Y esperamos que ese dialogo continuar\u00e1 en forma aun m\u00e1s activa, incluido el terreno econ\u00f3mico.<\/strong> Constatamos que las inversiones conjuntas, sobre todo con inversores norteamericanos <strong>\u2014por ejemplo, en el proyecto en el \u00c1rtico, los metales raros y los proyectos de infraestructura\u2014 <\/strong>deber\u00edan ser beneficiosos para Rusia y para Estados Unidos. Tambi\u00e9n pensamos que podemos desarrollar inversiones conjuntas en empresas tecnol\u00f3gicas y en muchos otros terrenos\u201d, declar\u00f3.<\/p>\n<div class=\"content-media\">\n<section role=\"button\" class=\"mod-media   \">\n<figure role=\"button\" class=\"mod-figure \"><figcaption class=\"mod-figcaption\"><span class=\"com-text --caption --twoxs\">Un petrolero ruso en el puerto Novorossiysk (Archivo)<\/span><span class=\"com-text --credit --twoxs\">AP<\/span><\/figcaption><\/figure>\n<\/section>\n<\/div>\n<p class=\"com-paragraph   --s\">Mosc\u00fa tiene, en efecto, <strong>la intenci\u00f3n de desarrollar econ\u00f3micamente el Gran Norte ruso,<\/strong> despu\u00e9s de haber modernizado en los \u00faltimos a\u00f1os varias bases militares que hab\u00edan sido abandonadas desde la \u00e9poca sovi\u00e9tica. <\/p>\n<p class=\"com-paragraph   --s\">\u201cAumentaremos la capacidad y el volumen de negocios de nuestros puertos del norte a un ritmo m\u00e1s r\u00e1pido\u201d, afirm\u00f3 Vladimir Putin en marzo de este a\u00f1o en ocasi\u00f3n del VI Foro \u00c1rtico Internacional, en Murmansk. Tambi\u00e9n se mostr\u00f3 abierto a una colaboraci\u00f3n de Rusia con <strong>\u201cpa\u00edses amigos\u201d<\/strong> en el \u00c1rtico, y con pa\u00edses occidentales, \u201csi muestran inter\u00e9s\u201d. <\/p>\n<h3 class=\"com-title --font-primary --l --font-extra\">El apetito de Trump<\/h3>\n<p class=\"com-paragraph   --s\">Rusia espera especialmente desarrollar en el \u00c1rtico la <strong>Ruta Mar\u00edtima del Norte,<\/strong> una v\u00eda comercial posible gracias al deshielo y que podr\u00eda competir a largo plazo con el canal de Suez aprovechando el impacto del cambio clim\u00e1tico. \u201cNada de eso puede escapar <strong>al apetito de Donald Trump.<\/strong> Y Putin sabe muy d\u00f3nde le aprieta el zapato el presidente norteamericano\u201d, ironiza Melnik.<\/p>\n<p class=\"com-paragraph   --s\">Por esa raz\u00f3n, el Kremlin necesitaba en forma urgente esa reuni\u00f3n. En los \u00faltimos d\u00edas se hablaba en Mosc\u00fa y en Washington de una idea de alto el fuego a\u00e9reo que, adem\u00e1s, <a href=\"https:\/\/www.lanacion.com.ar\/el-mundo\/que-fue-la-operacion-telarana-de-ucrania-sobre-rusia-nid02062025\/\" target=\"_self\" title=\"https:\/\/www.lanacion.com.ar\/el-mundo\/que-fue-la-operacion-telarana-de-ucrania-sobre-rusia-nid02062025\/\" class=\"com-link break-word\" data-mrf-recirculation=\"n_link_parrafo\">tendr\u00eda la ventaja de impedir que Kiev contin\u00fae atacando las refiner\u00edas rusas, <\/a>el nervio de la guerra ruso. Este proyecto fue mencionado durante el encuentro de tres horas, el mi\u00e9rcoles, entre Vladimir Putin y Steve Witkoff.<\/p>\n<div class=\"content-media\">\n<section role=\"button\" class=\"mod-media   \">\n<figure role=\"button\" class=\"mod-figure \"><figcaption class=\"mod-figcaption\"><span class=\"com-text --caption --twoxs\">El presidente ruso, Vladimir Putin, junto al enviado especial de Estados Unidos, Steve Witkoff, en el Kremlin<\/span><span class=\"com-text --credit --twoxs\">Kremlin Press Office  &#8211; XinHua <\/span><\/figcaption><\/figure>\n<\/section>\n<\/div>\n<p class=\"com-paragraph   --s\">Pero hay otro mensaje enviado por Vladimir Putin, que Donald Trump parece haber recibido <strong>\u201c5\/5\u201d<\/strong> y explicar\u00eda mejor que cualquier otra cosa esa persistencia del presidente de Estados Unidos en ponerse siempre del lado del aut\u00f3crata del Kremlin.<\/p>\n<p class=\"com-paragraph   --s\"><strong>\u201cTrump no deber\u00eda pensar que el archivo de videos de sus inmoralidades pasadas est\u00e1 solo en manos del Mossad\u201d,<\/strong> escribi\u00f3 en X el ex presidente ruso <strong>Dimitri Medvedev<\/strong> el 2 de agosto, durante su cruce de armas con el ocupante de la Casa Blanca debido al plazo impuesto por este \u00faltimo a Vladimir Putin si no daba un paso hacia la paz con Ucrania.<\/p>\n<p class=\"com-paragraph   --s\">\u201cComo dec\u00eda Napole\u00f3n: el diablo se encuentra siempre en los detalles\u201d, ironiza Alain Bauer. Su colega, el geopolit\u00f3logo Florent Parmentier confirma: <strong>\u201cExiste una parte secreta en todo esto que dif\u00edcilmente se conocer\u00e1\u201d<\/strong>.<\/p>\n<p class=\"com-paragraph   --s\">Esc\u00e9ptico como la mayor\u00eda de sus colegas, John Lough, experto del think-tank Chatam House, advierte que <strong>no se debe esperar demasiado <\/strong>de una cumbre que apenas puede constituir un primer paso. \u201cUna soluci\u00f3n r\u00e1pida <strong>es imposible,<\/strong> sobre todo porque las exigencias rusas siguen siendo muy altas\u201d, explica.<\/p>\n<p class=\"com-paragraph   --s\">Y Trump, aunque muera por patrocinar un acuerdo <strong>\u2014\u00bfy ganar as\u00ed por fin ese famoso premio Nobel de la Paz?\u2014 <\/strong>no puede dar la impresi\u00f3n de ceder todo al Kremlin.<\/p>\n<p class=\"com-paragraph   --s\">\u201cAunque, \u00bfpor qu\u00e9 no? <strong>Con Donald Trump nunca se sabe.<\/strong> Es el maestro de saber transformar las derrotas en triunfos extraordinarios\u201d, advierte Melnik.<\/p>\n<section class=\"container-center-100 mb-40 border border-bottom border-thin border-neutral-light-700\">\n<hr\/>\n<\/section>\n<\/div>\n\n","protected":false},"excerpt":{"rendered":"<p>PAR\u00cdS.- Donald Trump confirm\u00f3 esta semana una reuni\u00f3n con Vladimir Putin el 15 de agosto en Alaska, en el marco de su mediaci\u00f3n para poner fin a la guerra en Ucrania. Esta incluir\u00e1, seg\u00fan \u00e9l, \u201cintercambios de territorios\u201d. Una afirmaci\u00f3n que provoc\u00f3 la respuesta inmediata de Volodimir Zelensky, que no ha sido invitado a la [&hellip;]<\/p>\n","protected":false},"author":2,"featured_media":142868,"comment_status":"closed","ping_status":"closed","sticky":false,"template":"","format":"standard","meta":{"footnotes":""},"categories":[26],"tags":[],"class_list":["post-142867","post","type-post","status-publish","format-standard","has-post-thumbnail","hentry","category-internacionales"],"yoast_head":"<!-- This site is optimized with the Yoast SEO plugin v24.4 - https:\/\/yoast.com\/wordpress\/plugins\/seo\/ -->\n<title>\u00bfPueden (y quieren) Putin y Trump terminar la guerra de Ucrania? - GYS NOTICIAS |<\/title>\n<meta name=\"robots\" content=\"index, follow, max-snippet:-1, max-image-preview:large, max-video-preview:-1\" \/>\n<link rel=\"canonical\" href=\"https:\/\/gysfm.com.ar\/inicio\/pueden-y-quieren-putin-y-trump-terminar-la-guerra-de-ucrania\/\" \/>\n<meta property=\"og:locale\" content=\"es_ES\" \/>\n<meta property=\"og:type\" content=\"article\" \/>\n<meta property=\"og:title\" content=\"\u00bfPueden (y quieren) Putin y Trump terminar la guerra de Ucrania? - GYS NOTICIAS |\" \/>\n<meta property=\"og:description\" content=\"PAR\u00cdS.- Donald Trump confirm\u00f3 esta semana una reuni\u00f3n con Vladimir Putin el 15 de agosto en Alaska, en el marco de su mediaci\u00f3n para poner fin a la guerra en Ucrania. Esta incluir\u00e1, seg\u00fan \u00e9l, \u201cintercambios de territorios\u201d. Una afirmaci\u00f3n que provoc\u00f3 la respuesta inmediata de Volodimir Zelensky, que no ha sido invitado a la [&hellip;]\" \/>\n<meta property=\"og:url\" content=\"https:\/\/gysfm.com.ar\/inicio\/pueden-y-quieren-putin-y-trump-terminar-la-guerra-de-ucrania\/\" \/>\n<meta property=\"og:site_name\" content=\"GYS NOTICIAS |\" \/>\n<meta property=\"article:published_time\" content=\"2025-08-10T06:19:10+00:00\" \/>\n<meta property=\"article:modified_time\" content=\"2025-08-10T06:19:11+00:00\" \/>\n<meta property=\"og:image\" content=\"https:\/\/gysfm.com.ar\/inicio\/wp-content\/uploads\/2025\/08\/putin-y-CFP7TK5Y4BD5TGGSWRVUONTURM.JPG\" \/>\n\t<meta property=\"og:image:width\" content=\"1200\" \/>\n\t<meta property=\"og:image:height\" content=\"743\" \/>\n\t<meta property=\"og:image:type\" content=\"image\/jpeg\" \/>\n<meta name=\"author\" content=\"Prensa G&amp;S FM\" \/>\n<meta name=\"twitter:card\" content=\"summary_large_image\" \/>\n<meta name=\"twitter:label1\" content=\"Escrito por\" \/>\n\t<meta name=\"twitter:data1\" content=\"Prensa G&amp;S FM\" \/>\n\t<meta name=\"twitter:label2\" content=\"Tiempo de lectura\" \/>\n\t<meta name=\"twitter:data2\" content=\"10 minutos\" \/>\n<script type=\"application\/ld+json\" class=\"yoast-schema-graph\">{\"@context\":\"https:\/\/schema.org\",\"@graph\":[{\"@type\":\"Article\",\"@id\":\"https:\/\/gysfm.com.ar\/inicio\/pueden-y-quieren-putin-y-trump-terminar-la-guerra-de-ucrania\/#article\",\"isPartOf\":{\"@id\":\"https:\/\/gysfm.com.ar\/inicio\/pueden-y-quieren-putin-y-trump-terminar-la-guerra-de-ucrania\/\"},\"author\":{\"name\":\"Prensa G&amp;S FM\",\"@id\":\"https:\/\/gysfm.com.ar\/inicio\/#\/schema\/person\/3abba7593ef2ad19e1be221d54383dc5\"},\"headline\":\"\u00bfPueden (y quieren) Putin y Trump terminar la guerra de Ucrania?\",\"datePublished\":\"2025-08-10T06:19:10+00:00\",\"dateModified\":\"2025-08-10T06:19:11+00:00\",\"mainEntityOfPage\":{\"@id\":\"https:\/\/gysfm.com.ar\/inicio\/pueden-y-quieren-putin-y-trump-terminar-la-guerra-de-ucrania\/\"},\"wordCount\":1958,\"publisher\":{\"@id\":\"https:\/\/gysfm.com.ar\/inicio\/#organization\"},\"image\":{\"@id\":\"https:\/\/gysfm.com.ar\/inicio\/pueden-y-quieren-putin-y-trump-terminar-la-guerra-de-ucrania\/#primaryimage\"},\"thumbnailUrl\":\"https:\/\/gysfm.com.ar\/inicio\/wp-content\/uploads\/2025\/08\/putin-y-CFP7TK5Y4BD5TGGSWRVUONTURM.JPG\",\"articleSection\":[\"INTERNACIONALES\"],\"inLanguage\":\"es\"},{\"@type\":\"WebPage\",\"@id\":\"https:\/\/gysfm.com.ar\/inicio\/pueden-y-quieren-putin-y-trump-terminar-la-guerra-de-ucrania\/\",\"url\":\"https:\/\/gysfm.com.ar\/inicio\/pueden-y-quieren-putin-y-trump-terminar-la-guerra-de-ucrania\/\",\"name\":\"\u00bfPueden (y quieren) Putin y Trump terminar la guerra de Ucrania? - GYS NOTICIAS |\",\"isPartOf\":{\"@id\":\"https:\/\/gysfm.com.ar\/inicio\/#website\"},\"primaryImageOfPage\":{\"@id\":\"https:\/\/gysfm.com.ar\/inicio\/pueden-y-quieren-putin-y-trump-terminar-la-guerra-de-ucrania\/#primaryimage\"},\"image\":{\"@id\":\"https:\/\/gysfm.com.ar\/inicio\/pueden-y-quieren-putin-y-trump-terminar-la-guerra-de-ucrania\/#primaryimage\"},\"thumbnailUrl\":\"https:\/\/gysfm.com.ar\/inicio\/wp-content\/uploads\/2025\/08\/putin-y-CFP7TK5Y4BD5TGGSWRVUONTURM.JPG\",\"datePublished\":\"2025-08-10T06:19:10+00:00\",\"dateModified\":\"2025-08-10T06:19:11+00:00\",\"breadcrumb\":{\"@id\":\"https:\/\/gysfm.com.ar\/inicio\/pueden-y-quieren-putin-y-trump-terminar-la-guerra-de-ucrania\/#breadcrumb\"},\"inLanguage\":\"es\",\"potentialAction\":[{\"@type\":\"ReadAction\",\"target\":[\"https:\/\/gysfm.com.ar\/inicio\/pueden-y-quieren-putin-y-trump-terminar-la-guerra-de-ucrania\/\"]}]},{\"@type\":\"ImageObject\",\"inLanguage\":\"es\",\"@id\":\"https:\/\/gysfm.com.ar\/inicio\/pueden-y-quieren-putin-y-trump-terminar-la-guerra-de-ucrania\/#primaryimage\",\"url\":\"https:\/\/gysfm.com.ar\/inicio\/wp-content\/uploads\/2025\/08\/putin-y-CFP7TK5Y4BD5TGGSWRVUONTURM.JPG\",\"contentUrl\":\"https:\/\/gysfm.com.ar\/inicio\/wp-content\/uploads\/2025\/08\/putin-y-CFP7TK5Y4BD5TGGSWRVUONTURM.JPG\",\"width\":1200,\"height\":743},{\"@type\":\"BreadcrumbList\",\"@id\":\"https:\/\/gysfm.com.ar\/inicio\/pueden-y-quieren-putin-y-trump-terminar-la-guerra-de-ucrania\/#breadcrumb\",\"itemListElement\":[{\"@type\":\"ListItem\",\"position\":1,\"name\":\"Portada\",\"item\":\"https:\/\/gysfm.com.ar\/inicio\/\"},{\"@type\":\"ListItem\",\"position\":2,\"name\":\"\u00bfPueden (y quieren) Putin y Trump terminar la guerra de Ucrania?\"}]},{\"@type\":\"WebSite\",\"@id\":\"https:\/\/gysfm.com.ar\/inicio\/#website\",\"url\":\"https:\/\/gysfm.com.ar\/inicio\/\",\"name\":\"GYS NOTICIAS |\",\"description\":\"DIARIO - RADIO ONLINE SAN JUAN ARGENTINA\",\"publisher\":{\"@id\":\"https:\/\/gysfm.com.ar\/inicio\/#organization\"},\"potentialAction\":[{\"@type\":\"SearchAction\",\"target\":{\"@type\":\"EntryPoint\",\"urlTemplate\":\"https:\/\/gysfm.com.ar\/inicio\/?s={search_term_string}\"},\"query-input\":{\"@type\":\"PropertyValueSpecification\",\"valueRequired\":true,\"valueName\":\"search_term_string\"}}],\"inLanguage\":\"es\"},{\"@type\":\"Organization\",\"@id\":\"https:\/\/gysfm.com.ar\/inicio\/#organization\",\"name\":\"GYS NOTICIAS |\",\"url\":\"https:\/\/gysfm.com.ar\/inicio\/\",\"logo\":{\"@type\":\"ImageObject\",\"inLanguage\":\"es\",\"@id\":\"https:\/\/gysfm.com.ar\/inicio\/#\/schema\/logo\/image\/\",\"url\":\"https:\/\/gysfm.com.ar\/inicio\/wp-content\/uploads\/2023\/07\/LOGOGYS-OK.png\",\"contentUrl\":\"https:\/\/gysfm.com.ar\/inicio\/wp-content\/uploads\/2023\/07\/LOGOGYS-OK.png\",\"width\":1170,\"height\":872,\"caption\":\"GYS NOTICIAS |\"},\"image\":{\"@id\":\"https:\/\/gysfm.com.ar\/inicio\/#\/schema\/logo\/image\/\"}},{\"@type\":\"Person\",\"@id\":\"https:\/\/gysfm.com.ar\/inicio\/#\/schema\/person\/3abba7593ef2ad19e1be221d54383dc5\",\"name\":\"Prensa G&amp;S FM\",\"image\":{\"@type\":\"ImageObject\",\"inLanguage\":\"es\",\"@id\":\"https:\/\/gysfm.com.ar\/inicio\/#\/schema\/person\/image\/\",\"url\":\"https:\/\/secure.gravatar.com\/avatar\/096ec78df02049ab018702bb4ccedf659377fa92a26540b5247612077a0dbd29?s=96&d=mm&r=g\",\"contentUrl\":\"https:\/\/secure.gravatar.com\/avatar\/096ec78df02049ab018702bb4ccedf659377fa92a26540b5247612077a0dbd29?s=96&d=mm&r=g\",\"caption\":\"Prensa G&amp;S FM\"},\"sameAs\":[\"https:\/\/gysfm.com.ar\/\"],\"url\":\"https:\/\/gysfm.com.ar\/inicio\/author\/lucasm\/\"}]}<\/script>\n<!-- \/ Yoast SEO plugin. -->","yoast_head_json":{"title":"\u00bfPueden (y quieren) Putin y Trump terminar la guerra de Ucrania? - GYS NOTICIAS |","robots":{"index":"index","follow":"follow","max-snippet":"max-snippet:-1","max-image-preview":"max-image-preview:large","max-video-preview":"max-video-preview:-1"},"canonical":"https:\/\/gysfm.com.ar\/inicio\/pueden-y-quieren-putin-y-trump-terminar-la-guerra-de-ucrania\/","og_locale":"es_ES","og_type":"article","og_title":"\u00bfPueden (y quieren) Putin y Trump terminar la guerra de Ucrania? - GYS NOTICIAS |","og_description":"PAR\u00cdS.- Donald Trump confirm\u00f3 esta semana una reuni\u00f3n con Vladimir Putin el 15 de agosto en Alaska, en el marco de su mediaci\u00f3n para poner fin a la guerra en Ucrania. Esta incluir\u00e1, seg\u00fan \u00e9l, \u201cintercambios de territorios\u201d. Una afirmaci\u00f3n que provoc\u00f3 la respuesta inmediata de Volodimir Zelensky, que no ha sido invitado a la [&hellip;]","og_url":"https:\/\/gysfm.com.ar\/inicio\/pueden-y-quieren-putin-y-trump-terminar-la-guerra-de-ucrania\/","og_site_name":"GYS NOTICIAS |","article_published_time":"2025-08-10T06:19:10+00:00","article_modified_time":"2025-08-10T06:19:11+00:00","og_image":[{"width":1200,"height":743,"url":"https:\/\/gysfm.com.ar\/inicio\/wp-content\/uploads\/2025\/08\/putin-y-CFP7TK5Y4BD5TGGSWRVUONTURM.JPG","type":"image\/jpeg"}],"author":"Prensa G&amp;S FM","twitter_card":"summary_large_image","twitter_misc":{"Escrito por":"Prensa G&amp;S FM","Tiempo de lectura":"10 minutos"},"schema":{"@context":"https:\/\/schema.org","@graph":[{"@type":"Article","@id":"https:\/\/gysfm.com.ar\/inicio\/pueden-y-quieren-putin-y-trump-terminar-la-guerra-de-ucrania\/#article","isPartOf":{"@id":"https:\/\/gysfm.com.ar\/inicio\/pueden-y-quieren-putin-y-trump-terminar-la-guerra-de-ucrania\/"},"author":{"name":"Prensa G&amp;S FM","@id":"https:\/\/gysfm.com.ar\/inicio\/#\/schema\/person\/3abba7593ef2ad19e1be221d54383dc5"},"headline":"\u00bfPueden (y quieren) Putin y Trump terminar la guerra de Ucrania?","datePublished":"2025-08-10T06:19:10+00:00","dateModified":"2025-08-10T06:19:11+00:00","mainEntityOfPage":{"@id":"https:\/\/gysfm.com.ar\/inicio\/pueden-y-quieren-putin-y-trump-terminar-la-guerra-de-ucrania\/"},"wordCount":1958,"publisher":{"@id":"https:\/\/gysfm.com.ar\/inicio\/#organization"},"image":{"@id":"https:\/\/gysfm.com.ar\/inicio\/pueden-y-quieren-putin-y-trump-terminar-la-guerra-de-ucrania\/#primaryimage"},"thumbnailUrl":"https:\/\/gysfm.com.ar\/inicio\/wp-content\/uploads\/2025\/08\/putin-y-CFP7TK5Y4BD5TGGSWRVUONTURM.JPG","articleSection":["INTERNACIONALES"],"inLanguage":"es"},{"@type":"WebPage","@id":"https:\/\/gysfm.com.ar\/inicio\/pueden-y-quieren-putin-y-trump-terminar-la-guerra-de-ucrania\/","url":"https:\/\/gysfm.com.ar\/inicio\/pueden-y-quieren-putin-y-trump-terminar-la-guerra-de-ucrania\/","name":"\u00bfPueden (y quieren) Putin y Trump terminar la guerra de Ucrania? - GYS NOTICIAS |","isPartOf":{"@id":"https:\/\/gysfm.com.ar\/inicio\/#website"},"primaryImageOfPage":{"@id":"https:\/\/gysfm.com.ar\/inicio\/pueden-y-quieren-putin-y-trump-terminar-la-guerra-de-ucrania\/#primaryimage"},"image":{"@id":"https:\/\/gysfm.com.ar\/inicio\/pueden-y-quieren-putin-y-trump-terminar-la-guerra-de-ucrania\/#primaryimage"},"thumbnailUrl":"https:\/\/gysfm.com.ar\/inicio\/wp-content\/uploads\/2025\/08\/putin-y-CFP7TK5Y4BD5TGGSWRVUONTURM.JPG","datePublished":"2025-08-10T06:19:10+00:00","dateModified":"2025-08-10T06:19:11+00:00","breadcrumb":{"@id":"https:\/\/gysfm.com.ar\/inicio\/pueden-y-quieren-putin-y-trump-terminar-la-guerra-de-ucrania\/#breadcrumb"},"inLanguage":"es","potentialAction":[{"@type":"ReadAction","target":["https:\/\/gysfm.com.ar\/inicio\/pueden-y-quieren-putin-y-trump-terminar-la-guerra-de-ucrania\/"]}]},{"@type":"ImageObject","inLanguage":"es","@id":"https:\/\/gysfm.com.ar\/inicio\/pueden-y-quieren-putin-y-trump-terminar-la-guerra-de-ucrania\/#primaryimage","url":"https:\/\/gysfm.com.ar\/inicio\/wp-content\/uploads\/2025\/08\/putin-y-CFP7TK5Y4BD5TGGSWRVUONTURM.JPG","contentUrl":"https:\/\/gysfm.com.ar\/inicio\/wp-content\/uploads\/2025\/08\/putin-y-CFP7TK5Y4BD5TGGSWRVUONTURM.JPG","width":1200,"height":743},{"@type":"BreadcrumbList","@id":"https:\/\/gysfm.com.ar\/inicio\/pueden-y-quieren-putin-y-trump-terminar-la-guerra-de-ucrania\/#breadcrumb","itemListElement":[{"@type":"ListItem","position":1,"name":"Portada","item":"https:\/\/gysfm.com.ar\/inicio\/"},{"@type":"ListItem","position":2,"name":"\u00bfPueden (y quieren) Putin y Trump terminar la guerra de Ucrania?"}]},{"@type":"WebSite","@id":"https:\/\/gysfm.com.ar\/inicio\/#website","url":"https:\/\/gysfm.com.ar\/inicio\/","name":"GYS NOTICIAS |","description":"DIARIO - RADIO ONLINE SAN JUAN ARGENTINA","publisher":{"@id":"https:\/\/gysfm.com.ar\/inicio\/#organization"},"potentialAction":[{"@type":"SearchAction","target":{"@type":"EntryPoint","urlTemplate":"https:\/\/gysfm.com.ar\/inicio\/?s={search_term_string}"},"query-input":{"@type":"PropertyValueSpecification","valueRequired":true,"valueName":"search_term_string"}}],"inLanguage":"es"},{"@type":"Organization","@id":"https:\/\/gysfm.com.ar\/inicio\/#organization","name":"GYS NOTICIAS |","url":"https:\/\/gysfm.com.ar\/inicio\/","logo":{"@type":"ImageObject","inLanguage":"es","@id":"https:\/\/gysfm.com.ar\/inicio\/#\/schema\/logo\/image\/","url":"https:\/\/gysfm.com.ar\/inicio\/wp-content\/uploads\/2023\/07\/LOGOGYS-OK.png","contentUrl":"https:\/\/gysfm.com.ar\/inicio\/wp-content\/uploads\/2023\/07\/LOGOGYS-OK.png","width":1170,"height":872,"caption":"GYS NOTICIAS |"},"image":{"@id":"https:\/\/gysfm.com.ar\/inicio\/#\/schema\/logo\/image\/"}},{"@type":"Person","@id":"https:\/\/gysfm.com.ar\/inicio\/#\/schema\/person\/3abba7593ef2ad19e1be221d54383dc5","name":"Prensa G&amp;S FM","image":{"@type":"ImageObject","inLanguage":"es","@id":"https:\/\/gysfm.com.ar\/inicio\/#\/schema\/person\/image\/","url":"https:\/\/secure.gravatar.com\/avatar\/096ec78df02049ab018702bb4ccedf659377fa92a26540b5247612077a0dbd29?s=96&d=mm&r=g","contentUrl":"https:\/\/secure.gravatar.com\/avatar\/096ec78df02049ab018702bb4ccedf659377fa92a26540b5247612077a0dbd29?s=96&d=mm&r=g","caption":"Prensa G&amp;S FM"},"sameAs":["https:\/\/gysfm.com.ar\/"],"url":"https:\/\/gysfm.com.ar\/inicio\/author\/lucasm\/"}]}},"_links":{"self":[{"href":"https:\/\/gysfm.com.ar\/inicio\/wp-json\/wp\/v2\/posts\/142867","targetHints":{"allow":["GET"]}}],"collection":[{"href":"https:\/\/gysfm.com.ar\/inicio\/wp-json\/wp\/v2\/posts"}],"about":[{"href":"https:\/\/gysfm.com.ar\/inicio\/wp-json\/wp\/v2\/types\/post"}],"author":[{"embeddable":true,"href":"https:\/\/gysfm.com.ar\/inicio\/wp-json\/wp\/v2\/users\/2"}],"replies":[{"embeddable":true,"href":"https:\/\/gysfm.com.ar\/inicio\/wp-json\/wp\/v2\/comments?post=142867"}],"version-history":[{"count":1,"href":"https:\/\/gysfm.com.ar\/inicio\/wp-json\/wp\/v2\/posts\/142867\/revisions"}],"predecessor-version":[{"id":142869,"href":"https:\/\/gysfm.com.ar\/inicio\/wp-json\/wp\/v2\/posts\/142867\/revisions\/142869"}],"wp:featuredmedia":[{"embeddable":true,"href":"https:\/\/gysfm.com.ar\/inicio\/wp-json\/wp\/v2\/media\/142868"}],"wp:attachment":[{"href":"https:\/\/gysfm.com.ar\/inicio\/wp-json\/wp\/v2\/media?parent=142867"}],"wp:term":[{"taxonomy":"category","embeddable":true,"href":"https:\/\/gysfm.com.ar\/inicio\/wp-json\/wp\/v2\/categories?post=142867"},{"taxonomy":"post_tag","embeddable":true,"href":"https:\/\/gysfm.com.ar\/inicio\/wp-json\/wp\/v2\/tags?post=142867"}],"curies":[{"name":"wp","href":"https:\/\/api.w.org\/{rel}","templated":true}]}}