{"id":142865,"date":"2025-08-10T02:32:04","date_gmt":"2025-08-10T05:32:04","guid":{"rendered":"https:\/\/gysfm.com.ar\/inicio\/quienes-seran-los-invitados-de-la-pena-de-morfi-el-domingo-10-de-agosto\/"},"modified":"2025-08-10T02:32:04","modified_gmt":"2025-08-10T05:32:04","slug":"quienes-seran-los-invitados-de-la-pena-de-morfi-el-domingo-10-de-agosto","status":"publish","type":"post","link":"https:\/\/gysfm.com.ar\/inicio\/quienes-seran-los-invitados-de-la-pena-de-morfi-el-domingo-10-de-agosto\/","title":{"rendered":"Qui\u00e9nes ser\u00e1n los invitados de La Pe\u00f1a de Morfi el domingo 10 de agosto"},"content":{"rendered":"<p><\/p>\n<div id=\"article-content\">\n<p><strong><a target=\"_blank\" href=\"https:\/\/exitoina.perfil.com\/noticias\/television\/nuevos-convocados-masterchef-celebrity-varias-figuras-telefe-conductores-actores-y-cantantes.phtml\">Lizy Tagliani<\/a>\u00a0y\u00a0Diego Leuco\u00a0<\/strong>ya tienen todo listo para un nuevo programa de<em><strong>\u00a0<a target=\"_blank\" href=\"https:\/\/exitoina.perfil.com\/noticias\/television\/quienes-seran-invitados-la-pena-de-morfi-domingo-27-julio-increibles-shows.phtml\">La Pe\u00f1a de Morfi<\/a>\u00a0<\/strong><\/em>que se transmitir\u00e1 en la pantalla de\u00a0Telefe\u00a0y contar\u00e1 con grandes invitados que aportar\u00e1n todo\u00a0el humor, el carisma y el talento.\u00a0<\/p>\n<h2>\u00bfQui\u00e9nes ser\u00e1n los invitados de La Pe\u00f1a de Morfi?<\/h2>\n<p>Este domingo <strong>10 de agosto\u00a0<\/strong>las 12 horas,\u00a0recibe a <strong>La K\u00b4onga<\/strong> con un show a pura energ\u00eda y cuarteto. Adem\u00e1s, el folklore llega desde Salta con <strong>Las Voces de Or\u00e1n<\/strong>. Y, por primera vez como solista, visita la casa de la m\u00fasica <strong>Benja Torres <\/strong>para presentar su \u00e1lbum debut \u201cEspinas\u201d.<\/p>\n<div style=\"text-align:center\">\n<figure class=\"image\" style=\"display:inline-block\"><img decoding=\"async\" style=\"max-width: 100%; width: 100%;\" alt=\"La Pe\u00f1a de Morfi\" src=\"https:\/\/fotos.perfil.com\/\/2025\/08\/02\/900\/0\/la-pena-de-morfi-2073145.jpg\" loading=\"lazy\"\/>&#13;<figcaption>La Pe\u00f1a de Morfi<\/figcaption>&#13;<br \/>\n<\/figure>\n<\/div>\n<p>En la tradicional pulper\u00eda, tendr\u00e1\u00a0un invitado muy especial, <strong>Dady Brieva <\/strong>y toda la diversi\u00f3n con el equipo de <em>Fuera de Joda<\/em>, el programa de las tardes de Streams Telefe compuesto por <strong>Nacho Casta\u00f1ares, Tato Algorta, Luchi Patrone y Lean Saifir<\/strong>.\u00a0<strong>Barby Franco<\/strong> estar\u00e1 presente junto a los conductores para acompa\u00f1ar a las visitas.<br \/>&#13;<br \/>\n\u00a0<br \/>&#13;<br \/>\nPara terminar de hacer del domingo una verdadera fiesta,\u00a0<strong>Santiago Giorgini y Felicitas Pizarro<\/strong> compartir\u00e1n sus recetas m\u00e1s deliciosas, <strong>Ariel Rodr\u00edguez<\/strong> traer\u00e1 las noticias del deporte y\u00a0todo el humor con<strong> Pichu Straneo, Pachu Pe\u00f1a, Nazareno Mottola y Marcelo Ruiz D\u00edaz<\/strong>.<\/p>\n<h2>\u00bfQui\u00e9n podr\u00eda conducir La Pe\u00f1a de Morfi en 2026?<\/h2>\n<p><strong>Alejandro Castelo<\/strong>\u00a0dio la informaci\u00f3n en\u00a0<em>Los Profesionales de Siempre\u00a0<\/em>(El Nueve) y cont\u00f3: \u00ab<strong>La productora siente que, como es un programa que necesita de bandas, no es lo mismo cuando el que te entrevista sabe mucho del tema, como era Gerardo Rozin&#8230;<\/strong>\u00ab.<\/p>\n<p>\u00ab<strong>Diego Leuco<\/strong>\u00a0y\u00a0<strong>Lizy Tagliani<\/strong>\u00a0son conductores de primer nivel y est\u00e1n conformes, pero\u00a0<strong>la producci\u00f3n piensa en relanzar el programa en 2026<\/strong>\u00ab, agreg\u00f3.<\/p>\n<p>Luego, tras una serie de pistas a modo de enigm\u00e1tico, el panelista revel\u00f3 que\u00a0<strong>Fer Dente\u00a0podr\u00eda ocupar el lugar de los actuales conductores de\u00a0<em>La Pe\u00f1a de Morfi\u00a0<\/em>en Telefe.\u00a0<\/strong>\u00ab<strong>Est\u00e1 en carpeta<\/strong>\u00ab, asegur\u00f3, y aclar\u00f3 que por el momento no est\u00e1 definido si estar\u00eda solo o acompa\u00f1ado al frente del env\u00edo.<\/p>\n<\/p><\/div>\n<p><script>\n\t(function(d, s, id) {\n\t\tvar js, fjs = d.getElementsByTagName(s)[0];\n\t\tif (d.getElementById(id)) return;\n\t\tjs = d.createElement(s);\n\t\tjs.id = id;\n\t\tjs.src=\"https:\/\/connect.facebook.net\/es_LA\/sdk.js#xfbml=1&version=v3.1\";\n\t\tfjs.parentNode.insertBefore(js, fjs);\n\t}(document, 'script', 'facebook-jssdk'));\n<\/script><\/p>\n","protected":false},"excerpt":{"rendered":"<p>Lizy Tagliani\u00a0y\u00a0Diego Leuco\u00a0ya tienen todo listo para un nuevo programa de\u00a0La Pe\u00f1a de Morfi\u00a0que se transmitir\u00e1 en la pantalla de\u00a0Telefe\u00a0y contar\u00e1 con grandes invitados que aportar\u00e1n todo\u00a0el humor, el carisma y el talento.\u00a0 \u00bfQui\u00e9nes ser\u00e1n los invitados de La Pe\u00f1a de Morfi? Este domingo 10 de agosto\u00a0las 12 horas,\u00a0recibe a La K\u00b4onga con un show [&hellip;]<\/p>\n","protected":false},"author":2,"featured_media":142866,"comment_status":"closed","ping_status":"closed","sticky":false,"template":"","format":"standard","meta":{"footnotes":""},"categories":[25],"tags":[],"class_list":["post-142865","post","type-post","status-publish","format-standard","has-post-thumbnail","hentry","category-nacionales"],"yoast_head":"<!-- This site is optimized with the Yoast SEO plugin v24.4 - https:\/\/yoast.com\/wordpress\/plugins\/seo\/ -->\n<title>Qui\u00e9nes ser\u00e1n los invitados de La Pe\u00f1a de Morfi el domingo 10 de agosto - GYS NOTICIAS |<\/title>\n<meta name=\"robots\" content=\"index, follow, max-snippet:-1, max-image-preview:large, max-video-preview:-1\" \/>\n<link rel=\"canonical\" href=\"https:\/\/gysfm.com.ar\/inicio\/quienes-seran-los-invitados-de-la-pena-de-morfi-el-domingo-10-de-agosto\/\" \/>\n<meta property=\"og:locale\" content=\"es_ES\" \/>\n<meta property=\"og:type\" content=\"article\" \/>\n<meta property=\"og:title\" content=\"Qui\u00e9nes ser\u00e1n los invitados de La Pe\u00f1a de Morfi el domingo 10 de agosto - GYS NOTICIAS |\" \/>\n<meta property=\"og:description\" content=\"Lizy Tagliani\u00a0y\u00a0Diego Leuco\u00a0ya tienen todo listo para un nuevo programa de\u00a0La Pe\u00f1a de Morfi\u00a0que se transmitir\u00e1 en la pantalla de\u00a0Telefe\u00a0y contar\u00e1 con grandes invitados que aportar\u00e1n todo\u00a0el humor, el carisma y el talento.\u00a0 \u00bfQui\u00e9nes ser\u00e1n los invitados de La Pe\u00f1a de Morfi? Este domingo 10 de agosto\u00a0las 12 horas,\u00a0recibe a La K\u00b4onga con un show [&hellip;]\" \/>\n<meta property=\"og:url\" content=\"https:\/\/gysfm.com.ar\/inicio\/quienes-seran-los-invitados-de-la-pena-de-morfi-el-domingo-10-de-agosto\/\" \/>\n<meta property=\"og:site_name\" content=\"GYS NOTICIAS |\" \/>\n<meta property=\"article:published_time\" content=\"2025-08-10T05:32:04+00:00\" \/>\n<meta property=\"og:image\" content=\"https:\/\/fotos.perfil.com\/\/2025\/08\/02\/900\/0\/la-pena-de-morfi-2073145.jpg\" \/>\n<meta name=\"author\" content=\"Prensa G&amp;S FM\" \/>\n<meta name=\"twitter:card\" content=\"summary_large_image\" \/>\n<meta name=\"twitter:label1\" content=\"Escrito por\" \/>\n\t<meta name=\"twitter:data1\" content=\"Prensa G&amp;S FM\" \/>\n\t<meta name=\"twitter:label2\" content=\"Tiempo de lectura\" \/>\n\t<meta name=\"twitter:data2\" content=\"2 minutos\" \/>\n<script type=\"application\/ld+json\" class=\"yoast-schema-graph\">{\"@context\":\"https:\/\/schema.org\",\"@graph\":[{\"@type\":\"Article\",\"@id\":\"https:\/\/gysfm.com.ar\/inicio\/quienes-seran-los-invitados-de-la-pena-de-morfi-el-domingo-10-de-agosto\/#article\",\"isPartOf\":{\"@id\":\"https:\/\/gysfm.com.ar\/inicio\/quienes-seran-los-invitados-de-la-pena-de-morfi-el-domingo-10-de-agosto\/\"},\"author\":{\"name\":\"Prensa G&amp;S FM\",\"@id\":\"https:\/\/gysfm.com.ar\/inicio\/#\/schema\/person\/3abba7593ef2ad19e1be221d54383dc5\"},\"headline\":\"Qui\u00e9nes ser\u00e1n los invitados de La Pe\u00f1a de Morfi el domingo 10 de agosto\",\"datePublished\":\"2025-08-10T05:32:04+00:00\",\"mainEntityOfPage\":{\"@id\":\"https:\/\/gysfm.com.ar\/inicio\/quienes-seran-los-invitados-de-la-pena-de-morfi-el-domingo-10-de-agosto\/\"},\"wordCount\":373,\"publisher\":{\"@id\":\"https:\/\/gysfm.com.ar\/inicio\/#organization\"},\"image\":{\"@id\":\"https:\/\/gysfm.com.ar\/inicio\/quienes-seran-los-invitados-de-la-pena-de-morfi-el-domingo-10-de-agosto\/#primaryimage\"},\"thumbnailUrl\":\"https:\/\/gysfm.com.ar\/inicio\/wp-content\/uploads\/2025\/08\/lizy-tagliani-y-diego-leuco-2077368.jpg\",\"articleSection\":[\"NACIONALES\"],\"inLanguage\":\"es\"},{\"@type\":\"WebPage\",\"@id\":\"https:\/\/gysfm.com.ar\/inicio\/quienes-seran-los-invitados-de-la-pena-de-morfi-el-domingo-10-de-agosto\/\",\"url\":\"https:\/\/gysfm.com.ar\/inicio\/quienes-seran-los-invitados-de-la-pena-de-morfi-el-domingo-10-de-agosto\/\",\"name\":\"Qui\u00e9nes ser\u00e1n los invitados de La Pe\u00f1a de Morfi el domingo 10 de agosto - GYS NOTICIAS |\",\"isPartOf\":{\"@id\":\"https:\/\/gysfm.com.ar\/inicio\/#website\"},\"primaryImageOfPage\":{\"@id\":\"https:\/\/gysfm.com.ar\/inicio\/quienes-seran-los-invitados-de-la-pena-de-morfi-el-domingo-10-de-agosto\/#primaryimage\"},\"image\":{\"@id\":\"https:\/\/gysfm.com.ar\/inicio\/quienes-seran-los-invitados-de-la-pena-de-morfi-el-domingo-10-de-agosto\/#primaryimage\"},\"thumbnailUrl\":\"https:\/\/gysfm.com.ar\/inicio\/wp-content\/uploads\/2025\/08\/lizy-tagliani-y-diego-leuco-2077368.jpg\",\"datePublished\":\"2025-08-10T05:32:04+00:00\",\"breadcrumb\":{\"@id\":\"https:\/\/gysfm.com.ar\/inicio\/quienes-seran-los-invitados-de-la-pena-de-morfi-el-domingo-10-de-agosto\/#breadcrumb\"},\"inLanguage\":\"es\",\"potentialAction\":[{\"@type\":\"ReadAction\",\"target\":[\"https:\/\/gysfm.com.ar\/inicio\/quienes-seran-los-invitados-de-la-pena-de-morfi-el-domingo-10-de-agosto\/\"]}]},{\"@type\":\"ImageObject\",\"inLanguage\":\"es\",\"@id\":\"https:\/\/gysfm.com.ar\/inicio\/quienes-seran-los-invitados-de-la-pena-de-morfi-el-domingo-10-de-agosto\/#primaryimage\",\"url\":\"https:\/\/gysfm.com.ar\/inicio\/wp-content\/uploads\/2025\/08\/lizy-tagliani-y-diego-leuco-2077368.jpg\",\"contentUrl\":\"https:\/\/gysfm.com.ar\/inicio\/wp-content\/uploads\/2025\/08\/lizy-tagliani-y-diego-leuco-2077368.jpg\",\"width\":1140,\"height\":641},{\"@type\":\"BreadcrumbList\",\"@id\":\"https:\/\/gysfm.com.ar\/inicio\/quienes-seran-los-invitados-de-la-pena-de-morfi-el-domingo-10-de-agosto\/#breadcrumb\",\"itemListElement\":[{\"@type\":\"ListItem\",\"position\":1,\"name\":\"Portada\",\"item\":\"https:\/\/gysfm.com.ar\/inicio\/\"},{\"@type\":\"ListItem\",\"position\":2,\"name\":\"Qui\u00e9nes ser\u00e1n los invitados de La Pe\u00f1a de Morfi el domingo 10 de agosto\"}]},{\"@type\":\"WebSite\",\"@id\":\"https:\/\/gysfm.com.ar\/inicio\/#website\",\"url\":\"https:\/\/gysfm.com.ar\/inicio\/\",\"name\":\"GYS NOTICIAS |\",\"description\":\"DIARIO - RADIO ONLINE SAN JUAN ARGENTINA\",\"publisher\":{\"@id\":\"https:\/\/gysfm.com.ar\/inicio\/#organization\"},\"potentialAction\":[{\"@type\":\"SearchAction\",\"target\":{\"@type\":\"EntryPoint\",\"urlTemplate\":\"https:\/\/gysfm.com.ar\/inicio\/?s={search_term_string}\"},\"query-input\":{\"@type\":\"PropertyValueSpecification\",\"valueRequired\":true,\"valueName\":\"search_term_string\"}}],\"inLanguage\":\"es\"},{\"@type\":\"Organization\",\"@id\":\"https:\/\/gysfm.com.ar\/inicio\/#organization\",\"name\":\"GYS NOTICIAS |\",\"url\":\"https:\/\/gysfm.com.ar\/inicio\/\",\"logo\":{\"@type\":\"ImageObject\",\"inLanguage\":\"es\",\"@id\":\"https:\/\/gysfm.com.ar\/inicio\/#\/schema\/logo\/image\/\",\"url\":\"https:\/\/gysfm.com.ar\/inicio\/wp-content\/uploads\/2023\/07\/LOGOGYS-OK.png\",\"contentUrl\":\"https:\/\/gysfm.com.ar\/inicio\/wp-content\/uploads\/2023\/07\/LOGOGYS-OK.png\",\"width\":1170,\"height\":872,\"caption\":\"GYS NOTICIAS |\"},\"image\":{\"@id\":\"https:\/\/gysfm.com.ar\/inicio\/#\/schema\/logo\/image\/\"}},{\"@type\":\"Person\",\"@id\":\"https:\/\/gysfm.com.ar\/inicio\/#\/schema\/person\/3abba7593ef2ad19e1be221d54383dc5\",\"name\":\"Prensa G&amp;S FM\",\"image\":{\"@type\":\"ImageObject\",\"inLanguage\":\"es\",\"@id\":\"https:\/\/gysfm.com.ar\/inicio\/#\/schema\/person\/image\/\",\"url\":\"https:\/\/secure.gravatar.com\/avatar\/096ec78df02049ab018702bb4ccedf659377fa92a26540b5247612077a0dbd29?s=96&d=mm&r=g\",\"contentUrl\":\"https:\/\/secure.gravatar.com\/avatar\/096ec78df02049ab018702bb4ccedf659377fa92a26540b5247612077a0dbd29?s=96&d=mm&r=g\",\"caption\":\"Prensa G&amp;S FM\"},\"sameAs\":[\"https:\/\/gysfm.com.ar\/\"],\"url\":\"https:\/\/gysfm.com.ar\/inicio\/author\/lucasm\/\"}]}<\/script>\n<!-- \/ Yoast SEO plugin. -->","yoast_head_json":{"title":"Qui\u00e9nes ser\u00e1n los invitados de La Pe\u00f1a de Morfi el domingo 10 de agosto - GYS NOTICIAS |","robots":{"index":"index","follow":"follow","max-snippet":"max-snippet:-1","max-image-preview":"max-image-preview:large","max-video-preview":"max-video-preview:-1"},"canonical":"https:\/\/gysfm.com.ar\/inicio\/quienes-seran-los-invitados-de-la-pena-de-morfi-el-domingo-10-de-agosto\/","og_locale":"es_ES","og_type":"article","og_title":"Qui\u00e9nes ser\u00e1n los invitados de La Pe\u00f1a de Morfi el domingo 10 de agosto - GYS NOTICIAS |","og_description":"Lizy Tagliani\u00a0y\u00a0Diego Leuco\u00a0ya tienen todo listo para un nuevo programa de\u00a0La Pe\u00f1a de Morfi\u00a0que se transmitir\u00e1 en la pantalla de\u00a0Telefe\u00a0y contar\u00e1 con grandes invitados que aportar\u00e1n todo\u00a0el humor, el carisma y el talento.\u00a0 \u00bfQui\u00e9nes ser\u00e1n los invitados de La Pe\u00f1a de Morfi? Este domingo 10 de agosto\u00a0las 12 horas,\u00a0recibe a La K\u00b4onga con un show [&hellip;]","og_url":"https:\/\/gysfm.com.ar\/inicio\/quienes-seran-los-invitados-de-la-pena-de-morfi-el-domingo-10-de-agosto\/","og_site_name":"GYS NOTICIAS |","article_published_time":"2025-08-10T05:32:04+00:00","og_image":[{"url":"https:\/\/fotos.perfil.com\/\/2025\/08\/02\/900\/0\/la-pena-de-morfi-2073145.jpg","type":"","width":"","height":""}],"author":"Prensa G&amp;S FM","twitter_card":"summary_large_image","twitter_misc":{"Escrito por":"Prensa G&amp;S FM","Tiempo de lectura":"2 minutos"},"schema":{"@context":"https:\/\/schema.org","@graph":[{"@type":"Article","@id":"https:\/\/gysfm.com.ar\/inicio\/quienes-seran-los-invitados-de-la-pena-de-morfi-el-domingo-10-de-agosto\/#article","isPartOf":{"@id":"https:\/\/gysfm.com.ar\/inicio\/quienes-seran-los-invitados-de-la-pena-de-morfi-el-domingo-10-de-agosto\/"},"author":{"name":"Prensa G&amp;S FM","@id":"https:\/\/gysfm.com.ar\/inicio\/#\/schema\/person\/3abba7593ef2ad19e1be221d54383dc5"},"headline":"Qui\u00e9nes ser\u00e1n los invitados de La Pe\u00f1a de Morfi el domingo 10 de agosto","datePublished":"2025-08-10T05:32:04+00:00","mainEntityOfPage":{"@id":"https:\/\/gysfm.com.ar\/inicio\/quienes-seran-los-invitados-de-la-pena-de-morfi-el-domingo-10-de-agosto\/"},"wordCount":373,"publisher":{"@id":"https:\/\/gysfm.com.ar\/inicio\/#organization"},"image":{"@id":"https:\/\/gysfm.com.ar\/inicio\/quienes-seran-los-invitados-de-la-pena-de-morfi-el-domingo-10-de-agosto\/#primaryimage"},"thumbnailUrl":"https:\/\/gysfm.com.ar\/inicio\/wp-content\/uploads\/2025\/08\/lizy-tagliani-y-diego-leuco-2077368.jpg","articleSection":["NACIONALES"],"inLanguage":"es"},{"@type":"WebPage","@id":"https:\/\/gysfm.com.ar\/inicio\/quienes-seran-los-invitados-de-la-pena-de-morfi-el-domingo-10-de-agosto\/","url":"https:\/\/gysfm.com.ar\/inicio\/quienes-seran-los-invitados-de-la-pena-de-morfi-el-domingo-10-de-agosto\/","name":"Qui\u00e9nes ser\u00e1n los invitados de La Pe\u00f1a de Morfi el domingo 10 de agosto - GYS NOTICIAS |","isPartOf":{"@id":"https:\/\/gysfm.com.ar\/inicio\/#website"},"primaryImageOfPage":{"@id":"https:\/\/gysfm.com.ar\/inicio\/quienes-seran-los-invitados-de-la-pena-de-morfi-el-domingo-10-de-agosto\/#primaryimage"},"image":{"@id":"https:\/\/gysfm.com.ar\/inicio\/quienes-seran-los-invitados-de-la-pena-de-morfi-el-domingo-10-de-agosto\/#primaryimage"},"thumbnailUrl":"https:\/\/gysfm.com.ar\/inicio\/wp-content\/uploads\/2025\/08\/lizy-tagliani-y-diego-leuco-2077368.jpg","datePublished":"2025-08-10T05:32:04+00:00","breadcrumb":{"@id":"https:\/\/gysfm.com.ar\/inicio\/quienes-seran-los-invitados-de-la-pena-de-morfi-el-domingo-10-de-agosto\/#breadcrumb"},"inLanguage":"es","potentialAction":[{"@type":"ReadAction","target":["https:\/\/gysfm.com.ar\/inicio\/quienes-seran-los-invitados-de-la-pena-de-morfi-el-domingo-10-de-agosto\/"]}]},{"@type":"ImageObject","inLanguage":"es","@id":"https:\/\/gysfm.com.ar\/inicio\/quienes-seran-los-invitados-de-la-pena-de-morfi-el-domingo-10-de-agosto\/#primaryimage","url":"https:\/\/gysfm.com.ar\/inicio\/wp-content\/uploads\/2025\/08\/lizy-tagliani-y-diego-leuco-2077368.jpg","contentUrl":"https:\/\/gysfm.com.ar\/inicio\/wp-content\/uploads\/2025\/08\/lizy-tagliani-y-diego-leuco-2077368.jpg","width":1140,"height":641},{"@type":"BreadcrumbList","@id":"https:\/\/gysfm.com.ar\/inicio\/quienes-seran-los-invitados-de-la-pena-de-morfi-el-domingo-10-de-agosto\/#breadcrumb","itemListElement":[{"@type":"ListItem","position":1,"name":"Portada","item":"https:\/\/gysfm.com.ar\/inicio\/"},{"@type":"ListItem","position":2,"name":"Qui\u00e9nes ser\u00e1n los invitados de La Pe\u00f1a de Morfi el domingo 10 de agosto"}]},{"@type":"WebSite","@id":"https:\/\/gysfm.com.ar\/inicio\/#website","url":"https:\/\/gysfm.com.ar\/inicio\/","name":"GYS NOTICIAS |","description":"DIARIO - RADIO ONLINE SAN JUAN ARGENTINA","publisher":{"@id":"https:\/\/gysfm.com.ar\/inicio\/#organization"},"potentialAction":[{"@type":"SearchAction","target":{"@type":"EntryPoint","urlTemplate":"https:\/\/gysfm.com.ar\/inicio\/?s={search_term_string}"},"query-input":{"@type":"PropertyValueSpecification","valueRequired":true,"valueName":"search_term_string"}}],"inLanguage":"es"},{"@type":"Organization","@id":"https:\/\/gysfm.com.ar\/inicio\/#organization","name":"GYS NOTICIAS |","url":"https:\/\/gysfm.com.ar\/inicio\/","logo":{"@type":"ImageObject","inLanguage":"es","@id":"https:\/\/gysfm.com.ar\/inicio\/#\/schema\/logo\/image\/","url":"https:\/\/gysfm.com.ar\/inicio\/wp-content\/uploads\/2023\/07\/LOGOGYS-OK.png","contentUrl":"https:\/\/gysfm.com.ar\/inicio\/wp-content\/uploads\/2023\/07\/LOGOGYS-OK.png","width":1170,"height":872,"caption":"GYS NOTICIAS |"},"image":{"@id":"https:\/\/gysfm.com.ar\/inicio\/#\/schema\/logo\/image\/"}},{"@type":"Person","@id":"https:\/\/gysfm.com.ar\/inicio\/#\/schema\/person\/3abba7593ef2ad19e1be221d54383dc5","name":"Prensa G&amp;S FM","image":{"@type":"ImageObject","inLanguage":"es","@id":"https:\/\/gysfm.com.ar\/inicio\/#\/schema\/person\/image\/","url":"https:\/\/secure.gravatar.com\/avatar\/096ec78df02049ab018702bb4ccedf659377fa92a26540b5247612077a0dbd29?s=96&d=mm&r=g","contentUrl":"https:\/\/secure.gravatar.com\/avatar\/096ec78df02049ab018702bb4ccedf659377fa92a26540b5247612077a0dbd29?s=96&d=mm&r=g","caption":"Prensa G&amp;S FM"},"sameAs":["https:\/\/gysfm.com.ar\/"],"url":"https:\/\/gysfm.com.ar\/inicio\/author\/lucasm\/"}]}},"_links":{"self":[{"href":"https:\/\/gysfm.com.ar\/inicio\/wp-json\/wp\/v2\/posts\/142865","targetHints":{"allow":["GET"]}}],"collection":[{"href":"https:\/\/gysfm.com.ar\/inicio\/wp-json\/wp\/v2\/posts"}],"about":[{"href":"https:\/\/gysfm.com.ar\/inicio\/wp-json\/wp\/v2\/types\/post"}],"author":[{"embeddable":true,"href":"https:\/\/gysfm.com.ar\/inicio\/wp-json\/wp\/v2\/users\/2"}],"replies":[{"embeddable":true,"href":"https:\/\/gysfm.com.ar\/inicio\/wp-json\/wp\/v2\/comments?post=142865"}],"version-history":[{"count":0,"href":"https:\/\/gysfm.com.ar\/inicio\/wp-json\/wp\/v2\/posts\/142865\/revisions"}],"wp:featuredmedia":[{"embeddable":true,"href":"https:\/\/gysfm.com.ar\/inicio\/wp-json\/wp\/v2\/media\/142866"}],"wp:attachment":[{"href":"https:\/\/gysfm.com.ar\/inicio\/wp-json\/wp\/v2\/media?parent=142865"}],"wp:term":[{"taxonomy":"category","embeddable":true,"href":"https:\/\/gysfm.com.ar\/inicio\/wp-json\/wp\/v2\/categories?post=142865"},{"taxonomy":"post_tag","embeddable":true,"href":"https:\/\/gysfm.com.ar\/inicio\/wp-json\/wp\/v2\/tags?post=142865"}],"curies":[{"name":"wp","href":"https:\/\/api.w.org\/{rel}","templated":true}]}}