{"id":142862,"date":"2025-08-10T02:20:44","date_gmt":"2025-08-10T05:20:44","guid":{"rendered":"https:\/\/gysfm.com.ar\/inicio\/la-lucha-entre-el-miedo-y-la-codicia-va-a-marcar-las-proximas-semanas\/"},"modified":"2025-08-10T02:20:45","modified_gmt":"2025-08-10T05:20:45","slug":"la-lucha-entre-el-miedo-y-la-codicia-va-a-marcar-las-proximas-semanas","status":"publish","type":"post","link":"https:\/\/gysfm.com.ar\/inicio\/la-lucha-entre-el-miedo-y-la-codicia-va-a-marcar-las-proximas-semanas\/","title":{"rendered":"La lucha entre el miedo y la codicia va a marcar las pr\u00f3ximas semanas"},"content":{"rendered":"<p><\/p>\n<div>\n<p class=\"com-paragraph  --capital --s\">Al dicho \u201cel que se quem\u00f3 con leche, ve una vaca y llora\u201d, en el mercado argentino se le dice as\u00ed: <strong>\u201cel que se quem\u00f3 el 11 de agosto de 2019, ve una elecci\u00f3n y llora.\u201d<\/strong> Es que la ca\u00edda de los bonos y las acciones argentinos despu\u00e9s de las PASO de 2019 fue una de las m\u00e1s brutales de las que haya registros en el mundo, marcando a fuego al mundo inversor local y extranjero. <\/p>\n<p class=\"com-paragraph   --s\">El problema es que, a diferencia de la gran mayor\u00eda de los pa\u00edses del mundo, en las elecciones en la Argentina se dirimen dos modelos radicalmente distintos para la econom\u00eda, la inserci\u00f3n internacional y para casi todo. Mismo en el resto de Latinoam\u00e9rica, con excepci\u00f3n de Venezuela, Bolivia y otras luminarias, izquierda, centro y derecha llegaron a algunos acuerdos m\u00ednimos: el Banco Central tiene que ser independiente y no debe financiar al gobierno, la pol\u00edtica fiscal tiene que seguir ciertas reglas para evitar los ciclos pol\u00edticos de gasto, las deudas se pagan, y la econom\u00eda debe estar m\u00e1s o menos integrada al mundo. <\/p>\n<p class=\"com-paragraph   --s\"><strong>En la Argentina, las cosas son distintas. <\/strong>Para el kirchnerismo la inflaci\u00f3n no es un fen\u00f3meno monetario causado por el financiamiento con emisi\u00f3n del d\u00e9ficit fiscal, sino por empresarios monop\u00f3licos a los que hay que controlar o amenazar y, si todo falla, mejor manipular las cifras interviniendo el Indec. De hecho, el principal aspirante a suceder a Cristina Kirchner, Axel Kiciloff, fue ministro de econom\u00eda con el Indec intervenido, y hasta justific\u00f3 cuando ese organismo dej\u00f3 de publicar las cifras de pobreza, porque le \u201cparece una cifra bastante estigmatizante.\u201d<\/p>\n<p class=\"com-paragraph   --s\"><strong>El mercado asume, quiz\u00e1s correctamente, que si el kirchnerismo retorna al poder en 2027, volver\u00e1 a implementar las mismas pol\u00edticas fallidas que en el pasado<\/strong>, entre otras: cierre de la econom\u00eda, expansi\u00f3n del gasto fiscal financiado con emisi\u00f3n monetaria, e imposici\u00f3n de controles de capitales para evitar la p\u00e9rdida de reservas, con el consiguiente aumento de la brecha cambiaria. La hiperinflaci\u00f3n y un default de la deuda estar\u00edan en ese caso a la vuelta de la esquina. <\/p>\n<p class=\"com-paragraph   --s\"><strong>Esta percepci\u00f3n es la que va a guiar al mercado de aqu\u00ed a las elecciones bonaerenses del 7 de septiembre y hasta las nacionales del 26 de octubre.<\/strong> Llevar\u00e1 a algunos a dolarizar sus portafolios, presionando sobre la cotizaci\u00f3n del peso, y a las empresas a retrasar sus decisiones de inversi\u00f3n. Los riesgos ser\u00e1n mas palpables en las licitaciones de bonos del gobierno. En agosto vencen cerca de 30 billones de pesos y, aunque los tenedores de muchos de estos bonos est\u00e1n o encepados o limitados por regulaciones y por lo tanto tienen que renovarlos, las dudas persistir\u00e1n en cada licitaci\u00f3n quincenal.<\/p>\n<p class=\"com-paragraph   --s\"><strong>Pero el miedo no es el \u00fanico sentimiento que guiar\u00e1 las decisiones en las pr\u00f3ximas semanas. La codicia tambi\u00e9n jugar\u00e1 un rol.<\/strong> En primer lugar, el Gobierno se est\u00e1 encargando de fomentarla. Para ello, una pol\u00edtica monetaria contractiva (y err\u00e1tica, digamos todo), lleva las tasas de los bonos en pesos para arriba. Adem\u00e1s, para intentar que los inversores vendan d\u00f3lares para hacer el \u201c<em>carry trade<\/em>\u201d comprando estos bonos, el Banco Central (BCRA) vende cantidades crecientes de d\u00f3lares en el mercado de futuros. Seg\u00fan el Staff Report del Fondo Monetario Internacional (FMI), publicado a los pocos d\u00edas que su directorio aprobara la primera revisi\u00f3n del nuevo Programa de Facilidades Extendidas, ya llevaba vendidos US$5000 millones a fin de julio. Esto les permite a los inversores comprar d\u00f3lares a futuro \u201cbaratos\u201d, asegurando ya en d\u00f3lares las ganancias de sus inversiones en pesos. <\/p>\n<p class=\"com-paragraph   --s\">En segundo lugar, algunos en el mercado estar\u00e1n influidos por lo que en ingl\u00e9s se dice \u201cFOMO\u201d (<em>fear of missing out<\/em>), es decir,<strong> miedo a perderse el <\/strong><em><strong>rally <\/strong><\/em><strong>que podr\u00eda ocasionar un eventual triunfo del Gobierno<\/strong>. El riesgo pa\u00eds de la Argentina se encuentra cerca de los 735 puntos b\u00e1sicos. Es decir, un bono argentino en d\u00f3lares tiene una tasa de inter\u00e9s de 7,35% mas elevada que uno similar de los Estados Unidos. Es muy raro que un pa\u00eds con super\u00e1vit primario, uno de los pocos del mundo, con una econom\u00eda en crecimiento y un presidente que hace reformas y tiene respaldo popular pague una tasa tan elevada.<strong> El riesgo pa\u00eds de pa\u00edses con calificaciones crediticias como la que va a obtener la Argentina en un tiempo est\u00e1 en 500 puntos b\u00e1sicos o menos. <\/strong><\/p>\n<p class=\"com-paragraph   --s\">Adem\u00e1s, qued\u00f3 claro de la revisi\u00f3n del FMI que el organismo se plant\u00f3 y exigir\u00e1 al Gobierno y al BCRA que compren reservas. Si bien la meta de este a\u00f1o se redujo, <strong>va a haber compras en el segundo semestre, y lo que no se compr\u00f3 en 2025 se repondr\u00e1 en 2026 y 2027, lo que el mercado seguramente dar\u00e1 por bienvenido.<\/strong> El FMI sugiri\u00f3 que no solo compre el Tesoro, sino tambi\u00e9n el BCRA, siguiendo el formato que usan Chile y otros pa\u00edses de la regi\u00f3n. La semana pasada, por ejemplo, el Banco Central de Chile anunci\u00f3 un gigantesco programa de compra de reservas: hasta US$18500 millones a lo largo de tres a\u00f1os, a raz\u00f3n de hasta US$25 millones por d\u00eda. El peso chileno se depreci\u00f3 contra el d\u00f3lar s\u00f3lo cerca del 1% despu\u00e9s del anuncio, y ya est\u00e1 m\u00e1s apreciado que antes del anuncio. <strong>Tel\u00e9fono para el BCRA.<\/strong><\/p>\n<p class=\"com-paragraph   --s\">Algo parecido pasa con los bonos en pesos. Las tasas elevadas son en parte por la desconfianza electoral y en parte por la b\u00fasqueda del Gobierno de una pol\u00edtica monetaria restrictiva, que limite la cantidad de pesos en la econom\u00eda y por lo tanto la potencial corrida contra el peso. Pero, pasadas las elecciones, los precios de estos bonos tambi\u00e9n deber\u00edan subir. <\/p>\n<p class=\"com-paragraph   --s\"><strong>As\u00ed, el mercado se va a estar batiendo entre estos dos sentimientos en las pr\u00f3ximas semanas, subiendo o bajando al comp\u00e1s de las encuestas. Miedo vs. codicia, cara a cara. <\/strong>El mercado va a estar mirando dos par\u00e1metros del resultado electoral: primero y principal, cu\u00e1n vivo est\u00e1 el kirchnerismo y, segundo, qu\u00e9 nivel tiene adhesi\u00f3n tiene el Presidente. Hay dos problemas, sin embargo, que har\u00e1n dif\u00edcil medir estos par\u00e1metros con precisi\u00f3n. El primer test electoral importante, el de la provincia de Buenos Aires, que algunos ven como una especie de PASO, estar\u00e1 marcado por un fuerte ausentismo electoral. Esto puede potenciar el peso de la maquinaria electoral kirchnerista, ya que es la elecci\u00f3n que m\u00e1s les importa a los intendentes del Conurbano. Adem\u00e1s, la impresionante fragmentaci\u00f3n territorial que sufre la pol\u00edtica argentina hace m\u00e1s dif\u00edcil medir el resultado de la elecci\u00f3n de octubre. Cada provincia es un mundo; en algunas La Libertad Avanza (LLA) tiene acuerdos con partidos del antiguamente conocido como Juntos por el Cambio, y en otras no. Adem\u00e1s, en algunas de esas alianzas ser\u00e1 el socio principal, como en la Ciudad de Buenos Aires, y en otras figurar\u00e1 en la lista pero obtendr\u00e1 muy poco. <\/p>\n<p class=\"com-paragraph   --s\">M\u00e1s all\u00e1 de las subas y bajas de los precios de los activos financieros y de los per\u00edodos de euforia o de depresi\u00f3n del mercado, <strong>la realidad de la econom\u00eda real ser\u00e1 muy dura en los dos meses y medio que quedan para la elecci\u00f3n. Es decir, lo que subyace es una econom\u00eda en estanflaci\u00f3n. <\/strong><\/p>\n<p class=\"com-paragraph   --s\">La depreciaci\u00f3n del 13% del peso durante julio va a tener poco impacto en la inflaci\u00f3n (\u201c<em>pass through<\/em>\u201d), pero no nulo. Despu\u00e9s de una suba de precios que se estima cerca del 2% en julio, tal como indicaron los resultados ya publicados por la Ciudad de Buenos Aires, es probable que la inflaci\u00f3n de agosto est\u00e9 un poco por encima de la de julio. La inflaci\u00f3n de alimentos super\u00f3 el 2% la primer semana del mes, registrando el aumento m\u00e1s elevado desde la semana anterior al anuncio del nuevo acuerdo con el FMI. <\/p>\n<p class=\"com-paragraph   --s\">A medida que se consolide el modelo de flotaci\u00f3n del peso y de independencia de la pol\u00edtica monetaria de la fiscal, el <em>pass through<\/em> ir\u00e1 cayendo. Los productores y comerciantes locales mirar\u00e1n cada vez menos al d\u00f3lar para fijar los precios de venta. Es lo que ocurri\u00f3 en el resto de la regi\u00f3n a medida que fue adoptando reg\u00edmenes de metas de inflaci\u00f3n con flotaci\u00f3n cambiaria. Pero es un proceso que lleva a\u00f1os. De corto plazo, la forma de hacer bajar el pass through es a fuerza de recesi\u00f3n. El traspaso de tipo de cambio a precios es bajo porque la econom\u00eda est\u00e1 estancada. Las empresas no pueden traspasar los aumentos porque bajar\u00edan mucho las ventas. La aceleraci\u00f3n inflacionaria va a ser acotada, pero probablemente no venga acompa\u00f1ada de subas de salarios. Es decir, el salario real quiz\u00e1s caiga algo en estos meses. La suba de las tasas y la incertidumbre no son gratuitas. <\/p>\n<p class=\"com-paragraph   --s\">Las tasas de adelantos en pesos quedaron cerca del 55% anual, comparado con algo m\u00e1s del 35% antes del 10 de julio y el crecimiento del cr\u00e9dito se desaceler\u00f3, al comp\u00e1s que subieron los cr\u00e9ditos incobrables y los cheques rechazados. La calle est\u00e1 dura y los datos macro lo reflejan. La actividad econ\u00f3mica cay\u00f3 el 0,1% mensual en mayo seg\u00fan el Indec, y los datos preliminares muestran que habr\u00eda seguido estancada en junio y julio tambi\u00e9n. En ambos meses cayeron las ventas y la producci\u00f3n de autos y los despachos de cemento subieron algo en junio pero cayeron en julio cuando se los mide de manera desestacionalizada. Las importaciones vienen cayendo de manera desestacionalizada desde febrero. <\/p>\n<p class=\"com-paragraph   --s\"><strong>Este escenario durar\u00e1 solo hasta las elecciones. Si, como sugieren las encuestas, el Gobierno y sus aliados hacen una buena elecci\u00f3n, la codicia terminar\u00e1 venciendo al miedo.<\/strong> El ingreso de capitales se acelerar\u00e1 y bajar\u00e1n las tasas de inter\u00e9s, alimentando una reaceleraci\u00f3n de la econom\u00eda. La puerta estar\u00e1 abierta para iniciar un ciclo virtuoso. Falta ver si el Gobierno la logra abrir, y si del otro lado no lo est\u00e1n esperando con piedras, como a Macri en 2017.<\/p>\n<section class=\"container-center-100 mb-40 border border-bottom border-thin border-neutral-light-700\">\n<hr\/>\n<\/section>\n<\/div>\n","protected":false},"excerpt":{"rendered":"<p>Al dicho \u201cel que se quem\u00f3 con leche, ve una vaca y llora\u201d, en el mercado argentino se le dice as\u00ed: \u201cel que se quem\u00f3 el 11 de agosto de 2019, ve una elecci\u00f3n y llora.\u201d Es que la ca\u00edda de los bonos y las acciones argentinos despu\u00e9s de las PASO de 2019 fue una [&hellip;]<\/p>\n","protected":false},"author":1,"featured_media":142863,"comment_status":"closed","ping_status":"closed","sticky":false,"template":"","format":"standard","meta":{"footnotes":""},"categories":[28],"tags":[],"class_list":["post-142862","post","type-post","status-publish","format-standard","has-post-thumbnail","hentry","category-economia"],"yoast_head":"<!-- This site is optimized with the Yoast SEO plugin v24.4 - https:\/\/yoast.com\/wordpress\/plugins\/seo\/ -->\n<title>La lucha entre el miedo y la codicia va a marcar las pr\u00f3ximas semanas - GYS NOTICIAS |<\/title>\n<meta name=\"robots\" content=\"index, follow, max-snippet:-1, max-image-preview:large, max-video-preview:-1\" \/>\n<link rel=\"canonical\" href=\"https:\/\/gysfm.com.ar\/inicio\/la-lucha-entre-el-miedo-y-la-codicia-va-a-marcar-las-proximas-semanas\/\" \/>\n<meta property=\"og:locale\" content=\"es_ES\" \/>\n<meta property=\"og:type\" content=\"article\" \/>\n<meta property=\"og:title\" content=\"La lucha entre el miedo y la codicia va a marcar las pr\u00f3ximas semanas - GYS NOTICIAS |\" \/>\n<meta property=\"og:description\" content=\"Al dicho \u201cel que se quem\u00f3 con leche, ve una vaca y llora\u201d, en el mercado argentino se le dice as\u00ed: \u201cel que se quem\u00f3 el 11 de agosto de 2019, ve una elecci\u00f3n y llora.\u201d Es que la ca\u00edda de los bonos y las acciones argentinos despu\u00e9s de las PASO de 2019 fue una [&hellip;]\" \/>\n<meta property=\"og:url\" content=\"https:\/\/gysfm.com.ar\/inicio\/la-lucha-entre-el-miedo-y-la-codicia-va-a-marcar-las-proximas-semanas\/\" \/>\n<meta property=\"og:site_name\" content=\"GYS NOTICIAS |\" \/>\n<meta property=\"article:published_time\" content=\"2025-08-10T05:20:44+00:00\" \/>\n<meta property=\"article:modified_time\" content=\"2025-08-10T05:20:45+00:00\" \/>\n<meta property=\"og:image\" content=\"https:\/\/gysfm.com.ar\/inicio\/wp-content\/uploads\/2025\/08\/el-presidente-javier-milei-el-gobernador-axel-WD5ROSVO5RGM3EOZNB65PTLB2I.jpg\" \/>\n\t<meta property=\"og:image:width\" content=\"1200\" \/>\n\t<meta property=\"og:image:height\" content=\"800\" \/>\n\t<meta property=\"og:image:type\" content=\"image\/jpeg\" \/>\n<meta name=\"author\" content=\"admin\" \/>\n<meta name=\"twitter:card\" content=\"summary_large_image\" \/>\n<meta name=\"twitter:label1\" content=\"Escrito por\" \/>\n\t<meta name=\"twitter:data1\" content=\"admin\" \/>\n\t<meta name=\"twitter:label2\" content=\"Tiempo de lectura\" \/>\n\t<meta name=\"twitter:data2\" content=\"9 minutos\" \/>\n<script type=\"application\/ld+json\" class=\"yoast-schema-graph\">{\"@context\":\"https:\/\/schema.org\",\"@graph\":[{\"@type\":\"Article\",\"@id\":\"https:\/\/gysfm.com.ar\/inicio\/la-lucha-entre-el-miedo-y-la-codicia-va-a-marcar-las-proximas-semanas\/#article\",\"isPartOf\":{\"@id\":\"https:\/\/gysfm.com.ar\/inicio\/la-lucha-entre-el-miedo-y-la-codicia-va-a-marcar-las-proximas-semanas\/\"},\"author\":{\"name\":\"admin\",\"@id\":\"https:\/\/gysfm.com.ar\/inicio\/#\/schema\/person\/5bedd7ecd35cc35548d89effafa23696\"},\"headline\":\"La lucha entre el miedo y la codicia va a marcar las pr\u00f3ximas semanas\",\"datePublished\":\"2025-08-10T05:20:44+00:00\",\"dateModified\":\"2025-08-10T05:20:45+00:00\",\"mainEntityOfPage\":{\"@id\":\"https:\/\/gysfm.com.ar\/inicio\/la-lucha-entre-el-miedo-y-la-codicia-va-a-marcar-las-proximas-semanas\/\"},\"wordCount\":1762,\"publisher\":{\"@id\":\"https:\/\/gysfm.com.ar\/inicio\/#organization\"},\"image\":{\"@id\":\"https:\/\/gysfm.com.ar\/inicio\/la-lucha-entre-el-miedo-y-la-codicia-va-a-marcar-las-proximas-semanas\/#primaryimage\"},\"thumbnailUrl\":\"https:\/\/gysfm.com.ar\/inicio\/wp-content\/uploads\/2025\/08\/el-presidente-javier-milei-el-gobernador-axel-WD5ROSVO5RGM3EOZNB65PTLB2I.jpg\",\"articleSection\":[\"ECONOMIA\"],\"inLanguage\":\"es\"},{\"@type\":\"WebPage\",\"@id\":\"https:\/\/gysfm.com.ar\/inicio\/la-lucha-entre-el-miedo-y-la-codicia-va-a-marcar-las-proximas-semanas\/\",\"url\":\"https:\/\/gysfm.com.ar\/inicio\/la-lucha-entre-el-miedo-y-la-codicia-va-a-marcar-las-proximas-semanas\/\",\"name\":\"La lucha entre el miedo y la codicia va a marcar las pr\u00f3ximas semanas - GYS NOTICIAS |\",\"isPartOf\":{\"@id\":\"https:\/\/gysfm.com.ar\/inicio\/#website\"},\"primaryImageOfPage\":{\"@id\":\"https:\/\/gysfm.com.ar\/inicio\/la-lucha-entre-el-miedo-y-la-codicia-va-a-marcar-las-proximas-semanas\/#primaryimage\"},\"image\":{\"@id\":\"https:\/\/gysfm.com.ar\/inicio\/la-lucha-entre-el-miedo-y-la-codicia-va-a-marcar-las-proximas-semanas\/#primaryimage\"},\"thumbnailUrl\":\"https:\/\/gysfm.com.ar\/inicio\/wp-content\/uploads\/2025\/08\/el-presidente-javier-milei-el-gobernador-axel-WD5ROSVO5RGM3EOZNB65PTLB2I.jpg\",\"datePublished\":\"2025-08-10T05:20:44+00:00\",\"dateModified\":\"2025-08-10T05:20:45+00:00\",\"breadcrumb\":{\"@id\":\"https:\/\/gysfm.com.ar\/inicio\/la-lucha-entre-el-miedo-y-la-codicia-va-a-marcar-las-proximas-semanas\/#breadcrumb\"},\"inLanguage\":\"es\",\"potentialAction\":[{\"@type\":\"ReadAction\",\"target\":[\"https:\/\/gysfm.com.ar\/inicio\/la-lucha-entre-el-miedo-y-la-codicia-va-a-marcar-las-proximas-semanas\/\"]}]},{\"@type\":\"ImageObject\",\"inLanguage\":\"es\",\"@id\":\"https:\/\/gysfm.com.ar\/inicio\/la-lucha-entre-el-miedo-y-la-codicia-va-a-marcar-las-proximas-semanas\/#primaryimage\",\"url\":\"https:\/\/gysfm.com.ar\/inicio\/wp-content\/uploads\/2025\/08\/el-presidente-javier-milei-el-gobernador-axel-WD5ROSVO5RGM3EOZNB65PTLB2I.jpg\",\"contentUrl\":\"https:\/\/gysfm.com.ar\/inicio\/wp-content\/uploads\/2025\/08\/el-presidente-javier-milei-el-gobernador-axel-WD5ROSVO5RGM3EOZNB65PTLB2I.jpg\",\"width\":1200,\"height\":800},{\"@type\":\"BreadcrumbList\",\"@id\":\"https:\/\/gysfm.com.ar\/inicio\/la-lucha-entre-el-miedo-y-la-codicia-va-a-marcar-las-proximas-semanas\/#breadcrumb\",\"itemListElement\":[{\"@type\":\"ListItem\",\"position\":1,\"name\":\"Portada\",\"item\":\"https:\/\/gysfm.com.ar\/inicio\/\"},{\"@type\":\"ListItem\",\"position\":2,\"name\":\"La lucha entre el miedo y la codicia va a marcar las pr\u00f3ximas semanas\"}]},{\"@type\":\"WebSite\",\"@id\":\"https:\/\/gysfm.com.ar\/inicio\/#website\",\"url\":\"https:\/\/gysfm.com.ar\/inicio\/\",\"name\":\"GYS NOTICIAS |\",\"description\":\"DIARIO - RADIO ONLINE SAN JUAN ARGENTINA\",\"publisher\":{\"@id\":\"https:\/\/gysfm.com.ar\/inicio\/#organization\"},\"potentialAction\":[{\"@type\":\"SearchAction\",\"target\":{\"@type\":\"EntryPoint\",\"urlTemplate\":\"https:\/\/gysfm.com.ar\/inicio\/?s={search_term_string}\"},\"query-input\":{\"@type\":\"PropertyValueSpecification\",\"valueRequired\":true,\"valueName\":\"search_term_string\"}}],\"inLanguage\":\"es\"},{\"@type\":\"Organization\",\"@id\":\"https:\/\/gysfm.com.ar\/inicio\/#organization\",\"name\":\"GYS NOTICIAS |\",\"url\":\"https:\/\/gysfm.com.ar\/inicio\/\",\"logo\":{\"@type\":\"ImageObject\",\"inLanguage\":\"es\",\"@id\":\"https:\/\/gysfm.com.ar\/inicio\/#\/schema\/logo\/image\/\",\"url\":\"https:\/\/gysfm.com.ar\/inicio\/wp-content\/uploads\/2023\/07\/LOGOGYS-OK.png\",\"contentUrl\":\"https:\/\/gysfm.com.ar\/inicio\/wp-content\/uploads\/2023\/07\/LOGOGYS-OK.png\",\"width\":1170,\"height\":872,\"caption\":\"GYS NOTICIAS |\"},\"image\":{\"@id\":\"https:\/\/gysfm.com.ar\/inicio\/#\/schema\/logo\/image\/\"}},{\"@type\":\"Person\",\"@id\":\"https:\/\/gysfm.com.ar\/inicio\/#\/schema\/person\/5bedd7ecd35cc35548d89effafa23696\",\"name\":\"admin\",\"image\":{\"@type\":\"ImageObject\",\"inLanguage\":\"es\",\"@id\":\"https:\/\/gysfm.com.ar\/inicio\/#\/schema\/person\/image\/\",\"url\":\"https:\/\/secure.gravatar.com\/avatar\/c331d312b5243fb64d5ba28108a447b27c925295129a363082c9ea52c28d32c2?s=96&d=mm&r=g\",\"contentUrl\":\"https:\/\/secure.gravatar.com\/avatar\/c331d312b5243fb64d5ba28108a447b27c925295129a363082c9ea52c28d32c2?s=96&d=mm&r=g\",\"caption\":\"admin\"},\"sameAs\":[\"https:\/\/gysfm.com.ar\/inicio\"],\"url\":\"https:\/\/gysfm.com.ar\/inicio\/author\/admin\/\"}]}<\/script>\n<!-- \/ Yoast SEO plugin. -->","yoast_head_json":{"title":"La lucha entre el miedo y la codicia va a marcar las pr\u00f3ximas semanas - GYS NOTICIAS |","robots":{"index":"index","follow":"follow","max-snippet":"max-snippet:-1","max-image-preview":"max-image-preview:large","max-video-preview":"max-video-preview:-1"},"canonical":"https:\/\/gysfm.com.ar\/inicio\/la-lucha-entre-el-miedo-y-la-codicia-va-a-marcar-las-proximas-semanas\/","og_locale":"es_ES","og_type":"article","og_title":"La lucha entre el miedo y la codicia va a marcar las pr\u00f3ximas semanas - GYS NOTICIAS |","og_description":"Al dicho \u201cel que se quem\u00f3 con leche, ve una vaca y llora\u201d, en el mercado argentino se le dice as\u00ed: \u201cel que se quem\u00f3 el 11 de agosto de 2019, ve una elecci\u00f3n y llora.\u201d Es que la ca\u00edda de los bonos y las acciones argentinos despu\u00e9s de las PASO de 2019 fue una [&hellip;]","og_url":"https:\/\/gysfm.com.ar\/inicio\/la-lucha-entre-el-miedo-y-la-codicia-va-a-marcar-las-proximas-semanas\/","og_site_name":"GYS NOTICIAS |","article_published_time":"2025-08-10T05:20:44+00:00","article_modified_time":"2025-08-10T05:20:45+00:00","og_image":[{"width":1200,"height":800,"url":"https:\/\/gysfm.com.ar\/inicio\/wp-content\/uploads\/2025\/08\/el-presidente-javier-milei-el-gobernador-axel-WD5ROSVO5RGM3EOZNB65PTLB2I.jpg","type":"image\/jpeg"}],"author":"admin","twitter_card":"summary_large_image","twitter_misc":{"Escrito por":"admin","Tiempo de lectura":"9 minutos"},"schema":{"@context":"https:\/\/schema.org","@graph":[{"@type":"Article","@id":"https:\/\/gysfm.com.ar\/inicio\/la-lucha-entre-el-miedo-y-la-codicia-va-a-marcar-las-proximas-semanas\/#article","isPartOf":{"@id":"https:\/\/gysfm.com.ar\/inicio\/la-lucha-entre-el-miedo-y-la-codicia-va-a-marcar-las-proximas-semanas\/"},"author":{"name":"admin","@id":"https:\/\/gysfm.com.ar\/inicio\/#\/schema\/person\/5bedd7ecd35cc35548d89effafa23696"},"headline":"La lucha entre el miedo y la codicia va a marcar las pr\u00f3ximas semanas","datePublished":"2025-08-10T05:20:44+00:00","dateModified":"2025-08-10T05:20:45+00:00","mainEntityOfPage":{"@id":"https:\/\/gysfm.com.ar\/inicio\/la-lucha-entre-el-miedo-y-la-codicia-va-a-marcar-las-proximas-semanas\/"},"wordCount":1762,"publisher":{"@id":"https:\/\/gysfm.com.ar\/inicio\/#organization"},"image":{"@id":"https:\/\/gysfm.com.ar\/inicio\/la-lucha-entre-el-miedo-y-la-codicia-va-a-marcar-las-proximas-semanas\/#primaryimage"},"thumbnailUrl":"https:\/\/gysfm.com.ar\/inicio\/wp-content\/uploads\/2025\/08\/el-presidente-javier-milei-el-gobernador-axel-WD5ROSVO5RGM3EOZNB65PTLB2I.jpg","articleSection":["ECONOMIA"],"inLanguage":"es"},{"@type":"WebPage","@id":"https:\/\/gysfm.com.ar\/inicio\/la-lucha-entre-el-miedo-y-la-codicia-va-a-marcar-las-proximas-semanas\/","url":"https:\/\/gysfm.com.ar\/inicio\/la-lucha-entre-el-miedo-y-la-codicia-va-a-marcar-las-proximas-semanas\/","name":"La lucha entre el miedo y la codicia va a marcar las pr\u00f3ximas semanas - GYS NOTICIAS |","isPartOf":{"@id":"https:\/\/gysfm.com.ar\/inicio\/#website"},"primaryImageOfPage":{"@id":"https:\/\/gysfm.com.ar\/inicio\/la-lucha-entre-el-miedo-y-la-codicia-va-a-marcar-las-proximas-semanas\/#primaryimage"},"image":{"@id":"https:\/\/gysfm.com.ar\/inicio\/la-lucha-entre-el-miedo-y-la-codicia-va-a-marcar-las-proximas-semanas\/#primaryimage"},"thumbnailUrl":"https:\/\/gysfm.com.ar\/inicio\/wp-content\/uploads\/2025\/08\/el-presidente-javier-milei-el-gobernador-axel-WD5ROSVO5RGM3EOZNB65PTLB2I.jpg","datePublished":"2025-08-10T05:20:44+00:00","dateModified":"2025-08-10T05:20:45+00:00","breadcrumb":{"@id":"https:\/\/gysfm.com.ar\/inicio\/la-lucha-entre-el-miedo-y-la-codicia-va-a-marcar-las-proximas-semanas\/#breadcrumb"},"inLanguage":"es","potentialAction":[{"@type":"ReadAction","target":["https:\/\/gysfm.com.ar\/inicio\/la-lucha-entre-el-miedo-y-la-codicia-va-a-marcar-las-proximas-semanas\/"]}]},{"@type":"ImageObject","inLanguage":"es","@id":"https:\/\/gysfm.com.ar\/inicio\/la-lucha-entre-el-miedo-y-la-codicia-va-a-marcar-las-proximas-semanas\/#primaryimage","url":"https:\/\/gysfm.com.ar\/inicio\/wp-content\/uploads\/2025\/08\/el-presidente-javier-milei-el-gobernador-axel-WD5ROSVO5RGM3EOZNB65PTLB2I.jpg","contentUrl":"https:\/\/gysfm.com.ar\/inicio\/wp-content\/uploads\/2025\/08\/el-presidente-javier-milei-el-gobernador-axel-WD5ROSVO5RGM3EOZNB65PTLB2I.jpg","width":1200,"height":800},{"@type":"BreadcrumbList","@id":"https:\/\/gysfm.com.ar\/inicio\/la-lucha-entre-el-miedo-y-la-codicia-va-a-marcar-las-proximas-semanas\/#breadcrumb","itemListElement":[{"@type":"ListItem","position":1,"name":"Portada","item":"https:\/\/gysfm.com.ar\/inicio\/"},{"@type":"ListItem","position":2,"name":"La lucha entre el miedo y la codicia va a marcar las pr\u00f3ximas semanas"}]},{"@type":"WebSite","@id":"https:\/\/gysfm.com.ar\/inicio\/#website","url":"https:\/\/gysfm.com.ar\/inicio\/","name":"GYS NOTICIAS |","description":"DIARIO - RADIO ONLINE SAN JUAN ARGENTINA","publisher":{"@id":"https:\/\/gysfm.com.ar\/inicio\/#organization"},"potentialAction":[{"@type":"SearchAction","target":{"@type":"EntryPoint","urlTemplate":"https:\/\/gysfm.com.ar\/inicio\/?s={search_term_string}"},"query-input":{"@type":"PropertyValueSpecification","valueRequired":true,"valueName":"search_term_string"}}],"inLanguage":"es"},{"@type":"Organization","@id":"https:\/\/gysfm.com.ar\/inicio\/#organization","name":"GYS NOTICIAS |","url":"https:\/\/gysfm.com.ar\/inicio\/","logo":{"@type":"ImageObject","inLanguage":"es","@id":"https:\/\/gysfm.com.ar\/inicio\/#\/schema\/logo\/image\/","url":"https:\/\/gysfm.com.ar\/inicio\/wp-content\/uploads\/2023\/07\/LOGOGYS-OK.png","contentUrl":"https:\/\/gysfm.com.ar\/inicio\/wp-content\/uploads\/2023\/07\/LOGOGYS-OK.png","width":1170,"height":872,"caption":"GYS NOTICIAS |"},"image":{"@id":"https:\/\/gysfm.com.ar\/inicio\/#\/schema\/logo\/image\/"}},{"@type":"Person","@id":"https:\/\/gysfm.com.ar\/inicio\/#\/schema\/person\/5bedd7ecd35cc35548d89effafa23696","name":"admin","image":{"@type":"ImageObject","inLanguage":"es","@id":"https:\/\/gysfm.com.ar\/inicio\/#\/schema\/person\/image\/","url":"https:\/\/secure.gravatar.com\/avatar\/c331d312b5243fb64d5ba28108a447b27c925295129a363082c9ea52c28d32c2?s=96&d=mm&r=g","contentUrl":"https:\/\/secure.gravatar.com\/avatar\/c331d312b5243fb64d5ba28108a447b27c925295129a363082c9ea52c28d32c2?s=96&d=mm&r=g","caption":"admin"},"sameAs":["https:\/\/gysfm.com.ar\/inicio"],"url":"https:\/\/gysfm.com.ar\/inicio\/author\/admin\/"}]}},"_links":{"self":[{"href":"https:\/\/gysfm.com.ar\/inicio\/wp-json\/wp\/v2\/posts\/142862","targetHints":{"allow":["GET"]}}],"collection":[{"href":"https:\/\/gysfm.com.ar\/inicio\/wp-json\/wp\/v2\/posts"}],"about":[{"href":"https:\/\/gysfm.com.ar\/inicio\/wp-json\/wp\/v2\/types\/post"}],"author":[{"embeddable":true,"href":"https:\/\/gysfm.com.ar\/inicio\/wp-json\/wp\/v2\/users\/1"}],"replies":[{"embeddable":true,"href":"https:\/\/gysfm.com.ar\/inicio\/wp-json\/wp\/v2\/comments?post=142862"}],"version-history":[{"count":1,"href":"https:\/\/gysfm.com.ar\/inicio\/wp-json\/wp\/v2\/posts\/142862\/revisions"}],"predecessor-version":[{"id":142864,"href":"https:\/\/gysfm.com.ar\/inicio\/wp-json\/wp\/v2\/posts\/142862\/revisions\/142864"}],"wp:featuredmedia":[{"embeddable":true,"href":"https:\/\/gysfm.com.ar\/inicio\/wp-json\/wp\/v2\/media\/142863"}],"wp:attachment":[{"href":"https:\/\/gysfm.com.ar\/inicio\/wp-json\/wp\/v2\/media?parent=142862"}],"wp:term":[{"taxonomy":"category","embeddable":true,"href":"https:\/\/gysfm.com.ar\/inicio\/wp-json\/wp\/v2\/categories?post=142862"},{"taxonomy":"post_tag","embeddable":true,"href":"https:\/\/gysfm.com.ar\/inicio\/wp-json\/wp\/v2\/tags?post=142862"}],"curies":[{"name":"wp","href":"https:\/\/api.w.org\/{rel}","templated":true}]}}