{"id":142860,"date":"2025-08-10T02:01:13","date_gmt":"2025-08-10T05:01:13","guid":{"rendered":"https:\/\/gysfm.com.ar\/inicio\/juan-otero-se-tildo-de-toxico-con-su-novio-y-fue-fuertemente-repudiado-en-la-red\/"},"modified":"2025-08-10T02:01:13","modified_gmt":"2025-08-10T05:01:13","slug":"juan-otero-se-tildo-de-toxico-con-su-novio-y-fue-fuertemente-repudiado-en-la-red","status":"publish","type":"post","link":"https:\/\/gysfm.com.ar\/inicio\/juan-otero-se-tildo-de-toxico-con-su-novio-y-fue-fuertemente-repudiado-en-la-red\/","title":{"rendered":"Juan Otero se tild\u00f3 de \u00abt\u00f3xico\u00bb con su novio y fue fuertemente repudiado en la red"},"content":{"rendered":"<p><\/p>\n<div id=\"article-content\">\n<p><a target=\"_blank\" href=\"https:\/\/exitoina.perfil.com\/noticias\/destacada\/juan-otero-refirio-condena-cristina-kirchner-tiene-ser-asi.phtml\"><strong>Juan Otero<\/strong><\/a> fue repudiado en la red luego de que se divulgara un testimonio de \u00e9l revelando algunas<strong> inseguridades que tiene con su novio <a target=\"_blank\" href=\"https:\/\/exitoina.perfil.com\/noticias\/destacada\/quien-es-mateo-lofeudo-novio-juan-otero-yerno-florencia-pena.phtml\">Mateo Lofeudo<\/a>.<\/strong>\u00a0<\/p>\n<p>En una entrevista con El Pollo \u00c1lvarez para<em> Infobae<\/em>, el hijo de Flor Pe\u00f1a s\u00e9 sincero con respecto a su actual romance y se describi\u00f3:<strong> \u00abYo soy la persona m\u00e1s t\u00f3xica del mundo. <\/strong>Posta mi novio es muy lindo, y no parece gay, aparte. Entonces se le tiran mujeres y hombres\u00bb.\u00a0<\/p>\n<p>Entonces, comenz\u00f3 a narrar algunas situaciones: \u00abTe digo la verdad, ahora que estoy en pareja no salgo nunca. \u00bfSab\u00e9s qu\u00e9 pasa?<strong> A m\u00ed no me gusta que salga \u00e9l entonces no salgo. <\/strong>Si \u00e9l sale, \u00bfC\u00f3mo mierda me entero de lo que va a hacer esa noche?<strong> Creo que hay una cuesti\u00f3n energ\u00e9tica de que si me caga, yo me entero.<\/strong> La verdad que me cuesta salir con \u00e9l, y que \u00e9l salga tambi\u00e9n\u00bb.\u00a0<\/p>\n<p><iframe id=\"vrudo\" class=\"vrudo\" src=\"https:\/\/rudo.video\/vod\/bUKMCl?volume=0\" width=\"100%\" height=\"100%\" allowscriptaccess=\"always\" allowfullscreen=\"true\" webkitallowfullscreen=\"true\" frameborder=\"0\" scrolling=\"no\" allow=\"autoplay; fullscreen\" loading=\"lazy\"><\/iframe><\/p>\n<p>Incluso, las cr\u00edticas aumentaron cuando cont\u00f3:<strong> \u00abNos tenemos rastreados igual, con una aplicaci\u00f3n. <\/strong>Yo s\u00e9 lo que est\u00e1 haciendo, si est\u00e1 caminando, si est\u00e1 en auto, si est\u00e1 comiendo, si est\u00e1 cargando el tel\u00e9fono, si no tiene bater\u00eda\u00bb. En ese momento, hasta el conductor se sorprendi\u00f3:\u00a0\u00abEst\u00e1 mal. Free\u00bb.<\/p>\n<p>Pero, \u00e9l no dio el brazo a torcer: \u00abNo, no est\u00e1 mal. Ni en pedo somos libres. <strong>Yo quiero tener la tranquilidad de que est\u00e1 en su casa o de que est\u00e1 trabajando. O sea, sale del trabajo y no va a su casa. Yo tengo que saber qu\u00e9 hace.<\/strong> Entonces le escribo y lo videollamo porque te delata si est\u00e1s con alguien\u00bb. Y cerr\u00f3: \u00abIgual \u00e9l tambi\u00e9n es medio t\u00f3xico,<strong> \u00e9l aprendi\u00f3 a ser t\u00f3xico de mi<\/strong>\u00ab.<\/p>\n<p>Por esa raz\u00f3n, los internautas lo destrozaron:\u00a0<\/p>\n<ul>&#13;<\/p>\n<li>\u00ab\u00bfQui\u00e9n es? Est\u00e1 muy enfermo ese muchacho, necesita urgente tratamiento\u00bb<\/li>\n<p>&#13;<\/p>\n<li>\u00abLos j\u00f3venes aplican lo mismo que reciben de sus padres: el control constante, el ahogo y la obsesi\u00f3n por saber qu\u00e9 hace el otro todo el tiempo\u00bb<\/li>\n<p>&#13;<\/p>\n<li>\u00abTiene 15 a\u00f1os&#8230; supongo que est\u00e1\u00a0bueno que estos temas se hablen y se sepan como son las relaciones entre los adolescentes hoy d\u00eda. Donde todo parece m\u00e1s free resulta un mar de inseguridades que llevan al control\u2026 est\u00e1\u00a0bueno que los adultos charlemos con los pibes estos temas\u00bb<\/li>\n<p>&#13;<\/p>\n<li>\u00abNo me parece gracioso ni siquiera. Es un espanto lo que dice. La madre lucha con el discurso de que lo cri\u00f3 libre y abierto, y es m\u00e1s t\u00f3xico que la lavandina\u00bb<\/li>\n<p>&#13;\n<\/ul>\n<h2>Qui\u00e9n es Mateo Lofeudo, el novio de Juan Otero<\/h2>\n<p>Tanto\u00a0<strong>Juan Otero\u00a0<\/strong>como\u00a0<strong>Mateo Lofeudo\u00a0<\/strong>se muestran juntos en las redes sociales desde hace poco tiempo y primero lo hicieron en\u00a0<strong>TikTok<\/strong>, donde publicaron\u00a0divertidos videos.<\/p>\n<p><iframe id=\"vrudo\" class=\"vrudo\" src=\"https:\/\/rudo.video\/vod\/bUmwtd?volume=0\" width=\"100%\" height=\"100%\" allowscriptaccess=\"always\" allowfullscreen=\"true\" webkitallowfullscreen=\"true\" frameborder=\"0\" scrolling=\"no\" allow=\"autoplay; fullscreen\" loading=\"lazy\"><\/iframe><\/p>\n<p>En Instagram, Mateo no est\u00e1 muy activo y cuenta con casi 10 mil seguidores. Hasta el momento se desconocen los detalles sobre a qu\u00e9 se dedica, pero si demuestra ser muy rom\u00e1ntico, ya que recientemente le dedic\u00f3 un video a\u00a0<strong>Juan Otero<\/strong>\u00a0con especiales fotos de los momentos que compartieron.<\/p>\n<p>El joven tiene una hermana llamada Sof\u00eda, que realiza campa\u00f1as fotogr\u00e1ficas y publicidad para marcas, y es muy familiero. Seg\u00fan se puede observar en sus historias destacadas de Instagram es amante de los viajes, el cuidado f\u00edsico y la buena vida.<\/p>\n<p><strong>A finales de enero,\u00a0Juan Otero\u00a0<\/strong>y\u00a0<strong>Mateo Lofeudo viajaron juntos a Pinamar, pero en ese entonces no hab\u00edan blanqueado su romance.<\/strong><\/p>\n<\/p><\/div>\n<p><script>\n\t(function(d, s, id) {\n\t\tvar js, fjs = d.getElementsByTagName(s)[0];\n\t\tif (d.getElementById(id)) return;\n\t\tjs = d.createElement(s);\n\t\tjs.id = id;\n\t\tjs.src=\"https:\/\/connect.facebook.net\/es_LA\/sdk.js#xfbml=1&version=v3.1\";\n\t\tfjs.parentNode.insertBefore(js, fjs);\n\t}(document, 'script', 'facebook-jssdk'));\n<\/script><\/p>\n","protected":false},"excerpt":{"rendered":"<p>Juan Otero fue repudiado en la red luego de que se divulgara un testimonio de \u00e9l revelando algunas inseguridades que tiene con su novio Mateo Lofeudo.\u00a0 En una entrevista con El Pollo \u00c1lvarez para Infobae, el hijo de Flor Pe\u00f1a s\u00e9 sincero con respecto a su actual romance y se describi\u00f3: \u00abYo soy la persona [&hellip;]<\/p>\n","protected":false},"author":2,"featured_media":142861,"comment_status":"closed","ping_status":"closed","sticky":false,"template":"","format":"standard","meta":{"footnotes":""},"categories":[25],"tags":[],"class_list":["post-142860","post","type-post","status-publish","format-standard","has-post-thumbnail","hentry","category-nacionales"],"yoast_head":"<!-- This site is optimized with the Yoast SEO plugin v24.4 - https:\/\/yoast.com\/wordpress\/plugins\/seo\/ -->\n<title>Juan Otero se tild\u00f3 de &quot;t\u00f3xico&quot; con su novio y fue fuertemente repudiado en la red - GYS NOTICIAS |<\/title>\n<meta name=\"robots\" content=\"index, follow, max-snippet:-1, max-image-preview:large, max-video-preview:-1\" \/>\n<link rel=\"canonical\" href=\"https:\/\/gysfm.com.ar\/inicio\/juan-otero-se-tildo-de-toxico-con-su-novio-y-fue-fuertemente-repudiado-en-la-red\/\" \/>\n<meta property=\"og:locale\" content=\"es_ES\" \/>\n<meta property=\"og:type\" content=\"article\" \/>\n<meta property=\"og:title\" content=\"Juan Otero se tild\u00f3 de &quot;t\u00f3xico&quot; con su novio y fue fuertemente repudiado en la red - GYS NOTICIAS |\" \/>\n<meta property=\"og:description\" content=\"Juan Otero fue repudiado en la red luego de que se divulgara un testimonio de \u00e9l revelando algunas inseguridades que tiene con su novio Mateo Lofeudo.\u00a0 En una entrevista con El Pollo \u00c1lvarez para Infobae, el hijo de Flor Pe\u00f1a s\u00e9 sincero con respecto a su actual romance y se describi\u00f3: \u00abYo soy la persona [&hellip;]\" \/>\n<meta property=\"og:url\" content=\"https:\/\/gysfm.com.ar\/inicio\/juan-otero-se-tildo-de-toxico-con-su-novio-y-fue-fuertemente-repudiado-en-la-red\/\" \/>\n<meta property=\"og:site_name\" content=\"GYS NOTICIAS |\" \/>\n<meta property=\"article:published_time\" content=\"2025-08-10T05:01:13+00:00\" \/>\n<meta name=\"author\" content=\"Prensa G&amp;S FM\" \/>\n<meta name=\"twitter:card\" content=\"summary_large_image\" \/>\n<meta name=\"twitter:label1\" content=\"Escrito por\" \/>\n\t<meta name=\"twitter:data1\" content=\"Prensa G&amp;S FM\" \/>\n\t<meta name=\"twitter:label2\" content=\"Tiempo de lectura\" \/>\n\t<meta name=\"twitter:data2\" content=\"3 minutos\" \/>\n<script type=\"application\/ld+json\" class=\"yoast-schema-graph\">{\"@context\":\"https:\/\/schema.org\",\"@graph\":[{\"@type\":\"Article\",\"@id\":\"https:\/\/gysfm.com.ar\/inicio\/juan-otero-se-tildo-de-toxico-con-su-novio-y-fue-fuertemente-repudiado-en-la-red\/#article\",\"isPartOf\":{\"@id\":\"https:\/\/gysfm.com.ar\/inicio\/juan-otero-se-tildo-de-toxico-con-su-novio-y-fue-fuertemente-repudiado-en-la-red\/\"},\"author\":{\"name\":\"Prensa G&amp;S FM\",\"@id\":\"https:\/\/gysfm.com.ar\/inicio\/#\/schema\/person\/3abba7593ef2ad19e1be221d54383dc5\"},\"headline\":\"Juan Otero se tild\u00f3 de \u00abt\u00f3xico\u00bb con su novio y fue fuertemente repudiado en la red\",\"datePublished\":\"2025-08-10T05:01:13+00:00\",\"mainEntityOfPage\":{\"@id\":\"https:\/\/gysfm.com.ar\/inicio\/juan-otero-se-tildo-de-toxico-con-su-novio-y-fue-fuertemente-repudiado-en-la-red\/\"},\"wordCount\":600,\"publisher\":{\"@id\":\"https:\/\/gysfm.com.ar\/inicio\/#organization\"},\"image\":{\"@id\":\"https:\/\/gysfm.com.ar\/inicio\/juan-otero-se-tildo-de-toxico-con-su-novio-y-fue-fuertemente-repudiado-en-la-red\/#primaryimage\"},\"thumbnailUrl\":\"https:\/\/gysfm.com.ar\/inicio\/wp-content\/uploads\/2025\/08\/juan-otero-2077380.jpg\",\"articleSection\":[\"NACIONALES\"],\"inLanguage\":\"es\"},{\"@type\":\"WebPage\",\"@id\":\"https:\/\/gysfm.com.ar\/inicio\/juan-otero-se-tildo-de-toxico-con-su-novio-y-fue-fuertemente-repudiado-en-la-red\/\",\"url\":\"https:\/\/gysfm.com.ar\/inicio\/juan-otero-se-tildo-de-toxico-con-su-novio-y-fue-fuertemente-repudiado-en-la-red\/\",\"name\":\"Juan Otero se tild\u00f3 de \\\"t\u00f3xico\\\" con su novio y fue fuertemente repudiado en la red - GYS NOTICIAS |\",\"isPartOf\":{\"@id\":\"https:\/\/gysfm.com.ar\/inicio\/#website\"},\"primaryImageOfPage\":{\"@id\":\"https:\/\/gysfm.com.ar\/inicio\/juan-otero-se-tildo-de-toxico-con-su-novio-y-fue-fuertemente-repudiado-en-la-red\/#primaryimage\"},\"image\":{\"@id\":\"https:\/\/gysfm.com.ar\/inicio\/juan-otero-se-tildo-de-toxico-con-su-novio-y-fue-fuertemente-repudiado-en-la-red\/#primaryimage\"},\"thumbnailUrl\":\"https:\/\/gysfm.com.ar\/inicio\/wp-content\/uploads\/2025\/08\/juan-otero-2077380.jpg\",\"datePublished\":\"2025-08-10T05:01:13+00:00\",\"breadcrumb\":{\"@id\":\"https:\/\/gysfm.com.ar\/inicio\/juan-otero-se-tildo-de-toxico-con-su-novio-y-fue-fuertemente-repudiado-en-la-red\/#breadcrumb\"},\"inLanguage\":\"es\",\"potentialAction\":[{\"@type\":\"ReadAction\",\"target\":[\"https:\/\/gysfm.com.ar\/inicio\/juan-otero-se-tildo-de-toxico-con-su-novio-y-fue-fuertemente-repudiado-en-la-red\/\"]}]},{\"@type\":\"ImageObject\",\"inLanguage\":\"es\",\"@id\":\"https:\/\/gysfm.com.ar\/inicio\/juan-otero-se-tildo-de-toxico-con-su-novio-y-fue-fuertemente-repudiado-en-la-red\/#primaryimage\",\"url\":\"https:\/\/gysfm.com.ar\/inicio\/wp-content\/uploads\/2025\/08\/juan-otero-2077380.jpg\",\"contentUrl\":\"https:\/\/gysfm.com.ar\/inicio\/wp-content\/uploads\/2025\/08\/juan-otero-2077380.jpg\",\"width\":1140,\"height\":641},{\"@type\":\"BreadcrumbList\",\"@id\":\"https:\/\/gysfm.com.ar\/inicio\/juan-otero-se-tildo-de-toxico-con-su-novio-y-fue-fuertemente-repudiado-en-la-red\/#breadcrumb\",\"itemListElement\":[{\"@type\":\"ListItem\",\"position\":1,\"name\":\"Portada\",\"item\":\"https:\/\/gysfm.com.ar\/inicio\/\"},{\"@type\":\"ListItem\",\"position\":2,\"name\":\"Juan Otero se tild\u00f3 de \u00abt\u00f3xico\u00bb con su novio y fue fuertemente repudiado en la red\"}]},{\"@type\":\"WebSite\",\"@id\":\"https:\/\/gysfm.com.ar\/inicio\/#website\",\"url\":\"https:\/\/gysfm.com.ar\/inicio\/\",\"name\":\"GYS NOTICIAS |\",\"description\":\"DIARIO - RADIO ONLINE SAN JUAN ARGENTINA\",\"publisher\":{\"@id\":\"https:\/\/gysfm.com.ar\/inicio\/#organization\"},\"potentialAction\":[{\"@type\":\"SearchAction\",\"target\":{\"@type\":\"EntryPoint\",\"urlTemplate\":\"https:\/\/gysfm.com.ar\/inicio\/?s={search_term_string}\"},\"query-input\":{\"@type\":\"PropertyValueSpecification\",\"valueRequired\":true,\"valueName\":\"search_term_string\"}}],\"inLanguage\":\"es\"},{\"@type\":\"Organization\",\"@id\":\"https:\/\/gysfm.com.ar\/inicio\/#organization\",\"name\":\"GYS NOTICIAS |\",\"url\":\"https:\/\/gysfm.com.ar\/inicio\/\",\"logo\":{\"@type\":\"ImageObject\",\"inLanguage\":\"es\",\"@id\":\"https:\/\/gysfm.com.ar\/inicio\/#\/schema\/logo\/image\/\",\"url\":\"https:\/\/gysfm.com.ar\/inicio\/wp-content\/uploads\/2023\/07\/LOGOGYS-OK.png\",\"contentUrl\":\"https:\/\/gysfm.com.ar\/inicio\/wp-content\/uploads\/2023\/07\/LOGOGYS-OK.png\",\"width\":1170,\"height\":872,\"caption\":\"GYS NOTICIAS |\"},\"image\":{\"@id\":\"https:\/\/gysfm.com.ar\/inicio\/#\/schema\/logo\/image\/\"}},{\"@type\":\"Person\",\"@id\":\"https:\/\/gysfm.com.ar\/inicio\/#\/schema\/person\/3abba7593ef2ad19e1be221d54383dc5\",\"name\":\"Prensa G&amp;S FM\",\"image\":{\"@type\":\"ImageObject\",\"inLanguage\":\"es\",\"@id\":\"https:\/\/gysfm.com.ar\/inicio\/#\/schema\/person\/image\/\",\"url\":\"https:\/\/secure.gravatar.com\/avatar\/096ec78df02049ab018702bb4ccedf659377fa92a26540b5247612077a0dbd29?s=96&d=mm&r=g\",\"contentUrl\":\"https:\/\/secure.gravatar.com\/avatar\/096ec78df02049ab018702bb4ccedf659377fa92a26540b5247612077a0dbd29?s=96&d=mm&r=g\",\"caption\":\"Prensa G&amp;S FM\"},\"sameAs\":[\"https:\/\/gysfm.com.ar\/\"],\"url\":\"https:\/\/gysfm.com.ar\/inicio\/author\/lucasm\/\"}]}<\/script>\n<!-- \/ Yoast SEO plugin. -->","yoast_head_json":{"title":"Juan Otero se tild\u00f3 de \"t\u00f3xico\" con su novio y fue fuertemente repudiado en la red - GYS NOTICIAS |","robots":{"index":"index","follow":"follow","max-snippet":"max-snippet:-1","max-image-preview":"max-image-preview:large","max-video-preview":"max-video-preview:-1"},"canonical":"https:\/\/gysfm.com.ar\/inicio\/juan-otero-se-tildo-de-toxico-con-su-novio-y-fue-fuertemente-repudiado-en-la-red\/","og_locale":"es_ES","og_type":"article","og_title":"Juan Otero se tild\u00f3 de \"t\u00f3xico\" con su novio y fue fuertemente repudiado en la red - GYS NOTICIAS |","og_description":"Juan Otero fue repudiado en la red luego de que se divulgara un testimonio de \u00e9l revelando algunas inseguridades que tiene con su novio Mateo Lofeudo.\u00a0 En una entrevista con El Pollo \u00c1lvarez para Infobae, el hijo de Flor Pe\u00f1a s\u00e9 sincero con respecto a su actual romance y se describi\u00f3: \u00abYo soy la persona [&hellip;]","og_url":"https:\/\/gysfm.com.ar\/inicio\/juan-otero-se-tildo-de-toxico-con-su-novio-y-fue-fuertemente-repudiado-en-la-red\/","og_site_name":"GYS NOTICIAS |","article_published_time":"2025-08-10T05:01:13+00:00","author":"Prensa G&amp;S FM","twitter_card":"summary_large_image","twitter_misc":{"Escrito por":"Prensa G&amp;S FM","Tiempo de lectura":"3 minutos"},"schema":{"@context":"https:\/\/schema.org","@graph":[{"@type":"Article","@id":"https:\/\/gysfm.com.ar\/inicio\/juan-otero-se-tildo-de-toxico-con-su-novio-y-fue-fuertemente-repudiado-en-la-red\/#article","isPartOf":{"@id":"https:\/\/gysfm.com.ar\/inicio\/juan-otero-se-tildo-de-toxico-con-su-novio-y-fue-fuertemente-repudiado-en-la-red\/"},"author":{"name":"Prensa G&amp;S FM","@id":"https:\/\/gysfm.com.ar\/inicio\/#\/schema\/person\/3abba7593ef2ad19e1be221d54383dc5"},"headline":"Juan Otero se tild\u00f3 de \u00abt\u00f3xico\u00bb con su novio y fue fuertemente repudiado en la red","datePublished":"2025-08-10T05:01:13+00:00","mainEntityOfPage":{"@id":"https:\/\/gysfm.com.ar\/inicio\/juan-otero-se-tildo-de-toxico-con-su-novio-y-fue-fuertemente-repudiado-en-la-red\/"},"wordCount":600,"publisher":{"@id":"https:\/\/gysfm.com.ar\/inicio\/#organization"},"image":{"@id":"https:\/\/gysfm.com.ar\/inicio\/juan-otero-se-tildo-de-toxico-con-su-novio-y-fue-fuertemente-repudiado-en-la-red\/#primaryimage"},"thumbnailUrl":"https:\/\/gysfm.com.ar\/inicio\/wp-content\/uploads\/2025\/08\/juan-otero-2077380.jpg","articleSection":["NACIONALES"],"inLanguage":"es"},{"@type":"WebPage","@id":"https:\/\/gysfm.com.ar\/inicio\/juan-otero-se-tildo-de-toxico-con-su-novio-y-fue-fuertemente-repudiado-en-la-red\/","url":"https:\/\/gysfm.com.ar\/inicio\/juan-otero-se-tildo-de-toxico-con-su-novio-y-fue-fuertemente-repudiado-en-la-red\/","name":"Juan Otero se tild\u00f3 de \"t\u00f3xico\" con su novio y fue fuertemente repudiado en la red - GYS NOTICIAS |","isPartOf":{"@id":"https:\/\/gysfm.com.ar\/inicio\/#website"},"primaryImageOfPage":{"@id":"https:\/\/gysfm.com.ar\/inicio\/juan-otero-se-tildo-de-toxico-con-su-novio-y-fue-fuertemente-repudiado-en-la-red\/#primaryimage"},"image":{"@id":"https:\/\/gysfm.com.ar\/inicio\/juan-otero-se-tildo-de-toxico-con-su-novio-y-fue-fuertemente-repudiado-en-la-red\/#primaryimage"},"thumbnailUrl":"https:\/\/gysfm.com.ar\/inicio\/wp-content\/uploads\/2025\/08\/juan-otero-2077380.jpg","datePublished":"2025-08-10T05:01:13+00:00","breadcrumb":{"@id":"https:\/\/gysfm.com.ar\/inicio\/juan-otero-se-tildo-de-toxico-con-su-novio-y-fue-fuertemente-repudiado-en-la-red\/#breadcrumb"},"inLanguage":"es","potentialAction":[{"@type":"ReadAction","target":["https:\/\/gysfm.com.ar\/inicio\/juan-otero-se-tildo-de-toxico-con-su-novio-y-fue-fuertemente-repudiado-en-la-red\/"]}]},{"@type":"ImageObject","inLanguage":"es","@id":"https:\/\/gysfm.com.ar\/inicio\/juan-otero-se-tildo-de-toxico-con-su-novio-y-fue-fuertemente-repudiado-en-la-red\/#primaryimage","url":"https:\/\/gysfm.com.ar\/inicio\/wp-content\/uploads\/2025\/08\/juan-otero-2077380.jpg","contentUrl":"https:\/\/gysfm.com.ar\/inicio\/wp-content\/uploads\/2025\/08\/juan-otero-2077380.jpg","width":1140,"height":641},{"@type":"BreadcrumbList","@id":"https:\/\/gysfm.com.ar\/inicio\/juan-otero-se-tildo-de-toxico-con-su-novio-y-fue-fuertemente-repudiado-en-la-red\/#breadcrumb","itemListElement":[{"@type":"ListItem","position":1,"name":"Portada","item":"https:\/\/gysfm.com.ar\/inicio\/"},{"@type":"ListItem","position":2,"name":"Juan Otero se tild\u00f3 de \u00abt\u00f3xico\u00bb con su novio y fue fuertemente repudiado en la red"}]},{"@type":"WebSite","@id":"https:\/\/gysfm.com.ar\/inicio\/#website","url":"https:\/\/gysfm.com.ar\/inicio\/","name":"GYS NOTICIAS |","description":"DIARIO - RADIO ONLINE SAN JUAN ARGENTINA","publisher":{"@id":"https:\/\/gysfm.com.ar\/inicio\/#organization"},"potentialAction":[{"@type":"SearchAction","target":{"@type":"EntryPoint","urlTemplate":"https:\/\/gysfm.com.ar\/inicio\/?s={search_term_string}"},"query-input":{"@type":"PropertyValueSpecification","valueRequired":true,"valueName":"search_term_string"}}],"inLanguage":"es"},{"@type":"Organization","@id":"https:\/\/gysfm.com.ar\/inicio\/#organization","name":"GYS NOTICIAS |","url":"https:\/\/gysfm.com.ar\/inicio\/","logo":{"@type":"ImageObject","inLanguage":"es","@id":"https:\/\/gysfm.com.ar\/inicio\/#\/schema\/logo\/image\/","url":"https:\/\/gysfm.com.ar\/inicio\/wp-content\/uploads\/2023\/07\/LOGOGYS-OK.png","contentUrl":"https:\/\/gysfm.com.ar\/inicio\/wp-content\/uploads\/2023\/07\/LOGOGYS-OK.png","width":1170,"height":872,"caption":"GYS NOTICIAS |"},"image":{"@id":"https:\/\/gysfm.com.ar\/inicio\/#\/schema\/logo\/image\/"}},{"@type":"Person","@id":"https:\/\/gysfm.com.ar\/inicio\/#\/schema\/person\/3abba7593ef2ad19e1be221d54383dc5","name":"Prensa G&amp;S FM","image":{"@type":"ImageObject","inLanguage":"es","@id":"https:\/\/gysfm.com.ar\/inicio\/#\/schema\/person\/image\/","url":"https:\/\/secure.gravatar.com\/avatar\/096ec78df02049ab018702bb4ccedf659377fa92a26540b5247612077a0dbd29?s=96&d=mm&r=g","contentUrl":"https:\/\/secure.gravatar.com\/avatar\/096ec78df02049ab018702bb4ccedf659377fa92a26540b5247612077a0dbd29?s=96&d=mm&r=g","caption":"Prensa G&amp;S FM"},"sameAs":["https:\/\/gysfm.com.ar\/"],"url":"https:\/\/gysfm.com.ar\/inicio\/author\/lucasm\/"}]}},"_links":{"self":[{"href":"https:\/\/gysfm.com.ar\/inicio\/wp-json\/wp\/v2\/posts\/142860","targetHints":{"allow":["GET"]}}],"collection":[{"href":"https:\/\/gysfm.com.ar\/inicio\/wp-json\/wp\/v2\/posts"}],"about":[{"href":"https:\/\/gysfm.com.ar\/inicio\/wp-json\/wp\/v2\/types\/post"}],"author":[{"embeddable":true,"href":"https:\/\/gysfm.com.ar\/inicio\/wp-json\/wp\/v2\/users\/2"}],"replies":[{"embeddable":true,"href":"https:\/\/gysfm.com.ar\/inicio\/wp-json\/wp\/v2\/comments?post=142860"}],"version-history":[{"count":0,"href":"https:\/\/gysfm.com.ar\/inicio\/wp-json\/wp\/v2\/posts\/142860\/revisions"}],"wp:featuredmedia":[{"embeddable":true,"href":"https:\/\/gysfm.com.ar\/inicio\/wp-json\/wp\/v2\/media\/142861"}],"wp:attachment":[{"href":"https:\/\/gysfm.com.ar\/inicio\/wp-json\/wp\/v2\/media?parent=142860"}],"wp:term":[{"taxonomy":"category","embeddable":true,"href":"https:\/\/gysfm.com.ar\/inicio\/wp-json\/wp\/v2\/categories?post=142860"},{"taxonomy":"post_tag","embeddable":true,"href":"https:\/\/gysfm.com.ar\/inicio\/wp-json\/wp\/v2\/tags?post=142860"}],"curies":[{"name":"wp","href":"https:\/\/api.w.org\/{rel}","templated":true}]}}