{"id":142858,"date":"2025-08-10T01:30:07","date_gmt":"2025-08-10T04:30:07","guid":{"rendered":"https:\/\/gysfm.com.ar\/inicio\/escandalo-en-c5n-por-la-pelea-entre-diego-brancatelli-y-mariana-brey\/"},"modified":"2025-08-10T01:30:07","modified_gmt":"2025-08-10T04:30:07","slug":"escandalo-en-c5n-por-la-pelea-entre-diego-brancatelli-y-mariana-brey","status":"publish","type":"post","link":"https:\/\/gysfm.com.ar\/inicio\/escandalo-en-c5n-por-la-pelea-entre-diego-brancatelli-y-mariana-brey\/","title":{"rendered":"Esc\u00e1ndalo en C5N por la pelea entre Diego Brancatelli y Mariana Brey"},"content":{"rendered":"<p><\/p>\n<div id=\"article-content\">\n<p><strong><a target=\"_blank\" href=\"https:\/\/exitoina.perfil.com\/noticias\/destacada\/silvia-fernandez-barrio-destrozo-diego-brancatelli-tildo-ensobrado-piojo.phtml\">Diego Brancatelli<\/a> y <a target=\"_blank\" href=\"https:\/\/exitoina.perfil.com\/noticias\/destacada\/mariana-brey-picante-mora-godoy-juicio-millonario-su-contra-necesita-recuperar-vigencia.phtml\">Mariana Brey<\/a> protagonizaron una nueva pol\u00e9mica en su programa <em>Indomables<\/em> <\/strong>que gener\u00f3\u00a0malestar en C5N, obligando al canal a pronunciarse al respecto.\u00a0<\/p>\n<p>En las \u00faltimas semanas, acrecentaron<strong> los tensos cruces entre los conductores<\/strong>, quienes debido a sus diferencias ideol\u00f3gicas terminaron generando m\u00e1s peleas que debates. Por el lado del periodista, se sabe que mantiene una postura ligada al kirchnerismo con una mirada m\u00e1s socialista, mientras que su compa\u00f1era se ubica en el lado opuesto, apoyando al actual, gobierno de Javier Milei.\u00a0<\/p>\n<p>Po esa raz\u00f3n, en<em> LAM<\/em> (Am\u00e9rica TV) hicieron un compilado con los cruces de las \u00faltimas semanas donde, en un primer lugar, <strong>hablaron sobre el debate que se llev\u00f3 a cabo en el senado<\/strong> para votar acerca del aumento de sueldo a los m\u00e9dicos que trabajan en el Hospital Garrahan y sobre las nuevas medidas para los discapacitados.\u00a0<\/p>\n<p><iframe id=\"vrudo\" class=\"vrudo\" src=\"https:\/\/rudo.video\/vod\/bUK8JN?volume=0\" width=\"100%\" height=\"100%\" allowscriptaccess=\"always\" allowfullscreen=\"true\" webkitallowfullscreen=\"true\" frameborder=\"0\" scrolling=\"no\" allow=\"autoplay; fullscreen\" loading=\"lazy\"><\/iframe><\/p>\n<p>En ese sentido, fue la ex angelita quien expuso: \u00abBastante hipocres\u00eda por parte de los gobernadores o de los senadores que responden a ellos, porque si les hubiesen dado la plata que reclamaron y que consideran que es de ellos&#8230;<strong> Hoy hubiesen votado todos a favor del gobierno<\/strong>\u00ab, frente a lo que \u00e9l respondi\u00f3:<strong> \u00abLa situaci\u00f3n hoy es que habr\u00eda gente en la provincia viviendo mucho mejor. Hay provincias a las que no les dan el dinero que corresponde.<\/strong> Millones de argentinos estar\u00edan viviendo mejor. Me parece que si a Axel Kicillof le hubiesen dado m\u00e1s plata, ser\u00eda otra gesti\u00f3n\u00bb.\u00a0<\/p>\n<p>Tambi\u00e9n, abrieron una discusi\u00f3n por la incidencia de <strong>Cristina Fern\u00e1ndez de Kirchner <\/strong>en la sociedad, donde Brey dio a entender que eran pocas personas la que la segu\u00edan mientras que Bancatelli, cre\u00eda que eran millones. Pero, ella sostuvo: \u00abUna cosa es la calle&#8230; <strong>Yo creo que la gente que ama a Cristina, que es una de las pocas l\u00edderes que ha logrado el amor de la gente, pero no alcanza para ganar una elecci\u00f3n<\/strong>\u00ab, y le retruc\u00f3: \u00abMiedo le ten\u00edan porque no le dejaron competir\u00bb.\u00a0<\/p>\n<h2>\u00bfQu\u00e9 dijo C5N sobre los cruces entre Diego Brancatelli y Mariana Brey?<\/h2>\n<p>Tras estas discusiones, \u00c1ngel de Brito expuso la postura de C5N: <strong>\u00abAl canal no le gustaron los \u00faltimos episodios de esta pelea. <\/strong>La idea era un show de diferencia ideol\u00f3gica pero sienten que est\u00e1n perdiendo los l\u00edmites y se van a lo personal todo el tiempo\u00bb.<\/p>\n<p>\u00abTienen invitados y se matan entre ellos, porque ese ser\u00eda un rol del panel y el conductor modera pero, cuando se pierden los estribos, se olvidan del programa\u00bb, record\u00f3.\u00a0<\/p>\n<p>Y, con concluy\u00f3: <strong>\u00abLo otro que no gust\u00f3 es que ambos se vayan de vacaciones en el mismo momento, el programa qued\u00f3 ac\u00e9falo\u00bb<\/strong>, por lo que lo estuvo conduciendo Marcela Feudale<\/p>\n<\/p><\/div>\n<p><script>\n\t(function(d, s, id) {\n\t\tvar js, fjs = d.getElementsByTagName(s)[0];\n\t\tif (d.getElementById(id)) return;\n\t\tjs = d.createElement(s);\n\t\tjs.id = id;\n\t\tjs.src=\"https:\/\/connect.facebook.net\/es_LA\/sdk.js#xfbml=1&version=v3.1\";\n\t\tfjs.parentNode.insertBefore(js, fjs);\n\t}(document, 'script', 'facebook-jssdk'));\n<\/script><\/p>\n","protected":false},"excerpt":{"rendered":"<p>Diego Brancatelli y Mariana Brey protagonizaron una nueva pol\u00e9mica en su programa Indomables que gener\u00f3\u00a0malestar en C5N, obligando al canal a pronunciarse al respecto.\u00a0 En las \u00faltimas semanas, acrecentaron los tensos cruces entre los conductores, quienes debido a sus diferencias ideol\u00f3gicas terminaron generando m\u00e1s peleas que debates. Por el lado del periodista, se sabe que [&hellip;]<\/p>\n","protected":false},"author":2,"featured_media":142859,"comment_status":"closed","ping_status":"closed","sticky":false,"template":"","format":"standard","meta":{"footnotes":""},"categories":[25],"tags":[],"class_list":["post-142858","post","type-post","status-publish","format-standard","has-post-thumbnail","hentry","category-nacionales"],"yoast_head":"<!-- This site is optimized with the Yoast SEO plugin v24.4 - https:\/\/yoast.com\/wordpress\/plugins\/seo\/ -->\n<title>Esc\u00e1ndalo en C5N por la pelea entre Diego Brancatelli y Mariana Brey - GYS NOTICIAS |<\/title>\n<meta name=\"robots\" content=\"index, follow, max-snippet:-1, max-image-preview:large, max-video-preview:-1\" \/>\n<link rel=\"canonical\" href=\"https:\/\/gysfm.com.ar\/inicio\/escandalo-en-c5n-por-la-pelea-entre-diego-brancatelli-y-mariana-brey\/\" \/>\n<meta property=\"og:locale\" content=\"es_ES\" \/>\n<meta property=\"og:type\" content=\"article\" \/>\n<meta property=\"og:title\" content=\"Esc\u00e1ndalo en C5N por la pelea entre Diego Brancatelli y Mariana Brey - GYS NOTICIAS |\" \/>\n<meta property=\"og:description\" content=\"Diego Brancatelli y Mariana Brey protagonizaron una nueva pol\u00e9mica en su programa Indomables que gener\u00f3\u00a0malestar en C5N, obligando al canal a pronunciarse al respecto.\u00a0 En las \u00faltimas semanas, acrecentaron los tensos cruces entre los conductores, quienes debido a sus diferencias ideol\u00f3gicas terminaron generando m\u00e1s peleas que debates. Por el lado del periodista, se sabe que [&hellip;]\" \/>\n<meta property=\"og:url\" content=\"https:\/\/gysfm.com.ar\/inicio\/escandalo-en-c5n-por-la-pelea-entre-diego-brancatelli-y-mariana-brey\/\" \/>\n<meta property=\"og:site_name\" content=\"GYS NOTICIAS |\" \/>\n<meta property=\"article:published_time\" content=\"2025-08-10T04:30:07+00:00\" \/>\n<meta name=\"author\" content=\"Prensa G&amp;S FM\" \/>\n<meta name=\"twitter:card\" content=\"summary_large_image\" \/>\n<meta name=\"twitter:label1\" content=\"Escrito por\" \/>\n\t<meta name=\"twitter:data1\" content=\"Prensa G&amp;S FM\" \/>\n\t<meta name=\"twitter:label2\" content=\"Tiempo de lectura\" \/>\n\t<meta name=\"twitter:data2\" content=\"2 minutos\" \/>\n<script type=\"application\/ld+json\" class=\"yoast-schema-graph\">{\"@context\":\"https:\/\/schema.org\",\"@graph\":[{\"@type\":\"Article\",\"@id\":\"https:\/\/gysfm.com.ar\/inicio\/escandalo-en-c5n-por-la-pelea-entre-diego-brancatelli-y-mariana-brey\/#article\",\"isPartOf\":{\"@id\":\"https:\/\/gysfm.com.ar\/inicio\/escandalo-en-c5n-por-la-pelea-entre-diego-brancatelli-y-mariana-brey\/\"},\"author\":{\"name\":\"Prensa G&amp;S FM\",\"@id\":\"https:\/\/gysfm.com.ar\/inicio\/#\/schema\/person\/3abba7593ef2ad19e1be221d54383dc5\"},\"headline\":\"Esc\u00e1ndalo en C5N por la pelea entre Diego Brancatelli y Mariana Brey\",\"datePublished\":\"2025-08-10T04:30:07+00:00\",\"mainEntityOfPage\":{\"@id\":\"https:\/\/gysfm.com.ar\/inicio\/escandalo-en-c5n-por-la-pelea-entre-diego-brancatelli-y-mariana-brey\/\"},\"wordCount\":490,\"publisher\":{\"@id\":\"https:\/\/gysfm.com.ar\/inicio\/#organization\"},\"image\":{\"@id\":\"https:\/\/gysfm.com.ar\/inicio\/escandalo-en-c5n-por-la-pelea-entre-diego-brancatelli-y-mariana-brey\/#primaryimage\"},\"thumbnailUrl\":\"https:\/\/gysfm.com.ar\/inicio\/wp-content\/uploads\/2025\/08\/diego-brancatelli-y-mariana-brey-2077407.jpg\",\"articleSection\":[\"NACIONALES\"],\"inLanguage\":\"es\"},{\"@type\":\"WebPage\",\"@id\":\"https:\/\/gysfm.com.ar\/inicio\/escandalo-en-c5n-por-la-pelea-entre-diego-brancatelli-y-mariana-brey\/\",\"url\":\"https:\/\/gysfm.com.ar\/inicio\/escandalo-en-c5n-por-la-pelea-entre-diego-brancatelli-y-mariana-brey\/\",\"name\":\"Esc\u00e1ndalo en C5N por la pelea entre Diego Brancatelli y Mariana Brey - GYS NOTICIAS |\",\"isPartOf\":{\"@id\":\"https:\/\/gysfm.com.ar\/inicio\/#website\"},\"primaryImageOfPage\":{\"@id\":\"https:\/\/gysfm.com.ar\/inicio\/escandalo-en-c5n-por-la-pelea-entre-diego-brancatelli-y-mariana-brey\/#primaryimage\"},\"image\":{\"@id\":\"https:\/\/gysfm.com.ar\/inicio\/escandalo-en-c5n-por-la-pelea-entre-diego-brancatelli-y-mariana-brey\/#primaryimage\"},\"thumbnailUrl\":\"https:\/\/gysfm.com.ar\/inicio\/wp-content\/uploads\/2025\/08\/diego-brancatelli-y-mariana-brey-2077407.jpg\",\"datePublished\":\"2025-08-10T04:30:07+00:00\",\"breadcrumb\":{\"@id\":\"https:\/\/gysfm.com.ar\/inicio\/escandalo-en-c5n-por-la-pelea-entre-diego-brancatelli-y-mariana-brey\/#breadcrumb\"},\"inLanguage\":\"es\",\"potentialAction\":[{\"@type\":\"ReadAction\",\"target\":[\"https:\/\/gysfm.com.ar\/inicio\/escandalo-en-c5n-por-la-pelea-entre-diego-brancatelli-y-mariana-brey\/\"]}]},{\"@type\":\"ImageObject\",\"inLanguage\":\"es\",\"@id\":\"https:\/\/gysfm.com.ar\/inicio\/escandalo-en-c5n-por-la-pelea-entre-diego-brancatelli-y-mariana-brey\/#primaryimage\",\"url\":\"https:\/\/gysfm.com.ar\/inicio\/wp-content\/uploads\/2025\/08\/diego-brancatelli-y-mariana-brey-2077407.jpg\",\"contentUrl\":\"https:\/\/gysfm.com.ar\/inicio\/wp-content\/uploads\/2025\/08\/diego-brancatelli-y-mariana-brey-2077407.jpg\",\"width\":1140,\"height\":641},{\"@type\":\"BreadcrumbList\",\"@id\":\"https:\/\/gysfm.com.ar\/inicio\/escandalo-en-c5n-por-la-pelea-entre-diego-brancatelli-y-mariana-brey\/#breadcrumb\",\"itemListElement\":[{\"@type\":\"ListItem\",\"position\":1,\"name\":\"Portada\",\"item\":\"https:\/\/gysfm.com.ar\/inicio\/\"},{\"@type\":\"ListItem\",\"position\":2,\"name\":\"Esc\u00e1ndalo en C5N por la pelea entre Diego Brancatelli y Mariana Brey\"}]},{\"@type\":\"WebSite\",\"@id\":\"https:\/\/gysfm.com.ar\/inicio\/#website\",\"url\":\"https:\/\/gysfm.com.ar\/inicio\/\",\"name\":\"GYS NOTICIAS |\",\"description\":\"DIARIO - RADIO ONLINE SAN JUAN ARGENTINA\",\"publisher\":{\"@id\":\"https:\/\/gysfm.com.ar\/inicio\/#organization\"},\"potentialAction\":[{\"@type\":\"SearchAction\",\"target\":{\"@type\":\"EntryPoint\",\"urlTemplate\":\"https:\/\/gysfm.com.ar\/inicio\/?s={search_term_string}\"},\"query-input\":{\"@type\":\"PropertyValueSpecification\",\"valueRequired\":true,\"valueName\":\"search_term_string\"}}],\"inLanguage\":\"es\"},{\"@type\":\"Organization\",\"@id\":\"https:\/\/gysfm.com.ar\/inicio\/#organization\",\"name\":\"GYS NOTICIAS |\",\"url\":\"https:\/\/gysfm.com.ar\/inicio\/\",\"logo\":{\"@type\":\"ImageObject\",\"inLanguage\":\"es\",\"@id\":\"https:\/\/gysfm.com.ar\/inicio\/#\/schema\/logo\/image\/\",\"url\":\"https:\/\/gysfm.com.ar\/inicio\/wp-content\/uploads\/2023\/07\/LOGOGYS-OK.png\",\"contentUrl\":\"https:\/\/gysfm.com.ar\/inicio\/wp-content\/uploads\/2023\/07\/LOGOGYS-OK.png\",\"width\":1170,\"height\":872,\"caption\":\"GYS NOTICIAS |\"},\"image\":{\"@id\":\"https:\/\/gysfm.com.ar\/inicio\/#\/schema\/logo\/image\/\"}},{\"@type\":\"Person\",\"@id\":\"https:\/\/gysfm.com.ar\/inicio\/#\/schema\/person\/3abba7593ef2ad19e1be221d54383dc5\",\"name\":\"Prensa G&amp;S FM\",\"image\":{\"@type\":\"ImageObject\",\"inLanguage\":\"es\",\"@id\":\"https:\/\/gysfm.com.ar\/inicio\/#\/schema\/person\/image\/\",\"url\":\"https:\/\/secure.gravatar.com\/avatar\/096ec78df02049ab018702bb4ccedf659377fa92a26540b5247612077a0dbd29?s=96&d=mm&r=g\",\"contentUrl\":\"https:\/\/secure.gravatar.com\/avatar\/096ec78df02049ab018702bb4ccedf659377fa92a26540b5247612077a0dbd29?s=96&d=mm&r=g\",\"caption\":\"Prensa G&amp;S FM\"},\"sameAs\":[\"https:\/\/gysfm.com.ar\/\"],\"url\":\"https:\/\/gysfm.com.ar\/inicio\/author\/lucasm\/\"}]}<\/script>\n<!-- \/ Yoast SEO plugin. -->","yoast_head_json":{"title":"Esc\u00e1ndalo en C5N por la pelea entre Diego Brancatelli y Mariana Brey - GYS NOTICIAS |","robots":{"index":"index","follow":"follow","max-snippet":"max-snippet:-1","max-image-preview":"max-image-preview:large","max-video-preview":"max-video-preview:-1"},"canonical":"https:\/\/gysfm.com.ar\/inicio\/escandalo-en-c5n-por-la-pelea-entre-diego-brancatelli-y-mariana-brey\/","og_locale":"es_ES","og_type":"article","og_title":"Esc\u00e1ndalo en C5N por la pelea entre Diego Brancatelli y Mariana Brey - GYS NOTICIAS |","og_description":"Diego Brancatelli y Mariana Brey protagonizaron una nueva pol\u00e9mica en su programa Indomables que gener\u00f3\u00a0malestar en C5N, obligando al canal a pronunciarse al respecto.\u00a0 En las \u00faltimas semanas, acrecentaron los tensos cruces entre los conductores, quienes debido a sus diferencias ideol\u00f3gicas terminaron generando m\u00e1s peleas que debates. Por el lado del periodista, se sabe que [&hellip;]","og_url":"https:\/\/gysfm.com.ar\/inicio\/escandalo-en-c5n-por-la-pelea-entre-diego-brancatelli-y-mariana-brey\/","og_site_name":"GYS NOTICIAS |","article_published_time":"2025-08-10T04:30:07+00:00","author":"Prensa G&amp;S FM","twitter_card":"summary_large_image","twitter_misc":{"Escrito por":"Prensa G&amp;S FM","Tiempo de lectura":"2 minutos"},"schema":{"@context":"https:\/\/schema.org","@graph":[{"@type":"Article","@id":"https:\/\/gysfm.com.ar\/inicio\/escandalo-en-c5n-por-la-pelea-entre-diego-brancatelli-y-mariana-brey\/#article","isPartOf":{"@id":"https:\/\/gysfm.com.ar\/inicio\/escandalo-en-c5n-por-la-pelea-entre-diego-brancatelli-y-mariana-brey\/"},"author":{"name":"Prensa G&amp;S FM","@id":"https:\/\/gysfm.com.ar\/inicio\/#\/schema\/person\/3abba7593ef2ad19e1be221d54383dc5"},"headline":"Esc\u00e1ndalo en C5N por la pelea entre Diego Brancatelli y Mariana Brey","datePublished":"2025-08-10T04:30:07+00:00","mainEntityOfPage":{"@id":"https:\/\/gysfm.com.ar\/inicio\/escandalo-en-c5n-por-la-pelea-entre-diego-brancatelli-y-mariana-brey\/"},"wordCount":490,"publisher":{"@id":"https:\/\/gysfm.com.ar\/inicio\/#organization"},"image":{"@id":"https:\/\/gysfm.com.ar\/inicio\/escandalo-en-c5n-por-la-pelea-entre-diego-brancatelli-y-mariana-brey\/#primaryimage"},"thumbnailUrl":"https:\/\/gysfm.com.ar\/inicio\/wp-content\/uploads\/2025\/08\/diego-brancatelli-y-mariana-brey-2077407.jpg","articleSection":["NACIONALES"],"inLanguage":"es"},{"@type":"WebPage","@id":"https:\/\/gysfm.com.ar\/inicio\/escandalo-en-c5n-por-la-pelea-entre-diego-brancatelli-y-mariana-brey\/","url":"https:\/\/gysfm.com.ar\/inicio\/escandalo-en-c5n-por-la-pelea-entre-diego-brancatelli-y-mariana-brey\/","name":"Esc\u00e1ndalo en C5N por la pelea entre Diego Brancatelli y Mariana Brey - GYS NOTICIAS |","isPartOf":{"@id":"https:\/\/gysfm.com.ar\/inicio\/#website"},"primaryImageOfPage":{"@id":"https:\/\/gysfm.com.ar\/inicio\/escandalo-en-c5n-por-la-pelea-entre-diego-brancatelli-y-mariana-brey\/#primaryimage"},"image":{"@id":"https:\/\/gysfm.com.ar\/inicio\/escandalo-en-c5n-por-la-pelea-entre-diego-brancatelli-y-mariana-brey\/#primaryimage"},"thumbnailUrl":"https:\/\/gysfm.com.ar\/inicio\/wp-content\/uploads\/2025\/08\/diego-brancatelli-y-mariana-brey-2077407.jpg","datePublished":"2025-08-10T04:30:07+00:00","breadcrumb":{"@id":"https:\/\/gysfm.com.ar\/inicio\/escandalo-en-c5n-por-la-pelea-entre-diego-brancatelli-y-mariana-brey\/#breadcrumb"},"inLanguage":"es","potentialAction":[{"@type":"ReadAction","target":["https:\/\/gysfm.com.ar\/inicio\/escandalo-en-c5n-por-la-pelea-entre-diego-brancatelli-y-mariana-brey\/"]}]},{"@type":"ImageObject","inLanguage":"es","@id":"https:\/\/gysfm.com.ar\/inicio\/escandalo-en-c5n-por-la-pelea-entre-diego-brancatelli-y-mariana-brey\/#primaryimage","url":"https:\/\/gysfm.com.ar\/inicio\/wp-content\/uploads\/2025\/08\/diego-brancatelli-y-mariana-brey-2077407.jpg","contentUrl":"https:\/\/gysfm.com.ar\/inicio\/wp-content\/uploads\/2025\/08\/diego-brancatelli-y-mariana-brey-2077407.jpg","width":1140,"height":641},{"@type":"BreadcrumbList","@id":"https:\/\/gysfm.com.ar\/inicio\/escandalo-en-c5n-por-la-pelea-entre-diego-brancatelli-y-mariana-brey\/#breadcrumb","itemListElement":[{"@type":"ListItem","position":1,"name":"Portada","item":"https:\/\/gysfm.com.ar\/inicio\/"},{"@type":"ListItem","position":2,"name":"Esc\u00e1ndalo en C5N por la pelea entre Diego Brancatelli y Mariana Brey"}]},{"@type":"WebSite","@id":"https:\/\/gysfm.com.ar\/inicio\/#website","url":"https:\/\/gysfm.com.ar\/inicio\/","name":"GYS NOTICIAS |","description":"DIARIO - RADIO ONLINE SAN JUAN ARGENTINA","publisher":{"@id":"https:\/\/gysfm.com.ar\/inicio\/#organization"},"potentialAction":[{"@type":"SearchAction","target":{"@type":"EntryPoint","urlTemplate":"https:\/\/gysfm.com.ar\/inicio\/?s={search_term_string}"},"query-input":{"@type":"PropertyValueSpecification","valueRequired":true,"valueName":"search_term_string"}}],"inLanguage":"es"},{"@type":"Organization","@id":"https:\/\/gysfm.com.ar\/inicio\/#organization","name":"GYS NOTICIAS |","url":"https:\/\/gysfm.com.ar\/inicio\/","logo":{"@type":"ImageObject","inLanguage":"es","@id":"https:\/\/gysfm.com.ar\/inicio\/#\/schema\/logo\/image\/","url":"https:\/\/gysfm.com.ar\/inicio\/wp-content\/uploads\/2023\/07\/LOGOGYS-OK.png","contentUrl":"https:\/\/gysfm.com.ar\/inicio\/wp-content\/uploads\/2023\/07\/LOGOGYS-OK.png","width":1170,"height":872,"caption":"GYS NOTICIAS |"},"image":{"@id":"https:\/\/gysfm.com.ar\/inicio\/#\/schema\/logo\/image\/"}},{"@type":"Person","@id":"https:\/\/gysfm.com.ar\/inicio\/#\/schema\/person\/3abba7593ef2ad19e1be221d54383dc5","name":"Prensa G&amp;S FM","image":{"@type":"ImageObject","inLanguage":"es","@id":"https:\/\/gysfm.com.ar\/inicio\/#\/schema\/person\/image\/","url":"https:\/\/secure.gravatar.com\/avatar\/096ec78df02049ab018702bb4ccedf659377fa92a26540b5247612077a0dbd29?s=96&d=mm&r=g","contentUrl":"https:\/\/secure.gravatar.com\/avatar\/096ec78df02049ab018702bb4ccedf659377fa92a26540b5247612077a0dbd29?s=96&d=mm&r=g","caption":"Prensa G&amp;S FM"},"sameAs":["https:\/\/gysfm.com.ar\/"],"url":"https:\/\/gysfm.com.ar\/inicio\/author\/lucasm\/"}]}},"_links":{"self":[{"href":"https:\/\/gysfm.com.ar\/inicio\/wp-json\/wp\/v2\/posts\/142858","targetHints":{"allow":["GET"]}}],"collection":[{"href":"https:\/\/gysfm.com.ar\/inicio\/wp-json\/wp\/v2\/posts"}],"about":[{"href":"https:\/\/gysfm.com.ar\/inicio\/wp-json\/wp\/v2\/types\/post"}],"author":[{"embeddable":true,"href":"https:\/\/gysfm.com.ar\/inicio\/wp-json\/wp\/v2\/users\/2"}],"replies":[{"embeddable":true,"href":"https:\/\/gysfm.com.ar\/inicio\/wp-json\/wp\/v2\/comments?post=142858"}],"version-history":[{"count":0,"href":"https:\/\/gysfm.com.ar\/inicio\/wp-json\/wp\/v2\/posts\/142858\/revisions"}],"wp:featuredmedia":[{"embeddable":true,"href":"https:\/\/gysfm.com.ar\/inicio\/wp-json\/wp\/v2\/media\/142859"}],"wp:attachment":[{"href":"https:\/\/gysfm.com.ar\/inicio\/wp-json\/wp\/v2\/media?parent=142858"}],"wp:term":[{"taxonomy":"category","embeddable":true,"href":"https:\/\/gysfm.com.ar\/inicio\/wp-json\/wp\/v2\/categories?post=142858"},{"taxonomy":"post_tag","embeddable":true,"href":"https:\/\/gysfm.com.ar\/inicio\/wp-json\/wp\/v2\/tags?post=142858"}],"curies":[{"name":"wp","href":"https:\/\/api.w.org\/{rel}","templated":true}]}}