{"id":142852,"date":"2025-08-10T01:17:50","date_gmt":"2025-08-10T04:17:50","guid":{"rendered":"https:\/\/gysfm.com.ar\/inicio\/la-ciudad-japonesa-que-se-salvo-dos-veces-de-ser-blanco-de-la-bomba-atomica\/"},"modified":"2025-08-10T01:17:51","modified_gmt":"2025-08-10T04:17:51","slug":"la-ciudad-japonesa-que-se-salvo-dos-veces-de-ser-blanco-de-la-bomba-atomica","status":"publish","type":"post","link":"https:\/\/gysfm.com.ar\/inicio\/la-ciudad-japonesa-que-se-salvo-dos-veces-de-ser-blanco-de-la-bomba-atomica\/","title":{"rendered":"la ciudad japonesa que se salv\u00f3 dos veces de ser blanco de la bomba at\u00f3mica"},"content":{"rendered":"<p> <br \/>\n<\/p>\n<div>\n<p class=\"com-paragraph   --s\"><strong>Kokura ya no existe.<\/strong><\/p>\n<p class=\"com-paragraph   --s\">Fue una de las ciudades que en 1963 se fusionaron con otras cuatro para formar Kitakyushu, que hoy tiene poco menos de un mill\u00f3n de habitantes y se encuentra en el suroeste de Jap\u00f3n.<\/p>\n<p class=\"com-paragraph   --s\">Pero el nombre Kokura a\u00fan tiene un lugar en la conciencia p\u00fablica japonesa. Su desaparici\u00f3n podr\u00eda haber sido mucho menos burocr\u00e1tica y mucho m\u00e1s traum\u00e1tica.<\/p>\n<p class=\"com-paragraph   --s\">Kokura, uno de los objetivos elegidos por Estados Unidos para los bombardeos at\u00f3micos en Jap\u00f3n en 1945, escap\u00f3 milagrosamente de la destrucci\u00f3n en los \u00faltimos d\u00edas de la Segunda Guerra Mundial dos veces.<\/p>\n<p class=\"com-paragraph   --s\">De hecho, Kokura estuvo a solo minutos de ser alcanzada el 9 de agosto, al igual que Hiroshima tres d\u00edas antes.<\/p>\n<p class=\"com-paragraph   --s\">Pero el arma devastadora nunca se lanz\u00f3 all\u00ed, ya que una combinaci\u00f3n de factores oblig\u00f3 a la Fuerza A\u00e9rea estadounidense a atacar Nagasaki. Se estima que los bombardeos mataron a 140.000 personas en Hiroshima y a 74.000 en Nagasaki. Miles m\u00e1s sufrieron los efectos de la radiaci\u00f3n durante a\u00f1os.<\/p>\n<p class=\"com-paragraph   --s\">\u201cLa suerte de Kokura\u201d se convirti\u00f3 en una expresi\u00f3n japonesa para describir la suerte de escapar de un destino terrible.<\/p>\n<p class=\"com-paragraph   --s\">Pero \u00bfqu\u00e9 ocurri\u00f3 realmente?<\/p>\n<div class=\"content-media\">\n<section role=\"button\" class=\"mod-media   \">\n<figure role=\"button\" class=\"mod-figure \"><figcaption class=\"mod-figcaption\"><span class=\"com-text --caption --twoxs\">La bomba at\u00f3mica de plutonio lanzada sobre Nagasaki estaba originalmente destinada a Kokura<\/span><span class=\"com-text --credit --twoxs\">AFP via Getty Images<\/span><\/figcaption><\/figure>\n<\/section>\n<\/div>\n<p class=\"com-paragraph   --s\">A mediados de julio de 1945, las autoridades militares estadounidenses hab\u00edan seleccionado 12 ciudades de Jap\u00f3n que pod\u00edan ser atacadas con bombas at\u00f3micas debido a la presencia de objetivos como f\u00e1bricas y bases militares.<\/p>\n<p class=\"com-paragraph   --s\">Kokura ocupaba el segundo lugar detr\u00e1s de Hiroshima. Era un centro de producci\u00f3n de armas y albergaba uno de los enormes arsenales del ej\u00e9rcito japon\u00e9s.<\/p>\n<p class=\"com-paragraph   --s\">El 6 de agosto, la ciudad habr\u00eda sido el objetivo de la primera bomba at\u00f3mica si, por alguna raz\u00f3n, el ej\u00e9rcito estadounidense no hubiera podido lanzarla sobre Hiroshima.<\/p>\n<p class=\"com-paragraph   --s\">Tres d\u00edas despu\u00e9s, bombarderos B-29 volaron a Kokura de madrugada. Uno de ellos, el Bockscar, transportaba la bomba \u201cFat Man\u201d, una bomba de plutonio a\u00fan m\u00e1s potente que la de uranio lanzada previamente sobre Hiroshima.<\/p>\n<p class=\"com-paragraph   --s\">Pero Kokura estaba envuelta en nubes esa ma\u00f1ana. La falta de visibilidad pudo haberse visto agravada por el humo que se elevaba de los incendios provocados por el bombardeo convencional de la vecina Yawata el d\u00eda anterior.<\/p>\n<p class=\"com-paragraph   --s\">Algunos historiadores tambi\u00e9n han afirmado que las f\u00e1bricas de Kokura quemaron carb\u00f3n intencionalmente para crear una cortina de humo sobre la ciudad en una \u00e9poca en la que los ataques a\u00e9reos eran frecuentes en todo Jap\u00f3n.<\/p>\n<p class=\"com-paragraph   --s\">Seg\u00fan documentos militares estadounidenses y el informe de William Laurence, periodista de <em>The New York Times<\/em> que viajaba a bordo de uno de los aviones que participaron en la misi\u00f3n el 9 de agosto, los B-29 sobrevolaron Kokura tres veces.<\/p>\n<p class=\"com-paragraph   --s\">Solo se orden\u00f3 lanzar la bomba tras la confirmaci\u00f3n visual del objetivo para maximizar su poder destructivo.<\/p>\n<p class=\"com-paragraph   --s\">Fue entonces cuando el mayor Charles Sweeney, al mando del Bockscar, decidi\u00f3 dirigirse a Nagasaki, ya que los aviones tambi\u00e9n consum\u00edan combustible durante la espera.<\/p>\n<p class=\"com-paragraph   --s\">Kokura se hab\u00eda salvado. Por segunda vez.<\/p>\n<div class=\"content-media\">\n<section role=\"button\" class=\"mod-media   \">\n<figure role=\"button\" class=\"mod-figure \"><figcaption class=\"mod-figcaption\"><span class=\"com-text --caption --twoxs\">Se estima que al menos 70.000 personas murieron en el bombardeo de Nagasaki.<\/span><span class=\"com-text --credit --twoxs\">Bettmann Archive\/Getty Images<\/span><\/figcaption><\/figure>\n<\/section>\n<\/div>\n<p class=\"com-paragraph   --s\">Aviones estadounidenses atacaron Jap\u00f3n sin descanso desde marzo de 1945, utilizando bombas incendiarias que reduc\u00edan las ciudades a cenizas.<\/p>\n<p class=\"com-paragraph   --s\">Se estima que un solo ataque en Tokio, en la noche del 9 de marzo, caus\u00f3 la muerte de m\u00e1s de 83.000 personas y dej\u00f3 a m\u00e1s de un mill\u00f3n sin hogar.<\/p>\n<p class=\"com-paragraph   --s\">Pero para cuando los B-29 llegaron a Kokura en agosto, la ciudad estaba pr\u00e1cticamente intacta.<\/p>\n<p class=\"com-paragraph   --s\">Se hab\u00eda salvado de los ataques incendiarios, junto con otros posibles objetivos de las bombas at\u00f3micas. Las autoridades militares estadounidenses quer\u00edan que estas ciudades se preservaran en la medida de lo posible antes de los ataques para estudiar mejor los da\u00f1os causados por las armas at\u00f3micas.<\/p>\n<p class=\"com-paragraph   --s\">Nagasaki no figuraba en la lista original de objetivos, pero fue incluida por Harry Stimson, el entonces secretario de Guerra de Estados Unidos.<\/p>\n<p class=\"com-paragraph   --s\">Stimson convenci\u00f3 con \u00e9xito al entonces presidente estadounidense Harry Truman de que la destrucci\u00f3n de Kioto, antigua capital de Jap\u00f3n, dificultar\u00eda enormemente la reconciliaci\u00f3n entre Tokio y Washington despu\u00e9s de la guerra.<\/p>\n<p class=\"com-paragraph   --s\">Pero historiadores estadounidenses han se\u00f1alado desde entonces que Stimson tambi\u00e9n ten\u00eda un inter\u00e9s personal en preservar Kioto. Anteriormente hab\u00eda viajado varias veces a Jap\u00f3n y, seg\u00fan se dice, pas\u00f3 su luna de miel en la ciudad.<\/p>\n<div class=\"content-media\">\n<section role=\"button\" class=\"mod-media   \">\n<figure role=\"button\" class=\"mod-figure \"><figcaption class=\"mod-figcaption\"><span class=\"com-text --caption --twoxs\">Kitakyushu es actualmente una de las ciudades m\u00e1s verdes de Asia<\/span><span class=\"com-text --credit --twoxs\">Folleto de la ciudad de Kitakyushu<\/span><\/figcaption><\/figure>\n<\/section>\n<\/div>\n<p class=\"com-paragraph   --s\">La rendici\u00f3n incondicional de Jap\u00f3n fue anunciada por el emperador Hirohito el 15 de agosto de 1945.<\/p>\n<p class=\"com-paragraph   --s\">Kokura, ahora Kitakyushu, hab\u00eda escapado a la destrucci\u00f3n, pero no a la consternaci\u00f3n.<\/p>\n<p class=\"com-paragraph   --s\">Cuando se supo que la bomba lanzada sobre Nagasaki estaba destinada originalmente a la ciudad, el alivio se mezcl\u00f3 con la tristeza y la empat\u00eda.<\/p>\n<p class=\"com-paragraph   --s\">Kitakyushu dispone de un Monumento Conmemorativo de la Bomba At\u00f3mica de Nagasaki, ubicado en un parque construido sobre los terrenos del antiguo arsenal.<\/p>\n<p class=\"com-paragraph   --s\">La salvaci\u00f3n de la ciudad y la dif\u00edcil situaci\u00f3n de Nagasaki se describen en el monumento, escenario de una conmemoraci\u00f3n anual cada 9 de agosto desde 1973.<\/p>\n<p class=\"com-paragraph   --s\">El Museo de la Paz de la Ciudad de Kitakyushu tambi\u00e9n abri\u00f3 sus puertas en 2022.<\/p>\n<p class=\"com-paragraph   --s\">Ambas ciudades cultivaron lazos de amistad a lo largo de las d\u00e9cadas y sus destinos entrelazados son reconocidos p\u00fablicamente.<\/p>\n<p class=\"com-paragraph   --s\">Pero Kitakyushu tambi\u00e9n experiment\u00f3 cambios: durante la reconstrucci\u00f3n de Jap\u00f3n, la ciudad industrial se contamin\u00f3 tanto que las aguas de la bah\u00eda de Dokai quedaron pr\u00e1cticamente sin vida.<\/p>\n<p class=\"com-paragraph   --s\">Hoy, tras d\u00e9cadas de inversi\u00f3n en tecnolog\u00edas renovables, es reconocida como una de las ciudades m\u00e1s verdes de Asia: una ciudad que jam\u00e1s olvidar\u00e1 el pasado, pero que avanz\u00f3 con firmeza hacia el futuro.<\/p>\n<section class=\"container-center-100 mb-40 border border-bottom border-thin border-neutral-light-700\">\n<hr\/>\n<\/section>\n<\/div>\n\n","protected":false},"excerpt":{"rendered":"<p>Kokura ya no existe. Fue una de las ciudades que en 1963 se fusionaron con otras cuatro para formar Kitakyushu, que hoy tiene poco menos de un mill\u00f3n de habitantes y se encuentra en el suroeste de Jap\u00f3n. Pero el nombre Kokura a\u00fan tiene un lugar en la conciencia p\u00fablica japonesa. Su desaparici\u00f3n podr\u00eda haber [&hellip;]<\/p>\n","protected":false},"author":2,"featured_media":142853,"comment_status":"closed","ping_status":"closed","sticky":false,"template":"","format":"standard","meta":{"footnotes":""},"categories":[26],"tags":[],"class_list":["post-142852","post","type-post","status-publish","format-standard","has-post-thumbnail","hentry","category-internacionales"],"yoast_head":"<!-- This site is optimized with the Yoast SEO plugin v24.4 - https:\/\/yoast.com\/wordpress\/plugins\/seo\/ -->\n<title>la ciudad japonesa que se salv\u00f3 dos veces de ser blanco de la bomba at\u00f3mica - GYS NOTICIAS |<\/title>\n<meta name=\"robots\" content=\"index, follow, max-snippet:-1, max-image-preview:large, max-video-preview:-1\" \/>\n<link rel=\"canonical\" href=\"https:\/\/gysfm.com.ar\/inicio\/la-ciudad-japonesa-que-se-salvo-dos-veces-de-ser-blanco-de-la-bomba-atomica\/\" \/>\n<meta property=\"og:locale\" content=\"es_ES\" \/>\n<meta property=\"og:type\" content=\"article\" \/>\n<meta property=\"og:title\" content=\"la ciudad japonesa que se salv\u00f3 dos veces de ser blanco de la bomba at\u00f3mica - GYS NOTICIAS |\" \/>\n<meta property=\"og:description\" content=\"Kokura ya no existe. Fue una de las ciudades que en 1963 se fusionaron con otras cuatro para formar Kitakyushu, que hoy tiene poco menos de un mill\u00f3n de habitantes y se encuentra en el suroeste de Jap\u00f3n. Pero el nombre Kokura a\u00fan tiene un lugar en la conciencia p\u00fablica japonesa. Su desaparici\u00f3n podr\u00eda haber [&hellip;]\" \/>\n<meta property=\"og:url\" content=\"https:\/\/gysfm.com.ar\/inicio\/la-ciudad-japonesa-que-se-salvo-dos-veces-de-ser-blanco-de-la-bomba-atomica\/\" \/>\n<meta property=\"og:site_name\" content=\"GYS NOTICIAS |\" \/>\n<meta property=\"article:published_time\" content=\"2025-08-10T04:17:50+00:00\" \/>\n<meta property=\"article:modified_time\" content=\"2025-08-10T04:17:51+00:00\" \/>\n<meta property=\"og:image\" content=\"https:\/\/gysfm.com.ar\/inicio\/wp-content\/uploads\/2025\/08\/la-bomba-atomica-explota-sobre-la-ciudad-japonesa-GASTHWHXWBGSTCHT4IWMJ7E72Q.jpg\" \/>\n\t<meta property=\"og:image:width\" content=\"1200\" \/>\n\t<meta property=\"og:image:height\" content=\"675\" \/>\n\t<meta property=\"og:image:type\" content=\"image\/jpeg\" \/>\n<meta name=\"author\" content=\"Prensa G&amp;S FM\" \/>\n<meta name=\"twitter:card\" content=\"summary_large_image\" \/>\n<meta name=\"twitter:label1\" content=\"Escrito por\" \/>\n\t<meta name=\"twitter:data1\" content=\"Prensa G&amp;S FM\" \/>\n\t<meta name=\"twitter:label2\" content=\"Tiempo de lectura\" \/>\n\t<meta name=\"twitter:data2\" content=\"5 minutos\" \/>\n<script type=\"application\/ld+json\" class=\"yoast-schema-graph\">{\"@context\":\"https:\/\/schema.org\",\"@graph\":[{\"@type\":\"Article\",\"@id\":\"https:\/\/gysfm.com.ar\/inicio\/la-ciudad-japonesa-que-se-salvo-dos-veces-de-ser-blanco-de-la-bomba-atomica\/#article\",\"isPartOf\":{\"@id\":\"https:\/\/gysfm.com.ar\/inicio\/la-ciudad-japonesa-que-se-salvo-dos-veces-de-ser-blanco-de-la-bomba-atomica\/\"},\"author\":{\"name\":\"Prensa G&amp;S FM\",\"@id\":\"https:\/\/gysfm.com.ar\/inicio\/#\/schema\/person\/3abba7593ef2ad19e1be221d54383dc5\"},\"headline\":\"la ciudad japonesa que se salv\u00f3 dos veces de ser blanco de la bomba at\u00f3mica\",\"datePublished\":\"2025-08-10T04:17:50+00:00\",\"dateModified\":\"2025-08-10T04:17:51+00:00\",\"mainEntityOfPage\":{\"@id\":\"https:\/\/gysfm.com.ar\/inicio\/la-ciudad-japonesa-que-se-salvo-dos-veces-de-ser-blanco-de-la-bomba-atomica\/\"},\"wordCount\":1029,\"publisher\":{\"@id\":\"https:\/\/gysfm.com.ar\/inicio\/#organization\"},\"image\":{\"@id\":\"https:\/\/gysfm.com.ar\/inicio\/la-ciudad-japonesa-que-se-salvo-dos-veces-de-ser-blanco-de-la-bomba-atomica\/#primaryimage\"},\"thumbnailUrl\":\"https:\/\/gysfm.com.ar\/inicio\/wp-content\/uploads\/2025\/08\/la-bomba-atomica-explota-sobre-la-ciudad-japonesa-GASTHWHXWBGSTCHT4IWMJ7E72Q.jpg\",\"articleSection\":[\"INTERNACIONALES\"],\"inLanguage\":\"es\"},{\"@type\":\"WebPage\",\"@id\":\"https:\/\/gysfm.com.ar\/inicio\/la-ciudad-japonesa-que-se-salvo-dos-veces-de-ser-blanco-de-la-bomba-atomica\/\",\"url\":\"https:\/\/gysfm.com.ar\/inicio\/la-ciudad-japonesa-que-se-salvo-dos-veces-de-ser-blanco-de-la-bomba-atomica\/\",\"name\":\"la ciudad japonesa que se salv\u00f3 dos veces de ser blanco de la bomba at\u00f3mica - GYS NOTICIAS |\",\"isPartOf\":{\"@id\":\"https:\/\/gysfm.com.ar\/inicio\/#website\"},\"primaryImageOfPage\":{\"@id\":\"https:\/\/gysfm.com.ar\/inicio\/la-ciudad-japonesa-que-se-salvo-dos-veces-de-ser-blanco-de-la-bomba-atomica\/#primaryimage\"},\"image\":{\"@id\":\"https:\/\/gysfm.com.ar\/inicio\/la-ciudad-japonesa-que-se-salvo-dos-veces-de-ser-blanco-de-la-bomba-atomica\/#primaryimage\"},\"thumbnailUrl\":\"https:\/\/gysfm.com.ar\/inicio\/wp-content\/uploads\/2025\/08\/la-bomba-atomica-explota-sobre-la-ciudad-japonesa-GASTHWHXWBGSTCHT4IWMJ7E72Q.jpg\",\"datePublished\":\"2025-08-10T04:17:50+00:00\",\"dateModified\":\"2025-08-10T04:17:51+00:00\",\"breadcrumb\":{\"@id\":\"https:\/\/gysfm.com.ar\/inicio\/la-ciudad-japonesa-que-se-salvo-dos-veces-de-ser-blanco-de-la-bomba-atomica\/#breadcrumb\"},\"inLanguage\":\"es\",\"potentialAction\":[{\"@type\":\"ReadAction\",\"target\":[\"https:\/\/gysfm.com.ar\/inicio\/la-ciudad-japonesa-que-se-salvo-dos-veces-de-ser-blanco-de-la-bomba-atomica\/\"]}]},{\"@type\":\"ImageObject\",\"inLanguage\":\"es\",\"@id\":\"https:\/\/gysfm.com.ar\/inicio\/la-ciudad-japonesa-que-se-salvo-dos-veces-de-ser-blanco-de-la-bomba-atomica\/#primaryimage\",\"url\":\"https:\/\/gysfm.com.ar\/inicio\/wp-content\/uploads\/2025\/08\/la-bomba-atomica-explota-sobre-la-ciudad-japonesa-GASTHWHXWBGSTCHT4IWMJ7E72Q.jpg\",\"contentUrl\":\"https:\/\/gysfm.com.ar\/inicio\/wp-content\/uploads\/2025\/08\/la-bomba-atomica-explota-sobre-la-ciudad-japonesa-GASTHWHXWBGSTCHT4IWMJ7E72Q.jpg\",\"width\":1200,\"height\":675},{\"@type\":\"BreadcrumbList\",\"@id\":\"https:\/\/gysfm.com.ar\/inicio\/la-ciudad-japonesa-que-se-salvo-dos-veces-de-ser-blanco-de-la-bomba-atomica\/#breadcrumb\",\"itemListElement\":[{\"@type\":\"ListItem\",\"position\":1,\"name\":\"Portada\",\"item\":\"https:\/\/gysfm.com.ar\/inicio\/\"},{\"@type\":\"ListItem\",\"position\":2,\"name\":\"la ciudad japonesa que se salv\u00f3 dos veces de ser blanco de la bomba at\u00f3mica\"}]},{\"@type\":\"WebSite\",\"@id\":\"https:\/\/gysfm.com.ar\/inicio\/#website\",\"url\":\"https:\/\/gysfm.com.ar\/inicio\/\",\"name\":\"GYS NOTICIAS |\",\"description\":\"DIARIO - RADIO ONLINE SAN JUAN ARGENTINA\",\"publisher\":{\"@id\":\"https:\/\/gysfm.com.ar\/inicio\/#organization\"},\"potentialAction\":[{\"@type\":\"SearchAction\",\"target\":{\"@type\":\"EntryPoint\",\"urlTemplate\":\"https:\/\/gysfm.com.ar\/inicio\/?s={search_term_string}\"},\"query-input\":{\"@type\":\"PropertyValueSpecification\",\"valueRequired\":true,\"valueName\":\"search_term_string\"}}],\"inLanguage\":\"es\"},{\"@type\":\"Organization\",\"@id\":\"https:\/\/gysfm.com.ar\/inicio\/#organization\",\"name\":\"GYS NOTICIAS |\",\"url\":\"https:\/\/gysfm.com.ar\/inicio\/\",\"logo\":{\"@type\":\"ImageObject\",\"inLanguage\":\"es\",\"@id\":\"https:\/\/gysfm.com.ar\/inicio\/#\/schema\/logo\/image\/\",\"url\":\"https:\/\/gysfm.com.ar\/inicio\/wp-content\/uploads\/2023\/07\/LOGOGYS-OK.png\",\"contentUrl\":\"https:\/\/gysfm.com.ar\/inicio\/wp-content\/uploads\/2023\/07\/LOGOGYS-OK.png\",\"width\":1170,\"height\":872,\"caption\":\"GYS NOTICIAS |\"},\"image\":{\"@id\":\"https:\/\/gysfm.com.ar\/inicio\/#\/schema\/logo\/image\/\"}},{\"@type\":\"Person\",\"@id\":\"https:\/\/gysfm.com.ar\/inicio\/#\/schema\/person\/3abba7593ef2ad19e1be221d54383dc5\",\"name\":\"Prensa G&amp;S FM\",\"image\":{\"@type\":\"ImageObject\",\"inLanguage\":\"es\",\"@id\":\"https:\/\/gysfm.com.ar\/inicio\/#\/schema\/person\/image\/\",\"url\":\"https:\/\/secure.gravatar.com\/avatar\/096ec78df02049ab018702bb4ccedf659377fa92a26540b5247612077a0dbd29?s=96&d=mm&r=g\",\"contentUrl\":\"https:\/\/secure.gravatar.com\/avatar\/096ec78df02049ab018702bb4ccedf659377fa92a26540b5247612077a0dbd29?s=96&d=mm&r=g\",\"caption\":\"Prensa G&amp;S FM\"},\"sameAs\":[\"https:\/\/gysfm.com.ar\/\"],\"url\":\"https:\/\/gysfm.com.ar\/inicio\/author\/lucasm\/\"}]}<\/script>\n<!-- \/ Yoast SEO plugin. -->","yoast_head_json":{"title":"la ciudad japonesa que se salv\u00f3 dos veces de ser blanco de la bomba at\u00f3mica - GYS NOTICIAS |","robots":{"index":"index","follow":"follow","max-snippet":"max-snippet:-1","max-image-preview":"max-image-preview:large","max-video-preview":"max-video-preview:-1"},"canonical":"https:\/\/gysfm.com.ar\/inicio\/la-ciudad-japonesa-que-se-salvo-dos-veces-de-ser-blanco-de-la-bomba-atomica\/","og_locale":"es_ES","og_type":"article","og_title":"la ciudad japonesa que se salv\u00f3 dos veces de ser blanco de la bomba at\u00f3mica - GYS NOTICIAS |","og_description":"Kokura ya no existe. Fue una de las ciudades que en 1963 se fusionaron con otras cuatro para formar Kitakyushu, que hoy tiene poco menos de un mill\u00f3n de habitantes y se encuentra en el suroeste de Jap\u00f3n. Pero el nombre Kokura a\u00fan tiene un lugar en la conciencia p\u00fablica japonesa. Su desaparici\u00f3n podr\u00eda haber [&hellip;]","og_url":"https:\/\/gysfm.com.ar\/inicio\/la-ciudad-japonesa-que-se-salvo-dos-veces-de-ser-blanco-de-la-bomba-atomica\/","og_site_name":"GYS NOTICIAS |","article_published_time":"2025-08-10T04:17:50+00:00","article_modified_time":"2025-08-10T04:17:51+00:00","og_image":[{"width":1200,"height":675,"url":"https:\/\/gysfm.com.ar\/inicio\/wp-content\/uploads\/2025\/08\/la-bomba-atomica-explota-sobre-la-ciudad-japonesa-GASTHWHXWBGSTCHT4IWMJ7E72Q.jpg","type":"image\/jpeg"}],"author":"Prensa G&amp;S FM","twitter_card":"summary_large_image","twitter_misc":{"Escrito por":"Prensa G&amp;S FM","Tiempo de lectura":"5 minutos"},"schema":{"@context":"https:\/\/schema.org","@graph":[{"@type":"Article","@id":"https:\/\/gysfm.com.ar\/inicio\/la-ciudad-japonesa-que-se-salvo-dos-veces-de-ser-blanco-de-la-bomba-atomica\/#article","isPartOf":{"@id":"https:\/\/gysfm.com.ar\/inicio\/la-ciudad-japonesa-que-se-salvo-dos-veces-de-ser-blanco-de-la-bomba-atomica\/"},"author":{"name":"Prensa G&amp;S FM","@id":"https:\/\/gysfm.com.ar\/inicio\/#\/schema\/person\/3abba7593ef2ad19e1be221d54383dc5"},"headline":"la ciudad japonesa que se salv\u00f3 dos veces de ser blanco de la bomba at\u00f3mica","datePublished":"2025-08-10T04:17:50+00:00","dateModified":"2025-08-10T04:17:51+00:00","mainEntityOfPage":{"@id":"https:\/\/gysfm.com.ar\/inicio\/la-ciudad-japonesa-que-se-salvo-dos-veces-de-ser-blanco-de-la-bomba-atomica\/"},"wordCount":1029,"publisher":{"@id":"https:\/\/gysfm.com.ar\/inicio\/#organization"},"image":{"@id":"https:\/\/gysfm.com.ar\/inicio\/la-ciudad-japonesa-que-se-salvo-dos-veces-de-ser-blanco-de-la-bomba-atomica\/#primaryimage"},"thumbnailUrl":"https:\/\/gysfm.com.ar\/inicio\/wp-content\/uploads\/2025\/08\/la-bomba-atomica-explota-sobre-la-ciudad-japonesa-GASTHWHXWBGSTCHT4IWMJ7E72Q.jpg","articleSection":["INTERNACIONALES"],"inLanguage":"es"},{"@type":"WebPage","@id":"https:\/\/gysfm.com.ar\/inicio\/la-ciudad-japonesa-que-se-salvo-dos-veces-de-ser-blanco-de-la-bomba-atomica\/","url":"https:\/\/gysfm.com.ar\/inicio\/la-ciudad-japonesa-que-se-salvo-dos-veces-de-ser-blanco-de-la-bomba-atomica\/","name":"la ciudad japonesa que se salv\u00f3 dos veces de ser blanco de la bomba at\u00f3mica - GYS NOTICIAS |","isPartOf":{"@id":"https:\/\/gysfm.com.ar\/inicio\/#website"},"primaryImageOfPage":{"@id":"https:\/\/gysfm.com.ar\/inicio\/la-ciudad-japonesa-que-se-salvo-dos-veces-de-ser-blanco-de-la-bomba-atomica\/#primaryimage"},"image":{"@id":"https:\/\/gysfm.com.ar\/inicio\/la-ciudad-japonesa-que-se-salvo-dos-veces-de-ser-blanco-de-la-bomba-atomica\/#primaryimage"},"thumbnailUrl":"https:\/\/gysfm.com.ar\/inicio\/wp-content\/uploads\/2025\/08\/la-bomba-atomica-explota-sobre-la-ciudad-japonesa-GASTHWHXWBGSTCHT4IWMJ7E72Q.jpg","datePublished":"2025-08-10T04:17:50+00:00","dateModified":"2025-08-10T04:17:51+00:00","breadcrumb":{"@id":"https:\/\/gysfm.com.ar\/inicio\/la-ciudad-japonesa-que-se-salvo-dos-veces-de-ser-blanco-de-la-bomba-atomica\/#breadcrumb"},"inLanguage":"es","potentialAction":[{"@type":"ReadAction","target":["https:\/\/gysfm.com.ar\/inicio\/la-ciudad-japonesa-que-se-salvo-dos-veces-de-ser-blanco-de-la-bomba-atomica\/"]}]},{"@type":"ImageObject","inLanguage":"es","@id":"https:\/\/gysfm.com.ar\/inicio\/la-ciudad-japonesa-que-se-salvo-dos-veces-de-ser-blanco-de-la-bomba-atomica\/#primaryimage","url":"https:\/\/gysfm.com.ar\/inicio\/wp-content\/uploads\/2025\/08\/la-bomba-atomica-explota-sobre-la-ciudad-japonesa-GASTHWHXWBGSTCHT4IWMJ7E72Q.jpg","contentUrl":"https:\/\/gysfm.com.ar\/inicio\/wp-content\/uploads\/2025\/08\/la-bomba-atomica-explota-sobre-la-ciudad-japonesa-GASTHWHXWBGSTCHT4IWMJ7E72Q.jpg","width":1200,"height":675},{"@type":"BreadcrumbList","@id":"https:\/\/gysfm.com.ar\/inicio\/la-ciudad-japonesa-que-se-salvo-dos-veces-de-ser-blanco-de-la-bomba-atomica\/#breadcrumb","itemListElement":[{"@type":"ListItem","position":1,"name":"Portada","item":"https:\/\/gysfm.com.ar\/inicio\/"},{"@type":"ListItem","position":2,"name":"la ciudad japonesa que se salv\u00f3 dos veces de ser blanco de la bomba at\u00f3mica"}]},{"@type":"WebSite","@id":"https:\/\/gysfm.com.ar\/inicio\/#website","url":"https:\/\/gysfm.com.ar\/inicio\/","name":"GYS NOTICIAS |","description":"DIARIO - RADIO ONLINE SAN JUAN ARGENTINA","publisher":{"@id":"https:\/\/gysfm.com.ar\/inicio\/#organization"},"potentialAction":[{"@type":"SearchAction","target":{"@type":"EntryPoint","urlTemplate":"https:\/\/gysfm.com.ar\/inicio\/?s={search_term_string}"},"query-input":{"@type":"PropertyValueSpecification","valueRequired":true,"valueName":"search_term_string"}}],"inLanguage":"es"},{"@type":"Organization","@id":"https:\/\/gysfm.com.ar\/inicio\/#organization","name":"GYS NOTICIAS |","url":"https:\/\/gysfm.com.ar\/inicio\/","logo":{"@type":"ImageObject","inLanguage":"es","@id":"https:\/\/gysfm.com.ar\/inicio\/#\/schema\/logo\/image\/","url":"https:\/\/gysfm.com.ar\/inicio\/wp-content\/uploads\/2023\/07\/LOGOGYS-OK.png","contentUrl":"https:\/\/gysfm.com.ar\/inicio\/wp-content\/uploads\/2023\/07\/LOGOGYS-OK.png","width":1170,"height":872,"caption":"GYS NOTICIAS |"},"image":{"@id":"https:\/\/gysfm.com.ar\/inicio\/#\/schema\/logo\/image\/"}},{"@type":"Person","@id":"https:\/\/gysfm.com.ar\/inicio\/#\/schema\/person\/3abba7593ef2ad19e1be221d54383dc5","name":"Prensa G&amp;S FM","image":{"@type":"ImageObject","inLanguage":"es","@id":"https:\/\/gysfm.com.ar\/inicio\/#\/schema\/person\/image\/","url":"https:\/\/secure.gravatar.com\/avatar\/096ec78df02049ab018702bb4ccedf659377fa92a26540b5247612077a0dbd29?s=96&d=mm&r=g","contentUrl":"https:\/\/secure.gravatar.com\/avatar\/096ec78df02049ab018702bb4ccedf659377fa92a26540b5247612077a0dbd29?s=96&d=mm&r=g","caption":"Prensa G&amp;S FM"},"sameAs":["https:\/\/gysfm.com.ar\/"],"url":"https:\/\/gysfm.com.ar\/inicio\/author\/lucasm\/"}]}},"_links":{"self":[{"href":"https:\/\/gysfm.com.ar\/inicio\/wp-json\/wp\/v2\/posts\/142852","targetHints":{"allow":["GET"]}}],"collection":[{"href":"https:\/\/gysfm.com.ar\/inicio\/wp-json\/wp\/v2\/posts"}],"about":[{"href":"https:\/\/gysfm.com.ar\/inicio\/wp-json\/wp\/v2\/types\/post"}],"author":[{"embeddable":true,"href":"https:\/\/gysfm.com.ar\/inicio\/wp-json\/wp\/v2\/users\/2"}],"replies":[{"embeddable":true,"href":"https:\/\/gysfm.com.ar\/inicio\/wp-json\/wp\/v2\/comments?post=142852"}],"version-history":[{"count":1,"href":"https:\/\/gysfm.com.ar\/inicio\/wp-json\/wp\/v2\/posts\/142852\/revisions"}],"predecessor-version":[{"id":142854,"href":"https:\/\/gysfm.com.ar\/inicio\/wp-json\/wp\/v2\/posts\/142852\/revisions\/142854"}],"wp:featuredmedia":[{"embeddable":true,"href":"https:\/\/gysfm.com.ar\/inicio\/wp-json\/wp\/v2\/media\/142853"}],"wp:attachment":[{"href":"https:\/\/gysfm.com.ar\/inicio\/wp-json\/wp\/v2\/media?parent=142852"}],"wp:term":[{"taxonomy":"category","embeddable":true,"href":"https:\/\/gysfm.com.ar\/inicio\/wp-json\/wp\/v2\/categories?post=142852"},{"taxonomy":"post_tag","embeddable":true,"href":"https:\/\/gysfm.com.ar\/inicio\/wp-json\/wp\/v2\/tags?post=142852"}],"curies":[{"name":"wp","href":"https:\/\/api.w.org\/{rel}","templated":true}]}}