{"id":142846,"date":"2025-08-10T00:02:48","date_gmt":"2025-08-10T03:02:48","guid":{"rendered":"https:\/\/gysfm.com.ar\/inicio\/la-omc-mejora-su-proyeccion-de-comercio-mundial-a-pesar-de-los-aranceles-de-eeuu\/"},"modified":"2025-08-10T00:02:48","modified_gmt":"2025-08-10T03:02:48","slug":"la-omc-mejora-su-proyeccion-de-comercio-mundial-a-pesar-de-los-aranceles-de-eeuu","status":"publish","type":"post","link":"https:\/\/gysfm.com.ar\/inicio\/la-omc-mejora-su-proyeccion-de-comercio-mundial-a-pesar-de-los-aranceles-de-eeuu\/","title":{"rendered":"La OMC mejora su proyecci\u00f3n de comercio mundial a pesar de los aranceles de EEUU"},"content":{"rendered":"<p> <br \/>\n<\/p>\n<div>\t\t<!-- { REGION4 --> <\/p>\n<header class=\"news-headline\">\n<h2 class=\"news-headline__article-summary\">\t\t<\/h2>\n<p class=\"ignore-parser\">La Organizaci\u00f3n Mundial del Comercio proyecta un crecimiento del <strong data-start=\"215\" data-end=\"231\" data-is-only-node=\"\" class=\"ignore-parser\">0,9% en 2025<\/strong> en el comercio global, impulsado por compras anticipadas de importadores estadounidenses antes de la aplicaci\u00f3n de nuevos <strong data-start=\"354\" data-end=\"367\" class=\"ignore-parser\">aranceles<\/strong>. Sin embargo, la incertidumbre sigue afectando inversiones y cadenas de suministro a nivel mundial.<\/p>\n<\/header>\n<div class=\"detail-highlighted-multimedia content-protected-false\">\n<figure class=\"detail-highlighted-multimedia__figure\">  <img loading=\"lazy\" decoding=\"async\" src=\"https:\/\/media.ambito.com\/p\/7a90cda5705d2a38c5bfcd8c528c96b1\/adjuntos\/239\/imagenes\/038\/228\/0038228529\/omcjpg.jpg\" class=\"detail-highlighted-multimedia__figure-img img-fluid\" alt=\"La OMC revis\u00f3 al alza su pron\u00f3stico de comercio mundial gracias a compras anticipadas en EEUU, pero advierte sobre los riesgos que generan las tensiones arancelarias en la estabilidad econ\u00f3mica global.\" width=\"540\" height=\"405\" crossorigin=\"anonymous\"\/><figcaption class=\"detail-highlighted-multimedia__figcaption\">  <span class=\"detail-highlighted-multimedia__copyright\">Wikipedia<\/span><\/figcaption><\/figure>\n<\/div>\n<article class=\"article-body article-body--first-paragraph content-protected-false\" data-td-script-src=\"https:\/\/www.ambito.com\/td\/modulos\/encuestas\/js\/function-embeds-min-version-1747541270.js\">\n<p data-start=\"180\" data-end=\"521\">La <strong data-start=\"183\" data-end=\"226\">Organizaci\u00f3n Mundial del Comercio (OMC)<\/strong> revis\u00f3 al alza su pron\u00f3stico para el comercio global de mercanc\u00edas, pese a las tensiones generadas por los <strong data-start=\"334\" data-end=\"385\">aranceles impuestos por la administraci\u00f3n Trump<\/strong>. Seg\u00fan su \u00faltimo informe, el intercambio mundial crecer\u00e1 un <strong data-start=\"446\" data-end=\"462\"> 0,9% en 2025<\/strong>, un avance frente a la ca\u00edda del 0,2% prevista en abril.<\/p>\n<\/article>\n<section class=\"suscription-false printed-edition\" style=\"display:none\">\n<p> El contenido al que quiere acceder es exclusivo para suscriptores.<\/p>\n<p>  <span> <button type=\"button\" name=\"button\" class=\"subscribe-btn mercadopago-btn\">suscribirse<\/button><\/span>  <span class=\"btns\"><button type=\"button\" name=\"button\" class=\"subscribe-btn reload-login\"> ya estoy suscripto<\/button><\/span>  <\/p>\n<\/section>\n<article class=\"article-body article-body--second-paragraph content-protected-false\">\n<p data-start=\"523\" data-end=\"730\">Este ajuste positivo se explica, en gran medida, por la acelerada compra de productos y materias primas por parte de <strong data-start=\"640\" data-end=\"672\">importadores estadounidenses<\/strong> antes de la entrada en vigor de los mayores grav\u00e1menes.<\/p>\n<\/article>\n<section class=\"related-news\">\t\t<span class=\"related-news__title\">Informate m\u00e1s<\/span>\t\t<\/p>\n<div class=\"row row--eq-height\">\n<div class=\"col-12 col-md-6\">\n<article class=\"news-article news-article--landscape-news news-article--landscape-news\">\n<figure class=\"news-article__figure figure\">\n\t\t\t\t\t\t\t\t\t\t\t<img loading=\"lazy\" decoding=\"async\" src=\"https:\/\/media.ambito.com\/p\/b1fe2a0fb9cda9922577eb113a8890ab\/adjuntos\/239\/imagenes\/042\/650\/0042650881\/93x52\/smart\/electrodomesticos-peugeot.avif\" alt=\"La famosa marca de autos lanz\u00f3 hace pocos meses su propia linea de electrodomesticos y ya tienen descuentos en COTO.\" title=\"La famosa marca de autos lanz\u00f3 hace pocos meses su propia linea de electrodomesticos y ya tienen descuentos en COTO.\" width=\"93\" height=\"52\" class=\"news-article__figure-img figure-img img-fluid\"\/>\t\t<\/figure>\n<\/article><\/div>\n<div class=\"col-12 col-md-6\">\n<article class=\"news-article news-article--landscape-news news-article--landscape-news\">\n<figure class=\"news-article__figure figure\">\n\t\t\t\t\t\t\t\t\t\t\t<img loading=\"lazy\" decoding=\"async\" src=\"https:\/\/media.ambito.com\/p\/15c122ff7737315599ac49ee4dcda617\/adjuntos\/239\/imagenes\/042\/219\/0042219068\/supermercado-precios-consumo-inflacion.jpg\" alt=\"El mercado calcula si llegar\u00e1 el pass-througha las gondolas.\" title=\"El mercado calcula si llegar\u00e1 el pass-througha las gondolas.\" width=\"93\" height=\"52\" class=\"news-article__figure-img figure-img img-fluid\"\/>\t\t<\/figure>\n<\/article><\/div>\n<\/div>\n<\/section>\n<article class=\"article-body article-body--third-paragraph content-protected-false\">\n<p data-start=\"732\" data-end=\"884\">Para 2026, la OMC proyecta un crecimiento del comercio global del <strong data-start=\"798\" data-end=\"806\">1,8%<\/strong>, aunque esta cifra es m\u00e1s moderada respecto al 2,5% anticipado meses atr\u00e1s.<\/p>\n<\/article>\n<article class=\"article-body article-body--fourth-paragraph content-protected-false\">\n<h2 data-start=\"732\" data-end=\"884\">La OMC advierte sobre el riesgo de una escalada de represalias comerciales<\/h2>\n<p data-start=\"886\" data-end=\"1205\">\u201cLa <strong data-start=\"890\" data-end=\"919\">incertidumbre arancelaria<\/strong> sigue impactando la confianza empresarial, las inversiones y las cadenas de suministro\u201d, advirti\u00f3 <strong data-start=\"1018\" data-end=\"1041\">Ngozi Okonjo-Iweala<\/strong>, directora general del organismo. Destac\u00f3 adem\u00e1s la importancia de evitar una escalada de represalias que podr\u00eda perjudicar gravemente al comercio internacional.<\/p>\n<\/article>\n<article class=\"article-body article-body--fifth-paragraph content-protected-false\">\n<p data-start=\"1207\" data-end=\"1550\">Desde Washington, la pol\u00edtica de <strong data-start=\"1240\" data-end=\"1264\">aranceles rec\u00edprocos<\/strong> ha generado cr\u00edticas y tensiones. La administraci\u00f3n Trump ha implementado tarifas contra pa\u00edses que, seg\u00fan su mirada, incumplen las reglas comerciales vigentes bajo la <strong data-start=\"1433\" data-end=\"1440\">OMC<\/strong>, que lleva 30 a\u00f1os supervisando normas para evitar distorsiones y privilegios en el comercio internacional.<\/p>\n<\/article>\n<article class=\"article-body article-body--remaining-paragraph content-protected-false\">\n<p data-start=\"1552\" data-end=\"1885\">En ese marco, el representante comercial de Estados Unidos, <strong data-start=\"1604\" data-end=\"1622\">Jamieson Greer<\/strong>, sostuvo recientemente en un art\u00edculo que el sistema actual de la OMC \u201ces insostenible\u201d y destac\u00f3 que las medidas tomadas por su pa\u00eds han garantizado un mejor acceso a mercados extranjeros en pocos meses, algo que, afirm\u00f3, no se logr\u00f3 en a\u00f1os de negociaciones.<\/p>\n<p data-start=\"1887\" data-end=\"2062\">La disputa plantea un escenario complejo para la estabilidad del comercio global, en un momento donde la recuperaci\u00f3n econ\u00f3mica mundial todav\u00eda muestra signos de fragilidad.<\/p>\n<\/article>\n<p>\t\t\t\t<!-- REGION4 } -->\n\t\t\t\t\t\t<\/div>\n<p><script>\n!function(f,b,e,v,n,t,s)\n{if(f.fbq)return;n=f.fbq=function(){n.callMethod?\nn.callMethod.apply(n,arguments):n.queue.push(arguments)};\nif(!f._fbq)f._fbq=n;n.push=n;n.loaded=!0;n.version='2.0';\nn.queue=[];t=b.createElement(e);t.async=!0;\nt.src=v;s=b.getElementsByTagName(e)[0];\ns.parentNode.insertBefore(t,s)}(window,document,'script',\n'https:\/\/connect.facebook.net\/en_US\/fbevents.js');\nfbq('init', '2047048335588113');\nfbq('track', 'PageView');\n<\/script><br \/>\n<br \/><\/p>\n","protected":false},"excerpt":{"rendered":"<p>La Organizaci\u00f3n Mundial del Comercio proyecta un crecimiento del 0,9% en 2025 en el comercio global, impulsado por compras anticipadas de importadores estadounidenses antes de la aplicaci\u00f3n de nuevos aranceles. Sin embargo, la incertidumbre sigue afectando inversiones y cadenas de suministro a nivel mundial. Wikipedia La Organizaci\u00f3n Mundial del Comercio (OMC) revis\u00f3 al alza su [&hellip;]<\/p>\n","protected":false},"author":1,"featured_media":142847,"comment_status":"closed","ping_status":"closed","sticky":false,"template":"","format":"standard","meta":{"footnotes":""},"categories":[28],"tags":[],"class_list":["post-142846","post","type-post","status-publish","format-standard","has-post-thumbnail","hentry","category-economia"],"yoast_head":"<!-- This site is optimized with the Yoast SEO plugin v24.4 - https:\/\/yoast.com\/wordpress\/plugins\/seo\/ -->\n<title>La OMC mejora su proyecci\u00f3n de comercio mundial a pesar de los aranceles de EEUU - GYS NOTICIAS |<\/title>\n<meta name=\"robots\" content=\"index, follow, max-snippet:-1, max-image-preview:large, max-video-preview:-1\" \/>\n<link rel=\"canonical\" href=\"https:\/\/gysfm.com.ar\/inicio\/la-omc-mejora-su-proyeccion-de-comercio-mundial-a-pesar-de-los-aranceles-de-eeuu\/\" \/>\n<meta property=\"og:locale\" content=\"es_ES\" \/>\n<meta property=\"og:type\" content=\"article\" \/>\n<meta property=\"og:title\" content=\"La OMC mejora su proyecci\u00f3n de comercio mundial a pesar de los aranceles de EEUU - GYS NOTICIAS |\" \/>\n<meta property=\"og:description\" content=\"La Organizaci\u00f3n Mundial del Comercio proyecta un crecimiento del 0,9% en 2025 en el comercio global, impulsado por compras anticipadas de importadores estadounidenses antes de la aplicaci\u00f3n de nuevos aranceles. Sin embargo, la incertidumbre sigue afectando inversiones y cadenas de suministro a nivel mundial. Wikipedia La Organizaci\u00f3n Mundial del Comercio (OMC) revis\u00f3 al alza su [&hellip;]\" \/>\n<meta property=\"og:url\" content=\"https:\/\/gysfm.com.ar\/inicio\/la-omc-mejora-su-proyeccion-de-comercio-mundial-a-pesar-de-los-aranceles-de-eeuu\/\" \/>\n<meta property=\"og:site_name\" content=\"GYS NOTICIAS |\" \/>\n<meta property=\"article:published_time\" content=\"2025-08-10T03:02:48+00:00\" \/>\n<meta property=\"og:image\" content=\"https:\/\/media.ambito.com\/p\/7a90cda5705d2a38c5bfcd8c528c96b1\/adjuntos\/239\/imagenes\/038\/228\/0038228529\/omcjpg.jpg\" \/>\n<meta name=\"author\" content=\"admin\" \/>\n<meta name=\"twitter:card\" content=\"summary_large_image\" \/>\n<meta name=\"twitter:label1\" content=\"Escrito por\" \/>\n\t<meta name=\"twitter:data1\" content=\"admin\" \/>\n\t<meta name=\"twitter:label2\" content=\"Tiempo de lectura\" \/>\n\t<meta name=\"twitter:data2\" content=\"2 minutos\" \/>\n<script type=\"application\/ld+json\" class=\"yoast-schema-graph\">{\"@context\":\"https:\/\/schema.org\",\"@graph\":[{\"@type\":\"Article\",\"@id\":\"https:\/\/gysfm.com.ar\/inicio\/la-omc-mejora-su-proyeccion-de-comercio-mundial-a-pesar-de-los-aranceles-de-eeuu\/#article\",\"isPartOf\":{\"@id\":\"https:\/\/gysfm.com.ar\/inicio\/la-omc-mejora-su-proyeccion-de-comercio-mundial-a-pesar-de-los-aranceles-de-eeuu\/\"},\"author\":{\"name\":\"admin\",\"@id\":\"https:\/\/gysfm.com.ar\/inicio\/#\/schema\/person\/5bedd7ecd35cc35548d89effafa23696\"},\"headline\":\"La OMC mejora su proyecci\u00f3n de comercio mundial a pesar de los aranceles de EEUU\",\"datePublished\":\"2025-08-10T03:02:48+00:00\",\"mainEntityOfPage\":{\"@id\":\"https:\/\/gysfm.com.ar\/inicio\/la-omc-mejora-su-proyeccion-de-comercio-mundial-a-pesar-de-los-aranceles-de-eeuu\/\"},\"wordCount\":384,\"publisher\":{\"@id\":\"https:\/\/gysfm.com.ar\/inicio\/#organization\"},\"image\":{\"@id\":\"https:\/\/gysfm.com.ar\/inicio\/la-omc-mejora-su-proyeccion-de-comercio-mundial-a-pesar-de-los-aranceles-de-eeuu\/#primaryimage\"},\"thumbnailUrl\":\"https:\/\/gysfm.com.ar\/inicio\/wp-content\/uploads\/2025\/08\/omcjpg.jpg\",\"articleSection\":[\"ECONOMIA\"],\"inLanguage\":\"es\"},{\"@type\":\"WebPage\",\"@id\":\"https:\/\/gysfm.com.ar\/inicio\/la-omc-mejora-su-proyeccion-de-comercio-mundial-a-pesar-de-los-aranceles-de-eeuu\/\",\"url\":\"https:\/\/gysfm.com.ar\/inicio\/la-omc-mejora-su-proyeccion-de-comercio-mundial-a-pesar-de-los-aranceles-de-eeuu\/\",\"name\":\"La OMC mejora su proyecci\u00f3n de comercio mundial a pesar de los aranceles de EEUU - GYS NOTICIAS |\",\"isPartOf\":{\"@id\":\"https:\/\/gysfm.com.ar\/inicio\/#website\"},\"primaryImageOfPage\":{\"@id\":\"https:\/\/gysfm.com.ar\/inicio\/la-omc-mejora-su-proyeccion-de-comercio-mundial-a-pesar-de-los-aranceles-de-eeuu\/#primaryimage\"},\"image\":{\"@id\":\"https:\/\/gysfm.com.ar\/inicio\/la-omc-mejora-su-proyeccion-de-comercio-mundial-a-pesar-de-los-aranceles-de-eeuu\/#primaryimage\"},\"thumbnailUrl\":\"https:\/\/gysfm.com.ar\/inicio\/wp-content\/uploads\/2025\/08\/omcjpg.jpg\",\"datePublished\":\"2025-08-10T03:02:48+00:00\",\"breadcrumb\":{\"@id\":\"https:\/\/gysfm.com.ar\/inicio\/la-omc-mejora-su-proyeccion-de-comercio-mundial-a-pesar-de-los-aranceles-de-eeuu\/#breadcrumb\"},\"inLanguage\":\"es\",\"potentialAction\":[{\"@type\":\"ReadAction\",\"target\":[\"https:\/\/gysfm.com.ar\/inicio\/la-omc-mejora-su-proyeccion-de-comercio-mundial-a-pesar-de-los-aranceles-de-eeuu\/\"]}]},{\"@type\":\"ImageObject\",\"inLanguage\":\"es\",\"@id\":\"https:\/\/gysfm.com.ar\/inicio\/la-omc-mejora-su-proyeccion-de-comercio-mundial-a-pesar-de-los-aranceles-de-eeuu\/#primaryimage\",\"url\":\"https:\/\/gysfm.com.ar\/inicio\/wp-content\/uploads\/2025\/08\/omcjpg.jpg\",\"contentUrl\":\"https:\/\/gysfm.com.ar\/inicio\/wp-content\/uploads\/2025\/08\/omcjpg.jpg\",\"width\":1200,\"height\":675},{\"@type\":\"BreadcrumbList\",\"@id\":\"https:\/\/gysfm.com.ar\/inicio\/la-omc-mejora-su-proyeccion-de-comercio-mundial-a-pesar-de-los-aranceles-de-eeuu\/#breadcrumb\",\"itemListElement\":[{\"@type\":\"ListItem\",\"position\":1,\"name\":\"Portada\",\"item\":\"https:\/\/gysfm.com.ar\/inicio\/\"},{\"@type\":\"ListItem\",\"position\":2,\"name\":\"La OMC mejora su proyecci\u00f3n de comercio mundial a pesar de los aranceles de EEUU\"}]},{\"@type\":\"WebSite\",\"@id\":\"https:\/\/gysfm.com.ar\/inicio\/#website\",\"url\":\"https:\/\/gysfm.com.ar\/inicio\/\",\"name\":\"GYS NOTICIAS |\",\"description\":\"DIARIO - RADIO ONLINE SAN JUAN ARGENTINA\",\"publisher\":{\"@id\":\"https:\/\/gysfm.com.ar\/inicio\/#organization\"},\"potentialAction\":[{\"@type\":\"SearchAction\",\"target\":{\"@type\":\"EntryPoint\",\"urlTemplate\":\"https:\/\/gysfm.com.ar\/inicio\/?s={search_term_string}\"},\"query-input\":{\"@type\":\"PropertyValueSpecification\",\"valueRequired\":true,\"valueName\":\"search_term_string\"}}],\"inLanguage\":\"es\"},{\"@type\":\"Organization\",\"@id\":\"https:\/\/gysfm.com.ar\/inicio\/#organization\",\"name\":\"GYS NOTICIAS |\",\"url\":\"https:\/\/gysfm.com.ar\/inicio\/\",\"logo\":{\"@type\":\"ImageObject\",\"inLanguage\":\"es\",\"@id\":\"https:\/\/gysfm.com.ar\/inicio\/#\/schema\/logo\/image\/\",\"url\":\"https:\/\/gysfm.com.ar\/inicio\/wp-content\/uploads\/2023\/07\/LOGOGYS-OK.png\",\"contentUrl\":\"https:\/\/gysfm.com.ar\/inicio\/wp-content\/uploads\/2023\/07\/LOGOGYS-OK.png\",\"width\":1170,\"height\":872,\"caption\":\"GYS NOTICIAS |\"},\"image\":{\"@id\":\"https:\/\/gysfm.com.ar\/inicio\/#\/schema\/logo\/image\/\"}},{\"@type\":\"Person\",\"@id\":\"https:\/\/gysfm.com.ar\/inicio\/#\/schema\/person\/5bedd7ecd35cc35548d89effafa23696\",\"name\":\"admin\",\"image\":{\"@type\":\"ImageObject\",\"inLanguage\":\"es\",\"@id\":\"https:\/\/gysfm.com.ar\/inicio\/#\/schema\/person\/image\/\",\"url\":\"https:\/\/secure.gravatar.com\/avatar\/c331d312b5243fb64d5ba28108a447b27c925295129a363082c9ea52c28d32c2?s=96&d=mm&r=g\",\"contentUrl\":\"https:\/\/secure.gravatar.com\/avatar\/c331d312b5243fb64d5ba28108a447b27c925295129a363082c9ea52c28d32c2?s=96&d=mm&r=g\",\"caption\":\"admin\"},\"sameAs\":[\"https:\/\/gysfm.com.ar\/inicio\"],\"url\":\"https:\/\/gysfm.com.ar\/inicio\/author\/admin\/\"}]}<\/script>\n<!-- \/ Yoast SEO plugin. -->","yoast_head_json":{"title":"La OMC mejora su proyecci\u00f3n de comercio mundial a pesar de los aranceles de EEUU - GYS NOTICIAS |","robots":{"index":"index","follow":"follow","max-snippet":"max-snippet:-1","max-image-preview":"max-image-preview:large","max-video-preview":"max-video-preview:-1"},"canonical":"https:\/\/gysfm.com.ar\/inicio\/la-omc-mejora-su-proyeccion-de-comercio-mundial-a-pesar-de-los-aranceles-de-eeuu\/","og_locale":"es_ES","og_type":"article","og_title":"La OMC mejora su proyecci\u00f3n de comercio mundial a pesar de los aranceles de EEUU - GYS NOTICIAS |","og_description":"La Organizaci\u00f3n Mundial del Comercio proyecta un crecimiento del 0,9% en 2025 en el comercio global, impulsado por compras anticipadas de importadores estadounidenses antes de la aplicaci\u00f3n de nuevos aranceles. Sin embargo, la incertidumbre sigue afectando inversiones y cadenas de suministro a nivel mundial. Wikipedia La Organizaci\u00f3n Mundial del Comercio (OMC) revis\u00f3 al alza su [&hellip;]","og_url":"https:\/\/gysfm.com.ar\/inicio\/la-omc-mejora-su-proyeccion-de-comercio-mundial-a-pesar-de-los-aranceles-de-eeuu\/","og_site_name":"GYS NOTICIAS |","article_published_time":"2025-08-10T03:02:48+00:00","og_image":[{"url":"https:\/\/media.ambito.com\/p\/7a90cda5705d2a38c5bfcd8c528c96b1\/adjuntos\/239\/imagenes\/038\/228\/0038228529\/omcjpg.jpg","type":"","width":"","height":""}],"author":"admin","twitter_card":"summary_large_image","twitter_misc":{"Escrito por":"admin","Tiempo de lectura":"2 minutos"},"schema":{"@context":"https:\/\/schema.org","@graph":[{"@type":"Article","@id":"https:\/\/gysfm.com.ar\/inicio\/la-omc-mejora-su-proyeccion-de-comercio-mundial-a-pesar-de-los-aranceles-de-eeuu\/#article","isPartOf":{"@id":"https:\/\/gysfm.com.ar\/inicio\/la-omc-mejora-su-proyeccion-de-comercio-mundial-a-pesar-de-los-aranceles-de-eeuu\/"},"author":{"name":"admin","@id":"https:\/\/gysfm.com.ar\/inicio\/#\/schema\/person\/5bedd7ecd35cc35548d89effafa23696"},"headline":"La OMC mejora su proyecci\u00f3n de comercio mundial a pesar de los aranceles de EEUU","datePublished":"2025-08-10T03:02:48+00:00","mainEntityOfPage":{"@id":"https:\/\/gysfm.com.ar\/inicio\/la-omc-mejora-su-proyeccion-de-comercio-mundial-a-pesar-de-los-aranceles-de-eeuu\/"},"wordCount":384,"publisher":{"@id":"https:\/\/gysfm.com.ar\/inicio\/#organization"},"image":{"@id":"https:\/\/gysfm.com.ar\/inicio\/la-omc-mejora-su-proyeccion-de-comercio-mundial-a-pesar-de-los-aranceles-de-eeuu\/#primaryimage"},"thumbnailUrl":"https:\/\/gysfm.com.ar\/inicio\/wp-content\/uploads\/2025\/08\/omcjpg.jpg","articleSection":["ECONOMIA"],"inLanguage":"es"},{"@type":"WebPage","@id":"https:\/\/gysfm.com.ar\/inicio\/la-omc-mejora-su-proyeccion-de-comercio-mundial-a-pesar-de-los-aranceles-de-eeuu\/","url":"https:\/\/gysfm.com.ar\/inicio\/la-omc-mejora-su-proyeccion-de-comercio-mundial-a-pesar-de-los-aranceles-de-eeuu\/","name":"La OMC mejora su proyecci\u00f3n de comercio mundial a pesar de los aranceles de EEUU - GYS NOTICIAS |","isPartOf":{"@id":"https:\/\/gysfm.com.ar\/inicio\/#website"},"primaryImageOfPage":{"@id":"https:\/\/gysfm.com.ar\/inicio\/la-omc-mejora-su-proyeccion-de-comercio-mundial-a-pesar-de-los-aranceles-de-eeuu\/#primaryimage"},"image":{"@id":"https:\/\/gysfm.com.ar\/inicio\/la-omc-mejora-su-proyeccion-de-comercio-mundial-a-pesar-de-los-aranceles-de-eeuu\/#primaryimage"},"thumbnailUrl":"https:\/\/gysfm.com.ar\/inicio\/wp-content\/uploads\/2025\/08\/omcjpg.jpg","datePublished":"2025-08-10T03:02:48+00:00","breadcrumb":{"@id":"https:\/\/gysfm.com.ar\/inicio\/la-omc-mejora-su-proyeccion-de-comercio-mundial-a-pesar-de-los-aranceles-de-eeuu\/#breadcrumb"},"inLanguage":"es","potentialAction":[{"@type":"ReadAction","target":["https:\/\/gysfm.com.ar\/inicio\/la-omc-mejora-su-proyeccion-de-comercio-mundial-a-pesar-de-los-aranceles-de-eeuu\/"]}]},{"@type":"ImageObject","inLanguage":"es","@id":"https:\/\/gysfm.com.ar\/inicio\/la-omc-mejora-su-proyeccion-de-comercio-mundial-a-pesar-de-los-aranceles-de-eeuu\/#primaryimage","url":"https:\/\/gysfm.com.ar\/inicio\/wp-content\/uploads\/2025\/08\/omcjpg.jpg","contentUrl":"https:\/\/gysfm.com.ar\/inicio\/wp-content\/uploads\/2025\/08\/omcjpg.jpg","width":1200,"height":675},{"@type":"BreadcrumbList","@id":"https:\/\/gysfm.com.ar\/inicio\/la-omc-mejora-su-proyeccion-de-comercio-mundial-a-pesar-de-los-aranceles-de-eeuu\/#breadcrumb","itemListElement":[{"@type":"ListItem","position":1,"name":"Portada","item":"https:\/\/gysfm.com.ar\/inicio\/"},{"@type":"ListItem","position":2,"name":"La OMC mejora su proyecci\u00f3n de comercio mundial a pesar de los aranceles de EEUU"}]},{"@type":"WebSite","@id":"https:\/\/gysfm.com.ar\/inicio\/#website","url":"https:\/\/gysfm.com.ar\/inicio\/","name":"GYS NOTICIAS |","description":"DIARIO - RADIO ONLINE SAN JUAN ARGENTINA","publisher":{"@id":"https:\/\/gysfm.com.ar\/inicio\/#organization"},"potentialAction":[{"@type":"SearchAction","target":{"@type":"EntryPoint","urlTemplate":"https:\/\/gysfm.com.ar\/inicio\/?s={search_term_string}"},"query-input":{"@type":"PropertyValueSpecification","valueRequired":true,"valueName":"search_term_string"}}],"inLanguage":"es"},{"@type":"Organization","@id":"https:\/\/gysfm.com.ar\/inicio\/#organization","name":"GYS NOTICIAS |","url":"https:\/\/gysfm.com.ar\/inicio\/","logo":{"@type":"ImageObject","inLanguage":"es","@id":"https:\/\/gysfm.com.ar\/inicio\/#\/schema\/logo\/image\/","url":"https:\/\/gysfm.com.ar\/inicio\/wp-content\/uploads\/2023\/07\/LOGOGYS-OK.png","contentUrl":"https:\/\/gysfm.com.ar\/inicio\/wp-content\/uploads\/2023\/07\/LOGOGYS-OK.png","width":1170,"height":872,"caption":"GYS NOTICIAS |"},"image":{"@id":"https:\/\/gysfm.com.ar\/inicio\/#\/schema\/logo\/image\/"}},{"@type":"Person","@id":"https:\/\/gysfm.com.ar\/inicio\/#\/schema\/person\/5bedd7ecd35cc35548d89effafa23696","name":"admin","image":{"@type":"ImageObject","inLanguage":"es","@id":"https:\/\/gysfm.com.ar\/inicio\/#\/schema\/person\/image\/","url":"https:\/\/secure.gravatar.com\/avatar\/c331d312b5243fb64d5ba28108a447b27c925295129a363082c9ea52c28d32c2?s=96&d=mm&r=g","contentUrl":"https:\/\/secure.gravatar.com\/avatar\/c331d312b5243fb64d5ba28108a447b27c925295129a363082c9ea52c28d32c2?s=96&d=mm&r=g","caption":"admin"},"sameAs":["https:\/\/gysfm.com.ar\/inicio"],"url":"https:\/\/gysfm.com.ar\/inicio\/author\/admin\/"}]}},"_links":{"self":[{"href":"https:\/\/gysfm.com.ar\/inicio\/wp-json\/wp\/v2\/posts\/142846","targetHints":{"allow":["GET"]}}],"collection":[{"href":"https:\/\/gysfm.com.ar\/inicio\/wp-json\/wp\/v2\/posts"}],"about":[{"href":"https:\/\/gysfm.com.ar\/inicio\/wp-json\/wp\/v2\/types\/post"}],"author":[{"embeddable":true,"href":"https:\/\/gysfm.com.ar\/inicio\/wp-json\/wp\/v2\/users\/1"}],"replies":[{"embeddable":true,"href":"https:\/\/gysfm.com.ar\/inicio\/wp-json\/wp\/v2\/comments?post=142846"}],"version-history":[{"count":0,"href":"https:\/\/gysfm.com.ar\/inicio\/wp-json\/wp\/v2\/posts\/142846\/revisions"}],"wp:featuredmedia":[{"embeddable":true,"href":"https:\/\/gysfm.com.ar\/inicio\/wp-json\/wp\/v2\/media\/142847"}],"wp:attachment":[{"href":"https:\/\/gysfm.com.ar\/inicio\/wp-json\/wp\/v2\/media?parent=142846"}],"wp:term":[{"taxonomy":"category","embeddable":true,"href":"https:\/\/gysfm.com.ar\/inicio\/wp-json\/wp\/v2\/categories?post=142846"},{"taxonomy":"post_tag","embeddable":true,"href":"https:\/\/gysfm.com.ar\/inicio\/wp-json\/wp\/v2\/tags?post=142846"}],"curies":[{"name":"wp","href":"https:\/\/api.w.org\/{rel}","templated":true}]}}