{"id":142832,"date":"2025-08-09T22:55:04","date_gmt":"2025-08-10T01:55:04","guid":{"rendered":"https:\/\/gysfm.com.ar\/inicio\/cuales-fueron-las-frases-mas-resonantes-de-javier-milei-en-cadena-nacional\/"},"modified":"2025-08-09T22:55:04","modified_gmt":"2025-08-10T01:55:04","slug":"cuales-fueron-las-frases-mas-resonantes-de-javier-milei-en-cadena-nacional","status":"publish","type":"post","link":"https:\/\/gysfm.com.ar\/inicio\/cuales-fueron-las-frases-mas-resonantes-de-javier-milei-en-cadena-nacional\/","title":{"rendered":"Cu\u00e1les fueron las frases m\u00e1s resonantes de Javier Milei en cadena nacional"},"content":{"rendered":"<p><\/p>\n<div id=\"article-content\">\n<p>En un mensaje por cadena nacional, y en su cl\u00e1sico tono confrontativo, el presidente <a target=\"_blank\" href=\"https:\/\/www.perfil.com\/noticias\/canal-e\/la-imagen-positiva-de-javier-milei-nunca-cayo-y-hoy-sigue-superando-a-la-negativa.phtml\"><strong>Javier Milei <\/strong><\/a>realiz\u00f3 un balance de los primeros 18 meses de su gobierno y reafirm\u00f3 su compromiso con una pol\u00edtica econ\u00f3mica basada en el <strong>orden fiscal, monetario y cambiario.<\/strong> All\u00ed, destac\u00f3 la reducci\u00f3n de la inflaci\u00f3n desde un 300% interanual a un 25%, la mejora en indicadores sociales como la pobreza y la indigencia, y el aumento real de los salarios privados. Sin embargo, advirti\u00f3 qu<strong>e a\u00fan queda un camino dif\u00edcil <\/strong>para reconstruir el pa\u00eds despu\u00e9s de d\u00e9cadas de crisis.<\/p>\n<p>El mandatario tambi\u00e9n <a target=\"_blank\" href=\"https:\/\/www.perfil.com\/noticias\/politica\/senadores-de-uxp-repudiaron-los-vetos-de-milei-mientras-diputados-de-la-oposicion-demoran-el-tratamiento-por-miedo-a-una-derrota.phtml\"><strong>critic\u00f3 duramente al Congreso<\/strong> <\/a>por aprobar leyes que, seg\u00fan \u00e9l, pondr\u00edan en riesgo la estabilidad econ\u00f3mica, elevando el gasto p\u00fablico y generando un <strong>endeudamiento insostenible.<\/strong> <a target=\"_blank\" href=\"https:\/\/www.perfil.com\/noticias\/politica\/diversas-agrupaciones-se-movilizaran-contra-el-veto-a-la-ley-de-emergencia-en-discapacidad.phtml\">Rechaz\u00f3 cualquier intento <\/a>de financiar ese gasto con emisi\u00f3n monetaria o aumento de impuestos, y anunci\u00f3 <strong>medidas concretas <\/strong>para preservar el d\u00e9ficit cero y evitar la inflaci\u00f3n, incluso imponiendo <strong>sanciones penales<\/strong> a legisladores que incumplan con las reglas fiscales.<\/p>\n<div style=\"text-align:center\">\n<figure class=\"image\" style=\"display:inline-block\"><picture><source media=\"(max-width: 440px)\" srcset=\"https:\/\/fotos.perfil.com\/\/2025\/08\/09\/440\/0\/javier-milei-en-cadena-nacional-2077219.jpg?webp\"\/><source media=\"(max-width: 1019px)\" srcset=\"https:\/\/fotos.perfil.com\/\/2025\/08\/09\/712\/0\/javier-milei-en-cadena-nacional-2077219.jpg?webp\"\/><img decoding=\"async\" style=\"max-width: 100%; width: 100%;\" alt=\"Javier Milei en Cadena Nacional\" src=\"https:\/\/fotos.perfil.com\/\/2025\/08\/09\/900\/0\/javier-milei-en-cadena-nacional-2077219.jpg?webp\" loading=\"lazy\"\/><\/picture><figcaption>El mensaje en cadena sali\u00f3 grabado y fue grabado a las 18 en Casa Rosada<\/figcaption><\/figure>\n<\/p><\/div>\n<h2><strong>1. \u201cLa inflaci\u00f3n va camino a desaparecer para mitad del a\u00f1o que viene.\u201d<\/strong><\/h2>\n<p>Milei abri\u00f3 su discurso subrayando los logros econ\u00f3micos de su gesti\u00f3n en materia inflacionaria. Destac\u00f3 que, gracias a la pol\u00edtica de control monetario y fiscal, la <a target=\"_blank\" href=\"https:\/\/www.perfil.com\/noticias\/economia\/la-inflacion-se-acelero-a-18-en-julio-segun-las-consultoras-relevadas-por-el-banco-central.phtml\">inflaci\u00f3n<\/a> viene<strong> descendiendo significativamente<\/strong>, con la proyecci\u00f3n optimista de eliminarla a mediano plazo. Este dato fue presentado como una intento de remarcar que el gobierno est\u00e1 en el camino correcto para restaurar la estabilidad econ\u00f3mica del pa\u00eds.<\/p>\n<div class=\"subscription\">\n<p>\n        Esto no les gusta a los autoritarios\n    <\/p>\n<div class=\"subscription__container\">\n<div class=\"subscription__text-wrapper\">\n<p>\n                El ejercicio del periodismo profesional y cr\u00edtico es un pilar fundamental de la democracia. Por eso molesta a quienes creen ser los due\u00f1os de la verdad.\n            <\/p>\n<\/p><\/div><\/div>\n<\/div>\n<h2><strong>2. \u201cNo vine ac\u00e1 a buscar atajos, sino a dar vuelta la p\u00e1gina de nuestra decadente historia.\u201d<\/strong><\/h2>\n<p>Con esta frase, el presidente explic\u00f3 que su gobierno se propuso un cambio profundo y estructural en la econom\u00eda argentina, rechazando <strong>pol\u00edticas de \u201cgradualismo\u201d <\/strong>o soluciones temporales. Reconoci\u00f3 que el proceso es duro y que no se puede esperar resolver en poco tiempo problemas acumulados durante casi un siglo, pero insisti\u00f3 en la necesidad de mantener el rumbo firme para lograr resultados sostenibles.<\/p>\n<p style=\"text-align:center\"><picture><source media=\"(max-width: 440px)\" srcset=\"https:\/\/fotos.perfil.com\/\/2025\/08\/09\/440\/0\/el-presidente-javier-milei-en-cadena-nacional-el-8-de-agosto-de-2025-2077242.jpg?webp\"\/><source media=\"(max-width: 1019px)\" srcset=\"https:\/\/fotos.perfil.com\/\/2025\/08\/09\/712\/0\/el-presidente-javier-milei-en-cadena-nacional-el-8-de-agosto-de-2025-2077242.jpg?webp\"\/><img decoding=\"async\" style=\"max-width: 100%; width: 100%;\" alt=\"El presidente Javier Milei, en cadena nacional el 8 de agosto de 2025.\" src=\"https:\/\/fotos.perfil.com\/\/2025\/08\/09\/900\/0\/el-presidente-javier-milei-en-cadena-nacional-el-8-de-agosto-de-2025-2077242.jpg?webp\" loading=\"lazy\"\/><\/picture><\/p>\n<h2><strong>3. \u201cCuando un Estado recurre a la emisi\u00f3n monetaria para financiar sus gastos\u2026 a este robo le damos el nombre de inflaci\u00f3n.\u201d<\/strong><\/h2>\n<p>Milei fundament\u00f3 su rechazo a las iniciativas del Congreso asegurando que estas aumentan el gasto p\u00fablico <strong>sin fuente clara de financiamiento.<\/strong> Explic\u00f3 que la <a target=\"_blank\" href=\"https:\/\/www.perfil.com\/noticias\/economia\/inflacion-el-fmi-presiona-por-el-nuevo-ipc-y-el-gobierno-mide-el-timing-politicoparalanzarlo.phtml\">emisi\u00f3n monetaria <\/a>es la causa principal de la inflaci\u00f3n y que, lejos de crear riqueza, <strong>destruye el poder adquisitivo de la poblaci\u00f3n<\/strong>, especialmente afectando a los sectores m\u00e1s vulnerables.<\/p>\n<h2><strong>4. \u201cSi ustedes quieren volver atr\u00e1s, me van a tener que sacar con los pies para adelante.\u201d<\/strong><\/h2>\n<p>En un tono firme y confrontativo, el mandatario advirti\u00f3 a los legisladores que <strong>no permitir\u00e1 que se reviertan los avances <\/strong>logrados en materia fiscal y monetaria. Con esta frase, expres\u00f3 su \u00abcompromiso a no ceder\u00bb ante presiones pol\u00edticas que, seg\u00fan su visi\u00f3n, llevar\u00edan a la Argentina a <strong>repetir ciclos de crisis econ\u00f3mica y decadencia.<\/strong><\/p>\n<p class=\"destacadoNota\"><a target=\"_blank\" href=\"https:\/\/www.perfil.com\/noticias\/politica\/javier-milei-habla-en-cadena-nacional-sobre-los-vetos-a-las-leyes-del-congreso.phtml\">Milei: \u00abEl Congreso cree que se puede imprimir riqueza, eso lleva al colapso y no voy a permitirlo\u00bb<\/a><\/p>\n<h2><strong>5. \u201cUn genocidio contra los j\u00f3venes\u201d<\/strong><\/h2>\n<p>El presidente acus\u00f3 al Congreso de impulsar gastos sin detallar su financiamiento, lo que, seg\u00fan advirti\u00f3, <strong>derivar\u00e1 en m\u00e1s impuestos <\/strong>que frenan el crecimiento, m\u00e1s deuda que calific\u00f3 como <strong>\u201cun genocidio contra los j\u00f3venes, <\/strong>nuestros hijos, nuestros nietos y las generaciones futuras\u201d, o m\u00e1s inflaci\u00f3n que golpea a los sectores m\u00e1s vulnerables. Se\u00f1al\u00f3 que los legisladores, con salarios que se actualizan al ritmo de la inflaci\u00f3n, no padecen en carne propia las consecuencias de sus decisiones y <strong>se amparan en causas nobles<\/strong> para aplicar pol\u00edticas que destruyen el poder adquisitivo.<\/p>\n<h2><strong>6. \u201cLa \u00fanica manera de crecer es con orden fiscal y monetario.\u201d<\/strong><\/h2>\n<p>Milei indic\u00f3 en su discurso que el n\u00facleo de su propuesta econ\u00f3mica es la necesidad de <strong>mantener la disciplina fiscal y monetaria<\/strong> para garantizar un crecimiento real, que beneficie a todos los sectores de la sociedad. Rechaz\u00f3 las recetas tradicionales de gasto p\u00fablico sin control y subray\u00f3 que solo el crecimiento genuino puede mejorar la calidad de vida de los argentinos.<\/p>\n<h2><strong>7. \u00abMi tarea no es parecer bueno, es hacer el bien, incluso si el costo es que digan que soy cruel\u00bb.<\/strong><\/h2>\n<p>En otro tramo destac\u00f3 \u00abno vine ac\u00e1 a buscar atajos, sino a dar vuelta la p\u00e1gina de nuestra decadente historia. Mi tarea no es parecer bueno, es hacer el bien, incluso si el costo es que digan que soy cruel, y rectificar una hipot\u00e9tica injusticia presente, pero al costo de rifar nuestro futuro una vez m\u00e1s, es lisa y llanamente hacer el mal\u00bb. <\/p>\n<h2><strong>8. \u00abProhibiremos que el Tesoro financie el gasto primario con emisi\u00f3n monetaria\u00bb.<\/strong><\/h2>\n<p>Milei adelant\u00f3 que firmar\u00e1 una instrucci\u00f3n para impedir que el Ministerio de Econom\u00eda recurra al Banco Central para cubrir el gasto corriente, formalizando as\u00ed una pr\u00e1ctica que, seg\u00fan \u00e9l, ya se aplicaba de hecho en su gesti\u00f3n.<\/p>\n<h2><strong>9. \u00abEnviaremos un proyecto para penalizar presupuestos con d\u00e9ficit fiscal\u00bb.<\/strong><\/h2>\n<p>El presidente explic\u00f3 que se enviar\u00e1 al Congreso una propuesta que establecer\u00e1 sanciones para legisladores y funcionarios que aprueben presupuestos nacionales con desequilibrio financiero, buscando blindar el equilibrio de las cuentas p\u00fablicas.<\/p>\n<h2><strong>10. \u00abCada peso nuevo que quieran gastar tiene que tener un nombre y un apellido\u00bb.<\/strong><\/h2>\n<p>Se\u00f1al\u00f3 que cualquier aumento en el gasto deber\u00e1 ir acompa\u00f1ado de la identificaci\u00f3n precisa de su financiamiento, detallando el origen de los fondos y el sector o programa que deber\u00e1 absorber el costo.<\/p>\n<h2><strong>11. \u00abEn los \u00faltimos 100 a\u00f1os le quitamos 13 ceros a nuestra moneda y le cambiamos el nombre cinco veces\u00bb.<\/strong><\/h2>\n<p>Record\u00f3 el historial de inestabilidad econ\u00f3mica y monetaria del pa\u00eds, marcado por m\u00faltiples crisis inflacionarias que derivaron en la p\u00e9rdida del valor del dinero y en sucesivas reestructuraciones de la moneda nacional.<\/p>\n<h2><strong>12. \u00abAumentar los impuestos destruye el potencial de crecimiento econ\u00f3mico\u00bb.<\/strong><\/h2>\n<p>Advirti\u00f3 que la suba de la presi\u00f3n fiscal frena la inversi\u00f3n, desalienta la creaci\u00f3n de empleo y reduce el dinamismo econ\u00f3mico, generando un c\u00edrculo vicioso que termina afectando a toda la poblaci\u00f3n.<\/p>\n<h2><strong>13. \u00abNo vamos a volver al sendero de la decadencia\u00bb.<\/strong><\/h2>\n<p>Se comprometi\u00f3 a no permitir retrocesos hacia modelos econ\u00f3micos que, seg\u00fan \u00e9l, llevaron a la Argentina a crisis recurrentes y a la p\u00e9rdida de bienestar generalizado.<\/p>\n<h2><strong>14. \u00abNo podemos seguir haciendo lo mismo de siempre y esperar resultados distintos\u00bb.<\/strong><\/h2>\n<p>Insisti\u00f3 en que las f\u00f3rmulas aplicadas en el pasado no dieron resultados y que el pa\u00eds necesita un cambio profundo en su pol\u00edtica econ\u00f3mica para salir del estancamiento.<\/p>\n<h2><strong>15. \u00abNo hay salida f\u00e1cil, no existen atajos en la econom\u00eda\u00bb.<\/strong><\/h2>\n<p>Rechaz\u00f3 la idea de soluciones r\u00e1pidas o m\u00e1gicas, remarcando que cualquier intento de financiar gasto sin respaldo genuino terminar\u00e1 provocando consecuencias negativas a largo plazo.<\/p>\n<h2><strong>16. \u00abEl Congreso ha redoblado sus esfuerzos de sabotaje y obstrucci\u00f3n\u00bb.<\/strong><\/h2>\n<p>Acus\u00f3 a sectores opositores del Parlamento de impulsar medidas que, a su juicio, buscan frenar o revertir el rumbo de las reformas impulsadas por su gobierno.<\/p>\n<h2><strong>17. \u00abNo hay nada que les genere m\u00e1s terror que saber que no los necesitamos\u00bb.<\/strong><\/h2>\n<p>Afirm\u00f3 que los sectores pol\u00edticos tradicionales temen que, si el pa\u00eds logra crecer de forma sostenida, perder\u00e1n el poder y los privilegios que han mantenido durante d\u00e9cadas.<\/p>\n<h2><strong>18. \u00abEl camino que propone este Congreso nos lleva directo al colapso\u00bb.<\/strong><\/h2>\n<p>Sostuvo que las iniciativas legislativas vigentes repiten f\u00f3rmulas que ya han demostrado llevar al pa\u00eds a crisis econ\u00f3micas, sociales y monetarias graves.<\/p>\n<h2><strong>19. \u00abEstamos a las puertas de la resoluci\u00f3n de este conflicto\u00bb.<\/strong><\/h2>\n<p>Indic\u00f3 que las pr\u00f3ximas elecciones legislativas ser\u00e1n clave para definir si la Argentina avanza en las reformas o si retrocede hacia pol\u00edticas del pasado.<\/p>\n<h2><strong>20. \u00abJam\u00e1s cedamos frente al mal, vamos a combatirla con mucho m\u00e1s fuerza\u00bb.<\/strong><\/h2>\n<p>Cerr\u00f3 su mensaje citando a Virgilio, una frase que, record\u00f3, tambi\u00e9n repet\u00eda <strong>Ludwig von Mises<\/strong>, como s\u00edmbolo de su determinaci\u00f3n de enfrentar a lo que considera pol\u00edticas destructivas para el pa\u00eds.<\/p>\n<p><em>TC\/DCQ<\/em><\/p>\n<\/p><\/div>\n<p><script>\n                !function(f,b,e,v,n,t,s)\n                {if(f.fbq)return;n=f.fbq=function(){n.callMethod?\n                    n.callMethod.apply(n,arguments):n.queue.push(arguments)};\n                    if(!f._fbq)f._fbq=n;n.push=n;n.loaded=!0;n.version='2.0';\n                    n.queue=[];t=b.createElement(e);t.async=!0;\n                    t.src=v;s=b.getElementsByTagName(e)[0];\n                    s.parentNode.insertBefore(t,s)}(window, document,'script',\n                    'https:\/\/connect.facebook.net\/en_US\/fbevents.js');\n                window.paywallConfig.facebook_pixel=\"1000228364089342\"\n            <\/script><\/p>\n","protected":false},"excerpt":{"rendered":"<p>En un mensaje por cadena nacional, y en su cl\u00e1sico tono confrontativo, el presidente Javier Milei realiz\u00f3 un balance de los primeros 18 meses de su gobierno y reafirm\u00f3 su compromiso con una pol\u00edtica econ\u00f3mica basada en el orden fiscal, monetario y cambiario. All\u00ed, destac\u00f3 la reducci\u00f3n de la inflaci\u00f3n desde un 300% interanual a [&hellip;]<\/p>\n","protected":false},"author":2,"featured_media":142833,"comment_status":"closed","ping_status":"closed","sticky":false,"template":"","format":"standard","meta":{"footnotes":""},"categories":[25],"tags":[],"class_list":["post-142832","post","type-post","status-publish","format-standard","has-post-thumbnail","hentry","category-nacionales"],"yoast_head":"<!-- This site is optimized with the Yoast SEO plugin v24.4 - https:\/\/yoast.com\/wordpress\/plugins\/seo\/ -->\n<title>Cu\u00e1les fueron las frases m\u00e1s resonantes de Javier Milei en cadena nacional - GYS NOTICIAS |<\/title>\n<meta name=\"robots\" content=\"index, follow, max-snippet:-1, max-image-preview:large, max-video-preview:-1\" \/>\n<link rel=\"canonical\" href=\"https:\/\/gysfm.com.ar\/inicio\/cuales-fueron-las-frases-mas-resonantes-de-javier-milei-en-cadena-nacional\/\" \/>\n<meta property=\"og:locale\" content=\"es_ES\" \/>\n<meta property=\"og:type\" content=\"article\" \/>\n<meta property=\"og:title\" content=\"Cu\u00e1les fueron las frases m\u00e1s resonantes de Javier Milei en cadena nacional - GYS NOTICIAS |\" \/>\n<meta property=\"og:description\" content=\"En un mensaje por cadena nacional, y en su cl\u00e1sico tono confrontativo, el presidente Javier Milei realiz\u00f3 un balance de los primeros 18 meses de su gobierno y reafirm\u00f3 su compromiso con una pol\u00edtica econ\u00f3mica basada en el orden fiscal, monetario y cambiario. All\u00ed, destac\u00f3 la reducci\u00f3n de la inflaci\u00f3n desde un 300% interanual a [&hellip;]\" \/>\n<meta property=\"og:url\" content=\"https:\/\/gysfm.com.ar\/inicio\/cuales-fueron-las-frases-mas-resonantes-de-javier-milei-en-cadena-nacional\/\" \/>\n<meta property=\"og:site_name\" content=\"GYS NOTICIAS |\" \/>\n<meta property=\"article:published_time\" content=\"2025-08-10T01:55:04+00:00\" \/>\n<meta property=\"og:image\" content=\"https:\/\/fotos.perfil.com\/\/2025\/08\/09\/900\/0\/javier-milei-en-cadena-nacional-2077219.jpg?webp\" \/>\n<meta name=\"author\" content=\"Prensa G&amp;S FM\" \/>\n<meta name=\"twitter:card\" content=\"summary_large_image\" \/>\n<meta name=\"twitter:label1\" content=\"Escrito por\" \/>\n\t<meta name=\"twitter:data1\" content=\"Prensa G&amp;S FM\" \/>\n\t<meta name=\"twitter:label2\" content=\"Tiempo de lectura\" \/>\n\t<meta name=\"twitter:data2\" content=\"7 minutos\" \/>\n<script type=\"application\/ld+json\" class=\"yoast-schema-graph\">{\"@context\":\"https:\/\/schema.org\",\"@graph\":[{\"@type\":\"Article\",\"@id\":\"https:\/\/gysfm.com.ar\/inicio\/cuales-fueron-las-frases-mas-resonantes-de-javier-milei-en-cadena-nacional\/#article\",\"isPartOf\":{\"@id\":\"https:\/\/gysfm.com.ar\/inicio\/cuales-fueron-las-frases-mas-resonantes-de-javier-milei-en-cadena-nacional\/\"},\"author\":{\"name\":\"Prensa G&amp;S FM\",\"@id\":\"https:\/\/gysfm.com.ar\/inicio\/#\/schema\/person\/3abba7593ef2ad19e1be221d54383dc5\"},\"headline\":\"Cu\u00e1les fueron las frases m\u00e1s resonantes de Javier Milei en cadena nacional\",\"datePublished\":\"2025-08-10T01:55:04+00:00\",\"mainEntityOfPage\":{\"@id\":\"https:\/\/gysfm.com.ar\/inicio\/cuales-fueron-las-frases-mas-resonantes-de-javier-milei-en-cadena-nacional\/\"},\"wordCount\":1427,\"publisher\":{\"@id\":\"https:\/\/gysfm.com.ar\/inicio\/#organization\"},\"image\":{\"@id\":\"https:\/\/gysfm.com.ar\/inicio\/cuales-fueron-las-frases-mas-resonantes-de-javier-milei-en-cadena-nacional\/#primaryimage\"},\"thumbnailUrl\":\"https:\/\/gysfm.com.ar\/inicio\/wp-content\/uploads\/2025\/08\/javier-milei-en-cadena-nacional-2077219.jpg\",\"articleSection\":[\"NACIONALES\"],\"inLanguage\":\"es\"},{\"@type\":\"WebPage\",\"@id\":\"https:\/\/gysfm.com.ar\/inicio\/cuales-fueron-las-frases-mas-resonantes-de-javier-milei-en-cadena-nacional\/\",\"url\":\"https:\/\/gysfm.com.ar\/inicio\/cuales-fueron-las-frases-mas-resonantes-de-javier-milei-en-cadena-nacional\/\",\"name\":\"Cu\u00e1les fueron las frases m\u00e1s resonantes de Javier Milei en cadena nacional - GYS NOTICIAS |\",\"isPartOf\":{\"@id\":\"https:\/\/gysfm.com.ar\/inicio\/#website\"},\"primaryImageOfPage\":{\"@id\":\"https:\/\/gysfm.com.ar\/inicio\/cuales-fueron-las-frases-mas-resonantes-de-javier-milei-en-cadena-nacional\/#primaryimage\"},\"image\":{\"@id\":\"https:\/\/gysfm.com.ar\/inicio\/cuales-fueron-las-frases-mas-resonantes-de-javier-milei-en-cadena-nacional\/#primaryimage\"},\"thumbnailUrl\":\"https:\/\/gysfm.com.ar\/inicio\/wp-content\/uploads\/2025\/08\/javier-milei-en-cadena-nacional-2077219.jpg\",\"datePublished\":\"2025-08-10T01:55:04+00:00\",\"breadcrumb\":{\"@id\":\"https:\/\/gysfm.com.ar\/inicio\/cuales-fueron-las-frases-mas-resonantes-de-javier-milei-en-cadena-nacional\/#breadcrumb\"},\"inLanguage\":\"es\",\"potentialAction\":[{\"@type\":\"ReadAction\",\"target\":[\"https:\/\/gysfm.com.ar\/inicio\/cuales-fueron-las-frases-mas-resonantes-de-javier-milei-en-cadena-nacional\/\"]}]},{\"@type\":\"ImageObject\",\"inLanguage\":\"es\",\"@id\":\"https:\/\/gysfm.com.ar\/inicio\/cuales-fueron-las-frases-mas-resonantes-de-javier-milei-en-cadena-nacional\/#primaryimage\",\"url\":\"https:\/\/gysfm.com.ar\/inicio\/wp-content\/uploads\/2025\/08\/javier-milei-en-cadena-nacional-2077219.jpg\",\"contentUrl\":\"https:\/\/gysfm.com.ar\/inicio\/wp-content\/uploads\/2025\/08\/javier-milei-en-cadena-nacional-2077219.jpg\",\"width\":1140,\"height\":641},{\"@type\":\"BreadcrumbList\",\"@id\":\"https:\/\/gysfm.com.ar\/inicio\/cuales-fueron-las-frases-mas-resonantes-de-javier-milei-en-cadena-nacional\/#breadcrumb\",\"itemListElement\":[{\"@type\":\"ListItem\",\"position\":1,\"name\":\"Portada\",\"item\":\"https:\/\/gysfm.com.ar\/inicio\/\"},{\"@type\":\"ListItem\",\"position\":2,\"name\":\"Cu\u00e1les fueron las frases m\u00e1s resonantes de Javier Milei en cadena nacional\"}]},{\"@type\":\"WebSite\",\"@id\":\"https:\/\/gysfm.com.ar\/inicio\/#website\",\"url\":\"https:\/\/gysfm.com.ar\/inicio\/\",\"name\":\"GYS NOTICIAS |\",\"description\":\"DIARIO - RADIO ONLINE SAN JUAN ARGENTINA\",\"publisher\":{\"@id\":\"https:\/\/gysfm.com.ar\/inicio\/#organization\"},\"potentialAction\":[{\"@type\":\"SearchAction\",\"target\":{\"@type\":\"EntryPoint\",\"urlTemplate\":\"https:\/\/gysfm.com.ar\/inicio\/?s={search_term_string}\"},\"query-input\":{\"@type\":\"PropertyValueSpecification\",\"valueRequired\":true,\"valueName\":\"search_term_string\"}}],\"inLanguage\":\"es\"},{\"@type\":\"Organization\",\"@id\":\"https:\/\/gysfm.com.ar\/inicio\/#organization\",\"name\":\"GYS NOTICIAS |\",\"url\":\"https:\/\/gysfm.com.ar\/inicio\/\",\"logo\":{\"@type\":\"ImageObject\",\"inLanguage\":\"es\",\"@id\":\"https:\/\/gysfm.com.ar\/inicio\/#\/schema\/logo\/image\/\",\"url\":\"https:\/\/gysfm.com.ar\/inicio\/wp-content\/uploads\/2023\/07\/LOGOGYS-OK.png\",\"contentUrl\":\"https:\/\/gysfm.com.ar\/inicio\/wp-content\/uploads\/2023\/07\/LOGOGYS-OK.png\",\"width\":1170,\"height\":872,\"caption\":\"GYS NOTICIAS |\"},\"image\":{\"@id\":\"https:\/\/gysfm.com.ar\/inicio\/#\/schema\/logo\/image\/\"}},{\"@type\":\"Person\",\"@id\":\"https:\/\/gysfm.com.ar\/inicio\/#\/schema\/person\/3abba7593ef2ad19e1be221d54383dc5\",\"name\":\"Prensa G&amp;S FM\",\"image\":{\"@type\":\"ImageObject\",\"inLanguage\":\"es\",\"@id\":\"https:\/\/gysfm.com.ar\/inicio\/#\/schema\/person\/image\/\",\"url\":\"https:\/\/secure.gravatar.com\/avatar\/096ec78df02049ab018702bb4ccedf659377fa92a26540b5247612077a0dbd29?s=96&d=mm&r=g\",\"contentUrl\":\"https:\/\/secure.gravatar.com\/avatar\/096ec78df02049ab018702bb4ccedf659377fa92a26540b5247612077a0dbd29?s=96&d=mm&r=g\",\"caption\":\"Prensa G&amp;S FM\"},\"sameAs\":[\"https:\/\/gysfm.com.ar\/\"],\"url\":\"https:\/\/gysfm.com.ar\/inicio\/author\/lucasm\/\"}]}<\/script>\n<!-- \/ Yoast SEO plugin. -->","yoast_head_json":{"title":"Cu\u00e1les fueron las frases m\u00e1s resonantes de Javier Milei en cadena nacional - GYS NOTICIAS |","robots":{"index":"index","follow":"follow","max-snippet":"max-snippet:-1","max-image-preview":"max-image-preview:large","max-video-preview":"max-video-preview:-1"},"canonical":"https:\/\/gysfm.com.ar\/inicio\/cuales-fueron-las-frases-mas-resonantes-de-javier-milei-en-cadena-nacional\/","og_locale":"es_ES","og_type":"article","og_title":"Cu\u00e1les fueron las frases m\u00e1s resonantes de Javier Milei en cadena nacional - GYS NOTICIAS |","og_description":"En un mensaje por cadena nacional, y en su cl\u00e1sico tono confrontativo, el presidente Javier Milei realiz\u00f3 un balance de los primeros 18 meses de su gobierno y reafirm\u00f3 su compromiso con una pol\u00edtica econ\u00f3mica basada en el orden fiscal, monetario y cambiario. All\u00ed, destac\u00f3 la reducci\u00f3n de la inflaci\u00f3n desde un 300% interanual a [&hellip;]","og_url":"https:\/\/gysfm.com.ar\/inicio\/cuales-fueron-las-frases-mas-resonantes-de-javier-milei-en-cadena-nacional\/","og_site_name":"GYS NOTICIAS |","article_published_time":"2025-08-10T01:55:04+00:00","og_image":[{"url":"https:\/\/fotos.perfil.com\/\/2025\/08\/09\/900\/0\/javier-milei-en-cadena-nacional-2077219.jpg?webp","type":"","width":"","height":""}],"author":"Prensa G&amp;S FM","twitter_card":"summary_large_image","twitter_misc":{"Escrito por":"Prensa G&amp;S FM","Tiempo de lectura":"7 minutos"},"schema":{"@context":"https:\/\/schema.org","@graph":[{"@type":"Article","@id":"https:\/\/gysfm.com.ar\/inicio\/cuales-fueron-las-frases-mas-resonantes-de-javier-milei-en-cadena-nacional\/#article","isPartOf":{"@id":"https:\/\/gysfm.com.ar\/inicio\/cuales-fueron-las-frases-mas-resonantes-de-javier-milei-en-cadena-nacional\/"},"author":{"name":"Prensa G&amp;S FM","@id":"https:\/\/gysfm.com.ar\/inicio\/#\/schema\/person\/3abba7593ef2ad19e1be221d54383dc5"},"headline":"Cu\u00e1les fueron las frases m\u00e1s resonantes de Javier Milei en cadena nacional","datePublished":"2025-08-10T01:55:04+00:00","mainEntityOfPage":{"@id":"https:\/\/gysfm.com.ar\/inicio\/cuales-fueron-las-frases-mas-resonantes-de-javier-milei-en-cadena-nacional\/"},"wordCount":1427,"publisher":{"@id":"https:\/\/gysfm.com.ar\/inicio\/#organization"},"image":{"@id":"https:\/\/gysfm.com.ar\/inicio\/cuales-fueron-las-frases-mas-resonantes-de-javier-milei-en-cadena-nacional\/#primaryimage"},"thumbnailUrl":"https:\/\/gysfm.com.ar\/inicio\/wp-content\/uploads\/2025\/08\/javier-milei-en-cadena-nacional-2077219.jpg","articleSection":["NACIONALES"],"inLanguage":"es"},{"@type":"WebPage","@id":"https:\/\/gysfm.com.ar\/inicio\/cuales-fueron-las-frases-mas-resonantes-de-javier-milei-en-cadena-nacional\/","url":"https:\/\/gysfm.com.ar\/inicio\/cuales-fueron-las-frases-mas-resonantes-de-javier-milei-en-cadena-nacional\/","name":"Cu\u00e1les fueron las frases m\u00e1s resonantes de Javier Milei en cadena nacional - GYS NOTICIAS |","isPartOf":{"@id":"https:\/\/gysfm.com.ar\/inicio\/#website"},"primaryImageOfPage":{"@id":"https:\/\/gysfm.com.ar\/inicio\/cuales-fueron-las-frases-mas-resonantes-de-javier-milei-en-cadena-nacional\/#primaryimage"},"image":{"@id":"https:\/\/gysfm.com.ar\/inicio\/cuales-fueron-las-frases-mas-resonantes-de-javier-milei-en-cadena-nacional\/#primaryimage"},"thumbnailUrl":"https:\/\/gysfm.com.ar\/inicio\/wp-content\/uploads\/2025\/08\/javier-milei-en-cadena-nacional-2077219.jpg","datePublished":"2025-08-10T01:55:04+00:00","breadcrumb":{"@id":"https:\/\/gysfm.com.ar\/inicio\/cuales-fueron-las-frases-mas-resonantes-de-javier-milei-en-cadena-nacional\/#breadcrumb"},"inLanguage":"es","potentialAction":[{"@type":"ReadAction","target":["https:\/\/gysfm.com.ar\/inicio\/cuales-fueron-las-frases-mas-resonantes-de-javier-milei-en-cadena-nacional\/"]}]},{"@type":"ImageObject","inLanguage":"es","@id":"https:\/\/gysfm.com.ar\/inicio\/cuales-fueron-las-frases-mas-resonantes-de-javier-milei-en-cadena-nacional\/#primaryimage","url":"https:\/\/gysfm.com.ar\/inicio\/wp-content\/uploads\/2025\/08\/javier-milei-en-cadena-nacional-2077219.jpg","contentUrl":"https:\/\/gysfm.com.ar\/inicio\/wp-content\/uploads\/2025\/08\/javier-milei-en-cadena-nacional-2077219.jpg","width":1140,"height":641},{"@type":"BreadcrumbList","@id":"https:\/\/gysfm.com.ar\/inicio\/cuales-fueron-las-frases-mas-resonantes-de-javier-milei-en-cadena-nacional\/#breadcrumb","itemListElement":[{"@type":"ListItem","position":1,"name":"Portada","item":"https:\/\/gysfm.com.ar\/inicio\/"},{"@type":"ListItem","position":2,"name":"Cu\u00e1les fueron las frases m\u00e1s resonantes de Javier Milei en cadena nacional"}]},{"@type":"WebSite","@id":"https:\/\/gysfm.com.ar\/inicio\/#website","url":"https:\/\/gysfm.com.ar\/inicio\/","name":"GYS NOTICIAS |","description":"DIARIO - RADIO ONLINE SAN JUAN ARGENTINA","publisher":{"@id":"https:\/\/gysfm.com.ar\/inicio\/#organization"},"potentialAction":[{"@type":"SearchAction","target":{"@type":"EntryPoint","urlTemplate":"https:\/\/gysfm.com.ar\/inicio\/?s={search_term_string}"},"query-input":{"@type":"PropertyValueSpecification","valueRequired":true,"valueName":"search_term_string"}}],"inLanguage":"es"},{"@type":"Organization","@id":"https:\/\/gysfm.com.ar\/inicio\/#organization","name":"GYS NOTICIAS |","url":"https:\/\/gysfm.com.ar\/inicio\/","logo":{"@type":"ImageObject","inLanguage":"es","@id":"https:\/\/gysfm.com.ar\/inicio\/#\/schema\/logo\/image\/","url":"https:\/\/gysfm.com.ar\/inicio\/wp-content\/uploads\/2023\/07\/LOGOGYS-OK.png","contentUrl":"https:\/\/gysfm.com.ar\/inicio\/wp-content\/uploads\/2023\/07\/LOGOGYS-OK.png","width":1170,"height":872,"caption":"GYS NOTICIAS |"},"image":{"@id":"https:\/\/gysfm.com.ar\/inicio\/#\/schema\/logo\/image\/"}},{"@type":"Person","@id":"https:\/\/gysfm.com.ar\/inicio\/#\/schema\/person\/3abba7593ef2ad19e1be221d54383dc5","name":"Prensa G&amp;S FM","image":{"@type":"ImageObject","inLanguage":"es","@id":"https:\/\/gysfm.com.ar\/inicio\/#\/schema\/person\/image\/","url":"https:\/\/secure.gravatar.com\/avatar\/096ec78df02049ab018702bb4ccedf659377fa92a26540b5247612077a0dbd29?s=96&d=mm&r=g","contentUrl":"https:\/\/secure.gravatar.com\/avatar\/096ec78df02049ab018702bb4ccedf659377fa92a26540b5247612077a0dbd29?s=96&d=mm&r=g","caption":"Prensa G&amp;S FM"},"sameAs":["https:\/\/gysfm.com.ar\/"],"url":"https:\/\/gysfm.com.ar\/inicio\/author\/lucasm\/"}]}},"_links":{"self":[{"href":"https:\/\/gysfm.com.ar\/inicio\/wp-json\/wp\/v2\/posts\/142832","targetHints":{"allow":["GET"]}}],"collection":[{"href":"https:\/\/gysfm.com.ar\/inicio\/wp-json\/wp\/v2\/posts"}],"about":[{"href":"https:\/\/gysfm.com.ar\/inicio\/wp-json\/wp\/v2\/types\/post"}],"author":[{"embeddable":true,"href":"https:\/\/gysfm.com.ar\/inicio\/wp-json\/wp\/v2\/users\/2"}],"replies":[{"embeddable":true,"href":"https:\/\/gysfm.com.ar\/inicio\/wp-json\/wp\/v2\/comments?post=142832"}],"version-history":[{"count":0,"href":"https:\/\/gysfm.com.ar\/inicio\/wp-json\/wp\/v2\/posts\/142832\/revisions"}],"wp:featuredmedia":[{"embeddable":true,"href":"https:\/\/gysfm.com.ar\/inicio\/wp-json\/wp\/v2\/media\/142833"}],"wp:attachment":[{"href":"https:\/\/gysfm.com.ar\/inicio\/wp-json\/wp\/v2\/media?parent=142832"}],"wp:term":[{"taxonomy":"category","embeddable":true,"href":"https:\/\/gysfm.com.ar\/inicio\/wp-json\/wp\/v2\/categories?post=142832"},{"taxonomy":"post_tag","embeddable":true,"href":"https:\/\/gysfm.com.ar\/inicio\/wp-json\/wp\/v2\/tags?post=142832"}],"curies":[{"name":"wp","href":"https:\/\/api.w.org\/{rel}","templated":true}]}}