{"id":142827,"date":"2025-08-09T22:14:54","date_gmt":"2025-08-10T01:14:54","guid":{"rendered":"https:\/\/gysfm.com.ar\/inicio\/cuanto-cobra-un-mecanico-por-hora-en-la-argentina-en-agosto-2025\/"},"modified":"2025-08-09T22:14:55","modified_gmt":"2025-08-10T01:14:55","slug":"cuanto-cobra-un-mecanico-por-hora-en-la-argentina-en-agosto-2025","status":"publish","type":"post","link":"https:\/\/gysfm.com.ar\/inicio\/cuanto-cobra-un-mecanico-por-hora-en-la-argentina-en-agosto-2025\/","title":{"rendered":"Cu\u00e1nto cobra un mec\u00e1nico por hora en la Argentina en agosto 2025"},"content":{"rendered":"<p><\/p>\n<div>\n<p class=\"com-paragraph  --capital --s\">La actividad mec\u00e1nica en Argentina se caracteriza por una fuerte heterogeneidad en sus formas de contrataci\u00f3n y en los valores cobrados por los servicios. Si bien existe un marco regulado por convenios colectivos de trabajo, gran parte del sector opera fuera de ese esquema formal. En muchos casos, los mec\u00e1nicos trabajan por cuenta propia o en talleres no registrados, lo que genera variaciones en las tarifas seg\u00fan el tipo de trabajo, la zona y el nivel de especializaci\u00f3n.<\/p>\n<p class=\"com-paragraph   --s\">Adem\u00e1s, el cobro por hora no es la modalidad m\u00e1s habitual. En general, <strong>los trabajos se presupuestan por tarea realizada<\/strong>, contemplando factores como la complejidad, el tiempo requerido, los conocimientos t\u00e9cnicos y los materiales o repuestos involucrados.<\/p>\n<p class=\"com-paragraph   --s\">En el \u00e1mbito formal, las escalas salariales vigentes entre julio y septiembre de 2025 fueron acordadas entre el Sindicato de Mec\u00e1nicos y Afines del Transporte Automotor (SMATA) y la Asociaci\u00f3n de Concesionarios de Automotores de la Rep\u00fablica Argentina (ACARA). Estas son algunas de las principales categor\u00edas y sus valores b\u00e1sicos<strong> por hora trabajada:<\/strong><\/p>\n<p class=\"com-paragraph   --s\">A modo de referencia, una jornada laboral de 44 horas semanales (176 mensuales) equivale a un ingreso mensual bruto de entre $917.000 y $1.140.000 para estas categor\u00edas. Otras posiciones, como auxiliares y aprendices, cuentan con escalas diferenciadas.<\/p>\n<div class=\"content-media\">\n<section role=\"button\" class=\"mod-media   \">\n<figure role=\"button\" class=\"mod-figure \"><figcaption class=\"mod-figcaption\"><span class=\"com-text --caption --twoxs\">Los montos var\u00edan seg\u00fan el nivel de especializaci\u00f3n del mec\u00e1nico <\/span><span class=\"com-text --credit --twoxs\">Shutterstock<\/span><\/figcaption><\/figure>\n<\/section>\n<\/div>\n<p class=\"com-paragraph   --s\">Por fuera del convenio, existen valores orientativos difundidos por c\u00e1maras del sector. La Federaci\u00f3n Argentina de Asociaciones de Talleres de Reparaci\u00f3n de Automotores y Afines (FAATRA), a trav\u00e9s de su Subcomisi\u00f3n de Carrocer\u00eda y Pintura, public\u00f3 en abril-junio 2025 los siguientes montos sugeridos como <strong>\u201cvalor hora taller\u201d<\/strong>:<\/p>\n<p class=\"com-paragraph   --s\">Estos valores contemplan tiempos estimados de trabajo en taller y son utilizados como gu\u00eda en tareas presupuestadas por servicios t\u00e9cnicos y reparaciones espec\u00edficas. No implican montos obligatorios ni uniformes en todo el pa\u00eds.<\/p>\n<p class=\"com-paragraph   --s\">En la pr\u00e1ctica, los costos del servicio pueden variar en funci\u00f3n del tipo de establecimiento, el nivel de equipamiento, los insumos utilizados y los criterios de cobro adoptados por cada prestador.<\/p>\n<section class=\"container-center-100 mb-40 border border-bottom border-thin border-neutral-light-700\">\n<hr\/>\n<\/section>\n<\/div>\n","protected":false},"excerpt":{"rendered":"<p>La actividad mec\u00e1nica en Argentina se caracteriza por una fuerte heterogeneidad en sus formas de contrataci\u00f3n y en los valores cobrados por los servicios. Si bien existe un marco regulado por convenios colectivos de trabajo, gran parte del sector opera fuera de ese esquema formal. En muchos casos, los mec\u00e1nicos trabajan por cuenta propia o [&hellip;]<\/p>\n","protected":false},"author":1,"featured_media":142828,"comment_status":"closed","ping_status":"closed","sticky":false,"template":"","format":"standard","meta":{"footnotes":""},"categories":[28],"tags":[],"class_list":["post-142827","post","type-post","status-publish","format-standard","has-post-thumbnail","hentry","category-economia"],"yoast_head":"<!-- This site is optimized with the Yoast SEO plugin v24.4 - https:\/\/yoast.com\/wordpress\/plugins\/seo\/ -->\n<title>Cu\u00e1nto cobra un mec\u00e1nico por hora en la Argentina en agosto 2025 - GYS NOTICIAS |<\/title>\n<meta name=\"robots\" content=\"index, follow, max-snippet:-1, max-image-preview:large, max-video-preview:-1\" \/>\n<link rel=\"canonical\" href=\"https:\/\/gysfm.com.ar\/inicio\/cuanto-cobra-un-mecanico-por-hora-en-la-argentina-en-agosto-2025\/\" \/>\n<meta property=\"og:locale\" content=\"es_ES\" \/>\n<meta property=\"og:type\" content=\"article\" \/>\n<meta property=\"og:title\" content=\"Cu\u00e1nto cobra un mec\u00e1nico por hora en la Argentina en agosto 2025 - GYS NOTICIAS |\" \/>\n<meta property=\"og:description\" content=\"La actividad mec\u00e1nica en Argentina se caracteriza por una fuerte heterogeneidad en sus formas de contrataci\u00f3n y en los valores cobrados por los servicios. Si bien existe un marco regulado por convenios colectivos de trabajo, gran parte del sector opera fuera de ese esquema formal. En muchos casos, los mec\u00e1nicos trabajan por cuenta propia o [&hellip;]\" \/>\n<meta property=\"og:url\" content=\"https:\/\/gysfm.com.ar\/inicio\/cuanto-cobra-un-mecanico-por-hora-en-la-argentina-en-agosto-2025\/\" \/>\n<meta property=\"og:site_name\" content=\"GYS NOTICIAS |\" \/>\n<meta property=\"article:published_time\" content=\"2025-08-10T01:14:54+00:00\" \/>\n<meta property=\"article:modified_time\" content=\"2025-08-10T01:14:55+00:00\" \/>\n<meta property=\"og:image\" content=\"https:\/\/gysfm.com.ar\/inicio\/wp-content\/uploads\/2025\/08\/los-montos-varian-mas-por-la-complejidad-del-CUMKRQYZ2BGGND3UYHCJC6JGFI.jpg\" \/>\n\t<meta property=\"og:image:width\" content=\"1200\" \/>\n\t<meta property=\"og:image:height\" content=\"800\" \/>\n\t<meta property=\"og:image:type\" content=\"image\/jpeg\" \/>\n<meta name=\"author\" content=\"admin\" \/>\n<meta name=\"twitter:card\" content=\"summary_large_image\" \/>\n<meta name=\"twitter:label1\" content=\"Escrito por\" \/>\n\t<meta name=\"twitter:data1\" content=\"admin\" \/>\n\t<meta name=\"twitter:label2\" content=\"Tiempo de lectura\" \/>\n\t<meta name=\"twitter:data2\" content=\"2 minutos\" \/>\n<script type=\"application\/ld+json\" class=\"yoast-schema-graph\">{\"@context\":\"https:\/\/schema.org\",\"@graph\":[{\"@type\":\"Article\",\"@id\":\"https:\/\/gysfm.com.ar\/inicio\/cuanto-cobra-un-mecanico-por-hora-en-la-argentina-en-agosto-2025\/#article\",\"isPartOf\":{\"@id\":\"https:\/\/gysfm.com.ar\/inicio\/cuanto-cobra-un-mecanico-por-hora-en-la-argentina-en-agosto-2025\/\"},\"author\":{\"name\":\"admin\",\"@id\":\"https:\/\/gysfm.com.ar\/inicio\/#\/schema\/person\/5bedd7ecd35cc35548d89effafa23696\"},\"headline\":\"Cu\u00e1nto cobra un mec\u00e1nico por hora en la Argentina en agosto 2025\",\"datePublished\":\"2025-08-10T01:14:54+00:00\",\"dateModified\":\"2025-08-10T01:14:55+00:00\",\"mainEntityOfPage\":{\"@id\":\"https:\/\/gysfm.com.ar\/inicio\/cuanto-cobra-un-mecanico-por-hora-en-la-argentina-en-agosto-2025\/\"},\"wordCount\":364,\"publisher\":{\"@id\":\"https:\/\/gysfm.com.ar\/inicio\/#organization\"},\"image\":{\"@id\":\"https:\/\/gysfm.com.ar\/inicio\/cuanto-cobra-un-mecanico-por-hora-en-la-argentina-en-agosto-2025\/#primaryimage\"},\"thumbnailUrl\":\"https:\/\/gysfm.com.ar\/inicio\/wp-content\/uploads\/2025\/08\/los-montos-varian-mas-por-la-complejidad-del-CUMKRQYZ2BGGND3UYHCJC6JGFI.jpg\",\"articleSection\":[\"ECONOMIA\"],\"inLanguage\":\"es\"},{\"@type\":\"WebPage\",\"@id\":\"https:\/\/gysfm.com.ar\/inicio\/cuanto-cobra-un-mecanico-por-hora-en-la-argentina-en-agosto-2025\/\",\"url\":\"https:\/\/gysfm.com.ar\/inicio\/cuanto-cobra-un-mecanico-por-hora-en-la-argentina-en-agosto-2025\/\",\"name\":\"Cu\u00e1nto cobra un mec\u00e1nico por hora en la Argentina en agosto 2025 - GYS NOTICIAS |\",\"isPartOf\":{\"@id\":\"https:\/\/gysfm.com.ar\/inicio\/#website\"},\"primaryImageOfPage\":{\"@id\":\"https:\/\/gysfm.com.ar\/inicio\/cuanto-cobra-un-mecanico-por-hora-en-la-argentina-en-agosto-2025\/#primaryimage\"},\"image\":{\"@id\":\"https:\/\/gysfm.com.ar\/inicio\/cuanto-cobra-un-mecanico-por-hora-en-la-argentina-en-agosto-2025\/#primaryimage\"},\"thumbnailUrl\":\"https:\/\/gysfm.com.ar\/inicio\/wp-content\/uploads\/2025\/08\/los-montos-varian-mas-por-la-complejidad-del-CUMKRQYZ2BGGND3UYHCJC6JGFI.jpg\",\"datePublished\":\"2025-08-10T01:14:54+00:00\",\"dateModified\":\"2025-08-10T01:14:55+00:00\",\"breadcrumb\":{\"@id\":\"https:\/\/gysfm.com.ar\/inicio\/cuanto-cobra-un-mecanico-por-hora-en-la-argentina-en-agosto-2025\/#breadcrumb\"},\"inLanguage\":\"es\",\"potentialAction\":[{\"@type\":\"ReadAction\",\"target\":[\"https:\/\/gysfm.com.ar\/inicio\/cuanto-cobra-un-mecanico-por-hora-en-la-argentina-en-agosto-2025\/\"]}]},{\"@type\":\"ImageObject\",\"inLanguage\":\"es\",\"@id\":\"https:\/\/gysfm.com.ar\/inicio\/cuanto-cobra-un-mecanico-por-hora-en-la-argentina-en-agosto-2025\/#primaryimage\",\"url\":\"https:\/\/gysfm.com.ar\/inicio\/wp-content\/uploads\/2025\/08\/los-montos-varian-mas-por-la-complejidad-del-CUMKRQYZ2BGGND3UYHCJC6JGFI.jpg\",\"contentUrl\":\"https:\/\/gysfm.com.ar\/inicio\/wp-content\/uploads\/2025\/08\/los-montos-varian-mas-por-la-complejidad-del-CUMKRQYZ2BGGND3UYHCJC6JGFI.jpg\",\"width\":1200,\"height\":800},{\"@type\":\"BreadcrumbList\",\"@id\":\"https:\/\/gysfm.com.ar\/inicio\/cuanto-cobra-un-mecanico-por-hora-en-la-argentina-en-agosto-2025\/#breadcrumb\",\"itemListElement\":[{\"@type\":\"ListItem\",\"position\":1,\"name\":\"Portada\",\"item\":\"https:\/\/gysfm.com.ar\/inicio\/\"},{\"@type\":\"ListItem\",\"position\":2,\"name\":\"Cu\u00e1nto cobra un mec\u00e1nico por hora en la Argentina en agosto 2025\"}]},{\"@type\":\"WebSite\",\"@id\":\"https:\/\/gysfm.com.ar\/inicio\/#website\",\"url\":\"https:\/\/gysfm.com.ar\/inicio\/\",\"name\":\"GYS NOTICIAS |\",\"description\":\"DIARIO - RADIO ONLINE SAN JUAN ARGENTINA\",\"publisher\":{\"@id\":\"https:\/\/gysfm.com.ar\/inicio\/#organization\"},\"potentialAction\":[{\"@type\":\"SearchAction\",\"target\":{\"@type\":\"EntryPoint\",\"urlTemplate\":\"https:\/\/gysfm.com.ar\/inicio\/?s={search_term_string}\"},\"query-input\":{\"@type\":\"PropertyValueSpecification\",\"valueRequired\":true,\"valueName\":\"search_term_string\"}}],\"inLanguage\":\"es\"},{\"@type\":\"Organization\",\"@id\":\"https:\/\/gysfm.com.ar\/inicio\/#organization\",\"name\":\"GYS NOTICIAS |\",\"url\":\"https:\/\/gysfm.com.ar\/inicio\/\",\"logo\":{\"@type\":\"ImageObject\",\"inLanguage\":\"es\",\"@id\":\"https:\/\/gysfm.com.ar\/inicio\/#\/schema\/logo\/image\/\",\"url\":\"https:\/\/gysfm.com.ar\/inicio\/wp-content\/uploads\/2023\/07\/LOGOGYS-OK.png\",\"contentUrl\":\"https:\/\/gysfm.com.ar\/inicio\/wp-content\/uploads\/2023\/07\/LOGOGYS-OK.png\",\"width\":1170,\"height\":872,\"caption\":\"GYS NOTICIAS |\"},\"image\":{\"@id\":\"https:\/\/gysfm.com.ar\/inicio\/#\/schema\/logo\/image\/\"}},{\"@type\":\"Person\",\"@id\":\"https:\/\/gysfm.com.ar\/inicio\/#\/schema\/person\/5bedd7ecd35cc35548d89effafa23696\",\"name\":\"admin\",\"image\":{\"@type\":\"ImageObject\",\"inLanguage\":\"es\",\"@id\":\"https:\/\/gysfm.com.ar\/inicio\/#\/schema\/person\/image\/\",\"url\":\"https:\/\/secure.gravatar.com\/avatar\/c331d312b5243fb64d5ba28108a447b27c925295129a363082c9ea52c28d32c2?s=96&d=mm&r=g\",\"contentUrl\":\"https:\/\/secure.gravatar.com\/avatar\/c331d312b5243fb64d5ba28108a447b27c925295129a363082c9ea52c28d32c2?s=96&d=mm&r=g\",\"caption\":\"admin\"},\"sameAs\":[\"https:\/\/gysfm.com.ar\/inicio\"],\"url\":\"https:\/\/gysfm.com.ar\/inicio\/author\/admin\/\"}]}<\/script>\n<!-- \/ Yoast SEO plugin. -->","yoast_head_json":{"title":"Cu\u00e1nto cobra un mec\u00e1nico por hora en la Argentina en agosto 2025 - GYS NOTICIAS |","robots":{"index":"index","follow":"follow","max-snippet":"max-snippet:-1","max-image-preview":"max-image-preview:large","max-video-preview":"max-video-preview:-1"},"canonical":"https:\/\/gysfm.com.ar\/inicio\/cuanto-cobra-un-mecanico-por-hora-en-la-argentina-en-agosto-2025\/","og_locale":"es_ES","og_type":"article","og_title":"Cu\u00e1nto cobra un mec\u00e1nico por hora en la Argentina en agosto 2025 - GYS NOTICIAS |","og_description":"La actividad mec\u00e1nica en Argentina se caracteriza por una fuerte heterogeneidad en sus formas de contrataci\u00f3n y en los valores cobrados por los servicios. Si bien existe un marco regulado por convenios colectivos de trabajo, gran parte del sector opera fuera de ese esquema formal. En muchos casos, los mec\u00e1nicos trabajan por cuenta propia o [&hellip;]","og_url":"https:\/\/gysfm.com.ar\/inicio\/cuanto-cobra-un-mecanico-por-hora-en-la-argentina-en-agosto-2025\/","og_site_name":"GYS NOTICIAS |","article_published_time":"2025-08-10T01:14:54+00:00","article_modified_time":"2025-08-10T01:14:55+00:00","og_image":[{"width":1200,"height":800,"url":"https:\/\/gysfm.com.ar\/inicio\/wp-content\/uploads\/2025\/08\/los-montos-varian-mas-por-la-complejidad-del-CUMKRQYZ2BGGND3UYHCJC6JGFI.jpg","type":"image\/jpeg"}],"author":"admin","twitter_card":"summary_large_image","twitter_misc":{"Escrito por":"admin","Tiempo de lectura":"2 minutos"},"schema":{"@context":"https:\/\/schema.org","@graph":[{"@type":"Article","@id":"https:\/\/gysfm.com.ar\/inicio\/cuanto-cobra-un-mecanico-por-hora-en-la-argentina-en-agosto-2025\/#article","isPartOf":{"@id":"https:\/\/gysfm.com.ar\/inicio\/cuanto-cobra-un-mecanico-por-hora-en-la-argentina-en-agosto-2025\/"},"author":{"name":"admin","@id":"https:\/\/gysfm.com.ar\/inicio\/#\/schema\/person\/5bedd7ecd35cc35548d89effafa23696"},"headline":"Cu\u00e1nto cobra un mec\u00e1nico por hora en la Argentina en agosto 2025","datePublished":"2025-08-10T01:14:54+00:00","dateModified":"2025-08-10T01:14:55+00:00","mainEntityOfPage":{"@id":"https:\/\/gysfm.com.ar\/inicio\/cuanto-cobra-un-mecanico-por-hora-en-la-argentina-en-agosto-2025\/"},"wordCount":364,"publisher":{"@id":"https:\/\/gysfm.com.ar\/inicio\/#organization"},"image":{"@id":"https:\/\/gysfm.com.ar\/inicio\/cuanto-cobra-un-mecanico-por-hora-en-la-argentina-en-agosto-2025\/#primaryimage"},"thumbnailUrl":"https:\/\/gysfm.com.ar\/inicio\/wp-content\/uploads\/2025\/08\/los-montos-varian-mas-por-la-complejidad-del-CUMKRQYZ2BGGND3UYHCJC6JGFI.jpg","articleSection":["ECONOMIA"],"inLanguage":"es"},{"@type":"WebPage","@id":"https:\/\/gysfm.com.ar\/inicio\/cuanto-cobra-un-mecanico-por-hora-en-la-argentina-en-agosto-2025\/","url":"https:\/\/gysfm.com.ar\/inicio\/cuanto-cobra-un-mecanico-por-hora-en-la-argentina-en-agosto-2025\/","name":"Cu\u00e1nto cobra un mec\u00e1nico por hora en la Argentina en agosto 2025 - GYS NOTICIAS |","isPartOf":{"@id":"https:\/\/gysfm.com.ar\/inicio\/#website"},"primaryImageOfPage":{"@id":"https:\/\/gysfm.com.ar\/inicio\/cuanto-cobra-un-mecanico-por-hora-en-la-argentina-en-agosto-2025\/#primaryimage"},"image":{"@id":"https:\/\/gysfm.com.ar\/inicio\/cuanto-cobra-un-mecanico-por-hora-en-la-argentina-en-agosto-2025\/#primaryimage"},"thumbnailUrl":"https:\/\/gysfm.com.ar\/inicio\/wp-content\/uploads\/2025\/08\/los-montos-varian-mas-por-la-complejidad-del-CUMKRQYZ2BGGND3UYHCJC6JGFI.jpg","datePublished":"2025-08-10T01:14:54+00:00","dateModified":"2025-08-10T01:14:55+00:00","breadcrumb":{"@id":"https:\/\/gysfm.com.ar\/inicio\/cuanto-cobra-un-mecanico-por-hora-en-la-argentina-en-agosto-2025\/#breadcrumb"},"inLanguage":"es","potentialAction":[{"@type":"ReadAction","target":["https:\/\/gysfm.com.ar\/inicio\/cuanto-cobra-un-mecanico-por-hora-en-la-argentina-en-agosto-2025\/"]}]},{"@type":"ImageObject","inLanguage":"es","@id":"https:\/\/gysfm.com.ar\/inicio\/cuanto-cobra-un-mecanico-por-hora-en-la-argentina-en-agosto-2025\/#primaryimage","url":"https:\/\/gysfm.com.ar\/inicio\/wp-content\/uploads\/2025\/08\/los-montos-varian-mas-por-la-complejidad-del-CUMKRQYZ2BGGND3UYHCJC6JGFI.jpg","contentUrl":"https:\/\/gysfm.com.ar\/inicio\/wp-content\/uploads\/2025\/08\/los-montos-varian-mas-por-la-complejidad-del-CUMKRQYZ2BGGND3UYHCJC6JGFI.jpg","width":1200,"height":800},{"@type":"BreadcrumbList","@id":"https:\/\/gysfm.com.ar\/inicio\/cuanto-cobra-un-mecanico-por-hora-en-la-argentina-en-agosto-2025\/#breadcrumb","itemListElement":[{"@type":"ListItem","position":1,"name":"Portada","item":"https:\/\/gysfm.com.ar\/inicio\/"},{"@type":"ListItem","position":2,"name":"Cu\u00e1nto cobra un mec\u00e1nico por hora en la Argentina en agosto 2025"}]},{"@type":"WebSite","@id":"https:\/\/gysfm.com.ar\/inicio\/#website","url":"https:\/\/gysfm.com.ar\/inicio\/","name":"GYS NOTICIAS |","description":"DIARIO - RADIO ONLINE SAN JUAN ARGENTINA","publisher":{"@id":"https:\/\/gysfm.com.ar\/inicio\/#organization"},"potentialAction":[{"@type":"SearchAction","target":{"@type":"EntryPoint","urlTemplate":"https:\/\/gysfm.com.ar\/inicio\/?s={search_term_string}"},"query-input":{"@type":"PropertyValueSpecification","valueRequired":true,"valueName":"search_term_string"}}],"inLanguage":"es"},{"@type":"Organization","@id":"https:\/\/gysfm.com.ar\/inicio\/#organization","name":"GYS NOTICIAS |","url":"https:\/\/gysfm.com.ar\/inicio\/","logo":{"@type":"ImageObject","inLanguage":"es","@id":"https:\/\/gysfm.com.ar\/inicio\/#\/schema\/logo\/image\/","url":"https:\/\/gysfm.com.ar\/inicio\/wp-content\/uploads\/2023\/07\/LOGOGYS-OK.png","contentUrl":"https:\/\/gysfm.com.ar\/inicio\/wp-content\/uploads\/2023\/07\/LOGOGYS-OK.png","width":1170,"height":872,"caption":"GYS NOTICIAS |"},"image":{"@id":"https:\/\/gysfm.com.ar\/inicio\/#\/schema\/logo\/image\/"}},{"@type":"Person","@id":"https:\/\/gysfm.com.ar\/inicio\/#\/schema\/person\/5bedd7ecd35cc35548d89effafa23696","name":"admin","image":{"@type":"ImageObject","inLanguage":"es","@id":"https:\/\/gysfm.com.ar\/inicio\/#\/schema\/person\/image\/","url":"https:\/\/secure.gravatar.com\/avatar\/c331d312b5243fb64d5ba28108a447b27c925295129a363082c9ea52c28d32c2?s=96&d=mm&r=g","contentUrl":"https:\/\/secure.gravatar.com\/avatar\/c331d312b5243fb64d5ba28108a447b27c925295129a363082c9ea52c28d32c2?s=96&d=mm&r=g","caption":"admin"},"sameAs":["https:\/\/gysfm.com.ar\/inicio"],"url":"https:\/\/gysfm.com.ar\/inicio\/author\/admin\/"}]}},"_links":{"self":[{"href":"https:\/\/gysfm.com.ar\/inicio\/wp-json\/wp\/v2\/posts\/142827","targetHints":{"allow":["GET"]}}],"collection":[{"href":"https:\/\/gysfm.com.ar\/inicio\/wp-json\/wp\/v2\/posts"}],"about":[{"href":"https:\/\/gysfm.com.ar\/inicio\/wp-json\/wp\/v2\/types\/post"}],"author":[{"embeddable":true,"href":"https:\/\/gysfm.com.ar\/inicio\/wp-json\/wp\/v2\/users\/1"}],"replies":[{"embeddable":true,"href":"https:\/\/gysfm.com.ar\/inicio\/wp-json\/wp\/v2\/comments?post=142827"}],"version-history":[{"count":1,"href":"https:\/\/gysfm.com.ar\/inicio\/wp-json\/wp\/v2\/posts\/142827\/revisions"}],"predecessor-version":[{"id":142829,"href":"https:\/\/gysfm.com.ar\/inicio\/wp-json\/wp\/v2\/posts\/142827\/revisions\/142829"}],"wp:featuredmedia":[{"embeddable":true,"href":"https:\/\/gysfm.com.ar\/inicio\/wp-json\/wp\/v2\/media\/142828"}],"wp:attachment":[{"href":"https:\/\/gysfm.com.ar\/inicio\/wp-json\/wp\/v2\/media?parent=142827"}],"wp:term":[{"taxonomy":"category","embeddable":true,"href":"https:\/\/gysfm.com.ar\/inicio\/wp-json\/wp\/v2\/categories?post=142827"},{"taxonomy":"post_tag","embeddable":true,"href":"https:\/\/gysfm.com.ar\/inicio\/wp-json\/wp\/v2\/tags?post=142827"}],"curies":[{"name":"wp","href":"https:\/\/api.w.org\/{rel}","templated":true}]}}