{"id":142825,"date":"2025-08-09T22:02:21","date_gmt":"2025-08-10T01:02:21","guid":{"rendered":"https:\/\/gysfm.com.ar\/inicio\/cumbre-entre-estados-unidos-y-rusia-putin-rechaza-que-zelenski-este-presente-segun-kremlin\/"},"modified":"2025-08-09T22:02:21","modified_gmt":"2025-08-10T01:02:21","slug":"cumbre-entre-estados-unidos-y-rusia-putin-rechaza-que-zelenski-este-presente-segun-kremlin","status":"publish","type":"post","link":"https:\/\/gysfm.com.ar\/inicio\/cumbre-entre-estados-unidos-y-rusia-putin-rechaza-que-zelenski-este-presente-segun-kremlin\/","title":{"rendered":"Cumbre entre Estados Unidos y Rusia: Putin rechaza que Zelenski est\u00e9 presente, seg\u00fan Kremlin"},"content":{"rendered":"<div><img loading=\"lazy\" decoding=\"async\" width=\"1480\" height=\"833\" src=\"https:\/\/diariosanjuan19.com.ar\/wp-content\/uploads\/2025\/08\/image-216.png\" class=\"attachment-post-thumbnail size-post-thumbnail wp-post-image\" alt=\"\"><\/div>\n<p><strong><em>El Kremlin indic\u00f3 que el encuentro podr\u00eda realizarse en los pr\u00f3ximos d\u00edas, posiblemente en los Emiratos \u00c1rabes Unidos, como parte de los esfuerzos para poner fin a la ofensiva rusa en Ucrania.<\/em><\/strong><\/p>\n<p>El Kremlin inform\u00f3 este martes que una pr\u00f3xima cumbre entre Estados Unidos y Rusia podr\u00eda realizarse en los pr\u00f3ximos d\u00edas, con posibles ubicaciones en los Emiratos \u00c1rabes Unidos. Seg\u00fan las autoridades rusas, Vladimir Putin dej\u00f3 claro que el presidente de Ucrania no participar\u00e1 en el encuentro.<\/p>\n<p>Las conversaciones forman parte de los esfuerzos internacionales para buscar una salida a la actuales hostilidades en Ucrania y avanzar hacia un alto al fuego o una significativa desescalada. No obstante, no se han divulgado detalles sobre la agenda, los participantes exactos ni las condiciones para la reuni\u00f3n.<\/p>\n<p>Hasta el momento, ni Estados Unidos ni Ucrania han confirmado oficialmente la preparaci\u00f3n de la cumbre. Se espera un anuncio oficial de las partes implicadas en los pr\u00f3ximos d\u00edas, as\u00ed como posibles declaraciones sobre los temas a tratar, como seguridad regional, asistencia militar y reconciliaci\u00f3n diplom\u00e1tica. #EcuentroZelenskiPutin<\/p>\n<div class=\"wp-block-image\">\n<figure class=\"aligncenter size-full\"><img loading=\"lazy\" decoding=\"async\" width=\"768\" height=\"512\" src=\"https:\/\/diariosanjuan19.com.ar\/wp-content\/uploads\/2025\/08\/image-217.png\" alt=\"\" class=\"wp-image-29714\"><\/figure>\n<\/div>\n<p>La entrada <a href=\"https:\/\/diariosanjuan19.com.ar\/cumbre-entre-estados-unidos-y-rusia-putin-rechaza-que-zelenski-este-presente-segun-kremlin\/\">Cumbre entre Estados Unidos y Rusia: Putin rechaza que Zelenski est\u00e9 presente, seg\u00fan Kremlin<\/a> se public\u00f3 primero en <a href=\"https:\/\/diariosanjuan19.com.ar\/\">DIARIO SAN JUAN 19<\/a>.<\/p>\n","protected":false},"excerpt":{"rendered":"<p>El Kremlin indic\u00f3 que el encuentro podr\u00eda realizarse en los pr\u00f3ximos d\u00edas, posiblemente en los Emiratos \u00c1rabes Unidos, como parte de los esfuerzos para poner fin a la ofensiva rusa en Ucrania. El Kremlin inform\u00f3 este martes que una pr\u00f3xima cumbre entre Estados Unidos y Rusia podr\u00eda realizarse en los pr\u00f3ximos d\u00edas, con posibles ubicaciones [&hellip;]<\/p>\n","protected":false},"author":2,"featured_media":0,"comment_status":"closed","ping_status":"closed","sticky":false,"template":"","format":"standard","meta":{"footnotes":""},"categories":[26],"tags":[],"class_list":["post-142825","post","type-post","status-publish","format-standard","hentry","category-internacionales"],"yoast_head":"<!-- This site is optimized with the Yoast SEO plugin v24.4 - https:\/\/yoast.com\/wordpress\/plugins\/seo\/ -->\n<title>Cumbre entre Estados Unidos y Rusia: Putin rechaza que Zelenski est\u00e9 presente, seg\u00fan Kremlin - GYS NOTICIAS |<\/title>\n<meta name=\"robots\" content=\"index, follow, max-snippet:-1, max-image-preview:large, max-video-preview:-1\" \/>\n<link rel=\"canonical\" href=\"https:\/\/gysfm.com.ar\/inicio\/cumbre-entre-estados-unidos-y-rusia-putin-rechaza-que-zelenski-este-presente-segun-kremlin\/\" \/>\n<meta property=\"og:locale\" content=\"es_ES\" \/>\n<meta property=\"og:type\" content=\"article\" \/>\n<meta property=\"og:title\" content=\"Cumbre entre Estados Unidos y Rusia: Putin rechaza que Zelenski est\u00e9 presente, seg\u00fan Kremlin - GYS NOTICIAS |\" \/>\n<meta property=\"og:description\" content=\"El Kremlin indic\u00f3 que el encuentro podr\u00eda realizarse en los pr\u00f3ximos d\u00edas, posiblemente en los Emiratos \u00c1rabes Unidos, como parte de los esfuerzos para poner fin a la ofensiva rusa en Ucrania. El Kremlin inform\u00f3 este martes que una pr\u00f3xima cumbre entre Estados Unidos y Rusia podr\u00eda realizarse en los pr\u00f3ximos d\u00edas, con posibles ubicaciones [&hellip;]\" \/>\n<meta property=\"og:url\" content=\"https:\/\/gysfm.com.ar\/inicio\/cumbre-entre-estados-unidos-y-rusia-putin-rechaza-que-zelenski-este-presente-segun-kremlin\/\" \/>\n<meta property=\"og:site_name\" content=\"GYS NOTICIAS |\" \/>\n<meta property=\"article:published_time\" content=\"2025-08-10T01:02:21+00:00\" \/>\n<meta property=\"og:image\" content=\"https:\/\/diariosanjuan19.com.ar\/wp-content\/uploads\/2025\/08\/image-216.png\" \/>\n<meta name=\"author\" content=\"Prensa G&amp;S FM\" \/>\n<meta name=\"twitter:card\" content=\"summary_large_image\" \/>\n<meta name=\"twitter:label1\" content=\"Escrito por\" \/>\n\t<meta name=\"twitter:data1\" content=\"Prensa G&amp;S FM\" \/>\n\t<meta name=\"twitter:label2\" content=\"Tiempo de lectura\" \/>\n\t<meta name=\"twitter:data2\" content=\"1 minuto\" \/>\n<script type=\"application\/ld+json\" class=\"yoast-schema-graph\">{\"@context\":\"https:\/\/schema.org\",\"@graph\":[{\"@type\":\"Article\",\"@id\":\"https:\/\/gysfm.com.ar\/inicio\/cumbre-entre-estados-unidos-y-rusia-putin-rechaza-que-zelenski-este-presente-segun-kremlin\/#article\",\"isPartOf\":{\"@id\":\"https:\/\/gysfm.com.ar\/inicio\/cumbre-entre-estados-unidos-y-rusia-putin-rechaza-que-zelenski-este-presente-segun-kremlin\/\"},\"author\":{\"name\":\"Prensa G&amp;S FM\",\"@id\":\"https:\/\/gysfm.com.ar\/inicio\/#\/schema\/person\/3abba7593ef2ad19e1be221d54383dc5\"},\"headline\":\"Cumbre entre Estados Unidos y Rusia: Putin rechaza que Zelenski est\u00e9 presente, seg\u00fan Kremlin\",\"datePublished\":\"2025-08-10T01:02:21+00:00\",\"mainEntityOfPage\":{\"@id\":\"https:\/\/gysfm.com.ar\/inicio\/cumbre-entre-estados-unidos-y-rusia-putin-rechaza-que-zelenski-este-presente-segun-kremlin\/\"},\"wordCount\":226,\"publisher\":{\"@id\":\"https:\/\/gysfm.com.ar\/inicio\/#organization\"},\"image\":{\"@id\":\"https:\/\/gysfm.com.ar\/inicio\/cumbre-entre-estados-unidos-y-rusia-putin-rechaza-que-zelenski-este-presente-segun-kremlin\/#primaryimage\"},\"thumbnailUrl\":\"https:\/\/diariosanjuan19.com.ar\/wp-content\/uploads\/2025\/08\/image-216.png\",\"articleSection\":[\"INTERNACIONALES\"],\"inLanguage\":\"es\"},{\"@type\":\"WebPage\",\"@id\":\"https:\/\/gysfm.com.ar\/inicio\/cumbre-entre-estados-unidos-y-rusia-putin-rechaza-que-zelenski-este-presente-segun-kremlin\/\",\"url\":\"https:\/\/gysfm.com.ar\/inicio\/cumbre-entre-estados-unidos-y-rusia-putin-rechaza-que-zelenski-este-presente-segun-kremlin\/\",\"name\":\"Cumbre entre Estados Unidos y Rusia: Putin rechaza que Zelenski est\u00e9 presente, seg\u00fan Kremlin - GYS NOTICIAS |\",\"isPartOf\":{\"@id\":\"https:\/\/gysfm.com.ar\/inicio\/#website\"},\"primaryImageOfPage\":{\"@id\":\"https:\/\/gysfm.com.ar\/inicio\/cumbre-entre-estados-unidos-y-rusia-putin-rechaza-que-zelenski-este-presente-segun-kremlin\/#primaryimage\"},\"image\":{\"@id\":\"https:\/\/gysfm.com.ar\/inicio\/cumbre-entre-estados-unidos-y-rusia-putin-rechaza-que-zelenski-este-presente-segun-kremlin\/#primaryimage\"},\"thumbnailUrl\":\"https:\/\/diariosanjuan19.com.ar\/wp-content\/uploads\/2025\/08\/image-216.png\",\"datePublished\":\"2025-08-10T01:02:21+00:00\",\"breadcrumb\":{\"@id\":\"https:\/\/gysfm.com.ar\/inicio\/cumbre-entre-estados-unidos-y-rusia-putin-rechaza-que-zelenski-este-presente-segun-kremlin\/#breadcrumb\"},\"inLanguage\":\"es\",\"potentialAction\":[{\"@type\":\"ReadAction\",\"target\":[\"https:\/\/gysfm.com.ar\/inicio\/cumbre-entre-estados-unidos-y-rusia-putin-rechaza-que-zelenski-este-presente-segun-kremlin\/\"]}]},{\"@type\":\"ImageObject\",\"inLanguage\":\"es\",\"@id\":\"https:\/\/gysfm.com.ar\/inicio\/cumbre-entre-estados-unidos-y-rusia-putin-rechaza-que-zelenski-este-presente-segun-kremlin\/#primaryimage\",\"url\":\"https:\/\/diariosanjuan19.com.ar\/wp-content\/uploads\/2025\/08\/image-216.png\",\"contentUrl\":\"https:\/\/diariosanjuan19.com.ar\/wp-content\/uploads\/2025\/08\/image-216.png\"},{\"@type\":\"BreadcrumbList\",\"@id\":\"https:\/\/gysfm.com.ar\/inicio\/cumbre-entre-estados-unidos-y-rusia-putin-rechaza-que-zelenski-este-presente-segun-kremlin\/#breadcrumb\",\"itemListElement\":[{\"@type\":\"ListItem\",\"position\":1,\"name\":\"Portada\",\"item\":\"https:\/\/gysfm.com.ar\/inicio\/\"},{\"@type\":\"ListItem\",\"position\":2,\"name\":\"Cumbre entre Estados Unidos y Rusia: Putin rechaza que Zelenski est\u00e9 presente, seg\u00fan Kremlin\"}]},{\"@type\":\"WebSite\",\"@id\":\"https:\/\/gysfm.com.ar\/inicio\/#website\",\"url\":\"https:\/\/gysfm.com.ar\/inicio\/\",\"name\":\"GYS NOTICIAS |\",\"description\":\"DIARIO - RADIO ONLINE SAN JUAN ARGENTINA\",\"publisher\":{\"@id\":\"https:\/\/gysfm.com.ar\/inicio\/#organization\"},\"potentialAction\":[{\"@type\":\"SearchAction\",\"target\":{\"@type\":\"EntryPoint\",\"urlTemplate\":\"https:\/\/gysfm.com.ar\/inicio\/?s={search_term_string}\"},\"query-input\":{\"@type\":\"PropertyValueSpecification\",\"valueRequired\":true,\"valueName\":\"search_term_string\"}}],\"inLanguage\":\"es\"},{\"@type\":\"Organization\",\"@id\":\"https:\/\/gysfm.com.ar\/inicio\/#organization\",\"name\":\"GYS NOTICIAS |\",\"url\":\"https:\/\/gysfm.com.ar\/inicio\/\",\"logo\":{\"@type\":\"ImageObject\",\"inLanguage\":\"es\",\"@id\":\"https:\/\/gysfm.com.ar\/inicio\/#\/schema\/logo\/image\/\",\"url\":\"https:\/\/gysfm.com.ar\/inicio\/wp-content\/uploads\/2023\/07\/LOGOGYS-OK.png\",\"contentUrl\":\"https:\/\/gysfm.com.ar\/inicio\/wp-content\/uploads\/2023\/07\/LOGOGYS-OK.png\",\"width\":1170,\"height\":872,\"caption\":\"GYS NOTICIAS |\"},\"image\":{\"@id\":\"https:\/\/gysfm.com.ar\/inicio\/#\/schema\/logo\/image\/\"}},{\"@type\":\"Person\",\"@id\":\"https:\/\/gysfm.com.ar\/inicio\/#\/schema\/person\/3abba7593ef2ad19e1be221d54383dc5\",\"name\":\"Prensa G&amp;S FM\",\"image\":{\"@type\":\"ImageObject\",\"inLanguage\":\"es\",\"@id\":\"https:\/\/gysfm.com.ar\/inicio\/#\/schema\/person\/image\/\",\"url\":\"https:\/\/secure.gravatar.com\/avatar\/096ec78df02049ab018702bb4ccedf659377fa92a26540b5247612077a0dbd29?s=96&d=mm&r=g\",\"contentUrl\":\"https:\/\/secure.gravatar.com\/avatar\/096ec78df02049ab018702bb4ccedf659377fa92a26540b5247612077a0dbd29?s=96&d=mm&r=g\",\"caption\":\"Prensa G&amp;S FM\"},\"sameAs\":[\"https:\/\/gysfm.com.ar\/\"],\"url\":\"https:\/\/gysfm.com.ar\/inicio\/author\/lucasm\/\"}]}<\/script>\n<!-- \/ Yoast SEO plugin. -->","yoast_head_json":{"title":"Cumbre entre Estados Unidos y Rusia: Putin rechaza que Zelenski est\u00e9 presente, seg\u00fan Kremlin - GYS NOTICIAS |","robots":{"index":"index","follow":"follow","max-snippet":"max-snippet:-1","max-image-preview":"max-image-preview:large","max-video-preview":"max-video-preview:-1"},"canonical":"https:\/\/gysfm.com.ar\/inicio\/cumbre-entre-estados-unidos-y-rusia-putin-rechaza-que-zelenski-este-presente-segun-kremlin\/","og_locale":"es_ES","og_type":"article","og_title":"Cumbre entre Estados Unidos y Rusia: Putin rechaza que Zelenski est\u00e9 presente, seg\u00fan Kremlin - GYS NOTICIAS |","og_description":"El Kremlin indic\u00f3 que el encuentro podr\u00eda realizarse en los pr\u00f3ximos d\u00edas, posiblemente en los Emiratos \u00c1rabes Unidos, como parte de los esfuerzos para poner fin a la ofensiva rusa en Ucrania. El Kremlin inform\u00f3 este martes que una pr\u00f3xima cumbre entre Estados Unidos y Rusia podr\u00eda realizarse en los pr\u00f3ximos d\u00edas, con posibles ubicaciones [&hellip;]","og_url":"https:\/\/gysfm.com.ar\/inicio\/cumbre-entre-estados-unidos-y-rusia-putin-rechaza-que-zelenski-este-presente-segun-kremlin\/","og_site_name":"GYS NOTICIAS |","article_published_time":"2025-08-10T01:02:21+00:00","og_image":[{"url":"https:\/\/diariosanjuan19.com.ar\/wp-content\/uploads\/2025\/08\/image-216.png","type":"","width":"","height":""}],"author":"Prensa G&amp;S FM","twitter_card":"summary_large_image","twitter_misc":{"Escrito por":"Prensa G&amp;S FM","Tiempo de lectura":"1 minuto"},"schema":{"@context":"https:\/\/schema.org","@graph":[{"@type":"Article","@id":"https:\/\/gysfm.com.ar\/inicio\/cumbre-entre-estados-unidos-y-rusia-putin-rechaza-que-zelenski-este-presente-segun-kremlin\/#article","isPartOf":{"@id":"https:\/\/gysfm.com.ar\/inicio\/cumbre-entre-estados-unidos-y-rusia-putin-rechaza-que-zelenski-este-presente-segun-kremlin\/"},"author":{"name":"Prensa G&amp;S FM","@id":"https:\/\/gysfm.com.ar\/inicio\/#\/schema\/person\/3abba7593ef2ad19e1be221d54383dc5"},"headline":"Cumbre entre Estados Unidos y Rusia: Putin rechaza que Zelenski est\u00e9 presente, seg\u00fan Kremlin","datePublished":"2025-08-10T01:02:21+00:00","mainEntityOfPage":{"@id":"https:\/\/gysfm.com.ar\/inicio\/cumbre-entre-estados-unidos-y-rusia-putin-rechaza-que-zelenski-este-presente-segun-kremlin\/"},"wordCount":226,"publisher":{"@id":"https:\/\/gysfm.com.ar\/inicio\/#organization"},"image":{"@id":"https:\/\/gysfm.com.ar\/inicio\/cumbre-entre-estados-unidos-y-rusia-putin-rechaza-que-zelenski-este-presente-segun-kremlin\/#primaryimage"},"thumbnailUrl":"https:\/\/diariosanjuan19.com.ar\/wp-content\/uploads\/2025\/08\/image-216.png","articleSection":["INTERNACIONALES"],"inLanguage":"es"},{"@type":"WebPage","@id":"https:\/\/gysfm.com.ar\/inicio\/cumbre-entre-estados-unidos-y-rusia-putin-rechaza-que-zelenski-este-presente-segun-kremlin\/","url":"https:\/\/gysfm.com.ar\/inicio\/cumbre-entre-estados-unidos-y-rusia-putin-rechaza-que-zelenski-este-presente-segun-kremlin\/","name":"Cumbre entre Estados Unidos y Rusia: Putin rechaza que Zelenski est\u00e9 presente, seg\u00fan Kremlin - GYS NOTICIAS |","isPartOf":{"@id":"https:\/\/gysfm.com.ar\/inicio\/#website"},"primaryImageOfPage":{"@id":"https:\/\/gysfm.com.ar\/inicio\/cumbre-entre-estados-unidos-y-rusia-putin-rechaza-que-zelenski-este-presente-segun-kremlin\/#primaryimage"},"image":{"@id":"https:\/\/gysfm.com.ar\/inicio\/cumbre-entre-estados-unidos-y-rusia-putin-rechaza-que-zelenski-este-presente-segun-kremlin\/#primaryimage"},"thumbnailUrl":"https:\/\/diariosanjuan19.com.ar\/wp-content\/uploads\/2025\/08\/image-216.png","datePublished":"2025-08-10T01:02:21+00:00","breadcrumb":{"@id":"https:\/\/gysfm.com.ar\/inicio\/cumbre-entre-estados-unidos-y-rusia-putin-rechaza-que-zelenski-este-presente-segun-kremlin\/#breadcrumb"},"inLanguage":"es","potentialAction":[{"@type":"ReadAction","target":["https:\/\/gysfm.com.ar\/inicio\/cumbre-entre-estados-unidos-y-rusia-putin-rechaza-que-zelenski-este-presente-segun-kremlin\/"]}]},{"@type":"ImageObject","inLanguage":"es","@id":"https:\/\/gysfm.com.ar\/inicio\/cumbre-entre-estados-unidos-y-rusia-putin-rechaza-que-zelenski-este-presente-segun-kremlin\/#primaryimage","url":"https:\/\/diariosanjuan19.com.ar\/wp-content\/uploads\/2025\/08\/image-216.png","contentUrl":"https:\/\/diariosanjuan19.com.ar\/wp-content\/uploads\/2025\/08\/image-216.png"},{"@type":"BreadcrumbList","@id":"https:\/\/gysfm.com.ar\/inicio\/cumbre-entre-estados-unidos-y-rusia-putin-rechaza-que-zelenski-este-presente-segun-kremlin\/#breadcrumb","itemListElement":[{"@type":"ListItem","position":1,"name":"Portada","item":"https:\/\/gysfm.com.ar\/inicio\/"},{"@type":"ListItem","position":2,"name":"Cumbre entre Estados Unidos y Rusia: Putin rechaza que Zelenski est\u00e9 presente, seg\u00fan Kremlin"}]},{"@type":"WebSite","@id":"https:\/\/gysfm.com.ar\/inicio\/#website","url":"https:\/\/gysfm.com.ar\/inicio\/","name":"GYS NOTICIAS |","description":"DIARIO - RADIO ONLINE SAN JUAN ARGENTINA","publisher":{"@id":"https:\/\/gysfm.com.ar\/inicio\/#organization"},"potentialAction":[{"@type":"SearchAction","target":{"@type":"EntryPoint","urlTemplate":"https:\/\/gysfm.com.ar\/inicio\/?s={search_term_string}"},"query-input":{"@type":"PropertyValueSpecification","valueRequired":true,"valueName":"search_term_string"}}],"inLanguage":"es"},{"@type":"Organization","@id":"https:\/\/gysfm.com.ar\/inicio\/#organization","name":"GYS NOTICIAS |","url":"https:\/\/gysfm.com.ar\/inicio\/","logo":{"@type":"ImageObject","inLanguage":"es","@id":"https:\/\/gysfm.com.ar\/inicio\/#\/schema\/logo\/image\/","url":"https:\/\/gysfm.com.ar\/inicio\/wp-content\/uploads\/2023\/07\/LOGOGYS-OK.png","contentUrl":"https:\/\/gysfm.com.ar\/inicio\/wp-content\/uploads\/2023\/07\/LOGOGYS-OK.png","width":1170,"height":872,"caption":"GYS NOTICIAS |"},"image":{"@id":"https:\/\/gysfm.com.ar\/inicio\/#\/schema\/logo\/image\/"}},{"@type":"Person","@id":"https:\/\/gysfm.com.ar\/inicio\/#\/schema\/person\/3abba7593ef2ad19e1be221d54383dc5","name":"Prensa G&amp;S FM","image":{"@type":"ImageObject","inLanguage":"es","@id":"https:\/\/gysfm.com.ar\/inicio\/#\/schema\/person\/image\/","url":"https:\/\/secure.gravatar.com\/avatar\/096ec78df02049ab018702bb4ccedf659377fa92a26540b5247612077a0dbd29?s=96&d=mm&r=g","contentUrl":"https:\/\/secure.gravatar.com\/avatar\/096ec78df02049ab018702bb4ccedf659377fa92a26540b5247612077a0dbd29?s=96&d=mm&r=g","caption":"Prensa G&amp;S FM"},"sameAs":["https:\/\/gysfm.com.ar\/"],"url":"https:\/\/gysfm.com.ar\/inicio\/author\/lucasm\/"}]}},"_links":{"self":[{"href":"https:\/\/gysfm.com.ar\/inicio\/wp-json\/wp\/v2\/posts\/142825","targetHints":{"allow":["GET"]}}],"collection":[{"href":"https:\/\/gysfm.com.ar\/inicio\/wp-json\/wp\/v2\/posts"}],"about":[{"href":"https:\/\/gysfm.com.ar\/inicio\/wp-json\/wp\/v2\/types\/post"}],"author":[{"embeddable":true,"href":"https:\/\/gysfm.com.ar\/inicio\/wp-json\/wp\/v2\/users\/2"}],"replies":[{"embeddable":true,"href":"https:\/\/gysfm.com.ar\/inicio\/wp-json\/wp\/v2\/comments?post=142825"}],"version-history":[{"count":0,"href":"https:\/\/gysfm.com.ar\/inicio\/wp-json\/wp\/v2\/posts\/142825\/revisions"}],"wp:attachment":[{"href":"https:\/\/gysfm.com.ar\/inicio\/wp-json\/wp\/v2\/media?parent=142825"}],"wp:term":[{"taxonomy":"category","embeddable":true,"href":"https:\/\/gysfm.com.ar\/inicio\/wp-json\/wp\/v2\/categories?post=142825"},{"taxonomy":"post_tag","embeddable":true,"href":"https:\/\/gysfm.com.ar\/inicio\/wp-json\/wp\/v2\/tags?post=142825"}],"curies":[{"name":"wp","href":"https:\/\/api.w.org\/{rel}","templated":true}]}}